{"id":39970,"date":"2022-04-12T16:39:25","date_gmt":"2022-04-12T14:39:25","guid":{"rendered":"https:\/\/www.laguiadepamplona.com\/actualidad\/?p=39970"},"modified":"2023-04-11T11:48:18","modified_gmt":"2023-04-11T09:48:18","slug":"el-25-de-abril-se-conoceran-los-disenos-de-los-diez-carteles-seleccionados-por-el-jurado-para-anunciar-los-sanfermines-2022-y-se-iniciara-la-votacion-popular-para-elegir-el-ganador","status":"publish","type":"post","link":"https:\/\/www.laguiadepamplona.com\/actualidad\/el-25-de-abril-se-conoceran-los-disenos-de-los-diez-carteles-seleccionados-por-el-jurado-para-anunciar-los-sanfermines-2022-y-se-iniciara-la-votacion-popular-para-elegir-el-ganador\/","title":{"rendered":"El 25 de abril se conocer\u00e1n los dise\u00f1os de los diez carteles seleccionados por el jurado para anunciar los Sanfermines 2022 y se iniciar\u00e1 la votaci\u00f3n popular para elegir el ganador"},"content":{"rendered":"<h5>Hoy martes, tal y como se\u00f1alan las bases, se han publicado los n\u00fameros de las plicas de las diez obras seleccionadas<\/h5>\n<p><!--more--><\/p>\n<p>El Ayuntamiento de Pamplona ha publicado esta ma\u00f1ana los n\u00fameros de plica de las diez obras finalistas del cartel de San Ferm\u00edn seleccionadas por el jurado. El pr\u00f3ximo 25 de abril se dar\u00e1n a conocer los dise\u00f1os concretos de cada uno de esos carteles y comenzar\u00e1 la votaci\u00f3n popular, que se prolongar\u00e1 hasta el 4 de mayo. Al d\u00eda siguiente, el 5 de mayo se dar\u00e1 a conocer el cartel ganador que anunciar\u00e1 los Sanfermines 2022.<br \/>\n<script async src=\"\/\/pagead2.googlesyndication.com\/pagead\/js\/adsbygoogle.js\"><\/script><br \/>\n<!-- Noticias La Guia de Pamplona --><br \/>\n<ins class=\"adsbygoogle\"\nstyle=\"display:block\"\ndata-ad-client=\"ca-pub-6943679897239327\"\ndata-ad-slot=\"7048180777\"\ndata-ad-format=\"auto\"><\/ins><br \/>\n<script>\n(adsbygoogle = window.adsbygoogle || []).push({});\n<\/script><\/p>\n<p>Los carteles elegidos por el jurado t\u00e9cnico se corresponden con las plicas n\u00famero 27, 52, 103, 132, 167, 260, 326, 469, 500 y 638, tal y como se puede consultar en la <a href=\"http:\/\/www.pamplonaescultura.es\/concursos\/seleccionados-en-el-concurso-de-carteles-de-san-fermin\/\" target=\"_blank\" rel=\"noopener\">web municipal de Cultura<\/a> y en <a href=\"http:\/\/www.pamplona.es\" target=\"_blank\" rel=\"noopener\">www.pamplona.es<\/a>. El jurado que ha seleccionado los diez carteles ha estado compuesto por el director de Cultura e Igualdad del Ayuntamiento de Pamplona, Jorge Urd\u00e1noz; el experto en comunicaci\u00f3n Sergio Puertollano, designado por la Asociaci\u00f3n Navarra de Empresas de Comunicaci\u00f3n; el codirector del Sal\u00f3n del C\u00f3mic de Navarra y experto en ilustraci\u00f3n, Javier Perez de Zabalza; la artista e ilustradora Concha Pasamar; la artista y profesora de artes gr\u00e1ficas en la Escuela de Arte de Pamplona, Kontxesi Vicente; la profesora de dise\u00f1o gr\u00e1fico e ilustradora Leticia Sagredo; y el t\u00e9cnico de Artes Pl\u00e1sticas del Ayuntamiento de Pamplona Javier Manzanos.<\/p>\n<p>Conocidos los n\u00fameros de las plicas, el Ayuntamiento de Pamplona recuerda, como reflejan las bases del concurso, que la autor\u00eda del cartel no podr\u00e1 hacerse p\u00fablica en ning\u00fan momento del proceso. En esta edici\u00f3n se han presentado m\u00e1s de 600 carteles, un 63% de ellos procedentes de Navarra, un 34% de autonom\u00edas espa\u00f1olas y un 3% de otros pa\u00edses. El premio para el cartel ganador se ha elevado hasta los 6.000 euros.<\/p>\n","protected":false},"excerpt":{"rendered":"<p>Hoy martes, tal y como se\u00f1alan las bases, se han publicado los n\u00fameros de las plicas de las diez obras seleccionadas<\/p>\n","protected":false},"author":1,"featured_media":39878,"comment_status":"open","ping_status":"closed","sticky":false,"template":"","format":"standard","meta":{"footnotes":""},"categories":[2,9406],"tags":[],"class_list":["post-39970","post","type-post","status-publish","format-standard","has-post-thumbnail","hentry","category-ayuntamiento-pamplona","category-san-fermin"],"yoast_head":"<!-- This site is optimized with the Yoast SEO plugin v27.5 - https:\/\/yoast.com\/product\/yoast-seo-wordpress\/ -->\n<title>El 25 de abril se conocer\u00e1n los dise\u00f1os de los diez carteles seleccionados por el jurado para anunciar los Sanfermines 2022 y se iniciar\u00e1 la votaci\u00f3n popular para elegir el ganador<\/title>\n<meta name=\"description\" content=\"Hoy martes, tal y como se\u00f1alan las bases, se han publicado los n\u00fameros de las plicas de las diez obras seleccionadas\" \/>\n<meta name=\"robots\" content=\"index, follow, max-snippet:-1, max-image-preview:large, max-video-preview:-1\" \/>\n<link rel=\"canonical\" href=\"https:\/\/www.laguiadepamplona.com\/actualidad\/el-25-de-abril-se-conoceran-los-disenos-de-los-diez-carteles-seleccionados-por-el-jurado-para-anunciar-los-sanfermines-2022-y-se-iniciara-la-votacion-popular-para-elegir-el-ganador\/\" \/>\n<meta property=\"og:locale\" content=\"es_ES\" \/>\n<meta property=\"og:type\" content=\"article\" \/>\n<meta property=\"og:title\" content=\"El 25 de abril se conocer\u00e1n los dise\u00f1os de los diez carteles seleccionados por el jurado para anunciar los Sanfermines 2022 y se iniciar\u00e1 la votaci\u00f3n popular para elegir el ganador\" \/>\n<meta property=\"og:description\" content=\"Hoy martes, tal y como se\u00f1alan las bases, se han publicado los n\u00fameros de las plicas de las diez obras seleccionadas\" \/>\n<meta property=\"og:url\" content=\"https:\/\/www.laguiadepamplona.com\/actualidad\/el-25-de-abril-se-conoceran-los-disenos-de-los-diez-carteles-seleccionados-por-el-jurado-para-anunciar-los-sanfermines-2022-y-se-iniciara-la-votacion-popular-para-elegir-el-ganador\/\" \/>\n<meta property=\"og:site_name\" content=\"La Gu\u00eda de Pamplona\" \/>\n<meta property=\"article:publisher\" content=\"https:\/\/www.facebook.com\/laguiadepamplonacom-133175176762273\/?ref=hl\" \/>\n<meta property=\"article:published_time\" content=\"2022-04-12T14:39:25+00:00\" \/>\n<meta property=\"article:modified_time\" content=\"2023-04-11T09:48:18+00:00\" \/>\n<meta property=\"og:image\" content=\"https:\/\/www.laguiadepamplona.com\/actualidad\/wp-content\/uploads\/2022\/04\/cartel-san-fermin-2019.jpg\" \/>\n\t<meta property=\"og:image:width\" content=\"1620\" \/>\n\t<meta property=\"og:image:height\" content=\"1080\" \/>\n\t<meta property=\"og:image:type\" content=\"image\/jpeg\" \/>\n<meta name=\"author\" content=\"La Gu\u00eda de Pamplona\" \/>\n<meta name=\"twitter:card\" content=\"summary_large_image\" \/>\n<meta name=\"twitter:creator\" content=\"@LaGuiadPamplona\" \/>\n<meta name=\"twitter:site\" content=\"@LaGuiadPamplona\" \/>\n<meta name=\"twitter:label1\" content=\"Escrito por\" \/>\n\t<meta name=\"twitter:data1\" content=\"La Gu\u00eda de Pamplona\" \/>\n\t<meta name=\"twitter:label2\" content=\"Tiempo de lectura\" \/>\n\t<meta name=\"twitter:data2\" content=\"2 minutos\" \/>\n<script type=\"application\/ld+json\" class=\"yoast-schema-graph\">{\"@context\":\"https:\\\/\\\/schema.org\",\"@graph\":[{\"@type\":\"Article\",\"@id\":\"https:\\\/\\\/www.laguiadepamplona.com\\\/actualidad\\\/el-25-de-abril-se-conoceran-los-disenos-de-los-diez-carteles-seleccionados-por-el-jurado-para-anunciar-los-sanfermines-2022-y-se-iniciara-la-votacion-popular-para-elegir-el-ganador\\\/#article\",\"isPartOf\":{\"@id\":\"https:\\\/\\\/www.laguiadepamplona.com\\\/actualidad\\\/el-25-de-abril-se-conoceran-los-disenos-de-los-diez-carteles-seleccionados-por-el-jurado-para-anunciar-los-sanfermines-2022-y-se-iniciara-la-votacion-popular-para-elegir-el-ganador\\\/\"},\"author\":{\"name\":\"La Gu\u00eda de Pamplona\",\"@id\":\"https:\\\/\\\/www.laguiadepamplona.com\\\/actualidad\\\/#\\\/schema\\\/person\\\/efe887376f0213d4657c93adc50b1fdb\"},\"headline\":\"El 25 de abril se conocer\u00e1n los dise\u00f1os de los diez carteles seleccionados por el jurado para anunciar los Sanfermines 2022 y se iniciar\u00e1 la votaci\u00f3n popular para elegir el ganador\",\"datePublished\":\"2022-04-12T14:39:25+00:00\",\"dateModified\":\"2023-04-11T09:48:18+00:00\",\"mainEntityOfPage\":{\"@id\":\"https:\\\/\\\/www.laguiadepamplona.com\\\/actualidad\\\/el-25-de-abril-se-conoceran-los-disenos-de-los-diez-carteles-seleccionados-por-el-jurado-para-anunciar-los-sanfermines-2022-y-se-iniciara-la-votacion-popular-para-elegir-el-ganador\\\/\"},\"wordCount\":354,\"commentCount\":0,\"publisher\":{\"@id\":\"https:\\\/\\\/www.laguiadepamplona.com\\\/actualidad\\\/#organization\"},\"image\":{\"@id\":\"https:\\\/\\\/www.laguiadepamplona.com\\\/actualidad\\\/el-25-de-abril-se-conoceran-los-disenos-de-los-diez-carteles-seleccionados-por-el-jurado-para-anunciar-los-sanfermines-2022-y-se-iniciara-la-votacion-popular-para-elegir-el-ganador\\\/#primaryimage\"},\"thumbnailUrl\":\"https:\\\/\\\/www.laguiadepamplona.com\\\/actualidad\\\/wp-content\\\/uploads\\\/2022\\\/04\\\/cartel-san-fermin-2019.jpg\",\"articleSection\":[\"Ayto Pamplona\",\"San Ferm\u00edn\"],\"inLanguage\":\"es\",\"potentialAction\":[{\"@type\":\"CommentAction\",\"name\":\"Comment\",\"target\":[\"https:\\\/\\\/www.laguiadepamplona.com\\\/actualidad\\\/el-25-de-abril-se-conoceran-los-disenos-de-los-diez-carteles-seleccionados-por-el-jurado-para-anunciar-los-sanfermines-2022-y-se-iniciara-la-votacion-popular-para-elegir-el-ganador\\\/#respond\"]}]},{\"@type\":\"WebPage\",\"@id\":\"https:\\\/\\\/www.laguiadepamplona.com\\\/actualidad\\\/el-25-de-abril-se-conoceran-los-disenos-de-los-diez-carteles-seleccionados-por-el-jurado-para-anunciar-los-sanfermines-2022-y-se-iniciara-la-votacion-popular-para-elegir-el-ganador\\\/\",\"url\":\"https:\\\/\\\/www.laguiadepamplona.com\\\/actualidad\\\/el-25-de-abril-se-conoceran-los-disenos-de-los-diez-carteles-seleccionados-por-el-jurado-para-anunciar-los-sanfermines-2022-y-se-iniciara-la-votacion-popular-para-elegir-el-ganador\\\/\",\"name\":\"El 25 de abril se conocer\u00e1n los dise\u00f1os de los diez carteles seleccionados por el jurado para anunciar los Sanfermines 2022 y se iniciar\u00e1 la votaci\u00f3n popular para elegir el ganador\",\"isPartOf\":{\"@id\":\"https:\\\/\\\/www.laguiadepamplona.com\\\/actualidad\\\/#website\"},\"primaryImageOfPage\":{\"@id\":\"https:\\\/\\\/www.laguiadepamplona.com\\\/actualidad\\\/el-25-de-abril-se-conoceran-los-disenos-de-los-diez-carteles-seleccionados-por-el-jurado-para-anunciar-los-sanfermines-2022-y-se-iniciara-la-votacion-popular-para-elegir-el-ganador\\\/#primaryimage\"},\"image\":{\"@id\":\"https:\\\/\\\/www.laguiadepamplona.com\\\/actualidad\\\/el-25-de-abril-se-conoceran-los-disenos-de-los-diez-carteles-seleccionados-por-el-jurado-para-anunciar-los-sanfermines-2022-y-se-iniciara-la-votacion-popular-para-elegir-el-ganador\\\/#primaryimage\"},\"thumbnailUrl\":\"https:\\\/\\\/www.laguiadepamplona.com\\\/actualidad\\\/wp-content\\\/uploads\\\/2022\\\/04\\\/cartel-san-fermin-2019.jpg\",\"datePublished\":\"2022-04-12T14:39:25+00:00\",\"dateModified\":\"2023-04-11T09:48:18+00:00\",\"description\":\"Hoy martes, tal y como se\u00f1alan las bases, se han publicado los n\u00fameros de las plicas de las diez obras seleccionadas\",\"breadcrumb\":{\"@id\":\"https:\\\/\\\/www.laguiadepamplona.com\\\/actualidad\\\/el-25-de-abril-se-conoceran-los-disenos-de-los-diez-carteles-seleccionados-por-el-jurado-para-anunciar-los-sanfermines-2022-y-se-iniciara-la-votacion-popular-para-elegir-el-ganador\\\/#breadcrumb\"},\"inLanguage\":\"es\",\"potentialAction\":[{\"@type\":\"ReadAction\",\"target\":[\"https:\\\/\\\/www.laguiadepamplona.com\\\/actualidad\\\/el-25-de-abril-se-conoceran-los-disenos-de-los-diez-carteles-seleccionados-por-el-jurado-para-anunciar-los-sanfermines-2022-y-se-iniciara-la-votacion-popular-para-elegir-el-ganador\\\/\"]}]},{\"@type\":\"ImageObject\",\"inLanguage\":\"es\",\"@id\":\"https:\\\/\\\/www.laguiadepamplona.com\\\/actualidad\\\/el-25-de-abril-se-conoceran-los-disenos-de-los-diez-carteles-seleccionados-por-el-jurado-para-anunciar-los-sanfermines-2022-y-se-iniciara-la-votacion-popular-para-elegir-el-ganador\\\/#primaryimage\",\"url\":\"https:\\\/\\\/www.laguiadepamplona.com\\\/actualidad\\\/wp-content\\\/uploads\\\/2022\\\/04\\\/cartel-san-fermin-2019.jpg\",\"contentUrl\":\"https:\\\/\\\/www.laguiadepamplona.com\\\/actualidad\\\/wp-content\\\/uploads\\\/2022\\\/04\\\/cartel-san-fermin-2019.jpg\",\"width\":1620,\"height\":1080},{\"@type\":\"BreadcrumbList\",\"@id\":\"https:\\\/\\\/www.laguiadepamplona.com\\\/actualidad\\\/el-25-de-abril-se-conoceran-los-disenos-de-los-diez-carteles-seleccionados-por-el-jurado-para-anunciar-los-sanfermines-2022-y-se-iniciara-la-votacion-popular-para-elegir-el-ganador\\\/#breadcrumb\",\"itemListElement\":[{\"@type\":\"ListItem\",\"position\":1,\"name\":\"Portada\",\"item\":\"https:\\\/\\\/www.laguiadepamplona.com\\\/actualidad\\\/\"},{\"@type\":\"ListItem\",\"position\":2,\"name\":\"El 25 de abril se conocer\u00e1n los dise\u00f1os de los diez carteles seleccionados por el jurado para anunciar los Sanfermines 2022 y se iniciar\u00e1 la votaci\u00f3n popular para elegir el ganador\"}]},{\"@type\":\"WebSite\",\"@id\":\"https:\\\/\\\/www.laguiadepamplona.com\\\/actualidad\\\/#website\",\"url\":\"https:\\\/\\\/www.laguiadepamplona.com\\\/actualidad\\\/\",\"name\":\"La gu\u00eda de Pamplona\",\"description\":\"Noticias de Pamplona\",\"publisher\":{\"@id\":\"https:\\\/\\\/www.laguiadepamplona.com\\\/actualidad\\\/#organization\"},\"potentialAction\":[{\"@type\":\"SearchAction\",\"target\":{\"@type\":\"EntryPoint\",\"urlTemplate\":\"https:\\\/\\\/www.laguiadepamplona.com\\\/actualidad\\\/?s={search_term_string}\"},\"query-input\":{\"@type\":\"PropertyValueSpecification\",\"valueRequired\":true,\"valueName\":\"search_term_string\"}}],\"inLanguage\":\"es\"},{\"@type\":\"Organization\",\"@id\":\"https:\\\/\\\/www.laguiadepamplona.com\\\/actualidad\\\/#organization\",\"name\":\"La Gu\u00eda de Pamplona \\\/ Noticias\",\"url\":\"https:\\\/\\\/www.laguiadepamplona.com\\\/actualidad\\\/\",\"logo\":{\"@type\":\"ImageObject\",\"inLanguage\":\"es\",\"@id\":\"https:\\\/\\\/www.laguiadepamplona.com\\\/actualidad\\\/#\\\/schema\\\/logo\\\/image\\\/\",\"url\":\"https:\\\/\\\/www.laguiadepamplona.com\\\/actualidad\\\/wp-content\\\/uploads\\\/2018\\\/11\\\/logo-laguiadepamplona18-web1.png\",\"contentUrl\":\"https:\\\/\\\/www.laguiadepamplona.com\\\/actualidad\\\/wp-content\\\/uploads\\\/2018\\\/11\\\/logo-laguiadepamplona18-web1.png\",\"width\":600,\"height\":196,\"caption\":\"La Gu\u00eda de Pamplona \\\/ Noticias\"},\"image\":{\"@id\":\"https:\\\/\\\/www.laguiadepamplona.com\\\/actualidad\\\/#\\\/schema\\\/logo\\\/image\\\/\"},\"sameAs\":[\"https:\\\/\\\/www.facebook.com\\\/laguiadepamplonacom-133175176762273\\\/?ref=hl\",\"https:\\\/\\\/x.com\\\/LaGuiadPamplona\",\"https:\\\/\\\/www.instagram.com\\\/la_guia_de_pamplona\\\/\",\"https:\\\/\\\/www.youtube.com\\\/user\\\/laguiadepamplona\"]},{\"@type\":\"Person\",\"@id\":\"https:\\\/\\\/www.laguiadepamplona.com\\\/actualidad\\\/#\\\/schema\\\/person\\\/efe887376f0213d4657c93adc50b1fdb\",\"name\":\"La Gu\u00eda de Pamplona\",\"image\":{\"@type\":\"ImageObject\",\"inLanguage\":\"es\",\"@id\":\"https:\\\/\\\/secure.gravatar.com\\\/avatar\\\/b6992f131dc8d30ab0dff15446e9d346d9dbd95992de0fef795073f5ea83a81c?s=96&d=mm&r=g\",\"url\":\"https:\\\/\\\/secure.gravatar.com\\\/avatar\\\/b6992f131dc8d30ab0dff15446e9d346d9dbd95992de0fef795073f5ea83a81c?s=96&d=mm&r=g\",\"contentUrl\":\"https:\\\/\\\/secure.gravatar.com\\\/avatar\\\/b6992f131dc8d30ab0dff15446e9d346d9dbd95992de0fef795073f5ea83a81c?s=96&d=mm&r=g\",\"caption\":\"La Gu\u00eda de Pamplona\"}}]}<\/script>\n<!-- \/ Yoast SEO plugin. -->","yoast_head_json":{"title":"El 25 de abril se conocer\u00e1n los dise\u00f1os de los diez carteles seleccionados por el jurado para anunciar los Sanfermines 2022 y se iniciar\u00e1 la votaci\u00f3n popular para elegir el ganador","description":"Hoy martes, tal y como se\u00f1alan las bases, se han publicado los n\u00fameros de las plicas de las diez obras seleccionadas","robots":{"index":"index","follow":"follow","max-snippet":"max-snippet:-1","max-image-preview":"max-image-preview:large","max-video-preview":"max-video-preview:-1"},"canonical":"https:\/\/www.laguiadepamplona.com\/actualidad\/el-25-de-abril-se-conoceran-los-disenos-de-los-diez-carteles-seleccionados-por-el-jurado-para-anunciar-los-sanfermines-2022-y-se-iniciara-la-votacion-popular-para-elegir-el-ganador\/","og_locale":"es_ES","og_type":"article","og_title":"El 25 de abril se conocer\u00e1n los dise\u00f1os de los diez carteles seleccionados por el jurado para anunciar los Sanfermines 2022 y se iniciar\u00e1 la votaci\u00f3n popular para elegir el ganador","og_description":"Hoy martes, tal y como se\u00f1alan las bases, se han publicado los n\u00fameros de las plicas de las diez obras seleccionadas","og_url":"https:\/\/www.laguiadepamplona.com\/actualidad\/el-25-de-abril-se-conoceran-los-disenos-de-los-diez-carteles-seleccionados-por-el-jurado-para-anunciar-los-sanfermines-2022-y-se-iniciara-la-votacion-popular-para-elegir-el-ganador\/","og_site_name":"La Gu\u00eda de Pamplona","article_publisher":"https:\/\/www.facebook.com\/laguiadepamplonacom-133175176762273\/?ref=hl","article_published_time":"2022-04-12T14:39:25+00:00","article_modified_time":"2023-04-11T09:48:18+00:00","og_image":[{"width":1620,"height":1080,"url":"https:\/\/www.laguiadepamplona.com\/actualidad\/wp-content\/uploads\/2022\/04\/cartel-san-fermin-2019.jpg","type":"image\/jpeg"}],"author":"La Gu\u00eda de Pamplona","twitter_card":"summary_large_image","twitter_creator":"@LaGuiadPamplona","twitter_site":"@LaGuiadPamplona","twitter_misc":{"Escrito por":"La Gu\u00eda de Pamplona","Tiempo de lectura":"2 minutos"},"schema":{"@context":"https:\/\/schema.org","@graph":[{"@type":"Article","@id":"https:\/\/www.laguiadepamplona.com\/actualidad\/el-25-de-abril-se-conoceran-los-disenos-de-los-diez-carteles-seleccionados-por-el-jurado-para-anunciar-los-sanfermines-2022-y-se-iniciara-la-votacion-popular-para-elegir-el-ganador\/#article","isPartOf":{"@id":"https:\/\/www.laguiadepamplona.com\/actualidad\/el-25-de-abril-se-conoceran-los-disenos-de-los-diez-carteles-seleccionados-por-el-jurado-para-anunciar-los-sanfermines-2022-y-se-iniciara-la-votacion-popular-para-elegir-el-ganador\/"},"author":{"name":"La Gu\u00eda de Pamplona","@id":"https:\/\/www.laguiadepamplona.com\/actualidad\/#\/schema\/person\/efe887376f0213d4657c93adc50b1fdb"},"headline":"El 25 de abril se conocer\u00e1n los dise\u00f1os de los diez carteles seleccionados por el jurado para anunciar los Sanfermines 2022 y se iniciar\u00e1 la votaci\u00f3n popular para elegir el ganador","datePublished":"2022-04-12T14:39:25+00:00","dateModified":"2023-04-11T09:48:18+00:00","mainEntityOfPage":{"@id":"https:\/\/www.laguiadepamplona.com\/actualidad\/el-25-de-abril-se-conoceran-los-disenos-de-los-diez-carteles-seleccionados-por-el-jurado-para-anunciar-los-sanfermines-2022-y-se-iniciara-la-votacion-popular-para-elegir-el-ganador\/"},"wordCount":354,"commentCount":0,"publisher":{"@id":"https:\/\/www.laguiadepamplona.com\/actualidad\/#organization"},"image":{"@id":"https:\/\/www.laguiadepamplona.com\/actualidad\/el-25-de-abril-se-conoceran-los-disenos-de-los-diez-carteles-seleccionados-por-el-jurado-para-anunciar-los-sanfermines-2022-y-se-iniciara-la-votacion-popular-para-elegir-el-ganador\/#primaryimage"},"thumbnailUrl":"https:\/\/www.laguiadepamplona.com\/actualidad\/wp-content\/uploads\/2022\/04\/cartel-san-fermin-2019.jpg","articleSection":["Ayto Pamplona","San Ferm\u00edn"],"inLanguage":"es","potentialAction":[{"@type":"CommentAction","name":"Comment","target":["https:\/\/www.laguiadepamplona.com\/actualidad\/el-25-de-abril-se-conoceran-los-disenos-de-los-diez-carteles-seleccionados-por-el-jurado-para-anunciar-los-sanfermines-2022-y-se-iniciara-la-votacion-popular-para-elegir-el-ganador\/#respond"]}]},{"@type":"WebPage","@id":"https:\/\/www.laguiadepamplona.com\/actualidad\/el-25-de-abril-se-conoceran-los-disenos-de-los-diez-carteles-seleccionados-por-el-jurado-para-anunciar-los-sanfermines-2022-y-se-iniciara-la-votacion-popular-para-elegir-el-ganador\/","url":"https:\/\/www.laguiadepamplona.com\/actualidad\/el-25-de-abril-se-conoceran-los-disenos-de-los-diez-carteles-seleccionados-por-el-jurado-para-anunciar-los-sanfermines-2022-y-se-iniciara-la-votacion-popular-para-elegir-el-ganador\/","name":"El 25 de abril se conocer\u00e1n los dise\u00f1os de los diez carteles seleccionados por el jurado para anunciar los Sanfermines 2022 y se iniciar\u00e1 la votaci\u00f3n popular para elegir el ganador","isPartOf":{"@id":"https:\/\/www.laguiadepamplona.com\/actualidad\/#website"},"primaryImageOfPage":{"@id":"https:\/\/www.laguiadepamplona.com\/actualidad\/el-25-de-abril-se-conoceran-los-disenos-de-los-diez-carteles-seleccionados-por-el-jurado-para-anunciar-los-sanfermines-2022-y-se-iniciara-la-votacion-popular-para-elegir-el-ganador\/#primaryimage"},"image":{"@id":"https:\/\/www.laguiadepamplona.com\/actualidad\/el-25-de-abril-se-conoceran-los-disenos-de-los-diez-carteles-seleccionados-por-el-jurado-para-anunciar-los-sanfermines-2022-y-se-iniciara-la-votacion-popular-para-elegir-el-ganador\/#primaryimage"},"thumbnailUrl":"https:\/\/www.laguiadepamplona.com\/actualidad\/wp-content\/uploads\/2022\/04\/cartel-san-fermin-2019.jpg","datePublished":"2022-04-12T14:39:25+00:00","dateModified":"2023-04-11T09:48:18+00:00","description":"Hoy martes, tal y como se\u00f1alan las bases, se han publicado los n\u00fameros de las plicas de las diez obras seleccionadas","breadcrumb":{"@id":"https:\/\/www.laguiadepamplona.com\/actualidad\/el-25-de-abril-se-conoceran-los-disenos-de-los-diez-carteles-seleccionados-por-el-jurado-para-anunciar-los-sanfermines-2022-y-se-iniciara-la-votacion-popular-para-elegir-el-ganador\/#breadcrumb"},"inLanguage":"es","potentialAction":[{"@type":"ReadAction","target":["https:\/\/www.laguiadepamplona.com\/actualidad\/el-25-de-abril-se-conoceran-los-disenos-de-los-diez-carteles-seleccionados-por-el-jurado-para-anunciar-los-sanfermines-2022-y-se-iniciara-la-votacion-popular-para-elegir-el-ganador\/"]}]},{"@type":"ImageObject","inLanguage":"es","@id":"https:\/\/www.laguiadepamplona.com\/actualidad\/el-25-de-abril-se-conoceran-los-disenos-de-los-diez-carteles-seleccionados-por-el-jurado-para-anunciar-los-sanfermines-2022-y-se-iniciara-la-votacion-popular-para-elegir-el-ganador\/#primaryimage","url":"https:\/\/www.laguiadepamplona.com\/actualidad\/wp-content\/uploads\/2022\/04\/cartel-san-fermin-2019.jpg","contentUrl":"https:\/\/www.laguiadepamplona.com\/actualidad\/wp-content\/uploads\/2022\/04\/cartel-san-fermin-2019.jpg","width":1620,"height":1080},{"@type":"BreadcrumbList","@id":"https:\/\/www.laguiadepamplona.com\/actualidad\/el-25-de-abril-se-conoceran-los-disenos-de-los-diez-carteles-seleccionados-por-el-jurado-para-anunciar-los-sanfermines-2022-y-se-iniciara-la-votacion-popular-para-elegir-el-ganador\/#breadcrumb","itemListElement":[{"@type":"ListItem","position":1,"name":"Portada","item":"https:\/\/www.laguiadepamplona.com\/actualidad\/"},{"@type":"ListItem","position":2,"name":"El 25 de abril se conocer\u00e1n los dise\u00f1os de los diez carteles seleccionados por el jurado para anunciar los Sanfermines 2022 y se iniciar\u00e1 la votaci\u00f3n popular para elegir el ganador"}]},{"@type":"WebSite","@id":"https:\/\/www.laguiadepamplona.com\/actualidad\/#website","url":"https:\/\/www.laguiadepamplona.com\/actualidad\/","name":"La gu\u00eda de Pamplona","description":"Noticias de Pamplona","publisher":{"@id":"https:\/\/www.laguiadepamplona.com\/actualidad\/#organization"},"potentialAction":[{"@type":"SearchAction","target":{"@type":"EntryPoint","urlTemplate":"https:\/\/www.laguiadepamplona.com\/actualidad\/?s={search_term_string}"},"query-input":{"@type":"PropertyValueSpecification","valueRequired":true,"valueName":"search_term_string"}}],"inLanguage":"es"},{"@type":"Organization","@id":"https:\/\/www.laguiadepamplona.com\/actualidad\/#organization","name":"La Gu\u00eda de Pamplona \/ Noticias","url":"https:\/\/www.laguiadepamplona.com\/actualidad\/","logo":{"@type":"ImageObject","inLanguage":"es","@id":"https:\/\/www.laguiadepamplona.com\/actualidad\/#\/schema\/logo\/image\/","url":"https:\/\/www.laguiadepamplona.com\/actualidad\/wp-content\/uploads\/2018\/11\/logo-laguiadepamplona18-web1.png","contentUrl":"https:\/\/www.laguiadepamplona.com\/actualidad\/wp-content\/uploads\/2018\/11\/logo-laguiadepamplona18-web1.png","width":600,"height":196,"caption":"La Gu\u00eda de Pamplona \/ Noticias"},"image":{"@id":"https:\/\/www.laguiadepamplona.com\/actualidad\/#\/schema\/logo\/image\/"},"sameAs":["https:\/\/www.facebook.com\/laguiadepamplonacom-133175176762273\/?ref=hl","https:\/\/x.com\/LaGuiadPamplona","https:\/\/www.instagram.com\/la_guia_de_pamplona\/","https:\/\/www.youtube.com\/user\/laguiadepamplona"]},{"@type":"Person","@id":"https:\/\/www.laguiadepamplona.com\/actualidad\/#\/schema\/person\/efe887376f0213d4657c93adc50b1fdb","name":"La Gu\u00eda de Pamplona","image":{"@type":"ImageObject","inLanguage":"es","@id":"https:\/\/secure.gravatar.com\/avatar\/b6992f131dc8d30ab0dff15446e9d346d9dbd95992de0fef795073f5ea83a81c?s=96&d=mm&r=g","url":"https:\/\/secure.gravatar.com\/avatar\/b6992f131dc8d30ab0dff15446e9d346d9dbd95992de0fef795073f5ea83a81c?s=96&d=mm&r=g","contentUrl":"https:\/\/secure.gravatar.com\/avatar\/b6992f131dc8d30ab0dff15446e9d346d9dbd95992de0fef795073f5ea83a81c?s=96&d=mm&r=g","caption":"La Gu\u00eda de Pamplona"}}]}},"post_mailing_queue_ids":[],"_links":{"self":[{"href":"https:\/\/www.laguiadepamplona.com\/actualidad\/wp-json\/wp\/v2\/posts\/39970","targetHints":{"allow":["GET"]}}],"collection":[{"href":"https:\/\/www.laguiadepamplona.com\/actualidad\/wp-json\/wp\/v2\/posts"}],"about":[{"href":"https:\/\/www.laguiadepamplona.com\/actualidad\/wp-json\/wp\/v2\/types\/post"}],"author":[{"embeddable":true,"href":"https:\/\/www.laguiadepamplona.com\/actualidad\/wp-json\/wp\/v2\/users\/1"}],"replies":[{"embeddable":true,"href":"https:\/\/www.laguiadepamplona.com\/actualidad\/wp-json\/wp\/v2\/comments?post=39970"}],"version-history":[{"count":0,"href":"https:\/\/www.laguiadepamplona.com\/actualidad\/wp-json\/wp\/v2\/posts\/39970\/revisions"}],"wp:featuredmedia":[{"embeddable":true,"href":"https:\/\/www.laguiadepamplona.com\/actualidad\/wp-json\/wp\/v2\/media\/39878"}],"wp:attachment":[{"href":"https:\/\/www.laguiadepamplona.com\/actualidad\/wp-json\/wp\/v2\/media?parent=39970"}],"wp:term":[{"taxonomy":"category","embeddable":true,"href":"https:\/\/www.laguiadepamplona.com\/actualidad\/wp-json\/wp\/v2\/categories?post=39970"},{"taxonomy":"post_tag","embeddable":true,"href":"https:\/\/www.laguiadepamplona.com\/actualidad\/wp-json\/wp\/v2\/tags?post=39970"}],"curies":[{"name":"wp","href":"https:\/\/api.w.org\/{rel}","templated":true}]}}