{"id":39962,"date":"2022-04-12T12:46:53","date_gmt":"2022-04-12T10:46:53","guid":{"rendered":"https:\/\/www.laguiadepamplona.com\/actualidad\/?p=39962"},"modified":"2023-04-11T11:48:18","modified_gmt":"2023-04-11T09:48:18","slug":"el-ayuntamiento-de-pamplona-renovara-en-cuerpo-de-ciudad-el-voto-de-las-cinco-llagas-una-promesa-que-se-remonta-al-siglo-xvii","status":"publish","type":"post","link":"https:\/\/www.laguiadepamplona.com\/actualidad\/el-ayuntamiento-de-pamplona-renovara-en-cuerpo-de-ciudad-el-voto-de-las-cinco-llagas-una-promesa-que-se-remonta-al-siglo-xvii\/","title":{"rendered":"El Ayuntamiento de Pamplona renovar\u00e1 en Cuerpo de Ciudad el voto de las Cinco Llagas, una promesa que se remonta al siglo XVII"},"content":{"rendered":"<h5>La Corporaci\u00f3n acudir\u00e1 a la iglesia de San Agust\u00edn en traje de gala para un acto institucional que se celebra por acuerdo de un Pleno de 1601<\/h5>\n<p><!--more--><\/p>\n<p>La Corporaci\u00f3n Municipal saldr\u00e1 este jueves 14 de abril, a las 16.50 horas, de la Casa Consistorial para participar en la Funci\u00f3n de las Cinco Llagas, \u00fanico acto de la Semana Santa pamplonesa al que lo ediles acuden en Cuerpo de Ciudad. En la comitiva, adem\u00e1s de los corporativos, participar\u00e1n maceros, clarineros y agentes de la Polic\u00eda Municipal en traje de gala. El cortejo recorrer\u00e1 las calles Mercaderes, Curia y Calderer\u00eda para llegar a la calle San Agust\u00edn. En la iglesia del mismo nombre es donde tradicionalmente tiene lugar el acto, que comenzar\u00e1 a las 17 horas.<\/p>\n<p>Las Cinco Llagas es una las diez promesas seculares de la ciudad y el acto que lo acompa\u00f1a se encuentra regulado en el reglamento de Protocolo, Ceremonial, Honores y Distinciones del Ayuntamiento de Pamplona. El objetivo del acto de ma\u00f1ana es renovar el voto que el Regimiento instaur\u00f3 por acuerdo municipal el 30 de mayo del a\u00f1o 1601, en agradecimiento al cese de la epidemia de peste bub\u00f3nica que amenazaba a la ciudad.<\/p>\n<p>La fachada de la Casa Consistorial contar\u00e1 ese d\u00eda con decoraci\u00f3n especial ya que se colocar\u00e1n en los balcones los reposteros, pa\u00f1os rectangulares bordados que contienen el escudo de Pamplona, el emblema de las Cinco Llagas y los escudos de los antiguos burgos de la ciudad. El Ayuntamiento decidi\u00f3 su confecci\u00f3n tambi\u00e9n en el siglo XVII (1614).<br \/>\n<script async src=\"\/\/pagead2.googlesyndication.com\/pagead\/js\/adsbygoogle.js\"><\/script><br \/>\n<!-- Noticias La Guia de Pamplona --><br \/>\n<ins class=\"adsbygoogle\"\nstyle=\"display:block\"\ndata-ad-client=\"ca-pub-6943679897239327\"\ndata-ad-slot=\"7048180777\"\ndata-ad-format=\"auto\"><\/ins><br \/>\n<script>\n(adsbygoogle = window.adsbygoogle || []).push({});\n<\/script><\/p>\n<p><strong>Momento para apreciar cinco elementos \u00fanicos<\/strong><\/p>\n<p>Adem\u00e1s de ser el \u00fanico acto institucional del Ayuntamiento de Pamplona en la Semana Santa, es tambi\u00e9n el \u00fanico cortejo oficial en exteriores en el que la Corporaci\u00f3n no porta la bandera de la ciudad durante el recorrido, aunque s\u00ed lo hace en el interior del templo. Como tercera excepci\u00f3n, la bandera que se porta en el interior de San Agust\u00edn es negra, la de \u201cluto\u201d, y tambi\u00e9n es el \u00fanico momento del a\u00f1o en el que se puede apreciar el reverso de las medallas oficiales de los miembros de la Corporaci\u00f3n. En esa cara de la medalla est\u00e1 representada la imagen de las Cinco Llagas de Cristo (corona de espinas y heridas de manos y pies del Crucificado), que es tambi\u00e9n el reverso de la bandera de la ciudad. Finalmente, el cortejo es tambi\u00e9n un poco diferente. Destaca la ausencia de los timbaleros en el recorrido, tanto en el exterior, como en el interior del templo y los clarineros, que s\u00ed acompa\u00f1an a maceros y libreas en la calle, no acceden a la iglesia.<\/p>\n<p>En sentido estricto, la procesi\u00f3n tiene lugar dentro de la iglesia y en ella se porta en andas la efigie de las Cinco Llagas. El paso, de propiedad municipal, parece datar de finales del siglo XVIII o principios del XIX. En \u00e9l, dos \u00e1ngeles sujetan la representaci\u00f3n de las Cinco Llagas en un conjunto art\u00edstico realizado en madera de pino y escayola policromada, con apliques de pan de oro y plata. En la Funci\u00f3n participar\u00e1 la Capilla de M\u00fasica de la Catedral que como es tradicional interpretar\u00e1 el \u2018Miserere romano\u2019, composici\u00f3n an\u00f3nima del siglo XVIII, y el \u2018Inter vestibulum\u2019 atribuido a Crist\u00f3bal Morales en el siglo XVI.<\/p>\n<p>Finalizado el acto, la Corporaci\u00f3n regresar\u00e1 con el mismo itinerario hasta la Plaza Consistorial. Tras el desfile los ediles que lo deseen podr\u00e1n participar, ya a t\u00edtulo personal, en los actos previstos en la Catedral y en la iglesia de San Saturnino.<br \/>\n<script async src=\"\/\/pagead2.googlesyndication.com\/pagead\/js\/adsbygoogle.js\"><\/script><br \/>\n<!-- Noticias La Guia de Pamplona --><br \/>\n<ins class=\"adsbygoogle\"\nstyle=\"display:block\"\ndata-ad-client=\"ca-pub-6943679897239327\"\ndata-ad-slot=\"7048180777\"\ndata-ad-format=\"auto\"><\/ins><br \/>\n<script>\n(adsbygoogle = window.adsbygoogle || []).push({});\n<\/script><\/p>\n<p><strong>La Dolorosa en Viernes Santo<\/strong><\/p>\n<p>Por otra parte, el Viernes Santo la imagen de Nuestra Se\u00f1ora de los Dolores, conocida como La Dolorosa, saldr\u00e1 de la catedral para incorporarse a la Procesi\u00f3n del Santo Entierro, en la que se suma al cortejo de pasos que forman la comitiva. Al t\u00e9rmino de la procesi\u00f3n, a las 22.30 horas, La Dolorosa volver\u00e1 a su capilla de la Iglesia de San Lorenzo, el templo que alberga la imagen durante el resto del a\u00f1o. En caso de que la procesi\u00f3n de Viernes Santo se suspenda por motivo de lluvia, la comitiva que retorna la imagen a la iglesia San Lorenzo, adelantar\u00e1 su salida a las 20.30 horas.<\/p>\n","protected":false},"excerpt":{"rendered":"<p>La Corporaci\u00f3n acudir\u00e1 a la iglesia de San Agust\u00edn en traje de gala para un acto institucional que se celebra por acuerdo de un Pleno de 1601<\/p>\n","protected":false},"author":1,"featured_media":39963,"comment_status":"open","ping_status":"closed","sticky":false,"template":"","format":"standard","meta":{"footnotes":""},"categories":[2],"tags":[],"class_list":["post-39962","post","type-post","status-publish","format-standard","has-post-thumbnail","hentry","category-ayuntamiento-pamplona"],"yoast_head":"<!-- This site is optimized with the Yoast SEO plugin v27.3 - https:\/\/yoast.com\/product\/yoast-seo-wordpress\/ -->\n<title>El Ayuntamiento de Pamplona renovar\u00e1 en Cuerpo de Ciudad el voto de las Cinco Llagas, una promesa que se remonta al siglo XVII<\/title>\n<meta name=\"description\" content=\"La Corporaci\u00f3n acudir\u00e1 a la iglesia de San Agust\u00edn en traje de gala para un acto institucional que se celebra por acuerdo de un Pleno de 1601\" \/>\n<meta name=\"robots\" content=\"index, follow, max-snippet:-1, max-image-preview:large, max-video-preview:-1\" \/>\n<link rel=\"canonical\" href=\"https:\/\/www.laguiadepamplona.com\/actualidad\/el-ayuntamiento-de-pamplona-renovara-en-cuerpo-de-ciudad-el-voto-de-las-cinco-llagas-una-promesa-que-se-remonta-al-siglo-xvii\/\" \/>\n<meta property=\"og:locale\" content=\"es_ES\" \/>\n<meta property=\"og:type\" content=\"article\" \/>\n<meta property=\"og:title\" content=\"El Ayuntamiento de Pamplona renovar\u00e1 en Cuerpo de Ciudad el voto de las Cinco Llagas, una promesa que se remonta al siglo XVII\" \/>\n<meta property=\"og:description\" content=\"La Corporaci\u00f3n acudir\u00e1 a la iglesia de San Agust\u00edn en traje de gala para un acto institucional que se celebra por acuerdo de un Pleno de 1601\" \/>\n<meta property=\"og:url\" content=\"https:\/\/www.laguiadepamplona.com\/actualidad\/el-ayuntamiento-de-pamplona-renovara-en-cuerpo-de-ciudad-el-voto-de-las-cinco-llagas-una-promesa-que-se-remonta-al-siglo-xvii\/\" \/>\n<meta property=\"og:site_name\" content=\"La Gu\u00eda de Pamplona\" \/>\n<meta property=\"article:publisher\" content=\"https:\/\/www.facebook.com\/laguiadepamplonacom-133175176762273\/?ref=hl\" \/>\n<meta property=\"article:published_time\" content=\"2022-04-12T10:46:53+00:00\" \/>\n<meta property=\"article:modified_time\" content=\"2023-04-11T09:48:18+00:00\" \/>\n<meta property=\"og:image\" content=\"https:\/\/www.laguiadepamplona.com\/actualidad\/wp-content\/uploads\/2022\/04\/035a6479-cinco-llagas.jpg\" \/>\n\t<meta property=\"og:image:width\" content=\"1920\" \/>\n\t<meta property=\"og:image:height\" content=\"1248\" \/>\n\t<meta property=\"og:image:type\" content=\"image\/jpeg\" \/>\n<meta name=\"author\" content=\"La Gu\u00eda de Pamplona\" \/>\n<meta name=\"twitter:card\" content=\"summary_large_image\" \/>\n<meta name=\"twitter:creator\" content=\"@LaGuiadPamplona\" \/>\n<meta name=\"twitter:site\" content=\"@LaGuiadPamplona\" \/>\n<meta name=\"twitter:label1\" content=\"Escrito por\" \/>\n\t<meta name=\"twitter:data1\" content=\"La Gu\u00eda de Pamplona\" \/>\n\t<meta name=\"twitter:label2\" content=\"Tiempo de lectura\" \/>\n\t<meta name=\"twitter:data2\" content=\"4 minutos\" \/>\n<script type=\"application\/ld+json\" class=\"yoast-schema-graph\">{\"@context\":\"https:\\\/\\\/schema.org\",\"@graph\":[{\"@type\":\"Article\",\"@id\":\"https:\\\/\\\/www.laguiadepamplona.com\\\/actualidad\\\/el-ayuntamiento-de-pamplona-renovara-en-cuerpo-de-ciudad-el-voto-de-las-cinco-llagas-una-promesa-que-se-remonta-al-siglo-xvii\\\/#article\",\"isPartOf\":{\"@id\":\"https:\\\/\\\/www.laguiadepamplona.com\\\/actualidad\\\/el-ayuntamiento-de-pamplona-renovara-en-cuerpo-de-ciudad-el-voto-de-las-cinco-llagas-una-promesa-que-se-remonta-al-siglo-xvii\\\/\"},\"author\":{\"name\":\"La Gu\u00eda de Pamplona\",\"@id\":\"https:\\\/\\\/www.laguiadepamplona.com\\\/actualidad\\\/#\\\/schema\\\/person\\\/efe887376f0213d4657c93adc50b1fdb\"},\"headline\":\"El Ayuntamiento de Pamplona renovar\u00e1 en Cuerpo de Ciudad el voto de las Cinco Llagas, una promesa que se remonta al siglo XVII\",\"datePublished\":\"2022-04-12T10:46:53+00:00\",\"dateModified\":\"2023-04-11T09:48:18+00:00\",\"mainEntityOfPage\":{\"@id\":\"https:\\\/\\\/www.laguiadepamplona.com\\\/actualidad\\\/el-ayuntamiento-de-pamplona-renovara-en-cuerpo-de-ciudad-el-voto-de-las-cinco-llagas-una-promesa-que-se-remonta-al-siglo-xvii\\\/\"},\"wordCount\":758,\"commentCount\":0,\"publisher\":{\"@id\":\"https:\\\/\\\/www.laguiadepamplona.com\\\/actualidad\\\/#organization\"},\"image\":{\"@id\":\"https:\\\/\\\/www.laguiadepamplona.com\\\/actualidad\\\/el-ayuntamiento-de-pamplona-renovara-en-cuerpo-de-ciudad-el-voto-de-las-cinco-llagas-una-promesa-que-se-remonta-al-siglo-xvii\\\/#primaryimage\"},\"thumbnailUrl\":\"https:\\\/\\\/www.laguiadepamplona.com\\\/actualidad\\\/wp-content\\\/uploads\\\/2022\\\/04\\\/035a6479-cinco-llagas.jpg\",\"articleSection\":[\"Ayto Pamplona\"],\"inLanguage\":\"es\",\"potentialAction\":[{\"@type\":\"CommentAction\",\"name\":\"Comment\",\"target\":[\"https:\\\/\\\/www.laguiadepamplona.com\\\/actualidad\\\/el-ayuntamiento-de-pamplona-renovara-en-cuerpo-de-ciudad-el-voto-de-las-cinco-llagas-una-promesa-que-se-remonta-al-siglo-xvii\\\/#respond\"]}]},{\"@type\":\"WebPage\",\"@id\":\"https:\\\/\\\/www.laguiadepamplona.com\\\/actualidad\\\/el-ayuntamiento-de-pamplona-renovara-en-cuerpo-de-ciudad-el-voto-de-las-cinco-llagas-una-promesa-que-se-remonta-al-siglo-xvii\\\/\",\"url\":\"https:\\\/\\\/www.laguiadepamplona.com\\\/actualidad\\\/el-ayuntamiento-de-pamplona-renovara-en-cuerpo-de-ciudad-el-voto-de-las-cinco-llagas-una-promesa-que-se-remonta-al-siglo-xvii\\\/\",\"name\":\"El Ayuntamiento de Pamplona renovar\u00e1 en Cuerpo de Ciudad el voto de las Cinco Llagas, una promesa que se remonta al siglo XVII\",\"isPartOf\":{\"@id\":\"https:\\\/\\\/www.laguiadepamplona.com\\\/actualidad\\\/#website\"},\"primaryImageOfPage\":{\"@id\":\"https:\\\/\\\/www.laguiadepamplona.com\\\/actualidad\\\/el-ayuntamiento-de-pamplona-renovara-en-cuerpo-de-ciudad-el-voto-de-las-cinco-llagas-una-promesa-que-se-remonta-al-siglo-xvii\\\/#primaryimage\"},\"image\":{\"@id\":\"https:\\\/\\\/www.laguiadepamplona.com\\\/actualidad\\\/el-ayuntamiento-de-pamplona-renovara-en-cuerpo-de-ciudad-el-voto-de-las-cinco-llagas-una-promesa-que-se-remonta-al-siglo-xvii\\\/#primaryimage\"},\"thumbnailUrl\":\"https:\\\/\\\/www.laguiadepamplona.com\\\/actualidad\\\/wp-content\\\/uploads\\\/2022\\\/04\\\/035a6479-cinco-llagas.jpg\",\"datePublished\":\"2022-04-12T10:46:53+00:00\",\"dateModified\":\"2023-04-11T09:48:18+00:00\",\"description\":\"La Corporaci\u00f3n acudir\u00e1 a la iglesia de San Agust\u00edn en traje de gala para un acto institucional que se celebra por acuerdo de un Pleno de 1601\",\"breadcrumb\":{\"@id\":\"https:\\\/\\\/www.laguiadepamplona.com\\\/actualidad\\\/el-ayuntamiento-de-pamplona-renovara-en-cuerpo-de-ciudad-el-voto-de-las-cinco-llagas-una-promesa-que-se-remonta-al-siglo-xvii\\\/#breadcrumb\"},\"inLanguage\":\"es\",\"potentialAction\":[{\"@type\":\"ReadAction\",\"target\":[\"https:\\\/\\\/www.laguiadepamplona.com\\\/actualidad\\\/el-ayuntamiento-de-pamplona-renovara-en-cuerpo-de-ciudad-el-voto-de-las-cinco-llagas-una-promesa-que-se-remonta-al-siglo-xvii\\\/\"]}]},{\"@type\":\"ImageObject\",\"inLanguage\":\"es\",\"@id\":\"https:\\\/\\\/www.laguiadepamplona.com\\\/actualidad\\\/el-ayuntamiento-de-pamplona-renovara-en-cuerpo-de-ciudad-el-voto-de-las-cinco-llagas-una-promesa-que-se-remonta-al-siglo-xvii\\\/#primaryimage\",\"url\":\"https:\\\/\\\/www.laguiadepamplona.com\\\/actualidad\\\/wp-content\\\/uploads\\\/2022\\\/04\\\/035a6479-cinco-llagas.jpg\",\"contentUrl\":\"https:\\\/\\\/www.laguiadepamplona.com\\\/actualidad\\\/wp-content\\\/uploads\\\/2022\\\/04\\\/035a6479-cinco-llagas.jpg\",\"width\":1920,\"height\":1248},{\"@type\":\"BreadcrumbList\",\"@id\":\"https:\\\/\\\/www.laguiadepamplona.com\\\/actualidad\\\/el-ayuntamiento-de-pamplona-renovara-en-cuerpo-de-ciudad-el-voto-de-las-cinco-llagas-una-promesa-que-se-remonta-al-siglo-xvii\\\/#breadcrumb\",\"itemListElement\":[{\"@type\":\"ListItem\",\"position\":1,\"name\":\"Portada\",\"item\":\"https:\\\/\\\/www.laguiadepamplona.com\\\/actualidad\\\/\"},{\"@type\":\"ListItem\",\"position\":2,\"name\":\"El Ayuntamiento de Pamplona renovar\u00e1 en Cuerpo de Ciudad el voto de las Cinco Llagas, una promesa que se remonta al siglo XVII\"}]},{\"@type\":\"WebSite\",\"@id\":\"https:\\\/\\\/www.laguiadepamplona.com\\\/actualidad\\\/#website\",\"url\":\"https:\\\/\\\/www.laguiadepamplona.com\\\/actualidad\\\/\",\"name\":\"La gu\u00eda de Pamplona\",\"description\":\"Noticias de Pamplona\",\"publisher\":{\"@id\":\"https:\\\/\\\/www.laguiadepamplona.com\\\/actualidad\\\/#organization\"},\"potentialAction\":[{\"@type\":\"SearchAction\",\"target\":{\"@type\":\"EntryPoint\",\"urlTemplate\":\"https:\\\/\\\/www.laguiadepamplona.com\\\/actualidad\\\/?s={search_term_string}\"},\"query-input\":{\"@type\":\"PropertyValueSpecification\",\"valueRequired\":true,\"valueName\":\"search_term_string\"}}],\"inLanguage\":\"es\"},{\"@type\":\"Organization\",\"@id\":\"https:\\\/\\\/www.laguiadepamplona.com\\\/actualidad\\\/#organization\",\"name\":\"La Gu\u00eda de Pamplona \\\/ Noticias\",\"url\":\"https:\\\/\\\/www.laguiadepamplona.com\\\/actualidad\\\/\",\"logo\":{\"@type\":\"ImageObject\",\"inLanguage\":\"es\",\"@id\":\"https:\\\/\\\/www.laguiadepamplona.com\\\/actualidad\\\/#\\\/schema\\\/logo\\\/image\\\/\",\"url\":\"https:\\\/\\\/www.laguiadepamplona.com\\\/actualidad\\\/wp-content\\\/uploads\\\/2018\\\/11\\\/logo-laguiadepamplona18-web1.png\",\"contentUrl\":\"https:\\\/\\\/www.laguiadepamplona.com\\\/actualidad\\\/wp-content\\\/uploads\\\/2018\\\/11\\\/logo-laguiadepamplona18-web1.png\",\"width\":600,\"height\":196,\"caption\":\"La Gu\u00eda de Pamplona \\\/ Noticias\"},\"image\":{\"@id\":\"https:\\\/\\\/www.laguiadepamplona.com\\\/actualidad\\\/#\\\/schema\\\/logo\\\/image\\\/\"},\"sameAs\":[\"https:\\\/\\\/www.facebook.com\\\/laguiadepamplonacom-133175176762273\\\/?ref=hl\",\"https:\\\/\\\/x.com\\\/LaGuiadPamplona\",\"https:\\\/\\\/www.instagram.com\\\/la_guia_de_pamplona\\\/\",\"https:\\\/\\\/www.youtube.com\\\/user\\\/laguiadepamplona\"]},{\"@type\":\"Person\",\"@id\":\"https:\\\/\\\/www.laguiadepamplona.com\\\/actualidad\\\/#\\\/schema\\\/person\\\/efe887376f0213d4657c93adc50b1fdb\",\"name\":\"La Gu\u00eda de Pamplona\",\"image\":{\"@type\":\"ImageObject\",\"inLanguage\":\"es\",\"@id\":\"https:\\\/\\\/secure.gravatar.com\\\/avatar\\\/b6992f131dc8d30ab0dff15446e9d346d9dbd95992de0fef795073f5ea83a81c?s=96&d=mm&r=g\",\"url\":\"https:\\\/\\\/secure.gravatar.com\\\/avatar\\\/b6992f131dc8d30ab0dff15446e9d346d9dbd95992de0fef795073f5ea83a81c?s=96&d=mm&r=g\",\"contentUrl\":\"https:\\\/\\\/secure.gravatar.com\\\/avatar\\\/b6992f131dc8d30ab0dff15446e9d346d9dbd95992de0fef795073f5ea83a81c?s=96&d=mm&r=g\",\"caption\":\"La Gu\u00eda de Pamplona\"}}]}<\/script>\n<!-- \/ Yoast SEO plugin. -->","yoast_head_json":{"title":"El Ayuntamiento de Pamplona renovar\u00e1 en Cuerpo de Ciudad el voto de las Cinco Llagas, una promesa que se remonta al siglo XVII","description":"La Corporaci\u00f3n acudir\u00e1 a la iglesia de San Agust\u00edn en traje de gala para un acto institucional que se celebra por acuerdo de un Pleno de 1601","robots":{"index":"index","follow":"follow","max-snippet":"max-snippet:-1","max-image-preview":"max-image-preview:large","max-video-preview":"max-video-preview:-1"},"canonical":"https:\/\/www.laguiadepamplona.com\/actualidad\/el-ayuntamiento-de-pamplona-renovara-en-cuerpo-de-ciudad-el-voto-de-las-cinco-llagas-una-promesa-que-se-remonta-al-siglo-xvii\/","og_locale":"es_ES","og_type":"article","og_title":"El Ayuntamiento de Pamplona renovar\u00e1 en Cuerpo de Ciudad el voto de las Cinco Llagas, una promesa que se remonta al siglo XVII","og_description":"La Corporaci\u00f3n acudir\u00e1 a la iglesia de San Agust\u00edn en traje de gala para un acto institucional que se celebra por acuerdo de un Pleno de 1601","og_url":"https:\/\/www.laguiadepamplona.com\/actualidad\/el-ayuntamiento-de-pamplona-renovara-en-cuerpo-de-ciudad-el-voto-de-las-cinco-llagas-una-promesa-que-se-remonta-al-siglo-xvii\/","og_site_name":"La Gu\u00eda de Pamplona","article_publisher":"https:\/\/www.facebook.com\/laguiadepamplonacom-133175176762273\/?ref=hl","article_published_time":"2022-04-12T10:46:53+00:00","article_modified_time":"2023-04-11T09:48:18+00:00","og_image":[{"width":1920,"height":1248,"url":"https:\/\/www.laguiadepamplona.com\/actualidad\/wp-content\/uploads\/2022\/04\/035a6479-cinco-llagas.jpg","type":"image\/jpeg"}],"author":"La Gu\u00eda de Pamplona","twitter_card":"summary_large_image","twitter_creator":"@LaGuiadPamplona","twitter_site":"@LaGuiadPamplona","twitter_misc":{"Escrito por":"La Gu\u00eda de Pamplona","Tiempo de lectura":"4 minutos"},"schema":{"@context":"https:\/\/schema.org","@graph":[{"@type":"Article","@id":"https:\/\/www.laguiadepamplona.com\/actualidad\/el-ayuntamiento-de-pamplona-renovara-en-cuerpo-de-ciudad-el-voto-de-las-cinco-llagas-una-promesa-que-se-remonta-al-siglo-xvii\/#article","isPartOf":{"@id":"https:\/\/www.laguiadepamplona.com\/actualidad\/el-ayuntamiento-de-pamplona-renovara-en-cuerpo-de-ciudad-el-voto-de-las-cinco-llagas-una-promesa-que-se-remonta-al-siglo-xvii\/"},"author":{"name":"La Gu\u00eda de Pamplona","@id":"https:\/\/www.laguiadepamplona.com\/actualidad\/#\/schema\/person\/efe887376f0213d4657c93adc50b1fdb"},"headline":"El Ayuntamiento de Pamplona renovar\u00e1 en Cuerpo de Ciudad el voto de las Cinco Llagas, una promesa que se remonta al siglo XVII","datePublished":"2022-04-12T10:46:53+00:00","dateModified":"2023-04-11T09:48:18+00:00","mainEntityOfPage":{"@id":"https:\/\/www.laguiadepamplona.com\/actualidad\/el-ayuntamiento-de-pamplona-renovara-en-cuerpo-de-ciudad-el-voto-de-las-cinco-llagas-una-promesa-que-se-remonta-al-siglo-xvii\/"},"wordCount":758,"commentCount":0,"publisher":{"@id":"https:\/\/www.laguiadepamplona.com\/actualidad\/#organization"},"image":{"@id":"https:\/\/www.laguiadepamplona.com\/actualidad\/el-ayuntamiento-de-pamplona-renovara-en-cuerpo-de-ciudad-el-voto-de-las-cinco-llagas-una-promesa-que-se-remonta-al-siglo-xvii\/#primaryimage"},"thumbnailUrl":"https:\/\/www.laguiadepamplona.com\/actualidad\/wp-content\/uploads\/2022\/04\/035a6479-cinco-llagas.jpg","articleSection":["Ayto Pamplona"],"inLanguage":"es","potentialAction":[{"@type":"CommentAction","name":"Comment","target":["https:\/\/www.laguiadepamplona.com\/actualidad\/el-ayuntamiento-de-pamplona-renovara-en-cuerpo-de-ciudad-el-voto-de-las-cinco-llagas-una-promesa-que-se-remonta-al-siglo-xvii\/#respond"]}]},{"@type":"WebPage","@id":"https:\/\/www.laguiadepamplona.com\/actualidad\/el-ayuntamiento-de-pamplona-renovara-en-cuerpo-de-ciudad-el-voto-de-las-cinco-llagas-una-promesa-que-se-remonta-al-siglo-xvii\/","url":"https:\/\/www.laguiadepamplona.com\/actualidad\/el-ayuntamiento-de-pamplona-renovara-en-cuerpo-de-ciudad-el-voto-de-las-cinco-llagas-una-promesa-que-se-remonta-al-siglo-xvii\/","name":"El Ayuntamiento de Pamplona renovar\u00e1 en Cuerpo de Ciudad el voto de las Cinco Llagas, una promesa que se remonta al siglo XVII","isPartOf":{"@id":"https:\/\/www.laguiadepamplona.com\/actualidad\/#website"},"primaryImageOfPage":{"@id":"https:\/\/www.laguiadepamplona.com\/actualidad\/el-ayuntamiento-de-pamplona-renovara-en-cuerpo-de-ciudad-el-voto-de-las-cinco-llagas-una-promesa-que-se-remonta-al-siglo-xvii\/#primaryimage"},"image":{"@id":"https:\/\/www.laguiadepamplona.com\/actualidad\/el-ayuntamiento-de-pamplona-renovara-en-cuerpo-de-ciudad-el-voto-de-las-cinco-llagas-una-promesa-que-se-remonta-al-siglo-xvii\/#primaryimage"},"thumbnailUrl":"https:\/\/www.laguiadepamplona.com\/actualidad\/wp-content\/uploads\/2022\/04\/035a6479-cinco-llagas.jpg","datePublished":"2022-04-12T10:46:53+00:00","dateModified":"2023-04-11T09:48:18+00:00","description":"La Corporaci\u00f3n acudir\u00e1 a la iglesia de San Agust\u00edn en traje de gala para un acto institucional que se celebra por acuerdo de un Pleno de 1601","breadcrumb":{"@id":"https:\/\/www.laguiadepamplona.com\/actualidad\/el-ayuntamiento-de-pamplona-renovara-en-cuerpo-de-ciudad-el-voto-de-las-cinco-llagas-una-promesa-que-se-remonta-al-siglo-xvii\/#breadcrumb"},"inLanguage":"es","potentialAction":[{"@type":"ReadAction","target":["https:\/\/www.laguiadepamplona.com\/actualidad\/el-ayuntamiento-de-pamplona-renovara-en-cuerpo-de-ciudad-el-voto-de-las-cinco-llagas-una-promesa-que-se-remonta-al-siglo-xvii\/"]}]},{"@type":"ImageObject","inLanguage":"es","@id":"https:\/\/www.laguiadepamplona.com\/actualidad\/el-ayuntamiento-de-pamplona-renovara-en-cuerpo-de-ciudad-el-voto-de-las-cinco-llagas-una-promesa-que-se-remonta-al-siglo-xvii\/#primaryimage","url":"https:\/\/www.laguiadepamplona.com\/actualidad\/wp-content\/uploads\/2022\/04\/035a6479-cinco-llagas.jpg","contentUrl":"https:\/\/www.laguiadepamplona.com\/actualidad\/wp-content\/uploads\/2022\/04\/035a6479-cinco-llagas.jpg","width":1920,"height":1248},{"@type":"BreadcrumbList","@id":"https:\/\/www.laguiadepamplona.com\/actualidad\/el-ayuntamiento-de-pamplona-renovara-en-cuerpo-de-ciudad-el-voto-de-las-cinco-llagas-una-promesa-que-se-remonta-al-siglo-xvii\/#breadcrumb","itemListElement":[{"@type":"ListItem","position":1,"name":"Portada","item":"https:\/\/www.laguiadepamplona.com\/actualidad\/"},{"@type":"ListItem","position":2,"name":"El Ayuntamiento de Pamplona renovar\u00e1 en Cuerpo de Ciudad el voto de las Cinco Llagas, una promesa que se remonta al siglo XVII"}]},{"@type":"WebSite","@id":"https:\/\/www.laguiadepamplona.com\/actualidad\/#website","url":"https:\/\/www.laguiadepamplona.com\/actualidad\/","name":"La gu\u00eda de Pamplona","description":"Noticias de Pamplona","publisher":{"@id":"https:\/\/www.laguiadepamplona.com\/actualidad\/#organization"},"potentialAction":[{"@type":"SearchAction","target":{"@type":"EntryPoint","urlTemplate":"https:\/\/www.laguiadepamplona.com\/actualidad\/?s={search_term_string}"},"query-input":{"@type":"PropertyValueSpecification","valueRequired":true,"valueName":"search_term_string"}}],"inLanguage":"es"},{"@type":"Organization","@id":"https:\/\/www.laguiadepamplona.com\/actualidad\/#organization","name":"La Gu\u00eda de Pamplona \/ Noticias","url":"https:\/\/www.laguiadepamplona.com\/actualidad\/","logo":{"@type":"ImageObject","inLanguage":"es","@id":"https:\/\/www.laguiadepamplona.com\/actualidad\/#\/schema\/logo\/image\/","url":"https:\/\/www.laguiadepamplona.com\/actualidad\/wp-content\/uploads\/2018\/11\/logo-laguiadepamplona18-web1.png","contentUrl":"https:\/\/www.laguiadepamplona.com\/actualidad\/wp-content\/uploads\/2018\/11\/logo-laguiadepamplona18-web1.png","width":600,"height":196,"caption":"La Gu\u00eda de Pamplona \/ Noticias"},"image":{"@id":"https:\/\/www.laguiadepamplona.com\/actualidad\/#\/schema\/logo\/image\/"},"sameAs":["https:\/\/www.facebook.com\/laguiadepamplonacom-133175176762273\/?ref=hl","https:\/\/x.com\/LaGuiadPamplona","https:\/\/www.instagram.com\/la_guia_de_pamplona\/","https:\/\/www.youtube.com\/user\/laguiadepamplona"]},{"@type":"Person","@id":"https:\/\/www.laguiadepamplona.com\/actualidad\/#\/schema\/person\/efe887376f0213d4657c93adc50b1fdb","name":"La Gu\u00eda de Pamplona","image":{"@type":"ImageObject","inLanguage":"es","@id":"https:\/\/secure.gravatar.com\/avatar\/b6992f131dc8d30ab0dff15446e9d346d9dbd95992de0fef795073f5ea83a81c?s=96&d=mm&r=g","url":"https:\/\/secure.gravatar.com\/avatar\/b6992f131dc8d30ab0dff15446e9d346d9dbd95992de0fef795073f5ea83a81c?s=96&d=mm&r=g","contentUrl":"https:\/\/secure.gravatar.com\/avatar\/b6992f131dc8d30ab0dff15446e9d346d9dbd95992de0fef795073f5ea83a81c?s=96&d=mm&r=g","caption":"La Gu\u00eda de Pamplona"}}]}},"post_mailing_queue_ids":[],"_links":{"self":[{"href":"https:\/\/www.laguiadepamplona.com\/actualidad\/wp-json\/wp\/v2\/posts\/39962","targetHints":{"allow":["GET"]}}],"collection":[{"href":"https:\/\/www.laguiadepamplona.com\/actualidad\/wp-json\/wp\/v2\/posts"}],"about":[{"href":"https:\/\/www.laguiadepamplona.com\/actualidad\/wp-json\/wp\/v2\/types\/post"}],"author":[{"embeddable":true,"href":"https:\/\/www.laguiadepamplona.com\/actualidad\/wp-json\/wp\/v2\/users\/1"}],"replies":[{"embeddable":true,"href":"https:\/\/www.laguiadepamplona.com\/actualidad\/wp-json\/wp\/v2\/comments?post=39962"}],"version-history":[{"count":0,"href":"https:\/\/www.laguiadepamplona.com\/actualidad\/wp-json\/wp\/v2\/posts\/39962\/revisions"}],"wp:featuredmedia":[{"embeddable":true,"href":"https:\/\/www.laguiadepamplona.com\/actualidad\/wp-json\/wp\/v2\/media\/39963"}],"wp:attachment":[{"href":"https:\/\/www.laguiadepamplona.com\/actualidad\/wp-json\/wp\/v2\/media?parent=39962"}],"wp:term":[{"taxonomy":"category","embeddable":true,"href":"https:\/\/www.laguiadepamplona.com\/actualidad\/wp-json\/wp\/v2\/categories?post=39962"},{"taxonomy":"post_tag","embeddable":true,"href":"https:\/\/www.laguiadepamplona.com\/actualidad\/wp-json\/wp\/v2\/tags?post=39962"}],"curies":[{"name":"wp","href":"https:\/\/api.w.org\/{rel}","templated":true}]}}