{"id":39960,"date":"2022-04-12T12:44:58","date_gmt":"2022-04-12T10:44:58","guid":{"rendered":"https:\/\/www.laguiadepamplona.com\/actualidad\/?p=39960"},"modified":"2023-04-11T11:48:18","modified_gmt":"2023-04-11T09:48:18","slug":"convocadas-las-ayudas-municipales-para-actividades-extraescolares-y-complementarias-en-centros-escolares-publicos-y-concertados-de-la-ciudad","status":"publish","type":"post","link":"https:\/\/www.laguiadepamplona.com\/actualidad\/convocadas-las-ayudas-municipales-para-actividades-extraescolares-y-complementarias-en-centros-escolares-publicos-y-concertados-de-la-ciudad\/","title":{"rendered":"Convocadas las ayudas municipales para actividades extraescolares y complementarias en centros escolares p\u00fablicos y concertados de la ciudad"},"content":{"rendered":"<h5>El 18 de abril finaliza el plazo de presentaci\u00f3n de solicitudes para una convocatoria dotada con 175.760 euros<\/h5>\n<p><!--more--><\/p>\n<p>El Ayuntamiento de Pamplona ha convocado un a\u00f1o m\u00e1s las ayudas, en r\u00e9gimen de evaluaci\u00f3n individualizada, para actividades extraescolares y complementarias de colegios p\u00fablicos y concertados, centros de educaci\u00f3n especial y centros de educaci\u00f3n b\u00e1sica para personas adultas durante el curso 2021 \u2013 2022. La convocatoria mantiene el presupuesto del pasado a\u00f1o y est\u00e1 dotada con 175.760 euros. El pr\u00f3ximo 18 de abril concluye el plazo para que los centros escolares presenten la documentaci\u00f3n requerida para concurrir a estas subvenciones.<br \/>\n<script async src=\"\/\/pagead2.googlesyndication.com\/pagead\/js\/adsbygoogle.js\"><\/script><br \/>\n<!-- Noticias La Guia de Pamplona --><br \/>\n<ins class=\"adsbygoogle\"\nstyle=\"display:block\"\ndata-ad-client=\"ca-pub-6943679897239327\"\ndata-ad-slot=\"7048180777\"\ndata-ad-format=\"auto\"><\/ins><br \/>\n<script>\n(adsbygoogle = window.adsbygoogle || []).push({});\n<\/script><\/p>\n<p>Esta convocatoria tiene como objetivo dar soporte a las iniciativas encaminadas a mejorar la calidad de la ense\u00f1anza mediante la realizaci\u00f3n de actividades en los centros escolares para complementar el curr\u00edculum escolar, as\u00ed como fomentar el ocio en los centros educativos de Pamplona, subvencionando la realizaci\u00f3n tanto de actividades complementarias como de actividades extraescolares propiamente dichas. Las actividades deber\u00e1n estar protagonizadas por el alumnado y dirigidas por el personal docente del centro escolar. Esas actividades podr\u00e1n ser subvencionadas al 100% por el Ayuntamiento de Pamplona y gratuitas para todo el alumnado.<\/p>\n<p>El c\u00e1lculo de la subvenci\u00f3n se llevar\u00e1 a cabo seg\u00fan cinco variantes. El 30% del dinero de la convocatoria se repartir\u00e1 entre los centros escolares que hayan presentado programa \u2013 presupuesto de actividades complementarias y extraescolares, a partes iguales. El 25% se distribuir\u00e1 entre los colegios solicitantes de manera proporcional a su alumnado total. El 35% se distribuir\u00e1 entre los colegios solicitantes de manera proporcional al alumnado de cada centro que aparezca registrado en el centro del Departamento de Educaci\u00f3n del Gobierno de Navarra como alumno o alumna desfavorecida. El 5% del presupuesto se distribuir\u00e1 a partes iguales entre los colegios solicitantes que incluyan en su programa \u2013 presupuesto, al menos una actividad que promueva o favorezca la igualdad entre ni\u00f1os y ni\u00f1as. El 5% se distribuir\u00e1 a partes iguales entre los colegios solicitantes que incluyan en ese programa \u2013 presupuesto, al menos un proyecto de aprendizaje y servicio.<br \/>\n<script async src=\"\/\/pagead2.googlesyndication.com\/pagead\/js\/adsbygoogle.js\"><\/script><br \/>\n<!-- Noticias La Guia de Pamplona --><br \/>\n<ins class=\"adsbygoogle\"\nstyle=\"display:block\"\ndata-ad-client=\"ca-pub-6943679897239327\"\ndata-ad-slot=\"7048180777\"\ndata-ad-format=\"auto\"><\/ins><br \/>\n<script>\n(adsbygoogle = window.adsbygoogle || []).push({});\n<\/script><\/p>\n<p>Las solicitudes deber\u00e1n presentarse telem\u00e1ticamente, a trav\u00e9s del tr\u00e1mite \u2018<a href=\"https:\/\/sedeelectronica.pamplona.es\/FichaTramite.aspx?id=112009TA&amp;idioma=1\" target=\"_blank\" rel=\"noopener\">Instancia general y env\u00edo al registro electr\u00f3nico<\/a>\u2019, publicado en la Sede Electr\u00f3nica del Ayuntamiento de Pamplona. La informaci\u00f3n sobre la convocatoria se puede consultar en <a href=\"http:\/\/www.pamplona.es\" target=\"_blank\" rel=\"noopener\">www.pamplona.es<\/a> y en el <a href=\"https:\/\/bon.navarra.es\/es\/anuncio\/-\/texto\/2022\/63\/40\" target=\"_blank\" rel=\"noopener\">Bolet\u00edn Oficial de Navarra n\u00famero 63 de 29 de marzo<\/a>. Los gastos subvencionables deber\u00e1n haberse realizado entre el 1 de septiembre de 2021 y el 25 de junio de 2022.<\/p>\n","protected":false},"excerpt":{"rendered":"<p>El 18 de abril finaliza el plazo de presentaci\u00f3n de solicitudes para una convocatoria dotada con 175.760 euros<\/p>\n","protected":false},"author":1,"featured_media":34353,"comment_status":"open","ping_status":"closed","sticky":false,"template":"","format":"standard","meta":{"footnotes":""},"categories":[2],"tags":[],"class_list":["post-39960","post","type-post","status-publish","format-standard","has-post-thumbnail","hentry","category-ayuntamiento-pamplona"],"yoast_head":"<!-- This site is optimized with the Yoast SEO plugin v27.3 - https:\/\/yoast.com\/product\/yoast-seo-wordpress\/ -->\n<title>Convocadas las ayudas municipales para actividades extraescolares y complementarias en centros escolares p\u00fablicos y concertados de la ciudad<\/title>\n<meta name=\"description\" content=\"El 18 de abril finaliza el plazo de presentaci\u00f3n de solicitudes para una convocatoria dotada con 175.760 euros\" \/>\n<meta name=\"robots\" content=\"index, follow, max-snippet:-1, max-image-preview:large, max-video-preview:-1\" \/>\n<link rel=\"canonical\" href=\"https:\/\/www.laguiadepamplona.com\/actualidad\/convocadas-las-ayudas-municipales-para-actividades-extraescolares-y-complementarias-en-centros-escolares-publicos-y-concertados-de-la-ciudad\/\" \/>\n<meta property=\"og:locale\" content=\"es_ES\" \/>\n<meta property=\"og:type\" content=\"article\" \/>\n<meta property=\"og:title\" content=\"Convocadas las ayudas municipales para actividades extraescolares y complementarias en centros escolares p\u00fablicos y concertados de la ciudad\" \/>\n<meta property=\"og:description\" content=\"El 18 de abril finaliza el plazo de presentaci\u00f3n de solicitudes para una convocatoria dotada con 175.760 euros\" \/>\n<meta property=\"og:url\" content=\"https:\/\/www.laguiadepamplona.com\/actualidad\/convocadas-las-ayudas-municipales-para-actividades-extraescolares-y-complementarias-en-centros-escolares-publicos-y-concertados-de-la-ciudad\/\" \/>\n<meta property=\"og:site_name\" content=\"La Gu\u00eda de Pamplona\" \/>\n<meta property=\"article:publisher\" content=\"https:\/\/www.facebook.com\/laguiadepamplonacom-133175176762273\/?ref=hl\" \/>\n<meta property=\"article:published_time\" content=\"2022-04-12T10:44:58+00:00\" \/>\n<meta property=\"article:modified_time\" content=\"2023-04-11T09:48:18+00:00\" \/>\n<meta property=\"og:image\" content=\"https:\/\/www.laguiadepamplona.com\/actualidad\/wp-content\/uploads\/2021\/04\/escuelas-infantiles.jpg\" \/>\n\t<meta property=\"og:image:width\" content=\"1920\" \/>\n\t<meta property=\"og:image:height\" content=\"1080\" \/>\n\t<meta property=\"og:image:type\" content=\"image\/jpeg\" \/>\n<meta name=\"author\" content=\"La Gu\u00eda de Pamplona\" \/>\n<meta name=\"twitter:card\" content=\"summary_large_image\" \/>\n<meta name=\"twitter:creator\" content=\"@LaGuiadPamplona\" \/>\n<meta name=\"twitter:site\" content=\"@LaGuiadPamplona\" \/>\n<meta name=\"twitter:label1\" content=\"Escrito por\" \/>\n\t<meta name=\"twitter:data1\" content=\"La Gu\u00eda de Pamplona\" \/>\n\t<meta name=\"twitter:label2\" content=\"Tiempo de lectura\" \/>\n\t<meta name=\"twitter:data2\" content=\"2 minutos\" \/>\n<script type=\"application\/ld+json\" class=\"yoast-schema-graph\">{\"@context\":\"https:\\\/\\\/schema.org\",\"@graph\":[{\"@type\":\"Article\",\"@id\":\"https:\\\/\\\/www.laguiadepamplona.com\\\/actualidad\\\/convocadas-las-ayudas-municipales-para-actividades-extraescolares-y-complementarias-en-centros-escolares-publicos-y-concertados-de-la-ciudad\\\/#article\",\"isPartOf\":{\"@id\":\"https:\\\/\\\/www.laguiadepamplona.com\\\/actualidad\\\/convocadas-las-ayudas-municipales-para-actividades-extraescolares-y-complementarias-en-centros-escolares-publicos-y-concertados-de-la-ciudad\\\/\"},\"author\":{\"name\":\"La Gu\u00eda de Pamplona\",\"@id\":\"https:\\\/\\\/www.laguiadepamplona.com\\\/actualidad\\\/#\\\/schema\\\/person\\\/efe887376f0213d4657c93adc50b1fdb\"},\"headline\":\"Convocadas las ayudas municipales para actividades extraescolares y complementarias en centros escolares p\u00fablicos y concertados de la ciudad\",\"datePublished\":\"2022-04-12T10:44:58+00:00\",\"dateModified\":\"2023-04-11T09:48:18+00:00\",\"mainEntityOfPage\":{\"@id\":\"https:\\\/\\\/www.laguiadepamplona.com\\\/actualidad\\\/convocadas-las-ayudas-municipales-para-actividades-extraescolares-y-complementarias-en-centros-escolares-publicos-y-concertados-de-la-ciudad\\\/\"},\"wordCount\":440,\"commentCount\":0,\"publisher\":{\"@id\":\"https:\\\/\\\/www.laguiadepamplona.com\\\/actualidad\\\/#organization\"},\"image\":{\"@id\":\"https:\\\/\\\/www.laguiadepamplona.com\\\/actualidad\\\/convocadas-las-ayudas-municipales-para-actividades-extraescolares-y-complementarias-en-centros-escolares-publicos-y-concertados-de-la-ciudad\\\/#primaryimage\"},\"thumbnailUrl\":\"https:\\\/\\\/www.laguiadepamplona.com\\\/actualidad\\\/wp-content\\\/uploads\\\/2021\\\/04\\\/escuelas-infantiles.jpg\",\"articleSection\":[\"Ayto Pamplona\"],\"inLanguage\":\"es\",\"potentialAction\":[{\"@type\":\"CommentAction\",\"name\":\"Comment\",\"target\":[\"https:\\\/\\\/www.laguiadepamplona.com\\\/actualidad\\\/convocadas-las-ayudas-municipales-para-actividades-extraescolares-y-complementarias-en-centros-escolares-publicos-y-concertados-de-la-ciudad\\\/#respond\"]}]},{\"@type\":\"WebPage\",\"@id\":\"https:\\\/\\\/www.laguiadepamplona.com\\\/actualidad\\\/convocadas-las-ayudas-municipales-para-actividades-extraescolares-y-complementarias-en-centros-escolares-publicos-y-concertados-de-la-ciudad\\\/\",\"url\":\"https:\\\/\\\/www.laguiadepamplona.com\\\/actualidad\\\/convocadas-las-ayudas-municipales-para-actividades-extraescolares-y-complementarias-en-centros-escolares-publicos-y-concertados-de-la-ciudad\\\/\",\"name\":\"Convocadas las ayudas municipales para actividades extraescolares y complementarias en centros escolares p\u00fablicos y concertados de la ciudad\",\"isPartOf\":{\"@id\":\"https:\\\/\\\/www.laguiadepamplona.com\\\/actualidad\\\/#website\"},\"primaryImageOfPage\":{\"@id\":\"https:\\\/\\\/www.laguiadepamplona.com\\\/actualidad\\\/convocadas-las-ayudas-municipales-para-actividades-extraescolares-y-complementarias-en-centros-escolares-publicos-y-concertados-de-la-ciudad\\\/#primaryimage\"},\"image\":{\"@id\":\"https:\\\/\\\/www.laguiadepamplona.com\\\/actualidad\\\/convocadas-las-ayudas-municipales-para-actividades-extraescolares-y-complementarias-en-centros-escolares-publicos-y-concertados-de-la-ciudad\\\/#primaryimage\"},\"thumbnailUrl\":\"https:\\\/\\\/www.laguiadepamplona.com\\\/actualidad\\\/wp-content\\\/uploads\\\/2021\\\/04\\\/escuelas-infantiles.jpg\",\"datePublished\":\"2022-04-12T10:44:58+00:00\",\"dateModified\":\"2023-04-11T09:48:18+00:00\",\"description\":\"El 18 de abril finaliza el plazo de presentaci\u00f3n de solicitudes para una convocatoria dotada con 175.760 euros\",\"breadcrumb\":{\"@id\":\"https:\\\/\\\/www.laguiadepamplona.com\\\/actualidad\\\/convocadas-las-ayudas-municipales-para-actividades-extraescolares-y-complementarias-en-centros-escolares-publicos-y-concertados-de-la-ciudad\\\/#breadcrumb\"},\"inLanguage\":\"es\",\"potentialAction\":[{\"@type\":\"ReadAction\",\"target\":[\"https:\\\/\\\/www.laguiadepamplona.com\\\/actualidad\\\/convocadas-las-ayudas-municipales-para-actividades-extraescolares-y-complementarias-en-centros-escolares-publicos-y-concertados-de-la-ciudad\\\/\"]}]},{\"@type\":\"ImageObject\",\"inLanguage\":\"es\",\"@id\":\"https:\\\/\\\/www.laguiadepamplona.com\\\/actualidad\\\/convocadas-las-ayudas-municipales-para-actividades-extraescolares-y-complementarias-en-centros-escolares-publicos-y-concertados-de-la-ciudad\\\/#primaryimage\",\"url\":\"https:\\\/\\\/www.laguiadepamplona.com\\\/actualidad\\\/wp-content\\\/uploads\\\/2021\\\/04\\\/escuelas-infantiles.jpg\",\"contentUrl\":\"https:\\\/\\\/www.laguiadepamplona.com\\\/actualidad\\\/wp-content\\\/uploads\\\/2021\\\/04\\\/escuelas-infantiles.jpg\",\"width\":1920,\"height\":1080},{\"@type\":\"BreadcrumbList\",\"@id\":\"https:\\\/\\\/www.laguiadepamplona.com\\\/actualidad\\\/convocadas-las-ayudas-municipales-para-actividades-extraescolares-y-complementarias-en-centros-escolares-publicos-y-concertados-de-la-ciudad\\\/#breadcrumb\",\"itemListElement\":[{\"@type\":\"ListItem\",\"position\":1,\"name\":\"Portada\",\"item\":\"https:\\\/\\\/www.laguiadepamplona.com\\\/actualidad\\\/\"},{\"@type\":\"ListItem\",\"position\":2,\"name\":\"Convocadas las ayudas municipales para actividades extraescolares y complementarias en centros escolares p\u00fablicos y concertados de la ciudad\"}]},{\"@type\":\"WebSite\",\"@id\":\"https:\\\/\\\/www.laguiadepamplona.com\\\/actualidad\\\/#website\",\"url\":\"https:\\\/\\\/www.laguiadepamplona.com\\\/actualidad\\\/\",\"name\":\"La gu\u00eda de Pamplona\",\"description\":\"Noticias de Pamplona\",\"publisher\":{\"@id\":\"https:\\\/\\\/www.laguiadepamplona.com\\\/actualidad\\\/#organization\"},\"potentialAction\":[{\"@type\":\"SearchAction\",\"target\":{\"@type\":\"EntryPoint\",\"urlTemplate\":\"https:\\\/\\\/www.laguiadepamplona.com\\\/actualidad\\\/?s={search_term_string}\"},\"query-input\":{\"@type\":\"PropertyValueSpecification\",\"valueRequired\":true,\"valueName\":\"search_term_string\"}}],\"inLanguage\":\"es\"},{\"@type\":\"Organization\",\"@id\":\"https:\\\/\\\/www.laguiadepamplona.com\\\/actualidad\\\/#organization\",\"name\":\"La Gu\u00eda de Pamplona \\\/ Noticias\",\"url\":\"https:\\\/\\\/www.laguiadepamplona.com\\\/actualidad\\\/\",\"logo\":{\"@type\":\"ImageObject\",\"inLanguage\":\"es\",\"@id\":\"https:\\\/\\\/www.laguiadepamplona.com\\\/actualidad\\\/#\\\/schema\\\/logo\\\/image\\\/\",\"url\":\"https:\\\/\\\/www.laguiadepamplona.com\\\/actualidad\\\/wp-content\\\/uploads\\\/2018\\\/11\\\/logo-laguiadepamplona18-web1.png\",\"contentUrl\":\"https:\\\/\\\/www.laguiadepamplona.com\\\/actualidad\\\/wp-content\\\/uploads\\\/2018\\\/11\\\/logo-laguiadepamplona18-web1.png\",\"width\":600,\"height\":196,\"caption\":\"La Gu\u00eda de Pamplona \\\/ Noticias\"},\"image\":{\"@id\":\"https:\\\/\\\/www.laguiadepamplona.com\\\/actualidad\\\/#\\\/schema\\\/logo\\\/image\\\/\"},\"sameAs\":[\"https:\\\/\\\/www.facebook.com\\\/laguiadepamplonacom-133175176762273\\\/?ref=hl\",\"https:\\\/\\\/x.com\\\/LaGuiadPamplona\",\"https:\\\/\\\/www.instagram.com\\\/la_guia_de_pamplona\\\/\",\"https:\\\/\\\/www.youtube.com\\\/user\\\/laguiadepamplona\"]},{\"@type\":\"Person\",\"@id\":\"https:\\\/\\\/www.laguiadepamplona.com\\\/actualidad\\\/#\\\/schema\\\/person\\\/efe887376f0213d4657c93adc50b1fdb\",\"name\":\"La Gu\u00eda de Pamplona\",\"image\":{\"@type\":\"ImageObject\",\"inLanguage\":\"es\",\"@id\":\"https:\\\/\\\/secure.gravatar.com\\\/avatar\\\/b6992f131dc8d30ab0dff15446e9d346d9dbd95992de0fef795073f5ea83a81c?s=96&d=mm&r=g\",\"url\":\"https:\\\/\\\/secure.gravatar.com\\\/avatar\\\/b6992f131dc8d30ab0dff15446e9d346d9dbd95992de0fef795073f5ea83a81c?s=96&d=mm&r=g\",\"contentUrl\":\"https:\\\/\\\/secure.gravatar.com\\\/avatar\\\/b6992f131dc8d30ab0dff15446e9d346d9dbd95992de0fef795073f5ea83a81c?s=96&d=mm&r=g\",\"caption\":\"La Gu\u00eda de Pamplona\"}}]}<\/script>\n<!-- \/ Yoast SEO plugin. -->","yoast_head_json":{"title":"Convocadas las ayudas municipales para actividades extraescolares y complementarias en centros escolares p\u00fablicos y concertados de la ciudad","description":"El 18 de abril finaliza el plazo de presentaci\u00f3n de solicitudes para una convocatoria dotada con 175.760 euros","robots":{"index":"index","follow":"follow","max-snippet":"max-snippet:-1","max-image-preview":"max-image-preview:large","max-video-preview":"max-video-preview:-1"},"canonical":"https:\/\/www.laguiadepamplona.com\/actualidad\/convocadas-las-ayudas-municipales-para-actividades-extraescolares-y-complementarias-en-centros-escolares-publicos-y-concertados-de-la-ciudad\/","og_locale":"es_ES","og_type":"article","og_title":"Convocadas las ayudas municipales para actividades extraescolares y complementarias en centros escolares p\u00fablicos y concertados de la ciudad","og_description":"El 18 de abril finaliza el plazo de presentaci\u00f3n de solicitudes para una convocatoria dotada con 175.760 euros","og_url":"https:\/\/www.laguiadepamplona.com\/actualidad\/convocadas-las-ayudas-municipales-para-actividades-extraescolares-y-complementarias-en-centros-escolares-publicos-y-concertados-de-la-ciudad\/","og_site_name":"La Gu\u00eda de Pamplona","article_publisher":"https:\/\/www.facebook.com\/laguiadepamplonacom-133175176762273\/?ref=hl","article_published_time":"2022-04-12T10:44:58+00:00","article_modified_time":"2023-04-11T09:48:18+00:00","og_image":[{"width":1920,"height":1080,"url":"https:\/\/www.laguiadepamplona.com\/actualidad\/wp-content\/uploads\/2021\/04\/escuelas-infantiles.jpg","type":"image\/jpeg"}],"author":"La Gu\u00eda de Pamplona","twitter_card":"summary_large_image","twitter_creator":"@LaGuiadPamplona","twitter_site":"@LaGuiadPamplona","twitter_misc":{"Escrito por":"La Gu\u00eda de Pamplona","Tiempo de lectura":"2 minutos"},"schema":{"@context":"https:\/\/schema.org","@graph":[{"@type":"Article","@id":"https:\/\/www.laguiadepamplona.com\/actualidad\/convocadas-las-ayudas-municipales-para-actividades-extraescolares-y-complementarias-en-centros-escolares-publicos-y-concertados-de-la-ciudad\/#article","isPartOf":{"@id":"https:\/\/www.laguiadepamplona.com\/actualidad\/convocadas-las-ayudas-municipales-para-actividades-extraescolares-y-complementarias-en-centros-escolares-publicos-y-concertados-de-la-ciudad\/"},"author":{"name":"La Gu\u00eda de Pamplona","@id":"https:\/\/www.laguiadepamplona.com\/actualidad\/#\/schema\/person\/efe887376f0213d4657c93adc50b1fdb"},"headline":"Convocadas las ayudas municipales para actividades extraescolares y complementarias en centros escolares p\u00fablicos y concertados de la ciudad","datePublished":"2022-04-12T10:44:58+00:00","dateModified":"2023-04-11T09:48:18+00:00","mainEntityOfPage":{"@id":"https:\/\/www.laguiadepamplona.com\/actualidad\/convocadas-las-ayudas-municipales-para-actividades-extraescolares-y-complementarias-en-centros-escolares-publicos-y-concertados-de-la-ciudad\/"},"wordCount":440,"commentCount":0,"publisher":{"@id":"https:\/\/www.laguiadepamplona.com\/actualidad\/#organization"},"image":{"@id":"https:\/\/www.laguiadepamplona.com\/actualidad\/convocadas-las-ayudas-municipales-para-actividades-extraescolares-y-complementarias-en-centros-escolares-publicos-y-concertados-de-la-ciudad\/#primaryimage"},"thumbnailUrl":"https:\/\/www.laguiadepamplona.com\/actualidad\/wp-content\/uploads\/2021\/04\/escuelas-infantiles.jpg","articleSection":["Ayto Pamplona"],"inLanguage":"es","potentialAction":[{"@type":"CommentAction","name":"Comment","target":["https:\/\/www.laguiadepamplona.com\/actualidad\/convocadas-las-ayudas-municipales-para-actividades-extraescolares-y-complementarias-en-centros-escolares-publicos-y-concertados-de-la-ciudad\/#respond"]}]},{"@type":"WebPage","@id":"https:\/\/www.laguiadepamplona.com\/actualidad\/convocadas-las-ayudas-municipales-para-actividades-extraescolares-y-complementarias-en-centros-escolares-publicos-y-concertados-de-la-ciudad\/","url":"https:\/\/www.laguiadepamplona.com\/actualidad\/convocadas-las-ayudas-municipales-para-actividades-extraescolares-y-complementarias-en-centros-escolares-publicos-y-concertados-de-la-ciudad\/","name":"Convocadas las ayudas municipales para actividades extraescolares y complementarias en centros escolares p\u00fablicos y concertados de la ciudad","isPartOf":{"@id":"https:\/\/www.laguiadepamplona.com\/actualidad\/#website"},"primaryImageOfPage":{"@id":"https:\/\/www.laguiadepamplona.com\/actualidad\/convocadas-las-ayudas-municipales-para-actividades-extraescolares-y-complementarias-en-centros-escolares-publicos-y-concertados-de-la-ciudad\/#primaryimage"},"image":{"@id":"https:\/\/www.laguiadepamplona.com\/actualidad\/convocadas-las-ayudas-municipales-para-actividades-extraescolares-y-complementarias-en-centros-escolares-publicos-y-concertados-de-la-ciudad\/#primaryimage"},"thumbnailUrl":"https:\/\/www.laguiadepamplona.com\/actualidad\/wp-content\/uploads\/2021\/04\/escuelas-infantiles.jpg","datePublished":"2022-04-12T10:44:58+00:00","dateModified":"2023-04-11T09:48:18+00:00","description":"El 18 de abril finaliza el plazo de presentaci\u00f3n de solicitudes para una convocatoria dotada con 175.760 euros","breadcrumb":{"@id":"https:\/\/www.laguiadepamplona.com\/actualidad\/convocadas-las-ayudas-municipales-para-actividades-extraescolares-y-complementarias-en-centros-escolares-publicos-y-concertados-de-la-ciudad\/#breadcrumb"},"inLanguage":"es","potentialAction":[{"@type":"ReadAction","target":["https:\/\/www.laguiadepamplona.com\/actualidad\/convocadas-las-ayudas-municipales-para-actividades-extraescolares-y-complementarias-en-centros-escolares-publicos-y-concertados-de-la-ciudad\/"]}]},{"@type":"ImageObject","inLanguage":"es","@id":"https:\/\/www.laguiadepamplona.com\/actualidad\/convocadas-las-ayudas-municipales-para-actividades-extraescolares-y-complementarias-en-centros-escolares-publicos-y-concertados-de-la-ciudad\/#primaryimage","url":"https:\/\/www.laguiadepamplona.com\/actualidad\/wp-content\/uploads\/2021\/04\/escuelas-infantiles.jpg","contentUrl":"https:\/\/www.laguiadepamplona.com\/actualidad\/wp-content\/uploads\/2021\/04\/escuelas-infantiles.jpg","width":1920,"height":1080},{"@type":"BreadcrumbList","@id":"https:\/\/www.laguiadepamplona.com\/actualidad\/convocadas-las-ayudas-municipales-para-actividades-extraescolares-y-complementarias-en-centros-escolares-publicos-y-concertados-de-la-ciudad\/#breadcrumb","itemListElement":[{"@type":"ListItem","position":1,"name":"Portada","item":"https:\/\/www.laguiadepamplona.com\/actualidad\/"},{"@type":"ListItem","position":2,"name":"Convocadas las ayudas municipales para actividades extraescolares y complementarias en centros escolares p\u00fablicos y concertados de la ciudad"}]},{"@type":"WebSite","@id":"https:\/\/www.laguiadepamplona.com\/actualidad\/#website","url":"https:\/\/www.laguiadepamplona.com\/actualidad\/","name":"La gu\u00eda de Pamplona","description":"Noticias de Pamplona","publisher":{"@id":"https:\/\/www.laguiadepamplona.com\/actualidad\/#organization"},"potentialAction":[{"@type":"SearchAction","target":{"@type":"EntryPoint","urlTemplate":"https:\/\/www.laguiadepamplona.com\/actualidad\/?s={search_term_string}"},"query-input":{"@type":"PropertyValueSpecification","valueRequired":true,"valueName":"search_term_string"}}],"inLanguage":"es"},{"@type":"Organization","@id":"https:\/\/www.laguiadepamplona.com\/actualidad\/#organization","name":"La Gu\u00eda de Pamplona \/ Noticias","url":"https:\/\/www.laguiadepamplona.com\/actualidad\/","logo":{"@type":"ImageObject","inLanguage":"es","@id":"https:\/\/www.laguiadepamplona.com\/actualidad\/#\/schema\/logo\/image\/","url":"https:\/\/www.laguiadepamplona.com\/actualidad\/wp-content\/uploads\/2018\/11\/logo-laguiadepamplona18-web1.png","contentUrl":"https:\/\/www.laguiadepamplona.com\/actualidad\/wp-content\/uploads\/2018\/11\/logo-laguiadepamplona18-web1.png","width":600,"height":196,"caption":"La Gu\u00eda de Pamplona \/ Noticias"},"image":{"@id":"https:\/\/www.laguiadepamplona.com\/actualidad\/#\/schema\/logo\/image\/"},"sameAs":["https:\/\/www.facebook.com\/laguiadepamplonacom-133175176762273\/?ref=hl","https:\/\/x.com\/LaGuiadPamplona","https:\/\/www.instagram.com\/la_guia_de_pamplona\/","https:\/\/www.youtube.com\/user\/laguiadepamplona"]},{"@type":"Person","@id":"https:\/\/www.laguiadepamplona.com\/actualidad\/#\/schema\/person\/efe887376f0213d4657c93adc50b1fdb","name":"La Gu\u00eda de Pamplona","image":{"@type":"ImageObject","inLanguage":"es","@id":"https:\/\/secure.gravatar.com\/avatar\/b6992f131dc8d30ab0dff15446e9d346d9dbd95992de0fef795073f5ea83a81c?s=96&d=mm&r=g","url":"https:\/\/secure.gravatar.com\/avatar\/b6992f131dc8d30ab0dff15446e9d346d9dbd95992de0fef795073f5ea83a81c?s=96&d=mm&r=g","contentUrl":"https:\/\/secure.gravatar.com\/avatar\/b6992f131dc8d30ab0dff15446e9d346d9dbd95992de0fef795073f5ea83a81c?s=96&d=mm&r=g","caption":"La Gu\u00eda de Pamplona"}}]}},"post_mailing_queue_ids":[],"_links":{"self":[{"href":"https:\/\/www.laguiadepamplona.com\/actualidad\/wp-json\/wp\/v2\/posts\/39960","targetHints":{"allow":["GET"]}}],"collection":[{"href":"https:\/\/www.laguiadepamplona.com\/actualidad\/wp-json\/wp\/v2\/posts"}],"about":[{"href":"https:\/\/www.laguiadepamplona.com\/actualidad\/wp-json\/wp\/v2\/types\/post"}],"author":[{"embeddable":true,"href":"https:\/\/www.laguiadepamplona.com\/actualidad\/wp-json\/wp\/v2\/users\/1"}],"replies":[{"embeddable":true,"href":"https:\/\/www.laguiadepamplona.com\/actualidad\/wp-json\/wp\/v2\/comments?post=39960"}],"version-history":[{"count":0,"href":"https:\/\/www.laguiadepamplona.com\/actualidad\/wp-json\/wp\/v2\/posts\/39960\/revisions"}],"wp:featuredmedia":[{"embeddable":true,"href":"https:\/\/www.laguiadepamplona.com\/actualidad\/wp-json\/wp\/v2\/media\/34353"}],"wp:attachment":[{"href":"https:\/\/www.laguiadepamplona.com\/actualidad\/wp-json\/wp\/v2\/media?parent=39960"}],"wp:term":[{"taxonomy":"category","embeddable":true,"href":"https:\/\/www.laguiadepamplona.com\/actualidad\/wp-json\/wp\/v2\/categories?post=39960"},{"taxonomy":"post_tag","embeddable":true,"href":"https:\/\/www.laguiadepamplona.com\/actualidad\/wp-json\/wp\/v2\/tags?post=39960"}],"curies":[{"name":"wp","href":"https:\/\/api.w.org\/{rel}","templated":true}]}}