{"id":39957,"date":"2022-04-12T12:43:28","date_gmt":"2022-04-12T10:43:28","guid":{"rendered":"https:\/\/www.laguiadepamplona.com\/actualidad\/?p=39957"},"modified":"2023-04-11T11:48:18","modified_gmt":"2023-04-11T09:48:18","slug":"la-comunicacion-interpersonal-y-el-bienestar-personal-en-las-personas-mayores-las-claves-de-dos-nuevos-talleres-gratuitos-organizados-por-el-ayuntamiento-y-el-telefono-de-la-esperanza","status":"publish","type":"post","link":"https:\/\/www.laguiadepamplona.com\/actualidad\/la-comunicacion-interpersonal-y-el-bienestar-personal-en-las-personas-mayores-las-claves-de-dos-nuevos-talleres-gratuitos-organizados-por-el-ayuntamiento-y-el-telefono-de-la-esperanza\/","title":{"rendered":"La comunicaci\u00f3n interpersonal y el bienestar personal en las personas mayores, las claves de dos nuevos talleres gratuitos organizados por el Ayuntamiento y el Tel\u00e9fono de la Esperanza"},"content":{"rendered":"<h5>Cada taller tendr\u00e1 cuatro sesiones de dos horas a lo largo del mes de mayo, y las inscripciones ya se pueden realizar a trav\u00e9s del tel\u00e9fono 948243040<\/h5>\n<p><!--more--><\/p>\n<p>Ya est\u00e1 abierto el periodo de inscripci\u00f3n para los dos talleres gratuitos que el Ayuntamiento de Pamplona y el Tel\u00e9fono de la Esperanza organizan a lo largo del mes de mayo orientados a personas mayores de 65 a\u00f1os. Se trata de \u2018Mejorar la comunicaci\u00f3n interpersonal\u2019, que se impartir\u00e1 los mi\u00e9rcoles 4,11,18 y 25 en Civivox Jus la Rocha en horario de cinco a siete de la tarde, y \u2018Trabajar el bienestar personal\u2019, que tendr\u00e1 lugar los martes 3,10,17 y 24 en Civivox Iturrama tambi\u00e9n de cinco a siete de la tarde. Las inscripciones se pueden realizar ya en el tel\u00e9fono 948.24.30.40, y las plazas se adjudicar\u00e1n por orden de llamada y preferencia para personas empadronadas en Pamplona.<br \/>\n<script async src=\"\/\/pagead2.googlesyndication.com\/pagead\/js\/adsbygoogle.js\"><\/script><br \/>\n<!-- Noticias La Guia de Pamplona --><br \/>\n<ins class=\"adsbygoogle\"\nstyle=\"display:block\"\ndata-ad-client=\"ca-pub-6943679897239327\"\ndata-ad-slot=\"7048180777\"\ndata-ad-format=\"auto\"><\/ins><br \/>\n<script>\n(adsbygoogle = window.adsbygoogle || []).push({});\n<\/script><\/p>\n<p>En el taller \u2018Trabajar el bienestar personal\u2019 se abordar\u00e1n cuestiones que habitualmente se hacen las personas mayores como \u2018\u00bfpuedo mejorar el cuidado que hago hacia m\u00ed?\u2019, \u2018\u00bfc\u00f3mo puedo autocuidarme?\u2019 o \u2018\u00bfc\u00f3mo hago frente a los pensamientos limitantes?\u2019. Adem\u00e1s, se dar\u00e1n pautas a las personas asistentes para hacer que sus relaciones sociales sean saludables y positivas, y se les ayudar\u00e1 a analizar lo que desde su experiencia pueden aportar a la sociedad y la manera en la que lo pueden hacer.<\/p>\n<p>Por su parte, el taller \u2018Mejorar la comunicaci\u00f3n interpersonal\u2019 abordar\u00e1 cuestiones que las personas mayores se hacen habitualmente respecto a sus relaciones con los dem\u00e1s. As\u00ed, a lo largo de las cuatro sesiones de las que se compone el taller, se dar\u00e1 respuesta a preguntas como \u2018\u00bfs\u00e9 c\u00f3mo me comunico?\u2019, \u2018\u00bfme hago entender y entiendo a los dem\u00e1s?\u2019, \u2018\u00bfqu\u00e9 transmito a trav\u00e9s de mi lenguaje no verbal?\u2019, o \u2018\u00bfc\u00f3mo puedo mejorar mi comunicaci\u00f3n?\u2019.<br \/>\n<script async src=\"\/\/pagead2.googlesyndication.com\/pagead\/js\/adsbygoogle.js\"><\/script><br \/>\n<!-- Noticias La Guia de Pamplona --><br \/>\n<ins class=\"adsbygoogle\"\nstyle=\"display:block\"\ndata-ad-client=\"ca-pub-6943679897239327\"\ndata-ad-slot=\"7048180777\"\ndata-ad-format=\"auto\"><\/ins><br \/>\n<script>\n(adsbygoogle = window.adsbygoogle || []).push({});\n<\/script><\/p>\n<p><strong>Objetivo: ayudar a las personas mayores de Pamplona a sentirse mejor<\/strong><\/p>\n<p>Estos nuevos talleres contin\u00faan con la iniciativa iniciada en 2021 encuadrada en el convenio firmado entre el Ayuntamiento de Pamplona y el Tel\u00e9fono de la Esperanza para desarrollar un programa de apoyo psicol\u00f3gico dirigido a personas mayores de 65 a\u00f1os. El objetivo es poner a su alcance un servicio cualificado y gratuito que ayude a superar las consecuencias emocionales derivadas de la crisis sanitaria de la COVID-19. El Consistorio aporta a la iniciativa 20.000 euros, contando con subvenci\u00f3n del Departamento de Derechos Sociales del Gobierno de Navarra.<\/p>\n<p>Esta iniciativa busca ofrecer a las personas mayores de Pamplona una formaci\u00f3n para que puedan sentirse mejor y a aprender a mejorar el bienestar emocional para poder hacer frente a las situaciones del d\u00eda a d\u00eda de forma m\u00e1s sosegada, tranquila y serena. En definitiva, para llevar una vida m\u00e1s sana y poder as\u00ed sentirse mejor en su d\u00eda a d\u00eda.<\/p>\n","protected":false},"excerpt":{"rendered":"<p>Cada taller tendr\u00e1 cuatro sesiones de dos horas a lo largo del mes de mayo, y las inscripciones ya se pueden realizar a trav\u00e9s del tel\u00e9fono 948243040<\/p>\n","protected":false},"author":1,"featured_media":39958,"comment_status":"open","ping_status":"closed","sticky":false,"template":"","format":"standard","meta":{"footnotes":""},"categories":[2],"tags":[],"class_list":["post-39957","post","type-post","status-publish","format-standard","has-post-thumbnail","hentry","category-ayuntamiento-pamplona"],"yoast_head":"<!-- This site is optimized with the Yoast SEO plugin v27.5 - https:\/\/yoast.com\/product\/yoast-seo-wordpress\/ -->\n<title>La comunicaci\u00f3n interpersonal y el bienestar personal en las personas mayores, las claves de dos nuevos talleres gratuitos organizados por el Ayuntamiento y el Tel\u00e9fono de la Esperanza<\/title>\n<meta name=\"description\" content=\"Cada taller tendr\u00e1 cuatro sesiones de dos horas a lo largo del mes de mayo, y las inscripciones ya se pueden realizar a trav\u00e9s del tel\u00e9fono 948243040\" \/>\n<meta name=\"robots\" content=\"index, follow, max-snippet:-1, max-image-preview:large, max-video-preview:-1\" \/>\n<link rel=\"canonical\" href=\"https:\/\/www.laguiadepamplona.com\/actualidad\/la-comunicacion-interpersonal-y-el-bienestar-personal-en-las-personas-mayores-las-claves-de-dos-nuevos-talleres-gratuitos-organizados-por-el-ayuntamiento-y-el-telefono-de-la-esperanza\/\" \/>\n<meta property=\"og:locale\" content=\"es_ES\" \/>\n<meta property=\"og:type\" content=\"article\" \/>\n<meta property=\"og:title\" content=\"La comunicaci\u00f3n interpersonal y el bienestar personal en las personas mayores, las claves de dos nuevos talleres gratuitos organizados por el Ayuntamiento y el Tel\u00e9fono de la Esperanza\" \/>\n<meta property=\"og:description\" content=\"Cada taller tendr\u00e1 cuatro sesiones de dos horas a lo largo del mes de mayo, y las inscripciones ya se pueden realizar a trav\u00e9s del tel\u00e9fono 948243040\" \/>\n<meta property=\"og:url\" content=\"https:\/\/www.laguiadepamplona.com\/actualidad\/la-comunicacion-interpersonal-y-el-bienestar-personal-en-las-personas-mayores-las-claves-de-dos-nuevos-talleres-gratuitos-organizados-por-el-ayuntamiento-y-el-telefono-de-la-esperanza\/\" \/>\n<meta property=\"og:site_name\" content=\"La Gu\u00eda de Pamplona\" \/>\n<meta property=\"article:publisher\" content=\"https:\/\/www.facebook.com\/laguiadepamplonacom-133175176762273\/?ref=hl\" \/>\n<meta property=\"article:published_time\" content=\"2022-04-12T10:43:28+00:00\" \/>\n<meta property=\"article:modified_time\" content=\"2023-04-11T09:48:18+00:00\" \/>\n<meta property=\"og:image\" content=\"https:\/\/www.laguiadepamplona.com\/actualidad\/wp-content\/uploads\/2022\/04\/taller-esperanza.png\" \/>\n\t<meta property=\"og:image:width\" content=\"964\" \/>\n\t<meta property=\"og:image:height\" content=\"537\" \/>\n\t<meta property=\"og:image:type\" content=\"image\/png\" \/>\n<meta name=\"author\" content=\"La Gu\u00eda de Pamplona\" \/>\n<meta name=\"twitter:card\" content=\"summary_large_image\" \/>\n<meta name=\"twitter:creator\" content=\"@LaGuiadPamplona\" \/>\n<meta name=\"twitter:site\" content=\"@LaGuiadPamplona\" \/>\n<meta name=\"twitter:label1\" content=\"Escrito por\" \/>\n\t<meta name=\"twitter:data1\" content=\"La Gu\u00eda de Pamplona\" \/>\n\t<meta name=\"twitter:label2\" content=\"Tiempo de lectura\" \/>\n\t<meta name=\"twitter:data2\" content=\"3 minutos\" \/>\n<script type=\"application\/ld+json\" class=\"yoast-schema-graph\">{\"@context\":\"https:\\\/\\\/schema.org\",\"@graph\":[{\"@type\":\"Article\",\"@id\":\"https:\\\/\\\/www.laguiadepamplona.com\\\/actualidad\\\/la-comunicacion-interpersonal-y-el-bienestar-personal-en-las-personas-mayores-las-claves-de-dos-nuevos-talleres-gratuitos-organizados-por-el-ayuntamiento-y-el-telefono-de-la-esperanza\\\/#article\",\"isPartOf\":{\"@id\":\"https:\\\/\\\/www.laguiadepamplona.com\\\/actualidad\\\/la-comunicacion-interpersonal-y-el-bienestar-personal-en-las-personas-mayores-las-claves-de-dos-nuevos-talleres-gratuitos-organizados-por-el-ayuntamiento-y-el-telefono-de-la-esperanza\\\/\"},\"author\":{\"name\":\"La Gu\u00eda de Pamplona\",\"@id\":\"https:\\\/\\\/www.laguiadepamplona.com\\\/actualidad\\\/#\\\/schema\\\/person\\\/efe887376f0213d4657c93adc50b1fdb\"},\"headline\":\"La comunicaci\u00f3n interpersonal y el bienestar personal en las personas mayores, las claves de dos nuevos talleres gratuitos organizados por el Ayuntamiento y el Tel\u00e9fono de la Esperanza\",\"datePublished\":\"2022-04-12T10:43:28+00:00\",\"dateModified\":\"2023-04-11T09:48:18+00:00\",\"mainEntityOfPage\":{\"@id\":\"https:\\\/\\\/www.laguiadepamplona.com\\\/actualidad\\\/la-comunicacion-interpersonal-y-el-bienestar-personal-en-las-personas-mayores-las-claves-de-dos-nuevos-talleres-gratuitos-organizados-por-el-ayuntamiento-y-el-telefono-de-la-esperanza\\\/\"},\"wordCount\":510,\"commentCount\":0,\"publisher\":{\"@id\":\"https:\\\/\\\/www.laguiadepamplona.com\\\/actualidad\\\/#organization\"},\"image\":{\"@id\":\"https:\\\/\\\/www.laguiadepamplona.com\\\/actualidad\\\/la-comunicacion-interpersonal-y-el-bienestar-personal-en-las-personas-mayores-las-claves-de-dos-nuevos-talleres-gratuitos-organizados-por-el-ayuntamiento-y-el-telefono-de-la-esperanza\\\/#primaryimage\"},\"thumbnailUrl\":\"https:\\\/\\\/www.laguiadepamplona.com\\\/actualidad\\\/wp-content\\\/uploads\\\/2022\\\/04\\\/taller-esperanza.png\",\"articleSection\":[\"Ayto Pamplona\"],\"inLanguage\":\"es\",\"potentialAction\":[{\"@type\":\"CommentAction\",\"name\":\"Comment\",\"target\":[\"https:\\\/\\\/www.laguiadepamplona.com\\\/actualidad\\\/la-comunicacion-interpersonal-y-el-bienestar-personal-en-las-personas-mayores-las-claves-de-dos-nuevos-talleres-gratuitos-organizados-por-el-ayuntamiento-y-el-telefono-de-la-esperanza\\\/#respond\"]}]},{\"@type\":\"WebPage\",\"@id\":\"https:\\\/\\\/www.laguiadepamplona.com\\\/actualidad\\\/la-comunicacion-interpersonal-y-el-bienestar-personal-en-las-personas-mayores-las-claves-de-dos-nuevos-talleres-gratuitos-organizados-por-el-ayuntamiento-y-el-telefono-de-la-esperanza\\\/\",\"url\":\"https:\\\/\\\/www.laguiadepamplona.com\\\/actualidad\\\/la-comunicacion-interpersonal-y-el-bienestar-personal-en-las-personas-mayores-las-claves-de-dos-nuevos-talleres-gratuitos-organizados-por-el-ayuntamiento-y-el-telefono-de-la-esperanza\\\/\",\"name\":\"La comunicaci\u00f3n interpersonal y el bienestar personal en las personas mayores, las claves de dos nuevos talleres gratuitos organizados por el Ayuntamiento y el Tel\u00e9fono de la Esperanza\",\"isPartOf\":{\"@id\":\"https:\\\/\\\/www.laguiadepamplona.com\\\/actualidad\\\/#website\"},\"primaryImageOfPage\":{\"@id\":\"https:\\\/\\\/www.laguiadepamplona.com\\\/actualidad\\\/la-comunicacion-interpersonal-y-el-bienestar-personal-en-las-personas-mayores-las-claves-de-dos-nuevos-talleres-gratuitos-organizados-por-el-ayuntamiento-y-el-telefono-de-la-esperanza\\\/#primaryimage\"},\"image\":{\"@id\":\"https:\\\/\\\/www.laguiadepamplona.com\\\/actualidad\\\/la-comunicacion-interpersonal-y-el-bienestar-personal-en-las-personas-mayores-las-claves-de-dos-nuevos-talleres-gratuitos-organizados-por-el-ayuntamiento-y-el-telefono-de-la-esperanza\\\/#primaryimage\"},\"thumbnailUrl\":\"https:\\\/\\\/www.laguiadepamplona.com\\\/actualidad\\\/wp-content\\\/uploads\\\/2022\\\/04\\\/taller-esperanza.png\",\"datePublished\":\"2022-04-12T10:43:28+00:00\",\"dateModified\":\"2023-04-11T09:48:18+00:00\",\"description\":\"Cada taller tendr\u00e1 cuatro sesiones de dos horas a lo largo del mes de mayo, y las inscripciones ya se pueden realizar a trav\u00e9s del tel\u00e9fono 948243040\",\"breadcrumb\":{\"@id\":\"https:\\\/\\\/www.laguiadepamplona.com\\\/actualidad\\\/la-comunicacion-interpersonal-y-el-bienestar-personal-en-las-personas-mayores-las-claves-de-dos-nuevos-talleres-gratuitos-organizados-por-el-ayuntamiento-y-el-telefono-de-la-esperanza\\\/#breadcrumb\"},\"inLanguage\":\"es\",\"potentialAction\":[{\"@type\":\"ReadAction\",\"target\":[\"https:\\\/\\\/www.laguiadepamplona.com\\\/actualidad\\\/la-comunicacion-interpersonal-y-el-bienestar-personal-en-las-personas-mayores-las-claves-de-dos-nuevos-talleres-gratuitos-organizados-por-el-ayuntamiento-y-el-telefono-de-la-esperanza\\\/\"]}]},{\"@type\":\"ImageObject\",\"inLanguage\":\"es\",\"@id\":\"https:\\\/\\\/www.laguiadepamplona.com\\\/actualidad\\\/la-comunicacion-interpersonal-y-el-bienestar-personal-en-las-personas-mayores-las-claves-de-dos-nuevos-talleres-gratuitos-organizados-por-el-ayuntamiento-y-el-telefono-de-la-esperanza\\\/#primaryimage\",\"url\":\"https:\\\/\\\/www.laguiadepamplona.com\\\/actualidad\\\/wp-content\\\/uploads\\\/2022\\\/04\\\/taller-esperanza.png\",\"contentUrl\":\"https:\\\/\\\/www.laguiadepamplona.com\\\/actualidad\\\/wp-content\\\/uploads\\\/2022\\\/04\\\/taller-esperanza.png\",\"width\":964,\"height\":537,\"caption\":\"taller esperanza\"},{\"@type\":\"BreadcrumbList\",\"@id\":\"https:\\\/\\\/www.laguiadepamplona.com\\\/actualidad\\\/la-comunicacion-interpersonal-y-el-bienestar-personal-en-las-personas-mayores-las-claves-de-dos-nuevos-talleres-gratuitos-organizados-por-el-ayuntamiento-y-el-telefono-de-la-esperanza\\\/#breadcrumb\",\"itemListElement\":[{\"@type\":\"ListItem\",\"position\":1,\"name\":\"Portada\",\"item\":\"https:\\\/\\\/www.laguiadepamplona.com\\\/actualidad\\\/\"},{\"@type\":\"ListItem\",\"position\":2,\"name\":\"La comunicaci\u00f3n interpersonal y el bienestar personal en las personas mayores, las claves de dos nuevos talleres gratuitos organizados por el Ayuntamiento y el Tel\u00e9fono de la Esperanza\"}]},{\"@type\":\"WebSite\",\"@id\":\"https:\\\/\\\/www.laguiadepamplona.com\\\/actualidad\\\/#website\",\"url\":\"https:\\\/\\\/www.laguiadepamplona.com\\\/actualidad\\\/\",\"name\":\"La gu\u00eda de Pamplona\",\"description\":\"Noticias de Pamplona\",\"publisher\":{\"@id\":\"https:\\\/\\\/www.laguiadepamplona.com\\\/actualidad\\\/#organization\"},\"potentialAction\":[{\"@type\":\"SearchAction\",\"target\":{\"@type\":\"EntryPoint\",\"urlTemplate\":\"https:\\\/\\\/www.laguiadepamplona.com\\\/actualidad\\\/?s={search_term_string}\"},\"query-input\":{\"@type\":\"PropertyValueSpecification\",\"valueRequired\":true,\"valueName\":\"search_term_string\"}}],\"inLanguage\":\"es\"},{\"@type\":\"Organization\",\"@id\":\"https:\\\/\\\/www.laguiadepamplona.com\\\/actualidad\\\/#organization\",\"name\":\"La Gu\u00eda de Pamplona \\\/ Noticias\",\"url\":\"https:\\\/\\\/www.laguiadepamplona.com\\\/actualidad\\\/\",\"logo\":{\"@type\":\"ImageObject\",\"inLanguage\":\"es\",\"@id\":\"https:\\\/\\\/www.laguiadepamplona.com\\\/actualidad\\\/#\\\/schema\\\/logo\\\/image\\\/\",\"url\":\"https:\\\/\\\/www.laguiadepamplona.com\\\/actualidad\\\/wp-content\\\/uploads\\\/2018\\\/11\\\/logo-laguiadepamplona18-web1.png\",\"contentUrl\":\"https:\\\/\\\/www.laguiadepamplona.com\\\/actualidad\\\/wp-content\\\/uploads\\\/2018\\\/11\\\/logo-laguiadepamplona18-web1.png\",\"width\":600,\"height\":196,\"caption\":\"La Gu\u00eda de Pamplona \\\/ Noticias\"},\"image\":{\"@id\":\"https:\\\/\\\/www.laguiadepamplona.com\\\/actualidad\\\/#\\\/schema\\\/logo\\\/image\\\/\"},\"sameAs\":[\"https:\\\/\\\/www.facebook.com\\\/laguiadepamplonacom-133175176762273\\\/?ref=hl\",\"https:\\\/\\\/x.com\\\/LaGuiadPamplona\",\"https:\\\/\\\/www.instagram.com\\\/la_guia_de_pamplona\\\/\",\"https:\\\/\\\/www.youtube.com\\\/user\\\/laguiadepamplona\"]},{\"@type\":\"Person\",\"@id\":\"https:\\\/\\\/www.laguiadepamplona.com\\\/actualidad\\\/#\\\/schema\\\/person\\\/efe887376f0213d4657c93adc50b1fdb\",\"name\":\"La Gu\u00eda de Pamplona\",\"image\":{\"@type\":\"ImageObject\",\"inLanguage\":\"es\",\"@id\":\"https:\\\/\\\/secure.gravatar.com\\\/avatar\\\/b6992f131dc8d30ab0dff15446e9d346d9dbd95992de0fef795073f5ea83a81c?s=96&d=mm&r=g\",\"url\":\"https:\\\/\\\/secure.gravatar.com\\\/avatar\\\/b6992f131dc8d30ab0dff15446e9d346d9dbd95992de0fef795073f5ea83a81c?s=96&d=mm&r=g\",\"contentUrl\":\"https:\\\/\\\/secure.gravatar.com\\\/avatar\\\/b6992f131dc8d30ab0dff15446e9d346d9dbd95992de0fef795073f5ea83a81c?s=96&d=mm&r=g\",\"caption\":\"La Gu\u00eda de Pamplona\"}}]}<\/script>\n<!-- \/ Yoast SEO plugin. -->","yoast_head_json":{"title":"La comunicaci\u00f3n interpersonal y el bienestar personal en las personas mayores, las claves de dos nuevos talleres gratuitos organizados por el Ayuntamiento y el Tel\u00e9fono de la Esperanza","description":"Cada taller tendr\u00e1 cuatro sesiones de dos horas a lo largo del mes de mayo, y las inscripciones ya se pueden realizar a trav\u00e9s del tel\u00e9fono 948243040","robots":{"index":"index","follow":"follow","max-snippet":"max-snippet:-1","max-image-preview":"max-image-preview:large","max-video-preview":"max-video-preview:-1"},"canonical":"https:\/\/www.laguiadepamplona.com\/actualidad\/la-comunicacion-interpersonal-y-el-bienestar-personal-en-las-personas-mayores-las-claves-de-dos-nuevos-talleres-gratuitos-organizados-por-el-ayuntamiento-y-el-telefono-de-la-esperanza\/","og_locale":"es_ES","og_type":"article","og_title":"La comunicaci\u00f3n interpersonal y el bienestar personal en las personas mayores, las claves de dos nuevos talleres gratuitos organizados por el Ayuntamiento y el Tel\u00e9fono de la Esperanza","og_description":"Cada taller tendr\u00e1 cuatro sesiones de dos horas a lo largo del mes de mayo, y las inscripciones ya se pueden realizar a trav\u00e9s del tel\u00e9fono 948243040","og_url":"https:\/\/www.laguiadepamplona.com\/actualidad\/la-comunicacion-interpersonal-y-el-bienestar-personal-en-las-personas-mayores-las-claves-de-dos-nuevos-talleres-gratuitos-organizados-por-el-ayuntamiento-y-el-telefono-de-la-esperanza\/","og_site_name":"La Gu\u00eda de Pamplona","article_publisher":"https:\/\/www.facebook.com\/laguiadepamplonacom-133175176762273\/?ref=hl","article_published_time":"2022-04-12T10:43:28+00:00","article_modified_time":"2023-04-11T09:48:18+00:00","og_image":[{"width":964,"height":537,"url":"https:\/\/www.laguiadepamplona.com\/actualidad\/wp-content\/uploads\/2022\/04\/taller-esperanza.png","type":"image\/png"}],"author":"La Gu\u00eda de Pamplona","twitter_card":"summary_large_image","twitter_creator":"@LaGuiadPamplona","twitter_site":"@LaGuiadPamplona","twitter_misc":{"Escrito por":"La Gu\u00eda de Pamplona","Tiempo de lectura":"3 minutos"},"schema":{"@context":"https:\/\/schema.org","@graph":[{"@type":"Article","@id":"https:\/\/www.laguiadepamplona.com\/actualidad\/la-comunicacion-interpersonal-y-el-bienestar-personal-en-las-personas-mayores-las-claves-de-dos-nuevos-talleres-gratuitos-organizados-por-el-ayuntamiento-y-el-telefono-de-la-esperanza\/#article","isPartOf":{"@id":"https:\/\/www.laguiadepamplona.com\/actualidad\/la-comunicacion-interpersonal-y-el-bienestar-personal-en-las-personas-mayores-las-claves-de-dos-nuevos-talleres-gratuitos-organizados-por-el-ayuntamiento-y-el-telefono-de-la-esperanza\/"},"author":{"name":"La Gu\u00eda de Pamplona","@id":"https:\/\/www.laguiadepamplona.com\/actualidad\/#\/schema\/person\/efe887376f0213d4657c93adc50b1fdb"},"headline":"La comunicaci\u00f3n interpersonal y el bienestar personal en las personas mayores, las claves de dos nuevos talleres gratuitos organizados por el Ayuntamiento y el Tel\u00e9fono de la Esperanza","datePublished":"2022-04-12T10:43:28+00:00","dateModified":"2023-04-11T09:48:18+00:00","mainEntityOfPage":{"@id":"https:\/\/www.laguiadepamplona.com\/actualidad\/la-comunicacion-interpersonal-y-el-bienestar-personal-en-las-personas-mayores-las-claves-de-dos-nuevos-talleres-gratuitos-organizados-por-el-ayuntamiento-y-el-telefono-de-la-esperanza\/"},"wordCount":510,"commentCount":0,"publisher":{"@id":"https:\/\/www.laguiadepamplona.com\/actualidad\/#organization"},"image":{"@id":"https:\/\/www.laguiadepamplona.com\/actualidad\/la-comunicacion-interpersonal-y-el-bienestar-personal-en-las-personas-mayores-las-claves-de-dos-nuevos-talleres-gratuitos-organizados-por-el-ayuntamiento-y-el-telefono-de-la-esperanza\/#primaryimage"},"thumbnailUrl":"https:\/\/www.laguiadepamplona.com\/actualidad\/wp-content\/uploads\/2022\/04\/taller-esperanza.png","articleSection":["Ayto Pamplona"],"inLanguage":"es","potentialAction":[{"@type":"CommentAction","name":"Comment","target":["https:\/\/www.laguiadepamplona.com\/actualidad\/la-comunicacion-interpersonal-y-el-bienestar-personal-en-las-personas-mayores-las-claves-de-dos-nuevos-talleres-gratuitos-organizados-por-el-ayuntamiento-y-el-telefono-de-la-esperanza\/#respond"]}]},{"@type":"WebPage","@id":"https:\/\/www.laguiadepamplona.com\/actualidad\/la-comunicacion-interpersonal-y-el-bienestar-personal-en-las-personas-mayores-las-claves-de-dos-nuevos-talleres-gratuitos-organizados-por-el-ayuntamiento-y-el-telefono-de-la-esperanza\/","url":"https:\/\/www.laguiadepamplona.com\/actualidad\/la-comunicacion-interpersonal-y-el-bienestar-personal-en-las-personas-mayores-las-claves-de-dos-nuevos-talleres-gratuitos-organizados-por-el-ayuntamiento-y-el-telefono-de-la-esperanza\/","name":"La comunicaci\u00f3n interpersonal y el bienestar personal en las personas mayores, las claves de dos nuevos talleres gratuitos organizados por el Ayuntamiento y el Tel\u00e9fono de la Esperanza","isPartOf":{"@id":"https:\/\/www.laguiadepamplona.com\/actualidad\/#website"},"primaryImageOfPage":{"@id":"https:\/\/www.laguiadepamplona.com\/actualidad\/la-comunicacion-interpersonal-y-el-bienestar-personal-en-las-personas-mayores-las-claves-de-dos-nuevos-talleres-gratuitos-organizados-por-el-ayuntamiento-y-el-telefono-de-la-esperanza\/#primaryimage"},"image":{"@id":"https:\/\/www.laguiadepamplona.com\/actualidad\/la-comunicacion-interpersonal-y-el-bienestar-personal-en-las-personas-mayores-las-claves-de-dos-nuevos-talleres-gratuitos-organizados-por-el-ayuntamiento-y-el-telefono-de-la-esperanza\/#primaryimage"},"thumbnailUrl":"https:\/\/www.laguiadepamplona.com\/actualidad\/wp-content\/uploads\/2022\/04\/taller-esperanza.png","datePublished":"2022-04-12T10:43:28+00:00","dateModified":"2023-04-11T09:48:18+00:00","description":"Cada taller tendr\u00e1 cuatro sesiones de dos horas a lo largo del mes de mayo, y las inscripciones ya se pueden realizar a trav\u00e9s del tel\u00e9fono 948243040","breadcrumb":{"@id":"https:\/\/www.laguiadepamplona.com\/actualidad\/la-comunicacion-interpersonal-y-el-bienestar-personal-en-las-personas-mayores-las-claves-de-dos-nuevos-talleres-gratuitos-organizados-por-el-ayuntamiento-y-el-telefono-de-la-esperanza\/#breadcrumb"},"inLanguage":"es","potentialAction":[{"@type":"ReadAction","target":["https:\/\/www.laguiadepamplona.com\/actualidad\/la-comunicacion-interpersonal-y-el-bienestar-personal-en-las-personas-mayores-las-claves-de-dos-nuevos-talleres-gratuitos-organizados-por-el-ayuntamiento-y-el-telefono-de-la-esperanza\/"]}]},{"@type":"ImageObject","inLanguage":"es","@id":"https:\/\/www.laguiadepamplona.com\/actualidad\/la-comunicacion-interpersonal-y-el-bienestar-personal-en-las-personas-mayores-las-claves-de-dos-nuevos-talleres-gratuitos-organizados-por-el-ayuntamiento-y-el-telefono-de-la-esperanza\/#primaryimage","url":"https:\/\/www.laguiadepamplona.com\/actualidad\/wp-content\/uploads\/2022\/04\/taller-esperanza.png","contentUrl":"https:\/\/www.laguiadepamplona.com\/actualidad\/wp-content\/uploads\/2022\/04\/taller-esperanza.png","width":964,"height":537,"caption":"taller esperanza"},{"@type":"BreadcrumbList","@id":"https:\/\/www.laguiadepamplona.com\/actualidad\/la-comunicacion-interpersonal-y-el-bienestar-personal-en-las-personas-mayores-las-claves-de-dos-nuevos-talleres-gratuitos-organizados-por-el-ayuntamiento-y-el-telefono-de-la-esperanza\/#breadcrumb","itemListElement":[{"@type":"ListItem","position":1,"name":"Portada","item":"https:\/\/www.laguiadepamplona.com\/actualidad\/"},{"@type":"ListItem","position":2,"name":"La comunicaci\u00f3n interpersonal y el bienestar personal en las personas mayores, las claves de dos nuevos talleres gratuitos organizados por el Ayuntamiento y el Tel\u00e9fono de la Esperanza"}]},{"@type":"WebSite","@id":"https:\/\/www.laguiadepamplona.com\/actualidad\/#website","url":"https:\/\/www.laguiadepamplona.com\/actualidad\/","name":"La gu\u00eda de Pamplona","description":"Noticias de Pamplona","publisher":{"@id":"https:\/\/www.laguiadepamplona.com\/actualidad\/#organization"},"potentialAction":[{"@type":"SearchAction","target":{"@type":"EntryPoint","urlTemplate":"https:\/\/www.laguiadepamplona.com\/actualidad\/?s={search_term_string}"},"query-input":{"@type":"PropertyValueSpecification","valueRequired":true,"valueName":"search_term_string"}}],"inLanguage":"es"},{"@type":"Organization","@id":"https:\/\/www.laguiadepamplona.com\/actualidad\/#organization","name":"La Gu\u00eda de Pamplona \/ Noticias","url":"https:\/\/www.laguiadepamplona.com\/actualidad\/","logo":{"@type":"ImageObject","inLanguage":"es","@id":"https:\/\/www.laguiadepamplona.com\/actualidad\/#\/schema\/logo\/image\/","url":"https:\/\/www.laguiadepamplona.com\/actualidad\/wp-content\/uploads\/2018\/11\/logo-laguiadepamplona18-web1.png","contentUrl":"https:\/\/www.laguiadepamplona.com\/actualidad\/wp-content\/uploads\/2018\/11\/logo-laguiadepamplona18-web1.png","width":600,"height":196,"caption":"La Gu\u00eda de Pamplona \/ Noticias"},"image":{"@id":"https:\/\/www.laguiadepamplona.com\/actualidad\/#\/schema\/logo\/image\/"},"sameAs":["https:\/\/www.facebook.com\/laguiadepamplonacom-133175176762273\/?ref=hl","https:\/\/x.com\/LaGuiadPamplona","https:\/\/www.instagram.com\/la_guia_de_pamplona\/","https:\/\/www.youtube.com\/user\/laguiadepamplona"]},{"@type":"Person","@id":"https:\/\/www.laguiadepamplona.com\/actualidad\/#\/schema\/person\/efe887376f0213d4657c93adc50b1fdb","name":"La Gu\u00eda de Pamplona","image":{"@type":"ImageObject","inLanguage":"es","@id":"https:\/\/secure.gravatar.com\/avatar\/b6992f131dc8d30ab0dff15446e9d346d9dbd95992de0fef795073f5ea83a81c?s=96&d=mm&r=g","url":"https:\/\/secure.gravatar.com\/avatar\/b6992f131dc8d30ab0dff15446e9d346d9dbd95992de0fef795073f5ea83a81c?s=96&d=mm&r=g","contentUrl":"https:\/\/secure.gravatar.com\/avatar\/b6992f131dc8d30ab0dff15446e9d346d9dbd95992de0fef795073f5ea83a81c?s=96&d=mm&r=g","caption":"La Gu\u00eda de Pamplona"}}]}},"post_mailing_queue_ids":[],"_links":{"self":[{"href":"https:\/\/www.laguiadepamplona.com\/actualidad\/wp-json\/wp\/v2\/posts\/39957","targetHints":{"allow":["GET"]}}],"collection":[{"href":"https:\/\/www.laguiadepamplona.com\/actualidad\/wp-json\/wp\/v2\/posts"}],"about":[{"href":"https:\/\/www.laguiadepamplona.com\/actualidad\/wp-json\/wp\/v2\/types\/post"}],"author":[{"embeddable":true,"href":"https:\/\/www.laguiadepamplona.com\/actualidad\/wp-json\/wp\/v2\/users\/1"}],"replies":[{"embeddable":true,"href":"https:\/\/www.laguiadepamplona.com\/actualidad\/wp-json\/wp\/v2\/comments?post=39957"}],"version-history":[{"count":0,"href":"https:\/\/www.laguiadepamplona.com\/actualidad\/wp-json\/wp\/v2\/posts\/39957\/revisions"}],"wp:featuredmedia":[{"embeddable":true,"href":"https:\/\/www.laguiadepamplona.com\/actualidad\/wp-json\/wp\/v2\/media\/39958"}],"wp:attachment":[{"href":"https:\/\/www.laguiadepamplona.com\/actualidad\/wp-json\/wp\/v2\/media?parent=39957"}],"wp:term":[{"taxonomy":"category","embeddable":true,"href":"https:\/\/www.laguiadepamplona.com\/actualidad\/wp-json\/wp\/v2\/categories?post=39957"},{"taxonomy":"post_tag","embeddable":true,"href":"https:\/\/www.laguiadepamplona.com\/actualidad\/wp-json\/wp\/v2\/tags?post=39957"}],"curies":[{"name":"wp","href":"https:\/\/api.w.org\/{rel}","templated":true}]}}