{"id":39954,"date":"2022-04-12T12:42:12","date_gmt":"2022-04-12T10:42:12","guid":{"rendered":"https:\/\/www.laguiadepamplona.com\/actualidad\/?p=39954"},"modified":"2023-04-11T11:48:18","modified_gmt":"2023-04-11T09:48:18","slug":"la-segunda-fase-de-las-obras-del-ascensor-de-trinitarios-mejorara-la-conexion-peatonal-con-la-calle-cuesta-de-larraina-y-la-taconera","status":"publish","type":"post","link":"https:\/\/www.laguiadepamplona.com\/actualidad\/la-segunda-fase-de-las-obras-del-ascensor-de-trinitarios-mejorara-la-conexion-peatonal-con-la-calle-cuesta-de-larraina-y-la-taconera\/","title":{"rendered":"La segunda fase de las obras del ascensor de Trinitarios mejorar\u00e1 la conexi\u00f3n peatonal con la calle Cuesta de Larraina y la Taconera"},"content":{"rendered":"<h5>Las obras de esta nueva fase convierten adem\u00e1s el aparcamiento disuasorio de la antigua gr\u00faa en un parque de 4.000 m<sup>2<\/sup><\/h5>\n<p><!--more--><\/p>\n<p>La Gerencia de Urbanismo tratar\u00e1 en su sesi\u00f3n de ma\u00f1ana mi\u00e9rcoles la convocatoria del contrato de obras de la segunda fase de la reurbanizaci\u00f3n del entorno del ascensor que se est\u00e1 construyendo actualmente en Trinitarios. Esta nueva fase de los trabajos afecta tanto al antiguo aparcamiento de la gr\u00faa, que se convertir\u00e1 en un parque de 4.000 metros cuadrados, como a la zona superior del ascensor, en su conexi\u00f3n con la calle L\u00f3pez Sanz, la calle cuesta de Larraina, las casas de Larraina y la Taconera.<br \/>\n<script async src=\"\/\/pagead2.googlesyndication.com\/pagead\/js\/adsbygoogle.js\"><\/script><br \/>\n<!-- Noticias La Guia de Pamplona --><br \/>\n<ins class=\"adsbygoogle\"\nstyle=\"display:block\"\ndata-ad-client=\"ca-pub-6943679897239327\"\ndata-ad-slot=\"7048180777\"\ndata-ad-format=\"auto\"><\/ins><br \/>\n<script>\n(adsbygoogle = window.adsbygoogle || []).push({});\n<\/script><\/p>\n<p>El presupuesto de esta actuaci\u00f3n asciende a 780.260,82 euros, con un plazo de ejecuci\u00f3n de seis meses. Los trabajos se prev\u00e9 que puedan comenzar en el mes de octubre, coincidiendo con la ejecuci\u00f3n de la primera fase, que comenz\u00f3 el pasado mes de marzo, y que tiene como principal objetivo la construcci\u00f3n del ascensor propiamente dicho, as\u00ed como la integraci\u00f3n de todos los recorridos peatonales del entorno. Tanto la primera como la segunda fase de estas obras est\u00e1n financiadas por los fondos europeos Next Generation EU, en el marco del Plan de Recuperaci\u00f3n, Transformaci\u00f3n y Resiliencia (PRTR).<\/p>\n<p>Esta segunda fase se desarrollar\u00e1 tanto en la parte inferior como en la parte superior del \u00e1mbito de actuaci\u00f3n del ascensor. La superficie de actuaci\u00f3n en la zona inferior es de 4.418 metros cuadrados, que se corresponde con el aparcamiento provisional de la antigua gr\u00faa. Se transformar\u00e1 mediante un tratamiento de parque en un espacio verde conforme a las previsiones del Plan Municipal de Pamplona. Se generar\u00e1 un camino de conexi\u00f3n desde la avenida de Gipuzkoa hasta la base del elevador, que conectar\u00e1 tambi\u00e9n con los caminos peatonales adyacentes.<br \/>\n<script async src=\"\/\/pagead2.googlesyndication.com\/pagead\/js\/adsbygoogle.js\"><\/script><br \/>\n<!-- Noticias La Guia de Pamplona --><br \/>\n<ins class=\"adsbygoogle\"\nstyle=\"display:block\"\ndata-ad-client=\"ca-pub-6943679897239327\"\ndata-ad-slot=\"7048180777\"\ndata-ad-format=\"auto\"><\/ins><br \/>\n<script>\n(adsbygoogle = window.adsbygoogle || []).push({});\n<\/script><\/p>\n<p>En la parte superior, la superficie de actuaci\u00f3n es de aproximadamente 5.800 m<sup>2<\/sup>. Las obras previstas afectan a la calle Doctor L\u00f3pez Sanz, las viviendas del Grupo Larraina, la cuesta de la Reina y el tramo peatonal del parque de la Taconera. Se incluyen las obras de reurbanizaci\u00f3n modific\u00e1ndose la secci\u00f3n de la calle cuesta de la Reina que ser\u00e1 el principal recorrido peatonal y ciclista de acceso al ascensor. Se ampl\u00edan las aceras incluyendo arbolado y carril bici, y se generan cruces peatonales m\u00e1s amables a nivel de acera acordes a los nuevos tr\u00e1nsitos que se generar\u00e1n. El paso peatonal frente al \u00e1rea de Seguridad Ciudadana, en Monasterio de Irache 2, se mueve m\u00e1s cerca del cruce con la cuesta de la Reina para partir desde las casas de Larraina. Se actuar\u00e1 tambi\u00e9n en el primer tramo del camino peatonal de Taconera<span style=\"text-decoration: line-through;\">,<\/span> generando un carril para uso ciclista y un camino paralelo de tres metros de anchura para uso peatonal. De esta forma se genera una conexi\u00f3n peatonal y ciclista m\u00e1s amable y segura en el tr\u00e1nsito desde el nuevo ascensor hasta el parque de la Taconera.<\/p>\n","protected":false},"excerpt":{"rendered":"<p>Las obras de esta nueva fase convierten adem\u00e1s el aparcamiento disuasorio de la antigua gr\u00faa en un parque de 4.000 m2<\/p>\n","protected":false},"author":1,"featured_media":39955,"comment_status":"open","ping_status":"closed","sticky":false,"template":"","format":"standard","meta":{"footnotes":""},"categories":[2],"tags":[],"class_list":["post-39954","post","type-post","status-publish","format-standard","has-post-thumbnail","hentry","category-ayuntamiento-pamplona"],"yoast_head":"<!-- This site is optimized with the Yoast SEO plugin v27.5 - https:\/\/yoast.com\/product\/yoast-seo-wordpress\/ -->\n<title>La segunda fase de las obras del ascensor de Trinitarios mejorar\u00e1 la conexi\u00f3n peatonal con la calle Cuesta de Larraina y la Taconera<\/title>\n<meta name=\"description\" content=\"Las obras de esta nueva fase convierten adem\u00e1s el aparcamiento disuasorio de la antigua gr\u00faa en un parque de 4.000 m2\" \/>\n<meta name=\"robots\" content=\"index, follow, max-snippet:-1, max-image-preview:large, max-video-preview:-1\" \/>\n<link rel=\"canonical\" href=\"https:\/\/www.laguiadepamplona.com\/actualidad\/la-segunda-fase-de-las-obras-del-ascensor-de-trinitarios-mejorara-la-conexion-peatonal-con-la-calle-cuesta-de-larraina-y-la-taconera\/\" \/>\n<meta property=\"og:locale\" content=\"es_ES\" \/>\n<meta property=\"og:type\" content=\"article\" \/>\n<meta property=\"og:title\" content=\"La segunda fase de las obras del ascensor de Trinitarios mejorar\u00e1 la conexi\u00f3n peatonal con la calle Cuesta de Larraina y la Taconera\" \/>\n<meta property=\"og:description\" content=\"Las obras de esta nueva fase convierten adem\u00e1s el aparcamiento disuasorio de la antigua gr\u00faa en un parque de 4.000 m2\" \/>\n<meta property=\"og:url\" content=\"https:\/\/www.laguiadepamplona.com\/actualidad\/la-segunda-fase-de-las-obras-del-ascensor-de-trinitarios-mejorara-la-conexion-peatonal-con-la-calle-cuesta-de-larraina-y-la-taconera\/\" \/>\n<meta property=\"og:site_name\" content=\"La Gu\u00eda de Pamplona\" \/>\n<meta property=\"article:publisher\" content=\"https:\/\/www.facebook.com\/laguiadepamplonacom-133175176762273\/?ref=hl\" \/>\n<meta property=\"article:published_time\" content=\"2022-04-12T10:42:12+00:00\" \/>\n<meta property=\"article:modified_time\" content=\"2023-04-11T09:48:18+00:00\" \/>\n<meta property=\"og:image\" content=\"https:\/\/www.laguiadepamplona.com\/actualidad\/wp-content\/uploads\/2022\/04\/22.04.12_obras_urbanizacion_cuesta_reina_taconera.jpg\" \/>\n\t<meta property=\"og:image:width\" content=\"635\" \/>\n\t<meta property=\"og:image:height\" content=\"373\" \/>\n\t<meta property=\"og:image:type\" content=\"image\/jpeg\" \/>\n<meta name=\"author\" content=\"La Gu\u00eda de Pamplona\" \/>\n<meta name=\"twitter:card\" content=\"summary_large_image\" \/>\n<meta name=\"twitter:creator\" content=\"@LaGuiadPamplona\" \/>\n<meta name=\"twitter:site\" content=\"@LaGuiadPamplona\" \/>\n<meta name=\"twitter:label1\" content=\"Escrito por\" \/>\n\t<meta name=\"twitter:data1\" content=\"La Gu\u00eda de Pamplona\" \/>\n\t<meta name=\"twitter:label2\" content=\"Tiempo de lectura\" \/>\n\t<meta name=\"twitter:data2\" content=\"3 minutos\" \/>\n<script type=\"application\/ld+json\" class=\"yoast-schema-graph\">{\"@context\":\"https:\\\/\\\/schema.org\",\"@graph\":[{\"@type\":\"Article\",\"@id\":\"https:\\\/\\\/www.laguiadepamplona.com\\\/actualidad\\\/la-segunda-fase-de-las-obras-del-ascensor-de-trinitarios-mejorara-la-conexion-peatonal-con-la-calle-cuesta-de-larraina-y-la-taconera\\\/#article\",\"isPartOf\":{\"@id\":\"https:\\\/\\\/www.laguiadepamplona.com\\\/actualidad\\\/la-segunda-fase-de-las-obras-del-ascensor-de-trinitarios-mejorara-la-conexion-peatonal-con-la-calle-cuesta-de-larraina-y-la-taconera\\\/\"},\"author\":{\"name\":\"La Gu\u00eda de Pamplona\",\"@id\":\"https:\\\/\\\/www.laguiadepamplona.com\\\/actualidad\\\/#\\\/schema\\\/person\\\/efe887376f0213d4657c93adc50b1fdb\"},\"headline\":\"La segunda fase de las obras del ascensor de Trinitarios mejorar\u00e1 la conexi\u00f3n peatonal con la calle Cuesta de Larraina y la Taconera\",\"datePublished\":\"2022-04-12T10:42:12+00:00\",\"dateModified\":\"2023-04-11T09:48:18+00:00\",\"mainEntityOfPage\":{\"@id\":\"https:\\\/\\\/www.laguiadepamplona.com\\\/actualidad\\\/la-segunda-fase-de-las-obras-del-ascensor-de-trinitarios-mejorara-la-conexion-peatonal-con-la-calle-cuesta-de-larraina-y-la-taconera\\\/\"},\"wordCount\":535,\"commentCount\":0,\"publisher\":{\"@id\":\"https:\\\/\\\/www.laguiadepamplona.com\\\/actualidad\\\/#organization\"},\"image\":{\"@id\":\"https:\\\/\\\/www.laguiadepamplona.com\\\/actualidad\\\/la-segunda-fase-de-las-obras-del-ascensor-de-trinitarios-mejorara-la-conexion-peatonal-con-la-calle-cuesta-de-larraina-y-la-taconera\\\/#primaryimage\"},\"thumbnailUrl\":\"https:\\\/\\\/www.laguiadepamplona.com\\\/actualidad\\\/wp-content\\\/uploads\\\/2022\\\/04\\\/22.04.12_obras_urbanizacion_cuesta_reina_taconera.jpg\",\"articleSection\":[\"Ayto Pamplona\"],\"inLanguage\":\"es\",\"potentialAction\":[{\"@type\":\"CommentAction\",\"name\":\"Comment\",\"target\":[\"https:\\\/\\\/www.laguiadepamplona.com\\\/actualidad\\\/la-segunda-fase-de-las-obras-del-ascensor-de-trinitarios-mejorara-la-conexion-peatonal-con-la-calle-cuesta-de-larraina-y-la-taconera\\\/#respond\"]}]},{\"@type\":\"WebPage\",\"@id\":\"https:\\\/\\\/www.laguiadepamplona.com\\\/actualidad\\\/la-segunda-fase-de-las-obras-del-ascensor-de-trinitarios-mejorara-la-conexion-peatonal-con-la-calle-cuesta-de-larraina-y-la-taconera\\\/\",\"url\":\"https:\\\/\\\/www.laguiadepamplona.com\\\/actualidad\\\/la-segunda-fase-de-las-obras-del-ascensor-de-trinitarios-mejorara-la-conexion-peatonal-con-la-calle-cuesta-de-larraina-y-la-taconera\\\/\",\"name\":\"La segunda fase de las obras del ascensor de Trinitarios mejorar\u00e1 la conexi\u00f3n peatonal con la calle Cuesta de Larraina y la Taconera\",\"isPartOf\":{\"@id\":\"https:\\\/\\\/www.laguiadepamplona.com\\\/actualidad\\\/#website\"},\"primaryImageOfPage\":{\"@id\":\"https:\\\/\\\/www.laguiadepamplona.com\\\/actualidad\\\/la-segunda-fase-de-las-obras-del-ascensor-de-trinitarios-mejorara-la-conexion-peatonal-con-la-calle-cuesta-de-larraina-y-la-taconera\\\/#primaryimage\"},\"image\":{\"@id\":\"https:\\\/\\\/www.laguiadepamplona.com\\\/actualidad\\\/la-segunda-fase-de-las-obras-del-ascensor-de-trinitarios-mejorara-la-conexion-peatonal-con-la-calle-cuesta-de-larraina-y-la-taconera\\\/#primaryimage\"},\"thumbnailUrl\":\"https:\\\/\\\/www.laguiadepamplona.com\\\/actualidad\\\/wp-content\\\/uploads\\\/2022\\\/04\\\/22.04.12_obras_urbanizacion_cuesta_reina_taconera.jpg\",\"datePublished\":\"2022-04-12T10:42:12+00:00\",\"dateModified\":\"2023-04-11T09:48:18+00:00\",\"description\":\"Las obras de esta nueva fase convierten adem\u00e1s el aparcamiento disuasorio de la antigua gr\u00faa en un parque de 4.000 m2\",\"breadcrumb\":{\"@id\":\"https:\\\/\\\/www.laguiadepamplona.com\\\/actualidad\\\/la-segunda-fase-de-las-obras-del-ascensor-de-trinitarios-mejorara-la-conexion-peatonal-con-la-calle-cuesta-de-larraina-y-la-taconera\\\/#breadcrumb\"},\"inLanguage\":\"es\",\"potentialAction\":[{\"@type\":\"ReadAction\",\"target\":[\"https:\\\/\\\/www.laguiadepamplona.com\\\/actualidad\\\/la-segunda-fase-de-las-obras-del-ascensor-de-trinitarios-mejorara-la-conexion-peatonal-con-la-calle-cuesta-de-larraina-y-la-taconera\\\/\"]}]},{\"@type\":\"ImageObject\",\"inLanguage\":\"es\",\"@id\":\"https:\\\/\\\/www.laguiadepamplona.com\\\/actualidad\\\/la-segunda-fase-de-las-obras-del-ascensor-de-trinitarios-mejorara-la-conexion-peatonal-con-la-calle-cuesta-de-larraina-y-la-taconera\\\/#primaryimage\",\"url\":\"https:\\\/\\\/www.laguiadepamplona.com\\\/actualidad\\\/wp-content\\\/uploads\\\/2022\\\/04\\\/22.04.12_obras_urbanizacion_cuesta_reina_taconera.jpg\",\"contentUrl\":\"https:\\\/\\\/www.laguiadepamplona.com\\\/actualidad\\\/wp-content\\\/uploads\\\/2022\\\/04\\\/22.04.12_obras_urbanizacion_cuesta_reina_taconera.jpg\",\"width\":635,\"height\":373},{\"@type\":\"BreadcrumbList\",\"@id\":\"https:\\\/\\\/www.laguiadepamplona.com\\\/actualidad\\\/la-segunda-fase-de-las-obras-del-ascensor-de-trinitarios-mejorara-la-conexion-peatonal-con-la-calle-cuesta-de-larraina-y-la-taconera\\\/#breadcrumb\",\"itemListElement\":[{\"@type\":\"ListItem\",\"position\":1,\"name\":\"Portada\",\"item\":\"https:\\\/\\\/www.laguiadepamplona.com\\\/actualidad\\\/\"},{\"@type\":\"ListItem\",\"position\":2,\"name\":\"La segunda fase de las obras del ascensor de Trinitarios mejorar\u00e1 la conexi\u00f3n peatonal con la calle Cuesta de Larraina y la Taconera\"}]},{\"@type\":\"WebSite\",\"@id\":\"https:\\\/\\\/www.laguiadepamplona.com\\\/actualidad\\\/#website\",\"url\":\"https:\\\/\\\/www.laguiadepamplona.com\\\/actualidad\\\/\",\"name\":\"La gu\u00eda de Pamplona\",\"description\":\"Noticias de Pamplona\",\"publisher\":{\"@id\":\"https:\\\/\\\/www.laguiadepamplona.com\\\/actualidad\\\/#organization\"},\"potentialAction\":[{\"@type\":\"SearchAction\",\"target\":{\"@type\":\"EntryPoint\",\"urlTemplate\":\"https:\\\/\\\/www.laguiadepamplona.com\\\/actualidad\\\/?s={search_term_string}\"},\"query-input\":{\"@type\":\"PropertyValueSpecification\",\"valueRequired\":true,\"valueName\":\"search_term_string\"}}],\"inLanguage\":\"es\"},{\"@type\":\"Organization\",\"@id\":\"https:\\\/\\\/www.laguiadepamplona.com\\\/actualidad\\\/#organization\",\"name\":\"La Gu\u00eda de Pamplona \\\/ Noticias\",\"url\":\"https:\\\/\\\/www.laguiadepamplona.com\\\/actualidad\\\/\",\"logo\":{\"@type\":\"ImageObject\",\"inLanguage\":\"es\",\"@id\":\"https:\\\/\\\/www.laguiadepamplona.com\\\/actualidad\\\/#\\\/schema\\\/logo\\\/image\\\/\",\"url\":\"https:\\\/\\\/www.laguiadepamplona.com\\\/actualidad\\\/wp-content\\\/uploads\\\/2018\\\/11\\\/logo-laguiadepamplona18-web1.png\",\"contentUrl\":\"https:\\\/\\\/www.laguiadepamplona.com\\\/actualidad\\\/wp-content\\\/uploads\\\/2018\\\/11\\\/logo-laguiadepamplona18-web1.png\",\"width\":600,\"height\":196,\"caption\":\"La Gu\u00eda de Pamplona \\\/ Noticias\"},\"image\":{\"@id\":\"https:\\\/\\\/www.laguiadepamplona.com\\\/actualidad\\\/#\\\/schema\\\/logo\\\/image\\\/\"},\"sameAs\":[\"https:\\\/\\\/www.facebook.com\\\/laguiadepamplonacom-133175176762273\\\/?ref=hl\",\"https:\\\/\\\/x.com\\\/LaGuiadPamplona\",\"https:\\\/\\\/www.instagram.com\\\/la_guia_de_pamplona\\\/\",\"https:\\\/\\\/www.youtube.com\\\/user\\\/laguiadepamplona\"]},{\"@type\":\"Person\",\"@id\":\"https:\\\/\\\/www.laguiadepamplona.com\\\/actualidad\\\/#\\\/schema\\\/person\\\/efe887376f0213d4657c93adc50b1fdb\",\"name\":\"La Gu\u00eda de Pamplona\",\"image\":{\"@type\":\"ImageObject\",\"inLanguage\":\"es\",\"@id\":\"https:\\\/\\\/secure.gravatar.com\\\/avatar\\\/b6992f131dc8d30ab0dff15446e9d346d9dbd95992de0fef795073f5ea83a81c?s=96&d=mm&r=g\",\"url\":\"https:\\\/\\\/secure.gravatar.com\\\/avatar\\\/b6992f131dc8d30ab0dff15446e9d346d9dbd95992de0fef795073f5ea83a81c?s=96&d=mm&r=g\",\"contentUrl\":\"https:\\\/\\\/secure.gravatar.com\\\/avatar\\\/b6992f131dc8d30ab0dff15446e9d346d9dbd95992de0fef795073f5ea83a81c?s=96&d=mm&r=g\",\"caption\":\"La Gu\u00eda de Pamplona\"}}]}<\/script>\n<!-- \/ Yoast SEO plugin. -->","yoast_head_json":{"title":"La segunda fase de las obras del ascensor de Trinitarios mejorar\u00e1 la conexi\u00f3n peatonal con la calle Cuesta de Larraina y la Taconera","description":"Las obras de esta nueva fase convierten adem\u00e1s el aparcamiento disuasorio de la antigua gr\u00faa en un parque de 4.000 m2","robots":{"index":"index","follow":"follow","max-snippet":"max-snippet:-1","max-image-preview":"max-image-preview:large","max-video-preview":"max-video-preview:-1"},"canonical":"https:\/\/www.laguiadepamplona.com\/actualidad\/la-segunda-fase-de-las-obras-del-ascensor-de-trinitarios-mejorara-la-conexion-peatonal-con-la-calle-cuesta-de-larraina-y-la-taconera\/","og_locale":"es_ES","og_type":"article","og_title":"La segunda fase de las obras del ascensor de Trinitarios mejorar\u00e1 la conexi\u00f3n peatonal con la calle Cuesta de Larraina y la Taconera","og_description":"Las obras de esta nueva fase convierten adem\u00e1s el aparcamiento disuasorio de la antigua gr\u00faa en un parque de 4.000 m2","og_url":"https:\/\/www.laguiadepamplona.com\/actualidad\/la-segunda-fase-de-las-obras-del-ascensor-de-trinitarios-mejorara-la-conexion-peatonal-con-la-calle-cuesta-de-larraina-y-la-taconera\/","og_site_name":"La Gu\u00eda de Pamplona","article_publisher":"https:\/\/www.facebook.com\/laguiadepamplonacom-133175176762273\/?ref=hl","article_published_time":"2022-04-12T10:42:12+00:00","article_modified_time":"2023-04-11T09:48:18+00:00","og_image":[{"width":635,"height":373,"url":"https:\/\/www.laguiadepamplona.com\/actualidad\/wp-content\/uploads\/2022\/04\/22.04.12_obras_urbanizacion_cuesta_reina_taconera.jpg","type":"image\/jpeg"}],"author":"La Gu\u00eda de Pamplona","twitter_card":"summary_large_image","twitter_creator":"@LaGuiadPamplona","twitter_site":"@LaGuiadPamplona","twitter_misc":{"Escrito por":"La Gu\u00eda de Pamplona","Tiempo de lectura":"3 minutos"},"schema":{"@context":"https:\/\/schema.org","@graph":[{"@type":"Article","@id":"https:\/\/www.laguiadepamplona.com\/actualidad\/la-segunda-fase-de-las-obras-del-ascensor-de-trinitarios-mejorara-la-conexion-peatonal-con-la-calle-cuesta-de-larraina-y-la-taconera\/#article","isPartOf":{"@id":"https:\/\/www.laguiadepamplona.com\/actualidad\/la-segunda-fase-de-las-obras-del-ascensor-de-trinitarios-mejorara-la-conexion-peatonal-con-la-calle-cuesta-de-larraina-y-la-taconera\/"},"author":{"name":"La Gu\u00eda de Pamplona","@id":"https:\/\/www.laguiadepamplona.com\/actualidad\/#\/schema\/person\/efe887376f0213d4657c93adc50b1fdb"},"headline":"La segunda fase de las obras del ascensor de Trinitarios mejorar\u00e1 la conexi\u00f3n peatonal con la calle Cuesta de Larraina y la Taconera","datePublished":"2022-04-12T10:42:12+00:00","dateModified":"2023-04-11T09:48:18+00:00","mainEntityOfPage":{"@id":"https:\/\/www.laguiadepamplona.com\/actualidad\/la-segunda-fase-de-las-obras-del-ascensor-de-trinitarios-mejorara-la-conexion-peatonal-con-la-calle-cuesta-de-larraina-y-la-taconera\/"},"wordCount":535,"commentCount":0,"publisher":{"@id":"https:\/\/www.laguiadepamplona.com\/actualidad\/#organization"},"image":{"@id":"https:\/\/www.laguiadepamplona.com\/actualidad\/la-segunda-fase-de-las-obras-del-ascensor-de-trinitarios-mejorara-la-conexion-peatonal-con-la-calle-cuesta-de-larraina-y-la-taconera\/#primaryimage"},"thumbnailUrl":"https:\/\/www.laguiadepamplona.com\/actualidad\/wp-content\/uploads\/2022\/04\/22.04.12_obras_urbanizacion_cuesta_reina_taconera.jpg","articleSection":["Ayto Pamplona"],"inLanguage":"es","potentialAction":[{"@type":"CommentAction","name":"Comment","target":["https:\/\/www.laguiadepamplona.com\/actualidad\/la-segunda-fase-de-las-obras-del-ascensor-de-trinitarios-mejorara-la-conexion-peatonal-con-la-calle-cuesta-de-larraina-y-la-taconera\/#respond"]}]},{"@type":"WebPage","@id":"https:\/\/www.laguiadepamplona.com\/actualidad\/la-segunda-fase-de-las-obras-del-ascensor-de-trinitarios-mejorara-la-conexion-peatonal-con-la-calle-cuesta-de-larraina-y-la-taconera\/","url":"https:\/\/www.laguiadepamplona.com\/actualidad\/la-segunda-fase-de-las-obras-del-ascensor-de-trinitarios-mejorara-la-conexion-peatonal-con-la-calle-cuesta-de-larraina-y-la-taconera\/","name":"La segunda fase de las obras del ascensor de Trinitarios mejorar\u00e1 la conexi\u00f3n peatonal con la calle Cuesta de Larraina y la Taconera","isPartOf":{"@id":"https:\/\/www.laguiadepamplona.com\/actualidad\/#website"},"primaryImageOfPage":{"@id":"https:\/\/www.laguiadepamplona.com\/actualidad\/la-segunda-fase-de-las-obras-del-ascensor-de-trinitarios-mejorara-la-conexion-peatonal-con-la-calle-cuesta-de-larraina-y-la-taconera\/#primaryimage"},"image":{"@id":"https:\/\/www.laguiadepamplona.com\/actualidad\/la-segunda-fase-de-las-obras-del-ascensor-de-trinitarios-mejorara-la-conexion-peatonal-con-la-calle-cuesta-de-larraina-y-la-taconera\/#primaryimage"},"thumbnailUrl":"https:\/\/www.laguiadepamplona.com\/actualidad\/wp-content\/uploads\/2022\/04\/22.04.12_obras_urbanizacion_cuesta_reina_taconera.jpg","datePublished":"2022-04-12T10:42:12+00:00","dateModified":"2023-04-11T09:48:18+00:00","description":"Las obras de esta nueva fase convierten adem\u00e1s el aparcamiento disuasorio de la antigua gr\u00faa en un parque de 4.000 m2","breadcrumb":{"@id":"https:\/\/www.laguiadepamplona.com\/actualidad\/la-segunda-fase-de-las-obras-del-ascensor-de-trinitarios-mejorara-la-conexion-peatonal-con-la-calle-cuesta-de-larraina-y-la-taconera\/#breadcrumb"},"inLanguage":"es","potentialAction":[{"@type":"ReadAction","target":["https:\/\/www.laguiadepamplona.com\/actualidad\/la-segunda-fase-de-las-obras-del-ascensor-de-trinitarios-mejorara-la-conexion-peatonal-con-la-calle-cuesta-de-larraina-y-la-taconera\/"]}]},{"@type":"ImageObject","inLanguage":"es","@id":"https:\/\/www.laguiadepamplona.com\/actualidad\/la-segunda-fase-de-las-obras-del-ascensor-de-trinitarios-mejorara-la-conexion-peatonal-con-la-calle-cuesta-de-larraina-y-la-taconera\/#primaryimage","url":"https:\/\/www.laguiadepamplona.com\/actualidad\/wp-content\/uploads\/2022\/04\/22.04.12_obras_urbanizacion_cuesta_reina_taconera.jpg","contentUrl":"https:\/\/www.laguiadepamplona.com\/actualidad\/wp-content\/uploads\/2022\/04\/22.04.12_obras_urbanizacion_cuesta_reina_taconera.jpg","width":635,"height":373},{"@type":"BreadcrumbList","@id":"https:\/\/www.laguiadepamplona.com\/actualidad\/la-segunda-fase-de-las-obras-del-ascensor-de-trinitarios-mejorara-la-conexion-peatonal-con-la-calle-cuesta-de-larraina-y-la-taconera\/#breadcrumb","itemListElement":[{"@type":"ListItem","position":1,"name":"Portada","item":"https:\/\/www.laguiadepamplona.com\/actualidad\/"},{"@type":"ListItem","position":2,"name":"La segunda fase de las obras del ascensor de Trinitarios mejorar\u00e1 la conexi\u00f3n peatonal con la calle Cuesta de Larraina y la Taconera"}]},{"@type":"WebSite","@id":"https:\/\/www.laguiadepamplona.com\/actualidad\/#website","url":"https:\/\/www.laguiadepamplona.com\/actualidad\/","name":"La gu\u00eda de Pamplona","description":"Noticias de Pamplona","publisher":{"@id":"https:\/\/www.laguiadepamplona.com\/actualidad\/#organization"},"potentialAction":[{"@type":"SearchAction","target":{"@type":"EntryPoint","urlTemplate":"https:\/\/www.laguiadepamplona.com\/actualidad\/?s={search_term_string}"},"query-input":{"@type":"PropertyValueSpecification","valueRequired":true,"valueName":"search_term_string"}}],"inLanguage":"es"},{"@type":"Organization","@id":"https:\/\/www.laguiadepamplona.com\/actualidad\/#organization","name":"La Gu\u00eda de Pamplona \/ Noticias","url":"https:\/\/www.laguiadepamplona.com\/actualidad\/","logo":{"@type":"ImageObject","inLanguage":"es","@id":"https:\/\/www.laguiadepamplona.com\/actualidad\/#\/schema\/logo\/image\/","url":"https:\/\/www.laguiadepamplona.com\/actualidad\/wp-content\/uploads\/2018\/11\/logo-laguiadepamplona18-web1.png","contentUrl":"https:\/\/www.laguiadepamplona.com\/actualidad\/wp-content\/uploads\/2018\/11\/logo-laguiadepamplona18-web1.png","width":600,"height":196,"caption":"La Gu\u00eda de Pamplona \/ Noticias"},"image":{"@id":"https:\/\/www.laguiadepamplona.com\/actualidad\/#\/schema\/logo\/image\/"},"sameAs":["https:\/\/www.facebook.com\/laguiadepamplonacom-133175176762273\/?ref=hl","https:\/\/x.com\/LaGuiadPamplona","https:\/\/www.instagram.com\/la_guia_de_pamplona\/","https:\/\/www.youtube.com\/user\/laguiadepamplona"]},{"@type":"Person","@id":"https:\/\/www.laguiadepamplona.com\/actualidad\/#\/schema\/person\/efe887376f0213d4657c93adc50b1fdb","name":"La Gu\u00eda de Pamplona","image":{"@type":"ImageObject","inLanguage":"es","@id":"https:\/\/secure.gravatar.com\/avatar\/b6992f131dc8d30ab0dff15446e9d346d9dbd95992de0fef795073f5ea83a81c?s=96&d=mm&r=g","url":"https:\/\/secure.gravatar.com\/avatar\/b6992f131dc8d30ab0dff15446e9d346d9dbd95992de0fef795073f5ea83a81c?s=96&d=mm&r=g","contentUrl":"https:\/\/secure.gravatar.com\/avatar\/b6992f131dc8d30ab0dff15446e9d346d9dbd95992de0fef795073f5ea83a81c?s=96&d=mm&r=g","caption":"La Gu\u00eda de Pamplona"}}]}},"post_mailing_queue_ids":[],"_links":{"self":[{"href":"https:\/\/www.laguiadepamplona.com\/actualidad\/wp-json\/wp\/v2\/posts\/39954","targetHints":{"allow":["GET"]}}],"collection":[{"href":"https:\/\/www.laguiadepamplona.com\/actualidad\/wp-json\/wp\/v2\/posts"}],"about":[{"href":"https:\/\/www.laguiadepamplona.com\/actualidad\/wp-json\/wp\/v2\/types\/post"}],"author":[{"embeddable":true,"href":"https:\/\/www.laguiadepamplona.com\/actualidad\/wp-json\/wp\/v2\/users\/1"}],"replies":[{"embeddable":true,"href":"https:\/\/www.laguiadepamplona.com\/actualidad\/wp-json\/wp\/v2\/comments?post=39954"}],"version-history":[{"count":0,"href":"https:\/\/www.laguiadepamplona.com\/actualidad\/wp-json\/wp\/v2\/posts\/39954\/revisions"}],"wp:featuredmedia":[{"embeddable":true,"href":"https:\/\/www.laguiadepamplona.com\/actualidad\/wp-json\/wp\/v2\/media\/39955"}],"wp:attachment":[{"href":"https:\/\/www.laguiadepamplona.com\/actualidad\/wp-json\/wp\/v2\/media?parent=39954"}],"wp:term":[{"taxonomy":"category","embeddable":true,"href":"https:\/\/www.laguiadepamplona.com\/actualidad\/wp-json\/wp\/v2\/categories?post=39954"},{"taxonomy":"post_tag","embeddable":true,"href":"https:\/\/www.laguiadepamplona.com\/actualidad\/wp-json\/wp\/v2\/tags?post=39954"}],"curies":[{"name":"wp","href":"https:\/\/api.w.org\/{rel}","templated":true}]}}