{"id":39951,"date":"2022-04-12T12:40:04","date_gmt":"2022-04-12T10:40:04","guid":{"rendered":"https:\/\/www.laguiadepamplona.com\/actualidad\/?p=39951"},"modified":"2023-04-11T11:48:19","modified_gmt":"2023-04-11T09:48:19","slug":"los-espacios-expositivos-de-ciudadela-ofrecen-estos-dias-una-experiencia-que-combina-fotografia-escultura-pintura-y-audiovisual","status":"publish","type":"post","link":"https:\/\/www.laguiadepamplona.com\/actualidad\/los-espacios-expositivos-de-ciudadela-ofrecen-estos-dias-una-experiencia-que-combina-fotografia-escultura-pintura-y-audiovisual\/","title":{"rendered":"Los espacios expositivos de Ciudadela ofrecen estos d\u00edas una experiencia que combina fotograf\u00eda, escultura, pintura y audiovisual"},"content":{"rendered":"<h5>Las exposiciones se pueden visitar de manera gratuita los d\u00edas festivos por la ma\u00f1ana y el resto en horario de 11.30 a 13.30 y de 18.00 a 20.30<\/h5>\n<p><!--more--><\/p>\n<p>Los cuatro espacios expositivos de la Ciudadela abrir\u00e1n sus puertas tambi\u00e9n en esta Semana Santa, para que la ciudadan\u00eda navarra y los visitantes puedan disfrutar de las creaciones de arte contempor\u00e1neo que acogen los distintos edificios de este recinto amurallado. Las personas interesadas podr\u00e1n visitar las exposiciones de forma gratuita los d\u00edas festivos en horario de ma\u00f1ana (de 11.30 a 13.30 horas) y el s\u00e1bado y la semana de Pascua en horario de ma\u00f1ana y tarde (de 11.30 a 13.30 y de 18 a 20.30 horas).<\/p>\n<p>En estos momentos, la Ciudadela acoge cuatro muestras de estilos y t\u00e9cnicas distintas de los artistas \u00cd\u00f1igo Labaien, Gonzalo Nicuesa, Jaime Eguaras y de Pello Lizarralde, Jos\u00e9 Ignacio Agorreta, Imanol \u00dabeda e Imanol Rayo, que colaboran en un proyecto \u00fanico.<br \/>\n<script async src=\"\/\/pagead2.googlesyndication.com\/pagead\/js\/adsbygoogle.js\"><\/script><br \/>\n<!-- Noticias La Guia de Pamplona --><br \/>\n<ins class=\"adsbygoogle\"\nstyle=\"display:block\"\ndata-ad-client=\"ca-pub-6943679897239327\"\ndata-ad-slot=\"7048180777\"\ndata-ad-format=\"auto\"><\/ins><br \/>\n<script>\n(adsbygoogle = window.adsbygoogle || []).push({});\n<\/script><\/p>\n<p>En concreto, en el Polvor\u00edn se podr\u00e1 contemplar la exposici\u00f3n \u2018Siluetas\u2019, de \u00cd\u00f1igo Labaien, donde el artista trata de plasmar los sentimientos y sensaciones que ha experimentado durante el confinamiento provocado por la pandemia del COVID-19, la desescalada y la nueva normalidad. Lo hace a trav\u00e9s de una treintena de fotograf\u00edas en blanco y negro y jugando con el desenfoque, con las que quiere reflejar el cambio vivido por las personas ante esta situaci\u00f3n nunca antes vivida. La muestra podr\u00e1 visitarse hasta el 15 de mayo.<\/p>\n<p>El Pabell\u00f3n de Mixtos acoge dos exposiciones. Por un lado, en la planta baja, Gonzalo Nicuesa adapta el espacio a su obra \u2018#Stendhal\u2019, una exposici\u00f3n con 70 versiones gr\u00e1ficas en diferentes tama\u00f1os de esculturas cl\u00e1sicas, desde el clasicismo griego hasta el Renacimiento. Para ello utiliza la fotograf\u00eda, en blanco y negro en unas ocasiones, y en colores pop, en otras, evolucionando hasta el grabado, pero en distintas versiones: cianotipias, litograf\u00edas, serigraf\u00edas, risograf\u00edas o piezas realizadas en vinilo sobre pl\u00e1stico.<br \/>\n<script async src=\"\/\/pagead2.googlesyndication.com\/pagead\/js\/adsbygoogle.js\"><\/script><br \/>\n<!-- Noticias La Guia de Pamplona --><br \/>\n<ins class=\"adsbygoogle\"\nstyle=\"display:block\"\ndata-ad-client=\"ca-pub-6943679897239327\"\ndata-ad-slot=\"7048180777\"\ndata-ad-format=\"auto\"><\/ins><br \/>\n<script>\n(adsbygoogle = window.adsbygoogle || []).push({});\n<\/script><\/p>\n<p>Por otro lado, en la primera planta de este edificio, el visitante podr\u00e1 contemplar el proyecto expositivo titulado \u2018Sastraka \/ Maleza\u2019, e ideado por Pello Lizarralde, Jos\u00e9 Ignacio Agorreta, Imanol \u00dabeda e Imanol Rayo, combinando distintas artes. As\u00ed, cada uno aporta al proyecto su experiencia en una disciplina concreta, logrando una exposici\u00f3n que a\u00fana la literatura, la pintura, la m\u00fasica y la fotograf\u00eda. En concreto, la exposici\u00f3n se compone de 12 textos, en euskera y castellano, la reproducci\u00f3n de 27 cuadros inspirados en los textos, el disco cd con los doce temas compuestos por Imanol \u00dabeda; 36 fotograf\u00edas de Imanol Rayo y un cd con la banda sonora compuesta para acompa\u00f1ar a las fotograf\u00edas. Ambas exposiciones, \u2018#Stendhal\u2019 y \u2018Sastraka \/ Maleza\u2019, estar\u00e1n abiertas hasta el 1 de mayo.<\/p>\n<p>La oferta cultural de la Ciudadela incluye, por \u00faltimo, la reci\u00e9n inaugurada exposici\u00f3n \u2018Bajo la piel. Traslaciones y disonancias\u2019 en el edificio del Horno. La muestra, obra del artista Jaime Eguaras, pretende convertirse en una cr\u00edtica a los roles socioculturales preestablecidos en torno a la masculinidad y una denuncia del inmovilismo del hombre respecto de los avances sociales. Para ello, Eguaras recurre a distintas disciplinas art\u00edsticas, desde la fotograf\u00eda hasta la escultura, pasando tambi\u00e9n por la producci\u00f3n audiovisual. En este caso, la muestra podr\u00e1 visitarse hasta el 15 de mayo.<\/p>\n","protected":false},"excerpt":{"rendered":"<p>Las exposiciones se pueden visitar de manera gratuita los d\u00edas festivos por la ma\u00f1ana y el resto en horario de 11.30 a 13.30 y de 18.00 a 20.30<\/p>\n","protected":false},"author":1,"featured_media":39952,"comment_status":"open","ping_status":"closed","sticky":false,"template":"","format":"standard","meta":{"footnotes":""},"categories":[2],"tags":[],"class_list":["post-39951","post","type-post","status-publish","format-standard","has-post-thumbnail","hentry","category-ayuntamiento-pamplona"],"yoast_head":"<!-- This site is optimized with the Yoast SEO plugin v27.3 - https:\/\/yoast.com\/product\/yoast-seo-wordpress\/ -->\n<title>Los espacios expositivos de Ciudadela ofrecen estos d\u00edas una experiencia que combina fotograf\u00eda, escultura, pintura y audiovisual<\/title>\n<meta name=\"description\" content=\"Las exposiciones se pueden visitar de manera gratuita los d\u00edas festivos por la ma\u00f1ana y el resto en horario de 11.30 a 13.30 y de 18.00 a 20.30\" \/>\n<meta name=\"robots\" content=\"index, follow, max-snippet:-1, max-image-preview:large, max-video-preview:-1\" \/>\n<link rel=\"canonical\" href=\"https:\/\/www.laguiadepamplona.com\/actualidad\/los-espacios-expositivos-de-ciudadela-ofrecen-estos-dias-una-experiencia-que-combina-fotografia-escultura-pintura-y-audiovisual\/\" \/>\n<meta property=\"og:locale\" content=\"es_ES\" \/>\n<meta property=\"og:type\" content=\"article\" \/>\n<meta property=\"og:title\" content=\"Los espacios expositivos de Ciudadela ofrecen estos d\u00edas una experiencia que combina fotograf\u00eda, escultura, pintura y audiovisual\" \/>\n<meta property=\"og:description\" content=\"Las exposiciones se pueden visitar de manera gratuita los d\u00edas festivos por la ma\u00f1ana y el resto en horario de 11.30 a 13.30 y de 18.00 a 20.30\" \/>\n<meta property=\"og:url\" content=\"https:\/\/www.laguiadepamplona.com\/actualidad\/los-espacios-expositivos-de-ciudadela-ofrecen-estos-dias-una-experiencia-que-combina-fotografia-escultura-pintura-y-audiovisual\/\" \/>\n<meta property=\"og:site_name\" content=\"La Gu\u00eda de Pamplona\" \/>\n<meta property=\"article:publisher\" content=\"https:\/\/www.facebook.com\/laguiadepamplonacom-133175176762273\/?ref=hl\" \/>\n<meta property=\"article:published_time\" content=\"2022-04-12T10:40:04+00:00\" \/>\n<meta property=\"article:modified_time\" content=\"2023-04-11T09:48:19+00:00\" \/>\n<meta property=\"og:image\" content=\"https:\/\/www.laguiadepamplona.com\/actualidad\/wp-content\/uploads\/2022\/04\/expo-abril-reutilizada.jpg\" \/>\n\t<meta property=\"og:image:width\" content=\"1134\" \/>\n\t<meta property=\"og:image:height\" content=\"609\" \/>\n\t<meta property=\"og:image:type\" content=\"image\/jpeg\" \/>\n<meta name=\"author\" content=\"La Gu\u00eda de Pamplona\" \/>\n<meta name=\"twitter:card\" content=\"summary_large_image\" \/>\n<meta name=\"twitter:creator\" content=\"@LaGuiadPamplona\" \/>\n<meta name=\"twitter:site\" content=\"@LaGuiadPamplona\" \/>\n<meta name=\"twitter:label1\" content=\"Escrito por\" \/>\n\t<meta name=\"twitter:data1\" content=\"La Gu\u00eda de Pamplona\" \/>\n\t<meta name=\"twitter:label2\" content=\"Tiempo de lectura\" \/>\n\t<meta name=\"twitter:data2\" content=\"3 minutos\" \/>\n<script type=\"application\/ld+json\" class=\"yoast-schema-graph\">{\"@context\":\"https:\\\/\\\/schema.org\",\"@graph\":[{\"@type\":\"Article\",\"@id\":\"https:\\\/\\\/www.laguiadepamplona.com\\\/actualidad\\\/los-espacios-expositivos-de-ciudadela-ofrecen-estos-dias-una-experiencia-que-combina-fotografia-escultura-pintura-y-audiovisual\\\/#article\",\"isPartOf\":{\"@id\":\"https:\\\/\\\/www.laguiadepamplona.com\\\/actualidad\\\/los-espacios-expositivos-de-ciudadela-ofrecen-estos-dias-una-experiencia-que-combina-fotografia-escultura-pintura-y-audiovisual\\\/\"},\"author\":{\"name\":\"La Gu\u00eda de Pamplona\",\"@id\":\"https:\\\/\\\/www.laguiadepamplona.com\\\/actualidad\\\/#\\\/schema\\\/person\\\/efe887376f0213d4657c93adc50b1fdb\"},\"headline\":\"Los espacios expositivos de Ciudadela ofrecen estos d\u00edas una experiencia que combina fotograf\u00eda, escultura, pintura y audiovisual\",\"datePublished\":\"2022-04-12T10:40:04+00:00\",\"dateModified\":\"2023-04-11T09:48:19+00:00\",\"mainEntityOfPage\":{\"@id\":\"https:\\\/\\\/www.laguiadepamplona.com\\\/actualidad\\\/los-espacios-expositivos-de-ciudadela-ofrecen-estos-dias-una-experiencia-que-combina-fotografia-escultura-pintura-y-audiovisual\\\/\"},\"wordCount\":581,\"commentCount\":0,\"publisher\":{\"@id\":\"https:\\\/\\\/www.laguiadepamplona.com\\\/actualidad\\\/#organization\"},\"image\":{\"@id\":\"https:\\\/\\\/www.laguiadepamplona.com\\\/actualidad\\\/los-espacios-expositivos-de-ciudadela-ofrecen-estos-dias-una-experiencia-que-combina-fotografia-escultura-pintura-y-audiovisual\\\/#primaryimage\"},\"thumbnailUrl\":\"https:\\\/\\\/www.laguiadepamplona.com\\\/actualidad\\\/wp-content\\\/uploads\\\/2022\\\/04\\\/expo-abril-reutilizada.jpg\",\"articleSection\":[\"Ayto Pamplona\"],\"inLanguage\":\"es\",\"potentialAction\":[{\"@type\":\"CommentAction\",\"name\":\"Comment\",\"target\":[\"https:\\\/\\\/www.laguiadepamplona.com\\\/actualidad\\\/los-espacios-expositivos-de-ciudadela-ofrecen-estos-dias-una-experiencia-que-combina-fotografia-escultura-pintura-y-audiovisual\\\/#respond\"]}]},{\"@type\":\"WebPage\",\"@id\":\"https:\\\/\\\/www.laguiadepamplona.com\\\/actualidad\\\/los-espacios-expositivos-de-ciudadela-ofrecen-estos-dias-una-experiencia-que-combina-fotografia-escultura-pintura-y-audiovisual\\\/\",\"url\":\"https:\\\/\\\/www.laguiadepamplona.com\\\/actualidad\\\/los-espacios-expositivos-de-ciudadela-ofrecen-estos-dias-una-experiencia-que-combina-fotografia-escultura-pintura-y-audiovisual\\\/\",\"name\":\"Los espacios expositivos de Ciudadela ofrecen estos d\u00edas una experiencia que combina fotograf\u00eda, escultura, pintura y audiovisual\",\"isPartOf\":{\"@id\":\"https:\\\/\\\/www.laguiadepamplona.com\\\/actualidad\\\/#website\"},\"primaryImageOfPage\":{\"@id\":\"https:\\\/\\\/www.laguiadepamplona.com\\\/actualidad\\\/los-espacios-expositivos-de-ciudadela-ofrecen-estos-dias-una-experiencia-que-combina-fotografia-escultura-pintura-y-audiovisual\\\/#primaryimage\"},\"image\":{\"@id\":\"https:\\\/\\\/www.laguiadepamplona.com\\\/actualidad\\\/los-espacios-expositivos-de-ciudadela-ofrecen-estos-dias-una-experiencia-que-combina-fotografia-escultura-pintura-y-audiovisual\\\/#primaryimage\"},\"thumbnailUrl\":\"https:\\\/\\\/www.laguiadepamplona.com\\\/actualidad\\\/wp-content\\\/uploads\\\/2022\\\/04\\\/expo-abril-reutilizada.jpg\",\"datePublished\":\"2022-04-12T10:40:04+00:00\",\"dateModified\":\"2023-04-11T09:48:19+00:00\",\"description\":\"Las exposiciones se pueden visitar de manera gratuita los d\u00edas festivos por la ma\u00f1ana y el resto en horario de 11.30 a 13.30 y de 18.00 a 20.30\",\"breadcrumb\":{\"@id\":\"https:\\\/\\\/www.laguiadepamplona.com\\\/actualidad\\\/los-espacios-expositivos-de-ciudadela-ofrecen-estos-dias-una-experiencia-que-combina-fotografia-escultura-pintura-y-audiovisual\\\/#breadcrumb\"},\"inLanguage\":\"es\",\"potentialAction\":[{\"@type\":\"ReadAction\",\"target\":[\"https:\\\/\\\/www.laguiadepamplona.com\\\/actualidad\\\/los-espacios-expositivos-de-ciudadela-ofrecen-estos-dias-una-experiencia-que-combina-fotografia-escultura-pintura-y-audiovisual\\\/\"]}]},{\"@type\":\"ImageObject\",\"inLanguage\":\"es\",\"@id\":\"https:\\\/\\\/www.laguiadepamplona.com\\\/actualidad\\\/los-espacios-expositivos-de-ciudadela-ofrecen-estos-dias-una-experiencia-que-combina-fotografia-escultura-pintura-y-audiovisual\\\/#primaryimage\",\"url\":\"https:\\\/\\\/www.laguiadepamplona.com\\\/actualidad\\\/wp-content\\\/uploads\\\/2022\\\/04\\\/expo-abril-reutilizada.jpg\",\"contentUrl\":\"https:\\\/\\\/www.laguiadepamplona.com\\\/actualidad\\\/wp-content\\\/uploads\\\/2022\\\/04\\\/expo-abril-reutilizada.jpg\",\"width\":1134,\"height\":609},{\"@type\":\"BreadcrumbList\",\"@id\":\"https:\\\/\\\/www.laguiadepamplona.com\\\/actualidad\\\/los-espacios-expositivos-de-ciudadela-ofrecen-estos-dias-una-experiencia-que-combina-fotografia-escultura-pintura-y-audiovisual\\\/#breadcrumb\",\"itemListElement\":[{\"@type\":\"ListItem\",\"position\":1,\"name\":\"Portada\",\"item\":\"https:\\\/\\\/www.laguiadepamplona.com\\\/actualidad\\\/\"},{\"@type\":\"ListItem\",\"position\":2,\"name\":\"Los espacios expositivos de Ciudadela ofrecen estos d\u00edas una experiencia que combina fotograf\u00eda, escultura, pintura y audiovisual\"}]},{\"@type\":\"WebSite\",\"@id\":\"https:\\\/\\\/www.laguiadepamplona.com\\\/actualidad\\\/#website\",\"url\":\"https:\\\/\\\/www.laguiadepamplona.com\\\/actualidad\\\/\",\"name\":\"La gu\u00eda de Pamplona\",\"description\":\"Noticias de Pamplona\",\"publisher\":{\"@id\":\"https:\\\/\\\/www.laguiadepamplona.com\\\/actualidad\\\/#organization\"},\"potentialAction\":[{\"@type\":\"SearchAction\",\"target\":{\"@type\":\"EntryPoint\",\"urlTemplate\":\"https:\\\/\\\/www.laguiadepamplona.com\\\/actualidad\\\/?s={search_term_string}\"},\"query-input\":{\"@type\":\"PropertyValueSpecification\",\"valueRequired\":true,\"valueName\":\"search_term_string\"}}],\"inLanguage\":\"es\"},{\"@type\":\"Organization\",\"@id\":\"https:\\\/\\\/www.laguiadepamplona.com\\\/actualidad\\\/#organization\",\"name\":\"La Gu\u00eda de Pamplona \\\/ Noticias\",\"url\":\"https:\\\/\\\/www.laguiadepamplona.com\\\/actualidad\\\/\",\"logo\":{\"@type\":\"ImageObject\",\"inLanguage\":\"es\",\"@id\":\"https:\\\/\\\/www.laguiadepamplona.com\\\/actualidad\\\/#\\\/schema\\\/logo\\\/image\\\/\",\"url\":\"https:\\\/\\\/www.laguiadepamplona.com\\\/actualidad\\\/wp-content\\\/uploads\\\/2018\\\/11\\\/logo-laguiadepamplona18-web1.png\",\"contentUrl\":\"https:\\\/\\\/www.laguiadepamplona.com\\\/actualidad\\\/wp-content\\\/uploads\\\/2018\\\/11\\\/logo-laguiadepamplona18-web1.png\",\"width\":600,\"height\":196,\"caption\":\"La Gu\u00eda de Pamplona \\\/ Noticias\"},\"image\":{\"@id\":\"https:\\\/\\\/www.laguiadepamplona.com\\\/actualidad\\\/#\\\/schema\\\/logo\\\/image\\\/\"},\"sameAs\":[\"https:\\\/\\\/www.facebook.com\\\/laguiadepamplonacom-133175176762273\\\/?ref=hl\",\"https:\\\/\\\/x.com\\\/LaGuiadPamplona\",\"https:\\\/\\\/www.instagram.com\\\/la_guia_de_pamplona\\\/\",\"https:\\\/\\\/www.youtube.com\\\/user\\\/laguiadepamplona\"]},{\"@type\":\"Person\",\"@id\":\"https:\\\/\\\/www.laguiadepamplona.com\\\/actualidad\\\/#\\\/schema\\\/person\\\/efe887376f0213d4657c93adc50b1fdb\",\"name\":\"La Gu\u00eda de Pamplona\",\"image\":{\"@type\":\"ImageObject\",\"inLanguage\":\"es\",\"@id\":\"https:\\\/\\\/secure.gravatar.com\\\/avatar\\\/b6992f131dc8d30ab0dff15446e9d346d9dbd95992de0fef795073f5ea83a81c?s=96&d=mm&r=g\",\"url\":\"https:\\\/\\\/secure.gravatar.com\\\/avatar\\\/b6992f131dc8d30ab0dff15446e9d346d9dbd95992de0fef795073f5ea83a81c?s=96&d=mm&r=g\",\"contentUrl\":\"https:\\\/\\\/secure.gravatar.com\\\/avatar\\\/b6992f131dc8d30ab0dff15446e9d346d9dbd95992de0fef795073f5ea83a81c?s=96&d=mm&r=g\",\"caption\":\"La Gu\u00eda de Pamplona\"}}]}<\/script>\n<!-- \/ Yoast SEO plugin. -->","yoast_head_json":{"title":"Los espacios expositivos de Ciudadela ofrecen estos d\u00edas una experiencia que combina fotograf\u00eda, escultura, pintura y audiovisual","description":"Las exposiciones se pueden visitar de manera gratuita los d\u00edas festivos por la ma\u00f1ana y el resto en horario de 11.30 a 13.30 y de 18.00 a 20.30","robots":{"index":"index","follow":"follow","max-snippet":"max-snippet:-1","max-image-preview":"max-image-preview:large","max-video-preview":"max-video-preview:-1"},"canonical":"https:\/\/www.laguiadepamplona.com\/actualidad\/los-espacios-expositivos-de-ciudadela-ofrecen-estos-dias-una-experiencia-que-combina-fotografia-escultura-pintura-y-audiovisual\/","og_locale":"es_ES","og_type":"article","og_title":"Los espacios expositivos de Ciudadela ofrecen estos d\u00edas una experiencia que combina fotograf\u00eda, escultura, pintura y audiovisual","og_description":"Las exposiciones se pueden visitar de manera gratuita los d\u00edas festivos por la ma\u00f1ana y el resto en horario de 11.30 a 13.30 y de 18.00 a 20.30","og_url":"https:\/\/www.laguiadepamplona.com\/actualidad\/los-espacios-expositivos-de-ciudadela-ofrecen-estos-dias-una-experiencia-que-combina-fotografia-escultura-pintura-y-audiovisual\/","og_site_name":"La Gu\u00eda de Pamplona","article_publisher":"https:\/\/www.facebook.com\/laguiadepamplonacom-133175176762273\/?ref=hl","article_published_time":"2022-04-12T10:40:04+00:00","article_modified_time":"2023-04-11T09:48:19+00:00","og_image":[{"width":1134,"height":609,"url":"https:\/\/www.laguiadepamplona.com\/actualidad\/wp-content\/uploads\/2022\/04\/expo-abril-reutilizada.jpg","type":"image\/jpeg"}],"author":"La Gu\u00eda de Pamplona","twitter_card":"summary_large_image","twitter_creator":"@LaGuiadPamplona","twitter_site":"@LaGuiadPamplona","twitter_misc":{"Escrito por":"La Gu\u00eda de Pamplona","Tiempo de lectura":"3 minutos"},"schema":{"@context":"https:\/\/schema.org","@graph":[{"@type":"Article","@id":"https:\/\/www.laguiadepamplona.com\/actualidad\/los-espacios-expositivos-de-ciudadela-ofrecen-estos-dias-una-experiencia-que-combina-fotografia-escultura-pintura-y-audiovisual\/#article","isPartOf":{"@id":"https:\/\/www.laguiadepamplona.com\/actualidad\/los-espacios-expositivos-de-ciudadela-ofrecen-estos-dias-una-experiencia-que-combina-fotografia-escultura-pintura-y-audiovisual\/"},"author":{"name":"La Gu\u00eda de Pamplona","@id":"https:\/\/www.laguiadepamplona.com\/actualidad\/#\/schema\/person\/efe887376f0213d4657c93adc50b1fdb"},"headline":"Los espacios expositivos de Ciudadela ofrecen estos d\u00edas una experiencia que combina fotograf\u00eda, escultura, pintura y audiovisual","datePublished":"2022-04-12T10:40:04+00:00","dateModified":"2023-04-11T09:48:19+00:00","mainEntityOfPage":{"@id":"https:\/\/www.laguiadepamplona.com\/actualidad\/los-espacios-expositivos-de-ciudadela-ofrecen-estos-dias-una-experiencia-que-combina-fotografia-escultura-pintura-y-audiovisual\/"},"wordCount":581,"commentCount":0,"publisher":{"@id":"https:\/\/www.laguiadepamplona.com\/actualidad\/#organization"},"image":{"@id":"https:\/\/www.laguiadepamplona.com\/actualidad\/los-espacios-expositivos-de-ciudadela-ofrecen-estos-dias-una-experiencia-que-combina-fotografia-escultura-pintura-y-audiovisual\/#primaryimage"},"thumbnailUrl":"https:\/\/www.laguiadepamplona.com\/actualidad\/wp-content\/uploads\/2022\/04\/expo-abril-reutilizada.jpg","articleSection":["Ayto Pamplona"],"inLanguage":"es","potentialAction":[{"@type":"CommentAction","name":"Comment","target":["https:\/\/www.laguiadepamplona.com\/actualidad\/los-espacios-expositivos-de-ciudadela-ofrecen-estos-dias-una-experiencia-que-combina-fotografia-escultura-pintura-y-audiovisual\/#respond"]}]},{"@type":"WebPage","@id":"https:\/\/www.laguiadepamplona.com\/actualidad\/los-espacios-expositivos-de-ciudadela-ofrecen-estos-dias-una-experiencia-que-combina-fotografia-escultura-pintura-y-audiovisual\/","url":"https:\/\/www.laguiadepamplona.com\/actualidad\/los-espacios-expositivos-de-ciudadela-ofrecen-estos-dias-una-experiencia-que-combina-fotografia-escultura-pintura-y-audiovisual\/","name":"Los espacios expositivos de Ciudadela ofrecen estos d\u00edas una experiencia que combina fotograf\u00eda, escultura, pintura y audiovisual","isPartOf":{"@id":"https:\/\/www.laguiadepamplona.com\/actualidad\/#website"},"primaryImageOfPage":{"@id":"https:\/\/www.laguiadepamplona.com\/actualidad\/los-espacios-expositivos-de-ciudadela-ofrecen-estos-dias-una-experiencia-que-combina-fotografia-escultura-pintura-y-audiovisual\/#primaryimage"},"image":{"@id":"https:\/\/www.laguiadepamplona.com\/actualidad\/los-espacios-expositivos-de-ciudadela-ofrecen-estos-dias-una-experiencia-que-combina-fotografia-escultura-pintura-y-audiovisual\/#primaryimage"},"thumbnailUrl":"https:\/\/www.laguiadepamplona.com\/actualidad\/wp-content\/uploads\/2022\/04\/expo-abril-reutilizada.jpg","datePublished":"2022-04-12T10:40:04+00:00","dateModified":"2023-04-11T09:48:19+00:00","description":"Las exposiciones se pueden visitar de manera gratuita los d\u00edas festivos por la ma\u00f1ana y el resto en horario de 11.30 a 13.30 y de 18.00 a 20.30","breadcrumb":{"@id":"https:\/\/www.laguiadepamplona.com\/actualidad\/los-espacios-expositivos-de-ciudadela-ofrecen-estos-dias-una-experiencia-que-combina-fotografia-escultura-pintura-y-audiovisual\/#breadcrumb"},"inLanguage":"es","potentialAction":[{"@type":"ReadAction","target":["https:\/\/www.laguiadepamplona.com\/actualidad\/los-espacios-expositivos-de-ciudadela-ofrecen-estos-dias-una-experiencia-que-combina-fotografia-escultura-pintura-y-audiovisual\/"]}]},{"@type":"ImageObject","inLanguage":"es","@id":"https:\/\/www.laguiadepamplona.com\/actualidad\/los-espacios-expositivos-de-ciudadela-ofrecen-estos-dias-una-experiencia-que-combina-fotografia-escultura-pintura-y-audiovisual\/#primaryimage","url":"https:\/\/www.laguiadepamplona.com\/actualidad\/wp-content\/uploads\/2022\/04\/expo-abril-reutilizada.jpg","contentUrl":"https:\/\/www.laguiadepamplona.com\/actualidad\/wp-content\/uploads\/2022\/04\/expo-abril-reutilizada.jpg","width":1134,"height":609},{"@type":"BreadcrumbList","@id":"https:\/\/www.laguiadepamplona.com\/actualidad\/los-espacios-expositivos-de-ciudadela-ofrecen-estos-dias-una-experiencia-que-combina-fotografia-escultura-pintura-y-audiovisual\/#breadcrumb","itemListElement":[{"@type":"ListItem","position":1,"name":"Portada","item":"https:\/\/www.laguiadepamplona.com\/actualidad\/"},{"@type":"ListItem","position":2,"name":"Los espacios expositivos de Ciudadela ofrecen estos d\u00edas una experiencia que combina fotograf\u00eda, escultura, pintura y audiovisual"}]},{"@type":"WebSite","@id":"https:\/\/www.laguiadepamplona.com\/actualidad\/#website","url":"https:\/\/www.laguiadepamplona.com\/actualidad\/","name":"La gu\u00eda de Pamplona","description":"Noticias de Pamplona","publisher":{"@id":"https:\/\/www.laguiadepamplona.com\/actualidad\/#organization"},"potentialAction":[{"@type":"SearchAction","target":{"@type":"EntryPoint","urlTemplate":"https:\/\/www.laguiadepamplona.com\/actualidad\/?s={search_term_string}"},"query-input":{"@type":"PropertyValueSpecification","valueRequired":true,"valueName":"search_term_string"}}],"inLanguage":"es"},{"@type":"Organization","@id":"https:\/\/www.laguiadepamplona.com\/actualidad\/#organization","name":"La Gu\u00eda de Pamplona \/ Noticias","url":"https:\/\/www.laguiadepamplona.com\/actualidad\/","logo":{"@type":"ImageObject","inLanguage":"es","@id":"https:\/\/www.laguiadepamplona.com\/actualidad\/#\/schema\/logo\/image\/","url":"https:\/\/www.laguiadepamplona.com\/actualidad\/wp-content\/uploads\/2018\/11\/logo-laguiadepamplona18-web1.png","contentUrl":"https:\/\/www.laguiadepamplona.com\/actualidad\/wp-content\/uploads\/2018\/11\/logo-laguiadepamplona18-web1.png","width":600,"height":196,"caption":"La Gu\u00eda de Pamplona \/ Noticias"},"image":{"@id":"https:\/\/www.laguiadepamplona.com\/actualidad\/#\/schema\/logo\/image\/"},"sameAs":["https:\/\/www.facebook.com\/laguiadepamplonacom-133175176762273\/?ref=hl","https:\/\/x.com\/LaGuiadPamplona","https:\/\/www.instagram.com\/la_guia_de_pamplona\/","https:\/\/www.youtube.com\/user\/laguiadepamplona"]},{"@type":"Person","@id":"https:\/\/www.laguiadepamplona.com\/actualidad\/#\/schema\/person\/efe887376f0213d4657c93adc50b1fdb","name":"La Gu\u00eda de Pamplona","image":{"@type":"ImageObject","inLanguage":"es","@id":"https:\/\/secure.gravatar.com\/avatar\/b6992f131dc8d30ab0dff15446e9d346d9dbd95992de0fef795073f5ea83a81c?s=96&d=mm&r=g","url":"https:\/\/secure.gravatar.com\/avatar\/b6992f131dc8d30ab0dff15446e9d346d9dbd95992de0fef795073f5ea83a81c?s=96&d=mm&r=g","contentUrl":"https:\/\/secure.gravatar.com\/avatar\/b6992f131dc8d30ab0dff15446e9d346d9dbd95992de0fef795073f5ea83a81c?s=96&d=mm&r=g","caption":"La Gu\u00eda de Pamplona"}}]}},"post_mailing_queue_ids":[],"_links":{"self":[{"href":"https:\/\/www.laguiadepamplona.com\/actualidad\/wp-json\/wp\/v2\/posts\/39951","targetHints":{"allow":["GET"]}}],"collection":[{"href":"https:\/\/www.laguiadepamplona.com\/actualidad\/wp-json\/wp\/v2\/posts"}],"about":[{"href":"https:\/\/www.laguiadepamplona.com\/actualidad\/wp-json\/wp\/v2\/types\/post"}],"author":[{"embeddable":true,"href":"https:\/\/www.laguiadepamplona.com\/actualidad\/wp-json\/wp\/v2\/users\/1"}],"replies":[{"embeddable":true,"href":"https:\/\/www.laguiadepamplona.com\/actualidad\/wp-json\/wp\/v2\/comments?post=39951"}],"version-history":[{"count":0,"href":"https:\/\/www.laguiadepamplona.com\/actualidad\/wp-json\/wp\/v2\/posts\/39951\/revisions"}],"wp:featuredmedia":[{"embeddable":true,"href":"https:\/\/www.laguiadepamplona.com\/actualidad\/wp-json\/wp\/v2\/media\/39952"}],"wp:attachment":[{"href":"https:\/\/www.laguiadepamplona.com\/actualidad\/wp-json\/wp\/v2\/media?parent=39951"}],"wp:term":[{"taxonomy":"category","embeddable":true,"href":"https:\/\/www.laguiadepamplona.com\/actualidad\/wp-json\/wp\/v2\/categories?post=39951"},{"taxonomy":"post_tag","embeddable":true,"href":"https:\/\/www.laguiadepamplona.com\/actualidad\/wp-json\/wp\/v2\/tags?post=39951"}],"curies":[{"name":"wp","href":"https:\/\/api.w.org\/{rel}","templated":true}]}}