{"id":39943,"date":"2022-04-11T13:38:28","date_gmt":"2022-04-11T11:38:28","guid":{"rendered":"https:\/\/www.laguiadepamplona.com\/actualidad\/?p=39943"},"modified":"2023-04-11T11:48:19","modified_gmt":"2023-04-11T09:48:19","slug":"pamplona-vuelve-a-apostar-por-un-sistema-integral-de-logistica-y-limpieza-de-vasos-reutilizables-para-san-fermin-y-otras-fiestas-y-celebraciones-en-la-ciudad","status":"publish","type":"post","link":"https:\/\/www.laguiadepamplona.com\/actualidad\/pamplona-vuelve-a-apostar-por-un-sistema-integral-de-logistica-y-limpieza-de-vasos-reutilizables-para-san-fermin-y-otras-fiestas-y-celebraciones-en-la-ciudad\/","title":{"rendered":"Pamplona vuelve a apostar por un sistema integral de log\u00edstica y limpieza de vasos reutilizables para San Ferm\u00edn y otras fiestas y celebraciones en la ciudad"},"content":{"rendered":"<h5>Se licitar\u00e1 un contrato de reparto, recogida y limpieza de vasos reutilizables con un presupuesto de 50.000 euros, con opci\u00f3n a tres pr\u00f3rrogas anuales<\/h5>\n<p><!--more--><\/p>\n<p>La Junta de Gobierno Local ha aprobado la licitaci\u00f3n del contrato de reparto, recogida y limpieza de vasos reutilizables en la celebraci\u00f3n de fiestas y eventos de Pamplona. El Ayuntamiento apuesta por un sistema integral de log\u00edstica y limpieza de vasos reutilizables para minimizar as\u00ed la producci\u00f3n de residuos y su impacto. El contrato cuenta con un presupuesto de 50.000 euros, con opci\u00f3n a tres pr\u00f3rrogas anuales m\u00e1s.<\/p>\n<p>La celebraci\u00f3n de eventos y de fiestas, sobre todo los Sanfermines, genera una gran cantidad de residuos desechables (vasos de pl\u00e1stico y vajilla de un solo uso) y, con ello, un problema ambiental y sanitario. El Ayuntamiento de Pamplona, a trav\u00e9s del Servicio de Agenda 21, promueve la sostenibilidad en la ciudad y licita un contrato que incluye la recepci\u00f3n de peticiones de participaci\u00f3n en el sistema; el reparto, recogida, limpieza y almacenaje de los vasos; la gesti\u00f3n de albaranes y facturas; o reuniones para dar a conocer el sistema.<br \/>\n<script async src=\"\/\/pagead2.googlesyndication.com\/pagead\/js\/adsbygoogle.js\"><\/script><br \/>\n<!-- Noticias La Guia de Pamplona --><br \/>\n<ins class=\"adsbygoogle\"\nstyle=\"display:block\"\ndata-ad-client=\"ca-pub-6943679897239327\"\ndata-ad-slot=\"7048180777\"\ndata-ad-format=\"auto\"><\/ins><br \/>\n<script>\n(adsbygoogle = window.adsbygoogle || []).push({});\n<\/script><\/p>\n<p>Los vasos reutilizables puestos a disposici\u00f3n del sistema ser\u00e1n de tres tama\u00f1os: 0,3 litros, 0,5 litros y 1 litro. El sistema presenta dos variantes. Por un lado, est\u00e1 el vaso reutilizable dise\u00f1ado en 2019, que deber\u00e1n adquirir los locales y entidades con \u00e1nimo de lucro, debiendo abonar el pago de los vasos a la empresa adjudicataria. El coste ser\u00e1 de 0,32, 0,42 u 0,50 euros, respectivamente. En los costes va incluida la adquisici\u00f3n del vaso y el almacenamiento.<\/p>\n<p>Por otro lado, las asociaciones y entidades sin \u00e1nimo de lucro dispondr\u00e1n de un vaso reutilizable de propiedad municipal. El Ayuntamiento de Pamplona costear\u00e1 el reparto, recogida y limpieza de esos vasos, de tal manera que la participaci\u00f3n en el sistema de estas asociaciones sea gratuita. Este vaso de propiedad municipal estar\u00e1 disponible para fiestas de barrios, comidas populares u otro tipo de eventos, siempre y cuando la cantidad solicitada compense ambientalmente el reparto y recogida (se ha estipulado que el m\u00ednimo ser\u00e1n 3 cajas).<br \/>\n<script async src=\"\/\/pagead2.googlesyndication.com\/pagead\/js\/adsbygoogle.js\"><\/script><br \/>\n<!-- Noticias La Guia de Pamplona --><br \/>\n<ins class=\"adsbygoogle\"\nstyle=\"display:block\"\ndata-ad-client=\"ca-pub-6943679897239327\"\ndata-ad-slot=\"7048180777\"\ndata-ad-format=\"auto\"><\/ins><br \/>\n<script>\n(adsbygoogle = window.adsbygoogle || []).push({});\n<\/script><\/p>\n<p><strong>C\u00f3mo participar en este sistema<\/strong><\/p>\n<p>Podr\u00e1n adherirse a este sistema del vaso reutilizable y solicitar el servicio tanto entidades p\u00fablicas como privadas con o sin \u00e1nimo de lucro, que tengan su sede en Pamplona, para eventos abiertos para todo el p\u00fablico, que se lleven a cabo tanto en los espacios de concesi\u00f3n municipal, eventos organizados por asociaciones y colectivos, as\u00ed como por entidades privadas, siempre que tengan tambi\u00e9n su sede en el t\u00e9rmino municipal de Pamplona.<\/p>\n<p>El n\u00famero m\u00ednimo de vasos solicitados por evento deber\u00e1 superar los 900. Se aceptar\u00e1n cifras menores siempre que forman parte del mismo evento y al sumarlas superen esos 900 vasos. Entre los eventos a los que se aplicar\u00e1 el servicio estar\u00e1n las fiestas de San Ferm\u00edn. Otros posibles acontecimientos ser\u00e1n las fiestas de barrios, San Ferm\u00edn de Aldapa o Nochevieja.<\/p>\n<p>Con el fin de dar a conocer el funcionamiento del servicio a la hosteler\u00eda, colectivos y espacios comerciales, la entidad adjudicataria deber\u00e1 participar en reuniones explicativas del sistema, ya sea a petici\u00f3n de las partes interesadas, ya sea por iniciativa propia, ya sea porque el personal t\u00e9cnico municipal lo considera oportuno. La entidad adjudicataria recibir\u00e1 las peticiones de participaci\u00f3n en el sistema a trav\u00e9s de un correo electr\u00f3nico o por tel\u00e9fono, directamente de los distintos locales o bien a trav\u00e9s del Ayuntamiento. Asimismo, repartir\u00e1 y recoger\u00e1 con medios propios los vasos reutilizables y realizar\u00e1 el lavado de los vasos a una temperatura que establezca la legislaci\u00f3n sanitaria para garantizar su correcta higienizaci\u00f3n. Se exige una capacidad m\u00ednima de lavado de, al menos, 50.000 vasos diarios.<\/p>\n","protected":false},"excerpt":{"rendered":"<p>Se licitar\u00e1 un contrato de reparto, recogida y limpieza de vasos reutilizables con un presupuesto de 50.000 euros, con opci\u00f3n a tres pr\u00f3rrogas anuales<\/p>\n","protected":false},"author":1,"featured_media":39944,"comment_status":"open","ping_status":"closed","sticky":false,"template":"","format":"standard","meta":{"footnotes":""},"categories":[2],"tags":[],"class_list":["post-39943","post","type-post","status-publish","format-standard","has-post-thumbnail","hentry","category-ayuntamiento-pamplona"],"yoast_head":"<!-- This site is optimized with the Yoast SEO plugin v27.3 - https:\/\/yoast.com\/product\/yoast-seo-wordpress\/ -->\n<title>Pamplona vuelve a apostar por un sistema integral de log\u00edstica y limpieza de vasos reutilizables para San Ferm\u00edn y otras fiestas y celebraciones en la ciudad<\/title>\n<meta name=\"description\" content=\"Se licitar\u00e1 un contrato de reparto, recogida y limpieza de vasos reutilizables con un presupuesto de 50.000 euros, con opci\u00f3n a tres pr\u00f3rrogas anuales\" \/>\n<meta name=\"robots\" content=\"index, follow, max-snippet:-1, max-image-preview:large, max-video-preview:-1\" \/>\n<link rel=\"canonical\" href=\"https:\/\/www.laguiadepamplona.com\/actualidad\/pamplona-vuelve-a-apostar-por-un-sistema-integral-de-logistica-y-limpieza-de-vasos-reutilizables-para-san-fermin-y-otras-fiestas-y-celebraciones-en-la-ciudad\/\" \/>\n<meta property=\"og:locale\" content=\"es_ES\" \/>\n<meta property=\"og:type\" content=\"article\" \/>\n<meta property=\"og:title\" content=\"Pamplona vuelve a apostar por un sistema integral de log\u00edstica y limpieza de vasos reutilizables para San Ferm\u00edn y otras fiestas y celebraciones en la ciudad\" \/>\n<meta property=\"og:description\" content=\"Se licitar\u00e1 un contrato de reparto, recogida y limpieza de vasos reutilizables con un presupuesto de 50.000 euros, con opci\u00f3n a tres pr\u00f3rrogas anuales\" \/>\n<meta property=\"og:url\" content=\"https:\/\/www.laguiadepamplona.com\/actualidad\/pamplona-vuelve-a-apostar-por-un-sistema-integral-de-logistica-y-limpieza-de-vasos-reutilizables-para-san-fermin-y-otras-fiestas-y-celebraciones-en-la-ciudad\/\" \/>\n<meta property=\"og:site_name\" content=\"La Gu\u00eda de Pamplona\" \/>\n<meta property=\"article:publisher\" content=\"https:\/\/www.facebook.com\/laguiadepamplonacom-133175176762273\/?ref=hl\" \/>\n<meta property=\"article:published_time\" content=\"2022-04-11T11:38:28+00:00\" \/>\n<meta property=\"article:modified_time\" content=\"2023-04-11T09:48:19+00:00\" \/>\n<meta property=\"og:image\" content=\"https:\/\/www.laguiadepamplona.com\/actualidad\/wp-content\/uploads\/2022\/04\/vasos-reutilizables-san-fermin.jpg\" \/>\n\t<meta property=\"og:image:width\" content=\"1920\" \/>\n\t<meta property=\"og:image:height\" content=\"1440\" \/>\n\t<meta property=\"og:image:type\" content=\"image\/jpeg\" \/>\n<meta name=\"author\" content=\"La Gu\u00eda de Pamplona\" \/>\n<meta name=\"twitter:card\" content=\"summary_large_image\" \/>\n<meta name=\"twitter:creator\" content=\"@LaGuiadPamplona\" \/>\n<meta name=\"twitter:site\" content=\"@LaGuiadPamplona\" \/>\n<meta name=\"twitter:label1\" content=\"Escrito por\" \/>\n\t<meta name=\"twitter:data1\" content=\"La Gu\u00eda de Pamplona\" \/>\n\t<meta name=\"twitter:label2\" content=\"Tiempo de lectura\" \/>\n\t<meta name=\"twitter:data2\" content=\"3 minutos\" \/>\n<script type=\"application\/ld+json\" class=\"yoast-schema-graph\">{\"@context\":\"https:\\\/\\\/schema.org\",\"@graph\":[{\"@type\":\"Article\",\"@id\":\"https:\\\/\\\/www.laguiadepamplona.com\\\/actualidad\\\/pamplona-vuelve-a-apostar-por-un-sistema-integral-de-logistica-y-limpieza-de-vasos-reutilizables-para-san-fermin-y-otras-fiestas-y-celebraciones-en-la-ciudad\\\/#article\",\"isPartOf\":{\"@id\":\"https:\\\/\\\/www.laguiadepamplona.com\\\/actualidad\\\/pamplona-vuelve-a-apostar-por-un-sistema-integral-de-logistica-y-limpieza-de-vasos-reutilizables-para-san-fermin-y-otras-fiestas-y-celebraciones-en-la-ciudad\\\/\"},\"author\":{\"name\":\"La Gu\u00eda de Pamplona\",\"@id\":\"https:\\\/\\\/www.laguiadepamplona.com\\\/actualidad\\\/#\\\/schema\\\/person\\\/efe887376f0213d4657c93adc50b1fdb\"},\"headline\":\"Pamplona vuelve a apostar por un sistema integral de log\u00edstica y limpieza de vasos reutilizables para San Ferm\u00edn y otras fiestas y celebraciones en la ciudad\",\"datePublished\":\"2022-04-11T11:38:28+00:00\",\"dateModified\":\"2023-04-11T09:48:19+00:00\",\"mainEntityOfPage\":{\"@id\":\"https:\\\/\\\/www.laguiadepamplona.com\\\/actualidad\\\/pamplona-vuelve-a-apostar-por-un-sistema-integral-de-logistica-y-limpieza-de-vasos-reutilizables-para-san-fermin-y-otras-fiestas-y-celebraciones-en-la-ciudad\\\/\"},\"wordCount\":670,\"commentCount\":0,\"publisher\":{\"@id\":\"https:\\\/\\\/www.laguiadepamplona.com\\\/actualidad\\\/#organization\"},\"image\":{\"@id\":\"https:\\\/\\\/www.laguiadepamplona.com\\\/actualidad\\\/pamplona-vuelve-a-apostar-por-un-sistema-integral-de-logistica-y-limpieza-de-vasos-reutilizables-para-san-fermin-y-otras-fiestas-y-celebraciones-en-la-ciudad\\\/#primaryimage\"},\"thumbnailUrl\":\"https:\\\/\\\/www.laguiadepamplona.com\\\/actualidad\\\/wp-content\\\/uploads\\\/2022\\\/04\\\/vasos-reutilizables-san-fermin.jpg\",\"articleSection\":[\"Ayto Pamplona\"],\"inLanguage\":\"es\",\"potentialAction\":[{\"@type\":\"CommentAction\",\"name\":\"Comment\",\"target\":[\"https:\\\/\\\/www.laguiadepamplona.com\\\/actualidad\\\/pamplona-vuelve-a-apostar-por-un-sistema-integral-de-logistica-y-limpieza-de-vasos-reutilizables-para-san-fermin-y-otras-fiestas-y-celebraciones-en-la-ciudad\\\/#respond\"]}]},{\"@type\":\"WebPage\",\"@id\":\"https:\\\/\\\/www.laguiadepamplona.com\\\/actualidad\\\/pamplona-vuelve-a-apostar-por-un-sistema-integral-de-logistica-y-limpieza-de-vasos-reutilizables-para-san-fermin-y-otras-fiestas-y-celebraciones-en-la-ciudad\\\/\",\"url\":\"https:\\\/\\\/www.laguiadepamplona.com\\\/actualidad\\\/pamplona-vuelve-a-apostar-por-un-sistema-integral-de-logistica-y-limpieza-de-vasos-reutilizables-para-san-fermin-y-otras-fiestas-y-celebraciones-en-la-ciudad\\\/\",\"name\":\"Pamplona vuelve a apostar por un sistema integral de log\u00edstica y limpieza de vasos reutilizables para San Ferm\u00edn y otras fiestas y celebraciones en la ciudad\",\"isPartOf\":{\"@id\":\"https:\\\/\\\/www.laguiadepamplona.com\\\/actualidad\\\/#website\"},\"primaryImageOfPage\":{\"@id\":\"https:\\\/\\\/www.laguiadepamplona.com\\\/actualidad\\\/pamplona-vuelve-a-apostar-por-un-sistema-integral-de-logistica-y-limpieza-de-vasos-reutilizables-para-san-fermin-y-otras-fiestas-y-celebraciones-en-la-ciudad\\\/#primaryimage\"},\"image\":{\"@id\":\"https:\\\/\\\/www.laguiadepamplona.com\\\/actualidad\\\/pamplona-vuelve-a-apostar-por-un-sistema-integral-de-logistica-y-limpieza-de-vasos-reutilizables-para-san-fermin-y-otras-fiestas-y-celebraciones-en-la-ciudad\\\/#primaryimage\"},\"thumbnailUrl\":\"https:\\\/\\\/www.laguiadepamplona.com\\\/actualidad\\\/wp-content\\\/uploads\\\/2022\\\/04\\\/vasos-reutilizables-san-fermin.jpg\",\"datePublished\":\"2022-04-11T11:38:28+00:00\",\"dateModified\":\"2023-04-11T09:48:19+00:00\",\"description\":\"Se licitar\u00e1 un contrato de reparto, recogida y limpieza de vasos reutilizables con un presupuesto de 50.000 euros, con opci\u00f3n a tres pr\u00f3rrogas anuales\",\"breadcrumb\":{\"@id\":\"https:\\\/\\\/www.laguiadepamplona.com\\\/actualidad\\\/pamplona-vuelve-a-apostar-por-un-sistema-integral-de-logistica-y-limpieza-de-vasos-reutilizables-para-san-fermin-y-otras-fiestas-y-celebraciones-en-la-ciudad\\\/#breadcrumb\"},\"inLanguage\":\"es\",\"potentialAction\":[{\"@type\":\"ReadAction\",\"target\":[\"https:\\\/\\\/www.laguiadepamplona.com\\\/actualidad\\\/pamplona-vuelve-a-apostar-por-un-sistema-integral-de-logistica-y-limpieza-de-vasos-reutilizables-para-san-fermin-y-otras-fiestas-y-celebraciones-en-la-ciudad\\\/\"]}]},{\"@type\":\"ImageObject\",\"inLanguage\":\"es\",\"@id\":\"https:\\\/\\\/www.laguiadepamplona.com\\\/actualidad\\\/pamplona-vuelve-a-apostar-por-un-sistema-integral-de-logistica-y-limpieza-de-vasos-reutilizables-para-san-fermin-y-otras-fiestas-y-celebraciones-en-la-ciudad\\\/#primaryimage\",\"url\":\"https:\\\/\\\/www.laguiadepamplona.com\\\/actualidad\\\/wp-content\\\/uploads\\\/2022\\\/04\\\/vasos-reutilizables-san-fermin.jpg\",\"contentUrl\":\"https:\\\/\\\/www.laguiadepamplona.com\\\/actualidad\\\/wp-content\\\/uploads\\\/2022\\\/04\\\/vasos-reutilizables-san-fermin.jpg\",\"width\":1920,\"height\":1440,\"caption\":\"dav\"},{\"@type\":\"BreadcrumbList\",\"@id\":\"https:\\\/\\\/www.laguiadepamplona.com\\\/actualidad\\\/pamplona-vuelve-a-apostar-por-un-sistema-integral-de-logistica-y-limpieza-de-vasos-reutilizables-para-san-fermin-y-otras-fiestas-y-celebraciones-en-la-ciudad\\\/#breadcrumb\",\"itemListElement\":[{\"@type\":\"ListItem\",\"position\":1,\"name\":\"Portada\",\"item\":\"https:\\\/\\\/www.laguiadepamplona.com\\\/actualidad\\\/\"},{\"@type\":\"ListItem\",\"position\":2,\"name\":\"Pamplona vuelve a apostar por un sistema integral de log\u00edstica y limpieza de vasos reutilizables para San Ferm\u00edn y otras fiestas y celebraciones en la ciudad\"}]},{\"@type\":\"WebSite\",\"@id\":\"https:\\\/\\\/www.laguiadepamplona.com\\\/actualidad\\\/#website\",\"url\":\"https:\\\/\\\/www.laguiadepamplona.com\\\/actualidad\\\/\",\"name\":\"La gu\u00eda de Pamplona\",\"description\":\"Noticias de Pamplona\",\"publisher\":{\"@id\":\"https:\\\/\\\/www.laguiadepamplona.com\\\/actualidad\\\/#organization\"},\"potentialAction\":[{\"@type\":\"SearchAction\",\"target\":{\"@type\":\"EntryPoint\",\"urlTemplate\":\"https:\\\/\\\/www.laguiadepamplona.com\\\/actualidad\\\/?s={search_term_string}\"},\"query-input\":{\"@type\":\"PropertyValueSpecification\",\"valueRequired\":true,\"valueName\":\"search_term_string\"}}],\"inLanguage\":\"es\"},{\"@type\":\"Organization\",\"@id\":\"https:\\\/\\\/www.laguiadepamplona.com\\\/actualidad\\\/#organization\",\"name\":\"La Gu\u00eda de Pamplona \\\/ Noticias\",\"url\":\"https:\\\/\\\/www.laguiadepamplona.com\\\/actualidad\\\/\",\"logo\":{\"@type\":\"ImageObject\",\"inLanguage\":\"es\",\"@id\":\"https:\\\/\\\/www.laguiadepamplona.com\\\/actualidad\\\/#\\\/schema\\\/logo\\\/image\\\/\",\"url\":\"https:\\\/\\\/www.laguiadepamplona.com\\\/actualidad\\\/wp-content\\\/uploads\\\/2018\\\/11\\\/logo-laguiadepamplona18-web1.png\",\"contentUrl\":\"https:\\\/\\\/www.laguiadepamplona.com\\\/actualidad\\\/wp-content\\\/uploads\\\/2018\\\/11\\\/logo-laguiadepamplona18-web1.png\",\"width\":600,\"height\":196,\"caption\":\"La Gu\u00eda de Pamplona \\\/ Noticias\"},\"image\":{\"@id\":\"https:\\\/\\\/www.laguiadepamplona.com\\\/actualidad\\\/#\\\/schema\\\/logo\\\/image\\\/\"},\"sameAs\":[\"https:\\\/\\\/www.facebook.com\\\/laguiadepamplonacom-133175176762273\\\/?ref=hl\",\"https:\\\/\\\/x.com\\\/LaGuiadPamplona\",\"https:\\\/\\\/www.instagram.com\\\/la_guia_de_pamplona\\\/\",\"https:\\\/\\\/www.youtube.com\\\/user\\\/laguiadepamplona\"]},{\"@type\":\"Person\",\"@id\":\"https:\\\/\\\/www.laguiadepamplona.com\\\/actualidad\\\/#\\\/schema\\\/person\\\/efe887376f0213d4657c93adc50b1fdb\",\"name\":\"La Gu\u00eda de Pamplona\",\"image\":{\"@type\":\"ImageObject\",\"inLanguage\":\"es\",\"@id\":\"https:\\\/\\\/secure.gravatar.com\\\/avatar\\\/b6992f131dc8d30ab0dff15446e9d346d9dbd95992de0fef795073f5ea83a81c?s=96&d=mm&r=g\",\"url\":\"https:\\\/\\\/secure.gravatar.com\\\/avatar\\\/b6992f131dc8d30ab0dff15446e9d346d9dbd95992de0fef795073f5ea83a81c?s=96&d=mm&r=g\",\"contentUrl\":\"https:\\\/\\\/secure.gravatar.com\\\/avatar\\\/b6992f131dc8d30ab0dff15446e9d346d9dbd95992de0fef795073f5ea83a81c?s=96&d=mm&r=g\",\"caption\":\"La Gu\u00eda de Pamplona\"}}]}<\/script>\n<!-- \/ Yoast SEO plugin. -->","yoast_head_json":{"title":"Pamplona vuelve a apostar por un sistema integral de log\u00edstica y limpieza de vasos reutilizables para San Ferm\u00edn y otras fiestas y celebraciones en la ciudad","description":"Se licitar\u00e1 un contrato de reparto, recogida y limpieza de vasos reutilizables con un presupuesto de 50.000 euros, con opci\u00f3n a tres pr\u00f3rrogas anuales","robots":{"index":"index","follow":"follow","max-snippet":"max-snippet:-1","max-image-preview":"max-image-preview:large","max-video-preview":"max-video-preview:-1"},"canonical":"https:\/\/www.laguiadepamplona.com\/actualidad\/pamplona-vuelve-a-apostar-por-un-sistema-integral-de-logistica-y-limpieza-de-vasos-reutilizables-para-san-fermin-y-otras-fiestas-y-celebraciones-en-la-ciudad\/","og_locale":"es_ES","og_type":"article","og_title":"Pamplona vuelve a apostar por un sistema integral de log\u00edstica y limpieza de vasos reutilizables para San Ferm\u00edn y otras fiestas y celebraciones en la ciudad","og_description":"Se licitar\u00e1 un contrato de reparto, recogida y limpieza de vasos reutilizables con un presupuesto de 50.000 euros, con opci\u00f3n a tres pr\u00f3rrogas anuales","og_url":"https:\/\/www.laguiadepamplona.com\/actualidad\/pamplona-vuelve-a-apostar-por-un-sistema-integral-de-logistica-y-limpieza-de-vasos-reutilizables-para-san-fermin-y-otras-fiestas-y-celebraciones-en-la-ciudad\/","og_site_name":"La Gu\u00eda de Pamplona","article_publisher":"https:\/\/www.facebook.com\/laguiadepamplonacom-133175176762273\/?ref=hl","article_published_time":"2022-04-11T11:38:28+00:00","article_modified_time":"2023-04-11T09:48:19+00:00","og_image":[{"width":1920,"height":1440,"url":"https:\/\/www.laguiadepamplona.com\/actualidad\/wp-content\/uploads\/2022\/04\/vasos-reutilizables-san-fermin.jpg","type":"image\/jpeg"}],"author":"La Gu\u00eda de Pamplona","twitter_card":"summary_large_image","twitter_creator":"@LaGuiadPamplona","twitter_site":"@LaGuiadPamplona","twitter_misc":{"Escrito por":"La Gu\u00eda de Pamplona","Tiempo de lectura":"3 minutos"},"schema":{"@context":"https:\/\/schema.org","@graph":[{"@type":"Article","@id":"https:\/\/www.laguiadepamplona.com\/actualidad\/pamplona-vuelve-a-apostar-por-un-sistema-integral-de-logistica-y-limpieza-de-vasos-reutilizables-para-san-fermin-y-otras-fiestas-y-celebraciones-en-la-ciudad\/#article","isPartOf":{"@id":"https:\/\/www.laguiadepamplona.com\/actualidad\/pamplona-vuelve-a-apostar-por-un-sistema-integral-de-logistica-y-limpieza-de-vasos-reutilizables-para-san-fermin-y-otras-fiestas-y-celebraciones-en-la-ciudad\/"},"author":{"name":"La Gu\u00eda de Pamplona","@id":"https:\/\/www.laguiadepamplona.com\/actualidad\/#\/schema\/person\/efe887376f0213d4657c93adc50b1fdb"},"headline":"Pamplona vuelve a apostar por un sistema integral de log\u00edstica y limpieza de vasos reutilizables para San Ferm\u00edn y otras fiestas y celebraciones en la ciudad","datePublished":"2022-04-11T11:38:28+00:00","dateModified":"2023-04-11T09:48:19+00:00","mainEntityOfPage":{"@id":"https:\/\/www.laguiadepamplona.com\/actualidad\/pamplona-vuelve-a-apostar-por-un-sistema-integral-de-logistica-y-limpieza-de-vasos-reutilizables-para-san-fermin-y-otras-fiestas-y-celebraciones-en-la-ciudad\/"},"wordCount":670,"commentCount":0,"publisher":{"@id":"https:\/\/www.laguiadepamplona.com\/actualidad\/#organization"},"image":{"@id":"https:\/\/www.laguiadepamplona.com\/actualidad\/pamplona-vuelve-a-apostar-por-un-sistema-integral-de-logistica-y-limpieza-de-vasos-reutilizables-para-san-fermin-y-otras-fiestas-y-celebraciones-en-la-ciudad\/#primaryimage"},"thumbnailUrl":"https:\/\/www.laguiadepamplona.com\/actualidad\/wp-content\/uploads\/2022\/04\/vasos-reutilizables-san-fermin.jpg","articleSection":["Ayto Pamplona"],"inLanguage":"es","potentialAction":[{"@type":"CommentAction","name":"Comment","target":["https:\/\/www.laguiadepamplona.com\/actualidad\/pamplona-vuelve-a-apostar-por-un-sistema-integral-de-logistica-y-limpieza-de-vasos-reutilizables-para-san-fermin-y-otras-fiestas-y-celebraciones-en-la-ciudad\/#respond"]}]},{"@type":"WebPage","@id":"https:\/\/www.laguiadepamplona.com\/actualidad\/pamplona-vuelve-a-apostar-por-un-sistema-integral-de-logistica-y-limpieza-de-vasos-reutilizables-para-san-fermin-y-otras-fiestas-y-celebraciones-en-la-ciudad\/","url":"https:\/\/www.laguiadepamplona.com\/actualidad\/pamplona-vuelve-a-apostar-por-un-sistema-integral-de-logistica-y-limpieza-de-vasos-reutilizables-para-san-fermin-y-otras-fiestas-y-celebraciones-en-la-ciudad\/","name":"Pamplona vuelve a apostar por un sistema integral de log\u00edstica y limpieza de vasos reutilizables para San Ferm\u00edn y otras fiestas y celebraciones en la ciudad","isPartOf":{"@id":"https:\/\/www.laguiadepamplona.com\/actualidad\/#website"},"primaryImageOfPage":{"@id":"https:\/\/www.laguiadepamplona.com\/actualidad\/pamplona-vuelve-a-apostar-por-un-sistema-integral-de-logistica-y-limpieza-de-vasos-reutilizables-para-san-fermin-y-otras-fiestas-y-celebraciones-en-la-ciudad\/#primaryimage"},"image":{"@id":"https:\/\/www.laguiadepamplona.com\/actualidad\/pamplona-vuelve-a-apostar-por-un-sistema-integral-de-logistica-y-limpieza-de-vasos-reutilizables-para-san-fermin-y-otras-fiestas-y-celebraciones-en-la-ciudad\/#primaryimage"},"thumbnailUrl":"https:\/\/www.laguiadepamplona.com\/actualidad\/wp-content\/uploads\/2022\/04\/vasos-reutilizables-san-fermin.jpg","datePublished":"2022-04-11T11:38:28+00:00","dateModified":"2023-04-11T09:48:19+00:00","description":"Se licitar\u00e1 un contrato de reparto, recogida y limpieza de vasos reutilizables con un presupuesto de 50.000 euros, con opci\u00f3n a tres pr\u00f3rrogas anuales","breadcrumb":{"@id":"https:\/\/www.laguiadepamplona.com\/actualidad\/pamplona-vuelve-a-apostar-por-un-sistema-integral-de-logistica-y-limpieza-de-vasos-reutilizables-para-san-fermin-y-otras-fiestas-y-celebraciones-en-la-ciudad\/#breadcrumb"},"inLanguage":"es","potentialAction":[{"@type":"ReadAction","target":["https:\/\/www.laguiadepamplona.com\/actualidad\/pamplona-vuelve-a-apostar-por-un-sistema-integral-de-logistica-y-limpieza-de-vasos-reutilizables-para-san-fermin-y-otras-fiestas-y-celebraciones-en-la-ciudad\/"]}]},{"@type":"ImageObject","inLanguage":"es","@id":"https:\/\/www.laguiadepamplona.com\/actualidad\/pamplona-vuelve-a-apostar-por-un-sistema-integral-de-logistica-y-limpieza-de-vasos-reutilizables-para-san-fermin-y-otras-fiestas-y-celebraciones-en-la-ciudad\/#primaryimage","url":"https:\/\/www.laguiadepamplona.com\/actualidad\/wp-content\/uploads\/2022\/04\/vasos-reutilizables-san-fermin.jpg","contentUrl":"https:\/\/www.laguiadepamplona.com\/actualidad\/wp-content\/uploads\/2022\/04\/vasos-reutilizables-san-fermin.jpg","width":1920,"height":1440,"caption":"dav"},{"@type":"BreadcrumbList","@id":"https:\/\/www.laguiadepamplona.com\/actualidad\/pamplona-vuelve-a-apostar-por-un-sistema-integral-de-logistica-y-limpieza-de-vasos-reutilizables-para-san-fermin-y-otras-fiestas-y-celebraciones-en-la-ciudad\/#breadcrumb","itemListElement":[{"@type":"ListItem","position":1,"name":"Portada","item":"https:\/\/www.laguiadepamplona.com\/actualidad\/"},{"@type":"ListItem","position":2,"name":"Pamplona vuelve a apostar por un sistema integral de log\u00edstica y limpieza de vasos reutilizables para San Ferm\u00edn y otras fiestas y celebraciones en la ciudad"}]},{"@type":"WebSite","@id":"https:\/\/www.laguiadepamplona.com\/actualidad\/#website","url":"https:\/\/www.laguiadepamplona.com\/actualidad\/","name":"La gu\u00eda de Pamplona","description":"Noticias de Pamplona","publisher":{"@id":"https:\/\/www.laguiadepamplona.com\/actualidad\/#organization"},"potentialAction":[{"@type":"SearchAction","target":{"@type":"EntryPoint","urlTemplate":"https:\/\/www.laguiadepamplona.com\/actualidad\/?s={search_term_string}"},"query-input":{"@type":"PropertyValueSpecification","valueRequired":true,"valueName":"search_term_string"}}],"inLanguage":"es"},{"@type":"Organization","@id":"https:\/\/www.laguiadepamplona.com\/actualidad\/#organization","name":"La Gu\u00eda de Pamplona \/ Noticias","url":"https:\/\/www.laguiadepamplona.com\/actualidad\/","logo":{"@type":"ImageObject","inLanguage":"es","@id":"https:\/\/www.laguiadepamplona.com\/actualidad\/#\/schema\/logo\/image\/","url":"https:\/\/www.laguiadepamplona.com\/actualidad\/wp-content\/uploads\/2018\/11\/logo-laguiadepamplona18-web1.png","contentUrl":"https:\/\/www.laguiadepamplona.com\/actualidad\/wp-content\/uploads\/2018\/11\/logo-laguiadepamplona18-web1.png","width":600,"height":196,"caption":"La Gu\u00eda de Pamplona \/ Noticias"},"image":{"@id":"https:\/\/www.laguiadepamplona.com\/actualidad\/#\/schema\/logo\/image\/"},"sameAs":["https:\/\/www.facebook.com\/laguiadepamplonacom-133175176762273\/?ref=hl","https:\/\/x.com\/LaGuiadPamplona","https:\/\/www.instagram.com\/la_guia_de_pamplona\/","https:\/\/www.youtube.com\/user\/laguiadepamplona"]},{"@type":"Person","@id":"https:\/\/www.laguiadepamplona.com\/actualidad\/#\/schema\/person\/efe887376f0213d4657c93adc50b1fdb","name":"La Gu\u00eda de Pamplona","image":{"@type":"ImageObject","inLanguage":"es","@id":"https:\/\/secure.gravatar.com\/avatar\/b6992f131dc8d30ab0dff15446e9d346d9dbd95992de0fef795073f5ea83a81c?s=96&d=mm&r=g","url":"https:\/\/secure.gravatar.com\/avatar\/b6992f131dc8d30ab0dff15446e9d346d9dbd95992de0fef795073f5ea83a81c?s=96&d=mm&r=g","contentUrl":"https:\/\/secure.gravatar.com\/avatar\/b6992f131dc8d30ab0dff15446e9d346d9dbd95992de0fef795073f5ea83a81c?s=96&d=mm&r=g","caption":"La Gu\u00eda de Pamplona"}}]}},"post_mailing_queue_ids":[],"_links":{"self":[{"href":"https:\/\/www.laguiadepamplona.com\/actualidad\/wp-json\/wp\/v2\/posts\/39943","targetHints":{"allow":["GET"]}}],"collection":[{"href":"https:\/\/www.laguiadepamplona.com\/actualidad\/wp-json\/wp\/v2\/posts"}],"about":[{"href":"https:\/\/www.laguiadepamplona.com\/actualidad\/wp-json\/wp\/v2\/types\/post"}],"author":[{"embeddable":true,"href":"https:\/\/www.laguiadepamplona.com\/actualidad\/wp-json\/wp\/v2\/users\/1"}],"replies":[{"embeddable":true,"href":"https:\/\/www.laguiadepamplona.com\/actualidad\/wp-json\/wp\/v2\/comments?post=39943"}],"version-history":[{"count":0,"href":"https:\/\/www.laguiadepamplona.com\/actualidad\/wp-json\/wp\/v2\/posts\/39943\/revisions"}],"wp:featuredmedia":[{"embeddable":true,"href":"https:\/\/www.laguiadepamplona.com\/actualidad\/wp-json\/wp\/v2\/media\/39944"}],"wp:attachment":[{"href":"https:\/\/www.laguiadepamplona.com\/actualidad\/wp-json\/wp\/v2\/media?parent=39943"}],"wp:term":[{"taxonomy":"category","embeddable":true,"href":"https:\/\/www.laguiadepamplona.com\/actualidad\/wp-json\/wp\/v2\/categories?post=39943"},{"taxonomy":"post_tag","embeddable":true,"href":"https:\/\/www.laguiadepamplona.com\/actualidad\/wp-json\/wp\/v2\/tags?post=39943"}],"curies":[{"name":"wp","href":"https:\/\/api.w.org\/{rel}","templated":true}]}}