{"id":39940,"date":"2022-04-11T13:01:06","date_gmt":"2022-04-11T11:01:06","guid":{"rendered":"https:\/\/www.laguiadepamplona.com\/actualidad\/?p=39940"},"modified":"2023-04-11T11:48:19","modified_gmt":"2023-04-11T09:48:19","slug":"el-ayuntamiento-convertira-en-fijo-el-personal-del-servicio-de-atencion-domiciliaria-y-de-escuelas-infantiles-que-tenia-contrato-indefinido-cuando-se-subrogo","status":"publish","type":"post","link":"https:\/\/www.laguiadepamplona.com\/actualidad\/el-ayuntamiento-convertira-en-fijo-el-personal-del-servicio-de-atencion-domiciliaria-y-de-escuelas-infantiles-que-tenia-contrato-indefinido-cuando-se-subrogo\/","title":{"rendered":"El Ayuntamiento convertir\u00e1 en fijo el personal del Servicio de Atenci\u00f3n Domiciliaria y de Escuelas Infantiles que ten\u00eda contrato indefinido cuando se subrog\u00f3"},"content":{"rendered":"<h5>El Consistorio acata as\u00ed la sentencia del Tribunal Supremo que considera que no se puede alterar la condici\u00f3n previa a la subrogaci\u00f3n de alrededor de 150 personas<\/h5>\n<p><!--more--><\/p>\n<p>La Junta de Gobierno Local del Ayuntamiento de Pamplona ha acordado convertir en personal fijo la plantilla del Servicio de Atenci\u00f3n Domiciliaria y las educadoras y miembros de los servicios de limpieza y cocina de las Escuelas Infantiles municipales que ten\u00edan contrato indefinido en el momento de la reversi\u00f3n, acatando as\u00ed la sentencia del Tribunal Supremo que unifica doctrina al respecto. La decisi\u00f3n del Consistorio afecta no solo a las personas que recurrieron a los tribunales para lograr la conversi\u00f3n de estos contratos, sino a aquellos supuestos similares a la sentencia, a efectos de dar la misma garant\u00eda a las personas que encontr\u00e1ndose en la misma situaci\u00f3n, no hubieran iniciado la demanda. La cifra total de personas afectadas ronda las 150, de las cuales cerca de medio centenar corresponde a Escuelas Infantiles municipales.<br \/>\n<script async src=\"\/\/pagead2.googlesyndication.com\/pagead\/js\/adsbygoogle.js\"><\/script><br \/>\n<!-- Noticias La Guia de Pamplona --><br \/>\n<ins class=\"adsbygoogle\"\nstyle=\"display:block\"\ndata-ad-client=\"ca-pub-6943679897239327\"\ndata-ad-slot=\"7048180777\"\ndata-ad-format=\"auto\"><\/ins><br \/>\n<script>\n(adsbygoogle = window.adsbygoogle || []).push({});\n<\/script><\/p>\n<p>La situaci\u00f3n actual deriva de sendas decisiones de 2014 y 2016, cuando se llevaron a cabo varios procesos de reversi\u00f3n de servicios municipales, hasta entonces prestados por empresas privadas, y que entraron en vigor en 2015 y 2017. El personal contratado por estas empresas lo estaba como personal laboral indefinido. En el proceso de subrogaci\u00f3n, estas personas pasaron a ser personal indefinido no fijo del Ayuntamiento, a la espera de que se convocara un proceso selectivo y obtuvieran plaza. Tras este acuerdo de la Junta de Gobierno, este proceso ya no ser\u00e1 necesario.<\/p>\n<p>Tras varias sentencias contradictorias, el Tribunal Supremo resolvi\u00f3 un recurso de casaci\u00f3n el 5 de febrero, afirmando que no se pueden alterar las condiciones laborales previas en el momento de la subrogaci\u00f3n. De este modo, si en la empresa primera este personal era indefinido fijo, deber\u00e1 mantener esa condici\u00f3n con el nuevo empleador. El Tribunal Supremo se ampara para ello en la Directiva 2001\/23\/CE de la Uni\u00f3n Europea y en el Tribunal Superior de Justicia de la Uni\u00f3n Europea.<br \/>\n<script async src=\"\/\/pagead2.googlesyndication.com\/pagead\/js\/adsbygoogle.js\"><\/script><br \/>\n<!-- Noticias La Guia de Pamplona --><br \/>\n<ins class=\"adsbygoogle\"\nstyle=\"display:block\"\ndata-ad-client=\"ca-pub-6943679897239327\"\ndata-ad-slot=\"7048180777\"\ndata-ad-format=\"auto\"><\/ins><br \/>\n<script>\n(adsbygoogle = window.adsbygoogle || []).push({});\n<\/script><\/p>\n<p>El Ayuntamiento de Pamplona allanar\u00e1 esta sentencia, al igual que el Organismo Aut\u00f3nomo de Escuelas Infantiles y el Servicio de Atenci\u00f3n Domiciliaria, de los que dependen las personas afectadas por la decisi\u00f3n. En concreto, se trata de las personas pertenecientes al SAD; el personal de limpieza, cocina y educadoras de las escuelas Hello Rochapea, Hello Buztintxuri y Hello Azpilaga\u00f1a; el personal de cocina de las escuelas infantiles Izartegi, Mendillorri, Mendebaldea y Goiz Eder; y el de limpieza de Mendebaldea y Goiz Eder.<\/p>\n<p>No obstante, el Consistorio recalca que esta condici\u00f3n de fijeza adquirida no es incondicional en todo el \u00e1mbito municipal, sino que se limita al objeto de la transmisi\u00f3n, es decir, al servicio que presentan en la actualidad, una vez revertido al Ayuntamiento.<\/p>\n","protected":false},"excerpt":{"rendered":"<p>El Consistorio acata as\u00ed la sentencia del Tribunal Supremo que considera que no se puede alterar la condici\u00f3n previa a la subrogaci\u00f3n de alrededor de 150 personas<\/p>\n","protected":false},"author":1,"featured_media":36074,"comment_status":"open","ping_status":"closed","sticky":false,"template":"","format":"standard","meta":{"footnotes":""},"categories":[2],"tags":[],"class_list":["post-39940","post","type-post","status-publish","format-standard","has-post-thumbnail","hentry","category-ayuntamiento-pamplona"],"yoast_head":"<!-- This site is optimized with the Yoast SEO plugin v27.3 - https:\/\/yoast.com\/product\/yoast-seo-wordpress\/ -->\n<title>El Ayuntamiento convertir\u00e1 en fijo el personal del Servicio de Atenci\u00f3n Domiciliaria y de Escuelas Infantiles que ten\u00eda contrato indefinido cuando se subrog\u00f3<\/title>\n<meta name=\"description\" content=\"El Consistorio acata as\u00ed la sentencia del Tribunal Supremo que considera que no se puede alterar la condici\u00f3n previa a la subrogaci\u00f3n de alrededor de 150 personas\" \/>\n<meta name=\"robots\" content=\"index, follow, max-snippet:-1, max-image-preview:large, max-video-preview:-1\" \/>\n<link rel=\"canonical\" href=\"https:\/\/www.laguiadepamplona.com\/actualidad\/el-ayuntamiento-convertira-en-fijo-el-personal-del-servicio-de-atencion-domiciliaria-y-de-escuelas-infantiles-que-tenia-contrato-indefinido-cuando-se-subrogo\/\" \/>\n<meta property=\"og:locale\" content=\"es_ES\" \/>\n<meta property=\"og:type\" content=\"article\" \/>\n<meta property=\"og:title\" content=\"El Ayuntamiento convertir\u00e1 en fijo el personal del Servicio de Atenci\u00f3n Domiciliaria y de Escuelas Infantiles que ten\u00eda contrato indefinido cuando se subrog\u00f3\" \/>\n<meta property=\"og:description\" content=\"El Consistorio acata as\u00ed la sentencia del Tribunal Supremo que considera que no se puede alterar la condici\u00f3n previa a la subrogaci\u00f3n de alrededor de 150 personas\" \/>\n<meta property=\"og:url\" content=\"https:\/\/www.laguiadepamplona.com\/actualidad\/el-ayuntamiento-convertira-en-fijo-el-personal-del-servicio-de-atencion-domiciliaria-y-de-escuelas-infantiles-que-tenia-contrato-indefinido-cuando-se-subrogo\/\" \/>\n<meta property=\"og:site_name\" content=\"La Gu\u00eda de Pamplona\" \/>\n<meta property=\"article:publisher\" content=\"https:\/\/www.facebook.com\/laguiadepamplonacom-133175176762273\/?ref=hl\" \/>\n<meta property=\"article:published_time\" content=\"2022-04-11T11:01:06+00:00\" \/>\n<meta property=\"article:modified_time\" content=\"2023-04-11T09:48:19+00:00\" \/>\n<meta property=\"og:image\" content=\"https:\/\/www.laguiadepamplona.com\/actualidad\/wp-content\/uploads\/2021\/08\/ayuntamiento-pamplona2.jpg\" \/>\n\t<meta property=\"og:image:width\" content=\"1920\" \/>\n\t<meta property=\"og:image:height\" content=\"1080\" \/>\n\t<meta property=\"og:image:type\" content=\"image\/jpeg\" \/>\n<meta name=\"author\" content=\"La Gu\u00eda de Pamplona\" \/>\n<meta name=\"twitter:card\" content=\"summary_large_image\" \/>\n<meta name=\"twitter:creator\" content=\"@LaGuiadPamplona\" \/>\n<meta name=\"twitter:site\" content=\"@LaGuiadPamplona\" \/>\n<meta name=\"twitter:label1\" content=\"Escrito por\" \/>\n\t<meta name=\"twitter:data1\" content=\"La Gu\u00eda de Pamplona\" \/>\n\t<meta name=\"twitter:label2\" content=\"Tiempo de lectura\" \/>\n\t<meta name=\"twitter:data2\" content=\"3 minutos\" \/>\n<script type=\"application\/ld+json\" class=\"yoast-schema-graph\">{\"@context\":\"https:\\\/\\\/schema.org\",\"@graph\":[{\"@type\":\"Article\",\"@id\":\"https:\\\/\\\/www.laguiadepamplona.com\\\/actualidad\\\/el-ayuntamiento-convertira-en-fijo-el-personal-del-servicio-de-atencion-domiciliaria-y-de-escuelas-infantiles-que-tenia-contrato-indefinido-cuando-se-subrogo\\\/#article\",\"isPartOf\":{\"@id\":\"https:\\\/\\\/www.laguiadepamplona.com\\\/actualidad\\\/el-ayuntamiento-convertira-en-fijo-el-personal-del-servicio-de-atencion-domiciliaria-y-de-escuelas-infantiles-que-tenia-contrato-indefinido-cuando-se-subrogo\\\/\"},\"author\":{\"name\":\"La Gu\u00eda de Pamplona\",\"@id\":\"https:\\\/\\\/www.laguiadepamplona.com\\\/actualidad\\\/#\\\/schema\\\/person\\\/efe887376f0213d4657c93adc50b1fdb\"},\"headline\":\"El Ayuntamiento convertir\u00e1 en fijo el personal del Servicio de Atenci\u00f3n Domiciliaria y de Escuelas Infantiles que ten\u00eda contrato indefinido cuando se subrog\u00f3\",\"datePublished\":\"2022-04-11T11:01:06+00:00\",\"dateModified\":\"2023-04-11T09:48:19+00:00\",\"mainEntityOfPage\":{\"@id\":\"https:\\\/\\\/www.laguiadepamplona.com\\\/actualidad\\\/el-ayuntamiento-convertira-en-fijo-el-personal-del-servicio-de-atencion-domiciliaria-y-de-escuelas-infantiles-que-tenia-contrato-indefinido-cuando-se-subrogo\\\/\"},\"wordCount\":498,\"commentCount\":0,\"publisher\":{\"@id\":\"https:\\\/\\\/www.laguiadepamplona.com\\\/actualidad\\\/#organization\"},\"image\":{\"@id\":\"https:\\\/\\\/www.laguiadepamplona.com\\\/actualidad\\\/el-ayuntamiento-convertira-en-fijo-el-personal-del-servicio-de-atencion-domiciliaria-y-de-escuelas-infantiles-que-tenia-contrato-indefinido-cuando-se-subrogo\\\/#primaryimage\"},\"thumbnailUrl\":\"https:\\\/\\\/www.laguiadepamplona.com\\\/actualidad\\\/wp-content\\\/uploads\\\/2021\\\/08\\\/ayuntamiento-pamplona2.jpg\",\"articleSection\":[\"Ayto Pamplona\"],\"inLanguage\":\"es\",\"potentialAction\":[{\"@type\":\"CommentAction\",\"name\":\"Comment\",\"target\":[\"https:\\\/\\\/www.laguiadepamplona.com\\\/actualidad\\\/el-ayuntamiento-convertira-en-fijo-el-personal-del-servicio-de-atencion-domiciliaria-y-de-escuelas-infantiles-que-tenia-contrato-indefinido-cuando-se-subrogo\\\/#respond\"]}]},{\"@type\":\"WebPage\",\"@id\":\"https:\\\/\\\/www.laguiadepamplona.com\\\/actualidad\\\/el-ayuntamiento-convertira-en-fijo-el-personal-del-servicio-de-atencion-domiciliaria-y-de-escuelas-infantiles-que-tenia-contrato-indefinido-cuando-se-subrogo\\\/\",\"url\":\"https:\\\/\\\/www.laguiadepamplona.com\\\/actualidad\\\/el-ayuntamiento-convertira-en-fijo-el-personal-del-servicio-de-atencion-domiciliaria-y-de-escuelas-infantiles-que-tenia-contrato-indefinido-cuando-se-subrogo\\\/\",\"name\":\"El Ayuntamiento convertir\u00e1 en fijo el personal del Servicio de Atenci\u00f3n Domiciliaria y de Escuelas Infantiles que ten\u00eda contrato indefinido cuando se subrog\u00f3\",\"isPartOf\":{\"@id\":\"https:\\\/\\\/www.laguiadepamplona.com\\\/actualidad\\\/#website\"},\"primaryImageOfPage\":{\"@id\":\"https:\\\/\\\/www.laguiadepamplona.com\\\/actualidad\\\/el-ayuntamiento-convertira-en-fijo-el-personal-del-servicio-de-atencion-domiciliaria-y-de-escuelas-infantiles-que-tenia-contrato-indefinido-cuando-se-subrogo\\\/#primaryimage\"},\"image\":{\"@id\":\"https:\\\/\\\/www.laguiadepamplona.com\\\/actualidad\\\/el-ayuntamiento-convertira-en-fijo-el-personal-del-servicio-de-atencion-domiciliaria-y-de-escuelas-infantiles-que-tenia-contrato-indefinido-cuando-se-subrogo\\\/#primaryimage\"},\"thumbnailUrl\":\"https:\\\/\\\/www.laguiadepamplona.com\\\/actualidad\\\/wp-content\\\/uploads\\\/2021\\\/08\\\/ayuntamiento-pamplona2.jpg\",\"datePublished\":\"2022-04-11T11:01:06+00:00\",\"dateModified\":\"2023-04-11T09:48:19+00:00\",\"description\":\"El Consistorio acata as\u00ed la sentencia del Tribunal Supremo que considera que no se puede alterar la condici\u00f3n previa a la subrogaci\u00f3n de alrededor de 150 personas\",\"breadcrumb\":{\"@id\":\"https:\\\/\\\/www.laguiadepamplona.com\\\/actualidad\\\/el-ayuntamiento-convertira-en-fijo-el-personal-del-servicio-de-atencion-domiciliaria-y-de-escuelas-infantiles-que-tenia-contrato-indefinido-cuando-se-subrogo\\\/#breadcrumb\"},\"inLanguage\":\"es\",\"potentialAction\":[{\"@type\":\"ReadAction\",\"target\":[\"https:\\\/\\\/www.laguiadepamplona.com\\\/actualidad\\\/el-ayuntamiento-convertira-en-fijo-el-personal-del-servicio-de-atencion-domiciliaria-y-de-escuelas-infantiles-que-tenia-contrato-indefinido-cuando-se-subrogo\\\/\"]}]},{\"@type\":\"ImageObject\",\"inLanguage\":\"es\",\"@id\":\"https:\\\/\\\/www.laguiadepamplona.com\\\/actualidad\\\/el-ayuntamiento-convertira-en-fijo-el-personal-del-servicio-de-atencion-domiciliaria-y-de-escuelas-infantiles-que-tenia-contrato-indefinido-cuando-se-subrogo\\\/#primaryimage\",\"url\":\"https:\\\/\\\/www.laguiadepamplona.com\\\/actualidad\\\/wp-content\\\/uploads\\\/2021\\\/08\\\/ayuntamiento-pamplona2.jpg\",\"contentUrl\":\"https:\\\/\\\/www.laguiadepamplona.com\\\/actualidad\\\/wp-content\\\/uploads\\\/2021\\\/08\\\/ayuntamiento-pamplona2.jpg\",\"width\":1920,\"height\":1080,\"caption\":\"ayuntamiento pamplona\"},{\"@type\":\"BreadcrumbList\",\"@id\":\"https:\\\/\\\/www.laguiadepamplona.com\\\/actualidad\\\/el-ayuntamiento-convertira-en-fijo-el-personal-del-servicio-de-atencion-domiciliaria-y-de-escuelas-infantiles-que-tenia-contrato-indefinido-cuando-se-subrogo\\\/#breadcrumb\",\"itemListElement\":[{\"@type\":\"ListItem\",\"position\":1,\"name\":\"Portada\",\"item\":\"https:\\\/\\\/www.laguiadepamplona.com\\\/actualidad\\\/\"},{\"@type\":\"ListItem\",\"position\":2,\"name\":\"El Ayuntamiento convertir\u00e1 en fijo el personal del Servicio de Atenci\u00f3n Domiciliaria y de Escuelas Infantiles que ten\u00eda contrato indefinido cuando se subrog\u00f3\"}]},{\"@type\":\"WebSite\",\"@id\":\"https:\\\/\\\/www.laguiadepamplona.com\\\/actualidad\\\/#website\",\"url\":\"https:\\\/\\\/www.laguiadepamplona.com\\\/actualidad\\\/\",\"name\":\"La gu\u00eda de Pamplona\",\"description\":\"Noticias de Pamplona\",\"publisher\":{\"@id\":\"https:\\\/\\\/www.laguiadepamplona.com\\\/actualidad\\\/#organization\"},\"potentialAction\":[{\"@type\":\"SearchAction\",\"target\":{\"@type\":\"EntryPoint\",\"urlTemplate\":\"https:\\\/\\\/www.laguiadepamplona.com\\\/actualidad\\\/?s={search_term_string}\"},\"query-input\":{\"@type\":\"PropertyValueSpecification\",\"valueRequired\":true,\"valueName\":\"search_term_string\"}}],\"inLanguage\":\"es\"},{\"@type\":\"Organization\",\"@id\":\"https:\\\/\\\/www.laguiadepamplona.com\\\/actualidad\\\/#organization\",\"name\":\"La Gu\u00eda de Pamplona \\\/ Noticias\",\"url\":\"https:\\\/\\\/www.laguiadepamplona.com\\\/actualidad\\\/\",\"logo\":{\"@type\":\"ImageObject\",\"inLanguage\":\"es\",\"@id\":\"https:\\\/\\\/www.laguiadepamplona.com\\\/actualidad\\\/#\\\/schema\\\/logo\\\/image\\\/\",\"url\":\"https:\\\/\\\/www.laguiadepamplona.com\\\/actualidad\\\/wp-content\\\/uploads\\\/2018\\\/11\\\/logo-laguiadepamplona18-web1.png\",\"contentUrl\":\"https:\\\/\\\/www.laguiadepamplona.com\\\/actualidad\\\/wp-content\\\/uploads\\\/2018\\\/11\\\/logo-laguiadepamplona18-web1.png\",\"width\":600,\"height\":196,\"caption\":\"La Gu\u00eda de Pamplona \\\/ Noticias\"},\"image\":{\"@id\":\"https:\\\/\\\/www.laguiadepamplona.com\\\/actualidad\\\/#\\\/schema\\\/logo\\\/image\\\/\"},\"sameAs\":[\"https:\\\/\\\/www.facebook.com\\\/laguiadepamplonacom-133175176762273\\\/?ref=hl\",\"https:\\\/\\\/x.com\\\/LaGuiadPamplona\",\"https:\\\/\\\/www.instagram.com\\\/la_guia_de_pamplona\\\/\",\"https:\\\/\\\/www.youtube.com\\\/user\\\/laguiadepamplona\"]},{\"@type\":\"Person\",\"@id\":\"https:\\\/\\\/www.laguiadepamplona.com\\\/actualidad\\\/#\\\/schema\\\/person\\\/efe887376f0213d4657c93adc50b1fdb\",\"name\":\"La Gu\u00eda de Pamplona\",\"image\":{\"@type\":\"ImageObject\",\"inLanguage\":\"es\",\"@id\":\"https:\\\/\\\/secure.gravatar.com\\\/avatar\\\/b6992f131dc8d30ab0dff15446e9d346d9dbd95992de0fef795073f5ea83a81c?s=96&d=mm&r=g\",\"url\":\"https:\\\/\\\/secure.gravatar.com\\\/avatar\\\/b6992f131dc8d30ab0dff15446e9d346d9dbd95992de0fef795073f5ea83a81c?s=96&d=mm&r=g\",\"contentUrl\":\"https:\\\/\\\/secure.gravatar.com\\\/avatar\\\/b6992f131dc8d30ab0dff15446e9d346d9dbd95992de0fef795073f5ea83a81c?s=96&d=mm&r=g\",\"caption\":\"La Gu\u00eda de Pamplona\"}}]}<\/script>\n<!-- \/ Yoast SEO plugin. -->","yoast_head_json":{"title":"El Ayuntamiento convertir\u00e1 en fijo el personal del Servicio de Atenci\u00f3n Domiciliaria y de Escuelas Infantiles que ten\u00eda contrato indefinido cuando se subrog\u00f3","description":"El Consistorio acata as\u00ed la sentencia del Tribunal Supremo que considera que no se puede alterar la condici\u00f3n previa a la subrogaci\u00f3n de alrededor de 150 personas","robots":{"index":"index","follow":"follow","max-snippet":"max-snippet:-1","max-image-preview":"max-image-preview:large","max-video-preview":"max-video-preview:-1"},"canonical":"https:\/\/www.laguiadepamplona.com\/actualidad\/el-ayuntamiento-convertira-en-fijo-el-personal-del-servicio-de-atencion-domiciliaria-y-de-escuelas-infantiles-que-tenia-contrato-indefinido-cuando-se-subrogo\/","og_locale":"es_ES","og_type":"article","og_title":"El Ayuntamiento convertir\u00e1 en fijo el personal del Servicio de Atenci\u00f3n Domiciliaria y de Escuelas Infantiles que ten\u00eda contrato indefinido cuando se subrog\u00f3","og_description":"El Consistorio acata as\u00ed la sentencia del Tribunal Supremo que considera que no se puede alterar la condici\u00f3n previa a la subrogaci\u00f3n de alrededor de 150 personas","og_url":"https:\/\/www.laguiadepamplona.com\/actualidad\/el-ayuntamiento-convertira-en-fijo-el-personal-del-servicio-de-atencion-domiciliaria-y-de-escuelas-infantiles-que-tenia-contrato-indefinido-cuando-se-subrogo\/","og_site_name":"La Gu\u00eda de Pamplona","article_publisher":"https:\/\/www.facebook.com\/laguiadepamplonacom-133175176762273\/?ref=hl","article_published_time":"2022-04-11T11:01:06+00:00","article_modified_time":"2023-04-11T09:48:19+00:00","og_image":[{"width":1920,"height":1080,"url":"https:\/\/www.laguiadepamplona.com\/actualidad\/wp-content\/uploads\/2021\/08\/ayuntamiento-pamplona2.jpg","type":"image\/jpeg"}],"author":"La Gu\u00eda de Pamplona","twitter_card":"summary_large_image","twitter_creator":"@LaGuiadPamplona","twitter_site":"@LaGuiadPamplona","twitter_misc":{"Escrito por":"La Gu\u00eda de Pamplona","Tiempo de lectura":"3 minutos"},"schema":{"@context":"https:\/\/schema.org","@graph":[{"@type":"Article","@id":"https:\/\/www.laguiadepamplona.com\/actualidad\/el-ayuntamiento-convertira-en-fijo-el-personal-del-servicio-de-atencion-domiciliaria-y-de-escuelas-infantiles-que-tenia-contrato-indefinido-cuando-se-subrogo\/#article","isPartOf":{"@id":"https:\/\/www.laguiadepamplona.com\/actualidad\/el-ayuntamiento-convertira-en-fijo-el-personal-del-servicio-de-atencion-domiciliaria-y-de-escuelas-infantiles-que-tenia-contrato-indefinido-cuando-se-subrogo\/"},"author":{"name":"La Gu\u00eda de Pamplona","@id":"https:\/\/www.laguiadepamplona.com\/actualidad\/#\/schema\/person\/efe887376f0213d4657c93adc50b1fdb"},"headline":"El Ayuntamiento convertir\u00e1 en fijo el personal del Servicio de Atenci\u00f3n Domiciliaria y de Escuelas Infantiles que ten\u00eda contrato indefinido cuando se subrog\u00f3","datePublished":"2022-04-11T11:01:06+00:00","dateModified":"2023-04-11T09:48:19+00:00","mainEntityOfPage":{"@id":"https:\/\/www.laguiadepamplona.com\/actualidad\/el-ayuntamiento-convertira-en-fijo-el-personal-del-servicio-de-atencion-domiciliaria-y-de-escuelas-infantiles-que-tenia-contrato-indefinido-cuando-se-subrogo\/"},"wordCount":498,"commentCount":0,"publisher":{"@id":"https:\/\/www.laguiadepamplona.com\/actualidad\/#organization"},"image":{"@id":"https:\/\/www.laguiadepamplona.com\/actualidad\/el-ayuntamiento-convertira-en-fijo-el-personal-del-servicio-de-atencion-domiciliaria-y-de-escuelas-infantiles-que-tenia-contrato-indefinido-cuando-se-subrogo\/#primaryimage"},"thumbnailUrl":"https:\/\/www.laguiadepamplona.com\/actualidad\/wp-content\/uploads\/2021\/08\/ayuntamiento-pamplona2.jpg","articleSection":["Ayto Pamplona"],"inLanguage":"es","potentialAction":[{"@type":"CommentAction","name":"Comment","target":["https:\/\/www.laguiadepamplona.com\/actualidad\/el-ayuntamiento-convertira-en-fijo-el-personal-del-servicio-de-atencion-domiciliaria-y-de-escuelas-infantiles-que-tenia-contrato-indefinido-cuando-se-subrogo\/#respond"]}]},{"@type":"WebPage","@id":"https:\/\/www.laguiadepamplona.com\/actualidad\/el-ayuntamiento-convertira-en-fijo-el-personal-del-servicio-de-atencion-domiciliaria-y-de-escuelas-infantiles-que-tenia-contrato-indefinido-cuando-se-subrogo\/","url":"https:\/\/www.laguiadepamplona.com\/actualidad\/el-ayuntamiento-convertira-en-fijo-el-personal-del-servicio-de-atencion-domiciliaria-y-de-escuelas-infantiles-que-tenia-contrato-indefinido-cuando-se-subrogo\/","name":"El Ayuntamiento convertir\u00e1 en fijo el personal del Servicio de Atenci\u00f3n Domiciliaria y de Escuelas Infantiles que ten\u00eda contrato indefinido cuando se subrog\u00f3","isPartOf":{"@id":"https:\/\/www.laguiadepamplona.com\/actualidad\/#website"},"primaryImageOfPage":{"@id":"https:\/\/www.laguiadepamplona.com\/actualidad\/el-ayuntamiento-convertira-en-fijo-el-personal-del-servicio-de-atencion-domiciliaria-y-de-escuelas-infantiles-que-tenia-contrato-indefinido-cuando-se-subrogo\/#primaryimage"},"image":{"@id":"https:\/\/www.laguiadepamplona.com\/actualidad\/el-ayuntamiento-convertira-en-fijo-el-personal-del-servicio-de-atencion-domiciliaria-y-de-escuelas-infantiles-que-tenia-contrato-indefinido-cuando-se-subrogo\/#primaryimage"},"thumbnailUrl":"https:\/\/www.laguiadepamplona.com\/actualidad\/wp-content\/uploads\/2021\/08\/ayuntamiento-pamplona2.jpg","datePublished":"2022-04-11T11:01:06+00:00","dateModified":"2023-04-11T09:48:19+00:00","description":"El Consistorio acata as\u00ed la sentencia del Tribunal Supremo que considera que no se puede alterar la condici\u00f3n previa a la subrogaci\u00f3n de alrededor de 150 personas","breadcrumb":{"@id":"https:\/\/www.laguiadepamplona.com\/actualidad\/el-ayuntamiento-convertira-en-fijo-el-personal-del-servicio-de-atencion-domiciliaria-y-de-escuelas-infantiles-que-tenia-contrato-indefinido-cuando-se-subrogo\/#breadcrumb"},"inLanguage":"es","potentialAction":[{"@type":"ReadAction","target":["https:\/\/www.laguiadepamplona.com\/actualidad\/el-ayuntamiento-convertira-en-fijo-el-personal-del-servicio-de-atencion-domiciliaria-y-de-escuelas-infantiles-que-tenia-contrato-indefinido-cuando-se-subrogo\/"]}]},{"@type":"ImageObject","inLanguage":"es","@id":"https:\/\/www.laguiadepamplona.com\/actualidad\/el-ayuntamiento-convertira-en-fijo-el-personal-del-servicio-de-atencion-domiciliaria-y-de-escuelas-infantiles-que-tenia-contrato-indefinido-cuando-se-subrogo\/#primaryimage","url":"https:\/\/www.laguiadepamplona.com\/actualidad\/wp-content\/uploads\/2021\/08\/ayuntamiento-pamplona2.jpg","contentUrl":"https:\/\/www.laguiadepamplona.com\/actualidad\/wp-content\/uploads\/2021\/08\/ayuntamiento-pamplona2.jpg","width":1920,"height":1080,"caption":"ayuntamiento pamplona"},{"@type":"BreadcrumbList","@id":"https:\/\/www.laguiadepamplona.com\/actualidad\/el-ayuntamiento-convertira-en-fijo-el-personal-del-servicio-de-atencion-domiciliaria-y-de-escuelas-infantiles-que-tenia-contrato-indefinido-cuando-se-subrogo\/#breadcrumb","itemListElement":[{"@type":"ListItem","position":1,"name":"Portada","item":"https:\/\/www.laguiadepamplona.com\/actualidad\/"},{"@type":"ListItem","position":2,"name":"El Ayuntamiento convertir\u00e1 en fijo el personal del Servicio de Atenci\u00f3n Domiciliaria y de Escuelas Infantiles que ten\u00eda contrato indefinido cuando se subrog\u00f3"}]},{"@type":"WebSite","@id":"https:\/\/www.laguiadepamplona.com\/actualidad\/#website","url":"https:\/\/www.laguiadepamplona.com\/actualidad\/","name":"La gu\u00eda de Pamplona","description":"Noticias de Pamplona","publisher":{"@id":"https:\/\/www.laguiadepamplona.com\/actualidad\/#organization"},"potentialAction":[{"@type":"SearchAction","target":{"@type":"EntryPoint","urlTemplate":"https:\/\/www.laguiadepamplona.com\/actualidad\/?s={search_term_string}"},"query-input":{"@type":"PropertyValueSpecification","valueRequired":true,"valueName":"search_term_string"}}],"inLanguage":"es"},{"@type":"Organization","@id":"https:\/\/www.laguiadepamplona.com\/actualidad\/#organization","name":"La Gu\u00eda de Pamplona \/ Noticias","url":"https:\/\/www.laguiadepamplona.com\/actualidad\/","logo":{"@type":"ImageObject","inLanguage":"es","@id":"https:\/\/www.laguiadepamplona.com\/actualidad\/#\/schema\/logo\/image\/","url":"https:\/\/www.laguiadepamplona.com\/actualidad\/wp-content\/uploads\/2018\/11\/logo-laguiadepamplona18-web1.png","contentUrl":"https:\/\/www.laguiadepamplona.com\/actualidad\/wp-content\/uploads\/2018\/11\/logo-laguiadepamplona18-web1.png","width":600,"height":196,"caption":"La Gu\u00eda de Pamplona \/ Noticias"},"image":{"@id":"https:\/\/www.laguiadepamplona.com\/actualidad\/#\/schema\/logo\/image\/"},"sameAs":["https:\/\/www.facebook.com\/laguiadepamplonacom-133175176762273\/?ref=hl","https:\/\/x.com\/LaGuiadPamplona","https:\/\/www.instagram.com\/la_guia_de_pamplona\/","https:\/\/www.youtube.com\/user\/laguiadepamplona"]},{"@type":"Person","@id":"https:\/\/www.laguiadepamplona.com\/actualidad\/#\/schema\/person\/efe887376f0213d4657c93adc50b1fdb","name":"La Gu\u00eda de Pamplona","image":{"@type":"ImageObject","inLanguage":"es","@id":"https:\/\/secure.gravatar.com\/avatar\/b6992f131dc8d30ab0dff15446e9d346d9dbd95992de0fef795073f5ea83a81c?s=96&d=mm&r=g","url":"https:\/\/secure.gravatar.com\/avatar\/b6992f131dc8d30ab0dff15446e9d346d9dbd95992de0fef795073f5ea83a81c?s=96&d=mm&r=g","contentUrl":"https:\/\/secure.gravatar.com\/avatar\/b6992f131dc8d30ab0dff15446e9d346d9dbd95992de0fef795073f5ea83a81c?s=96&d=mm&r=g","caption":"La Gu\u00eda de Pamplona"}}]}},"post_mailing_queue_ids":[],"_links":{"self":[{"href":"https:\/\/www.laguiadepamplona.com\/actualidad\/wp-json\/wp\/v2\/posts\/39940","targetHints":{"allow":["GET"]}}],"collection":[{"href":"https:\/\/www.laguiadepamplona.com\/actualidad\/wp-json\/wp\/v2\/posts"}],"about":[{"href":"https:\/\/www.laguiadepamplona.com\/actualidad\/wp-json\/wp\/v2\/types\/post"}],"author":[{"embeddable":true,"href":"https:\/\/www.laguiadepamplona.com\/actualidad\/wp-json\/wp\/v2\/users\/1"}],"replies":[{"embeddable":true,"href":"https:\/\/www.laguiadepamplona.com\/actualidad\/wp-json\/wp\/v2\/comments?post=39940"}],"version-history":[{"count":0,"href":"https:\/\/www.laguiadepamplona.com\/actualidad\/wp-json\/wp\/v2\/posts\/39940\/revisions"}],"wp:featuredmedia":[{"embeddable":true,"href":"https:\/\/www.laguiadepamplona.com\/actualidad\/wp-json\/wp\/v2\/media\/36074"}],"wp:attachment":[{"href":"https:\/\/www.laguiadepamplona.com\/actualidad\/wp-json\/wp\/v2\/media?parent=39940"}],"wp:term":[{"taxonomy":"category","embeddable":true,"href":"https:\/\/www.laguiadepamplona.com\/actualidad\/wp-json\/wp\/v2\/categories?post=39940"},{"taxonomy":"post_tag","embeddable":true,"href":"https:\/\/www.laguiadepamplona.com\/actualidad\/wp-json\/wp\/v2\/tags?post=39940"}],"curies":[{"name":"wp","href":"https:\/\/api.w.org\/{rel}","templated":true}]}}