{"id":39931,"date":"2022-04-08T13:04:16","date_gmt":"2022-04-08T11:04:16","guid":{"rendered":"https:\/\/www.laguiadepamplona.com\/actualidad\/?p=39931"},"modified":"2023-04-11T11:48:19","modified_gmt":"2023-04-11T09:48:19","slug":"civivox-prepara-una-semana-de-pascua-con-talleres-cine-y-espectaculos-para-el-publico-infantil-en-torno-a-alicia-en-el-pais-de-las-maravillas","status":"publish","type":"post","link":"https:\/\/www.laguiadepamplona.com\/actualidad\/civivox-prepara-una-semana-de-pascua-con-talleres-cine-y-espectaculos-para-el-publico-infantil-en-torno-a-alicia-en-el-pais-de-las-maravillas\/","title":{"rendered":"Civivox prepara una semana de Pascua con talleres, cine, y espect\u00e1culos para el p\u00fablico infantil en torno a \u2018Alicia en el pa\u00eds de las maravillas\u2019"},"content":{"rendered":"<h5>A\u00fan quedan plazas libres en los espect\u00e1culos y algunos de los talleres incluidos en el ciclo \u2018Pascuas en el pa\u00eds de las maravillas\u2019<\/h5>\n<p><!--more--><\/p>\n<p>La red Civivox ofrece entre el 19 y el 24 de abril, d\u00edas en los que los escolares disfrutan de unos d\u00edas de vacaciones por Semana Santa, el ciclo de actividades \u2018Pascuas en el pa\u00eds de las maravillas\u2019. Se trata de varios talleres en torno a los cuentos y la construcci\u00f3n con figuras de Lego, dos espect\u00e1culos y la proyecci\u00f3n de la pel\u00edcula \u2018Alicia en el pa\u00eds de las maravillas\u2019. La reserva de localidades para los espect\u00e1culos y para los talleres que a\u00fan tienen plazas libres se puede realizar a trav\u00e9s de la web pamplonaescultura.es.<br \/>\n<script async src=\"\/\/pagead2.googlesyndication.com\/pagead\/js\/adsbygoogle.js\"><\/script><br \/>\n<!-- Noticias La Guia de Pamplona --><br \/>\n<ins class=\"adsbygoogle\"\nstyle=\"display:block\"\ndata-ad-client=\"ca-pub-6943679897239327\"\ndata-ad-slot=\"7048180777\"\ndata-ad-format=\"auto\"><\/ins><br \/>\n<script>\n(adsbygoogle = window.adsbygoogle || []).push({});\n<\/script><\/p>\n<p>Las historias de Alicia y el mundo imaginario de su pa\u00eds de las maravillas son la base de cuatro talleres de construcci\u00f3n y creaci\u00f3n a partir de las piezas de Lego que la red Civivox ofrece a lo largo de la semana de Pascua. Tendr\u00e1n lugar los d\u00edas 19 y 20 de abril en los centros de Ensanche, Milagrosa, Jus la Rocha y San Jorge y se ofrecer\u00e1n tanto en euskera como en castellano. La inscripci\u00f3n cuesta dos euros y para algunos a\u00fan quedan plazas disponibles, que se pueden reservar a trav\u00e9s de la web pamplonaescultura.es.<\/p>\n<p>Tambi\u00e9n la historia de \u2018Alicia en el pa\u00eds de las maravillas\u2019 servir\u00e1 de punto de partida para otros dos talleres de cuentos que la red Civivox ofrecer\u00e1 el d\u00eda 21 en sus centros de Ensanche y Milagrosa. Se propondr\u00e1 a los participantes contar historias a trav\u00e9s de dibujos y se crear\u00e1 un \u2018libro-t\u00fanel\u2019 para seguir los pasos del conejo blanco y Alicia. En el transcurso del taller tambi\u00e9n se crear\u00e1 una historia ilustrada en 3D para contar las aventuras de los personajes imaginarios. Las inscripciones para las propuestas que a\u00fan tienen plazas disponibles se pueden realizar en la web pamplonaescultura.es al precio de dos euros.<br \/>\n<script async src=\"\/\/pagead2.googlesyndication.com\/pagead\/js\/adsbygoogle.js\"><\/script><br \/>\n<!-- Noticias La Guia de Pamplona --><br \/>\n<ins class=\"adsbygoogle\"\nstyle=\"display:block\"\ndata-ad-client=\"ca-pub-6943679897239327\"\ndata-ad-slot=\"7048180777\"\ndata-ad-format=\"auto\"><\/ins><br \/>\n<script>\n(adsbygoogle = window.adsbygoogle || []).push({});\n<\/script><\/p>\n<p><strong>Teatro y cine para completar las aventuras de Alicia y los personajes de su pa\u00eds imaginario<\/strong><\/p>\n<p>El cl\u00e1sico \u2018Alicia en el pa\u00eds de las maravillas\u2019 cobrar\u00e1 vida en forma de representaci\u00f3n teatral el viernes 22 a partir de las seis de la tarde en Civivox Iturrama. Rememora la historia de una ni\u00f1a inquieta, con ganas de vivir aventuras, que un d\u00eda empieza a seguir a un conejo blanco parlante adentr\u00e1ndose en un mundo de fantas\u00eda y nuevos amigos y amigas. Una revisi\u00f3n del cuento cl\u00e1sico en el que los personajes de carne y hueso se entremezclan con los t\u00edteres de diferentes tama\u00f1os y la magia del teatro negro, invit\u00e1ndote a sumergirte en un mundo donde la fantas\u00eda es la protagonista. La compa\u00f1\u00eda \u2018Ir\u00fa Teatro Negro\u2019 pondr\u00e1 sobre el escenario esta representaci\u00f3n, a al que se podr\u00e1 acceder con inscripci\u00f3n previa que tiene un precio de tres euros.<\/p>\n<p>El domingo d\u00eda 24 a las seis de la tarde Civivox Mendillorri abrir\u00e1 su escenario para la representaci\u00f3n \u2018Alicia\u2019, de \u2018Teloncillo teatro\u2019. La obra cuenta la historia de una ni\u00f1a a la que le aburren los libros que no tienen dibujos. \u201cLos libros sin dibujos ni di\u00e1logos son los mejores&#8230; Te invitan a imaginar\u201d, le recomienda su hermana. Y Alicia imagina una serie de personajes que le llevar\u00e1n a vivir decenas de aventuras. Las inscripciones para asistir a esta representaci\u00f3n se pueden realizar en la web pamplonaescultura.es y tienen un precio de tres euros.<br \/>\n<script async src=\"\/\/pagead2.googlesyndication.com\/pagead\/js\/adsbygoogle.js\"><\/script><br \/>\n<!-- Noticias La Guia de Pamplona --><br \/>\n<ins class=\"adsbygoogle\"\nstyle=\"display:block\"\ndata-ad-client=\"ca-pub-6943679897239327\"\ndata-ad-slot=\"7048180777\"\ndata-ad-format=\"auto\"><\/ins><br \/>\n<script>\n(adsbygoogle = window.adsbygoogle || []).push({});\n<\/script><\/p>\n<p>Las actividades del ciclo \u2018Pascuas en el pa\u00eds de las maravillas\u2019 se completan con la proyecci\u00f3n de la pel\u00edcula original de animaci\u00f3n rodada y creada en 1951. Civivox Condestable acoger\u00e1 esta sesi\u00f3n de cine el s\u00e1bado 23 de abril a las seis de la tarde con entrada gratuita previa inscripci\u00f3n.<\/p>\n","protected":false},"excerpt":{"rendered":"<p>A\u00fan quedan plazas libres en los espect\u00e1culos y algunos de los talleres incluidos en el ciclo \u2018Pascuas en el pa\u00eds de las maravillas\u2019<\/p>\n","protected":false},"author":1,"featured_media":39932,"comment_status":"open","ping_status":"closed","sticky":false,"template":"","format":"standard","meta":{"footnotes":""},"categories":[2],"tags":[],"class_list":["post-39931","post","type-post","status-publish","format-standard","has-post-thumbnail","hentry","category-ayuntamiento-pamplona"],"yoast_head":"<!-- This site is optimized with the Yoast SEO plugin v27.3 - https:\/\/yoast.com\/product\/yoast-seo-wordpress\/ -->\n<title>Civivox prepara una semana de Pascua con talleres, cine, y espect\u00e1culos para el p\u00fablico infantil en torno a \u2018Alicia en el pa\u00eds de las maravillas\u2019<\/title>\n<meta name=\"description\" content=\"A\u00fan quedan plazas libres en los espect\u00e1culos y algunos de los talleres incluidos en el ciclo \u2018Pascuas en el pa\u00eds de las maravillas\u2019\" \/>\n<meta name=\"robots\" content=\"index, follow, max-snippet:-1, max-image-preview:large, max-video-preview:-1\" \/>\n<link rel=\"canonical\" href=\"https:\/\/www.laguiadepamplona.com\/actualidad\/civivox-prepara-una-semana-de-pascua-con-talleres-cine-y-espectaculos-para-el-publico-infantil-en-torno-a-alicia-en-el-pais-de-las-maravillas\/\" \/>\n<meta property=\"og:locale\" content=\"es_ES\" \/>\n<meta property=\"og:type\" content=\"article\" \/>\n<meta property=\"og:title\" content=\"Civivox prepara una semana de Pascua con talleres, cine, y espect\u00e1culos para el p\u00fablico infantil en torno a \u2018Alicia en el pa\u00eds de las maravillas\u2019\" \/>\n<meta property=\"og:description\" content=\"A\u00fan quedan plazas libres en los espect\u00e1culos y algunos de los talleres incluidos en el ciclo \u2018Pascuas en el pa\u00eds de las maravillas\u2019\" \/>\n<meta property=\"og:url\" content=\"https:\/\/www.laguiadepamplona.com\/actualidad\/civivox-prepara-una-semana-de-pascua-con-talleres-cine-y-espectaculos-para-el-publico-infantil-en-torno-a-alicia-en-el-pais-de-las-maravillas\/\" \/>\n<meta property=\"og:site_name\" content=\"La Gu\u00eda de Pamplona\" \/>\n<meta property=\"article:publisher\" content=\"https:\/\/www.facebook.com\/laguiadepamplonacom-133175176762273\/?ref=hl\" \/>\n<meta property=\"article:published_time\" content=\"2022-04-08T11:04:16+00:00\" \/>\n<meta property=\"article:modified_time\" content=\"2023-04-11T09:48:19+00:00\" \/>\n<meta property=\"og:image\" content=\"https:\/\/www.laguiadepamplona.com\/actualidad\/wp-content\/uploads\/2022\/04\/PASCUAS-ALICIA-EN-EL-PAIS-MARAVILLAS.jpg\" \/>\n\t<meta property=\"og:image:width\" content=\"1536\" \/>\n\t<meta property=\"og:image:height\" content=\"848\" \/>\n\t<meta property=\"og:image:type\" content=\"image\/jpeg\" \/>\n<meta name=\"author\" content=\"La Gu\u00eda de Pamplona\" \/>\n<meta name=\"twitter:card\" content=\"summary_large_image\" \/>\n<meta name=\"twitter:creator\" content=\"@LaGuiadPamplona\" \/>\n<meta name=\"twitter:site\" content=\"@LaGuiadPamplona\" \/>\n<meta name=\"twitter:label1\" content=\"Escrito por\" \/>\n\t<meta name=\"twitter:data1\" content=\"La Gu\u00eda de Pamplona\" \/>\n\t<meta name=\"twitter:label2\" content=\"Tiempo de lectura\" \/>\n\t<meta name=\"twitter:data2\" content=\"3 minutos\" \/>\n<script type=\"application\/ld+json\" class=\"yoast-schema-graph\">{\"@context\":\"https:\\\/\\\/schema.org\",\"@graph\":[{\"@type\":\"Article\",\"@id\":\"https:\\\/\\\/www.laguiadepamplona.com\\\/actualidad\\\/civivox-prepara-una-semana-de-pascua-con-talleres-cine-y-espectaculos-para-el-publico-infantil-en-torno-a-alicia-en-el-pais-de-las-maravillas\\\/#article\",\"isPartOf\":{\"@id\":\"https:\\\/\\\/www.laguiadepamplona.com\\\/actualidad\\\/civivox-prepara-una-semana-de-pascua-con-talleres-cine-y-espectaculos-para-el-publico-infantil-en-torno-a-alicia-en-el-pais-de-las-maravillas\\\/\"},\"author\":{\"name\":\"La Gu\u00eda de Pamplona\",\"@id\":\"https:\\\/\\\/www.laguiadepamplona.com\\\/actualidad\\\/#\\\/schema\\\/person\\\/efe887376f0213d4657c93adc50b1fdb\"},\"headline\":\"Civivox prepara una semana de Pascua con talleres, cine, y espect\u00e1culos para el p\u00fablico infantil en torno a \u2018Alicia en el pa\u00eds de las maravillas\u2019\",\"datePublished\":\"2022-04-08T11:04:16+00:00\",\"dateModified\":\"2023-04-11T09:48:19+00:00\",\"mainEntityOfPage\":{\"@id\":\"https:\\\/\\\/www.laguiadepamplona.com\\\/actualidad\\\/civivox-prepara-una-semana-de-pascua-con-talleres-cine-y-espectaculos-para-el-publico-infantil-en-torno-a-alicia-en-el-pais-de-las-maravillas\\\/\"},\"wordCount\":693,\"commentCount\":0,\"publisher\":{\"@id\":\"https:\\\/\\\/www.laguiadepamplona.com\\\/actualidad\\\/#organization\"},\"image\":{\"@id\":\"https:\\\/\\\/www.laguiadepamplona.com\\\/actualidad\\\/civivox-prepara-una-semana-de-pascua-con-talleres-cine-y-espectaculos-para-el-publico-infantil-en-torno-a-alicia-en-el-pais-de-las-maravillas\\\/#primaryimage\"},\"thumbnailUrl\":\"https:\\\/\\\/www.laguiadepamplona.com\\\/actualidad\\\/wp-content\\\/uploads\\\/2022\\\/04\\\/PASCUAS-ALICIA-EN-EL-PAIS-MARAVILLAS.jpg\",\"articleSection\":[\"Ayto Pamplona\"],\"inLanguage\":\"es\",\"potentialAction\":[{\"@type\":\"CommentAction\",\"name\":\"Comment\",\"target\":[\"https:\\\/\\\/www.laguiadepamplona.com\\\/actualidad\\\/civivox-prepara-una-semana-de-pascua-con-talleres-cine-y-espectaculos-para-el-publico-infantil-en-torno-a-alicia-en-el-pais-de-las-maravillas\\\/#respond\"]}]},{\"@type\":\"WebPage\",\"@id\":\"https:\\\/\\\/www.laguiadepamplona.com\\\/actualidad\\\/civivox-prepara-una-semana-de-pascua-con-talleres-cine-y-espectaculos-para-el-publico-infantil-en-torno-a-alicia-en-el-pais-de-las-maravillas\\\/\",\"url\":\"https:\\\/\\\/www.laguiadepamplona.com\\\/actualidad\\\/civivox-prepara-una-semana-de-pascua-con-talleres-cine-y-espectaculos-para-el-publico-infantil-en-torno-a-alicia-en-el-pais-de-las-maravillas\\\/\",\"name\":\"Civivox prepara una semana de Pascua con talleres, cine, y espect\u00e1culos para el p\u00fablico infantil en torno a \u2018Alicia en el pa\u00eds de las maravillas\u2019\",\"isPartOf\":{\"@id\":\"https:\\\/\\\/www.laguiadepamplona.com\\\/actualidad\\\/#website\"},\"primaryImageOfPage\":{\"@id\":\"https:\\\/\\\/www.laguiadepamplona.com\\\/actualidad\\\/civivox-prepara-una-semana-de-pascua-con-talleres-cine-y-espectaculos-para-el-publico-infantil-en-torno-a-alicia-en-el-pais-de-las-maravillas\\\/#primaryimage\"},\"image\":{\"@id\":\"https:\\\/\\\/www.laguiadepamplona.com\\\/actualidad\\\/civivox-prepara-una-semana-de-pascua-con-talleres-cine-y-espectaculos-para-el-publico-infantil-en-torno-a-alicia-en-el-pais-de-las-maravillas\\\/#primaryimage\"},\"thumbnailUrl\":\"https:\\\/\\\/www.laguiadepamplona.com\\\/actualidad\\\/wp-content\\\/uploads\\\/2022\\\/04\\\/PASCUAS-ALICIA-EN-EL-PAIS-MARAVILLAS.jpg\",\"datePublished\":\"2022-04-08T11:04:16+00:00\",\"dateModified\":\"2023-04-11T09:48:19+00:00\",\"description\":\"A\u00fan quedan plazas libres en los espect\u00e1culos y algunos de los talleres incluidos en el ciclo \u2018Pascuas en el pa\u00eds de las maravillas\u2019\",\"breadcrumb\":{\"@id\":\"https:\\\/\\\/www.laguiadepamplona.com\\\/actualidad\\\/civivox-prepara-una-semana-de-pascua-con-talleres-cine-y-espectaculos-para-el-publico-infantil-en-torno-a-alicia-en-el-pais-de-las-maravillas\\\/#breadcrumb\"},\"inLanguage\":\"es\",\"potentialAction\":[{\"@type\":\"ReadAction\",\"target\":[\"https:\\\/\\\/www.laguiadepamplona.com\\\/actualidad\\\/civivox-prepara-una-semana-de-pascua-con-talleres-cine-y-espectaculos-para-el-publico-infantil-en-torno-a-alicia-en-el-pais-de-las-maravillas\\\/\"]}]},{\"@type\":\"ImageObject\",\"inLanguage\":\"es\",\"@id\":\"https:\\\/\\\/www.laguiadepamplona.com\\\/actualidad\\\/civivox-prepara-una-semana-de-pascua-con-talleres-cine-y-espectaculos-para-el-publico-infantil-en-torno-a-alicia-en-el-pais-de-las-maravillas\\\/#primaryimage\",\"url\":\"https:\\\/\\\/www.laguiadepamplona.com\\\/actualidad\\\/wp-content\\\/uploads\\\/2022\\\/04\\\/PASCUAS-ALICIA-EN-EL-PAIS-MARAVILLAS.jpg\",\"contentUrl\":\"https:\\\/\\\/www.laguiadepamplona.com\\\/actualidad\\\/wp-content\\\/uploads\\\/2022\\\/04\\\/PASCUAS-ALICIA-EN-EL-PAIS-MARAVILLAS.jpg\",\"width\":1536,\"height\":848},{\"@type\":\"BreadcrumbList\",\"@id\":\"https:\\\/\\\/www.laguiadepamplona.com\\\/actualidad\\\/civivox-prepara-una-semana-de-pascua-con-talleres-cine-y-espectaculos-para-el-publico-infantil-en-torno-a-alicia-en-el-pais-de-las-maravillas\\\/#breadcrumb\",\"itemListElement\":[{\"@type\":\"ListItem\",\"position\":1,\"name\":\"Portada\",\"item\":\"https:\\\/\\\/www.laguiadepamplona.com\\\/actualidad\\\/\"},{\"@type\":\"ListItem\",\"position\":2,\"name\":\"Civivox prepara una semana de Pascua con talleres, cine, y espect\u00e1culos para el p\u00fablico infantil en torno a \u2018Alicia en el pa\u00eds de las maravillas\u2019\"}]},{\"@type\":\"WebSite\",\"@id\":\"https:\\\/\\\/www.laguiadepamplona.com\\\/actualidad\\\/#website\",\"url\":\"https:\\\/\\\/www.laguiadepamplona.com\\\/actualidad\\\/\",\"name\":\"La gu\u00eda de Pamplona\",\"description\":\"Noticias de Pamplona\",\"publisher\":{\"@id\":\"https:\\\/\\\/www.laguiadepamplona.com\\\/actualidad\\\/#organization\"},\"potentialAction\":[{\"@type\":\"SearchAction\",\"target\":{\"@type\":\"EntryPoint\",\"urlTemplate\":\"https:\\\/\\\/www.laguiadepamplona.com\\\/actualidad\\\/?s={search_term_string}\"},\"query-input\":{\"@type\":\"PropertyValueSpecification\",\"valueRequired\":true,\"valueName\":\"search_term_string\"}}],\"inLanguage\":\"es\"},{\"@type\":\"Organization\",\"@id\":\"https:\\\/\\\/www.laguiadepamplona.com\\\/actualidad\\\/#organization\",\"name\":\"La Gu\u00eda de Pamplona \\\/ Noticias\",\"url\":\"https:\\\/\\\/www.laguiadepamplona.com\\\/actualidad\\\/\",\"logo\":{\"@type\":\"ImageObject\",\"inLanguage\":\"es\",\"@id\":\"https:\\\/\\\/www.laguiadepamplona.com\\\/actualidad\\\/#\\\/schema\\\/logo\\\/image\\\/\",\"url\":\"https:\\\/\\\/www.laguiadepamplona.com\\\/actualidad\\\/wp-content\\\/uploads\\\/2018\\\/11\\\/logo-laguiadepamplona18-web1.png\",\"contentUrl\":\"https:\\\/\\\/www.laguiadepamplona.com\\\/actualidad\\\/wp-content\\\/uploads\\\/2018\\\/11\\\/logo-laguiadepamplona18-web1.png\",\"width\":600,\"height\":196,\"caption\":\"La Gu\u00eda de Pamplona \\\/ Noticias\"},\"image\":{\"@id\":\"https:\\\/\\\/www.laguiadepamplona.com\\\/actualidad\\\/#\\\/schema\\\/logo\\\/image\\\/\"},\"sameAs\":[\"https:\\\/\\\/www.facebook.com\\\/laguiadepamplonacom-133175176762273\\\/?ref=hl\",\"https:\\\/\\\/x.com\\\/LaGuiadPamplona\",\"https:\\\/\\\/www.instagram.com\\\/la_guia_de_pamplona\\\/\",\"https:\\\/\\\/www.youtube.com\\\/user\\\/laguiadepamplona\"]},{\"@type\":\"Person\",\"@id\":\"https:\\\/\\\/www.laguiadepamplona.com\\\/actualidad\\\/#\\\/schema\\\/person\\\/efe887376f0213d4657c93adc50b1fdb\",\"name\":\"La Gu\u00eda de Pamplona\",\"image\":{\"@type\":\"ImageObject\",\"inLanguage\":\"es\",\"@id\":\"https:\\\/\\\/secure.gravatar.com\\\/avatar\\\/b6992f131dc8d30ab0dff15446e9d346d9dbd95992de0fef795073f5ea83a81c?s=96&d=mm&r=g\",\"url\":\"https:\\\/\\\/secure.gravatar.com\\\/avatar\\\/b6992f131dc8d30ab0dff15446e9d346d9dbd95992de0fef795073f5ea83a81c?s=96&d=mm&r=g\",\"contentUrl\":\"https:\\\/\\\/secure.gravatar.com\\\/avatar\\\/b6992f131dc8d30ab0dff15446e9d346d9dbd95992de0fef795073f5ea83a81c?s=96&d=mm&r=g\",\"caption\":\"La Gu\u00eda de Pamplona\"}}]}<\/script>\n<!-- \/ Yoast SEO plugin. -->","yoast_head_json":{"title":"Civivox prepara una semana de Pascua con talleres, cine, y espect\u00e1culos para el p\u00fablico infantil en torno a \u2018Alicia en el pa\u00eds de las maravillas\u2019","description":"A\u00fan quedan plazas libres en los espect\u00e1culos y algunos de los talleres incluidos en el ciclo \u2018Pascuas en el pa\u00eds de las maravillas\u2019","robots":{"index":"index","follow":"follow","max-snippet":"max-snippet:-1","max-image-preview":"max-image-preview:large","max-video-preview":"max-video-preview:-1"},"canonical":"https:\/\/www.laguiadepamplona.com\/actualidad\/civivox-prepara-una-semana-de-pascua-con-talleres-cine-y-espectaculos-para-el-publico-infantil-en-torno-a-alicia-en-el-pais-de-las-maravillas\/","og_locale":"es_ES","og_type":"article","og_title":"Civivox prepara una semana de Pascua con talleres, cine, y espect\u00e1culos para el p\u00fablico infantil en torno a \u2018Alicia en el pa\u00eds de las maravillas\u2019","og_description":"A\u00fan quedan plazas libres en los espect\u00e1culos y algunos de los talleres incluidos en el ciclo \u2018Pascuas en el pa\u00eds de las maravillas\u2019","og_url":"https:\/\/www.laguiadepamplona.com\/actualidad\/civivox-prepara-una-semana-de-pascua-con-talleres-cine-y-espectaculos-para-el-publico-infantil-en-torno-a-alicia-en-el-pais-de-las-maravillas\/","og_site_name":"La Gu\u00eda de Pamplona","article_publisher":"https:\/\/www.facebook.com\/laguiadepamplonacom-133175176762273\/?ref=hl","article_published_time":"2022-04-08T11:04:16+00:00","article_modified_time":"2023-04-11T09:48:19+00:00","og_image":[{"width":1536,"height":848,"url":"https:\/\/www.laguiadepamplona.com\/actualidad\/wp-content\/uploads\/2022\/04\/PASCUAS-ALICIA-EN-EL-PAIS-MARAVILLAS.jpg","type":"image\/jpeg"}],"author":"La Gu\u00eda de Pamplona","twitter_card":"summary_large_image","twitter_creator":"@LaGuiadPamplona","twitter_site":"@LaGuiadPamplona","twitter_misc":{"Escrito por":"La Gu\u00eda de Pamplona","Tiempo de lectura":"3 minutos"},"schema":{"@context":"https:\/\/schema.org","@graph":[{"@type":"Article","@id":"https:\/\/www.laguiadepamplona.com\/actualidad\/civivox-prepara-una-semana-de-pascua-con-talleres-cine-y-espectaculos-para-el-publico-infantil-en-torno-a-alicia-en-el-pais-de-las-maravillas\/#article","isPartOf":{"@id":"https:\/\/www.laguiadepamplona.com\/actualidad\/civivox-prepara-una-semana-de-pascua-con-talleres-cine-y-espectaculos-para-el-publico-infantil-en-torno-a-alicia-en-el-pais-de-las-maravillas\/"},"author":{"name":"La Gu\u00eda de Pamplona","@id":"https:\/\/www.laguiadepamplona.com\/actualidad\/#\/schema\/person\/efe887376f0213d4657c93adc50b1fdb"},"headline":"Civivox prepara una semana de Pascua con talleres, cine, y espect\u00e1culos para el p\u00fablico infantil en torno a \u2018Alicia en el pa\u00eds de las maravillas\u2019","datePublished":"2022-04-08T11:04:16+00:00","dateModified":"2023-04-11T09:48:19+00:00","mainEntityOfPage":{"@id":"https:\/\/www.laguiadepamplona.com\/actualidad\/civivox-prepara-una-semana-de-pascua-con-talleres-cine-y-espectaculos-para-el-publico-infantil-en-torno-a-alicia-en-el-pais-de-las-maravillas\/"},"wordCount":693,"commentCount":0,"publisher":{"@id":"https:\/\/www.laguiadepamplona.com\/actualidad\/#organization"},"image":{"@id":"https:\/\/www.laguiadepamplona.com\/actualidad\/civivox-prepara-una-semana-de-pascua-con-talleres-cine-y-espectaculos-para-el-publico-infantil-en-torno-a-alicia-en-el-pais-de-las-maravillas\/#primaryimage"},"thumbnailUrl":"https:\/\/www.laguiadepamplona.com\/actualidad\/wp-content\/uploads\/2022\/04\/PASCUAS-ALICIA-EN-EL-PAIS-MARAVILLAS.jpg","articleSection":["Ayto Pamplona"],"inLanguage":"es","potentialAction":[{"@type":"CommentAction","name":"Comment","target":["https:\/\/www.laguiadepamplona.com\/actualidad\/civivox-prepara-una-semana-de-pascua-con-talleres-cine-y-espectaculos-para-el-publico-infantil-en-torno-a-alicia-en-el-pais-de-las-maravillas\/#respond"]}]},{"@type":"WebPage","@id":"https:\/\/www.laguiadepamplona.com\/actualidad\/civivox-prepara-una-semana-de-pascua-con-talleres-cine-y-espectaculos-para-el-publico-infantil-en-torno-a-alicia-en-el-pais-de-las-maravillas\/","url":"https:\/\/www.laguiadepamplona.com\/actualidad\/civivox-prepara-una-semana-de-pascua-con-talleres-cine-y-espectaculos-para-el-publico-infantil-en-torno-a-alicia-en-el-pais-de-las-maravillas\/","name":"Civivox prepara una semana de Pascua con talleres, cine, y espect\u00e1culos para el p\u00fablico infantil en torno a \u2018Alicia en el pa\u00eds de las maravillas\u2019","isPartOf":{"@id":"https:\/\/www.laguiadepamplona.com\/actualidad\/#website"},"primaryImageOfPage":{"@id":"https:\/\/www.laguiadepamplona.com\/actualidad\/civivox-prepara-una-semana-de-pascua-con-talleres-cine-y-espectaculos-para-el-publico-infantil-en-torno-a-alicia-en-el-pais-de-las-maravillas\/#primaryimage"},"image":{"@id":"https:\/\/www.laguiadepamplona.com\/actualidad\/civivox-prepara-una-semana-de-pascua-con-talleres-cine-y-espectaculos-para-el-publico-infantil-en-torno-a-alicia-en-el-pais-de-las-maravillas\/#primaryimage"},"thumbnailUrl":"https:\/\/www.laguiadepamplona.com\/actualidad\/wp-content\/uploads\/2022\/04\/PASCUAS-ALICIA-EN-EL-PAIS-MARAVILLAS.jpg","datePublished":"2022-04-08T11:04:16+00:00","dateModified":"2023-04-11T09:48:19+00:00","description":"A\u00fan quedan plazas libres en los espect\u00e1culos y algunos de los talleres incluidos en el ciclo \u2018Pascuas en el pa\u00eds de las maravillas\u2019","breadcrumb":{"@id":"https:\/\/www.laguiadepamplona.com\/actualidad\/civivox-prepara-una-semana-de-pascua-con-talleres-cine-y-espectaculos-para-el-publico-infantil-en-torno-a-alicia-en-el-pais-de-las-maravillas\/#breadcrumb"},"inLanguage":"es","potentialAction":[{"@type":"ReadAction","target":["https:\/\/www.laguiadepamplona.com\/actualidad\/civivox-prepara-una-semana-de-pascua-con-talleres-cine-y-espectaculos-para-el-publico-infantil-en-torno-a-alicia-en-el-pais-de-las-maravillas\/"]}]},{"@type":"ImageObject","inLanguage":"es","@id":"https:\/\/www.laguiadepamplona.com\/actualidad\/civivox-prepara-una-semana-de-pascua-con-talleres-cine-y-espectaculos-para-el-publico-infantil-en-torno-a-alicia-en-el-pais-de-las-maravillas\/#primaryimage","url":"https:\/\/www.laguiadepamplona.com\/actualidad\/wp-content\/uploads\/2022\/04\/PASCUAS-ALICIA-EN-EL-PAIS-MARAVILLAS.jpg","contentUrl":"https:\/\/www.laguiadepamplona.com\/actualidad\/wp-content\/uploads\/2022\/04\/PASCUAS-ALICIA-EN-EL-PAIS-MARAVILLAS.jpg","width":1536,"height":848},{"@type":"BreadcrumbList","@id":"https:\/\/www.laguiadepamplona.com\/actualidad\/civivox-prepara-una-semana-de-pascua-con-talleres-cine-y-espectaculos-para-el-publico-infantil-en-torno-a-alicia-en-el-pais-de-las-maravillas\/#breadcrumb","itemListElement":[{"@type":"ListItem","position":1,"name":"Portada","item":"https:\/\/www.laguiadepamplona.com\/actualidad\/"},{"@type":"ListItem","position":2,"name":"Civivox prepara una semana de Pascua con talleres, cine, y espect\u00e1culos para el p\u00fablico infantil en torno a \u2018Alicia en el pa\u00eds de las maravillas\u2019"}]},{"@type":"WebSite","@id":"https:\/\/www.laguiadepamplona.com\/actualidad\/#website","url":"https:\/\/www.laguiadepamplona.com\/actualidad\/","name":"La gu\u00eda de Pamplona","description":"Noticias de Pamplona","publisher":{"@id":"https:\/\/www.laguiadepamplona.com\/actualidad\/#organization"},"potentialAction":[{"@type":"SearchAction","target":{"@type":"EntryPoint","urlTemplate":"https:\/\/www.laguiadepamplona.com\/actualidad\/?s={search_term_string}"},"query-input":{"@type":"PropertyValueSpecification","valueRequired":true,"valueName":"search_term_string"}}],"inLanguage":"es"},{"@type":"Organization","@id":"https:\/\/www.laguiadepamplona.com\/actualidad\/#organization","name":"La Gu\u00eda de Pamplona \/ Noticias","url":"https:\/\/www.laguiadepamplona.com\/actualidad\/","logo":{"@type":"ImageObject","inLanguage":"es","@id":"https:\/\/www.laguiadepamplona.com\/actualidad\/#\/schema\/logo\/image\/","url":"https:\/\/www.laguiadepamplona.com\/actualidad\/wp-content\/uploads\/2018\/11\/logo-laguiadepamplona18-web1.png","contentUrl":"https:\/\/www.laguiadepamplona.com\/actualidad\/wp-content\/uploads\/2018\/11\/logo-laguiadepamplona18-web1.png","width":600,"height":196,"caption":"La Gu\u00eda de Pamplona \/ Noticias"},"image":{"@id":"https:\/\/www.laguiadepamplona.com\/actualidad\/#\/schema\/logo\/image\/"},"sameAs":["https:\/\/www.facebook.com\/laguiadepamplonacom-133175176762273\/?ref=hl","https:\/\/x.com\/LaGuiadPamplona","https:\/\/www.instagram.com\/la_guia_de_pamplona\/","https:\/\/www.youtube.com\/user\/laguiadepamplona"]},{"@type":"Person","@id":"https:\/\/www.laguiadepamplona.com\/actualidad\/#\/schema\/person\/efe887376f0213d4657c93adc50b1fdb","name":"La Gu\u00eda de Pamplona","image":{"@type":"ImageObject","inLanguage":"es","@id":"https:\/\/secure.gravatar.com\/avatar\/b6992f131dc8d30ab0dff15446e9d346d9dbd95992de0fef795073f5ea83a81c?s=96&d=mm&r=g","url":"https:\/\/secure.gravatar.com\/avatar\/b6992f131dc8d30ab0dff15446e9d346d9dbd95992de0fef795073f5ea83a81c?s=96&d=mm&r=g","contentUrl":"https:\/\/secure.gravatar.com\/avatar\/b6992f131dc8d30ab0dff15446e9d346d9dbd95992de0fef795073f5ea83a81c?s=96&d=mm&r=g","caption":"La Gu\u00eda de Pamplona"}}]}},"post_mailing_queue_ids":[],"_links":{"self":[{"href":"https:\/\/www.laguiadepamplona.com\/actualidad\/wp-json\/wp\/v2\/posts\/39931","targetHints":{"allow":["GET"]}}],"collection":[{"href":"https:\/\/www.laguiadepamplona.com\/actualidad\/wp-json\/wp\/v2\/posts"}],"about":[{"href":"https:\/\/www.laguiadepamplona.com\/actualidad\/wp-json\/wp\/v2\/types\/post"}],"author":[{"embeddable":true,"href":"https:\/\/www.laguiadepamplona.com\/actualidad\/wp-json\/wp\/v2\/users\/1"}],"replies":[{"embeddable":true,"href":"https:\/\/www.laguiadepamplona.com\/actualidad\/wp-json\/wp\/v2\/comments?post=39931"}],"version-history":[{"count":0,"href":"https:\/\/www.laguiadepamplona.com\/actualidad\/wp-json\/wp\/v2\/posts\/39931\/revisions"}],"wp:featuredmedia":[{"embeddable":true,"href":"https:\/\/www.laguiadepamplona.com\/actualidad\/wp-json\/wp\/v2\/media\/39932"}],"wp:attachment":[{"href":"https:\/\/www.laguiadepamplona.com\/actualidad\/wp-json\/wp\/v2\/media?parent=39931"}],"wp:term":[{"taxonomy":"category","embeddable":true,"href":"https:\/\/www.laguiadepamplona.com\/actualidad\/wp-json\/wp\/v2\/categories?post=39931"},{"taxonomy":"post_tag","embeddable":true,"href":"https:\/\/www.laguiadepamplona.com\/actualidad\/wp-json\/wp\/v2\/tags?post=39931"}],"curies":[{"name":"wp","href":"https:\/\/api.w.org\/{rel}","templated":true}]}}