{"id":39926,"date":"2022-04-08T12:35:12","date_gmt":"2022-04-08T10:35:12","guid":{"rendered":"https:\/\/www.laguiadepamplona.com\/actualidad\/?p=39926"},"modified":"2023-04-11T11:48:19","modified_gmt":"2023-04-11T09:48:19","slug":"el-ayuntamiento-de-pamplona-pone-en-servicio-los-aseos-autolimpiables-instalados-en-el-parque-de-yamaguchi-y-en-etxabakoitz","status":"publish","type":"post","link":"https:\/\/www.laguiadepamplona.com\/actualidad\/el-ayuntamiento-de-pamplona-pone-en-servicio-los-aseos-autolimpiables-instalados-en-el-parque-de-yamaguchi-y-en-etxabakoitz\/","title":{"rendered":"El Ayuntamiento de Pamplona pone en servicio los aseos autolimpiables instalados en el parque de Yamaguchi y en Etxabakoitz"},"content":{"rendered":"<h5>A finales de este mes de abril, comenzar\u00e1n las obras para colocar un aseo autolimpiable en el parque del Orfe\u00f3n Pamplon\u00e9s<\/h5>\n<p><!--more--><\/p>\n<p>Los aseos autolimpiables del parque de Yamaguchi y del barrio de Etxabakoitz est\u00e1n ya en uso. El Ayuntamiento de Pamplona ha puesto en servicio ambas instalaciones que han contado con un presupuesto de suministro de licitaci\u00f3n de 47.190 y 59.290 euros, respectivamente. La obra se llev\u00f3 a cabo hace ya unos meses y en los \u00faltimos d\u00edas se ha procedido a dar de alta los suministros necesarios de electricidad y agua para su apertura al p\u00fablico.<br \/>\n<script async src=\"\/\/pagead2.googlesyndication.com\/pagead\/js\/adsbygoogle.js\"><\/script><br \/>\n<!-- Noticias La Guia de Pamplona --><br \/>\n<ins class=\"adsbygoogle\"\nstyle=\"display:block\"\ndata-ad-client=\"ca-pub-6943679897239327\"\ndata-ad-slot=\"7048180777\"\ndata-ad-format=\"auto\"><\/ins><br \/>\n<script>\n(adsbygoogle = window.adsbygoogle || []).push({});\n<\/script><\/p>\n<p>Los dos aseos comparten caracter\u00edsticas. Constituyen una \u00fanica unidad, con cabina de aseo, zona t\u00e9cnica de control de funcionamiento y urinarios exteriores. Est\u00e1n fabricados en hormig\u00f3n, con revestimientos interiores y exteriores de f\u00e1cil limpieza, resistentes a las abrasiones y con tratamiento para evitar graffitis. El cierre de la puerta es autom\u00e1tico, mediante electroim\u00e1n tras la detecci\u00f3n de presencia, indic\u00e1ndose en el exterior si el aseo est\u00e1 libre u ocupado. La puerta de acceso y el interior son aptos para personas con discapacidad, ajust\u00e1ndose a la normativa vigente. En caso de corte de suministro de electricidad, una vez que el usuario haya abandonado el habit\u00e1culo, la puerta se bloquear\u00e1 autom\u00e1ticamente. Esos aseos cuentan con un sistema de apertura exterior mediante llave por parte de los servicios t\u00e9cnicos.<\/p>\n<p>A finales de este mes de abril, el Ayuntamiento de Pamplona comenzar\u00e1n las obras para la instalaci\u00f3n de otro de esos aseos autolimpiables en el parque del Orfe\u00f3n Pamplon\u00e9s. Ser\u00e1 un aseo como los dos anteriores, con las mismas caracter\u00edsticas, y cuyo precio de licitaci\u00f3n de suministro asciende a 59.290 euros. De esta forma se ofrece un servicio en una zona de la ciudad por la que habitualmente transita mucha gente y que no contaba con aseos p\u00fablicos.<\/p>\n","protected":false},"excerpt":{"rendered":"<p>A finales de este mes de abril, comenzar\u00e1n las obras para colocar un aseo autolimpiable en el parque del Orfe\u00f3n Pamplon\u00e9s<\/p>\n","protected":false},"author":1,"featured_media":36371,"comment_status":"open","ping_status":"closed","sticky":false,"template":"","format":"standard","meta":{"footnotes":""},"categories":[2],"tags":[],"class_list":["post-39926","post","type-post","status-publish","format-standard","has-post-thumbnail","hentry","category-ayuntamiento-pamplona"],"yoast_head":"<!-- This site is optimized with the Yoast SEO plugin v27.3 - https:\/\/yoast.com\/product\/yoast-seo-wordpress\/ -->\n<title>El Ayuntamiento de Pamplona pone en servicio los aseos autolimpiables instalados en el parque de Yamaguchi y en Etxabakoitz<\/title>\n<meta name=\"description\" content=\"A finales de este mes de abril, comenzar\u00e1n las obras para colocar un aseo autolimpiable en el parque del Orfe\u00f3n Pamplon\u00e9s\" \/>\n<meta name=\"robots\" content=\"index, follow, max-snippet:-1, max-image-preview:large, max-video-preview:-1\" \/>\n<link rel=\"canonical\" href=\"https:\/\/www.laguiadepamplona.com\/actualidad\/el-ayuntamiento-de-pamplona-pone-en-servicio-los-aseos-autolimpiables-instalados-en-el-parque-de-yamaguchi-y-en-etxabakoitz\/\" \/>\n<meta property=\"og:locale\" content=\"es_ES\" \/>\n<meta property=\"og:type\" content=\"article\" \/>\n<meta property=\"og:title\" content=\"El Ayuntamiento de Pamplona pone en servicio los aseos autolimpiables instalados en el parque de Yamaguchi y en Etxabakoitz\" \/>\n<meta property=\"og:description\" content=\"A finales de este mes de abril, comenzar\u00e1n las obras para colocar un aseo autolimpiable en el parque del Orfe\u00f3n Pamplon\u00e9s\" \/>\n<meta property=\"og:url\" content=\"https:\/\/www.laguiadepamplona.com\/actualidad\/el-ayuntamiento-de-pamplona-pone-en-servicio-los-aseos-autolimpiables-instalados-en-el-parque-de-yamaguchi-y-en-etxabakoitz\/\" \/>\n<meta property=\"og:site_name\" content=\"La Gu\u00eda de Pamplona\" \/>\n<meta property=\"article:publisher\" content=\"https:\/\/www.facebook.com\/laguiadepamplonacom-133175176762273\/?ref=hl\" \/>\n<meta property=\"article:published_time\" content=\"2022-04-08T10:35:12+00:00\" \/>\n<meta property=\"article:modified_time\" content=\"2023-04-11T09:48:19+00:00\" \/>\n<meta property=\"og:image\" content=\"https:\/\/www.laguiadepamplona.com\/actualidad\/wp-content\/uploads\/2021\/09\/banos-publicos-aseos-autolimpiables_0.jpg\" \/>\n\t<meta property=\"og:image:width\" content=\"1514\" \/>\n\t<meta property=\"og:image:height\" content=\"1136\" \/>\n\t<meta property=\"og:image:type\" content=\"image\/jpeg\" \/>\n<meta name=\"author\" content=\"La Gu\u00eda de Pamplona\" \/>\n<meta name=\"twitter:card\" content=\"summary_large_image\" \/>\n<meta name=\"twitter:creator\" content=\"@LaGuiadPamplona\" \/>\n<meta name=\"twitter:site\" content=\"@LaGuiadPamplona\" \/>\n<meta name=\"twitter:label1\" content=\"Escrito por\" \/>\n\t<meta name=\"twitter:data1\" content=\"La Gu\u00eda de Pamplona\" \/>\n\t<meta name=\"twitter:label2\" content=\"Tiempo de lectura\" \/>\n\t<meta name=\"twitter:data2\" content=\"2 minutos\" \/>\n<script type=\"application\/ld+json\" class=\"yoast-schema-graph\">{\"@context\":\"https:\\\/\\\/schema.org\",\"@graph\":[{\"@type\":\"Article\",\"@id\":\"https:\\\/\\\/www.laguiadepamplona.com\\\/actualidad\\\/el-ayuntamiento-de-pamplona-pone-en-servicio-los-aseos-autolimpiables-instalados-en-el-parque-de-yamaguchi-y-en-etxabakoitz\\\/#article\",\"isPartOf\":{\"@id\":\"https:\\\/\\\/www.laguiadepamplona.com\\\/actualidad\\\/el-ayuntamiento-de-pamplona-pone-en-servicio-los-aseos-autolimpiables-instalados-en-el-parque-de-yamaguchi-y-en-etxabakoitz\\\/\"},\"author\":{\"name\":\"La Gu\u00eda de Pamplona\",\"@id\":\"https:\\\/\\\/www.laguiadepamplona.com\\\/actualidad\\\/#\\\/schema\\\/person\\\/efe887376f0213d4657c93adc50b1fdb\"},\"headline\":\"El Ayuntamiento de Pamplona pone en servicio los aseos autolimpiables instalados en el parque de Yamaguchi y en Etxabakoitz\",\"datePublished\":\"2022-04-08T10:35:12+00:00\",\"dateModified\":\"2023-04-11T09:48:19+00:00\",\"mainEntityOfPage\":{\"@id\":\"https:\\\/\\\/www.laguiadepamplona.com\\\/actualidad\\\/el-ayuntamiento-de-pamplona-pone-en-servicio-los-aseos-autolimpiables-instalados-en-el-parque-de-yamaguchi-y-en-etxabakoitz\\\/\"},\"wordCount\":344,\"commentCount\":0,\"publisher\":{\"@id\":\"https:\\\/\\\/www.laguiadepamplona.com\\\/actualidad\\\/#organization\"},\"image\":{\"@id\":\"https:\\\/\\\/www.laguiadepamplona.com\\\/actualidad\\\/el-ayuntamiento-de-pamplona-pone-en-servicio-los-aseos-autolimpiables-instalados-en-el-parque-de-yamaguchi-y-en-etxabakoitz\\\/#primaryimage\"},\"thumbnailUrl\":\"https:\\\/\\\/www.laguiadepamplona.com\\\/actualidad\\\/wp-content\\\/uploads\\\/2021\\\/09\\\/banos-publicos-aseos-autolimpiables_0.jpg\",\"articleSection\":[\"Ayto Pamplona\"],\"inLanguage\":\"es\",\"potentialAction\":[{\"@type\":\"CommentAction\",\"name\":\"Comment\",\"target\":[\"https:\\\/\\\/www.laguiadepamplona.com\\\/actualidad\\\/el-ayuntamiento-de-pamplona-pone-en-servicio-los-aseos-autolimpiables-instalados-en-el-parque-de-yamaguchi-y-en-etxabakoitz\\\/#respond\"]}]},{\"@type\":\"WebPage\",\"@id\":\"https:\\\/\\\/www.laguiadepamplona.com\\\/actualidad\\\/el-ayuntamiento-de-pamplona-pone-en-servicio-los-aseos-autolimpiables-instalados-en-el-parque-de-yamaguchi-y-en-etxabakoitz\\\/\",\"url\":\"https:\\\/\\\/www.laguiadepamplona.com\\\/actualidad\\\/el-ayuntamiento-de-pamplona-pone-en-servicio-los-aseos-autolimpiables-instalados-en-el-parque-de-yamaguchi-y-en-etxabakoitz\\\/\",\"name\":\"El Ayuntamiento de Pamplona pone en servicio los aseos autolimpiables instalados en el parque de Yamaguchi y en Etxabakoitz\",\"isPartOf\":{\"@id\":\"https:\\\/\\\/www.laguiadepamplona.com\\\/actualidad\\\/#website\"},\"primaryImageOfPage\":{\"@id\":\"https:\\\/\\\/www.laguiadepamplona.com\\\/actualidad\\\/el-ayuntamiento-de-pamplona-pone-en-servicio-los-aseos-autolimpiables-instalados-en-el-parque-de-yamaguchi-y-en-etxabakoitz\\\/#primaryimage\"},\"image\":{\"@id\":\"https:\\\/\\\/www.laguiadepamplona.com\\\/actualidad\\\/el-ayuntamiento-de-pamplona-pone-en-servicio-los-aseos-autolimpiables-instalados-en-el-parque-de-yamaguchi-y-en-etxabakoitz\\\/#primaryimage\"},\"thumbnailUrl\":\"https:\\\/\\\/www.laguiadepamplona.com\\\/actualidad\\\/wp-content\\\/uploads\\\/2021\\\/09\\\/banos-publicos-aseos-autolimpiables_0.jpg\",\"datePublished\":\"2022-04-08T10:35:12+00:00\",\"dateModified\":\"2023-04-11T09:48:19+00:00\",\"description\":\"A finales de este mes de abril, comenzar\u00e1n las obras para colocar un aseo autolimpiable en el parque del Orfe\u00f3n Pamplon\u00e9s\",\"breadcrumb\":{\"@id\":\"https:\\\/\\\/www.laguiadepamplona.com\\\/actualidad\\\/el-ayuntamiento-de-pamplona-pone-en-servicio-los-aseos-autolimpiables-instalados-en-el-parque-de-yamaguchi-y-en-etxabakoitz\\\/#breadcrumb\"},\"inLanguage\":\"es\",\"potentialAction\":[{\"@type\":\"ReadAction\",\"target\":[\"https:\\\/\\\/www.laguiadepamplona.com\\\/actualidad\\\/el-ayuntamiento-de-pamplona-pone-en-servicio-los-aseos-autolimpiables-instalados-en-el-parque-de-yamaguchi-y-en-etxabakoitz\\\/\"]}]},{\"@type\":\"ImageObject\",\"inLanguage\":\"es\",\"@id\":\"https:\\\/\\\/www.laguiadepamplona.com\\\/actualidad\\\/el-ayuntamiento-de-pamplona-pone-en-servicio-los-aseos-autolimpiables-instalados-en-el-parque-de-yamaguchi-y-en-etxabakoitz\\\/#primaryimage\",\"url\":\"https:\\\/\\\/www.laguiadepamplona.com\\\/actualidad\\\/wp-content\\\/uploads\\\/2021\\\/09\\\/banos-publicos-aseos-autolimpiables_0.jpg\",\"contentUrl\":\"https:\\\/\\\/www.laguiadepamplona.com\\\/actualidad\\\/wp-content\\\/uploads\\\/2021\\\/09\\\/banos-publicos-aseos-autolimpiables_0.jpg\",\"width\":1514,\"height\":1136,\"caption\":\"aseos autolimpiables\"},{\"@type\":\"BreadcrumbList\",\"@id\":\"https:\\\/\\\/www.laguiadepamplona.com\\\/actualidad\\\/el-ayuntamiento-de-pamplona-pone-en-servicio-los-aseos-autolimpiables-instalados-en-el-parque-de-yamaguchi-y-en-etxabakoitz\\\/#breadcrumb\",\"itemListElement\":[{\"@type\":\"ListItem\",\"position\":1,\"name\":\"Portada\",\"item\":\"https:\\\/\\\/www.laguiadepamplona.com\\\/actualidad\\\/\"},{\"@type\":\"ListItem\",\"position\":2,\"name\":\"El Ayuntamiento de Pamplona pone en servicio los aseos autolimpiables instalados en el parque de Yamaguchi y en Etxabakoitz\"}]},{\"@type\":\"WebSite\",\"@id\":\"https:\\\/\\\/www.laguiadepamplona.com\\\/actualidad\\\/#website\",\"url\":\"https:\\\/\\\/www.laguiadepamplona.com\\\/actualidad\\\/\",\"name\":\"La gu\u00eda de Pamplona\",\"description\":\"Noticias de Pamplona\",\"publisher\":{\"@id\":\"https:\\\/\\\/www.laguiadepamplona.com\\\/actualidad\\\/#organization\"},\"potentialAction\":[{\"@type\":\"SearchAction\",\"target\":{\"@type\":\"EntryPoint\",\"urlTemplate\":\"https:\\\/\\\/www.laguiadepamplona.com\\\/actualidad\\\/?s={search_term_string}\"},\"query-input\":{\"@type\":\"PropertyValueSpecification\",\"valueRequired\":true,\"valueName\":\"search_term_string\"}}],\"inLanguage\":\"es\"},{\"@type\":\"Organization\",\"@id\":\"https:\\\/\\\/www.laguiadepamplona.com\\\/actualidad\\\/#organization\",\"name\":\"La Gu\u00eda de Pamplona \\\/ Noticias\",\"url\":\"https:\\\/\\\/www.laguiadepamplona.com\\\/actualidad\\\/\",\"logo\":{\"@type\":\"ImageObject\",\"inLanguage\":\"es\",\"@id\":\"https:\\\/\\\/www.laguiadepamplona.com\\\/actualidad\\\/#\\\/schema\\\/logo\\\/image\\\/\",\"url\":\"https:\\\/\\\/www.laguiadepamplona.com\\\/actualidad\\\/wp-content\\\/uploads\\\/2018\\\/11\\\/logo-laguiadepamplona18-web1.png\",\"contentUrl\":\"https:\\\/\\\/www.laguiadepamplona.com\\\/actualidad\\\/wp-content\\\/uploads\\\/2018\\\/11\\\/logo-laguiadepamplona18-web1.png\",\"width\":600,\"height\":196,\"caption\":\"La Gu\u00eda de Pamplona \\\/ Noticias\"},\"image\":{\"@id\":\"https:\\\/\\\/www.laguiadepamplona.com\\\/actualidad\\\/#\\\/schema\\\/logo\\\/image\\\/\"},\"sameAs\":[\"https:\\\/\\\/www.facebook.com\\\/laguiadepamplonacom-133175176762273\\\/?ref=hl\",\"https:\\\/\\\/x.com\\\/LaGuiadPamplona\",\"https:\\\/\\\/www.instagram.com\\\/la_guia_de_pamplona\\\/\",\"https:\\\/\\\/www.youtube.com\\\/user\\\/laguiadepamplona\"]},{\"@type\":\"Person\",\"@id\":\"https:\\\/\\\/www.laguiadepamplona.com\\\/actualidad\\\/#\\\/schema\\\/person\\\/efe887376f0213d4657c93adc50b1fdb\",\"name\":\"La Gu\u00eda de Pamplona\",\"image\":{\"@type\":\"ImageObject\",\"inLanguage\":\"es\",\"@id\":\"https:\\\/\\\/secure.gravatar.com\\\/avatar\\\/b6992f131dc8d30ab0dff15446e9d346d9dbd95992de0fef795073f5ea83a81c?s=96&d=mm&r=g\",\"url\":\"https:\\\/\\\/secure.gravatar.com\\\/avatar\\\/b6992f131dc8d30ab0dff15446e9d346d9dbd95992de0fef795073f5ea83a81c?s=96&d=mm&r=g\",\"contentUrl\":\"https:\\\/\\\/secure.gravatar.com\\\/avatar\\\/b6992f131dc8d30ab0dff15446e9d346d9dbd95992de0fef795073f5ea83a81c?s=96&d=mm&r=g\",\"caption\":\"La Gu\u00eda de Pamplona\"}}]}<\/script>\n<!-- \/ Yoast SEO plugin. -->","yoast_head_json":{"title":"El Ayuntamiento de Pamplona pone en servicio los aseos autolimpiables instalados en el parque de Yamaguchi y en Etxabakoitz","description":"A finales de este mes de abril, comenzar\u00e1n las obras para colocar un aseo autolimpiable en el parque del Orfe\u00f3n Pamplon\u00e9s","robots":{"index":"index","follow":"follow","max-snippet":"max-snippet:-1","max-image-preview":"max-image-preview:large","max-video-preview":"max-video-preview:-1"},"canonical":"https:\/\/www.laguiadepamplona.com\/actualidad\/el-ayuntamiento-de-pamplona-pone-en-servicio-los-aseos-autolimpiables-instalados-en-el-parque-de-yamaguchi-y-en-etxabakoitz\/","og_locale":"es_ES","og_type":"article","og_title":"El Ayuntamiento de Pamplona pone en servicio los aseos autolimpiables instalados en el parque de Yamaguchi y en Etxabakoitz","og_description":"A finales de este mes de abril, comenzar\u00e1n las obras para colocar un aseo autolimpiable en el parque del Orfe\u00f3n Pamplon\u00e9s","og_url":"https:\/\/www.laguiadepamplona.com\/actualidad\/el-ayuntamiento-de-pamplona-pone-en-servicio-los-aseos-autolimpiables-instalados-en-el-parque-de-yamaguchi-y-en-etxabakoitz\/","og_site_name":"La Gu\u00eda de Pamplona","article_publisher":"https:\/\/www.facebook.com\/laguiadepamplonacom-133175176762273\/?ref=hl","article_published_time":"2022-04-08T10:35:12+00:00","article_modified_time":"2023-04-11T09:48:19+00:00","og_image":[{"width":1514,"height":1136,"url":"https:\/\/www.laguiadepamplona.com\/actualidad\/wp-content\/uploads\/2021\/09\/banos-publicos-aseos-autolimpiables_0.jpg","type":"image\/jpeg"}],"author":"La Gu\u00eda de Pamplona","twitter_card":"summary_large_image","twitter_creator":"@LaGuiadPamplona","twitter_site":"@LaGuiadPamplona","twitter_misc":{"Escrito por":"La Gu\u00eda de Pamplona","Tiempo de lectura":"2 minutos"},"schema":{"@context":"https:\/\/schema.org","@graph":[{"@type":"Article","@id":"https:\/\/www.laguiadepamplona.com\/actualidad\/el-ayuntamiento-de-pamplona-pone-en-servicio-los-aseos-autolimpiables-instalados-en-el-parque-de-yamaguchi-y-en-etxabakoitz\/#article","isPartOf":{"@id":"https:\/\/www.laguiadepamplona.com\/actualidad\/el-ayuntamiento-de-pamplona-pone-en-servicio-los-aseos-autolimpiables-instalados-en-el-parque-de-yamaguchi-y-en-etxabakoitz\/"},"author":{"name":"La Gu\u00eda de Pamplona","@id":"https:\/\/www.laguiadepamplona.com\/actualidad\/#\/schema\/person\/efe887376f0213d4657c93adc50b1fdb"},"headline":"El Ayuntamiento de Pamplona pone en servicio los aseos autolimpiables instalados en el parque de Yamaguchi y en Etxabakoitz","datePublished":"2022-04-08T10:35:12+00:00","dateModified":"2023-04-11T09:48:19+00:00","mainEntityOfPage":{"@id":"https:\/\/www.laguiadepamplona.com\/actualidad\/el-ayuntamiento-de-pamplona-pone-en-servicio-los-aseos-autolimpiables-instalados-en-el-parque-de-yamaguchi-y-en-etxabakoitz\/"},"wordCount":344,"commentCount":0,"publisher":{"@id":"https:\/\/www.laguiadepamplona.com\/actualidad\/#organization"},"image":{"@id":"https:\/\/www.laguiadepamplona.com\/actualidad\/el-ayuntamiento-de-pamplona-pone-en-servicio-los-aseos-autolimpiables-instalados-en-el-parque-de-yamaguchi-y-en-etxabakoitz\/#primaryimage"},"thumbnailUrl":"https:\/\/www.laguiadepamplona.com\/actualidad\/wp-content\/uploads\/2021\/09\/banos-publicos-aseos-autolimpiables_0.jpg","articleSection":["Ayto Pamplona"],"inLanguage":"es","potentialAction":[{"@type":"CommentAction","name":"Comment","target":["https:\/\/www.laguiadepamplona.com\/actualidad\/el-ayuntamiento-de-pamplona-pone-en-servicio-los-aseos-autolimpiables-instalados-en-el-parque-de-yamaguchi-y-en-etxabakoitz\/#respond"]}]},{"@type":"WebPage","@id":"https:\/\/www.laguiadepamplona.com\/actualidad\/el-ayuntamiento-de-pamplona-pone-en-servicio-los-aseos-autolimpiables-instalados-en-el-parque-de-yamaguchi-y-en-etxabakoitz\/","url":"https:\/\/www.laguiadepamplona.com\/actualidad\/el-ayuntamiento-de-pamplona-pone-en-servicio-los-aseos-autolimpiables-instalados-en-el-parque-de-yamaguchi-y-en-etxabakoitz\/","name":"El Ayuntamiento de Pamplona pone en servicio los aseos autolimpiables instalados en el parque de Yamaguchi y en Etxabakoitz","isPartOf":{"@id":"https:\/\/www.laguiadepamplona.com\/actualidad\/#website"},"primaryImageOfPage":{"@id":"https:\/\/www.laguiadepamplona.com\/actualidad\/el-ayuntamiento-de-pamplona-pone-en-servicio-los-aseos-autolimpiables-instalados-en-el-parque-de-yamaguchi-y-en-etxabakoitz\/#primaryimage"},"image":{"@id":"https:\/\/www.laguiadepamplona.com\/actualidad\/el-ayuntamiento-de-pamplona-pone-en-servicio-los-aseos-autolimpiables-instalados-en-el-parque-de-yamaguchi-y-en-etxabakoitz\/#primaryimage"},"thumbnailUrl":"https:\/\/www.laguiadepamplona.com\/actualidad\/wp-content\/uploads\/2021\/09\/banos-publicos-aseos-autolimpiables_0.jpg","datePublished":"2022-04-08T10:35:12+00:00","dateModified":"2023-04-11T09:48:19+00:00","description":"A finales de este mes de abril, comenzar\u00e1n las obras para colocar un aseo autolimpiable en el parque del Orfe\u00f3n Pamplon\u00e9s","breadcrumb":{"@id":"https:\/\/www.laguiadepamplona.com\/actualidad\/el-ayuntamiento-de-pamplona-pone-en-servicio-los-aseos-autolimpiables-instalados-en-el-parque-de-yamaguchi-y-en-etxabakoitz\/#breadcrumb"},"inLanguage":"es","potentialAction":[{"@type":"ReadAction","target":["https:\/\/www.laguiadepamplona.com\/actualidad\/el-ayuntamiento-de-pamplona-pone-en-servicio-los-aseos-autolimpiables-instalados-en-el-parque-de-yamaguchi-y-en-etxabakoitz\/"]}]},{"@type":"ImageObject","inLanguage":"es","@id":"https:\/\/www.laguiadepamplona.com\/actualidad\/el-ayuntamiento-de-pamplona-pone-en-servicio-los-aseos-autolimpiables-instalados-en-el-parque-de-yamaguchi-y-en-etxabakoitz\/#primaryimage","url":"https:\/\/www.laguiadepamplona.com\/actualidad\/wp-content\/uploads\/2021\/09\/banos-publicos-aseos-autolimpiables_0.jpg","contentUrl":"https:\/\/www.laguiadepamplona.com\/actualidad\/wp-content\/uploads\/2021\/09\/banos-publicos-aseos-autolimpiables_0.jpg","width":1514,"height":1136,"caption":"aseos autolimpiables"},{"@type":"BreadcrumbList","@id":"https:\/\/www.laguiadepamplona.com\/actualidad\/el-ayuntamiento-de-pamplona-pone-en-servicio-los-aseos-autolimpiables-instalados-en-el-parque-de-yamaguchi-y-en-etxabakoitz\/#breadcrumb","itemListElement":[{"@type":"ListItem","position":1,"name":"Portada","item":"https:\/\/www.laguiadepamplona.com\/actualidad\/"},{"@type":"ListItem","position":2,"name":"El Ayuntamiento de Pamplona pone en servicio los aseos autolimpiables instalados en el parque de Yamaguchi y en Etxabakoitz"}]},{"@type":"WebSite","@id":"https:\/\/www.laguiadepamplona.com\/actualidad\/#website","url":"https:\/\/www.laguiadepamplona.com\/actualidad\/","name":"La gu\u00eda de Pamplona","description":"Noticias de Pamplona","publisher":{"@id":"https:\/\/www.laguiadepamplona.com\/actualidad\/#organization"},"potentialAction":[{"@type":"SearchAction","target":{"@type":"EntryPoint","urlTemplate":"https:\/\/www.laguiadepamplona.com\/actualidad\/?s={search_term_string}"},"query-input":{"@type":"PropertyValueSpecification","valueRequired":true,"valueName":"search_term_string"}}],"inLanguage":"es"},{"@type":"Organization","@id":"https:\/\/www.laguiadepamplona.com\/actualidad\/#organization","name":"La Gu\u00eda de Pamplona \/ Noticias","url":"https:\/\/www.laguiadepamplona.com\/actualidad\/","logo":{"@type":"ImageObject","inLanguage":"es","@id":"https:\/\/www.laguiadepamplona.com\/actualidad\/#\/schema\/logo\/image\/","url":"https:\/\/www.laguiadepamplona.com\/actualidad\/wp-content\/uploads\/2018\/11\/logo-laguiadepamplona18-web1.png","contentUrl":"https:\/\/www.laguiadepamplona.com\/actualidad\/wp-content\/uploads\/2018\/11\/logo-laguiadepamplona18-web1.png","width":600,"height":196,"caption":"La Gu\u00eda de Pamplona \/ Noticias"},"image":{"@id":"https:\/\/www.laguiadepamplona.com\/actualidad\/#\/schema\/logo\/image\/"},"sameAs":["https:\/\/www.facebook.com\/laguiadepamplonacom-133175176762273\/?ref=hl","https:\/\/x.com\/LaGuiadPamplona","https:\/\/www.instagram.com\/la_guia_de_pamplona\/","https:\/\/www.youtube.com\/user\/laguiadepamplona"]},{"@type":"Person","@id":"https:\/\/www.laguiadepamplona.com\/actualidad\/#\/schema\/person\/efe887376f0213d4657c93adc50b1fdb","name":"La Gu\u00eda de Pamplona","image":{"@type":"ImageObject","inLanguage":"es","@id":"https:\/\/secure.gravatar.com\/avatar\/b6992f131dc8d30ab0dff15446e9d346d9dbd95992de0fef795073f5ea83a81c?s=96&d=mm&r=g","url":"https:\/\/secure.gravatar.com\/avatar\/b6992f131dc8d30ab0dff15446e9d346d9dbd95992de0fef795073f5ea83a81c?s=96&d=mm&r=g","contentUrl":"https:\/\/secure.gravatar.com\/avatar\/b6992f131dc8d30ab0dff15446e9d346d9dbd95992de0fef795073f5ea83a81c?s=96&d=mm&r=g","caption":"La Gu\u00eda de Pamplona"}}]}},"post_mailing_queue_ids":[],"_links":{"self":[{"href":"https:\/\/www.laguiadepamplona.com\/actualidad\/wp-json\/wp\/v2\/posts\/39926","targetHints":{"allow":["GET"]}}],"collection":[{"href":"https:\/\/www.laguiadepamplona.com\/actualidad\/wp-json\/wp\/v2\/posts"}],"about":[{"href":"https:\/\/www.laguiadepamplona.com\/actualidad\/wp-json\/wp\/v2\/types\/post"}],"author":[{"embeddable":true,"href":"https:\/\/www.laguiadepamplona.com\/actualidad\/wp-json\/wp\/v2\/users\/1"}],"replies":[{"embeddable":true,"href":"https:\/\/www.laguiadepamplona.com\/actualidad\/wp-json\/wp\/v2\/comments?post=39926"}],"version-history":[{"count":0,"href":"https:\/\/www.laguiadepamplona.com\/actualidad\/wp-json\/wp\/v2\/posts\/39926\/revisions"}],"wp:featuredmedia":[{"embeddable":true,"href":"https:\/\/www.laguiadepamplona.com\/actualidad\/wp-json\/wp\/v2\/media\/36371"}],"wp:attachment":[{"href":"https:\/\/www.laguiadepamplona.com\/actualidad\/wp-json\/wp\/v2\/media?parent=39926"}],"wp:term":[{"taxonomy":"category","embeddable":true,"href":"https:\/\/www.laguiadepamplona.com\/actualidad\/wp-json\/wp\/v2\/categories?post=39926"},{"taxonomy":"post_tag","embeddable":true,"href":"https:\/\/www.laguiadepamplona.com\/actualidad\/wp-json\/wp\/v2\/tags?post=39926"}],"curies":[{"name":"wp","href":"https:\/\/api.w.org\/{rel}","templated":true}]}}