{"id":39900,"date":"2022-04-07T17:09:41","date_gmt":"2022-04-07T15:09:41","guid":{"rendered":"https:\/\/www.laguiadepamplona.com\/actualidad\/?p=39900"},"modified":"2023-04-11T11:48:19","modified_gmt":"2023-04-11T09:48:19","slug":"manana-viernes-tendra-lugar-el-traslado-de-la-dolorosa-desde-la-iglesia-de-san-lorenzo-a-la-catedral","status":"publish","type":"post","link":"https:\/\/www.laguiadepamplona.com\/actualidad\/manana-viernes-tendra-lugar-el-traslado-de-la-dolorosa-desde-la-iglesia-de-san-lorenzo-a-la-catedral\/","title":{"rendered":"Ma\u00f1ana viernes tendr\u00e1 lugar el traslado de La Dolorosa desde la iglesia de San Lorenzo a la Catedral"},"content":{"rendered":"<h5>Ser\u00e1 la primera aparici\u00f3n de la imagen de propiedad municipal restaurada en 2020, tras dos a\u00f1os de suspensi\u00f3n por la pandemia<\/h5>\n<p><!--more--><\/p>\n<p>Ma\u00f1ana viernes, a las 20.45 horas, tendr\u00e1 lugar el traslado de La Dolorosa desde la iglesia de San Lorenzo hasta la Catedral. Cofrades de la Hermandad de la Paz y la Caridad ser\u00e1n los encargados de portar el paso a trav\u00e9s de la calle Mayor, San Saturnino, Plaza Consistorial, Mercaderes y Curia.<br \/>\n<script async src=\"\/\/pagead2.googlesyndication.com\/pagead\/js\/adsbygoogle.js\"><\/script><br \/>\n<!-- Noticias La Guia de Pamplona --><br \/>\n<ins class=\"adsbygoogle\"\nstyle=\"display:block\"\ndata-ad-client=\"ca-pub-6943679897239327\"\ndata-ad-slot=\"7048180777\"\ndata-ad-format=\"auto\"><\/ins><br \/>\n<script>\n(adsbygoogle = window.adsbygoogle || []).push({});\n<\/script><\/p>\n<p>Una vez en la Catedral, la imagen quedar\u00e1 expuesta al p\u00fablico hasta su participaci\u00f3n en la Procesi\u00f3n del Santo Entierro, en la que se suma al cortejo de pasos que forman la comitiva. Al t\u00e9rmino de la procesi\u00f3n, a las 22.30 horas, La Dolorosa volver\u00e1 a la capilla de la Iglesia de San Lorenzo, el templo que alberga la imagen de Nuestra Se\u00f1ora de la Soledad durante el resto del a\u00f1o. En caso de que la procesi\u00f3n de Viernes Santo se suspenda por motivos de lluvia, la comitiva que retorna la imagen a San Lorenzo adelantar\u00e1 su salida a las 20.30 horas.<\/p>\n<p>El paso est\u00e1 compuesto por la imagen, las andas, y las torretas de velas recuperadas este a\u00f1o tras su restauraci\u00f3n. Para desplazar ese conjunto, de 1,2 toneladas, en estos momentos se relevan dos grupos de 32 personas, todos ellos de la Hermandad de la Paz y Caridad, una hermandad que cuenta con 240 hermanos y hermanas (un 24% de los miembros son mujeres). Inicialmente los equipos de portadores estaban compuestos por 24 personas, pero en 2010 se ampliaron los varales y se tuvo que incrementar el n\u00famero de portadores. Con una edad media de 46 a\u00f1os, cada uno de ellos soporta 38 kilos de carga durante los traslados del paso.<br \/>\n<script async src=\"\/\/pagead2.googlesyndication.com\/pagead\/js\/adsbygoogle.js\"><\/script><br \/>\n<!-- Noticias La Guia de Pamplona --><br \/>\n<ins class=\"adsbygoogle\"\nstyle=\"display:block\"\ndata-ad-client=\"ca-pub-6943679897239327\"\ndata-ad-slot=\"7048180777\"\ndata-ad-format=\"auto\"><\/ins><br \/>\n<script>\n(adsbygoogle = window.adsbygoogle || []).push({});\n<\/script><\/p>\n<p>La procesi\u00f3n de ma\u00f1ana estar\u00e1 encabezada por un cortejo de miembros distintas cofrad\u00edas y ni\u00f1os y antiguos portadores, adem\u00e1s de quienes forman el equipo de relevo, tras quienes se dispone la imagen realizada por Rosendo Nobas y Balb\u00e9 en 1883. Tras el paso estar\u00e1n presentes el p\u00e1rroco y clero de San Lorenzo, la Junta de la Hermandad de la Pasi\u00f3n, el alcalde de Pamplona, acompa\u00f1ado por el prior de la Hermandad de la Pasi\u00f3n y la concejala de Cultura e Igualdad, y los concejales que decidan acudir a t\u00edtulo personal. Cierra la comitiva la banda de m\u00fasica municipal La Pamplonesa.<\/p>\n<p>Ser\u00e1 la primera vez que la imagen desfile por las calles de la ciudad tras la restauraci\u00f3n integral llevada a cabo en 2020 por Artres Restauraci\u00f3n SL y despu\u00e9s de dos a\u00f1os de suspensi\u00f3n del acto por la pandemia de la COVID 19. Adem\u00e1s, el paso recupera este a\u00f1o los grandes candelabros de las esquinas retirados en 2016 y, la renovaci\u00f3n del sistema el\u00e9ctrico del paso por tecnolog\u00eda de iluminaci\u00f3n led, mejorar\u00e1 la apreciaci\u00f3n de la figura, su nueva toca y el manto bordado.<\/p>\n","protected":false},"excerpt":{"rendered":"<p>Ser\u00e1 la primera aparici\u00f3n de la imagen de propiedad municipal restaurada en 2020, tras dos a\u00f1os de suspensi\u00f3n por la pandemia<\/p>\n","protected":false},"author":1,"featured_media":12201,"comment_status":"open","ping_status":"closed","sticky":false,"template":"","format":"standard","meta":{"footnotes":""},"categories":[2],"tags":[],"class_list":["post-39900","post","type-post","status-publish","format-standard","has-post-thumbnail","hentry","category-ayuntamiento-pamplona"],"yoast_head":"<!-- This site is optimized with the Yoast SEO plugin v27.3 - https:\/\/yoast.com\/product\/yoast-seo-wordpress\/ -->\n<title>Ma\u00f1ana viernes tendr\u00e1 lugar el traslado de La Dolorosa desde la iglesia de San Lorenzo a la Catedral<\/title>\n<meta name=\"description\" content=\"Ser\u00e1 la primera aparici\u00f3n de la imagen de propiedad municipal restaurada en 2020, tras dos a\u00f1os de suspensi\u00f3n por la pandemia\" \/>\n<meta name=\"robots\" content=\"index, follow, max-snippet:-1, max-image-preview:large, max-video-preview:-1\" \/>\n<link rel=\"canonical\" href=\"https:\/\/www.laguiadepamplona.com\/actualidad\/manana-viernes-tendra-lugar-el-traslado-de-la-dolorosa-desde-la-iglesia-de-san-lorenzo-a-la-catedral\/\" \/>\n<meta property=\"og:locale\" content=\"es_ES\" \/>\n<meta property=\"og:type\" content=\"article\" \/>\n<meta property=\"og:title\" content=\"Ma\u00f1ana viernes tendr\u00e1 lugar el traslado de La Dolorosa desde la iglesia de San Lorenzo a la Catedral\" \/>\n<meta property=\"og:description\" content=\"Ser\u00e1 la primera aparici\u00f3n de la imagen de propiedad municipal restaurada en 2020, tras dos a\u00f1os de suspensi\u00f3n por la pandemia\" \/>\n<meta property=\"og:url\" content=\"https:\/\/www.laguiadepamplona.com\/actualidad\/manana-viernes-tendra-lugar-el-traslado-de-la-dolorosa-desde-la-iglesia-de-san-lorenzo-a-la-catedral\/\" \/>\n<meta property=\"og:site_name\" content=\"La Gu\u00eda de Pamplona\" \/>\n<meta property=\"article:publisher\" content=\"https:\/\/www.facebook.com\/laguiadepamplonacom-133175176762273\/?ref=hl\" \/>\n<meta property=\"article:published_time\" content=\"2022-04-07T15:09:41+00:00\" \/>\n<meta property=\"article:modified_time\" content=\"2023-04-11T09:48:19+00:00\" \/>\n<meta property=\"og:image\" content=\"https:\/\/www.laguiadepamplona.com\/actualidad\/wp-content\/uploads\/2017\/03\/la-dolorosa-pamplona.jpg\" \/>\n\t<meta property=\"og:image:width\" content=\"1024\" \/>\n\t<meta property=\"og:image:height\" content=\"683\" \/>\n\t<meta property=\"og:image:type\" content=\"image\/jpeg\" \/>\n<meta name=\"author\" content=\"La Gu\u00eda de Pamplona\" \/>\n<meta name=\"twitter:card\" content=\"summary_large_image\" \/>\n<meta name=\"twitter:creator\" content=\"@LaGuiadPamplona\" \/>\n<meta name=\"twitter:site\" content=\"@LaGuiadPamplona\" \/>\n<meta name=\"twitter:label1\" content=\"Escrito por\" \/>\n\t<meta name=\"twitter:data1\" content=\"La Gu\u00eda de Pamplona\" \/>\n\t<meta name=\"twitter:label2\" content=\"Tiempo de lectura\" \/>\n\t<meta name=\"twitter:data2\" content=\"3 minutos\" \/>\n<script type=\"application\/ld+json\" class=\"yoast-schema-graph\">{\"@context\":\"https:\\\/\\\/schema.org\",\"@graph\":[{\"@type\":\"Article\",\"@id\":\"https:\\\/\\\/www.laguiadepamplona.com\\\/actualidad\\\/manana-viernes-tendra-lugar-el-traslado-de-la-dolorosa-desde-la-iglesia-de-san-lorenzo-a-la-catedral\\\/#article\",\"isPartOf\":{\"@id\":\"https:\\\/\\\/www.laguiadepamplona.com\\\/actualidad\\\/manana-viernes-tendra-lugar-el-traslado-de-la-dolorosa-desde-la-iglesia-de-san-lorenzo-a-la-catedral\\\/\"},\"author\":{\"name\":\"La Gu\u00eda de Pamplona\",\"@id\":\"https:\\\/\\\/www.laguiadepamplona.com\\\/actualidad\\\/#\\\/schema\\\/person\\\/efe887376f0213d4657c93adc50b1fdb\"},\"headline\":\"Ma\u00f1ana viernes tendr\u00e1 lugar el traslado de La Dolorosa desde la iglesia de San Lorenzo a la Catedral\",\"datePublished\":\"2022-04-07T15:09:41+00:00\",\"dateModified\":\"2023-04-11T09:48:19+00:00\",\"mainEntityOfPage\":{\"@id\":\"https:\\\/\\\/www.laguiadepamplona.com\\\/actualidad\\\/manana-viernes-tendra-lugar-el-traslado-de-la-dolorosa-desde-la-iglesia-de-san-lorenzo-a-la-catedral\\\/\"},\"wordCount\":514,\"commentCount\":0,\"publisher\":{\"@id\":\"https:\\\/\\\/www.laguiadepamplona.com\\\/actualidad\\\/#organization\"},\"image\":{\"@id\":\"https:\\\/\\\/www.laguiadepamplona.com\\\/actualidad\\\/manana-viernes-tendra-lugar-el-traslado-de-la-dolorosa-desde-la-iglesia-de-san-lorenzo-a-la-catedral\\\/#primaryimage\"},\"thumbnailUrl\":\"https:\\\/\\\/www.laguiadepamplona.com\\\/actualidad\\\/wp-content\\\/uploads\\\/2017\\\/03\\\/la-dolorosa-pamplona.jpg\",\"articleSection\":[\"Ayto Pamplona\"],\"inLanguage\":\"es\",\"potentialAction\":[{\"@type\":\"CommentAction\",\"name\":\"Comment\",\"target\":[\"https:\\\/\\\/www.laguiadepamplona.com\\\/actualidad\\\/manana-viernes-tendra-lugar-el-traslado-de-la-dolorosa-desde-la-iglesia-de-san-lorenzo-a-la-catedral\\\/#respond\"]}]},{\"@type\":\"WebPage\",\"@id\":\"https:\\\/\\\/www.laguiadepamplona.com\\\/actualidad\\\/manana-viernes-tendra-lugar-el-traslado-de-la-dolorosa-desde-la-iglesia-de-san-lorenzo-a-la-catedral\\\/\",\"url\":\"https:\\\/\\\/www.laguiadepamplona.com\\\/actualidad\\\/manana-viernes-tendra-lugar-el-traslado-de-la-dolorosa-desde-la-iglesia-de-san-lorenzo-a-la-catedral\\\/\",\"name\":\"Ma\u00f1ana viernes tendr\u00e1 lugar el traslado de La Dolorosa desde la iglesia de San Lorenzo a la Catedral\",\"isPartOf\":{\"@id\":\"https:\\\/\\\/www.laguiadepamplona.com\\\/actualidad\\\/#website\"},\"primaryImageOfPage\":{\"@id\":\"https:\\\/\\\/www.laguiadepamplona.com\\\/actualidad\\\/manana-viernes-tendra-lugar-el-traslado-de-la-dolorosa-desde-la-iglesia-de-san-lorenzo-a-la-catedral\\\/#primaryimage\"},\"image\":{\"@id\":\"https:\\\/\\\/www.laguiadepamplona.com\\\/actualidad\\\/manana-viernes-tendra-lugar-el-traslado-de-la-dolorosa-desde-la-iglesia-de-san-lorenzo-a-la-catedral\\\/#primaryimage\"},\"thumbnailUrl\":\"https:\\\/\\\/www.laguiadepamplona.com\\\/actualidad\\\/wp-content\\\/uploads\\\/2017\\\/03\\\/la-dolorosa-pamplona.jpg\",\"datePublished\":\"2022-04-07T15:09:41+00:00\",\"dateModified\":\"2023-04-11T09:48:19+00:00\",\"description\":\"Ser\u00e1 la primera aparici\u00f3n de la imagen de propiedad municipal restaurada en 2020, tras dos a\u00f1os de suspensi\u00f3n por la pandemia\",\"breadcrumb\":{\"@id\":\"https:\\\/\\\/www.laguiadepamplona.com\\\/actualidad\\\/manana-viernes-tendra-lugar-el-traslado-de-la-dolorosa-desde-la-iglesia-de-san-lorenzo-a-la-catedral\\\/#breadcrumb\"},\"inLanguage\":\"es\",\"potentialAction\":[{\"@type\":\"ReadAction\",\"target\":[\"https:\\\/\\\/www.laguiadepamplona.com\\\/actualidad\\\/manana-viernes-tendra-lugar-el-traslado-de-la-dolorosa-desde-la-iglesia-de-san-lorenzo-a-la-catedral\\\/\"]}]},{\"@type\":\"ImageObject\",\"inLanguage\":\"es\",\"@id\":\"https:\\\/\\\/www.laguiadepamplona.com\\\/actualidad\\\/manana-viernes-tendra-lugar-el-traslado-de-la-dolorosa-desde-la-iglesia-de-san-lorenzo-a-la-catedral\\\/#primaryimage\",\"url\":\"https:\\\/\\\/www.laguiadepamplona.com\\\/actualidad\\\/wp-content\\\/uploads\\\/2017\\\/03\\\/la-dolorosa-pamplona.jpg\",\"contentUrl\":\"https:\\\/\\\/www.laguiadepamplona.com\\\/actualidad\\\/wp-content\\\/uploads\\\/2017\\\/03\\\/la-dolorosa-pamplona.jpg\",\"width\":1024,\"height\":683,\"caption\":\"la dolorosa pamplona\"},{\"@type\":\"BreadcrumbList\",\"@id\":\"https:\\\/\\\/www.laguiadepamplona.com\\\/actualidad\\\/manana-viernes-tendra-lugar-el-traslado-de-la-dolorosa-desde-la-iglesia-de-san-lorenzo-a-la-catedral\\\/#breadcrumb\",\"itemListElement\":[{\"@type\":\"ListItem\",\"position\":1,\"name\":\"Portada\",\"item\":\"https:\\\/\\\/www.laguiadepamplona.com\\\/actualidad\\\/\"},{\"@type\":\"ListItem\",\"position\":2,\"name\":\"Ma\u00f1ana viernes tendr\u00e1 lugar el traslado de La Dolorosa desde la iglesia de San Lorenzo a la Catedral\"}]},{\"@type\":\"WebSite\",\"@id\":\"https:\\\/\\\/www.laguiadepamplona.com\\\/actualidad\\\/#website\",\"url\":\"https:\\\/\\\/www.laguiadepamplona.com\\\/actualidad\\\/\",\"name\":\"La gu\u00eda de Pamplona\",\"description\":\"Noticias de Pamplona\",\"publisher\":{\"@id\":\"https:\\\/\\\/www.laguiadepamplona.com\\\/actualidad\\\/#organization\"},\"potentialAction\":[{\"@type\":\"SearchAction\",\"target\":{\"@type\":\"EntryPoint\",\"urlTemplate\":\"https:\\\/\\\/www.laguiadepamplona.com\\\/actualidad\\\/?s={search_term_string}\"},\"query-input\":{\"@type\":\"PropertyValueSpecification\",\"valueRequired\":true,\"valueName\":\"search_term_string\"}}],\"inLanguage\":\"es\"},{\"@type\":\"Organization\",\"@id\":\"https:\\\/\\\/www.laguiadepamplona.com\\\/actualidad\\\/#organization\",\"name\":\"La Gu\u00eda de Pamplona \\\/ Noticias\",\"url\":\"https:\\\/\\\/www.laguiadepamplona.com\\\/actualidad\\\/\",\"logo\":{\"@type\":\"ImageObject\",\"inLanguage\":\"es\",\"@id\":\"https:\\\/\\\/www.laguiadepamplona.com\\\/actualidad\\\/#\\\/schema\\\/logo\\\/image\\\/\",\"url\":\"https:\\\/\\\/www.laguiadepamplona.com\\\/actualidad\\\/wp-content\\\/uploads\\\/2018\\\/11\\\/logo-laguiadepamplona18-web1.png\",\"contentUrl\":\"https:\\\/\\\/www.laguiadepamplona.com\\\/actualidad\\\/wp-content\\\/uploads\\\/2018\\\/11\\\/logo-laguiadepamplona18-web1.png\",\"width\":600,\"height\":196,\"caption\":\"La Gu\u00eda de Pamplona \\\/ Noticias\"},\"image\":{\"@id\":\"https:\\\/\\\/www.laguiadepamplona.com\\\/actualidad\\\/#\\\/schema\\\/logo\\\/image\\\/\"},\"sameAs\":[\"https:\\\/\\\/www.facebook.com\\\/laguiadepamplonacom-133175176762273\\\/?ref=hl\",\"https:\\\/\\\/x.com\\\/LaGuiadPamplona\",\"https:\\\/\\\/www.instagram.com\\\/la_guia_de_pamplona\\\/\",\"https:\\\/\\\/www.youtube.com\\\/user\\\/laguiadepamplona\"]},{\"@type\":\"Person\",\"@id\":\"https:\\\/\\\/www.laguiadepamplona.com\\\/actualidad\\\/#\\\/schema\\\/person\\\/efe887376f0213d4657c93adc50b1fdb\",\"name\":\"La Gu\u00eda de Pamplona\",\"image\":{\"@type\":\"ImageObject\",\"inLanguage\":\"es\",\"@id\":\"https:\\\/\\\/secure.gravatar.com\\\/avatar\\\/b6992f131dc8d30ab0dff15446e9d346d9dbd95992de0fef795073f5ea83a81c?s=96&d=mm&r=g\",\"url\":\"https:\\\/\\\/secure.gravatar.com\\\/avatar\\\/b6992f131dc8d30ab0dff15446e9d346d9dbd95992de0fef795073f5ea83a81c?s=96&d=mm&r=g\",\"contentUrl\":\"https:\\\/\\\/secure.gravatar.com\\\/avatar\\\/b6992f131dc8d30ab0dff15446e9d346d9dbd95992de0fef795073f5ea83a81c?s=96&d=mm&r=g\",\"caption\":\"La Gu\u00eda de Pamplona\"}}]}<\/script>\n<!-- \/ Yoast SEO plugin. -->","yoast_head_json":{"title":"Ma\u00f1ana viernes tendr\u00e1 lugar el traslado de La Dolorosa desde la iglesia de San Lorenzo a la Catedral","description":"Ser\u00e1 la primera aparici\u00f3n de la imagen de propiedad municipal restaurada en 2020, tras dos a\u00f1os de suspensi\u00f3n por la pandemia","robots":{"index":"index","follow":"follow","max-snippet":"max-snippet:-1","max-image-preview":"max-image-preview:large","max-video-preview":"max-video-preview:-1"},"canonical":"https:\/\/www.laguiadepamplona.com\/actualidad\/manana-viernes-tendra-lugar-el-traslado-de-la-dolorosa-desde-la-iglesia-de-san-lorenzo-a-la-catedral\/","og_locale":"es_ES","og_type":"article","og_title":"Ma\u00f1ana viernes tendr\u00e1 lugar el traslado de La Dolorosa desde la iglesia de San Lorenzo a la Catedral","og_description":"Ser\u00e1 la primera aparici\u00f3n de la imagen de propiedad municipal restaurada en 2020, tras dos a\u00f1os de suspensi\u00f3n por la pandemia","og_url":"https:\/\/www.laguiadepamplona.com\/actualidad\/manana-viernes-tendra-lugar-el-traslado-de-la-dolorosa-desde-la-iglesia-de-san-lorenzo-a-la-catedral\/","og_site_name":"La Gu\u00eda de Pamplona","article_publisher":"https:\/\/www.facebook.com\/laguiadepamplonacom-133175176762273\/?ref=hl","article_published_time":"2022-04-07T15:09:41+00:00","article_modified_time":"2023-04-11T09:48:19+00:00","og_image":[{"width":1024,"height":683,"url":"https:\/\/www.laguiadepamplona.com\/actualidad\/wp-content\/uploads\/2017\/03\/la-dolorosa-pamplona.jpg","type":"image\/jpeg"}],"author":"La Gu\u00eda de Pamplona","twitter_card":"summary_large_image","twitter_creator":"@LaGuiadPamplona","twitter_site":"@LaGuiadPamplona","twitter_misc":{"Escrito por":"La Gu\u00eda de Pamplona","Tiempo de lectura":"3 minutos"},"schema":{"@context":"https:\/\/schema.org","@graph":[{"@type":"Article","@id":"https:\/\/www.laguiadepamplona.com\/actualidad\/manana-viernes-tendra-lugar-el-traslado-de-la-dolorosa-desde-la-iglesia-de-san-lorenzo-a-la-catedral\/#article","isPartOf":{"@id":"https:\/\/www.laguiadepamplona.com\/actualidad\/manana-viernes-tendra-lugar-el-traslado-de-la-dolorosa-desde-la-iglesia-de-san-lorenzo-a-la-catedral\/"},"author":{"name":"La Gu\u00eda de Pamplona","@id":"https:\/\/www.laguiadepamplona.com\/actualidad\/#\/schema\/person\/efe887376f0213d4657c93adc50b1fdb"},"headline":"Ma\u00f1ana viernes tendr\u00e1 lugar el traslado de La Dolorosa desde la iglesia de San Lorenzo a la Catedral","datePublished":"2022-04-07T15:09:41+00:00","dateModified":"2023-04-11T09:48:19+00:00","mainEntityOfPage":{"@id":"https:\/\/www.laguiadepamplona.com\/actualidad\/manana-viernes-tendra-lugar-el-traslado-de-la-dolorosa-desde-la-iglesia-de-san-lorenzo-a-la-catedral\/"},"wordCount":514,"commentCount":0,"publisher":{"@id":"https:\/\/www.laguiadepamplona.com\/actualidad\/#organization"},"image":{"@id":"https:\/\/www.laguiadepamplona.com\/actualidad\/manana-viernes-tendra-lugar-el-traslado-de-la-dolorosa-desde-la-iglesia-de-san-lorenzo-a-la-catedral\/#primaryimage"},"thumbnailUrl":"https:\/\/www.laguiadepamplona.com\/actualidad\/wp-content\/uploads\/2017\/03\/la-dolorosa-pamplona.jpg","articleSection":["Ayto Pamplona"],"inLanguage":"es","potentialAction":[{"@type":"CommentAction","name":"Comment","target":["https:\/\/www.laguiadepamplona.com\/actualidad\/manana-viernes-tendra-lugar-el-traslado-de-la-dolorosa-desde-la-iglesia-de-san-lorenzo-a-la-catedral\/#respond"]}]},{"@type":"WebPage","@id":"https:\/\/www.laguiadepamplona.com\/actualidad\/manana-viernes-tendra-lugar-el-traslado-de-la-dolorosa-desde-la-iglesia-de-san-lorenzo-a-la-catedral\/","url":"https:\/\/www.laguiadepamplona.com\/actualidad\/manana-viernes-tendra-lugar-el-traslado-de-la-dolorosa-desde-la-iglesia-de-san-lorenzo-a-la-catedral\/","name":"Ma\u00f1ana viernes tendr\u00e1 lugar el traslado de La Dolorosa desde la iglesia de San Lorenzo a la Catedral","isPartOf":{"@id":"https:\/\/www.laguiadepamplona.com\/actualidad\/#website"},"primaryImageOfPage":{"@id":"https:\/\/www.laguiadepamplona.com\/actualidad\/manana-viernes-tendra-lugar-el-traslado-de-la-dolorosa-desde-la-iglesia-de-san-lorenzo-a-la-catedral\/#primaryimage"},"image":{"@id":"https:\/\/www.laguiadepamplona.com\/actualidad\/manana-viernes-tendra-lugar-el-traslado-de-la-dolorosa-desde-la-iglesia-de-san-lorenzo-a-la-catedral\/#primaryimage"},"thumbnailUrl":"https:\/\/www.laguiadepamplona.com\/actualidad\/wp-content\/uploads\/2017\/03\/la-dolorosa-pamplona.jpg","datePublished":"2022-04-07T15:09:41+00:00","dateModified":"2023-04-11T09:48:19+00:00","description":"Ser\u00e1 la primera aparici\u00f3n de la imagen de propiedad municipal restaurada en 2020, tras dos a\u00f1os de suspensi\u00f3n por la pandemia","breadcrumb":{"@id":"https:\/\/www.laguiadepamplona.com\/actualidad\/manana-viernes-tendra-lugar-el-traslado-de-la-dolorosa-desde-la-iglesia-de-san-lorenzo-a-la-catedral\/#breadcrumb"},"inLanguage":"es","potentialAction":[{"@type":"ReadAction","target":["https:\/\/www.laguiadepamplona.com\/actualidad\/manana-viernes-tendra-lugar-el-traslado-de-la-dolorosa-desde-la-iglesia-de-san-lorenzo-a-la-catedral\/"]}]},{"@type":"ImageObject","inLanguage":"es","@id":"https:\/\/www.laguiadepamplona.com\/actualidad\/manana-viernes-tendra-lugar-el-traslado-de-la-dolorosa-desde-la-iglesia-de-san-lorenzo-a-la-catedral\/#primaryimage","url":"https:\/\/www.laguiadepamplona.com\/actualidad\/wp-content\/uploads\/2017\/03\/la-dolorosa-pamplona.jpg","contentUrl":"https:\/\/www.laguiadepamplona.com\/actualidad\/wp-content\/uploads\/2017\/03\/la-dolorosa-pamplona.jpg","width":1024,"height":683,"caption":"la dolorosa pamplona"},{"@type":"BreadcrumbList","@id":"https:\/\/www.laguiadepamplona.com\/actualidad\/manana-viernes-tendra-lugar-el-traslado-de-la-dolorosa-desde-la-iglesia-de-san-lorenzo-a-la-catedral\/#breadcrumb","itemListElement":[{"@type":"ListItem","position":1,"name":"Portada","item":"https:\/\/www.laguiadepamplona.com\/actualidad\/"},{"@type":"ListItem","position":2,"name":"Ma\u00f1ana viernes tendr\u00e1 lugar el traslado de La Dolorosa desde la iglesia de San Lorenzo a la Catedral"}]},{"@type":"WebSite","@id":"https:\/\/www.laguiadepamplona.com\/actualidad\/#website","url":"https:\/\/www.laguiadepamplona.com\/actualidad\/","name":"La gu\u00eda de Pamplona","description":"Noticias de Pamplona","publisher":{"@id":"https:\/\/www.laguiadepamplona.com\/actualidad\/#organization"},"potentialAction":[{"@type":"SearchAction","target":{"@type":"EntryPoint","urlTemplate":"https:\/\/www.laguiadepamplona.com\/actualidad\/?s={search_term_string}"},"query-input":{"@type":"PropertyValueSpecification","valueRequired":true,"valueName":"search_term_string"}}],"inLanguage":"es"},{"@type":"Organization","@id":"https:\/\/www.laguiadepamplona.com\/actualidad\/#organization","name":"La Gu\u00eda de Pamplona \/ Noticias","url":"https:\/\/www.laguiadepamplona.com\/actualidad\/","logo":{"@type":"ImageObject","inLanguage":"es","@id":"https:\/\/www.laguiadepamplona.com\/actualidad\/#\/schema\/logo\/image\/","url":"https:\/\/www.laguiadepamplona.com\/actualidad\/wp-content\/uploads\/2018\/11\/logo-laguiadepamplona18-web1.png","contentUrl":"https:\/\/www.laguiadepamplona.com\/actualidad\/wp-content\/uploads\/2018\/11\/logo-laguiadepamplona18-web1.png","width":600,"height":196,"caption":"La Gu\u00eda de Pamplona \/ Noticias"},"image":{"@id":"https:\/\/www.laguiadepamplona.com\/actualidad\/#\/schema\/logo\/image\/"},"sameAs":["https:\/\/www.facebook.com\/laguiadepamplonacom-133175176762273\/?ref=hl","https:\/\/x.com\/LaGuiadPamplona","https:\/\/www.instagram.com\/la_guia_de_pamplona\/","https:\/\/www.youtube.com\/user\/laguiadepamplona"]},{"@type":"Person","@id":"https:\/\/www.laguiadepamplona.com\/actualidad\/#\/schema\/person\/efe887376f0213d4657c93adc50b1fdb","name":"La Gu\u00eda de Pamplona","image":{"@type":"ImageObject","inLanguage":"es","@id":"https:\/\/secure.gravatar.com\/avatar\/b6992f131dc8d30ab0dff15446e9d346d9dbd95992de0fef795073f5ea83a81c?s=96&d=mm&r=g","url":"https:\/\/secure.gravatar.com\/avatar\/b6992f131dc8d30ab0dff15446e9d346d9dbd95992de0fef795073f5ea83a81c?s=96&d=mm&r=g","contentUrl":"https:\/\/secure.gravatar.com\/avatar\/b6992f131dc8d30ab0dff15446e9d346d9dbd95992de0fef795073f5ea83a81c?s=96&d=mm&r=g","caption":"La Gu\u00eda de Pamplona"}}]}},"post_mailing_queue_ids":[],"_links":{"self":[{"href":"https:\/\/www.laguiadepamplona.com\/actualidad\/wp-json\/wp\/v2\/posts\/39900","targetHints":{"allow":["GET"]}}],"collection":[{"href":"https:\/\/www.laguiadepamplona.com\/actualidad\/wp-json\/wp\/v2\/posts"}],"about":[{"href":"https:\/\/www.laguiadepamplona.com\/actualidad\/wp-json\/wp\/v2\/types\/post"}],"author":[{"embeddable":true,"href":"https:\/\/www.laguiadepamplona.com\/actualidad\/wp-json\/wp\/v2\/users\/1"}],"replies":[{"embeddable":true,"href":"https:\/\/www.laguiadepamplona.com\/actualidad\/wp-json\/wp\/v2\/comments?post=39900"}],"version-history":[{"count":0,"href":"https:\/\/www.laguiadepamplona.com\/actualidad\/wp-json\/wp\/v2\/posts\/39900\/revisions"}],"wp:featuredmedia":[{"embeddable":true,"href":"https:\/\/www.laguiadepamplona.com\/actualidad\/wp-json\/wp\/v2\/media\/12201"}],"wp:attachment":[{"href":"https:\/\/www.laguiadepamplona.com\/actualidad\/wp-json\/wp\/v2\/media?parent=39900"}],"wp:term":[{"taxonomy":"category","embeddable":true,"href":"https:\/\/www.laguiadepamplona.com\/actualidad\/wp-json\/wp\/v2\/categories?post=39900"},{"taxonomy":"post_tag","embeddable":true,"href":"https:\/\/www.laguiadepamplona.com\/actualidad\/wp-json\/wp\/v2\/tags?post=39900"}],"curies":[{"name":"wp","href":"https:\/\/api.w.org\/{rel}","templated":true}]}}