{"id":39898,"date":"2022-04-07T17:08:52","date_gmt":"2022-04-07T15:08:52","guid":{"rendered":"https:\/\/www.laguiadepamplona.com\/actualidad\/?p=39898"},"modified":"2023-04-11T11:48:19","modified_gmt":"2023-04-11T09:48:19","slug":"la-iglesia-de-los-padres-carmelitas-y-baluarte-escenarios-de-los-cuatro-conciertos-que-el-festival-de-musica-sacra-ofrece-en-los-proximos-cinco-dias","status":"publish","type":"post","link":"https:\/\/www.laguiadepamplona.com\/actualidad\/la-iglesia-de-los-padres-carmelitas-y-baluarte-escenarios-de-los-cuatro-conciertos-que-el-festival-de-musica-sacra-ofrece-en-los-proximos-cinco-dias\/","title":{"rendered":"La Iglesia de los Padres Carmelitas y Baluarte, escenarios de los cuatro conciertos que el Festival de M\u00fasica Sacra ofrece en los pr\u00f3ximos cinco d\u00edas"},"content":{"rendered":"<h5>Coral de C\u00e1mara de Pamplona, Nordic Voices, Federaci\u00f3n de Coros y Sinfonietta de Pamplona, y la formaci\u00f3n ofrecer\u00e1n recitales hasta el martes<\/h5>\n<p><!--more--><\/p>\n<p>El Festival de M\u00fasica Sacra de Pamplona ofrece hasta el pr\u00f3ximo martes cuatro conciertos que llevar\u00e1n la m\u00fasica de Coral de C\u00e1mara de Pamplona, Nordic Voices, Federaci\u00f3n de Coros y Sinfonietta de Pamplona al centro de la ciudad. El viernes y el s\u00e1bado la iglesia de los Padres Carmelitas, ubicada en el n\u00famero 72 de la calle Descalzos, acoger\u00e1 a partir de las ocho de la tarde los recitales \u2018Hispanica Versio\u2019, \u2018Lamentation-Consolation\u2019 con entrada gratuita hasta completar aforo. El domingo y el martes, a la misma hora, esta propuesta del Ayuntamiento de Pamplona se trasladar\u00e1 al Auditorio Baluarte con la puesta en escena de la \u2018Gran Miserere de Hilari\u00f3n Eslava\u2019 y \u2018Lacrimae Rerum\u2019.<br \/>\n<script async src=\"\/\/pagead2.googlesyndication.com\/pagead\/js\/adsbygoogle.js\"><\/script><br \/>\n<!-- Noticias La Guia de Pamplona --><br \/>\n<ins class=\"adsbygoogle\"\nstyle=\"display:block\"\ndata-ad-client=\"ca-pub-6943679897239327\"\ndata-ad-slot=\"7048180777\"\ndata-ad-format=\"auto\"><\/ins><br \/>\n<script>\n(adsbygoogle = window.adsbygoogle || []).push({});\n<\/script><\/p>\n<p>La Iglesia de los Padres Carmelitas acoger\u00e1 este viernes a las ocho de la tarde la \u2018Hispanica Versio\u2019 de la mano de la Coral de C\u00e1mara de Pamplona. Con David G\u00e1lvez al piano y en la direcci\u00f3n, esta propuesta traslada a los asistentes a 1903 cuando P\u00edo X impuso una vuelta al canto gregoriano y a los polifonistas cl\u00e1sicos en una clara reacci\u00f3n contra los elementos profanos que poblaban la m\u00fasica religiosa. Este impulso se materializ\u00f3 no s\u00f3lo en la transcripci\u00f3n y edici\u00f3n de estas piezas, sino tambi\u00e9n en nuevas composiciones modernas en \u2018stile antico\u2019. El programa que ahora se ofrece se compone de diez obras con versiones de Manuel de Falla, Tom\u00e1s Luis de Victoria o el propio David G\u00e1lvez.<\/p>\n<p>El s\u00e1bado, la Iglesia de los Padres Carmelitas acoger\u00e1 el estreno mundial de la obra \u2018Excpectans Expectavi\u2019, con la presencia de su compositor, David Bratlie. Se trata de uno de los compositores noruegos m\u00e1s prominentes en la actualidad, que compone habitualmente para grupos de c\u00e1mara, solistas, orquestas y m\u00fasica electroac\u00fastica. Ser\u00e1 interpretado por la formaci\u00f3n \u2018Nordic Voices\u2019, cuyos miembros est\u00e1n graduados en la \u2018Norwegian Academy of Music or the Opera Academy\u2019 en Oslo. Interpetan repertorios que van desde la m\u00fasica medieval hasta la m\u00fasica contempor\u00e1nea, explorando amplios espectros de la expresi\u00f3n musical, desde el canto llano hasta estrenos de obras que les componen por encargo. El programa, en esta ocasi\u00f3n, se divide en dos partes. La primera de ellas, \u2018Lamentation\u2019, se compone de cinco temas, y la segunda, \u2018Consolation\u2019, tiene un total de cinco.<br \/>\n<script async src=\"\/\/pagead2.googlesyndication.com\/pagead\/js\/adsbygoogle.js\"><\/script><br \/>\n<!-- Noticias La Guia de Pamplona --><br \/>\n<ins class=\"adsbygoogle\"\nstyle=\"display:block\"\ndata-ad-client=\"ca-pub-6943679897239327\"\ndata-ad-slot=\"7048180777\"\ndata-ad-format=\"auto\"><\/ins><br \/>\n<script>\n(adsbygoogle = window.adsbygoogle || []).push({});\n<\/script><\/p>\n<p><strong>Dos \u00faltimos conciertos en Baluarte<\/strong><\/p>\n<p>El Festival de M\u00fasica Sacra se cerrar\u00e1 con dos actuaciones en el Palacio de Congresos y Auditorio Baluarte el domingo y el martes. El domingo 10 de abril, a las 20 horas, la Federaci\u00f3n de Coros de Navarra interpretar\u00e1 el \u2018Gran Miserere\u2019 del compositor navarro Hilari\u00f3n Eslava, estrenado el 1837. La Federaci\u00f3n de Coros de Navarra contin\u00faa recuperando patrimonio cultural y musical y buscando esa conexi\u00f3n con el p\u00fablico mediante la m\u00fasica sinf\u00f3nico coral. En esta ocasi\u00f3n, el Coro Sinf\u00f3nico de la Federaci\u00f3n de Coros de Navarra y la Joven Orquesta de Pamplona estar\u00e1n acompa\u00f1ados de la soprano Cristina Sevillano, la alto Luc\u00eda G\u00f3mez, el tenor Jos\u00e9 Luis Sola y el bajo I\u00f1aki Fres\u00e1n. Las entradas se venden al precio de 10 euros en las taquillas de Baluarte y <a href=\"http:\/\/www.baluarte.com\" target=\"_blank\" rel=\"noopener\">www.baluarte.com<\/a>.<\/p>\n<p>El \u00faltimo concierto ser\u00e1 el 12 de abril, tambi\u00e9n a las 20 horas. Lo protagonizar\u00e1 la Sinfonietta de Pamplona, bajo el t\u00edtulo \u2018Lacrimae rerum\u2019. \u201cSunt lacrimae rerum et mentem mortalia tangent\u201d deriva del Libro I de la Eneida, del poeta romano Virgilio, que se podr\u00eda traducir como \u2018Hay l\u00e1grimas en el coraz\u00f3n de las cosas\u2019. Esta frase se acerca al concepto milenario de <em>anima mundo<\/em>, es decir, el alma del mundo, un sentido de melancol\u00eda po\u00e9tica como principal reacci\u00f3n emocional ante la vida. Contiene tanto el amor como la p\u00e9rdida; la vida y la muerte; la crucifixi\u00f3n y la resurrecci\u00f3n. Durante el concierto, con entradas al precio de 13 euros que se pueden adquirir en Baluarte y <a href=\"http:\/\/www.baluarte.com\" target=\"_blank\" rel=\"noopener\">www.baluarte.com<\/a>, se podr\u00e1n escuchar obras de L. Boccherini, J. Offenbach o J. Haydn.<\/p>\n","protected":false},"excerpt":{"rendered":"<p>Coral de C\u00e1mara de Pamplona, Nordic Voices, Federaci\u00f3n de Coros y Sinfonietta de Pamplona, y la formaci\u00f3n ofrecer\u00e1n recitales hasta el martes<\/p>\n","protected":false},"author":1,"featured_media":33786,"comment_status":"open","ping_status":"closed","sticky":false,"template":"","format":"standard","meta":{"footnotes":""},"categories":[2],"tags":[],"class_list":["post-39898","post","type-post","status-publish","format-standard","has-post-thumbnail","hentry","category-ayuntamiento-pamplona"],"yoast_head":"<!-- This site is optimized with the Yoast SEO plugin v27.3 - https:\/\/yoast.com\/product\/yoast-seo-wordpress\/ -->\n<title>La Iglesia de los Padres Carmelitas y Baluarte, escenarios de los cuatro conciertos que el Festival de M\u00fasica Sacra ofrece en los pr\u00f3ximos cinco d\u00edas<\/title>\n<meta name=\"description\" content=\"Coral de C\u00e1mara de Pamplona, Nordic Voices, Federaci\u00f3n de Coros y Sinfonietta de Pamplona, y la formaci\u00f3n ofrecer\u00e1n recitales hasta el martes\" \/>\n<meta name=\"robots\" content=\"index, follow, max-snippet:-1, max-image-preview:large, max-video-preview:-1\" \/>\n<link rel=\"canonical\" href=\"https:\/\/www.laguiadepamplona.com\/actualidad\/la-iglesia-de-los-padres-carmelitas-y-baluarte-escenarios-de-los-cuatro-conciertos-que-el-festival-de-musica-sacra-ofrece-en-los-proximos-cinco-dias\/\" \/>\n<meta property=\"og:locale\" content=\"es_ES\" \/>\n<meta property=\"og:type\" content=\"article\" \/>\n<meta property=\"og:title\" content=\"La Iglesia de los Padres Carmelitas y Baluarte, escenarios de los cuatro conciertos que el Festival de M\u00fasica Sacra ofrece en los pr\u00f3ximos cinco d\u00edas\" \/>\n<meta property=\"og:description\" content=\"Coral de C\u00e1mara de Pamplona, Nordic Voices, Federaci\u00f3n de Coros y Sinfonietta de Pamplona, y la formaci\u00f3n ofrecer\u00e1n recitales hasta el martes\" \/>\n<meta property=\"og:url\" content=\"https:\/\/www.laguiadepamplona.com\/actualidad\/la-iglesia-de-los-padres-carmelitas-y-baluarte-escenarios-de-los-cuatro-conciertos-que-el-festival-de-musica-sacra-ofrece-en-los-proximos-cinco-dias\/\" \/>\n<meta property=\"og:site_name\" content=\"La Gu\u00eda de Pamplona\" \/>\n<meta property=\"article:publisher\" content=\"https:\/\/www.facebook.com\/laguiadepamplonacom-133175176762273\/?ref=hl\" \/>\n<meta property=\"article:published_time\" content=\"2022-04-07T15:08:52+00:00\" \/>\n<meta property=\"article:modified_time\" content=\"2023-04-11T09:48:19+00:00\" \/>\n<meta property=\"og:image\" content=\"https:\/\/www.laguiadepamplona.com\/actualidad\/wp-content\/uploads\/2021\/03\/festival-musica-sacra-web.jpg\" \/>\n\t<meta property=\"og:image:width\" content=\"1920\" \/>\n\t<meta property=\"og:image:height\" content=\"1060\" \/>\n\t<meta property=\"og:image:type\" content=\"image\/jpeg\" \/>\n<meta name=\"author\" content=\"La Gu\u00eda de Pamplona\" \/>\n<meta name=\"twitter:card\" content=\"summary_large_image\" \/>\n<meta name=\"twitter:creator\" content=\"@LaGuiadPamplona\" \/>\n<meta name=\"twitter:site\" content=\"@LaGuiadPamplona\" \/>\n<meta name=\"twitter:label1\" content=\"Escrito por\" \/>\n\t<meta name=\"twitter:data1\" content=\"La Gu\u00eda de Pamplona\" \/>\n\t<meta name=\"twitter:label2\" content=\"Tiempo de lectura\" \/>\n\t<meta name=\"twitter:data2\" content=\"4 minutos\" \/>\n<script type=\"application\/ld+json\" class=\"yoast-schema-graph\">{\"@context\":\"https:\\\/\\\/schema.org\",\"@graph\":[{\"@type\":\"Article\",\"@id\":\"https:\\\/\\\/www.laguiadepamplona.com\\\/actualidad\\\/la-iglesia-de-los-padres-carmelitas-y-baluarte-escenarios-de-los-cuatro-conciertos-que-el-festival-de-musica-sacra-ofrece-en-los-proximos-cinco-dias\\\/#article\",\"isPartOf\":{\"@id\":\"https:\\\/\\\/www.laguiadepamplona.com\\\/actualidad\\\/la-iglesia-de-los-padres-carmelitas-y-baluarte-escenarios-de-los-cuatro-conciertos-que-el-festival-de-musica-sacra-ofrece-en-los-proximos-cinco-dias\\\/\"},\"author\":{\"name\":\"La Gu\u00eda de Pamplona\",\"@id\":\"https:\\\/\\\/www.laguiadepamplona.com\\\/actualidad\\\/#\\\/schema\\\/person\\\/efe887376f0213d4657c93adc50b1fdb\"},\"headline\":\"La Iglesia de los Padres Carmelitas y Baluarte, escenarios de los cuatro conciertos que el Festival de M\u00fasica Sacra ofrece en los pr\u00f3ximos cinco d\u00edas\",\"datePublished\":\"2022-04-07T15:08:52+00:00\",\"dateModified\":\"2023-04-11T09:48:19+00:00\",\"mainEntityOfPage\":{\"@id\":\"https:\\\/\\\/www.laguiadepamplona.com\\\/actualidad\\\/la-iglesia-de-los-padres-carmelitas-y-baluarte-escenarios-de-los-cuatro-conciertos-que-el-festival-de-musica-sacra-ofrece-en-los-proximos-cinco-dias\\\/\"},\"wordCount\":746,\"commentCount\":0,\"publisher\":{\"@id\":\"https:\\\/\\\/www.laguiadepamplona.com\\\/actualidad\\\/#organization\"},\"image\":{\"@id\":\"https:\\\/\\\/www.laguiadepamplona.com\\\/actualidad\\\/la-iglesia-de-los-padres-carmelitas-y-baluarte-escenarios-de-los-cuatro-conciertos-que-el-festival-de-musica-sacra-ofrece-en-los-proximos-cinco-dias\\\/#primaryimage\"},\"thumbnailUrl\":\"https:\\\/\\\/www.laguiadepamplona.com\\\/actualidad\\\/wp-content\\\/uploads\\\/2021\\\/03\\\/festival-musica-sacra-web.jpg\",\"articleSection\":[\"Ayto Pamplona\"],\"inLanguage\":\"es\",\"potentialAction\":[{\"@type\":\"CommentAction\",\"name\":\"Comment\",\"target\":[\"https:\\\/\\\/www.laguiadepamplona.com\\\/actualidad\\\/la-iglesia-de-los-padres-carmelitas-y-baluarte-escenarios-de-los-cuatro-conciertos-que-el-festival-de-musica-sacra-ofrece-en-los-proximos-cinco-dias\\\/#respond\"]}]},{\"@type\":\"WebPage\",\"@id\":\"https:\\\/\\\/www.laguiadepamplona.com\\\/actualidad\\\/la-iglesia-de-los-padres-carmelitas-y-baluarte-escenarios-de-los-cuatro-conciertos-que-el-festival-de-musica-sacra-ofrece-en-los-proximos-cinco-dias\\\/\",\"url\":\"https:\\\/\\\/www.laguiadepamplona.com\\\/actualidad\\\/la-iglesia-de-los-padres-carmelitas-y-baluarte-escenarios-de-los-cuatro-conciertos-que-el-festival-de-musica-sacra-ofrece-en-los-proximos-cinco-dias\\\/\",\"name\":\"La Iglesia de los Padres Carmelitas y Baluarte, escenarios de los cuatro conciertos que el Festival de M\u00fasica Sacra ofrece en los pr\u00f3ximos cinco d\u00edas\",\"isPartOf\":{\"@id\":\"https:\\\/\\\/www.laguiadepamplona.com\\\/actualidad\\\/#website\"},\"primaryImageOfPage\":{\"@id\":\"https:\\\/\\\/www.laguiadepamplona.com\\\/actualidad\\\/la-iglesia-de-los-padres-carmelitas-y-baluarte-escenarios-de-los-cuatro-conciertos-que-el-festival-de-musica-sacra-ofrece-en-los-proximos-cinco-dias\\\/#primaryimage\"},\"image\":{\"@id\":\"https:\\\/\\\/www.laguiadepamplona.com\\\/actualidad\\\/la-iglesia-de-los-padres-carmelitas-y-baluarte-escenarios-de-los-cuatro-conciertos-que-el-festival-de-musica-sacra-ofrece-en-los-proximos-cinco-dias\\\/#primaryimage\"},\"thumbnailUrl\":\"https:\\\/\\\/www.laguiadepamplona.com\\\/actualidad\\\/wp-content\\\/uploads\\\/2021\\\/03\\\/festival-musica-sacra-web.jpg\",\"datePublished\":\"2022-04-07T15:08:52+00:00\",\"dateModified\":\"2023-04-11T09:48:19+00:00\",\"description\":\"Coral de C\u00e1mara de Pamplona, Nordic Voices, Federaci\u00f3n de Coros y Sinfonietta de Pamplona, y la formaci\u00f3n ofrecer\u00e1n recitales hasta el martes\",\"breadcrumb\":{\"@id\":\"https:\\\/\\\/www.laguiadepamplona.com\\\/actualidad\\\/la-iglesia-de-los-padres-carmelitas-y-baluarte-escenarios-de-los-cuatro-conciertos-que-el-festival-de-musica-sacra-ofrece-en-los-proximos-cinco-dias\\\/#breadcrumb\"},\"inLanguage\":\"es\",\"potentialAction\":[{\"@type\":\"ReadAction\",\"target\":[\"https:\\\/\\\/www.laguiadepamplona.com\\\/actualidad\\\/la-iglesia-de-los-padres-carmelitas-y-baluarte-escenarios-de-los-cuatro-conciertos-que-el-festival-de-musica-sacra-ofrece-en-los-proximos-cinco-dias\\\/\"]}]},{\"@type\":\"ImageObject\",\"inLanguage\":\"es\",\"@id\":\"https:\\\/\\\/www.laguiadepamplona.com\\\/actualidad\\\/la-iglesia-de-los-padres-carmelitas-y-baluarte-escenarios-de-los-cuatro-conciertos-que-el-festival-de-musica-sacra-ofrece-en-los-proximos-cinco-dias\\\/#primaryimage\",\"url\":\"https:\\\/\\\/www.laguiadepamplona.com\\\/actualidad\\\/wp-content\\\/uploads\\\/2021\\\/03\\\/festival-musica-sacra-web.jpg\",\"contentUrl\":\"https:\\\/\\\/www.laguiadepamplona.com\\\/actualidad\\\/wp-content\\\/uploads\\\/2021\\\/03\\\/festival-musica-sacra-web.jpg\",\"width\":1920,\"height\":1060},{\"@type\":\"BreadcrumbList\",\"@id\":\"https:\\\/\\\/www.laguiadepamplona.com\\\/actualidad\\\/la-iglesia-de-los-padres-carmelitas-y-baluarte-escenarios-de-los-cuatro-conciertos-que-el-festival-de-musica-sacra-ofrece-en-los-proximos-cinco-dias\\\/#breadcrumb\",\"itemListElement\":[{\"@type\":\"ListItem\",\"position\":1,\"name\":\"Portada\",\"item\":\"https:\\\/\\\/www.laguiadepamplona.com\\\/actualidad\\\/\"},{\"@type\":\"ListItem\",\"position\":2,\"name\":\"La Iglesia de los Padres Carmelitas y Baluarte, escenarios de los cuatro conciertos que el Festival de M\u00fasica Sacra ofrece en los pr\u00f3ximos cinco d\u00edas\"}]},{\"@type\":\"WebSite\",\"@id\":\"https:\\\/\\\/www.laguiadepamplona.com\\\/actualidad\\\/#website\",\"url\":\"https:\\\/\\\/www.laguiadepamplona.com\\\/actualidad\\\/\",\"name\":\"La gu\u00eda de Pamplona\",\"description\":\"Noticias de Pamplona\",\"publisher\":{\"@id\":\"https:\\\/\\\/www.laguiadepamplona.com\\\/actualidad\\\/#organization\"},\"potentialAction\":[{\"@type\":\"SearchAction\",\"target\":{\"@type\":\"EntryPoint\",\"urlTemplate\":\"https:\\\/\\\/www.laguiadepamplona.com\\\/actualidad\\\/?s={search_term_string}\"},\"query-input\":{\"@type\":\"PropertyValueSpecification\",\"valueRequired\":true,\"valueName\":\"search_term_string\"}}],\"inLanguage\":\"es\"},{\"@type\":\"Organization\",\"@id\":\"https:\\\/\\\/www.laguiadepamplona.com\\\/actualidad\\\/#organization\",\"name\":\"La Gu\u00eda de Pamplona \\\/ Noticias\",\"url\":\"https:\\\/\\\/www.laguiadepamplona.com\\\/actualidad\\\/\",\"logo\":{\"@type\":\"ImageObject\",\"inLanguage\":\"es\",\"@id\":\"https:\\\/\\\/www.laguiadepamplona.com\\\/actualidad\\\/#\\\/schema\\\/logo\\\/image\\\/\",\"url\":\"https:\\\/\\\/www.laguiadepamplona.com\\\/actualidad\\\/wp-content\\\/uploads\\\/2018\\\/11\\\/logo-laguiadepamplona18-web1.png\",\"contentUrl\":\"https:\\\/\\\/www.laguiadepamplona.com\\\/actualidad\\\/wp-content\\\/uploads\\\/2018\\\/11\\\/logo-laguiadepamplona18-web1.png\",\"width\":600,\"height\":196,\"caption\":\"La Gu\u00eda de Pamplona \\\/ Noticias\"},\"image\":{\"@id\":\"https:\\\/\\\/www.laguiadepamplona.com\\\/actualidad\\\/#\\\/schema\\\/logo\\\/image\\\/\"},\"sameAs\":[\"https:\\\/\\\/www.facebook.com\\\/laguiadepamplonacom-133175176762273\\\/?ref=hl\",\"https:\\\/\\\/x.com\\\/LaGuiadPamplona\",\"https:\\\/\\\/www.instagram.com\\\/la_guia_de_pamplona\\\/\",\"https:\\\/\\\/www.youtube.com\\\/user\\\/laguiadepamplona\"]},{\"@type\":\"Person\",\"@id\":\"https:\\\/\\\/www.laguiadepamplona.com\\\/actualidad\\\/#\\\/schema\\\/person\\\/efe887376f0213d4657c93adc50b1fdb\",\"name\":\"La Gu\u00eda de Pamplona\",\"image\":{\"@type\":\"ImageObject\",\"inLanguage\":\"es\",\"@id\":\"https:\\\/\\\/secure.gravatar.com\\\/avatar\\\/b6992f131dc8d30ab0dff15446e9d346d9dbd95992de0fef795073f5ea83a81c?s=96&d=mm&r=g\",\"url\":\"https:\\\/\\\/secure.gravatar.com\\\/avatar\\\/b6992f131dc8d30ab0dff15446e9d346d9dbd95992de0fef795073f5ea83a81c?s=96&d=mm&r=g\",\"contentUrl\":\"https:\\\/\\\/secure.gravatar.com\\\/avatar\\\/b6992f131dc8d30ab0dff15446e9d346d9dbd95992de0fef795073f5ea83a81c?s=96&d=mm&r=g\",\"caption\":\"La Gu\u00eda de Pamplona\"}}]}<\/script>\n<!-- \/ Yoast SEO plugin. -->","yoast_head_json":{"title":"La Iglesia de los Padres Carmelitas y Baluarte, escenarios de los cuatro conciertos que el Festival de M\u00fasica Sacra ofrece en los pr\u00f3ximos cinco d\u00edas","description":"Coral de C\u00e1mara de Pamplona, Nordic Voices, Federaci\u00f3n de Coros y Sinfonietta de Pamplona, y la formaci\u00f3n ofrecer\u00e1n recitales hasta el martes","robots":{"index":"index","follow":"follow","max-snippet":"max-snippet:-1","max-image-preview":"max-image-preview:large","max-video-preview":"max-video-preview:-1"},"canonical":"https:\/\/www.laguiadepamplona.com\/actualidad\/la-iglesia-de-los-padres-carmelitas-y-baluarte-escenarios-de-los-cuatro-conciertos-que-el-festival-de-musica-sacra-ofrece-en-los-proximos-cinco-dias\/","og_locale":"es_ES","og_type":"article","og_title":"La Iglesia de los Padres Carmelitas y Baluarte, escenarios de los cuatro conciertos que el Festival de M\u00fasica Sacra ofrece en los pr\u00f3ximos cinco d\u00edas","og_description":"Coral de C\u00e1mara de Pamplona, Nordic Voices, Federaci\u00f3n de Coros y Sinfonietta de Pamplona, y la formaci\u00f3n ofrecer\u00e1n recitales hasta el martes","og_url":"https:\/\/www.laguiadepamplona.com\/actualidad\/la-iglesia-de-los-padres-carmelitas-y-baluarte-escenarios-de-los-cuatro-conciertos-que-el-festival-de-musica-sacra-ofrece-en-los-proximos-cinco-dias\/","og_site_name":"La Gu\u00eda de Pamplona","article_publisher":"https:\/\/www.facebook.com\/laguiadepamplonacom-133175176762273\/?ref=hl","article_published_time":"2022-04-07T15:08:52+00:00","article_modified_time":"2023-04-11T09:48:19+00:00","og_image":[{"width":1920,"height":1060,"url":"https:\/\/www.laguiadepamplona.com\/actualidad\/wp-content\/uploads\/2021\/03\/festival-musica-sacra-web.jpg","type":"image\/jpeg"}],"author":"La Gu\u00eda de Pamplona","twitter_card":"summary_large_image","twitter_creator":"@LaGuiadPamplona","twitter_site":"@LaGuiadPamplona","twitter_misc":{"Escrito por":"La Gu\u00eda de Pamplona","Tiempo de lectura":"4 minutos"},"schema":{"@context":"https:\/\/schema.org","@graph":[{"@type":"Article","@id":"https:\/\/www.laguiadepamplona.com\/actualidad\/la-iglesia-de-los-padres-carmelitas-y-baluarte-escenarios-de-los-cuatro-conciertos-que-el-festival-de-musica-sacra-ofrece-en-los-proximos-cinco-dias\/#article","isPartOf":{"@id":"https:\/\/www.laguiadepamplona.com\/actualidad\/la-iglesia-de-los-padres-carmelitas-y-baluarte-escenarios-de-los-cuatro-conciertos-que-el-festival-de-musica-sacra-ofrece-en-los-proximos-cinco-dias\/"},"author":{"name":"La Gu\u00eda de Pamplona","@id":"https:\/\/www.laguiadepamplona.com\/actualidad\/#\/schema\/person\/efe887376f0213d4657c93adc50b1fdb"},"headline":"La Iglesia de los Padres Carmelitas y Baluarte, escenarios de los cuatro conciertos que el Festival de M\u00fasica Sacra ofrece en los pr\u00f3ximos cinco d\u00edas","datePublished":"2022-04-07T15:08:52+00:00","dateModified":"2023-04-11T09:48:19+00:00","mainEntityOfPage":{"@id":"https:\/\/www.laguiadepamplona.com\/actualidad\/la-iglesia-de-los-padres-carmelitas-y-baluarte-escenarios-de-los-cuatro-conciertos-que-el-festival-de-musica-sacra-ofrece-en-los-proximos-cinco-dias\/"},"wordCount":746,"commentCount":0,"publisher":{"@id":"https:\/\/www.laguiadepamplona.com\/actualidad\/#organization"},"image":{"@id":"https:\/\/www.laguiadepamplona.com\/actualidad\/la-iglesia-de-los-padres-carmelitas-y-baluarte-escenarios-de-los-cuatro-conciertos-que-el-festival-de-musica-sacra-ofrece-en-los-proximos-cinco-dias\/#primaryimage"},"thumbnailUrl":"https:\/\/www.laguiadepamplona.com\/actualidad\/wp-content\/uploads\/2021\/03\/festival-musica-sacra-web.jpg","articleSection":["Ayto Pamplona"],"inLanguage":"es","potentialAction":[{"@type":"CommentAction","name":"Comment","target":["https:\/\/www.laguiadepamplona.com\/actualidad\/la-iglesia-de-los-padres-carmelitas-y-baluarte-escenarios-de-los-cuatro-conciertos-que-el-festival-de-musica-sacra-ofrece-en-los-proximos-cinco-dias\/#respond"]}]},{"@type":"WebPage","@id":"https:\/\/www.laguiadepamplona.com\/actualidad\/la-iglesia-de-los-padres-carmelitas-y-baluarte-escenarios-de-los-cuatro-conciertos-que-el-festival-de-musica-sacra-ofrece-en-los-proximos-cinco-dias\/","url":"https:\/\/www.laguiadepamplona.com\/actualidad\/la-iglesia-de-los-padres-carmelitas-y-baluarte-escenarios-de-los-cuatro-conciertos-que-el-festival-de-musica-sacra-ofrece-en-los-proximos-cinco-dias\/","name":"La Iglesia de los Padres Carmelitas y Baluarte, escenarios de los cuatro conciertos que el Festival de M\u00fasica Sacra ofrece en los pr\u00f3ximos cinco d\u00edas","isPartOf":{"@id":"https:\/\/www.laguiadepamplona.com\/actualidad\/#website"},"primaryImageOfPage":{"@id":"https:\/\/www.laguiadepamplona.com\/actualidad\/la-iglesia-de-los-padres-carmelitas-y-baluarte-escenarios-de-los-cuatro-conciertos-que-el-festival-de-musica-sacra-ofrece-en-los-proximos-cinco-dias\/#primaryimage"},"image":{"@id":"https:\/\/www.laguiadepamplona.com\/actualidad\/la-iglesia-de-los-padres-carmelitas-y-baluarte-escenarios-de-los-cuatro-conciertos-que-el-festival-de-musica-sacra-ofrece-en-los-proximos-cinco-dias\/#primaryimage"},"thumbnailUrl":"https:\/\/www.laguiadepamplona.com\/actualidad\/wp-content\/uploads\/2021\/03\/festival-musica-sacra-web.jpg","datePublished":"2022-04-07T15:08:52+00:00","dateModified":"2023-04-11T09:48:19+00:00","description":"Coral de C\u00e1mara de Pamplona, Nordic Voices, Federaci\u00f3n de Coros y Sinfonietta de Pamplona, y la formaci\u00f3n ofrecer\u00e1n recitales hasta el martes","breadcrumb":{"@id":"https:\/\/www.laguiadepamplona.com\/actualidad\/la-iglesia-de-los-padres-carmelitas-y-baluarte-escenarios-de-los-cuatro-conciertos-que-el-festival-de-musica-sacra-ofrece-en-los-proximos-cinco-dias\/#breadcrumb"},"inLanguage":"es","potentialAction":[{"@type":"ReadAction","target":["https:\/\/www.laguiadepamplona.com\/actualidad\/la-iglesia-de-los-padres-carmelitas-y-baluarte-escenarios-de-los-cuatro-conciertos-que-el-festival-de-musica-sacra-ofrece-en-los-proximos-cinco-dias\/"]}]},{"@type":"ImageObject","inLanguage":"es","@id":"https:\/\/www.laguiadepamplona.com\/actualidad\/la-iglesia-de-los-padres-carmelitas-y-baluarte-escenarios-de-los-cuatro-conciertos-que-el-festival-de-musica-sacra-ofrece-en-los-proximos-cinco-dias\/#primaryimage","url":"https:\/\/www.laguiadepamplona.com\/actualidad\/wp-content\/uploads\/2021\/03\/festival-musica-sacra-web.jpg","contentUrl":"https:\/\/www.laguiadepamplona.com\/actualidad\/wp-content\/uploads\/2021\/03\/festival-musica-sacra-web.jpg","width":1920,"height":1060},{"@type":"BreadcrumbList","@id":"https:\/\/www.laguiadepamplona.com\/actualidad\/la-iglesia-de-los-padres-carmelitas-y-baluarte-escenarios-de-los-cuatro-conciertos-que-el-festival-de-musica-sacra-ofrece-en-los-proximos-cinco-dias\/#breadcrumb","itemListElement":[{"@type":"ListItem","position":1,"name":"Portada","item":"https:\/\/www.laguiadepamplona.com\/actualidad\/"},{"@type":"ListItem","position":2,"name":"La Iglesia de los Padres Carmelitas y Baluarte, escenarios de los cuatro conciertos que el Festival de M\u00fasica Sacra ofrece en los pr\u00f3ximos cinco d\u00edas"}]},{"@type":"WebSite","@id":"https:\/\/www.laguiadepamplona.com\/actualidad\/#website","url":"https:\/\/www.laguiadepamplona.com\/actualidad\/","name":"La gu\u00eda de Pamplona","description":"Noticias de Pamplona","publisher":{"@id":"https:\/\/www.laguiadepamplona.com\/actualidad\/#organization"},"potentialAction":[{"@type":"SearchAction","target":{"@type":"EntryPoint","urlTemplate":"https:\/\/www.laguiadepamplona.com\/actualidad\/?s={search_term_string}"},"query-input":{"@type":"PropertyValueSpecification","valueRequired":true,"valueName":"search_term_string"}}],"inLanguage":"es"},{"@type":"Organization","@id":"https:\/\/www.laguiadepamplona.com\/actualidad\/#organization","name":"La Gu\u00eda de Pamplona \/ Noticias","url":"https:\/\/www.laguiadepamplona.com\/actualidad\/","logo":{"@type":"ImageObject","inLanguage":"es","@id":"https:\/\/www.laguiadepamplona.com\/actualidad\/#\/schema\/logo\/image\/","url":"https:\/\/www.laguiadepamplona.com\/actualidad\/wp-content\/uploads\/2018\/11\/logo-laguiadepamplona18-web1.png","contentUrl":"https:\/\/www.laguiadepamplona.com\/actualidad\/wp-content\/uploads\/2018\/11\/logo-laguiadepamplona18-web1.png","width":600,"height":196,"caption":"La Gu\u00eda de Pamplona \/ Noticias"},"image":{"@id":"https:\/\/www.laguiadepamplona.com\/actualidad\/#\/schema\/logo\/image\/"},"sameAs":["https:\/\/www.facebook.com\/laguiadepamplonacom-133175176762273\/?ref=hl","https:\/\/x.com\/LaGuiadPamplona","https:\/\/www.instagram.com\/la_guia_de_pamplona\/","https:\/\/www.youtube.com\/user\/laguiadepamplona"]},{"@type":"Person","@id":"https:\/\/www.laguiadepamplona.com\/actualidad\/#\/schema\/person\/efe887376f0213d4657c93adc50b1fdb","name":"La Gu\u00eda de Pamplona","image":{"@type":"ImageObject","inLanguage":"es","@id":"https:\/\/secure.gravatar.com\/avatar\/b6992f131dc8d30ab0dff15446e9d346d9dbd95992de0fef795073f5ea83a81c?s=96&d=mm&r=g","url":"https:\/\/secure.gravatar.com\/avatar\/b6992f131dc8d30ab0dff15446e9d346d9dbd95992de0fef795073f5ea83a81c?s=96&d=mm&r=g","contentUrl":"https:\/\/secure.gravatar.com\/avatar\/b6992f131dc8d30ab0dff15446e9d346d9dbd95992de0fef795073f5ea83a81c?s=96&d=mm&r=g","caption":"La Gu\u00eda de Pamplona"}}]}},"post_mailing_queue_ids":[],"_links":{"self":[{"href":"https:\/\/www.laguiadepamplona.com\/actualidad\/wp-json\/wp\/v2\/posts\/39898","targetHints":{"allow":["GET"]}}],"collection":[{"href":"https:\/\/www.laguiadepamplona.com\/actualidad\/wp-json\/wp\/v2\/posts"}],"about":[{"href":"https:\/\/www.laguiadepamplona.com\/actualidad\/wp-json\/wp\/v2\/types\/post"}],"author":[{"embeddable":true,"href":"https:\/\/www.laguiadepamplona.com\/actualidad\/wp-json\/wp\/v2\/users\/1"}],"replies":[{"embeddable":true,"href":"https:\/\/www.laguiadepamplona.com\/actualidad\/wp-json\/wp\/v2\/comments?post=39898"}],"version-history":[{"count":0,"href":"https:\/\/www.laguiadepamplona.com\/actualidad\/wp-json\/wp\/v2\/posts\/39898\/revisions"}],"wp:featuredmedia":[{"embeddable":true,"href":"https:\/\/www.laguiadepamplona.com\/actualidad\/wp-json\/wp\/v2\/media\/33786"}],"wp:attachment":[{"href":"https:\/\/www.laguiadepamplona.com\/actualidad\/wp-json\/wp\/v2\/media?parent=39898"}],"wp:term":[{"taxonomy":"category","embeddable":true,"href":"https:\/\/www.laguiadepamplona.com\/actualidad\/wp-json\/wp\/v2\/categories?post=39898"},{"taxonomy":"post_tag","embeddable":true,"href":"https:\/\/www.laguiadepamplona.com\/actualidad\/wp-json\/wp\/v2\/tags?post=39898"}],"curies":[{"name":"wp","href":"https:\/\/api.w.org\/{rel}","templated":true}]}}