{"id":39896,"date":"2022-04-07T17:07:45","date_gmt":"2022-04-07T15:07:45","guid":{"rendered":"https:\/\/www.laguiadepamplona.com\/actualidad\/?p=39896"},"modified":"2023-04-11T11:48:19","modified_gmt":"2023-04-11T09:48:19","slug":"el-fortin-de-san-bartolome-abrira-sus-puertas-el-proximo-sabado-9-de-abril-por-las-vacaciones-de-semana-santa","status":"publish","type":"post","link":"https:\/\/www.laguiadepamplona.com\/actualidad\/el-fortin-de-san-bartolome-abrira-sus-puertas-el-proximo-sabado-9-de-abril-por-las-vacaciones-de-semana-santa\/","title":{"rendered":"El Fort\u00edn de San Bartolom\u00e9 abrir\u00e1 sus puertas el pr\u00f3ximo s\u00e1bado 9 de abril por las vacaciones de Semana Santa"},"content":{"rendered":"<h5>Las actividades de turismo de fortificaciones se suman a la oferta de la ciudad en las fechas festivas<\/h5>\n<p><!--more--><\/p>\n<p>El Fort\u00edn de San Bartolom\u00e9 abrir\u00e1 sus puertas el pr\u00f3ximo s\u00e1bado 9 de abril, aprovechando el tiempo disponible que habilitan las vacaciones de Semana Santa. Este centro de interpretaci\u00f3n de las fortificaciones de la ciudad ofrece de manera interactiva toda la informaci\u00f3n necesaria para conocer las murallas y los elementos que las integran y explica el estatus de \u2018Plaza fuerte\u2019 de la ciudad que ha influido enormemente en la evoluci\u00f3n y el estatus de Pamplona a lo largo de los siglos.<\/p>\n<p>Los contenidos se distribuyen en cuatro de las cinco casernas o b\u00f3vedas a prueba de bomba de este fuerte avanzado que, adem\u00e1s, se puede visitar por el inter\u00e9s de su configuraci\u00f3n: desde su patio de herradura hasta la subida a la pradera superior que domina, al otro lado del r\u00edo, la Magdalena. La visita tem\u00e1tica comienza con la proyecci\u00f3n de un v\u00eddeo de recreaci\u00f3n hist\u00f3rica de 10 minutos en el que se puede seguir la evoluci\u00f3n de las murallas desde la Edad Media hasta la actualidad. A partir de ah\u00ed, en los otros tres espacios expositivos se van analizando las estrategias defensivas y la evoluci\u00f3n del armamento en los sitios de las modernas ciudadelas; la influencia que el car\u00e1cter de \u2018Plaza fuerte\u2019 de Pamplona tuvo sobre la vida diaria de sus habitantes y c\u00f3mo, los avances que las diferentes escuelas europeas de fortificaci\u00f3n realizaron en Pamplona, \u2018viajaron\u2019 allende los mares, hasta el Cono Sur o Filipinas.<\/p>\n<p>El centro abrir\u00e1 del 9 al 24 de abril, de lunes a s\u00e1bado de 11 a 14. y de 16 a 19 horas y domingos por la ma\u00f1ana de 11 a 14 horas.<br \/>\n<script async src=\"\/\/pagead2.googlesyndication.com\/pagead\/js\/adsbygoogle.js\"><\/script><br \/>\n<!-- Noticias La Guia de Pamplona --><br \/>\n<ins class=\"adsbygoogle\"\nstyle=\"display:block\"\ndata-ad-client=\"ca-pub-6943679897239327\"\ndata-ad-slot=\"7048180777\"\ndata-ad-format=\"auto\"><\/ins><br \/>\n<script>\n(adsbygoogle = window.adsbygoogle || []).push({});\n<\/script><\/p>\n<p><strong>Escapar de una plaza Fuerte asediada gracias al m\u00f3vil<\/strong><\/p>\n<p>Adem\u00e1s, el Fort\u00edn de San Bartolom\u00e9, m\u00e1s concretamente el c\u00f3digo QR que se encuentra en el totem de se\u00f1alizaci\u00f3n en el exterior de la entrada, es el punto de inicio del <em>escape street<\/em> \u2018El bloqueo de Pamplona\u2019, un juego de ingenio interactivo de acertijos y pistas que se desarrolla a trav\u00e9s de tel\u00e9fono m\u00f3vil con conexi\u00f3n a Internet. Los \u00fanicos requisitos para jugar son mantener un correo electr\u00f3nico y tener activada la localizaci\u00f3n del dispositivo.<\/p>\n<p>El juego se basa en un acontecimiento hist\u00f3rico que se desarroll\u00f3 entre 1874 y 1875 entre carlistas y liberales y su objetivo es que quienes juegan consigan burlar el asedio al que se ve sometida la Plaza fuerte. El escape es un reto basado en desarrollos digitales como realidad aumentada, visita virtual 3D, videos y fotos 360 y geolocalizaci\u00f3n. Integra, adem\u00e1s, im\u00e1genes de drones, fotograf\u00edas antiguas e ilustraciones. Audios, videos, fotos y personajes permitir\u00e1n disfrutar de un recorrido tur\u00edstico-cultural a la historia de Pamplona, con importante componente l\u00fadico. El recorrido reproduce la ruta tur\u00edstica \u2018Pamplona es Murallas\u2019, un producto tur\u00edstico consolidado de la ciudad.<\/p>\n<p>Este reto es gratuito y est\u00e1 disponible todos los d\u00edas del a\u00f1o de forma libre. La propuesta, que se puede jugar en equipo y es apta para p\u00fablico mayor de 7 a\u00f1os acompa\u00f1ado, tiene una duraci\u00f3n aproximada de 90 minutos y est\u00e1 disponible tanto en castellano, como en euskera.<br \/>\n<script async src=\"\/\/pagead2.googlesyndication.com\/pagead\/js\/adsbygoogle.js\"><\/script><br \/>\n<!-- Noticias La Guia de Pamplona --><br \/>\n<ins class=\"adsbygoogle\"\nstyle=\"display:block\"\ndata-ad-client=\"ca-pub-6943679897239327\"\ndata-ad-slot=\"7048180777\"\ndata-ad-format=\"auto\"><\/ins><br \/>\n<script>\n(adsbygoogle = window.adsbygoogle || []).push({});\n<\/script><\/p>\n<p><strong>Otras propuestas para la Semana Santa<\/strong><\/p>\n<p>En Semana Santa las empresas de receptivo de Pamplona han preparado numerosas visitas guiadas y actividades. Entre ellas, visitas guiadas a Pamplona generales y tem\u00e1ticas, excursiones desde Pamplona a diferentes lugares tur\u00edsticos de Navarra como Olite, el Nacedero del Urederra, las Bardenas Reales o la Selva de Irati, adem\u00e1s de a otros destinos de comunidades lim\u00edtrofes. La gastronom\u00eda tambi\u00e9n tiene su hueco en esta oferta, con catas de vino y pinchos.<\/p>\n<p>Tambi\u00e9n se ha preparado desde el Ayuntamiento una yincana gratuita para los m\u00e1s peque\u00f1os sobre el Camino de Santiago, una actividad para realizar en familia y descubrir los sectores que alberga esta peregrinaci\u00f3n a su paso por Pamplona. Todas estas actividades tendr\u00e1n descuento con la <a href=\"https:\/\/www.pamplona.es\/turismo\/pic\" target=\"_blank\" rel=\"noopener\">Pamplona Iru\u00f1a Card<\/a>, la tarjeta tur\u00edstica con descuentos en la ciudad. La oferta completa est\u00e1 recogida en la web <a href=\"https:\/\/www.pamplona.es\/promocionesturismo\" target=\"_blank\" rel=\"noopener\">https:\/\/www.pamplona.es\/promocionesturismo<\/a>. Las entradas para las actividades se podr\u00e1n adquirir de forma online en <a href=\"https:\/\/ayuntamientopamplona.sacatuentrada.es\/\" target=\"_blank\" rel=\"noopener\">https:\/\/ayuntamientopamplona.sacatuentrada.es\/<\/a> o de manera presencial en la Oficina de Turismo de Pamplona.<\/p>\n<p>Esta oferta forma parte de la campa\u00f1a \u2018Di Pamplona y sonr\u00ede\u2019. Entre otras acciones de desarrollo se ha colocado un<em> photocall <\/em>en la Plaza Consistorial con la idea de que turistas y vecinos puedan hacerse fotos y, si lo desean, compartirlas con las redes sociales de Turismo en Twitter y Facebook: @VisitPamplona e Instagram @visit_pamplona.<\/p>\n","protected":false},"excerpt":{"rendered":"<p>Las actividades de turismo de fortificaciones se suman a la oferta de la ciudad en las fechas festivas<\/p>\n","protected":false},"author":1,"featured_media":31247,"comment_status":"open","ping_status":"closed","sticky":false,"template":"","format":"standard","meta":{"footnotes":""},"categories":[2],"tags":[],"class_list":["post-39896","post","type-post","status-publish","format-standard","has-post-thumbnail","hentry","category-ayuntamiento-pamplona"],"yoast_head":"<!-- This site is optimized with the Yoast SEO plugin v27.3 - https:\/\/yoast.com\/product\/yoast-seo-wordpress\/ -->\n<title>El Fort\u00edn de San Bartolom\u00e9 abrir\u00e1 sus puertas el pr\u00f3ximo s\u00e1bado 9 de abril por las vacaciones de Semana Santa<\/title>\n<meta name=\"description\" content=\"Las actividades de turismo de fortificaciones se suman a la oferta de la ciudad en las fechas festivas\" \/>\n<meta name=\"robots\" content=\"index, follow, max-snippet:-1, max-image-preview:large, max-video-preview:-1\" \/>\n<link rel=\"canonical\" href=\"https:\/\/www.laguiadepamplona.com\/actualidad\/el-fortin-de-san-bartolome-abrira-sus-puertas-el-proximo-sabado-9-de-abril-por-las-vacaciones-de-semana-santa\/\" \/>\n<meta property=\"og:locale\" content=\"es_ES\" \/>\n<meta property=\"og:type\" content=\"article\" \/>\n<meta property=\"og:title\" content=\"El Fort\u00edn de San Bartolom\u00e9 abrir\u00e1 sus puertas el pr\u00f3ximo s\u00e1bado 9 de abril por las vacaciones de Semana Santa\" \/>\n<meta property=\"og:description\" content=\"Las actividades de turismo de fortificaciones se suman a la oferta de la ciudad en las fechas festivas\" \/>\n<meta property=\"og:url\" content=\"https:\/\/www.laguiadepamplona.com\/actualidad\/el-fortin-de-san-bartolome-abrira-sus-puertas-el-proximo-sabado-9-de-abril-por-las-vacaciones-de-semana-santa\/\" \/>\n<meta property=\"og:site_name\" content=\"La Gu\u00eda de Pamplona\" \/>\n<meta property=\"article:publisher\" content=\"https:\/\/www.facebook.com\/laguiadepamplonacom-133175176762273\/?ref=hl\" \/>\n<meta property=\"article:published_time\" content=\"2022-04-07T15:07:45+00:00\" \/>\n<meta property=\"article:modified_time\" content=\"2023-04-11T09:48:19+00:00\" \/>\n<meta property=\"og:image\" content=\"https:\/\/www.laguiadepamplona.com\/actualidad\/wp-content\/uploads\/2020\/08\/reapertura-fortin-san-bartolome1.jpg\" \/>\n\t<meta property=\"og:image:width\" content=\"1920\" \/>\n\t<meta property=\"og:image:height\" content=\"1280\" \/>\n\t<meta property=\"og:image:type\" content=\"image\/jpeg\" \/>\n<meta name=\"author\" content=\"La Gu\u00eda de Pamplona\" \/>\n<meta name=\"twitter:card\" content=\"summary_large_image\" \/>\n<meta name=\"twitter:creator\" content=\"@LaGuiadPamplona\" \/>\n<meta name=\"twitter:site\" content=\"@LaGuiadPamplona\" \/>\n<meta name=\"twitter:label1\" content=\"Escrito por\" \/>\n\t<meta name=\"twitter:data1\" content=\"La Gu\u00eda de Pamplona\" \/>\n\t<meta name=\"twitter:label2\" content=\"Tiempo de lectura\" \/>\n\t<meta name=\"twitter:data2\" content=\"4 minutos\" \/>\n<script type=\"application\/ld+json\" class=\"yoast-schema-graph\">{\"@context\":\"https:\\\/\\\/schema.org\",\"@graph\":[{\"@type\":\"Article\",\"@id\":\"https:\\\/\\\/www.laguiadepamplona.com\\\/actualidad\\\/el-fortin-de-san-bartolome-abrira-sus-puertas-el-proximo-sabado-9-de-abril-por-las-vacaciones-de-semana-santa\\\/#article\",\"isPartOf\":{\"@id\":\"https:\\\/\\\/www.laguiadepamplona.com\\\/actualidad\\\/el-fortin-de-san-bartolome-abrira-sus-puertas-el-proximo-sabado-9-de-abril-por-las-vacaciones-de-semana-santa\\\/\"},\"author\":{\"name\":\"La Gu\u00eda de Pamplona\",\"@id\":\"https:\\\/\\\/www.laguiadepamplona.com\\\/actualidad\\\/#\\\/schema\\\/person\\\/efe887376f0213d4657c93adc50b1fdb\"},\"headline\":\"El Fort\u00edn de San Bartolom\u00e9 abrir\u00e1 sus puertas el pr\u00f3ximo s\u00e1bado 9 de abril por las vacaciones de Semana Santa\",\"datePublished\":\"2022-04-07T15:07:45+00:00\",\"dateModified\":\"2023-04-11T09:48:19+00:00\",\"mainEntityOfPage\":{\"@id\":\"https:\\\/\\\/www.laguiadepamplona.com\\\/actualidad\\\/el-fortin-de-san-bartolome-abrira-sus-puertas-el-proximo-sabado-9-de-abril-por-las-vacaciones-de-semana-santa\\\/\"},\"wordCount\":829,\"commentCount\":0,\"publisher\":{\"@id\":\"https:\\\/\\\/www.laguiadepamplona.com\\\/actualidad\\\/#organization\"},\"image\":{\"@id\":\"https:\\\/\\\/www.laguiadepamplona.com\\\/actualidad\\\/el-fortin-de-san-bartolome-abrira-sus-puertas-el-proximo-sabado-9-de-abril-por-las-vacaciones-de-semana-santa\\\/#primaryimage\"},\"thumbnailUrl\":\"https:\\\/\\\/www.laguiadepamplona.com\\\/actualidad\\\/wp-content\\\/uploads\\\/2020\\\/08\\\/reapertura-fortin-san-bartolome1.jpg\",\"articleSection\":[\"Ayto Pamplona\"],\"inLanguage\":\"es\",\"potentialAction\":[{\"@type\":\"CommentAction\",\"name\":\"Comment\",\"target\":[\"https:\\\/\\\/www.laguiadepamplona.com\\\/actualidad\\\/el-fortin-de-san-bartolome-abrira-sus-puertas-el-proximo-sabado-9-de-abril-por-las-vacaciones-de-semana-santa\\\/#respond\"]}]},{\"@type\":\"WebPage\",\"@id\":\"https:\\\/\\\/www.laguiadepamplona.com\\\/actualidad\\\/el-fortin-de-san-bartolome-abrira-sus-puertas-el-proximo-sabado-9-de-abril-por-las-vacaciones-de-semana-santa\\\/\",\"url\":\"https:\\\/\\\/www.laguiadepamplona.com\\\/actualidad\\\/el-fortin-de-san-bartolome-abrira-sus-puertas-el-proximo-sabado-9-de-abril-por-las-vacaciones-de-semana-santa\\\/\",\"name\":\"El Fort\u00edn de San Bartolom\u00e9 abrir\u00e1 sus puertas el pr\u00f3ximo s\u00e1bado 9 de abril por las vacaciones de Semana Santa\",\"isPartOf\":{\"@id\":\"https:\\\/\\\/www.laguiadepamplona.com\\\/actualidad\\\/#website\"},\"primaryImageOfPage\":{\"@id\":\"https:\\\/\\\/www.laguiadepamplona.com\\\/actualidad\\\/el-fortin-de-san-bartolome-abrira-sus-puertas-el-proximo-sabado-9-de-abril-por-las-vacaciones-de-semana-santa\\\/#primaryimage\"},\"image\":{\"@id\":\"https:\\\/\\\/www.laguiadepamplona.com\\\/actualidad\\\/el-fortin-de-san-bartolome-abrira-sus-puertas-el-proximo-sabado-9-de-abril-por-las-vacaciones-de-semana-santa\\\/#primaryimage\"},\"thumbnailUrl\":\"https:\\\/\\\/www.laguiadepamplona.com\\\/actualidad\\\/wp-content\\\/uploads\\\/2020\\\/08\\\/reapertura-fortin-san-bartolome1.jpg\",\"datePublished\":\"2022-04-07T15:07:45+00:00\",\"dateModified\":\"2023-04-11T09:48:19+00:00\",\"description\":\"Las actividades de turismo de fortificaciones se suman a la oferta de la ciudad en las fechas festivas\",\"breadcrumb\":{\"@id\":\"https:\\\/\\\/www.laguiadepamplona.com\\\/actualidad\\\/el-fortin-de-san-bartolome-abrira-sus-puertas-el-proximo-sabado-9-de-abril-por-las-vacaciones-de-semana-santa\\\/#breadcrumb\"},\"inLanguage\":\"es\",\"potentialAction\":[{\"@type\":\"ReadAction\",\"target\":[\"https:\\\/\\\/www.laguiadepamplona.com\\\/actualidad\\\/el-fortin-de-san-bartolome-abrira-sus-puertas-el-proximo-sabado-9-de-abril-por-las-vacaciones-de-semana-santa\\\/\"]}]},{\"@type\":\"ImageObject\",\"inLanguage\":\"es\",\"@id\":\"https:\\\/\\\/www.laguiadepamplona.com\\\/actualidad\\\/el-fortin-de-san-bartolome-abrira-sus-puertas-el-proximo-sabado-9-de-abril-por-las-vacaciones-de-semana-santa\\\/#primaryimage\",\"url\":\"https:\\\/\\\/www.laguiadepamplona.com\\\/actualidad\\\/wp-content\\\/uploads\\\/2020\\\/08\\\/reapertura-fortin-san-bartolome1.jpg\",\"contentUrl\":\"https:\\\/\\\/www.laguiadepamplona.com\\\/actualidad\\\/wp-content\\\/uploads\\\/2020\\\/08\\\/reapertura-fortin-san-bartolome1.jpg\",\"width\":1920,\"height\":1280},{\"@type\":\"BreadcrumbList\",\"@id\":\"https:\\\/\\\/www.laguiadepamplona.com\\\/actualidad\\\/el-fortin-de-san-bartolome-abrira-sus-puertas-el-proximo-sabado-9-de-abril-por-las-vacaciones-de-semana-santa\\\/#breadcrumb\",\"itemListElement\":[{\"@type\":\"ListItem\",\"position\":1,\"name\":\"Portada\",\"item\":\"https:\\\/\\\/www.laguiadepamplona.com\\\/actualidad\\\/\"},{\"@type\":\"ListItem\",\"position\":2,\"name\":\"El Fort\u00edn de San Bartolom\u00e9 abrir\u00e1 sus puertas el pr\u00f3ximo s\u00e1bado 9 de abril por las vacaciones de Semana Santa\"}]},{\"@type\":\"WebSite\",\"@id\":\"https:\\\/\\\/www.laguiadepamplona.com\\\/actualidad\\\/#website\",\"url\":\"https:\\\/\\\/www.laguiadepamplona.com\\\/actualidad\\\/\",\"name\":\"La gu\u00eda de Pamplona\",\"description\":\"Noticias de Pamplona\",\"publisher\":{\"@id\":\"https:\\\/\\\/www.laguiadepamplona.com\\\/actualidad\\\/#organization\"},\"potentialAction\":[{\"@type\":\"SearchAction\",\"target\":{\"@type\":\"EntryPoint\",\"urlTemplate\":\"https:\\\/\\\/www.laguiadepamplona.com\\\/actualidad\\\/?s={search_term_string}\"},\"query-input\":{\"@type\":\"PropertyValueSpecification\",\"valueRequired\":true,\"valueName\":\"search_term_string\"}}],\"inLanguage\":\"es\"},{\"@type\":\"Organization\",\"@id\":\"https:\\\/\\\/www.laguiadepamplona.com\\\/actualidad\\\/#organization\",\"name\":\"La Gu\u00eda de Pamplona \\\/ Noticias\",\"url\":\"https:\\\/\\\/www.laguiadepamplona.com\\\/actualidad\\\/\",\"logo\":{\"@type\":\"ImageObject\",\"inLanguage\":\"es\",\"@id\":\"https:\\\/\\\/www.laguiadepamplona.com\\\/actualidad\\\/#\\\/schema\\\/logo\\\/image\\\/\",\"url\":\"https:\\\/\\\/www.laguiadepamplona.com\\\/actualidad\\\/wp-content\\\/uploads\\\/2018\\\/11\\\/logo-laguiadepamplona18-web1.png\",\"contentUrl\":\"https:\\\/\\\/www.laguiadepamplona.com\\\/actualidad\\\/wp-content\\\/uploads\\\/2018\\\/11\\\/logo-laguiadepamplona18-web1.png\",\"width\":600,\"height\":196,\"caption\":\"La Gu\u00eda de Pamplona \\\/ Noticias\"},\"image\":{\"@id\":\"https:\\\/\\\/www.laguiadepamplona.com\\\/actualidad\\\/#\\\/schema\\\/logo\\\/image\\\/\"},\"sameAs\":[\"https:\\\/\\\/www.facebook.com\\\/laguiadepamplonacom-133175176762273\\\/?ref=hl\",\"https:\\\/\\\/x.com\\\/LaGuiadPamplona\",\"https:\\\/\\\/www.instagram.com\\\/la_guia_de_pamplona\\\/\",\"https:\\\/\\\/www.youtube.com\\\/user\\\/laguiadepamplona\"]},{\"@type\":\"Person\",\"@id\":\"https:\\\/\\\/www.laguiadepamplona.com\\\/actualidad\\\/#\\\/schema\\\/person\\\/efe887376f0213d4657c93adc50b1fdb\",\"name\":\"La Gu\u00eda de Pamplona\",\"image\":{\"@type\":\"ImageObject\",\"inLanguage\":\"es\",\"@id\":\"https:\\\/\\\/secure.gravatar.com\\\/avatar\\\/b6992f131dc8d30ab0dff15446e9d346d9dbd95992de0fef795073f5ea83a81c?s=96&d=mm&r=g\",\"url\":\"https:\\\/\\\/secure.gravatar.com\\\/avatar\\\/b6992f131dc8d30ab0dff15446e9d346d9dbd95992de0fef795073f5ea83a81c?s=96&d=mm&r=g\",\"contentUrl\":\"https:\\\/\\\/secure.gravatar.com\\\/avatar\\\/b6992f131dc8d30ab0dff15446e9d346d9dbd95992de0fef795073f5ea83a81c?s=96&d=mm&r=g\",\"caption\":\"La Gu\u00eda de Pamplona\"}}]}<\/script>\n<!-- \/ Yoast SEO plugin. -->","yoast_head_json":{"title":"El Fort\u00edn de San Bartolom\u00e9 abrir\u00e1 sus puertas el pr\u00f3ximo s\u00e1bado 9 de abril por las vacaciones de Semana Santa","description":"Las actividades de turismo de fortificaciones se suman a la oferta de la ciudad en las fechas festivas","robots":{"index":"index","follow":"follow","max-snippet":"max-snippet:-1","max-image-preview":"max-image-preview:large","max-video-preview":"max-video-preview:-1"},"canonical":"https:\/\/www.laguiadepamplona.com\/actualidad\/el-fortin-de-san-bartolome-abrira-sus-puertas-el-proximo-sabado-9-de-abril-por-las-vacaciones-de-semana-santa\/","og_locale":"es_ES","og_type":"article","og_title":"El Fort\u00edn de San Bartolom\u00e9 abrir\u00e1 sus puertas el pr\u00f3ximo s\u00e1bado 9 de abril por las vacaciones de Semana Santa","og_description":"Las actividades de turismo de fortificaciones se suman a la oferta de la ciudad en las fechas festivas","og_url":"https:\/\/www.laguiadepamplona.com\/actualidad\/el-fortin-de-san-bartolome-abrira-sus-puertas-el-proximo-sabado-9-de-abril-por-las-vacaciones-de-semana-santa\/","og_site_name":"La Gu\u00eda de Pamplona","article_publisher":"https:\/\/www.facebook.com\/laguiadepamplonacom-133175176762273\/?ref=hl","article_published_time":"2022-04-07T15:07:45+00:00","article_modified_time":"2023-04-11T09:48:19+00:00","og_image":[{"width":1920,"height":1280,"url":"https:\/\/www.laguiadepamplona.com\/actualidad\/wp-content\/uploads\/2020\/08\/reapertura-fortin-san-bartolome1.jpg","type":"image\/jpeg"}],"author":"La Gu\u00eda de Pamplona","twitter_card":"summary_large_image","twitter_creator":"@LaGuiadPamplona","twitter_site":"@LaGuiadPamplona","twitter_misc":{"Escrito por":"La Gu\u00eda de Pamplona","Tiempo de lectura":"4 minutos"},"schema":{"@context":"https:\/\/schema.org","@graph":[{"@type":"Article","@id":"https:\/\/www.laguiadepamplona.com\/actualidad\/el-fortin-de-san-bartolome-abrira-sus-puertas-el-proximo-sabado-9-de-abril-por-las-vacaciones-de-semana-santa\/#article","isPartOf":{"@id":"https:\/\/www.laguiadepamplona.com\/actualidad\/el-fortin-de-san-bartolome-abrira-sus-puertas-el-proximo-sabado-9-de-abril-por-las-vacaciones-de-semana-santa\/"},"author":{"name":"La Gu\u00eda de Pamplona","@id":"https:\/\/www.laguiadepamplona.com\/actualidad\/#\/schema\/person\/efe887376f0213d4657c93adc50b1fdb"},"headline":"El Fort\u00edn de San Bartolom\u00e9 abrir\u00e1 sus puertas el pr\u00f3ximo s\u00e1bado 9 de abril por las vacaciones de Semana Santa","datePublished":"2022-04-07T15:07:45+00:00","dateModified":"2023-04-11T09:48:19+00:00","mainEntityOfPage":{"@id":"https:\/\/www.laguiadepamplona.com\/actualidad\/el-fortin-de-san-bartolome-abrira-sus-puertas-el-proximo-sabado-9-de-abril-por-las-vacaciones-de-semana-santa\/"},"wordCount":829,"commentCount":0,"publisher":{"@id":"https:\/\/www.laguiadepamplona.com\/actualidad\/#organization"},"image":{"@id":"https:\/\/www.laguiadepamplona.com\/actualidad\/el-fortin-de-san-bartolome-abrira-sus-puertas-el-proximo-sabado-9-de-abril-por-las-vacaciones-de-semana-santa\/#primaryimage"},"thumbnailUrl":"https:\/\/www.laguiadepamplona.com\/actualidad\/wp-content\/uploads\/2020\/08\/reapertura-fortin-san-bartolome1.jpg","articleSection":["Ayto Pamplona"],"inLanguage":"es","potentialAction":[{"@type":"CommentAction","name":"Comment","target":["https:\/\/www.laguiadepamplona.com\/actualidad\/el-fortin-de-san-bartolome-abrira-sus-puertas-el-proximo-sabado-9-de-abril-por-las-vacaciones-de-semana-santa\/#respond"]}]},{"@type":"WebPage","@id":"https:\/\/www.laguiadepamplona.com\/actualidad\/el-fortin-de-san-bartolome-abrira-sus-puertas-el-proximo-sabado-9-de-abril-por-las-vacaciones-de-semana-santa\/","url":"https:\/\/www.laguiadepamplona.com\/actualidad\/el-fortin-de-san-bartolome-abrira-sus-puertas-el-proximo-sabado-9-de-abril-por-las-vacaciones-de-semana-santa\/","name":"El Fort\u00edn de San Bartolom\u00e9 abrir\u00e1 sus puertas el pr\u00f3ximo s\u00e1bado 9 de abril por las vacaciones de Semana Santa","isPartOf":{"@id":"https:\/\/www.laguiadepamplona.com\/actualidad\/#website"},"primaryImageOfPage":{"@id":"https:\/\/www.laguiadepamplona.com\/actualidad\/el-fortin-de-san-bartolome-abrira-sus-puertas-el-proximo-sabado-9-de-abril-por-las-vacaciones-de-semana-santa\/#primaryimage"},"image":{"@id":"https:\/\/www.laguiadepamplona.com\/actualidad\/el-fortin-de-san-bartolome-abrira-sus-puertas-el-proximo-sabado-9-de-abril-por-las-vacaciones-de-semana-santa\/#primaryimage"},"thumbnailUrl":"https:\/\/www.laguiadepamplona.com\/actualidad\/wp-content\/uploads\/2020\/08\/reapertura-fortin-san-bartolome1.jpg","datePublished":"2022-04-07T15:07:45+00:00","dateModified":"2023-04-11T09:48:19+00:00","description":"Las actividades de turismo de fortificaciones se suman a la oferta de la ciudad en las fechas festivas","breadcrumb":{"@id":"https:\/\/www.laguiadepamplona.com\/actualidad\/el-fortin-de-san-bartolome-abrira-sus-puertas-el-proximo-sabado-9-de-abril-por-las-vacaciones-de-semana-santa\/#breadcrumb"},"inLanguage":"es","potentialAction":[{"@type":"ReadAction","target":["https:\/\/www.laguiadepamplona.com\/actualidad\/el-fortin-de-san-bartolome-abrira-sus-puertas-el-proximo-sabado-9-de-abril-por-las-vacaciones-de-semana-santa\/"]}]},{"@type":"ImageObject","inLanguage":"es","@id":"https:\/\/www.laguiadepamplona.com\/actualidad\/el-fortin-de-san-bartolome-abrira-sus-puertas-el-proximo-sabado-9-de-abril-por-las-vacaciones-de-semana-santa\/#primaryimage","url":"https:\/\/www.laguiadepamplona.com\/actualidad\/wp-content\/uploads\/2020\/08\/reapertura-fortin-san-bartolome1.jpg","contentUrl":"https:\/\/www.laguiadepamplona.com\/actualidad\/wp-content\/uploads\/2020\/08\/reapertura-fortin-san-bartolome1.jpg","width":1920,"height":1280},{"@type":"BreadcrumbList","@id":"https:\/\/www.laguiadepamplona.com\/actualidad\/el-fortin-de-san-bartolome-abrira-sus-puertas-el-proximo-sabado-9-de-abril-por-las-vacaciones-de-semana-santa\/#breadcrumb","itemListElement":[{"@type":"ListItem","position":1,"name":"Portada","item":"https:\/\/www.laguiadepamplona.com\/actualidad\/"},{"@type":"ListItem","position":2,"name":"El Fort\u00edn de San Bartolom\u00e9 abrir\u00e1 sus puertas el pr\u00f3ximo s\u00e1bado 9 de abril por las vacaciones de Semana Santa"}]},{"@type":"WebSite","@id":"https:\/\/www.laguiadepamplona.com\/actualidad\/#website","url":"https:\/\/www.laguiadepamplona.com\/actualidad\/","name":"La gu\u00eda de Pamplona","description":"Noticias de Pamplona","publisher":{"@id":"https:\/\/www.laguiadepamplona.com\/actualidad\/#organization"},"potentialAction":[{"@type":"SearchAction","target":{"@type":"EntryPoint","urlTemplate":"https:\/\/www.laguiadepamplona.com\/actualidad\/?s={search_term_string}"},"query-input":{"@type":"PropertyValueSpecification","valueRequired":true,"valueName":"search_term_string"}}],"inLanguage":"es"},{"@type":"Organization","@id":"https:\/\/www.laguiadepamplona.com\/actualidad\/#organization","name":"La Gu\u00eda de Pamplona \/ Noticias","url":"https:\/\/www.laguiadepamplona.com\/actualidad\/","logo":{"@type":"ImageObject","inLanguage":"es","@id":"https:\/\/www.laguiadepamplona.com\/actualidad\/#\/schema\/logo\/image\/","url":"https:\/\/www.laguiadepamplona.com\/actualidad\/wp-content\/uploads\/2018\/11\/logo-laguiadepamplona18-web1.png","contentUrl":"https:\/\/www.laguiadepamplona.com\/actualidad\/wp-content\/uploads\/2018\/11\/logo-laguiadepamplona18-web1.png","width":600,"height":196,"caption":"La Gu\u00eda de Pamplona \/ Noticias"},"image":{"@id":"https:\/\/www.laguiadepamplona.com\/actualidad\/#\/schema\/logo\/image\/"},"sameAs":["https:\/\/www.facebook.com\/laguiadepamplonacom-133175176762273\/?ref=hl","https:\/\/x.com\/LaGuiadPamplona","https:\/\/www.instagram.com\/la_guia_de_pamplona\/","https:\/\/www.youtube.com\/user\/laguiadepamplona"]},{"@type":"Person","@id":"https:\/\/www.laguiadepamplona.com\/actualidad\/#\/schema\/person\/efe887376f0213d4657c93adc50b1fdb","name":"La Gu\u00eda de Pamplona","image":{"@type":"ImageObject","inLanguage":"es","@id":"https:\/\/secure.gravatar.com\/avatar\/b6992f131dc8d30ab0dff15446e9d346d9dbd95992de0fef795073f5ea83a81c?s=96&d=mm&r=g","url":"https:\/\/secure.gravatar.com\/avatar\/b6992f131dc8d30ab0dff15446e9d346d9dbd95992de0fef795073f5ea83a81c?s=96&d=mm&r=g","contentUrl":"https:\/\/secure.gravatar.com\/avatar\/b6992f131dc8d30ab0dff15446e9d346d9dbd95992de0fef795073f5ea83a81c?s=96&d=mm&r=g","caption":"La Gu\u00eda de Pamplona"}}]}},"post_mailing_queue_ids":[],"_links":{"self":[{"href":"https:\/\/www.laguiadepamplona.com\/actualidad\/wp-json\/wp\/v2\/posts\/39896","targetHints":{"allow":["GET"]}}],"collection":[{"href":"https:\/\/www.laguiadepamplona.com\/actualidad\/wp-json\/wp\/v2\/posts"}],"about":[{"href":"https:\/\/www.laguiadepamplona.com\/actualidad\/wp-json\/wp\/v2\/types\/post"}],"author":[{"embeddable":true,"href":"https:\/\/www.laguiadepamplona.com\/actualidad\/wp-json\/wp\/v2\/users\/1"}],"replies":[{"embeddable":true,"href":"https:\/\/www.laguiadepamplona.com\/actualidad\/wp-json\/wp\/v2\/comments?post=39896"}],"version-history":[{"count":0,"href":"https:\/\/www.laguiadepamplona.com\/actualidad\/wp-json\/wp\/v2\/posts\/39896\/revisions"}],"wp:featuredmedia":[{"embeddable":true,"href":"https:\/\/www.laguiadepamplona.com\/actualidad\/wp-json\/wp\/v2\/media\/31247"}],"wp:attachment":[{"href":"https:\/\/www.laguiadepamplona.com\/actualidad\/wp-json\/wp\/v2\/media?parent=39896"}],"wp:term":[{"taxonomy":"category","embeddable":true,"href":"https:\/\/www.laguiadepamplona.com\/actualidad\/wp-json\/wp\/v2\/categories?post=39896"},{"taxonomy":"post_tag","embeddable":true,"href":"https:\/\/www.laguiadepamplona.com\/actualidad\/wp-json\/wp\/v2\/tags?post=39896"}],"curies":[{"name":"wp","href":"https:\/\/api.w.org\/{rel}","templated":true}]}}