{"id":39892,"date":"2022-04-07T17:05:13","date_gmt":"2022-04-07T15:05:13","guid":{"rendered":"https:\/\/www.laguiadepamplona.com\/actualidad\/?p=39892"},"modified":"2023-04-11T11:48:19","modified_gmt":"2023-04-11T09:48:19","slug":"pamplona-completara-el-eje-ciclable-del-sur-de-la-ciudad-con-un-recorrido-de-17-kilometros-rodeando-la-upna-por-las-calles-tajonar-sadar-y-avenida-de-cataluna","status":"publish","type":"post","link":"https:\/\/www.laguiadepamplona.com\/actualidad\/pamplona-completara-el-eje-ciclable-del-sur-de-la-ciudad-con-un-recorrido-de-17-kilometros-rodeando-la-upna-por-las-calles-tajonar-sadar-y-avenida-de-cataluna\/","title":{"rendered":"Pamplona completar\u00e1 el eje ciclable del sur de la ciudad con un recorrido de 1,7 kil\u00f3metros rodeando la UPNA por las calles Tajonar, Sadar y avenida de Catalu\u00f1a"},"content":{"rendered":"<h5>Pr\u00f3ximamente, se acometer\u00e1 tambi\u00e9n la segunda fase de las actuaciones de mejora de la movilidad peatonal y ciclista en la calle Juli\u00e1n Gayarre<\/h5>\n<p><!--more--><\/p>\n<p>Pamplona ampliar\u00e1 su red ciclable en el sur de la ciudad y conectar\u00e1 con carril bici lugares con un tr\u00e1nsito importante de personas como la Universidad P\u00fablica de Navarra, el estadio de El Sadar y el Navarra Arena. El Ayuntamiento de Pamplona va a acometer en los pr\u00f3ximos meses las actuaciones necesarias para ampliar 1,7 kil\u00f3metros de la red ciclable con un nuevo tramo de carril bici que discurrir\u00e1 por la calle Tajonar, desde la rotonda con la avenida de Catalu\u00f1a hasta El Sario, que continuar\u00e1 por la calle Sadar y la avenida de Catalu\u00f1a hasta la rotonda con las calles Pablo Anto\u00f1ana y Fernando Remacha.<\/p>\n<p>La Junta de Movilidad reunida ayer conoci\u00f3 tambi\u00e9n los detalles de la segunda fase de las obras de mejora de la movilidad peatonal y ciclista en la calle Juli\u00e1n Gayarre. Con estos trabajos se concluir\u00e1n las actuaciones en esta v\u00eda, iniciadas en 2021, hasta su conexi\u00f3n con la avenida de Zaragoza. Ambos proyectos, entorno de la UPNA y Juli\u00e1n Gayarre, cuentan con financiaci\u00f3n europea a trav\u00e9s de los fondos Next Generation EU, en el marco del Plan de Recuperaci\u00f3n, Transformaci\u00f3n y Resiliencia (PRTR). El Ayuntamiento de Pamplona ha recibido 421.000 euros para estas actuaciones, que deben pasar el tr\u00e1mite de su aprobaci\u00f3n en Pleno esta tarde dentro una propuesta de modificaci\u00f3n al presupuesto de 2022.<\/p>\n<p>En concreto, los carriles bici de la calle Tajonar y de la calle Sadar cuentan con un presupuesto de 150.000 euros cada uno de ellos, mientras que los trabajos en la calle Juli\u00e1n Gayarre ascienden a 121.000 euros. El concejal delegado de Proyectos Estrat\u00e9gicos, Movilidad y Sostenibilidad, Ferm\u00edn Alonso, ha comentado en rueda de prensa que en los pr\u00f3ximos d\u00edas se licitar\u00e1n estas obras a trav\u00e9s del acuerdo marco de selecci\u00f3n de empresas para la ejecuci\u00f3n de obras de urbanismo t\u00e1ctico. Se prev\u00e9 que estas actuaciones, que se encuadran en la estrategia municipal de transici\u00f3n energ\u00e9tica y cambio clim\u00e1tico \u2018Go Green Pamplona\u2019, se puedan iniciar en mayo y se concluyan durante el verano.<br \/>\n<script async src=\"\/\/pagead2.googlesyndication.com\/pagead\/js\/adsbygoogle.js\"><\/script><br \/>\n<!-- Noticias La Guia de Pamplona --><br \/>\n<ins class=\"adsbygoogle\"\nstyle=\"display:block\"\ndata-ad-client=\"ca-pub-6943679897239327\"\ndata-ad-slot=\"7048180777\"\ndata-ad-format=\"auto\"><\/ins><br \/>\n<script>\n(adsbygoogle = window.adsbygoogle || []).push({});\n<\/script><\/p>\n<p><strong>Actuaci\u00f3n en las calles Tajonar y Sadar<\/strong><\/p>\n<p>La ampliaci\u00f3n de la red ciclable en el sur, con el nuevo tramo de 1,7 kil\u00f3metros que rodear\u00e1 el campus de la UPNA, discurrir\u00e1 por las calles Tajonar, Sadar y avenida de Cataluna. El carril bici de la calle Tajonar, desde la rotonda con la avenida de Catalu\u00f1a hasta El Sario, discurrir\u00e1 por el margen derecho del sentido hacia el centro de la ciudad. Tendr\u00e1 una dimensi\u00f3n de 3 metros de ancho m\u00e1s la banda de protecci\u00f3n. Al comienzo del tramo, en la rotonda de la avenida de Catalu\u00f1a, se mejorar\u00e1 la intersecci\u00f3n ciclista, se pavimentar\u00e1n y ampliar\u00e1n las aceras y se crear\u00e1 un nuevo paso ciclista de conexi\u00f3n con las v\u00edas ciclables ya existentes. A la altura de la entrada al estacionamiento del Rectorado, se crear\u00e1 un paso peatonal y ciclista para mejorar los accesos. En la rotonda de El Sario, se estrechar\u00e1 la calzada y se crear\u00e1 un paso peatonal y ciclista para permitir la conexi\u00f3n con el tramo de la calle Sadar y otro paso ciclista para conectar con el carril bici que se va a dise\u00f1ar hasta Mutilva.<\/p>\n<p>En la calle Sadar, el carril bici transcurre por el margen derecho en sentido oeste. Se construir\u00e1 sobre la banda de aparcamiento, con una dimensi\u00f3n de 2,50 m\u00e1s la banda de protecci\u00f3n. Se construir\u00e1n cinco paradas avanzadas para las villavesas, tanto en paradas ya existentes como en las que se habilitan en d\u00edas de partido o conciertos. Las rotondas de esa calle ver\u00e1n reducidas las anchuras de su calzada y se crear\u00e1 un nuevo paso ciclista a la altura del Navarra Arena y el estadio de El Sadar.<\/p>\n<p>En el tramo contiguo de la avenida de Catalu\u00f1a, el carril bici discurrir\u00e1 por el margen derecho en sentido norte y se construir\u00e1 tambi\u00e9n por la actual banda de aparcamiento, con las mismas dimensiones que el de la calle Sadar. Se generar\u00e1 una gran parada de 25 metros de longitud para las l\u00edneas de transporte urbano comarcal y tambi\u00e9n pasos ciclistas para conectar el carril bici con otras v\u00edas existentes, como la que llega desde la calle Pablo Anto\u00f1ana.<br \/>\n<script async src=\"\/\/pagead2.googlesyndication.com\/pagead\/js\/adsbygoogle.js\"><\/script><br \/>\n<!-- Noticias La Guia de Pamplona --><br \/>\n<ins class=\"adsbygoogle\"\nstyle=\"display:block\"\ndata-ad-client=\"ca-pub-6943679897239327\"\ndata-ad-slot=\"7048180777\"\ndata-ad-format=\"auto\"><\/ins><br \/>\n<script>\n(adsbygoogle = window.adsbygoogle || []).push({});\n<\/script><\/p>\n<p><strong>Concluir las actuaciones en la calle Juli\u00e1n Gayarre<\/strong><\/p>\n<p>El Ayuntamiento de Pamplona acometer\u00e1 tambi\u00e9n la segunda fase de los trabajos de mejora de la movilidad en la calle Juli\u00e1n Gayarre en el barrio de Milagrosa. El a\u00f1o pasado se ejecut\u00f3 la primera fase, comprendida entre las intersecciones con las calles Blas de la Serna y Guelbenzu. En este 2022 se finalizar\u00e1 la actuaci\u00f3n hasta la conexi\u00f3n con la avenida de Zaragoza. Ser\u00e1n 410 metros m\u00e1s de recorrido ciclista acondicionado, adem\u00e1s de mejoras en la movilidad peatonal, en las condiciones del Transporte Urbano Comarcal y en el calmado del tr\u00e1fico.<\/p>\n<p>A lo largo del recorrido, se eliminar\u00e1n los actuales separadores, que no cumplen la normativa, y se colocar\u00e1n otros de caucho, as\u00ed como bolardos. El carril bici, que se asfaltar\u00e1 completamente, cumplir\u00e1 las dimensiones de 2,50 metros de anchura con una banda de protecci\u00f3n de 0,50 metros. En el \u00faltimo tramo, cerca de la conexi\u00f3n con la avenida de Zaragoza, la banda de aparcamiento del margen derecho que actualmente est\u00e1 en bater\u00eda pasar\u00e1 a l\u00ednea.<\/p>\n<p>En la intersecci\u00f3n de las calles Juli\u00e1n Gayarre y Guelbenzu, se reformar\u00e1 la acera del margen izquierdo, eliminando las escaleras y mejorando su accesibilidad. En la intersecci\u00f3n con la calle Sang\u00fcesa, se ampliar\u00e1 la acera, se crear\u00e1 un paseo ciclista nuevo y se mejorar\u00e1n los pasos peatonales existentes. Dos grupos de contenedores se trasladar\u00e1n a la banda de aparcamiento de la calle Sang\u00fcesa. Por \u00faltimo, en esa misma calle Sang\u00fcesa se construir\u00e1 una parada avanzada para las villavesas, mejorando la accesibilidad de las personas usuarias del servicio y mejorando la velocidad comercial del transporte p\u00fablico.<br \/>\n<script async src=\"\/\/pagead2.googlesyndication.com\/pagead\/js\/adsbygoogle.js\"><\/script><br \/>\n<!-- Noticias La Guia de Pamplona --><br \/>\n<ins class=\"adsbygoogle\"\nstyle=\"display:block\"\ndata-ad-client=\"ca-pub-6943679897239327\"\ndata-ad-slot=\"7048180777\"\ndata-ad-format=\"auto\"><\/ins><br \/>\n<script>\n(adsbygoogle = window.adsbygoogle || []).push({});\n<\/script><\/p>\n<p><strong>Otras actuaciones de movilidad en el marco del Plan de Recuperaci\u00f3n, Transformaci\u00f3n y Resiliencia (PRTR)<\/strong><\/p>\n<p>A estos tramos de carril bici se suman otras actuaciones de movilidad que van a ser financiadas en Pamplona a trav\u00e9s de los fondos Next Generation EU, entre las que se incluyen otros proyectos de fomento de la movilidad activa y no contaminante que ya est\u00e1n en ejecuci\u00f3n como el eje sostenible de Labrit o han sido completados anteriormente como la transformaci\u00f3n de la Avda. de Bara\u00f1\u00e1in o la calle Bernardino Tirapu, as\u00ed como actuaciones de mejora peatonal, ascensor de Trinitarios, y aparcamientos disuasorios, que contribuyen al cambio de modelo de movilidad y a la transici\u00f3n energ\u00e9tica en nuestra ciudad.<\/p>\n<p>Igualmente, se van a financiar las actuaciones necesarias para gestionar una futura zona de bajas emisiones en Pamplona. Se trata de la instalaci\u00f3n de sensores y dispositivos de medici\u00f3n de par\u00e1metros de calidad del aire y de aforos de tr\u00e1fico en varias zonas de la ciudad para poder analizar y proponer posteriormente el \u00e1mbito y los criterios de aplicaci\u00f3n en esa futura zona de bajas emisiones. Esta soluci\u00f3n se implantar\u00e1 en Pamplona como cumplimiento a la obligaci\u00f3n legal que la Ley de Cambio Clim\u00e1tico y Transici\u00f3n Energ\u00e9tica establece para todas las ciudades espa\u00f1olas a partir de 50.000 habitantes, y con los criterios que se deriven del an\u00e1lisis.<\/p>\n","protected":false},"excerpt":{"rendered":"<p>Pr\u00f3ximamente, se acometer\u00e1 tambi\u00e9n la segunda fase de las actuaciones de mejora de la movilidad peatonal y ciclista en la calle Juli\u00e1n Gayarre<\/p>\n","protected":false},"author":1,"featured_media":39490,"comment_status":"open","ping_status":"closed","sticky":false,"template":"","format":"standard","meta":{"footnotes":""},"categories":[2],"tags":[],"class_list":["post-39892","post","type-post","status-publish","format-standard","has-post-thumbnail","hentry","category-ayuntamiento-pamplona"],"yoast_head":"<!-- This site is optimized with the Yoast SEO plugin v27.5 - https:\/\/yoast.com\/product\/yoast-seo-wordpress\/ -->\n<title>Pamplona completar\u00e1 el eje ciclable del sur de la ciudad con un recorrido de 1,7 kil\u00f3metros rodeando la UPNA por las calles Tajonar, Sadar y avenida de Catalu\u00f1a<\/title>\n<meta name=\"description\" content=\"Pr\u00f3ximamente, se acometer\u00e1 tambi\u00e9n la segunda fase de las actuaciones de mejora de la movilidad peatonal y ciclista en la calle Juli\u00e1n Gayarre\" \/>\n<meta name=\"robots\" content=\"index, follow, max-snippet:-1, max-image-preview:large, max-video-preview:-1\" \/>\n<link rel=\"canonical\" href=\"https:\/\/www.laguiadepamplona.com\/actualidad\/pamplona-completara-el-eje-ciclable-del-sur-de-la-ciudad-con-un-recorrido-de-17-kilometros-rodeando-la-upna-por-las-calles-tajonar-sadar-y-avenida-de-cataluna\/\" \/>\n<meta property=\"og:locale\" content=\"es_ES\" \/>\n<meta property=\"og:type\" content=\"article\" \/>\n<meta property=\"og:title\" content=\"Pamplona completar\u00e1 el eje ciclable del sur de la ciudad con un recorrido de 1,7 kil\u00f3metros rodeando la UPNA por las calles Tajonar, Sadar y avenida de Catalu\u00f1a\" \/>\n<meta property=\"og:description\" content=\"Pr\u00f3ximamente, se acometer\u00e1 tambi\u00e9n la segunda fase de las actuaciones de mejora de la movilidad peatonal y ciclista en la calle Juli\u00e1n Gayarre\" \/>\n<meta property=\"og:url\" content=\"https:\/\/www.laguiadepamplona.com\/actualidad\/pamplona-completara-el-eje-ciclable-del-sur-de-la-ciudad-con-un-recorrido-de-17-kilometros-rodeando-la-upna-por-las-calles-tajonar-sadar-y-avenida-de-cataluna\/\" \/>\n<meta property=\"og:site_name\" content=\"La Gu\u00eda de Pamplona\" \/>\n<meta property=\"article:publisher\" content=\"https:\/\/www.facebook.com\/laguiadepamplonacom-133175176762273\/?ref=hl\" \/>\n<meta property=\"article:published_time\" content=\"2022-04-07T15:05:13+00:00\" \/>\n<meta property=\"article:modified_time\" content=\"2023-04-11T09:48:19+00:00\" \/>\n<meta property=\"og:image\" content=\"https:\/\/www.laguiadepamplona.com\/actualidad\/wp-content\/uploads\/2022\/03\/CARRIL-BICI_LABRIT_MAGDALENA_TXANTREA_17032022_EE5A2494.jpg\" \/>\n\t<meta property=\"og:image:width\" content=\"1920\" \/>\n\t<meta property=\"og:image:height\" content=\"1280\" \/>\n\t<meta property=\"og:image:type\" content=\"image\/jpeg\" \/>\n<meta name=\"author\" content=\"La Gu\u00eda de Pamplona\" \/>\n<meta name=\"twitter:card\" content=\"summary_large_image\" \/>\n<meta name=\"twitter:creator\" content=\"@LaGuiadPamplona\" \/>\n<meta name=\"twitter:site\" content=\"@LaGuiadPamplona\" \/>\n<meta name=\"twitter:label1\" content=\"Escrito por\" \/>\n\t<meta name=\"twitter:data1\" content=\"La Gu\u00eda de Pamplona\" \/>\n\t<meta name=\"twitter:label2\" content=\"Tiempo de lectura\" \/>\n\t<meta name=\"twitter:data2\" content=\"6 minutos\" \/>\n<script type=\"application\/ld+json\" class=\"yoast-schema-graph\">{\"@context\":\"https:\\\/\\\/schema.org\",\"@graph\":[{\"@type\":\"Article\",\"@id\":\"https:\\\/\\\/www.laguiadepamplona.com\\\/actualidad\\\/pamplona-completara-el-eje-ciclable-del-sur-de-la-ciudad-con-un-recorrido-de-17-kilometros-rodeando-la-upna-por-las-calles-tajonar-sadar-y-avenida-de-cataluna\\\/#article\",\"isPartOf\":{\"@id\":\"https:\\\/\\\/www.laguiadepamplona.com\\\/actualidad\\\/pamplona-completara-el-eje-ciclable-del-sur-de-la-ciudad-con-un-recorrido-de-17-kilometros-rodeando-la-upna-por-las-calles-tajonar-sadar-y-avenida-de-cataluna\\\/\"},\"author\":{\"name\":\"La Gu\u00eda de Pamplona\",\"@id\":\"https:\\\/\\\/www.laguiadepamplona.com\\\/actualidad\\\/#\\\/schema\\\/person\\\/efe887376f0213d4657c93adc50b1fdb\"},\"headline\":\"Pamplona completar\u00e1 el eje ciclable del sur de la ciudad con un recorrido de 1,7 kil\u00f3metros rodeando la UPNA por las calles Tajonar, Sadar y avenida de Catalu\u00f1a\",\"datePublished\":\"2022-04-07T15:05:13+00:00\",\"dateModified\":\"2023-04-11T09:48:19+00:00\",\"mainEntityOfPage\":{\"@id\":\"https:\\\/\\\/www.laguiadepamplona.com\\\/actualidad\\\/pamplona-completara-el-eje-ciclable-del-sur-de-la-ciudad-con-un-recorrido-de-17-kilometros-rodeando-la-upna-por-las-calles-tajonar-sadar-y-avenida-de-cataluna\\\/\"},\"wordCount\":1327,\"commentCount\":0,\"publisher\":{\"@id\":\"https:\\\/\\\/www.laguiadepamplona.com\\\/actualidad\\\/#organization\"},\"image\":{\"@id\":\"https:\\\/\\\/www.laguiadepamplona.com\\\/actualidad\\\/pamplona-completara-el-eje-ciclable-del-sur-de-la-ciudad-con-un-recorrido-de-17-kilometros-rodeando-la-upna-por-las-calles-tajonar-sadar-y-avenida-de-cataluna\\\/#primaryimage\"},\"thumbnailUrl\":\"https:\\\/\\\/www.laguiadepamplona.com\\\/actualidad\\\/wp-content\\\/uploads\\\/2022\\\/03\\\/CARRIL-BICI_LABRIT_MAGDALENA_TXANTREA_17032022_EE5A2494.jpg\",\"articleSection\":[\"Ayto Pamplona\"],\"inLanguage\":\"es\",\"potentialAction\":[{\"@type\":\"CommentAction\",\"name\":\"Comment\",\"target\":[\"https:\\\/\\\/www.laguiadepamplona.com\\\/actualidad\\\/pamplona-completara-el-eje-ciclable-del-sur-de-la-ciudad-con-un-recorrido-de-17-kilometros-rodeando-la-upna-por-las-calles-tajonar-sadar-y-avenida-de-cataluna\\\/#respond\"]}]},{\"@type\":\"WebPage\",\"@id\":\"https:\\\/\\\/www.laguiadepamplona.com\\\/actualidad\\\/pamplona-completara-el-eje-ciclable-del-sur-de-la-ciudad-con-un-recorrido-de-17-kilometros-rodeando-la-upna-por-las-calles-tajonar-sadar-y-avenida-de-cataluna\\\/\",\"url\":\"https:\\\/\\\/www.laguiadepamplona.com\\\/actualidad\\\/pamplona-completara-el-eje-ciclable-del-sur-de-la-ciudad-con-un-recorrido-de-17-kilometros-rodeando-la-upna-por-las-calles-tajonar-sadar-y-avenida-de-cataluna\\\/\",\"name\":\"Pamplona completar\u00e1 el eje ciclable del sur de la ciudad con un recorrido de 1,7 kil\u00f3metros rodeando la UPNA por las calles Tajonar, Sadar y avenida de Catalu\u00f1a\",\"isPartOf\":{\"@id\":\"https:\\\/\\\/www.laguiadepamplona.com\\\/actualidad\\\/#website\"},\"primaryImageOfPage\":{\"@id\":\"https:\\\/\\\/www.laguiadepamplona.com\\\/actualidad\\\/pamplona-completara-el-eje-ciclable-del-sur-de-la-ciudad-con-un-recorrido-de-17-kilometros-rodeando-la-upna-por-las-calles-tajonar-sadar-y-avenida-de-cataluna\\\/#primaryimage\"},\"image\":{\"@id\":\"https:\\\/\\\/www.laguiadepamplona.com\\\/actualidad\\\/pamplona-completara-el-eje-ciclable-del-sur-de-la-ciudad-con-un-recorrido-de-17-kilometros-rodeando-la-upna-por-las-calles-tajonar-sadar-y-avenida-de-cataluna\\\/#primaryimage\"},\"thumbnailUrl\":\"https:\\\/\\\/www.laguiadepamplona.com\\\/actualidad\\\/wp-content\\\/uploads\\\/2022\\\/03\\\/CARRIL-BICI_LABRIT_MAGDALENA_TXANTREA_17032022_EE5A2494.jpg\",\"datePublished\":\"2022-04-07T15:05:13+00:00\",\"dateModified\":\"2023-04-11T09:48:19+00:00\",\"description\":\"Pr\u00f3ximamente, se acometer\u00e1 tambi\u00e9n la segunda fase de las actuaciones de mejora de la movilidad peatonal y ciclista en la calle Juli\u00e1n Gayarre\",\"breadcrumb\":{\"@id\":\"https:\\\/\\\/www.laguiadepamplona.com\\\/actualidad\\\/pamplona-completara-el-eje-ciclable-del-sur-de-la-ciudad-con-un-recorrido-de-17-kilometros-rodeando-la-upna-por-las-calles-tajonar-sadar-y-avenida-de-cataluna\\\/#breadcrumb\"},\"inLanguage\":\"es\",\"potentialAction\":[{\"@type\":\"ReadAction\",\"target\":[\"https:\\\/\\\/www.laguiadepamplona.com\\\/actualidad\\\/pamplona-completara-el-eje-ciclable-del-sur-de-la-ciudad-con-un-recorrido-de-17-kilometros-rodeando-la-upna-por-las-calles-tajonar-sadar-y-avenida-de-cataluna\\\/\"]}]},{\"@type\":\"ImageObject\",\"inLanguage\":\"es\",\"@id\":\"https:\\\/\\\/www.laguiadepamplona.com\\\/actualidad\\\/pamplona-completara-el-eje-ciclable-del-sur-de-la-ciudad-con-un-recorrido-de-17-kilometros-rodeando-la-upna-por-las-calles-tajonar-sadar-y-avenida-de-cataluna\\\/#primaryimage\",\"url\":\"https:\\\/\\\/www.laguiadepamplona.com\\\/actualidad\\\/wp-content\\\/uploads\\\/2022\\\/03\\\/CARRIL-BICI_LABRIT_MAGDALENA_TXANTREA_17032022_EE5A2494.jpg\",\"contentUrl\":\"https:\\\/\\\/www.laguiadepamplona.com\\\/actualidad\\\/wp-content\\\/uploads\\\/2022\\\/03\\\/CARRIL-BICI_LABRIT_MAGDALENA_TXANTREA_17032022_EE5A2494.jpg\",\"width\":1920,\"height\":1280},{\"@type\":\"BreadcrumbList\",\"@id\":\"https:\\\/\\\/www.laguiadepamplona.com\\\/actualidad\\\/pamplona-completara-el-eje-ciclable-del-sur-de-la-ciudad-con-un-recorrido-de-17-kilometros-rodeando-la-upna-por-las-calles-tajonar-sadar-y-avenida-de-cataluna\\\/#breadcrumb\",\"itemListElement\":[{\"@type\":\"ListItem\",\"position\":1,\"name\":\"Portada\",\"item\":\"https:\\\/\\\/www.laguiadepamplona.com\\\/actualidad\\\/\"},{\"@type\":\"ListItem\",\"position\":2,\"name\":\"Pamplona completar\u00e1 el eje ciclable del sur de la ciudad con un recorrido de 1,7 kil\u00f3metros rodeando la UPNA por las calles Tajonar, Sadar y avenida de Catalu\u00f1a\"}]},{\"@type\":\"WebSite\",\"@id\":\"https:\\\/\\\/www.laguiadepamplona.com\\\/actualidad\\\/#website\",\"url\":\"https:\\\/\\\/www.laguiadepamplona.com\\\/actualidad\\\/\",\"name\":\"La gu\u00eda de Pamplona\",\"description\":\"Noticias de Pamplona\",\"publisher\":{\"@id\":\"https:\\\/\\\/www.laguiadepamplona.com\\\/actualidad\\\/#organization\"},\"potentialAction\":[{\"@type\":\"SearchAction\",\"target\":{\"@type\":\"EntryPoint\",\"urlTemplate\":\"https:\\\/\\\/www.laguiadepamplona.com\\\/actualidad\\\/?s={search_term_string}\"},\"query-input\":{\"@type\":\"PropertyValueSpecification\",\"valueRequired\":true,\"valueName\":\"search_term_string\"}}],\"inLanguage\":\"es\"},{\"@type\":\"Organization\",\"@id\":\"https:\\\/\\\/www.laguiadepamplona.com\\\/actualidad\\\/#organization\",\"name\":\"La Gu\u00eda de Pamplona \\\/ Noticias\",\"url\":\"https:\\\/\\\/www.laguiadepamplona.com\\\/actualidad\\\/\",\"logo\":{\"@type\":\"ImageObject\",\"inLanguage\":\"es\",\"@id\":\"https:\\\/\\\/www.laguiadepamplona.com\\\/actualidad\\\/#\\\/schema\\\/logo\\\/image\\\/\",\"url\":\"https:\\\/\\\/www.laguiadepamplona.com\\\/actualidad\\\/wp-content\\\/uploads\\\/2018\\\/11\\\/logo-laguiadepamplona18-web1.png\",\"contentUrl\":\"https:\\\/\\\/www.laguiadepamplona.com\\\/actualidad\\\/wp-content\\\/uploads\\\/2018\\\/11\\\/logo-laguiadepamplona18-web1.png\",\"width\":600,\"height\":196,\"caption\":\"La Gu\u00eda de Pamplona \\\/ Noticias\"},\"image\":{\"@id\":\"https:\\\/\\\/www.laguiadepamplona.com\\\/actualidad\\\/#\\\/schema\\\/logo\\\/image\\\/\"},\"sameAs\":[\"https:\\\/\\\/www.facebook.com\\\/laguiadepamplonacom-133175176762273\\\/?ref=hl\",\"https:\\\/\\\/x.com\\\/LaGuiadPamplona\",\"https:\\\/\\\/www.instagram.com\\\/la_guia_de_pamplona\\\/\",\"https:\\\/\\\/www.youtube.com\\\/user\\\/laguiadepamplona\"]},{\"@type\":\"Person\",\"@id\":\"https:\\\/\\\/www.laguiadepamplona.com\\\/actualidad\\\/#\\\/schema\\\/person\\\/efe887376f0213d4657c93adc50b1fdb\",\"name\":\"La Gu\u00eda de Pamplona\",\"image\":{\"@type\":\"ImageObject\",\"inLanguage\":\"es\",\"@id\":\"https:\\\/\\\/secure.gravatar.com\\\/avatar\\\/b6992f131dc8d30ab0dff15446e9d346d9dbd95992de0fef795073f5ea83a81c?s=96&d=mm&r=g\",\"url\":\"https:\\\/\\\/secure.gravatar.com\\\/avatar\\\/b6992f131dc8d30ab0dff15446e9d346d9dbd95992de0fef795073f5ea83a81c?s=96&d=mm&r=g\",\"contentUrl\":\"https:\\\/\\\/secure.gravatar.com\\\/avatar\\\/b6992f131dc8d30ab0dff15446e9d346d9dbd95992de0fef795073f5ea83a81c?s=96&d=mm&r=g\",\"caption\":\"La Gu\u00eda de Pamplona\"}}]}<\/script>\n<!-- \/ Yoast SEO plugin. -->","yoast_head_json":{"title":"Pamplona completar\u00e1 el eje ciclable del sur de la ciudad con un recorrido de 1,7 kil\u00f3metros rodeando la UPNA por las calles Tajonar, Sadar y avenida de Catalu\u00f1a","description":"Pr\u00f3ximamente, se acometer\u00e1 tambi\u00e9n la segunda fase de las actuaciones de mejora de la movilidad peatonal y ciclista en la calle Juli\u00e1n Gayarre","robots":{"index":"index","follow":"follow","max-snippet":"max-snippet:-1","max-image-preview":"max-image-preview:large","max-video-preview":"max-video-preview:-1"},"canonical":"https:\/\/www.laguiadepamplona.com\/actualidad\/pamplona-completara-el-eje-ciclable-del-sur-de-la-ciudad-con-un-recorrido-de-17-kilometros-rodeando-la-upna-por-las-calles-tajonar-sadar-y-avenida-de-cataluna\/","og_locale":"es_ES","og_type":"article","og_title":"Pamplona completar\u00e1 el eje ciclable del sur de la ciudad con un recorrido de 1,7 kil\u00f3metros rodeando la UPNA por las calles Tajonar, Sadar y avenida de Catalu\u00f1a","og_description":"Pr\u00f3ximamente, se acometer\u00e1 tambi\u00e9n la segunda fase de las actuaciones de mejora de la movilidad peatonal y ciclista en la calle Juli\u00e1n Gayarre","og_url":"https:\/\/www.laguiadepamplona.com\/actualidad\/pamplona-completara-el-eje-ciclable-del-sur-de-la-ciudad-con-un-recorrido-de-17-kilometros-rodeando-la-upna-por-las-calles-tajonar-sadar-y-avenida-de-cataluna\/","og_site_name":"La Gu\u00eda de Pamplona","article_publisher":"https:\/\/www.facebook.com\/laguiadepamplonacom-133175176762273\/?ref=hl","article_published_time":"2022-04-07T15:05:13+00:00","article_modified_time":"2023-04-11T09:48:19+00:00","og_image":[{"width":1920,"height":1280,"url":"https:\/\/www.laguiadepamplona.com\/actualidad\/wp-content\/uploads\/2022\/03\/CARRIL-BICI_LABRIT_MAGDALENA_TXANTREA_17032022_EE5A2494.jpg","type":"image\/jpeg"}],"author":"La Gu\u00eda de Pamplona","twitter_card":"summary_large_image","twitter_creator":"@LaGuiadPamplona","twitter_site":"@LaGuiadPamplona","twitter_misc":{"Escrito por":"La Gu\u00eda de Pamplona","Tiempo de lectura":"6 minutos"},"schema":{"@context":"https:\/\/schema.org","@graph":[{"@type":"Article","@id":"https:\/\/www.laguiadepamplona.com\/actualidad\/pamplona-completara-el-eje-ciclable-del-sur-de-la-ciudad-con-un-recorrido-de-17-kilometros-rodeando-la-upna-por-las-calles-tajonar-sadar-y-avenida-de-cataluna\/#article","isPartOf":{"@id":"https:\/\/www.laguiadepamplona.com\/actualidad\/pamplona-completara-el-eje-ciclable-del-sur-de-la-ciudad-con-un-recorrido-de-17-kilometros-rodeando-la-upna-por-las-calles-tajonar-sadar-y-avenida-de-cataluna\/"},"author":{"name":"La Gu\u00eda de Pamplona","@id":"https:\/\/www.laguiadepamplona.com\/actualidad\/#\/schema\/person\/efe887376f0213d4657c93adc50b1fdb"},"headline":"Pamplona completar\u00e1 el eje ciclable del sur de la ciudad con un recorrido de 1,7 kil\u00f3metros rodeando la UPNA por las calles Tajonar, Sadar y avenida de Catalu\u00f1a","datePublished":"2022-04-07T15:05:13+00:00","dateModified":"2023-04-11T09:48:19+00:00","mainEntityOfPage":{"@id":"https:\/\/www.laguiadepamplona.com\/actualidad\/pamplona-completara-el-eje-ciclable-del-sur-de-la-ciudad-con-un-recorrido-de-17-kilometros-rodeando-la-upna-por-las-calles-tajonar-sadar-y-avenida-de-cataluna\/"},"wordCount":1327,"commentCount":0,"publisher":{"@id":"https:\/\/www.laguiadepamplona.com\/actualidad\/#organization"},"image":{"@id":"https:\/\/www.laguiadepamplona.com\/actualidad\/pamplona-completara-el-eje-ciclable-del-sur-de-la-ciudad-con-un-recorrido-de-17-kilometros-rodeando-la-upna-por-las-calles-tajonar-sadar-y-avenida-de-cataluna\/#primaryimage"},"thumbnailUrl":"https:\/\/www.laguiadepamplona.com\/actualidad\/wp-content\/uploads\/2022\/03\/CARRIL-BICI_LABRIT_MAGDALENA_TXANTREA_17032022_EE5A2494.jpg","articleSection":["Ayto Pamplona"],"inLanguage":"es","potentialAction":[{"@type":"CommentAction","name":"Comment","target":["https:\/\/www.laguiadepamplona.com\/actualidad\/pamplona-completara-el-eje-ciclable-del-sur-de-la-ciudad-con-un-recorrido-de-17-kilometros-rodeando-la-upna-por-las-calles-tajonar-sadar-y-avenida-de-cataluna\/#respond"]}]},{"@type":"WebPage","@id":"https:\/\/www.laguiadepamplona.com\/actualidad\/pamplona-completara-el-eje-ciclable-del-sur-de-la-ciudad-con-un-recorrido-de-17-kilometros-rodeando-la-upna-por-las-calles-tajonar-sadar-y-avenida-de-cataluna\/","url":"https:\/\/www.laguiadepamplona.com\/actualidad\/pamplona-completara-el-eje-ciclable-del-sur-de-la-ciudad-con-un-recorrido-de-17-kilometros-rodeando-la-upna-por-las-calles-tajonar-sadar-y-avenida-de-cataluna\/","name":"Pamplona completar\u00e1 el eje ciclable del sur de la ciudad con un recorrido de 1,7 kil\u00f3metros rodeando la UPNA por las calles Tajonar, Sadar y avenida de Catalu\u00f1a","isPartOf":{"@id":"https:\/\/www.laguiadepamplona.com\/actualidad\/#website"},"primaryImageOfPage":{"@id":"https:\/\/www.laguiadepamplona.com\/actualidad\/pamplona-completara-el-eje-ciclable-del-sur-de-la-ciudad-con-un-recorrido-de-17-kilometros-rodeando-la-upna-por-las-calles-tajonar-sadar-y-avenida-de-cataluna\/#primaryimage"},"image":{"@id":"https:\/\/www.laguiadepamplona.com\/actualidad\/pamplona-completara-el-eje-ciclable-del-sur-de-la-ciudad-con-un-recorrido-de-17-kilometros-rodeando-la-upna-por-las-calles-tajonar-sadar-y-avenida-de-cataluna\/#primaryimage"},"thumbnailUrl":"https:\/\/www.laguiadepamplona.com\/actualidad\/wp-content\/uploads\/2022\/03\/CARRIL-BICI_LABRIT_MAGDALENA_TXANTREA_17032022_EE5A2494.jpg","datePublished":"2022-04-07T15:05:13+00:00","dateModified":"2023-04-11T09:48:19+00:00","description":"Pr\u00f3ximamente, se acometer\u00e1 tambi\u00e9n la segunda fase de las actuaciones de mejora de la movilidad peatonal y ciclista en la calle Juli\u00e1n Gayarre","breadcrumb":{"@id":"https:\/\/www.laguiadepamplona.com\/actualidad\/pamplona-completara-el-eje-ciclable-del-sur-de-la-ciudad-con-un-recorrido-de-17-kilometros-rodeando-la-upna-por-las-calles-tajonar-sadar-y-avenida-de-cataluna\/#breadcrumb"},"inLanguage":"es","potentialAction":[{"@type":"ReadAction","target":["https:\/\/www.laguiadepamplona.com\/actualidad\/pamplona-completara-el-eje-ciclable-del-sur-de-la-ciudad-con-un-recorrido-de-17-kilometros-rodeando-la-upna-por-las-calles-tajonar-sadar-y-avenida-de-cataluna\/"]}]},{"@type":"ImageObject","inLanguage":"es","@id":"https:\/\/www.laguiadepamplona.com\/actualidad\/pamplona-completara-el-eje-ciclable-del-sur-de-la-ciudad-con-un-recorrido-de-17-kilometros-rodeando-la-upna-por-las-calles-tajonar-sadar-y-avenida-de-cataluna\/#primaryimage","url":"https:\/\/www.laguiadepamplona.com\/actualidad\/wp-content\/uploads\/2022\/03\/CARRIL-BICI_LABRIT_MAGDALENA_TXANTREA_17032022_EE5A2494.jpg","contentUrl":"https:\/\/www.laguiadepamplona.com\/actualidad\/wp-content\/uploads\/2022\/03\/CARRIL-BICI_LABRIT_MAGDALENA_TXANTREA_17032022_EE5A2494.jpg","width":1920,"height":1280},{"@type":"BreadcrumbList","@id":"https:\/\/www.laguiadepamplona.com\/actualidad\/pamplona-completara-el-eje-ciclable-del-sur-de-la-ciudad-con-un-recorrido-de-17-kilometros-rodeando-la-upna-por-las-calles-tajonar-sadar-y-avenida-de-cataluna\/#breadcrumb","itemListElement":[{"@type":"ListItem","position":1,"name":"Portada","item":"https:\/\/www.laguiadepamplona.com\/actualidad\/"},{"@type":"ListItem","position":2,"name":"Pamplona completar\u00e1 el eje ciclable del sur de la ciudad con un recorrido de 1,7 kil\u00f3metros rodeando la UPNA por las calles Tajonar, Sadar y avenida de Catalu\u00f1a"}]},{"@type":"WebSite","@id":"https:\/\/www.laguiadepamplona.com\/actualidad\/#website","url":"https:\/\/www.laguiadepamplona.com\/actualidad\/","name":"La gu\u00eda de Pamplona","description":"Noticias de Pamplona","publisher":{"@id":"https:\/\/www.laguiadepamplona.com\/actualidad\/#organization"},"potentialAction":[{"@type":"SearchAction","target":{"@type":"EntryPoint","urlTemplate":"https:\/\/www.laguiadepamplona.com\/actualidad\/?s={search_term_string}"},"query-input":{"@type":"PropertyValueSpecification","valueRequired":true,"valueName":"search_term_string"}}],"inLanguage":"es"},{"@type":"Organization","@id":"https:\/\/www.laguiadepamplona.com\/actualidad\/#organization","name":"La Gu\u00eda de Pamplona \/ Noticias","url":"https:\/\/www.laguiadepamplona.com\/actualidad\/","logo":{"@type":"ImageObject","inLanguage":"es","@id":"https:\/\/www.laguiadepamplona.com\/actualidad\/#\/schema\/logo\/image\/","url":"https:\/\/www.laguiadepamplona.com\/actualidad\/wp-content\/uploads\/2018\/11\/logo-laguiadepamplona18-web1.png","contentUrl":"https:\/\/www.laguiadepamplona.com\/actualidad\/wp-content\/uploads\/2018\/11\/logo-laguiadepamplona18-web1.png","width":600,"height":196,"caption":"La Gu\u00eda de Pamplona \/ Noticias"},"image":{"@id":"https:\/\/www.laguiadepamplona.com\/actualidad\/#\/schema\/logo\/image\/"},"sameAs":["https:\/\/www.facebook.com\/laguiadepamplonacom-133175176762273\/?ref=hl","https:\/\/x.com\/LaGuiadPamplona","https:\/\/www.instagram.com\/la_guia_de_pamplona\/","https:\/\/www.youtube.com\/user\/laguiadepamplona"]},{"@type":"Person","@id":"https:\/\/www.laguiadepamplona.com\/actualidad\/#\/schema\/person\/efe887376f0213d4657c93adc50b1fdb","name":"La Gu\u00eda de Pamplona","image":{"@type":"ImageObject","inLanguage":"es","@id":"https:\/\/secure.gravatar.com\/avatar\/b6992f131dc8d30ab0dff15446e9d346d9dbd95992de0fef795073f5ea83a81c?s=96&d=mm&r=g","url":"https:\/\/secure.gravatar.com\/avatar\/b6992f131dc8d30ab0dff15446e9d346d9dbd95992de0fef795073f5ea83a81c?s=96&d=mm&r=g","contentUrl":"https:\/\/secure.gravatar.com\/avatar\/b6992f131dc8d30ab0dff15446e9d346d9dbd95992de0fef795073f5ea83a81c?s=96&d=mm&r=g","caption":"La Gu\u00eda de Pamplona"}}]}},"post_mailing_queue_ids":[],"_links":{"self":[{"href":"https:\/\/www.laguiadepamplona.com\/actualidad\/wp-json\/wp\/v2\/posts\/39892","targetHints":{"allow":["GET"]}}],"collection":[{"href":"https:\/\/www.laguiadepamplona.com\/actualidad\/wp-json\/wp\/v2\/posts"}],"about":[{"href":"https:\/\/www.laguiadepamplona.com\/actualidad\/wp-json\/wp\/v2\/types\/post"}],"author":[{"embeddable":true,"href":"https:\/\/www.laguiadepamplona.com\/actualidad\/wp-json\/wp\/v2\/users\/1"}],"replies":[{"embeddable":true,"href":"https:\/\/www.laguiadepamplona.com\/actualidad\/wp-json\/wp\/v2\/comments?post=39892"}],"version-history":[{"count":0,"href":"https:\/\/www.laguiadepamplona.com\/actualidad\/wp-json\/wp\/v2\/posts\/39892\/revisions"}],"wp:featuredmedia":[{"embeddable":true,"href":"https:\/\/www.laguiadepamplona.com\/actualidad\/wp-json\/wp\/v2\/media\/39490"}],"wp:attachment":[{"href":"https:\/\/www.laguiadepamplona.com\/actualidad\/wp-json\/wp\/v2\/media?parent=39892"}],"wp:term":[{"taxonomy":"category","embeddable":true,"href":"https:\/\/www.laguiadepamplona.com\/actualidad\/wp-json\/wp\/v2\/categories?post=39892"},{"taxonomy":"post_tag","embeddable":true,"href":"https:\/\/www.laguiadepamplona.com\/actualidad\/wp-json\/wp\/v2\/tags?post=39892"}],"curies":[{"name":"wp","href":"https:\/\/api.w.org\/{rel}","templated":true}]}}