{"id":39885,"date":"2022-04-06T12:54:15","date_gmt":"2022-04-06T10:54:15","guid":{"rendered":"https:\/\/www.laguiadepamplona.com\/actualidad\/?p=39885"},"modified":"2023-04-11T11:48:20","modified_gmt":"2023-04-11T09:48:20","slug":"civivox-milagrosa-promueve-la-conciencia-inclusiva-entre-los-menores-del-barrio-a-traves-del-ciclo-codo-con-codo","status":"publish","type":"post","link":"https:\/\/www.laguiadepamplona.com\/actualidad\/civivox-milagrosa-promueve-la-conciencia-inclusiva-entre-los-menores-del-barrio-a-traves-del-ciclo-codo-con-codo\/","title":{"rendered":"Civivox Milagrosa promueve la conciencia inclusiva entre los menores del barrio a trav\u00e9s del ciclo \u2018Codo con codo\u2019"},"content":{"rendered":"<h5>A lo largo de abril y mayo se han proyectado talleres infantiles y se ha organizado una exposici\u00f3n con obras del alumnado de la ikastola Hegoalde<\/h5>\n<p><!--more--><\/p>\n<p>El ciclo \u2018Milagrosa Eskuz Esku \u2013 Codo con codo\u2019, organizado por el Ayuntamiento de Pamplona, vuelve a promover la actitud inclusiva y solidaria entre la poblaci\u00f3n infantil del barrio pamplon\u00e9s, a trav\u00e9s de talleres en los que se abordar\u00e1 de forma l\u00fadica la integraci\u00f3n de personas con discapacidad intelectual. Las actividades, todas ellas gratuitas, tendr\u00e1n lugar en el Civivox Milagrosa desde ma\u00f1ana, d\u00eda 7, hasta el 14 de mayo, y pretenden impulsar la convivencia de menores con y sin discapacidad desde el respeto y la colaboraci\u00f3n mutua.<br \/>\n<script async src=\"\/\/pagead2.googlesyndication.com\/pagead\/js\/adsbygoogle.js\"><\/script><br \/>\n<!-- Noticias La Guia de Pamplona --><br \/>\n<ins class=\"adsbygoogle\"\nstyle=\"display:block\"\ndata-ad-client=\"ca-pub-6943679897239327\"\ndata-ad-slot=\"7048180777\"\ndata-ad-format=\"auto\"><\/ins><br \/>\n<script>\n(adsbygoogle = window.adsbygoogle || []).push({});\n<\/script><\/p>\n<p>En concreto, se han previsto cuatro talleres, si bien dos de ellos se han programado en dos d\u00edas distintos. Adem\u00e1s, el Civivox acoger\u00e1 desde el 12 al 30 de abril, una exposici\u00f3n con las obras art\u00edsticas realizadas por el alumnado de la ikastola Hegoalde. La muestra recoge varias creaciones de los estudiantes de todos los cursos de Primaria del centro, en las que la mujer artista cobra especial relevancia.<\/p>\n<p>En cuanto a los talleres, la primera cita tendr\u00e1 lugar ma\u00f1ana jueves, d\u00eda 7, con la actividad que lleva por t\u00edtulo \u2018Jugando con nuestros sentidos\u2019. Desde las 17.00 horas, los menores de entre 5 y 9 a\u00f1os que deseen participar podr\u00e1n ampliar su mundo imaginativo a trav\u00e9s de nuevas sensaciones, lenguajes y texturas. La actividad ser\u00e1 impartida por profesionales del Centro R\u00edo Irati de Fundaci\u00f3n Caja Navarra, entidad involucrada en el desarrollo de capacidades de personas con discapacidad intelectual.<br \/>\n<script async src=\"\/\/pagead2.googlesyndication.com\/pagead\/js\/adsbygoogle.js\"><\/script><br \/>\n<!-- Noticias La Guia de Pamplona --><br \/>\n<ins class=\"adsbygoogle\"\nstyle=\"display:block\"\ndata-ad-client=\"ca-pub-6943679897239327\"\ndata-ad-slot=\"7048180777\"\ndata-ad-format=\"auto\"><\/ins><br \/>\n<script>\n(adsbygoogle = window.adsbygoogle || []).push({});\n<\/script><\/p>\n<p>Tras las vacaciones de Semana Santa, el ciclo retomar\u00e1 la actividad, con la programaci\u00f3n del taller \u2018Crear y jugar es ecosostenible\u2019 el d\u00eda 28 de abril, si bien este mismo taller se repetir\u00e1 el 5 de mayo, ambos d\u00edas a las 17.00 horas. En esta ocasi\u00f3n, el personal de la asociaci\u00f3n ANASAPS, Asociaci\u00f3n Navarra para la Salud Mental,\u00a0elaborar\u00e1 juegos y objetos de uso cotidiano con material reciclado, como herramienta para desarrollar la creatividad de ni\u00f1os y ni\u00f1os de entre 6 y 11 a\u00f1os.<\/p>\n<p>Por su parte, el s\u00e1bado 30 de abril, a las 11.30 horas, Civivox Milagrosa abrir\u00e1 sus puertas a menores de entre 5 y 12 a\u00f1os para que conozcan de la mano de hermanos y hermanas de personas con discapacidad intelectual c\u00f3mo es el d\u00eda a d\u00eda en casa. El taller, de car\u00e1cter l\u00fadico, pretende normalizar la discapacidad con historias en primera persona, pero tambi\u00e9n ayudados por v\u00eddeos, cuentos y otros materiales, gracias a la colaboraci\u00f3n de la Asociaci\u00f3n Navarra de S\u00edndrome de Down.<\/p>\n<p>El ciclo \u2018Codo con codo\u2019 llegar\u00e1 a su fin en mayo. Los d\u00edas 7 y 14 de ese mes se celebrar\u00e1 el taller \u2018C\u00f3mo escribir un cuento\u2019, una actividad educativa que propicia la imaginaci\u00f3n, ayuda a identificar emociones, desarrolla la empat\u00eda, ense\u00f1a a planificar y ayuda a transmitir valores. El taller, que se celebrar\u00e1 ambos s\u00e1bados a las 11.30 horas, est\u00e1 dirigido a menores de entre 7 y 11 a\u00f1os.<br \/>\n<script async src=\"\/\/pagead2.googlesyndication.com\/pagead\/js\/adsbygoogle.js\"><\/script><br \/>\n<!-- Noticias La Guia de Pamplona --><br \/>\n<ins class=\"adsbygoogle\"\nstyle=\"display:block\"\ndata-ad-client=\"ca-pub-6943679897239327\"\ndata-ad-slot=\"7048180777\"\ndata-ad-format=\"auto\"><\/ins><br \/>\n<script>\n(adsbygoogle = window.adsbygoogle || []).push({});\n<\/script><\/p>\n<p>&nbsp;<\/p>\n<h3>Ciclo \u2018Milagrosa Ezkuz Esku \u2013 Codo con Codo\u2019<\/h3>\n<ul>\n<li>D\u00f3nde: Civivox Milagrosa.<\/li>\n<li>Cu\u00e1ndo: del 7 de abril a 14 de mayo<\/li>\n<li>Para qui\u00e9n: para ni\u00f1os y ni\u00f1as hasta los 12 a\u00f1os, en funci\u00f3n de la actividad.<\/li>\n<\/ul>\n<ul>\n<li>Actividades: exposici\u00f3n con las obras art\u00edsticas realizadas por el alumnado de 1\u00ba a 6\u00ba de la ikastola Hegoalde y talleres creativos. Gratuitas.<\/li>\n<li>Talleres:\n<ul>\n<li>D\u00eda 7 de abril. 17.00 horas. \u2018Jugando con nuestros sentidos\u2019. Para menores de 5 a 9 a\u00f1os.<\/li>\n<li>D\u00eda 28 de abril y 5 de mayo. 17.00 horas. \u2018Crear y jugar es ecosostenible\u2019. Para ni\u00f1os y ni\u00f1as de 6 a 11 a\u00f1os.<\/li>\n<li>D\u00eda 30 de abril. 11.30 horas. Taller de dinamizaci\u00f3n con hermanos y hermanas. Para menores de entre 5 a 12 a\u00f1os.<\/li>\n<li>D\u00edas 7 y 14 de mayo. 11.30 horas. \u2018C\u00f3mo escribir un cuento\u2019. Para menores de 7 a 11 a\u00f1os.<\/li>\n<\/ul>\n<\/li>\n<\/ul>\n","protected":false},"excerpt":{"rendered":"<p>A lo largo de abril y mayo se han proyectado talleres infantiles y se ha organizado una exposici\u00f3n con obras del alumnado de la ikastola Hegoalde<\/p>\n","protected":false},"author":1,"featured_media":11074,"comment_status":"open","ping_status":"closed","sticky":false,"template":"","format":"standard","meta":{"footnotes":""},"categories":[2],"tags":[],"class_list":["post-39885","post","type-post","status-publish","format-standard","has-post-thumbnail","hentry","category-ayuntamiento-pamplona"],"yoast_head":"<!-- This site is optimized with the Yoast SEO plugin v27.3 - https:\/\/yoast.com\/product\/yoast-seo-wordpress\/ -->\n<title>Civivox Milagrosa promueve la conciencia inclusiva entre los menores del barrio a trav\u00e9s del ciclo \u2018Codo con codo\u2019<\/title>\n<meta name=\"description\" content=\"A lo largo de abril y mayo se han proyectado talleres infantiles y se ha organizado una exposici\u00f3n con obras del alumnado de la ikastola Hegoalde\" \/>\n<meta name=\"robots\" content=\"index, follow, max-snippet:-1, max-image-preview:large, max-video-preview:-1\" \/>\n<link rel=\"canonical\" href=\"https:\/\/www.laguiadepamplona.com\/actualidad\/civivox-milagrosa-promueve-la-conciencia-inclusiva-entre-los-menores-del-barrio-a-traves-del-ciclo-codo-con-codo\/\" \/>\n<meta property=\"og:locale\" content=\"es_ES\" \/>\n<meta property=\"og:type\" content=\"article\" \/>\n<meta property=\"og:title\" content=\"Civivox Milagrosa promueve la conciencia inclusiva entre los menores del barrio a trav\u00e9s del ciclo \u2018Codo con codo\u2019\" \/>\n<meta property=\"og:description\" content=\"A lo largo de abril y mayo se han proyectado talleres infantiles y se ha organizado una exposici\u00f3n con obras del alumnado de la ikastola Hegoalde\" \/>\n<meta property=\"og:url\" content=\"https:\/\/www.laguiadepamplona.com\/actualidad\/civivox-milagrosa-promueve-la-conciencia-inclusiva-entre-los-menores-del-barrio-a-traves-del-ciclo-codo-con-codo\/\" \/>\n<meta property=\"og:site_name\" content=\"La Gu\u00eda de Pamplona\" \/>\n<meta property=\"article:publisher\" content=\"https:\/\/www.facebook.com\/laguiadepamplonacom-133175176762273\/?ref=hl\" \/>\n<meta property=\"article:published_time\" content=\"2022-04-06T10:54:15+00:00\" \/>\n<meta property=\"article:modified_time\" content=\"2023-04-11T09:48:20+00:00\" \/>\n<meta property=\"og:image\" content=\"https:\/\/www.laguiadepamplona.com\/actualidad\/wp-content\/uploads\/2016\/12\/civivox-milagrosa-900x598.jpg\" \/>\n\t<meta property=\"og:image:width\" content=\"900\" \/>\n\t<meta property=\"og:image:height\" content=\"598\" \/>\n\t<meta property=\"og:image:type\" content=\"image\/jpeg\" \/>\n<meta name=\"author\" content=\"La Gu\u00eda de Pamplona\" \/>\n<meta name=\"twitter:card\" content=\"summary_large_image\" \/>\n<meta name=\"twitter:creator\" content=\"@LaGuiadPamplona\" \/>\n<meta name=\"twitter:site\" content=\"@LaGuiadPamplona\" \/>\n<meta name=\"twitter:label1\" content=\"Escrito por\" \/>\n\t<meta name=\"twitter:data1\" content=\"La Gu\u00eda de Pamplona\" \/>\n\t<meta name=\"twitter:label2\" content=\"Tiempo de lectura\" \/>\n\t<meta name=\"twitter:data2\" content=\"3 minutos\" \/>\n<script type=\"application\/ld+json\" class=\"yoast-schema-graph\">{\"@context\":\"https:\\\/\\\/schema.org\",\"@graph\":[{\"@type\":\"Article\",\"@id\":\"https:\\\/\\\/www.laguiadepamplona.com\\\/actualidad\\\/civivox-milagrosa-promueve-la-conciencia-inclusiva-entre-los-menores-del-barrio-a-traves-del-ciclo-codo-con-codo\\\/#article\",\"isPartOf\":{\"@id\":\"https:\\\/\\\/www.laguiadepamplona.com\\\/actualidad\\\/civivox-milagrosa-promueve-la-conciencia-inclusiva-entre-los-menores-del-barrio-a-traves-del-ciclo-codo-con-codo\\\/\"},\"author\":{\"name\":\"La Gu\u00eda de Pamplona\",\"@id\":\"https:\\\/\\\/www.laguiadepamplona.com\\\/actualidad\\\/#\\\/schema\\\/person\\\/efe887376f0213d4657c93adc50b1fdb\"},\"headline\":\"Civivox Milagrosa promueve la conciencia inclusiva entre los menores del barrio a trav\u00e9s del ciclo \u2018Codo con codo\u2019\",\"datePublished\":\"2022-04-06T10:54:15+00:00\",\"dateModified\":\"2023-04-11T09:48:20+00:00\",\"mainEntityOfPage\":{\"@id\":\"https:\\\/\\\/www.laguiadepamplona.com\\\/actualidad\\\/civivox-milagrosa-promueve-la-conciencia-inclusiva-entre-los-menores-del-barrio-a-traves-del-ciclo-codo-con-codo\\\/\"},\"wordCount\":681,\"commentCount\":0,\"publisher\":{\"@id\":\"https:\\\/\\\/www.laguiadepamplona.com\\\/actualidad\\\/#organization\"},\"image\":{\"@id\":\"https:\\\/\\\/www.laguiadepamplona.com\\\/actualidad\\\/civivox-milagrosa-promueve-la-conciencia-inclusiva-entre-los-menores-del-barrio-a-traves-del-ciclo-codo-con-codo\\\/#primaryimage\"},\"thumbnailUrl\":\"https:\\\/\\\/www.laguiadepamplona.com\\\/actualidad\\\/wp-content\\\/uploads\\\/2016\\\/12\\\/civivox-milagrosa-900x598.jpg\",\"articleSection\":[\"Ayto Pamplona\"],\"inLanguage\":\"es\",\"potentialAction\":[{\"@type\":\"CommentAction\",\"name\":\"Comment\",\"target\":[\"https:\\\/\\\/www.laguiadepamplona.com\\\/actualidad\\\/civivox-milagrosa-promueve-la-conciencia-inclusiva-entre-los-menores-del-barrio-a-traves-del-ciclo-codo-con-codo\\\/#respond\"]}]},{\"@type\":\"WebPage\",\"@id\":\"https:\\\/\\\/www.laguiadepamplona.com\\\/actualidad\\\/civivox-milagrosa-promueve-la-conciencia-inclusiva-entre-los-menores-del-barrio-a-traves-del-ciclo-codo-con-codo\\\/\",\"url\":\"https:\\\/\\\/www.laguiadepamplona.com\\\/actualidad\\\/civivox-milagrosa-promueve-la-conciencia-inclusiva-entre-los-menores-del-barrio-a-traves-del-ciclo-codo-con-codo\\\/\",\"name\":\"Civivox Milagrosa promueve la conciencia inclusiva entre los menores del barrio a trav\u00e9s del ciclo \u2018Codo con codo\u2019\",\"isPartOf\":{\"@id\":\"https:\\\/\\\/www.laguiadepamplona.com\\\/actualidad\\\/#website\"},\"primaryImageOfPage\":{\"@id\":\"https:\\\/\\\/www.laguiadepamplona.com\\\/actualidad\\\/civivox-milagrosa-promueve-la-conciencia-inclusiva-entre-los-menores-del-barrio-a-traves-del-ciclo-codo-con-codo\\\/#primaryimage\"},\"image\":{\"@id\":\"https:\\\/\\\/www.laguiadepamplona.com\\\/actualidad\\\/civivox-milagrosa-promueve-la-conciencia-inclusiva-entre-los-menores-del-barrio-a-traves-del-ciclo-codo-con-codo\\\/#primaryimage\"},\"thumbnailUrl\":\"https:\\\/\\\/www.laguiadepamplona.com\\\/actualidad\\\/wp-content\\\/uploads\\\/2016\\\/12\\\/civivox-milagrosa-900x598.jpg\",\"datePublished\":\"2022-04-06T10:54:15+00:00\",\"dateModified\":\"2023-04-11T09:48:20+00:00\",\"description\":\"A lo largo de abril y mayo se han proyectado talleres infantiles y se ha organizado una exposici\u00f3n con obras del alumnado de la ikastola Hegoalde\",\"breadcrumb\":{\"@id\":\"https:\\\/\\\/www.laguiadepamplona.com\\\/actualidad\\\/civivox-milagrosa-promueve-la-conciencia-inclusiva-entre-los-menores-del-barrio-a-traves-del-ciclo-codo-con-codo\\\/#breadcrumb\"},\"inLanguage\":\"es\",\"potentialAction\":[{\"@type\":\"ReadAction\",\"target\":[\"https:\\\/\\\/www.laguiadepamplona.com\\\/actualidad\\\/civivox-milagrosa-promueve-la-conciencia-inclusiva-entre-los-menores-del-barrio-a-traves-del-ciclo-codo-con-codo\\\/\"]}]},{\"@type\":\"ImageObject\",\"inLanguage\":\"es\",\"@id\":\"https:\\\/\\\/www.laguiadepamplona.com\\\/actualidad\\\/civivox-milagrosa-promueve-la-conciencia-inclusiva-entre-los-menores-del-barrio-a-traves-del-ciclo-codo-con-codo\\\/#primaryimage\",\"url\":\"https:\\\/\\\/www.laguiadepamplona.com\\\/actualidad\\\/wp-content\\\/uploads\\\/2016\\\/12\\\/civivox-milagrosa-900x598.jpg\",\"contentUrl\":\"https:\\\/\\\/www.laguiadepamplona.com\\\/actualidad\\\/wp-content\\\/uploads\\\/2016\\\/12\\\/civivox-milagrosa-900x598.jpg\",\"width\":900,\"height\":598},{\"@type\":\"BreadcrumbList\",\"@id\":\"https:\\\/\\\/www.laguiadepamplona.com\\\/actualidad\\\/civivox-milagrosa-promueve-la-conciencia-inclusiva-entre-los-menores-del-barrio-a-traves-del-ciclo-codo-con-codo\\\/#breadcrumb\",\"itemListElement\":[{\"@type\":\"ListItem\",\"position\":1,\"name\":\"Portada\",\"item\":\"https:\\\/\\\/www.laguiadepamplona.com\\\/actualidad\\\/\"},{\"@type\":\"ListItem\",\"position\":2,\"name\":\"Civivox Milagrosa promueve la conciencia inclusiva entre los menores del barrio a trav\u00e9s del ciclo \u2018Codo con codo\u2019\"}]},{\"@type\":\"WebSite\",\"@id\":\"https:\\\/\\\/www.laguiadepamplona.com\\\/actualidad\\\/#website\",\"url\":\"https:\\\/\\\/www.laguiadepamplona.com\\\/actualidad\\\/\",\"name\":\"La gu\u00eda de Pamplona\",\"description\":\"Noticias de Pamplona\",\"publisher\":{\"@id\":\"https:\\\/\\\/www.laguiadepamplona.com\\\/actualidad\\\/#organization\"},\"potentialAction\":[{\"@type\":\"SearchAction\",\"target\":{\"@type\":\"EntryPoint\",\"urlTemplate\":\"https:\\\/\\\/www.laguiadepamplona.com\\\/actualidad\\\/?s={search_term_string}\"},\"query-input\":{\"@type\":\"PropertyValueSpecification\",\"valueRequired\":true,\"valueName\":\"search_term_string\"}}],\"inLanguage\":\"es\"},{\"@type\":\"Organization\",\"@id\":\"https:\\\/\\\/www.laguiadepamplona.com\\\/actualidad\\\/#organization\",\"name\":\"La Gu\u00eda de Pamplona \\\/ Noticias\",\"url\":\"https:\\\/\\\/www.laguiadepamplona.com\\\/actualidad\\\/\",\"logo\":{\"@type\":\"ImageObject\",\"inLanguage\":\"es\",\"@id\":\"https:\\\/\\\/www.laguiadepamplona.com\\\/actualidad\\\/#\\\/schema\\\/logo\\\/image\\\/\",\"url\":\"https:\\\/\\\/www.laguiadepamplona.com\\\/actualidad\\\/wp-content\\\/uploads\\\/2018\\\/11\\\/logo-laguiadepamplona18-web1.png\",\"contentUrl\":\"https:\\\/\\\/www.laguiadepamplona.com\\\/actualidad\\\/wp-content\\\/uploads\\\/2018\\\/11\\\/logo-laguiadepamplona18-web1.png\",\"width\":600,\"height\":196,\"caption\":\"La Gu\u00eda de Pamplona \\\/ Noticias\"},\"image\":{\"@id\":\"https:\\\/\\\/www.laguiadepamplona.com\\\/actualidad\\\/#\\\/schema\\\/logo\\\/image\\\/\"},\"sameAs\":[\"https:\\\/\\\/www.facebook.com\\\/laguiadepamplonacom-133175176762273\\\/?ref=hl\",\"https:\\\/\\\/x.com\\\/LaGuiadPamplona\",\"https:\\\/\\\/www.instagram.com\\\/la_guia_de_pamplona\\\/\",\"https:\\\/\\\/www.youtube.com\\\/user\\\/laguiadepamplona\"]},{\"@type\":\"Person\",\"@id\":\"https:\\\/\\\/www.laguiadepamplona.com\\\/actualidad\\\/#\\\/schema\\\/person\\\/efe887376f0213d4657c93adc50b1fdb\",\"name\":\"La Gu\u00eda de Pamplona\",\"image\":{\"@type\":\"ImageObject\",\"inLanguage\":\"es\",\"@id\":\"https:\\\/\\\/secure.gravatar.com\\\/avatar\\\/b6992f131dc8d30ab0dff15446e9d346d9dbd95992de0fef795073f5ea83a81c?s=96&d=mm&r=g\",\"url\":\"https:\\\/\\\/secure.gravatar.com\\\/avatar\\\/b6992f131dc8d30ab0dff15446e9d346d9dbd95992de0fef795073f5ea83a81c?s=96&d=mm&r=g\",\"contentUrl\":\"https:\\\/\\\/secure.gravatar.com\\\/avatar\\\/b6992f131dc8d30ab0dff15446e9d346d9dbd95992de0fef795073f5ea83a81c?s=96&d=mm&r=g\",\"caption\":\"La Gu\u00eda de Pamplona\"}}]}<\/script>\n<!-- \/ Yoast SEO plugin. -->","yoast_head_json":{"title":"Civivox Milagrosa promueve la conciencia inclusiva entre los menores del barrio a trav\u00e9s del ciclo \u2018Codo con codo\u2019","description":"A lo largo de abril y mayo se han proyectado talleres infantiles y se ha organizado una exposici\u00f3n con obras del alumnado de la ikastola Hegoalde","robots":{"index":"index","follow":"follow","max-snippet":"max-snippet:-1","max-image-preview":"max-image-preview:large","max-video-preview":"max-video-preview:-1"},"canonical":"https:\/\/www.laguiadepamplona.com\/actualidad\/civivox-milagrosa-promueve-la-conciencia-inclusiva-entre-los-menores-del-barrio-a-traves-del-ciclo-codo-con-codo\/","og_locale":"es_ES","og_type":"article","og_title":"Civivox Milagrosa promueve la conciencia inclusiva entre los menores del barrio a trav\u00e9s del ciclo \u2018Codo con codo\u2019","og_description":"A lo largo de abril y mayo se han proyectado talleres infantiles y se ha organizado una exposici\u00f3n con obras del alumnado de la ikastola Hegoalde","og_url":"https:\/\/www.laguiadepamplona.com\/actualidad\/civivox-milagrosa-promueve-la-conciencia-inclusiva-entre-los-menores-del-barrio-a-traves-del-ciclo-codo-con-codo\/","og_site_name":"La Gu\u00eda de Pamplona","article_publisher":"https:\/\/www.facebook.com\/laguiadepamplonacom-133175176762273\/?ref=hl","article_published_time":"2022-04-06T10:54:15+00:00","article_modified_time":"2023-04-11T09:48:20+00:00","og_image":[{"width":900,"height":598,"url":"https:\/\/www.laguiadepamplona.com\/actualidad\/wp-content\/uploads\/2016\/12\/civivox-milagrosa-900x598.jpg","type":"image\/jpeg"}],"author":"La Gu\u00eda de Pamplona","twitter_card":"summary_large_image","twitter_creator":"@LaGuiadPamplona","twitter_site":"@LaGuiadPamplona","twitter_misc":{"Escrito por":"La Gu\u00eda de Pamplona","Tiempo de lectura":"3 minutos"},"schema":{"@context":"https:\/\/schema.org","@graph":[{"@type":"Article","@id":"https:\/\/www.laguiadepamplona.com\/actualidad\/civivox-milagrosa-promueve-la-conciencia-inclusiva-entre-los-menores-del-barrio-a-traves-del-ciclo-codo-con-codo\/#article","isPartOf":{"@id":"https:\/\/www.laguiadepamplona.com\/actualidad\/civivox-milagrosa-promueve-la-conciencia-inclusiva-entre-los-menores-del-barrio-a-traves-del-ciclo-codo-con-codo\/"},"author":{"name":"La Gu\u00eda de Pamplona","@id":"https:\/\/www.laguiadepamplona.com\/actualidad\/#\/schema\/person\/efe887376f0213d4657c93adc50b1fdb"},"headline":"Civivox Milagrosa promueve la conciencia inclusiva entre los menores del barrio a trav\u00e9s del ciclo \u2018Codo con codo\u2019","datePublished":"2022-04-06T10:54:15+00:00","dateModified":"2023-04-11T09:48:20+00:00","mainEntityOfPage":{"@id":"https:\/\/www.laguiadepamplona.com\/actualidad\/civivox-milagrosa-promueve-la-conciencia-inclusiva-entre-los-menores-del-barrio-a-traves-del-ciclo-codo-con-codo\/"},"wordCount":681,"commentCount":0,"publisher":{"@id":"https:\/\/www.laguiadepamplona.com\/actualidad\/#organization"},"image":{"@id":"https:\/\/www.laguiadepamplona.com\/actualidad\/civivox-milagrosa-promueve-la-conciencia-inclusiva-entre-los-menores-del-barrio-a-traves-del-ciclo-codo-con-codo\/#primaryimage"},"thumbnailUrl":"https:\/\/www.laguiadepamplona.com\/actualidad\/wp-content\/uploads\/2016\/12\/civivox-milagrosa-900x598.jpg","articleSection":["Ayto Pamplona"],"inLanguage":"es","potentialAction":[{"@type":"CommentAction","name":"Comment","target":["https:\/\/www.laguiadepamplona.com\/actualidad\/civivox-milagrosa-promueve-la-conciencia-inclusiva-entre-los-menores-del-barrio-a-traves-del-ciclo-codo-con-codo\/#respond"]}]},{"@type":"WebPage","@id":"https:\/\/www.laguiadepamplona.com\/actualidad\/civivox-milagrosa-promueve-la-conciencia-inclusiva-entre-los-menores-del-barrio-a-traves-del-ciclo-codo-con-codo\/","url":"https:\/\/www.laguiadepamplona.com\/actualidad\/civivox-milagrosa-promueve-la-conciencia-inclusiva-entre-los-menores-del-barrio-a-traves-del-ciclo-codo-con-codo\/","name":"Civivox Milagrosa promueve la conciencia inclusiva entre los menores del barrio a trav\u00e9s del ciclo \u2018Codo con codo\u2019","isPartOf":{"@id":"https:\/\/www.laguiadepamplona.com\/actualidad\/#website"},"primaryImageOfPage":{"@id":"https:\/\/www.laguiadepamplona.com\/actualidad\/civivox-milagrosa-promueve-la-conciencia-inclusiva-entre-los-menores-del-barrio-a-traves-del-ciclo-codo-con-codo\/#primaryimage"},"image":{"@id":"https:\/\/www.laguiadepamplona.com\/actualidad\/civivox-milagrosa-promueve-la-conciencia-inclusiva-entre-los-menores-del-barrio-a-traves-del-ciclo-codo-con-codo\/#primaryimage"},"thumbnailUrl":"https:\/\/www.laguiadepamplona.com\/actualidad\/wp-content\/uploads\/2016\/12\/civivox-milagrosa-900x598.jpg","datePublished":"2022-04-06T10:54:15+00:00","dateModified":"2023-04-11T09:48:20+00:00","description":"A lo largo de abril y mayo se han proyectado talleres infantiles y se ha organizado una exposici\u00f3n con obras del alumnado de la ikastola Hegoalde","breadcrumb":{"@id":"https:\/\/www.laguiadepamplona.com\/actualidad\/civivox-milagrosa-promueve-la-conciencia-inclusiva-entre-los-menores-del-barrio-a-traves-del-ciclo-codo-con-codo\/#breadcrumb"},"inLanguage":"es","potentialAction":[{"@type":"ReadAction","target":["https:\/\/www.laguiadepamplona.com\/actualidad\/civivox-milagrosa-promueve-la-conciencia-inclusiva-entre-los-menores-del-barrio-a-traves-del-ciclo-codo-con-codo\/"]}]},{"@type":"ImageObject","inLanguage":"es","@id":"https:\/\/www.laguiadepamplona.com\/actualidad\/civivox-milagrosa-promueve-la-conciencia-inclusiva-entre-los-menores-del-barrio-a-traves-del-ciclo-codo-con-codo\/#primaryimage","url":"https:\/\/www.laguiadepamplona.com\/actualidad\/wp-content\/uploads\/2016\/12\/civivox-milagrosa-900x598.jpg","contentUrl":"https:\/\/www.laguiadepamplona.com\/actualidad\/wp-content\/uploads\/2016\/12\/civivox-milagrosa-900x598.jpg","width":900,"height":598},{"@type":"BreadcrumbList","@id":"https:\/\/www.laguiadepamplona.com\/actualidad\/civivox-milagrosa-promueve-la-conciencia-inclusiva-entre-los-menores-del-barrio-a-traves-del-ciclo-codo-con-codo\/#breadcrumb","itemListElement":[{"@type":"ListItem","position":1,"name":"Portada","item":"https:\/\/www.laguiadepamplona.com\/actualidad\/"},{"@type":"ListItem","position":2,"name":"Civivox Milagrosa promueve la conciencia inclusiva entre los menores del barrio a trav\u00e9s del ciclo \u2018Codo con codo\u2019"}]},{"@type":"WebSite","@id":"https:\/\/www.laguiadepamplona.com\/actualidad\/#website","url":"https:\/\/www.laguiadepamplona.com\/actualidad\/","name":"La gu\u00eda de Pamplona","description":"Noticias de Pamplona","publisher":{"@id":"https:\/\/www.laguiadepamplona.com\/actualidad\/#organization"},"potentialAction":[{"@type":"SearchAction","target":{"@type":"EntryPoint","urlTemplate":"https:\/\/www.laguiadepamplona.com\/actualidad\/?s={search_term_string}"},"query-input":{"@type":"PropertyValueSpecification","valueRequired":true,"valueName":"search_term_string"}}],"inLanguage":"es"},{"@type":"Organization","@id":"https:\/\/www.laguiadepamplona.com\/actualidad\/#organization","name":"La Gu\u00eda de Pamplona \/ Noticias","url":"https:\/\/www.laguiadepamplona.com\/actualidad\/","logo":{"@type":"ImageObject","inLanguage":"es","@id":"https:\/\/www.laguiadepamplona.com\/actualidad\/#\/schema\/logo\/image\/","url":"https:\/\/www.laguiadepamplona.com\/actualidad\/wp-content\/uploads\/2018\/11\/logo-laguiadepamplona18-web1.png","contentUrl":"https:\/\/www.laguiadepamplona.com\/actualidad\/wp-content\/uploads\/2018\/11\/logo-laguiadepamplona18-web1.png","width":600,"height":196,"caption":"La Gu\u00eda de Pamplona \/ Noticias"},"image":{"@id":"https:\/\/www.laguiadepamplona.com\/actualidad\/#\/schema\/logo\/image\/"},"sameAs":["https:\/\/www.facebook.com\/laguiadepamplonacom-133175176762273\/?ref=hl","https:\/\/x.com\/LaGuiadPamplona","https:\/\/www.instagram.com\/la_guia_de_pamplona\/","https:\/\/www.youtube.com\/user\/laguiadepamplona"]},{"@type":"Person","@id":"https:\/\/www.laguiadepamplona.com\/actualidad\/#\/schema\/person\/efe887376f0213d4657c93adc50b1fdb","name":"La Gu\u00eda de Pamplona","image":{"@type":"ImageObject","inLanguage":"es","@id":"https:\/\/secure.gravatar.com\/avatar\/b6992f131dc8d30ab0dff15446e9d346d9dbd95992de0fef795073f5ea83a81c?s=96&d=mm&r=g","url":"https:\/\/secure.gravatar.com\/avatar\/b6992f131dc8d30ab0dff15446e9d346d9dbd95992de0fef795073f5ea83a81c?s=96&d=mm&r=g","contentUrl":"https:\/\/secure.gravatar.com\/avatar\/b6992f131dc8d30ab0dff15446e9d346d9dbd95992de0fef795073f5ea83a81c?s=96&d=mm&r=g","caption":"La Gu\u00eda de Pamplona"}}]}},"post_mailing_queue_ids":[],"_links":{"self":[{"href":"https:\/\/www.laguiadepamplona.com\/actualidad\/wp-json\/wp\/v2\/posts\/39885","targetHints":{"allow":["GET"]}}],"collection":[{"href":"https:\/\/www.laguiadepamplona.com\/actualidad\/wp-json\/wp\/v2\/posts"}],"about":[{"href":"https:\/\/www.laguiadepamplona.com\/actualidad\/wp-json\/wp\/v2\/types\/post"}],"author":[{"embeddable":true,"href":"https:\/\/www.laguiadepamplona.com\/actualidad\/wp-json\/wp\/v2\/users\/1"}],"replies":[{"embeddable":true,"href":"https:\/\/www.laguiadepamplona.com\/actualidad\/wp-json\/wp\/v2\/comments?post=39885"}],"version-history":[{"count":0,"href":"https:\/\/www.laguiadepamplona.com\/actualidad\/wp-json\/wp\/v2\/posts\/39885\/revisions"}],"wp:featuredmedia":[{"embeddable":true,"href":"https:\/\/www.laguiadepamplona.com\/actualidad\/wp-json\/wp\/v2\/media\/11074"}],"wp:attachment":[{"href":"https:\/\/www.laguiadepamplona.com\/actualidad\/wp-json\/wp\/v2\/media?parent=39885"}],"wp:term":[{"taxonomy":"category","embeddable":true,"href":"https:\/\/www.laguiadepamplona.com\/actualidad\/wp-json\/wp\/v2\/categories?post=39885"},{"taxonomy":"post_tag","embeddable":true,"href":"https:\/\/www.laguiadepamplona.com\/actualidad\/wp-json\/wp\/v2\/tags?post=39885"}],"curies":[{"name":"wp","href":"https:\/\/api.w.org\/{rel}","templated":true}]}}