{"id":39871,"date":"2022-04-05T12:50:19","date_gmt":"2022-04-05T10:50:19","guid":{"rendered":"https:\/\/www.laguiadepamplona.com\/actualidad\/?p=39871"},"modified":"2023-04-11T11:48:20","modified_gmt":"2023-04-11T09:48:20","slug":"como-la-rochapea-se-convertira-en-un-distrito-positivo-de-energia-verde","status":"publish","type":"post","link":"https:\/\/www.laguiadepamplona.com\/actualidad\/como-la-rochapea-se-convertira-en-un-distrito-positivo-de-energia-verde\/","title":{"rendered":"C\u00f3mo la Rochapea se convertir\u00e1 en un distrito positivo de energ\u00eda verde"},"content":{"rendered":"<h5>Ma\u00f1ana mi\u00e9rcoles, a las 19 horas, el Museo de Educaci\u00f3n Ambiental acoger\u00e1 una charla informativa sobre el proyecto oPEN Lab<\/h5>\n<p><!--more--><\/p>\n<p>Ma\u00f1ana mi\u00e9rcoles, a las 19 horas, en el Museo de Educaci\u00f3n Ambiental se presentar\u00e1 un proyecto sobre energ\u00edas limpia espec\u00edfico para el barrio de Rochapea en el que en Consistorio viene trabajando desde 2021: el oPEN Lab (\u2018<em>Open innovation living labs for Positive Energy Neighbourhoods\u2019<\/em>).<br \/>\n<script async src=\"\/\/pagead2.googlesyndication.com\/pagead\/js\/adsbygoogle.js\"><\/script><br \/>\n<!-- Noticias La Guia de Pamplona --><br \/>\n<ins class=\"adsbygoogle\"\nstyle=\"display:block\"\ndata-ad-client=\"ca-pub-6943679897239327\"\ndata-ad-slot=\"7048180777\"\ndata-ad-format=\"auto\"><\/ins><br \/>\n<script>\n(adsbygoogle = window.adsbygoogle || []).push({});\n<\/script><\/p>\n<p>El Museo de Educaci\u00f3n Ambiental acoger\u00e1 una sesi\u00f3n, abierta a vecindario, asociaciones y distintos agentes y entidades de la zona que ser\u00e1 impartida por Jose Costero, director de la Oficina Estrat\u00e9gica del Ayuntamiento de Pamplona y Rufino Hern\u00e1ndez, profesor investigador y catedr\u00e1tico del Departamento de Arquitectura de la UPV\/EHU y socio fundador de Alonso Hern\u00e1ndez &amp; Asociados Arquitectura S.L. (AH), la empresa de arquitectura e ingenier\u00eda que, junto con Obras Especiales Edificaci\u00f3n e Infraestructuras (OBENASA), respaldan el proyecto de renovaci\u00f3n de IWER.<\/p>\n<p>El barrio de Rochapea ha sido elegido como espacio urbano piloto para crear un distrito positivo de energ\u00eda verde mediante diversas iniciativas, entre otras crear un espacio colaborativo de autogeneraci\u00f3n y autogesti\u00f3n de energ\u00eda limpia para el a\u00f1o 2024. Esta primera propuesta centrada en el entorno del edificio IWER (antigua MATESA) y en 12 viviendas de alquiler social de San Pedro, implica colaboraci\u00f3n p\u00fablico-privada y la participaci\u00f3n de agentes sociales. Ambos ponentes presentar\u00e1n los detalles del proyecto en una sesi\u00f3n que tiene un aforo limitado a 70 personas.<br \/>\n<script async src=\"\/\/pagead2.googlesyndication.com\/pagead\/js\/adsbygoogle.js\"><\/script><br \/>\n<!-- Noticias La Guia de Pamplona --><br \/>\n<ins class=\"adsbygoogle\"\nstyle=\"display:block\"\ndata-ad-client=\"ca-pub-6943679897239327\"\ndata-ad-slot=\"7048180777\"\ndata-ad-format=\"auto\"><\/ins><br \/>\n<script>\n(adsbygoogle = window.adsbygoogle || []).push({});\n<\/script><\/p>\n<p><strong>Una experiencia de colaboraci\u00f3n y \u201creplicable\u201d<\/strong><\/p>\n<p>Para constituir el germen del Distrito Positivo de Energ\u00eda Verde los edificios del Grupo San Pedro que participen en el proyecto, equipados con placas fotovoltaicas, se conectar\u00e1n f\u00edsica o virtualmente con el complejo de IWER, que a su vez albergar\u00e1 una planta energ\u00e9tica de 900 kWp. De esta forma ser\u00e1n posibles los intercambios energ\u00e9ticos entre todas las instalaciones limpias y el balance de la red local.<\/p>\n<p>En este proyecto se trata de aplicar t\u00e9cnicas innovadoras de rehabilitaci\u00f3n energ\u00e9tica de edificios, realizando instalaciones de energ\u00eda fotovoltaica que suministren electricidad, tanto a esos edificios, como al conjunto del barrio. De la energ\u00eda se har\u00e1 una gesti\u00f3n inteligente mediante la creaci\u00f3n de una comunidad energ\u00e9tica y una oficina especializada en el barrio que dinamice el proyecto.<br \/>\n<script async src=\"\/\/pagead2.googlesyndication.com\/pagead\/js\/adsbygoogle.js\"><\/script><br \/>\n<!-- Noticias La Guia de Pamplona --><br \/>\n<ins class=\"adsbygoogle\"\nstyle=\"display:block\"\ndata-ad-client=\"ca-pub-6943679897239327\"\ndata-ad-slot=\"7048180777\"\ndata-ad-format=\"auto\"><\/ins><br \/>\n<script>\n(adsbygoogle = window.adsbygoogle || []).push({});\n<\/script><\/p>\n<p>As\u00ed, el distrito verde de Rochapea ser\u00e1 la plataforma de ensayo de tecnolog\u00edas de rehabilitaci\u00f3n innovadoras que vayan m\u00e1s all\u00e1 de las exigencias del marco legal, para obtener, por un lado, una reducci\u00f3n en la demanda energ\u00e9tica y para generar, por otro, energ\u00eda local, limpia y asequible. La experiencia es piloto porque quiere ser un campo de experimentaci\u00f3n de paquetes de soluciones comercialmente viables y replicables en otros espacios urbanos para crear sistemas energ\u00e9ticos locales que produzcan m\u00e1s energ\u00eda de la que consumen.<\/p>\n<p>Esta propuesta es una de las l\u00edneas de trabajo municipal del proyecto \u2018<em>Pamplona: Local Energy Communities Fostering Positive Energy Districts<\/em>\u2019, dentro de la convocatoria European City Facility (EUCF). Las acciones que llevar\u00e1 a cabo el Consistorio contar\u00e1n con una aportaci\u00f3n de 1.217.205 euros, subvencionados al 100% por la Comisi\u00f3n Europea. El proyecto \u2018Distrito Positivo de Energ\u00eda Verde de la Rochapea\u2019 est\u00e1 alineado con los objetivos de la Estrategia 2030 \u2013 Agenda Urbana de Pamplona y con la Estrategia de Transici\u00f3n Energ\u00e9tica y Cambio Clim\u00e1tico.<\/p>\n","protected":false},"excerpt":{"rendered":"<p>Ma\u00f1ana mi\u00e9rcoles, a las 19 horas, el Museo de Educaci\u00f3n Ambiental acoger\u00e1 una charla informativa sobre el proyecto oPEN Lab<\/p>\n","protected":false},"author":1,"featured_media":39872,"comment_status":"open","ping_status":"closed","sticky":false,"template":"","format":"standard","meta":{"footnotes":""},"categories":[2],"tags":[],"class_list":["post-39871","post","type-post","status-publish","format-standard","has-post-thumbnail","hentry","category-ayuntamiento-pamplona"],"yoast_head":"<!-- This site is optimized with the Yoast SEO plugin v27.3 - https:\/\/yoast.com\/product\/yoast-seo-wordpress\/ -->\n<title>C\u00f3mo la Rochapea se convertir\u00e1 en un distrito positivo de energ\u00eda verde<\/title>\n<meta name=\"description\" content=\"Ma\u00f1ana mi\u00e9rcoles, a las 19 horas, el Museo de Educaci\u00f3n Ambiental acoger\u00e1 una charla informativa sobre el proyecto oPEN Lab\" \/>\n<meta name=\"robots\" content=\"index, follow, max-snippet:-1, max-image-preview:large, max-video-preview:-1\" \/>\n<link rel=\"canonical\" href=\"https:\/\/www.laguiadepamplona.com\/actualidad\/como-la-rochapea-se-convertira-en-un-distrito-positivo-de-energia-verde\/\" \/>\n<meta property=\"og:locale\" content=\"es_ES\" \/>\n<meta property=\"og:type\" content=\"article\" \/>\n<meta property=\"og:title\" content=\"C\u00f3mo la Rochapea se convertir\u00e1 en un distrito positivo de energ\u00eda verde\" \/>\n<meta property=\"og:description\" content=\"Ma\u00f1ana mi\u00e9rcoles, a las 19 horas, el Museo de Educaci\u00f3n Ambiental acoger\u00e1 una charla informativa sobre el proyecto oPEN Lab\" \/>\n<meta property=\"og:url\" content=\"https:\/\/www.laguiadepamplona.com\/actualidad\/como-la-rochapea-se-convertira-en-un-distrito-positivo-de-energia-verde\/\" \/>\n<meta property=\"og:site_name\" content=\"La Gu\u00eda de Pamplona\" \/>\n<meta property=\"article:publisher\" content=\"https:\/\/www.facebook.com\/laguiadepamplonacom-133175176762273\/?ref=hl\" \/>\n<meta property=\"article:published_time\" content=\"2022-04-05T10:50:19+00:00\" \/>\n<meta property=\"article:modified_time\" content=\"2023-04-11T09:48:20+00:00\" \/>\n<meta property=\"og:image\" content=\"https:\/\/www.laguiadepamplona.com\/actualidad\/wp-content\/uploads\/2022\/04\/Captura-OPEnlab.png\" \/>\n\t<meta property=\"og:image:width\" content=\"744\" \/>\n\t<meta property=\"og:image:height\" content=\"695\" \/>\n\t<meta property=\"og:image:type\" content=\"image\/png\" \/>\n<meta name=\"author\" content=\"La Gu\u00eda de Pamplona\" \/>\n<meta name=\"twitter:card\" content=\"summary_large_image\" \/>\n<meta name=\"twitter:creator\" content=\"@LaGuiadPamplona\" \/>\n<meta name=\"twitter:site\" content=\"@LaGuiadPamplona\" \/>\n<meta name=\"twitter:label1\" content=\"Escrito por\" \/>\n\t<meta name=\"twitter:data1\" content=\"La Gu\u00eda de Pamplona\" \/>\n\t<meta name=\"twitter:label2\" content=\"Tiempo de lectura\" \/>\n\t<meta name=\"twitter:data2\" content=\"3 minutos\" \/>\n<script type=\"application\/ld+json\" class=\"yoast-schema-graph\">{\"@context\":\"https:\\\/\\\/schema.org\",\"@graph\":[{\"@type\":\"Article\",\"@id\":\"https:\\\/\\\/www.laguiadepamplona.com\\\/actualidad\\\/como-la-rochapea-se-convertira-en-un-distrito-positivo-de-energia-verde\\\/#article\",\"isPartOf\":{\"@id\":\"https:\\\/\\\/www.laguiadepamplona.com\\\/actualidad\\\/como-la-rochapea-se-convertira-en-un-distrito-positivo-de-energia-verde\\\/\"},\"author\":{\"name\":\"La Gu\u00eda de Pamplona\",\"@id\":\"https:\\\/\\\/www.laguiadepamplona.com\\\/actualidad\\\/#\\\/schema\\\/person\\\/efe887376f0213d4657c93adc50b1fdb\"},\"headline\":\"C\u00f3mo la Rochapea se convertir\u00e1 en un distrito positivo de energ\u00eda verde\",\"datePublished\":\"2022-04-05T10:50:19+00:00\",\"dateModified\":\"2023-04-11T09:48:20+00:00\",\"mainEntityOfPage\":{\"@id\":\"https:\\\/\\\/www.laguiadepamplona.com\\\/actualidad\\\/como-la-rochapea-se-convertira-en-un-distrito-positivo-de-energia-verde\\\/\"},\"wordCount\":596,\"commentCount\":0,\"publisher\":{\"@id\":\"https:\\\/\\\/www.laguiadepamplona.com\\\/actualidad\\\/#organization\"},\"image\":{\"@id\":\"https:\\\/\\\/www.laguiadepamplona.com\\\/actualidad\\\/como-la-rochapea-se-convertira-en-un-distrito-positivo-de-energia-verde\\\/#primaryimage\"},\"thumbnailUrl\":\"https:\\\/\\\/www.laguiadepamplona.com\\\/actualidad\\\/wp-content\\\/uploads\\\/2022\\\/04\\\/Captura-OPEnlab.png\",\"articleSection\":[\"Ayto Pamplona\"],\"inLanguage\":\"es\",\"potentialAction\":[{\"@type\":\"CommentAction\",\"name\":\"Comment\",\"target\":[\"https:\\\/\\\/www.laguiadepamplona.com\\\/actualidad\\\/como-la-rochapea-se-convertira-en-un-distrito-positivo-de-energia-verde\\\/#respond\"]}]},{\"@type\":\"WebPage\",\"@id\":\"https:\\\/\\\/www.laguiadepamplona.com\\\/actualidad\\\/como-la-rochapea-se-convertira-en-un-distrito-positivo-de-energia-verde\\\/\",\"url\":\"https:\\\/\\\/www.laguiadepamplona.com\\\/actualidad\\\/como-la-rochapea-se-convertira-en-un-distrito-positivo-de-energia-verde\\\/\",\"name\":\"C\u00f3mo la Rochapea se convertir\u00e1 en un distrito positivo de energ\u00eda verde\",\"isPartOf\":{\"@id\":\"https:\\\/\\\/www.laguiadepamplona.com\\\/actualidad\\\/#website\"},\"primaryImageOfPage\":{\"@id\":\"https:\\\/\\\/www.laguiadepamplona.com\\\/actualidad\\\/como-la-rochapea-se-convertira-en-un-distrito-positivo-de-energia-verde\\\/#primaryimage\"},\"image\":{\"@id\":\"https:\\\/\\\/www.laguiadepamplona.com\\\/actualidad\\\/como-la-rochapea-se-convertira-en-un-distrito-positivo-de-energia-verde\\\/#primaryimage\"},\"thumbnailUrl\":\"https:\\\/\\\/www.laguiadepamplona.com\\\/actualidad\\\/wp-content\\\/uploads\\\/2022\\\/04\\\/Captura-OPEnlab.png\",\"datePublished\":\"2022-04-05T10:50:19+00:00\",\"dateModified\":\"2023-04-11T09:48:20+00:00\",\"description\":\"Ma\u00f1ana mi\u00e9rcoles, a las 19 horas, el Museo de Educaci\u00f3n Ambiental acoger\u00e1 una charla informativa sobre el proyecto oPEN Lab\",\"breadcrumb\":{\"@id\":\"https:\\\/\\\/www.laguiadepamplona.com\\\/actualidad\\\/como-la-rochapea-se-convertira-en-un-distrito-positivo-de-energia-verde\\\/#breadcrumb\"},\"inLanguage\":\"es\",\"potentialAction\":[{\"@type\":\"ReadAction\",\"target\":[\"https:\\\/\\\/www.laguiadepamplona.com\\\/actualidad\\\/como-la-rochapea-se-convertira-en-un-distrito-positivo-de-energia-verde\\\/\"]}]},{\"@type\":\"ImageObject\",\"inLanguage\":\"es\",\"@id\":\"https:\\\/\\\/www.laguiadepamplona.com\\\/actualidad\\\/como-la-rochapea-se-convertira-en-un-distrito-positivo-de-energia-verde\\\/#primaryimage\",\"url\":\"https:\\\/\\\/www.laguiadepamplona.com\\\/actualidad\\\/wp-content\\\/uploads\\\/2022\\\/04\\\/Captura-OPEnlab.png\",\"contentUrl\":\"https:\\\/\\\/www.laguiadepamplona.com\\\/actualidad\\\/wp-content\\\/uploads\\\/2022\\\/04\\\/Captura-OPEnlab.png\",\"width\":744,\"height\":695},{\"@type\":\"BreadcrumbList\",\"@id\":\"https:\\\/\\\/www.laguiadepamplona.com\\\/actualidad\\\/como-la-rochapea-se-convertira-en-un-distrito-positivo-de-energia-verde\\\/#breadcrumb\",\"itemListElement\":[{\"@type\":\"ListItem\",\"position\":1,\"name\":\"Portada\",\"item\":\"https:\\\/\\\/www.laguiadepamplona.com\\\/actualidad\\\/\"},{\"@type\":\"ListItem\",\"position\":2,\"name\":\"C\u00f3mo la Rochapea se convertir\u00e1 en un distrito positivo de energ\u00eda verde\"}]},{\"@type\":\"WebSite\",\"@id\":\"https:\\\/\\\/www.laguiadepamplona.com\\\/actualidad\\\/#website\",\"url\":\"https:\\\/\\\/www.laguiadepamplona.com\\\/actualidad\\\/\",\"name\":\"La gu\u00eda de Pamplona\",\"description\":\"Noticias de Pamplona\",\"publisher\":{\"@id\":\"https:\\\/\\\/www.laguiadepamplona.com\\\/actualidad\\\/#organization\"},\"potentialAction\":[{\"@type\":\"SearchAction\",\"target\":{\"@type\":\"EntryPoint\",\"urlTemplate\":\"https:\\\/\\\/www.laguiadepamplona.com\\\/actualidad\\\/?s={search_term_string}\"},\"query-input\":{\"@type\":\"PropertyValueSpecification\",\"valueRequired\":true,\"valueName\":\"search_term_string\"}}],\"inLanguage\":\"es\"},{\"@type\":\"Organization\",\"@id\":\"https:\\\/\\\/www.laguiadepamplona.com\\\/actualidad\\\/#organization\",\"name\":\"La Gu\u00eda de Pamplona \\\/ Noticias\",\"url\":\"https:\\\/\\\/www.laguiadepamplona.com\\\/actualidad\\\/\",\"logo\":{\"@type\":\"ImageObject\",\"inLanguage\":\"es\",\"@id\":\"https:\\\/\\\/www.laguiadepamplona.com\\\/actualidad\\\/#\\\/schema\\\/logo\\\/image\\\/\",\"url\":\"https:\\\/\\\/www.laguiadepamplona.com\\\/actualidad\\\/wp-content\\\/uploads\\\/2018\\\/11\\\/logo-laguiadepamplona18-web1.png\",\"contentUrl\":\"https:\\\/\\\/www.laguiadepamplona.com\\\/actualidad\\\/wp-content\\\/uploads\\\/2018\\\/11\\\/logo-laguiadepamplona18-web1.png\",\"width\":600,\"height\":196,\"caption\":\"La Gu\u00eda de Pamplona \\\/ Noticias\"},\"image\":{\"@id\":\"https:\\\/\\\/www.laguiadepamplona.com\\\/actualidad\\\/#\\\/schema\\\/logo\\\/image\\\/\"},\"sameAs\":[\"https:\\\/\\\/www.facebook.com\\\/laguiadepamplonacom-133175176762273\\\/?ref=hl\",\"https:\\\/\\\/x.com\\\/LaGuiadPamplona\",\"https:\\\/\\\/www.instagram.com\\\/la_guia_de_pamplona\\\/\",\"https:\\\/\\\/www.youtube.com\\\/user\\\/laguiadepamplona\"]},{\"@type\":\"Person\",\"@id\":\"https:\\\/\\\/www.laguiadepamplona.com\\\/actualidad\\\/#\\\/schema\\\/person\\\/efe887376f0213d4657c93adc50b1fdb\",\"name\":\"La Gu\u00eda de Pamplona\",\"image\":{\"@type\":\"ImageObject\",\"inLanguage\":\"es\",\"@id\":\"https:\\\/\\\/secure.gravatar.com\\\/avatar\\\/b6992f131dc8d30ab0dff15446e9d346d9dbd95992de0fef795073f5ea83a81c?s=96&d=mm&r=g\",\"url\":\"https:\\\/\\\/secure.gravatar.com\\\/avatar\\\/b6992f131dc8d30ab0dff15446e9d346d9dbd95992de0fef795073f5ea83a81c?s=96&d=mm&r=g\",\"contentUrl\":\"https:\\\/\\\/secure.gravatar.com\\\/avatar\\\/b6992f131dc8d30ab0dff15446e9d346d9dbd95992de0fef795073f5ea83a81c?s=96&d=mm&r=g\",\"caption\":\"La Gu\u00eda de Pamplona\"}}]}<\/script>\n<!-- \/ Yoast SEO plugin. -->","yoast_head_json":{"title":"C\u00f3mo la Rochapea se convertir\u00e1 en un distrito positivo de energ\u00eda verde","description":"Ma\u00f1ana mi\u00e9rcoles, a las 19 horas, el Museo de Educaci\u00f3n Ambiental acoger\u00e1 una charla informativa sobre el proyecto oPEN Lab","robots":{"index":"index","follow":"follow","max-snippet":"max-snippet:-1","max-image-preview":"max-image-preview:large","max-video-preview":"max-video-preview:-1"},"canonical":"https:\/\/www.laguiadepamplona.com\/actualidad\/como-la-rochapea-se-convertira-en-un-distrito-positivo-de-energia-verde\/","og_locale":"es_ES","og_type":"article","og_title":"C\u00f3mo la Rochapea se convertir\u00e1 en un distrito positivo de energ\u00eda verde","og_description":"Ma\u00f1ana mi\u00e9rcoles, a las 19 horas, el Museo de Educaci\u00f3n Ambiental acoger\u00e1 una charla informativa sobre el proyecto oPEN Lab","og_url":"https:\/\/www.laguiadepamplona.com\/actualidad\/como-la-rochapea-se-convertira-en-un-distrito-positivo-de-energia-verde\/","og_site_name":"La Gu\u00eda de Pamplona","article_publisher":"https:\/\/www.facebook.com\/laguiadepamplonacom-133175176762273\/?ref=hl","article_published_time":"2022-04-05T10:50:19+00:00","article_modified_time":"2023-04-11T09:48:20+00:00","og_image":[{"width":744,"height":695,"url":"https:\/\/www.laguiadepamplona.com\/actualidad\/wp-content\/uploads\/2022\/04\/Captura-OPEnlab.png","type":"image\/png"}],"author":"La Gu\u00eda de Pamplona","twitter_card":"summary_large_image","twitter_creator":"@LaGuiadPamplona","twitter_site":"@LaGuiadPamplona","twitter_misc":{"Escrito por":"La Gu\u00eda de Pamplona","Tiempo de lectura":"3 minutos"},"schema":{"@context":"https:\/\/schema.org","@graph":[{"@type":"Article","@id":"https:\/\/www.laguiadepamplona.com\/actualidad\/como-la-rochapea-se-convertira-en-un-distrito-positivo-de-energia-verde\/#article","isPartOf":{"@id":"https:\/\/www.laguiadepamplona.com\/actualidad\/como-la-rochapea-se-convertira-en-un-distrito-positivo-de-energia-verde\/"},"author":{"name":"La Gu\u00eda de Pamplona","@id":"https:\/\/www.laguiadepamplona.com\/actualidad\/#\/schema\/person\/efe887376f0213d4657c93adc50b1fdb"},"headline":"C\u00f3mo la Rochapea se convertir\u00e1 en un distrito positivo de energ\u00eda verde","datePublished":"2022-04-05T10:50:19+00:00","dateModified":"2023-04-11T09:48:20+00:00","mainEntityOfPage":{"@id":"https:\/\/www.laguiadepamplona.com\/actualidad\/como-la-rochapea-se-convertira-en-un-distrito-positivo-de-energia-verde\/"},"wordCount":596,"commentCount":0,"publisher":{"@id":"https:\/\/www.laguiadepamplona.com\/actualidad\/#organization"},"image":{"@id":"https:\/\/www.laguiadepamplona.com\/actualidad\/como-la-rochapea-se-convertira-en-un-distrito-positivo-de-energia-verde\/#primaryimage"},"thumbnailUrl":"https:\/\/www.laguiadepamplona.com\/actualidad\/wp-content\/uploads\/2022\/04\/Captura-OPEnlab.png","articleSection":["Ayto Pamplona"],"inLanguage":"es","potentialAction":[{"@type":"CommentAction","name":"Comment","target":["https:\/\/www.laguiadepamplona.com\/actualidad\/como-la-rochapea-se-convertira-en-un-distrito-positivo-de-energia-verde\/#respond"]}]},{"@type":"WebPage","@id":"https:\/\/www.laguiadepamplona.com\/actualidad\/como-la-rochapea-se-convertira-en-un-distrito-positivo-de-energia-verde\/","url":"https:\/\/www.laguiadepamplona.com\/actualidad\/como-la-rochapea-se-convertira-en-un-distrito-positivo-de-energia-verde\/","name":"C\u00f3mo la Rochapea se convertir\u00e1 en un distrito positivo de energ\u00eda verde","isPartOf":{"@id":"https:\/\/www.laguiadepamplona.com\/actualidad\/#website"},"primaryImageOfPage":{"@id":"https:\/\/www.laguiadepamplona.com\/actualidad\/como-la-rochapea-se-convertira-en-un-distrito-positivo-de-energia-verde\/#primaryimage"},"image":{"@id":"https:\/\/www.laguiadepamplona.com\/actualidad\/como-la-rochapea-se-convertira-en-un-distrito-positivo-de-energia-verde\/#primaryimage"},"thumbnailUrl":"https:\/\/www.laguiadepamplona.com\/actualidad\/wp-content\/uploads\/2022\/04\/Captura-OPEnlab.png","datePublished":"2022-04-05T10:50:19+00:00","dateModified":"2023-04-11T09:48:20+00:00","description":"Ma\u00f1ana mi\u00e9rcoles, a las 19 horas, el Museo de Educaci\u00f3n Ambiental acoger\u00e1 una charla informativa sobre el proyecto oPEN Lab","breadcrumb":{"@id":"https:\/\/www.laguiadepamplona.com\/actualidad\/como-la-rochapea-se-convertira-en-un-distrito-positivo-de-energia-verde\/#breadcrumb"},"inLanguage":"es","potentialAction":[{"@type":"ReadAction","target":["https:\/\/www.laguiadepamplona.com\/actualidad\/como-la-rochapea-se-convertira-en-un-distrito-positivo-de-energia-verde\/"]}]},{"@type":"ImageObject","inLanguage":"es","@id":"https:\/\/www.laguiadepamplona.com\/actualidad\/como-la-rochapea-se-convertira-en-un-distrito-positivo-de-energia-verde\/#primaryimage","url":"https:\/\/www.laguiadepamplona.com\/actualidad\/wp-content\/uploads\/2022\/04\/Captura-OPEnlab.png","contentUrl":"https:\/\/www.laguiadepamplona.com\/actualidad\/wp-content\/uploads\/2022\/04\/Captura-OPEnlab.png","width":744,"height":695},{"@type":"BreadcrumbList","@id":"https:\/\/www.laguiadepamplona.com\/actualidad\/como-la-rochapea-se-convertira-en-un-distrito-positivo-de-energia-verde\/#breadcrumb","itemListElement":[{"@type":"ListItem","position":1,"name":"Portada","item":"https:\/\/www.laguiadepamplona.com\/actualidad\/"},{"@type":"ListItem","position":2,"name":"C\u00f3mo la Rochapea se convertir\u00e1 en un distrito positivo de energ\u00eda verde"}]},{"@type":"WebSite","@id":"https:\/\/www.laguiadepamplona.com\/actualidad\/#website","url":"https:\/\/www.laguiadepamplona.com\/actualidad\/","name":"La gu\u00eda de Pamplona","description":"Noticias de Pamplona","publisher":{"@id":"https:\/\/www.laguiadepamplona.com\/actualidad\/#organization"},"potentialAction":[{"@type":"SearchAction","target":{"@type":"EntryPoint","urlTemplate":"https:\/\/www.laguiadepamplona.com\/actualidad\/?s={search_term_string}"},"query-input":{"@type":"PropertyValueSpecification","valueRequired":true,"valueName":"search_term_string"}}],"inLanguage":"es"},{"@type":"Organization","@id":"https:\/\/www.laguiadepamplona.com\/actualidad\/#organization","name":"La Gu\u00eda de Pamplona \/ Noticias","url":"https:\/\/www.laguiadepamplona.com\/actualidad\/","logo":{"@type":"ImageObject","inLanguage":"es","@id":"https:\/\/www.laguiadepamplona.com\/actualidad\/#\/schema\/logo\/image\/","url":"https:\/\/www.laguiadepamplona.com\/actualidad\/wp-content\/uploads\/2018\/11\/logo-laguiadepamplona18-web1.png","contentUrl":"https:\/\/www.laguiadepamplona.com\/actualidad\/wp-content\/uploads\/2018\/11\/logo-laguiadepamplona18-web1.png","width":600,"height":196,"caption":"La Gu\u00eda de Pamplona \/ Noticias"},"image":{"@id":"https:\/\/www.laguiadepamplona.com\/actualidad\/#\/schema\/logo\/image\/"},"sameAs":["https:\/\/www.facebook.com\/laguiadepamplonacom-133175176762273\/?ref=hl","https:\/\/x.com\/LaGuiadPamplona","https:\/\/www.instagram.com\/la_guia_de_pamplona\/","https:\/\/www.youtube.com\/user\/laguiadepamplona"]},{"@type":"Person","@id":"https:\/\/www.laguiadepamplona.com\/actualidad\/#\/schema\/person\/efe887376f0213d4657c93adc50b1fdb","name":"La Gu\u00eda de Pamplona","image":{"@type":"ImageObject","inLanguage":"es","@id":"https:\/\/secure.gravatar.com\/avatar\/b6992f131dc8d30ab0dff15446e9d346d9dbd95992de0fef795073f5ea83a81c?s=96&d=mm&r=g","url":"https:\/\/secure.gravatar.com\/avatar\/b6992f131dc8d30ab0dff15446e9d346d9dbd95992de0fef795073f5ea83a81c?s=96&d=mm&r=g","contentUrl":"https:\/\/secure.gravatar.com\/avatar\/b6992f131dc8d30ab0dff15446e9d346d9dbd95992de0fef795073f5ea83a81c?s=96&d=mm&r=g","caption":"La Gu\u00eda de Pamplona"}}]}},"post_mailing_queue_ids":[],"_links":{"self":[{"href":"https:\/\/www.laguiadepamplona.com\/actualidad\/wp-json\/wp\/v2\/posts\/39871","targetHints":{"allow":["GET"]}}],"collection":[{"href":"https:\/\/www.laguiadepamplona.com\/actualidad\/wp-json\/wp\/v2\/posts"}],"about":[{"href":"https:\/\/www.laguiadepamplona.com\/actualidad\/wp-json\/wp\/v2\/types\/post"}],"author":[{"embeddable":true,"href":"https:\/\/www.laguiadepamplona.com\/actualidad\/wp-json\/wp\/v2\/users\/1"}],"replies":[{"embeddable":true,"href":"https:\/\/www.laguiadepamplona.com\/actualidad\/wp-json\/wp\/v2\/comments?post=39871"}],"version-history":[{"count":0,"href":"https:\/\/www.laguiadepamplona.com\/actualidad\/wp-json\/wp\/v2\/posts\/39871\/revisions"}],"wp:featuredmedia":[{"embeddable":true,"href":"https:\/\/www.laguiadepamplona.com\/actualidad\/wp-json\/wp\/v2\/media\/39872"}],"wp:attachment":[{"href":"https:\/\/www.laguiadepamplona.com\/actualidad\/wp-json\/wp\/v2\/media?parent=39871"}],"wp:term":[{"taxonomy":"category","embeddable":true,"href":"https:\/\/www.laguiadepamplona.com\/actualidad\/wp-json\/wp\/v2\/categories?post=39871"},{"taxonomy":"post_tag","embeddable":true,"href":"https:\/\/www.laguiadepamplona.com\/actualidad\/wp-json\/wp\/v2\/tags?post=39871"}],"curies":[{"name":"wp","href":"https:\/\/api.w.org\/{rel}","templated":true}]}}