{"id":39861,"date":"2022-04-05T12:36:27","date_gmt":"2022-04-05T10:36:27","guid":{"rendered":"https:\/\/www.laguiadepamplona.com\/actualidad\/?p=39861"},"modified":"2023-04-11T11:48:20","modified_gmt":"2023-04-11T09:48:20","slug":"un-totem-en-el-camino-de-acceso-a-las-pasarelas-del-rio-arga-junto-al-molino-de-caparroso-recuerda-la-figura-de-la-funambulista-pamplonesa-remigia-echarren-aranguren","status":"publish","type":"post","link":"https:\/\/www.laguiadepamplona.com\/actualidad\/un-totem-en-el-camino-de-acceso-a-las-pasarelas-del-rio-arga-junto-al-molino-de-caparroso-recuerda-la-figura-de-la-funambulista-pamplonesa-remigia-echarren-aranguren\/","title":{"rendered":"Un t\u00f3tem en el camino de acceso a las pasarelas del r\u00edo Arga, junto al Molino de Caparroso, recuerda la figura de la funambulista pamplonesa Remigia Echarren Aranguren"},"content":{"rendered":"<h5>Conocida como \u2018La Reina del Arga\u2019, en ese mismo paraje del Molino de Caparroso cruz\u00f3 el r\u00edo a una altura de diez metros en 1883<\/h5>\n<p><!--more--><\/p>\n<p class=\"3Texto\">La Comisi\u00f3n de Asuntos Ciudadanos ha visitado esta ma\u00f1ana el t\u00f3tem en homenaje a la funambulista pamplonesa Remigia Echarren Aranguren, conocida como \u2018La Reina del Arga\u2019, colocado en el camino peatonal de acceso a las pasarelas sobre el r\u00edo, en el entorno del Molino de Caparroso. Se ha elegido ese punto como recuerdo de una de las actuaciones m\u00e1s espectaculares de Remigia Echarren de las que hay constancia, cuando en los Sanfermines de 1883 cruz\u00f3 el r\u00edo Arga a una altura de diez metros frente a la m\u00e1quina de Pinaquy con unos canastillos en los pies, deshaciendo despu\u00e9s el camino con los ojos vendados.<\/p>\n<p><script async src=\"\/\/pagead2.googlesyndication.com\/pagead\/js\/adsbygoogle.js\"><\/script><br \/>\n<!-- Noticias La Guia de Pamplona --><br \/>\n<ins class=\"adsbygoogle\"\nstyle=\"display:block\"\ndata-ad-client=\"ca-pub-6943679897239327\"\ndata-ad-slot=\"7048180777\"\ndata-ad-format=\"auto\"><\/ins><br \/>\n<script>\n(adsbygoogle = window.adsbygoogle || []).push({});\n<\/script><\/p>\n<p class=\"3Texto\">El t\u00f3tem se ha realizado en acero corten y tienen unas dimensiones de aproximadamente 1,70 metros de alto por 50 cent\u00edmetros de ancho. Cuenta con un dibujo de una funambulista, a modo de silueta recortada en la propia placa, y un breve texto sobre la vida de Remigia Echarren Aranguren en castellano, euskera, ingl\u00e9s y franc\u00e9s. Se ha incluido un c\u00f3digo QR para que las personas interesadas pueden acceden a m\u00e1s informaci\u00f3n sobre \u2018La Reina del Arga\u2019. El t\u00f3tem se completa con los logos del Ayuntamiento de Pamplona y el grupo Nombrar Mujeres en Pamplona, cuyo objetivo es dar visibilidad a la historia de las mujeres es la ciudad y promover la igualdad de g\u00e9nero en los nombres de calles y espacios p\u00fablicos.<\/p>\n<p class=\"3Texto\">En mayo del a\u00f1o pasado la Comisi\u00f3n de Asuntos Ciudadanos aprob\u00f3 una declaraci\u00f3n institucional en la que se instaba a la colocaci\u00f3n de un panel explicativo sobre Remigia Echarren, conocida tambi\u00e9n como Madamoiselle Agustini o La Reina del Arga\u2019. Remigia Echarren cuenta ya con una calle en el barrio de Ezcaba.<\/p>\n<p><script async src=\"\/\/pagead2.googlesyndication.com\/pagead\/js\/adsbygoogle.js\"><\/script><br \/>\n<!-- Noticias La Guia de Pamplona --><br \/>\n<ins class=\"adsbygoogle\"\nstyle=\"display:block\"\ndata-ad-client=\"ca-pub-6943679897239327\"\ndata-ad-slot=\"7048180777\"\ndata-ad-format=\"auto\"><\/ins><br \/>\n<script>\n(adsbygoogle = window.adsbygoogle || []).push({});\n<\/script><\/p>\n<p class=\"4Ladillo\"><strong>Su haza\u00f1a sobre el r\u00edo Arga<\/strong><\/p>\n<p class=\"3Texto\">Remigia Echarren Aranguren fue una de esas mujeres que sobresalen por encima del tiempo que les toca vivir. Singular por su oficio de funambulista y por su destacada personalidad, Remigia Echarren naci\u00f3 en el barrio de la Navarrer\u00eda el 11 de abril de 1953. No se sabe cu\u00e1ndo actu\u00f3 por vez primera en la ciudad, pero ya durante los Sanfermines de 1882 ofrec\u00eda un plato fuerte en la Plaza de Toros que consist\u00eda en cruzarla por el tejado, de un extremo a otro, a trav\u00e9s de una maroma.<\/p>\n<p class=\"3Texto\">Un a\u00f1o despu\u00e9s tuvo lugar su haza\u00f1a sobre el Arga. El peri\u00f3dico Lau Buru describi\u00f3 el acontecimiento. \u2018El espect\u00e1culo se verific\u00f3 en la parte del r\u00edo contigua a la f\u00e1brica de Pinaquy a las siete menos cuarto de la tarde. Un cuarto de hora antes nuestra distinguida paisana se dirig\u00eda a aquel punto y precedida de la banda de la Casa de Misericordia. Al mismo tiempo sal\u00edan por la puerta de la Tejer\u00eda millares de personas que fueron coloc\u00e1ndose en las inmediaciones del r\u00edo, de suerte que la peque\u00f1a explanada de la orilla izquierda del Arga y la Ripa llamada de Beloso, ofrec\u00edan un aspecto verdaderamente animado\u201d.<\/p>\n<p><script async src=\"\/\/pagead2.googlesyndication.com\/pagead\/js\/adsbygoogle.js\"><\/script><br \/>\n<!-- Noticias La Guia de Pamplona --><br \/>\n<ins class=\"adsbygoogle\"\nstyle=\"display:block\"\ndata-ad-client=\"ca-pub-6943679897239327\"\ndata-ad-slot=\"7048180777\"\ndata-ad-format=\"auto\"><\/ins><br \/>\n<script>\n(adsbygoogle = window.adsbygoogle || []).push({});\n<\/script><\/p>\n<p class=\"3Texto\">\u201cLa fun\u00e1mbula se dispuso a empezar su traves\u00eda; el p\u00fablico guard\u00f3 silencio unos momentos y a los tres minutos Agustini llegaba con toda serenidad al lado opuesto del no sobre el cual se hab\u00eda tendido la maroma a unos diez metros de altura. La equilibrista coloc\u00f3 los pies en unos canastillos y una vez sujeto convenientemente este calzado, cruz\u00f3 aquella el r\u00edo con verdadera serenidad, llegando cuatro minutos despu\u00e9s, al t\u00e9rmino de su arriesgado viaje\u00bb. Tampoco se le resisti\u00f3 la Plaza del Castillo, que tambi\u00e9n cruz\u00f3 con sus equilibrios. Seg\u00fan consta, el Ayuntamiento fue magn\u00e1nimo y le agradeci\u00f3 las actuaciones con una donaci\u00f3n de 500 pesetas.<\/p>\n<p class=\"3Texto\">Sus habilidades la hicieron famosa m\u00e1s all\u00e1 de Pamplona. El r\u00edo Pisuerga y la r\u00eda de Bilbao fueron otros escenarios en los que demostr\u00f3 su arte circense. Trabaj\u00f3 intensamente entre los a\u00f1os 1885 y 1892, a\u00f1o en que tuvo un accidente en Ondarroa cuando trabajaba en la maroma con una silla a quince metros de altura. Sufri\u00f3 diversas roturas que acabaron con su vida laboral y profesional. No obstante, y pese a ello a\u00fan actu\u00f3 en Pamplona en 1904. Al final de su vida, como las grandes tramoyistas de la historia, acab\u00f3 en la m\u00e1s absoluta miseria. Falleci\u00f3 el 9 de enero de 1921.<\/p>\n","protected":false},"excerpt":{"rendered":"<p>Conocida como \u2018La Reina del Arga\u2019, en ese mismo paraje del Molino de Caparroso cruz\u00f3 el r\u00edo a una altura de diez metros en 1883<\/p>\n","protected":false},"author":1,"featured_media":39862,"comment_status":"open","ping_status":"closed","sticky":false,"template":"","format":"standard","meta":{"footnotes":""},"categories":[2],"tags":[],"class_list":["post-39861","post","type-post","status-publish","format-standard","has-post-thumbnail","hentry","category-ayuntamiento-pamplona"],"yoast_head":"<!-- This site is optimized with the Yoast SEO plugin v27.3 - https:\/\/yoast.com\/product\/yoast-seo-wordpress\/ -->\n<title>Un t\u00f3tem en el camino de acceso a las pasarelas del r\u00edo Arga, junto al Molino de Caparroso, recuerda la figura de la funambulista pamplonesa Remigia Echarren Aranguren<\/title>\n<meta name=\"description\" content=\"Conocida como \u2018La Reina del Arga\u2019, en ese mismo paraje del Molino de Caparroso cruz\u00f3 el r\u00edo a una altura de diez metros en 1883\" \/>\n<meta name=\"robots\" content=\"index, follow, max-snippet:-1, max-image-preview:large, max-video-preview:-1\" \/>\n<link rel=\"canonical\" href=\"https:\/\/www.laguiadepamplona.com\/actualidad\/un-totem-en-el-camino-de-acceso-a-las-pasarelas-del-rio-arga-junto-al-molino-de-caparroso-recuerda-la-figura-de-la-funambulista-pamplonesa-remigia-echarren-aranguren\/\" \/>\n<meta property=\"og:locale\" content=\"es_ES\" \/>\n<meta property=\"og:type\" content=\"article\" \/>\n<meta property=\"og:title\" content=\"Un t\u00f3tem en el camino de acceso a las pasarelas del r\u00edo Arga, junto al Molino de Caparroso, recuerda la figura de la funambulista pamplonesa Remigia Echarren Aranguren\" \/>\n<meta property=\"og:description\" content=\"Conocida como \u2018La Reina del Arga\u2019, en ese mismo paraje del Molino de Caparroso cruz\u00f3 el r\u00edo a una altura de diez metros en 1883\" \/>\n<meta property=\"og:url\" content=\"https:\/\/www.laguiadepamplona.com\/actualidad\/un-totem-en-el-camino-de-acceso-a-las-pasarelas-del-rio-arga-junto-al-molino-de-caparroso-recuerda-la-figura-de-la-funambulista-pamplonesa-remigia-echarren-aranguren\/\" \/>\n<meta property=\"og:site_name\" content=\"La Gu\u00eda de Pamplona\" \/>\n<meta property=\"article:publisher\" content=\"https:\/\/www.facebook.com\/laguiadepamplonacom-133175176762273\/?ref=hl\" \/>\n<meta property=\"article:published_time\" content=\"2022-04-05T10:36:27+00:00\" \/>\n<meta property=\"article:modified_time\" content=\"2023-04-11T09:48:20+00:00\" \/>\n<meta property=\"og:image\" content=\"https:\/\/www.laguiadepamplona.com\/actualidad\/wp-content\/uploads\/2022\/04\/totem-camino-acceso-pasarelas-rio-arga.jpg\" \/>\n\t<meta property=\"og:image:width\" content=\"1772\" \/>\n\t<meta property=\"og:image:height\" content=\"1182\" \/>\n\t<meta property=\"og:image:type\" content=\"image\/jpeg\" \/>\n<meta name=\"author\" content=\"La Gu\u00eda de Pamplona\" \/>\n<meta name=\"twitter:card\" content=\"summary_large_image\" \/>\n<meta name=\"twitter:creator\" content=\"@LaGuiadPamplona\" \/>\n<meta name=\"twitter:site\" content=\"@LaGuiadPamplona\" \/>\n<meta name=\"twitter:label1\" content=\"Escrito por\" \/>\n\t<meta name=\"twitter:data1\" content=\"La Gu\u00eda de Pamplona\" \/>\n\t<meta name=\"twitter:label2\" content=\"Tiempo de lectura\" \/>\n\t<meta name=\"twitter:data2\" content=\"4 minutos\" \/>\n<script type=\"application\/ld+json\" class=\"yoast-schema-graph\">{\"@context\":\"https:\\\/\\\/schema.org\",\"@graph\":[{\"@type\":\"Article\",\"@id\":\"https:\\\/\\\/www.laguiadepamplona.com\\\/actualidad\\\/un-totem-en-el-camino-de-acceso-a-las-pasarelas-del-rio-arga-junto-al-molino-de-caparroso-recuerda-la-figura-de-la-funambulista-pamplonesa-remigia-echarren-aranguren\\\/#article\",\"isPartOf\":{\"@id\":\"https:\\\/\\\/www.laguiadepamplona.com\\\/actualidad\\\/un-totem-en-el-camino-de-acceso-a-las-pasarelas-del-rio-arga-junto-al-molino-de-caparroso-recuerda-la-figura-de-la-funambulista-pamplonesa-remigia-echarren-aranguren\\\/\"},\"author\":{\"name\":\"La Gu\u00eda de Pamplona\",\"@id\":\"https:\\\/\\\/www.laguiadepamplona.com\\\/actualidad\\\/#\\\/schema\\\/person\\\/efe887376f0213d4657c93adc50b1fdb\"},\"headline\":\"Un t\u00f3tem en el camino de acceso a las pasarelas del r\u00edo Arga, junto al Molino de Caparroso, recuerda la figura de la funambulista pamplonesa Remigia Echarren Aranguren\",\"datePublished\":\"2022-04-05T10:36:27+00:00\",\"dateModified\":\"2023-04-11T09:48:20+00:00\",\"mainEntityOfPage\":{\"@id\":\"https:\\\/\\\/www.laguiadepamplona.com\\\/actualidad\\\/un-totem-en-el-camino-de-acceso-a-las-pasarelas-del-rio-arga-junto-al-molino-de-caparroso-recuerda-la-figura-de-la-funambulista-pamplonesa-remigia-echarren-aranguren\\\/\"},\"wordCount\":794,\"commentCount\":0,\"publisher\":{\"@id\":\"https:\\\/\\\/www.laguiadepamplona.com\\\/actualidad\\\/#organization\"},\"image\":{\"@id\":\"https:\\\/\\\/www.laguiadepamplona.com\\\/actualidad\\\/un-totem-en-el-camino-de-acceso-a-las-pasarelas-del-rio-arga-junto-al-molino-de-caparroso-recuerda-la-figura-de-la-funambulista-pamplonesa-remigia-echarren-aranguren\\\/#primaryimage\"},\"thumbnailUrl\":\"https:\\\/\\\/www.laguiadepamplona.com\\\/actualidad\\\/wp-content\\\/uploads\\\/2022\\\/04\\\/totem-camino-acceso-pasarelas-rio-arga.jpg\",\"articleSection\":[\"Ayto Pamplona\"],\"inLanguage\":\"es\",\"potentialAction\":[{\"@type\":\"CommentAction\",\"name\":\"Comment\",\"target\":[\"https:\\\/\\\/www.laguiadepamplona.com\\\/actualidad\\\/un-totem-en-el-camino-de-acceso-a-las-pasarelas-del-rio-arga-junto-al-molino-de-caparroso-recuerda-la-figura-de-la-funambulista-pamplonesa-remigia-echarren-aranguren\\\/#respond\"]}]},{\"@type\":\"WebPage\",\"@id\":\"https:\\\/\\\/www.laguiadepamplona.com\\\/actualidad\\\/un-totem-en-el-camino-de-acceso-a-las-pasarelas-del-rio-arga-junto-al-molino-de-caparroso-recuerda-la-figura-de-la-funambulista-pamplonesa-remigia-echarren-aranguren\\\/\",\"url\":\"https:\\\/\\\/www.laguiadepamplona.com\\\/actualidad\\\/un-totem-en-el-camino-de-acceso-a-las-pasarelas-del-rio-arga-junto-al-molino-de-caparroso-recuerda-la-figura-de-la-funambulista-pamplonesa-remigia-echarren-aranguren\\\/\",\"name\":\"Un t\u00f3tem en el camino de acceso a las pasarelas del r\u00edo Arga, junto al Molino de Caparroso, recuerda la figura de la funambulista pamplonesa Remigia Echarren Aranguren\",\"isPartOf\":{\"@id\":\"https:\\\/\\\/www.laguiadepamplona.com\\\/actualidad\\\/#website\"},\"primaryImageOfPage\":{\"@id\":\"https:\\\/\\\/www.laguiadepamplona.com\\\/actualidad\\\/un-totem-en-el-camino-de-acceso-a-las-pasarelas-del-rio-arga-junto-al-molino-de-caparroso-recuerda-la-figura-de-la-funambulista-pamplonesa-remigia-echarren-aranguren\\\/#primaryimage\"},\"image\":{\"@id\":\"https:\\\/\\\/www.laguiadepamplona.com\\\/actualidad\\\/un-totem-en-el-camino-de-acceso-a-las-pasarelas-del-rio-arga-junto-al-molino-de-caparroso-recuerda-la-figura-de-la-funambulista-pamplonesa-remigia-echarren-aranguren\\\/#primaryimage\"},\"thumbnailUrl\":\"https:\\\/\\\/www.laguiadepamplona.com\\\/actualidad\\\/wp-content\\\/uploads\\\/2022\\\/04\\\/totem-camino-acceso-pasarelas-rio-arga.jpg\",\"datePublished\":\"2022-04-05T10:36:27+00:00\",\"dateModified\":\"2023-04-11T09:48:20+00:00\",\"description\":\"Conocida como \u2018La Reina del Arga\u2019, en ese mismo paraje del Molino de Caparroso cruz\u00f3 el r\u00edo a una altura de diez metros en 1883\",\"breadcrumb\":{\"@id\":\"https:\\\/\\\/www.laguiadepamplona.com\\\/actualidad\\\/un-totem-en-el-camino-de-acceso-a-las-pasarelas-del-rio-arga-junto-al-molino-de-caparroso-recuerda-la-figura-de-la-funambulista-pamplonesa-remigia-echarren-aranguren\\\/#breadcrumb\"},\"inLanguage\":\"es\",\"potentialAction\":[{\"@type\":\"ReadAction\",\"target\":[\"https:\\\/\\\/www.laguiadepamplona.com\\\/actualidad\\\/un-totem-en-el-camino-de-acceso-a-las-pasarelas-del-rio-arga-junto-al-molino-de-caparroso-recuerda-la-figura-de-la-funambulista-pamplonesa-remigia-echarren-aranguren\\\/\"]}]},{\"@type\":\"ImageObject\",\"inLanguage\":\"es\",\"@id\":\"https:\\\/\\\/www.laguiadepamplona.com\\\/actualidad\\\/un-totem-en-el-camino-de-acceso-a-las-pasarelas-del-rio-arga-junto-al-molino-de-caparroso-recuerda-la-figura-de-la-funambulista-pamplonesa-remigia-echarren-aranguren\\\/#primaryimage\",\"url\":\"https:\\\/\\\/www.laguiadepamplona.com\\\/actualidad\\\/wp-content\\\/uploads\\\/2022\\\/04\\\/totem-camino-acceso-pasarelas-rio-arga.jpg\",\"contentUrl\":\"https:\\\/\\\/www.laguiadepamplona.com\\\/actualidad\\\/wp-content\\\/uploads\\\/2022\\\/04\\\/totem-camino-acceso-pasarelas-rio-arga.jpg\",\"width\":1772,\"height\":1182},{\"@type\":\"BreadcrumbList\",\"@id\":\"https:\\\/\\\/www.laguiadepamplona.com\\\/actualidad\\\/un-totem-en-el-camino-de-acceso-a-las-pasarelas-del-rio-arga-junto-al-molino-de-caparroso-recuerda-la-figura-de-la-funambulista-pamplonesa-remigia-echarren-aranguren\\\/#breadcrumb\",\"itemListElement\":[{\"@type\":\"ListItem\",\"position\":1,\"name\":\"Portada\",\"item\":\"https:\\\/\\\/www.laguiadepamplona.com\\\/actualidad\\\/\"},{\"@type\":\"ListItem\",\"position\":2,\"name\":\"Un t\u00f3tem en el camino de acceso a las pasarelas del r\u00edo Arga, junto al Molino de Caparroso, recuerda la figura de la funambulista pamplonesa Remigia Echarren Aranguren\"}]},{\"@type\":\"WebSite\",\"@id\":\"https:\\\/\\\/www.laguiadepamplona.com\\\/actualidad\\\/#website\",\"url\":\"https:\\\/\\\/www.laguiadepamplona.com\\\/actualidad\\\/\",\"name\":\"La gu\u00eda de Pamplona\",\"description\":\"Noticias de Pamplona\",\"publisher\":{\"@id\":\"https:\\\/\\\/www.laguiadepamplona.com\\\/actualidad\\\/#organization\"},\"potentialAction\":[{\"@type\":\"SearchAction\",\"target\":{\"@type\":\"EntryPoint\",\"urlTemplate\":\"https:\\\/\\\/www.laguiadepamplona.com\\\/actualidad\\\/?s={search_term_string}\"},\"query-input\":{\"@type\":\"PropertyValueSpecification\",\"valueRequired\":true,\"valueName\":\"search_term_string\"}}],\"inLanguage\":\"es\"},{\"@type\":\"Organization\",\"@id\":\"https:\\\/\\\/www.laguiadepamplona.com\\\/actualidad\\\/#organization\",\"name\":\"La Gu\u00eda de Pamplona \\\/ Noticias\",\"url\":\"https:\\\/\\\/www.laguiadepamplona.com\\\/actualidad\\\/\",\"logo\":{\"@type\":\"ImageObject\",\"inLanguage\":\"es\",\"@id\":\"https:\\\/\\\/www.laguiadepamplona.com\\\/actualidad\\\/#\\\/schema\\\/logo\\\/image\\\/\",\"url\":\"https:\\\/\\\/www.laguiadepamplona.com\\\/actualidad\\\/wp-content\\\/uploads\\\/2018\\\/11\\\/logo-laguiadepamplona18-web1.png\",\"contentUrl\":\"https:\\\/\\\/www.laguiadepamplona.com\\\/actualidad\\\/wp-content\\\/uploads\\\/2018\\\/11\\\/logo-laguiadepamplona18-web1.png\",\"width\":600,\"height\":196,\"caption\":\"La Gu\u00eda de Pamplona \\\/ Noticias\"},\"image\":{\"@id\":\"https:\\\/\\\/www.laguiadepamplona.com\\\/actualidad\\\/#\\\/schema\\\/logo\\\/image\\\/\"},\"sameAs\":[\"https:\\\/\\\/www.facebook.com\\\/laguiadepamplonacom-133175176762273\\\/?ref=hl\",\"https:\\\/\\\/x.com\\\/LaGuiadPamplona\",\"https:\\\/\\\/www.instagram.com\\\/la_guia_de_pamplona\\\/\",\"https:\\\/\\\/www.youtube.com\\\/user\\\/laguiadepamplona\"]},{\"@type\":\"Person\",\"@id\":\"https:\\\/\\\/www.laguiadepamplona.com\\\/actualidad\\\/#\\\/schema\\\/person\\\/efe887376f0213d4657c93adc50b1fdb\",\"name\":\"La Gu\u00eda de Pamplona\",\"image\":{\"@type\":\"ImageObject\",\"inLanguage\":\"es\",\"@id\":\"https:\\\/\\\/secure.gravatar.com\\\/avatar\\\/b6992f131dc8d30ab0dff15446e9d346d9dbd95992de0fef795073f5ea83a81c?s=96&d=mm&r=g\",\"url\":\"https:\\\/\\\/secure.gravatar.com\\\/avatar\\\/b6992f131dc8d30ab0dff15446e9d346d9dbd95992de0fef795073f5ea83a81c?s=96&d=mm&r=g\",\"contentUrl\":\"https:\\\/\\\/secure.gravatar.com\\\/avatar\\\/b6992f131dc8d30ab0dff15446e9d346d9dbd95992de0fef795073f5ea83a81c?s=96&d=mm&r=g\",\"caption\":\"La Gu\u00eda de Pamplona\"}}]}<\/script>\n<!-- \/ Yoast SEO plugin. -->","yoast_head_json":{"title":"Un t\u00f3tem en el camino de acceso a las pasarelas del r\u00edo Arga, junto al Molino de Caparroso, recuerda la figura de la funambulista pamplonesa Remigia Echarren Aranguren","description":"Conocida como \u2018La Reina del Arga\u2019, en ese mismo paraje del Molino de Caparroso cruz\u00f3 el r\u00edo a una altura de diez metros en 1883","robots":{"index":"index","follow":"follow","max-snippet":"max-snippet:-1","max-image-preview":"max-image-preview:large","max-video-preview":"max-video-preview:-1"},"canonical":"https:\/\/www.laguiadepamplona.com\/actualidad\/un-totem-en-el-camino-de-acceso-a-las-pasarelas-del-rio-arga-junto-al-molino-de-caparroso-recuerda-la-figura-de-la-funambulista-pamplonesa-remigia-echarren-aranguren\/","og_locale":"es_ES","og_type":"article","og_title":"Un t\u00f3tem en el camino de acceso a las pasarelas del r\u00edo Arga, junto al Molino de Caparroso, recuerda la figura de la funambulista pamplonesa Remigia Echarren Aranguren","og_description":"Conocida como \u2018La Reina del Arga\u2019, en ese mismo paraje del Molino de Caparroso cruz\u00f3 el r\u00edo a una altura de diez metros en 1883","og_url":"https:\/\/www.laguiadepamplona.com\/actualidad\/un-totem-en-el-camino-de-acceso-a-las-pasarelas-del-rio-arga-junto-al-molino-de-caparroso-recuerda-la-figura-de-la-funambulista-pamplonesa-remigia-echarren-aranguren\/","og_site_name":"La Gu\u00eda de Pamplona","article_publisher":"https:\/\/www.facebook.com\/laguiadepamplonacom-133175176762273\/?ref=hl","article_published_time":"2022-04-05T10:36:27+00:00","article_modified_time":"2023-04-11T09:48:20+00:00","og_image":[{"width":1772,"height":1182,"url":"https:\/\/www.laguiadepamplona.com\/actualidad\/wp-content\/uploads\/2022\/04\/totem-camino-acceso-pasarelas-rio-arga.jpg","type":"image\/jpeg"}],"author":"La Gu\u00eda de Pamplona","twitter_card":"summary_large_image","twitter_creator":"@LaGuiadPamplona","twitter_site":"@LaGuiadPamplona","twitter_misc":{"Escrito por":"La Gu\u00eda de Pamplona","Tiempo de lectura":"4 minutos"},"schema":{"@context":"https:\/\/schema.org","@graph":[{"@type":"Article","@id":"https:\/\/www.laguiadepamplona.com\/actualidad\/un-totem-en-el-camino-de-acceso-a-las-pasarelas-del-rio-arga-junto-al-molino-de-caparroso-recuerda-la-figura-de-la-funambulista-pamplonesa-remigia-echarren-aranguren\/#article","isPartOf":{"@id":"https:\/\/www.laguiadepamplona.com\/actualidad\/un-totem-en-el-camino-de-acceso-a-las-pasarelas-del-rio-arga-junto-al-molino-de-caparroso-recuerda-la-figura-de-la-funambulista-pamplonesa-remigia-echarren-aranguren\/"},"author":{"name":"La Gu\u00eda de Pamplona","@id":"https:\/\/www.laguiadepamplona.com\/actualidad\/#\/schema\/person\/efe887376f0213d4657c93adc50b1fdb"},"headline":"Un t\u00f3tem en el camino de acceso a las pasarelas del r\u00edo Arga, junto al Molino de Caparroso, recuerda la figura de la funambulista pamplonesa Remigia Echarren Aranguren","datePublished":"2022-04-05T10:36:27+00:00","dateModified":"2023-04-11T09:48:20+00:00","mainEntityOfPage":{"@id":"https:\/\/www.laguiadepamplona.com\/actualidad\/un-totem-en-el-camino-de-acceso-a-las-pasarelas-del-rio-arga-junto-al-molino-de-caparroso-recuerda-la-figura-de-la-funambulista-pamplonesa-remigia-echarren-aranguren\/"},"wordCount":794,"commentCount":0,"publisher":{"@id":"https:\/\/www.laguiadepamplona.com\/actualidad\/#organization"},"image":{"@id":"https:\/\/www.laguiadepamplona.com\/actualidad\/un-totem-en-el-camino-de-acceso-a-las-pasarelas-del-rio-arga-junto-al-molino-de-caparroso-recuerda-la-figura-de-la-funambulista-pamplonesa-remigia-echarren-aranguren\/#primaryimage"},"thumbnailUrl":"https:\/\/www.laguiadepamplona.com\/actualidad\/wp-content\/uploads\/2022\/04\/totem-camino-acceso-pasarelas-rio-arga.jpg","articleSection":["Ayto Pamplona"],"inLanguage":"es","potentialAction":[{"@type":"CommentAction","name":"Comment","target":["https:\/\/www.laguiadepamplona.com\/actualidad\/un-totem-en-el-camino-de-acceso-a-las-pasarelas-del-rio-arga-junto-al-molino-de-caparroso-recuerda-la-figura-de-la-funambulista-pamplonesa-remigia-echarren-aranguren\/#respond"]}]},{"@type":"WebPage","@id":"https:\/\/www.laguiadepamplona.com\/actualidad\/un-totem-en-el-camino-de-acceso-a-las-pasarelas-del-rio-arga-junto-al-molino-de-caparroso-recuerda-la-figura-de-la-funambulista-pamplonesa-remigia-echarren-aranguren\/","url":"https:\/\/www.laguiadepamplona.com\/actualidad\/un-totem-en-el-camino-de-acceso-a-las-pasarelas-del-rio-arga-junto-al-molino-de-caparroso-recuerda-la-figura-de-la-funambulista-pamplonesa-remigia-echarren-aranguren\/","name":"Un t\u00f3tem en el camino de acceso a las pasarelas del r\u00edo Arga, junto al Molino de Caparroso, recuerda la figura de la funambulista pamplonesa Remigia Echarren Aranguren","isPartOf":{"@id":"https:\/\/www.laguiadepamplona.com\/actualidad\/#website"},"primaryImageOfPage":{"@id":"https:\/\/www.laguiadepamplona.com\/actualidad\/un-totem-en-el-camino-de-acceso-a-las-pasarelas-del-rio-arga-junto-al-molino-de-caparroso-recuerda-la-figura-de-la-funambulista-pamplonesa-remigia-echarren-aranguren\/#primaryimage"},"image":{"@id":"https:\/\/www.laguiadepamplona.com\/actualidad\/un-totem-en-el-camino-de-acceso-a-las-pasarelas-del-rio-arga-junto-al-molino-de-caparroso-recuerda-la-figura-de-la-funambulista-pamplonesa-remigia-echarren-aranguren\/#primaryimage"},"thumbnailUrl":"https:\/\/www.laguiadepamplona.com\/actualidad\/wp-content\/uploads\/2022\/04\/totem-camino-acceso-pasarelas-rio-arga.jpg","datePublished":"2022-04-05T10:36:27+00:00","dateModified":"2023-04-11T09:48:20+00:00","description":"Conocida como \u2018La Reina del Arga\u2019, en ese mismo paraje del Molino de Caparroso cruz\u00f3 el r\u00edo a una altura de diez metros en 1883","breadcrumb":{"@id":"https:\/\/www.laguiadepamplona.com\/actualidad\/un-totem-en-el-camino-de-acceso-a-las-pasarelas-del-rio-arga-junto-al-molino-de-caparroso-recuerda-la-figura-de-la-funambulista-pamplonesa-remigia-echarren-aranguren\/#breadcrumb"},"inLanguage":"es","potentialAction":[{"@type":"ReadAction","target":["https:\/\/www.laguiadepamplona.com\/actualidad\/un-totem-en-el-camino-de-acceso-a-las-pasarelas-del-rio-arga-junto-al-molino-de-caparroso-recuerda-la-figura-de-la-funambulista-pamplonesa-remigia-echarren-aranguren\/"]}]},{"@type":"ImageObject","inLanguage":"es","@id":"https:\/\/www.laguiadepamplona.com\/actualidad\/un-totem-en-el-camino-de-acceso-a-las-pasarelas-del-rio-arga-junto-al-molino-de-caparroso-recuerda-la-figura-de-la-funambulista-pamplonesa-remigia-echarren-aranguren\/#primaryimage","url":"https:\/\/www.laguiadepamplona.com\/actualidad\/wp-content\/uploads\/2022\/04\/totem-camino-acceso-pasarelas-rio-arga.jpg","contentUrl":"https:\/\/www.laguiadepamplona.com\/actualidad\/wp-content\/uploads\/2022\/04\/totem-camino-acceso-pasarelas-rio-arga.jpg","width":1772,"height":1182},{"@type":"BreadcrumbList","@id":"https:\/\/www.laguiadepamplona.com\/actualidad\/un-totem-en-el-camino-de-acceso-a-las-pasarelas-del-rio-arga-junto-al-molino-de-caparroso-recuerda-la-figura-de-la-funambulista-pamplonesa-remigia-echarren-aranguren\/#breadcrumb","itemListElement":[{"@type":"ListItem","position":1,"name":"Portada","item":"https:\/\/www.laguiadepamplona.com\/actualidad\/"},{"@type":"ListItem","position":2,"name":"Un t\u00f3tem en el camino de acceso a las pasarelas del r\u00edo Arga, junto al Molino de Caparroso, recuerda la figura de la funambulista pamplonesa Remigia Echarren Aranguren"}]},{"@type":"WebSite","@id":"https:\/\/www.laguiadepamplona.com\/actualidad\/#website","url":"https:\/\/www.laguiadepamplona.com\/actualidad\/","name":"La gu\u00eda de Pamplona","description":"Noticias de Pamplona","publisher":{"@id":"https:\/\/www.laguiadepamplona.com\/actualidad\/#organization"},"potentialAction":[{"@type":"SearchAction","target":{"@type":"EntryPoint","urlTemplate":"https:\/\/www.laguiadepamplona.com\/actualidad\/?s={search_term_string}"},"query-input":{"@type":"PropertyValueSpecification","valueRequired":true,"valueName":"search_term_string"}}],"inLanguage":"es"},{"@type":"Organization","@id":"https:\/\/www.laguiadepamplona.com\/actualidad\/#organization","name":"La Gu\u00eda de Pamplona \/ Noticias","url":"https:\/\/www.laguiadepamplona.com\/actualidad\/","logo":{"@type":"ImageObject","inLanguage":"es","@id":"https:\/\/www.laguiadepamplona.com\/actualidad\/#\/schema\/logo\/image\/","url":"https:\/\/www.laguiadepamplona.com\/actualidad\/wp-content\/uploads\/2018\/11\/logo-laguiadepamplona18-web1.png","contentUrl":"https:\/\/www.laguiadepamplona.com\/actualidad\/wp-content\/uploads\/2018\/11\/logo-laguiadepamplona18-web1.png","width":600,"height":196,"caption":"La Gu\u00eda de Pamplona \/ Noticias"},"image":{"@id":"https:\/\/www.laguiadepamplona.com\/actualidad\/#\/schema\/logo\/image\/"},"sameAs":["https:\/\/www.facebook.com\/laguiadepamplonacom-133175176762273\/?ref=hl","https:\/\/x.com\/LaGuiadPamplona","https:\/\/www.instagram.com\/la_guia_de_pamplona\/","https:\/\/www.youtube.com\/user\/laguiadepamplona"]},{"@type":"Person","@id":"https:\/\/www.laguiadepamplona.com\/actualidad\/#\/schema\/person\/efe887376f0213d4657c93adc50b1fdb","name":"La Gu\u00eda de Pamplona","image":{"@type":"ImageObject","inLanguage":"es","@id":"https:\/\/secure.gravatar.com\/avatar\/b6992f131dc8d30ab0dff15446e9d346d9dbd95992de0fef795073f5ea83a81c?s=96&d=mm&r=g","url":"https:\/\/secure.gravatar.com\/avatar\/b6992f131dc8d30ab0dff15446e9d346d9dbd95992de0fef795073f5ea83a81c?s=96&d=mm&r=g","contentUrl":"https:\/\/secure.gravatar.com\/avatar\/b6992f131dc8d30ab0dff15446e9d346d9dbd95992de0fef795073f5ea83a81c?s=96&d=mm&r=g","caption":"La Gu\u00eda de Pamplona"}}]}},"post_mailing_queue_ids":[],"_links":{"self":[{"href":"https:\/\/www.laguiadepamplona.com\/actualidad\/wp-json\/wp\/v2\/posts\/39861","targetHints":{"allow":["GET"]}}],"collection":[{"href":"https:\/\/www.laguiadepamplona.com\/actualidad\/wp-json\/wp\/v2\/posts"}],"about":[{"href":"https:\/\/www.laguiadepamplona.com\/actualidad\/wp-json\/wp\/v2\/types\/post"}],"author":[{"embeddable":true,"href":"https:\/\/www.laguiadepamplona.com\/actualidad\/wp-json\/wp\/v2\/users\/1"}],"replies":[{"embeddable":true,"href":"https:\/\/www.laguiadepamplona.com\/actualidad\/wp-json\/wp\/v2\/comments?post=39861"}],"version-history":[{"count":0,"href":"https:\/\/www.laguiadepamplona.com\/actualidad\/wp-json\/wp\/v2\/posts\/39861\/revisions"}],"wp:featuredmedia":[{"embeddable":true,"href":"https:\/\/www.laguiadepamplona.com\/actualidad\/wp-json\/wp\/v2\/media\/39862"}],"wp:attachment":[{"href":"https:\/\/www.laguiadepamplona.com\/actualidad\/wp-json\/wp\/v2\/media?parent=39861"}],"wp:term":[{"taxonomy":"category","embeddable":true,"href":"https:\/\/www.laguiadepamplona.com\/actualidad\/wp-json\/wp\/v2\/categories?post=39861"},{"taxonomy":"post_tag","embeddable":true,"href":"https:\/\/www.laguiadepamplona.com\/actualidad\/wp-json\/wp\/v2\/tags?post=39861"}],"curies":[{"name":"wp","href":"https:\/\/api.w.org\/{rel}","templated":true}]}}