{"id":39857,"date":"2022-04-05T12:32:07","date_gmt":"2022-04-05T10:32:07","guid":{"rendered":"https:\/\/www.laguiadepamplona.com\/actualidad\/?p=39857"},"modified":"2023-04-11T11:48:20","modified_gmt":"2023-04-11T09:48:20","slug":"el-pleno-debatira-el-jueves-una-propuesta-de-modificacion-presupuestaria-de-28-millones-de-euros-destinados-principalmente-a-subvenciones-de-rehabilitacion-de-edificios","status":"publish","type":"post","link":"https:\/\/www.laguiadepamplona.com\/actualidad\/el-pleno-debatira-el-jueves-una-propuesta-de-modificacion-presupuestaria-de-28-millones-de-euros-destinados-principalmente-a-subvenciones-de-rehabilitacion-de-edificios\/","title":{"rendered":"El Pleno debatir\u00e1 el jueves una propuesta de modificaci\u00f3n presupuestaria de 2,8 millones de euros, destinados principalmente a subvenciones de rehabilitaci\u00f3n de edificios"},"content":{"rendered":"<h5>Hay partidas para reformar viviendas municipales, actuaciones de prevenci\u00f3n de inundaciones o la conexi\u00f3n peatonal y ciclista Pamplona &#8211; Orkoien<\/h5>\n<p><!--more--><\/p>\n<p>La Comisi\u00f3n de Presidencia ha dado esta ma\u00f1ana el pase al Pleno de este jueves a una nueva propuesta de modificaci\u00f3n presupuestaria por valor de 2.851.454 euros, financiada con los ingresos generados en la subasta de diferentes parcelas de terreno municipales. Principalmente, se prev\u00e9 destinar esos 2,8 millones de euros a subvenciones a la rehabilitaci\u00f3n, acciones para prevenir afecciones de inundaciones, la reforma de viviendas del Grupo San Pedro o actuaciones urgentes para acondicionar otras viviendas municipales.<br \/>\n<script async src=\"\/\/pagead2.googlesyndication.com\/pagead\/js\/adsbygoogle.js\"><\/script><br \/>\n<!-- Noticias La Guia de Pamplona --><br \/>\n<ins class=\"adsbygoogle\"\nstyle=\"display:block\"\ndata-ad-client=\"ca-pub-6943679897239327\"\ndata-ad-slot=\"7048180777\"\ndata-ad-format=\"auto\"><\/ins><br \/>\n<script>\n(adsbygoogle = window.adsbygoogle || []).push({});\n<\/script><\/p>\n<p>La modificaci\u00f3n incluye 2 millones de euros para subvenciones a la rehabilitaci\u00f3n y para actuaciones para prevenir afecciones de inundaciones. Esa partida se desglosa en diferentes conceptos vinculados a las habituales convocatorias de ayudas municipales. Se prev\u00e9n 1.580.000 euros para subvenciones a la rehabilitaci\u00f3n de edificios, 200.000 euros para subvenciones para la redacci\u00f3n de Proyectos de Intervenci\u00f3n Global y otros 20.000 euros para la redacci\u00f3n de anteproyectos de rehabilitaci\u00f3n. Adem\u00e1s, 200.000 euros se destinar\u00e1n a la convocatoria plurianual que va a lanzar el Ayuntamiento para financiar actuaciones para prevenir los problemas que genera en viviendas y establecimientos la avenida del r\u00edo Arga.<\/p>\n<p>Una segunda partida presupuestaria de esta propuesta decida 600.000 euros a la reforma de viviendas en el Grupo San Pedro y a actuaciones en otras viviendas municipales. De ese presupuesto, 350.000 euros ir\u00e1n para la reforma de seis viviendas en ese Grupo San Pedro que en estos momentos se encuentran desocupadas y en mal estado. Los otros 250.000 euros se invertir\u00e1n en el acondicionamiento de viviendas municipales vac\u00edas en Casco Antiguo, Rochapea o Buztintxuri para prepararlas de cara a la atenci\u00f3n de emergencias. Se trata de realizar labores de pintado, revisi\u00f3n de instalaciones el\u00e9ctricas, trabajos de carpinter\u00eda, reparaciones de goteras y fugas o puesta a punto de instalaciones sanitarias.<br \/>\n<script async src=\"\/\/pagead2.googlesyndication.com\/pagead\/js\/adsbygoogle.js\"><\/script><br \/>\n<!-- Noticias La Guia de Pamplona --><br \/>\n<ins class=\"adsbygoogle\"\nstyle=\"display:block\"\ndata-ad-client=\"ca-pub-6943679897239327\"\ndata-ad-slot=\"7048180777\"\ndata-ad-format=\"auto\"><\/ins><br \/>\n<script>\n(adsbygoogle = window.adsbygoogle || []).push({});\n<\/script><\/p>\n<p>La propuesta cuenta tambi\u00e9n con 186.454 euros para el proyecto de mejora de la conexi\u00f3n peatonal y ciclista entre Pamplona y Orkoien que gestionar\u00e1 la Gerencia de Urbanismo; 40.000 euros para la l\u00ednea de subvenciones para instalaciones fotovoltaicas; y 25.000 euros para la redacci\u00f3n de proyectos t\u00e9cnicos vinculados al programa Next Generation EU.<\/p>\n<p>As\u00ed las cosas, el Pleno del Ayuntamiento de Pamplona previsto para este pr\u00f3ximo jueves 7 de abril debatir\u00e1 dos propuestas de modificaci\u00f3n presupuestaria. Por una parte, la conocida hoy en la Comisi\u00f3n de Presidencia por valor de 2,8 millones de euros vinculados a los ingresos por venta de terrenos y, por otra, la tratada en la sesi\u00f3n de esa misma comisi\u00f3n la semana pasada, con un importe tambi\u00e9n de 2,8 millones, con proyectos con financiaci\u00f3n de los fondos europeos Next Generation EU.<\/p>\n","protected":false},"excerpt":{"rendered":"<p>Hay partidas para reformar viviendas municipales, actuaciones de prevenci\u00f3n de inundaciones o la conexi\u00f3n peatonal y ciclista Pamplona &#8211; Orkoien<\/p>\n","protected":false},"author":1,"featured_media":36074,"comment_status":"open","ping_status":"closed","sticky":false,"template":"","format":"standard","meta":{"footnotes":""},"categories":[2],"tags":[],"class_list":["post-39857","post","type-post","status-publish","format-standard","has-post-thumbnail","hentry","category-ayuntamiento-pamplona"],"yoast_head":"<!-- This site is optimized with the Yoast SEO plugin v27.3 - https:\/\/yoast.com\/product\/yoast-seo-wordpress\/ -->\n<title>El Pleno debatir\u00e1 el jueves una propuesta de modificaci\u00f3n presupuestaria de 2,8 millones de euros, destinados principalmente a subvenciones de rehabilitaci\u00f3n de edificios<\/title>\n<meta name=\"description\" content=\"Hay partidas para reformar viviendas municipales, actuaciones de prevenci\u00f3n de inundaciones o la conexi\u00f3n peatonal y ciclista Pamplona - Orkoien\" \/>\n<meta name=\"robots\" content=\"index, follow, max-snippet:-1, max-image-preview:large, max-video-preview:-1\" \/>\n<link rel=\"canonical\" href=\"https:\/\/www.laguiadepamplona.com\/actualidad\/el-pleno-debatira-el-jueves-una-propuesta-de-modificacion-presupuestaria-de-28-millones-de-euros-destinados-principalmente-a-subvenciones-de-rehabilitacion-de-edificios\/\" \/>\n<meta property=\"og:locale\" content=\"es_ES\" \/>\n<meta property=\"og:type\" content=\"article\" \/>\n<meta property=\"og:title\" content=\"El Pleno debatir\u00e1 el jueves una propuesta de modificaci\u00f3n presupuestaria de 2,8 millones de euros, destinados principalmente a subvenciones de rehabilitaci\u00f3n de edificios\" \/>\n<meta property=\"og:description\" content=\"Hay partidas para reformar viviendas municipales, actuaciones de prevenci\u00f3n de inundaciones o la conexi\u00f3n peatonal y ciclista Pamplona - Orkoien\" \/>\n<meta property=\"og:url\" content=\"https:\/\/www.laguiadepamplona.com\/actualidad\/el-pleno-debatira-el-jueves-una-propuesta-de-modificacion-presupuestaria-de-28-millones-de-euros-destinados-principalmente-a-subvenciones-de-rehabilitacion-de-edificios\/\" \/>\n<meta property=\"og:site_name\" content=\"La Gu\u00eda de Pamplona\" \/>\n<meta property=\"article:publisher\" content=\"https:\/\/www.facebook.com\/laguiadepamplonacom-133175176762273\/?ref=hl\" \/>\n<meta property=\"article:published_time\" content=\"2022-04-05T10:32:07+00:00\" \/>\n<meta property=\"article:modified_time\" content=\"2023-04-11T09:48:20+00:00\" \/>\n<meta property=\"og:image\" content=\"https:\/\/www.laguiadepamplona.com\/actualidad\/wp-content\/uploads\/2021\/08\/ayuntamiento-pamplona2.jpg\" \/>\n\t<meta property=\"og:image:width\" content=\"1920\" \/>\n\t<meta property=\"og:image:height\" content=\"1080\" \/>\n\t<meta property=\"og:image:type\" content=\"image\/jpeg\" \/>\n<meta name=\"author\" content=\"La Gu\u00eda de Pamplona\" \/>\n<meta name=\"twitter:card\" content=\"summary_large_image\" \/>\n<meta name=\"twitter:creator\" content=\"@LaGuiadPamplona\" \/>\n<meta name=\"twitter:site\" content=\"@LaGuiadPamplona\" \/>\n<meta name=\"twitter:label1\" content=\"Escrito por\" \/>\n\t<meta name=\"twitter:data1\" content=\"La Gu\u00eda de Pamplona\" \/>\n\t<meta name=\"twitter:label2\" content=\"Tiempo de lectura\" \/>\n\t<meta name=\"twitter:data2\" content=\"3 minutos\" \/>\n<script type=\"application\/ld+json\" class=\"yoast-schema-graph\">{\"@context\":\"https:\\\/\\\/schema.org\",\"@graph\":[{\"@type\":\"Article\",\"@id\":\"https:\\\/\\\/www.laguiadepamplona.com\\\/actualidad\\\/el-pleno-debatira-el-jueves-una-propuesta-de-modificacion-presupuestaria-de-28-millones-de-euros-destinados-principalmente-a-subvenciones-de-rehabilitacion-de-edificios\\\/#article\",\"isPartOf\":{\"@id\":\"https:\\\/\\\/www.laguiadepamplona.com\\\/actualidad\\\/el-pleno-debatira-el-jueves-una-propuesta-de-modificacion-presupuestaria-de-28-millones-de-euros-destinados-principalmente-a-subvenciones-de-rehabilitacion-de-edificios\\\/\"},\"author\":{\"name\":\"La Gu\u00eda de Pamplona\",\"@id\":\"https:\\\/\\\/www.laguiadepamplona.com\\\/actualidad\\\/#\\\/schema\\\/person\\\/efe887376f0213d4657c93adc50b1fdb\"},\"headline\":\"El Pleno debatir\u00e1 el jueves una propuesta de modificaci\u00f3n presupuestaria de 2,8 millones de euros, destinados principalmente a subvenciones de rehabilitaci\u00f3n de edificios\",\"datePublished\":\"2022-04-05T10:32:07+00:00\",\"dateModified\":\"2023-04-11T09:48:20+00:00\",\"mainEntityOfPage\":{\"@id\":\"https:\\\/\\\/www.laguiadepamplona.com\\\/actualidad\\\/el-pleno-debatira-el-jueves-una-propuesta-de-modificacion-presupuestaria-de-28-millones-de-euros-destinados-principalmente-a-subvenciones-de-rehabilitacion-de-edificios\\\/\"},\"wordCount\":487,\"commentCount\":0,\"publisher\":{\"@id\":\"https:\\\/\\\/www.laguiadepamplona.com\\\/actualidad\\\/#organization\"},\"image\":{\"@id\":\"https:\\\/\\\/www.laguiadepamplona.com\\\/actualidad\\\/el-pleno-debatira-el-jueves-una-propuesta-de-modificacion-presupuestaria-de-28-millones-de-euros-destinados-principalmente-a-subvenciones-de-rehabilitacion-de-edificios\\\/#primaryimage\"},\"thumbnailUrl\":\"https:\\\/\\\/www.laguiadepamplona.com\\\/actualidad\\\/wp-content\\\/uploads\\\/2021\\\/08\\\/ayuntamiento-pamplona2.jpg\",\"articleSection\":[\"Ayto Pamplona\"],\"inLanguage\":\"es\",\"potentialAction\":[{\"@type\":\"CommentAction\",\"name\":\"Comment\",\"target\":[\"https:\\\/\\\/www.laguiadepamplona.com\\\/actualidad\\\/el-pleno-debatira-el-jueves-una-propuesta-de-modificacion-presupuestaria-de-28-millones-de-euros-destinados-principalmente-a-subvenciones-de-rehabilitacion-de-edificios\\\/#respond\"]}]},{\"@type\":\"WebPage\",\"@id\":\"https:\\\/\\\/www.laguiadepamplona.com\\\/actualidad\\\/el-pleno-debatira-el-jueves-una-propuesta-de-modificacion-presupuestaria-de-28-millones-de-euros-destinados-principalmente-a-subvenciones-de-rehabilitacion-de-edificios\\\/\",\"url\":\"https:\\\/\\\/www.laguiadepamplona.com\\\/actualidad\\\/el-pleno-debatira-el-jueves-una-propuesta-de-modificacion-presupuestaria-de-28-millones-de-euros-destinados-principalmente-a-subvenciones-de-rehabilitacion-de-edificios\\\/\",\"name\":\"El Pleno debatir\u00e1 el jueves una propuesta de modificaci\u00f3n presupuestaria de 2,8 millones de euros, destinados principalmente a subvenciones de rehabilitaci\u00f3n de edificios\",\"isPartOf\":{\"@id\":\"https:\\\/\\\/www.laguiadepamplona.com\\\/actualidad\\\/#website\"},\"primaryImageOfPage\":{\"@id\":\"https:\\\/\\\/www.laguiadepamplona.com\\\/actualidad\\\/el-pleno-debatira-el-jueves-una-propuesta-de-modificacion-presupuestaria-de-28-millones-de-euros-destinados-principalmente-a-subvenciones-de-rehabilitacion-de-edificios\\\/#primaryimage\"},\"image\":{\"@id\":\"https:\\\/\\\/www.laguiadepamplona.com\\\/actualidad\\\/el-pleno-debatira-el-jueves-una-propuesta-de-modificacion-presupuestaria-de-28-millones-de-euros-destinados-principalmente-a-subvenciones-de-rehabilitacion-de-edificios\\\/#primaryimage\"},\"thumbnailUrl\":\"https:\\\/\\\/www.laguiadepamplona.com\\\/actualidad\\\/wp-content\\\/uploads\\\/2021\\\/08\\\/ayuntamiento-pamplona2.jpg\",\"datePublished\":\"2022-04-05T10:32:07+00:00\",\"dateModified\":\"2023-04-11T09:48:20+00:00\",\"description\":\"Hay partidas para reformar viviendas municipales, actuaciones de prevenci\u00f3n de inundaciones o la conexi\u00f3n peatonal y ciclista Pamplona - Orkoien\",\"breadcrumb\":{\"@id\":\"https:\\\/\\\/www.laguiadepamplona.com\\\/actualidad\\\/el-pleno-debatira-el-jueves-una-propuesta-de-modificacion-presupuestaria-de-28-millones-de-euros-destinados-principalmente-a-subvenciones-de-rehabilitacion-de-edificios\\\/#breadcrumb\"},\"inLanguage\":\"es\",\"potentialAction\":[{\"@type\":\"ReadAction\",\"target\":[\"https:\\\/\\\/www.laguiadepamplona.com\\\/actualidad\\\/el-pleno-debatira-el-jueves-una-propuesta-de-modificacion-presupuestaria-de-28-millones-de-euros-destinados-principalmente-a-subvenciones-de-rehabilitacion-de-edificios\\\/\"]}]},{\"@type\":\"ImageObject\",\"inLanguage\":\"es\",\"@id\":\"https:\\\/\\\/www.laguiadepamplona.com\\\/actualidad\\\/el-pleno-debatira-el-jueves-una-propuesta-de-modificacion-presupuestaria-de-28-millones-de-euros-destinados-principalmente-a-subvenciones-de-rehabilitacion-de-edificios\\\/#primaryimage\",\"url\":\"https:\\\/\\\/www.laguiadepamplona.com\\\/actualidad\\\/wp-content\\\/uploads\\\/2021\\\/08\\\/ayuntamiento-pamplona2.jpg\",\"contentUrl\":\"https:\\\/\\\/www.laguiadepamplona.com\\\/actualidad\\\/wp-content\\\/uploads\\\/2021\\\/08\\\/ayuntamiento-pamplona2.jpg\",\"width\":1920,\"height\":1080,\"caption\":\"ayuntamiento pamplona\"},{\"@type\":\"BreadcrumbList\",\"@id\":\"https:\\\/\\\/www.laguiadepamplona.com\\\/actualidad\\\/el-pleno-debatira-el-jueves-una-propuesta-de-modificacion-presupuestaria-de-28-millones-de-euros-destinados-principalmente-a-subvenciones-de-rehabilitacion-de-edificios\\\/#breadcrumb\",\"itemListElement\":[{\"@type\":\"ListItem\",\"position\":1,\"name\":\"Portada\",\"item\":\"https:\\\/\\\/www.laguiadepamplona.com\\\/actualidad\\\/\"},{\"@type\":\"ListItem\",\"position\":2,\"name\":\"El Pleno debatir\u00e1 el jueves una propuesta de modificaci\u00f3n presupuestaria de 2,8 millones de euros, destinados principalmente a subvenciones de rehabilitaci\u00f3n de edificios\"}]},{\"@type\":\"WebSite\",\"@id\":\"https:\\\/\\\/www.laguiadepamplona.com\\\/actualidad\\\/#website\",\"url\":\"https:\\\/\\\/www.laguiadepamplona.com\\\/actualidad\\\/\",\"name\":\"La gu\u00eda de Pamplona\",\"description\":\"Noticias de Pamplona\",\"publisher\":{\"@id\":\"https:\\\/\\\/www.laguiadepamplona.com\\\/actualidad\\\/#organization\"},\"potentialAction\":[{\"@type\":\"SearchAction\",\"target\":{\"@type\":\"EntryPoint\",\"urlTemplate\":\"https:\\\/\\\/www.laguiadepamplona.com\\\/actualidad\\\/?s={search_term_string}\"},\"query-input\":{\"@type\":\"PropertyValueSpecification\",\"valueRequired\":true,\"valueName\":\"search_term_string\"}}],\"inLanguage\":\"es\"},{\"@type\":\"Organization\",\"@id\":\"https:\\\/\\\/www.laguiadepamplona.com\\\/actualidad\\\/#organization\",\"name\":\"La Gu\u00eda de Pamplona \\\/ Noticias\",\"url\":\"https:\\\/\\\/www.laguiadepamplona.com\\\/actualidad\\\/\",\"logo\":{\"@type\":\"ImageObject\",\"inLanguage\":\"es\",\"@id\":\"https:\\\/\\\/www.laguiadepamplona.com\\\/actualidad\\\/#\\\/schema\\\/logo\\\/image\\\/\",\"url\":\"https:\\\/\\\/www.laguiadepamplona.com\\\/actualidad\\\/wp-content\\\/uploads\\\/2018\\\/11\\\/logo-laguiadepamplona18-web1.png\",\"contentUrl\":\"https:\\\/\\\/www.laguiadepamplona.com\\\/actualidad\\\/wp-content\\\/uploads\\\/2018\\\/11\\\/logo-laguiadepamplona18-web1.png\",\"width\":600,\"height\":196,\"caption\":\"La Gu\u00eda de Pamplona \\\/ Noticias\"},\"image\":{\"@id\":\"https:\\\/\\\/www.laguiadepamplona.com\\\/actualidad\\\/#\\\/schema\\\/logo\\\/image\\\/\"},\"sameAs\":[\"https:\\\/\\\/www.facebook.com\\\/laguiadepamplonacom-133175176762273\\\/?ref=hl\",\"https:\\\/\\\/x.com\\\/LaGuiadPamplona\",\"https:\\\/\\\/www.instagram.com\\\/la_guia_de_pamplona\\\/\",\"https:\\\/\\\/www.youtube.com\\\/user\\\/laguiadepamplona\"]},{\"@type\":\"Person\",\"@id\":\"https:\\\/\\\/www.laguiadepamplona.com\\\/actualidad\\\/#\\\/schema\\\/person\\\/efe887376f0213d4657c93adc50b1fdb\",\"name\":\"La Gu\u00eda de Pamplona\",\"image\":{\"@type\":\"ImageObject\",\"inLanguage\":\"es\",\"@id\":\"https:\\\/\\\/secure.gravatar.com\\\/avatar\\\/b6992f131dc8d30ab0dff15446e9d346d9dbd95992de0fef795073f5ea83a81c?s=96&d=mm&r=g\",\"url\":\"https:\\\/\\\/secure.gravatar.com\\\/avatar\\\/b6992f131dc8d30ab0dff15446e9d346d9dbd95992de0fef795073f5ea83a81c?s=96&d=mm&r=g\",\"contentUrl\":\"https:\\\/\\\/secure.gravatar.com\\\/avatar\\\/b6992f131dc8d30ab0dff15446e9d346d9dbd95992de0fef795073f5ea83a81c?s=96&d=mm&r=g\",\"caption\":\"La Gu\u00eda de Pamplona\"}}]}<\/script>\n<!-- \/ Yoast SEO plugin. -->","yoast_head_json":{"title":"El Pleno debatir\u00e1 el jueves una propuesta de modificaci\u00f3n presupuestaria de 2,8 millones de euros, destinados principalmente a subvenciones de rehabilitaci\u00f3n de edificios","description":"Hay partidas para reformar viviendas municipales, actuaciones de prevenci\u00f3n de inundaciones o la conexi\u00f3n peatonal y ciclista Pamplona - Orkoien","robots":{"index":"index","follow":"follow","max-snippet":"max-snippet:-1","max-image-preview":"max-image-preview:large","max-video-preview":"max-video-preview:-1"},"canonical":"https:\/\/www.laguiadepamplona.com\/actualidad\/el-pleno-debatira-el-jueves-una-propuesta-de-modificacion-presupuestaria-de-28-millones-de-euros-destinados-principalmente-a-subvenciones-de-rehabilitacion-de-edificios\/","og_locale":"es_ES","og_type":"article","og_title":"El Pleno debatir\u00e1 el jueves una propuesta de modificaci\u00f3n presupuestaria de 2,8 millones de euros, destinados principalmente a subvenciones de rehabilitaci\u00f3n de edificios","og_description":"Hay partidas para reformar viviendas municipales, actuaciones de prevenci\u00f3n de inundaciones o la conexi\u00f3n peatonal y ciclista Pamplona - Orkoien","og_url":"https:\/\/www.laguiadepamplona.com\/actualidad\/el-pleno-debatira-el-jueves-una-propuesta-de-modificacion-presupuestaria-de-28-millones-de-euros-destinados-principalmente-a-subvenciones-de-rehabilitacion-de-edificios\/","og_site_name":"La Gu\u00eda de Pamplona","article_publisher":"https:\/\/www.facebook.com\/laguiadepamplonacom-133175176762273\/?ref=hl","article_published_time":"2022-04-05T10:32:07+00:00","article_modified_time":"2023-04-11T09:48:20+00:00","og_image":[{"width":1920,"height":1080,"url":"https:\/\/www.laguiadepamplona.com\/actualidad\/wp-content\/uploads\/2021\/08\/ayuntamiento-pamplona2.jpg","type":"image\/jpeg"}],"author":"La Gu\u00eda de Pamplona","twitter_card":"summary_large_image","twitter_creator":"@LaGuiadPamplona","twitter_site":"@LaGuiadPamplona","twitter_misc":{"Escrito por":"La Gu\u00eda de Pamplona","Tiempo de lectura":"3 minutos"},"schema":{"@context":"https:\/\/schema.org","@graph":[{"@type":"Article","@id":"https:\/\/www.laguiadepamplona.com\/actualidad\/el-pleno-debatira-el-jueves-una-propuesta-de-modificacion-presupuestaria-de-28-millones-de-euros-destinados-principalmente-a-subvenciones-de-rehabilitacion-de-edificios\/#article","isPartOf":{"@id":"https:\/\/www.laguiadepamplona.com\/actualidad\/el-pleno-debatira-el-jueves-una-propuesta-de-modificacion-presupuestaria-de-28-millones-de-euros-destinados-principalmente-a-subvenciones-de-rehabilitacion-de-edificios\/"},"author":{"name":"La Gu\u00eda de Pamplona","@id":"https:\/\/www.laguiadepamplona.com\/actualidad\/#\/schema\/person\/efe887376f0213d4657c93adc50b1fdb"},"headline":"El Pleno debatir\u00e1 el jueves una propuesta de modificaci\u00f3n presupuestaria de 2,8 millones de euros, destinados principalmente a subvenciones de rehabilitaci\u00f3n de edificios","datePublished":"2022-04-05T10:32:07+00:00","dateModified":"2023-04-11T09:48:20+00:00","mainEntityOfPage":{"@id":"https:\/\/www.laguiadepamplona.com\/actualidad\/el-pleno-debatira-el-jueves-una-propuesta-de-modificacion-presupuestaria-de-28-millones-de-euros-destinados-principalmente-a-subvenciones-de-rehabilitacion-de-edificios\/"},"wordCount":487,"commentCount":0,"publisher":{"@id":"https:\/\/www.laguiadepamplona.com\/actualidad\/#organization"},"image":{"@id":"https:\/\/www.laguiadepamplona.com\/actualidad\/el-pleno-debatira-el-jueves-una-propuesta-de-modificacion-presupuestaria-de-28-millones-de-euros-destinados-principalmente-a-subvenciones-de-rehabilitacion-de-edificios\/#primaryimage"},"thumbnailUrl":"https:\/\/www.laguiadepamplona.com\/actualidad\/wp-content\/uploads\/2021\/08\/ayuntamiento-pamplona2.jpg","articleSection":["Ayto Pamplona"],"inLanguage":"es","potentialAction":[{"@type":"CommentAction","name":"Comment","target":["https:\/\/www.laguiadepamplona.com\/actualidad\/el-pleno-debatira-el-jueves-una-propuesta-de-modificacion-presupuestaria-de-28-millones-de-euros-destinados-principalmente-a-subvenciones-de-rehabilitacion-de-edificios\/#respond"]}]},{"@type":"WebPage","@id":"https:\/\/www.laguiadepamplona.com\/actualidad\/el-pleno-debatira-el-jueves-una-propuesta-de-modificacion-presupuestaria-de-28-millones-de-euros-destinados-principalmente-a-subvenciones-de-rehabilitacion-de-edificios\/","url":"https:\/\/www.laguiadepamplona.com\/actualidad\/el-pleno-debatira-el-jueves-una-propuesta-de-modificacion-presupuestaria-de-28-millones-de-euros-destinados-principalmente-a-subvenciones-de-rehabilitacion-de-edificios\/","name":"El Pleno debatir\u00e1 el jueves una propuesta de modificaci\u00f3n presupuestaria de 2,8 millones de euros, destinados principalmente a subvenciones de rehabilitaci\u00f3n de edificios","isPartOf":{"@id":"https:\/\/www.laguiadepamplona.com\/actualidad\/#website"},"primaryImageOfPage":{"@id":"https:\/\/www.laguiadepamplona.com\/actualidad\/el-pleno-debatira-el-jueves-una-propuesta-de-modificacion-presupuestaria-de-28-millones-de-euros-destinados-principalmente-a-subvenciones-de-rehabilitacion-de-edificios\/#primaryimage"},"image":{"@id":"https:\/\/www.laguiadepamplona.com\/actualidad\/el-pleno-debatira-el-jueves-una-propuesta-de-modificacion-presupuestaria-de-28-millones-de-euros-destinados-principalmente-a-subvenciones-de-rehabilitacion-de-edificios\/#primaryimage"},"thumbnailUrl":"https:\/\/www.laguiadepamplona.com\/actualidad\/wp-content\/uploads\/2021\/08\/ayuntamiento-pamplona2.jpg","datePublished":"2022-04-05T10:32:07+00:00","dateModified":"2023-04-11T09:48:20+00:00","description":"Hay partidas para reformar viviendas municipales, actuaciones de prevenci\u00f3n de inundaciones o la conexi\u00f3n peatonal y ciclista Pamplona - Orkoien","breadcrumb":{"@id":"https:\/\/www.laguiadepamplona.com\/actualidad\/el-pleno-debatira-el-jueves-una-propuesta-de-modificacion-presupuestaria-de-28-millones-de-euros-destinados-principalmente-a-subvenciones-de-rehabilitacion-de-edificios\/#breadcrumb"},"inLanguage":"es","potentialAction":[{"@type":"ReadAction","target":["https:\/\/www.laguiadepamplona.com\/actualidad\/el-pleno-debatira-el-jueves-una-propuesta-de-modificacion-presupuestaria-de-28-millones-de-euros-destinados-principalmente-a-subvenciones-de-rehabilitacion-de-edificios\/"]}]},{"@type":"ImageObject","inLanguage":"es","@id":"https:\/\/www.laguiadepamplona.com\/actualidad\/el-pleno-debatira-el-jueves-una-propuesta-de-modificacion-presupuestaria-de-28-millones-de-euros-destinados-principalmente-a-subvenciones-de-rehabilitacion-de-edificios\/#primaryimage","url":"https:\/\/www.laguiadepamplona.com\/actualidad\/wp-content\/uploads\/2021\/08\/ayuntamiento-pamplona2.jpg","contentUrl":"https:\/\/www.laguiadepamplona.com\/actualidad\/wp-content\/uploads\/2021\/08\/ayuntamiento-pamplona2.jpg","width":1920,"height":1080,"caption":"ayuntamiento pamplona"},{"@type":"BreadcrumbList","@id":"https:\/\/www.laguiadepamplona.com\/actualidad\/el-pleno-debatira-el-jueves-una-propuesta-de-modificacion-presupuestaria-de-28-millones-de-euros-destinados-principalmente-a-subvenciones-de-rehabilitacion-de-edificios\/#breadcrumb","itemListElement":[{"@type":"ListItem","position":1,"name":"Portada","item":"https:\/\/www.laguiadepamplona.com\/actualidad\/"},{"@type":"ListItem","position":2,"name":"El Pleno debatir\u00e1 el jueves una propuesta de modificaci\u00f3n presupuestaria de 2,8 millones de euros, destinados principalmente a subvenciones de rehabilitaci\u00f3n de edificios"}]},{"@type":"WebSite","@id":"https:\/\/www.laguiadepamplona.com\/actualidad\/#website","url":"https:\/\/www.laguiadepamplona.com\/actualidad\/","name":"La gu\u00eda de Pamplona","description":"Noticias de Pamplona","publisher":{"@id":"https:\/\/www.laguiadepamplona.com\/actualidad\/#organization"},"potentialAction":[{"@type":"SearchAction","target":{"@type":"EntryPoint","urlTemplate":"https:\/\/www.laguiadepamplona.com\/actualidad\/?s={search_term_string}"},"query-input":{"@type":"PropertyValueSpecification","valueRequired":true,"valueName":"search_term_string"}}],"inLanguage":"es"},{"@type":"Organization","@id":"https:\/\/www.laguiadepamplona.com\/actualidad\/#organization","name":"La Gu\u00eda de Pamplona \/ Noticias","url":"https:\/\/www.laguiadepamplona.com\/actualidad\/","logo":{"@type":"ImageObject","inLanguage":"es","@id":"https:\/\/www.laguiadepamplona.com\/actualidad\/#\/schema\/logo\/image\/","url":"https:\/\/www.laguiadepamplona.com\/actualidad\/wp-content\/uploads\/2018\/11\/logo-laguiadepamplona18-web1.png","contentUrl":"https:\/\/www.laguiadepamplona.com\/actualidad\/wp-content\/uploads\/2018\/11\/logo-laguiadepamplona18-web1.png","width":600,"height":196,"caption":"La Gu\u00eda de Pamplona \/ Noticias"},"image":{"@id":"https:\/\/www.laguiadepamplona.com\/actualidad\/#\/schema\/logo\/image\/"},"sameAs":["https:\/\/www.facebook.com\/laguiadepamplonacom-133175176762273\/?ref=hl","https:\/\/x.com\/LaGuiadPamplona","https:\/\/www.instagram.com\/la_guia_de_pamplona\/","https:\/\/www.youtube.com\/user\/laguiadepamplona"]},{"@type":"Person","@id":"https:\/\/www.laguiadepamplona.com\/actualidad\/#\/schema\/person\/efe887376f0213d4657c93adc50b1fdb","name":"La Gu\u00eda de Pamplona","image":{"@type":"ImageObject","inLanguage":"es","@id":"https:\/\/secure.gravatar.com\/avatar\/b6992f131dc8d30ab0dff15446e9d346d9dbd95992de0fef795073f5ea83a81c?s=96&d=mm&r=g","url":"https:\/\/secure.gravatar.com\/avatar\/b6992f131dc8d30ab0dff15446e9d346d9dbd95992de0fef795073f5ea83a81c?s=96&d=mm&r=g","contentUrl":"https:\/\/secure.gravatar.com\/avatar\/b6992f131dc8d30ab0dff15446e9d346d9dbd95992de0fef795073f5ea83a81c?s=96&d=mm&r=g","caption":"La Gu\u00eda de Pamplona"}}]}},"post_mailing_queue_ids":[],"_links":{"self":[{"href":"https:\/\/www.laguiadepamplona.com\/actualidad\/wp-json\/wp\/v2\/posts\/39857","targetHints":{"allow":["GET"]}}],"collection":[{"href":"https:\/\/www.laguiadepamplona.com\/actualidad\/wp-json\/wp\/v2\/posts"}],"about":[{"href":"https:\/\/www.laguiadepamplona.com\/actualidad\/wp-json\/wp\/v2\/types\/post"}],"author":[{"embeddable":true,"href":"https:\/\/www.laguiadepamplona.com\/actualidad\/wp-json\/wp\/v2\/users\/1"}],"replies":[{"embeddable":true,"href":"https:\/\/www.laguiadepamplona.com\/actualidad\/wp-json\/wp\/v2\/comments?post=39857"}],"version-history":[{"count":0,"href":"https:\/\/www.laguiadepamplona.com\/actualidad\/wp-json\/wp\/v2\/posts\/39857\/revisions"}],"wp:featuredmedia":[{"embeddable":true,"href":"https:\/\/www.laguiadepamplona.com\/actualidad\/wp-json\/wp\/v2\/media\/36074"}],"wp:attachment":[{"href":"https:\/\/www.laguiadepamplona.com\/actualidad\/wp-json\/wp\/v2\/media?parent=39857"}],"wp:term":[{"taxonomy":"category","embeddable":true,"href":"https:\/\/www.laguiadepamplona.com\/actualidad\/wp-json\/wp\/v2\/categories?post=39857"},{"taxonomy":"post_tag","embeddable":true,"href":"https:\/\/www.laguiadepamplona.com\/actualidad\/wp-json\/wp\/v2\/tags?post=39857"}],"curies":[{"name":"wp","href":"https:\/\/api.w.org\/{rel}","templated":true}]}}