{"id":39851,"date":"2022-04-05T12:29:13","date_gmt":"2022-04-05T10:29:13","guid":{"rendered":"https:\/\/www.laguiadepamplona.com\/actualidad\/?p=39851"},"modified":"2023-04-11T11:48:20","modified_gmt":"2023-04-11T09:48:20","slug":"pamplona-ultima-el-edificio-de-la-estacion-del-centro-de-interpretacion-del-ferrocarril-de-trinitarios","status":"publish","type":"post","link":"https:\/\/www.laguiadepamplona.com\/actualidad\/pamplona-ultima-el-edificio-de-la-estacion-del-centro-de-interpretacion-del-ferrocarril-de-trinitarios\/","title":{"rendered":"Pamplona ultima el edificio de la estaci\u00f3n del Centro de Interpretaci\u00f3n del Ferrocarril de Trinitarios"},"content":{"rendered":"<h5>La Comisi\u00f3n de Presidencia ha visitado hoy las obras, realizadas por la Asociaci\u00f3n de Amigos del Ferrocarril fruto del convenio suscrito con el Consistorio<\/h5>\n<p><!--more--><\/p>\n<p>La Comisi\u00f3n de Presidencia del Ayuntamiento de Pamplona, con la presencia del alcalde Enrique Maya, ha visitado hoy las obras de la futura estaci\u00f3n del Centro de Interpretaci\u00f3n del Ferrocarril y las V\u00edas Verdes de Navarra, ubicado junto al Paseo de Kosterapea en Trinitarios. Los miembros de la comisi\u00f3n han comprobado in situ el avance de los trabajos realizados por la Asociaci\u00f3n de Amigos del Ferrocarril de Navarra (ANAF), fruto del convenio suscrito con el Consistorio en noviembre del a\u00f1o pasado.<br \/>\n<script async src=\"\/\/pagead2.googlesyndication.com\/pagead\/js\/adsbygoogle.js\"><\/script><br \/>\n<!-- Noticias La Guia de Pamplona --><br \/>\n<ins class=\"adsbygoogle\"\nstyle=\"display:block\"\ndata-ad-client=\"ca-pub-6943679897239327\"\ndata-ad-slot=\"7048180777\"\ndata-ad-format=\"auto\"><\/ins><br \/>\n<script>\n(adsbygoogle = window.adsbygoogle || []).push({});\n<\/script><\/p>\n<p>Las obras realizadas hasta la fecha han permitido finalizar ya el cerramiento exterior del edificio de la estaci\u00f3n, construido con bloques de hormig\u00f3n, y la estructura met\u00e1lica de la cubierta. El inmueble se organiza en dos vol\u00famenes con un total de 196,80 m\u00b2 construidos de superficie para los edificios, conectado por una cubierta de 401,60 m\u00b2. Adem\u00e1s, esta semana ha comenzado la colocaci\u00f3n de tejas. En el interior, se han realizado las instalaciones de saneamiento y fontaner\u00eda, y se proseguir\u00e1 con la tabiquer\u00eda de los diferentes espacios. De hecho, adem\u00e1s de recrear una estaci\u00f3n de tren con sus taquillas y sala de espera, el edificio acoger\u00e1 tambi\u00e9n una biblioteca ferroviaria con m\u00e1s de 1.000 ejemplares y se habilitar\u00e1 una zona para la realizaci\u00f3n de actividades de difusi\u00f3n y conocimiento del tren y, en concreto, de las cinco v\u00edas verdes existentes en Navarra: Plazaola, Irati, Tarazonica, Vasconavarro y Bidasoa. En este sentido, se prev\u00e9 organizar cursos de conducci\u00f3n de maquinista, exposiciones de maquetas modulares, cursos de restauraci\u00f3n de material ferroviario, cursos de maquetismo, digitalizaci\u00f3n y electricidad, o charlas especializadas.<\/p>\n<p>La estaci\u00f3n es el \u00faltimo elemento constructivo que queda pendiente en el parque del tren, que ya cuenta con un edificio de cocheras y un circuito ferroviario con t\u00faneles, puentes y taludes, repartidos en los 6.740 metros cuadrados de parque. Una vez listo, este espacio trasladar\u00e1 a las personas visitantes al ambiente ferroviario de mitades del siglo pasado, con las locomotoras y los 18 vagones de pasajeros y de carga de la \u00e9poca, y la recreaci\u00f3n de esos a\u00f1os a trav\u00e9s de las se\u00f1ales, los sem\u00e1foros y las vallas de madera a lo largo del recorrido. Adem\u00e1s, se colocar\u00e1 un plato giratorio \u00fanico en Espa\u00f1a por sus detalles para poder aparcar la locomotora o una aguada para la carga de agua de las locomotoras de vapor.\u00a0 La recuperaci\u00f3n de elementos ferroviarios reales y restaurados por la Asociaci\u00f3n de Amigos del Ferrocarril de Navarra (ANAF) ser\u00e1 otra de las se\u00f1as de identidad del centro de interpretaci\u00f3n.<br \/>\n<script async src=\"\/\/pagead2.googlesyndication.com\/pagead\/js\/adsbygoogle.js\"><\/script><br \/>\n<!-- Noticias La Guia de Pamplona --><br \/>\n<ins class=\"adsbygoogle\"\nstyle=\"display:block\"\ndata-ad-client=\"ca-pub-6943679897239327\"\ndata-ad-slot=\"7048180777\"\ndata-ad-format=\"auto\"><\/ins><br \/>\n<script>\n(adsbygoogle = window.adsbygoogle || []).push({});\n<\/script><\/p>\n<p><strong>Concesi\u00f3n para 15 a\u00f1os<\/strong><\/p>\n<p>El pasado 31 de noviembre de 2021, el alcalde Enrique Maya suscribi\u00f3, en nombre del Ayuntamiento, un convenio con el presidente de la Asociaci\u00f3n Navarra de Amigos del Ferrocarril (ANAF), \u00c1ngel Os\u00e1car, para la concesi\u00f3n administrativa de la gesti\u00f3n del parque del tren durante 15 a\u00f1os improrrogables. A trav\u00e9s de ese documento, el Consistorio se compromete a realizar una aportaci\u00f3n econ\u00f3mica anual de 16.660 euros, con los que ANAF ejecutar\u00e1 diferentes obras y edificaciones para completar el nuevo centro de interpretaci\u00f3n. En total 249.900 euros.<\/p>\n<p>Tal y como se recoge en el convenio, una vez listo, el centro se prev\u00e9 que abra cada a\u00f1o entre Semana Santa y el 31 de octubre, adem\u00e1s de en Navidad. El precio de la entrada ser\u00e1 de un m\u00e1ximo de 2,5 euros para persona adulta y de 1,5 euros para menores de 15 a\u00f1os. Abrir\u00e1 las ma\u00f1anas de los d\u00edas laborables en periodo escolar para visitas y actividades concertadas con centros escolares o asociaciones.<\/p>\n<p>La Asociaci\u00f3n Navarra de Amigos del Ferrocarril se fund\u00f3 en 1959 y, entre sus objetivos, se encuentra la difusi\u00f3n de la historia del ferrocarril en la Comunidad Foral, que es lo que se pretende con ese centro de interpretaci\u00f3n.<\/p>\n","protected":false},"excerpt":{"rendered":"<p>La Comisi\u00f3n de Presidencia ha visitado hoy las obras, realizadas por la Asociaci\u00f3n de Amigos del Ferrocarril fruto del convenio suscrito con el Consistorio<\/p>\n","protected":false},"author":1,"featured_media":39852,"comment_status":"open","ping_status":"closed","sticky":false,"template":"","format":"standard","meta":{"footnotes":""},"categories":[2],"tags":[],"class_list":["post-39851","post","type-post","status-publish","format-standard","has-post-thumbnail","hentry","category-ayuntamiento-pamplona"],"yoast_head":"<!-- This site is optimized with the Yoast SEO plugin v27.3 - https:\/\/yoast.com\/product\/yoast-seo-wordpress\/ -->\n<title>Pamplona ultima el edificio de la estaci\u00f3n del Centro de Interpretaci\u00f3n del Ferrocarril de Trinitarios<\/title>\n<meta name=\"description\" content=\"La Comisi\u00f3n de Presidencia ha visitado hoy las obras, realizadas por la Asociaci\u00f3n de Amigos del Ferrocarril fruto del convenio suscrito con el Consistorio\" \/>\n<meta name=\"robots\" content=\"index, follow, max-snippet:-1, max-image-preview:large, max-video-preview:-1\" \/>\n<link rel=\"canonical\" href=\"https:\/\/www.laguiadepamplona.com\/actualidad\/pamplona-ultima-el-edificio-de-la-estacion-del-centro-de-interpretacion-del-ferrocarril-de-trinitarios\/\" \/>\n<meta property=\"og:locale\" content=\"es_ES\" \/>\n<meta property=\"og:type\" content=\"article\" \/>\n<meta property=\"og:title\" content=\"Pamplona ultima el edificio de la estaci\u00f3n del Centro de Interpretaci\u00f3n del Ferrocarril de Trinitarios\" \/>\n<meta property=\"og:description\" content=\"La Comisi\u00f3n de Presidencia ha visitado hoy las obras, realizadas por la Asociaci\u00f3n de Amigos del Ferrocarril fruto del convenio suscrito con el Consistorio\" \/>\n<meta property=\"og:url\" content=\"https:\/\/www.laguiadepamplona.com\/actualidad\/pamplona-ultima-el-edificio-de-la-estacion-del-centro-de-interpretacion-del-ferrocarril-de-trinitarios\/\" \/>\n<meta property=\"og:site_name\" content=\"La Gu\u00eda de Pamplona\" \/>\n<meta property=\"article:publisher\" content=\"https:\/\/www.facebook.com\/laguiadepamplonacom-133175176762273\/?ref=hl\" \/>\n<meta property=\"article:published_time\" content=\"2022-04-05T10:29:13+00:00\" \/>\n<meta property=\"article:modified_time\" content=\"2023-04-11T09:48:20+00:00\" \/>\n<meta property=\"og:image\" content=\"https:\/\/www.laguiadepamplona.com\/actualidad\/wp-content\/uploads\/2022\/04\/centro-interpretacion-del-ferrocarril-trinitarios.jpg\" \/>\n\t<meta property=\"og:image:width\" content=\"1772\" \/>\n\t<meta property=\"og:image:height\" content=\"1182\" \/>\n\t<meta property=\"og:image:type\" content=\"image\/jpeg\" \/>\n<meta name=\"author\" content=\"La Gu\u00eda de Pamplona\" \/>\n<meta name=\"twitter:card\" content=\"summary_large_image\" \/>\n<meta name=\"twitter:creator\" content=\"@LaGuiadPamplona\" \/>\n<meta name=\"twitter:site\" content=\"@LaGuiadPamplona\" \/>\n<meta name=\"twitter:label1\" content=\"Escrito por\" \/>\n\t<meta name=\"twitter:data1\" content=\"La Gu\u00eda de Pamplona\" \/>\n\t<meta name=\"twitter:label2\" content=\"Tiempo de lectura\" \/>\n\t<meta name=\"twitter:data2\" content=\"3 minutos\" \/>\n<script type=\"application\/ld+json\" class=\"yoast-schema-graph\">{\"@context\":\"https:\\\/\\\/schema.org\",\"@graph\":[{\"@type\":\"Article\",\"@id\":\"https:\\\/\\\/www.laguiadepamplona.com\\\/actualidad\\\/pamplona-ultima-el-edificio-de-la-estacion-del-centro-de-interpretacion-del-ferrocarril-de-trinitarios\\\/#article\",\"isPartOf\":{\"@id\":\"https:\\\/\\\/www.laguiadepamplona.com\\\/actualidad\\\/pamplona-ultima-el-edificio-de-la-estacion-del-centro-de-interpretacion-del-ferrocarril-de-trinitarios\\\/\"},\"author\":{\"name\":\"La Gu\u00eda de Pamplona\",\"@id\":\"https:\\\/\\\/www.laguiadepamplona.com\\\/actualidad\\\/#\\\/schema\\\/person\\\/efe887376f0213d4657c93adc50b1fdb\"},\"headline\":\"Pamplona ultima el edificio de la estaci\u00f3n del Centro de Interpretaci\u00f3n del Ferrocarril de Trinitarios\",\"datePublished\":\"2022-04-05T10:29:13+00:00\",\"dateModified\":\"2023-04-11T09:48:20+00:00\",\"mainEntityOfPage\":{\"@id\":\"https:\\\/\\\/www.laguiadepamplona.com\\\/actualidad\\\/pamplona-ultima-el-edificio-de-la-estacion-del-centro-de-interpretacion-del-ferrocarril-de-trinitarios\\\/\"},\"wordCount\":702,\"commentCount\":0,\"publisher\":{\"@id\":\"https:\\\/\\\/www.laguiadepamplona.com\\\/actualidad\\\/#organization\"},\"image\":{\"@id\":\"https:\\\/\\\/www.laguiadepamplona.com\\\/actualidad\\\/pamplona-ultima-el-edificio-de-la-estacion-del-centro-de-interpretacion-del-ferrocarril-de-trinitarios\\\/#primaryimage\"},\"thumbnailUrl\":\"https:\\\/\\\/www.laguiadepamplona.com\\\/actualidad\\\/wp-content\\\/uploads\\\/2022\\\/04\\\/centro-interpretacion-del-ferrocarril-trinitarios.jpg\",\"articleSection\":[\"Ayto Pamplona\"],\"inLanguage\":\"es\",\"potentialAction\":[{\"@type\":\"CommentAction\",\"name\":\"Comment\",\"target\":[\"https:\\\/\\\/www.laguiadepamplona.com\\\/actualidad\\\/pamplona-ultima-el-edificio-de-la-estacion-del-centro-de-interpretacion-del-ferrocarril-de-trinitarios\\\/#respond\"]}]},{\"@type\":\"WebPage\",\"@id\":\"https:\\\/\\\/www.laguiadepamplona.com\\\/actualidad\\\/pamplona-ultima-el-edificio-de-la-estacion-del-centro-de-interpretacion-del-ferrocarril-de-trinitarios\\\/\",\"url\":\"https:\\\/\\\/www.laguiadepamplona.com\\\/actualidad\\\/pamplona-ultima-el-edificio-de-la-estacion-del-centro-de-interpretacion-del-ferrocarril-de-trinitarios\\\/\",\"name\":\"Pamplona ultima el edificio de la estaci\u00f3n del Centro de Interpretaci\u00f3n del Ferrocarril de Trinitarios\",\"isPartOf\":{\"@id\":\"https:\\\/\\\/www.laguiadepamplona.com\\\/actualidad\\\/#website\"},\"primaryImageOfPage\":{\"@id\":\"https:\\\/\\\/www.laguiadepamplona.com\\\/actualidad\\\/pamplona-ultima-el-edificio-de-la-estacion-del-centro-de-interpretacion-del-ferrocarril-de-trinitarios\\\/#primaryimage\"},\"image\":{\"@id\":\"https:\\\/\\\/www.laguiadepamplona.com\\\/actualidad\\\/pamplona-ultima-el-edificio-de-la-estacion-del-centro-de-interpretacion-del-ferrocarril-de-trinitarios\\\/#primaryimage\"},\"thumbnailUrl\":\"https:\\\/\\\/www.laguiadepamplona.com\\\/actualidad\\\/wp-content\\\/uploads\\\/2022\\\/04\\\/centro-interpretacion-del-ferrocarril-trinitarios.jpg\",\"datePublished\":\"2022-04-05T10:29:13+00:00\",\"dateModified\":\"2023-04-11T09:48:20+00:00\",\"description\":\"La Comisi\u00f3n de Presidencia ha visitado hoy las obras, realizadas por la Asociaci\u00f3n de Amigos del Ferrocarril fruto del convenio suscrito con el Consistorio\",\"breadcrumb\":{\"@id\":\"https:\\\/\\\/www.laguiadepamplona.com\\\/actualidad\\\/pamplona-ultima-el-edificio-de-la-estacion-del-centro-de-interpretacion-del-ferrocarril-de-trinitarios\\\/#breadcrumb\"},\"inLanguage\":\"es\",\"potentialAction\":[{\"@type\":\"ReadAction\",\"target\":[\"https:\\\/\\\/www.laguiadepamplona.com\\\/actualidad\\\/pamplona-ultima-el-edificio-de-la-estacion-del-centro-de-interpretacion-del-ferrocarril-de-trinitarios\\\/\"]}]},{\"@type\":\"ImageObject\",\"inLanguage\":\"es\",\"@id\":\"https:\\\/\\\/www.laguiadepamplona.com\\\/actualidad\\\/pamplona-ultima-el-edificio-de-la-estacion-del-centro-de-interpretacion-del-ferrocarril-de-trinitarios\\\/#primaryimage\",\"url\":\"https:\\\/\\\/www.laguiadepamplona.com\\\/actualidad\\\/wp-content\\\/uploads\\\/2022\\\/04\\\/centro-interpretacion-del-ferrocarril-trinitarios.jpg\",\"contentUrl\":\"https:\\\/\\\/www.laguiadepamplona.com\\\/actualidad\\\/wp-content\\\/uploads\\\/2022\\\/04\\\/centro-interpretacion-del-ferrocarril-trinitarios.jpg\",\"width\":1772,\"height\":1182},{\"@type\":\"BreadcrumbList\",\"@id\":\"https:\\\/\\\/www.laguiadepamplona.com\\\/actualidad\\\/pamplona-ultima-el-edificio-de-la-estacion-del-centro-de-interpretacion-del-ferrocarril-de-trinitarios\\\/#breadcrumb\",\"itemListElement\":[{\"@type\":\"ListItem\",\"position\":1,\"name\":\"Portada\",\"item\":\"https:\\\/\\\/www.laguiadepamplona.com\\\/actualidad\\\/\"},{\"@type\":\"ListItem\",\"position\":2,\"name\":\"Pamplona ultima el edificio de la estaci\u00f3n del Centro de Interpretaci\u00f3n del Ferrocarril de Trinitarios\"}]},{\"@type\":\"WebSite\",\"@id\":\"https:\\\/\\\/www.laguiadepamplona.com\\\/actualidad\\\/#website\",\"url\":\"https:\\\/\\\/www.laguiadepamplona.com\\\/actualidad\\\/\",\"name\":\"La gu\u00eda de Pamplona\",\"description\":\"Noticias de Pamplona\",\"publisher\":{\"@id\":\"https:\\\/\\\/www.laguiadepamplona.com\\\/actualidad\\\/#organization\"},\"potentialAction\":[{\"@type\":\"SearchAction\",\"target\":{\"@type\":\"EntryPoint\",\"urlTemplate\":\"https:\\\/\\\/www.laguiadepamplona.com\\\/actualidad\\\/?s={search_term_string}\"},\"query-input\":{\"@type\":\"PropertyValueSpecification\",\"valueRequired\":true,\"valueName\":\"search_term_string\"}}],\"inLanguage\":\"es\"},{\"@type\":\"Organization\",\"@id\":\"https:\\\/\\\/www.laguiadepamplona.com\\\/actualidad\\\/#organization\",\"name\":\"La Gu\u00eda de Pamplona \\\/ Noticias\",\"url\":\"https:\\\/\\\/www.laguiadepamplona.com\\\/actualidad\\\/\",\"logo\":{\"@type\":\"ImageObject\",\"inLanguage\":\"es\",\"@id\":\"https:\\\/\\\/www.laguiadepamplona.com\\\/actualidad\\\/#\\\/schema\\\/logo\\\/image\\\/\",\"url\":\"https:\\\/\\\/www.laguiadepamplona.com\\\/actualidad\\\/wp-content\\\/uploads\\\/2018\\\/11\\\/logo-laguiadepamplona18-web1.png\",\"contentUrl\":\"https:\\\/\\\/www.laguiadepamplona.com\\\/actualidad\\\/wp-content\\\/uploads\\\/2018\\\/11\\\/logo-laguiadepamplona18-web1.png\",\"width\":600,\"height\":196,\"caption\":\"La Gu\u00eda de Pamplona \\\/ Noticias\"},\"image\":{\"@id\":\"https:\\\/\\\/www.laguiadepamplona.com\\\/actualidad\\\/#\\\/schema\\\/logo\\\/image\\\/\"},\"sameAs\":[\"https:\\\/\\\/www.facebook.com\\\/laguiadepamplonacom-133175176762273\\\/?ref=hl\",\"https:\\\/\\\/x.com\\\/LaGuiadPamplona\",\"https:\\\/\\\/www.instagram.com\\\/la_guia_de_pamplona\\\/\",\"https:\\\/\\\/www.youtube.com\\\/user\\\/laguiadepamplona\"]},{\"@type\":\"Person\",\"@id\":\"https:\\\/\\\/www.laguiadepamplona.com\\\/actualidad\\\/#\\\/schema\\\/person\\\/efe887376f0213d4657c93adc50b1fdb\",\"name\":\"La Gu\u00eda de Pamplona\",\"image\":{\"@type\":\"ImageObject\",\"inLanguage\":\"es\",\"@id\":\"https:\\\/\\\/secure.gravatar.com\\\/avatar\\\/b6992f131dc8d30ab0dff15446e9d346d9dbd95992de0fef795073f5ea83a81c?s=96&d=mm&r=g\",\"url\":\"https:\\\/\\\/secure.gravatar.com\\\/avatar\\\/b6992f131dc8d30ab0dff15446e9d346d9dbd95992de0fef795073f5ea83a81c?s=96&d=mm&r=g\",\"contentUrl\":\"https:\\\/\\\/secure.gravatar.com\\\/avatar\\\/b6992f131dc8d30ab0dff15446e9d346d9dbd95992de0fef795073f5ea83a81c?s=96&d=mm&r=g\",\"caption\":\"La Gu\u00eda de Pamplona\"}}]}<\/script>\n<!-- \/ Yoast SEO plugin. -->","yoast_head_json":{"title":"Pamplona ultima el edificio de la estaci\u00f3n del Centro de Interpretaci\u00f3n del Ferrocarril de Trinitarios","description":"La Comisi\u00f3n de Presidencia ha visitado hoy las obras, realizadas por la Asociaci\u00f3n de Amigos del Ferrocarril fruto del convenio suscrito con el Consistorio","robots":{"index":"index","follow":"follow","max-snippet":"max-snippet:-1","max-image-preview":"max-image-preview:large","max-video-preview":"max-video-preview:-1"},"canonical":"https:\/\/www.laguiadepamplona.com\/actualidad\/pamplona-ultima-el-edificio-de-la-estacion-del-centro-de-interpretacion-del-ferrocarril-de-trinitarios\/","og_locale":"es_ES","og_type":"article","og_title":"Pamplona ultima el edificio de la estaci\u00f3n del Centro de Interpretaci\u00f3n del Ferrocarril de Trinitarios","og_description":"La Comisi\u00f3n de Presidencia ha visitado hoy las obras, realizadas por la Asociaci\u00f3n de Amigos del Ferrocarril fruto del convenio suscrito con el Consistorio","og_url":"https:\/\/www.laguiadepamplona.com\/actualidad\/pamplona-ultima-el-edificio-de-la-estacion-del-centro-de-interpretacion-del-ferrocarril-de-trinitarios\/","og_site_name":"La Gu\u00eda de Pamplona","article_publisher":"https:\/\/www.facebook.com\/laguiadepamplonacom-133175176762273\/?ref=hl","article_published_time":"2022-04-05T10:29:13+00:00","article_modified_time":"2023-04-11T09:48:20+00:00","og_image":[{"width":1772,"height":1182,"url":"https:\/\/www.laguiadepamplona.com\/actualidad\/wp-content\/uploads\/2022\/04\/centro-interpretacion-del-ferrocarril-trinitarios.jpg","type":"image\/jpeg"}],"author":"La Gu\u00eda de Pamplona","twitter_card":"summary_large_image","twitter_creator":"@LaGuiadPamplona","twitter_site":"@LaGuiadPamplona","twitter_misc":{"Escrito por":"La Gu\u00eda de Pamplona","Tiempo de lectura":"3 minutos"},"schema":{"@context":"https:\/\/schema.org","@graph":[{"@type":"Article","@id":"https:\/\/www.laguiadepamplona.com\/actualidad\/pamplona-ultima-el-edificio-de-la-estacion-del-centro-de-interpretacion-del-ferrocarril-de-trinitarios\/#article","isPartOf":{"@id":"https:\/\/www.laguiadepamplona.com\/actualidad\/pamplona-ultima-el-edificio-de-la-estacion-del-centro-de-interpretacion-del-ferrocarril-de-trinitarios\/"},"author":{"name":"La Gu\u00eda de Pamplona","@id":"https:\/\/www.laguiadepamplona.com\/actualidad\/#\/schema\/person\/efe887376f0213d4657c93adc50b1fdb"},"headline":"Pamplona ultima el edificio de la estaci\u00f3n del Centro de Interpretaci\u00f3n del Ferrocarril de Trinitarios","datePublished":"2022-04-05T10:29:13+00:00","dateModified":"2023-04-11T09:48:20+00:00","mainEntityOfPage":{"@id":"https:\/\/www.laguiadepamplona.com\/actualidad\/pamplona-ultima-el-edificio-de-la-estacion-del-centro-de-interpretacion-del-ferrocarril-de-trinitarios\/"},"wordCount":702,"commentCount":0,"publisher":{"@id":"https:\/\/www.laguiadepamplona.com\/actualidad\/#organization"},"image":{"@id":"https:\/\/www.laguiadepamplona.com\/actualidad\/pamplona-ultima-el-edificio-de-la-estacion-del-centro-de-interpretacion-del-ferrocarril-de-trinitarios\/#primaryimage"},"thumbnailUrl":"https:\/\/www.laguiadepamplona.com\/actualidad\/wp-content\/uploads\/2022\/04\/centro-interpretacion-del-ferrocarril-trinitarios.jpg","articleSection":["Ayto Pamplona"],"inLanguage":"es","potentialAction":[{"@type":"CommentAction","name":"Comment","target":["https:\/\/www.laguiadepamplona.com\/actualidad\/pamplona-ultima-el-edificio-de-la-estacion-del-centro-de-interpretacion-del-ferrocarril-de-trinitarios\/#respond"]}]},{"@type":"WebPage","@id":"https:\/\/www.laguiadepamplona.com\/actualidad\/pamplona-ultima-el-edificio-de-la-estacion-del-centro-de-interpretacion-del-ferrocarril-de-trinitarios\/","url":"https:\/\/www.laguiadepamplona.com\/actualidad\/pamplona-ultima-el-edificio-de-la-estacion-del-centro-de-interpretacion-del-ferrocarril-de-trinitarios\/","name":"Pamplona ultima el edificio de la estaci\u00f3n del Centro de Interpretaci\u00f3n del Ferrocarril de Trinitarios","isPartOf":{"@id":"https:\/\/www.laguiadepamplona.com\/actualidad\/#website"},"primaryImageOfPage":{"@id":"https:\/\/www.laguiadepamplona.com\/actualidad\/pamplona-ultima-el-edificio-de-la-estacion-del-centro-de-interpretacion-del-ferrocarril-de-trinitarios\/#primaryimage"},"image":{"@id":"https:\/\/www.laguiadepamplona.com\/actualidad\/pamplona-ultima-el-edificio-de-la-estacion-del-centro-de-interpretacion-del-ferrocarril-de-trinitarios\/#primaryimage"},"thumbnailUrl":"https:\/\/www.laguiadepamplona.com\/actualidad\/wp-content\/uploads\/2022\/04\/centro-interpretacion-del-ferrocarril-trinitarios.jpg","datePublished":"2022-04-05T10:29:13+00:00","dateModified":"2023-04-11T09:48:20+00:00","description":"La Comisi\u00f3n de Presidencia ha visitado hoy las obras, realizadas por la Asociaci\u00f3n de Amigos del Ferrocarril fruto del convenio suscrito con el Consistorio","breadcrumb":{"@id":"https:\/\/www.laguiadepamplona.com\/actualidad\/pamplona-ultima-el-edificio-de-la-estacion-del-centro-de-interpretacion-del-ferrocarril-de-trinitarios\/#breadcrumb"},"inLanguage":"es","potentialAction":[{"@type":"ReadAction","target":["https:\/\/www.laguiadepamplona.com\/actualidad\/pamplona-ultima-el-edificio-de-la-estacion-del-centro-de-interpretacion-del-ferrocarril-de-trinitarios\/"]}]},{"@type":"ImageObject","inLanguage":"es","@id":"https:\/\/www.laguiadepamplona.com\/actualidad\/pamplona-ultima-el-edificio-de-la-estacion-del-centro-de-interpretacion-del-ferrocarril-de-trinitarios\/#primaryimage","url":"https:\/\/www.laguiadepamplona.com\/actualidad\/wp-content\/uploads\/2022\/04\/centro-interpretacion-del-ferrocarril-trinitarios.jpg","contentUrl":"https:\/\/www.laguiadepamplona.com\/actualidad\/wp-content\/uploads\/2022\/04\/centro-interpretacion-del-ferrocarril-trinitarios.jpg","width":1772,"height":1182},{"@type":"BreadcrumbList","@id":"https:\/\/www.laguiadepamplona.com\/actualidad\/pamplona-ultima-el-edificio-de-la-estacion-del-centro-de-interpretacion-del-ferrocarril-de-trinitarios\/#breadcrumb","itemListElement":[{"@type":"ListItem","position":1,"name":"Portada","item":"https:\/\/www.laguiadepamplona.com\/actualidad\/"},{"@type":"ListItem","position":2,"name":"Pamplona ultima el edificio de la estaci\u00f3n del Centro de Interpretaci\u00f3n del Ferrocarril de Trinitarios"}]},{"@type":"WebSite","@id":"https:\/\/www.laguiadepamplona.com\/actualidad\/#website","url":"https:\/\/www.laguiadepamplona.com\/actualidad\/","name":"La gu\u00eda de Pamplona","description":"Noticias de Pamplona","publisher":{"@id":"https:\/\/www.laguiadepamplona.com\/actualidad\/#organization"},"potentialAction":[{"@type":"SearchAction","target":{"@type":"EntryPoint","urlTemplate":"https:\/\/www.laguiadepamplona.com\/actualidad\/?s={search_term_string}"},"query-input":{"@type":"PropertyValueSpecification","valueRequired":true,"valueName":"search_term_string"}}],"inLanguage":"es"},{"@type":"Organization","@id":"https:\/\/www.laguiadepamplona.com\/actualidad\/#organization","name":"La Gu\u00eda de Pamplona \/ Noticias","url":"https:\/\/www.laguiadepamplona.com\/actualidad\/","logo":{"@type":"ImageObject","inLanguage":"es","@id":"https:\/\/www.laguiadepamplona.com\/actualidad\/#\/schema\/logo\/image\/","url":"https:\/\/www.laguiadepamplona.com\/actualidad\/wp-content\/uploads\/2018\/11\/logo-laguiadepamplona18-web1.png","contentUrl":"https:\/\/www.laguiadepamplona.com\/actualidad\/wp-content\/uploads\/2018\/11\/logo-laguiadepamplona18-web1.png","width":600,"height":196,"caption":"La Gu\u00eda de Pamplona \/ Noticias"},"image":{"@id":"https:\/\/www.laguiadepamplona.com\/actualidad\/#\/schema\/logo\/image\/"},"sameAs":["https:\/\/www.facebook.com\/laguiadepamplonacom-133175176762273\/?ref=hl","https:\/\/x.com\/LaGuiadPamplona","https:\/\/www.instagram.com\/la_guia_de_pamplona\/","https:\/\/www.youtube.com\/user\/laguiadepamplona"]},{"@type":"Person","@id":"https:\/\/www.laguiadepamplona.com\/actualidad\/#\/schema\/person\/efe887376f0213d4657c93adc50b1fdb","name":"La Gu\u00eda de Pamplona","image":{"@type":"ImageObject","inLanguage":"es","@id":"https:\/\/secure.gravatar.com\/avatar\/b6992f131dc8d30ab0dff15446e9d346d9dbd95992de0fef795073f5ea83a81c?s=96&d=mm&r=g","url":"https:\/\/secure.gravatar.com\/avatar\/b6992f131dc8d30ab0dff15446e9d346d9dbd95992de0fef795073f5ea83a81c?s=96&d=mm&r=g","contentUrl":"https:\/\/secure.gravatar.com\/avatar\/b6992f131dc8d30ab0dff15446e9d346d9dbd95992de0fef795073f5ea83a81c?s=96&d=mm&r=g","caption":"La Gu\u00eda de Pamplona"}}]}},"post_mailing_queue_ids":[],"_links":{"self":[{"href":"https:\/\/www.laguiadepamplona.com\/actualidad\/wp-json\/wp\/v2\/posts\/39851","targetHints":{"allow":["GET"]}}],"collection":[{"href":"https:\/\/www.laguiadepamplona.com\/actualidad\/wp-json\/wp\/v2\/posts"}],"about":[{"href":"https:\/\/www.laguiadepamplona.com\/actualidad\/wp-json\/wp\/v2\/types\/post"}],"author":[{"embeddable":true,"href":"https:\/\/www.laguiadepamplona.com\/actualidad\/wp-json\/wp\/v2\/users\/1"}],"replies":[{"embeddable":true,"href":"https:\/\/www.laguiadepamplona.com\/actualidad\/wp-json\/wp\/v2\/comments?post=39851"}],"version-history":[{"count":0,"href":"https:\/\/www.laguiadepamplona.com\/actualidad\/wp-json\/wp\/v2\/posts\/39851\/revisions"}],"wp:featuredmedia":[{"embeddable":true,"href":"https:\/\/www.laguiadepamplona.com\/actualidad\/wp-json\/wp\/v2\/media\/39852"}],"wp:attachment":[{"href":"https:\/\/www.laguiadepamplona.com\/actualidad\/wp-json\/wp\/v2\/media?parent=39851"}],"wp:term":[{"taxonomy":"category","embeddable":true,"href":"https:\/\/www.laguiadepamplona.com\/actualidad\/wp-json\/wp\/v2\/categories?post=39851"},{"taxonomy":"post_tag","embeddable":true,"href":"https:\/\/www.laguiadepamplona.com\/actualidad\/wp-json\/wp\/v2\/tags?post=39851"}],"curies":[{"name":"wp","href":"https:\/\/api.w.org\/{rel}","templated":true}]}}