{"id":39829,"date":"2022-04-04T18:29:34","date_gmt":"2022-04-04T16:29:34","guid":{"rendered":"https:\/\/www.laguiadepamplona.com\/actualidad\/?p=39829"},"modified":"2023-04-11T11:48:20","modified_gmt":"2023-04-11T09:48:20","slug":"el-ayuntamiento-actualiza-el-catalogo-de-grupos-artisticos-no-profesionales-que-pone-a-disposicion-de-las-entidades-ciudadanas-para-el-desarrollo-de-diferentes-actividades","status":"publish","type":"post","link":"https:\/\/www.laguiadepamplona.com\/actualidad\/el-ayuntamiento-actualiza-el-catalogo-de-grupos-artisticos-no-profesionales-que-pone-a-disposicion-de-las-entidades-ciudadanas-para-el-desarrollo-de-diferentes-actividades\/","title":{"rendered":"El Ayuntamiento actualiza el cat\u00e1logo de grupos art\u00edsticos no profesionales que pone a disposici\u00f3n de las entidades ciudadanas para el desarrollo de diferentes actividades"},"content":{"rendered":"<h5>El 26 de abril finaliza el plazo para que estos grupos art\u00edsticos presenten la documentaci\u00f3n y la ficha requeridas en el \u00e1rea de Cultura e Igualdad<\/h5>\n<p><!--more--><\/p>\n<p>El Ayuntamiento de Pamplona est\u00e1 trabajando en la actualizaci\u00f3n del cat\u00e1logo de grupos art\u00edsticos no profesionales domiciliados en la ciudad. Para ello, ha abierto un plazo hasta el 26 de abril a las 14 horas para que los grupos que quieren formar parte de ese directorio presenten la documentaci\u00f3n requerida en el \u00e1rea de Cultura e Igualdad (c\/ Descalzos 72, 2\u00ba). Junto con la documentaci\u00f3n, se deber\u00e1 adjuntar una <a href=\"http:\/\/www.pamplonaescultura.es\/eventos\/actualizacion-catalogo-de-grupos-artisticos-de-pamplona\/\" target=\"_blank\" rel=\"noopener\">ficha<\/a> que se puede descargar en <a href=\"http:\/\/www.pamplonaescultura.es\" target=\"_blank\" rel=\"noopener\">www.pamplonaescultura.es<\/a>.<br \/>\n<script async src=\"\/\/pagead2.googlesyndication.com\/pagead\/js\/adsbygoogle.js\"><\/script><br \/>\n<!-- Noticias La Guia de Pamplona --><br \/>\n<ins class=\"adsbygoogle\"\nstyle=\"display:block\"\ndata-ad-client=\"ca-pub-6943679897239327\"\ndata-ad-slot=\"7048180777\"\ndata-ad-format=\"auto\"><\/ins><br \/>\n<script>\n(adsbygoogle = window.adsbygoogle || []).push({});\n<\/script><\/p>\n<p>Se trata as\u00ed de tener sus datos actualizados y ponerlos a disposici\u00f3n de las entidades ciudadanas que requieran de este tipo de grupos para el desarrollo de las actividades que puedan organizar. La finalidad de esta iniciativa es promocionar la actividad de los grupos art\u00edsticos no profesionales de la ciudad, estimular la actividad de los grupos amateurs consolidando su presencia en la vida ciudadana y dinamizar distintos espacios de la ciudad, poniendo de relieve el patrimonio de Pamplona.<\/p>\n<p>Una vez finalizado el plazo de presentaci\u00f3n de documentos, se har\u00e1 una primera publicaci\u00f3n con la informaci\u00f3n recibida hasta ese momento. Este listado estar\u00e1 a disposici\u00f3n de las entidades ciudadanas que requieran de este tipo de grupos para el desarrollo de su actividad y est\u00e1 previsto que se pueda consultar a trav\u00e9s de las webs municipales. Posteriormente, cualquier grupo que desee actualizar sus datos o formar parte del cat\u00e1logo, podr\u00e1 solicitarlo de la misma manera y se publicar\u00e1 en pr\u00f3ximas actualizaciones del directorio.<\/p>\n","protected":false},"excerpt":{"rendered":"<p>El 26 de abril finaliza el plazo para que estos grupos art\u00edsticos presenten la documentaci\u00f3n y la ficha requeridas en el \u00e1rea de Cultura e Igualdad<\/p>\n","protected":false},"author":1,"featured_media":39830,"comment_status":"open","ping_status":"closed","sticky":false,"template":"","format":"standard","meta":{"footnotes":""},"categories":[2],"tags":[],"class_list":["post-39829","post","type-post","status-publish","format-standard","has-post-thumbnail","hentry","category-ayuntamiento-pamplona"],"yoast_head":"<!-- This site is optimized with the Yoast SEO plugin v27.3 - https:\/\/yoast.com\/product\/yoast-seo-wordpress\/ -->\n<title>El Ayuntamiento actualiza el cat\u00e1logo de grupos art\u00edsticos no profesionales que pone a disposici\u00f3n de las entidades ciudadanas para el desarrollo de diferentes actividades<\/title>\n<meta name=\"description\" content=\"El 26 de abril finaliza el plazo para que estos grupos art\u00edsticos presenten la documentaci\u00f3n y la ficha requeridas en el \u00e1rea de Cultura e Igualdad\" \/>\n<meta name=\"robots\" content=\"index, follow, max-snippet:-1, max-image-preview:large, max-video-preview:-1\" \/>\n<link rel=\"canonical\" href=\"https:\/\/www.laguiadepamplona.com\/actualidad\/el-ayuntamiento-actualiza-el-catalogo-de-grupos-artisticos-no-profesionales-que-pone-a-disposicion-de-las-entidades-ciudadanas-para-el-desarrollo-de-diferentes-actividades\/\" \/>\n<meta property=\"og:locale\" content=\"es_ES\" \/>\n<meta property=\"og:type\" content=\"article\" \/>\n<meta property=\"og:title\" content=\"El Ayuntamiento actualiza el cat\u00e1logo de grupos art\u00edsticos no profesionales que pone a disposici\u00f3n de las entidades ciudadanas para el desarrollo de diferentes actividades\" \/>\n<meta property=\"og:description\" content=\"El 26 de abril finaliza el plazo para que estos grupos art\u00edsticos presenten la documentaci\u00f3n y la ficha requeridas en el \u00e1rea de Cultura e Igualdad\" \/>\n<meta property=\"og:url\" content=\"https:\/\/www.laguiadepamplona.com\/actualidad\/el-ayuntamiento-actualiza-el-catalogo-de-grupos-artisticos-no-profesionales-que-pone-a-disposicion-de-las-entidades-ciudadanas-para-el-desarrollo-de-diferentes-actividades\/\" \/>\n<meta property=\"og:site_name\" content=\"La Gu\u00eda de Pamplona\" \/>\n<meta property=\"article:publisher\" content=\"https:\/\/www.facebook.com\/laguiadepamplonacom-133175176762273\/?ref=hl\" \/>\n<meta property=\"article:published_time\" content=\"2022-04-04T16:29:34+00:00\" \/>\n<meta property=\"article:modified_time\" content=\"2023-04-11T09:48:20+00:00\" \/>\n<meta property=\"og:image\" content=\"https:\/\/www.laguiadepamplona.com\/actualidad\/wp-content\/uploads\/2022\/04\/casa_juventud_ensayo_teatro_0.jpg\" \/>\n\t<meta property=\"og:image:width\" content=\"1575\" \/>\n\t<meta property=\"og:image:height\" content=\"1119\" \/>\n\t<meta property=\"og:image:type\" content=\"image\/jpeg\" \/>\n<meta name=\"author\" content=\"La Gu\u00eda de Pamplona\" \/>\n<meta name=\"twitter:card\" content=\"summary_large_image\" \/>\n<meta name=\"twitter:creator\" content=\"@LaGuiadPamplona\" \/>\n<meta name=\"twitter:site\" content=\"@LaGuiadPamplona\" \/>\n<meta name=\"twitter:label1\" content=\"Escrito por\" \/>\n\t<meta name=\"twitter:data1\" content=\"La Gu\u00eda de Pamplona\" \/>\n\t<meta name=\"twitter:label2\" content=\"Tiempo de lectura\" \/>\n\t<meta name=\"twitter:data2\" content=\"2 minutos\" \/>\n<script type=\"application\/ld+json\" class=\"yoast-schema-graph\">{\"@context\":\"https:\\\/\\\/schema.org\",\"@graph\":[{\"@type\":\"Article\",\"@id\":\"https:\\\/\\\/www.laguiadepamplona.com\\\/actualidad\\\/el-ayuntamiento-actualiza-el-catalogo-de-grupos-artisticos-no-profesionales-que-pone-a-disposicion-de-las-entidades-ciudadanas-para-el-desarrollo-de-diferentes-actividades\\\/#article\",\"isPartOf\":{\"@id\":\"https:\\\/\\\/www.laguiadepamplona.com\\\/actualidad\\\/el-ayuntamiento-actualiza-el-catalogo-de-grupos-artisticos-no-profesionales-que-pone-a-disposicion-de-las-entidades-ciudadanas-para-el-desarrollo-de-diferentes-actividades\\\/\"},\"author\":{\"name\":\"La Gu\u00eda de Pamplona\",\"@id\":\"https:\\\/\\\/www.laguiadepamplona.com\\\/actualidad\\\/#\\\/schema\\\/person\\\/efe887376f0213d4657c93adc50b1fdb\"},\"headline\":\"El Ayuntamiento actualiza el cat\u00e1logo de grupos art\u00edsticos no profesionales que pone a disposici\u00f3n de las entidades ciudadanas para el desarrollo de diferentes actividades\",\"datePublished\":\"2022-04-04T16:29:34+00:00\",\"dateModified\":\"2023-04-11T09:48:20+00:00\",\"mainEntityOfPage\":{\"@id\":\"https:\\\/\\\/www.laguiadepamplona.com\\\/actualidad\\\/el-ayuntamiento-actualiza-el-catalogo-de-grupos-artisticos-no-profesionales-que-pone-a-disposicion-de-las-entidades-ciudadanas-para-el-desarrollo-de-diferentes-actividades\\\/\"},\"wordCount\":303,\"commentCount\":0,\"publisher\":{\"@id\":\"https:\\\/\\\/www.laguiadepamplona.com\\\/actualidad\\\/#organization\"},\"image\":{\"@id\":\"https:\\\/\\\/www.laguiadepamplona.com\\\/actualidad\\\/el-ayuntamiento-actualiza-el-catalogo-de-grupos-artisticos-no-profesionales-que-pone-a-disposicion-de-las-entidades-ciudadanas-para-el-desarrollo-de-diferentes-actividades\\\/#primaryimage\"},\"thumbnailUrl\":\"https:\\\/\\\/www.laguiadepamplona.com\\\/actualidad\\\/wp-content\\\/uploads\\\/2022\\\/04\\\/casa_juventud_ensayo_teatro_0.jpg\",\"articleSection\":[\"Ayto Pamplona\"],\"inLanguage\":\"es\",\"potentialAction\":[{\"@type\":\"CommentAction\",\"name\":\"Comment\",\"target\":[\"https:\\\/\\\/www.laguiadepamplona.com\\\/actualidad\\\/el-ayuntamiento-actualiza-el-catalogo-de-grupos-artisticos-no-profesionales-que-pone-a-disposicion-de-las-entidades-ciudadanas-para-el-desarrollo-de-diferentes-actividades\\\/#respond\"]}]},{\"@type\":\"WebPage\",\"@id\":\"https:\\\/\\\/www.laguiadepamplona.com\\\/actualidad\\\/el-ayuntamiento-actualiza-el-catalogo-de-grupos-artisticos-no-profesionales-que-pone-a-disposicion-de-las-entidades-ciudadanas-para-el-desarrollo-de-diferentes-actividades\\\/\",\"url\":\"https:\\\/\\\/www.laguiadepamplona.com\\\/actualidad\\\/el-ayuntamiento-actualiza-el-catalogo-de-grupos-artisticos-no-profesionales-que-pone-a-disposicion-de-las-entidades-ciudadanas-para-el-desarrollo-de-diferentes-actividades\\\/\",\"name\":\"El Ayuntamiento actualiza el cat\u00e1logo de grupos art\u00edsticos no profesionales que pone a disposici\u00f3n de las entidades ciudadanas para el desarrollo de diferentes actividades\",\"isPartOf\":{\"@id\":\"https:\\\/\\\/www.laguiadepamplona.com\\\/actualidad\\\/#website\"},\"primaryImageOfPage\":{\"@id\":\"https:\\\/\\\/www.laguiadepamplona.com\\\/actualidad\\\/el-ayuntamiento-actualiza-el-catalogo-de-grupos-artisticos-no-profesionales-que-pone-a-disposicion-de-las-entidades-ciudadanas-para-el-desarrollo-de-diferentes-actividades\\\/#primaryimage\"},\"image\":{\"@id\":\"https:\\\/\\\/www.laguiadepamplona.com\\\/actualidad\\\/el-ayuntamiento-actualiza-el-catalogo-de-grupos-artisticos-no-profesionales-que-pone-a-disposicion-de-las-entidades-ciudadanas-para-el-desarrollo-de-diferentes-actividades\\\/#primaryimage\"},\"thumbnailUrl\":\"https:\\\/\\\/www.laguiadepamplona.com\\\/actualidad\\\/wp-content\\\/uploads\\\/2022\\\/04\\\/casa_juventud_ensayo_teatro_0.jpg\",\"datePublished\":\"2022-04-04T16:29:34+00:00\",\"dateModified\":\"2023-04-11T09:48:20+00:00\",\"description\":\"El 26 de abril finaliza el plazo para que estos grupos art\u00edsticos presenten la documentaci\u00f3n y la ficha requeridas en el \u00e1rea de Cultura e Igualdad\",\"breadcrumb\":{\"@id\":\"https:\\\/\\\/www.laguiadepamplona.com\\\/actualidad\\\/el-ayuntamiento-actualiza-el-catalogo-de-grupos-artisticos-no-profesionales-que-pone-a-disposicion-de-las-entidades-ciudadanas-para-el-desarrollo-de-diferentes-actividades\\\/#breadcrumb\"},\"inLanguage\":\"es\",\"potentialAction\":[{\"@type\":\"ReadAction\",\"target\":[\"https:\\\/\\\/www.laguiadepamplona.com\\\/actualidad\\\/el-ayuntamiento-actualiza-el-catalogo-de-grupos-artisticos-no-profesionales-que-pone-a-disposicion-de-las-entidades-ciudadanas-para-el-desarrollo-de-diferentes-actividades\\\/\"]}]},{\"@type\":\"ImageObject\",\"inLanguage\":\"es\",\"@id\":\"https:\\\/\\\/www.laguiadepamplona.com\\\/actualidad\\\/el-ayuntamiento-actualiza-el-catalogo-de-grupos-artisticos-no-profesionales-que-pone-a-disposicion-de-las-entidades-ciudadanas-para-el-desarrollo-de-diferentes-actividades\\\/#primaryimage\",\"url\":\"https:\\\/\\\/www.laguiadepamplona.com\\\/actualidad\\\/wp-content\\\/uploads\\\/2022\\\/04\\\/casa_juventud_ensayo_teatro_0.jpg\",\"contentUrl\":\"https:\\\/\\\/www.laguiadepamplona.com\\\/actualidad\\\/wp-content\\\/uploads\\\/2022\\\/04\\\/casa_juventud_ensayo_teatro_0.jpg\",\"width\":1575,\"height\":1119},{\"@type\":\"BreadcrumbList\",\"@id\":\"https:\\\/\\\/www.laguiadepamplona.com\\\/actualidad\\\/el-ayuntamiento-actualiza-el-catalogo-de-grupos-artisticos-no-profesionales-que-pone-a-disposicion-de-las-entidades-ciudadanas-para-el-desarrollo-de-diferentes-actividades\\\/#breadcrumb\",\"itemListElement\":[{\"@type\":\"ListItem\",\"position\":1,\"name\":\"Portada\",\"item\":\"https:\\\/\\\/www.laguiadepamplona.com\\\/actualidad\\\/\"},{\"@type\":\"ListItem\",\"position\":2,\"name\":\"El Ayuntamiento actualiza el cat\u00e1logo de grupos art\u00edsticos no profesionales que pone a disposici\u00f3n de las entidades ciudadanas para el desarrollo de diferentes actividades\"}]},{\"@type\":\"WebSite\",\"@id\":\"https:\\\/\\\/www.laguiadepamplona.com\\\/actualidad\\\/#website\",\"url\":\"https:\\\/\\\/www.laguiadepamplona.com\\\/actualidad\\\/\",\"name\":\"La gu\u00eda de Pamplona\",\"description\":\"Noticias de Pamplona\",\"publisher\":{\"@id\":\"https:\\\/\\\/www.laguiadepamplona.com\\\/actualidad\\\/#organization\"},\"potentialAction\":[{\"@type\":\"SearchAction\",\"target\":{\"@type\":\"EntryPoint\",\"urlTemplate\":\"https:\\\/\\\/www.laguiadepamplona.com\\\/actualidad\\\/?s={search_term_string}\"},\"query-input\":{\"@type\":\"PropertyValueSpecification\",\"valueRequired\":true,\"valueName\":\"search_term_string\"}}],\"inLanguage\":\"es\"},{\"@type\":\"Organization\",\"@id\":\"https:\\\/\\\/www.laguiadepamplona.com\\\/actualidad\\\/#organization\",\"name\":\"La Gu\u00eda de Pamplona \\\/ Noticias\",\"url\":\"https:\\\/\\\/www.laguiadepamplona.com\\\/actualidad\\\/\",\"logo\":{\"@type\":\"ImageObject\",\"inLanguage\":\"es\",\"@id\":\"https:\\\/\\\/www.laguiadepamplona.com\\\/actualidad\\\/#\\\/schema\\\/logo\\\/image\\\/\",\"url\":\"https:\\\/\\\/www.laguiadepamplona.com\\\/actualidad\\\/wp-content\\\/uploads\\\/2018\\\/11\\\/logo-laguiadepamplona18-web1.png\",\"contentUrl\":\"https:\\\/\\\/www.laguiadepamplona.com\\\/actualidad\\\/wp-content\\\/uploads\\\/2018\\\/11\\\/logo-laguiadepamplona18-web1.png\",\"width\":600,\"height\":196,\"caption\":\"La Gu\u00eda de Pamplona \\\/ Noticias\"},\"image\":{\"@id\":\"https:\\\/\\\/www.laguiadepamplona.com\\\/actualidad\\\/#\\\/schema\\\/logo\\\/image\\\/\"},\"sameAs\":[\"https:\\\/\\\/www.facebook.com\\\/laguiadepamplonacom-133175176762273\\\/?ref=hl\",\"https:\\\/\\\/x.com\\\/LaGuiadPamplona\",\"https:\\\/\\\/www.instagram.com\\\/la_guia_de_pamplona\\\/\",\"https:\\\/\\\/www.youtube.com\\\/user\\\/laguiadepamplona\"]},{\"@type\":\"Person\",\"@id\":\"https:\\\/\\\/www.laguiadepamplona.com\\\/actualidad\\\/#\\\/schema\\\/person\\\/efe887376f0213d4657c93adc50b1fdb\",\"name\":\"La Gu\u00eda de Pamplona\",\"image\":{\"@type\":\"ImageObject\",\"inLanguage\":\"es\",\"@id\":\"https:\\\/\\\/secure.gravatar.com\\\/avatar\\\/b6992f131dc8d30ab0dff15446e9d346d9dbd95992de0fef795073f5ea83a81c?s=96&d=mm&r=g\",\"url\":\"https:\\\/\\\/secure.gravatar.com\\\/avatar\\\/b6992f131dc8d30ab0dff15446e9d346d9dbd95992de0fef795073f5ea83a81c?s=96&d=mm&r=g\",\"contentUrl\":\"https:\\\/\\\/secure.gravatar.com\\\/avatar\\\/b6992f131dc8d30ab0dff15446e9d346d9dbd95992de0fef795073f5ea83a81c?s=96&d=mm&r=g\",\"caption\":\"La Gu\u00eda de Pamplona\"}}]}<\/script>\n<!-- \/ Yoast SEO plugin. -->","yoast_head_json":{"title":"El Ayuntamiento actualiza el cat\u00e1logo de grupos art\u00edsticos no profesionales que pone a disposici\u00f3n de las entidades ciudadanas para el desarrollo de diferentes actividades","description":"El 26 de abril finaliza el plazo para que estos grupos art\u00edsticos presenten la documentaci\u00f3n y la ficha requeridas en el \u00e1rea de Cultura e Igualdad","robots":{"index":"index","follow":"follow","max-snippet":"max-snippet:-1","max-image-preview":"max-image-preview:large","max-video-preview":"max-video-preview:-1"},"canonical":"https:\/\/www.laguiadepamplona.com\/actualidad\/el-ayuntamiento-actualiza-el-catalogo-de-grupos-artisticos-no-profesionales-que-pone-a-disposicion-de-las-entidades-ciudadanas-para-el-desarrollo-de-diferentes-actividades\/","og_locale":"es_ES","og_type":"article","og_title":"El Ayuntamiento actualiza el cat\u00e1logo de grupos art\u00edsticos no profesionales que pone a disposici\u00f3n de las entidades ciudadanas para el desarrollo de diferentes actividades","og_description":"El 26 de abril finaliza el plazo para que estos grupos art\u00edsticos presenten la documentaci\u00f3n y la ficha requeridas en el \u00e1rea de Cultura e Igualdad","og_url":"https:\/\/www.laguiadepamplona.com\/actualidad\/el-ayuntamiento-actualiza-el-catalogo-de-grupos-artisticos-no-profesionales-que-pone-a-disposicion-de-las-entidades-ciudadanas-para-el-desarrollo-de-diferentes-actividades\/","og_site_name":"La Gu\u00eda de Pamplona","article_publisher":"https:\/\/www.facebook.com\/laguiadepamplonacom-133175176762273\/?ref=hl","article_published_time":"2022-04-04T16:29:34+00:00","article_modified_time":"2023-04-11T09:48:20+00:00","og_image":[{"width":1575,"height":1119,"url":"https:\/\/www.laguiadepamplona.com\/actualidad\/wp-content\/uploads\/2022\/04\/casa_juventud_ensayo_teatro_0.jpg","type":"image\/jpeg"}],"author":"La Gu\u00eda de Pamplona","twitter_card":"summary_large_image","twitter_creator":"@LaGuiadPamplona","twitter_site":"@LaGuiadPamplona","twitter_misc":{"Escrito por":"La Gu\u00eda de Pamplona","Tiempo de lectura":"2 minutos"},"schema":{"@context":"https:\/\/schema.org","@graph":[{"@type":"Article","@id":"https:\/\/www.laguiadepamplona.com\/actualidad\/el-ayuntamiento-actualiza-el-catalogo-de-grupos-artisticos-no-profesionales-que-pone-a-disposicion-de-las-entidades-ciudadanas-para-el-desarrollo-de-diferentes-actividades\/#article","isPartOf":{"@id":"https:\/\/www.laguiadepamplona.com\/actualidad\/el-ayuntamiento-actualiza-el-catalogo-de-grupos-artisticos-no-profesionales-que-pone-a-disposicion-de-las-entidades-ciudadanas-para-el-desarrollo-de-diferentes-actividades\/"},"author":{"name":"La Gu\u00eda de Pamplona","@id":"https:\/\/www.laguiadepamplona.com\/actualidad\/#\/schema\/person\/efe887376f0213d4657c93adc50b1fdb"},"headline":"El Ayuntamiento actualiza el cat\u00e1logo de grupos art\u00edsticos no profesionales que pone a disposici\u00f3n de las entidades ciudadanas para el desarrollo de diferentes actividades","datePublished":"2022-04-04T16:29:34+00:00","dateModified":"2023-04-11T09:48:20+00:00","mainEntityOfPage":{"@id":"https:\/\/www.laguiadepamplona.com\/actualidad\/el-ayuntamiento-actualiza-el-catalogo-de-grupos-artisticos-no-profesionales-que-pone-a-disposicion-de-las-entidades-ciudadanas-para-el-desarrollo-de-diferentes-actividades\/"},"wordCount":303,"commentCount":0,"publisher":{"@id":"https:\/\/www.laguiadepamplona.com\/actualidad\/#organization"},"image":{"@id":"https:\/\/www.laguiadepamplona.com\/actualidad\/el-ayuntamiento-actualiza-el-catalogo-de-grupos-artisticos-no-profesionales-que-pone-a-disposicion-de-las-entidades-ciudadanas-para-el-desarrollo-de-diferentes-actividades\/#primaryimage"},"thumbnailUrl":"https:\/\/www.laguiadepamplona.com\/actualidad\/wp-content\/uploads\/2022\/04\/casa_juventud_ensayo_teatro_0.jpg","articleSection":["Ayto Pamplona"],"inLanguage":"es","potentialAction":[{"@type":"CommentAction","name":"Comment","target":["https:\/\/www.laguiadepamplona.com\/actualidad\/el-ayuntamiento-actualiza-el-catalogo-de-grupos-artisticos-no-profesionales-que-pone-a-disposicion-de-las-entidades-ciudadanas-para-el-desarrollo-de-diferentes-actividades\/#respond"]}]},{"@type":"WebPage","@id":"https:\/\/www.laguiadepamplona.com\/actualidad\/el-ayuntamiento-actualiza-el-catalogo-de-grupos-artisticos-no-profesionales-que-pone-a-disposicion-de-las-entidades-ciudadanas-para-el-desarrollo-de-diferentes-actividades\/","url":"https:\/\/www.laguiadepamplona.com\/actualidad\/el-ayuntamiento-actualiza-el-catalogo-de-grupos-artisticos-no-profesionales-que-pone-a-disposicion-de-las-entidades-ciudadanas-para-el-desarrollo-de-diferentes-actividades\/","name":"El Ayuntamiento actualiza el cat\u00e1logo de grupos art\u00edsticos no profesionales que pone a disposici\u00f3n de las entidades ciudadanas para el desarrollo de diferentes actividades","isPartOf":{"@id":"https:\/\/www.laguiadepamplona.com\/actualidad\/#website"},"primaryImageOfPage":{"@id":"https:\/\/www.laguiadepamplona.com\/actualidad\/el-ayuntamiento-actualiza-el-catalogo-de-grupos-artisticos-no-profesionales-que-pone-a-disposicion-de-las-entidades-ciudadanas-para-el-desarrollo-de-diferentes-actividades\/#primaryimage"},"image":{"@id":"https:\/\/www.laguiadepamplona.com\/actualidad\/el-ayuntamiento-actualiza-el-catalogo-de-grupos-artisticos-no-profesionales-que-pone-a-disposicion-de-las-entidades-ciudadanas-para-el-desarrollo-de-diferentes-actividades\/#primaryimage"},"thumbnailUrl":"https:\/\/www.laguiadepamplona.com\/actualidad\/wp-content\/uploads\/2022\/04\/casa_juventud_ensayo_teatro_0.jpg","datePublished":"2022-04-04T16:29:34+00:00","dateModified":"2023-04-11T09:48:20+00:00","description":"El 26 de abril finaliza el plazo para que estos grupos art\u00edsticos presenten la documentaci\u00f3n y la ficha requeridas en el \u00e1rea de Cultura e Igualdad","breadcrumb":{"@id":"https:\/\/www.laguiadepamplona.com\/actualidad\/el-ayuntamiento-actualiza-el-catalogo-de-grupos-artisticos-no-profesionales-que-pone-a-disposicion-de-las-entidades-ciudadanas-para-el-desarrollo-de-diferentes-actividades\/#breadcrumb"},"inLanguage":"es","potentialAction":[{"@type":"ReadAction","target":["https:\/\/www.laguiadepamplona.com\/actualidad\/el-ayuntamiento-actualiza-el-catalogo-de-grupos-artisticos-no-profesionales-que-pone-a-disposicion-de-las-entidades-ciudadanas-para-el-desarrollo-de-diferentes-actividades\/"]}]},{"@type":"ImageObject","inLanguage":"es","@id":"https:\/\/www.laguiadepamplona.com\/actualidad\/el-ayuntamiento-actualiza-el-catalogo-de-grupos-artisticos-no-profesionales-que-pone-a-disposicion-de-las-entidades-ciudadanas-para-el-desarrollo-de-diferentes-actividades\/#primaryimage","url":"https:\/\/www.laguiadepamplona.com\/actualidad\/wp-content\/uploads\/2022\/04\/casa_juventud_ensayo_teatro_0.jpg","contentUrl":"https:\/\/www.laguiadepamplona.com\/actualidad\/wp-content\/uploads\/2022\/04\/casa_juventud_ensayo_teatro_0.jpg","width":1575,"height":1119},{"@type":"BreadcrumbList","@id":"https:\/\/www.laguiadepamplona.com\/actualidad\/el-ayuntamiento-actualiza-el-catalogo-de-grupos-artisticos-no-profesionales-que-pone-a-disposicion-de-las-entidades-ciudadanas-para-el-desarrollo-de-diferentes-actividades\/#breadcrumb","itemListElement":[{"@type":"ListItem","position":1,"name":"Portada","item":"https:\/\/www.laguiadepamplona.com\/actualidad\/"},{"@type":"ListItem","position":2,"name":"El Ayuntamiento actualiza el cat\u00e1logo de grupos art\u00edsticos no profesionales que pone a disposici\u00f3n de las entidades ciudadanas para el desarrollo de diferentes actividades"}]},{"@type":"WebSite","@id":"https:\/\/www.laguiadepamplona.com\/actualidad\/#website","url":"https:\/\/www.laguiadepamplona.com\/actualidad\/","name":"La gu\u00eda de Pamplona","description":"Noticias de Pamplona","publisher":{"@id":"https:\/\/www.laguiadepamplona.com\/actualidad\/#organization"},"potentialAction":[{"@type":"SearchAction","target":{"@type":"EntryPoint","urlTemplate":"https:\/\/www.laguiadepamplona.com\/actualidad\/?s={search_term_string}"},"query-input":{"@type":"PropertyValueSpecification","valueRequired":true,"valueName":"search_term_string"}}],"inLanguage":"es"},{"@type":"Organization","@id":"https:\/\/www.laguiadepamplona.com\/actualidad\/#organization","name":"La Gu\u00eda de Pamplona \/ Noticias","url":"https:\/\/www.laguiadepamplona.com\/actualidad\/","logo":{"@type":"ImageObject","inLanguage":"es","@id":"https:\/\/www.laguiadepamplona.com\/actualidad\/#\/schema\/logo\/image\/","url":"https:\/\/www.laguiadepamplona.com\/actualidad\/wp-content\/uploads\/2018\/11\/logo-laguiadepamplona18-web1.png","contentUrl":"https:\/\/www.laguiadepamplona.com\/actualidad\/wp-content\/uploads\/2018\/11\/logo-laguiadepamplona18-web1.png","width":600,"height":196,"caption":"La Gu\u00eda de Pamplona \/ Noticias"},"image":{"@id":"https:\/\/www.laguiadepamplona.com\/actualidad\/#\/schema\/logo\/image\/"},"sameAs":["https:\/\/www.facebook.com\/laguiadepamplonacom-133175176762273\/?ref=hl","https:\/\/x.com\/LaGuiadPamplona","https:\/\/www.instagram.com\/la_guia_de_pamplona\/","https:\/\/www.youtube.com\/user\/laguiadepamplona"]},{"@type":"Person","@id":"https:\/\/www.laguiadepamplona.com\/actualidad\/#\/schema\/person\/efe887376f0213d4657c93adc50b1fdb","name":"La Gu\u00eda de Pamplona","image":{"@type":"ImageObject","inLanguage":"es","@id":"https:\/\/secure.gravatar.com\/avatar\/b6992f131dc8d30ab0dff15446e9d346d9dbd95992de0fef795073f5ea83a81c?s=96&d=mm&r=g","url":"https:\/\/secure.gravatar.com\/avatar\/b6992f131dc8d30ab0dff15446e9d346d9dbd95992de0fef795073f5ea83a81c?s=96&d=mm&r=g","contentUrl":"https:\/\/secure.gravatar.com\/avatar\/b6992f131dc8d30ab0dff15446e9d346d9dbd95992de0fef795073f5ea83a81c?s=96&d=mm&r=g","caption":"La Gu\u00eda de Pamplona"}}]}},"post_mailing_queue_ids":[],"_links":{"self":[{"href":"https:\/\/www.laguiadepamplona.com\/actualidad\/wp-json\/wp\/v2\/posts\/39829","targetHints":{"allow":["GET"]}}],"collection":[{"href":"https:\/\/www.laguiadepamplona.com\/actualidad\/wp-json\/wp\/v2\/posts"}],"about":[{"href":"https:\/\/www.laguiadepamplona.com\/actualidad\/wp-json\/wp\/v2\/types\/post"}],"author":[{"embeddable":true,"href":"https:\/\/www.laguiadepamplona.com\/actualidad\/wp-json\/wp\/v2\/users\/1"}],"replies":[{"embeddable":true,"href":"https:\/\/www.laguiadepamplona.com\/actualidad\/wp-json\/wp\/v2\/comments?post=39829"}],"version-history":[{"count":0,"href":"https:\/\/www.laguiadepamplona.com\/actualidad\/wp-json\/wp\/v2\/posts\/39829\/revisions"}],"wp:featuredmedia":[{"embeddable":true,"href":"https:\/\/www.laguiadepamplona.com\/actualidad\/wp-json\/wp\/v2\/media\/39830"}],"wp:attachment":[{"href":"https:\/\/www.laguiadepamplona.com\/actualidad\/wp-json\/wp\/v2\/media?parent=39829"}],"wp:term":[{"taxonomy":"category","embeddable":true,"href":"https:\/\/www.laguiadepamplona.com\/actualidad\/wp-json\/wp\/v2\/categories?post=39829"},{"taxonomy":"post_tag","embeddable":true,"href":"https:\/\/www.laguiadepamplona.com\/actualidad\/wp-json\/wp\/v2\/tags?post=39829"}],"curies":[{"name":"wp","href":"https:\/\/api.w.org\/{rel}","templated":true}]}}