{"id":39826,"date":"2022-04-04T12:30:22","date_gmt":"2022-04-04T10:30:22","guid":{"rendered":"https:\/\/www.laguiadepamplona.com\/actualidad\/?p=39826"},"modified":"2023-04-11T11:48:20","modified_gmt":"2023-04-11T09:48:20","slug":"el-consejo-municipal-de-las-personas-mayores-analiza-los-pactos-y-programas-dirigidos-a-esta-poblacion-en-la-ciudad","status":"publish","type":"post","link":"https:\/\/www.laguiadepamplona.com\/actualidad\/el-consejo-municipal-de-las-personas-mayores-analiza-los-pactos-y-programas-dirigidos-a-esta-poblacion-en-la-ciudad\/","title":{"rendered":"El Consejo Municipal de las Personas Mayores analiza los pactos y programas dirigidos a esta poblaci\u00f3n en la ciudad"},"content":{"rendered":"<h5>Las actividades dirigidas a estas personas se han ampliado tras la eliminaci\u00f3n de la mayor\u00eda de las restricciones derivadas de la pandemia<\/h5>\n<p><!--more--><\/p>\n<p>El Consejo Municipal de las Personas Mayores de Pamplona ha celebrado esta ma\u00f1ana su primera reuni\u00f3n tras la eliminaci\u00f3n de la mayor parte de las restricciones puestas en marcha por la pandemia del Covid-19. Esto ha supuesto un nuevo panorama social en el que se han podido mejorar los pactos y programas que desde el Consistorio se dirigen a esta parte de la poblaci\u00f3n. En la reuni\u00f3n de este \u00f3rgano de participaci\u00f3n se ha analizado la nueva situaci\u00f3n de estos servicios y se ha dado la palabra a los representantes de las personas mayores de la ciudad para que planteen sus propuestas y sugerencias.<br \/>\n<script async src=\"\/\/pagead2.googlesyndication.com\/pagead\/js\/adsbygoogle.js\"><\/script><br \/>\n<!-- Noticias La Guia de Pamplona --><br \/>\n<ins class=\"adsbygoogle\"\nstyle=\"display:block\"\ndata-ad-client=\"ca-pub-6943679897239327\"\ndata-ad-slot=\"7048180777\"\ndata-ad-format=\"auto\"><\/ins><br \/>\n<script>\n(adsbygoogle = window.adsbygoogle || []).push({});\n<\/script><\/p>\n<p>La reuni\u00f3n de este \u00f3rgano municipal, que ha tenido lugar en el Palacio de Condestable, ha servido para presentar a todos los agentes implicados las iniciativas que desde el Ayuntamiento se est\u00e1n llevando a cabo en los \u00faltimos meses destinadas a las personas mayores. Se ha informado sobre el desarrollo de los Pactos de las personas mayores, con el ejemplo del Pacto de San Juan, con varios a\u00f1os de recorrido y que ahora, tras la pandemia, est\u00e1 retomando todas sus actividades y servicios y planteando nuevas propuestas a los vecinos y vecinas de la zona. Tambi\u00e9n se ha puesto en com\u00fan la situaci\u00f3n en la que se encuentra la activaci\u00f3n de las Redes impulsadas por el Ayuntamiento de Pamplona en barrios como Iturrama, Txantrea y Etxabakoitz para ofrecer entornos m\u00e1s amigables con las personas mayores y detectar situaciones de fragilidad y soledad no deseada.<\/p>\n<p>En la reuni\u00f3n tambi\u00e9n se ha informado a los asistentes sobre los programas de Acci\u00f3n Comunitaria que se est\u00e1n llevando a cabo desde el Ayuntamiento, entre los que se encuentran \u2018En marcha\u2019 (desarrollado por Sedena y expuesto por Idoia Urmeneta), \u2018Jueves y viernes ociosos\u2019 (desarrollado por Cruz Roja y explicado por Virginia Markina), \u2018Siempre acompa\u00f1ados\u2019, \u2018Cuidando a quienes cuidan\u2019 (desarrollado por Pauma y expuesto por Alicia Yoldi y Mirentxu Araiz), los talleres que se est\u00e1n desarrollando en colaboraci\u00f3n con el Tel\u00e9fono de la Esperanza (los ha expuesto Alfonso Ech\u00e1varri), dirigidos a personas mayores de 65 a\u00f1os o los pr\u00f3ximos talleres para combatir la brecha digital. Los detalles de cada una de estas iniciativas se pueden encontrar en el apartado web municipal de Pamplona destinado a las personas mayores, <a href=\"http:\/\/www.pamplona.es\/mayores\" target=\"_blank\" rel=\"noopener\">www.pamplona.es\/mayores<\/a>.<br \/>\n<script async src=\"\/\/pagead2.googlesyndication.com\/pagead\/js\/adsbygoogle.js\"><\/script><br \/>\n<!-- Noticias La Guia de Pamplona --><br \/>\n<ins class=\"adsbygoogle\"\nstyle=\"display:block\"\ndata-ad-client=\"ca-pub-6943679897239327\"\ndata-ad-slot=\"7048180777\"\ndata-ad-format=\"auto\"><\/ins><br \/>\n<script>\n(adsbygoogle = window.adsbygoogle || []).push({});\n<\/script><\/p>\n<p>En la reuni\u00f3n del Consejo Municipal de las personas mayores celebrada esta ma\u00f1ana tambi\u00e9n se ha abordado la modificaci\u00f3n de su reglamento, en el que cualquiera de las entidades implicadas tiene la posibilidad de tomar parte. Adem\u00e1s de la presidenta del Consejo, a esta sesi\u00f3n han asistido miembros de asociaciones de mayores y clubes de jubilados de Pamplona, as\u00ed como t\u00e9cnicos municipales y representantes de los diferentes grupos presentes en el Pleno del Ayuntamiento, as\u00ed como entidades que tienen su \u00e1mbito de actuaci\u00f3n las personas mayores.<\/p>\n<p>El Consejo Municipal de las Personas Mayores es un \u00f3rgano que busca promover el intercambio, puesta en com\u00fan y adopci\u00f3n de soluciones ante las necesidades que se plantean con relaci\u00f3n a las personas mayores. La idea es favorecer la participaci\u00f3n activa de esta ciudadan\u00eda en el \u00e1mbito social, pol\u00edtico o cultural de la ciudad y promover actuaciones y medidas que impulsen y fomenten el voluntariado social en este campo.<br \/>\n<script async src=\"\/\/pagead2.googlesyndication.com\/pagead\/js\/adsbygoogle.js\"><\/script><br \/>\n<!-- Noticias La Guia de Pamplona --><br \/>\n<ins class=\"adsbygoogle\"\nstyle=\"display:block\"\ndata-ad-client=\"ca-pub-6943679897239327\"\ndata-ad-slot=\"7048180777\"\ndata-ad-format=\"auto\"><\/ins><br \/>\n<script>\n(adsbygoogle = window.adsbygoogle || []).push({});\n<\/script><\/p>\n<p><strong>El Pacto de San Juan, una iniciativa para exportar a otras zonas y barrios de la ciudad<\/strong><\/p>\n<p>El \u2018Pacto de San Juan de las personas mayores\u2019 es una iniciativa vecinal y asociativa que surgi\u00f3 en 2018 y de la que tambi\u00e9n forma parte el Ayuntamiento de Pamplona, con la participaci\u00f3n de la Unidad de Barrio, Polic\u00eda Municipal y el \u00c1rea de Acci\u00f3n comunitaria Su objetivo principal es dise\u00f1ar propuestas conjuntas de salud, participaci\u00f3n y seguridad que repercutan en la poblaci\u00f3n mayor del que a d\u00eda de hoy es el barrio con el \u00edndice m\u00e1s alto de envejecimiento de toda la ciudad. Esta iniciativa se plantea como un proyecto piloto que a medio plazo se pretende extender a todos los barrios y zonas de la ciudad.<\/p>\n<p>El Pacto busca asegurar la atenci\u00f3n de las personas mayores en servicios de salud, sociales y comunitarios, adem\u00e1s de mejorar la capacidad funcional y la calidad de vida de las personas mayores. A trav\u00e9s de actividades y programas se potencian sistemas eficaces de detecci\u00f3n de personas mayores en riesgo; se mejora su calidad de vida y se reduce el impacto del cuidado. Con la puesta en marcha de esta iniciativa se persigue proporcionar a esta poblaci\u00f3n asesor\u00eda en materia econ\u00f3mica y financiera; promover el buen trato a las personas mayores y aumentar la conciencia social sobre las situaciones de abuso; adem\u00e1s de generar entornos limpios y saludables, inclusivos y seguros; promover el envejecimiento en el propio hogar; promover la participaci\u00f3n de las personas mayores en actividades de ocio y actos generales; y fomentar la investigaci\u00f3n sobre necesidades de poblaci\u00f3n mayor y sobre determinantes de envejecimiento.<\/p>\n","protected":false},"excerpt":{"rendered":"<p>Las actividades dirigidas a estas personas se han ampliado tras la eliminaci\u00f3n de la mayor\u00eda de las restricciones derivadas de la pandemia<\/p>\n","protected":false},"author":1,"featured_media":39827,"comment_status":"open","ping_status":"closed","sticky":false,"template":"","format":"standard","meta":{"footnotes":""},"categories":[2],"tags":[],"class_list":["post-39826","post","type-post","status-publish","format-standard","has-post-thumbnail","hentry","category-ayuntamiento-pamplona"],"yoast_head":"<!-- This site is optimized with the Yoast SEO plugin v27.5 - https:\/\/yoast.com\/product\/yoast-seo-wordpress\/ -->\n<title>El Consejo Municipal de las Personas Mayores analiza los pactos y programas dirigidos a esta poblaci\u00f3n en la ciudad<\/title>\n<meta name=\"description\" content=\"Las actividades dirigidas a estas personas se han ampliado tras la eliminaci\u00f3n de la mayor\u00eda de las restricciones derivadas de la pandemia\" \/>\n<meta name=\"robots\" content=\"index, follow, max-snippet:-1, max-image-preview:large, max-video-preview:-1\" \/>\n<link rel=\"canonical\" href=\"https:\/\/www.laguiadepamplona.com\/actualidad\/el-consejo-municipal-de-las-personas-mayores-analiza-los-pactos-y-programas-dirigidos-a-esta-poblacion-en-la-ciudad\/\" \/>\n<meta property=\"og:locale\" content=\"es_ES\" \/>\n<meta property=\"og:type\" content=\"article\" \/>\n<meta property=\"og:title\" content=\"El Consejo Municipal de las Personas Mayores analiza los pactos y programas dirigidos a esta poblaci\u00f3n en la ciudad\" \/>\n<meta property=\"og:description\" content=\"Las actividades dirigidas a estas personas se han ampliado tras la eliminaci\u00f3n de la mayor\u00eda de las restricciones derivadas de la pandemia\" \/>\n<meta property=\"og:url\" content=\"https:\/\/www.laguiadepamplona.com\/actualidad\/el-consejo-municipal-de-las-personas-mayores-analiza-los-pactos-y-programas-dirigidos-a-esta-poblacion-en-la-ciudad\/\" \/>\n<meta property=\"og:site_name\" content=\"La Gu\u00eda de Pamplona\" \/>\n<meta property=\"article:publisher\" content=\"https:\/\/www.facebook.com\/laguiadepamplonacom-133175176762273\/?ref=hl\" \/>\n<meta property=\"article:published_time\" content=\"2022-04-04T10:30:22+00:00\" \/>\n<meta property=\"article:modified_time\" content=\"2023-04-11T09:48:20+00:00\" \/>\n<meta property=\"og:image\" content=\"https:\/\/www.laguiadepamplona.com\/actualidad\/wp-content\/uploads\/2022\/04\/consejopersonasmayorespaee5a4152.jpg\" \/>\n\t<meta property=\"og:image:width\" content=\"1920\" \/>\n\t<meta property=\"og:image:height\" content=\"1280\" \/>\n\t<meta property=\"og:image:type\" content=\"image\/jpeg\" \/>\n<meta name=\"author\" content=\"La Gu\u00eda de Pamplona\" \/>\n<meta name=\"twitter:card\" content=\"summary_large_image\" \/>\n<meta name=\"twitter:creator\" content=\"@LaGuiadPamplona\" \/>\n<meta name=\"twitter:site\" content=\"@LaGuiadPamplona\" \/>\n<meta name=\"twitter:label1\" content=\"Escrito por\" \/>\n\t<meta name=\"twitter:data1\" content=\"La Gu\u00eda de Pamplona\" \/>\n\t<meta name=\"twitter:label2\" content=\"Tiempo de lectura\" \/>\n\t<meta name=\"twitter:data2\" content=\"4 minutos\" \/>\n<script type=\"application\/ld+json\" class=\"yoast-schema-graph\">{\"@context\":\"https:\\\/\\\/schema.org\",\"@graph\":[{\"@type\":\"Article\",\"@id\":\"https:\\\/\\\/www.laguiadepamplona.com\\\/actualidad\\\/el-consejo-municipal-de-las-personas-mayores-analiza-los-pactos-y-programas-dirigidos-a-esta-poblacion-en-la-ciudad\\\/#article\",\"isPartOf\":{\"@id\":\"https:\\\/\\\/www.laguiadepamplona.com\\\/actualidad\\\/el-consejo-municipal-de-las-personas-mayores-analiza-los-pactos-y-programas-dirigidos-a-esta-poblacion-en-la-ciudad\\\/\"},\"author\":{\"name\":\"La Gu\u00eda de Pamplona\",\"@id\":\"https:\\\/\\\/www.laguiadepamplona.com\\\/actualidad\\\/#\\\/schema\\\/person\\\/efe887376f0213d4657c93adc50b1fdb\"},\"headline\":\"El Consejo Municipal de las Personas Mayores analiza los pactos y programas dirigidos a esta poblaci\u00f3n en la ciudad\",\"datePublished\":\"2022-04-04T10:30:22+00:00\",\"dateModified\":\"2023-04-11T09:48:20+00:00\",\"mainEntityOfPage\":{\"@id\":\"https:\\\/\\\/www.laguiadepamplona.com\\\/actualidad\\\/el-consejo-municipal-de-las-personas-mayores-analiza-los-pactos-y-programas-dirigidos-a-esta-poblacion-en-la-ciudad\\\/\"},\"wordCount\":907,\"commentCount\":0,\"publisher\":{\"@id\":\"https:\\\/\\\/www.laguiadepamplona.com\\\/actualidad\\\/#organization\"},\"image\":{\"@id\":\"https:\\\/\\\/www.laguiadepamplona.com\\\/actualidad\\\/el-consejo-municipal-de-las-personas-mayores-analiza-los-pactos-y-programas-dirigidos-a-esta-poblacion-en-la-ciudad\\\/#primaryimage\"},\"thumbnailUrl\":\"https:\\\/\\\/www.laguiadepamplona.com\\\/actualidad\\\/wp-content\\\/uploads\\\/2022\\\/04\\\/consejopersonasmayorespaee5a4152.jpg\",\"articleSection\":[\"Ayto Pamplona\"],\"inLanguage\":\"es\",\"potentialAction\":[{\"@type\":\"CommentAction\",\"name\":\"Comment\",\"target\":[\"https:\\\/\\\/www.laguiadepamplona.com\\\/actualidad\\\/el-consejo-municipal-de-las-personas-mayores-analiza-los-pactos-y-programas-dirigidos-a-esta-poblacion-en-la-ciudad\\\/#respond\"]}]},{\"@type\":\"WebPage\",\"@id\":\"https:\\\/\\\/www.laguiadepamplona.com\\\/actualidad\\\/el-consejo-municipal-de-las-personas-mayores-analiza-los-pactos-y-programas-dirigidos-a-esta-poblacion-en-la-ciudad\\\/\",\"url\":\"https:\\\/\\\/www.laguiadepamplona.com\\\/actualidad\\\/el-consejo-municipal-de-las-personas-mayores-analiza-los-pactos-y-programas-dirigidos-a-esta-poblacion-en-la-ciudad\\\/\",\"name\":\"El Consejo Municipal de las Personas Mayores analiza los pactos y programas dirigidos a esta poblaci\u00f3n en la ciudad\",\"isPartOf\":{\"@id\":\"https:\\\/\\\/www.laguiadepamplona.com\\\/actualidad\\\/#website\"},\"primaryImageOfPage\":{\"@id\":\"https:\\\/\\\/www.laguiadepamplona.com\\\/actualidad\\\/el-consejo-municipal-de-las-personas-mayores-analiza-los-pactos-y-programas-dirigidos-a-esta-poblacion-en-la-ciudad\\\/#primaryimage\"},\"image\":{\"@id\":\"https:\\\/\\\/www.laguiadepamplona.com\\\/actualidad\\\/el-consejo-municipal-de-las-personas-mayores-analiza-los-pactos-y-programas-dirigidos-a-esta-poblacion-en-la-ciudad\\\/#primaryimage\"},\"thumbnailUrl\":\"https:\\\/\\\/www.laguiadepamplona.com\\\/actualidad\\\/wp-content\\\/uploads\\\/2022\\\/04\\\/consejopersonasmayorespaee5a4152.jpg\",\"datePublished\":\"2022-04-04T10:30:22+00:00\",\"dateModified\":\"2023-04-11T09:48:20+00:00\",\"description\":\"Las actividades dirigidas a estas personas se han ampliado tras la eliminaci\u00f3n de la mayor\u00eda de las restricciones derivadas de la pandemia\",\"breadcrumb\":{\"@id\":\"https:\\\/\\\/www.laguiadepamplona.com\\\/actualidad\\\/el-consejo-municipal-de-las-personas-mayores-analiza-los-pactos-y-programas-dirigidos-a-esta-poblacion-en-la-ciudad\\\/#breadcrumb\"},\"inLanguage\":\"es\",\"potentialAction\":[{\"@type\":\"ReadAction\",\"target\":[\"https:\\\/\\\/www.laguiadepamplona.com\\\/actualidad\\\/el-consejo-municipal-de-las-personas-mayores-analiza-los-pactos-y-programas-dirigidos-a-esta-poblacion-en-la-ciudad\\\/\"]}]},{\"@type\":\"ImageObject\",\"inLanguage\":\"es\",\"@id\":\"https:\\\/\\\/www.laguiadepamplona.com\\\/actualidad\\\/el-consejo-municipal-de-las-personas-mayores-analiza-los-pactos-y-programas-dirigidos-a-esta-poblacion-en-la-ciudad\\\/#primaryimage\",\"url\":\"https:\\\/\\\/www.laguiadepamplona.com\\\/actualidad\\\/wp-content\\\/uploads\\\/2022\\\/04\\\/consejopersonasmayorespaee5a4152.jpg\",\"contentUrl\":\"https:\\\/\\\/www.laguiadepamplona.com\\\/actualidad\\\/wp-content\\\/uploads\\\/2022\\\/04\\\/consejopersonasmayorespaee5a4152.jpg\",\"width\":1920,\"height\":1280},{\"@type\":\"BreadcrumbList\",\"@id\":\"https:\\\/\\\/www.laguiadepamplona.com\\\/actualidad\\\/el-consejo-municipal-de-las-personas-mayores-analiza-los-pactos-y-programas-dirigidos-a-esta-poblacion-en-la-ciudad\\\/#breadcrumb\",\"itemListElement\":[{\"@type\":\"ListItem\",\"position\":1,\"name\":\"Portada\",\"item\":\"https:\\\/\\\/www.laguiadepamplona.com\\\/actualidad\\\/\"},{\"@type\":\"ListItem\",\"position\":2,\"name\":\"El Consejo Municipal de las Personas Mayores analiza los pactos y programas dirigidos a esta poblaci\u00f3n en la ciudad\"}]},{\"@type\":\"WebSite\",\"@id\":\"https:\\\/\\\/www.laguiadepamplona.com\\\/actualidad\\\/#website\",\"url\":\"https:\\\/\\\/www.laguiadepamplona.com\\\/actualidad\\\/\",\"name\":\"La gu\u00eda de Pamplona\",\"description\":\"Noticias de Pamplona\",\"publisher\":{\"@id\":\"https:\\\/\\\/www.laguiadepamplona.com\\\/actualidad\\\/#organization\"},\"potentialAction\":[{\"@type\":\"SearchAction\",\"target\":{\"@type\":\"EntryPoint\",\"urlTemplate\":\"https:\\\/\\\/www.laguiadepamplona.com\\\/actualidad\\\/?s={search_term_string}\"},\"query-input\":{\"@type\":\"PropertyValueSpecification\",\"valueRequired\":true,\"valueName\":\"search_term_string\"}}],\"inLanguage\":\"es\"},{\"@type\":\"Organization\",\"@id\":\"https:\\\/\\\/www.laguiadepamplona.com\\\/actualidad\\\/#organization\",\"name\":\"La Gu\u00eda de Pamplona \\\/ Noticias\",\"url\":\"https:\\\/\\\/www.laguiadepamplona.com\\\/actualidad\\\/\",\"logo\":{\"@type\":\"ImageObject\",\"inLanguage\":\"es\",\"@id\":\"https:\\\/\\\/www.laguiadepamplona.com\\\/actualidad\\\/#\\\/schema\\\/logo\\\/image\\\/\",\"url\":\"https:\\\/\\\/www.laguiadepamplona.com\\\/actualidad\\\/wp-content\\\/uploads\\\/2018\\\/11\\\/logo-laguiadepamplona18-web1.png\",\"contentUrl\":\"https:\\\/\\\/www.laguiadepamplona.com\\\/actualidad\\\/wp-content\\\/uploads\\\/2018\\\/11\\\/logo-laguiadepamplona18-web1.png\",\"width\":600,\"height\":196,\"caption\":\"La Gu\u00eda de Pamplona \\\/ Noticias\"},\"image\":{\"@id\":\"https:\\\/\\\/www.laguiadepamplona.com\\\/actualidad\\\/#\\\/schema\\\/logo\\\/image\\\/\"},\"sameAs\":[\"https:\\\/\\\/www.facebook.com\\\/laguiadepamplonacom-133175176762273\\\/?ref=hl\",\"https:\\\/\\\/x.com\\\/LaGuiadPamplona\",\"https:\\\/\\\/www.instagram.com\\\/la_guia_de_pamplona\\\/\",\"https:\\\/\\\/www.youtube.com\\\/user\\\/laguiadepamplona\"]},{\"@type\":\"Person\",\"@id\":\"https:\\\/\\\/www.laguiadepamplona.com\\\/actualidad\\\/#\\\/schema\\\/person\\\/efe887376f0213d4657c93adc50b1fdb\",\"name\":\"La Gu\u00eda de Pamplona\",\"image\":{\"@type\":\"ImageObject\",\"inLanguage\":\"es\",\"@id\":\"https:\\\/\\\/secure.gravatar.com\\\/avatar\\\/b6992f131dc8d30ab0dff15446e9d346d9dbd95992de0fef795073f5ea83a81c?s=96&d=mm&r=g\",\"url\":\"https:\\\/\\\/secure.gravatar.com\\\/avatar\\\/b6992f131dc8d30ab0dff15446e9d346d9dbd95992de0fef795073f5ea83a81c?s=96&d=mm&r=g\",\"contentUrl\":\"https:\\\/\\\/secure.gravatar.com\\\/avatar\\\/b6992f131dc8d30ab0dff15446e9d346d9dbd95992de0fef795073f5ea83a81c?s=96&d=mm&r=g\",\"caption\":\"La Gu\u00eda de Pamplona\"}}]}<\/script>\n<!-- \/ Yoast SEO plugin. -->","yoast_head_json":{"title":"El Consejo Municipal de las Personas Mayores analiza los pactos y programas dirigidos a esta poblaci\u00f3n en la ciudad","description":"Las actividades dirigidas a estas personas se han ampliado tras la eliminaci\u00f3n de la mayor\u00eda de las restricciones derivadas de la pandemia","robots":{"index":"index","follow":"follow","max-snippet":"max-snippet:-1","max-image-preview":"max-image-preview:large","max-video-preview":"max-video-preview:-1"},"canonical":"https:\/\/www.laguiadepamplona.com\/actualidad\/el-consejo-municipal-de-las-personas-mayores-analiza-los-pactos-y-programas-dirigidos-a-esta-poblacion-en-la-ciudad\/","og_locale":"es_ES","og_type":"article","og_title":"El Consejo Municipal de las Personas Mayores analiza los pactos y programas dirigidos a esta poblaci\u00f3n en la ciudad","og_description":"Las actividades dirigidas a estas personas se han ampliado tras la eliminaci\u00f3n de la mayor\u00eda de las restricciones derivadas de la pandemia","og_url":"https:\/\/www.laguiadepamplona.com\/actualidad\/el-consejo-municipal-de-las-personas-mayores-analiza-los-pactos-y-programas-dirigidos-a-esta-poblacion-en-la-ciudad\/","og_site_name":"La Gu\u00eda de Pamplona","article_publisher":"https:\/\/www.facebook.com\/laguiadepamplonacom-133175176762273\/?ref=hl","article_published_time":"2022-04-04T10:30:22+00:00","article_modified_time":"2023-04-11T09:48:20+00:00","og_image":[{"width":1920,"height":1280,"url":"https:\/\/www.laguiadepamplona.com\/actualidad\/wp-content\/uploads\/2022\/04\/consejopersonasmayorespaee5a4152.jpg","type":"image\/jpeg"}],"author":"La Gu\u00eda de Pamplona","twitter_card":"summary_large_image","twitter_creator":"@LaGuiadPamplona","twitter_site":"@LaGuiadPamplona","twitter_misc":{"Escrito por":"La Gu\u00eda de Pamplona","Tiempo de lectura":"4 minutos"},"schema":{"@context":"https:\/\/schema.org","@graph":[{"@type":"Article","@id":"https:\/\/www.laguiadepamplona.com\/actualidad\/el-consejo-municipal-de-las-personas-mayores-analiza-los-pactos-y-programas-dirigidos-a-esta-poblacion-en-la-ciudad\/#article","isPartOf":{"@id":"https:\/\/www.laguiadepamplona.com\/actualidad\/el-consejo-municipal-de-las-personas-mayores-analiza-los-pactos-y-programas-dirigidos-a-esta-poblacion-en-la-ciudad\/"},"author":{"name":"La Gu\u00eda de Pamplona","@id":"https:\/\/www.laguiadepamplona.com\/actualidad\/#\/schema\/person\/efe887376f0213d4657c93adc50b1fdb"},"headline":"El Consejo Municipal de las Personas Mayores analiza los pactos y programas dirigidos a esta poblaci\u00f3n en la ciudad","datePublished":"2022-04-04T10:30:22+00:00","dateModified":"2023-04-11T09:48:20+00:00","mainEntityOfPage":{"@id":"https:\/\/www.laguiadepamplona.com\/actualidad\/el-consejo-municipal-de-las-personas-mayores-analiza-los-pactos-y-programas-dirigidos-a-esta-poblacion-en-la-ciudad\/"},"wordCount":907,"commentCount":0,"publisher":{"@id":"https:\/\/www.laguiadepamplona.com\/actualidad\/#organization"},"image":{"@id":"https:\/\/www.laguiadepamplona.com\/actualidad\/el-consejo-municipal-de-las-personas-mayores-analiza-los-pactos-y-programas-dirigidos-a-esta-poblacion-en-la-ciudad\/#primaryimage"},"thumbnailUrl":"https:\/\/www.laguiadepamplona.com\/actualidad\/wp-content\/uploads\/2022\/04\/consejopersonasmayorespaee5a4152.jpg","articleSection":["Ayto Pamplona"],"inLanguage":"es","potentialAction":[{"@type":"CommentAction","name":"Comment","target":["https:\/\/www.laguiadepamplona.com\/actualidad\/el-consejo-municipal-de-las-personas-mayores-analiza-los-pactos-y-programas-dirigidos-a-esta-poblacion-en-la-ciudad\/#respond"]}]},{"@type":"WebPage","@id":"https:\/\/www.laguiadepamplona.com\/actualidad\/el-consejo-municipal-de-las-personas-mayores-analiza-los-pactos-y-programas-dirigidos-a-esta-poblacion-en-la-ciudad\/","url":"https:\/\/www.laguiadepamplona.com\/actualidad\/el-consejo-municipal-de-las-personas-mayores-analiza-los-pactos-y-programas-dirigidos-a-esta-poblacion-en-la-ciudad\/","name":"El Consejo Municipal de las Personas Mayores analiza los pactos y programas dirigidos a esta poblaci\u00f3n en la ciudad","isPartOf":{"@id":"https:\/\/www.laguiadepamplona.com\/actualidad\/#website"},"primaryImageOfPage":{"@id":"https:\/\/www.laguiadepamplona.com\/actualidad\/el-consejo-municipal-de-las-personas-mayores-analiza-los-pactos-y-programas-dirigidos-a-esta-poblacion-en-la-ciudad\/#primaryimage"},"image":{"@id":"https:\/\/www.laguiadepamplona.com\/actualidad\/el-consejo-municipal-de-las-personas-mayores-analiza-los-pactos-y-programas-dirigidos-a-esta-poblacion-en-la-ciudad\/#primaryimage"},"thumbnailUrl":"https:\/\/www.laguiadepamplona.com\/actualidad\/wp-content\/uploads\/2022\/04\/consejopersonasmayorespaee5a4152.jpg","datePublished":"2022-04-04T10:30:22+00:00","dateModified":"2023-04-11T09:48:20+00:00","description":"Las actividades dirigidas a estas personas se han ampliado tras la eliminaci\u00f3n de la mayor\u00eda de las restricciones derivadas de la pandemia","breadcrumb":{"@id":"https:\/\/www.laguiadepamplona.com\/actualidad\/el-consejo-municipal-de-las-personas-mayores-analiza-los-pactos-y-programas-dirigidos-a-esta-poblacion-en-la-ciudad\/#breadcrumb"},"inLanguage":"es","potentialAction":[{"@type":"ReadAction","target":["https:\/\/www.laguiadepamplona.com\/actualidad\/el-consejo-municipal-de-las-personas-mayores-analiza-los-pactos-y-programas-dirigidos-a-esta-poblacion-en-la-ciudad\/"]}]},{"@type":"ImageObject","inLanguage":"es","@id":"https:\/\/www.laguiadepamplona.com\/actualidad\/el-consejo-municipal-de-las-personas-mayores-analiza-los-pactos-y-programas-dirigidos-a-esta-poblacion-en-la-ciudad\/#primaryimage","url":"https:\/\/www.laguiadepamplona.com\/actualidad\/wp-content\/uploads\/2022\/04\/consejopersonasmayorespaee5a4152.jpg","contentUrl":"https:\/\/www.laguiadepamplona.com\/actualidad\/wp-content\/uploads\/2022\/04\/consejopersonasmayorespaee5a4152.jpg","width":1920,"height":1280},{"@type":"BreadcrumbList","@id":"https:\/\/www.laguiadepamplona.com\/actualidad\/el-consejo-municipal-de-las-personas-mayores-analiza-los-pactos-y-programas-dirigidos-a-esta-poblacion-en-la-ciudad\/#breadcrumb","itemListElement":[{"@type":"ListItem","position":1,"name":"Portada","item":"https:\/\/www.laguiadepamplona.com\/actualidad\/"},{"@type":"ListItem","position":2,"name":"El Consejo Municipal de las Personas Mayores analiza los pactos y programas dirigidos a esta poblaci\u00f3n en la ciudad"}]},{"@type":"WebSite","@id":"https:\/\/www.laguiadepamplona.com\/actualidad\/#website","url":"https:\/\/www.laguiadepamplona.com\/actualidad\/","name":"La gu\u00eda de Pamplona","description":"Noticias de Pamplona","publisher":{"@id":"https:\/\/www.laguiadepamplona.com\/actualidad\/#organization"},"potentialAction":[{"@type":"SearchAction","target":{"@type":"EntryPoint","urlTemplate":"https:\/\/www.laguiadepamplona.com\/actualidad\/?s={search_term_string}"},"query-input":{"@type":"PropertyValueSpecification","valueRequired":true,"valueName":"search_term_string"}}],"inLanguage":"es"},{"@type":"Organization","@id":"https:\/\/www.laguiadepamplona.com\/actualidad\/#organization","name":"La Gu\u00eda de Pamplona \/ Noticias","url":"https:\/\/www.laguiadepamplona.com\/actualidad\/","logo":{"@type":"ImageObject","inLanguage":"es","@id":"https:\/\/www.laguiadepamplona.com\/actualidad\/#\/schema\/logo\/image\/","url":"https:\/\/www.laguiadepamplona.com\/actualidad\/wp-content\/uploads\/2018\/11\/logo-laguiadepamplona18-web1.png","contentUrl":"https:\/\/www.laguiadepamplona.com\/actualidad\/wp-content\/uploads\/2018\/11\/logo-laguiadepamplona18-web1.png","width":600,"height":196,"caption":"La Gu\u00eda de Pamplona \/ Noticias"},"image":{"@id":"https:\/\/www.laguiadepamplona.com\/actualidad\/#\/schema\/logo\/image\/"},"sameAs":["https:\/\/www.facebook.com\/laguiadepamplonacom-133175176762273\/?ref=hl","https:\/\/x.com\/LaGuiadPamplona","https:\/\/www.instagram.com\/la_guia_de_pamplona\/","https:\/\/www.youtube.com\/user\/laguiadepamplona"]},{"@type":"Person","@id":"https:\/\/www.laguiadepamplona.com\/actualidad\/#\/schema\/person\/efe887376f0213d4657c93adc50b1fdb","name":"La Gu\u00eda de Pamplona","image":{"@type":"ImageObject","inLanguage":"es","@id":"https:\/\/secure.gravatar.com\/avatar\/b6992f131dc8d30ab0dff15446e9d346d9dbd95992de0fef795073f5ea83a81c?s=96&d=mm&r=g","url":"https:\/\/secure.gravatar.com\/avatar\/b6992f131dc8d30ab0dff15446e9d346d9dbd95992de0fef795073f5ea83a81c?s=96&d=mm&r=g","contentUrl":"https:\/\/secure.gravatar.com\/avatar\/b6992f131dc8d30ab0dff15446e9d346d9dbd95992de0fef795073f5ea83a81c?s=96&d=mm&r=g","caption":"La Gu\u00eda de Pamplona"}}]}},"post_mailing_queue_ids":[],"_links":{"self":[{"href":"https:\/\/www.laguiadepamplona.com\/actualidad\/wp-json\/wp\/v2\/posts\/39826","targetHints":{"allow":["GET"]}}],"collection":[{"href":"https:\/\/www.laguiadepamplona.com\/actualidad\/wp-json\/wp\/v2\/posts"}],"about":[{"href":"https:\/\/www.laguiadepamplona.com\/actualidad\/wp-json\/wp\/v2\/types\/post"}],"author":[{"embeddable":true,"href":"https:\/\/www.laguiadepamplona.com\/actualidad\/wp-json\/wp\/v2\/users\/1"}],"replies":[{"embeddable":true,"href":"https:\/\/www.laguiadepamplona.com\/actualidad\/wp-json\/wp\/v2\/comments?post=39826"}],"version-history":[{"count":0,"href":"https:\/\/www.laguiadepamplona.com\/actualidad\/wp-json\/wp\/v2\/posts\/39826\/revisions"}],"wp:featuredmedia":[{"embeddable":true,"href":"https:\/\/www.laguiadepamplona.com\/actualidad\/wp-json\/wp\/v2\/media\/39827"}],"wp:attachment":[{"href":"https:\/\/www.laguiadepamplona.com\/actualidad\/wp-json\/wp\/v2\/media?parent=39826"}],"wp:term":[{"taxonomy":"category","embeddable":true,"href":"https:\/\/www.laguiadepamplona.com\/actualidad\/wp-json\/wp\/v2\/categories?post=39826"},{"taxonomy":"post_tag","embeddable":true,"href":"https:\/\/www.laguiadepamplona.com\/actualidad\/wp-json\/wp\/v2\/tags?post=39826"}],"curies":[{"name":"wp","href":"https:\/\/api.w.org\/{rel}","templated":true}]}}