{"id":39821,"date":"2022-04-04T12:26:58","date_gmt":"2022-04-04T10:26:58","guid":{"rendered":"https:\/\/www.laguiadepamplona.com\/actualidad\/?p=39821"},"modified":"2023-04-11T11:48:20","modified_gmt":"2023-04-11T09:48:20","slug":"el-ayuntamiento-de-pamplona-licita-la-contratacion-de-una-mutua-para-la-cobertura-de-los-riesgos-derivados-de-contingencias-profesionales-del-personal-municipal","status":"publish","type":"post","link":"https:\/\/www.laguiadepamplona.com\/actualidad\/el-ayuntamiento-de-pamplona-licita-la-contratacion-de-una-mutua-para-la-cobertura-de-los-riesgos-derivados-de-contingencias-profesionales-del-personal-municipal\/","title":{"rendered":"El Ayuntamiento de Pamplona licita la contrataci\u00f3n de una mutua para la cobertura de los riesgos derivados de contingencias profesionales del personal municipal"},"content":{"rendered":"<h5>Al contrato podr\u00e1n concurrir mutuas de accidentes de trabajo y enfermedades profesionales<\/h5>\n<p><!--more--><\/p>\n<p>La Junta de Gobierno Local ha aprobado esta ma\u00f1ana la pr\u00f3xima licitaci\u00f3n de un contrato para la cobertura de los riesgos derivados de contingencias profesionales del personal del Ayuntamiento de Pamplona. Se trata de la selecci\u00f3n de una mutua de accidentes de trabajo y enfermedades profesionales, como entidad colaboradora en la gesti\u00f3n de la Seguridad Social, para su asociaci\u00f3n con el Ayuntamiento a trav\u00e9s de la formalizaci\u00f3n de un convenio.<br \/>\n<script async src=\"\/\/pagead2.googlesyndication.com\/pagead\/js\/adsbygoogle.js\"><\/script><br \/>\n<!-- Noticias La Guia de Pamplona --><br \/>\n<ins class=\"adsbygoogle\"\nstyle=\"display:block\"\ndata-ad-client=\"ca-pub-6943679897239327\"\ndata-ad-slot=\"7048180777\"\ndata-ad-format=\"auto\"><\/ins><br \/>\n<script>\n(adsbygoogle = window.adsbygoogle || []).push({});\n<\/script><\/p>\n<p>El Ayuntamiento de Pamplona, desde el 1 de julio de 1993 y hasta el 30 de junio de 2017, ten\u00eda concertada la cobertura de las contingencias profesionales con una de las mutuas colaboradoras con la Seguridad Social, y a partir del 01 de julio de 2016, pas\u00f3 a tener concertada la cobertura de dichas contingencias profesionales con el INSS.<\/p>\n<p>El contrato est\u00e1 dirigido a las mutuas de accidentes de trabajo y enfermedades profesionales, definidas en el Texto Refundido de la Ley General de la Seguridad Social (Real Decreto Legislativo 8\/2015, de 30 de octubre). Se firmar\u00eda para un a\u00f1o, con opci\u00f3n a cuatro pr\u00f3rrogas anuales m\u00e1s y La adjudicataria dispondr\u00e1 de los medios materiales y humanos necesarios para la adecuada presentaci\u00f3n de los servicios que se recogen en el contrato. Ser\u00e1 condici\u00f3n especial de ejecuci\u00f3n la disponibilidad en alguno de los municipios de la Comarca de Pamplona de un centro asistencial propio para la atenci\u00f3n del personal municipal.<br \/>\n<script async src=\"\/\/pagead2.googlesyndication.com\/pagead\/js\/adsbygoogle.js\"><\/script><br \/>\n<!-- Noticias La Guia de Pamplona --><br \/>\n<ins class=\"adsbygoogle\"\nstyle=\"display:block\"\ndata-ad-client=\"ca-pub-6943679897239327\"\ndata-ad-slot=\"7048180777\"\ndata-ad-format=\"auto\"><\/ins><br \/>\n<script>\n(adsbygoogle = window.adsbygoogle || []).push({});\n<\/script><\/p>\n<p><strong>Actividades relacionadas con la Seguridad Social y en materia de prevenci\u00f3n<\/strong><\/p>\n<p>La empresa adjudicataria deber\u00e1 prestar todos los servicios derivados de la cobertura de las contingencias profesionales para todo el personal del Ayuntamiento de Pamplona. Se mencionan la gesti\u00f3n de las prestaciones econ\u00f3micas y de la asistencia sanitaria, incluida la rehabilitaci\u00f3n, comprendidas en la protecci\u00f3n de contingencias de accidentes de trabajo y enfermedades profesionales; la gesti\u00f3n de prestaciones por riesgo durante el embarazo y la lactancia, la gesti\u00f3n de la prestaci\u00f3n por cuidado de menores afectados por c\u00e1ncer u otra enfermedad grave; suministro y reposici\u00f3n de material de botiqu\u00edn en los centros de trabajo; servicios de asesoramiento, consulta e informaci\u00f3n sobre temas t\u00e9cnicas y jur\u00eddico; u otras actividades, prestaciones y servicios de Seguridad Social que les sean atribuidas legalmente.<\/p>\n<p>Asimismo, se establecen una serie de acciones que la Mutua adjudicataria deber\u00e1 desarrollar en materia de prevenci\u00f3n de riesgos en colaboraci\u00f3n el Servicio municipal de Prevenci\u00f3n de Riesgos Laborales. As\u00ed mismo, esta colaboraci\u00f3n podr\u00e1 dirigirse a la promoci\u00f3n de acciones preventivas mediante campa\u00f1as de sensibilizaci\u00f3n y educaci\u00f3n dirigida a los empleados, como a la formaci\u00f3n y actualizaci\u00f3n de conocimientos en materia preventiva de los t\u00e9cnicos municipales en prevenci\u00f3n de riesgos.<\/p>\n","protected":false},"excerpt":{"rendered":"<p>Al contrato podr\u00e1n concurrir mutuas de accidentes de trabajo y enfermedades profesionales<\/p>\n","protected":false},"author":1,"featured_media":36074,"comment_status":"open","ping_status":"closed","sticky":false,"template":"","format":"standard","meta":{"footnotes":""},"categories":[2],"tags":[],"class_list":["post-39821","post","type-post","status-publish","format-standard","has-post-thumbnail","hentry","category-ayuntamiento-pamplona"],"yoast_head":"<!-- This site is optimized with the Yoast SEO plugin v27.5 - https:\/\/yoast.com\/product\/yoast-seo-wordpress\/ -->\n<title>El Ayuntamiento de Pamplona licita la contrataci\u00f3n de una mutua para la cobertura de los riesgos derivados de contingencias profesionales del personal municipal<\/title>\n<meta name=\"description\" content=\"Al contrato podr\u00e1n concurrir mutuas de accidentes de trabajo y enfermedades profesionales\" \/>\n<meta name=\"robots\" content=\"index, follow, max-snippet:-1, max-image-preview:large, max-video-preview:-1\" \/>\n<link rel=\"canonical\" href=\"https:\/\/www.laguiadepamplona.com\/actualidad\/el-ayuntamiento-de-pamplona-licita-la-contratacion-de-una-mutua-para-la-cobertura-de-los-riesgos-derivados-de-contingencias-profesionales-del-personal-municipal\/\" \/>\n<meta property=\"og:locale\" content=\"es_ES\" \/>\n<meta property=\"og:type\" content=\"article\" \/>\n<meta property=\"og:title\" content=\"El Ayuntamiento de Pamplona licita la contrataci\u00f3n de una mutua para la cobertura de los riesgos derivados de contingencias profesionales del personal municipal\" \/>\n<meta property=\"og:description\" content=\"Al contrato podr\u00e1n concurrir mutuas de accidentes de trabajo y enfermedades profesionales\" \/>\n<meta property=\"og:url\" content=\"https:\/\/www.laguiadepamplona.com\/actualidad\/el-ayuntamiento-de-pamplona-licita-la-contratacion-de-una-mutua-para-la-cobertura-de-los-riesgos-derivados-de-contingencias-profesionales-del-personal-municipal\/\" \/>\n<meta property=\"og:site_name\" content=\"La Gu\u00eda de Pamplona\" \/>\n<meta property=\"article:publisher\" content=\"https:\/\/www.facebook.com\/laguiadepamplonacom-133175176762273\/?ref=hl\" \/>\n<meta property=\"article:published_time\" content=\"2022-04-04T10:26:58+00:00\" \/>\n<meta property=\"article:modified_time\" content=\"2023-04-11T09:48:20+00:00\" \/>\n<meta property=\"og:image\" content=\"https:\/\/www.laguiadepamplona.com\/actualidad\/wp-content\/uploads\/2021\/08\/ayuntamiento-pamplona2.jpg\" \/>\n\t<meta property=\"og:image:width\" content=\"1920\" \/>\n\t<meta property=\"og:image:height\" content=\"1080\" \/>\n\t<meta property=\"og:image:type\" content=\"image\/jpeg\" \/>\n<meta name=\"author\" content=\"La Gu\u00eda de Pamplona\" \/>\n<meta name=\"twitter:card\" content=\"summary_large_image\" \/>\n<meta name=\"twitter:creator\" content=\"@LaGuiadPamplona\" \/>\n<meta name=\"twitter:site\" content=\"@LaGuiadPamplona\" \/>\n<meta name=\"twitter:label1\" content=\"Escrito por\" \/>\n\t<meta name=\"twitter:data1\" content=\"La Gu\u00eda de Pamplona\" \/>\n\t<meta name=\"twitter:label2\" content=\"Tiempo de lectura\" \/>\n\t<meta name=\"twitter:data2\" content=\"3 minutos\" \/>\n<script type=\"application\/ld+json\" class=\"yoast-schema-graph\">{\"@context\":\"https:\\\/\\\/schema.org\",\"@graph\":[{\"@type\":\"Article\",\"@id\":\"https:\\\/\\\/www.laguiadepamplona.com\\\/actualidad\\\/el-ayuntamiento-de-pamplona-licita-la-contratacion-de-una-mutua-para-la-cobertura-de-los-riesgos-derivados-de-contingencias-profesionales-del-personal-municipal\\\/#article\",\"isPartOf\":{\"@id\":\"https:\\\/\\\/www.laguiadepamplona.com\\\/actualidad\\\/el-ayuntamiento-de-pamplona-licita-la-contratacion-de-una-mutua-para-la-cobertura-de-los-riesgos-derivados-de-contingencias-profesionales-del-personal-municipal\\\/\"},\"author\":{\"name\":\"La Gu\u00eda de Pamplona\",\"@id\":\"https:\\\/\\\/www.laguiadepamplona.com\\\/actualidad\\\/#\\\/schema\\\/person\\\/efe887376f0213d4657c93adc50b1fdb\"},\"headline\":\"El Ayuntamiento de Pamplona licita la contrataci\u00f3n de una mutua para la cobertura de los riesgos derivados de contingencias profesionales del personal municipal\",\"datePublished\":\"2022-04-04T10:26:58+00:00\",\"dateModified\":\"2023-04-11T09:48:20+00:00\",\"mainEntityOfPage\":{\"@id\":\"https:\\\/\\\/www.laguiadepamplona.com\\\/actualidad\\\/el-ayuntamiento-de-pamplona-licita-la-contratacion-de-una-mutua-para-la-cobertura-de-los-riesgos-derivados-de-contingencias-profesionales-del-personal-municipal\\\/\"},\"wordCount\":500,\"commentCount\":0,\"publisher\":{\"@id\":\"https:\\\/\\\/www.laguiadepamplona.com\\\/actualidad\\\/#organization\"},\"image\":{\"@id\":\"https:\\\/\\\/www.laguiadepamplona.com\\\/actualidad\\\/el-ayuntamiento-de-pamplona-licita-la-contratacion-de-una-mutua-para-la-cobertura-de-los-riesgos-derivados-de-contingencias-profesionales-del-personal-municipal\\\/#primaryimage\"},\"thumbnailUrl\":\"https:\\\/\\\/www.laguiadepamplona.com\\\/actualidad\\\/wp-content\\\/uploads\\\/2021\\\/08\\\/ayuntamiento-pamplona2.jpg\",\"articleSection\":[\"Ayto Pamplona\"],\"inLanguage\":\"es\",\"potentialAction\":[{\"@type\":\"CommentAction\",\"name\":\"Comment\",\"target\":[\"https:\\\/\\\/www.laguiadepamplona.com\\\/actualidad\\\/el-ayuntamiento-de-pamplona-licita-la-contratacion-de-una-mutua-para-la-cobertura-de-los-riesgos-derivados-de-contingencias-profesionales-del-personal-municipal\\\/#respond\"]}]},{\"@type\":\"WebPage\",\"@id\":\"https:\\\/\\\/www.laguiadepamplona.com\\\/actualidad\\\/el-ayuntamiento-de-pamplona-licita-la-contratacion-de-una-mutua-para-la-cobertura-de-los-riesgos-derivados-de-contingencias-profesionales-del-personal-municipal\\\/\",\"url\":\"https:\\\/\\\/www.laguiadepamplona.com\\\/actualidad\\\/el-ayuntamiento-de-pamplona-licita-la-contratacion-de-una-mutua-para-la-cobertura-de-los-riesgos-derivados-de-contingencias-profesionales-del-personal-municipal\\\/\",\"name\":\"El Ayuntamiento de Pamplona licita la contrataci\u00f3n de una mutua para la cobertura de los riesgos derivados de contingencias profesionales del personal municipal\",\"isPartOf\":{\"@id\":\"https:\\\/\\\/www.laguiadepamplona.com\\\/actualidad\\\/#website\"},\"primaryImageOfPage\":{\"@id\":\"https:\\\/\\\/www.laguiadepamplona.com\\\/actualidad\\\/el-ayuntamiento-de-pamplona-licita-la-contratacion-de-una-mutua-para-la-cobertura-de-los-riesgos-derivados-de-contingencias-profesionales-del-personal-municipal\\\/#primaryimage\"},\"image\":{\"@id\":\"https:\\\/\\\/www.laguiadepamplona.com\\\/actualidad\\\/el-ayuntamiento-de-pamplona-licita-la-contratacion-de-una-mutua-para-la-cobertura-de-los-riesgos-derivados-de-contingencias-profesionales-del-personal-municipal\\\/#primaryimage\"},\"thumbnailUrl\":\"https:\\\/\\\/www.laguiadepamplona.com\\\/actualidad\\\/wp-content\\\/uploads\\\/2021\\\/08\\\/ayuntamiento-pamplona2.jpg\",\"datePublished\":\"2022-04-04T10:26:58+00:00\",\"dateModified\":\"2023-04-11T09:48:20+00:00\",\"description\":\"Al contrato podr\u00e1n concurrir mutuas de accidentes de trabajo y enfermedades profesionales\",\"breadcrumb\":{\"@id\":\"https:\\\/\\\/www.laguiadepamplona.com\\\/actualidad\\\/el-ayuntamiento-de-pamplona-licita-la-contratacion-de-una-mutua-para-la-cobertura-de-los-riesgos-derivados-de-contingencias-profesionales-del-personal-municipal\\\/#breadcrumb\"},\"inLanguage\":\"es\",\"potentialAction\":[{\"@type\":\"ReadAction\",\"target\":[\"https:\\\/\\\/www.laguiadepamplona.com\\\/actualidad\\\/el-ayuntamiento-de-pamplona-licita-la-contratacion-de-una-mutua-para-la-cobertura-de-los-riesgos-derivados-de-contingencias-profesionales-del-personal-municipal\\\/\"]}]},{\"@type\":\"ImageObject\",\"inLanguage\":\"es\",\"@id\":\"https:\\\/\\\/www.laguiadepamplona.com\\\/actualidad\\\/el-ayuntamiento-de-pamplona-licita-la-contratacion-de-una-mutua-para-la-cobertura-de-los-riesgos-derivados-de-contingencias-profesionales-del-personal-municipal\\\/#primaryimage\",\"url\":\"https:\\\/\\\/www.laguiadepamplona.com\\\/actualidad\\\/wp-content\\\/uploads\\\/2021\\\/08\\\/ayuntamiento-pamplona2.jpg\",\"contentUrl\":\"https:\\\/\\\/www.laguiadepamplona.com\\\/actualidad\\\/wp-content\\\/uploads\\\/2021\\\/08\\\/ayuntamiento-pamplona2.jpg\",\"width\":1920,\"height\":1080,\"caption\":\"ayuntamiento pamplona\"},{\"@type\":\"BreadcrumbList\",\"@id\":\"https:\\\/\\\/www.laguiadepamplona.com\\\/actualidad\\\/el-ayuntamiento-de-pamplona-licita-la-contratacion-de-una-mutua-para-la-cobertura-de-los-riesgos-derivados-de-contingencias-profesionales-del-personal-municipal\\\/#breadcrumb\",\"itemListElement\":[{\"@type\":\"ListItem\",\"position\":1,\"name\":\"Portada\",\"item\":\"https:\\\/\\\/www.laguiadepamplona.com\\\/actualidad\\\/\"},{\"@type\":\"ListItem\",\"position\":2,\"name\":\"El Ayuntamiento de Pamplona licita la contrataci\u00f3n de una mutua para la cobertura de los riesgos derivados de contingencias profesionales del personal municipal\"}]},{\"@type\":\"WebSite\",\"@id\":\"https:\\\/\\\/www.laguiadepamplona.com\\\/actualidad\\\/#website\",\"url\":\"https:\\\/\\\/www.laguiadepamplona.com\\\/actualidad\\\/\",\"name\":\"La gu\u00eda de Pamplona\",\"description\":\"Noticias de Pamplona\",\"publisher\":{\"@id\":\"https:\\\/\\\/www.laguiadepamplona.com\\\/actualidad\\\/#organization\"},\"potentialAction\":[{\"@type\":\"SearchAction\",\"target\":{\"@type\":\"EntryPoint\",\"urlTemplate\":\"https:\\\/\\\/www.laguiadepamplona.com\\\/actualidad\\\/?s={search_term_string}\"},\"query-input\":{\"@type\":\"PropertyValueSpecification\",\"valueRequired\":true,\"valueName\":\"search_term_string\"}}],\"inLanguage\":\"es\"},{\"@type\":\"Organization\",\"@id\":\"https:\\\/\\\/www.laguiadepamplona.com\\\/actualidad\\\/#organization\",\"name\":\"La Gu\u00eda de Pamplona \\\/ Noticias\",\"url\":\"https:\\\/\\\/www.laguiadepamplona.com\\\/actualidad\\\/\",\"logo\":{\"@type\":\"ImageObject\",\"inLanguage\":\"es\",\"@id\":\"https:\\\/\\\/www.laguiadepamplona.com\\\/actualidad\\\/#\\\/schema\\\/logo\\\/image\\\/\",\"url\":\"https:\\\/\\\/www.laguiadepamplona.com\\\/actualidad\\\/wp-content\\\/uploads\\\/2018\\\/11\\\/logo-laguiadepamplona18-web1.png\",\"contentUrl\":\"https:\\\/\\\/www.laguiadepamplona.com\\\/actualidad\\\/wp-content\\\/uploads\\\/2018\\\/11\\\/logo-laguiadepamplona18-web1.png\",\"width\":600,\"height\":196,\"caption\":\"La Gu\u00eda de Pamplona \\\/ Noticias\"},\"image\":{\"@id\":\"https:\\\/\\\/www.laguiadepamplona.com\\\/actualidad\\\/#\\\/schema\\\/logo\\\/image\\\/\"},\"sameAs\":[\"https:\\\/\\\/www.facebook.com\\\/laguiadepamplonacom-133175176762273\\\/?ref=hl\",\"https:\\\/\\\/x.com\\\/LaGuiadPamplona\",\"https:\\\/\\\/www.instagram.com\\\/la_guia_de_pamplona\\\/\",\"https:\\\/\\\/www.youtube.com\\\/user\\\/laguiadepamplona\"]},{\"@type\":\"Person\",\"@id\":\"https:\\\/\\\/www.laguiadepamplona.com\\\/actualidad\\\/#\\\/schema\\\/person\\\/efe887376f0213d4657c93adc50b1fdb\",\"name\":\"La Gu\u00eda de Pamplona\",\"image\":{\"@type\":\"ImageObject\",\"inLanguage\":\"es\",\"@id\":\"https:\\\/\\\/secure.gravatar.com\\\/avatar\\\/b6992f131dc8d30ab0dff15446e9d346d9dbd95992de0fef795073f5ea83a81c?s=96&d=mm&r=g\",\"url\":\"https:\\\/\\\/secure.gravatar.com\\\/avatar\\\/b6992f131dc8d30ab0dff15446e9d346d9dbd95992de0fef795073f5ea83a81c?s=96&d=mm&r=g\",\"contentUrl\":\"https:\\\/\\\/secure.gravatar.com\\\/avatar\\\/b6992f131dc8d30ab0dff15446e9d346d9dbd95992de0fef795073f5ea83a81c?s=96&d=mm&r=g\",\"caption\":\"La Gu\u00eda de Pamplona\"}}]}<\/script>\n<!-- \/ Yoast SEO plugin. -->","yoast_head_json":{"title":"El Ayuntamiento de Pamplona licita la contrataci\u00f3n de una mutua para la cobertura de los riesgos derivados de contingencias profesionales del personal municipal","description":"Al contrato podr\u00e1n concurrir mutuas de accidentes de trabajo y enfermedades profesionales","robots":{"index":"index","follow":"follow","max-snippet":"max-snippet:-1","max-image-preview":"max-image-preview:large","max-video-preview":"max-video-preview:-1"},"canonical":"https:\/\/www.laguiadepamplona.com\/actualidad\/el-ayuntamiento-de-pamplona-licita-la-contratacion-de-una-mutua-para-la-cobertura-de-los-riesgos-derivados-de-contingencias-profesionales-del-personal-municipal\/","og_locale":"es_ES","og_type":"article","og_title":"El Ayuntamiento de Pamplona licita la contrataci\u00f3n de una mutua para la cobertura de los riesgos derivados de contingencias profesionales del personal municipal","og_description":"Al contrato podr\u00e1n concurrir mutuas de accidentes de trabajo y enfermedades profesionales","og_url":"https:\/\/www.laguiadepamplona.com\/actualidad\/el-ayuntamiento-de-pamplona-licita-la-contratacion-de-una-mutua-para-la-cobertura-de-los-riesgos-derivados-de-contingencias-profesionales-del-personal-municipal\/","og_site_name":"La Gu\u00eda de Pamplona","article_publisher":"https:\/\/www.facebook.com\/laguiadepamplonacom-133175176762273\/?ref=hl","article_published_time":"2022-04-04T10:26:58+00:00","article_modified_time":"2023-04-11T09:48:20+00:00","og_image":[{"width":1920,"height":1080,"url":"https:\/\/www.laguiadepamplona.com\/actualidad\/wp-content\/uploads\/2021\/08\/ayuntamiento-pamplona2.jpg","type":"image\/jpeg"}],"author":"La Gu\u00eda de Pamplona","twitter_card":"summary_large_image","twitter_creator":"@LaGuiadPamplona","twitter_site":"@LaGuiadPamplona","twitter_misc":{"Escrito por":"La Gu\u00eda de Pamplona","Tiempo de lectura":"3 minutos"},"schema":{"@context":"https:\/\/schema.org","@graph":[{"@type":"Article","@id":"https:\/\/www.laguiadepamplona.com\/actualidad\/el-ayuntamiento-de-pamplona-licita-la-contratacion-de-una-mutua-para-la-cobertura-de-los-riesgos-derivados-de-contingencias-profesionales-del-personal-municipal\/#article","isPartOf":{"@id":"https:\/\/www.laguiadepamplona.com\/actualidad\/el-ayuntamiento-de-pamplona-licita-la-contratacion-de-una-mutua-para-la-cobertura-de-los-riesgos-derivados-de-contingencias-profesionales-del-personal-municipal\/"},"author":{"name":"La Gu\u00eda de Pamplona","@id":"https:\/\/www.laguiadepamplona.com\/actualidad\/#\/schema\/person\/efe887376f0213d4657c93adc50b1fdb"},"headline":"El Ayuntamiento de Pamplona licita la contrataci\u00f3n de una mutua para la cobertura de los riesgos derivados de contingencias profesionales del personal municipal","datePublished":"2022-04-04T10:26:58+00:00","dateModified":"2023-04-11T09:48:20+00:00","mainEntityOfPage":{"@id":"https:\/\/www.laguiadepamplona.com\/actualidad\/el-ayuntamiento-de-pamplona-licita-la-contratacion-de-una-mutua-para-la-cobertura-de-los-riesgos-derivados-de-contingencias-profesionales-del-personal-municipal\/"},"wordCount":500,"commentCount":0,"publisher":{"@id":"https:\/\/www.laguiadepamplona.com\/actualidad\/#organization"},"image":{"@id":"https:\/\/www.laguiadepamplona.com\/actualidad\/el-ayuntamiento-de-pamplona-licita-la-contratacion-de-una-mutua-para-la-cobertura-de-los-riesgos-derivados-de-contingencias-profesionales-del-personal-municipal\/#primaryimage"},"thumbnailUrl":"https:\/\/www.laguiadepamplona.com\/actualidad\/wp-content\/uploads\/2021\/08\/ayuntamiento-pamplona2.jpg","articleSection":["Ayto Pamplona"],"inLanguage":"es","potentialAction":[{"@type":"CommentAction","name":"Comment","target":["https:\/\/www.laguiadepamplona.com\/actualidad\/el-ayuntamiento-de-pamplona-licita-la-contratacion-de-una-mutua-para-la-cobertura-de-los-riesgos-derivados-de-contingencias-profesionales-del-personal-municipal\/#respond"]}]},{"@type":"WebPage","@id":"https:\/\/www.laguiadepamplona.com\/actualidad\/el-ayuntamiento-de-pamplona-licita-la-contratacion-de-una-mutua-para-la-cobertura-de-los-riesgos-derivados-de-contingencias-profesionales-del-personal-municipal\/","url":"https:\/\/www.laguiadepamplona.com\/actualidad\/el-ayuntamiento-de-pamplona-licita-la-contratacion-de-una-mutua-para-la-cobertura-de-los-riesgos-derivados-de-contingencias-profesionales-del-personal-municipal\/","name":"El Ayuntamiento de Pamplona licita la contrataci\u00f3n de una mutua para la cobertura de los riesgos derivados de contingencias profesionales del personal municipal","isPartOf":{"@id":"https:\/\/www.laguiadepamplona.com\/actualidad\/#website"},"primaryImageOfPage":{"@id":"https:\/\/www.laguiadepamplona.com\/actualidad\/el-ayuntamiento-de-pamplona-licita-la-contratacion-de-una-mutua-para-la-cobertura-de-los-riesgos-derivados-de-contingencias-profesionales-del-personal-municipal\/#primaryimage"},"image":{"@id":"https:\/\/www.laguiadepamplona.com\/actualidad\/el-ayuntamiento-de-pamplona-licita-la-contratacion-de-una-mutua-para-la-cobertura-de-los-riesgos-derivados-de-contingencias-profesionales-del-personal-municipal\/#primaryimage"},"thumbnailUrl":"https:\/\/www.laguiadepamplona.com\/actualidad\/wp-content\/uploads\/2021\/08\/ayuntamiento-pamplona2.jpg","datePublished":"2022-04-04T10:26:58+00:00","dateModified":"2023-04-11T09:48:20+00:00","description":"Al contrato podr\u00e1n concurrir mutuas de accidentes de trabajo y enfermedades profesionales","breadcrumb":{"@id":"https:\/\/www.laguiadepamplona.com\/actualidad\/el-ayuntamiento-de-pamplona-licita-la-contratacion-de-una-mutua-para-la-cobertura-de-los-riesgos-derivados-de-contingencias-profesionales-del-personal-municipal\/#breadcrumb"},"inLanguage":"es","potentialAction":[{"@type":"ReadAction","target":["https:\/\/www.laguiadepamplona.com\/actualidad\/el-ayuntamiento-de-pamplona-licita-la-contratacion-de-una-mutua-para-la-cobertura-de-los-riesgos-derivados-de-contingencias-profesionales-del-personal-municipal\/"]}]},{"@type":"ImageObject","inLanguage":"es","@id":"https:\/\/www.laguiadepamplona.com\/actualidad\/el-ayuntamiento-de-pamplona-licita-la-contratacion-de-una-mutua-para-la-cobertura-de-los-riesgos-derivados-de-contingencias-profesionales-del-personal-municipal\/#primaryimage","url":"https:\/\/www.laguiadepamplona.com\/actualidad\/wp-content\/uploads\/2021\/08\/ayuntamiento-pamplona2.jpg","contentUrl":"https:\/\/www.laguiadepamplona.com\/actualidad\/wp-content\/uploads\/2021\/08\/ayuntamiento-pamplona2.jpg","width":1920,"height":1080,"caption":"ayuntamiento pamplona"},{"@type":"BreadcrumbList","@id":"https:\/\/www.laguiadepamplona.com\/actualidad\/el-ayuntamiento-de-pamplona-licita-la-contratacion-de-una-mutua-para-la-cobertura-de-los-riesgos-derivados-de-contingencias-profesionales-del-personal-municipal\/#breadcrumb","itemListElement":[{"@type":"ListItem","position":1,"name":"Portada","item":"https:\/\/www.laguiadepamplona.com\/actualidad\/"},{"@type":"ListItem","position":2,"name":"El Ayuntamiento de Pamplona licita la contrataci\u00f3n de una mutua para la cobertura de los riesgos derivados de contingencias profesionales del personal municipal"}]},{"@type":"WebSite","@id":"https:\/\/www.laguiadepamplona.com\/actualidad\/#website","url":"https:\/\/www.laguiadepamplona.com\/actualidad\/","name":"La gu\u00eda de Pamplona","description":"Noticias de Pamplona","publisher":{"@id":"https:\/\/www.laguiadepamplona.com\/actualidad\/#organization"},"potentialAction":[{"@type":"SearchAction","target":{"@type":"EntryPoint","urlTemplate":"https:\/\/www.laguiadepamplona.com\/actualidad\/?s={search_term_string}"},"query-input":{"@type":"PropertyValueSpecification","valueRequired":true,"valueName":"search_term_string"}}],"inLanguage":"es"},{"@type":"Organization","@id":"https:\/\/www.laguiadepamplona.com\/actualidad\/#organization","name":"La Gu\u00eda de Pamplona \/ Noticias","url":"https:\/\/www.laguiadepamplona.com\/actualidad\/","logo":{"@type":"ImageObject","inLanguage":"es","@id":"https:\/\/www.laguiadepamplona.com\/actualidad\/#\/schema\/logo\/image\/","url":"https:\/\/www.laguiadepamplona.com\/actualidad\/wp-content\/uploads\/2018\/11\/logo-laguiadepamplona18-web1.png","contentUrl":"https:\/\/www.laguiadepamplona.com\/actualidad\/wp-content\/uploads\/2018\/11\/logo-laguiadepamplona18-web1.png","width":600,"height":196,"caption":"La Gu\u00eda de Pamplona \/ Noticias"},"image":{"@id":"https:\/\/www.laguiadepamplona.com\/actualidad\/#\/schema\/logo\/image\/"},"sameAs":["https:\/\/www.facebook.com\/laguiadepamplonacom-133175176762273\/?ref=hl","https:\/\/x.com\/LaGuiadPamplona","https:\/\/www.instagram.com\/la_guia_de_pamplona\/","https:\/\/www.youtube.com\/user\/laguiadepamplona"]},{"@type":"Person","@id":"https:\/\/www.laguiadepamplona.com\/actualidad\/#\/schema\/person\/efe887376f0213d4657c93adc50b1fdb","name":"La Gu\u00eda de Pamplona","image":{"@type":"ImageObject","inLanguage":"es","@id":"https:\/\/secure.gravatar.com\/avatar\/b6992f131dc8d30ab0dff15446e9d346d9dbd95992de0fef795073f5ea83a81c?s=96&d=mm&r=g","url":"https:\/\/secure.gravatar.com\/avatar\/b6992f131dc8d30ab0dff15446e9d346d9dbd95992de0fef795073f5ea83a81c?s=96&d=mm&r=g","contentUrl":"https:\/\/secure.gravatar.com\/avatar\/b6992f131dc8d30ab0dff15446e9d346d9dbd95992de0fef795073f5ea83a81c?s=96&d=mm&r=g","caption":"La Gu\u00eda de Pamplona"}}]}},"post_mailing_queue_ids":[],"_links":{"self":[{"href":"https:\/\/www.laguiadepamplona.com\/actualidad\/wp-json\/wp\/v2\/posts\/39821","targetHints":{"allow":["GET"]}}],"collection":[{"href":"https:\/\/www.laguiadepamplona.com\/actualidad\/wp-json\/wp\/v2\/posts"}],"about":[{"href":"https:\/\/www.laguiadepamplona.com\/actualidad\/wp-json\/wp\/v2\/types\/post"}],"author":[{"embeddable":true,"href":"https:\/\/www.laguiadepamplona.com\/actualidad\/wp-json\/wp\/v2\/users\/1"}],"replies":[{"embeddable":true,"href":"https:\/\/www.laguiadepamplona.com\/actualidad\/wp-json\/wp\/v2\/comments?post=39821"}],"version-history":[{"count":0,"href":"https:\/\/www.laguiadepamplona.com\/actualidad\/wp-json\/wp\/v2\/posts\/39821\/revisions"}],"wp:featuredmedia":[{"embeddable":true,"href":"https:\/\/www.laguiadepamplona.com\/actualidad\/wp-json\/wp\/v2\/media\/36074"}],"wp:attachment":[{"href":"https:\/\/www.laguiadepamplona.com\/actualidad\/wp-json\/wp\/v2\/media?parent=39821"}],"wp:term":[{"taxonomy":"category","embeddable":true,"href":"https:\/\/www.laguiadepamplona.com\/actualidad\/wp-json\/wp\/v2\/categories?post=39821"},{"taxonomy":"post_tag","embeddable":true,"href":"https:\/\/www.laguiadepamplona.com\/actualidad\/wp-json\/wp\/v2\/tags?post=39821"}],"curies":[{"name":"wp","href":"https:\/\/api.w.org\/{rel}","templated":true}]}}