{"id":39819,"date":"2022-04-04T12:26:15","date_gmt":"2022-04-04T10:26:15","guid":{"rendered":"https:\/\/www.laguiadepamplona.com\/actualidad\/?p=39819"},"modified":"2023-04-11T11:48:20","modified_gmt":"2023-04-11T09:48:20","slug":"el-caballero-dominante-de-la-ciudadela-se-volvera-a-iluminar-esta-noche-de-color-rojo-con-motivo-del-cuarto-peldano-de-la-escalera-sanferminera","status":"publish","type":"post","link":"https:\/\/www.laguiadepamplona.com\/actualidad\/el-caballero-dominante-de-la-ciudadela-se-volvera-a-iluminar-esta-noche-de-color-rojo-con-motivo-del-cuarto-peldano-de-la-escalera-sanferminera\/","title":{"rendered":"El Caballero Dominante de la Ciudadela se volver\u00e1 a iluminar esta noche de color rojo con motivo del cuarto pelda\u00f1o de la escalera sanferminera"},"content":{"rendered":"<h5>Una charanga amenizar\u00e1 la tarde noche en el Casco Antiguo y el Segundo Ensanche interpretando m\u00fasica sanferminera<\/h5>\n<p><!--more--><\/p>\n<p>Lunes 4 de abril, cuarto pelda\u00f1o de la escalera hacia las pr\u00f3ximas fiestas de San Ferm\u00edn. Por segundo mes, el Ayuntamiento de Pamplona va a festejar esa escalera iluminando de color rojo esta noche el Caballero Dominante del Baluarte Real de la Ciudadela. Adem\u00e1s, la tarde noche se va a amenizar con animaci\u00f3n musical por las calles del Casco Antiguo y el Segundo Ensanche.<br \/>\n<script async src=\"\/\/pagead2.googlesyndication.com\/pagead\/js\/adsbygoogle.js\"><\/script><br \/>\n<!-- Noticias La Guia de Pamplona --><br \/>\n<ins class=\"adsbygoogle\"\nstyle=\"display:block\"\ndata-ad-client=\"ca-pub-6943679897239327\"\ndata-ad-slot=\"7048180777\"\ndata-ad-format=\"auto\"><\/ins><br \/>\n<script>\n(adsbygoogle = window.adsbygoogle || []).push({});\n<\/script><\/p>\n<p>La iluminaci\u00f3n ornamental programable de este espacio de la Ciudadela consta de 20 proyectores \u2018modelo platea\u2019, con luminarias de tecnolog\u00eda led rgbw, que permiten realzar los lienzos del Caballero Dominante con diversos colores. El Caballero Dominante es la construcci\u00f3n elevada que asoma por la parte superior del Baluarte Real de la Ciudadela. Domina el glacis (Vuelta del Castillo), desde el frente de la nueva estaci\u00f3n de autobuses, hasta la entrada de la Casa de Misericordia.<\/p>\n<p>El grupo Eguzki Txaranga saldr\u00e1 a las 19.30 horas de la Plaza Consistorial y, hasta las 20.30 horas, aproximadamente, recorrer\u00e1 las calles Mercaderes, Estafeta, Plaza del Castillo y San Nicol\u00e1s. A continuaci\u00f3n, de 20.45 a 22 horas llevar\u00e1n su m\u00fasica a la avenida de Roncesvalles, Plaza de Toros y alrededores, y a la calle Amaya para retornar despu\u00e9s al Ayuntamiento de Pamplona. La charanga la conforman once m\u00fasicos que interpretar\u00e1n pasacalles sanfermineros con su percusi\u00f3n, saxofones, trompetas, tromb\u00f3n y tuba.<\/p>\n","protected":false},"excerpt":{"rendered":"<p>Una charanga amenizar\u00e1 la tarde noche en el Casco Antiguo y el Segundo Ensanche interpretando m\u00fasica sanferminera<\/p>\n","protected":false},"author":1,"featured_media":39155,"comment_status":"open","ping_status":"closed","sticky":false,"template":"","format":"standard","meta":{"footnotes":""},"categories":[2],"tags":[],"class_list":["post-39819","post","type-post","status-publish","format-standard","has-post-thumbnail","hentry","category-ayuntamiento-pamplona"],"yoast_head":"<!-- This site is optimized with the Yoast SEO plugin v27.5 - https:\/\/yoast.com\/product\/yoast-seo-wordpress\/ -->\n<title>El Caballero Dominante de la Ciudadela se volver\u00e1 a iluminar esta noche de color rojo con motivo del cuarto pelda\u00f1o de la escalera sanferminera<\/title>\n<meta name=\"description\" content=\"Una charanga amenizar\u00e1 la tarde noche en el Casco Antiguo y el Segundo Ensanche interpretando m\u00fasica sanferminera\" \/>\n<meta name=\"robots\" content=\"index, follow, max-snippet:-1, max-image-preview:large, max-video-preview:-1\" \/>\n<link rel=\"canonical\" href=\"https:\/\/www.laguiadepamplona.com\/actualidad\/el-caballero-dominante-de-la-ciudadela-se-volvera-a-iluminar-esta-noche-de-color-rojo-con-motivo-del-cuarto-peldano-de-la-escalera-sanferminera\/\" \/>\n<meta property=\"og:locale\" content=\"es_ES\" \/>\n<meta property=\"og:type\" content=\"article\" \/>\n<meta property=\"og:title\" content=\"El Caballero Dominante de la Ciudadela se volver\u00e1 a iluminar esta noche de color rojo con motivo del cuarto pelda\u00f1o de la escalera sanferminera\" \/>\n<meta property=\"og:description\" content=\"Una charanga amenizar\u00e1 la tarde noche en el Casco Antiguo y el Segundo Ensanche interpretando m\u00fasica sanferminera\" \/>\n<meta property=\"og:url\" content=\"https:\/\/www.laguiadepamplona.com\/actualidad\/el-caballero-dominante-de-la-ciudadela-se-volvera-a-iluminar-esta-noche-de-color-rojo-con-motivo-del-cuarto-peldano-de-la-escalera-sanferminera\/\" \/>\n<meta property=\"og:site_name\" content=\"La Gu\u00eda de Pamplona\" \/>\n<meta property=\"article:publisher\" content=\"https:\/\/www.facebook.com\/laguiadepamplonacom-133175176762273\/?ref=hl\" \/>\n<meta property=\"article:published_time\" content=\"2022-04-04T10:26:15+00:00\" \/>\n<meta property=\"article:modified_time\" content=\"2023-04-11T09:48:20+00:00\" \/>\n<meta property=\"og:image\" content=\"https:\/\/www.laguiadepamplona.com\/actualidad\/wp-content\/uploads\/2022\/03\/ciudadelaroja.jpg\" \/>\n\t<meta property=\"og:image:width\" content=\"1600\" \/>\n\t<meta property=\"og:image:height\" content=\"1196\" \/>\n\t<meta property=\"og:image:type\" content=\"image\/jpeg\" \/>\n<meta name=\"author\" content=\"La Gu\u00eda de Pamplona\" \/>\n<meta name=\"twitter:card\" content=\"summary_large_image\" \/>\n<meta name=\"twitter:creator\" content=\"@LaGuiadPamplona\" \/>\n<meta name=\"twitter:site\" content=\"@LaGuiadPamplona\" \/>\n<meta name=\"twitter:label1\" content=\"Escrito por\" \/>\n\t<meta name=\"twitter:data1\" content=\"La Gu\u00eda de Pamplona\" \/>\n\t<meta name=\"twitter:label2\" content=\"Tiempo de lectura\" \/>\n\t<meta name=\"twitter:data2\" content=\"2 minutos\" \/>\n<script type=\"application\/ld+json\" class=\"yoast-schema-graph\">{\"@context\":\"https:\\\/\\\/schema.org\",\"@graph\":[{\"@type\":\"Article\",\"@id\":\"https:\\\/\\\/www.laguiadepamplona.com\\\/actualidad\\\/el-caballero-dominante-de-la-ciudadela-se-volvera-a-iluminar-esta-noche-de-color-rojo-con-motivo-del-cuarto-peldano-de-la-escalera-sanferminera\\\/#article\",\"isPartOf\":{\"@id\":\"https:\\\/\\\/www.laguiadepamplona.com\\\/actualidad\\\/el-caballero-dominante-de-la-ciudadela-se-volvera-a-iluminar-esta-noche-de-color-rojo-con-motivo-del-cuarto-peldano-de-la-escalera-sanferminera\\\/\"},\"author\":{\"name\":\"La Gu\u00eda de Pamplona\",\"@id\":\"https:\\\/\\\/www.laguiadepamplona.com\\\/actualidad\\\/#\\\/schema\\\/person\\\/efe887376f0213d4657c93adc50b1fdb\"},\"headline\":\"El Caballero Dominante de la Ciudadela se volver\u00e1 a iluminar esta noche de color rojo con motivo del cuarto pelda\u00f1o de la escalera sanferminera\",\"datePublished\":\"2022-04-04T10:26:15+00:00\",\"dateModified\":\"2023-04-11T09:48:20+00:00\",\"mainEntityOfPage\":{\"@id\":\"https:\\\/\\\/www.laguiadepamplona.com\\\/actualidad\\\/el-caballero-dominante-de-la-ciudadela-se-volvera-a-iluminar-esta-noche-de-color-rojo-con-motivo-del-cuarto-peldano-de-la-escalera-sanferminera\\\/\"},\"wordCount\":274,\"commentCount\":0,\"publisher\":{\"@id\":\"https:\\\/\\\/www.laguiadepamplona.com\\\/actualidad\\\/#organization\"},\"image\":{\"@id\":\"https:\\\/\\\/www.laguiadepamplona.com\\\/actualidad\\\/el-caballero-dominante-de-la-ciudadela-se-volvera-a-iluminar-esta-noche-de-color-rojo-con-motivo-del-cuarto-peldano-de-la-escalera-sanferminera\\\/#primaryimage\"},\"thumbnailUrl\":\"https:\\\/\\\/www.laguiadepamplona.com\\\/actualidad\\\/wp-content\\\/uploads\\\/2022\\\/03\\\/ciudadelaroja.jpg\",\"articleSection\":[\"Ayto Pamplona\"],\"inLanguage\":\"es\",\"potentialAction\":[{\"@type\":\"CommentAction\",\"name\":\"Comment\",\"target\":[\"https:\\\/\\\/www.laguiadepamplona.com\\\/actualidad\\\/el-caballero-dominante-de-la-ciudadela-se-volvera-a-iluminar-esta-noche-de-color-rojo-con-motivo-del-cuarto-peldano-de-la-escalera-sanferminera\\\/#respond\"]}]},{\"@type\":\"WebPage\",\"@id\":\"https:\\\/\\\/www.laguiadepamplona.com\\\/actualidad\\\/el-caballero-dominante-de-la-ciudadela-se-volvera-a-iluminar-esta-noche-de-color-rojo-con-motivo-del-cuarto-peldano-de-la-escalera-sanferminera\\\/\",\"url\":\"https:\\\/\\\/www.laguiadepamplona.com\\\/actualidad\\\/el-caballero-dominante-de-la-ciudadela-se-volvera-a-iluminar-esta-noche-de-color-rojo-con-motivo-del-cuarto-peldano-de-la-escalera-sanferminera\\\/\",\"name\":\"El Caballero Dominante de la Ciudadela se volver\u00e1 a iluminar esta noche de color rojo con motivo del cuarto pelda\u00f1o de la escalera sanferminera\",\"isPartOf\":{\"@id\":\"https:\\\/\\\/www.laguiadepamplona.com\\\/actualidad\\\/#website\"},\"primaryImageOfPage\":{\"@id\":\"https:\\\/\\\/www.laguiadepamplona.com\\\/actualidad\\\/el-caballero-dominante-de-la-ciudadela-se-volvera-a-iluminar-esta-noche-de-color-rojo-con-motivo-del-cuarto-peldano-de-la-escalera-sanferminera\\\/#primaryimage\"},\"image\":{\"@id\":\"https:\\\/\\\/www.laguiadepamplona.com\\\/actualidad\\\/el-caballero-dominante-de-la-ciudadela-se-volvera-a-iluminar-esta-noche-de-color-rojo-con-motivo-del-cuarto-peldano-de-la-escalera-sanferminera\\\/#primaryimage\"},\"thumbnailUrl\":\"https:\\\/\\\/www.laguiadepamplona.com\\\/actualidad\\\/wp-content\\\/uploads\\\/2022\\\/03\\\/ciudadelaroja.jpg\",\"datePublished\":\"2022-04-04T10:26:15+00:00\",\"dateModified\":\"2023-04-11T09:48:20+00:00\",\"description\":\"Una charanga amenizar\u00e1 la tarde noche en el Casco Antiguo y el Segundo Ensanche interpretando m\u00fasica sanferminera\",\"breadcrumb\":{\"@id\":\"https:\\\/\\\/www.laguiadepamplona.com\\\/actualidad\\\/el-caballero-dominante-de-la-ciudadela-se-volvera-a-iluminar-esta-noche-de-color-rojo-con-motivo-del-cuarto-peldano-de-la-escalera-sanferminera\\\/#breadcrumb\"},\"inLanguage\":\"es\",\"potentialAction\":[{\"@type\":\"ReadAction\",\"target\":[\"https:\\\/\\\/www.laguiadepamplona.com\\\/actualidad\\\/el-caballero-dominante-de-la-ciudadela-se-volvera-a-iluminar-esta-noche-de-color-rojo-con-motivo-del-cuarto-peldano-de-la-escalera-sanferminera\\\/\"]}]},{\"@type\":\"ImageObject\",\"inLanguage\":\"es\",\"@id\":\"https:\\\/\\\/www.laguiadepamplona.com\\\/actualidad\\\/el-caballero-dominante-de-la-ciudadela-se-volvera-a-iluminar-esta-noche-de-color-rojo-con-motivo-del-cuarto-peldano-de-la-escalera-sanferminera\\\/#primaryimage\",\"url\":\"https:\\\/\\\/www.laguiadepamplona.com\\\/actualidad\\\/wp-content\\\/uploads\\\/2022\\\/03\\\/ciudadelaroja.jpg\",\"contentUrl\":\"https:\\\/\\\/www.laguiadepamplona.com\\\/actualidad\\\/wp-content\\\/uploads\\\/2022\\\/03\\\/ciudadelaroja.jpg\",\"width\":1600,\"height\":1196},{\"@type\":\"BreadcrumbList\",\"@id\":\"https:\\\/\\\/www.laguiadepamplona.com\\\/actualidad\\\/el-caballero-dominante-de-la-ciudadela-se-volvera-a-iluminar-esta-noche-de-color-rojo-con-motivo-del-cuarto-peldano-de-la-escalera-sanferminera\\\/#breadcrumb\",\"itemListElement\":[{\"@type\":\"ListItem\",\"position\":1,\"name\":\"Portada\",\"item\":\"https:\\\/\\\/www.laguiadepamplona.com\\\/actualidad\\\/\"},{\"@type\":\"ListItem\",\"position\":2,\"name\":\"El Caballero Dominante de la Ciudadela se volver\u00e1 a iluminar esta noche de color rojo con motivo del cuarto pelda\u00f1o de la escalera sanferminera\"}]},{\"@type\":\"WebSite\",\"@id\":\"https:\\\/\\\/www.laguiadepamplona.com\\\/actualidad\\\/#website\",\"url\":\"https:\\\/\\\/www.laguiadepamplona.com\\\/actualidad\\\/\",\"name\":\"La gu\u00eda de Pamplona\",\"description\":\"Noticias de Pamplona\",\"publisher\":{\"@id\":\"https:\\\/\\\/www.laguiadepamplona.com\\\/actualidad\\\/#organization\"},\"potentialAction\":[{\"@type\":\"SearchAction\",\"target\":{\"@type\":\"EntryPoint\",\"urlTemplate\":\"https:\\\/\\\/www.laguiadepamplona.com\\\/actualidad\\\/?s={search_term_string}\"},\"query-input\":{\"@type\":\"PropertyValueSpecification\",\"valueRequired\":true,\"valueName\":\"search_term_string\"}}],\"inLanguage\":\"es\"},{\"@type\":\"Organization\",\"@id\":\"https:\\\/\\\/www.laguiadepamplona.com\\\/actualidad\\\/#organization\",\"name\":\"La Gu\u00eda de Pamplona \\\/ Noticias\",\"url\":\"https:\\\/\\\/www.laguiadepamplona.com\\\/actualidad\\\/\",\"logo\":{\"@type\":\"ImageObject\",\"inLanguage\":\"es\",\"@id\":\"https:\\\/\\\/www.laguiadepamplona.com\\\/actualidad\\\/#\\\/schema\\\/logo\\\/image\\\/\",\"url\":\"https:\\\/\\\/www.laguiadepamplona.com\\\/actualidad\\\/wp-content\\\/uploads\\\/2018\\\/11\\\/logo-laguiadepamplona18-web1.png\",\"contentUrl\":\"https:\\\/\\\/www.laguiadepamplona.com\\\/actualidad\\\/wp-content\\\/uploads\\\/2018\\\/11\\\/logo-laguiadepamplona18-web1.png\",\"width\":600,\"height\":196,\"caption\":\"La Gu\u00eda de Pamplona \\\/ Noticias\"},\"image\":{\"@id\":\"https:\\\/\\\/www.laguiadepamplona.com\\\/actualidad\\\/#\\\/schema\\\/logo\\\/image\\\/\"},\"sameAs\":[\"https:\\\/\\\/www.facebook.com\\\/laguiadepamplonacom-133175176762273\\\/?ref=hl\",\"https:\\\/\\\/x.com\\\/LaGuiadPamplona\",\"https:\\\/\\\/www.instagram.com\\\/la_guia_de_pamplona\\\/\",\"https:\\\/\\\/www.youtube.com\\\/user\\\/laguiadepamplona\"]},{\"@type\":\"Person\",\"@id\":\"https:\\\/\\\/www.laguiadepamplona.com\\\/actualidad\\\/#\\\/schema\\\/person\\\/efe887376f0213d4657c93adc50b1fdb\",\"name\":\"La Gu\u00eda de Pamplona\",\"image\":{\"@type\":\"ImageObject\",\"inLanguage\":\"es\",\"@id\":\"https:\\\/\\\/secure.gravatar.com\\\/avatar\\\/b6992f131dc8d30ab0dff15446e9d346d9dbd95992de0fef795073f5ea83a81c?s=96&d=mm&r=g\",\"url\":\"https:\\\/\\\/secure.gravatar.com\\\/avatar\\\/b6992f131dc8d30ab0dff15446e9d346d9dbd95992de0fef795073f5ea83a81c?s=96&d=mm&r=g\",\"contentUrl\":\"https:\\\/\\\/secure.gravatar.com\\\/avatar\\\/b6992f131dc8d30ab0dff15446e9d346d9dbd95992de0fef795073f5ea83a81c?s=96&d=mm&r=g\",\"caption\":\"La Gu\u00eda de Pamplona\"}}]}<\/script>\n<!-- \/ Yoast SEO plugin. -->","yoast_head_json":{"title":"El Caballero Dominante de la Ciudadela se volver\u00e1 a iluminar esta noche de color rojo con motivo del cuarto pelda\u00f1o de la escalera sanferminera","description":"Una charanga amenizar\u00e1 la tarde noche en el Casco Antiguo y el Segundo Ensanche interpretando m\u00fasica sanferminera","robots":{"index":"index","follow":"follow","max-snippet":"max-snippet:-1","max-image-preview":"max-image-preview:large","max-video-preview":"max-video-preview:-1"},"canonical":"https:\/\/www.laguiadepamplona.com\/actualidad\/el-caballero-dominante-de-la-ciudadela-se-volvera-a-iluminar-esta-noche-de-color-rojo-con-motivo-del-cuarto-peldano-de-la-escalera-sanferminera\/","og_locale":"es_ES","og_type":"article","og_title":"El Caballero Dominante de la Ciudadela se volver\u00e1 a iluminar esta noche de color rojo con motivo del cuarto pelda\u00f1o de la escalera sanferminera","og_description":"Una charanga amenizar\u00e1 la tarde noche en el Casco Antiguo y el Segundo Ensanche interpretando m\u00fasica sanferminera","og_url":"https:\/\/www.laguiadepamplona.com\/actualidad\/el-caballero-dominante-de-la-ciudadela-se-volvera-a-iluminar-esta-noche-de-color-rojo-con-motivo-del-cuarto-peldano-de-la-escalera-sanferminera\/","og_site_name":"La Gu\u00eda de Pamplona","article_publisher":"https:\/\/www.facebook.com\/laguiadepamplonacom-133175176762273\/?ref=hl","article_published_time":"2022-04-04T10:26:15+00:00","article_modified_time":"2023-04-11T09:48:20+00:00","og_image":[{"width":1600,"height":1196,"url":"https:\/\/www.laguiadepamplona.com\/actualidad\/wp-content\/uploads\/2022\/03\/ciudadelaroja.jpg","type":"image\/jpeg"}],"author":"La Gu\u00eda de Pamplona","twitter_card":"summary_large_image","twitter_creator":"@LaGuiadPamplona","twitter_site":"@LaGuiadPamplona","twitter_misc":{"Escrito por":"La Gu\u00eda de Pamplona","Tiempo de lectura":"2 minutos"},"schema":{"@context":"https:\/\/schema.org","@graph":[{"@type":"Article","@id":"https:\/\/www.laguiadepamplona.com\/actualidad\/el-caballero-dominante-de-la-ciudadela-se-volvera-a-iluminar-esta-noche-de-color-rojo-con-motivo-del-cuarto-peldano-de-la-escalera-sanferminera\/#article","isPartOf":{"@id":"https:\/\/www.laguiadepamplona.com\/actualidad\/el-caballero-dominante-de-la-ciudadela-se-volvera-a-iluminar-esta-noche-de-color-rojo-con-motivo-del-cuarto-peldano-de-la-escalera-sanferminera\/"},"author":{"name":"La Gu\u00eda de Pamplona","@id":"https:\/\/www.laguiadepamplona.com\/actualidad\/#\/schema\/person\/efe887376f0213d4657c93adc50b1fdb"},"headline":"El Caballero Dominante de la Ciudadela se volver\u00e1 a iluminar esta noche de color rojo con motivo del cuarto pelda\u00f1o de la escalera sanferminera","datePublished":"2022-04-04T10:26:15+00:00","dateModified":"2023-04-11T09:48:20+00:00","mainEntityOfPage":{"@id":"https:\/\/www.laguiadepamplona.com\/actualidad\/el-caballero-dominante-de-la-ciudadela-se-volvera-a-iluminar-esta-noche-de-color-rojo-con-motivo-del-cuarto-peldano-de-la-escalera-sanferminera\/"},"wordCount":274,"commentCount":0,"publisher":{"@id":"https:\/\/www.laguiadepamplona.com\/actualidad\/#organization"},"image":{"@id":"https:\/\/www.laguiadepamplona.com\/actualidad\/el-caballero-dominante-de-la-ciudadela-se-volvera-a-iluminar-esta-noche-de-color-rojo-con-motivo-del-cuarto-peldano-de-la-escalera-sanferminera\/#primaryimage"},"thumbnailUrl":"https:\/\/www.laguiadepamplona.com\/actualidad\/wp-content\/uploads\/2022\/03\/ciudadelaroja.jpg","articleSection":["Ayto Pamplona"],"inLanguage":"es","potentialAction":[{"@type":"CommentAction","name":"Comment","target":["https:\/\/www.laguiadepamplona.com\/actualidad\/el-caballero-dominante-de-la-ciudadela-se-volvera-a-iluminar-esta-noche-de-color-rojo-con-motivo-del-cuarto-peldano-de-la-escalera-sanferminera\/#respond"]}]},{"@type":"WebPage","@id":"https:\/\/www.laguiadepamplona.com\/actualidad\/el-caballero-dominante-de-la-ciudadela-se-volvera-a-iluminar-esta-noche-de-color-rojo-con-motivo-del-cuarto-peldano-de-la-escalera-sanferminera\/","url":"https:\/\/www.laguiadepamplona.com\/actualidad\/el-caballero-dominante-de-la-ciudadela-se-volvera-a-iluminar-esta-noche-de-color-rojo-con-motivo-del-cuarto-peldano-de-la-escalera-sanferminera\/","name":"El Caballero Dominante de la Ciudadela se volver\u00e1 a iluminar esta noche de color rojo con motivo del cuarto pelda\u00f1o de la escalera sanferminera","isPartOf":{"@id":"https:\/\/www.laguiadepamplona.com\/actualidad\/#website"},"primaryImageOfPage":{"@id":"https:\/\/www.laguiadepamplona.com\/actualidad\/el-caballero-dominante-de-la-ciudadela-se-volvera-a-iluminar-esta-noche-de-color-rojo-con-motivo-del-cuarto-peldano-de-la-escalera-sanferminera\/#primaryimage"},"image":{"@id":"https:\/\/www.laguiadepamplona.com\/actualidad\/el-caballero-dominante-de-la-ciudadela-se-volvera-a-iluminar-esta-noche-de-color-rojo-con-motivo-del-cuarto-peldano-de-la-escalera-sanferminera\/#primaryimage"},"thumbnailUrl":"https:\/\/www.laguiadepamplona.com\/actualidad\/wp-content\/uploads\/2022\/03\/ciudadelaroja.jpg","datePublished":"2022-04-04T10:26:15+00:00","dateModified":"2023-04-11T09:48:20+00:00","description":"Una charanga amenizar\u00e1 la tarde noche en el Casco Antiguo y el Segundo Ensanche interpretando m\u00fasica sanferminera","breadcrumb":{"@id":"https:\/\/www.laguiadepamplona.com\/actualidad\/el-caballero-dominante-de-la-ciudadela-se-volvera-a-iluminar-esta-noche-de-color-rojo-con-motivo-del-cuarto-peldano-de-la-escalera-sanferminera\/#breadcrumb"},"inLanguage":"es","potentialAction":[{"@type":"ReadAction","target":["https:\/\/www.laguiadepamplona.com\/actualidad\/el-caballero-dominante-de-la-ciudadela-se-volvera-a-iluminar-esta-noche-de-color-rojo-con-motivo-del-cuarto-peldano-de-la-escalera-sanferminera\/"]}]},{"@type":"ImageObject","inLanguage":"es","@id":"https:\/\/www.laguiadepamplona.com\/actualidad\/el-caballero-dominante-de-la-ciudadela-se-volvera-a-iluminar-esta-noche-de-color-rojo-con-motivo-del-cuarto-peldano-de-la-escalera-sanferminera\/#primaryimage","url":"https:\/\/www.laguiadepamplona.com\/actualidad\/wp-content\/uploads\/2022\/03\/ciudadelaroja.jpg","contentUrl":"https:\/\/www.laguiadepamplona.com\/actualidad\/wp-content\/uploads\/2022\/03\/ciudadelaroja.jpg","width":1600,"height":1196},{"@type":"BreadcrumbList","@id":"https:\/\/www.laguiadepamplona.com\/actualidad\/el-caballero-dominante-de-la-ciudadela-se-volvera-a-iluminar-esta-noche-de-color-rojo-con-motivo-del-cuarto-peldano-de-la-escalera-sanferminera\/#breadcrumb","itemListElement":[{"@type":"ListItem","position":1,"name":"Portada","item":"https:\/\/www.laguiadepamplona.com\/actualidad\/"},{"@type":"ListItem","position":2,"name":"El Caballero Dominante de la Ciudadela se volver\u00e1 a iluminar esta noche de color rojo con motivo del cuarto pelda\u00f1o de la escalera sanferminera"}]},{"@type":"WebSite","@id":"https:\/\/www.laguiadepamplona.com\/actualidad\/#website","url":"https:\/\/www.laguiadepamplona.com\/actualidad\/","name":"La gu\u00eda de Pamplona","description":"Noticias de Pamplona","publisher":{"@id":"https:\/\/www.laguiadepamplona.com\/actualidad\/#organization"},"potentialAction":[{"@type":"SearchAction","target":{"@type":"EntryPoint","urlTemplate":"https:\/\/www.laguiadepamplona.com\/actualidad\/?s={search_term_string}"},"query-input":{"@type":"PropertyValueSpecification","valueRequired":true,"valueName":"search_term_string"}}],"inLanguage":"es"},{"@type":"Organization","@id":"https:\/\/www.laguiadepamplona.com\/actualidad\/#organization","name":"La Gu\u00eda de Pamplona \/ Noticias","url":"https:\/\/www.laguiadepamplona.com\/actualidad\/","logo":{"@type":"ImageObject","inLanguage":"es","@id":"https:\/\/www.laguiadepamplona.com\/actualidad\/#\/schema\/logo\/image\/","url":"https:\/\/www.laguiadepamplona.com\/actualidad\/wp-content\/uploads\/2018\/11\/logo-laguiadepamplona18-web1.png","contentUrl":"https:\/\/www.laguiadepamplona.com\/actualidad\/wp-content\/uploads\/2018\/11\/logo-laguiadepamplona18-web1.png","width":600,"height":196,"caption":"La Gu\u00eda de Pamplona \/ Noticias"},"image":{"@id":"https:\/\/www.laguiadepamplona.com\/actualidad\/#\/schema\/logo\/image\/"},"sameAs":["https:\/\/www.facebook.com\/laguiadepamplonacom-133175176762273\/?ref=hl","https:\/\/x.com\/LaGuiadPamplona","https:\/\/www.instagram.com\/la_guia_de_pamplona\/","https:\/\/www.youtube.com\/user\/laguiadepamplona"]},{"@type":"Person","@id":"https:\/\/www.laguiadepamplona.com\/actualidad\/#\/schema\/person\/efe887376f0213d4657c93adc50b1fdb","name":"La Gu\u00eda de Pamplona","image":{"@type":"ImageObject","inLanguage":"es","@id":"https:\/\/secure.gravatar.com\/avatar\/b6992f131dc8d30ab0dff15446e9d346d9dbd95992de0fef795073f5ea83a81c?s=96&d=mm&r=g","url":"https:\/\/secure.gravatar.com\/avatar\/b6992f131dc8d30ab0dff15446e9d346d9dbd95992de0fef795073f5ea83a81c?s=96&d=mm&r=g","contentUrl":"https:\/\/secure.gravatar.com\/avatar\/b6992f131dc8d30ab0dff15446e9d346d9dbd95992de0fef795073f5ea83a81c?s=96&d=mm&r=g","caption":"La Gu\u00eda de Pamplona"}}]}},"post_mailing_queue_ids":[],"_links":{"self":[{"href":"https:\/\/www.laguiadepamplona.com\/actualidad\/wp-json\/wp\/v2\/posts\/39819","targetHints":{"allow":["GET"]}}],"collection":[{"href":"https:\/\/www.laguiadepamplona.com\/actualidad\/wp-json\/wp\/v2\/posts"}],"about":[{"href":"https:\/\/www.laguiadepamplona.com\/actualidad\/wp-json\/wp\/v2\/types\/post"}],"author":[{"embeddable":true,"href":"https:\/\/www.laguiadepamplona.com\/actualidad\/wp-json\/wp\/v2\/users\/1"}],"replies":[{"embeddable":true,"href":"https:\/\/www.laguiadepamplona.com\/actualidad\/wp-json\/wp\/v2\/comments?post=39819"}],"version-history":[{"count":0,"href":"https:\/\/www.laguiadepamplona.com\/actualidad\/wp-json\/wp\/v2\/posts\/39819\/revisions"}],"wp:featuredmedia":[{"embeddable":true,"href":"https:\/\/www.laguiadepamplona.com\/actualidad\/wp-json\/wp\/v2\/media\/39155"}],"wp:attachment":[{"href":"https:\/\/www.laguiadepamplona.com\/actualidad\/wp-json\/wp\/v2\/media?parent=39819"}],"wp:term":[{"taxonomy":"category","embeddable":true,"href":"https:\/\/www.laguiadepamplona.com\/actualidad\/wp-json\/wp\/v2\/categories?post=39819"},{"taxonomy":"post_tag","embeddable":true,"href":"https:\/\/www.laguiadepamplona.com\/actualidad\/wp-json\/wp\/v2\/tags?post=39819"}],"curies":[{"name":"wp","href":"https:\/\/api.w.org\/{rel}","templated":true}]}}