{"id":39816,"date":"2022-04-01T17:12:50","date_gmt":"2022-04-01T15:12:50","guid":{"rendered":"https:\/\/www.laguiadepamplona.com\/actualidad\/?p=39816"},"modified":"2023-04-11T11:48:20","modified_gmt":"2023-04-11T09:48:20","slug":"comiruna-licita-la-segunda-fase-de-la-renovacion-del-mercado-del-ensanche-que-mejorara-la-climatizacion-y-las-acometidas-electricas","status":"publish","type":"post","link":"https:\/\/www.laguiadepamplona.com\/actualidad\/comiruna-licita-la-segunda-fase-de-la-renovacion-del-mercado-del-ensanche-que-mejorara-la-climatizacion-y-las-acometidas-electricas\/","title":{"rendered":"Comiru\u00f1a licita la segunda fase de la renovaci\u00f3n del Mercado del Ensanche, que mejorar\u00e1 la climatizaci\u00f3n y las acometidas el\u00e9ctricas"},"content":{"rendered":"<h5>Con un importe total de 866.244,41 euros, las propuestas se pueden presentar en el portal de contrataci\u00f3n antes del 25 de abril<\/h5>\n<p><!--more--><\/p>\n<p>El Portal de Contrataci\u00f3n de Navarra ha publicado los detalles de la licitaci\u00f3n de la segunda fase del proyecto de renovaci\u00f3n del Mercado del Ensanche, que comprende la actuaci\u00f3n sobre los elementos de climatizaci\u00f3n, adem\u00e1s de la renovaci\u00f3n de las acometidas el\u00e9ctricas y otras actuaciones, entre las que se encuentra la adecuaci\u00f3n de cinco puestos exteriores para facilitar su alquiler. El importe total de la licitaci\u00f3n, convocada por la Sociedad P\u00fablica Comiru\u00f1a, encargada de la gesti\u00f3n de los mercados municipales, asciende a 866.244,41 euros y las propuestas se deber\u00e1n presentar antes del 25 de abril.<br \/>\n<script async src=\"\/\/pagead2.googlesyndication.com\/pagead\/js\/adsbygoogle.js\"><\/script><br \/>\n<!-- Noticias La Guia de Pamplona --><br \/>\n<ins class=\"adsbygoogle\"\nstyle=\"display:block\"\ndata-ad-client=\"ca-pub-6943679897239327\"\ndata-ad-slot=\"7048180777\"\ndata-ad-format=\"auto\"><\/ins><br \/>\n<script>\n(adsbygoogle = window.adsbygoogle || []).push({});\n<\/script><\/p>\n<p>Tras la realizaci\u00f3n de la primera fase de la renovaci\u00f3n del Mercado del Ensanche, se inicia el proceso para la segunda, con la que se llevar\u00e1n a cabo la totalidad de acciones de mejora y revitalizaci\u00f3n del Mercado del Ensanche. Estas actuaciones persiguen, por un lado, una mejora de la eficiencia energ\u00e9tica de la dotaci\u00f3n, algo que se conseguir\u00e1 adoptando medidas pasivas de mejora del aislamiento de la cubierta y sustituci\u00f3n de carpinter\u00edas de los lucernarios y de la c\u00fapula. Por otro lado, buscan una mejora funcional (implantaci\u00f3n de aula de cocina, cuarto de gesti\u00f3n de residuos y despacho de gerencia) y est\u00e9tica, a trav\u00e9s de mejoras de mantenimiento e infraestructura necesarias, como la centralizaci\u00f3n de los cuadros de instalaciones, la revisi\u00f3n de la red saneamiento, la instalaci\u00f3n de climatizaci\u00f3n total del recinto, adecuaci\u00f3n parcial de las instalaciones de electricidad, y la aplicaci\u00f3n de nuevos revestimientos interiores y pintura en pavimentos y paredes.<\/p>\n<p>Comiru\u00f1a, la empresa municipal encargada de gestionar el Mercado del Ensanche, es la promotora de estas obras, pero las labores de gesti\u00f3n y seguimiento de los trabajos y de los contratos se han encomendado a la sociedad p\u00fablica municipal Pamplona Centro Hist\u00f3rico. Estas actuaciones estar\u00e1n financiadas a cargo de los fondos europeos Next Generation, en el marco del Plan de Recuperaci\u00f3n, Transformaci\u00f3n y Resiliencia.<br \/>\n<script async src=\"\/\/pagead2.googlesyndication.com\/pagead\/js\/adsbygoogle.js\"><\/script><br \/>\n<!-- Noticias La Guia de Pamplona --><br \/>\n<ins class=\"adsbygoogle\"\nstyle=\"display:block\"\ndata-ad-client=\"ca-pub-6943679897239327\"\ndata-ad-slot=\"7048180777\"\ndata-ad-format=\"auto\"><\/ins><br \/>\n<script>\n(adsbygoogle = window.adsbygoogle || []).push({});\n<\/script><\/p>\n<p><strong>Segunda fase de un proyecto que se empez\u00f3 a ejecutar en enero de 2021<\/strong><\/p>\n<p>Las obras de la Fase II suponen la ejecuci\u00f3n de la climatizaci\u00f3n del espacio general del mercado, ya que en la Fase I se ha realizado \u00fanicamente la ejecuci\u00f3n de una canalizaci\u00f3n general por el que discurren las conducciones comunes, y una preinstalaci\u00f3n de la climatizaci\u00f3n prevista en proyecto. Por lo tanto, en esta segunda fase se culminar\u00e1 la ejecuci\u00f3n de las instalaciones previendo el suministro e instalaci\u00f3n de las m\u00e1quinas, las estructuras auxiliares para la sujeci\u00f3n de las mismas, la conexi\u00f3n a la preinstalaci\u00f3n existente, y la obra civil necesaria para la ejecuci\u00f3n de dichos trabajos.<\/p>\n<p>En cuanto a la sala de calderas, en el proyecto de ejecuci\u00f3n original estaba prevista la habilitaci\u00f3n de una nueva sala en las cubiertas del edificio de la calle Olite, habiendo replanteado la ubicaci\u00f3n definitiva en el interior del edificio, concretamente en el espacio existente situado junto al acceso al mercado en el encuentro de las calles Olite y Tafalla, y al que se accede desde la calle Olite. En esta Fase II, se prev\u00e9 el acondicionamiento de dicha sala incluida la modificaci\u00f3n de huecos en fachada.<br \/>\n<script async src=\"\/\/pagead2.googlesyndication.com\/pagead\/js\/adsbygoogle.js\"><\/script><br \/>\n<!-- Noticias La Guia de Pamplona --><br \/>\n<ins class=\"adsbygoogle\"\nstyle=\"display:block\"\ndata-ad-client=\"ca-pub-6943679897239327\"\ndata-ad-slot=\"7048180777\"\ndata-ad-format=\"auto\"><\/ins><br \/>\n<script>\n(adsbygoogle = window.adsbygoogle || []).push({});\n<\/script><\/p>\n<p>En cuanto a las instalaciones el\u00e9ctricas, adem\u00e1s de la necesaria en la instalaci\u00f3n de la sala de calderas, se incluye la obra de modificaci\u00f3n de las acometidas el\u00e9ctricas de los puestos interiores del mercado, y la eliminaci\u00f3n de cableados y regletas antiguas, sin incluir la modificaci\u00f3n de las instalaciones particulares de cada puesto. Se prev\u00e9, igualmente, la ejecuci\u00f3n de la instalaci\u00f3n de megafon\u00eda del mercado. En los aseos p\u00fablicos del interior del mercado, se contempla una peque\u00f1a intervenci\u00f3n que incluye la sustituci\u00f3n de puertas, dotaci\u00f3n de accesorios y acabados finales. Finalmente, se actuar\u00e1 en los accesos al mercado, incluyendo la restauraci\u00f3n de las cerraduras y partes deterioradas de las puertas y rejas de forja, de revestimientos de paredes y el pintado final.<\/p>\n<p>En el proceso de mejora que se est\u00e1 llevando a cabo en el Mercado del Ensanche tambi\u00e9n se van a adecuar cinco puestos exteriores que actualmente est\u00e1n libres, de cara a mejorar sus condiciones para facilitar su alquiler. Para ello se han licitado dos lotes. El primero, que contempla la actuaci\u00f3n en dos de la calle Amaya, tiene un importe total de 47.022,42 euros. El lote 2 recoge los trabajos a realizar en los tres locales restantes situados en la calle Gorriti, y tiene un importe total de 54.536,87 euros.<\/p>\n","protected":false},"excerpt":{"rendered":"<p>Con un importe total de 866.244,41 euros, las propuestas se pueden presentar en el portal de contrataci\u00f3n antes del 25 de abril<\/p>\n","protected":false},"author":1,"featured_media":39817,"comment_status":"open","ping_status":"closed","sticky":false,"template":"","format":"standard","meta":{"footnotes":""},"categories":[2],"tags":[],"class_list":["post-39816","post","type-post","status-publish","format-standard","has-post-thumbnail","hentry","category-ayuntamiento-pamplona"],"yoast_head":"<!-- This site is optimized with the Yoast SEO plugin v27.5 - https:\/\/yoast.com\/product\/yoast-seo-wordpress\/ -->\n<title>Comiru\u00f1a licita la segunda fase de la renovaci\u00f3n del Mercado del Ensanche, que mejorar\u00e1 la climatizaci\u00f3n y las acometidas el\u00e9ctricas<\/title>\n<meta name=\"description\" content=\"Con un importe total de 866.244,41 euros, las propuestas se pueden presentar en el portal de contrataci\u00f3n antes del 25 de abril\" \/>\n<meta name=\"robots\" content=\"index, follow, max-snippet:-1, max-image-preview:large, max-video-preview:-1\" \/>\n<link rel=\"canonical\" href=\"https:\/\/www.laguiadepamplona.com\/actualidad\/comiruna-licita-la-segunda-fase-de-la-renovacion-del-mercado-del-ensanche-que-mejorara-la-climatizacion-y-las-acometidas-electricas\/\" \/>\n<meta property=\"og:locale\" content=\"es_ES\" \/>\n<meta property=\"og:type\" content=\"article\" \/>\n<meta property=\"og:title\" content=\"Comiru\u00f1a licita la segunda fase de la renovaci\u00f3n del Mercado del Ensanche, que mejorar\u00e1 la climatizaci\u00f3n y las acometidas el\u00e9ctricas\" \/>\n<meta property=\"og:description\" content=\"Con un importe total de 866.244,41 euros, las propuestas se pueden presentar en el portal de contrataci\u00f3n antes del 25 de abril\" \/>\n<meta property=\"og:url\" content=\"https:\/\/www.laguiadepamplona.com\/actualidad\/comiruna-licita-la-segunda-fase-de-la-renovacion-del-mercado-del-ensanche-que-mejorara-la-climatizacion-y-las-acometidas-electricas\/\" \/>\n<meta property=\"og:site_name\" content=\"La Gu\u00eda de Pamplona\" \/>\n<meta property=\"article:publisher\" content=\"https:\/\/www.facebook.com\/laguiadepamplonacom-133175176762273\/?ref=hl\" \/>\n<meta property=\"article:published_time\" content=\"2022-04-01T15:12:50+00:00\" \/>\n<meta property=\"article:modified_time\" content=\"2023-04-11T09:48:20+00:00\" \/>\n<meta property=\"og:image\" content=\"https:\/\/www.laguiadepamplona.com\/actualidad\/wp-content\/uploads\/2022\/04\/Mercado_interior_Ensanche-w.jpg\" \/>\n\t<meta property=\"og:image:width\" content=\"1920\" \/>\n\t<meta property=\"og:image:height\" content=\"1282\" \/>\n\t<meta property=\"og:image:type\" content=\"image\/jpeg\" \/>\n<meta name=\"author\" content=\"La Gu\u00eda de Pamplona\" \/>\n<meta name=\"twitter:card\" content=\"summary_large_image\" \/>\n<meta name=\"twitter:creator\" content=\"@LaGuiadPamplona\" \/>\n<meta name=\"twitter:site\" content=\"@LaGuiadPamplona\" \/>\n<meta name=\"twitter:label1\" content=\"Escrito por\" \/>\n\t<meta name=\"twitter:data1\" content=\"La Gu\u00eda de Pamplona\" \/>\n\t<meta name=\"twitter:label2\" content=\"Tiempo de lectura\" \/>\n\t<meta name=\"twitter:data2\" content=\"4 minutos\" \/>\n<script type=\"application\/ld+json\" class=\"yoast-schema-graph\">{\"@context\":\"https:\\\/\\\/schema.org\",\"@graph\":[{\"@type\":\"Article\",\"@id\":\"https:\\\/\\\/www.laguiadepamplona.com\\\/actualidad\\\/comiruna-licita-la-segunda-fase-de-la-renovacion-del-mercado-del-ensanche-que-mejorara-la-climatizacion-y-las-acometidas-electricas\\\/#article\",\"isPartOf\":{\"@id\":\"https:\\\/\\\/www.laguiadepamplona.com\\\/actualidad\\\/comiruna-licita-la-segunda-fase-de-la-renovacion-del-mercado-del-ensanche-que-mejorara-la-climatizacion-y-las-acometidas-electricas\\\/\"},\"author\":{\"name\":\"La Gu\u00eda de Pamplona\",\"@id\":\"https:\\\/\\\/www.laguiadepamplona.com\\\/actualidad\\\/#\\\/schema\\\/person\\\/efe887376f0213d4657c93adc50b1fdb\"},\"headline\":\"Comiru\u00f1a licita la segunda fase de la renovaci\u00f3n del Mercado del Ensanche, que mejorar\u00e1 la climatizaci\u00f3n y las acometidas el\u00e9ctricas\",\"datePublished\":\"2022-04-01T15:12:50+00:00\",\"dateModified\":\"2023-04-11T09:48:20+00:00\",\"mainEntityOfPage\":{\"@id\":\"https:\\\/\\\/www.laguiadepamplona.com\\\/actualidad\\\/comiruna-licita-la-segunda-fase-de-la-renovacion-del-mercado-del-ensanche-que-mejorara-la-climatizacion-y-las-acometidas-electricas\\\/\"},\"wordCount\":837,\"commentCount\":0,\"publisher\":{\"@id\":\"https:\\\/\\\/www.laguiadepamplona.com\\\/actualidad\\\/#organization\"},\"image\":{\"@id\":\"https:\\\/\\\/www.laguiadepamplona.com\\\/actualidad\\\/comiruna-licita-la-segunda-fase-de-la-renovacion-del-mercado-del-ensanche-que-mejorara-la-climatizacion-y-las-acometidas-electricas\\\/#primaryimage\"},\"thumbnailUrl\":\"https:\\\/\\\/www.laguiadepamplona.com\\\/actualidad\\\/wp-content\\\/uploads\\\/2022\\\/04\\\/Mercado_interior_Ensanche-w.jpg\",\"articleSection\":[\"Ayto Pamplona\"],\"inLanguage\":\"es\",\"potentialAction\":[{\"@type\":\"CommentAction\",\"name\":\"Comment\",\"target\":[\"https:\\\/\\\/www.laguiadepamplona.com\\\/actualidad\\\/comiruna-licita-la-segunda-fase-de-la-renovacion-del-mercado-del-ensanche-que-mejorara-la-climatizacion-y-las-acometidas-electricas\\\/#respond\"]}]},{\"@type\":\"WebPage\",\"@id\":\"https:\\\/\\\/www.laguiadepamplona.com\\\/actualidad\\\/comiruna-licita-la-segunda-fase-de-la-renovacion-del-mercado-del-ensanche-que-mejorara-la-climatizacion-y-las-acometidas-electricas\\\/\",\"url\":\"https:\\\/\\\/www.laguiadepamplona.com\\\/actualidad\\\/comiruna-licita-la-segunda-fase-de-la-renovacion-del-mercado-del-ensanche-que-mejorara-la-climatizacion-y-las-acometidas-electricas\\\/\",\"name\":\"Comiru\u00f1a licita la segunda fase de la renovaci\u00f3n del Mercado del Ensanche, que mejorar\u00e1 la climatizaci\u00f3n y las acometidas el\u00e9ctricas\",\"isPartOf\":{\"@id\":\"https:\\\/\\\/www.laguiadepamplona.com\\\/actualidad\\\/#website\"},\"primaryImageOfPage\":{\"@id\":\"https:\\\/\\\/www.laguiadepamplona.com\\\/actualidad\\\/comiruna-licita-la-segunda-fase-de-la-renovacion-del-mercado-del-ensanche-que-mejorara-la-climatizacion-y-las-acometidas-electricas\\\/#primaryimage\"},\"image\":{\"@id\":\"https:\\\/\\\/www.laguiadepamplona.com\\\/actualidad\\\/comiruna-licita-la-segunda-fase-de-la-renovacion-del-mercado-del-ensanche-que-mejorara-la-climatizacion-y-las-acometidas-electricas\\\/#primaryimage\"},\"thumbnailUrl\":\"https:\\\/\\\/www.laguiadepamplona.com\\\/actualidad\\\/wp-content\\\/uploads\\\/2022\\\/04\\\/Mercado_interior_Ensanche-w.jpg\",\"datePublished\":\"2022-04-01T15:12:50+00:00\",\"dateModified\":\"2023-04-11T09:48:20+00:00\",\"description\":\"Con un importe total de 866.244,41 euros, las propuestas se pueden presentar en el portal de contrataci\u00f3n antes del 25 de abril\",\"breadcrumb\":{\"@id\":\"https:\\\/\\\/www.laguiadepamplona.com\\\/actualidad\\\/comiruna-licita-la-segunda-fase-de-la-renovacion-del-mercado-del-ensanche-que-mejorara-la-climatizacion-y-las-acometidas-electricas\\\/#breadcrumb\"},\"inLanguage\":\"es\",\"potentialAction\":[{\"@type\":\"ReadAction\",\"target\":[\"https:\\\/\\\/www.laguiadepamplona.com\\\/actualidad\\\/comiruna-licita-la-segunda-fase-de-la-renovacion-del-mercado-del-ensanche-que-mejorara-la-climatizacion-y-las-acometidas-electricas\\\/\"]}]},{\"@type\":\"ImageObject\",\"inLanguage\":\"es\",\"@id\":\"https:\\\/\\\/www.laguiadepamplona.com\\\/actualidad\\\/comiruna-licita-la-segunda-fase-de-la-renovacion-del-mercado-del-ensanche-que-mejorara-la-climatizacion-y-las-acometidas-electricas\\\/#primaryimage\",\"url\":\"https:\\\/\\\/www.laguiadepamplona.com\\\/actualidad\\\/wp-content\\\/uploads\\\/2022\\\/04\\\/Mercado_interior_Ensanche-w.jpg\",\"contentUrl\":\"https:\\\/\\\/www.laguiadepamplona.com\\\/actualidad\\\/wp-content\\\/uploads\\\/2022\\\/04\\\/Mercado_interior_Ensanche-w.jpg\",\"width\":1920,\"height\":1282},{\"@type\":\"BreadcrumbList\",\"@id\":\"https:\\\/\\\/www.laguiadepamplona.com\\\/actualidad\\\/comiruna-licita-la-segunda-fase-de-la-renovacion-del-mercado-del-ensanche-que-mejorara-la-climatizacion-y-las-acometidas-electricas\\\/#breadcrumb\",\"itemListElement\":[{\"@type\":\"ListItem\",\"position\":1,\"name\":\"Portada\",\"item\":\"https:\\\/\\\/www.laguiadepamplona.com\\\/actualidad\\\/\"},{\"@type\":\"ListItem\",\"position\":2,\"name\":\"Comiru\u00f1a licita la segunda fase de la renovaci\u00f3n del Mercado del Ensanche, que mejorar\u00e1 la climatizaci\u00f3n y las acometidas el\u00e9ctricas\"}]},{\"@type\":\"WebSite\",\"@id\":\"https:\\\/\\\/www.laguiadepamplona.com\\\/actualidad\\\/#website\",\"url\":\"https:\\\/\\\/www.laguiadepamplona.com\\\/actualidad\\\/\",\"name\":\"La gu\u00eda de Pamplona\",\"description\":\"Noticias de Pamplona\",\"publisher\":{\"@id\":\"https:\\\/\\\/www.laguiadepamplona.com\\\/actualidad\\\/#organization\"},\"potentialAction\":[{\"@type\":\"SearchAction\",\"target\":{\"@type\":\"EntryPoint\",\"urlTemplate\":\"https:\\\/\\\/www.laguiadepamplona.com\\\/actualidad\\\/?s={search_term_string}\"},\"query-input\":{\"@type\":\"PropertyValueSpecification\",\"valueRequired\":true,\"valueName\":\"search_term_string\"}}],\"inLanguage\":\"es\"},{\"@type\":\"Organization\",\"@id\":\"https:\\\/\\\/www.laguiadepamplona.com\\\/actualidad\\\/#organization\",\"name\":\"La Gu\u00eda de Pamplona \\\/ Noticias\",\"url\":\"https:\\\/\\\/www.laguiadepamplona.com\\\/actualidad\\\/\",\"logo\":{\"@type\":\"ImageObject\",\"inLanguage\":\"es\",\"@id\":\"https:\\\/\\\/www.laguiadepamplona.com\\\/actualidad\\\/#\\\/schema\\\/logo\\\/image\\\/\",\"url\":\"https:\\\/\\\/www.laguiadepamplona.com\\\/actualidad\\\/wp-content\\\/uploads\\\/2018\\\/11\\\/logo-laguiadepamplona18-web1.png\",\"contentUrl\":\"https:\\\/\\\/www.laguiadepamplona.com\\\/actualidad\\\/wp-content\\\/uploads\\\/2018\\\/11\\\/logo-laguiadepamplona18-web1.png\",\"width\":600,\"height\":196,\"caption\":\"La Gu\u00eda de Pamplona \\\/ Noticias\"},\"image\":{\"@id\":\"https:\\\/\\\/www.laguiadepamplona.com\\\/actualidad\\\/#\\\/schema\\\/logo\\\/image\\\/\"},\"sameAs\":[\"https:\\\/\\\/www.facebook.com\\\/laguiadepamplonacom-133175176762273\\\/?ref=hl\",\"https:\\\/\\\/x.com\\\/LaGuiadPamplona\",\"https:\\\/\\\/www.instagram.com\\\/la_guia_de_pamplona\\\/\",\"https:\\\/\\\/www.youtube.com\\\/user\\\/laguiadepamplona\"]},{\"@type\":\"Person\",\"@id\":\"https:\\\/\\\/www.laguiadepamplona.com\\\/actualidad\\\/#\\\/schema\\\/person\\\/efe887376f0213d4657c93adc50b1fdb\",\"name\":\"La Gu\u00eda de Pamplona\",\"image\":{\"@type\":\"ImageObject\",\"inLanguage\":\"es\",\"@id\":\"https:\\\/\\\/secure.gravatar.com\\\/avatar\\\/b6992f131dc8d30ab0dff15446e9d346d9dbd95992de0fef795073f5ea83a81c?s=96&d=mm&r=g\",\"url\":\"https:\\\/\\\/secure.gravatar.com\\\/avatar\\\/b6992f131dc8d30ab0dff15446e9d346d9dbd95992de0fef795073f5ea83a81c?s=96&d=mm&r=g\",\"contentUrl\":\"https:\\\/\\\/secure.gravatar.com\\\/avatar\\\/b6992f131dc8d30ab0dff15446e9d346d9dbd95992de0fef795073f5ea83a81c?s=96&d=mm&r=g\",\"caption\":\"La Gu\u00eda de Pamplona\"}}]}<\/script>\n<!-- \/ Yoast SEO plugin. -->","yoast_head_json":{"title":"Comiru\u00f1a licita la segunda fase de la renovaci\u00f3n del Mercado del Ensanche, que mejorar\u00e1 la climatizaci\u00f3n y las acometidas el\u00e9ctricas","description":"Con un importe total de 866.244,41 euros, las propuestas se pueden presentar en el portal de contrataci\u00f3n antes del 25 de abril","robots":{"index":"index","follow":"follow","max-snippet":"max-snippet:-1","max-image-preview":"max-image-preview:large","max-video-preview":"max-video-preview:-1"},"canonical":"https:\/\/www.laguiadepamplona.com\/actualidad\/comiruna-licita-la-segunda-fase-de-la-renovacion-del-mercado-del-ensanche-que-mejorara-la-climatizacion-y-las-acometidas-electricas\/","og_locale":"es_ES","og_type":"article","og_title":"Comiru\u00f1a licita la segunda fase de la renovaci\u00f3n del Mercado del Ensanche, que mejorar\u00e1 la climatizaci\u00f3n y las acometidas el\u00e9ctricas","og_description":"Con un importe total de 866.244,41 euros, las propuestas se pueden presentar en el portal de contrataci\u00f3n antes del 25 de abril","og_url":"https:\/\/www.laguiadepamplona.com\/actualidad\/comiruna-licita-la-segunda-fase-de-la-renovacion-del-mercado-del-ensanche-que-mejorara-la-climatizacion-y-las-acometidas-electricas\/","og_site_name":"La Gu\u00eda de Pamplona","article_publisher":"https:\/\/www.facebook.com\/laguiadepamplonacom-133175176762273\/?ref=hl","article_published_time":"2022-04-01T15:12:50+00:00","article_modified_time":"2023-04-11T09:48:20+00:00","og_image":[{"width":1920,"height":1282,"url":"https:\/\/www.laguiadepamplona.com\/actualidad\/wp-content\/uploads\/2022\/04\/Mercado_interior_Ensanche-w.jpg","type":"image\/jpeg"}],"author":"La Gu\u00eda de Pamplona","twitter_card":"summary_large_image","twitter_creator":"@LaGuiadPamplona","twitter_site":"@LaGuiadPamplona","twitter_misc":{"Escrito por":"La Gu\u00eda de Pamplona","Tiempo de lectura":"4 minutos"},"schema":{"@context":"https:\/\/schema.org","@graph":[{"@type":"Article","@id":"https:\/\/www.laguiadepamplona.com\/actualidad\/comiruna-licita-la-segunda-fase-de-la-renovacion-del-mercado-del-ensanche-que-mejorara-la-climatizacion-y-las-acometidas-electricas\/#article","isPartOf":{"@id":"https:\/\/www.laguiadepamplona.com\/actualidad\/comiruna-licita-la-segunda-fase-de-la-renovacion-del-mercado-del-ensanche-que-mejorara-la-climatizacion-y-las-acometidas-electricas\/"},"author":{"name":"La Gu\u00eda de Pamplona","@id":"https:\/\/www.laguiadepamplona.com\/actualidad\/#\/schema\/person\/efe887376f0213d4657c93adc50b1fdb"},"headline":"Comiru\u00f1a licita la segunda fase de la renovaci\u00f3n del Mercado del Ensanche, que mejorar\u00e1 la climatizaci\u00f3n y las acometidas el\u00e9ctricas","datePublished":"2022-04-01T15:12:50+00:00","dateModified":"2023-04-11T09:48:20+00:00","mainEntityOfPage":{"@id":"https:\/\/www.laguiadepamplona.com\/actualidad\/comiruna-licita-la-segunda-fase-de-la-renovacion-del-mercado-del-ensanche-que-mejorara-la-climatizacion-y-las-acometidas-electricas\/"},"wordCount":837,"commentCount":0,"publisher":{"@id":"https:\/\/www.laguiadepamplona.com\/actualidad\/#organization"},"image":{"@id":"https:\/\/www.laguiadepamplona.com\/actualidad\/comiruna-licita-la-segunda-fase-de-la-renovacion-del-mercado-del-ensanche-que-mejorara-la-climatizacion-y-las-acometidas-electricas\/#primaryimage"},"thumbnailUrl":"https:\/\/www.laguiadepamplona.com\/actualidad\/wp-content\/uploads\/2022\/04\/Mercado_interior_Ensanche-w.jpg","articleSection":["Ayto Pamplona"],"inLanguage":"es","potentialAction":[{"@type":"CommentAction","name":"Comment","target":["https:\/\/www.laguiadepamplona.com\/actualidad\/comiruna-licita-la-segunda-fase-de-la-renovacion-del-mercado-del-ensanche-que-mejorara-la-climatizacion-y-las-acometidas-electricas\/#respond"]}]},{"@type":"WebPage","@id":"https:\/\/www.laguiadepamplona.com\/actualidad\/comiruna-licita-la-segunda-fase-de-la-renovacion-del-mercado-del-ensanche-que-mejorara-la-climatizacion-y-las-acometidas-electricas\/","url":"https:\/\/www.laguiadepamplona.com\/actualidad\/comiruna-licita-la-segunda-fase-de-la-renovacion-del-mercado-del-ensanche-que-mejorara-la-climatizacion-y-las-acometidas-electricas\/","name":"Comiru\u00f1a licita la segunda fase de la renovaci\u00f3n del Mercado del Ensanche, que mejorar\u00e1 la climatizaci\u00f3n y las acometidas el\u00e9ctricas","isPartOf":{"@id":"https:\/\/www.laguiadepamplona.com\/actualidad\/#website"},"primaryImageOfPage":{"@id":"https:\/\/www.laguiadepamplona.com\/actualidad\/comiruna-licita-la-segunda-fase-de-la-renovacion-del-mercado-del-ensanche-que-mejorara-la-climatizacion-y-las-acometidas-electricas\/#primaryimage"},"image":{"@id":"https:\/\/www.laguiadepamplona.com\/actualidad\/comiruna-licita-la-segunda-fase-de-la-renovacion-del-mercado-del-ensanche-que-mejorara-la-climatizacion-y-las-acometidas-electricas\/#primaryimage"},"thumbnailUrl":"https:\/\/www.laguiadepamplona.com\/actualidad\/wp-content\/uploads\/2022\/04\/Mercado_interior_Ensanche-w.jpg","datePublished":"2022-04-01T15:12:50+00:00","dateModified":"2023-04-11T09:48:20+00:00","description":"Con un importe total de 866.244,41 euros, las propuestas se pueden presentar en el portal de contrataci\u00f3n antes del 25 de abril","breadcrumb":{"@id":"https:\/\/www.laguiadepamplona.com\/actualidad\/comiruna-licita-la-segunda-fase-de-la-renovacion-del-mercado-del-ensanche-que-mejorara-la-climatizacion-y-las-acometidas-electricas\/#breadcrumb"},"inLanguage":"es","potentialAction":[{"@type":"ReadAction","target":["https:\/\/www.laguiadepamplona.com\/actualidad\/comiruna-licita-la-segunda-fase-de-la-renovacion-del-mercado-del-ensanche-que-mejorara-la-climatizacion-y-las-acometidas-electricas\/"]}]},{"@type":"ImageObject","inLanguage":"es","@id":"https:\/\/www.laguiadepamplona.com\/actualidad\/comiruna-licita-la-segunda-fase-de-la-renovacion-del-mercado-del-ensanche-que-mejorara-la-climatizacion-y-las-acometidas-electricas\/#primaryimage","url":"https:\/\/www.laguiadepamplona.com\/actualidad\/wp-content\/uploads\/2022\/04\/Mercado_interior_Ensanche-w.jpg","contentUrl":"https:\/\/www.laguiadepamplona.com\/actualidad\/wp-content\/uploads\/2022\/04\/Mercado_interior_Ensanche-w.jpg","width":1920,"height":1282},{"@type":"BreadcrumbList","@id":"https:\/\/www.laguiadepamplona.com\/actualidad\/comiruna-licita-la-segunda-fase-de-la-renovacion-del-mercado-del-ensanche-que-mejorara-la-climatizacion-y-las-acometidas-electricas\/#breadcrumb","itemListElement":[{"@type":"ListItem","position":1,"name":"Portada","item":"https:\/\/www.laguiadepamplona.com\/actualidad\/"},{"@type":"ListItem","position":2,"name":"Comiru\u00f1a licita la segunda fase de la renovaci\u00f3n del Mercado del Ensanche, que mejorar\u00e1 la climatizaci\u00f3n y las acometidas el\u00e9ctricas"}]},{"@type":"WebSite","@id":"https:\/\/www.laguiadepamplona.com\/actualidad\/#website","url":"https:\/\/www.laguiadepamplona.com\/actualidad\/","name":"La gu\u00eda de Pamplona","description":"Noticias de Pamplona","publisher":{"@id":"https:\/\/www.laguiadepamplona.com\/actualidad\/#organization"},"potentialAction":[{"@type":"SearchAction","target":{"@type":"EntryPoint","urlTemplate":"https:\/\/www.laguiadepamplona.com\/actualidad\/?s={search_term_string}"},"query-input":{"@type":"PropertyValueSpecification","valueRequired":true,"valueName":"search_term_string"}}],"inLanguage":"es"},{"@type":"Organization","@id":"https:\/\/www.laguiadepamplona.com\/actualidad\/#organization","name":"La Gu\u00eda de Pamplona \/ Noticias","url":"https:\/\/www.laguiadepamplona.com\/actualidad\/","logo":{"@type":"ImageObject","inLanguage":"es","@id":"https:\/\/www.laguiadepamplona.com\/actualidad\/#\/schema\/logo\/image\/","url":"https:\/\/www.laguiadepamplona.com\/actualidad\/wp-content\/uploads\/2018\/11\/logo-laguiadepamplona18-web1.png","contentUrl":"https:\/\/www.laguiadepamplona.com\/actualidad\/wp-content\/uploads\/2018\/11\/logo-laguiadepamplona18-web1.png","width":600,"height":196,"caption":"La Gu\u00eda de Pamplona \/ Noticias"},"image":{"@id":"https:\/\/www.laguiadepamplona.com\/actualidad\/#\/schema\/logo\/image\/"},"sameAs":["https:\/\/www.facebook.com\/laguiadepamplonacom-133175176762273\/?ref=hl","https:\/\/x.com\/LaGuiadPamplona","https:\/\/www.instagram.com\/la_guia_de_pamplona\/","https:\/\/www.youtube.com\/user\/laguiadepamplona"]},{"@type":"Person","@id":"https:\/\/www.laguiadepamplona.com\/actualidad\/#\/schema\/person\/efe887376f0213d4657c93adc50b1fdb","name":"La Gu\u00eda de Pamplona","image":{"@type":"ImageObject","inLanguage":"es","@id":"https:\/\/secure.gravatar.com\/avatar\/b6992f131dc8d30ab0dff15446e9d346d9dbd95992de0fef795073f5ea83a81c?s=96&d=mm&r=g","url":"https:\/\/secure.gravatar.com\/avatar\/b6992f131dc8d30ab0dff15446e9d346d9dbd95992de0fef795073f5ea83a81c?s=96&d=mm&r=g","contentUrl":"https:\/\/secure.gravatar.com\/avatar\/b6992f131dc8d30ab0dff15446e9d346d9dbd95992de0fef795073f5ea83a81c?s=96&d=mm&r=g","caption":"La Gu\u00eda de Pamplona"}}]}},"post_mailing_queue_ids":[],"_links":{"self":[{"href":"https:\/\/www.laguiadepamplona.com\/actualidad\/wp-json\/wp\/v2\/posts\/39816","targetHints":{"allow":["GET"]}}],"collection":[{"href":"https:\/\/www.laguiadepamplona.com\/actualidad\/wp-json\/wp\/v2\/posts"}],"about":[{"href":"https:\/\/www.laguiadepamplona.com\/actualidad\/wp-json\/wp\/v2\/types\/post"}],"author":[{"embeddable":true,"href":"https:\/\/www.laguiadepamplona.com\/actualidad\/wp-json\/wp\/v2\/users\/1"}],"replies":[{"embeddable":true,"href":"https:\/\/www.laguiadepamplona.com\/actualidad\/wp-json\/wp\/v2\/comments?post=39816"}],"version-history":[{"count":0,"href":"https:\/\/www.laguiadepamplona.com\/actualidad\/wp-json\/wp\/v2\/posts\/39816\/revisions"}],"wp:featuredmedia":[{"embeddable":true,"href":"https:\/\/www.laguiadepamplona.com\/actualidad\/wp-json\/wp\/v2\/media\/39817"}],"wp:attachment":[{"href":"https:\/\/www.laguiadepamplona.com\/actualidad\/wp-json\/wp\/v2\/media?parent=39816"}],"wp:term":[{"taxonomy":"category","embeddable":true,"href":"https:\/\/www.laguiadepamplona.com\/actualidad\/wp-json\/wp\/v2\/categories?post=39816"},{"taxonomy":"post_tag","embeddable":true,"href":"https:\/\/www.laguiadepamplona.com\/actualidad\/wp-json\/wp\/v2\/tags?post=39816"}],"curies":[{"name":"wp","href":"https:\/\/api.w.org\/{rel}","templated":true}]}}