{"id":39813,"date":"2022-04-01T13:06:02","date_gmt":"2022-04-01T11:06:02","guid":{"rendered":"https:\/\/www.laguiadepamplona.com\/actualidad\/?p=39813"},"modified":"2023-04-11T11:48:20","modified_gmt":"2023-04-11T09:48:20","slug":"el-comite-2030-conocera-en-su-reunion-del-lunes-la-propuesta-de-pacto-local-por-el-desarrollo-de-la-agenda-urbana-de-pamplona","status":"publish","type":"post","link":"https:\/\/www.laguiadepamplona.com\/actualidad\/el-comite-2030-conocera-en-su-reunion-del-lunes-la-propuesta-de-pacto-local-por-el-desarrollo-de-la-agenda-urbana-de-pamplona\/","title":{"rendered":"El Comit\u00e9 2030 conocer\u00e1 en su reuni\u00f3n del lunes la propuesta de Pacto Local por el Desarrollo de la Agenda Urbana de Pamplona"},"content":{"rendered":"<h5>Ayuntamiento, Gobierno foral, universidades, asociaciones de comerciantes y vecinos y otra veintena de entidades forman parte de ese Comit\u00e9 2030<\/h5>\n<p><!--more--><\/p>\n<p>Este <strong><u>pr\u00f3ximo lunes 4 de abril, a las 13 horas<\/u><\/strong>, se re\u00fane el <strong><u>Comit\u00e9 2030 de la Agenda Urbana de Pamplona en el edificio de los ascensores de Descalzos (c\/ Descalzos 56, 2\u00aa planta)<\/u><\/strong>. La sesi\u00f3n estar\u00e1 presidida por el alcalde de Pamplona, Enrique Maya, y contar\u00e1 con la participaci\u00f3n de m\u00e1s de una treintena de entidades y asociaciones. Durante la reuni\u00f3n, se presentar\u00e1 a los asistentes la propuesta de Pacto Local por el Desarrollo de la Agenda Urbana de Pamplona. <strong><u>Los medios gr\u00e1ficos podr\u00e1n tomar im\u00e1genes al inicio de la reuni\u00f3n.<\/u><\/strong><\/p>\n<p>El Ayuntamiento de Pamplona lleva liderando desde 2018 el dise\u00f1o y la elaboraci\u00f3n de la Estrategia 2030 \u2013 Agenda Urbana de Pamplona, una estrategia de ciudad a largo plazo que asume y tiene en cuenta los Objetivos de Desarrollo Sostenible (ODS) de la Agenda 2030 de Naciones Unidas. Siendo el consenso uno de los pilares fundamentales en su elaboraci\u00f3n, se considera necesario impulsar un Pacto Local por el Desarrollo de la Agenda Urbana de Pamplona es un documento que refleja la voluntad y el compromiso de todos los agentes involucrados para con la misi\u00f3n, visi\u00f3n y valores, as\u00ed como los objetivos estrat\u00e9gicos de la Estrategia 2030, y la disposici\u00f3n a colaborar en el desarrollo de los proyectos que contribuyan a acercar un poco m\u00e1s a Pamplona al modelo de ciudad que se quiere en 2030.<br \/>\n<script async src=\"\/\/pagead2.googlesyndication.com\/pagead\/js\/adsbygoogle.js\"><\/script><br \/>\n<!-- Noticias La Guia de Pamplona --><br \/>\n<ins class=\"adsbygoogle\"\nstyle=\"display:block\"\ndata-ad-client=\"ca-pub-6943679897239327\"\ndata-ad-slot=\"7048180777\"\ndata-ad-format=\"auto\"><\/ins><br \/>\n<script>\n(adsbygoogle = window.adsbygoogle || []).push({});\n<\/script><\/p>\n<p>En ese Pacto Local por el Desarrollo de la Agenda Urbana de Pamplona las entidades firmantes se comprometen a participar en el dise\u00f1o, seguimiento, evaluaci\u00f3n y revisi\u00f3n de esa Agenda; a colaborar de manera decidida y proactiva en el desarrollo de los proyectos estrat\u00e9gicos definidos; o en la b\u00fasqueda recursos y financiaci\u00f3n para poder ejecutarlos. Asimismo, las entidades firmantes se comprometen a hacer propios los valores horizontales de la Agenda Urbana de Pamplona (igualdad, participaci\u00f3n, ecolog\u00eda, accesibilidad universal, inclusi\u00f3n, convivencia y perspectiva de edad).<\/p>\n<p>El Comit\u00e9 2030 re\u00fane a los principales agentes p\u00fablicos y privados de Pamplona, involucrados en la Estrategia 2030 &#8211; Agenda Urbana de Pamplona. Est\u00e1n invitados al encuentro los grupos municipales del Ayuntamiento de Pamplona, personal t\u00e9cnico municipal, Gobierno de Navarra, Mancomunidad de la Comarca de Pamplona, FNMC, CEN, UGT, CCOO, LAB, ELA, C\u00e1mara de Comercio, AIN, SODENA, REAS, AEHNA; ANAPEH, asociaciones de comerciantes, ANEL, CEIN, NICDO, Coordinadora de ONGD, Cermin, ONCE, Consumidores Irache, UPNA; Universidad de Navarra, UNED, Federaci\u00f3n de Pe\u00f1as o asociaciones de vecinos y vecinas.<br \/>\n<script async src=\"\/\/pagead2.googlesyndication.com\/pagead\/js\/adsbygoogle.js\"><\/script><br \/>\n<!-- Noticias La Guia de Pamplona --><br \/>\n<ins class=\"adsbygoogle\"\nstyle=\"display:block\"\ndata-ad-client=\"ca-pub-6943679897239327\"\ndata-ad-slot=\"7048180777\"\ndata-ad-format=\"auto\"><\/ins><br \/>\n<script>\n(adsbygoogle = window.adsbygoogle || []).push({});\n<\/script><\/p>\n<p><strong>57 proyectos estrat\u00e9gicos<\/strong><\/p>\n<p>El marco estrat\u00e9gico de la Agenda Urbana de Pamplona se aprob\u00f3 por unanimidad en Pleno el 15 de abril de 2021. Incluye 29 objetivos divididos en cinco grandes dimensiones: cambio clim\u00e1tico y sostenibilidad ambiental; inclusi\u00f3n social y equilibrio entre barrios; gesti\u00f3n p\u00fablica innovadora; cultura y turismo; y econom\u00eda del conocimiento e innovaci\u00f3n. Esta estrategia ha sido elaborada con un enfoque transversal, multisectorial y multinivel, con la implicaci\u00f3n de unos 100 agentes clave de la ciudad y la participaci\u00f3n de m\u00e1s de 1.000 personas.<\/p>\n<p>Para el proceso de elaboraci\u00f3n y dise\u00f1o de la Estrategia 2030 \u2013 Agenda Urbana de Pamplona se ha definido un modelo de gobernanza para incluir todos los puntos de vista, favorecer el consenso y fomentar la corresponsabilidad de todos los agentes. Junto al Comit\u00e9 2030, dentro de este modelo existen diversos espacios dirigidos a determinados agentes, como la Ponencia 2030, donde est\u00e1n representados todos los grupos municipales, o el Foro 2030, un espacio abierto de participaci\u00f3n ciudadana.<br \/>\n<script async src=\"\/\/pagead2.googlesyndication.com\/pagead\/js\/adsbygoogle.js\"><\/script><br \/>\n<!-- Noticias La Guia de Pamplona --><br \/>\n<ins class=\"adsbygoogle\"\nstyle=\"display:block\"\ndata-ad-client=\"ca-pub-6943679897239327\"\ndata-ad-slot=\"7048180777\"\ndata-ad-format=\"auto\"><\/ins><br \/>\n<script>\n(adsbygoogle = window.adsbygoogle || []).push({});\n<\/script><\/p>\n<p>La consecuci\u00f3n de los objetivos estrat\u00e9gicos de la Agenda Urbana de Pamplona incluye una bater\u00eda de 57 proyectos estrat\u00e9gicos, resultado de un proceso de participaci\u00f3n a trav\u00e9s de una convocatoria p\u00fablica de propuesta de ideas. El Pleno del Ayuntamiento de Pamplona aprob\u00f3 la inclusi\u00f3n de esos 57 proyectos el pasado 16 de diciembre de 2021. Adem\u00e1s, Pamplona ha obtenido ayuda europea de los fondos Next Generation para el dise\u00f1o de planes de acci\u00f3n locales en el marco del Plan de Recuperaci\u00f3n, Transformaci\u00f3n y Resiliencia (PRTR).<\/p>\n","protected":false},"excerpt":{"rendered":"<p>Ayuntamiento, Gobierno foral, universidades, asociaciones de comerciantes y vecinos y otra veintena de entidades forman parte de ese Comit\u00e9 2030<\/p>\n","protected":false},"author":1,"featured_media":39814,"comment_status":"open","ping_status":"closed","sticky":false,"template":"","format":"standard","meta":{"footnotes":""},"categories":[2],"tags":[],"class_list":["post-39813","post","type-post","status-publish","format-standard","has-post-thumbnail","hentry","category-ayuntamiento-pamplona"],"yoast_head":"<!-- This site is optimized with the Yoast SEO plugin v27.5 - https:\/\/yoast.com\/product\/yoast-seo-wordpress\/ -->\n<title>El Comit\u00e9 2030 conocer\u00e1 en su reuni\u00f3n del lunes la propuesta de Pacto Local por el Desarrollo de la Agenda Urbana de Pamplona<\/title>\n<meta name=\"description\" content=\"Ayuntamiento, Gobierno foral, universidades, asociaciones de comerciantes y vecinos y otra veintena de entidades forman parte de ese Comit\u00e9 2030\" \/>\n<meta name=\"robots\" content=\"index, follow, max-snippet:-1, max-image-preview:large, max-video-preview:-1\" \/>\n<link rel=\"canonical\" href=\"https:\/\/www.laguiadepamplona.com\/actualidad\/el-comite-2030-conocera-en-su-reunion-del-lunes-la-propuesta-de-pacto-local-por-el-desarrollo-de-la-agenda-urbana-de-pamplona\/\" \/>\n<meta property=\"og:locale\" content=\"es_ES\" \/>\n<meta property=\"og:type\" content=\"article\" \/>\n<meta property=\"og:title\" content=\"El Comit\u00e9 2030 conocer\u00e1 en su reuni\u00f3n del lunes la propuesta de Pacto Local por el Desarrollo de la Agenda Urbana de Pamplona\" \/>\n<meta property=\"og:description\" content=\"Ayuntamiento, Gobierno foral, universidades, asociaciones de comerciantes y vecinos y otra veintena de entidades forman parte de ese Comit\u00e9 2030\" \/>\n<meta property=\"og:url\" content=\"https:\/\/www.laguiadepamplona.com\/actualidad\/el-comite-2030-conocera-en-su-reunion-del-lunes-la-propuesta-de-pacto-local-por-el-desarrollo-de-la-agenda-urbana-de-pamplona\/\" \/>\n<meta property=\"og:site_name\" content=\"La Gu\u00eda de Pamplona\" \/>\n<meta property=\"article:publisher\" content=\"https:\/\/www.facebook.com\/laguiadepamplonacom-133175176762273\/?ref=hl\" \/>\n<meta property=\"article:published_time\" content=\"2022-04-01T11:06:02+00:00\" \/>\n<meta property=\"article:modified_time\" content=\"2023-04-11T09:48:20+00:00\" \/>\n<meta property=\"og:image\" content=\"https:\/\/www.laguiadepamplona.com\/actualidad\/wp-content\/uploads\/2022\/04\/lezkairu_parque_alfredo_landa.jpg\" \/>\n\t<meta property=\"og:image:width\" content=\"1920\" \/>\n\t<meta property=\"og:image:height\" content=\"1280\" \/>\n\t<meta property=\"og:image:type\" content=\"image\/jpeg\" \/>\n<meta name=\"author\" content=\"La Gu\u00eda de Pamplona\" \/>\n<meta name=\"twitter:card\" content=\"summary_large_image\" \/>\n<meta name=\"twitter:creator\" content=\"@LaGuiadPamplona\" \/>\n<meta name=\"twitter:site\" content=\"@LaGuiadPamplona\" \/>\n<meta name=\"twitter:label1\" content=\"Escrito por\" \/>\n\t<meta name=\"twitter:data1\" content=\"La Gu\u00eda de Pamplona\" \/>\n\t<meta name=\"twitter:label2\" content=\"Tiempo de lectura\" \/>\n\t<meta name=\"twitter:data2\" content=\"4 minutos\" \/>\n<script type=\"application\/ld+json\" class=\"yoast-schema-graph\">{\"@context\":\"https:\\\/\\\/schema.org\",\"@graph\":[{\"@type\":\"Article\",\"@id\":\"https:\\\/\\\/www.laguiadepamplona.com\\\/actualidad\\\/el-comite-2030-conocera-en-su-reunion-del-lunes-la-propuesta-de-pacto-local-por-el-desarrollo-de-la-agenda-urbana-de-pamplona\\\/#article\",\"isPartOf\":{\"@id\":\"https:\\\/\\\/www.laguiadepamplona.com\\\/actualidad\\\/el-comite-2030-conocera-en-su-reunion-del-lunes-la-propuesta-de-pacto-local-por-el-desarrollo-de-la-agenda-urbana-de-pamplona\\\/\"},\"author\":{\"name\":\"La Gu\u00eda de Pamplona\",\"@id\":\"https:\\\/\\\/www.laguiadepamplona.com\\\/actualidad\\\/#\\\/schema\\\/person\\\/efe887376f0213d4657c93adc50b1fdb\"},\"headline\":\"El Comit\u00e9 2030 conocer\u00e1 en su reuni\u00f3n del lunes la propuesta de Pacto Local por el Desarrollo de la Agenda Urbana de Pamplona\",\"datePublished\":\"2022-04-01T11:06:02+00:00\",\"dateModified\":\"2023-04-11T09:48:20+00:00\",\"mainEntityOfPage\":{\"@id\":\"https:\\\/\\\/www.laguiadepamplona.com\\\/actualidad\\\/el-comite-2030-conocera-en-su-reunion-del-lunes-la-propuesta-de-pacto-local-por-el-desarrollo-de-la-agenda-urbana-de-pamplona\\\/\"},\"wordCount\":722,\"commentCount\":0,\"publisher\":{\"@id\":\"https:\\\/\\\/www.laguiadepamplona.com\\\/actualidad\\\/#organization\"},\"image\":{\"@id\":\"https:\\\/\\\/www.laguiadepamplona.com\\\/actualidad\\\/el-comite-2030-conocera-en-su-reunion-del-lunes-la-propuesta-de-pacto-local-por-el-desarrollo-de-la-agenda-urbana-de-pamplona\\\/#primaryimage\"},\"thumbnailUrl\":\"https:\\\/\\\/www.laguiadepamplona.com\\\/actualidad\\\/wp-content\\\/uploads\\\/2022\\\/04\\\/lezkairu_parque_alfredo_landa.jpg\",\"articleSection\":[\"Ayto Pamplona\"],\"inLanguage\":\"es\",\"potentialAction\":[{\"@type\":\"CommentAction\",\"name\":\"Comment\",\"target\":[\"https:\\\/\\\/www.laguiadepamplona.com\\\/actualidad\\\/el-comite-2030-conocera-en-su-reunion-del-lunes-la-propuesta-de-pacto-local-por-el-desarrollo-de-la-agenda-urbana-de-pamplona\\\/#respond\"]}]},{\"@type\":\"WebPage\",\"@id\":\"https:\\\/\\\/www.laguiadepamplona.com\\\/actualidad\\\/el-comite-2030-conocera-en-su-reunion-del-lunes-la-propuesta-de-pacto-local-por-el-desarrollo-de-la-agenda-urbana-de-pamplona\\\/\",\"url\":\"https:\\\/\\\/www.laguiadepamplona.com\\\/actualidad\\\/el-comite-2030-conocera-en-su-reunion-del-lunes-la-propuesta-de-pacto-local-por-el-desarrollo-de-la-agenda-urbana-de-pamplona\\\/\",\"name\":\"El Comit\u00e9 2030 conocer\u00e1 en su reuni\u00f3n del lunes la propuesta de Pacto Local por el Desarrollo de la Agenda Urbana de Pamplona\",\"isPartOf\":{\"@id\":\"https:\\\/\\\/www.laguiadepamplona.com\\\/actualidad\\\/#website\"},\"primaryImageOfPage\":{\"@id\":\"https:\\\/\\\/www.laguiadepamplona.com\\\/actualidad\\\/el-comite-2030-conocera-en-su-reunion-del-lunes-la-propuesta-de-pacto-local-por-el-desarrollo-de-la-agenda-urbana-de-pamplona\\\/#primaryimage\"},\"image\":{\"@id\":\"https:\\\/\\\/www.laguiadepamplona.com\\\/actualidad\\\/el-comite-2030-conocera-en-su-reunion-del-lunes-la-propuesta-de-pacto-local-por-el-desarrollo-de-la-agenda-urbana-de-pamplona\\\/#primaryimage\"},\"thumbnailUrl\":\"https:\\\/\\\/www.laguiadepamplona.com\\\/actualidad\\\/wp-content\\\/uploads\\\/2022\\\/04\\\/lezkairu_parque_alfredo_landa.jpg\",\"datePublished\":\"2022-04-01T11:06:02+00:00\",\"dateModified\":\"2023-04-11T09:48:20+00:00\",\"description\":\"Ayuntamiento, Gobierno foral, universidades, asociaciones de comerciantes y vecinos y otra veintena de entidades forman parte de ese Comit\u00e9 2030\",\"breadcrumb\":{\"@id\":\"https:\\\/\\\/www.laguiadepamplona.com\\\/actualidad\\\/el-comite-2030-conocera-en-su-reunion-del-lunes-la-propuesta-de-pacto-local-por-el-desarrollo-de-la-agenda-urbana-de-pamplona\\\/#breadcrumb\"},\"inLanguage\":\"es\",\"potentialAction\":[{\"@type\":\"ReadAction\",\"target\":[\"https:\\\/\\\/www.laguiadepamplona.com\\\/actualidad\\\/el-comite-2030-conocera-en-su-reunion-del-lunes-la-propuesta-de-pacto-local-por-el-desarrollo-de-la-agenda-urbana-de-pamplona\\\/\"]}]},{\"@type\":\"ImageObject\",\"inLanguage\":\"es\",\"@id\":\"https:\\\/\\\/www.laguiadepamplona.com\\\/actualidad\\\/el-comite-2030-conocera-en-su-reunion-del-lunes-la-propuesta-de-pacto-local-por-el-desarrollo-de-la-agenda-urbana-de-pamplona\\\/#primaryimage\",\"url\":\"https:\\\/\\\/www.laguiadepamplona.com\\\/actualidad\\\/wp-content\\\/uploads\\\/2022\\\/04\\\/lezkairu_parque_alfredo_landa.jpg\",\"contentUrl\":\"https:\\\/\\\/www.laguiadepamplona.com\\\/actualidad\\\/wp-content\\\/uploads\\\/2022\\\/04\\\/lezkairu_parque_alfredo_landa.jpg\",\"width\":1920,\"height\":1280,\"caption\":\"A* Jes\u00c3\u00bas Garzaron F* 2020_11_20 T* Barrios de Pamplona L* Lezkairu\"},{\"@type\":\"BreadcrumbList\",\"@id\":\"https:\\\/\\\/www.laguiadepamplona.com\\\/actualidad\\\/el-comite-2030-conocera-en-su-reunion-del-lunes-la-propuesta-de-pacto-local-por-el-desarrollo-de-la-agenda-urbana-de-pamplona\\\/#breadcrumb\",\"itemListElement\":[{\"@type\":\"ListItem\",\"position\":1,\"name\":\"Portada\",\"item\":\"https:\\\/\\\/www.laguiadepamplona.com\\\/actualidad\\\/\"},{\"@type\":\"ListItem\",\"position\":2,\"name\":\"El Comit\u00e9 2030 conocer\u00e1 en su reuni\u00f3n del lunes la propuesta de Pacto Local por el Desarrollo de la Agenda Urbana de Pamplona\"}]},{\"@type\":\"WebSite\",\"@id\":\"https:\\\/\\\/www.laguiadepamplona.com\\\/actualidad\\\/#website\",\"url\":\"https:\\\/\\\/www.laguiadepamplona.com\\\/actualidad\\\/\",\"name\":\"La gu\u00eda de Pamplona\",\"description\":\"Noticias de Pamplona\",\"publisher\":{\"@id\":\"https:\\\/\\\/www.laguiadepamplona.com\\\/actualidad\\\/#organization\"},\"potentialAction\":[{\"@type\":\"SearchAction\",\"target\":{\"@type\":\"EntryPoint\",\"urlTemplate\":\"https:\\\/\\\/www.laguiadepamplona.com\\\/actualidad\\\/?s={search_term_string}\"},\"query-input\":{\"@type\":\"PropertyValueSpecification\",\"valueRequired\":true,\"valueName\":\"search_term_string\"}}],\"inLanguage\":\"es\"},{\"@type\":\"Organization\",\"@id\":\"https:\\\/\\\/www.laguiadepamplona.com\\\/actualidad\\\/#organization\",\"name\":\"La Gu\u00eda de Pamplona \\\/ Noticias\",\"url\":\"https:\\\/\\\/www.laguiadepamplona.com\\\/actualidad\\\/\",\"logo\":{\"@type\":\"ImageObject\",\"inLanguage\":\"es\",\"@id\":\"https:\\\/\\\/www.laguiadepamplona.com\\\/actualidad\\\/#\\\/schema\\\/logo\\\/image\\\/\",\"url\":\"https:\\\/\\\/www.laguiadepamplona.com\\\/actualidad\\\/wp-content\\\/uploads\\\/2018\\\/11\\\/logo-laguiadepamplona18-web1.png\",\"contentUrl\":\"https:\\\/\\\/www.laguiadepamplona.com\\\/actualidad\\\/wp-content\\\/uploads\\\/2018\\\/11\\\/logo-laguiadepamplona18-web1.png\",\"width\":600,\"height\":196,\"caption\":\"La Gu\u00eda de Pamplona \\\/ Noticias\"},\"image\":{\"@id\":\"https:\\\/\\\/www.laguiadepamplona.com\\\/actualidad\\\/#\\\/schema\\\/logo\\\/image\\\/\"},\"sameAs\":[\"https:\\\/\\\/www.facebook.com\\\/laguiadepamplonacom-133175176762273\\\/?ref=hl\",\"https:\\\/\\\/x.com\\\/LaGuiadPamplona\",\"https:\\\/\\\/www.instagram.com\\\/la_guia_de_pamplona\\\/\",\"https:\\\/\\\/www.youtube.com\\\/user\\\/laguiadepamplona\"]},{\"@type\":\"Person\",\"@id\":\"https:\\\/\\\/www.laguiadepamplona.com\\\/actualidad\\\/#\\\/schema\\\/person\\\/efe887376f0213d4657c93adc50b1fdb\",\"name\":\"La Gu\u00eda de Pamplona\",\"image\":{\"@type\":\"ImageObject\",\"inLanguage\":\"es\",\"@id\":\"https:\\\/\\\/secure.gravatar.com\\\/avatar\\\/b6992f131dc8d30ab0dff15446e9d346d9dbd95992de0fef795073f5ea83a81c?s=96&d=mm&r=g\",\"url\":\"https:\\\/\\\/secure.gravatar.com\\\/avatar\\\/b6992f131dc8d30ab0dff15446e9d346d9dbd95992de0fef795073f5ea83a81c?s=96&d=mm&r=g\",\"contentUrl\":\"https:\\\/\\\/secure.gravatar.com\\\/avatar\\\/b6992f131dc8d30ab0dff15446e9d346d9dbd95992de0fef795073f5ea83a81c?s=96&d=mm&r=g\",\"caption\":\"La Gu\u00eda de Pamplona\"}}]}<\/script>\n<!-- \/ Yoast SEO plugin. -->","yoast_head_json":{"title":"El Comit\u00e9 2030 conocer\u00e1 en su reuni\u00f3n del lunes la propuesta de Pacto Local por el Desarrollo de la Agenda Urbana de Pamplona","description":"Ayuntamiento, Gobierno foral, universidades, asociaciones de comerciantes y vecinos y otra veintena de entidades forman parte de ese Comit\u00e9 2030","robots":{"index":"index","follow":"follow","max-snippet":"max-snippet:-1","max-image-preview":"max-image-preview:large","max-video-preview":"max-video-preview:-1"},"canonical":"https:\/\/www.laguiadepamplona.com\/actualidad\/el-comite-2030-conocera-en-su-reunion-del-lunes-la-propuesta-de-pacto-local-por-el-desarrollo-de-la-agenda-urbana-de-pamplona\/","og_locale":"es_ES","og_type":"article","og_title":"El Comit\u00e9 2030 conocer\u00e1 en su reuni\u00f3n del lunes la propuesta de Pacto Local por el Desarrollo de la Agenda Urbana de Pamplona","og_description":"Ayuntamiento, Gobierno foral, universidades, asociaciones de comerciantes y vecinos y otra veintena de entidades forman parte de ese Comit\u00e9 2030","og_url":"https:\/\/www.laguiadepamplona.com\/actualidad\/el-comite-2030-conocera-en-su-reunion-del-lunes-la-propuesta-de-pacto-local-por-el-desarrollo-de-la-agenda-urbana-de-pamplona\/","og_site_name":"La Gu\u00eda de Pamplona","article_publisher":"https:\/\/www.facebook.com\/laguiadepamplonacom-133175176762273\/?ref=hl","article_published_time":"2022-04-01T11:06:02+00:00","article_modified_time":"2023-04-11T09:48:20+00:00","og_image":[{"width":1920,"height":1280,"url":"https:\/\/www.laguiadepamplona.com\/actualidad\/wp-content\/uploads\/2022\/04\/lezkairu_parque_alfredo_landa.jpg","type":"image\/jpeg"}],"author":"La Gu\u00eda de Pamplona","twitter_card":"summary_large_image","twitter_creator":"@LaGuiadPamplona","twitter_site":"@LaGuiadPamplona","twitter_misc":{"Escrito por":"La Gu\u00eda de Pamplona","Tiempo de lectura":"4 minutos"},"schema":{"@context":"https:\/\/schema.org","@graph":[{"@type":"Article","@id":"https:\/\/www.laguiadepamplona.com\/actualidad\/el-comite-2030-conocera-en-su-reunion-del-lunes-la-propuesta-de-pacto-local-por-el-desarrollo-de-la-agenda-urbana-de-pamplona\/#article","isPartOf":{"@id":"https:\/\/www.laguiadepamplona.com\/actualidad\/el-comite-2030-conocera-en-su-reunion-del-lunes-la-propuesta-de-pacto-local-por-el-desarrollo-de-la-agenda-urbana-de-pamplona\/"},"author":{"name":"La Gu\u00eda de Pamplona","@id":"https:\/\/www.laguiadepamplona.com\/actualidad\/#\/schema\/person\/efe887376f0213d4657c93adc50b1fdb"},"headline":"El Comit\u00e9 2030 conocer\u00e1 en su reuni\u00f3n del lunes la propuesta de Pacto Local por el Desarrollo de la Agenda Urbana de Pamplona","datePublished":"2022-04-01T11:06:02+00:00","dateModified":"2023-04-11T09:48:20+00:00","mainEntityOfPage":{"@id":"https:\/\/www.laguiadepamplona.com\/actualidad\/el-comite-2030-conocera-en-su-reunion-del-lunes-la-propuesta-de-pacto-local-por-el-desarrollo-de-la-agenda-urbana-de-pamplona\/"},"wordCount":722,"commentCount":0,"publisher":{"@id":"https:\/\/www.laguiadepamplona.com\/actualidad\/#organization"},"image":{"@id":"https:\/\/www.laguiadepamplona.com\/actualidad\/el-comite-2030-conocera-en-su-reunion-del-lunes-la-propuesta-de-pacto-local-por-el-desarrollo-de-la-agenda-urbana-de-pamplona\/#primaryimage"},"thumbnailUrl":"https:\/\/www.laguiadepamplona.com\/actualidad\/wp-content\/uploads\/2022\/04\/lezkairu_parque_alfredo_landa.jpg","articleSection":["Ayto Pamplona"],"inLanguage":"es","potentialAction":[{"@type":"CommentAction","name":"Comment","target":["https:\/\/www.laguiadepamplona.com\/actualidad\/el-comite-2030-conocera-en-su-reunion-del-lunes-la-propuesta-de-pacto-local-por-el-desarrollo-de-la-agenda-urbana-de-pamplona\/#respond"]}]},{"@type":"WebPage","@id":"https:\/\/www.laguiadepamplona.com\/actualidad\/el-comite-2030-conocera-en-su-reunion-del-lunes-la-propuesta-de-pacto-local-por-el-desarrollo-de-la-agenda-urbana-de-pamplona\/","url":"https:\/\/www.laguiadepamplona.com\/actualidad\/el-comite-2030-conocera-en-su-reunion-del-lunes-la-propuesta-de-pacto-local-por-el-desarrollo-de-la-agenda-urbana-de-pamplona\/","name":"El Comit\u00e9 2030 conocer\u00e1 en su reuni\u00f3n del lunes la propuesta de Pacto Local por el Desarrollo de la Agenda Urbana de Pamplona","isPartOf":{"@id":"https:\/\/www.laguiadepamplona.com\/actualidad\/#website"},"primaryImageOfPage":{"@id":"https:\/\/www.laguiadepamplona.com\/actualidad\/el-comite-2030-conocera-en-su-reunion-del-lunes-la-propuesta-de-pacto-local-por-el-desarrollo-de-la-agenda-urbana-de-pamplona\/#primaryimage"},"image":{"@id":"https:\/\/www.laguiadepamplona.com\/actualidad\/el-comite-2030-conocera-en-su-reunion-del-lunes-la-propuesta-de-pacto-local-por-el-desarrollo-de-la-agenda-urbana-de-pamplona\/#primaryimage"},"thumbnailUrl":"https:\/\/www.laguiadepamplona.com\/actualidad\/wp-content\/uploads\/2022\/04\/lezkairu_parque_alfredo_landa.jpg","datePublished":"2022-04-01T11:06:02+00:00","dateModified":"2023-04-11T09:48:20+00:00","description":"Ayuntamiento, Gobierno foral, universidades, asociaciones de comerciantes y vecinos y otra veintena de entidades forman parte de ese Comit\u00e9 2030","breadcrumb":{"@id":"https:\/\/www.laguiadepamplona.com\/actualidad\/el-comite-2030-conocera-en-su-reunion-del-lunes-la-propuesta-de-pacto-local-por-el-desarrollo-de-la-agenda-urbana-de-pamplona\/#breadcrumb"},"inLanguage":"es","potentialAction":[{"@type":"ReadAction","target":["https:\/\/www.laguiadepamplona.com\/actualidad\/el-comite-2030-conocera-en-su-reunion-del-lunes-la-propuesta-de-pacto-local-por-el-desarrollo-de-la-agenda-urbana-de-pamplona\/"]}]},{"@type":"ImageObject","inLanguage":"es","@id":"https:\/\/www.laguiadepamplona.com\/actualidad\/el-comite-2030-conocera-en-su-reunion-del-lunes-la-propuesta-de-pacto-local-por-el-desarrollo-de-la-agenda-urbana-de-pamplona\/#primaryimage","url":"https:\/\/www.laguiadepamplona.com\/actualidad\/wp-content\/uploads\/2022\/04\/lezkairu_parque_alfredo_landa.jpg","contentUrl":"https:\/\/www.laguiadepamplona.com\/actualidad\/wp-content\/uploads\/2022\/04\/lezkairu_parque_alfredo_landa.jpg","width":1920,"height":1280,"caption":"A* Jes\u00c3\u00bas Garzaron F* 2020_11_20 T* Barrios de Pamplona L* Lezkairu"},{"@type":"BreadcrumbList","@id":"https:\/\/www.laguiadepamplona.com\/actualidad\/el-comite-2030-conocera-en-su-reunion-del-lunes-la-propuesta-de-pacto-local-por-el-desarrollo-de-la-agenda-urbana-de-pamplona\/#breadcrumb","itemListElement":[{"@type":"ListItem","position":1,"name":"Portada","item":"https:\/\/www.laguiadepamplona.com\/actualidad\/"},{"@type":"ListItem","position":2,"name":"El Comit\u00e9 2030 conocer\u00e1 en su reuni\u00f3n del lunes la propuesta de Pacto Local por el Desarrollo de la Agenda Urbana de Pamplona"}]},{"@type":"WebSite","@id":"https:\/\/www.laguiadepamplona.com\/actualidad\/#website","url":"https:\/\/www.laguiadepamplona.com\/actualidad\/","name":"La gu\u00eda de Pamplona","description":"Noticias de Pamplona","publisher":{"@id":"https:\/\/www.laguiadepamplona.com\/actualidad\/#organization"},"potentialAction":[{"@type":"SearchAction","target":{"@type":"EntryPoint","urlTemplate":"https:\/\/www.laguiadepamplona.com\/actualidad\/?s={search_term_string}"},"query-input":{"@type":"PropertyValueSpecification","valueRequired":true,"valueName":"search_term_string"}}],"inLanguage":"es"},{"@type":"Organization","@id":"https:\/\/www.laguiadepamplona.com\/actualidad\/#organization","name":"La Gu\u00eda de Pamplona \/ Noticias","url":"https:\/\/www.laguiadepamplona.com\/actualidad\/","logo":{"@type":"ImageObject","inLanguage":"es","@id":"https:\/\/www.laguiadepamplona.com\/actualidad\/#\/schema\/logo\/image\/","url":"https:\/\/www.laguiadepamplona.com\/actualidad\/wp-content\/uploads\/2018\/11\/logo-laguiadepamplona18-web1.png","contentUrl":"https:\/\/www.laguiadepamplona.com\/actualidad\/wp-content\/uploads\/2018\/11\/logo-laguiadepamplona18-web1.png","width":600,"height":196,"caption":"La Gu\u00eda de Pamplona \/ Noticias"},"image":{"@id":"https:\/\/www.laguiadepamplona.com\/actualidad\/#\/schema\/logo\/image\/"},"sameAs":["https:\/\/www.facebook.com\/laguiadepamplonacom-133175176762273\/?ref=hl","https:\/\/x.com\/LaGuiadPamplona","https:\/\/www.instagram.com\/la_guia_de_pamplona\/","https:\/\/www.youtube.com\/user\/laguiadepamplona"]},{"@type":"Person","@id":"https:\/\/www.laguiadepamplona.com\/actualidad\/#\/schema\/person\/efe887376f0213d4657c93adc50b1fdb","name":"La Gu\u00eda de Pamplona","image":{"@type":"ImageObject","inLanguage":"es","@id":"https:\/\/secure.gravatar.com\/avatar\/b6992f131dc8d30ab0dff15446e9d346d9dbd95992de0fef795073f5ea83a81c?s=96&d=mm&r=g","url":"https:\/\/secure.gravatar.com\/avatar\/b6992f131dc8d30ab0dff15446e9d346d9dbd95992de0fef795073f5ea83a81c?s=96&d=mm&r=g","contentUrl":"https:\/\/secure.gravatar.com\/avatar\/b6992f131dc8d30ab0dff15446e9d346d9dbd95992de0fef795073f5ea83a81c?s=96&d=mm&r=g","caption":"La Gu\u00eda de Pamplona"}}]}},"post_mailing_queue_ids":[],"_links":{"self":[{"href":"https:\/\/www.laguiadepamplona.com\/actualidad\/wp-json\/wp\/v2\/posts\/39813","targetHints":{"allow":["GET"]}}],"collection":[{"href":"https:\/\/www.laguiadepamplona.com\/actualidad\/wp-json\/wp\/v2\/posts"}],"about":[{"href":"https:\/\/www.laguiadepamplona.com\/actualidad\/wp-json\/wp\/v2\/types\/post"}],"author":[{"embeddable":true,"href":"https:\/\/www.laguiadepamplona.com\/actualidad\/wp-json\/wp\/v2\/users\/1"}],"replies":[{"embeddable":true,"href":"https:\/\/www.laguiadepamplona.com\/actualidad\/wp-json\/wp\/v2\/comments?post=39813"}],"version-history":[{"count":0,"href":"https:\/\/www.laguiadepamplona.com\/actualidad\/wp-json\/wp\/v2\/posts\/39813\/revisions"}],"wp:featuredmedia":[{"embeddable":true,"href":"https:\/\/www.laguiadepamplona.com\/actualidad\/wp-json\/wp\/v2\/media\/39814"}],"wp:attachment":[{"href":"https:\/\/www.laguiadepamplona.com\/actualidad\/wp-json\/wp\/v2\/media?parent=39813"}],"wp:term":[{"taxonomy":"category","embeddable":true,"href":"https:\/\/www.laguiadepamplona.com\/actualidad\/wp-json\/wp\/v2\/categories?post=39813"},{"taxonomy":"post_tag","embeddable":true,"href":"https:\/\/www.laguiadepamplona.com\/actualidad\/wp-json\/wp\/v2\/tags?post=39813"}],"curies":[{"name":"wp","href":"https:\/\/api.w.org\/{rel}","templated":true}]}}