{"id":39808,"date":"2022-04-01T12:53:52","date_gmt":"2022-04-01T10:53:52","guid":{"rendered":"https:\/\/www.laguiadepamplona.com\/actualidad\/?p=39808"},"modified":"2023-04-11T11:48:21","modified_gmt":"2023-04-11T09:48:21","slug":"un-abril-ambiental-para-todos-los-publicos-propuestas-de-la-escuela-de-sostenibilidad-de-primavera-del-ayuntamiento-de-pamplona","status":"publish","type":"post","link":"https:\/\/www.laguiadepamplona.com\/actualidad\/un-abril-ambiental-para-todos-los-publicos-propuestas-de-la-escuela-de-sostenibilidad-de-primavera-del-ayuntamiento-de-pamplona\/","title":{"rendered":"Un abril ambiental para todos los p\u00fablicos: propuestas de la escuela de sostenibilidad de primavera del Ayuntamiento de Pamplona"},"content":{"rendered":"<h5>Este mes se ofertan cuatro talleres, una exposici\u00f3n y una conferencia, un mercadillo de juguetes, un paseo interpretativo y el \u2018bicitxoko\u2019<\/h5>\n<p><!--more--><\/p>\n<p>Este mes de abril comienza la <a href=\"https:\/\/educacionambiental.pamplona.es\/\" target=\"_blank\" rel=\"noopener\">Escuela de sostenibilidad de primavera<\/a> en el Museo de Educaci\u00f3n Ambiental. Los tres pr\u00f3ximos meses la oferta ser\u00e1 volver\u00e1 a ser variada en contenidos, personas destinatarias y horarios. A partir pr\u00f3ximo martes el Museo acoger\u00e1 la exposici\u00f3n fotogr\u00e1fica \u2018Miradas para el alma. Hacia un mundo m\u00e1s sostenible\u2019 de la antrop\u00f3loga y gu\u00eda de terapias de bosque Itziar Insausti. La muestra exhibe la riqueza de los n\u00f3madas e ind\u00edgenas que habitan las monta\u00f1as del Himalaya y el Pamir y su relaci\u00f3n sostenible con el entorno.<\/p>\n<p>Pero, adem\u00e1s, este abril tendr\u00e1n lugar cuatro talleres, dos infantiles y dos para p\u00fablico adulto; un mercadillo de intercambio de juguetes; un bicitxoko para aprender a arreglar bicicletas; una salida por el r\u00edo Elorz y, este pr\u00f3ximo mi\u00e9rcoles, una charla sobre Rochapea como bario de energ\u00eda positiva, dentro del proyecto Open Lab. As\u00ed el Museo y otras ubicaciones seguir\u00e1n acogiendo programas que se extienden durante el a\u00f1o como \u2018Pamplona es verde\u2019 o \u2018Ciencia ciudadana\u2019 y en abril retoma sus cl\u00e1sicas propuestas para las vacaciones de Semana Santa.<br \/>\n<script async src=\"\/\/pagead2.googlesyndication.com\/pagead\/js\/adsbygoogle.js\"><\/script><br \/>\n<!-- Noticias La Guia de Pamplona --><br \/>\n<ins class=\"adsbygoogle\"\nstyle=\"display:block\"\ndata-ad-client=\"ca-pub-6943679897239327\"\ndata-ad-slot=\"7048180777\"\ndata-ad-format=\"auto\"><\/ins><br \/>\n<script>\n(adsbygoogle = window.adsbygoogle || []).push({});\n<\/script><\/p>\n<p>Todas las actividades son gratuitas para quienes participen, pero suelen requerir inscripci\u00f3n previa llamando al 010 o al tel\u00e9fono 948 420 100 (desde m\u00f3viles o fuera de Pamplona). De hecho, este mes de abril se abren inscripciones para otras actividades de la Escuela de sostenibilidad de primavera, aunque las fechas de realizaci\u00f3n sean el mes de mayo. As\u00ed, a partir del 18 de abril y de forma gradual, se ir\u00e1n abriendo inscripciones para una charla sobre la participaci\u00f3n del alumnado de Rochapea en la adaptaci\u00f3n al cambio clim\u00e1tico, una mesa redonda que versar\u00e1 sobre \u2018\u00bfC\u00f3mo se integra la educaci\u00f3n ambiental en la educaci\u00f3n formal?\u2019, un bicitxoko, dos talleres familiares, un paseo teatralizado para menores por el parque de Yamaguchi o una ruta para conocer aves de Pamplona.<\/p>\n<p>Adem\u00e1s, los d\u00edas 11, 12 y 13 de abril lugar en Civivox Iturrama (calle Esqu\u00edroz, 24) la secci\u00f3n Joven del Festival internacional de cine y medioambiente Ecozine que trae a Pamplona los mejores cortometrajes ambientales, in\u00e9ditos en Espa\u00f1a, en versi\u00f3n original subtitulada. Son proyecciones para alumnos y alumnas de E.S.O., Bachillerato y ciclos formativos (formaci\u00f3n profesional) que luego se contin\u00faan con actividades en el aula.<\/p>\n<p>El Museo de Educacion Ambiental abre sus puertas de martes a viernes de 10 a 13 horas y por las tardes de martes a jueves de 18 a 20 horas. Del 12 al 14 de abril mantendr\u00e1 solo horario de ma\u00f1ana.<br \/>\n<script async src=\"\/\/pagead2.googlesyndication.com\/pagead\/js\/adsbygoogle.js\"><\/script><br \/>\n<!-- Noticias La Guia de Pamplona --><br \/>\n<ins class=\"adsbygoogle\"\nstyle=\"display:block\"\ndata-ad-client=\"ca-pub-6943679897239327\"\ndata-ad-slot=\"7048180777\"\ndata-ad-format=\"auto\"><\/ins><br \/>\n<script>\n(adsbygoogle = window.adsbygoogle || []).push({});\n<\/script><\/p>\n<p><strong>La primera quincena de abril<\/strong><\/p>\n<p>La exposici\u00f3n \u2018Miradas para el alma. Hacia un mundo m\u00e1s sostenible\u2019 que se inaugura este pr\u00f3ximo martes 5 de abril ir\u00e1 acompa\u00f1ada, a las a las 18.30 por un taller de presentaci\u00f3n que se enmarca en la Semana internacional del \u201cSlow art\u201d. Esta sesi\u00f3n pretende indagar en la importancia de abogar por vidas m\u00e1s sostenibles desde una experiencia intimista y profunda a cargo de la autora de las fotograf\u00edas, Itziar Insausti, es antrop\u00f3loga.<\/p>\n<p>El martes el Museo acoger\u00e1 la charla-coloquio \u2018Rochapea: \u00a1barrio de energ\u00eda positiva!\u2019 que presentar\u00e1 el proyecto europeo Open Lab ahondando el proyecto que llevar\u00e1 a la rehabilitaci\u00f3n energ\u00e9tica del edificio IWER y las viviendas de San Pedro, y a la constituci\u00f3n de una comunidad energ\u00e9tica local. Impartir\u00e1n la sesi\u00f3n Jose Costero, director de la Oficina Estrat\u00e9gica del Ayuntamiento de Pamplona y Rufino Hern\u00e1ndez es miembro de AH Asociados y Catedr\u00e1tico de Arquitectura de la UPV. Tambi\u00e9n el martes de 18 a 20 horas, pero en el Huerto Urbano Comunitario de San Juan (en la plaza Monasterio de Iranzu \/trasera de Monasterio de Irache 37 y 39) Tania G\u00f3mez Rodrigo, ingeniera t\u00e9cnica agr\u00edcola y miembro de la Asociaci\u00f3n Agroecol\u00f3gica Arre, impartir\u00e1 un taller pr\u00e1ctico sobre bandas florales y su utilidad en la huerta ecol\u00f3gica, abordando algunas nociones b\u00e1sicas para su dise\u00f1o y cultivo<\/p>\n<p>Finalmente, el 12 de abril, de 18 a 20 horas, de la Venta Andr\u00e9s (avenida de Ar\u00f3stegui) saldr\u00e1 una ruta-paseo por el r\u00edo Elorz, un ecosistema singular-corredor biol\u00f3gica del parque fluvial en el que confluyen los tres r\u00edos del t\u00e9rmino municipal de Pamplona. Guiar\u00e1 el paseo Gabi Berasategi, bi\u00f3logo con a\u00f1os de experiencia en el estudio de la biodiversidad navarra y su divulgaci\u00f3n de la empresa Ornitolan.<br \/>\n<script async src=\"\/\/pagead2.googlesyndication.com\/pagead\/js\/adsbygoogle.js\"><\/script><br \/>\n<!-- Noticias La Guia de Pamplona --><br \/>\n<ins class=\"adsbygoogle\"\nstyle=\"display:block\"\ndata-ad-client=\"ca-pub-6943679897239327\"\ndata-ad-slot=\"7048180777\"\ndata-ad-format=\"auto\"><\/ins><br \/>\n<script>\n(adsbygoogle = window.adsbygoogle || []).push({});\n<\/script><\/p>\n<p><strong>Semana Santa de talleres y mercadillo<\/strong><\/p>\n<p>Los m\u00e1s j\u00f3venes tienen tres citas en la semana de vacaciones en el Museo. Para participantes de 6 a 12 a\u00f1os la propuesta es un taller art\u00edstico sobre el Sistema de 10.30 a 13.30 horas que tendr\u00e1 lugar el mi\u00e9rcoles 20 de abril en euskera y en castellano al d\u00eda siguiente. Lo impartir\u00e1 Izaskun Robledo, arteterapeuta y educadora.<\/p>\n<p>Y el viernes 22 de abril la propuesta es un mercadillo de intercambio de juguetes de 11.30 a 13 horas que busca fomentar el trueque, impulsando la reutilizaci\u00f3n, ofreciendo una alternativa al consumo y alargando la vida de los juegos de los m\u00e1s peque\u00f1os. Los intercambios ser\u00e1n supervisados por personal t\u00e9cnico, para garantizar la equidad.<\/p>\n<p><strong>La \u00faltima semana del mes<\/strong><\/p>\n<p>El martes 27 de abril la actividad ambiental se desplaza hasta las Huertas Urbanas en Etxabakoitz (proximidades del Grupo Urd\u00e1noz, frente a la escuela) donde tendr\u00e1 lugar un taller pr\u00e1ctico para hacer vermicomposteros sencillos y donde se trabajar\u00e1 sobre su funcionamiento y mantenimiento. Estos elementos permiten reducir significativamente la cantidad de desechos org\u00e1nicos dom\u00e9sticos y transformarlos en abono utilizando lombrices. Se informar\u00e1 adem\u00e1s en la sesi\u00f3n del manejo y usos del lombricompost. Este taller lo impartir\u00e1 tambi\u00e9n Tania G\u00f3mez Rodrigo.<\/p>\n<p>Y para cerrar abril, el d\u00eda 28 tendr\u00e1 lugar una nueva sesi\u00f3n de bicitxoko de 18 a 20 horas en el Museo. Juanjo Iriarte, experto en reparaci\u00f3n de bicis, ser\u00e1 el encargado de acompa\u00f1ar y asesorar a las personas que se acerquen para compartir conocimientos sobre el arreglo de bicis y compartir el rato de la puesta a punto.<\/p>\n<p>&nbsp;<br \/>\n[qodef_button size=\u00bblarge\u00bb type=\u00bb\u00bb text=\u00bbEscuela sostenibilidad primavera.pdf\u00bb custom_class=\u00bb\u00bb icon_pack=\u00bbfont_elegant\u00bb fa_icon=\u00bbicon_download\u00bb link=\u00bbhttps:\/\/www.pamplona.es\/sites\/default\/files\/2022-04\/folleto-primaveracast-1.pdf\u00bb target=\u00bb_blank\u00bb color=\u00bbffffff\u00bb hover_color=\u00bb\u00bb background_color=\u00bb\u00bb hover_background_color=\u00bb\u00bb border_color=\u00bb\u00bb hover_border_color=\u00bb\u00bb font_size=\u00bb\u00bb font_weight=\u00bb\u00bb margin=\u00bb\u00bb]\n&nbsp;<\/p>\n","protected":false},"excerpt":{"rendered":"<p>Este mes se ofertan cuatro talleres, una exposici\u00f3n y una conferencia, un mercadillo de juguetes, un paseo interpretativo y el \u2018bicitxoko\u2019<\/p>\n","protected":false},"author":1,"featured_media":39809,"comment_status":"open","ping_status":"closed","sticky":false,"template":"","format":"standard","meta":{"footnotes":""},"categories":[2],"tags":[],"class_list":["post-39808","post","type-post","status-publish","format-standard","has-post-thumbnail","hentry","category-ayuntamiento-pamplona"],"yoast_head":"<!-- This site is optimized with the Yoast SEO plugin v27.5 - https:\/\/yoast.com\/product\/yoast-seo-wordpress\/ -->\n<title>Un abril ambiental para todos los p\u00fablicos: propuestas de la escuela de sostenibilidad de primavera del Ayuntamiento de Pamplona<\/title>\n<meta name=\"description\" content=\"Un abril ambiental para todos los p\u00fablicos: propuestas de la escuela de sostenibilidad de primavera del Ayuntamiento de Pamplona\" \/>\n<meta name=\"robots\" content=\"index, follow, max-snippet:-1, max-image-preview:large, max-video-preview:-1\" \/>\n<link rel=\"canonical\" href=\"https:\/\/www.laguiadepamplona.com\/actualidad\/un-abril-ambiental-para-todos-los-publicos-propuestas-de-la-escuela-de-sostenibilidad-de-primavera-del-ayuntamiento-de-pamplona\/\" \/>\n<meta property=\"og:locale\" content=\"es_ES\" \/>\n<meta property=\"og:type\" content=\"article\" \/>\n<meta property=\"og:title\" content=\"Un abril ambiental para todos los p\u00fablicos: propuestas de la escuela de sostenibilidad de primavera del Ayuntamiento de Pamplona\" \/>\n<meta property=\"og:description\" content=\"Un abril ambiental para todos los p\u00fablicos: propuestas de la escuela de sostenibilidad de primavera del Ayuntamiento de Pamplona\" \/>\n<meta property=\"og:url\" content=\"https:\/\/www.laguiadepamplona.com\/actualidad\/un-abril-ambiental-para-todos-los-publicos-propuestas-de-la-escuela-de-sostenibilidad-de-primavera-del-ayuntamiento-de-pamplona\/\" \/>\n<meta property=\"og:site_name\" content=\"La Gu\u00eda de Pamplona\" \/>\n<meta property=\"article:publisher\" content=\"https:\/\/www.facebook.com\/laguiadepamplonacom-133175176762273\/?ref=hl\" \/>\n<meta property=\"article:published_time\" content=\"2022-04-01T10:53:52+00:00\" \/>\n<meta property=\"article:modified_time\" content=\"2023-04-11T09:48:21+00:00\" \/>\n<meta property=\"og:image\" content=\"https:\/\/www.laguiadepamplona.com\/actualidad\/wp-content\/uploads\/2022\/04\/escuela-sostenibilidad.jpg\" \/>\n\t<meta property=\"og:image:width\" content=\"1176\" \/>\n\t<meta property=\"og:image:height\" content=\"598\" \/>\n\t<meta property=\"og:image:type\" content=\"image\/jpeg\" \/>\n<meta name=\"author\" content=\"La Gu\u00eda de Pamplona\" \/>\n<meta name=\"twitter:card\" content=\"summary_large_image\" \/>\n<meta name=\"twitter:creator\" content=\"@LaGuiadPamplona\" \/>\n<meta name=\"twitter:site\" content=\"@LaGuiadPamplona\" \/>\n<meta name=\"twitter:label1\" content=\"Escrito por\" \/>\n\t<meta name=\"twitter:data1\" content=\"La Gu\u00eda de Pamplona\" \/>\n\t<meta name=\"twitter:label2\" content=\"Tiempo de lectura\" \/>\n\t<meta name=\"twitter:data2\" content=\"5 minutos\" \/>\n<script type=\"application\/ld+json\" class=\"yoast-schema-graph\">{\"@context\":\"https:\\\/\\\/schema.org\",\"@graph\":[{\"@type\":\"Article\",\"@id\":\"https:\\\/\\\/www.laguiadepamplona.com\\\/actualidad\\\/un-abril-ambiental-para-todos-los-publicos-propuestas-de-la-escuela-de-sostenibilidad-de-primavera-del-ayuntamiento-de-pamplona\\\/#article\",\"isPartOf\":{\"@id\":\"https:\\\/\\\/www.laguiadepamplona.com\\\/actualidad\\\/un-abril-ambiental-para-todos-los-publicos-propuestas-de-la-escuela-de-sostenibilidad-de-primavera-del-ayuntamiento-de-pamplona\\\/\"},\"author\":{\"name\":\"La Gu\u00eda de Pamplona\",\"@id\":\"https:\\\/\\\/www.laguiadepamplona.com\\\/actualidad\\\/#\\\/schema\\\/person\\\/efe887376f0213d4657c93adc50b1fdb\"},\"headline\":\"Un abril ambiental para todos los p\u00fablicos: propuestas de la escuela de sostenibilidad de primavera del Ayuntamiento de Pamplona\",\"datePublished\":\"2022-04-01T10:53:52+00:00\",\"dateModified\":\"2023-04-11T09:48:21+00:00\",\"mainEntityOfPage\":{\"@id\":\"https:\\\/\\\/www.laguiadepamplona.com\\\/actualidad\\\/un-abril-ambiental-para-todos-los-publicos-propuestas-de-la-escuela-de-sostenibilidad-de-primavera-del-ayuntamiento-de-pamplona\\\/\"},\"wordCount\":1126,\"commentCount\":0,\"publisher\":{\"@id\":\"https:\\\/\\\/www.laguiadepamplona.com\\\/actualidad\\\/#organization\"},\"image\":{\"@id\":\"https:\\\/\\\/www.laguiadepamplona.com\\\/actualidad\\\/un-abril-ambiental-para-todos-los-publicos-propuestas-de-la-escuela-de-sostenibilidad-de-primavera-del-ayuntamiento-de-pamplona\\\/#primaryimage\"},\"thumbnailUrl\":\"https:\\\/\\\/www.laguiadepamplona.com\\\/actualidad\\\/wp-content\\\/uploads\\\/2022\\\/04\\\/escuela-sostenibilidad.jpg\",\"articleSection\":[\"Ayto Pamplona\"],\"inLanguage\":\"es\",\"potentialAction\":[{\"@type\":\"CommentAction\",\"name\":\"Comment\",\"target\":[\"https:\\\/\\\/www.laguiadepamplona.com\\\/actualidad\\\/un-abril-ambiental-para-todos-los-publicos-propuestas-de-la-escuela-de-sostenibilidad-de-primavera-del-ayuntamiento-de-pamplona\\\/#respond\"]}]},{\"@type\":\"WebPage\",\"@id\":\"https:\\\/\\\/www.laguiadepamplona.com\\\/actualidad\\\/un-abril-ambiental-para-todos-los-publicos-propuestas-de-la-escuela-de-sostenibilidad-de-primavera-del-ayuntamiento-de-pamplona\\\/\",\"url\":\"https:\\\/\\\/www.laguiadepamplona.com\\\/actualidad\\\/un-abril-ambiental-para-todos-los-publicos-propuestas-de-la-escuela-de-sostenibilidad-de-primavera-del-ayuntamiento-de-pamplona\\\/\",\"name\":\"Un abril ambiental para todos los p\u00fablicos: propuestas de la escuela de sostenibilidad de primavera del Ayuntamiento de Pamplona\",\"isPartOf\":{\"@id\":\"https:\\\/\\\/www.laguiadepamplona.com\\\/actualidad\\\/#website\"},\"primaryImageOfPage\":{\"@id\":\"https:\\\/\\\/www.laguiadepamplona.com\\\/actualidad\\\/un-abril-ambiental-para-todos-los-publicos-propuestas-de-la-escuela-de-sostenibilidad-de-primavera-del-ayuntamiento-de-pamplona\\\/#primaryimage\"},\"image\":{\"@id\":\"https:\\\/\\\/www.laguiadepamplona.com\\\/actualidad\\\/un-abril-ambiental-para-todos-los-publicos-propuestas-de-la-escuela-de-sostenibilidad-de-primavera-del-ayuntamiento-de-pamplona\\\/#primaryimage\"},\"thumbnailUrl\":\"https:\\\/\\\/www.laguiadepamplona.com\\\/actualidad\\\/wp-content\\\/uploads\\\/2022\\\/04\\\/escuela-sostenibilidad.jpg\",\"datePublished\":\"2022-04-01T10:53:52+00:00\",\"dateModified\":\"2023-04-11T09:48:21+00:00\",\"description\":\"Un abril ambiental para todos los p\u00fablicos: propuestas de la escuela de sostenibilidad de primavera del Ayuntamiento de Pamplona\",\"breadcrumb\":{\"@id\":\"https:\\\/\\\/www.laguiadepamplona.com\\\/actualidad\\\/un-abril-ambiental-para-todos-los-publicos-propuestas-de-la-escuela-de-sostenibilidad-de-primavera-del-ayuntamiento-de-pamplona\\\/#breadcrumb\"},\"inLanguage\":\"es\",\"potentialAction\":[{\"@type\":\"ReadAction\",\"target\":[\"https:\\\/\\\/www.laguiadepamplona.com\\\/actualidad\\\/un-abril-ambiental-para-todos-los-publicos-propuestas-de-la-escuela-de-sostenibilidad-de-primavera-del-ayuntamiento-de-pamplona\\\/\"]}]},{\"@type\":\"ImageObject\",\"inLanguage\":\"es\",\"@id\":\"https:\\\/\\\/www.laguiadepamplona.com\\\/actualidad\\\/un-abril-ambiental-para-todos-los-publicos-propuestas-de-la-escuela-de-sostenibilidad-de-primavera-del-ayuntamiento-de-pamplona\\\/#primaryimage\",\"url\":\"https:\\\/\\\/www.laguiadepamplona.com\\\/actualidad\\\/wp-content\\\/uploads\\\/2022\\\/04\\\/escuela-sostenibilidad.jpg\",\"contentUrl\":\"https:\\\/\\\/www.laguiadepamplona.com\\\/actualidad\\\/wp-content\\\/uploads\\\/2022\\\/04\\\/escuela-sostenibilidad.jpg\",\"width\":1176,\"height\":598},{\"@type\":\"BreadcrumbList\",\"@id\":\"https:\\\/\\\/www.laguiadepamplona.com\\\/actualidad\\\/un-abril-ambiental-para-todos-los-publicos-propuestas-de-la-escuela-de-sostenibilidad-de-primavera-del-ayuntamiento-de-pamplona\\\/#breadcrumb\",\"itemListElement\":[{\"@type\":\"ListItem\",\"position\":1,\"name\":\"Portada\",\"item\":\"https:\\\/\\\/www.laguiadepamplona.com\\\/actualidad\\\/\"},{\"@type\":\"ListItem\",\"position\":2,\"name\":\"Un abril ambiental para todos los p\u00fablicos: propuestas de la escuela de sostenibilidad de primavera del Ayuntamiento de Pamplona\"}]},{\"@type\":\"WebSite\",\"@id\":\"https:\\\/\\\/www.laguiadepamplona.com\\\/actualidad\\\/#website\",\"url\":\"https:\\\/\\\/www.laguiadepamplona.com\\\/actualidad\\\/\",\"name\":\"La gu\u00eda de Pamplona\",\"description\":\"Noticias de Pamplona\",\"publisher\":{\"@id\":\"https:\\\/\\\/www.laguiadepamplona.com\\\/actualidad\\\/#organization\"},\"potentialAction\":[{\"@type\":\"SearchAction\",\"target\":{\"@type\":\"EntryPoint\",\"urlTemplate\":\"https:\\\/\\\/www.laguiadepamplona.com\\\/actualidad\\\/?s={search_term_string}\"},\"query-input\":{\"@type\":\"PropertyValueSpecification\",\"valueRequired\":true,\"valueName\":\"search_term_string\"}}],\"inLanguage\":\"es\"},{\"@type\":\"Organization\",\"@id\":\"https:\\\/\\\/www.laguiadepamplona.com\\\/actualidad\\\/#organization\",\"name\":\"La Gu\u00eda de Pamplona \\\/ Noticias\",\"url\":\"https:\\\/\\\/www.laguiadepamplona.com\\\/actualidad\\\/\",\"logo\":{\"@type\":\"ImageObject\",\"inLanguage\":\"es\",\"@id\":\"https:\\\/\\\/www.laguiadepamplona.com\\\/actualidad\\\/#\\\/schema\\\/logo\\\/image\\\/\",\"url\":\"https:\\\/\\\/www.laguiadepamplona.com\\\/actualidad\\\/wp-content\\\/uploads\\\/2018\\\/11\\\/logo-laguiadepamplona18-web1.png\",\"contentUrl\":\"https:\\\/\\\/www.laguiadepamplona.com\\\/actualidad\\\/wp-content\\\/uploads\\\/2018\\\/11\\\/logo-laguiadepamplona18-web1.png\",\"width\":600,\"height\":196,\"caption\":\"La Gu\u00eda de Pamplona \\\/ Noticias\"},\"image\":{\"@id\":\"https:\\\/\\\/www.laguiadepamplona.com\\\/actualidad\\\/#\\\/schema\\\/logo\\\/image\\\/\"},\"sameAs\":[\"https:\\\/\\\/www.facebook.com\\\/laguiadepamplonacom-133175176762273\\\/?ref=hl\",\"https:\\\/\\\/x.com\\\/LaGuiadPamplona\",\"https:\\\/\\\/www.instagram.com\\\/la_guia_de_pamplona\\\/\",\"https:\\\/\\\/www.youtube.com\\\/user\\\/laguiadepamplona\"]},{\"@type\":\"Person\",\"@id\":\"https:\\\/\\\/www.laguiadepamplona.com\\\/actualidad\\\/#\\\/schema\\\/person\\\/efe887376f0213d4657c93adc50b1fdb\",\"name\":\"La Gu\u00eda de Pamplona\",\"image\":{\"@type\":\"ImageObject\",\"inLanguage\":\"es\",\"@id\":\"https:\\\/\\\/secure.gravatar.com\\\/avatar\\\/b6992f131dc8d30ab0dff15446e9d346d9dbd95992de0fef795073f5ea83a81c?s=96&d=mm&r=g\",\"url\":\"https:\\\/\\\/secure.gravatar.com\\\/avatar\\\/b6992f131dc8d30ab0dff15446e9d346d9dbd95992de0fef795073f5ea83a81c?s=96&d=mm&r=g\",\"contentUrl\":\"https:\\\/\\\/secure.gravatar.com\\\/avatar\\\/b6992f131dc8d30ab0dff15446e9d346d9dbd95992de0fef795073f5ea83a81c?s=96&d=mm&r=g\",\"caption\":\"La Gu\u00eda de Pamplona\"}}]}<\/script>\n<!-- \/ Yoast SEO plugin. -->","yoast_head_json":{"title":"Un abril ambiental para todos los p\u00fablicos: propuestas de la escuela de sostenibilidad de primavera del Ayuntamiento de Pamplona","description":"Un abril ambiental para todos los p\u00fablicos: propuestas de la escuela de sostenibilidad de primavera del Ayuntamiento de Pamplona","robots":{"index":"index","follow":"follow","max-snippet":"max-snippet:-1","max-image-preview":"max-image-preview:large","max-video-preview":"max-video-preview:-1"},"canonical":"https:\/\/www.laguiadepamplona.com\/actualidad\/un-abril-ambiental-para-todos-los-publicos-propuestas-de-la-escuela-de-sostenibilidad-de-primavera-del-ayuntamiento-de-pamplona\/","og_locale":"es_ES","og_type":"article","og_title":"Un abril ambiental para todos los p\u00fablicos: propuestas de la escuela de sostenibilidad de primavera del Ayuntamiento de Pamplona","og_description":"Un abril ambiental para todos los p\u00fablicos: propuestas de la escuela de sostenibilidad de primavera del Ayuntamiento de Pamplona","og_url":"https:\/\/www.laguiadepamplona.com\/actualidad\/un-abril-ambiental-para-todos-los-publicos-propuestas-de-la-escuela-de-sostenibilidad-de-primavera-del-ayuntamiento-de-pamplona\/","og_site_name":"La Gu\u00eda de Pamplona","article_publisher":"https:\/\/www.facebook.com\/laguiadepamplonacom-133175176762273\/?ref=hl","article_published_time":"2022-04-01T10:53:52+00:00","article_modified_time":"2023-04-11T09:48:21+00:00","og_image":[{"width":1176,"height":598,"url":"https:\/\/www.laguiadepamplona.com\/actualidad\/wp-content\/uploads\/2022\/04\/escuela-sostenibilidad.jpg","type":"image\/jpeg"}],"author":"La Gu\u00eda de Pamplona","twitter_card":"summary_large_image","twitter_creator":"@LaGuiadPamplona","twitter_site":"@LaGuiadPamplona","twitter_misc":{"Escrito por":"La Gu\u00eda de Pamplona","Tiempo de lectura":"5 minutos"},"schema":{"@context":"https:\/\/schema.org","@graph":[{"@type":"Article","@id":"https:\/\/www.laguiadepamplona.com\/actualidad\/un-abril-ambiental-para-todos-los-publicos-propuestas-de-la-escuela-de-sostenibilidad-de-primavera-del-ayuntamiento-de-pamplona\/#article","isPartOf":{"@id":"https:\/\/www.laguiadepamplona.com\/actualidad\/un-abril-ambiental-para-todos-los-publicos-propuestas-de-la-escuela-de-sostenibilidad-de-primavera-del-ayuntamiento-de-pamplona\/"},"author":{"name":"La Gu\u00eda de Pamplona","@id":"https:\/\/www.laguiadepamplona.com\/actualidad\/#\/schema\/person\/efe887376f0213d4657c93adc50b1fdb"},"headline":"Un abril ambiental para todos los p\u00fablicos: propuestas de la escuela de sostenibilidad de primavera del Ayuntamiento de Pamplona","datePublished":"2022-04-01T10:53:52+00:00","dateModified":"2023-04-11T09:48:21+00:00","mainEntityOfPage":{"@id":"https:\/\/www.laguiadepamplona.com\/actualidad\/un-abril-ambiental-para-todos-los-publicos-propuestas-de-la-escuela-de-sostenibilidad-de-primavera-del-ayuntamiento-de-pamplona\/"},"wordCount":1126,"commentCount":0,"publisher":{"@id":"https:\/\/www.laguiadepamplona.com\/actualidad\/#organization"},"image":{"@id":"https:\/\/www.laguiadepamplona.com\/actualidad\/un-abril-ambiental-para-todos-los-publicos-propuestas-de-la-escuela-de-sostenibilidad-de-primavera-del-ayuntamiento-de-pamplona\/#primaryimage"},"thumbnailUrl":"https:\/\/www.laguiadepamplona.com\/actualidad\/wp-content\/uploads\/2022\/04\/escuela-sostenibilidad.jpg","articleSection":["Ayto Pamplona"],"inLanguage":"es","potentialAction":[{"@type":"CommentAction","name":"Comment","target":["https:\/\/www.laguiadepamplona.com\/actualidad\/un-abril-ambiental-para-todos-los-publicos-propuestas-de-la-escuela-de-sostenibilidad-de-primavera-del-ayuntamiento-de-pamplona\/#respond"]}]},{"@type":"WebPage","@id":"https:\/\/www.laguiadepamplona.com\/actualidad\/un-abril-ambiental-para-todos-los-publicos-propuestas-de-la-escuela-de-sostenibilidad-de-primavera-del-ayuntamiento-de-pamplona\/","url":"https:\/\/www.laguiadepamplona.com\/actualidad\/un-abril-ambiental-para-todos-los-publicos-propuestas-de-la-escuela-de-sostenibilidad-de-primavera-del-ayuntamiento-de-pamplona\/","name":"Un abril ambiental para todos los p\u00fablicos: propuestas de la escuela de sostenibilidad de primavera del Ayuntamiento de Pamplona","isPartOf":{"@id":"https:\/\/www.laguiadepamplona.com\/actualidad\/#website"},"primaryImageOfPage":{"@id":"https:\/\/www.laguiadepamplona.com\/actualidad\/un-abril-ambiental-para-todos-los-publicos-propuestas-de-la-escuela-de-sostenibilidad-de-primavera-del-ayuntamiento-de-pamplona\/#primaryimage"},"image":{"@id":"https:\/\/www.laguiadepamplona.com\/actualidad\/un-abril-ambiental-para-todos-los-publicos-propuestas-de-la-escuela-de-sostenibilidad-de-primavera-del-ayuntamiento-de-pamplona\/#primaryimage"},"thumbnailUrl":"https:\/\/www.laguiadepamplona.com\/actualidad\/wp-content\/uploads\/2022\/04\/escuela-sostenibilidad.jpg","datePublished":"2022-04-01T10:53:52+00:00","dateModified":"2023-04-11T09:48:21+00:00","description":"Un abril ambiental para todos los p\u00fablicos: propuestas de la escuela de sostenibilidad de primavera del Ayuntamiento de Pamplona","breadcrumb":{"@id":"https:\/\/www.laguiadepamplona.com\/actualidad\/un-abril-ambiental-para-todos-los-publicos-propuestas-de-la-escuela-de-sostenibilidad-de-primavera-del-ayuntamiento-de-pamplona\/#breadcrumb"},"inLanguage":"es","potentialAction":[{"@type":"ReadAction","target":["https:\/\/www.laguiadepamplona.com\/actualidad\/un-abril-ambiental-para-todos-los-publicos-propuestas-de-la-escuela-de-sostenibilidad-de-primavera-del-ayuntamiento-de-pamplona\/"]}]},{"@type":"ImageObject","inLanguage":"es","@id":"https:\/\/www.laguiadepamplona.com\/actualidad\/un-abril-ambiental-para-todos-los-publicos-propuestas-de-la-escuela-de-sostenibilidad-de-primavera-del-ayuntamiento-de-pamplona\/#primaryimage","url":"https:\/\/www.laguiadepamplona.com\/actualidad\/wp-content\/uploads\/2022\/04\/escuela-sostenibilidad.jpg","contentUrl":"https:\/\/www.laguiadepamplona.com\/actualidad\/wp-content\/uploads\/2022\/04\/escuela-sostenibilidad.jpg","width":1176,"height":598},{"@type":"BreadcrumbList","@id":"https:\/\/www.laguiadepamplona.com\/actualidad\/un-abril-ambiental-para-todos-los-publicos-propuestas-de-la-escuela-de-sostenibilidad-de-primavera-del-ayuntamiento-de-pamplona\/#breadcrumb","itemListElement":[{"@type":"ListItem","position":1,"name":"Portada","item":"https:\/\/www.laguiadepamplona.com\/actualidad\/"},{"@type":"ListItem","position":2,"name":"Un abril ambiental para todos los p\u00fablicos: propuestas de la escuela de sostenibilidad de primavera del Ayuntamiento de Pamplona"}]},{"@type":"WebSite","@id":"https:\/\/www.laguiadepamplona.com\/actualidad\/#website","url":"https:\/\/www.laguiadepamplona.com\/actualidad\/","name":"La gu\u00eda de Pamplona","description":"Noticias de Pamplona","publisher":{"@id":"https:\/\/www.laguiadepamplona.com\/actualidad\/#organization"},"potentialAction":[{"@type":"SearchAction","target":{"@type":"EntryPoint","urlTemplate":"https:\/\/www.laguiadepamplona.com\/actualidad\/?s={search_term_string}"},"query-input":{"@type":"PropertyValueSpecification","valueRequired":true,"valueName":"search_term_string"}}],"inLanguage":"es"},{"@type":"Organization","@id":"https:\/\/www.laguiadepamplona.com\/actualidad\/#organization","name":"La Gu\u00eda de Pamplona \/ Noticias","url":"https:\/\/www.laguiadepamplona.com\/actualidad\/","logo":{"@type":"ImageObject","inLanguage":"es","@id":"https:\/\/www.laguiadepamplona.com\/actualidad\/#\/schema\/logo\/image\/","url":"https:\/\/www.laguiadepamplona.com\/actualidad\/wp-content\/uploads\/2018\/11\/logo-laguiadepamplona18-web1.png","contentUrl":"https:\/\/www.laguiadepamplona.com\/actualidad\/wp-content\/uploads\/2018\/11\/logo-laguiadepamplona18-web1.png","width":600,"height":196,"caption":"La Gu\u00eda de Pamplona \/ Noticias"},"image":{"@id":"https:\/\/www.laguiadepamplona.com\/actualidad\/#\/schema\/logo\/image\/"},"sameAs":["https:\/\/www.facebook.com\/laguiadepamplonacom-133175176762273\/?ref=hl","https:\/\/x.com\/LaGuiadPamplona","https:\/\/www.instagram.com\/la_guia_de_pamplona\/","https:\/\/www.youtube.com\/user\/laguiadepamplona"]},{"@type":"Person","@id":"https:\/\/www.laguiadepamplona.com\/actualidad\/#\/schema\/person\/efe887376f0213d4657c93adc50b1fdb","name":"La Gu\u00eda de Pamplona","image":{"@type":"ImageObject","inLanguage":"es","@id":"https:\/\/secure.gravatar.com\/avatar\/b6992f131dc8d30ab0dff15446e9d346d9dbd95992de0fef795073f5ea83a81c?s=96&d=mm&r=g","url":"https:\/\/secure.gravatar.com\/avatar\/b6992f131dc8d30ab0dff15446e9d346d9dbd95992de0fef795073f5ea83a81c?s=96&d=mm&r=g","contentUrl":"https:\/\/secure.gravatar.com\/avatar\/b6992f131dc8d30ab0dff15446e9d346d9dbd95992de0fef795073f5ea83a81c?s=96&d=mm&r=g","caption":"La Gu\u00eda de Pamplona"}}]}},"post_mailing_queue_ids":[],"_links":{"self":[{"href":"https:\/\/www.laguiadepamplona.com\/actualidad\/wp-json\/wp\/v2\/posts\/39808","targetHints":{"allow":["GET"]}}],"collection":[{"href":"https:\/\/www.laguiadepamplona.com\/actualidad\/wp-json\/wp\/v2\/posts"}],"about":[{"href":"https:\/\/www.laguiadepamplona.com\/actualidad\/wp-json\/wp\/v2\/types\/post"}],"author":[{"embeddable":true,"href":"https:\/\/www.laguiadepamplona.com\/actualidad\/wp-json\/wp\/v2\/users\/1"}],"replies":[{"embeddable":true,"href":"https:\/\/www.laguiadepamplona.com\/actualidad\/wp-json\/wp\/v2\/comments?post=39808"}],"version-history":[{"count":0,"href":"https:\/\/www.laguiadepamplona.com\/actualidad\/wp-json\/wp\/v2\/posts\/39808\/revisions"}],"wp:featuredmedia":[{"embeddable":true,"href":"https:\/\/www.laguiadepamplona.com\/actualidad\/wp-json\/wp\/v2\/media\/39809"}],"wp:attachment":[{"href":"https:\/\/www.laguiadepamplona.com\/actualidad\/wp-json\/wp\/v2\/media?parent=39808"}],"wp:term":[{"taxonomy":"category","embeddable":true,"href":"https:\/\/www.laguiadepamplona.com\/actualidad\/wp-json\/wp\/v2\/categories?post=39808"},{"taxonomy":"post_tag","embeddable":true,"href":"https:\/\/www.laguiadepamplona.com\/actualidad\/wp-json\/wp\/v2\/tags?post=39808"}],"curies":[{"name":"wp","href":"https:\/\/api.w.org\/{rel}","templated":true}]}}