{"id":39802,"date":"2022-04-01T12:40:31","date_gmt":"2022-04-01T10:40:31","guid":{"rendered":"https:\/\/www.laguiadepamplona.com\/actualidad\/?p=39802"},"modified":"2023-04-11T11:48:21","modified_gmt":"2023-04-11T09:48:21","slug":"una-vision-artistica-sobre-como-nos-ha-cambiado-el-confinamiento-a-traves-de-siluetas-la-propuesta-de-inigo-labaien-en-el-polvorin-de-la-ciudadela","status":"publish","type":"post","link":"https:\/\/www.laguiadepamplona.com\/actualidad\/una-vision-artistica-sobre-como-nos-ha-cambiado-el-confinamiento-a-traves-de-siluetas-la-propuesta-de-inigo-labaien-en-el-polvorin-de-la-ciudadela\/","title":{"rendered":"Una visi\u00f3n art\u00edstica sobre c\u00f3mo nos ha cambiado el confinamiento a trav\u00e9s de \u2018Siluetas\u2019, la propuesta de \u00cd\u00f1igo Labaien en el Polvor\u00edn de la Ciudadela"},"content":{"rendered":"<h5>La colecci\u00f3n, compuesta por treinta fotograf\u00edas con im\u00e1genes desenfocadas en blanco y negro, se puede visitar de manera gratuita hasta el 15 de mayo<\/h5>\n<p><!--more--><\/p>\n<p>La sala del Polvor\u00edn de la Ciudadela ofrece hasta el pr\u00f3ximo 15 de mayo la propuesta art\u00edstica de \u00cd\u00f1igo Labaien \u2018Siluetas\u2019. Se trata de una reflexi\u00f3n a trav\u00e9s de la fotograf\u00eda, y bas\u00e1ndose en las t\u00e9cnicas del blanco y negro y el desenfocado sobre la manera en que el confinamiento ha cambiado a las personas. Las treinta fotograf\u00edas que componen la muestra se pueden visitar de manera gratuita de martes a s\u00e1bado de 11.30 a 13.30 y de 18.00 a 20.30 y los domingos y festivos en horario de ma\u00f1ana.<\/p>\n<p>\u2018Siluetas\u2019 nace en el a\u00f1o 2020 con la idea del Artista \u00cd\u00f1igo Labaien de plasmar los sentimientos y sensaciones que estaba experimentando a ra\u00edz de la situaci\u00f3n generada por el confinamiento. Estanciamiento social, desescalada, nueva normalidad. Eran t\u00e9rminos desconocidos hasta entonces, pero que en esa etapa pasaron a formar parte del d\u00eda a d\u00eda de todos los ciudadanos. Desde el punto de vista emocional, esta situaci\u00f3n transmit\u00eda sentimientos y sensaciones como el silencio, la distancia, la desidia, la melancol\u00eda, la confusi\u00f3n, la afinidad, la serenidad, la dignidad, la alegr\u00eda, o la felicidad. Cada una de ellas se muestra en la exposici\u00f3n a trav\u00e9s de una fotograf\u00eda, en la que el desenfoque y el difuminado esconden las siluetas de personas inmersas en esa nueva realidad<br \/>\n<script async src=\"\/\/pagead2.googlesyndication.com\/pagead\/js\/adsbygoogle.js\"><\/script><br \/>\n<!-- Noticias La Guia de Pamplona --><br \/>\n<ins class=\"adsbygoogle\"\nstyle=\"display:block\"\ndata-ad-client=\"ca-pub-6943679897239327\"\ndata-ad-slot=\"7048180777\"\ndata-ad-format=\"auto\"><\/ins><br \/>\n<script>\n(adsbygoogle = window.adsbygoogle || []).push({});\n<\/script><\/p>\n<p>La percepci\u00f3n de la sociedad en \u00e9poca de pandemia hizo a Labaien replantearse su forma de retratar, tras la reflexi\u00f3n interna de que ya no estaba viendo la realidad con la misma mirada que antes de que todo cambiara.\u00a0 El artista observa en este nuevo periodo una comunidad \u201cdistanciada, fr\u00eda, nost\u00e1lgica de un contacto m\u00e1s cercano\u201d, y lo intenta plasmar en su obra. Todo esto hace que se adentre en la b\u00fasqueda de nuevas t\u00e9cnicas fotogr\u00e1ficas y par\u00e1metros que reflejen estos sentimientos. Con largas exposiciones y el movimiento de la c\u00e1mara consigue crear esas \u2018siluetas\u2019 que aprecia por la calle, y que ha decidido que pongan nombre a su muestra. Son im\u00e1genes abstractas, desenfocadas, impersonales, de una sociedad confinada hasta en los espacios abiertos.<\/p>\n<p>No es la primera vez que \u00cd\u00f1igo Labaien expresa los sentimientos que le gener\u00f3 la nueva situaci\u00f3n derivada del confinamiento y la pandemia, ya que en 2020 particip\u00f3 en la exposici\u00f3n organizada tambi\u00e9n por el Ayuntamiento de Pamplona \u201cMiradas al confinamiento\u201d. Adem\u00e1s de exponer su obra, tambi\u00e9n se ha empe\u00f1ado en transmitir su punto de vista del arte, la cultura y la fotograf\u00eda a trav\u00e9s de una decena de talleres en colaboraci\u00f3n con otros artistas.<br \/>\n<script async src=\"\/\/pagead2.googlesyndication.com\/pagead\/js\/adsbygoogle.js\"><\/script><br \/>\n<!-- Noticias La Guia de Pamplona --><br \/>\n<ins class=\"adsbygoogle\"\nstyle=\"display:block\"\ndata-ad-client=\"ca-pub-6943679897239327\"\ndata-ad-slot=\"7048180777\"\ndata-ad-format=\"auto\"><\/ins><br \/>\n<script>\n(adsbygoogle = window.adsbygoogle || []).push({});\n<\/script><\/p>\n<p><strong>Ciudadela, un espacio expositivo en el centro de la ciudad con acceso gratuito<\/strong><\/p>\n<p>La planta baja del Pabell\u00f3n de Mixtos ofrece estos d\u00edas la exposici\u00f3n del autor Gonzalo Nicuesa, que presenta alrededor de 70 \u201cversiones gr\u00e1ficas\u201d en diferentes tama\u00f1os de esculturas cl\u00e1sicas que abarcan desde el clasicismo griego, hasta el David renacentista de Miguel Angel. \u2018#Stendhal\u2019 es una recreaci\u00f3n de lo retratado por el propio autor en diferentes viajes y visitas a museos desde hace m\u00e1s de 20 a\u00f1os. Pl\u00e1sticamente hace un recorrido del austero blanco y negro de una serie de fotograf\u00edas, a un coqueteo de colores pop, un consciente filtro subjetivo y personal en el que se juega a veces con una actualizaci\u00f3n trasnochada y casi kitsch, con colores fl\u00faor y textos incluidos, que permiten las t\u00e9cnicas gr\u00e1ficas con la repetici\u00f3n de elementos en diferentes variantes. Es su particular manera de vuelta a los cl\u00e1sicos, como reivindicaci\u00f3n tanto de la belleza formal \u201cper se\u201d, como de la idealizaci\u00f3n plat\u00f3nica de la est\u00e9tica que ahora est\u00e1 instalada en Instagram, y que ya contemplaban en la Grecia cl\u00e1sica.<\/p>\n<p>La primera planta del mismo espacio expositivo <strong>acoge la exposici\u00f3n \u2018Sastraka \/ Maleza\u2019.<\/strong> Se trata de un volumen que recoge 12 textos, en euskera y castellano, la reproducci\u00f3n de 27 cuadros inspirados en los textos, el disco cd con los doce temas compuestos por Imanol \u00dabeda, las 36 fotograf\u00edas de Imanol Rayo y un cd con la banda sonora compuesta para acompa\u00f1ar a las fotograf\u00edas. Esta propuesta art\u00edstica es el resultado del trabajo de cuatro creadores en cuatro disciplinas art\u00edsticas diferentes. Literatura, pintura, m\u00fasica y fotograf\u00eda se unen en un proyecto que plantea un breve viaje, un viaje imposible a trav\u00e9s del arte.<\/p>\n","protected":false},"excerpt":{"rendered":"<p>La colecci\u00f3n, compuesta por treinta fotograf\u00edas con im\u00e1genes desenfocadas en blanco y negro, se puede visitar de manera gratuita hasta el 15 de mayo<\/p>\n","protected":false},"author":1,"featured_media":39803,"comment_status":"open","ping_status":"closed","sticky":false,"template":"","format":"standard","meta":{"footnotes":""},"categories":[2],"tags":[],"class_list":["post-39802","post","type-post","status-publish","format-standard","has-post-thumbnail","hentry","category-ayuntamiento-pamplona"],"yoast_head":"<!-- This site is optimized with the Yoast SEO plugin v27.3 - https:\/\/yoast.com\/product\/yoast-seo-wordpress\/ -->\n<title>Una visi\u00f3n art\u00edstica sobre c\u00f3mo nos ha cambiado el confinamiento a trav\u00e9s de \u2018Siluetas\u2019, la propuesta de \u00cd\u00f1igo Labaien en el Polvor\u00edn de la Ciudadela<\/title>\n<meta name=\"description\" content=\"La colecci\u00f3n, compuesta por treinta fotograf\u00edas con im\u00e1genes desenfocadas en blanco y negro, se puede visitar de manera gratuita hasta el 15 de mayo\" \/>\n<meta name=\"robots\" content=\"index, follow, max-snippet:-1, max-image-preview:large, max-video-preview:-1\" \/>\n<link rel=\"canonical\" href=\"https:\/\/www.laguiadepamplona.com\/actualidad\/una-vision-artistica-sobre-como-nos-ha-cambiado-el-confinamiento-a-traves-de-siluetas-la-propuesta-de-inigo-labaien-en-el-polvorin-de-la-ciudadela\/\" \/>\n<meta property=\"og:locale\" content=\"es_ES\" \/>\n<meta property=\"og:type\" content=\"article\" \/>\n<meta property=\"og:title\" content=\"Una visi\u00f3n art\u00edstica sobre c\u00f3mo nos ha cambiado el confinamiento a trav\u00e9s de \u2018Siluetas\u2019, la propuesta de \u00cd\u00f1igo Labaien en el Polvor\u00edn de la Ciudadela\" \/>\n<meta property=\"og:description\" content=\"La colecci\u00f3n, compuesta por treinta fotograf\u00edas con im\u00e1genes desenfocadas en blanco y negro, se puede visitar de manera gratuita hasta el 15 de mayo\" \/>\n<meta property=\"og:url\" content=\"https:\/\/www.laguiadepamplona.com\/actualidad\/una-vision-artistica-sobre-como-nos-ha-cambiado-el-confinamiento-a-traves-de-siluetas-la-propuesta-de-inigo-labaien-en-el-polvorin-de-la-ciudadela\/\" \/>\n<meta property=\"og:site_name\" content=\"La Gu\u00eda de Pamplona\" \/>\n<meta property=\"article:publisher\" content=\"https:\/\/www.facebook.com\/laguiadepamplonacom-133175176762273\/?ref=hl\" \/>\n<meta property=\"article:published_time\" content=\"2022-04-01T10:40:31+00:00\" \/>\n<meta property=\"article:modified_time\" content=\"2023-04-11T09:48:21+00:00\" \/>\n<meta property=\"og:image\" content=\"https:\/\/www.laguiadepamplona.com\/actualidad\/wp-content\/uploads\/2022\/04\/expo-siluetas.jpeg\" \/>\n\t<meta property=\"og:image:width\" content=\"1600\" \/>\n\t<meta property=\"og:image:height\" content=\"900\" \/>\n\t<meta property=\"og:image:type\" content=\"image\/jpeg\" \/>\n<meta name=\"author\" content=\"La Gu\u00eda de Pamplona\" \/>\n<meta name=\"twitter:card\" content=\"summary_large_image\" \/>\n<meta name=\"twitter:creator\" content=\"@LaGuiadPamplona\" \/>\n<meta name=\"twitter:site\" content=\"@LaGuiadPamplona\" \/>\n<meta name=\"twitter:label1\" content=\"Escrito por\" \/>\n\t<meta name=\"twitter:data1\" content=\"La Gu\u00eda de Pamplona\" \/>\n\t<meta name=\"twitter:label2\" content=\"Tiempo de lectura\" \/>\n\t<meta name=\"twitter:data2\" content=\"4 minutos\" \/>\n<script type=\"application\/ld+json\" class=\"yoast-schema-graph\">{\"@context\":\"https:\\\/\\\/schema.org\",\"@graph\":[{\"@type\":\"Article\",\"@id\":\"https:\\\/\\\/www.laguiadepamplona.com\\\/actualidad\\\/una-vision-artistica-sobre-como-nos-ha-cambiado-el-confinamiento-a-traves-de-siluetas-la-propuesta-de-inigo-labaien-en-el-polvorin-de-la-ciudadela\\\/#article\",\"isPartOf\":{\"@id\":\"https:\\\/\\\/www.laguiadepamplona.com\\\/actualidad\\\/una-vision-artistica-sobre-como-nos-ha-cambiado-el-confinamiento-a-traves-de-siluetas-la-propuesta-de-inigo-labaien-en-el-polvorin-de-la-ciudadela\\\/\"},\"author\":{\"name\":\"La Gu\u00eda de Pamplona\",\"@id\":\"https:\\\/\\\/www.laguiadepamplona.com\\\/actualidad\\\/#\\\/schema\\\/person\\\/efe887376f0213d4657c93adc50b1fdb\"},\"headline\":\"Una visi\u00f3n art\u00edstica sobre c\u00f3mo nos ha cambiado el confinamiento a trav\u00e9s de \u2018Siluetas\u2019, la propuesta de \u00cd\u00f1igo Labaien en el Polvor\u00edn de la Ciudadela\",\"datePublished\":\"2022-04-01T10:40:31+00:00\",\"dateModified\":\"2023-04-11T09:48:21+00:00\",\"mainEntityOfPage\":{\"@id\":\"https:\\\/\\\/www.laguiadepamplona.com\\\/actualidad\\\/una-vision-artistica-sobre-como-nos-ha-cambiado-el-confinamiento-a-traves-de-siluetas-la-propuesta-de-inigo-labaien-en-el-polvorin-de-la-ciudadela\\\/\"},\"wordCount\":814,\"commentCount\":0,\"publisher\":{\"@id\":\"https:\\\/\\\/www.laguiadepamplona.com\\\/actualidad\\\/#organization\"},\"image\":{\"@id\":\"https:\\\/\\\/www.laguiadepamplona.com\\\/actualidad\\\/una-vision-artistica-sobre-como-nos-ha-cambiado-el-confinamiento-a-traves-de-siluetas-la-propuesta-de-inigo-labaien-en-el-polvorin-de-la-ciudadela\\\/#primaryimage\"},\"thumbnailUrl\":\"https:\\\/\\\/www.laguiadepamplona.com\\\/actualidad\\\/wp-content\\\/uploads\\\/2022\\\/04\\\/expo-siluetas.jpeg\",\"articleSection\":[\"Ayto Pamplona\"],\"inLanguage\":\"es\",\"potentialAction\":[{\"@type\":\"CommentAction\",\"name\":\"Comment\",\"target\":[\"https:\\\/\\\/www.laguiadepamplona.com\\\/actualidad\\\/una-vision-artistica-sobre-como-nos-ha-cambiado-el-confinamiento-a-traves-de-siluetas-la-propuesta-de-inigo-labaien-en-el-polvorin-de-la-ciudadela\\\/#respond\"]}]},{\"@type\":\"WebPage\",\"@id\":\"https:\\\/\\\/www.laguiadepamplona.com\\\/actualidad\\\/una-vision-artistica-sobre-como-nos-ha-cambiado-el-confinamiento-a-traves-de-siluetas-la-propuesta-de-inigo-labaien-en-el-polvorin-de-la-ciudadela\\\/\",\"url\":\"https:\\\/\\\/www.laguiadepamplona.com\\\/actualidad\\\/una-vision-artistica-sobre-como-nos-ha-cambiado-el-confinamiento-a-traves-de-siluetas-la-propuesta-de-inigo-labaien-en-el-polvorin-de-la-ciudadela\\\/\",\"name\":\"Una visi\u00f3n art\u00edstica sobre c\u00f3mo nos ha cambiado el confinamiento a trav\u00e9s de \u2018Siluetas\u2019, la propuesta de \u00cd\u00f1igo Labaien en el Polvor\u00edn de la Ciudadela\",\"isPartOf\":{\"@id\":\"https:\\\/\\\/www.laguiadepamplona.com\\\/actualidad\\\/#website\"},\"primaryImageOfPage\":{\"@id\":\"https:\\\/\\\/www.laguiadepamplona.com\\\/actualidad\\\/una-vision-artistica-sobre-como-nos-ha-cambiado-el-confinamiento-a-traves-de-siluetas-la-propuesta-de-inigo-labaien-en-el-polvorin-de-la-ciudadela\\\/#primaryimage\"},\"image\":{\"@id\":\"https:\\\/\\\/www.laguiadepamplona.com\\\/actualidad\\\/una-vision-artistica-sobre-como-nos-ha-cambiado-el-confinamiento-a-traves-de-siluetas-la-propuesta-de-inigo-labaien-en-el-polvorin-de-la-ciudadela\\\/#primaryimage\"},\"thumbnailUrl\":\"https:\\\/\\\/www.laguiadepamplona.com\\\/actualidad\\\/wp-content\\\/uploads\\\/2022\\\/04\\\/expo-siluetas.jpeg\",\"datePublished\":\"2022-04-01T10:40:31+00:00\",\"dateModified\":\"2023-04-11T09:48:21+00:00\",\"description\":\"La colecci\u00f3n, compuesta por treinta fotograf\u00edas con im\u00e1genes desenfocadas en blanco y negro, se puede visitar de manera gratuita hasta el 15 de mayo\",\"breadcrumb\":{\"@id\":\"https:\\\/\\\/www.laguiadepamplona.com\\\/actualidad\\\/una-vision-artistica-sobre-como-nos-ha-cambiado-el-confinamiento-a-traves-de-siluetas-la-propuesta-de-inigo-labaien-en-el-polvorin-de-la-ciudadela\\\/#breadcrumb\"},\"inLanguage\":\"es\",\"potentialAction\":[{\"@type\":\"ReadAction\",\"target\":[\"https:\\\/\\\/www.laguiadepamplona.com\\\/actualidad\\\/una-vision-artistica-sobre-como-nos-ha-cambiado-el-confinamiento-a-traves-de-siluetas-la-propuesta-de-inigo-labaien-en-el-polvorin-de-la-ciudadela\\\/\"]}]},{\"@type\":\"ImageObject\",\"inLanguage\":\"es\",\"@id\":\"https:\\\/\\\/www.laguiadepamplona.com\\\/actualidad\\\/una-vision-artistica-sobre-como-nos-ha-cambiado-el-confinamiento-a-traves-de-siluetas-la-propuesta-de-inigo-labaien-en-el-polvorin-de-la-ciudadela\\\/#primaryimage\",\"url\":\"https:\\\/\\\/www.laguiadepamplona.com\\\/actualidad\\\/wp-content\\\/uploads\\\/2022\\\/04\\\/expo-siluetas.jpeg\",\"contentUrl\":\"https:\\\/\\\/www.laguiadepamplona.com\\\/actualidad\\\/wp-content\\\/uploads\\\/2022\\\/04\\\/expo-siluetas.jpeg\",\"width\":1600,\"height\":900},{\"@type\":\"BreadcrumbList\",\"@id\":\"https:\\\/\\\/www.laguiadepamplona.com\\\/actualidad\\\/una-vision-artistica-sobre-como-nos-ha-cambiado-el-confinamiento-a-traves-de-siluetas-la-propuesta-de-inigo-labaien-en-el-polvorin-de-la-ciudadela\\\/#breadcrumb\",\"itemListElement\":[{\"@type\":\"ListItem\",\"position\":1,\"name\":\"Portada\",\"item\":\"https:\\\/\\\/www.laguiadepamplona.com\\\/actualidad\\\/\"},{\"@type\":\"ListItem\",\"position\":2,\"name\":\"Una visi\u00f3n art\u00edstica sobre c\u00f3mo nos ha cambiado el confinamiento a trav\u00e9s de \u2018Siluetas\u2019, la propuesta de \u00cd\u00f1igo Labaien en el Polvor\u00edn de la Ciudadela\"}]},{\"@type\":\"WebSite\",\"@id\":\"https:\\\/\\\/www.laguiadepamplona.com\\\/actualidad\\\/#website\",\"url\":\"https:\\\/\\\/www.laguiadepamplona.com\\\/actualidad\\\/\",\"name\":\"La gu\u00eda de Pamplona\",\"description\":\"Noticias de Pamplona\",\"publisher\":{\"@id\":\"https:\\\/\\\/www.laguiadepamplona.com\\\/actualidad\\\/#organization\"},\"potentialAction\":[{\"@type\":\"SearchAction\",\"target\":{\"@type\":\"EntryPoint\",\"urlTemplate\":\"https:\\\/\\\/www.laguiadepamplona.com\\\/actualidad\\\/?s={search_term_string}\"},\"query-input\":{\"@type\":\"PropertyValueSpecification\",\"valueRequired\":true,\"valueName\":\"search_term_string\"}}],\"inLanguage\":\"es\"},{\"@type\":\"Organization\",\"@id\":\"https:\\\/\\\/www.laguiadepamplona.com\\\/actualidad\\\/#organization\",\"name\":\"La Gu\u00eda de Pamplona \\\/ Noticias\",\"url\":\"https:\\\/\\\/www.laguiadepamplona.com\\\/actualidad\\\/\",\"logo\":{\"@type\":\"ImageObject\",\"inLanguage\":\"es\",\"@id\":\"https:\\\/\\\/www.laguiadepamplona.com\\\/actualidad\\\/#\\\/schema\\\/logo\\\/image\\\/\",\"url\":\"https:\\\/\\\/www.laguiadepamplona.com\\\/actualidad\\\/wp-content\\\/uploads\\\/2018\\\/11\\\/logo-laguiadepamplona18-web1.png\",\"contentUrl\":\"https:\\\/\\\/www.laguiadepamplona.com\\\/actualidad\\\/wp-content\\\/uploads\\\/2018\\\/11\\\/logo-laguiadepamplona18-web1.png\",\"width\":600,\"height\":196,\"caption\":\"La Gu\u00eda de Pamplona \\\/ Noticias\"},\"image\":{\"@id\":\"https:\\\/\\\/www.laguiadepamplona.com\\\/actualidad\\\/#\\\/schema\\\/logo\\\/image\\\/\"},\"sameAs\":[\"https:\\\/\\\/www.facebook.com\\\/laguiadepamplonacom-133175176762273\\\/?ref=hl\",\"https:\\\/\\\/x.com\\\/LaGuiadPamplona\",\"https:\\\/\\\/www.instagram.com\\\/la_guia_de_pamplona\\\/\",\"https:\\\/\\\/www.youtube.com\\\/user\\\/laguiadepamplona\"]},{\"@type\":\"Person\",\"@id\":\"https:\\\/\\\/www.laguiadepamplona.com\\\/actualidad\\\/#\\\/schema\\\/person\\\/efe887376f0213d4657c93adc50b1fdb\",\"name\":\"La Gu\u00eda de Pamplona\",\"image\":{\"@type\":\"ImageObject\",\"inLanguage\":\"es\",\"@id\":\"https:\\\/\\\/secure.gravatar.com\\\/avatar\\\/b6992f131dc8d30ab0dff15446e9d346d9dbd95992de0fef795073f5ea83a81c?s=96&d=mm&r=g\",\"url\":\"https:\\\/\\\/secure.gravatar.com\\\/avatar\\\/b6992f131dc8d30ab0dff15446e9d346d9dbd95992de0fef795073f5ea83a81c?s=96&d=mm&r=g\",\"contentUrl\":\"https:\\\/\\\/secure.gravatar.com\\\/avatar\\\/b6992f131dc8d30ab0dff15446e9d346d9dbd95992de0fef795073f5ea83a81c?s=96&d=mm&r=g\",\"caption\":\"La Gu\u00eda de Pamplona\"}}]}<\/script>\n<!-- \/ Yoast SEO plugin. -->","yoast_head_json":{"title":"Una visi\u00f3n art\u00edstica sobre c\u00f3mo nos ha cambiado el confinamiento a trav\u00e9s de \u2018Siluetas\u2019, la propuesta de \u00cd\u00f1igo Labaien en el Polvor\u00edn de la Ciudadela","description":"La colecci\u00f3n, compuesta por treinta fotograf\u00edas con im\u00e1genes desenfocadas en blanco y negro, se puede visitar de manera gratuita hasta el 15 de mayo","robots":{"index":"index","follow":"follow","max-snippet":"max-snippet:-1","max-image-preview":"max-image-preview:large","max-video-preview":"max-video-preview:-1"},"canonical":"https:\/\/www.laguiadepamplona.com\/actualidad\/una-vision-artistica-sobre-como-nos-ha-cambiado-el-confinamiento-a-traves-de-siluetas-la-propuesta-de-inigo-labaien-en-el-polvorin-de-la-ciudadela\/","og_locale":"es_ES","og_type":"article","og_title":"Una visi\u00f3n art\u00edstica sobre c\u00f3mo nos ha cambiado el confinamiento a trav\u00e9s de \u2018Siluetas\u2019, la propuesta de \u00cd\u00f1igo Labaien en el Polvor\u00edn de la Ciudadela","og_description":"La colecci\u00f3n, compuesta por treinta fotograf\u00edas con im\u00e1genes desenfocadas en blanco y negro, se puede visitar de manera gratuita hasta el 15 de mayo","og_url":"https:\/\/www.laguiadepamplona.com\/actualidad\/una-vision-artistica-sobre-como-nos-ha-cambiado-el-confinamiento-a-traves-de-siluetas-la-propuesta-de-inigo-labaien-en-el-polvorin-de-la-ciudadela\/","og_site_name":"La Gu\u00eda de Pamplona","article_publisher":"https:\/\/www.facebook.com\/laguiadepamplonacom-133175176762273\/?ref=hl","article_published_time":"2022-04-01T10:40:31+00:00","article_modified_time":"2023-04-11T09:48:21+00:00","og_image":[{"width":1600,"height":900,"url":"https:\/\/www.laguiadepamplona.com\/actualidad\/wp-content\/uploads\/2022\/04\/expo-siluetas.jpeg","type":"image\/jpeg"}],"author":"La Gu\u00eda de Pamplona","twitter_card":"summary_large_image","twitter_creator":"@LaGuiadPamplona","twitter_site":"@LaGuiadPamplona","twitter_misc":{"Escrito por":"La Gu\u00eda de Pamplona","Tiempo de lectura":"4 minutos"},"schema":{"@context":"https:\/\/schema.org","@graph":[{"@type":"Article","@id":"https:\/\/www.laguiadepamplona.com\/actualidad\/una-vision-artistica-sobre-como-nos-ha-cambiado-el-confinamiento-a-traves-de-siluetas-la-propuesta-de-inigo-labaien-en-el-polvorin-de-la-ciudadela\/#article","isPartOf":{"@id":"https:\/\/www.laguiadepamplona.com\/actualidad\/una-vision-artistica-sobre-como-nos-ha-cambiado-el-confinamiento-a-traves-de-siluetas-la-propuesta-de-inigo-labaien-en-el-polvorin-de-la-ciudadela\/"},"author":{"name":"La Gu\u00eda de Pamplona","@id":"https:\/\/www.laguiadepamplona.com\/actualidad\/#\/schema\/person\/efe887376f0213d4657c93adc50b1fdb"},"headline":"Una visi\u00f3n art\u00edstica sobre c\u00f3mo nos ha cambiado el confinamiento a trav\u00e9s de \u2018Siluetas\u2019, la propuesta de \u00cd\u00f1igo Labaien en el Polvor\u00edn de la Ciudadela","datePublished":"2022-04-01T10:40:31+00:00","dateModified":"2023-04-11T09:48:21+00:00","mainEntityOfPage":{"@id":"https:\/\/www.laguiadepamplona.com\/actualidad\/una-vision-artistica-sobre-como-nos-ha-cambiado-el-confinamiento-a-traves-de-siluetas-la-propuesta-de-inigo-labaien-en-el-polvorin-de-la-ciudadela\/"},"wordCount":814,"commentCount":0,"publisher":{"@id":"https:\/\/www.laguiadepamplona.com\/actualidad\/#organization"},"image":{"@id":"https:\/\/www.laguiadepamplona.com\/actualidad\/una-vision-artistica-sobre-como-nos-ha-cambiado-el-confinamiento-a-traves-de-siluetas-la-propuesta-de-inigo-labaien-en-el-polvorin-de-la-ciudadela\/#primaryimage"},"thumbnailUrl":"https:\/\/www.laguiadepamplona.com\/actualidad\/wp-content\/uploads\/2022\/04\/expo-siluetas.jpeg","articleSection":["Ayto Pamplona"],"inLanguage":"es","potentialAction":[{"@type":"CommentAction","name":"Comment","target":["https:\/\/www.laguiadepamplona.com\/actualidad\/una-vision-artistica-sobre-como-nos-ha-cambiado-el-confinamiento-a-traves-de-siluetas-la-propuesta-de-inigo-labaien-en-el-polvorin-de-la-ciudadela\/#respond"]}]},{"@type":"WebPage","@id":"https:\/\/www.laguiadepamplona.com\/actualidad\/una-vision-artistica-sobre-como-nos-ha-cambiado-el-confinamiento-a-traves-de-siluetas-la-propuesta-de-inigo-labaien-en-el-polvorin-de-la-ciudadela\/","url":"https:\/\/www.laguiadepamplona.com\/actualidad\/una-vision-artistica-sobre-como-nos-ha-cambiado-el-confinamiento-a-traves-de-siluetas-la-propuesta-de-inigo-labaien-en-el-polvorin-de-la-ciudadela\/","name":"Una visi\u00f3n art\u00edstica sobre c\u00f3mo nos ha cambiado el confinamiento a trav\u00e9s de \u2018Siluetas\u2019, la propuesta de \u00cd\u00f1igo Labaien en el Polvor\u00edn de la Ciudadela","isPartOf":{"@id":"https:\/\/www.laguiadepamplona.com\/actualidad\/#website"},"primaryImageOfPage":{"@id":"https:\/\/www.laguiadepamplona.com\/actualidad\/una-vision-artistica-sobre-como-nos-ha-cambiado-el-confinamiento-a-traves-de-siluetas-la-propuesta-de-inigo-labaien-en-el-polvorin-de-la-ciudadela\/#primaryimage"},"image":{"@id":"https:\/\/www.laguiadepamplona.com\/actualidad\/una-vision-artistica-sobre-como-nos-ha-cambiado-el-confinamiento-a-traves-de-siluetas-la-propuesta-de-inigo-labaien-en-el-polvorin-de-la-ciudadela\/#primaryimage"},"thumbnailUrl":"https:\/\/www.laguiadepamplona.com\/actualidad\/wp-content\/uploads\/2022\/04\/expo-siluetas.jpeg","datePublished":"2022-04-01T10:40:31+00:00","dateModified":"2023-04-11T09:48:21+00:00","description":"La colecci\u00f3n, compuesta por treinta fotograf\u00edas con im\u00e1genes desenfocadas en blanco y negro, se puede visitar de manera gratuita hasta el 15 de mayo","breadcrumb":{"@id":"https:\/\/www.laguiadepamplona.com\/actualidad\/una-vision-artistica-sobre-como-nos-ha-cambiado-el-confinamiento-a-traves-de-siluetas-la-propuesta-de-inigo-labaien-en-el-polvorin-de-la-ciudadela\/#breadcrumb"},"inLanguage":"es","potentialAction":[{"@type":"ReadAction","target":["https:\/\/www.laguiadepamplona.com\/actualidad\/una-vision-artistica-sobre-como-nos-ha-cambiado-el-confinamiento-a-traves-de-siluetas-la-propuesta-de-inigo-labaien-en-el-polvorin-de-la-ciudadela\/"]}]},{"@type":"ImageObject","inLanguage":"es","@id":"https:\/\/www.laguiadepamplona.com\/actualidad\/una-vision-artistica-sobre-como-nos-ha-cambiado-el-confinamiento-a-traves-de-siluetas-la-propuesta-de-inigo-labaien-en-el-polvorin-de-la-ciudadela\/#primaryimage","url":"https:\/\/www.laguiadepamplona.com\/actualidad\/wp-content\/uploads\/2022\/04\/expo-siluetas.jpeg","contentUrl":"https:\/\/www.laguiadepamplona.com\/actualidad\/wp-content\/uploads\/2022\/04\/expo-siluetas.jpeg","width":1600,"height":900},{"@type":"BreadcrumbList","@id":"https:\/\/www.laguiadepamplona.com\/actualidad\/una-vision-artistica-sobre-como-nos-ha-cambiado-el-confinamiento-a-traves-de-siluetas-la-propuesta-de-inigo-labaien-en-el-polvorin-de-la-ciudadela\/#breadcrumb","itemListElement":[{"@type":"ListItem","position":1,"name":"Portada","item":"https:\/\/www.laguiadepamplona.com\/actualidad\/"},{"@type":"ListItem","position":2,"name":"Una visi\u00f3n art\u00edstica sobre c\u00f3mo nos ha cambiado el confinamiento a trav\u00e9s de \u2018Siluetas\u2019, la propuesta de \u00cd\u00f1igo Labaien en el Polvor\u00edn de la Ciudadela"}]},{"@type":"WebSite","@id":"https:\/\/www.laguiadepamplona.com\/actualidad\/#website","url":"https:\/\/www.laguiadepamplona.com\/actualidad\/","name":"La gu\u00eda de Pamplona","description":"Noticias de Pamplona","publisher":{"@id":"https:\/\/www.laguiadepamplona.com\/actualidad\/#organization"},"potentialAction":[{"@type":"SearchAction","target":{"@type":"EntryPoint","urlTemplate":"https:\/\/www.laguiadepamplona.com\/actualidad\/?s={search_term_string}"},"query-input":{"@type":"PropertyValueSpecification","valueRequired":true,"valueName":"search_term_string"}}],"inLanguage":"es"},{"@type":"Organization","@id":"https:\/\/www.laguiadepamplona.com\/actualidad\/#organization","name":"La Gu\u00eda de Pamplona \/ Noticias","url":"https:\/\/www.laguiadepamplona.com\/actualidad\/","logo":{"@type":"ImageObject","inLanguage":"es","@id":"https:\/\/www.laguiadepamplona.com\/actualidad\/#\/schema\/logo\/image\/","url":"https:\/\/www.laguiadepamplona.com\/actualidad\/wp-content\/uploads\/2018\/11\/logo-laguiadepamplona18-web1.png","contentUrl":"https:\/\/www.laguiadepamplona.com\/actualidad\/wp-content\/uploads\/2018\/11\/logo-laguiadepamplona18-web1.png","width":600,"height":196,"caption":"La Gu\u00eda de Pamplona \/ Noticias"},"image":{"@id":"https:\/\/www.laguiadepamplona.com\/actualidad\/#\/schema\/logo\/image\/"},"sameAs":["https:\/\/www.facebook.com\/laguiadepamplonacom-133175176762273\/?ref=hl","https:\/\/x.com\/LaGuiadPamplona","https:\/\/www.instagram.com\/la_guia_de_pamplona\/","https:\/\/www.youtube.com\/user\/laguiadepamplona"]},{"@type":"Person","@id":"https:\/\/www.laguiadepamplona.com\/actualidad\/#\/schema\/person\/efe887376f0213d4657c93adc50b1fdb","name":"La Gu\u00eda de Pamplona","image":{"@type":"ImageObject","inLanguage":"es","@id":"https:\/\/secure.gravatar.com\/avatar\/b6992f131dc8d30ab0dff15446e9d346d9dbd95992de0fef795073f5ea83a81c?s=96&d=mm&r=g","url":"https:\/\/secure.gravatar.com\/avatar\/b6992f131dc8d30ab0dff15446e9d346d9dbd95992de0fef795073f5ea83a81c?s=96&d=mm&r=g","contentUrl":"https:\/\/secure.gravatar.com\/avatar\/b6992f131dc8d30ab0dff15446e9d346d9dbd95992de0fef795073f5ea83a81c?s=96&d=mm&r=g","caption":"La Gu\u00eda de Pamplona"}}]}},"post_mailing_queue_ids":[],"_links":{"self":[{"href":"https:\/\/www.laguiadepamplona.com\/actualidad\/wp-json\/wp\/v2\/posts\/39802","targetHints":{"allow":["GET"]}}],"collection":[{"href":"https:\/\/www.laguiadepamplona.com\/actualidad\/wp-json\/wp\/v2\/posts"}],"about":[{"href":"https:\/\/www.laguiadepamplona.com\/actualidad\/wp-json\/wp\/v2\/types\/post"}],"author":[{"embeddable":true,"href":"https:\/\/www.laguiadepamplona.com\/actualidad\/wp-json\/wp\/v2\/users\/1"}],"replies":[{"embeddable":true,"href":"https:\/\/www.laguiadepamplona.com\/actualidad\/wp-json\/wp\/v2\/comments?post=39802"}],"version-history":[{"count":0,"href":"https:\/\/www.laguiadepamplona.com\/actualidad\/wp-json\/wp\/v2\/posts\/39802\/revisions"}],"wp:featuredmedia":[{"embeddable":true,"href":"https:\/\/www.laguiadepamplona.com\/actualidad\/wp-json\/wp\/v2\/media\/39803"}],"wp:attachment":[{"href":"https:\/\/www.laguiadepamplona.com\/actualidad\/wp-json\/wp\/v2\/media?parent=39802"}],"wp:term":[{"taxonomy":"category","embeddable":true,"href":"https:\/\/www.laguiadepamplona.com\/actualidad\/wp-json\/wp\/v2\/categories?post=39802"},{"taxonomy":"post_tag","embeddable":true,"href":"https:\/\/www.laguiadepamplona.com\/actualidad\/wp-json\/wp\/v2\/tags?post=39802"}],"curies":[{"name":"wp","href":"https:\/\/api.w.org\/{rel}","templated":true}]}}