{"id":39799,"date":"2022-03-31T12:30:17","date_gmt":"2022-03-31T10:30:17","guid":{"rendered":"https:\/\/www.laguiadepamplona.com\/actualidad\/?p=39799"},"modified":"2023-04-11T11:48:21","modified_gmt":"2023-04-11T09:48:21","slug":"el-ayuntamiento-entra-en-el-proyecto-european-city-facility-eucf-con-una-propuesta-vinculada-a-la-energia-que-ha-sido-elegida-de-entre-las-mas-de-230-presentadas","status":"publish","type":"post","link":"https:\/\/www.laguiadepamplona.com\/actualidad\/el-ayuntamiento-entra-en-el-proyecto-european-city-facility-eucf-con-una-propuesta-vinculada-a-la-energia-que-ha-sido-elegida-de-entre-las-mas-de-230-presentadas\/","title":{"rendered":"El Ayuntamiento entra en el Proyecto European City Facility (EUCF) con una propuesta vinculada a la energ\u00eda que ha sido elegida de entre las m\u00e1s de 230 presentadas"},"content":{"rendered":"<h5>El trabajo busca definir c\u00f3mo movilizar inversiones en energ\u00edas renovables y eficiencia energ\u00e9tica mediante comunidades energ\u00e9ticas<\/h5>\n<p><!--more--><\/p>\n<p>El Ayuntamiento de Pamplona participa en estos momentos en dos proyectos europeos vinculados a la sostenibilidad energ\u00e9tica, en los que sigue dando pasos. Hoy en el edificio municipal de la calle Descalzos, 56 se ha reunido el equipo multidisciplinar que est\u00e1 desarrollando la propuesta municipal en del proyecto European City Facility (EUCF). Ayer en el Museo de Educaci\u00f3n Ambiental se present\u00f3 la propuesta Plan de Acci\u00f3n Local de la ciudad que se inscribe en el Proyecto POTEnT ante m\u00e1s de 30 personas de diferentes entidades externas y departamentos del Ayuntamiento.<\/p>\n<p>Estas acciones, que coordina la Oficina Estrat\u00e9gica municipal con la colaboraci\u00f3n de la Agencia Energ\u00e9tica de Pamplona, busca dar pasos para lograr el efectivo cumplimiento de la Estrategia de Transici\u00f3n Energ\u00e9tica y Cambio Clim\u00e1tico 2030 en lo relativo a uso sostenible de la energ\u00eda y as\u00ed contribuir como ciudad a combatir el cambio clim\u00e1tico, y se enmarcan en la Estrategia Go Green Pamplona.<\/p>\n<p>En el proyecto EUCF hoy se trabajaba sobre la propuesta de la ciudad que, bajo el t\u00edtulo Pamplona: Local Energy Communities Fostering Positive Energy Districts\u2019 se centra en las comunidades energ\u00e9ticas como la que desde el Ayuntamiento se est\u00e1 implementando en Mendillorri y en la creaci\u00f3n de distritos positivos de energ\u00eda verde, como el de Rochapea, del que se est\u00e1n dando los primeros pasos en el marco del Proyecto oPEN Lab.<br \/>\n<script async src=\"\/\/pagead2.googlesyndication.com\/pagead\/js\/adsbygoogle.js\"><\/script><br \/>\n<!-- Noticias La Guia de Pamplona --><br \/>\n<ins class=\"adsbygoogle\"\nstyle=\"display:block\"\ndata-ad-client=\"ca-pub-6943679897239327\"\ndata-ad-slot=\"7048180777\"\ndata-ad-format=\"auto\"><\/ins><br \/>\n<script>\n(adsbygoogle = window.adsbygoogle || []).push({});\n<\/script><\/p>\n<p><strong>Un trabajo para establecer par\u00e1metros<\/strong><\/p>\n<p>La propuesta de Pamplona es hacer el estudio y desarrollo de un \u2018concepto de inversi\u00f3n\u2019 en torno a las comunidades energ\u00e9ticas, de forma que se defina, de la forma m\u00e1s precisa posible, c\u00f3mo pueden hacerse las inversiones necesarias para ponerlas en marcha. Tambi\u00e9n para establecer un criterio sobre los actores implicados en las mismas y las actividades que estas podr\u00e1n realizar en torno a la generaci\u00f3n de energ\u00eda renovable, tanto el\u00e9ctrica, como t\u00e9rmica, la rehabilitaci\u00f3n o la movilidad. Este proyecto ha sido elegido entre m\u00e1s de 230 propuestas y tienen una dotaci\u00f3n de 60.000 euros.<\/p>\n<p>Con la reuni\u00f3n de esta ma\u00f1ana ha comenzado el trabajo que ser\u00e1 coordinado por la Agencia Energ\u00e9tica municipal y tambi\u00e9n involucrar\u00e1 a varias \u00e1reas municipales Comunidades energ\u00e9ticas y distritos de energ\u00eda verde<\/p>\n<p>Las comunidades energ\u00e9ticas se consideran una herramienta clave en la lucha contra el cambio clim\u00e1tico y la transici\u00f3n energ\u00e9tica. Al igual que lo que sucede en una comunidad de vecinos, el objetivo de ese trabajo com\u00fan es beneficiarse colectivamente de las mismas instalaciones de generaci\u00f3n u otras medidas situadas en el entorno de la comunidad. Como efecto a\u00f1adido, el barrio se beneficia en t\u00e9rminos medioambientales y sociales de la actividad, ya que las comunidades energ\u00e9ticas son, principalmente, un concepto social donde la gobernanza de ciudadanos, pymes y autoridades locales es esencial. La comunidad energ\u00e9tica que se propone constituir en Mendillorri utilizar\u00e1 como semilla para empezar a trabajar la instalaci\u00f3n fotovoltaica de autoconsumo compartido instalada en el CP El Lago &#8211; Mendigoiti IP de 100 kW, con capacidad para generar una media anual de 109.498 kWh.<\/p>\n<p>En el caso de los distritos positivos de energ\u00eda verde se trata de identificar paquetes de soluciones replicables y comercialmente viables que permitan crear barrios que produzcan m\u00e1s energ\u00eda de la que consumen. Deben ser vecindarios en contextos urbanos que est\u00e9n integrados en un sistema energ\u00e9tico local como un centro activo de micro-energ\u00eda. El ensayo en este \u00e1mbito est\u00e1 proyectado en Rochapea a trav\u00e9s del proyecto europeo Open Lab, una propuesta que implica colaboraci\u00f3n p\u00fablico-privada a trav\u00e9s de la rehabilitaci\u00f3n de un edificio no residencial (IWER) y la aportaci\u00f3n de los bloques de viviendas del Grupo San Pedro. Ambos espacios se convertir\u00e1n en el germen de un barrio de energ\u00eda positiva gracias a las energ\u00edas renovables distribuidas y su gesti\u00f3n inteligente.<br \/>\n<script async src=\"\/\/pagead2.googlesyndication.com\/pagead\/js\/adsbygoogle.js\"><\/script><br \/>\n<!-- Noticias La Guia de Pamplona --><br \/>\n<ins class=\"adsbygoogle\"\nstyle=\"display:block\"\ndata-ad-client=\"ca-pub-6943679897239327\"\ndata-ad-slot=\"7048180777\"\ndata-ad-format=\"auto\"><\/ins><br \/>\n<script>\n(adsbygoogle = window.adsbygoogle || []).push({});\n<\/script><\/p>\n<p><strong>Propuesta de Plan de Acci\u00f3n Local<\/strong><\/p>\n<p>Por otra parte, ayer se present\u00f3 la propuesta de Plan de Acci\u00f3n Local de Pamplona dentro del Proyecto POTEnT que respaldan los fondos Interreg Europe. El proyecto busca obtener una reducci\u00f3n de carbono un 10 % superior a lo esperado o previsto para el a\u00f1o 2023 mediante la mejora de la prestaci\u00f3n de servicios energ\u00e9ticos por parte de las autoridades p\u00fablicas.<\/p>\n<p>En la reuni\u00f3n de trabajo en el Museo de Educaci\u00f3n Ambiental participaron un grupo de prescriptores locales e <em>import workshop,<\/em> ante los que se desganaron las dos acciones de la propuesta municipal: por un lado, el desarrollo de la comunidad energ\u00e9tica local de Mendillorri y su replicabilidad a otras zonas de la ciudad y, por otro, el desarrollo de una Red de Oficinas de Informaci\u00f3n Energ\u00e9tica de cara a las consultas de ciudadan\u00eda, tejido empresarial y otras instituciones.<\/p>\n<p>En ese foro se presentaron tambi\u00e9n las buenas pr\u00e1cticas emprendidas por una ciudad sueca y otra italiana que han servido de base para el desarrollo del trabajo de Pamplona y los informes que la Agencia Energ\u00e9tica ha llevado a cabo en el marco de este proyecto.<\/p>\n","protected":false},"excerpt":{"rendered":"<p>El trabajo busca definir c\u00f3mo movilizar inversiones en energ\u00edas renovables y eficiencia energ\u00e9tica mediante comunidades energ\u00e9ticas<\/p>\n","protected":false},"author":1,"featured_media":39800,"comment_status":"open","ping_status":"closed","sticky":false,"template":"","format":"standard","meta":{"footnotes":""},"categories":[2],"tags":[],"class_list":["post-39799","post","type-post","status-publish","format-standard","has-post-thumbnail","hentry","category-ayuntamiento-pamplona"],"yoast_head":"<!-- This site is optimized with the Yoast SEO plugin v27.3 - https:\/\/yoast.com\/product\/yoast-seo-wordpress\/ -->\n<title>El Ayuntamiento entra en el Proyecto European City Facility (EUCF) con una propuesta vinculada a la energ\u00eda que ha sido elegida de entre las m\u00e1s de 230 presentadas<\/title>\n<meta name=\"description\" content=\"El trabajo busca definir c\u00f3mo movilizar inversiones en energ\u00edas renovables y eficiencia energ\u00e9tica mediante comunidades energ\u00e9ticas\" \/>\n<meta name=\"robots\" content=\"index, follow, max-snippet:-1, max-image-preview:large, max-video-preview:-1\" \/>\n<link rel=\"canonical\" href=\"https:\/\/www.laguiadepamplona.com\/actualidad\/el-ayuntamiento-entra-en-el-proyecto-european-city-facility-eucf-con-una-propuesta-vinculada-a-la-energia-que-ha-sido-elegida-de-entre-las-mas-de-230-presentadas\/\" \/>\n<meta property=\"og:locale\" content=\"es_ES\" \/>\n<meta property=\"og:type\" content=\"article\" \/>\n<meta property=\"og:title\" content=\"El Ayuntamiento entra en el Proyecto European City Facility (EUCF) con una propuesta vinculada a la energ\u00eda que ha sido elegida de entre las m\u00e1s de 230 presentadas\" \/>\n<meta property=\"og:description\" content=\"El trabajo busca definir c\u00f3mo movilizar inversiones en energ\u00edas renovables y eficiencia energ\u00e9tica mediante comunidades energ\u00e9ticas\" \/>\n<meta property=\"og:url\" content=\"https:\/\/www.laguiadepamplona.com\/actualidad\/el-ayuntamiento-entra-en-el-proyecto-european-city-facility-eucf-con-una-propuesta-vinculada-a-la-energia-que-ha-sido-elegida-de-entre-las-mas-de-230-presentadas\/\" \/>\n<meta property=\"og:site_name\" content=\"La Gu\u00eda de Pamplona\" \/>\n<meta property=\"article:publisher\" content=\"https:\/\/www.facebook.com\/laguiadepamplonacom-133175176762273\/?ref=hl\" \/>\n<meta property=\"article:published_time\" content=\"2022-03-31T10:30:17+00:00\" \/>\n<meta property=\"article:modified_time\" content=\"2023-04-11T09:48:21+00:00\" \/>\n<meta property=\"og:image\" content=\"https:\/\/www.laguiadepamplona.com\/actualidad\/wp-content\/uploads\/2022\/03\/220330reunionpotentmuseo.jpg\" \/>\n\t<meta property=\"og:image:width\" content=\"1920\" \/>\n\t<meta property=\"og:image:height\" content=\"1080\" \/>\n\t<meta property=\"og:image:type\" content=\"image\/jpeg\" \/>\n<meta name=\"author\" content=\"La Gu\u00eda de Pamplona\" \/>\n<meta name=\"twitter:card\" content=\"summary_large_image\" \/>\n<meta name=\"twitter:creator\" content=\"@LaGuiadPamplona\" \/>\n<meta name=\"twitter:site\" content=\"@LaGuiadPamplona\" \/>\n<meta name=\"twitter:label1\" content=\"Escrito por\" \/>\n\t<meta name=\"twitter:data1\" content=\"La Gu\u00eda de Pamplona\" \/>\n\t<meta name=\"twitter:label2\" content=\"Tiempo de lectura\" \/>\n\t<meta name=\"twitter:data2\" content=\"4 minutos\" \/>\n<script type=\"application\/ld+json\" class=\"yoast-schema-graph\">{\"@context\":\"https:\\\/\\\/schema.org\",\"@graph\":[{\"@type\":\"Article\",\"@id\":\"https:\\\/\\\/www.laguiadepamplona.com\\\/actualidad\\\/el-ayuntamiento-entra-en-el-proyecto-european-city-facility-eucf-con-una-propuesta-vinculada-a-la-energia-que-ha-sido-elegida-de-entre-las-mas-de-230-presentadas\\\/#article\",\"isPartOf\":{\"@id\":\"https:\\\/\\\/www.laguiadepamplona.com\\\/actualidad\\\/el-ayuntamiento-entra-en-el-proyecto-european-city-facility-eucf-con-una-propuesta-vinculada-a-la-energia-que-ha-sido-elegida-de-entre-las-mas-de-230-presentadas\\\/\"},\"author\":{\"name\":\"La Gu\u00eda de Pamplona\",\"@id\":\"https:\\\/\\\/www.laguiadepamplona.com\\\/actualidad\\\/#\\\/schema\\\/person\\\/efe887376f0213d4657c93adc50b1fdb\"},\"headline\":\"El Ayuntamiento entra en el Proyecto European City Facility (EUCF) con una propuesta vinculada a la energ\u00eda que ha sido elegida de entre las m\u00e1s de 230 presentadas\",\"datePublished\":\"2022-03-31T10:30:17+00:00\",\"dateModified\":\"2023-04-11T09:48:21+00:00\",\"mainEntityOfPage\":{\"@id\":\"https:\\\/\\\/www.laguiadepamplona.com\\\/actualidad\\\/el-ayuntamiento-entra-en-el-proyecto-european-city-facility-eucf-con-una-propuesta-vinculada-a-la-energia-que-ha-sido-elegida-de-entre-las-mas-de-230-presentadas\\\/\"},\"wordCount\":922,\"commentCount\":0,\"publisher\":{\"@id\":\"https:\\\/\\\/www.laguiadepamplona.com\\\/actualidad\\\/#organization\"},\"image\":{\"@id\":\"https:\\\/\\\/www.laguiadepamplona.com\\\/actualidad\\\/el-ayuntamiento-entra-en-el-proyecto-european-city-facility-eucf-con-una-propuesta-vinculada-a-la-energia-que-ha-sido-elegida-de-entre-las-mas-de-230-presentadas\\\/#primaryimage\"},\"thumbnailUrl\":\"https:\\\/\\\/www.laguiadepamplona.com\\\/actualidad\\\/wp-content\\\/uploads\\\/2022\\\/03\\\/220330reunionpotentmuseo.jpg\",\"articleSection\":[\"Ayto Pamplona\"],\"inLanguage\":\"es\",\"potentialAction\":[{\"@type\":\"CommentAction\",\"name\":\"Comment\",\"target\":[\"https:\\\/\\\/www.laguiadepamplona.com\\\/actualidad\\\/el-ayuntamiento-entra-en-el-proyecto-european-city-facility-eucf-con-una-propuesta-vinculada-a-la-energia-que-ha-sido-elegida-de-entre-las-mas-de-230-presentadas\\\/#respond\"]}]},{\"@type\":\"WebPage\",\"@id\":\"https:\\\/\\\/www.laguiadepamplona.com\\\/actualidad\\\/el-ayuntamiento-entra-en-el-proyecto-european-city-facility-eucf-con-una-propuesta-vinculada-a-la-energia-que-ha-sido-elegida-de-entre-las-mas-de-230-presentadas\\\/\",\"url\":\"https:\\\/\\\/www.laguiadepamplona.com\\\/actualidad\\\/el-ayuntamiento-entra-en-el-proyecto-european-city-facility-eucf-con-una-propuesta-vinculada-a-la-energia-que-ha-sido-elegida-de-entre-las-mas-de-230-presentadas\\\/\",\"name\":\"El Ayuntamiento entra en el Proyecto European City Facility (EUCF) con una propuesta vinculada a la energ\u00eda que ha sido elegida de entre las m\u00e1s de 230 presentadas\",\"isPartOf\":{\"@id\":\"https:\\\/\\\/www.laguiadepamplona.com\\\/actualidad\\\/#website\"},\"primaryImageOfPage\":{\"@id\":\"https:\\\/\\\/www.laguiadepamplona.com\\\/actualidad\\\/el-ayuntamiento-entra-en-el-proyecto-european-city-facility-eucf-con-una-propuesta-vinculada-a-la-energia-que-ha-sido-elegida-de-entre-las-mas-de-230-presentadas\\\/#primaryimage\"},\"image\":{\"@id\":\"https:\\\/\\\/www.laguiadepamplona.com\\\/actualidad\\\/el-ayuntamiento-entra-en-el-proyecto-european-city-facility-eucf-con-una-propuesta-vinculada-a-la-energia-que-ha-sido-elegida-de-entre-las-mas-de-230-presentadas\\\/#primaryimage\"},\"thumbnailUrl\":\"https:\\\/\\\/www.laguiadepamplona.com\\\/actualidad\\\/wp-content\\\/uploads\\\/2022\\\/03\\\/220330reunionpotentmuseo.jpg\",\"datePublished\":\"2022-03-31T10:30:17+00:00\",\"dateModified\":\"2023-04-11T09:48:21+00:00\",\"description\":\"El trabajo busca definir c\u00f3mo movilizar inversiones en energ\u00edas renovables y eficiencia energ\u00e9tica mediante comunidades energ\u00e9ticas\",\"breadcrumb\":{\"@id\":\"https:\\\/\\\/www.laguiadepamplona.com\\\/actualidad\\\/el-ayuntamiento-entra-en-el-proyecto-european-city-facility-eucf-con-una-propuesta-vinculada-a-la-energia-que-ha-sido-elegida-de-entre-las-mas-de-230-presentadas\\\/#breadcrumb\"},\"inLanguage\":\"es\",\"potentialAction\":[{\"@type\":\"ReadAction\",\"target\":[\"https:\\\/\\\/www.laguiadepamplona.com\\\/actualidad\\\/el-ayuntamiento-entra-en-el-proyecto-european-city-facility-eucf-con-una-propuesta-vinculada-a-la-energia-que-ha-sido-elegida-de-entre-las-mas-de-230-presentadas\\\/\"]}]},{\"@type\":\"ImageObject\",\"inLanguage\":\"es\",\"@id\":\"https:\\\/\\\/www.laguiadepamplona.com\\\/actualidad\\\/el-ayuntamiento-entra-en-el-proyecto-european-city-facility-eucf-con-una-propuesta-vinculada-a-la-energia-que-ha-sido-elegida-de-entre-las-mas-de-230-presentadas\\\/#primaryimage\",\"url\":\"https:\\\/\\\/www.laguiadepamplona.com\\\/actualidad\\\/wp-content\\\/uploads\\\/2022\\\/03\\\/220330reunionpotentmuseo.jpg\",\"contentUrl\":\"https:\\\/\\\/www.laguiadepamplona.com\\\/actualidad\\\/wp-content\\\/uploads\\\/2022\\\/03\\\/220330reunionpotentmuseo.jpg\",\"width\":1920,\"height\":1080},{\"@type\":\"BreadcrumbList\",\"@id\":\"https:\\\/\\\/www.laguiadepamplona.com\\\/actualidad\\\/el-ayuntamiento-entra-en-el-proyecto-european-city-facility-eucf-con-una-propuesta-vinculada-a-la-energia-que-ha-sido-elegida-de-entre-las-mas-de-230-presentadas\\\/#breadcrumb\",\"itemListElement\":[{\"@type\":\"ListItem\",\"position\":1,\"name\":\"Portada\",\"item\":\"https:\\\/\\\/www.laguiadepamplona.com\\\/actualidad\\\/\"},{\"@type\":\"ListItem\",\"position\":2,\"name\":\"El Ayuntamiento entra en el Proyecto European City Facility (EUCF) con una propuesta vinculada a la energ\u00eda que ha sido elegida de entre las m\u00e1s de 230 presentadas\"}]},{\"@type\":\"WebSite\",\"@id\":\"https:\\\/\\\/www.laguiadepamplona.com\\\/actualidad\\\/#website\",\"url\":\"https:\\\/\\\/www.laguiadepamplona.com\\\/actualidad\\\/\",\"name\":\"La gu\u00eda de Pamplona\",\"description\":\"Noticias de Pamplona\",\"publisher\":{\"@id\":\"https:\\\/\\\/www.laguiadepamplona.com\\\/actualidad\\\/#organization\"},\"potentialAction\":[{\"@type\":\"SearchAction\",\"target\":{\"@type\":\"EntryPoint\",\"urlTemplate\":\"https:\\\/\\\/www.laguiadepamplona.com\\\/actualidad\\\/?s={search_term_string}\"},\"query-input\":{\"@type\":\"PropertyValueSpecification\",\"valueRequired\":true,\"valueName\":\"search_term_string\"}}],\"inLanguage\":\"es\"},{\"@type\":\"Organization\",\"@id\":\"https:\\\/\\\/www.laguiadepamplona.com\\\/actualidad\\\/#organization\",\"name\":\"La Gu\u00eda de Pamplona \\\/ Noticias\",\"url\":\"https:\\\/\\\/www.laguiadepamplona.com\\\/actualidad\\\/\",\"logo\":{\"@type\":\"ImageObject\",\"inLanguage\":\"es\",\"@id\":\"https:\\\/\\\/www.laguiadepamplona.com\\\/actualidad\\\/#\\\/schema\\\/logo\\\/image\\\/\",\"url\":\"https:\\\/\\\/www.laguiadepamplona.com\\\/actualidad\\\/wp-content\\\/uploads\\\/2018\\\/11\\\/logo-laguiadepamplona18-web1.png\",\"contentUrl\":\"https:\\\/\\\/www.laguiadepamplona.com\\\/actualidad\\\/wp-content\\\/uploads\\\/2018\\\/11\\\/logo-laguiadepamplona18-web1.png\",\"width\":600,\"height\":196,\"caption\":\"La Gu\u00eda de Pamplona \\\/ Noticias\"},\"image\":{\"@id\":\"https:\\\/\\\/www.laguiadepamplona.com\\\/actualidad\\\/#\\\/schema\\\/logo\\\/image\\\/\"},\"sameAs\":[\"https:\\\/\\\/www.facebook.com\\\/laguiadepamplonacom-133175176762273\\\/?ref=hl\",\"https:\\\/\\\/x.com\\\/LaGuiadPamplona\",\"https:\\\/\\\/www.instagram.com\\\/la_guia_de_pamplona\\\/\",\"https:\\\/\\\/www.youtube.com\\\/user\\\/laguiadepamplona\"]},{\"@type\":\"Person\",\"@id\":\"https:\\\/\\\/www.laguiadepamplona.com\\\/actualidad\\\/#\\\/schema\\\/person\\\/efe887376f0213d4657c93adc50b1fdb\",\"name\":\"La Gu\u00eda de Pamplona\",\"image\":{\"@type\":\"ImageObject\",\"inLanguage\":\"es\",\"@id\":\"https:\\\/\\\/secure.gravatar.com\\\/avatar\\\/b6992f131dc8d30ab0dff15446e9d346d9dbd95992de0fef795073f5ea83a81c?s=96&d=mm&r=g\",\"url\":\"https:\\\/\\\/secure.gravatar.com\\\/avatar\\\/b6992f131dc8d30ab0dff15446e9d346d9dbd95992de0fef795073f5ea83a81c?s=96&d=mm&r=g\",\"contentUrl\":\"https:\\\/\\\/secure.gravatar.com\\\/avatar\\\/b6992f131dc8d30ab0dff15446e9d346d9dbd95992de0fef795073f5ea83a81c?s=96&d=mm&r=g\",\"caption\":\"La Gu\u00eda de Pamplona\"}}]}<\/script>\n<!-- \/ Yoast SEO plugin. -->","yoast_head_json":{"title":"El Ayuntamiento entra en el Proyecto European City Facility (EUCF) con una propuesta vinculada a la energ\u00eda que ha sido elegida de entre las m\u00e1s de 230 presentadas","description":"El trabajo busca definir c\u00f3mo movilizar inversiones en energ\u00edas renovables y eficiencia energ\u00e9tica mediante comunidades energ\u00e9ticas","robots":{"index":"index","follow":"follow","max-snippet":"max-snippet:-1","max-image-preview":"max-image-preview:large","max-video-preview":"max-video-preview:-1"},"canonical":"https:\/\/www.laguiadepamplona.com\/actualidad\/el-ayuntamiento-entra-en-el-proyecto-european-city-facility-eucf-con-una-propuesta-vinculada-a-la-energia-que-ha-sido-elegida-de-entre-las-mas-de-230-presentadas\/","og_locale":"es_ES","og_type":"article","og_title":"El Ayuntamiento entra en el Proyecto European City Facility (EUCF) con una propuesta vinculada a la energ\u00eda que ha sido elegida de entre las m\u00e1s de 230 presentadas","og_description":"El trabajo busca definir c\u00f3mo movilizar inversiones en energ\u00edas renovables y eficiencia energ\u00e9tica mediante comunidades energ\u00e9ticas","og_url":"https:\/\/www.laguiadepamplona.com\/actualidad\/el-ayuntamiento-entra-en-el-proyecto-european-city-facility-eucf-con-una-propuesta-vinculada-a-la-energia-que-ha-sido-elegida-de-entre-las-mas-de-230-presentadas\/","og_site_name":"La Gu\u00eda de Pamplona","article_publisher":"https:\/\/www.facebook.com\/laguiadepamplonacom-133175176762273\/?ref=hl","article_published_time":"2022-03-31T10:30:17+00:00","article_modified_time":"2023-04-11T09:48:21+00:00","og_image":[{"width":1920,"height":1080,"url":"https:\/\/www.laguiadepamplona.com\/actualidad\/wp-content\/uploads\/2022\/03\/220330reunionpotentmuseo.jpg","type":"image\/jpeg"}],"author":"La Gu\u00eda de Pamplona","twitter_card":"summary_large_image","twitter_creator":"@LaGuiadPamplona","twitter_site":"@LaGuiadPamplona","twitter_misc":{"Escrito por":"La Gu\u00eda de Pamplona","Tiempo de lectura":"4 minutos"},"schema":{"@context":"https:\/\/schema.org","@graph":[{"@type":"Article","@id":"https:\/\/www.laguiadepamplona.com\/actualidad\/el-ayuntamiento-entra-en-el-proyecto-european-city-facility-eucf-con-una-propuesta-vinculada-a-la-energia-que-ha-sido-elegida-de-entre-las-mas-de-230-presentadas\/#article","isPartOf":{"@id":"https:\/\/www.laguiadepamplona.com\/actualidad\/el-ayuntamiento-entra-en-el-proyecto-european-city-facility-eucf-con-una-propuesta-vinculada-a-la-energia-que-ha-sido-elegida-de-entre-las-mas-de-230-presentadas\/"},"author":{"name":"La Gu\u00eda de Pamplona","@id":"https:\/\/www.laguiadepamplona.com\/actualidad\/#\/schema\/person\/efe887376f0213d4657c93adc50b1fdb"},"headline":"El Ayuntamiento entra en el Proyecto European City Facility (EUCF) con una propuesta vinculada a la energ\u00eda que ha sido elegida de entre las m\u00e1s de 230 presentadas","datePublished":"2022-03-31T10:30:17+00:00","dateModified":"2023-04-11T09:48:21+00:00","mainEntityOfPage":{"@id":"https:\/\/www.laguiadepamplona.com\/actualidad\/el-ayuntamiento-entra-en-el-proyecto-european-city-facility-eucf-con-una-propuesta-vinculada-a-la-energia-que-ha-sido-elegida-de-entre-las-mas-de-230-presentadas\/"},"wordCount":922,"commentCount":0,"publisher":{"@id":"https:\/\/www.laguiadepamplona.com\/actualidad\/#organization"},"image":{"@id":"https:\/\/www.laguiadepamplona.com\/actualidad\/el-ayuntamiento-entra-en-el-proyecto-european-city-facility-eucf-con-una-propuesta-vinculada-a-la-energia-que-ha-sido-elegida-de-entre-las-mas-de-230-presentadas\/#primaryimage"},"thumbnailUrl":"https:\/\/www.laguiadepamplona.com\/actualidad\/wp-content\/uploads\/2022\/03\/220330reunionpotentmuseo.jpg","articleSection":["Ayto Pamplona"],"inLanguage":"es","potentialAction":[{"@type":"CommentAction","name":"Comment","target":["https:\/\/www.laguiadepamplona.com\/actualidad\/el-ayuntamiento-entra-en-el-proyecto-european-city-facility-eucf-con-una-propuesta-vinculada-a-la-energia-que-ha-sido-elegida-de-entre-las-mas-de-230-presentadas\/#respond"]}]},{"@type":"WebPage","@id":"https:\/\/www.laguiadepamplona.com\/actualidad\/el-ayuntamiento-entra-en-el-proyecto-european-city-facility-eucf-con-una-propuesta-vinculada-a-la-energia-que-ha-sido-elegida-de-entre-las-mas-de-230-presentadas\/","url":"https:\/\/www.laguiadepamplona.com\/actualidad\/el-ayuntamiento-entra-en-el-proyecto-european-city-facility-eucf-con-una-propuesta-vinculada-a-la-energia-que-ha-sido-elegida-de-entre-las-mas-de-230-presentadas\/","name":"El Ayuntamiento entra en el Proyecto European City Facility (EUCF) con una propuesta vinculada a la energ\u00eda que ha sido elegida de entre las m\u00e1s de 230 presentadas","isPartOf":{"@id":"https:\/\/www.laguiadepamplona.com\/actualidad\/#website"},"primaryImageOfPage":{"@id":"https:\/\/www.laguiadepamplona.com\/actualidad\/el-ayuntamiento-entra-en-el-proyecto-european-city-facility-eucf-con-una-propuesta-vinculada-a-la-energia-que-ha-sido-elegida-de-entre-las-mas-de-230-presentadas\/#primaryimage"},"image":{"@id":"https:\/\/www.laguiadepamplona.com\/actualidad\/el-ayuntamiento-entra-en-el-proyecto-european-city-facility-eucf-con-una-propuesta-vinculada-a-la-energia-que-ha-sido-elegida-de-entre-las-mas-de-230-presentadas\/#primaryimage"},"thumbnailUrl":"https:\/\/www.laguiadepamplona.com\/actualidad\/wp-content\/uploads\/2022\/03\/220330reunionpotentmuseo.jpg","datePublished":"2022-03-31T10:30:17+00:00","dateModified":"2023-04-11T09:48:21+00:00","description":"El trabajo busca definir c\u00f3mo movilizar inversiones en energ\u00edas renovables y eficiencia energ\u00e9tica mediante comunidades energ\u00e9ticas","breadcrumb":{"@id":"https:\/\/www.laguiadepamplona.com\/actualidad\/el-ayuntamiento-entra-en-el-proyecto-european-city-facility-eucf-con-una-propuesta-vinculada-a-la-energia-que-ha-sido-elegida-de-entre-las-mas-de-230-presentadas\/#breadcrumb"},"inLanguage":"es","potentialAction":[{"@type":"ReadAction","target":["https:\/\/www.laguiadepamplona.com\/actualidad\/el-ayuntamiento-entra-en-el-proyecto-european-city-facility-eucf-con-una-propuesta-vinculada-a-la-energia-que-ha-sido-elegida-de-entre-las-mas-de-230-presentadas\/"]}]},{"@type":"ImageObject","inLanguage":"es","@id":"https:\/\/www.laguiadepamplona.com\/actualidad\/el-ayuntamiento-entra-en-el-proyecto-european-city-facility-eucf-con-una-propuesta-vinculada-a-la-energia-que-ha-sido-elegida-de-entre-las-mas-de-230-presentadas\/#primaryimage","url":"https:\/\/www.laguiadepamplona.com\/actualidad\/wp-content\/uploads\/2022\/03\/220330reunionpotentmuseo.jpg","contentUrl":"https:\/\/www.laguiadepamplona.com\/actualidad\/wp-content\/uploads\/2022\/03\/220330reunionpotentmuseo.jpg","width":1920,"height":1080},{"@type":"BreadcrumbList","@id":"https:\/\/www.laguiadepamplona.com\/actualidad\/el-ayuntamiento-entra-en-el-proyecto-european-city-facility-eucf-con-una-propuesta-vinculada-a-la-energia-que-ha-sido-elegida-de-entre-las-mas-de-230-presentadas\/#breadcrumb","itemListElement":[{"@type":"ListItem","position":1,"name":"Portada","item":"https:\/\/www.laguiadepamplona.com\/actualidad\/"},{"@type":"ListItem","position":2,"name":"El Ayuntamiento entra en el Proyecto European City Facility (EUCF) con una propuesta vinculada a la energ\u00eda que ha sido elegida de entre las m\u00e1s de 230 presentadas"}]},{"@type":"WebSite","@id":"https:\/\/www.laguiadepamplona.com\/actualidad\/#website","url":"https:\/\/www.laguiadepamplona.com\/actualidad\/","name":"La gu\u00eda de Pamplona","description":"Noticias de Pamplona","publisher":{"@id":"https:\/\/www.laguiadepamplona.com\/actualidad\/#organization"},"potentialAction":[{"@type":"SearchAction","target":{"@type":"EntryPoint","urlTemplate":"https:\/\/www.laguiadepamplona.com\/actualidad\/?s={search_term_string}"},"query-input":{"@type":"PropertyValueSpecification","valueRequired":true,"valueName":"search_term_string"}}],"inLanguage":"es"},{"@type":"Organization","@id":"https:\/\/www.laguiadepamplona.com\/actualidad\/#organization","name":"La Gu\u00eda de Pamplona \/ Noticias","url":"https:\/\/www.laguiadepamplona.com\/actualidad\/","logo":{"@type":"ImageObject","inLanguage":"es","@id":"https:\/\/www.laguiadepamplona.com\/actualidad\/#\/schema\/logo\/image\/","url":"https:\/\/www.laguiadepamplona.com\/actualidad\/wp-content\/uploads\/2018\/11\/logo-laguiadepamplona18-web1.png","contentUrl":"https:\/\/www.laguiadepamplona.com\/actualidad\/wp-content\/uploads\/2018\/11\/logo-laguiadepamplona18-web1.png","width":600,"height":196,"caption":"La Gu\u00eda de Pamplona \/ Noticias"},"image":{"@id":"https:\/\/www.laguiadepamplona.com\/actualidad\/#\/schema\/logo\/image\/"},"sameAs":["https:\/\/www.facebook.com\/laguiadepamplonacom-133175176762273\/?ref=hl","https:\/\/x.com\/LaGuiadPamplona","https:\/\/www.instagram.com\/la_guia_de_pamplona\/","https:\/\/www.youtube.com\/user\/laguiadepamplona"]},{"@type":"Person","@id":"https:\/\/www.laguiadepamplona.com\/actualidad\/#\/schema\/person\/efe887376f0213d4657c93adc50b1fdb","name":"La Gu\u00eda de Pamplona","image":{"@type":"ImageObject","inLanguage":"es","@id":"https:\/\/secure.gravatar.com\/avatar\/b6992f131dc8d30ab0dff15446e9d346d9dbd95992de0fef795073f5ea83a81c?s=96&d=mm&r=g","url":"https:\/\/secure.gravatar.com\/avatar\/b6992f131dc8d30ab0dff15446e9d346d9dbd95992de0fef795073f5ea83a81c?s=96&d=mm&r=g","contentUrl":"https:\/\/secure.gravatar.com\/avatar\/b6992f131dc8d30ab0dff15446e9d346d9dbd95992de0fef795073f5ea83a81c?s=96&d=mm&r=g","caption":"La Gu\u00eda de Pamplona"}}]}},"post_mailing_queue_ids":[],"_links":{"self":[{"href":"https:\/\/www.laguiadepamplona.com\/actualidad\/wp-json\/wp\/v2\/posts\/39799","targetHints":{"allow":["GET"]}}],"collection":[{"href":"https:\/\/www.laguiadepamplona.com\/actualidad\/wp-json\/wp\/v2\/posts"}],"about":[{"href":"https:\/\/www.laguiadepamplona.com\/actualidad\/wp-json\/wp\/v2\/types\/post"}],"author":[{"embeddable":true,"href":"https:\/\/www.laguiadepamplona.com\/actualidad\/wp-json\/wp\/v2\/users\/1"}],"replies":[{"embeddable":true,"href":"https:\/\/www.laguiadepamplona.com\/actualidad\/wp-json\/wp\/v2\/comments?post=39799"}],"version-history":[{"count":0,"href":"https:\/\/www.laguiadepamplona.com\/actualidad\/wp-json\/wp\/v2\/posts\/39799\/revisions"}],"wp:featuredmedia":[{"embeddable":true,"href":"https:\/\/www.laguiadepamplona.com\/actualidad\/wp-json\/wp\/v2\/media\/39800"}],"wp:attachment":[{"href":"https:\/\/www.laguiadepamplona.com\/actualidad\/wp-json\/wp\/v2\/media?parent=39799"}],"wp:term":[{"taxonomy":"category","embeddable":true,"href":"https:\/\/www.laguiadepamplona.com\/actualidad\/wp-json\/wp\/v2\/categories?post=39799"},{"taxonomy":"post_tag","embeddable":true,"href":"https:\/\/www.laguiadepamplona.com\/actualidad\/wp-json\/wp\/v2\/tags?post=39799"}],"curies":[{"name":"wp","href":"https:\/\/api.w.org\/{rel}","templated":true}]}}