{"id":39795,"date":"2022-03-31T12:06:50","date_gmt":"2022-03-31T10:06:50","guid":{"rendered":"https:\/\/www.laguiadepamplona.com\/actualidad\/?p=39795"},"modified":"2023-04-11T11:48:21","modified_gmt":"2023-04-11T09:48:21","slug":"el-ayuntamiento-de-pamplona-recibe-a-organizacion-y-participantes-del-xi-congreso-nacional-de-lactancia-materna-que-se-celebra-del-31-de-marzo-al-2-de-abril","status":"publish","type":"post","link":"https:\/\/www.laguiadepamplona.com\/actualidad\/el-ayuntamiento-de-pamplona-recibe-a-organizacion-y-participantes-del-xi-congreso-nacional-de-lactancia-materna-que-se-celebra-del-31-de-marzo-al-2-de-abril\/","title":{"rendered":"El Ayuntamiento de Pamplona recibe a organizaci\u00f3n y participantes del XI Congreso Nacional de Lactancia Materna que se celebra del 31 de marzo al 2 de abril"},"content":{"rendered":"<h5>En torno a 600 profesionales se dan cita en Baluarte para ahondar en la visi\u00f3n integral de los cuidados de la lactancia materna<\/h5>\n<p><!--more--><\/p>\n<p>El alcalde de Pamplona, Enrique Maya, y miembros de la Corporaci\u00f3n municipal participaron ayer por la tarde en la recepci\u00f3n institucional que el Ayuntamiento ofreci\u00f3 a organizaci\u00f3n y participantes en el XI Congreso Nacional de Lactancia Materna que se celebra en Baluarte del 31 de marzo al 2 de abril. Se prev\u00e9 la presencia en Pamplona de cerca de 600 profesionales en un congreso organizado por la Iniciativa para la Humanizaci\u00f3n de la Asistencia al Nacimiento (IHAN) bajo el lema \u2018Lactancia materna: salud y sostenibilidad\u2019.<br \/>\n<script async src=\"\/\/pagead2.googlesyndication.com\/pagead\/js\/adsbygoogle.js\"><\/script><br \/>\n<!-- Noticias La Guia de Pamplona --><br \/>\n<ins class=\"adsbygoogle\"\nstyle=\"display:block\"\ndata-ad-client=\"ca-pub-6943679897239327\"\ndata-ad-slot=\"7048180777\"\ndata-ad-format=\"auto\"><\/ins><br \/>\n<script>\n(adsbygoogle = window.adsbygoogle || []).push({});\n<\/script><\/p>\n<p>En la recepci\u00f3n, el alcalde de Pamplona destac\u00f3 la importancia de que congresos de esta \u00edndole elijan nuestra ciudad. \u201cLos congresos no solo sirven para reflexionar en voz alta, sino tambi\u00e9n para potenciar la actividad econ\u00f3mica y, como consecuencia, el empleo en las ciudades en las que se celebran; en este caso, Pamplona, desde hoy hasta el s\u00e1bado\u201d. Tambi\u00e9n intervinieron la presidenta de IHAN, Salom\u00e9 Laredo, y la presidenta del XI Congreso Nacional de Lactancia Materna, Elena Anto\u00f1anzas. El acto finaliz\u00f3 con una fotograf\u00eda de grupos con las autoridades y todas las personas asistentes a la recepci\u00f3n.<\/p>\n<p>El programa del congreso recoge la visi\u00f3n integral de los cuidados de la lactancia materna, con temas de actualidad cl\u00ednica y de investigaci\u00f3n, esperando que queden cubiertas las expectativas de profesionales asistenciales, profesionales de gesti\u00f3n, investigaci\u00f3n o docencia, grupos de madres de apoyo y de todas las personas que se inician en la atenci\u00f3n al nacimiento y lactancia materna. Durante tres d\u00edas se suceder\u00e1n las conferencias, ponencias, mesas de trabajo, reuniones y encuentros, en un congreso para el que se han recibido m\u00e1s de 200 comunicaciones.<br \/>\n<script async src=\"\/\/pagead2.googlesyndication.com\/pagead\/js\/adsbygoogle.js\"><\/script><br \/>\n<!-- Noticias La Guia de Pamplona --><br \/>\n<ins class=\"adsbygoogle\"\nstyle=\"display:block\"\ndata-ad-client=\"ca-pub-6943679897239327\"\ndata-ad-slot=\"7048180777\"\ndata-ad-format=\"auto\"><\/ins><br \/>\n<script>\n(adsbygoogle = window.adsbygoogle || []).push({});\n<\/script><\/p>\n<p>La Iniciativa para la Humanizaci\u00f3n de la Asistencia al Nacimiento y la Lactancia (IHAN) ha sido lanzada por la OMS y UNICEF para animar los hospitales, servicios de salud y, en particular, las salas de maternidad a adoptar las pr\u00e1cticas que protejan, promuevan y apoyen la lactancia materna exclusiva desde el nacimiento. Entre sus objetivos, IHAN trabaja para permitir a las madres una elecci\u00f3n informada de c\u00f3mo alimentar a sus reci\u00e9n nacidos, apoyar el inicio precoz de la lactancia materna, promover la lactancia materna exclusiva los primeros seis meses o asegurar el cese de donaciones o ventas a bajo coste de leches adaptadas a los hospitales.<\/p>\n","protected":false},"excerpt":{"rendered":"<p>En torno a 600 profesionales se dan cita en Baluarte para ahondar en la visi\u00f3n integral de los cuidados de la lactancia materna<\/p>\n","protected":false},"author":1,"featured_media":39797,"comment_status":"open","ping_status":"closed","sticky":false,"template":"","format":"standard","meta":{"footnotes":""},"categories":[2],"tags":[],"class_list":["post-39795","post","type-post","status-publish","format-standard","has-post-thumbnail","hentry","category-ayuntamiento-pamplona"],"yoast_head":"<!-- This site is optimized with the Yoast SEO plugin v27.3 - https:\/\/yoast.com\/product\/yoast-seo-wordpress\/ -->\n<title>El Ayuntamiento de Pamplona recibe a organizaci\u00f3n y participantes del XI Congreso Nacional de Lactancia Materna que se celebra del 31 de marzo al 2 de abril<\/title>\n<meta name=\"description\" content=\"En torno a 600 profesionales se dan cita en Baluarte para ahondar en la visi\u00f3n integral de los cuidados de la lactancia materna\" \/>\n<meta name=\"robots\" content=\"index, follow, max-snippet:-1, max-image-preview:large, max-video-preview:-1\" \/>\n<link rel=\"canonical\" href=\"https:\/\/www.laguiadepamplona.com\/actualidad\/el-ayuntamiento-de-pamplona-recibe-a-organizacion-y-participantes-del-xi-congreso-nacional-de-lactancia-materna-que-se-celebra-del-31-de-marzo-al-2-de-abril\/\" \/>\n<meta property=\"og:locale\" content=\"es_ES\" \/>\n<meta property=\"og:type\" content=\"article\" \/>\n<meta property=\"og:title\" content=\"El Ayuntamiento de Pamplona recibe a organizaci\u00f3n y participantes del XI Congreso Nacional de Lactancia Materna que se celebra del 31 de marzo al 2 de abril\" \/>\n<meta property=\"og:description\" content=\"En torno a 600 profesionales se dan cita en Baluarte para ahondar en la visi\u00f3n integral de los cuidados de la lactancia materna\" \/>\n<meta property=\"og:url\" content=\"https:\/\/www.laguiadepamplona.com\/actualidad\/el-ayuntamiento-de-pamplona-recibe-a-organizacion-y-participantes-del-xi-congreso-nacional-de-lactancia-materna-que-se-celebra-del-31-de-marzo-al-2-de-abril\/\" \/>\n<meta property=\"og:site_name\" content=\"La Gu\u00eda de Pamplona\" \/>\n<meta property=\"article:publisher\" content=\"https:\/\/www.facebook.com\/laguiadepamplonacom-133175176762273\/?ref=hl\" \/>\n<meta property=\"article:published_time\" content=\"2022-03-31T10:06:50+00:00\" \/>\n<meta property=\"article:modified_time\" content=\"2023-04-11T09:48:21+00:00\" \/>\n<meta property=\"og:image\" content=\"https:\/\/www.laguiadepamplona.com\/actualidad\/wp-content\/uploads\/2022\/03\/organizacion-participantes-congreso-lactancia-materna.jpg\" \/>\n\t<meta property=\"og:image:width\" content=\"1920\" \/>\n\t<meta property=\"og:image:height\" content=\"1281\" \/>\n\t<meta property=\"og:image:type\" content=\"image\/jpeg\" \/>\n<meta name=\"author\" content=\"La Gu\u00eda de Pamplona\" \/>\n<meta name=\"twitter:card\" content=\"summary_large_image\" \/>\n<meta name=\"twitter:creator\" content=\"@LaGuiadPamplona\" \/>\n<meta name=\"twitter:site\" content=\"@LaGuiadPamplona\" \/>\n<meta name=\"twitter:label1\" content=\"Escrito por\" \/>\n\t<meta name=\"twitter:data1\" content=\"La Gu\u00eda de Pamplona\" \/>\n\t<meta name=\"twitter:label2\" content=\"Tiempo de lectura\" \/>\n\t<meta name=\"twitter:data2\" content=\"2 minutos\" \/>\n<script type=\"application\/ld+json\" class=\"yoast-schema-graph\">{\"@context\":\"https:\\\/\\\/schema.org\",\"@graph\":[{\"@type\":\"Article\",\"@id\":\"https:\\\/\\\/www.laguiadepamplona.com\\\/actualidad\\\/el-ayuntamiento-de-pamplona-recibe-a-organizacion-y-participantes-del-xi-congreso-nacional-de-lactancia-materna-que-se-celebra-del-31-de-marzo-al-2-de-abril\\\/#article\",\"isPartOf\":{\"@id\":\"https:\\\/\\\/www.laguiadepamplona.com\\\/actualidad\\\/el-ayuntamiento-de-pamplona-recibe-a-organizacion-y-participantes-del-xi-congreso-nacional-de-lactancia-materna-que-se-celebra-del-31-de-marzo-al-2-de-abril\\\/\"},\"author\":{\"name\":\"La Gu\u00eda de Pamplona\",\"@id\":\"https:\\\/\\\/www.laguiadepamplona.com\\\/actualidad\\\/#\\\/schema\\\/person\\\/efe887376f0213d4657c93adc50b1fdb\"},\"headline\":\"El Ayuntamiento de Pamplona recibe a organizaci\u00f3n y participantes del XI Congreso Nacional de Lactancia Materna que se celebra del 31 de marzo al 2 de abril\",\"datePublished\":\"2022-03-31T10:06:50+00:00\",\"dateModified\":\"2023-04-11T09:48:21+00:00\",\"mainEntityOfPage\":{\"@id\":\"https:\\\/\\\/www.laguiadepamplona.com\\\/actualidad\\\/el-ayuntamiento-de-pamplona-recibe-a-organizacion-y-participantes-del-xi-congreso-nacional-de-lactancia-materna-que-se-celebra-del-31-de-marzo-al-2-de-abril\\\/\"},\"wordCount\":445,\"commentCount\":0,\"publisher\":{\"@id\":\"https:\\\/\\\/www.laguiadepamplona.com\\\/actualidad\\\/#organization\"},\"image\":{\"@id\":\"https:\\\/\\\/www.laguiadepamplona.com\\\/actualidad\\\/el-ayuntamiento-de-pamplona-recibe-a-organizacion-y-participantes-del-xi-congreso-nacional-de-lactancia-materna-que-se-celebra-del-31-de-marzo-al-2-de-abril\\\/#primaryimage\"},\"thumbnailUrl\":\"https:\\\/\\\/www.laguiadepamplona.com\\\/actualidad\\\/wp-content\\\/uploads\\\/2022\\\/03\\\/organizacion-participantes-congreso-lactancia-materna.jpg\",\"articleSection\":[\"Ayto Pamplona\"],\"inLanguage\":\"es\",\"potentialAction\":[{\"@type\":\"CommentAction\",\"name\":\"Comment\",\"target\":[\"https:\\\/\\\/www.laguiadepamplona.com\\\/actualidad\\\/el-ayuntamiento-de-pamplona-recibe-a-organizacion-y-participantes-del-xi-congreso-nacional-de-lactancia-materna-que-se-celebra-del-31-de-marzo-al-2-de-abril\\\/#respond\"]}]},{\"@type\":\"WebPage\",\"@id\":\"https:\\\/\\\/www.laguiadepamplona.com\\\/actualidad\\\/el-ayuntamiento-de-pamplona-recibe-a-organizacion-y-participantes-del-xi-congreso-nacional-de-lactancia-materna-que-se-celebra-del-31-de-marzo-al-2-de-abril\\\/\",\"url\":\"https:\\\/\\\/www.laguiadepamplona.com\\\/actualidad\\\/el-ayuntamiento-de-pamplona-recibe-a-organizacion-y-participantes-del-xi-congreso-nacional-de-lactancia-materna-que-se-celebra-del-31-de-marzo-al-2-de-abril\\\/\",\"name\":\"El Ayuntamiento de Pamplona recibe a organizaci\u00f3n y participantes del XI Congreso Nacional de Lactancia Materna que se celebra del 31 de marzo al 2 de abril\",\"isPartOf\":{\"@id\":\"https:\\\/\\\/www.laguiadepamplona.com\\\/actualidad\\\/#website\"},\"primaryImageOfPage\":{\"@id\":\"https:\\\/\\\/www.laguiadepamplona.com\\\/actualidad\\\/el-ayuntamiento-de-pamplona-recibe-a-organizacion-y-participantes-del-xi-congreso-nacional-de-lactancia-materna-que-se-celebra-del-31-de-marzo-al-2-de-abril\\\/#primaryimage\"},\"image\":{\"@id\":\"https:\\\/\\\/www.laguiadepamplona.com\\\/actualidad\\\/el-ayuntamiento-de-pamplona-recibe-a-organizacion-y-participantes-del-xi-congreso-nacional-de-lactancia-materna-que-se-celebra-del-31-de-marzo-al-2-de-abril\\\/#primaryimage\"},\"thumbnailUrl\":\"https:\\\/\\\/www.laguiadepamplona.com\\\/actualidad\\\/wp-content\\\/uploads\\\/2022\\\/03\\\/organizacion-participantes-congreso-lactancia-materna.jpg\",\"datePublished\":\"2022-03-31T10:06:50+00:00\",\"dateModified\":\"2023-04-11T09:48:21+00:00\",\"description\":\"En torno a 600 profesionales se dan cita en Baluarte para ahondar en la visi\u00f3n integral de los cuidados de la lactancia materna\",\"breadcrumb\":{\"@id\":\"https:\\\/\\\/www.laguiadepamplona.com\\\/actualidad\\\/el-ayuntamiento-de-pamplona-recibe-a-organizacion-y-participantes-del-xi-congreso-nacional-de-lactancia-materna-que-se-celebra-del-31-de-marzo-al-2-de-abril\\\/#breadcrumb\"},\"inLanguage\":\"es\",\"potentialAction\":[{\"@type\":\"ReadAction\",\"target\":[\"https:\\\/\\\/www.laguiadepamplona.com\\\/actualidad\\\/el-ayuntamiento-de-pamplona-recibe-a-organizacion-y-participantes-del-xi-congreso-nacional-de-lactancia-materna-que-se-celebra-del-31-de-marzo-al-2-de-abril\\\/\"]}]},{\"@type\":\"ImageObject\",\"inLanguage\":\"es\",\"@id\":\"https:\\\/\\\/www.laguiadepamplona.com\\\/actualidad\\\/el-ayuntamiento-de-pamplona-recibe-a-organizacion-y-participantes-del-xi-congreso-nacional-de-lactancia-materna-que-se-celebra-del-31-de-marzo-al-2-de-abril\\\/#primaryimage\",\"url\":\"https:\\\/\\\/www.laguiadepamplona.com\\\/actualidad\\\/wp-content\\\/uploads\\\/2022\\\/03\\\/organizacion-participantes-congreso-lactancia-materna.jpg\",\"contentUrl\":\"https:\\\/\\\/www.laguiadepamplona.com\\\/actualidad\\\/wp-content\\\/uploads\\\/2022\\\/03\\\/organizacion-participantes-congreso-lactancia-materna.jpg\",\"width\":1920,\"height\":1281},{\"@type\":\"BreadcrumbList\",\"@id\":\"https:\\\/\\\/www.laguiadepamplona.com\\\/actualidad\\\/el-ayuntamiento-de-pamplona-recibe-a-organizacion-y-participantes-del-xi-congreso-nacional-de-lactancia-materna-que-se-celebra-del-31-de-marzo-al-2-de-abril\\\/#breadcrumb\",\"itemListElement\":[{\"@type\":\"ListItem\",\"position\":1,\"name\":\"Portada\",\"item\":\"https:\\\/\\\/www.laguiadepamplona.com\\\/actualidad\\\/\"},{\"@type\":\"ListItem\",\"position\":2,\"name\":\"El Ayuntamiento de Pamplona recibe a organizaci\u00f3n y participantes del XI Congreso Nacional de Lactancia Materna que se celebra del 31 de marzo al 2 de abril\"}]},{\"@type\":\"WebSite\",\"@id\":\"https:\\\/\\\/www.laguiadepamplona.com\\\/actualidad\\\/#website\",\"url\":\"https:\\\/\\\/www.laguiadepamplona.com\\\/actualidad\\\/\",\"name\":\"La gu\u00eda de Pamplona\",\"description\":\"Noticias de Pamplona\",\"publisher\":{\"@id\":\"https:\\\/\\\/www.laguiadepamplona.com\\\/actualidad\\\/#organization\"},\"potentialAction\":[{\"@type\":\"SearchAction\",\"target\":{\"@type\":\"EntryPoint\",\"urlTemplate\":\"https:\\\/\\\/www.laguiadepamplona.com\\\/actualidad\\\/?s={search_term_string}\"},\"query-input\":{\"@type\":\"PropertyValueSpecification\",\"valueRequired\":true,\"valueName\":\"search_term_string\"}}],\"inLanguage\":\"es\"},{\"@type\":\"Organization\",\"@id\":\"https:\\\/\\\/www.laguiadepamplona.com\\\/actualidad\\\/#organization\",\"name\":\"La Gu\u00eda de Pamplona \\\/ Noticias\",\"url\":\"https:\\\/\\\/www.laguiadepamplona.com\\\/actualidad\\\/\",\"logo\":{\"@type\":\"ImageObject\",\"inLanguage\":\"es\",\"@id\":\"https:\\\/\\\/www.laguiadepamplona.com\\\/actualidad\\\/#\\\/schema\\\/logo\\\/image\\\/\",\"url\":\"https:\\\/\\\/www.laguiadepamplona.com\\\/actualidad\\\/wp-content\\\/uploads\\\/2018\\\/11\\\/logo-laguiadepamplona18-web1.png\",\"contentUrl\":\"https:\\\/\\\/www.laguiadepamplona.com\\\/actualidad\\\/wp-content\\\/uploads\\\/2018\\\/11\\\/logo-laguiadepamplona18-web1.png\",\"width\":600,\"height\":196,\"caption\":\"La Gu\u00eda de Pamplona \\\/ Noticias\"},\"image\":{\"@id\":\"https:\\\/\\\/www.laguiadepamplona.com\\\/actualidad\\\/#\\\/schema\\\/logo\\\/image\\\/\"},\"sameAs\":[\"https:\\\/\\\/www.facebook.com\\\/laguiadepamplonacom-133175176762273\\\/?ref=hl\",\"https:\\\/\\\/x.com\\\/LaGuiadPamplona\",\"https:\\\/\\\/www.instagram.com\\\/la_guia_de_pamplona\\\/\",\"https:\\\/\\\/www.youtube.com\\\/user\\\/laguiadepamplona\"]},{\"@type\":\"Person\",\"@id\":\"https:\\\/\\\/www.laguiadepamplona.com\\\/actualidad\\\/#\\\/schema\\\/person\\\/efe887376f0213d4657c93adc50b1fdb\",\"name\":\"La Gu\u00eda de Pamplona\",\"image\":{\"@type\":\"ImageObject\",\"inLanguage\":\"es\",\"@id\":\"https:\\\/\\\/secure.gravatar.com\\\/avatar\\\/b6992f131dc8d30ab0dff15446e9d346d9dbd95992de0fef795073f5ea83a81c?s=96&d=mm&r=g\",\"url\":\"https:\\\/\\\/secure.gravatar.com\\\/avatar\\\/b6992f131dc8d30ab0dff15446e9d346d9dbd95992de0fef795073f5ea83a81c?s=96&d=mm&r=g\",\"contentUrl\":\"https:\\\/\\\/secure.gravatar.com\\\/avatar\\\/b6992f131dc8d30ab0dff15446e9d346d9dbd95992de0fef795073f5ea83a81c?s=96&d=mm&r=g\",\"caption\":\"La Gu\u00eda de Pamplona\"}}]}<\/script>\n<!-- \/ Yoast SEO plugin. -->","yoast_head_json":{"title":"El Ayuntamiento de Pamplona recibe a organizaci\u00f3n y participantes del XI Congreso Nacional de Lactancia Materna que se celebra del 31 de marzo al 2 de abril","description":"En torno a 600 profesionales se dan cita en Baluarte para ahondar en la visi\u00f3n integral de los cuidados de la lactancia materna","robots":{"index":"index","follow":"follow","max-snippet":"max-snippet:-1","max-image-preview":"max-image-preview:large","max-video-preview":"max-video-preview:-1"},"canonical":"https:\/\/www.laguiadepamplona.com\/actualidad\/el-ayuntamiento-de-pamplona-recibe-a-organizacion-y-participantes-del-xi-congreso-nacional-de-lactancia-materna-que-se-celebra-del-31-de-marzo-al-2-de-abril\/","og_locale":"es_ES","og_type":"article","og_title":"El Ayuntamiento de Pamplona recibe a organizaci\u00f3n y participantes del XI Congreso Nacional de Lactancia Materna que se celebra del 31 de marzo al 2 de abril","og_description":"En torno a 600 profesionales se dan cita en Baluarte para ahondar en la visi\u00f3n integral de los cuidados de la lactancia materna","og_url":"https:\/\/www.laguiadepamplona.com\/actualidad\/el-ayuntamiento-de-pamplona-recibe-a-organizacion-y-participantes-del-xi-congreso-nacional-de-lactancia-materna-que-se-celebra-del-31-de-marzo-al-2-de-abril\/","og_site_name":"La Gu\u00eda de Pamplona","article_publisher":"https:\/\/www.facebook.com\/laguiadepamplonacom-133175176762273\/?ref=hl","article_published_time":"2022-03-31T10:06:50+00:00","article_modified_time":"2023-04-11T09:48:21+00:00","og_image":[{"width":1920,"height":1281,"url":"https:\/\/www.laguiadepamplona.com\/actualidad\/wp-content\/uploads\/2022\/03\/organizacion-participantes-congreso-lactancia-materna.jpg","type":"image\/jpeg"}],"author":"La Gu\u00eda de Pamplona","twitter_card":"summary_large_image","twitter_creator":"@LaGuiadPamplona","twitter_site":"@LaGuiadPamplona","twitter_misc":{"Escrito por":"La Gu\u00eda de Pamplona","Tiempo de lectura":"2 minutos"},"schema":{"@context":"https:\/\/schema.org","@graph":[{"@type":"Article","@id":"https:\/\/www.laguiadepamplona.com\/actualidad\/el-ayuntamiento-de-pamplona-recibe-a-organizacion-y-participantes-del-xi-congreso-nacional-de-lactancia-materna-que-se-celebra-del-31-de-marzo-al-2-de-abril\/#article","isPartOf":{"@id":"https:\/\/www.laguiadepamplona.com\/actualidad\/el-ayuntamiento-de-pamplona-recibe-a-organizacion-y-participantes-del-xi-congreso-nacional-de-lactancia-materna-que-se-celebra-del-31-de-marzo-al-2-de-abril\/"},"author":{"name":"La Gu\u00eda de Pamplona","@id":"https:\/\/www.laguiadepamplona.com\/actualidad\/#\/schema\/person\/efe887376f0213d4657c93adc50b1fdb"},"headline":"El Ayuntamiento de Pamplona recibe a organizaci\u00f3n y participantes del XI Congreso Nacional de Lactancia Materna que se celebra del 31 de marzo al 2 de abril","datePublished":"2022-03-31T10:06:50+00:00","dateModified":"2023-04-11T09:48:21+00:00","mainEntityOfPage":{"@id":"https:\/\/www.laguiadepamplona.com\/actualidad\/el-ayuntamiento-de-pamplona-recibe-a-organizacion-y-participantes-del-xi-congreso-nacional-de-lactancia-materna-que-se-celebra-del-31-de-marzo-al-2-de-abril\/"},"wordCount":445,"commentCount":0,"publisher":{"@id":"https:\/\/www.laguiadepamplona.com\/actualidad\/#organization"},"image":{"@id":"https:\/\/www.laguiadepamplona.com\/actualidad\/el-ayuntamiento-de-pamplona-recibe-a-organizacion-y-participantes-del-xi-congreso-nacional-de-lactancia-materna-que-se-celebra-del-31-de-marzo-al-2-de-abril\/#primaryimage"},"thumbnailUrl":"https:\/\/www.laguiadepamplona.com\/actualidad\/wp-content\/uploads\/2022\/03\/organizacion-participantes-congreso-lactancia-materna.jpg","articleSection":["Ayto Pamplona"],"inLanguage":"es","potentialAction":[{"@type":"CommentAction","name":"Comment","target":["https:\/\/www.laguiadepamplona.com\/actualidad\/el-ayuntamiento-de-pamplona-recibe-a-organizacion-y-participantes-del-xi-congreso-nacional-de-lactancia-materna-que-se-celebra-del-31-de-marzo-al-2-de-abril\/#respond"]}]},{"@type":"WebPage","@id":"https:\/\/www.laguiadepamplona.com\/actualidad\/el-ayuntamiento-de-pamplona-recibe-a-organizacion-y-participantes-del-xi-congreso-nacional-de-lactancia-materna-que-se-celebra-del-31-de-marzo-al-2-de-abril\/","url":"https:\/\/www.laguiadepamplona.com\/actualidad\/el-ayuntamiento-de-pamplona-recibe-a-organizacion-y-participantes-del-xi-congreso-nacional-de-lactancia-materna-que-se-celebra-del-31-de-marzo-al-2-de-abril\/","name":"El Ayuntamiento de Pamplona recibe a organizaci\u00f3n y participantes del XI Congreso Nacional de Lactancia Materna que se celebra del 31 de marzo al 2 de abril","isPartOf":{"@id":"https:\/\/www.laguiadepamplona.com\/actualidad\/#website"},"primaryImageOfPage":{"@id":"https:\/\/www.laguiadepamplona.com\/actualidad\/el-ayuntamiento-de-pamplona-recibe-a-organizacion-y-participantes-del-xi-congreso-nacional-de-lactancia-materna-que-se-celebra-del-31-de-marzo-al-2-de-abril\/#primaryimage"},"image":{"@id":"https:\/\/www.laguiadepamplona.com\/actualidad\/el-ayuntamiento-de-pamplona-recibe-a-organizacion-y-participantes-del-xi-congreso-nacional-de-lactancia-materna-que-se-celebra-del-31-de-marzo-al-2-de-abril\/#primaryimage"},"thumbnailUrl":"https:\/\/www.laguiadepamplona.com\/actualidad\/wp-content\/uploads\/2022\/03\/organizacion-participantes-congreso-lactancia-materna.jpg","datePublished":"2022-03-31T10:06:50+00:00","dateModified":"2023-04-11T09:48:21+00:00","description":"En torno a 600 profesionales se dan cita en Baluarte para ahondar en la visi\u00f3n integral de los cuidados de la lactancia materna","breadcrumb":{"@id":"https:\/\/www.laguiadepamplona.com\/actualidad\/el-ayuntamiento-de-pamplona-recibe-a-organizacion-y-participantes-del-xi-congreso-nacional-de-lactancia-materna-que-se-celebra-del-31-de-marzo-al-2-de-abril\/#breadcrumb"},"inLanguage":"es","potentialAction":[{"@type":"ReadAction","target":["https:\/\/www.laguiadepamplona.com\/actualidad\/el-ayuntamiento-de-pamplona-recibe-a-organizacion-y-participantes-del-xi-congreso-nacional-de-lactancia-materna-que-se-celebra-del-31-de-marzo-al-2-de-abril\/"]}]},{"@type":"ImageObject","inLanguage":"es","@id":"https:\/\/www.laguiadepamplona.com\/actualidad\/el-ayuntamiento-de-pamplona-recibe-a-organizacion-y-participantes-del-xi-congreso-nacional-de-lactancia-materna-que-se-celebra-del-31-de-marzo-al-2-de-abril\/#primaryimage","url":"https:\/\/www.laguiadepamplona.com\/actualidad\/wp-content\/uploads\/2022\/03\/organizacion-participantes-congreso-lactancia-materna.jpg","contentUrl":"https:\/\/www.laguiadepamplona.com\/actualidad\/wp-content\/uploads\/2022\/03\/organizacion-participantes-congreso-lactancia-materna.jpg","width":1920,"height":1281},{"@type":"BreadcrumbList","@id":"https:\/\/www.laguiadepamplona.com\/actualidad\/el-ayuntamiento-de-pamplona-recibe-a-organizacion-y-participantes-del-xi-congreso-nacional-de-lactancia-materna-que-se-celebra-del-31-de-marzo-al-2-de-abril\/#breadcrumb","itemListElement":[{"@type":"ListItem","position":1,"name":"Portada","item":"https:\/\/www.laguiadepamplona.com\/actualidad\/"},{"@type":"ListItem","position":2,"name":"El Ayuntamiento de Pamplona recibe a organizaci\u00f3n y participantes del XI Congreso Nacional de Lactancia Materna que se celebra del 31 de marzo al 2 de abril"}]},{"@type":"WebSite","@id":"https:\/\/www.laguiadepamplona.com\/actualidad\/#website","url":"https:\/\/www.laguiadepamplona.com\/actualidad\/","name":"La gu\u00eda de Pamplona","description":"Noticias de Pamplona","publisher":{"@id":"https:\/\/www.laguiadepamplona.com\/actualidad\/#organization"},"potentialAction":[{"@type":"SearchAction","target":{"@type":"EntryPoint","urlTemplate":"https:\/\/www.laguiadepamplona.com\/actualidad\/?s={search_term_string}"},"query-input":{"@type":"PropertyValueSpecification","valueRequired":true,"valueName":"search_term_string"}}],"inLanguage":"es"},{"@type":"Organization","@id":"https:\/\/www.laguiadepamplona.com\/actualidad\/#organization","name":"La Gu\u00eda de Pamplona \/ Noticias","url":"https:\/\/www.laguiadepamplona.com\/actualidad\/","logo":{"@type":"ImageObject","inLanguage":"es","@id":"https:\/\/www.laguiadepamplona.com\/actualidad\/#\/schema\/logo\/image\/","url":"https:\/\/www.laguiadepamplona.com\/actualidad\/wp-content\/uploads\/2018\/11\/logo-laguiadepamplona18-web1.png","contentUrl":"https:\/\/www.laguiadepamplona.com\/actualidad\/wp-content\/uploads\/2018\/11\/logo-laguiadepamplona18-web1.png","width":600,"height":196,"caption":"La Gu\u00eda de Pamplona \/ Noticias"},"image":{"@id":"https:\/\/www.laguiadepamplona.com\/actualidad\/#\/schema\/logo\/image\/"},"sameAs":["https:\/\/www.facebook.com\/laguiadepamplonacom-133175176762273\/?ref=hl","https:\/\/x.com\/LaGuiadPamplona","https:\/\/www.instagram.com\/la_guia_de_pamplona\/","https:\/\/www.youtube.com\/user\/laguiadepamplona"]},{"@type":"Person","@id":"https:\/\/www.laguiadepamplona.com\/actualidad\/#\/schema\/person\/efe887376f0213d4657c93adc50b1fdb","name":"La Gu\u00eda de Pamplona","image":{"@type":"ImageObject","inLanguage":"es","@id":"https:\/\/secure.gravatar.com\/avatar\/b6992f131dc8d30ab0dff15446e9d346d9dbd95992de0fef795073f5ea83a81c?s=96&d=mm&r=g","url":"https:\/\/secure.gravatar.com\/avatar\/b6992f131dc8d30ab0dff15446e9d346d9dbd95992de0fef795073f5ea83a81c?s=96&d=mm&r=g","contentUrl":"https:\/\/secure.gravatar.com\/avatar\/b6992f131dc8d30ab0dff15446e9d346d9dbd95992de0fef795073f5ea83a81c?s=96&d=mm&r=g","caption":"La Gu\u00eda de Pamplona"}}]}},"post_mailing_queue_ids":[],"_links":{"self":[{"href":"https:\/\/www.laguiadepamplona.com\/actualidad\/wp-json\/wp\/v2\/posts\/39795","targetHints":{"allow":["GET"]}}],"collection":[{"href":"https:\/\/www.laguiadepamplona.com\/actualidad\/wp-json\/wp\/v2\/posts"}],"about":[{"href":"https:\/\/www.laguiadepamplona.com\/actualidad\/wp-json\/wp\/v2\/types\/post"}],"author":[{"embeddable":true,"href":"https:\/\/www.laguiadepamplona.com\/actualidad\/wp-json\/wp\/v2\/users\/1"}],"replies":[{"embeddable":true,"href":"https:\/\/www.laguiadepamplona.com\/actualidad\/wp-json\/wp\/v2\/comments?post=39795"}],"version-history":[{"count":0,"href":"https:\/\/www.laguiadepamplona.com\/actualidad\/wp-json\/wp\/v2\/posts\/39795\/revisions"}],"wp:featuredmedia":[{"embeddable":true,"href":"https:\/\/www.laguiadepamplona.com\/actualidad\/wp-json\/wp\/v2\/media\/39797"}],"wp:attachment":[{"href":"https:\/\/www.laguiadepamplona.com\/actualidad\/wp-json\/wp\/v2\/media?parent=39795"}],"wp:term":[{"taxonomy":"category","embeddable":true,"href":"https:\/\/www.laguiadepamplona.com\/actualidad\/wp-json\/wp\/v2\/categories?post=39795"},{"taxonomy":"post_tag","embeddable":true,"href":"https:\/\/www.laguiadepamplona.com\/actualidad\/wp-json\/wp\/v2\/tags?post=39795"}],"curies":[{"name":"wp","href":"https:\/\/api.w.org\/{rel}","templated":true}]}}