{"id":39792,"date":"2022-03-31T12:04:40","date_gmt":"2022-03-31T10:04:40","guid":{"rendered":"https:\/\/www.laguiadepamplona.com\/actualidad\/?p=39792"},"modified":"2023-04-11T11:48:21","modified_gmt":"2023-04-11T09:48:21","slug":"mas-de-mil-escolares-participan-esta-primavera-en-una-nueva-edicion-del-programa-sentir-naturaleza","status":"publish","type":"post","link":"https:\/\/www.laguiadepamplona.com\/actualidad\/mas-de-mil-escolares-participan-esta-primavera-en-una-nueva-edicion-del-programa-sentir-naturaleza\/","title":{"rendered":"M\u00e1s de mil escolares participan esta primavera en una nueva edici\u00f3n del programa \u2018Sentir Naturaleza\u2019"},"content":{"rendered":"<h5>A la actividad, que comenz\u00f3 en 2020, se han sumado 18 centros escolares de Infantil y Primaria<\/h5>\n<p><!--more--><\/p>\n<p>Un total de 1.047 escolares de Infantil y Primaria participar\u00e1n esta primavera en el programa \u2018Sentir Naturaleza\u2019, impulsado por el Servicio de Educaci\u00f3n Ambiental del Ayuntamiento de Pamplona. A trav\u00e9s de esta iniciativa, los estudiantes entran en contacto con los parques y jardines p\u00fablicos de la ciudad y aprende sobre la diversidad de flora que albergan y los cuidados que requieren.<\/p>\n<p>Este programa educativo, que no supone coste alguno para los centros, arranc\u00f3 en oto\u00f1o de 2020 y desde entonces ha atra\u00eddo a m\u00e1s de 2.000 escolares de 25 centros educativos. Esta primavera ser\u00e1n 18 los colegios participantes, con un total de 57 grupos escolares. De hecho, las plazas ofertadas para marzo, abril y mayo ya est\u00e1n cubiertas. No obstante, la iniciativa volver\u00e1 a ofertarse en oto\u00f1o.<br \/>\n<script async src=\"\/\/pagead2.googlesyndication.com\/pagead\/js\/adsbygoogle.js\"><\/script><br \/>\n<!-- Noticias La Guia de Pamplona --><br \/>\n<ins class=\"adsbygoogle\"\nstyle=\"display:block\"\ndata-ad-client=\"ca-pub-6943679897239327\"\ndata-ad-slot=\"7048180777\"\ndata-ad-format=\"auto\"><\/ins><br \/>\n<script>\n(adsbygoogle = window.adsbygoogle || []).push({});\n<\/script><\/p>\n<p>A trav\u00e9s de visitas guiadas, el alumnado explora las zonas verdes de la ciudad, propiciando su reconexi\u00f3n con la naturaleza. Esta actividad, adem\u00e1s de tener un componente educativo, propicia el bienestar f\u00edsico, psicol\u00f3gico y social del alumnado participante, a trav\u00e9s de din\u00e1micas y juegos. Las actividades se adaptan a cada franja de edad. As\u00ed, para Infantil se ha proyectado una actividad que, bajo el t\u00edtulo \u2018Descubriendo nuestro jard\u00edn\u2019, permite a los ni\u00f1os y ni\u00f1as descubrir con los sentidos las zonas verdes cercanas a su centro educativo, a trav\u00e9s de un cuento lleno de amigos y amigas. Para Primaria, el programa prev\u00e9 varias actividades seg\u00fan los cursos. El alumnado de primero, segundo y tercero conocer\u00e1 los parques y jardines a trav\u00e9s de la actividad \u2018Vamos al parque\u2019, con la que aprender a mirar de otra manera las zonas verdes de la ciudad.\u00a0 Por \u00faltimo, los estudiantes de cuarto, quinto y sexto de Primaria conocer\u00e1n los parques con la actividad \u2018A un paso de la escuela\u2019, donde tomar\u00e1n conciencia del uso que se hace de los parques y jardines.<\/p>\n<p>Para los centros educativos que se han quedado sin plazas, se ofrece la posibilidad de acceder a los materiales did\u00e1cticos de forma online para poder realizar todas estas actividades de manera aut\u00f3noma. La documentaci\u00f3n est\u00e1 disponible en la <a href=\"https:\/\/educacionambiental.pamplona.es\/comunidad-educativa\/actividades-online\/\" target=\"_blank\" rel=\"noopener\">p\u00e1gina web de Educaci\u00f3n Ambiental<\/a>, seleccionando la etapa educativa, la actividad con tem\u00e1tica \u201cSentir naturaleza\u201d y el idioma.\u00a0 De esta forma, cualquier persona puede utilizar este recurso y aprovechar las posibilidades que ofrecen los espacios verdes de la Pamplona.<br \/>\n<script async src=\"\/\/pagead2.googlesyndication.com\/pagead\/js\/adsbygoogle.js\"><\/script><br \/>\n<!-- Noticias La Guia de Pamplona --><br \/>\n<ins class=\"adsbygoogle\"\nstyle=\"display:block\"\ndata-ad-client=\"ca-pub-6943679897239327\"\ndata-ad-slot=\"7048180777\"\ndata-ad-format=\"auto\"><\/ins><br \/>\n<script>\n(adsbygoogle = window.adsbygoogle || []).push({});\n<\/script><\/p>\n<p>Al margen de este programa en concreto, los centros educativos pueden rellenar <a href=\"https:\/\/pamplona.us17.list-manage.com\/subscribe?u=4b222570367f580516fd1af42&amp;id=1024564e7c\" target=\"_blank\" rel=\"noopener\">este formulario<\/a> para inscribirse al bolet\u00edn de noticias y convocatorias del Servicio de Educaci\u00f3n Ambiental del Ayuntamiento de Pamplona.<\/p>\n","protected":false},"excerpt":{"rendered":"<p>A la actividad, que comenz\u00f3 en 2020, se han sumado 18 centros escolares de Infantil y Primaria<\/p>\n","protected":false},"author":1,"featured_media":39793,"comment_status":"open","ping_status":"closed","sticky":false,"template":"","format":"standard","meta":{"footnotes":""},"categories":[2],"tags":[],"class_list":["post-39792","post","type-post","status-publish","format-standard","has-post-thumbnail","hentry","category-ayuntamiento-pamplona"],"yoast_head":"<!-- This site is optimized with the Yoast SEO plugin v27.3 - https:\/\/yoast.com\/product\/yoast-seo-wordpress\/ -->\n<title>M\u00e1s de mil escolares participan esta primavera en una nueva edici\u00f3n del programa \u2018Sentir Naturaleza\u2019<\/title>\n<meta name=\"description\" content=\"A la actividad, que comenz\u00f3 en 2020, se han sumado 18 centros escolares de Infantil y Primaria\" \/>\n<meta name=\"robots\" content=\"index, follow, max-snippet:-1, max-image-preview:large, max-video-preview:-1\" \/>\n<link rel=\"canonical\" href=\"https:\/\/www.laguiadepamplona.com\/actualidad\/mas-de-mil-escolares-participan-esta-primavera-en-una-nueva-edicion-del-programa-sentir-naturaleza\/\" \/>\n<meta property=\"og:locale\" content=\"es_ES\" \/>\n<meta property=\"og:type\" content=\"article\" \/>\n<meta property=\"og:title\" content=\"M\u00e1s de mil escolares participan esta primavera en una nueva edici\u00f3n del programa \u2018Sentir Naturaleza\u2019\" \/>\n<meta property=\"og:description\" content=\"A la actividad, que comenz\u00f3 en 2020, se han sumado 18 centros escolares de Infantil y Primaria\" \/>\n<meta property=\"og:url\" content=\"https:\/\/www.laguiadepamplona.com\/actualidad\/mas-de-mil-escolares-participan-esta-primavera-en-una-nueva-edicion-del-programa-sentir-naturaleza\/\" \/>\n<meta property=\"og:site_name\" content=\"La Gu\u00eda de Pamplona\" \/>\n<meta property=\"article:publisher\" content=\"https:\/\/www.facebook.com\/laguiadepamplonacom-133175176762273\/?ref=hl\" \/>\n<meta property=\"article:published_time\" content=\"2022-03-31T10:04:40+00:00\" \/>\n<meta property=\"article:modified_time\" content=\"2023-04-11T09:48:21+00:00\" \/>\n<meta property=\"og:image\" content=\"https:\/\/www.laguiadepamplona.com\/actualidad\/wp-content\/uploads\/2022\/03\/naturaleza_hojas_arboles_pa.jpg\" \/>\n\t<meta property=\"og:image:width\" content=\"1276\" \/>\n\t<meta property=\"og:image:height\" content=\"850\" \/>\n\t<meta property=\"og:image:type\" content=\"image\/jpeg\" \/>\n<meta name=\"author\" content=\"La Gu\u00eda de Pamplona\" \/>\n<meta name=\"twitter:card\" content=\"summary_large_image\" \/>\n<meta name=\"twitter:creator\" content=\"@LaGuiadPamplona\" \/>\n<meta name=\"twitter:site\" content=\"@LaGuiadPamplona\" \/>\n<meta name=\"twitter:label1\" content=\"Escrito por\" \/>\n\t<meta name=\"twitter:data1\" content=\"La Gu\u00eda de Pamplona\" \/>\n\t<meta name=\"twitter:label2\" content=\"Tiempo de lectura\" \/>\n\t<meta name=\"twitter:data2\" content=\"2 minutos\" \/>\n<script type=\"application\/ld+json\" class=\"yoast-schema-graph\">{\"@context\":\"https:\\\/\\\/schema.org\",\"@graph\":[{\"@type\":\"Article\",\"@id\":\"https:\\\/\\\/www.laguiadepamplona.com\\\/actualidad\\\/mas-de-mil-escolares-participan-esta-primavera-en-una-nueva-edicion-del-programa-sentir-naturaleza\\\/#article\",\"isPartOf\":{\"@id\":\"https:\\\/\\\/www.laguiadepamplona.com\\\/actualidad\\\/mas-de-mil-escolares-participan-esta-primavera-en-una-nueva-edicion-del-programa-sentir-naturaleza\\\/\"},\"author\":{\"name\":\"La Gu\u00eda de Pamplona\",\"@id\":\"https:\\\/\\\/www.laguiadepamplona.com\\\/actualidad\\\/#\\\/schema\\\/person\\\/efe887376f0213d4657c93adc50b1fdb\"},\"headline\":\"M\u00e1s de mil escolares participan esta primavera en una nueva edici\u00f3n del programa \u2018Sentir Naturaleza\u2019\",\"datePublished\":\"2022-03-31T10:04:40+00:00\",\"dateModified\":\"2023-04-11T09:48:21+00:00\",\"mainEntityOfPage\":{\"@id\":\"https:\\\/\\\/www.laguiadepamplona.com\\\/actualidad\\\/mas-de-mil-escolares-participan-esta-primavera-en-una-nueva-edicion-del-programa-sentir-naturaleza\\\/\"},\"wordCount\":472,\"commentCount\":0,\"publisher\":{\"@id\":\"https:\\\/\\\/www.laguiadepamplona.com\\\/actualidad\\\/#organization\"},\"image\":{\"@id\":\"https:\\\/\\\/www.laguiadepamplona.com\\\/actualidad\\\/mas-de-mil-escolares-participan-esta-primavera-en-una-nueva-edicion-del-programa-sentir-naturaleza\\\/#primaryimage\"},\"thumbnailUrl\":\"https:\\\/\\\/www.laguiadepamplona.com\\\/actualidad\\\/wp-content\\\/uploads\\\/2022\\\/03\\\/naturaleza_hojas_arboles_pa.jpg\",\"articleSection\":[\"Ayto Pamplona\"],\"inLanguage\":\"es\",\"potentialAction\":[{\"@type\":\"CommentAction\",\"name\":\"Comment\",\"target\":[\"https:\\\/\\\/www.laguiadepamplona.com\\\/actualidad\\\/mas-de-mil-escolares-participan-esta-primavera-en-una-nueva-edicion-del-programa-sentir-naturaleza\\\/#respond\"]}]},{\"@type\":\"WebPage\",\"@id\":\"https:\\\/\\\/www.laguiadepamplona.com\\\/actualidad\\\/mas-de-mil-escolares-participan-esta-primavera-en-una-nueva-edicion-del-programa-sentir-naturaleza\\\/\",\"url\":\"https:\\\/\\\/www.laguiadepamplona.com\\\/actualidad\\\/mas-de-mil-escolares-participan-esta-primavera-en-una-nueva-edicion-del-programa-sentir-naturaleza\\\/\",\"name\":\"M\u00e1s de mil escolares participan esta primavera en una nueva edici\u00f3n del programa \u2018Sentir Naturaleza\u2019\",\"isPartOf\":{\"@id\":\"https:\\\/\\\/www.laguiadepamplona.com\\\/actualidad\\\/#website\"},\"primaryImageOfPage\":{\"@id\":\"https:\\\/\\\/www.laguiadepamplona.com\\\/actualidad\\\/mas-de-mil-escolares-participan-esta-primavera-en-una-nueva-edicion-del-programa-sentir-naturaleza\\\/#primaryimage\"},\"image\":{\"@id\":\"https:\\\/\\\/www.laguiadepamplona.com\\\/actualidad\\\/mas-de-mil-escolares-participan-esta-primavera-en-una-nueva-edicion-del-programa-sentir-naturaleza\\\/#primaryimage\"},\"thumbnailUrl\":\"https:\\\/\\\/www.laguiadepamplona.com\\\/actualidad\\\/wp-content\\\/uploads\\\/2022\\\/03\\\/naturaleza_hojas_arboles_pa.jpg\",\"datePublished\":\"2022-03-31T10:04:40+00:00\",\"dateModified\":\"2023-04-11T09:48:21+00:00\",\"description\":\"A la actividad, que comenz\u00f3 en 2020, se han sumado 18 centros escolares de Infantil y Primaria\",\"breadcrumb\":{\"@id\":\"https:\\\/\\\/www.laguiadepamplona.com\\\/actualidad\\\/mas-de-mil-escolares-participan-esta-primavera-en-una-nueva-edicion-del-programa-sentir-naturaleza\\\/#breadcrumb\"},\"inLanguage\":\"es\",\"potentialAction\":[{\"@type\":\"ReadAction\",\"target\":[\"https:\\\/\\\/www.laguiadepamplona.com\\\/actualidad\\\/mas-de-mil-escolares-participan-esta-primavera-en-una-nueva-edicion-del-programa-sentir-naturaleza\\\/\"]}]},{\"@type\":\"ImageObject\",\"inLanguage\":\"es\",\"@id\":\"https:\\\/\\\/www.laguiadepamplona.com\\\/actualidad\\\/mas-de-mil-escolares-participan-esta-primavera-en-una-nueva-edicion-del-programa-sentir-naturaleza\\\/#primaryimage\",\"url\":\"https:\\\/\\\/www.laguiadepamplona.com\\\/actualidad\\\/wp-content\\\/uploads\\\/2022\\\/03\\\/naturaleza_hojas_arboles_pa.jpg\",\"contentUrl\":\"https:\\\/\\\/www.laguiadepamplona.com\\\/actualidad\\\/wp-content\\\/uploads\\\/2022\\\/03\\\/naturaleza_hojas_arboles_pa.jpg\",\"width\":1276,\"height\":850},{\"@type\":\"BreadcrumbList\",\"@id\":\"https:\\\/\\\/www.laguiadepamplona.com\\\/actualidad\\\/mas-de-mil-escolares-participan-esta-primavera-en-una-nueva-edicion-del-programa-sentir-naturaleza\\\/#breadcrumb\",\"itemListElement\":[{\"@type\":\"ListItem\",\"position\":1,\"name\":\"Portada\",\"item\":\"https:\\\/\\\/www.laguiadepamplona.com\\\/actualidad\\\/\"},{\"@type\":\"ListItem\",\"position\":2,\"name\":\"M\u00e1s de mil escolares participan esta primavera en una nueva edici\u00f3n del programa \u2018Sentir Naturaleza\u2019\"}]},{\"@type\":\"WebSite\",\"@id\":\"https:\\\/\\\/www.laguiadepamplona.com\\\/actualidad\\\/#website\",\"url\":\"https:\\\/\\\/www.laguiadepamplona.com\\\/actualidad\\\/\",\"name\":\"La gu\u00eda de Pamplona\",\"description\":\"Noticias de Pamplona\",\"publisher\":{\"@id\":\"https:\\\/\\\/www.laguiadepamplona.com\\\/actualidad\\\/#organization\"},\"potentialAction\":[{\"@type\":\"SearchAction\",\"target\":{\"@type\":\"EntryPoint\",\"urlTemplate\":\"https:\\\/\\\/www.laguiadepamplona.com\\\/actualidad\\\/?s={search_term_string}\"},\"query-input\":{\"@type\":\"PropertyValueSpecification\",\"valueRequired\":true,\"valueName\":\"search_term_string\"}}],\"inLanguage\":\"es\"},{\"@type\":\"Organization\",\"@id\":\"https:\\\/\\\/www.laguiadepamplona.com\\\/actualidad\\\/#organization\",\"name\":\"La Gu\u00eda de Pamplona \\\/ Noticias\",\"url\":\"https:\\\/\\\/www.laguiadepamplona.com\\\/actualidad\\\/\",\"logo\":{\"@type\":\"ImageObject\",\"inLanguage\":\"es\",\"@id\":\"https:\\\/\\\/www.laguiadepamplona.com\\\/actualidad\\\/#\\\/schema\\\/logo\\\/image\\\/\",\"url\":\"https:\\\/\\\/www.laguiadepamplona.com\\\/actualidad\\\/wp-content\\\/uploads\\\/2018\\\/11\\\/logo-laguiadepamplona18-web1.png\",\"contentUrl\":\"https:\\\/\\\/www.laguiadepamplona.com\\\/actualidad\\\/wp-content\\\/uploads\\\/2018\\\/11\\\/logo-laguiadepamplona18-web1.png\",\"width\":600,\"height\":196,\"caption\":\"La Gu\u00eda de Pamplona \\\/ Noticias\"},\"image\":{\"@id\":\"https:\\\/\\\/www.laguiadepamplona.com\\\/actualidad\\\/#\\\/schema\\\/logo\\\/image\\\/\"},\"sameAs\":[\"https:\\\/\\\/www.facebook.com\\\/laguiadepamplonacom-133175176762273\\\/?ref=hl\",\"https:\\\/\\\/x.com\\\/LaGuiadPamplona\",\"https:\\\/\\\/www.instagram.com\\\/la_guia_de_pamplona\\\/\",\"https:\\\/\\\/www.youtube.com\\\/user\\\/laguiadepamplona\"]},{\"@type\":\"Person\",\"@id\":\"https:\\\/\\\/www.laguiadepamplona.com\\\/actualidad\\\/#\\\/schema\\\/person\\\/efe887376f0213d4657c93adc50b1fdb\",\"name\":\"La Gu\u00eda de Pamplona\",\"image\":{\"@type\":\"ImageObject\",\"inLanguage\":\"es\",\"@id\":\"https:\\\/\\\/secure.gravatar.com\\\/avatar\\\/b6992f131dc8d30ab0dff15446e9d346d9dbd95992de0fef795073f5ea83a81c?s=96&d=mm&r=g\",\"url\":\"https:\\\/\\\/secure.gravatar.com\\\/avatar\\\/b6992f131dc8d30ab0dff15446e9d346d9dbd95992de0fef795073f5ea83a81c?s=96&d=mm&r=g\",\"contentUrl\":\"https:\\\/\\\/secure.gravatar.com\\\/avatar\\\/b6992f131dc8d30ab0dff15446e9d346d9dbd95992de0fef795073f5ea83a81c?s=96&d=mm&r=g\",\"caption\":\"La Gu\u00eda de Pamplona\"}}]}<\/script>\n<!-- \/ Yoast SEO plugin. -->","yoast_head_json":{"title":"M\u00e1s de mil escolares participan esta primavera en una nueva edici\u00f3n del programa \u2018Sentir Naturaleza\u2019","description":"A la actividad, que comenz\u00f3 en 2020, se han sumado 18 centros escolares de Infantil y Primaria","robots":{"index":"index","follow":"follow","max-snippet":"max-snippet:-1","max-image-preview":"max-image-preview:large","max-video-preview":"max-video-preview:-1"},"canonical":"https:\/\/www.laguiadepamplona.com\/actualidad\/mas-de-mil-escolares-participan-esta-primavera-en-una-nueva-edicion-del-programa-sentir-naturaleza\/","og_locale":"es_ES","og_type":"article","og_title":"M\u00e1s de mil escolares participan esta primavera en una nueva edici\u00f3n del programa \u2018Sentir Naturaleza\u2019","og_description":"A la actividad, que comenz\u00f3 en 2020, se han sumado 18 centros escolares de Infantil y Primaria","og_url":"https:\/\/www.laguiadepamplona.com\/actualidad\/mas-de-mil-escolares-participan-esta-primavera-en-una-nueva-edicion-del-programa-sentir-naturaleza\/","og_site_name":"La Gu\u00eda de Pamplona","article_publisher":"https:\/\/www.facebook.com\/laguiadepamplonacom-133175176762273\/?ref=hl","article_published_time":"2022-03-31T10:04:40+00:00","article_modified_time":"2023-04-11T09:48:21+00:00","og_image":[{"width":1276,"height":850,"url":"https:\/\/www.laguiadepamplona.com\/actualidad\/wp-content\/uploads\/2022\/03\/naturaleza_hojas_arboles_pa.jpg","type":"image\/jpeg"}],"author":"La Gu\u00eda de Pamplona","twitter_card":"summary_large_image","twitter_creator":"@LaGuiadPamplona","twitter_site":"@LaGuiadPamplona","twitter_misc":{"Escrito por":"La Gu\u00eda de Pamplona","Tiempo de lectura":"2 minutos"},"schema":{"@context":"https:\/\/schema.org","@graph":[{"@type":"Article","@id":"https:\/\/www.laguiadepamplona.com\/actualidad\/mas-de-mil-escolares-participan-esta-primavera-en-una-nueva-edicion-del-programa-sentir-naturaleza\/#article","isPartOf":{"@id":"https:\/\/www.laguiadepamplona.com\/actualidad\/mas-de-mil-escolares-participan-esta-primavera-en-una-nueva-edicion-del-programa-sentir-naturaleza\/"},"author":{"name":"La Gu\u00eda de Pamplona","@id":"https:\/\/www.laguiadepamplona.com\/actualidad\/#\/schema\/person\/efe887376f0213d4657c93adc50b1fdb"},"headline":"M\u00e1s de mil escolares participan esta primavera en una nueva edici\u00f3n del programa \u2018Sentir Naturaleza\u2019","datePublished":"2022-03-31T10:04:40+00:00","dateModified":"2023-04-11T09:48:21+00:00","mainEntityOfPage":{"@id":"https:\/\/www.laguiadepamplona.com\/actualidad\/mas-de-mil-escolares-participan-esta-primavera-en-una-nueva-edicion-del-programa-sentir-naturaleza\/"},"wordCount":472,"commentCount":0,"publisher":{"@id":"https:\/\/www.laguiadepamplona.com\/actualidad\/#organization"},"image":{"@id":"https:\/\/www.laguiadepamplona.com\/actualidad\/mas-de-mil-escolares-participan-esta-primavera-en-una-nueva-edicion-del-programa-sentir-naturaleza\/#primaryimage"},"thumbnailUrl":"https:\/\/www.laguiadepamplona.com\/actualidad\/wp-content\/uploads\/2022\/03\/naturaleza_hojas_arboles_pa.jpg","articleSection":["Ayto Pamplona"],"inLanguage":"es","potentialAction":[{"@type":"CommentAction","name":"Comment","target":["https:\/\/www.laguiadepamplona.com\/actualidad\/mas-de-mil-escolares-participan-esta-primavera-en-una-nueva-edicion-del-programa-sentir-naturaleza\/#respond"]}]},{"@type":"WebPage","@id":"https:\/\/www.laguiadepamplona.com\/actualidad\/mas-de-mil-escolares-participan-esta-primavera-en-una-nueva-edicion-del-programa-sentir-naturaleza\/","url":"https:\/\/www.laguiadepamplona.com\/actualidad\/mas-de-mil-escolares-participan-esta-primavera-en-una-nueva-edicion-del-programa-sentir-naturaleza\/","name":"M\u00e1s de mil escolares participan esta primavera en una nueva edici\u00f3n del programa \u2018Sentir Naturaleza\u2019","isPartOf":{"@id":"https:\/\/www.laguiadepamplona.com\/actualidad\/#website"},"primaryImageOfPage":{"@id":"https:\/\/www.laguiadepamplona.com\/actualidad\/mas-de-mil-escolares-participan-esta-primavera-en-una-nueva-edicion-del-programa-sentir-naturaleza\/#primaryimage"},"image":{"@id":"https:\/\/www.laguiadepamplona.com\/actualidad\/mas-de-mil-escolares-participan-esta-primavera-en-una-nueva-edicion-del-programa-sentir-naturaleza\/#primaryimage"},"thumbnailUrl":"https:\/\/www.laguiadepamplona.com\/actualidad\/wp-content\/uploads\/2022\/03\/naturaleza_hojas_arboles_pa.jpg","datePublished":"2022-03-31T10:04:40+00:00","dateModified":"2023-04-11T09:48:21+00:00","description":"A la actividad, que comenz\u00f3 en 2020, se han sumado 18 centros escolares de Infantil y Primaria","breadcrumb":{"@id":"https:\/\/www.laguiadepamplona.com\/actualidad\/mas-de-mil-escolares-participan-esta-primavera-en-una-nueva-edicion-del-programa-sentir-naturaleza\/#breadcrumb"},"inLanguage":"es","potentialAction":[{"@type":"ReadAction","target":["https:\/\/www.laguiadepamplona.com\/actualidad\/mas-de-mil-escolares-participan-esta-primavera-en-una-nueva-edicion-del-programa-sentir-naturaleza\/"]}]},{"@type":"ImageObject","inLanguage":"es","@id":"https:\/\/www.laguiadepamplona.com\/actualidad\/mas-de-mil-escolares-participan-esta-primavera-en-una-nueva-edicion-del-programa-sentir-naturaleza\/#primaryimage","url":"https:\/\/www.laguiadepamplona.com\/actualidad\/wp-content\/uploads\/2022\/03\/naturaleza_hojas_arboles_pa.jpg","contentUrl":"https:\/\/www.laguiadepamplona.com\/actualidad\/wp-content\/uploads\/2022\/03\/naturaleza_hojas_arboles_pa.jpg","width":1276,"height":850},{"@type":"BreadcrumbList","@id":"https:\/\/www.laguiadepamplona.com\/actualidad\/mas-de-mil-escolares-participan-esta-primavera-en-una-nueva-edicion-del-programa-sentir-naturaleza\/#breadcrumb","itemListElement":[{"@type":"ListItem","position":1,"name":"Portada","item":"https:\/\/www.laguiadepamplona.com\/actualidad\/"},{"@type":"ListItem","position":2,"name":"M\u00e1s de mil escolares participan esta primavera en una nueva edici\u00f3n del programa \u2018Sentir Naturaleza\u2019"}]},{"@type":"WebSite","@id":"https:\/\/www.laguiadepamplona.com\/actualidad\/#website","url":"https:\/\/www.laguiadepamplona.com\/actualidad\/","name":"La gu\u00eda de Pamplona","description":"Noticias de Pamplona","publisher":{"@id":"https:\/\/www.laguiadepamplona.com\/actualidad\/#organization"},"potentialAction":[{"@type":"SearchAction","target":{"@type":"EntryPoint","urlTemplate":"https:\/\/www.laguiadepamplona.com\/actualidad\/?s={search_term_string}"},"query-input":{"@type":"PropertyValueSpecification","valueRequired":true,"valueName":"search_term_string"}}],"inLanguage":"es"},{"@type":"Organization","@id":"https:\/\/www.laguiadepamplona.com\/actualidad\/#organization","name":"La Gu\u00eda de Pamplona \/ Noticias","url":"https:\/\/www.laguiadepamplona.com\/actualidad\/","logo":{"@type":"ImageObject","inLanguage":"es","@id":"https:\/\/www.laguiadepamplona.com\/actualidad\/#\/schema\/logo\/image\/","url":"https:\/\/www.laguiadepamplona.com\/actualidad\/wp-content\/uploads\/2018\/11\/logo-laguiadepamplona18-web1.png","contentUrl":"https:\/\/www.laguiadepamplona.com\/actualidad\/wp-content\/uploads\/2018\/11\/logo-laguiadepamplona18-web1.png","width":600,"height":196,"caption":"La Gu\u00eda de Pamplona \/ Noticias"},"image":{"@id":"https:\/\/www.laguiadepamplona.com\/actualidad\/#\/schema\/logo\/image\/"},"sameAs":["https:\/\/www.facebook.com\/laguiadepamplonacom-133175176762273\/?ref=hl","https:\/\/x.com\/LaGuiadPamplona","https:\/\/www.instagram.com\/la_guia_de_pamplona\/","https:\/\/www.youtube.com\/user\/laguiadepamplona"]},{"@type":"Person","@id":"https:\/\/www.laguiadepamplona.com\/actualidad\/#\/schema\/person\/efe887376f0213d4657c93adc50b1fdb","name":"La Gu\u00eda de Pamplona","image":{"@type":"ImageObject","inLanguage":"es","@id":"https:\/\/secure.gravatar.com\/avatar\/b6992f131dc8d30ab0dff15446e9d346d9dbd95992de0fef795073f5ea83a81c?s=96&d=mm&r=g","url":"https:\/\/secure.gravatar.com\/avatar\/b6992f131dc8d30ab0dff15446e9d346d9dbd95992de0fef795073f5ea83a81c?s=96&d=mm&r=g","contentUrl":"https:\/\/secure.gravatar.com\/avatar\/b6992f131dc8d30ab0dff15446e9d346d9dbd95992de0fef795073f5ea83a81c?s=96&d=mm&r=g","caption":"La Gu\u00eda de Pamplona"}}]}},"post_mailing_queue_ids":[],"_links":{"self":[{"href":"https:\/\/www.laguiadepamplona.com\/actualidad\/wp-json\/wp\/v2\/posts\/39792","targetHints":{"allow":["GET"]}}],"collection":[{"href":"https:\/\/www.laguiadepamplona.com\/actualidad\/wp-json\/wp\/v2\/posts"}],"about":[{"href":"https:\/\/www.laguiadepamplona.com\/actualidad\/wp-json\/wp\/v2\/types\/post"}],"author":[{"embeddable":true,"href":"https:\/\/www.laguiadepamplona.com\/actualidad\/wp-json\/wp\/v2\/users\/1"}],"replies":[{"embeddable":true,"href":"https:\/\/www.laguiadepamplona.com\/actualidad\/wp-json\/wp\/v2\/comments?post=39792"}],"version-history":[{"count":0,"href":"https:\/\/www.laguiadepamplona.com\/actualidad\/wp-json\/wp\/v2\/posts\/39792\/revisions"}],"wp:featuredmedia":[{"embeddable":true,"href":"https:\/\/www.laguiadepamplona.com\/actualidad\/wp-json\/wp\/v2\/media\/39793"}],"wp:attachment":[{"href":"https:\/\/www.laguiadepamplona.com\/actualidad\/wp-json\/wp\/v2\/media?parent=39792"}],"wp:term":[{"taxonomy":"category","embeddable":true,"href":"https:\/\/www.laguiadepamplona.com\/actualidad\/wp-json\/wp\/v2\/categories?post=39792"},{"taxonomy":"post_tag","embeddable":true,"href":"https:\/\/www.laguiadepamplona.com\/actualidad\/wp-json\/wp\/v2\/tags?post=39792"}],"curies":[{"name":"wp","href":"https:\/\/api.w.org\/{rel}","templated":true}]}}