{"id":39788,"date":"2022-03-31T12:03:12","date_gmt":"2022-03-31T10:03:12","guid":{"rendered":"https:\/\/www.laguiadepamplona.com\/actualidad\/?p=39788"},"modified":"2023-04-11T11:48:21","modified_gmt":"2023-04-11T09:48:21","slug":"pamplona-preseleccionada-para-los-primeros-premios-capitales-europeas-de-la-inclusion-y-la-diversidad-organizados-por-la-comision-europea","status":"publish","type":"post","link":"https:\/\/www.laguiadepamplona.com\/actualidad\/pamplona-preseleccionada-para-los-primeros-premios-capitales-europeas-de-la-inclusion-y-la-diversidad-organizados-por-la-comision-europea\/","title":{"rendered":"Pamplona, preseleccionada para los primeros Premios Capitales Europeas de la Inclusi\u00f3n y la Diversidad, organizados por la Comisi\u00f3n Europea"},"content":{"rendered":"<h5>Los premios reconocen el trabajo de las autoridades locales para promover la inclusi\u00f3n y crear sociedades libres de discriminaci\u00f3n<\/h5>\n<p><!--more--><\/p>\n<p>Pamplona es una de las siete entidades espa\u00f1olas que ha sido preseleccionada para la primera edici\u00f3n de los Premios Capitales Europeas de la Inclusi\u00f3n y la Diversidad. Estos premios reconocen el trabajo que llevan a cabo las ciudades, los pueblos o las regiones de la Uni\u00f3n Europea para promover la inclusi\u00f3n y crear sociedades libres de discriminaci\u00f3n. Est\u00e1n organizados por la Direcci\u00f3n General de Justicia y Consumidores de la Comisi\u00f3n Europea (DG JUST).<br \/>\n<script async src=\"\/\/pagead2.googlesyndication.com\/pagead\/js\/adsbygoogle.js\"><\/script><br \/>\n<!-- Noticias La Guia de Pamplona --><br \/>\n<ins class=\"adsbygoogle\"\nstyle=\"display:block\"\ndata-ad-client=\"ca-pub-6943679897239327\"\ndata-ad-slot=\"7048180777\"\ndata-ad-format=\"auto\"><\/ins><br \/>\n<script>\n(adsbygoogle = window.adsbygoogle || []).push({});\n<\/script><\/p>\n<p>Estos premios son una oportunidad para que las autoridades locales presenten pol\u00edticas e iniciativas que creen espacios m\u00e1s diversos e inclusivos para la ciudadan\u00eda. Los premios abarcan iniciativas sobre diversidad e inclusi\u00f3n, que abordan distintos motivos de discriminaci\u00f3n (sexo, origen racial o \u00e9tnico, religi\u00f3n o creencias, discapacidad, edad u orientaci\u00f3n sexual) y la interseccionalidad.<\/p>\n<p>De las 82 candidaturas presentadas, se ha realizado una preselecci\u00f3n de 22 entidades, 7 de ellas espa\u00f1olas, Andaluc\u00eda, Antequera, Barcelona, Bilbao, Guip\u00fazcoa, Olot y Pamplona, que han mostrado un alto nivel de responsabilidad en favor de la promoci\u00f3n y el apoyo de la inclusi\u00f3n y la diversidad en sus comunidades locales. Los 22 candidatos preseleccionados se someter\u00e1n a la evaluaci\u00f3n del jurado para hacerse con uno de los nueve premios que se reparten en tres categor\u00edas: autoridades locales con menos de 50.000 habitantes, autoridades locales con m\u00e1s de 50.000 habitantes y autoridades locales que promocionan la inclusi\u00f3n del pueblo gitano.<br \/>\n<script async src=\"\/\/pagead2.googlesyndication.com\/pagead\/js\/adsbygoogle.js\"><\/script><br \/>\n<!-- Noticias La Guia de Pamplona --><br \/>\n<ins class=\"adsbygoogle\"\nstyle=\"display:block\"\ndata-ad-client=\"ca-pub-6943679897239327\"\ndata-ad-slot=\"7048180777\"\ndata-ad-format=\"auto\"><\/ins><br \/>\n<script>\n(adsbygoogle = window.adsbygoogle || []).push({});\n<\/script><\/p>\n<p>El anuncio de las entidades ganadores se llevar\u00e1 a cabo en una ceremonia el pr\u00f3ximo 28 de abril en Bruselas, que contar\u00e1 con la presencia de la comisaria de Igualdad, Helena Dalli. Estos premios complementan el Mes de la Diversidad de la Uni\u00f3n Europea, que comenzar\u00e1 el 29 de abril, y que anualmente da a conocer la importancia de la diversidad y la inclusi\u00f3n en el lugar de trabajo y en el conjunto de nuestras sociedades.<\/p>\n","protected":false},"excerpt":{"rendered":"<p>Los premios reconocen el trabajo de las autoridades locales para promover la inclusi\u00f3n y crear sociedades libres de discriminaci\u00f3n<\/p>\n","protected":false},"author":1,"featured_media":39790,"comment_status":"open","ping_status":"closed","sticky":false,"template":"","format":"standard","meta":{"footnotes":""},"categories":[2],"tags":[],"class_list":["post-39788","post","type-post","status-publish","format-standard","has-post-thumbnail","hentry","category-ayuntamiento-pamplona"],"yoast_head":"<!-- This site is optimized with the Yoast SEO plugin v27.3 - https:\/\/yoast.com\/product\/yoast-seo-wordpress\/ -->\n<title>Pamplona, preseleccionada para los primeros Premios Capitales Europeas de la Inclusi\u00f3n y la Diversidad, organizados por la Comisi\u00f3n Europea<\/title>\n<meta name=\"description\" content=\"Los premios reconocen el trabajo de las autoridades locales para promover la inclusi\u00f3n y crear sociedades libres de discriminaci\u00f3n\" \/>\n<meta name=\"robots\" content=\"index, follow, max-snippet:-1, max-image-preview:large, max-video-preview:-1\" \/>\n<link rel=\"canonical\" href=\"https:\/\/www.laguiadepamplona.com\/actualidad\/pamplona-preseleccionada-para-los-primeros-premios-capitales-europeas-de-la-inclusion-y-la-diversidad-organizados-por-la-comision-europea\/\" \/>\n<meta property=\"og:locale\" content=\"es_ES\" \/>\n<meta property=\"og:type\" content=\"article\" \/>\n<meta property=\"og:title\" content=\"Pamplona, preseleccionada para los primeros Premios Capitales Europeas de la Inclusi\u00f3n y la Diversidad, organizados por la Comisi\u00f3n Europea\" \/>\n<meta property=\"og:description\" content=\"Los premios reconocen el trabajo de las autoridades locales para promover la inclusi\u00f3n y crear sociedades libres de discriminaci\u00f3n\" \/>\n<meta property=\"og:url\" content=\"https:\/\/www.laguiadepamplona.com\/actualidad\/pamplona-preseleccionada-para-los-primeros-premios-capitales-europeas-de-la-inclusion-y-la-diversidad-organizados-por-la-comision-europea\/\" \/>\n<meta property=\"og:site_name\" content=\"La Gu\u00eda de Pamplona\" \/>\n<meta property=\"article:publisher\" content=\"https:\/\/www.facebook.com\/laguiadepamplonacom-133175176762273\/?ref=hl\" \/>\n<meta property=\"article:published_time\" content=\"2022-03-31T10:03:12+00:00\" \/>\n<meta property=\"article:modified_time\" content=\"2023-04-11T09:48:21+00:00\" \/>\n<meta property=\"og:image\" content=\"https:\/\/www.laguiadepamplona.com\/actualidad\/wp-content\/uploads\/2022\/03\/22.03.31_logotipo_premios_capitales_inclusion_diversidad.jpg\" \/>\n\t<meta property=\"og:image:width\" content=\"1920\" \/>\n\t<meta property=\"og:image:height\" content=\"1280\" \/>\n\t<meta property=\"og:image:type\" content=\"image\/jpeg\" \/>\n<meta name=\"author\" content=\"La Gu\u00eda de Pamplona\" \/>\n<meta name=\"twitter:card\" content=\"summary_large_image\" \/>\n<meta name=\"twitter:creator\" content=\"@LaGuiadPamplona\" \/>\n<meta name=\"twitter:site\" content=\"@LaGuiadPamplona\" \/>\n<meta name=\"twitter:label1\" content=\"Escrito por\" \/>\n\t<meta name=\"twitter:data1\" content=\"La Gu\u00eda de Pamplona\" \/>\n\t<meta name=\"twitter:label2\" content=\"Tiempo de lectura\" \/>\n\t<meta name=\"twitter:data2\" content=\"2 minutos\" \/>\n<script type=\"application\/ld+json\" class=\"yoast-schema-graph\">{\"@context\":\"https:\\\/\\\/schema.org\",\"@graph\":[{\"@type\":\"Article\",\"@id\":\"https:\\\/\\\/www.laguiadepamplona.com\\\/actualidad\\\/pamplona-preseleccionada-para-los-primeros-premios-capitales-europeas-de-la-inclusion-y-la-diversidad-organizados-por-la-comision-europea\\\/#article\",\"isPartOf\":{\"@id\":\"https:\\\/\\\/www.laguiadepamplona.com\\\/actualidad\\\/pamplona-preseleccionada-para-los-primeros-premios-capitales-europeas-de-la-inclusion-y-la-diversidad-organizados-por-la-comision-europea\\\/\"},\"author\":{\"name\":\"La Gu\u00eda de Pamplona\",\"@id\":\"https:\\\/\\\/www.laguiadepamplona.com\\\/actualidad\\\/#\\\/schema\\\/person\\\/efe887376f0213d4657c93adc50b1fdb\"},\"headline\":\"Pamplona, preseleccionada para los primeros Premios Capitales Europeas de la Inclusi\u00f3n y la Diversidad, organizados por la Comisi\u00f3n Europea\",\"datePublished\":\"2022-03-31T10:03:12+00:00\",\"dateModified\":\"2023-04-11T09:48:21+00:00\",\"mainEntityOfPage\":{\"@id\":\"https:\\\/\\\/www.laguiadepamplona.com\\\/actualidad\\\/pamplona-preseleccionada-para-los-primeros-premios-capitales-europeas-de-la-inclusion-y-la-diversidad-organizados-por-la-comision-europea\\\/\"},\"wordCount\":367,\"commentCount\":0,\"publisher\":{\"@id\":\"https:\\\/\\\/www.laguiadepamplona.com\\\/actualidad\\\/#organization\"},\"image\":{\"@id\":\"https:\\\/\\\/www.laguiadepamplona.com\\\/actualidad\\\/pamplona-preseleccionada-para-los-primeros-premios-capitales-europeas-de-la-inclusion-y-la-diversidad-organizados-por-la-comision-europea\\\/#primaryimage\"},\"thumbnailUrl\":\"https:\\\/\\\/www.laguiadepamplona.com\\\/actualidad\\\/wp-content\\\/uploads\\\/2022\\\/03\\\/22.03.31_logotipo_premios_capitales_inclusion_diversidad.jpg\",\"articleSection\":[\"Ayto Pamplona\"],\"inLanguage\":\"es\",\"potentialAction\":[{\"@type\":\"CommentAction\",\"name\":\"Comment\",\"target\":[\"https:\\\/\\\/www.laguiadepamplona.com\\\/actualidad\\\/pamplona-preseleccionada-para-los-primeros-premios-capitales-europeas-de-la-inclusion-y-la-diversidad-organizados-por-la-comision-europea\\\/#respond\"]}]},{\"@type\":\"WebPage\",\"@id\":\"https:\\\/\\\/www.laguiadepamplona.com\\\/actualidad\\\/pamplona-preseleccionada-para-los-primeros-premios-capitales-europeas-de-la-inclusion-y-la-diversidad-organizados-por-la-comision-europea\\\/\",\"url\":\"https:\\\/\\\/www.laguiadepamplona.com\\\/actualidad\\\/pamplona-preseleccionada-para-los-primeros-premios-capitales-europeas-de-la-inclusion-y-la-diversidad-organizados-por-la-comision-europea\\\/\",\"name\":\"Pamplona, preseleccionada para los primeros Premios Capitales Europeas de la Inclusi\u00f3n y la Diversidad, organizados por la Comisi\u00f3n Europea\",\"isPartOf\":{\"@id\":\"https:\\\/\\\/www.laguiadepamplona.com\\\/actualidad\\\/#website\"},\"primaryImageOfPage\":{\"@id\":\"https:\\\/\\\/www.laguiadepamplona.com\\\/actualidad\\\/pamplona-preseleccionada-para-los-primeros-premios-capitales-europeas-de-la-inclusion-y-la-diversidad-organizados-por-la-comision-europea\\\/#primaryimage\"},\"image\":{\"@id\":\"https:\\\/\\\/www.laguiadepamplona.com\\\/actualidad\\\/pamplona-preseleccionada-para-los-primeros-premios-capitales-europeas-de-la-inclusion-y-la-diversidad-organizados-por-la-comision-europea\\\/#primaryimage\"},\"thumbnailUrl\":\"https:\\\/\\\/www.laguiadepamplona.com\\\/actualidad\\\/wp-content\\\/uploads\\\/2022\\\/03\\\/22.03.31_logotipo_premios_capitales_inclusion_diversidad.jpg\",\"datePublished\":\"2022-03-31T10:03:12+00:00\",\"dateModified\":\"2023-04-11T09:48:21+00:00\",\"description\":\"Los premios reconocen el trabajo de las autoridades locales para promover la inclusi\u00f3n y crear sociedades libres de discriminaci\u00f3n\",\"breadcrumb\":{\"@id\":\"https:\\\/\\\/www.laguiadepamplona.com\\\/actualidad\\\/pamplona-preseleccionada-para-los-primeros-premios-capitales-europeas-de-la-inclusion-y-la-diversidad-organizados-por-la-comision-europea\\\/#breadcrumb\"},\"inLanguage\":\"es\",\"potentialAction\":[{\"@type\":\"ReadAction\",\"target\":[\"https:\\\/\\\/www.laguiadepamplona.com\\\/actualidad\\\/pamplona-preseleccionada-para-los-primeros-premios-capitales-europeas-de-la-inclusion-y-la-diversidad-organizados-por-la-comision-europea\\\/\"]}]},{\"@type\":\"ImageObject\",\"inLanguage\":\"es\",\"@id\":\"https:\\\/\\\/www.laguiadepamplona.com\\\/actualidad\\\/pamplona-preseleccionada-para-los-primeros-premios-capitales-europeas-de-la-inclusion-y-la-diversidad-organizados-por-la-comision-europea\\\/#primaryimage\",\"url\":\"https:\\\/\\\/www.laguiadepamplona.com\\\/actualidad\\\/wp-content\\\/uploads\\\/2022\\\/03\\\/22.03.31_logotipo_premios_capitales_inclusion_diversidad.jpg\",\"contentUrl\":\"https:\\\/\\\/www.laguiadepamplona.com\\\/actualidad\\\/wp-content\\\/uploads\\\/2022\\\/03\\\/22.03.31_logotipo_premios_capitales_inclusion_diversidad.jpg\",\"width\":1920,\"height\":1280},{\"@type\":\"BreadcrumbList\",\"@id\":\"https:\\\/\\\/www.laguiadepamplona.com\\\/actualidad\\\/pamplona-preseleccionada-para-los-primeros-premios-capitales-europeas-de-la-inclusion-y-la-diversidad-organizados-por-la-comision-europea\\\/#breadcrumb\",\"itemListElement\":[{\"@type\":\"ListItem\",\"position\":1,\"name\":\"Portada\",\"item\":\"https:\\\/\\\/www.laguiadepamplona.com\\\/actualidad\\\/\"},{\"@type\":\"ListItem\",\"position\":2,\"name\":\"Pamplona, preseleccionada para los primeros Premios Capitales Europeas de la Inclusi\u00f3n y la Diversidad, organizados por la Comisi\u00f3n Europea\"}]},{\"@type\":\"WebSite\",\"@id\":\"https:\\\/\\\/www.laguiadepamplona.com\\\/actualidad\\\/#website\",\"url\":\"https:\\\/\\\/www.laguiadepamplona.com\\\/actualidad\\\/\",\"name\":\"La gu\u00eda de Pamplona\",\"description\":\"Noticias de Pamplona\",\"publisher\":{\"@id\":\"https:\\\/\\\/www.laguiadepamplona.com\\\/actualidad\\\/#organization\"},\"potentialAction\":[{\"@type\":\"SearchAction\",\"target\":{\"@type\":\"EntryPoint\",\"urlTemplate\":\"https:\\\/\\\/www.laguiadepamplona.com\\\/actualidad\\\/?s={search_term_string}\"},\"query-input\":{\"@type\":\"PropertyValueSpecification\",\"valueRequired\":true,\"valueName\":\"search_term_string\"}}],\"inLanguage\":\"es\"},{\"@type\":\"Organization\",\"@id\":\"https:\\\/\\\/www.laguiadepamplona.com\\\/actualidad\\\/#organization\",\"name\":\"La Gu\u00eda de Pamplona \\\/ Noticias\",\"url\":\"https:\\\/\\\/www.laguiadepamplona.com\\\/actualidad\\\/\",\"logo\":{\"@type\":\"ImageObject\",\"inLanguage\":\"es\",\"@id\":\"https:\\\/\\\/www.laguiadepamplona.com\\\/actualidad\\\/#\\\/schema\\\/logo\\\/image\\\/\",\"url\":\"https:\\\/\\\/www.laguiadepamplona.com\\\/actualidad\\\/wp-content\\\/uploads\\\/2018\\\/11\\\/logo-laguiadepamplona18-web1.png\",\"contentUrl\":\"https:\\\/\\\/www.laguiadepamplona.com\\\/actualidad\\\/wp-content\\\/uploads\\\/2018\\\/11\\\/logo-laguiadepamplona18-web1.png\",\"width\":600,\"height\":196,\"caption\":\"La Gu\u00eda de Pamplona \\\/ Noticias\"},\"image\":{\"@id\":\"https:\\\/\\\/www.laguiadepamplona.com\\\/actualidad\\\/#\\\/schema\\\/logo\\\/image\\\/\"},\"sameAs\":[\"https:\\\/\\\/www.facebook.com\\\/laguiadepamplonacom-133175176762273\\\/?ref=hl\",\"https:\\\/\\\/x.com\\\/LaGuiadPamplona\",\"https:\\\/\\\/www.instagram.com\\\/la_guia_de_pamplona\\\/\",\"https:\\\/\\\/www.youtube.com\\\/user\\\/laguiadepamplona\"]},{\"@type\":\"Person\",\"@id\":\"https:\\\/\\\/www.laguiadepamplona.com\\\/actualidad\\\/#\\\/schema\\\/person\\\/efe887376f0213d4657c93adc50b1fdb\",\"name\":\"La Gu\u00eda de Pamplona\",\"image\":{\"@type\":\"ImageObject\",\"inLanguage\":\"es\",\"@id\":\"https:\\\/\\\/secure.gravatar.com\\\/avatar\\\/b6992f131dc8d30ab0dff15446e9d346d9dbd95992de0fef795073f5ea83a81c?s=96&d=mm&r=g\",\"url\":\"https:\\\/\\\/secure.gravatar.com\\\/avatar\\\/b6992f131dc8d30ab0dff15446e9d346d9dbd95992de0fef795073f5ea83a81c?s=96&d=mm&r=g\",\"contentUrl\":\"https:\\\/\\\/secure.gravatar.com\\\/avatar\\\/b6992f131dc8d30ab0dff15446e9d346d9dbd95992de0fef795073f5ea83a81c?s=96&d=mm&r=g\",\"caption\":\"La Gu\u00eda de Pamplona\"}}]}<\/script>\n<!-- \/ Yoast SEO plugin. -->","yoast_head_json":{"title":"Pamplona, preseleccionada para los primeros Premios Capitales Europeas de la Inclusi\u00f3n y la Diversidad, organizados por la Comisi\u00f3n Europea","description":"Los premios reconocen el trabajo de las autoridades locales para promover la inclusi\u00f3n y crear sociedades libres de discriminaci\u00f3n","robots":{"index":"index","follow":"follow","max-snippet":"max-snippet:-1","max-image-preview":"max-image-preview:large","max-video-preview":"max-video-preview:-1"},"canonical":"https:\/\/www.laguiadepamplona.com\/actualidad\/pamplona-preseleccionada-para-los-primeros-premios-capitales-europeas-de-la-inclusion-y-la-diversidad-organizados-por-la-comision-europea\/","og_locale":"es_ES","og_type":"article","og_title":"Pamplona, preseleccionada para los primeros Premios Capitales Europeas de la Inclusi\u00f3n y la Diversidad, organizados por la Comisi\u00f3n Europea","og_description":"Los premios reconocen el trabajo de las autoridades locales para promover la inclusi\u00f3n y crear sociedades libres de discriminaci\u00f3n","og_url":"https:\/\/www.laguiadepamplona.com\/actualidad\/pamplona-preseleccionada-para-los-primeros-premios-capitales-europeas-de-la-inclusion-y-la-diversidad-organizados-por-la-comision-europea\/","og_site_name":"La Gu\u00eda de Pamplona","article_publisher":"https:\/\/www.facebook.com\/laguiadepamplonacom-133175176762273\/?ref=hl","article_published_time":"2022-03-31T10:03:12+00:00","article_modified_time":"2023-04-11T09:48:21+00:00","og_image":[{"width":1920,"height":1280,"url":"https:\/\/www.laguiadepamplona.com\/actualidad\/wp-content\/uploads\/2022\/03\/22.03.31_logotipo_premios_capitales_inclusion_diversidad.jpg","type":"image\/jpeg"}],"author":"La Gu\u00eda de Pamplona","twitter_card":"summary_large_image","twitter_creator":"@LaGuiadPamplona","twitter_site":"@LaGuiadPamplona","twitter_misc":{"Escrito por":"La Gu\u00eda de Pamplona","Tiempo de lectura":"2 minutos"},"schema":{"@context":"https:\/\/schema.org","@graph":[{"@type":"Article","@id":"https:\/\/www.laguiadepamplona.com\/actualidad\/pamplona-preseleccionada-para-los-primeros-premios-capitales-europeas-de-la-inclusion-y-la-diversidad-organizados-por-la-comision-europea\/#article","isPartOf":{"@id":"https:\/\/www.laguiadepamplona.com\/actualidad\/pamplona-preseleccionada-para-los-primeros-premios-capitales-europeas-de-la-inclusion-y-la-diversidad-organizados-por-la-comision-europea\/"},"author":{"name":"La Gu\u00eda de Pamplona","@id":"https:\/\/www.laguiadepamplona.com\/actualidad\/#\/schema\/person\/efe887376f0213d4657c93adc50b1fdb"},"headline":"Pamplona, preseleccionada para los primeros Premios Capitales Europeas de la Inclusi\u00f3n y la Diversidad, organizados por la Comisi\u00f3n Europea","datePublished":"2022-03-31T10:03:12+00:00","dateModified":"2023-04-11T09:48:21+00:00","mainEntityOfPage":{"@id":"https:\/\/www.laguiadepamplona.com\/actualidad\/pamplona-preseleccionada-para-los-primeros-premios-capitales-europeas-de-la-inclusion-y-la-diversidad-organizados-por-la-comision-europea\/"},"wordCount":367,"commentCount":0,"publisher":{"@id":"https:\/\/www.laguiadepamplona.com\/actualidad\/#organization"},"image":{"@id":"https:\/\/www.laguiadepamplona.com\/actualidad\/pamplona-preseleccionada-para-los-primeros-premios-capitales-europeas-de-la-inclusion-y-la-diversidad-organizados-por-la-comision-europea\/#primaryimage"},"thumbnailUrl":"https:\/\/www.laguiadepamplona.com\/actualidad\/wp-content\/uploads\/2022\/03\/22.03.31_logotipo_premios_capitales_inclusion_diversidad.jpg","articleSection":["Ayto Pamplona"],"inLanguage":"es","potentialAction":[{"@type":"CommentAction","name":"Comment","target":["https:\/\/www.laguiadepamplona.com\/actualidad\/pamplona-preseleccionada-para-los-primeros-premios-capitales-europeas-de-la-inclusion-y-la-diversidad-organizados-por-la-comision-europea\/#respond"]}]},{"@type":"WebPage","@id":"https:\/\/www.laguiadepamplona.com\/actualidad\/pamplona-preseleccionada-para-los-primeros-premios-capitales-europeas-de-la-inclusion-y-la-diversidad-organizados-por-la-comision-europea\/","url":"https:\/\/www.laguiadepamplona.com\/actualidad\/pamplona-preseleccionada-para-los-primeros-premios-capitales-europeas-de-la-inclusion-y-la-diversidad-organizados-por-la-comision-europea\/","name":"Pamplona, preseleccionada para los primeros Premios Capitales Europeas de la Inclusi\u00f3n y la Diversidad, organizados por la Comisi\u00f3n Europea","isPartOf":{"@id":"https:\/\/www.laguiadepamplona.com\/actualidad\/#website"},"primaryImageOfPage":{"@id":"https:\/\/www.laguiadepamplona.com\/actualidad\/pamplona-preseleccionada-para-los-primeros-premios-capitales-europeas-de-la-inclusion-y-la-diversidad-organizados-por-la-comision-europea\/#primaryimage"},"image":{"@id":"https:\/\/www.laguiadepamplona.com\/actualidad\/pamplona-preseleccionada-para-los-primeros-premios-capitales-europeas-de-la-inclusion-y-la-diversidad-organizados-por-la-comision-europea\/#primaryimage"},"thumbnailUrl":"https:\/\/www.laguiadepamplona.com\/actualidad\/wp-content\/uploads\/2022\/03\/22.03.31_logotipo_premios_capitales_inclusion_diversidad.jpg","datePublished":"2022-03-31T10:03:12+00:00","dateModified":"2023-04-11T09:48:21+00:00","description":"Los premios reconocen el trabajo de las autoridades locales para promover la inclusi\u00f3n y crear sociedades libres de discriminaci\u00f3n","breadcrumb":{"@id":"https:\/\/www.laguiadepamplona.com\/actualidad\/pamplona-preseleccionada-para-los-primeros-premios-capitales-europeas-de-la-inclusion-y-la-diversidad-organizados-por-la-comision-europea\/#breadcrumb"},"inLanguage":"es","potentialAction":[{"@type":"ReadAction","target":["https:\/\/www.laguiadepamplona.com\/actualidad\/pamplona-preseleccionada-para-los-primeros-premios-capitales-europeas-de-la-inclusion-y-la-diversidad-organizados-por-la-comision-europea\/"]}]},{"@type":"ImageObject","inLanguage":"es","@id":"https:\/\/www.laguiadepamplona.com\/actualidad\/pamplona-preseleccionada-para-los-primeros-premios-capitales-europeas-de-la-inclusion-y-la-diversidad-organizados-por-la-comision-europea\/#primaryimage","url":"https:\/\/www.laguiadepamplona.com\/actualidad\/wp-content\/uploads\/2022\/03\/22.03.31_logotipo_premios_capitales_inclusion_diversidad.jpg","contentUrl":"https:\/\/www.laguiadepamplona.com\/actualidad\/wp-content\/uploads\/2022\/03\/22.03.31_logotipo_premios_capitales_inclusion_diversidad.jpg","width":1920,"height":1280},{"@type":"BreadcrumbList","@id":"https:\/\/www.laguiadepamplona.com\/actualidad\/pamplona-preseleccionada-para-los-primeros-premios-capitales-europeas-de-la-inclusion-y-la-diversidad-organizados-por-la-comision-europea\/#breadcrumb","itemListElement":[{"@type":"ListItem","position":1,"name":"Portada","item":"https:\/\/www.laguiadepamplona.com\/actualidad\/"},{"@type":"ListItem","position":2,"name":"Pamplona, preseleccionada para los primeros Premios Capitales Europeas de la Inclusi\u00f3n y la Diversidad, organizados por la Comisi\u00f3n Europea"}]},{"@type":"WebSite","@id":"https:\/\/www.laguiadepamplona.com\/actualidad\/#website","url":"https:\/\/www.laguiadepamplona.com\/actualidad\/","name":"La gu\u00eda de Pamplona","description":"Noticias de Pamplona","publisher":{"@id":"https:\/\/www.laguiadepamplona.com\/actualidad\/#organization"},"potentialAction":[{"@type":"SearchAction","target":{"@type":"EntryPoint","urlTemplate":"https:\/\/www.laguiadepamplona.com\/actualidad\/?s={search_term_string}"},"query-input":{"@type":"PropertyValueSpecification","valueRequired":true,"valueName":"search_term_string"}}],"inLanguage":"es"},{"@type":"Organization","@id":"https:\/\/www.laguiadepamplona.com\/actualidad\/#organization","name":"La Gu\u00eda de Pamplona \/ Noticias","url":"https:\/\/www.laguiadepamplona.com\/actualidad\/","logo":{"@type":"ImageObject","inLanguage":"es","@id":"https:\/\/www.laguiadepamplona.com\/actualidad\/#\/schema\/logo\/image\/","url":"https:\/\/www.laguiadepamplona.com\/actualidad\/wp-content\/uploads\/2018\/11\/logo-laguiadepamplona18-web1.png","contentUrl":"https:\/\/www.laguiadepamplona.com\/actualidad\/wp-content\/uploads\/2018\/11\/logo-laguiadepamplona18-web1.png","width":600,"height":196,"caption":"La Gu\u00eda de Pamplona \/ Noticias"},"image":{"@id":"https:\/\/www.laguiadepamplona.com\/actualidad\/#\/schema\/logo\/image\/"},"sameAs":["https:\/\/www.facebook.com\/laguiadepamplonacom-133175176762273\/?ref=hl","https:\/\/x.com\/LaGuiadPamplona","https:\/\/www.instagram.com\/la_guia_de_pamplona\/","https:\/\/www.youtube.com\/user\/laguiadepamplona"]},{"@type":"Person","@id":"https:\/\/www.laguiadepamplona.com\/actualidad\/#\/schema\/person\/efe887376f0213d4657c93adc50b1fdb","name":"La Gu\u00eda de Pamplona","image":{"@type":"ImageObject","inLanguage":"es","@id":"https:\/\/secure.gravatar.com\/avatar\/b6992f131dc8d30ab0dff15446e9d346d9dbd95992de0fef795073f5ea83a81c?s=96&d=mm&r=g","url":"https:\/\/secure.gravatar.com\/avatar\/b6992f131dc8d30ab0dff15446e9d346d9dbd95992de0fef795073f5ea83a81c?s=96&d=mm&r=g","contentUrl":"https:\/\/secure.gravatar.com\/avatar\/b6992f131dc8d30ab0dff15446e9d346d9dbd95992de0fef795073f5ea83a81c?s=96&d=mm&r=g","caption":"La Gu\u00eda de Pamplona"}}]}},"post_mailing_queue_ids":[],"_links":{"self":[{"href":"https:\/\/www.laguiadepamplona.com\/actualidad\/wp-json\/wp\/v2\/posts\/39788","targetHints":{"allow":["GET"]}}],"collection":[{"href":"https:\/\/www.laguiadepamplona.com\/actualidad\/wp-json\/wp\/v2\/posts"}],"about":[{"href":"https:\/\/www.laguiadepamplona.com\/actualidad\/wp-json\/wp\/v2\/types\/post"}],"author":[{"embeddable":true,"href":"https:\/\/www.laguiadepamplona.com\/actualidad\/wp-json\/wp\/v2\/users\/1"}],"replies":[{"embeddable":true,"href":"https:\/\/www.laguiadepamplona.com\/actualidad\/wp-json\/wp\/v2\/comments?post=39788"}],"version-history":[{"count":0,"href":"https:\/\/www.laguiadepamplona.com\/actualidad\/wp-json\/wp\/v2\/posts\/39788\/revisions"}],"wp:featuredmedia":[{"embeddable":true,"href":"https:\/\/www.laguiadepamplona.com\/actualidad\/wp-json\/wp\/v2\/media\/39790"}],"wp:attachment":[{"href":"https:\/\/www.laguiadepamplona.com\/actualidad\/wp-json\/wp\/v2\/media?parent=39788"}],"wp:term":[{"taxonomy":"category","embeddable":true,"href":"https:\/\/www.laguiadepamplona.com\/actualidad\/wp-json\/wp\/v2\/categories?post=39788"},{"taxonomy":"post_tag","embeddable":true,"href":"https:\/\/www.laguiadepamplona.com\/actualidad\/wp-json\/wp\/v2\/tags?post=39788"}],"curies":[{"name":"wp","href":"https:\/\/api.w.org\/{rel}","templated":true}]}}