{"id":39785,"date":"2022-03-31T12:01:26","date_gmt":"2022-03-31T10:01:26","guid":{"rendered":"https:\/\/www.laguiadepamplona.com\/actualidad\/?p=39785"},"modified":"2023-04-11T11:48:21","modified_gmt":"2023-04-11T09:48:21","slug":"la-escuela-de-musica-joaquin-maya-abre-manana-viernes-el-plazo-de-preinscripcion-de-nuevo-alumnado-para-el-proximo-curso","status":"publish","type":"post","link":"https:\/\/www.laguiadepamplona.com\/actualidad\/la-escuela-de-musica-joaquin-maya-abre-manana-viernes-el-plazo-de-preinscripcion-de-nuevo-alumnado-para-el-proximo-curso\/","title":{"rendered":"La Escuela de M\u00fasica Joaqu\u00edn Maya abre ma\u00f1ana, viernes, el plazo de preinscripci\u00f3n de nuevo alumnado para el pr\u00f3ximo curso"},"content":{"rendered":"<h5>La preinscripci\u00f3n podr\u00e1 realizarse a trav\u00e9s de la p\u00e1gina web o en el tel\u00e9fono 010 y la asignaci\u00f3n de plazas se realizar\u00e1 por sorteo<\/h5>\n<p><!--more--><\/p>\n<p>La Escuela de M\u00fasica Joaqu\u00edn Maya del Ayuntamiento de Pamplona abre este viernes el periodo de preinscripci\u00f3n para el ingreso de alumnado nuevo de cara al pr\u00f3ximo curso 2022-2023. Las personas interesadas en formarse musicalmente en esta escuela municipal pondr\u00e1n realizar la preinscripci\u00f3n de forma telem\u00e1tica hasta el d\u00eda 12 de abril, bien a trav\u00e9s de la web municipal <a href=\"http:\/\/www.pamplona.es\/escuelademusica\" target=\"_blank\" rel=\"noopener\">www.pamplona.es\/escuelademusica<\/a> o por el tel\u00e9fono de Atenci\u00f3n Ciudadana 010 (948420100). Las plazas se adjudicar\u00e1n por sorteo.<br \/>\n<script async src=\"\/\/pagead2.googlesyndication.com\/pagead\/js\/adsbygoogle.js\"><\/script><br \/>\n<!-- Noticias La Guia de Pamplona --><br \/>\n<ins class=\"adsbygoogle\"\nstyle=\"display:block\"\ndata-ad-client=\"ca-pub-6943679897239327\"\ndata-ad-slot=\"7048180777\"\ndata-ad-format=\"auto\"><\/ins><br \/>\n<script>\n(adsbygoogle = window.adsbygoogle || []).push({});\n<\/script><\/p>\n<p>La Escuela es un centro de ense\u00f1anza musical no reglada de titularidad municipal, dirigido a personas empadronadas en Pamplona, tanto menores como adultas, siempre y cuando tengan al menos 7 a\u00f1os (cumplidos este 2022).<\/p>\n<p>Una vez finalizado el plazo de preinscripci\u00f3n, el listado provisional de personas admitidas al sorteo se dar\u00e1 a conocer el 4 de mayo, tanto en el tabl\u00f3n de anuncios de la escuela como en su web. Tras el plazo de reclamaciones, el 20 de mayo se publicar\u00e1 la lista definitiva de admitidos. El sorteo, que adjudicar\u00e1 las plazas disponibles, se realizar\u00e1 el 24 de junio. Quienes hayan obtenido plaza podr\u00e1n formalizar su matr\u00edcula los d\u00edas 29 y 30 de junio.<\/p>\n<p>La Escuela de M\u00fasica Joaqu\u00edn Maya cuenta con alrededor de un millar de alumnos y alumnas. La formaci\u00f3n del centro incluye las asignaturas de Lenguaje Musical y Conjunto Coral adem\u00e1s de una oferta de 23 instrumentos: piano, acorde\u00f3n, guitarra, trompeta, tromb\u00f3n, trompa, tuba, bombardino, flauta, saxof\u00f3n, clarinete, fagot, oboe, viol\u00edn, viola, violoncello, contrabajo, canto, percusi\u00f3n y txistu, adem\u00e1s de guitarra el\u00e9ctrica, bajo el\u00e9ctrico y bater\u00eda. La escuela ofrece tambi\u00e9n preparaci\u00f3n para la prueba de acceso al Conservatorio Profesional y formaci\u00f3n musical especializada a personas aficionadas a la ense\u00f1anza instrumental.<br \/>\n<script async src=\"\/\/pagead2.googlesyndication.com\/pagead\/js\/adsbygoogle.js\"><\/script><br \/>\n<!-- Noticias La Guia de Pamplona --><br \/>\n<ins class=\"adsbygoogle\"\nstyle=\"display:block\"\ndata-ad-client=\"ca-pub-6943679897239327\"\ndata-ad-slot=\"7048180777\"\ndata-ad-format=\"auto\"><\/ins><br \/>\n<script>\n(adsbygoogle = window.adsbygoogle || []).push({});\n<\/script><\/p>\n<p>&nbsp;<\/p>\n<h3>Preinscripci\u00f3n Escuela de M\u00fasica Joaqu\u00edn Maya curso 2021\/2022<\/h3>\n<ul>\n<li><strong>Fechas preinscripci\u00f3n: <\/strong>del 1 al 12 de abril, ambos incluidos<\/li>\n<li><strong>Lugar:<\/strong>\n<ul>\n<li>En el tel\u00e9fono 010 o 948420100<\/li>\n<li>En la web municipal <a href=\"http:\/\/www.pamplona.es\/escuelademusica\">pamplona.es\/escuelademusica<\/a><\/li>\n<\/ul>\n<\/li>\n<li><strong>Requisitos:<\/strong>\n<ul>\n<li>Edad m\u00ednima: 7 a\u00f1os cumplidos en 2022<\/li>\n<li>Empadronamiento en Pamplona con anterioridad a la fecha del comienzo del plazo de preinscripci\u00f3n<\/li>\n<\/ul>\n<\/li>\n<li><strong>Publicaci\u00f3n lista provisional de personas admitidas a sorteo:<\/strong>\n<ul>\n<li>4 de mayo<\/li>\n<li>En <a href=\"http:\/\/www.pamplona.es\/escuelademusica\">pamplona.es\/escuelademusica<\/a><\/li>\n<\/ul>\n<\/li>\n<li><strong>Publicaci\u00f3n lista definitiva de personas admitidas a sorteo<\/strong>\n<ul>\n<li>20 de mayo<\/li>\n<\/ul>\n<\/li>\n<li><strong>Sorteo de plazas<\/strong>\n<ul>\n<li>24 de junio<\/li>\n<\/ul>\n<\/li>\n<li><strong>Matr\u00edcula del alumnado que ha obtenido plaza en el sorteo<\/strong>\n<ul>\n<li>29 y 30 de junio de 2020<\/li>\n<\/ul>\n<\/li>\n<\/ul>\n","protected":false},"excerpt":{"rendered":"<p>La preinscripci\u00f3n podr\u00e1 realizarse a trav\u00e9s de la p\u00e1gina web o en el tel\u00e9fono 010 y la asignaci\u00f3n de plazas se realizar\u00e1 por sorteo<\/p>\n","protected":false},"author":1,"featured_media":39786,"comment_status":"open","ping_status":"closed","sticky":false,"template":"","format":"standard","meta":{"footnotes":""},"categories":[2],"tags":[],"class_list":["post-39785","post","type-post","status-publish","format-standard","has-post-thumbnail","hentry","category-ayuntamiento-pamplona"],"yoast_head":"<!-- This site is optimized with the Yoast SEO plugin v27.3 - https:\/\/yoast.com\/product\/yoast-seo-wordpress\/ -->\n<title>La Escuela de M\u00fasica Joaqu\u00edn Maya abre ma\u00f1ana, viernes, el plazo de preinscripci\u00f3n de nuevo alumnado para el pr\u00f3ximo curso<\/title>\n<meta name=\"description\" content=\"La preinscripci\u00f3n podr\u00e1 realizarse a trav\u00e9s de la p\u00e1gina web o en el tel\u00e9fono 010 y la asignaci\u00f3n de plazas se realizar\u00e1 por sorteo\" \/>\n<meta name=\"robots\" content=\"index, follow, max-snippet:-1, max-image-preview:large, max-video-preview:-1\" \/>\n<link rel=\"canonical\" href=\"https:\/\/www.laguiadepamplona.com\/actualidad\/la-escuela-de-musica-joaquin-maya-abre-manana-viernes-el-plazo-de-preinscripcion-de-nuevo-alumnado-para-el-proximo-curso\/\" \/>\n<meta property=\"og:locale\" content=\"es_ES\" \/>\n<meta property=\"og:type\" content=\"article\" \/>\n<meta property=\"og:title\" content=\"La Escuela de M\u00fasica Joaqu\u00edn Maya abre ma\u00f1ana, viernes, el plazo de preinscripci\u00f3n de nuevo alumnado para el pr\u00f3ximo curso\" \/>\n<meta property=\"og:description\" content=\"La preinscripci\u00f3n podr\u00e1 realizarse a trav\u00e9s de la p\u00e1gina web o en el tel\u00e9fono 010 y la asignaci\u00f3n de plazas se realizar\u00e1 por sorteo\" \/>\n<meta property=\"og:url\" content=\"https:\/\/www.laguiadepamplona.com\/actualidad\/la-escuela-de-musica-joaquin-maya-abre-manana-viernes-el-plazo-de-preinscripcion-de-nuevo-alumnado-para-el-proximo-curso\/\" \/>\n<meta property=\"og:site_name\" content=\"La Gu\u00eda de Pamplona\" \/>\n<meta property=\"article:publisher\" content=\"https:\/\/www.facebook.com\/laguiadepamplonacom-133175176762273\/?ref=hl\" \/>\n<meta property=\"article:published_time\" content=\"2022-03-31T10:01:26+00:00\" \/>\n<meta property=\"article:modified_time\" content=\"2023-04-11T09:48:21+00:00\" \/>\n<meta property=\"og:image\" content=\"https:\/\/www.laguiadepamplona.com\/actualidad\/wp-content\/uploads\/2022\/03\/escuela-musica-joaquin-maya.jpg\" \/>\n\t<meta property=\"og:image:width\" content=\"756\" \/>\n\t<meta property=\"og:image:height\" content=\"446\" \/>\n\t<meta property=\"og:image:type\" content=\"image\/jpeg\" \/>\n<meta name=\"author\" content=\"La Gu\u00eda de Pamplona\" \/>\n<meta name=\"twitter:card\" content=\"summary_large_image\" \/>\n<meta name=\"twitter:creator\" content=\"@LaGuiadPamplona\" \/>\n<meta name=\"twitter:site\" content=\"@LaGuiadPamplona\" \/>\n<meta name=\"twitter:label1\" content=\"Escrito por\" \/>\n\t<meta name=\"twitter:data1\" content=\"La Gu\u00eda de Pamplona\" \/>\n\t<meta name=\"twitter:label2\" content=\"Tiempo de lectura\" \/>\n\t<meta name=\"twitter:data2\" content=\"2 minutos\" \/>\n<script type=\"application\/ld+json\" class=\"yoast-schema-graph\">{\"@context\":\"https:\\\/\\\/schema.org\",\"@graph\":[{\"@type\":\"Article\",\"@id\":\"https:\\\/\\\/www.laguiadepamplona.com\\\/actualidad\\\/la-escuela-de-musica-joaquin-maya-abre-manana-viernes-el-plazo-de-preinscripcion-de-nuevo-alumnado-para-el-proximo-curso\\\/#article\",\"isPartOf\":{\"@id\":\"https:\\\/\\\/www.laguiadepamplona.com\\\/actualidad\\\/la-escuela-de-musica-joaquin-maya-abre-manana-viernes-el-plazo-de-preinscripcion-de-nuevo-alumnado-para-el-proximo-curso\\\/\"},\"author\":{\"name\":\"La Gu\u00eda de Pamplona\",\"@id\":\"https:\\\/\\\/www.laguiadepamplona.com\\\/actualidad\\\/#\\\/schema\\\/person\\\/efe887376f0213d4657c93adc50b1fdb\"},\"headline\":\"La Escuela de M\u00fasica Joaqu\u00edn Maya abre ma\u00f1ana, viernes, el plazo de preinscripci\u00f3n de nuevo alumnado para el pr\u00f3ximo curso\",\"datePublished\":\"2022-03-31T10:01:26+00:00\",\"dateModified\":\"2023-04-11T09:48:21+00:00\",\"mainEntityOfPage\":{\"@id\":\"https:\\\/\\\/www.laguiadepamplona.com\\\/actualidad\\\/la-escuela-de-musica-joaquin-maya-abre-manana-viernes-el-plazo-de-preinscripcion-de-nuevo-alumnado-para-el-proximo-curso\\\/\"},\"wordCount\":461,\"commentCount\":0,\"publisher\":{\"@id\":\"https:\\\/\\\/www.laguiadepamplona.com\\\/actualidad\\\/#organization\"},\"image\":{\"@id\":\"https:\\\/\\\/www.laguiadepamplona.com\\\/actualidad\\\/la-escuela-de-musica-joaquin-maya-abre-manana-viernes-el-plazo-de-preinscripcion-de-nuevo-alumnado-para-el-proximo-curso\\\/#primaryimage\"},\"thumbnailUrl\":\"https:\\\/\\\/www.laguiadepamplona.com\\\/actualidad\\\/wp-content\\\/uploads\\\/2022\\\/03\\\/escuela-musica-joaquin-maya.jpg\",\"articleSection\":[\"Ayto Pamplona\"],\"inLanguage\":\"es\",\"potentialAction\":[{\"@type\":\"CommentAction\",\"name\":\"Comment\",\"target\":[\"https:\\\/\\\/www.laguiadepamplona.com\\\/actualidad\\\/la-escuela-de-musica-joaquin-maya-abre-manana-viernes-el-plazo-de-preinscripcion-de-nuevo-alumnado-para-el-proximo-curso\\\/#respond\"]}]},{\"@type\":\"WebPage\",\"@id\":\"https:\\\/\\\/www.laguiadepamplona.com\\\/actualidad\\\/la-escuela-de-musica-joaquin-maya-abre-manana-viernes-el-plazo-de-preinscripcion-de-nuevo-alumnado-para-el-proximo-curso\\\/\",\"url\":\"https:\\\/\\\/www.laguiadepamplona.com\\\/actualidad\\\/la-escuela-de-musica-joaquin-maya-abre-manana-viernes-el-plazo-de-preinscripcion-de-nuevo-alumnado-para-el-proximo-curso\\\/\",\"name\":\"La Escuela de M\u00fasica Joaqu\u00edn Maya abre ma\u00f1ana, viernes, el plazo de preinscripci\u00f3n de nuevo alumnado para el pr\u00f3ximo curso\",\"isPartOf\":{\"@id\":\"https:\\\/\\\/www.laguiadepamplona.com\\\/actualidad\\\/#website\"},\"primaryImageOfPage\":{\"@id\":\"https:\\\/\\\/www.laguiadepamplona.com\\\/actualidad\\\/la-escuela-de-musica-joaquin-maya-abre-manana-viernes-el-plazo-de-preinscripcion-de-nuevo-alumnado-para-el-proximo-curso\\\/#primaryimage\"},\"image\":{\"@id\":\"https:\\\/\\\/www.laguiadepamplona.com\\\/actualidad\\\/la-escuela-de-musica-joaquin-maya-abre-manana-viernes-el-plazo-de-preinscripcion-de-nuevo-alumnado-para-el-proximo-curso\\\/#primaryimage\"},\"thumbnailUrl\":\"https:\\\/\\\/www.laguiadepamplona.com\\\/actualidad\\\/wp-content\\\/uploads\\\/2022\\\/03\\\/escuela-musica-joaquin-maya.jpg\",\"datePublished\":\"2022-03-31T10:01:26+00:00\",\"dateModified\":\"2023-04-11T09:48:21+00:00\",\"description\":\"La preinscripci\u00f3n podr\u00e1 realizarse a trav\u00e9s de la p\u00e1gina web o en el tel\u00e9fono 010 y la asignaci\u00f3n de plazas se realizar\u00e1 por sorteo\",\"breadcrumb\":{\"@id\":\"https:\\\/\\\/www.laguiadepamplona.com\\\/actualidad\\\/la-escuela-de-musica-joaquin-maya-abre-manana-viernes-el-plazo-de-preinscripcion-de-nuevo-alumnado-para-el-proximo-curso\\\/#breadcrumb\"},\"inLanguage\":\"es\",\"potentialAction\":[{\"@type\":\"ReadAction\",\"target\":[\"https:\\\/\\\/www.laguiadepamplona.com\\\/actualidad\\\/la-escuela-de-musica-joaquin-maya-abre-manana-viernes-el-plazo-de-preinscripcion-de-nuevo-alumnado-para-el-proximo-curso\\\/\"]}]},{\"@type\":\"ImageObject\",\"inLanguage\":\"es\",\"@id\":\"https:\\\/\\\/www.laguiadepamplona.com\\\/actualidad\\\/la-escuela-de-musica-joaquin-maya-abre-manana-viernes-el-plazo-de-preinscripcion-de-nuevo-alumnado-para-el-proximo-curso\\\/#primaryimage\",\"url\":\"https:\\\/\\\/www.laguiadepamplona.com\\\/actualidad\\\/wp-content\\\/uploads\\\/2022\\\/03\\\/escuela-musica-joaquin-maya.jpg\",\"contentUrl\":\"https:\\\/\\\/www.laguiadepamplona.com\\\/actualidad\\\/wp-content\\\/uploads\\\/2022\\\/03\\\/escuela-musica-joaquin-maya.jpg\",\"width\":756,\"height\":446},{\"@type\":\"BreadcrumbList\",\"@id\":\"https:\\\/\\\/www.laguiadepamplona.com\\\/actualidad\\\/la-escuela-de-musica-joaquin-maya-abre-manana-viernes-el-plazo-de-preinscripcion-de-nuevo-alumnado-para-el-proximo-curso\\\/#breadcrumb\",\"itemListElement\":[{\"@type\":\"ListItem\",\"position\":1,\"name\":\"Portada\",\"item\":\"https:\\\/\\\/www.laguiadepamplona.com\\\/actualidad\\\/\"},{\"@type\":\"ListItem\",\"position\":2,\"name\":\"La Escuela de M\u00fasica Joaqu\u00edn Maya abre ma\u00f1ana, viernes, el plazo de preinscripci\u00f3n de nuevo alumnado para el pr\u00f3ximo curso\"}]},{\"@type\":\"WebSite\",\"@id\":\"https:\\\/\\\/www.laguiadepamplona.com\\\/actualidad\\\/#website\",\"url\":\"https:\\\/\\\/www.laguiadepamplona.com\\\/actualidad\\\/\",\"name\":\"La gu\u00eda de Pamplona\",\"description\":\"Noticias de Pamplona\",\"publisher\":{\"@id\":\"https:\\\/\\\/www.laguiadepamplona.com\\\/actualidad\\\/#organization\"},\"potentialAction\":[{\"@type\":\"SearchAction\",\"target\":{\"@type\":\"EntryPoint\",\"urlTemplate\":\"https:\\\/\\\/www.laguiadepamplona.com\\\/actualidad\\\/?s={search_term_string}\"},\"query-input\":{\"@type\":\"PropertyValueSpecification\",\"valueRequired\":true,\"valueName\":\"search_term_string\"}}],\"inLanguage\":\"es\"},{\"@type\":\"Organization\",\"@id\":\"https:\\\/\\\/www.laguiadepamplona.com\\\/actualidad\\\/#organization\",\"name\":\"La Gu\u00eda de Pamplona \\\/ Noticias\",\"url\":\"https:\\\/\\\/www.laguiadepamplona.com\\\/actualidad\\\/\",\"logo\":{\"@type\":\"ImageObject\",\"inLanguage\":\"es\",\"@id\":\"https:\\\/\\\/www.laguiadepamplona.com\\\/actualidad\\\/#\\\/schema\\\/logo\\\/image\\\/\",\"url\":\"https:\\\/\\\/www.laguiadepamplona.com\\\/actualidad\\\/wp-content\\\/uploads\\\/2018\\\/11\\\/logo-laguiadepamplona18-web1.png\",\"contentUrl\":\"https:\\\/\\\/www.laguiadepamplona.com\\\/actualidad\\\/wp-content\\\/uploads\\\/2018\\\/11\\\/logo-laguiadepamplona18-web1.png\",\"width\":600,\"height\":196,\"caption\":\"La Gu\u00eda de Pamplona \\\/ Noticias\"},\"image\":{\"@id\":\"https:\\\/\\\/www.laguiadepamplona.com\\\/actualidad\\\/#\\\/schema\\\/logo\\\/image\\\/\"},\"sameAs\":[\"https:\\\/\\\/www.facebook.com\\\/laguiadepamplonacom-133175176762273\\\/?ref=hl\",\"https:\\\/\\\/x.com\\\/LaGuiadPamplona\",\"https:\\\/\\\/www.instagram.com\\\/la_guia_de_pamplona\\\/\",\"https:\\\/\\\/www.youtube.com\\\/user\\\/laguiadepamplona\"]},{\"@type\":\"Person\",\"@id\":\"https:\\\/\\\/www.laguiadepamplona.com\\\/actualidad\\\/#\\\/schema\\\/person\\\/efe887376f0213d4657c93adc50b1fdb\",\"name\":\"La Gu\u00eda de Pamplona\",\"image\":{\"@type\":\"ImageObject\",\"inLanguage\":\"es\",\"@id\":\"https:\\\/\\\/secure.gravatar.com\\\/avatar\\\/b6992f131dc8d30ab0dff15446e9d346d9dbd95992de0fef795073f5ea83a81c?s=96&d=mm&r=g\",\"url\":\"https:\\\/\\\/secure.gravatar.com\\\/avatar\\\/b6992f131dc8d30ab0dff15446e9d346d9dbd95992de0fef795073f5ea83a81c?s=96&d=mm&r=g\",\"contentUrl\":\"https:\\\/\\\/secure.gravatar.com\\\/avatar\\\/b6992f131dc8d30ab0dff15446e9d346d9dbd95992de0fef795073f5ea83a81c?s=96&d=mm&r=g\",\"caption\":\"La Gu\u00eda de Pamplona\"}}]}<\/script>\n<!-- \/ Yoast SEO plugin. -->","yoast_head_json":{"title":"La Escuela de M\u00fasica Joaqu\u00edn Maya abre ma\u00f1ana, viernes, el plazo de preinscripci\u00f3n de nuevo alumnado para el pr\u00f3ximo curso","description":"La preinscripci\u00f3n podr\u00e1 realizarse a trav\u00e9s de la p\u00e1gina web o en el tel\u00e9fono 010 y la asignaci\u00f3n de plazas se realizar\u00e1 por sorteo","robots":{"index":"index","follow":"follow","max-snippet":"max-snippet:-1","max-image-preview":"max-image-preview:large","max-video-preview":"max-video-preview:-1"},"canonical":"https:\/\/www.laguiadepamplona.com\/actualidad\/la-escuela-de-musica-joaquin-maya-abre-manana-viernes-el-plazo-de-preinscripcion-de-nuevo-alumnado-para-el-proximo-curso\/","og_locale":"es_ES","og_type":"article","og_title":"La Escuela de M\u00fasica Joaqu\u00edn Maya abre ma\u00f1ana, viernes, el plazo de preinscripci\u00f3n de nuevo alumnado para el pr\u00f3ximo curso","og_description":"La preinscripci\u00f3n podr\u00e1 realizarse a trav\u00e9s de la p\u00e1gina web o en el tel\u00e9fono 010 y la asignaci\u00f3n de plazas se realizar\u00e1 por sorteo","og_url":"https:\/\/www.laguiadepamplona.com\/actualidad\/la-escuela-de-musica-joaquin-maya-abre-manana-viernes-el-plazo-de-preinscripcion-de-nuevo-alumnado-para-el-proximo-curso\/","og_site_name":"La Gu\u00eda de Pamplona","article_publisher":"https:\/\/www.facebook.com\/laguiadepamplonacom-133175176762273\/?ref=hl","article_published_time":"2022-03-31T10:01:26+00:00","article_modified_time":"2023-04-11T09:48:21+00:00","og_image":[{"width":756,"height":446,"url":"https:\/\/www.laguiadepamplona.com\/actualidad\/wp-content\/uploads\/2022\/03\/escuela-musica-joaquin-maya.jpg","type":"image\/jpeg"}],"author":"La Gu\u00eda de Pamplona","twitter_card":"summary_large_image","twitter_creator":"@LaGuiadPamplona","twitter_site":"@LaGuiadPamplona","twitter_misc":{"Escrito por":"La Gu\u00eda de Pamplona","Tiempo de lectura":"2 minutos"},"schema":{"@context":"https:\/\/schema.org","@graph":[{"@type":"Article","@id":"https:\/\/www.laguiadepamplona.com\/actualidad\/la-escuela-de-musica-joaquin-maya-abre-manana-viernes-el-plazo-de-preinscripcion-de-nuevo-alumnado-para-el-proximo-curso\/#article","isPartOf":{"@id":"https:\/\/www.laguiadepamplona.com\/actualidad\/la-escuela-de-musica-joaquin-maya-abre-manana-viernes-el-plazo-de-preinscripcion-de-nuevo-alumnado-para-el-proximo-curso\/"},"author":{"name":"La Gu\u00eda de Pamplona","@id":"https:\/\/www.laguiadepamplona.com\/actualidad\/#\/schema\/person\/efe887376f0213d4657c93adc50b1fdb"},"headline":"La Escuela de M\u00fasica Joaqu\u00edn Maya abre ma\u00f1ana, viernes, el plazo de preinscripci\u00f3n de nuevo alumnado para el pr\u00f3ximo curso","datePublished":"2022-03-31T10:01:26+00:00","dateModified":"2023-04-11T09:48:21+00:00","mainEntityOfPage":{"@id":"https:\/\/www.laguiadepamplona.com\/actualidad\/la-escuela-de-musica-joaquin-maya-abre-manana-viernes-el-plazo-de-preinscripcion-de-nuevo-alumnado-para-el-proximo-curso\/"},"wordCount":461,"commentCount":0,"publisher":{"@id":"https:\/\/www.laguiadepamplona.com\/actualidad\/#organization"},"image":{"@id":"https:\/\/www.laguiadepamplona.com\/actualidad\/la-escuela-de-musica-joaquin-maya-abre-manana-viernes-el-plazo-de-preinscripcion-de-nuevo-alumnado-para-el-proximo-curso\/#primaryimage"},"thumbnailUrl":"https:\/\/www.laguiadepamplona.com\/actualidad\/wp-content\/uploads\/2022\/03\/escuela-musica-joaquin-maya.jpg","articleSection":["Ayto Pamplona"],"inLanguage":"es","potentialAction":[{"@type":"CommentAction","name":"Comment","target":["https:\/\/www.laguiadepamplona.com\/actualidad\/la-escuela-de-musica-joaquin-maya-abre-manana-viernes-el-plazo-de-preinscripcion-de-nuevo-alumnado-para-el-proximo-curso\/#respond"]}]},{"@type":"WebPage","@id":"https:\/\/www.laguiadepamplona.com\/actualidad\/la-escuela-de-musica-joaquin-maya-abre-manana-viernes-el-plazo-de-preinscripcion-de-nuevo-alumnado-para-el-proximo-curso\/","url":"https:\/\/www.laguiadepamplona.com\/actualidad\/la-escuela-de-musica-joaquin-maya-abre-manana-viernes-el-plazo-de-preinscripcion-de-nuevo-alumnado-para-el-proximo-curso\/","name":"La Escuela de M\u00fasica Joaqu\u00edn Maya abre ma\u00f1ana, viernes, el plazo de preinscripci\u00f3n de nuevo alumnado para el pr\u00f3ximo curso","isPartOf":{"@id":"https:\/\/www.laguiadepamplona.com\/actualidad\/#website"},"primaryImageOfPage":{"@id":"https:\/\/www.laguiadepamplona.com\/actualidad\/la-escuela-de-musica-joaquin-maya-abre-manana-viernes-el-plazo-de-preinscripcion-de-nuevo-alumnado-para-el-proximo-curso\/#primaryimage"},"image":{"@id":"https:\/\/www.laguiadepamplona.com\/actualidad\/la-escuela-de-musica-joaquin-maya-abre-manana-viernes-el-plazo-de-preinscripcion-de-nuevo-alumnado-para-el-proximo-curso\/#primaryimage"},"thumbnailUrl":"https:\/\/www.laguiadepamplona.com\/actualidad\/wp-content\/uploads\/2022\/03\/escuela-musica-joaquin-maya.jpg","datePublished":"2022-03-31T10:01:26+00:00","dateModified":"2023-04-11T09:48:21+00:00","description":"La preinscripci\u00f3n podr\u00e1 realizarse a trav\u00e9s de la p\u00e1gina web o en el tel\u00e9fono 010 y la asignaci\u00f3n de plazas se realizar\u00e1 por sorteo","breadcrumb":{"@id":"https:\/\/www.laguiadepamplona.com\/actualidad\/la-escuela-de-musica-joaquin-maya-abre-manana-viernes-el-plazo-de-preinscripcion-de-nuevo-alumnado-para-el-proximo-curso\/#breadcrumb"},"inLanguage":"es","potentialAction":[{"@type":"ReadAction","target":["https:\/\/www.laguiadepamplona.com\/actualidad\/la-escuela-de-musica-joaquin-maya-abre-manana-viernes-el-plazo-de-preinscripcion-de-nuevo-alumnado-para-el-proximo-curso\/"]}]},{"@type":"ImageObject","inLanguage":"es","@id":"https:\/\/www.laguiadepamplona.com\/actualidad\/la-escuela-de-musica-joaquin-maya-abre-manana-viernes-el-plazo-de-preinscripcion-de-nuevo-alumnado-para-el-proximo-curso\/#primaryimage","url":"https:\/\/www.laguiadepamplona.com\/actualidad\/wp-content\/uploads\/2022\/03\/escuela-musica-joaquin-maya.jpg","contentUrl":"https:\/\/www.laguiadepamplona.com\/actualidad\/wp-content\/uploads\/2022\/03\/escuela-musica-joaquin-maya.jpg","width":756,"height":446},{"@type":"BreadcrumbList","@id":"https:\/\/www.laguiadepamplona.com\/actualidad\/la-escuela-de-musica-joaquin-maya-abre-manana-viernes-el-plazo-de-preinscripcion-de-nuevo-alumnado-para-el-proximo-curso\/#breadcrumb","itemListElement":[{"@type":"ListItem","position":1,"name":"Portada","item":"https:\/\/www.laguiadepamplona.com\/actualidad\/"},{"@type":"ListItem","position":2,"name":"La Escuela de M\u00fasica Joaqu\u00edn Maya abre ma\u00f1ana, viernes, el plazo de preinscripci\u00f3n de nuevo alumnado para el pr\u00f3ximo curso"}]},{"@type":"WebSite","@id":"https:\/\/www.laguiadepamplona.com\/actualidad\/#website","url":"https:\/\/www.laguiadepamplona.com\/actualidad\/","name":"La gu\u00eda de Pamplona","description":"Noticias de Pamplona","publisher":{"@id":"https:\/\/www.laguiadepamplona.com\/actualidad\/#organization"},"potentialAction":[{"@type":"SearchAction","target":{"@type":"EntryPoint","urlTemplate":"https:\/\/www.laguiadepamplona.com\/actualidad\/?s={search_term_string}"},"query-input":{"@type":"PropertyValueSpecification","valueRequired":true,"valueName":"search_term_string"}}],"inLanguage":"es"},{"@type":"Organization","@id":"https:\/\/www.laguiadepamplona.com\/actualidad\/#organization","name":"La Gu\u00eda de Pamplona \/ Noticias","url":"https:\/\/www.laguiadepamplona.com\/actualidad\/","logo":{"@type":"ImageObject","inLanguage":"es","@id":"https:\/\/www.laguiadepamplona.com\/actualidad\/#\/schema\/logo\/image\/","url":"https:\/\/www.laguiadepamplona.com\/actualidad\/wp-content\/uploads\/2018\/11\/logo-laguiadepamplona18-web1.png","contentUrl":"https:\/\/www.laguiadepamplona.com\/actualidad\/wp-content\/uploads\/2018\/11\/logo-laguiadepamplona18-web1.png","width":600,"height":196,"caption":"La Gu\u00eda de Pamplona \/ Noticias"},"image":{"@id":"https:\/\/www.laguiadepamplona.com\/actualidad\/#\/schema\/logo\/image\/"},"sameAs":["https:\/\/www.facebook.com\/laguiadepamplonacom-133175176762273\/?ref=hl","https:\/\/x.com\/LaGuiadPamplona","https:\/\/www.instagram.com\/la_guia_de_pamplona\/","https:\/\/www.youtube.com\/user\/laguiadepamplona"]},{"@type":"Person","@id":"https:\/\/www.laguiadepamplona.com\/actualidad\/#\/schema\/person\/efe887376f0213d4657c93adc50b1fdb","name":"La Gu\u00eda de Pamplona","image":{"@type":"ImageObject","inLanguage":"es","@id":"https:\/\/secure.gravatar.com\/avatar\/b6992f131dc8d30ab0dff15446e9d346d9dbd95992de0fef795073f5ea83a81c?s=96&d=mm&r=g","url":"https:\/\/secure.gravatar.com\/avatar\/b6992f131dc8d30ab0dff15446e9d346d9dbd95992de0fef795073f5ea83a81c?s=96&d=mm&r=g","contentUrl":"https:\/\/secure.gravatar.com\/avatar\/b6992f131dc8d30ab0dff15446e9d346d9dbd95992de0fef795073f5ea83a81c?s=96&d=mm&r=g","caption":"La Gu\u00eda de Pamplona"}}]}},"post_mailing_queue_ids":[],"_links":{"self":[{"href":"https:\/\/www.laguiadepamplona.com\/actualidad\/wp-json\/wp\/v2\/posts\/39785","targetHints":{"allow":["GET"]}}],"collection":[{"href":"https:\/\/www.laguiadepamplona.com\/actualidad\/wp-json\/wp\/v2\/posts"}],"about":[{"href":"https:\/\/www.laguiadepamplona.com\/actualidad\/wp-json\/wp\/v2\/types\/post"}],"author":[{"embeddable":true,"href":"https:\/\/www.laguiadepamplona.com\/actualidad\/wp-json\/wp\/v2\/users\/1"}],"replies":[{"embeddable":true,"href":"https:\/\/www.laguiadepamplona.com\/actualidad\/wp-json\/wp\/v2\/comments?post=39785"}],"version-history":[{"count":0,"href":"https:\/\/www.laguiadepamplona.com\/actualidad\/wp-json\/wp\/v2\/posts\/39785\/revisions"}],"wp:featuredmedia":[{"embeddable":true,"href":"https:\/\/www.laguiadepamplona.com\/actualidad\/wp-json\/wp\/v2\/media\/39786"}],"wp:attachment":[{"href":"https:\/\/www.laguiadepamplona.com\/actualidad\/wp-json\/wp\/v2\/media?parent=39785"}],"wp:term":[{"taxonomy":"category","embeddable":true,"href":"https:\/\/www.laguiadepamplona.com\/actualidad\/wp-json\/wp\/v2\/categories?post=39785"},{"taxonomy":"post_tag","embeddable":true,"href":"https:\/\/www.laguiadepamplona.com\/actualidad\/wp-json\/wp\/v2\/tags?post=39785"}],"curies":[{"name":"wp","href":"https:\/\/api.w.org\/{rel}","templated":true}]}}