{"id":39745,"date":"2022-03-30T17:34:11","date_gmt":"2022-03-30T15:34:11","guid":{"rendered":"https:\/\/www.laguiadepamplona.com\/actualidad\/?p=39745"},"modified":"2023-04-11T11:48:21","modified_gmt":"2023-04-11T09:48:21","slug":"el-paseo-del-arga-contara-con-un-camino-peatonal-mas-en-la-falda-de-la-ripa-de-beloso-junto-a-la-ciudad-deportiva-amaya","status":"publish","type":"post","link":"https:\/\/www.laguiadepamplona.com\/actualidad\/el-paseo-del-arga-contara-con-un-camino-peatonal-mas-en-la-falda-de-la-ripa-de-beloso-junto-a-la-ciudad-deportiva-amaya\/","title":{"rendered":"El Paseo del Arga contar\u00e1 con un camino peatonal m\u00e1s en la falda de la ripa de Beloso junto a la Ciudad Deportiva Amaya"},"content":{"rendered":"<h5>El Ayuntamiento y la CD Amaya han acordado la prolongaci\u00f3n y mejora del camino existente para conectarlo con el puente peatonal del Arga<\/h5>\n<p><!--more--><\/p>\n<p>El Paseo del Arga, en el entorno de la Ciudad Deportiva Amaya, contar\u00e1 con un nuevo camino peatonal como prolongaci\u00f3n del existente en la ripa de Beloso. Esta nueva infraestructura permitir\u00e1 la conexi\u00f3n desde las huertas de Burlada, pasando por el \u00e1mbito en el que se ubica el hotel Alma de Pamplona y la CD Amaya, hasta el puente peatonal del Arga pr\u00f3xima al club. La propuesta, conocida hoy en la Gerencia y la Comisi\u00f3n de Urbanismo, deber\u00e1 ser aprobada por el pleno municipal.<br \/>\n<script async src=\"\/\/pagead2.googlesyndication.com\/pagead\/js\/adsbygoogle.js\"><\/script><br \/>\n<!-- Noticias La Guia de Pamplona --><br \/>\n<ins class=\"adsbygoogle\"\nstyle=\"display:block\"\ndata-ad-client=\"ca-pub-6943679897239327\"\ndata-ad-slot=\"7048180777\"\ndata-ad-format=\"auto\"><\/ins><br \/>\n<script>\n(adsbygoogle = window.adsbygoogle || []).push({});\n<\/script><\/p>\n<p>Este nuevo camino peatonal, de tres metros de anchura, surge de la modificaci\u00f3n del convenio que en 2001 firmaron el Ayuntamiento de Pamplona y la Ciudad Deportiva Amaya. En un primer momento, dicho convenio preve\u00eda la eliminaci\u00f3n del camino existente. Si bien, en la revisi\u00f3n acordada ahora, se plantea la alternativa de prolongarlo para darle continuidad e incorporarlo al Paseo del Arga.<\/p>\n<p>Adem\u00e1s, esta obra facilita una segunda v\u00eda de acceso peatonal a los m\u00e1s de 9.000 socios del club, al que a d\u00eda de hoy \u00fanicamente se puede llegar por la Cuesta de Beloso, compartida por el tr\u00e1fico rodado y peatonal.<\/p>\n<p>Ser\u00e1 necesario regularizar los l\u00edmites de las fincas municipales y de las instalaciones del club, as\u00ed como la Modificaci\u00f3n del Plan Municipal, para redefinir los \u00e1mbitos urban\u00edsticos afectados, que se presentar\u00e1 a los tres meses de la firma de la modificaci\u00f3n del convenio.<br \/>\n<script async src=\"\/\/pagead2.googlesyndication.com\/pagead\/js\/adsbygoogle.js\"><\/script><br \/>\n<!-- Noticias La Guia de Pamplona --><br \/>\n<ins class=\"adsbygoogle\"\nstyle=\"display:block\"\ndata-ad-client=\"ca-pub-6943679897239327\"\ndata-ad-slot=\"7048180777\"\ndata-ad-format=\"auto\"><\/ins><br \/>\n<script>\n(adsbygoogle = window.adsbygoogle || []).push({});\n<\/script><\/p>\n<p>La Ciudad Deportiva deber\u00e1 tramitar la correspondiente Modificaci\u00f3n del Plan Municipal al respecto, as\u00ed como redactar, ejecutar y costear los proyectos correspondientes, tanto la adecuaci\u00f3n del margen del r\u00edo Arga con su camino, como la prolongaci\u00f3n del camino desde la ripa de Beloso. Asimismo, el club deber\u00e1 encargarse de la sustituci\u00f3n y el traslado del vallado de la parcela en aquellos puntos afectados por la prolongaci\u00f3n del camino.<\/p>\n<p>Una vez finalizada esta intervenci\u00f3n, la ciudadan\u00eda podr\u00eda recorrer el Paseo del Arga por ambas m\u00e1rgenes del r\u00edo, ya que conectar\u00e1 con los caminos que discurran a lo largo de las orillas, adem\u00e1s se dispondr\u00e1 de este nuevo camino que discurre desde las huertas de Burlada, por la falda de la Ripa de Beloso, hasta el puente peatonal del Arga pr\u00f3ximo al club.<\/p>\n","protected":false},"excerpt":{"rendered":"<p>El Ayuntamiento y la CD Amaya han acordado la prolongaci\u00f3n y mejora del camino existente para conectarlo con el puente peatonal del Arga<\/p>\n","protected":false},"author":1,"featured_media":39746,"comment_status":"open","ping_status":"closed","sticky":false,"template":"","format":"standard","meta":{"footnotes":""},"categories":[2],"tags":[],"class_list":["post-39745","post","type-post","status-publish","format-standard","has-post-thumbnail","hentry","category-ayuntamiento-pamplona"],"yoast_head":"<!-- This site is optimized with the Yoast SEO plugin v27.5 - https:\/\/yoast.com\/product\/yoast-seo-wordpress\/ -->\n<title>El Paseo del Arga contar\u00e1 con un camino peatonal m\u00e1s en la falda de la ripa de Beloso junto a la Ciudad Deportiva Amaya<\/title>\n<meta name=\"description\" content=\"El Ayuntamiento y la CD Amaya han acordado la prolongaci\u00f3n y mejora del camino existente para conectarlo con el puente peatonal del Arga\" \/>\n<meta name=\"robots\" content=\"index, follow, max-snippet:-1, max-image-preview:large, max-video-preview:-1\" \/>\n<link rel=\"canonical\" href=\"https:\/\/www.laguiadepamplona.com\/actualidad\/el-paseo-del-arga-contara-con-un-camino-peatonal-mas-en-la-falda-de-la-ripa-de-beloso-junto-a-la-ciudad-deportiva-amaya\/\" \/>\n<meta property=\"og:locale\" content=\"es_ES\" \/>\n<meta property=\"og:type\" content=\"article\" \/>\n<meta property=\"og:title\" content=\"El Paseo del Arga contar\u00e1 con un camino peatonal m\u00e1s en la falda de la ripa de Beloso junto a la Ciudad Deportiva Amaya\" \/>\n<meta property=\"og:description\" content=\"El Ayuntamiento y la CD Amaya han acordado la prolongaci\u00f3n y mejora del camino existente para conectarlo con el puente peatonal del Arga\" \/>\n<meta property=\"og:url\" content=\"https:\/\/www.laguiadepamplona.com\/actualidad\/el-paseo-del-arga-contara-con-un-camino-peatonal-mas-en-la-falda-de-la-ripa-de-beloso-junto-a-la-ciudad-deportiva-amaya\/\" \/>\n<meta property=\"og:site_name\" content=\"La Gu\u00eda de Pamplona\" \/>\n<meta property=\"article:publisher\" content=\"https:\/\/www.facebook.com\/laguiadepamplonacom-133175176762273\/?ref=hl\" \/>\n<meta property=\"article:published_time\" content=\"2022-03-30T15:34:11+00:00\" \/>\n<meta property=\"article:modified_time\" content=\"2023-04-11T09:48:21+00:00\" \/>\n<meta property=\"og:image\" content=\"https:\/\/www.laguiadepamplona.com\/actualidad\/wp-content\/uploads\/2022\/03\/22.03.30_camino_amaya.jpg\" \/>\n\t<meta property=\"og:image:width\" content=\"1357\" \/>\n\t<meta property=\"og:image:height\" content=\"536\" \/>\n\t<meta property=\"og:image:type\" content=\"image\/jpeg\" \/>\n<meta name=\"author\" content=\"La Gu\u00eda de Pamplona\" \/>\n<meta name=\"twitter:card\" content=\"summary_large_image\" \/>\n<meta name=\"twitter:creator\" content=\"@LaGuiadPamplona\" \/>\n<meta name=\"twitter:site\" content=\"@LaGuiadPamplona\" \/>\n<meta name=\"twitter:label1\" content=\"Escrito por\" \/>\n\t<meta name=\"twitter:data1\" content=\"La Gu\u00eda de Pamplona\" \/>\n\t<meta name=\"twitter:label2\" content=\"Tiempo de lectura\" \/>\n\t<meta name=\"twitter:data2\" content=\"2 minutos\" \/>\n<script type=\"application\/ld+json\" class=\"yoast-schema-graph\">{\"@context\":\"https:\\\/\\\/schema.org\",\"@graph\":[{\"@type\":\"Article\",\"@id\":\"https:\\\/\\\/www.laguiadepamplona.com\\\/actualidad\\\/el-paseo-del-arga-contara-con-un-camino-peatonal-mas-en-la-falda-de-la-ripa-de-beloso-junto-a-la-ciudad-deportiva-amaya\\\/#article\",\"isPartOf\":{\"@id\":\"https:\\\/\\\/www.laguiadepamplona.com\\\/actualidad\\\/el-paseo-del-arga-contara-con-un-camino-peatonal-mas-en-la-falda-de-la-ripa-de-beloso-junto-a-la-ciudad-deportiva-amaya\\\/\"},\"author\":{\"name\":\"La Gu\u00eda de Pamplona\",\"@id\":\"https:\\\/\\\/www.laguiadepamplona.com\\\/actualidad\\\/#\\\/schema\\\/person\\\/efe887376f0213d4657c93adc50b1fdb\"},\"headline\":\"El Paseo del Arga contar\u00e1 con un camino peatonal m\u00e1s en la falda de la ripa de Beloso junto a la Ciudad Deportiva Amaya\",\"datePublished\":\"2022-03-30T15:34:11+00:00\",\"dateModified\":\"2023-04-11T09:48:21+00:00\",\"mainEntityOfPage\":{\"@id\":\"https:\\\/\\\/www.laguiadepamplona.com\\\/actualidad\\\/el-paseo-del-arga-contara-con-un-camino-peatonal-mas-en-la-falda-de-la-ripa-de-beloso-junto-a-la-ciudad-deportiva-amaya\\\/\"},\"wordCount\":437,\"commentCount\":0,\"publisher\":{\"@id\":\"https:\\\/\\\/www.laguiadepamplona.com\\\/actualidad\\\/#organization\"},\"image\":{\"@id\":\"https:\\\/\\\/www.laguiadepamplona.com\\\/actualidad\\\/el-paseo-del-arga-contara-con-un-camino-peatonal-mas-en-la-falda-de-la-ripa-de-beloso-junto-a-la-ciudad-deportiva-amaya\\\/#primaryimage\"},\"thumbnailUrl\":\"https:\\\/\\\/www.laguiadepamplona.com\\\/actualidad\\\/wp-content\\\/uploads\\\/2022\\\/03\\\/22.03.30_camino_amaya.jpg\",\"articleSection\":[\"Ayto Pamplona\"],\"inLanguage\":\"es\",\"potentialAction\":[{\"@type\":\"CommentAction\",\"name\":\"Comment\",\"target\":[\"https:\\\/\\\/www.laguiadepamplona.com\\\/actualidad\\\/el-paseo-del-arga-contara-con-un-camino-peatonal-mas-en-la-falda-de-la-ripa-de-beloso-junto-a-la-ciudad-deportiva-amaya\\\/#respond\"]}]},{\"@type\":\"WebPage\",\"@id\":\"https:\\\/\\\/www.laguiadepamplona.com\\\/actualidad\\\/el-paseo-del-arga-contara-con-un-camino-peatonal-mas-en-la-falda-de-la-ripa-de-beloso-junto-a-la-ciudad-deportiva-amaya\\\/\",\"url\":\"https:\\\/\\\/www.laguiadepamplona.com\\\/actualidad\\\/el-paseo-del-arga-contara-con-un-camino-peatonal-mas-en-la-falda-de-la-ripa-de-beloso-junto-a-la-ciudad-deportiva-amaya\\\/\",\"name\":\"El Paseo del Arga contar\u00e1 con un camino peatonal m\u00e1s en la falda de la ripa de Beloso junto a la Ciudad Deportiva Amaya\",\"isPartOf\":{\"@id\":\"https:\\\/\\\/www.laguiadepamplona.com\\\/actualidad\\\/#website\"},\"primaryImageOfPage\":{\"@id\":\"https:\\\/\\\/www.laguiadepamplona.com\\\/actualidad\\\/el-paseo-del-arga-contara-con-un-camino-peatonal-mas-en-la-falda-de-la-ripa-de-beloso-junto-a-la-ciudad-deportiva-amaya\\\/#primaryimage\"},\"image\":{\"@id\":\"https:\\\/\\\/www.laguiadepamplona.com\\\/actualidad\\\/el-paseo-del-arga-contara-con-un-camino-peatonal-mas-en-la-falda-de-la-ripa-de-beloso-junto-a-la-ciudad-deportiva-amaya\\\/#primaryimage\"},\"thumbnailUrl\":\"https:\\\/\\\/www.laguiadepamplona.com\\\/actualidad\\\/wp-content\\\/uploads\\\/2022\\\/03\\\/22.03.30_camino_amaya.jpg\",\"datePublished\":\"2022-03-30T15:34:11+00:00\",\"dateModified\":\"2023-04-11T09:48:21+00:00\",\"description\":\"El Ayuntamiento y la CD Amaya han acordado la prolongaci\u00f3n y mejora del camino existente para conectarlo con el puente peatonal del Arga\",\"breadcrumb\":{\"@id\":\"https:\\\/\\\/www.laguiadepamplona.com\\\/actualidad\\\/el-paseo-del-arga-contara-con-un-camino-peatonal-mas-en-la-falda-de-la-ripa-de-beloso-junto-a-la-ciudad-deportiva-amaya\\\/#breadcrumb\"},\"inLanguage\":\"es\",\"potentialAction\":[{\"@type\":\"ReadAction\",\"target\":[\"https:\\\/\\\/www.laguiadepamplona.com\\\/actualidad\\\/el-paseo-del-arga-contara-con-un-camino-peatonal-mas-en-la-falda-de-la-ripa-de-beloso-junto-a-la-ciudad-deportiva-amaya\\\/\"]}]},{\"@type\":\"ImageObject\",\"inLanguage\":\"es\",\"@id\":\"https:\\\/\\\/www.laguiadepamplona.com\\\/actualidad\\\/el-paseo-del-arga-contara-con-un-camino-peatonal-mas-en-la-falda-de-la-ripa-de-beloso-junto-a-la-ciudad-deportiva-amaya\\\/#primaryimage\",\"url\":\"https:\\\/\\\/www.laguiadepamplona.com\\\/actualidad\\\/wp-content\\\/uploads\\\/2022\\\/03\\\/22.03.30_camino_amaya.jpg\",\"contentUrl\":\"https:\\\/\\\/www.laguiadepamplona.com\\\/actualidad\\\/wp-content\\\/uploads\\\/2022\\\/03\\\/22.03.30_camino_amaya.jpg\",\"width\":1357,\"height\":536},{\"@type\":\"BreadcrumbList\",\"@id\":\"https:\\\/\\\/www.laguiadepamplona.com\\\/actualidad\\\/el-paseo-del-arga-contara-con-un-camino-peatonal-mas-en-la-falda-de-la-ripa-de-beloso-junto-a-la-ciudad-deportiva-amaya\\\/#breadcrumb\",\"itemListElement\":[{\"@type\":\"ListItem\",\"position\":1,\"name\":\"Portada\",\"item\":\"https:\\\/\\\/www.laguiadepamplona.com\\\/actualidad\\\/\"},{\"@type\":\"ListItem\",\"position\":2,\"name\":\"El Paseo del Arga contar\u00e1 con un camino peatonal m\u00e1s en la falda de la ripa de Beloso junto a la Ciudad Deportiva Amaya\"}]},{\"@type\":\"WebSite\",\"@id\":\"https:\\\/\\\/www.laguiadepamplona.com\\\/actualidad\\\/#website\",\"url\":\"https:\\\/\\\/www.laguiadepamplona.com\\\/actualidad\\\/\",\"name\":\"La gu\u00eda de Pamplona\",\"description\":\"Noticias de Pamplona\",\"publisher\":{\"@id\":\"https:\\\/\\\/www.laguiadepamplona.com\\\/actualidad\\\/#organization\"},\"potentialAction\":[{\"@type\":\"SearchAction\",\"target\":{\"@type\":\"EntryPoint\",\"urlTemplate\":\"https:\\\/\\\/www.laguiadepamplona.com\\\/actualidad\\\/?s={search_term_string}\"},\"query-input\":{\"@type\":\"PropertyValueSpecification\",\"valueRequired\":true,\"valueName\":\"search_term_string\"}}],\"inLanguage\":\"es\"},{\"@type\":\"Organization\",\"@id\":\"https:\\\/\\\/www.laguiadepamplona.com\\\/actualidad\\\/#organization\",\"name\":\"La Gu\u00eda de Pamplona \\\/ Noticias\",\"url\":\"https:\\\/\\\/www.laguiadepamplona.com\\\/actualidad\\\/\",\"logo\":{\"@type\":\"ImageObject\",\"inLanguage\":\"es\",\"@id\":\"https:\\\/\\\/www.laguiadepamplona.com\\\/actualidad\\\/#\\\/schema\\\/logo\\\/image\\\/\",\"url\":\"https:\\\/\\\/www.laguiadepamplona.com\\\/actualidad\\\/wp-content\\\/uploads\\\/2018\\\/11\\\/logo-laguiadepamplona18-web1.png\",\"contentUrl\":\"https:\\\/\\\/www.laguiadepamplona.com\\\/actualidad\\\/wp-content\\\/uploads\\\/2018\\\/11\\\/logo-laguiadepamplona18-web1.png\",\"width\":600,\"height\":196,\"caption\":\"La Gu\u00eda de Pamplona \\\/ Noticias\"},\"image\":{\"@id\":\"https:\\\/\\\/www.laguiadepamplona.com\\\/actualidad\\\/#\\\/schema\\\/logo\\\/image\\\/\"},\"sameAs\":[\"https:\\\/\\\/www.facebook.com\\\/laguiadepamplonacom-133175176762273\\\/?ref=hl\",\"https:\\\/\\\/x.com\\\/LaGuiadPamplona\",\"https:\\\/\\\/www.instagram.com\\\/la_guia_de_pamplona\\\/\",\"https:\\\/\\\/www.youtube.com\\\/user\\\/laguiadepamplona\"]},{\"@type\":\"Person\",\"@id\":\"https:\\\/\\\/www.laguiadepamplona.com\\\/actualidad\\\/#\\\/schema\\\/person\\\/efe887376f0213d4657c93adc50b1fdb\",\"name\":\"La Gu\u00eda de Pamplona\",\"image\":{\"@type\":\"ImageObject\",\"inLanguage\":\"es\",\"@id\":\"https:\\\/\\\/secure.gravatar.com\\\/avatar\\\/b6992f131dc8d30ab0dff15446e9d346d9dbd95992de0fef795073f5ea83a81c?s=96&d=mm&r=g\",\"url\":\"https:\\\/\\\/secure.gravatar.com\\\/avatar\\\/b6992f131dc8d30ab0dff15446e9d346d9dbd95992de0fef795073f5ea83a81c?s=96&d=mm&r=g\",\"contentUrl\":\"https:\\\/\\\/secure.gravatar.com\\\/avatar\\\/b6992f131dc8d30ab0dff15446e9d346d9dbd95992de0fef795073f5ea83a81c?s=96&d=mm&r=g\",\"caption\":\"La Gu\u00eda de Pamplona\"}}]}<\/script>\n<!-- \/ Yoast SEO plugin. -->","yoast_head_json":{"title":"El Paseo del Arga contar\u00e1 con un camino peatonal m\u00e1s en la falda de la ripa de Beloso junto a la Ciudad Deportiva Amaya","description":"El Ayuntamiento y la CD Amaya han acordado la prolongaci\u00f3n y mejora del camino existente para conectarlo con el puente peatonal del Arga","robots":{"index":"index","follow":"follow","max-snippet":"max-snippet:-1","max-image-preview":"max-image-preview:large","max-video-preview":"max-video-preview:-1"},"canonical":"https:\/\/www.laguiadepamplona.com\/actualidad\/el-paseo-del-arga-contara-con-un-camino-peatonal-mas-en-la-falda-de-la-ripa-de-beloso-junto-a-la-ciudad-deportiva-amaya\/","og_locale":"es_ES","og_type":"article","og_title":"El Paseo del Arga contar\u00e1 con un camino peatonal m\u00e1s en la falda de la ripa de Beloso junto a la Ciudad Deportiva Amaya","og_description":"El Ayuntamiento y la CD Amaya han acordado la prolongaci\u00f3n y mejora del camino existente para conectarlo con el puente peatonal del Arga","og_url":"https:\/\/www.laguiadepamplona.com\/actualidad\/el-paseo-del-arga-contara-con-un-camino-peatonal-mas-en-la-falda-de-la-ripa-de-beloso-junto-a-la-ciudad-deportiva-amaya\/","og_site_name":"La Gu\u00eda de Pamplona","article_publisher":"https:\/\/www.facebook.com\/laguiadepamplonacom-133175176762273\/?ref=hl","article_published_time":"2022-03-30T15:34:11+00:00","article_modified_time":"2023-04-11T09:48:21+00:00","og_image":[{"width":1357,"height":536,"url":"https:\/\/www.laguiadepamplona.com\/actualidad\/wp-content\/uploads\/2022\/03\/22.03.30_camino_amaya.jpg","type":"image\/jpeg"}],"author":"La Gu\u00eda de Pamplona","twitter_card":"summary_large_image","twitter_creator":"@LaGuiadPamplona","twitter_site":"@LaGuiadPamplona","twitter_misc":{"Escrito por":"La Gu\u00eda de Pamplona","Tiempo de lectura":"2 minutos"},"schema":{"@context":"https:\/\/schema.org","@graph":[{"@type":"Article","@id":"https:\/\/www.laguiadepamplona.com\/actualidad\/el-paseo-del-arga-contara-con-un-camino-peatonal-mas-en-la-falda-de-la-ripa-de-beloso-junto-a-la-ciudad-deportiva-amaya\/#article","isPartOf":{"@id":"https:\/\/www.laguiadepamplona.com\/actualidad\/el-paseo-del-arga-contara-con-un-camino-peatonal-mas-en-la-falda-de-la-ripa-de-beloso-junto-a-la-ciudad-deportiva-amaya\/"},"author":{"name":"La Gu\u00eda de Pamplona","@id":"https:\/\/www.laguiadepamplona.com\/actualidad\/#\/schema\/person\/efe887376f0213d4657c93adc50b1fdb"},"headline":"El Paseo del Arga contar\u00e1 con un camino peatonal m\u00e1s en la falda de la ripa de Beloso junto a la Ciudad Deportiva Amaya","datePublished":"2022-03-30T15:34:11+00:00","dateModified":"2023-04-11T09:48:21+00:00","mainEntityOfPage":{"@id":"https:\/\/www.laguiadepamplona.com\/actualidad\/el-paseo-del-arga-contara-con-un-camino-peatonal-mas-en-la-falda-de-la-ripa-de-beloso-junto-a-la-ciudad-deportiva-amaya\/"},"wordCount":437,"commentCount":0,"publisher":{"@id":"https:\/\/www.laguiadepamplona.com\/actualidad\/#organization"},"image":{"@id":"https:\/\/www.laguiadepamplona.com\/actualidad\/el-paseo-del-arga-contara-con-un-camino-peatonal-mas-en-la-falda-de-la-ripa-de-beloso-junto-a-la-ciudad-deportiva-amaya\/#primaryimage"},"thumbnailUrl":"https:\/\/www.laguiadepamplona.com\/actualidad\/wp-content\/uploads\/2022\/03\/22.03.30_camino_amaya.jpg","articleSection":["Ayto Pamplona"],"inLanguage":"es","potentialAction":[{"@type":"CommentAction","name":"Comment","target":["https:\/\/www.laguiadepamplona.com\/actualidad\/el-paseo-del-arga-contara-con-un-camino-peatonal-mas-en-la-falda-de-la-ripa-de-beloso-junto-a-la-ciudad-deportiva-amaya\/#respond"]}]},{"@type":"WebPage","@id":"https:\/\/www.laguiadepamplona.com\/actualidad\/el-paseo-del-arga-contara-con-un-camino-peatonal-mas-en-la-falda-de-la-ripa-de-beloso-junto-a-la-ciudad-deportiva-amaya\/","url":"https:\/\/www.laguiadepamplona.com\/actualidad\/el-paseo-del-arga-contara-con-un-camino-peatonal-mas-en-la-falda-de-la-ripa-de-beloso-junto-a-la-ciudad-deportiva-amaya\/","name":"El Paseo del Arga contar\u00e1 con un camino peatonal m\u00e1s en la falda de la ripa de Beloso junto a la Ciudad Deportiva Amaya","isPartOf":{"@id":"https:\/\/www.laguiadepamplona.com\/actualidad\/#website"},"primaryImageOfPage":{"@id":"https:\/\/www.laguiadepamplona.com\/actualidad\/el-paseo-del-arga-contara-con-un-camino-peatonal-mas-en-la-falda-de-la-ripa-de-beloso-junto-a-la-ciudad-deportiva-amaya\/#primaryimage"},"image":{"@id":"https:\/\/www.laguiadepamplona.com\/actualidad\/el-paseo-del-arga-contara-con-un-camino-peatonal-mas-en-la-falda-de-la-ripa-de-beloso-junto-a-la-ciudad-deportiva-amaya\/#primaryimage"},"thumbnailUrl":"https:\/\/www.laguiadepamplona.com\/actualidad\/wp-content\/uploads\/2022\/03\/22.03.30_camino_amaya.jpg","datePublished":"2022-03-30T15:34:11+00:00","dateModified":"2023-04-11T09:48:21+00:00","description":"El Ayuntamiento y la CD Amaya han acordado la prolongaci\u00f3n y mejora del camino existente para conectarlo con el puente peatonal del Arga","breadcrumb":{"@id":"https:\/\/www.laguiadepamplona.com\/actualidad\/el-paseo-del-arga-contara-con-un-camino-peatonal-mas-en-la-falda-de-la-ripa-de-beloso-junto-a-la-ciudad-deportiva-amaya\/#breadcrumb"},"inLanguage":"es","potentialAction":[{"@type":"ReadAction","target":["https:\/\/www.laguiadepamplona.com\/actualidad\/el-paseo-del-arga-contara-con-un-camino-peatonal-mas-en-la-falda-de-la-ripa-de-beloso-junto-a-la-ciudad-deportiva-amaya\/"]}]},{"@type":"ImageObject","inLanguage":"es","@id":"https:\/\/www.laguiadepamplona.com\/actualidad\/el-paseo-del-arga-contara-con-un-camino-peatonal-mas-en-la-falda-de-la-ripa-de-beloso-junto-a-la-ciudad-deportiva-amaya\/#primaryimage","url":"https:\/\/www.laguiadepamplona.com\/actualidad\/wp-content\/uploads\/2022\/03\/22.03.30_camino_amaya.jpg","contentUrl":"https:\/\/www.laguiadepamplona.com\/actualidad\/wp-content\/uploads\/2022\/03\/22.03.30_camino_amaya.jpg","width":1357,"height":536},{"@type":"BreadcrumbList","@id":"https:\/\/www.laguiadepamplona.com\/actualidad\/el-paseo-del-arga-contara-con-un-camino-peatonal-mas-en-la-falda-de-la-ripa-de-beloso-junto-a-la-ciudad-deportiva-amaya\/#breadcrumb","itemListElement":[{"@type":"ListItem","position":1,"name":"Portada","item":"https:\/\/www.laguiadepamplona.com\/actualidad\/"},{"@type":"ListItem","position":2,"name":"El Paseo del Arga contar\u00e1 con un camino peatonal m\u00e1s en la falda de la ripa de Beloso junto a la Ciudad Deportiva Amaya"}]},{"@type":"WebSite","@id":"https:\/\/www.laguiadepamplona.com\/actualidad\/#website","url":"https:\/\/www.laguiadepamplona.com\/actualidad\/","name":"La gu\u00eda de Pamplona","description":"Noticias de Pamplona","publisher":{"@id":"https:\/\/www.laguiadepamplona.com\/actualidad\/#organization"},"potentialAction":[{"@type":"SearchAction","target":{"@type":"EntryPoint","urlTemplate":"https:\/\/www.laguiadepamplona.com\/actualidad\/?s={search_term_string}"},"query-input":{"@type":"PropertyValueSpecification","valueRequired":true,"valueName":"search_term_string"}}],"inLanguage":"es"},{"@type":"Organization","@id":"https:\/\/www.laguiadepamplona.com\/actualidad\/#organization","name":"La Gu\u00eda de Pamplona \/ Noticias","url":"https:\/\/www.laguiadepamplona.com\/actualidad\/","logo":{"@type":"ImageObject","inLanguage":"es","@id":"https:\/\/www.laguiadepamplona.com\/actualidad\/#\/schema\/logo\/image\/","url":"https:\/\/www.laguiadepamplona.com\/actualidad\/wp-content\/uploads\/2018\/11\/logo-laguiadepamplona18-web1.png","contentUrl":"https:\/\/www.laguiadepamplona.com\/actualidad\/wp-content\/uploads\/2018\/11\/logo-laguiadepamplona18-web1.png","width":600,"height":196,"caption":"La Gu\u00eda de Pamplona \/ Noticias"},"image":{"@id":"https:\/\/www.laguiadepamplona.com\/actualidad\/#\/schema\/logo\/image\/"},"sameAs":["https:\/\/www.facebook.com\/laguiadepamplonacom-133175176762273\/?ref=hl","https:\/\/x.com\/LaGuiadPamplona","https:\/\/www.instagram.com\/la_guia_de_pamplona\/","https:\/\/www.youtube.com\/user\/laguiadepamplona"]},{"@type":"Person","@id":"https:\/\/www.laguiadepamplona.com\/actualidad\/#\/schema\/person\/efe887376f0213d4657c93adc50b1fdb","name":"La Gu\u00eda de Pamplona","image":{"@type":"ImageObject","inLanguage":"es","@id":"https:\/\/secure.gravatar.com\/avatar\/b6992f131dc8d30ab0dff15446e9d346d9dbd95992de0fef795073f5ea83a81c?s=96&d=mm&r=g","url":"https:\/\/secure.gravatar.com\/avatar\/b6992f131dc8d30ab0dff15446e9d346d9dbd95992de0fef795073f5ea83a81c?s=96&d=mm&r=g","contentUrl":"https:\/\/secure.gravatar.com\/avatar\/b6992f131dc8d30ab0dff15446e9d346d9dbd95992de0fef795073f5ea83a81c?s=96&d=mm&r=g","caption":"La Gu\u00eda de Pamplona"}}]}},"post_mailing_queue_ids":[],"_links":{"self":[{"href":"https:\/\/www.laguiadepamplona.com\/actualidad\/wp-json\/wp\/v2\/posts\/39745","targetHints":{"allow":["GET"]}}],"collection":[{"href":"https:\/\/www.laguiadepamplona.com\/actualidad\/wp-json\/wp\/v2\/posts"}],"about":[{"href":"https:\/\/www.laguiadepamplona.com\/actualidad\/wp-json\/wp\/v2\/types\/post"}],"author":[{"embeddable":true,"href":"https:\/\/www.laguiadepamplona.com\/actualidad\/wp-json\/wp\/v2\/users\/1"}],"replies":[{"embeddable":true,"href":"https:\/\/www.laguiadepamplona.com\/actualidad\/wp-json\/wp\/v2\/comments?post=39745"}],"version-history":[{"count":0,"href":"https:\/\/www.laguiadepamplona.com\/actualidad\/wp-json\/wp\/v2\/posts\/39745\/revisions"}],"wp:featuredmedia":[{"embeddable":true,"href":"https:\/\/www.laguiadepamplona.com\/actualidad\/wp-json\/wp\/v2\/media\/39746"}],"wp:attachment":[{"href":"https:\/\/www.laguiadepamplona.com\/actualidad\/wp-json\/wp\/v2\/media?parent=39745"}],"wp:term":[{"taxonomy":"category","embeddable":true,"href":"https:\/\/www.laguiadepamplona.com\/actualidad\/wp-json\/wp\/v2\/categories?post=39745"},{"taxonomy":"post_tag","embeddable":true,"href":"https:\/\/www.laguiadepamplona.com\/actualidad\/wp-json\/wp\/v2\/tags?post=39745"}],"curies":[{"name":"wp","href":"https:\/\/api.w.org\/{rel}","templated":true}]}}