{"id":39742,"date":"2022-03-30T17:32:50","date_gmt":"2022-03-30T15:32:50","guid":{"rendered":"https:\/\/www.laguiadepamplona.com\/actualidad\/?p=39742"},"modified":"2023-04-11T11:48:21","modified_gmt":"2023-04-11T09:48:21","slug":"pamplona-pone-en-prealerta-su-dispositivo-de-nieves-ante-la-posibilidad-de-que-precipite-entre-viernes-y-sabado","status":"publish","type":"post","link":"https:\/\/www.laguiadepamplona.com\/actualidad\/pamplona-pone-en-prealerta-su-dispositivo-de-nieves-ante-la-posibilidad-de-que-precipite-entre-viernes-y-sabado\/","title":{"rendered":"Pamplona pone en prealerta su dispositivo de nieves ante la posibilidad de que precipite entre viernes y s\u00e1bado"},"content":{"rendered":"<h5>El dispositivo mec\u00e1nico cuenta con cuatro camiones y nueve todoterrenos que, en caso de necesidad, reparten sal por la ciudad desde Trinitarios<\/h5>\n<p><!--more--><\/p>\n<p>Teniendo en cuenta las previsiones meteorol\u00f3gicas, que anuncian la posibilidad de que caigan precipitaciones en forma de nieve en Pamplona entre el viernes y el s\u00e1bado, el Ayuntamiento de Pamplona ha puesto en prealerta su Plan de Actuaci\u00f3n de Nevadas 2021-2022. Esto supone que el dispositivo est\u00e1 chequeado y listo para actuar en caso de que sea necesario. En total, y adem\u00e1s del dispositivo humano, est\u00e1n preparados cuatro camiones y siete todoterrenos, todos provistos con l\u00e1mina quitanieves y esparcidores de sal, y otros dos todoterrenos para realizar labores auxiliares. Tambi\u00e9n se ha comprobado que, en la base de operaciones situada en los almacenes de Trinitarios, haya la cantidad necesaria de sal para hacer frente a las consecuencias de la posible nevada.<br \/>\n<script async src=\"\/\/pagead2.googlesyndication.com\/pagead\/js\/adsbygoogle.js\"><\/script><br \/>\n<!-- Noticias La Guia de Pamplona --><br \/>\n<ins class=\"adsbygoogle\"\nstyle=\"display:block\"\ndata-ad-client=\"ca-pub-6943679897239327\"\ndata-ad-slot=\"7048180777\"\ndata-ad-format=\"auto\"><\/ins><br \/>\n<script>\n(adsbygoogle = window.adsbygoogle || []).push({});\n<\/script><\/p>\n<p>El Plan de Actuaci\u00f3n de Nevadas 2021-2022 se activa autom\u00e1ticamente cada vez que se prev\u00e9n heladas o nevadas que puedan dificultar la prestaci\u00f3n de alg\u00fan servicio o la movilidad por la ciudad. Este protocolo recoge el modo de actuar ante cualquier problema que puedan causar en la ciudad las precipitaciones en forma de nieve o las heladas. Las empresas FCC y Erri Berri se encargan de despejar las calzadas a trav\u00e9s de tres circuitos previamente definidos para camiones y otros tres para las unidades todoterreno. Por su parte, las empresas adjudicatarias de los servicios de jardines obras (UTE Jardines, Eulen), junto con FCC y Tasubinsa, se encargan de la limpieza de aceras que no corresponda a vecinos y comerciantes, as\u00ed como de zonas peatonales, sendas, o plazas. Tambi\u00e9n entidades especializadas como Cruz Roja y Dya ponen equipos a disposici\u00f3n del Consistorio en estas contingencias. El plan municipal est\u00e1 coordinado en todos sus puntos con el Plan de Nieves del Gobierno de Navarra, especialmente en lo que se refiere a zonas o servicios comunes.<\/p>\n<p>Este plan establece un sistema de respuesta ante situaciones de presencia de nieve o hielo en la v\u00eda p\u00fablica para garantizar el mantenimiento de los servicios b\u00e1sicos, as\u00ed como minimizar la afecci\u00f3n de estas condiciones climatol\u00f3gicas en la vida cotidiana de los vecinos y vecinas de Pamplona. Pese a la puesta en marcha del dispositivo, el Ayuntamiento recuerda a la ciudadan\u00eda que en caso de que la nieve cuaje, es necesario adaptar las rutinas y la forma de vida de cada persona a esta situaci\u00f3n, evitando en la medida de lo posible salidas a la calle innecesarias, ralentizando los desplazamientos y, en todo caso, extremando las precauciones.<br \/>\n<script async src=\"\/\/pagead2.googlesyndication.com\/pagead\/js\/adsbygoogle.js\"><\/script><br \/>\n<!-- Noticias La Guia de Pamplona --><br \/>\n<ins class=\"adsbygoogle\"\nstyle=\"display:block\"\ndata-ad-client=\"ca-pub-6943679897239327\"\ndata-ad-slot=\"7048180777\"\ndata-ad-format=\"auto\"><\/ins><br \/>\n<script>\n(adsbygoogle = window.adsbygoogle || []).push({});\n<\/script><\/p>\n<p>En la puesta en marcha del Plan de actuaci\u00f3n de Nevadas se prioriza el mantenimiento de la vialidad en los principales accesos por carretera a la ciudad, en las v\u00edas p\u00fablicas que sirven de comunicaci\u00f3n entre los diferentes barrios (con especial atenci\u00f3n a aquellas que presentan una pendiente significativa) y en las principales calles de cada barrio. Las acciones tambi\u00e9n inciden en la seguridad de los desplazamientos de los ciudadanos por aceras y pasos de peatones y, en la medida de lo posible, tienen en cuenta la continuidad del funcionamiento del transporte p\u00fablico en autob\u00fas.<\/p>\n","protected":false},"excerpt":{"rendered":"<p>El dispositivo mec\u00e1nico cuenta con cuatro camiones y nueve todoterrenos que, en caso de necesidad, reparten sal por la ciudad desde Trinitarios<\/p>\n","protected":false},"author":1,"featured_media":39743,"comment_status":"open","ping_status":"closed","sticky":false,"template":"","format":"standard","meta":{"footnotes":""},"categories":[2],"tags":[],"class_list":["post-39742","post","type-post","status-publish","format-standard","has-post-thumbnail","hentry","category-ayuntamiento-pamplona"],"yoast_head":"<!-- This site is optimized with the Yoast SEO plugin v27.3 - https:\/\/yoast.com\/product\/yoast-seo-wordpress\/ -->\n<title>Pamplona pone en prealerta su dispositivo de nieves ante la posibilidad de que precipite entre viernes y s\u00e1bado<\/title>\n<meta name=\"description\" content=\"El dispositivo mec\u00e1nico cuenta con cuatro camiones y nueve todoterrenos que, en caso de necesidad, reparten sal por la ciudad desde Trinitarios\" \/>\n<meta name=\"robots\" content=\"index, follow, max-snippet:-1, max-image-preview:large, max-video-preview:-1\" \/>\n<link rel=\"canonical\" href=\"https:\/\/www.laguiadepamplona.com\/actualidad\/pamplona-pone-en-prealerta-su-dispositivo-de-nieves-ante-la-posibilidad-de-que-precipite-entre-viernes-y-sabado\/\" \/>\n<meta property=\"og:locale\" content=\"es_ES\" \/>\n<meta property=\"og:type\" content=\"article\" \/>\n<meta property=\"og:title\" content=\"Pamplona pone en prealerta su dispositivo de nieves ante la posibilidad de que precipite entre viernes y s\u00e1bado\" \/>\n<meta property=\"og:description\" content=\"El dispositivo mec\u00e1nico cuenta con cuatro camiones y nueve todoterrenos que, en caso de necesidad, reparten sal por la ciudad desde Trinitarios\" \/>\n<meta property=\"og:url\" content=\"https:\/\/www.laguiadepamplona.com\/actualidad\/pamplona-pone-en-prealerta-su-dispositivo-de-nieves-ante-la-posibilidad-de-que-precipite-entre-viernes-y-sabado\/\" \/>\n<meta property=\"og:site_name\" content=\"La Gu\u00eda de Pamplona\" \/>\n<meta property=\"article:publisher\" content=\"https:\/\/www.facebook.com\/laguiadepamplonacom-133175176762273\/?ref=hl\" \/>\n<meta property=\"article:published_time\" content=\"2022-03-30T15:32:50+00:00\" \/>\n<meta property=\"article:modified_time\" content=\"2023-04-11T09:48:21+00:00\" \/>\n<meta property=\"og:image\" content=\"https:\/\/www.laguiadepamplona.com\/actualidad\/wp-content\/uploads\/2022\/03\/dispositivo-nevada_JMG9329_.jpg\" \/>\n\t<meta property=\"og:image:width\" content=\"1920\" \/>\n\t<meta property=\"og:image:height\" content=\"1280\" \/>\n\t<meta property=\"og:image:type\" content=\"image\/jpeg\" \/>\n<meta name=\"author\" content=\"La Gu\u00eda de Pamplona\" \/>\n<meta name=\"twitter:card\" content=\"summary_large_image\" \/>\n<meta name=\"twitter:creator\" content=\"@LaGuiadPamplona\" \/>\n<meta name=\"twitter:site\" content=\"@LaGuiadPamplona\" \/>\n<meta name=\"twitter:label1\" content=\"Escrito por\" \/>\n\t<meta name=\"twitter:data1\" content=\"La Gu\u00eda de Pamplona\" \/>\n\t<meta name=\"twitter:label2\" content=\"Tiempo de lectura\" \/>\n\t<meta name=\"twitter:data2\" content=\"3 minutos\" \/>\n<script type=\"application\/ld+json\" class=\"yoast-schema-graph\">{\"@context\":\"https:\\\/\\\/schema.org\",\"@graph\":[{\"@type\":\"Article\",\"@id\":\"https:\\\/\\\/www.laguiadepamplona.com\\\/actualidad\\\/pamplona-pone-en-prealerta-su-dispositivo-de-nieves-ante-la-posibilidad-de-que-precipite-entre-viernes-y-sabado\\\/#article\",\"isPartOf\":{\"@id\":\"https:\\\/\\\/www.laguiadepamplona.com\\\/actualidad\\\/pamplona-pone-en-prealerta-su-dispositivo-de-nieves-ante-la-posibilidad-de-que-precipite-entre-viernes-y-sabado\\\/\"},\"author\":{\"name\":\"La Gu\u00eda de Pamplona\",\"@id\":\"https:\\\/\\\/www.laguiadepamplona.com\\\/actualidad\\\/#\\\/schema\\\/person\\\/efe887376f0213d4657c93adc50b1fdb\"},\"headline\":\"Pamplona pone en prealerta su dispositivo de nieves ante la posibilidad de que precipite entre viernes y s\u00e1bado\",\"datePublished\":\"2022-03-30T15:32:50+00:00\",\"dateModified\":\"2023-04-11T09:48:21+00:00\",\"mainEntityOfPage\":{\"@id\":\"https:\\\/\\\/www.laguiadepamplona.com\\\/actualidad\\\/pamplona-pone-en-prealerta-su-dispositivo-de-nieves-ante-la-posibilidad-de-que-precipite-entre-viernes-y-sabado\\\/\"},\"wordCount\":568,\"commentCount\":0,\"publisher\":{\"@id\":\"https:\\\/\\\/www.laguiadepamplona.com\\\/actualidad\\\/#organization\"},\"image\":{\"@id\":\"https:\\\/\\\/www.laguiadepamplona.com\\\/actualidad\\\/pamplona-pone-en-prealerta-su-dispositivo-de-nieves-ante-la-posibilidad-de-que-precipite-entre-viernes-y-sabado\\\/#primaryimage\"},\"thumbnailUrl\":\"https:\\\/\\\/www.laguiadepamplona.com\\\/actualidad\\\/wp-content\\\/uploads\\\/2022\\\/03\\\/dispositivo-nevada_JMG9329_.jpg\",\"articleSection\":[\"Ayto Pamplona\"],\"inLanguage\":\"es\",\"potentialAction\":[{\"@type\":\"CommentAction\",\"name\":\"Comment\",\"target\":[\"https:\\\/\\\/www.laguiadepamplona.com\\\/actualidad\\\/pamplona-pone-en-prealerta-su-dispositivo-de-nieves-ante-la-posibilidad-de-que-precipite-entre-viernes-y-sabado\\\/#respond\"]}]},{\"@type\":\"WebPage\",\"@id\":\"https:\\\/\\\/www.laguiadepamplona.com\\\/actualidad\\\/pamplona-pone-en-prealerta-su-dispositivo-de-nieves-ante-la-posibilidad-de-que-precipite-entre-viernes-y-sabado\\\/\",\"url\":\"https:\\\/\\\/www.laguiadepamplona.com\\\/actualidad\\\/pamplona-pone-en-prealerta-su-dispositivo-de-nieves-ante-la-posibilidad-de-que-precipite-entre-viernes-y-sabado\\\/\",\"name\":\"Pamplona pone en prealerta su dispositivo de nieves ante la posibilidad de que precipite entre viernes y s\u00e1bado\",\"isPartOf\":{\"@id\":\"https:\\\/\\\/www.laguiadepamplona.com\\\/actualidad\\\/#website\"},\"primaryImageOfPage\":{\"@id\":\"https:\\\/\\\/www.laguiadepamplona.com\\\/actualidad\\\/pamplona-pone-en-prealerta-su-dispositivo-de-nieves-ante-la-posibilidad-de-que-precipite-entre-viernes-y-sabado\\\/#primaryimage\"},\"image\":{\"@id\":\"https:\\\/\\\/www.laguiadepamplona.com\\\/actualidad\\\/pamplona-pone-en-prealerta-su-dispositivo-de-nieves-ante-la-posibilidad-de-que-precipite-entre-viernes-y-sabado\\\/#primaryimage\"},\"thumbnailUrl\":\"https:\\\/\\\/www.laguiadepamplona.com\\\/actualidad\\\/wp-content\\\/uploads\\\/2022\\\/03\\\/dispositivo-nevada_JMG9329_.jpg\",\"datePublished\":\"2022-03-30T15:32:50+00:00\",\"dateModified\":\"2023-04-11T09:48:21+00:00\",\"description\":\"El dispositivo mec\u00e1nico cuenta con cuatro camiones y nueve todoterrenos que, en caso de necesidad, reparten sal por la ciudad desde Trinitarios\",\"breadcrumb\":{\"@id\":\"https:\\\/\\\/www.laguiadepamplona.com\\\/actualidad\\\/pamplona-pone-en-prealerta-su-dispositivo-de-nieves-ante-la-posibilidad-de-que-precipite-entre-viernes-y-sabado\\\/#breadcrumb\"},\"inLanguage\":\"es\",\"potentialAction\":[{\"@type\":\"ReadAction\",\"target\":[\"https:\\\/\\\/www.laguiadepamplona.com\\\/actualidad\\\/pamplona-pone-en-prealerta-su-dispositivo-de-nieves-ante-la-posibilidad-de-que-precipite-entre-viernes-y-sabado\\\/\"]}]},{\"@type\":\"ImageObject\",\"inLanguage\":\"es\",\"@id\":\"https:\\\/\\\/www.laguiadepamplona.com\\\/actualidad\\\/pamplona-pone-en-prealerta-su-dispositivo-de-nieves-ante-la-posibilidad-de-que-precipite-entre-viernes-y-sabado\\\/#primaryimage\",\"url\":\"https:\\\/\\\/www.laguiadepamplona.com\\\/actualidad\\\/wp-content\\\/uploads\\\/2022\\\/03\\\/dispositivo-nevada_JMG9329_.jpg\",\"contentUrl\":\"https:\\\/\\\/www.laguiadepamplona.com\\\/actualidad\\\/wp-content\\\/uploads\\\/2022\\\/03\\\/dispositivo-nevada_JMG9329_.jpg\",\"width\":1920,\"height\":1280,\"caption\":\"A* Jes\u00fas Garzaron F* 2020_11_24 T* Dispositivo para las nevadas L* Trinitarios\"},{\"@type\":\"BreadcrumbList\",\"@id\":\"https:\\\/\\\/www.laguiadepamplona.com\\\/actualidad\\\/pamplona-pone-en-prealerta-su-dispositivo-de-nieves-ante-la-posibilidad-de-que-precipite-entre-viernes-y-sabado\\\/#breadcrumb\",\"itemListElement\":[{\"@type\":\"ListItem\",\"position\":1,\"name\":\"Portada\",\"item\":\"https:\\\/\\\/www.laguiadepamplona.com\\\/actualidad\\\/\"},{\"@type\":\"ListItem\",\"position\":2,\"name\":\"Pamplona pone en prealerta su dispositivo de nieves ante la posibilidad de que precipite entre viernes y s\u00e1bado\"}]},{\"@type\":\"WebSite\",\"@id\":\"https:\\\/\\\/www.laguiadepamplona.com\\\/actualidad\\\/#website\",\"url\":\"https:\\\/\\\/www.laguiadepamplona.com\\\/actualidad\\\/\",\"name\":\"La gu\u00eda de Pamplona\",\"description\":\"Noticias de Pamplona\",\"publisher\":{\"@id\":\"https:\\\/\\\/www.laguiadepamplona.com\\\/actualidad\\\/#organization\"},\"potentialAction\":[{\"@type\":\"SearchAction\",\"target\":{\"@type\":\"EntryPoint\",\"urlTemplate\":\"https:\\\/\\\/www.laguiadepamplona.com\\\/actualidad\\\/?s={search_term_string}\"},\"query-input\":{\"@type\":\"PropertyValueSpecification\",\"valueRequired\":true,\"valueName\":\"search_term_string\"}}],\"inLanguage\":\"es\"},{\"@type\":\"Organization\",\"@id\":\"https:\\\/\\\/www.laguiadepamplona.com\\\/actualidad\\\/#organization\",\"name\":\"La Gu\u00eda de Pamplona \\\/ Noticias\",\"url\":\"https:\\\/\\\/www.laguiadepamplona.com\\\/actualidad\\\/\",\"logo\":{\"@type\":\"ImageObject\",\"inLanguage\":\"es\",\"@id\":\"https:\\\/\\\/www.laguiadepamplona.com\\\/actualidad\\\/#\\\/schema\\\/logo\\\/image\\\/\",\"url\":\"https:\\\/\\\/www.laguiadepamplona.com\\\/actualidad\\\/wp-content\\\/uploads\\\/2018\\\/11\\\/logo-laguiadepamplona18-web1.png\",\"contentUrl\":\"https:\\\/\\\/www.laguiadepamplona.com\\\/actualidad\\\/wp-content\\\/uploads\\\/2018\\\/11\\\/logo-laguiadepamplona18-web1.png\",\"width\":600,\"height\":196,\"caption\":\"La Gu\u00eda de Pamplona \\\/ Noticias\"},\"image\":{\"@id\":\"https:\\\/\\\/www.laguiadepamplona.com\\\/actualidad\\\/#\\\/schema\\\/logo\\\/image\\\/\"},\"sameAs\":[\"https:\\\/\\\/www.facebook.com\\\/laguiadepamplonacom-133175176762273\\\/?ref=hl\",\"https:\\\/\\\/x.com\\\/LaGuiadPamplona\",\"https:\\\/\\\/www.instagram.com\\\/la_guia_de_pamplona\\\/\",\"https:\\\/\\\/www.youtube.com\\\/user\\\/laguiadepamplona\"]},{\"@type\":\"Person\",\"@id\":\"https:\\\/\\\/www.laguiadepamplona.com\\\/actualidad\\\/#\\\/schema\\\/person\\\/efe887376f0213d4657c93adc50b1fdb\",\"name\":\"La Gu\u00eda de Pamplona\",\"image\":{\"@type\":\"ImageObject\",\"inLanguage\":\"es\",\"@id\":\"https:\\\/\\\/secure.gravatar.com\\\/avatar\\\/b6992f131dc8d30ab0dff15446e9d346d9dbd95992de0fef795073f5ea83a81c?s=96&d=mm&r=g\",\"url\":\"https:\\\/\\\/secure.gravatar.com\\\/avatar\\\/b6992f131dc8d30ab0dff15446e9d346d9dbd95992de0fef795073f5ea83a81c?s=96&d=mm&r=g\",\"contentUrl\":\"https:\\\/\\\/secure.gravatar.com\\\/avatar\\\/b6992f131dc8d30ab0dff15446e9d346d9dbd95992de0fef795073f5ea83a81c?s=96&d=mm&r=g\",\"caption\":\"La Gu\u00eda de Pamplona\"}}]}<\/script>\n<!-- \/ Yoast SEO plugin. -->","yoast_head_json":{"title":"Pamplona pone en prealerta su dispositivo de nieves ante la posibilidad de que precipite entre viernes y s\u00e1bado","description":"El dispositivo mec\u00e1nico cuenta con cuatro camiones y nueve todoterrenos que, en caso de necesidad, reparten sal por la ciudad desde Trinitarios","robots":{"index":"index","follow":"follow","max-snippet":"max-snippet:-1","max-image-preview":"max-image-preview:large","max-video-preview":"max-video-preview:-1"},"canonical":"https:\/\/www.laguiadepamplona.com\/actualidad\/pamplona-pone-en-prealerta-su-dispositivo-de-nieves-ante-la-posibilidad-de-que-precipite-entre-viernes-y-sabado\/","og_locale":"es_ES","og_type":"article","og_title":"Pamplona pone en prealerta su dispositivo de nieves ante la posibilidad de que precipite entre viernes y s\u00e1bado","og_description":"El dispositivo mec\u00e1nico cuenta con cuatro camiones y nueve todoterrenos que, en caso de necesidad, reparten sal por la ciudad desde Trinitarios","og_url":"https:\/\/www.laguiadepamplona.com\/actualidad\/pamplona-pone-en-prealerta-su-dispositivo-de-nieves-ante-la-posibilidad-de-que-precipite-entre-viernes-y-sabado\/","og_site_name":"La Gu\u00eda de Pamplona","article_publisher":"https:\/\/www.facebook.com\/laguiadepamplonacom-133175176762273\/?ref=hl","article_published_time":"2022-03-30T15:32:50+00:00","article_modified_time":"2023-04-11T09:48:21+00:00","og_image":[{"width":1920,"height":1280,"url":"https:\/\/www.laguiadepamplona.com\/actualidad\/wp-content\/uploads\/2022\/03\/dispositivo-nevada_JMG9329_.jpg","type":"image\/jpeg"}],"author":"La Gu\u00eda de Pamplona","twitter_card":"summary_large_image","twitter_creator":"@LaGuiadPamplona","twitter_site":"@LaGuiadPamplona","twitter_misc":{"Escrito por":"La Gu\u00eda de Pamplona","Tiempo de lectura":"3 minutos"},"schema":{"@context":"https:\/\/schema.org","@graph":[{"@type":"Article","@id":"https:\/\/www.laguiadepamplona.com\/actualidad\/pamplona-pone-en-prealerta-su-dispositivo-de-nieves-ante-la-posibilidad-de-que-precipite-entre-viernes-y-sabado\/#article","isPartOf":{"@id":"https:\/\/www.laguiadepamplona.com\/actualidad\/pamplona-pone-en-prealerta-su-dispositivo-de-nieves-ante-la-posibilidad-de-que-precipite-entre-viernes-y-sabado\/"},"author":{"name":"La Gu\u00eda de Pamplona","@id":"https:\/\/www.laguiadepamplona.com\/actualidad\/#\/schema\/person\/efe887376f0213d4657c93adc50b1fdb"},"headline":"Pamplona pone en prealerta su dispositivo de nieves ante la posibilidad de que precipite entre viernes y s\u00e1bado","datePublished":"2022-03-30T15:32:50+00:00","dateModified":"2023-04-11T09:48:21+00:00","mainEntityOfPage":{"@id":"https:\/\/www.laguiadepamplona.com\/actualidad\/pamplona-pone-en-prealerta-su-dispositivo-de-nieves-ante-la-posibilidad-de-que-precipite-entre-viernes-y-sabado\/"},"wordCount":568,"commentCount":0,"publisher":{"@id":"https:\/\/www.laguiadepamplona.com\/actualidad\/#organization"},"image":{"@id":"https:\/\/www.laguiadepamplona.com\/actualidad\/pamplona-pone-en-prealerta-su-dispositivo-de-nieves-ante-la-posibilidad-de-que-precipite-entre-viernes-y-sabado\/#primaryimage"},"thumbnailUrl":"https:\/\/www.laguiadepamplona.com\/actualidad\/wp-content\/uploads\/2022\/03\/dispositivo-nevada_JMG9329_.jpg","articleSection":["Ayto Pamplona"],"inLanguage":"es","potentialAction":[{"@type":"CommentAction","name":"Comment","target":["https:\/\/www.laguiadepamplona.com\/actualidad\/pamplona-pone-en-prealerta-su-dispositivo-de-nieves-ante-la-posibilidad-de-que-precipite-entre-viernes-y-sabado\/#respond"]}]},{"@type":"WebPage","@id":"https:\/\/www.laguiadepamplona.com\/actualidad\/pamplona-pone-en-prealerta-su-dispositivo-de-nieves-ante-la-posibilidad-de-que-precipite-entre-viernes-y-sabado\/","url":"https:\/\/www.laguiadepamplona.com\/actualidad\/pamplona-pone-en-prealerta-su-dispositivo-de-nieves-ante-la-posibilidad-de-que-precipite-entre-viernes-y-sabado\/","name":"Pamplona pone en prealerta su dispositivo de nieves ante la posibilidad de que precipite entre viernes y s\u00e1bado","isPartOf":{"@id":"https:\/\/www.laguiadepamplona.com\/actualidad\/#website"},"primaryImageOfPage":{"@id":"https:\/\/www.laguiadepamplona.com\/actualidad\/pamplona-pone-en-prealerta-su-dispositivo-de-nieves-ante-la-posibilidad-de-que-precipite-entre-viernes-y-sabado\/#primaryimage"},"image":{"@id":"https:\/\/www.laguiadepamplona.com\/actualidad\/pamplona-pone-en-prealerta-su-dispositivo-de-nieves-ante-la-posibilidad-de-que-precipite-entre-viernes-y-sabado\/#primaryimage"},"thumbnailUrl":"https:\/\/www.laguiadepamplona.com\/actualidad\/wp-content\/uploads\/2022\/03\/dispositivo-nevada_JMG9329_.jpg","datePublished":"2022-03-30T15:32:50+00:00","dateModified":"2023-04-11T09:48:21+00:00","description":"El dispositivo mec\u00e1nico cuenta con cuatro camiones y nueve todoterrenos que, en caso de necesidad, reparten sal por la ciudad desde Trinitarios","breadcrumb":{"@id":"https:\/\/www.laguiadepamplona.com\/actualidad\/pamplona-pone-en-prealerta-su-dispositivo-de-nieves-ante-la-posibilidad-de-que-precipite-entre-viernes-y-sabado\/#breadcrumb"},"inLanguage":"es","potentialAction":[{"@type":"ReadAction","target":["https:\/\/www.laguiadepamplona.com\/actualidad\/pamplona-pone-en-prealerta-su-dispositivo-de-nieves-ante-la-posibilidad-de-que-precipite-entre-viernes-y-sabado\/"]}]},{"@type":"ImageObject","inLanguage":"es","@id":"https:\/\/www.laguiadepamplona.com\/actualidad\/pamplona-pone-en-prealerta-su-dispositivo-de-nieves-ante-la-posibilidad-de-que-precipite-entre-viernes-y-sabado\/#primaryimage","url":"https:\/\/www.laguiadepamplona.com\/actualidad\/wp-content\/uploads\/2022\/03\/dispositivo-nevada_JMG9329_.jpg","contentUrl":"https:\/\/www.laguiadepamplona.com\/actualidad\/wp-content\/uploads\/2022\/03\/dispositivo-nevada_JMG9329_.jpg","width":1920,"height":1280,"caption":"A* Jes\u00fas Garzaron F* 2020_11_24 T* Dispositivo para las nevadas L* Trinitarios"},{"@type":"BreadcrumbList","@id":"https:\/\/www.laguiadepamplona.com\/actualidad\/pamplona-pone-en-prealerta-su-dispositivo-de-nieves-ante-la-posibilidad-de-que-precipite-entre-viernes-y-sabado\/#breadcrumb","itemListElement":[{"@type":"ListItem","position":1,"name":"Portada","item":"https:\/\/www.laguiadepamplona.com\/actualidad\/"},{"@type":"ListItem","position":2,"name":"Pamplona pone en prealerta su dispositivo de nieves ante la posibilidad de que precipite entre viernes y s\u00e1bado"}]},{"@type":"WebSite","@id":"https:\/\/www.laguiadepamplona.com\/actualidad\/#website","url":"https:\/\/www.laguiadepamplona.com\/actualidad\/","name":"La gu\u00eda de Pamplona","description":"Noticias de Pamplona","publisher":{"@id":"https:\/\/www.laguiadepamplona.com\/actualidad\/#organization"},"potentialAction":[{"@type":"SearchAction","target":{"@type":"EntryPoint","urlTemplate":"https:\/\/www.laguiadepamplona.com\/actualidad\/?s={search_term_string}"},"query-input":{"@type":"PropertyValueSpecification","valueRequired":true,"valueName":"search_term_string"}}],"inLanguage":"es"},{"@type":"Organization","@id":"https:\/\/www.laguiadepamplona.com\/actualidad\/#organization","name":"La Gu\u00eda de Pamplona \/ Noticias","url":"https:\/\/www.laguiadepamplona.com\/actualidad\/","logo":{"@type":"ImageObject","inLanguage":"es","@id":"https:\/\/www.laguiadepamplona.com\/actualidad\/#\/schema\/logo\/image\/","url":"https:\/\/www.laguiadepamplona.com\/actualidad\/wp-content\/uploads\/2018\/11\/logo-laguiadepamplona18-web1.png","contentUrl":"https:\/\/www.laguiadepamplona.com\/actualidad\/wp-content\/uploads\/2018\/11\/logo-laguiadepamplona18-web1.png","width":600,"height":196,"caption":"La Gu\u00eda de Pamplona \/ Noticias"},"image":{"@id":"https:\/\/www.laguiadepamplona.com\/actualidad\/#\/schema\/logo\/image\/"},"sameAs":["https:\/\/www.facebook.com\/laguiadepamplonacom-133175176762273\/?ref=hl","https:\/\/x.com\/LaGuiadPamplona","https:\/\/www.instagram.com\/la_guia_de_pamplona\/","https:\/\/www.youtube.com\/user\/laguiadepamplona"]},{"@type":"Person","@id":"https:\/\/www.laguiadepamplona.com\/actualidad\/#\/schema\/person\/efe887376f0213d4657c93adc50b1fdb","name":"La Gu\u00eda de Pamplona","image":{"@type":"ImageObject","inLanguage":"es","@id":"https:\/\/secure.gravatar.com\/avatar\/b6992f131dc8d30ab0dff15446e9d346d9dbd95992de0fef795073f5ea83a81c?s=96&d=mm&r=g","url":"https:\/\/secure.gravatar.com\/avatar\/b6992f131dc8d30ab0dff15446e9d346d9dbd95992de0fef795073f5ea83a81c?s=96&d=mm&r=g","contentUrl":"https:\/\/secure.gravatar.com\/avatar\/b6992f131dc8d30ab0dff15446e9d346d9dbd95992de0fef795073f5ea83a81c?s=96&d=mm&r=g","caption":"La Gu\u00eda de Pamplona"}}]}},"post_mailing_queue_ids":[],"_links":{"self":[{"href":"https:\/\/www.laguiadepamplona.com\/actualidad\/wp-json\/wp\/v2\/posts\/39742","targetHints":{"allow":["GET"]}}],"collection":[{"href":"https:\/\/www.laguiadepamplona.com\/actualidad\/wp-json\/wp\/v2\/posts"}],"about":[{"href":"https:\/\/www.laguiadepamplona.com\/actualidad\/wp-json\/wp\/v2\/types\/post"}],"author":[{"embeddable":true,"href":"https:\/\/www.laguiadepamplona.com\/actualidad\/wp-json\/wp\/v2\/users\/1"}],"replies":[{"embeddable":true,"href":"https:\/\/www.laguiadepamplona.com\/actualidad\/wp-json\/wp\/v2\/comments?post=39742"}],"version-history":[{"count":0,"href":"https:\/\/www.laguiadepamplona.com\/actualidad\/wp-json\/wp\/v2\/posts\/39742\/revisions"}],"wp:featuredmedia":[{"embeddable":true,"href":"https:\/\/www.laguiadepamplona.com\/actualidad\/wp-json\/wp\/v2\/media\/39743"}],"wp:attachment":[{"href":"https:\/\/www.laguiadepamplona.com\/actualidad\/wp-json\/wp\/v2\/media?parent=39742"}],"wp:term":[{"taxonomy":"category","embeddable":true,"href":"https:\/\/www.laguiadepamplona.com\/actualidad\/wp-json\/wp\/v2\/categories?post=39742"},{"taxonomy":"post_tag","embeddable":true,"href":"https:\/\/www.laguiadepamplona.com\/actualidad\/wp-json\/wp\/v2\/tags?post=39742"}],"curies":[{"name":"wp","href":"https:\/\/api.w.org\/{rel}","templated":true}]}}