{"id":39740,"date":"2022-03-30T12:59:54","date_gmt":"2022-03-30T10:59:54","guid":{"rendered":"https:\/\/www.laguiadepamplona.com\/actualidad\/?p=39740"},"modified":"2023-04-11T11:48:21","modified_gmt":"2023-04-11T09:48:21","slug":"aprobadas-las-prorrogas-del-contrato-con-la-banda-de-gaiteros-de-pamplona-y-la-banda-de-txistularis-de-pamplona","status":"publish","type":"post","link":"https:\/\/www.laguiadepamplona.com\/actualidad\/aprobadas-las-prorrogas-del-contrato-con-la-banda-de-gaiteros-de-pamplona-y-la-banda-de-txistularis-de-pamplona\/","title":{"rendered":"Aprobadas las pr\u00f3rrogas del contrato con la banda de Gaiteros de Pamplona y la banda de Txistularis de Pamplona"},"content":{"rendered":"<h5>Los contratos incluyen su participaci\u00f3n en diferentes actos de San Ferm\u00edn y otras festividades, as\u00ed como sesiones de bailables y dianas<\/h5>\n<p><!--more--><\/p>\n<p>La Junta de Gobierno Local ha aprobado la primera pr\u00f3rroga de los contratos con la banda de Gaiteros de Pamplona \u2013 Iru\u00f1eko Gaiteroak y la asociaci\u00f3n Iruinako Txistulari Taldea &#8211; Banda de Txistularis de Pamplona para el desarrollo de diferentes actuaciones y acompa\u00f1amientos en el periodo de un a\u00f1o, comprendido entre el 1 de abril de este 2022 y el 31 de marzo de 2023. El presupuesto destinado a este contrato asciende a 47.316,28 euros y a 62.524,10 euros, respectivamente.<\/p>\n<p>El contrato prorrogado con la banda de Gaiteros de Pamplona \u2013 Iru\u00f1eko Gaiteroak incluye el acompa\u00f1amiento del Rey Europeo de la comparsa de Gigantes y Cabezudos durante las fiestas de San Ferm\u00edn y San Ferm\u00edn de Aldapa, as\u00ed como en las festividades del Privilegio de la Uni\u00f3n, San Saturnino u otras fechas en las que pueda haber salidas. Adem\u00e1s, actuar\u00e1n en el desfile tras el Chupinazo el 6 de julio, en los bailes en homenaje a la ciudad y en los bailables de la Plaza del Castillo los d\u00edas 6, 7 y 14 de julio.<br \/>\n<script async src=\"\/\/pagead2.googlesyndication.com\/pagead\/js\/adsbygoogle.js\"><\/script><br \/>\n<!-- Noticias La Guia de Pamplona --><br \/>\n<ins class=\"adsbygoogle\"\nstyle=\"display:block\"\ndata-ad-client=\"ca-pub-6943679897239327\"\ndata-ad-slot=\"7048180777\"\ndata-ad-format=\"auto\"><\/ins><br \/>\n<script>\n(adsbygoogle = window.adsbygoogle || []).push({});\n<\/script><\/p>\n<p>Asimismo, el contrato incluye otros eventos como la participaci\u00f3n en unas 34 sesiones de dianas entre junio y noviembre, en unas 19 sesiones de bailables entre junio y septiembre, y en dos dianas en la festividad de San Fermin de Aldapa en un fin de semana de finales de septiembre. Junto a las obligaciones programadas con car\u00e1cter anual, el Ayuntamiento podr\u00e1 convocar a los gaiteros en otras tres ocasiones de libre elecci\u00f3n, en lugar a convenir, siempre que se realice con una antelaci\u00f3n m\u00ednima razonable. Aparte de las actuaciones ya mencionadas, el Ayuntamiento podr\u00e1 contratar otras actuaciones de forma extraordinaria.<\/p>\n<p>La asociaci\u00f3n Iruinako Txistulari Taldea &#8211; Banda de Txistularis de Pamplona participar\u00e1 en los desfiles en cuerpo de ciudad y procesi\u00f3n de San Ferm\u00edn y San Saturnino, en la festividad del Privilegio de la Uni\u00f3n y en la Octava de San Ferm\u00edn. Asimismo, se prev\u00e9 su participaci\u00f3n en otros actos como la recepci\u00f3n a la imagen del \u00c1ngel de Aralar, el Chupinazo de San Ferm\u00edn, tres pasacalles durante los Sanfermines (D\u00eda Infantil, D\u00eda de las Personas Mayores y otro a determinar), los bailables durante las fiestas de San Ferm\u00edn y dos actuaciones en San Ferm\u00edn de Aldapa. El contrato incluye su presencia en unas 34 dianas entre noviembre y junio y 19 bailables entre junio y septiembre.<br \/>\n<script async src=\"\/\/pagead2.googlesyndication.com\/pagead\/js\/adsbygoogle.js\"><\/script><br \/>\n<!-- Noticias La Guia de Pamplona --><br \/>\n<ins class=\"adsbygoogle\"\nstyle=\"display:block\"\ndata-ad-client=\"ca-pub-6943679897239327\"\ndata-ad-slot=\"7048180777\"\ndata-ad-format=\"auto\"><\/ins><br \/>\n<script>\n(adsbygoogle = window.adsbygoogle || []).push({});\n<\/script><\/p>\n<p><strong>Sobre los Gaiteros y Txistularis de Pamplona<\/strong><\/p>\n<p>La Banda Municipal de Gaiteros de Pamplona y la Banda Municipal de Txistularis de Pamplona fueron creadas por Acuerdo de Pleno del Ayuntamiento de Pamplona el 1 de mayo en 1942. El propio acuerdo fij\u00f3 el r\u00e9gimen de obligaciones y derechos de sus miembros con un r\u00e9gimen propio de los m\u00fasicos dependientes del Ayuntamiento. En 1951, tras nueve a\u00f1os de actividad y a propuesta de la Comisi\u00f3n de Fomento, ambas bandas municipales fueron adscritas al Patronato de la Banda de M\u00fasica, en el que se integraba tambi\u00e9n La Pamplonesa. Los gaiteros y los txistularis se incorporaron al Patronato en r\u00e9gimen de equiparaci\u00f3n con los miembros de la Banda de M\u00fasica. Esta nueva situaci\u00f3n jur\u00eddica continu\u00f3 durante treinta y cinco a\u00f1os.<\/p>\n<p>El 24 de diciembre de 1986, el Pleno de la Corporaci\u00f3n acord\u00f3 la disoluci\u00f3n del Patronato de la Banda de M\u00fasica y la modificaci\u00f3n de la relaci\u00f3n jur\u00eddica que las tres formaciones musicales integrantes manten\u00edan con el Ayuntamiento (Gaiteros, La Pamplonesa y Txistularis). Para preservar su status y el r\u00e9gimen de obligaciones y derechos de sus miembros, la relaci\u00f3n se articul\u00f3 mediante un convenio de treinta a\u00f1os de duraci\u00f3n desde febrero de 1987. El esp\u00edritu del convenio fue el de salvaguardar la singular funci\u00f3n, actividades y derechos de los m\u00fasicos municipales.<\/p>\n","protected":false},"excerpt":{"rendered":"<p>Los contratos incluyen su participaci\u00f3n en diferentes actos de San Ferm\u00edn y otras festividades, as\u00ed como sesiones de bailables y dianas<\/p>\n","protected":false},"author":1,"featured_media":36215,"comment_status":"open","ping_status":"closed","sticky":false,"template":"","format":"standard","meta":{"footnotes":""},"categories":[2],"tags":[],"class_list":["post-39740","post","type-post","status-publish","format-standard","has-post-thumbnail","hentry","category-ayuntamiento-pamplona"],"yoast_head":"<!-- This site is optimized with the Yoast SEO plugin v27.3 - https:\/\/yoast.com\/product\/yoast-seo-wordpress\/ -->\n<title>Aprobadas las pr\u00f3rrogas del contrato con la banda de Gaiteros de Pamplona y la banda de Txistularis de Pamplona<\/title>\n<meta name=\"description\" content=\"Los contratos incluyen su participaci\u00f3n en diferentes actos de San Ferm\u00edn y otras festividades, as\u00ed como sesiones de bailables y dianas\" \/>\n<meta name=\"robots\" content=\"index, follow, max-snippet:-1, max-image-preview:large, max-video-preview:-1\" \/>\n<link rel=\"canonical\" href=\"https:\/\/www.laguiadepamplona.com\/actualidad\/aprobadas-las-prorrogas-del-contrato-con-la-banda-de-gaiteros-de-pamplona-y-la-banda-de-txistularis-de-pamplona\/\" \/>\n<meta property=\"og:locale\" content=\"es_ES\" \/>\n<meta property=\"og:type\" content=\"article\" \/>\n<meta property=\"og:title\" content=\"Aprobadas las pr\u00f3rrogas del contrato con la banda de Gaiteros de Pamplona y la banda de Txistularis de Pamplona\" \/>\n<meta property=\"og:description\" content=\"Los contratos incluyen su participaci\u00f3n en diferentes actos de San Ferm\u00edn y otras festividades, as\u00ed como sesiones de bailables y dianas\" \/>\n<meta property=\"og:url\" content=\"https:\/\/www.laguiadepamplona.com\/actualidad\/aprobadas-las-prorrogas-del-contrato-con-la-banda-de-gaiteros-de-pamplona-y-la-banda-de-txistularis-de-pamplona\/\" \/>\n<meta property=\"og:site_name\" content=\"La Gu\u00eda de Pamplona\" \/>\n<meta property=\"article:publisher\" content=\"https:\/\/www.facebook.com\/laguiadepamplonacom-133175176762273\/?ref=hl\" \/>\n<meta property=\"article:published_time\" content=\"2022-03-30T10:59:54+00:00\" \/>\n<meta property=\"article:modified_time\" content=\"2023-04-11T09:48:21+00:00\" \/>\n<meta property=\"og:image\" content=\"https:\/\/www.laguiadepamplona.com\/actualidad\/wp-content\/uploads\/2021\/08\/BAILABLES-PLZA-CASTILLO_EE5A8979.jpg\" \/>\n\t<meta property=\"og:image:width\" content=\"1920\" \/>\n\t<meta property=\"og:image:height\" content=\"1280\" \/>\n\t<meta property=\"og:image:type\" content=\"image\/jpeg\" \/>\n<meta name=\"author\" content=\"La Gu\u00eda de Pamplona\" \/>\n<meta name=\"twitter:card\" content=\"summary_large_image\" \/>\n<meta name=\"twitter:creator\" content=\"@LaGuiadPamplona\" \/>\n<meta name=\"twitter:site\" content=\"@LaGuiadPamplona\" \/>\n<meta name=\"twitter:label1\" content=\"Escrito por\" \/>\n\t<meta name=\"twitter:data1\" content=\"La Gu\u00eda de Pamplona\" \/>\n\t<meta name=\"twitter:label2\" content=\"Tiempo de lectura\" \/>\n\t<meta name=\"twitter:data2\" content=\"3 minutos\" \/>\n<script type=\"application\/ld+json\" class=\"yoast-schema-graph\">{\"@context\":\"https:\\\/\\\/schema.org\",\"@graph\":[{\"@type\":\"Article\",\"@id\":\"https:\\\/\\\/www.laguiadepamplona.com\\\/actualidad\\\/aprobadas-las-prorrogas-del-contrato-con-la-banda-de-gaiteros-de-pamplona-y-la-banda-de-txistularis-de-pamplona\\\/#article\",\"isPartOf\":{\"@id\":\"https:\\\/\\\/www.laguiadepamplona.com\\\/actualidad\\\/aprobadas-las-prorrogas-del-contrato-con-la-banda-de-gaiteros-de-pamplona-y-la-banda-de-txistularis-de-pamplona\\\/\"},\"author\":{\"name\":\"La Gu\u00eda de Pamplona\",\"@id\":\"https:\\\/\\\/www.laguiadepamplona.com\\\/actualidad\\\/#\\\/schema\\\/person\\\/efe887376f0213d4657c93adc50b1fdb\"},\"headline\":\"Aprobadas las pr\u00f3rrogas del contrato con la banda de Gaiteros de Pamplona y la banda de Txistularis de Pamplona\",\"datePublished\":\"2022-03-30T10:59:54+00:00\",\"dateModified\":\"2023-04-11T09:48:21+00:00\",\"mainEntityOfPage\":{\"@id\":\"https:\\\/\\\/www.laguiadepamplona.com\\\/actualidad\\\/aprobadas-las-prorrogas-del-contrato-con-la-banda-de-gaiteros-de-pamplona-y-la-banda-de-txistularis-de-pamplona\\\/\"},\"wordCount\":688,\"commentCount\":0,\"publisher\":{\"@id\":\"https:\\\/\\\/www.laguiadepamplona.com\\\/actualidad\\\/#organization\"},\"image\":{\"@id\":\"https:\\\/\\\/www.laguiadepamplona.com\\\/actualidad\\\/aprobadas-las-prorrogas-del-contrato-con-la-banda-de-gaiteros-de-pamplona-y-la-banda-de-txistularis-de-pamplona\\\/#primaryimage\"},\"thumbnailUrl\":\"https:\\\/\\\/www.laguiadepamplona.com\\\/actualidad\\\/wp-content\\\/uploads\\\/2021\\\/08\\\/BAILABLES-PLZA-CASTILLO_EE5A8979.jpg\",\"articleSection\":[\"Ayto Pamplona\"],\"inLanguage\":\"es\",\"potentialAction\":[{\"@type\":\"CommentAction\",\"name\":\"Comment\",\"target\":[\"https:\\\/\\\/www.laguiadepamplona.com\\\/actualidad\\\/aprobadas-las-prorrogas-del-contrato-con-la-banda-de-gaiteros-de-pamplona-y-la-banda-de-txistularis-de-pamplona\\\/#respond\"]}]},{\"@type\":\"WebPage\",\"@id\":\"https:\\\/\\\/www.laguiadepamplona.com\\\/actualidad\\\/aprobadas-las-prorrogas-del-contrato-con-la-banda-de-gaiteros-de-pamplona-y-la-banda-de-txistularis-de-pamplona\\\/\",\"url\":\"https:\\\/\\\/www.laguiadepamplona.com\\\/actualidad\\\/aprobadas-las-prorrogas-del-contrato-con-la-banda-de-gaiteros-de-pamplona-y-la-banda-de-txistularis-de-pamplona\\\/\",\"name\":\"Aprobadas las pr\u00f3rrogas del contrato con la banda de Gaiteros de Pamplona y la banda de Txistularis de Pamplona\",\"isPartOf\":{\"@id\":\"https:\\\/\\\/www.laguiadepamplona.com\\\/actualidad\\\/#website\"},\"primaryImageOfPage\":{\"@id\":\"https:\\\/\\\/www.laguiadepamplona.com\\\/actualidad\\\/aprobadas-las-prorrogas-del-contrato-con-la-banda-de-gaiteros-de-pamplona-y-la-banda-de-txistularis-de-pamplona\\\/#primaryimage\"},\"image\":{\"@id\":\"https:\\\/\\\/www.laguiadepamplona.com\\\/actualidad\\\/aprobadas-las-prorrogas-del-contrato-con-la-banda-de-gaiteros-de-pamplona-y-la-banda-de-txistularis-de-pamplona\\\/#primaryimage\"},\"thumbnailUrl\":\"https:\\\/\\\/www.laguiadepamplona.com\\\/actualidad\\\/wp-content\\\/uploads\\\/2021\\\/08\\\/BAILABLES-PLZA-CASTILLO_EE5A8979.jpg\",\"datePublished\":\"2022-03-30T10:59:54+00:00\",\"dateModified\":\"2023-04-11T09:48:21+00:00\",\"description\":\"Los contratos incluyen su participaci\u00f3n en diferentes actos de San Ferm\u00edn y otras festividades, as\u00ed como sesiones de bailables y dianas\",\"breadcrumb\":{\"@id\":\"https:\\\/\\\/www.laguiadepamplona.com\\\/actualidad\\\/aprobadas-las-prorrogas-del-contrato-con-la-banda-de-gaiteros-de-pamplona-y-la-banda-de-txistularis-de-pamplona\\\/#breadcrumb\"},\"inLanguage\":\"es\",\"potentialAction\":[{\"@type\":\"ReadAction\",\"target\":[\"https:\\\/\\\/www.laguiadepamplona.com\\\/actualidad\\\/aprobadas-las-prorrogas-del-contrato-con-la-banda-de-gaiteros-de-pamplona-y-la-banda-de-txistularis-de-pamplona\\\/\"]}]},{\"@type\":\"ImageObject\",\"inLanguage\":\"es\",\"@id\":\"https:\\\/\\\/www.laguiadepamplona.com\\\/actualidad\\\/aprobadas-las-prorrogas-del-contrato-con-la-banda-de-gaiteros-de-pamplona-y-la-banda-de-txistularis-de-pamplona\\\/#primaryimage\",\"url\":\"https:\\\/\\\/www.laguiadepamplona.com\\\/actualidad\\\/wp-content\\\/uploads\\\/2021\\\/08\\\/BAILABLES-PLZA-CASTILLO_EE5A8979.jpg\",\"contentUrl\":\"https:\\\/\\\/www.laguiadepamplona.com\\\/actualidad\\\/wp-content\\\/uploads\\\/2021\\\/08\\\/BAILABLES-PLZA-CASTILLO_EE5A8979.jpg\",\"width\":1920,\"height\":1280,\"caption\":\"bailables\"},{\"@type\":\"BreadcrumbList\",\"@id\":\"https:\\\/\\\/www.laguiadepamplona.com\\\/actualidad\\\/aprobadas-las-prorrogas-del-contrato-con-la-banda-de-gaiteros-de-pamplona-y-la-banda-de-txistularis-de-pamplona\\\/#breadcrumb\",\"itemListElement\":[{\"@type\":\"ListItem\",\"position\":1,\"name\":\"Portada\",\"item\":\"https:\\\/\\\/www.laguiadepamplona.com\\\/actualidad\\\/\"},{\"@type\":\"ListItem\",\"position\":2,\"name\":\"Aprobadas las pr\u00f3rrogas del contrato con la banda de Gaiteros de Pamplona y la banda de Txistularis de Pamplona\"}]},{\"@type\":\"WebSite\",\"@id\":\"https:\\\/\\\/www.laguiadepamplona.com\\\/actualidad\\\/#website\",\"url\":\"https:\\\/\\\/www.laguiadepamplona.com\\\/actualidad\\\/\",\"name\":\"La gu\u00eda de Pamplona\",\"description\":\"Noticias de Pamplona\",\"publisher\":{\"@id\":\"https:\\\/\\\/www.laguiadepamplona.com\\\/actualidad\\\/#organization\"},\"potentialAction\":[{\"@type\":\"SearchAction\",\"target\":{\"@type\":\"EntryPoint\",\"urlTemplate\":\"https:\\\/\\\/www.laguiadepamplona.com\\\/actualidad\\\/?s={search_term_string}\"},\"query-input\":{\"@type\":\"PropertyValueSpecification\",\"valueRequired\":true,\"valueName\":\"search_term_string\"}}],\"inLanguage\":\"es\"},{\"@type\":\"Organization\",\"@id\":\"https:\\\/\\\/www.laguiadepamplona.com\\\/actualidad\\\/#organization\",\"name\":\"La Gu\u00eda de Pamplona \\\/ Noticias\",\"url\":\"https:\\\/\\\/www.laguiadepamplona.com\\\/actualidad\\\/\",\"logo\":{\"@type\":\"ImageObject\",\"inLanguage\":\"es\",\"@id\":\"https:\\\/\\\/www.laguiadepamplona.com\\\/actualidad\\\/#\\\/schema\\\/logo\\\/image\\\/\",\"url\":\"https:\\\/\\\/www.laguiadepamplona.com\\\/actualidad\\\/wp-content\\\/uploads\\\/2018\\\/11\\\/logo-laguiadepamplona18-web1.png\",\"contentUrl\":\"https:\\\/\\\/www.laguiadepamplona.com\\\/actualidad\\\/wp-content\\\/uploads\\\/2018\\\/11\\\/logo-laguiadepamplona18-web1.png\",\"width\":600,\"height\":196,\"caption\":\"La Gu\u00eda de Pamplona \\\/ Noticias\"},\"image\":{\"@id\":\"https:\\\/\\\/www.laguiadepamplona.com\\\/actualidad\\\/#\\\/schema\\\/logo\\\/image\\\/\"},\"sameAs\":[\"https:\\\/\\\/www.facebook.com\\\/laguiadepamplonacom-133175176762273\\\/?ref=hl\",\"https:\\\/\\\/x.com\\\/LaGuiadPamplona\",\"https:\\\/\\\/www.instagram.com\\\/la_guia_de_pamplona\\\/\",\"https:\\\/\\\/www.youtube.com\\\/user\\\/laguiadepamplona\"]},{\"@type\":\"Person\",\"@id\":\"https:\\\/\\\/www.laguiadepamplona.com\\\/actualidad\\\/#\\\/schema\\\/person\\\/efe887376f0213d4657c93adc50b1fdb\",\"name\":\"La Gu\u00eda de Pamplona\",\"image\":{\"@type\":\"ImageObject\",\"inLanguage\":\"es\",\"@id\":\"https:\\\/\\\/secure.gravatar.com\\\/avatar\\\/b6992f131dc8d30ab0dff15446e9d346d9dbd95992de0fef795073f5ea83a81c?s=96&d=mm&r=g\",\"url\":\"https:\\\/\\\/secure.gravatar.com\\\/avatar\\\/b6992f131dc8d30ab0dff15446e9d346d9dbd95992de0fef795073f5ea83a81c?s=96&d=mm&r=g\",\"contentUrl\":\"https:\\\/\\\/secure.gravatar.com\\\/avatar\\\/b6992f131dc8d30ab0dff15446e9d346d9dbd95992de0fef795073f5ea83a81c?s=96&d=mm&r=g\",\"caption\":\"La Gu\u00eda de Pamplona\"}}]}<\/script>\n<!-- \/ Yoast SEO plugin. -->","yoast_head_json":{"title":"Aprobadas las pr\u00f3rrogas del contrato con la banda de Gaiteros de Pamplona y la banda de Txistularis de Pamplona","description":"Los contratos incluyen su participaci\u00f3n en diferentes actos de San Ferm\u00edn y otras festividades, as\u00ed como sesiones de bailables y dianas","robots":{"index":"index","follow":"follow","max-snippet":"max-snippet:-1","max-image-preview":"max-image-preview:large","max-video-preview":"max-video-preview:-1"},"canonical":"https:\/\/www.laguiadepamplona.com\/actualidad\/aprobadas-las-prorrogas-del-contrato-con-la-banda-de-gaiteros-de-pamplona-y-la-banda-de-txistularis-de-pamplona\/","og_locale":"es_ES","og_type":"article","og_title":"Aprobadas las pr\u00f3rrogas del contrato con la banda de Gaiteros de Pamplona y la banda de Txistularis de Pamplona","og_description":"Los contratos incluyen su participaci\u00f3n en diferentes actos de San Ferm\u00edn y otras festividades, as\u00ed como sesiones de bailables y dianas","og_url":"https:\/\/www.laguiadepamplona.com\/actualidad\/aprobadas-las-prorrogas-del-contrato-con-la-banda-de-gaiteros-de-pamplona-y-la-banda-de-txistularis-de-pamplona\/","og_site_name":"La Gu\u00eda de Pamplona","article_publisher":"https:\/\/www.facebook.com\/laguiadepamplonacom-133175176762273\/?ref=hl","article_published_time":"2022-03-30T10:59:54+00:00","article_modified_time":"2023-04-11T09:48:21+00:00","og_image":[{"width":1920,"height":1280,"url":"https:\/\/www.laguiadepamplona.com\/actualidad\/wp-content\/uploads\/2021\/08\/BAILABLES-PLZA-CASTILLO_EE5A8979.jpg","type":"image\/jpeg"}],"author":"La Gu\u00eda de Pamplona","twitter_card":"summary_large_image","twitter_creator":"@LaGuiadPamplona","twitter_site":"@LaGuiadPamplona","twitter_misc":{"Escrito por":"La Gu\u00eda de Pamplona","Tiempo de lectura":"3 minutos"},"schema":{"@context":"https:\/\/schema.org","@graph":[{"@type":"Article","@id":"https:\/\/www.laguiadepamplona.com\/actualidad\/aprobadas-las-prorrogas-del-contrato-con-la-banda-de-gaiteros-de-pamplona-y-la-banda-de-txistularis-de-pamplona\/#article","isPartOf":{"@id":"https:\/\/www.laguiadepamplona.com\/actualidad\/aprobadas-las-prorrogas-del-contrato-con-la-banda-de-gaiteros-de-pamplona-y-la-banda-de-txistularis-de-pamplona\/"},"author":{"name":"La Gu\u00eda de Pamplona","@id":"https:\/\/www.laguiadepamplona.com\/actualidad\/#\/schema\/person\/efe887376f0213d4657c93adc50b1fdb"},"headline":"Aprobadas las pr\u00f3rrogas del contrato con la banda de Gaiteros de Pamplona y la banda de Txistularis de Pamplona","datePublished":"2022-03-30T10:59:54+00:00","dateModified":"2023-04-11T09:48:21+00:00","mainEntityOfPage":{"@id":"https:\/\/www.laguiadepamplona.com\/actualidad\/aprobadas-las-prorrogas-del-contrato-con-la-banda-de-gaiteros-de-pamplona-y-la-banda-de-txistularis-de-pamplona\/"},"wordCount":688,"commentCount":0,"publisher":{"@id":"https:\/\/www.laguiadepamplona.com\/actualidad\/#organization"},"image":{"@id":"https:\/\/www.laguiadepamplona.com\/actualidad\/aprobadas-las-prorrogas-del-contrato-con-la-banda-de-gaiteros-de-pamplona-y-la-banda-de-txistularis-de-pamplona\/#primaryimage"},"thumbnailUrl":"https:\/\/www.laguiadepamplona.com\/actualidad\/wp-content\/uploads\/2021\/08\/BAILABLES-PLZA-CASTILLO_EE5A8979.jpg","articleSection":["Ayto Pamplona"],"inLanguage":"es","potentialAction":[{"@type":"CommentAction","name":"Comment","target":["https:\/\/www.laguiadepamplona.com\/actualidad\/aprobadas-las-prorrogas-del-contrato-con-la-banda-de-gaiteros-de-pamplona-y-la-banda-de-txistularis-de-pamplona\/#respond"]}]},{"@type":"WebPage","@id":"https:\/\/www.laguiadepamplona.com\/actualidad\/aprobadas-las-prorrogas-del-contrato-con-la-banda-de-gaiteros-de-pamplona-y-la-banda-de-txistularis-de-pamplona\/","url":"https:\/\/www.laguiadepamplona.com\/actualidad\/aprobadas-las-prorrogas-del-contrato-con-la-banda-de-gaiteros-de-pamplona-y-la-banda-de-txistularis-de-pamplona\/","name":"Aprobadas las pr\u00f3rrogas del contrato con la banda de Gaiteros de Pamplona y la banda de Txistularis de Pamplona","isPartOf":{"@id":"https:\/\/www.laguiadepamplona.com\/actualidad\/#website"},"primaryImageOfPage":{"@id":"https:\/\/www.laguiadepamplona.com\/actualidad\/aprobadas-las-prorrogas-del-contrato-con-la-banda-de-gaiteros-de-pamplona-y-la-banda-de-txistularis-de-pamplona\/#primaryimage"},"image":{"@id":"https:\/\/www.laguiadepamplona.com\/actualidad\/aprobadas-las-prorrogas-del-contrato-con-la-banda-de-gaiteros-de-pamplona-y-la-banda-de-txistularis-de-pamplona\/#primaryimage"},"thumbnailUrl":"https:\/\/www.laguiadepamplona.com\/actualidad\/wp-content\/uploads\/2021\/08\/BAILABLES-PLZA-CASTILLO_EE5A8979.jpg","datePublished":"2022-03-30T10:59:54+00:00","dateModified":"2023-04-11T09:48:21+00:00","description":"Los contratos incluyen su participaci\u00f3n en diferentes actos de San Ferm\u00edn y otras festividades, as\u00ed como sesiones de bailables y dianas","breadcrumb":{"@id":"https:\/\/www.laguiadepamplona.com\/actualidad\/aprobadas-las-prorrogas-del-contrato-con-la-banda-de-gaiteros-de-pamplona-y-la-banda-de-txistularis-de-pamplona\/#breadcrumb"},"inLanguage":"es","potentialAction":[{"@type":"ReadAction","target":["https:\/\/www.laguiadepamplona.com\/actualidad\/aprobadas-las-prorrogas-del-contrato-con-la-banda-de-gaiteros-de-pamplona-y-la-banda-de-txistularis-de-pamplona\/"]}]},{"@type":"ImageObject","inLanguage":"es","@id":"https:\/\/www.laguiadepamplona.com\/actualidad\/aprobadas-las-prorrogas-del-contrato-con-la-banda-de-gaiteros-de-pamplona-y-la-banda-de-txistularis-de-pamplona\/#primaryimage","url":"https:\/\/www.laguiadepamplona.com\/actualidad\/wp-content\/uploads\/2021\/08\/BAILABLES-PLZA-CASTILLO_EE5A8979.jpg","contentUrl":"https:\/\/www.laguiadepamplona.com\/actualidad\/wp-content\/uploads\/2021\/08\/BAILABLES-PLZA-CASTILLO_EE5A8979.jpg","width":1920,"height":1280,"caption":"bailables"},{"@type":"BreadcrumbList","@id":"https:\/\/www.laguiadepamplona.com\/actualidad\/aprobadas-las-prorrogas-del-contrato-con-la-banda-de-gaiteros-de-pamplona-y-la-banda-de-txistularis-de-pamplona\/#breadcrumb","itemListElement":[{"@type":"ListItem","position":1,"name":"Portada","item":"https:\/\/www.laguiadepamplona.com\/actualidad\/"},{"@type":"ListItem","position":2,"name":"Aprobadas las pr\u00f3rrogas del contrato con la banda de Gaiteros de Pamplona y la banda de Txistularis de Pamplona"}]},{"@type":"WebSite","@id":"https:\/\/www.laguiadepamplona.com\/actualidad\/#website","url":"https:\/\/www.laguiadepamplona.com\/actualidad\/","name":"La gu\u00eda de Pamplona","description":"Noticias de Pamplona","publisher":{"@id":"https:\/\/www.laguiadepamplona.com\/actualidad\/#organization"},"potentialAction":[{"@type":"SearchAction","target":{"@type":"EntryPoint","urlTemplate":"https:\/\/www.laguiadepamplona.com\/actualidad\/?s={search_term_string}"},"query-input":{"@type":"PropertyValueSpecification","valueRequired":true,"valueName":"search_term_string"}}],"inLanguage":"es"},{"@type":"Organization","@id":"https:\/\/www.laguiadepamplona.com\/actualidad\/#organization","name":"La Gu\u00eda de Pamplona \/ Noticias","url":"https:\/\/www.laguiadepamplona.com\/actualidad\/","logo":{"@type":"ImageObject","inLanguage":"es","@id":"https:\/\/www.laguiadepamplona.com\/actualidad\/#\/schema\/logo\/image\/","url":"https:\/\/www.laguiadepamplona.com\/actualidad\/wp-content\/uploads\/2018\/11\/logo-laguiadepamplona18-web1.png","contentUrl":"https:\/\/www.laguiadepamplona.com\/actualidad\/wp-content\/uploads\/2018\/11\/logo-laguiadepamplona18-web1.png","width":600,"height":196,"caption":"La Gu\u00eda de Pamplona \/ Noticias"},"image":{"@id":"https:\/\/www.laguiadepamplona.com\/actualidad\/#\/schema\/logo\/image\/"},"sameAs":["https:\/\/www.facebook.com\/laguiadepamplonacom-133175176762273\/?ref=hl","https:\/\/x.com\/LaGuiadPamplona","https:\/\/www.instagram.com\/la_guia_de_pamplona\/","https:\/\/www.youtube.com\/user\/laguiadepamplona"]},{"@type":"Person","@id":"https:\/\/www.laguiadepamplona.com\/actualidad\/#\/schema\/person\/efe887376f0213d4657c93adc50b1fdb","name":"La Gu\u00eda de Pamplona","image":{"@type":"ImageObject","inLanguage":"es","@id":"https:\/\/secure.gravatar.com\/avatar\/b6992f131dc8d30ab0dff15446e9d346d9dbd95992de0fef795073f5ea83a81c?s=96&d=mm&r=g","url":"https:\/\/secure.gravatar.com\/avatar\/b6992f131dc8d30ab0dff15446e9d346d9dbd95992de0fef795073f5ea83a81c?s=96&d=mm&r=g","contentUrl":"https:\/\/secure.gravatar.com\/avatar\/b6992f131dc8d30ab0dff15446e9d346d9dbd95992de0fef795073f5ea83a81c?s=96&d=mm&r=g","caption":"La Gu\u00eda de Pamplona"}}]}},"post_mailing_queue_ids":[],"_links":{"self":[{"href":"https:\/\/www.laguiadepamplona.com\/actualidad\/wp-json\/wp\/v2\/posts\/39740","targetHints":{"allow":["GET"]}}],"collection":[{"href":"https:\/\/www.laguiadepamplona.com\/actualidad\/wp-json\/wp\/v2\/posts"}],"about":[{"href":"https:\/\/www.laguiadepamplona.com\/actualidad\/wp-json\/wp\/v2\/types\/post"}],"author":[{"embeddable":true,"href":"https:\/\/www.laguiadepamplona.com\/actualidad\/wp-json\/wp\/v2\/users\/1"}],"replies":[{"embeddable":true,"href":"https:\/\/www.laguiadepamplona.com\/actualidad\/wp-json\/wp\/v2\/comments?post=39740"}],"version-history":[{"count":0,"href":"https:\/\/www.laguiadepamplona.com\/actualidad\/wp-json\/wp\/v2\/posts\/39740\/revisions"}],"wp:featuredmedia":[{"embeddable":true,"href":"https:\/\/www.laguiadepamplona.com\/actualidad\/wp-json\/wp\/v2\/media\/36215"}],"wp:attachment":[{"href":"https:\/\/www.laguiadepamplona.com\/actualidad\/wp-json\/wp\/v2\/media?parent=39740"}],"wp:term":[{"taxonomy":"category","embeddable":true,"href":"https:\/\/www.laguiadepamplona.com\/actualidad\/wp-json\/wp\/v2\/categories?post=39740"},{"taxonomy":"post_tag","embeddable":true,"href":"https:\/\/www.laguiadepamplona.com\/actualidad\/wp-json\/wp\/v2\/tags?post=39740"}],"curies":[{"name":"wp","href":"https:\/\/api.w.org\/{rel}","templated":true}]}}