{"id":39736,"date":"2022-03-30T12:55:52","date_gmt":"2022-03-30T10:55:52","guid":{"rendered":"https:\/\/www.laguiadepamplona.com\/actualidad\/?p=39736"},"modified":"2023-04-11T11:48:21","modified_gmt":"2023-04-11T09:48:21","slug":"convocadas-pruebas-selectivas-para-la-confeccion-de-dos-listas-de-cara-al-desempeno-del-puesto-de-trabajo-de-personal-tecnico-de-comercio","status":"publish","type":"post","link":"https:\/\/www.laguiadepamplona.com\/actualidad\/convocadas-pruebas-selectivas-para-la-confeccion-de-dos-listas-de-cara-al-desempeno-del-puesto-de-trabajo-de-personal-tecnico-de-comercio\/","title":{"rendered":"Convocadas pruebas selectivas para la confecci\u00f3n de dos listas de cara al desempe\u00f1o del puesto de trabajo de personal t\u00e9cnico de Comercio"},"content":{"rendered":"<h5>El 3 de abril concluye el plazo de presentaci\u00f3n de solicitudes tanto a la lista para la formaci\u00f3n como a la lista para la contrataci\u00f3n temporal<\/h5>\n<p><!--more--><\/p>\n<p>El Ayuntamiento de Pamplona ha convocado pruebas selectivas para la constituci\u00f3n de dos relaciones de aspirantes al desempe\u00f1o del puesto de trabajo de personal t\u00e9cnico de Comercio. Se generar\u00e1n dos listas, una para la formaci\u00f3n, dirigida a personal fijo del Ayuntamiento, y otra para la contrataci\u00f3n temporal, abierta a la participaci\u00f3n ciudadana. El 3 de abril finaliza el plazo para presentar las solicitudes a esta convocatoria. La tasa por concepto de derecho de examen es de 11 euros.<\/p>\n<p>Los requisitos para quienes concurran a la lista de formaci\u00f3n pasan por tener la condici\u00f3n de personal fijo al servicio del Ayuntamiento de Pamplona y\/o sus organismos aut\u00f3nomos, pertenecer al mismo o inferior nivel al de las plazas convocadas (nivel B) y no haber agotado el periodo m\u00e1ximo de formaci\u00f3n a que se tenga derecho. Adem\u00e1s, se deben haber completado un m\u00ednimo de tres a\u00f1os de servicios efectivamente prestados en su puesto de trabajo, no hallarse en situaci\u00f3n de excedencia voluntaria o forzosa y poseer el t\u00edtulo de Grado Universitario, Diplomatura, Arquitectura t\u00e9cnica, Ingenier\u00eda T\u00e9cnica o t\u00edtulo equivalente.<br \/>\n<script async src=\"\/\/pagead2.googlesyndication.com\/pagead\/js\/adsbygoogle.js\"><\/script><br \/>\n<!-- Noticias La Guia de Pamplona --><br \/>\n<ins class=\"adsbygoogle\"\nstyle=\"display:block\"\ndata-ad-client=\"ca-pub-6943679897239327\"\ndata-ad-slot=\"7048180777\"\ndata-ad-format=\"auto\"><\/ins><br \/>\n<script>\n(adsbygoogle = window.adsbygoogle || []).push({});\n<\/script><\/p>\n<p>La lista para la contrataci\u00f3n temporal est\u00e1 abierta a aspirantes que cumplan los requisitos habituales en las convocatorias de empleo p\u00fablico de nacionalidad, edad o capacidad f\u00edsica y ps\u00edquica. Adem\u00e1s, deber\u00e1n poseer la titulaci\u00f3n de Grado Universitario, Diplomatura, Arquitectura t\u00e9cnica, Ingenier\u00eda T\u00e9cnica o t\u00edtulo equivalente, no hallarse inhabilitadas ni suspendidas para el ejercicio de funciones p\u00fablicas y no haber sido separada del servicio de una Administraci\u00f3n P\u00fablica.<\/p>\n<p>Quienes deseen tomar parte de este proceso selectivo deber\u00e1n presentar su solicitud de forma telem\u00e1tica a trav\u00e9s de internet en la <a href=\"https:\/\/sedeelectronica.pamplona.es\/FichaTramite.aspx?id=EP2000037\" target=\"_blank\" rel=\"noopener\">web municipal<\/a>. La informaci\u00f3n sobre esta convocatoria se pueden encontrar en <a href=\"http:\/\/www.pamplona.es\" target=\"_blank\" rel=\"noopener\">www.pamplona.es<\/a> y en el Bolet\u00edn Oficial de Navarra <a href=\"https:\/\/bon.navarra.es\/es\/anuncio\/-\/texto\/2022\/60\/19\" target=\"_blank\" rel=\"noopener\">n\u00famero 60<\/a> de 24 de marzo. Las dos pruebas a realizar por las personas aspirantes ser\u00e1n las mismas sea cual sea la lista a la que opten.<br \/>\n<script async src=\"\/\/pagead2.googlesyndication.com\/pagead\/js\/adsbygoogle.js\"><\/script><br \/>\n<!-- Noticias La Guia de Pamplona --><br \/>\n<ins class=\"adsbygoogle\"\nstyle=\"display:block\"\ndata-ad-client=\"ca-pub-6943679897239327\"\ndata-ad-slot=\"7048180777\"\ndata-ad-format=\"auto\"><\/ins><br \/>\n<script>\n(adsbygoogle = window.adsbygoogle || []).push({});\n<\/script><\/p>\n<p><strong>Convocatoria con dos pruebas<\/strong><\/p>\n<p>La primera prueba tendr\u00e1 car\u00e1cter te\u00f3rico y consistir\u00e1 en contestar por escrito a un cuestionario de preguntas tipo test, con tres alternativas de respuesta, de las que solo una ser\u00e1 v\u00e1lida, sobre la materia incluida en el temario. Se valorar\u00e1 con una puntuaci\u00f3n m\u00e1xima de 50 puntos y pasar\u00e1n a la segunda prueba quienes hayan obtenido 25 puntos o m\u00e1s.<\/p>\n<p>La segunda prueba ser\u00e1 te\u00f3rico \u2013 pr\u00e1ctica. Constar\u00e1 de la realizaci\u00f3n de una prueba de desarrollo de car\u00e1cter pr\u00e1ctico y\/o formato memoria \u2013 proyecto, relacionadas con la materia incluida en el temario que figura en el anexo de la convocatoria. La puntuaci\u00f3n m\u00e1xima ser\u00e1 de 50 puntos y la superar\u00e1n obtengan al menos 25 puntos.<\/p>\n","protected":false},"excerpt":{"rendered":"<p>El 3 de abril concluye el plazo de presentaci\u00f3n de solicitudes tanto a la lista para la formaci\u00f3n como a la lista para la contrataci\u00f3n temporal<\/p>\n","protected":false},"author":1,"featured_media":36074,"comment_status":"open","ping_status":"closed","sticky":false,"template":"","format":"standard","meta":{"footnotes":""},"categories":[2],"tags":[],"class_list":["post-39736","post","type-post","status-publish","format-standard","has-post-thumbnail","hentry","category-ayuntamiento-pamplona"],"yoast_head":"<!-- This site is optimized with the Yoast SEO plugin v27.5 - https:\/\/yoast.com\/product\/yoast-seo-wordpress\/ -->\n<title>Convocadas pruebas selectivas para la confecci\u00f3n de dos listas de cara al desempe\u00f1o del puesto de trabajo de personal t\u00e9cnico de Comercio<\/title>\n<meta name=\"description\" content=\"El 3 de abril concluye el plazo de presentaci\u00f3n de solicitudes tanto a la lista para la formaci\u00f3n como a la lista para la contrataci\u00f3n temporal\" \/>\n<meta name=\"robots\" content=\"index, follow, max-snippet:-1, max-image-preview:large, max-video-preview:-1\" \/>\n<link rel=\"canonical\" href=\"https:\/\/www.laguiadepamplona.com\/actualidad\/convocadas-pruebas-selectivas-para-la-confeccion-de-dos-listas-de-cara-al-desempeno-del-puesto-de-trabajo-de-personal-tecnico-de-comercio\/\" \/>\n<meta property=\"og:locale\" content=\"es_ES\" \/>\n<meta property=\"og:type\" content=\"article\" \/>\n<meta property=\"og:title\" content=\"Convocadas pruebas selectivas para la confecci\u00f3n de dos listas de cara al desempe\u00f1o del puesto de trabajo de personal t\u00e9cnico de Comercio\" \/>\n<meta property=\"og:description\" content=\"El 3 de abril concluye el plazo de presentaci\u00f3n de solicitudes tanto a la lista para la formaci\u00f3n como a la lista para la contrataci\u00f3n temporal\" \/>\n<meta property=\"og:url\" content=\"https:\/\/www.laguiadepamplona.com\/actualidad\/convocadas-pruebas-selectivas-para-la-confeccion-de-dos-listas-de-cara-al-desempeno-del-puesto-de-trabajo-de-personal-tecnico-de-comercio\/\" \/>\n<meta property=\"og:site_name\" content=\"La Gu\u00eda de Pamplona\" \/>\n<meta property=\"article:publisher\" content=\"https:\/\/www.facebook.com\/laguiadepamplonacom-133175176762273\/?ref=hl\" \/>\n<meta property=\"article:published_time\" content=\"2022-03-30T10:55:52+00:00\" \/>\n<meta property=\"article:modified_time\" content=\"2023-04-11T09:48:21+00:00\" \/>\n<meta property=\"og:image\" content=\"https:\/\/www.laguiadepamplona.com\/actualidad\/wp-content\/uploads\/2021\/08\/ayuntamiento-pamplona2.jpg\" \/>\n\t<meta property=\"og:image:width\" content=\"1920\" \/>\n\t<meta property=\"og:image:height\" content=\"1080\" \/>\n\t<meta property=\"og:image:type\" content=\"image\/jpeg\" \/>\n<meta name=\"author\" content=\"La Gu\u00eda de Pamplona\" \/>\n<meta name=\"twitter:card\" content=\"summary_large_image\" \/>\n<meta name=\"twitter:creator\" content=\"@LaGuiadPamplona\" \/>\n<meta name=\"twitter:site\" content=\"@LaGuiadPamplona\" \/>\n<meta name=\"twitter:label1\" content=\"Escrito por\" \/>\n\t<meta name=\"twitter:data1\" content=\"La Gu\u00eda de Pamplona\" \/>\n\t<meta name=\"twitter:label2\" content=\"Tiempo de lectura\" \/>\n\t<meta name=\"twitter:data2\" content=\"3 minutos\" \/>\n<script type=\"application\/ld+json\" class=\"yoast-schema-graph\">{\"@context\":\"https:\\\/\\\/schema.org\",\"@graph\":[{\"@type\":\"Article\",\"@id\":\"https:\\\/\\\/www.laguiadepamplona.com\\\/actualidad\\\/convocadas-pruebas-selectivas-para-la-confeccion-de-dos-listas-de-cara-al-desempeno-del-puesto-de-trabajo-de-personal-tecnico-de-comercio\\\/#article\",\"isPartOf\":{\"@id\":\"https:\\\/\\\/www.laguiadepamplona.com\\\/actualidad\\\/convocadas-pruebas-selectivas-para-la-confeccion-de-dos-listas-de-cara-al-desempeno-del-puesto-de-trabajo-de-personal-tecnico-de-comercio\\\/\"},\"author\":{\"name\":\"La Gu\u00eda de Pamplona\",\"@id\":\"https:\\\/\\\/www.laguiadepamplona.com\\\/actualidad\\\/#\\\/schema\\\/person\\\/efe887376f0213d4657c93adc50b1fdb\"},\"headline\":\"Convocadas pruebas selectivas para la confecci\u00f3n de dos listas de cara al desempe\u00f1o del puesto de trabajo de personal t\u00e9cnico de Comercio\",\"datePublished\":\"2022-03-30T10:55:52+00:00\",\"dateModified\":\"2023-04-11T09:48:21+00:00\",\"mainEntityOfPage\":{\"@id\":\"https:\\\/\\\/www.laguiadepamplona.com\\\/actualidad\\\/convocadas-pruebas-selectivas-para-la-confeccion-de-dos-listas-de-cara-al-desempeno-del-puesto-de-trabajo-de-personal-tecnico-de-comercio\\\/\"},\"wordCount\":533,\"commentCount\":0,\"publisher\":{\"@id\":\"https:\\\/\\\/www.laguiadepamplona.com\\\/actualidad\\\/#organization\"},\"image\":{\"@id\":\"https:\\\/\\\/www.laguiadepamplona.com\\\/actualidad\\\/convocadas-pruebas-selectivas-para-la-confeccion-de-dos-listas-de-cara-al-desempeno-del-puesto-de-trabajo-de-personal-tecnico-de-comercio\\\/#primaryimage\"},\"thumbnailUrl\":\"https:\\\/\\\/www.laguiadepamplona.com\\\/actualidad\\\/wp-content\\\/uploads\\\/2021\\\/08\\\/ayuntamiento-pamplona2.jpg\",\"articleSection\":[\"Ayto Pamplona\"],\"inLanguage\":\"es\",\"potentialAction\":[{\"@type\":\"CommentAction\",\"name\":\"Comment\",\"target\":[\"https:\\\/\\\/www.laguiadepamplona.com\\\/actualidad\\\/convocadas-pruebas-selectivas-para-la-confeccion-de-dos-listas-de-cara-al-desempeno-del-puesto-de-trabajo-de-personal-tecnico-de-comercio\\\/#respond\"]}]},{\"@type\":\"WebPage\",\"@id\":\"https:\\\/\\\/www.laguiadepamplona.com\\\/actualidad\\\/convocadas-pruebas-selectivas-para-la-confeccion-de-dos-listas-de-cara-al-desempeno-del-puesto-de-trabajo-de-personal-tecnico-de-comercio\\\/\",\"url\":\"https:\\\/\\\/www.laguiadepamplona.com\\\/actualidad\\\/convocadas-pruebas-selectivas-para-la-confeccion-de-dos-listas-de-cara-al-desempeno-del-puesto-de-trabajo-de-personal-tecnico-de-comercio\\\/\",\"name\":\"Convocadas pruebas selectivas para la confecci\u00f3n de dos listas de cara al desempe\u00f1o del puesto de trabajo de personal t\u00e9cnico de Comercio\",\"isPartOf\":{\"@id\":\"https:\\\/\\\/www.laguiadepamplona.com\\\/actualidad\\\/#website\"},\"primaryImageOfPage\":{\"@id\":\"https:\\\/\\\/www.laguiadepamplona.com\\\/actualidad\\\/convocadas-pruebas-selectivas-para-la-confeccion-de-dos-listas-de-cara-al-desempeno-del-puesto-de-trabajo-de-personal-tecnico-de-comercio\\\/#primaryimage\"},\"image\":{\"@id\":\"https:\\\/\\\/www.laguiadepamplona.com\\\/actualidad\\\/convocadas-pruebas-selectivas-para-la-confeccion-de-dos-listas-de-cara-al-desempeno-del-puesto-de-trabajo-de-personal-tecnico-de-comercio\\\/#primaryimage\"},\"thumbnailUrl\":\"https:\\\/\\\/www.laguiadepamplona.com\\\/actualidad\\\/wp-content\\\/uploads\\\/2021\\\/08\\\/ayuntamiento-pamplona2.jpg\",\"datePublished\":\"2022-03-30T10:55:52+00:00\",\"dateModified\":\"2023-04-11T09:48:21+00:00\",\"description\":\"El 3 de abril concluye el plazo de presentaci\u00f3n de solicitudes tanto a la lista para la formaci\u00f3n como a la lista para la contrataci\u00f3n temporal\",\"breadcrumb\":{\"@id\":\"https:\\\/\\\/www.laguiadepamplona.com\\\/actualidad\\\/convocadas-pruebas-selectivas-para-la-confeccion-de-dos-listas-de-cara-al-desempeno-del-puesto-de-trabajo-de-personal-tecnico-de-comercio\\\/#breadcrumb\"},\"inLanguage\":\"es\",\"potentialAction\":[{\"@type\":\"ReadAction\",\"target\":[\"https:\\\/\\\/www.laguiadepamplona.com\\\/actualidad\\\/convocadas-pruebas-selectivas-para-la-confeccion-de-dos-listas-de-cara-al-desempeno-del-puesto-de-trabajo-de-personal-tecnico-de-comercio\\\/\"]}]},{\"@type\":\"ImageObject\",\"inLanguage\":\"es\",\"@id\":\"https:\\\/\\\/www.laguiadepamplona.com\\\/actualidad\\\/convocadas-pruebas-selectivas-para-la-confeccion-de-dos-listas-de-cara-al-desempeno-del-puesto-de-trabajo-de-personal-tecnico-de-comercio\\\/#primaryimage\",\"url\":\"https:\\\/\\\/www.laguiadepamplona.com\\\/actualidad\\\/wp-content\\\/uploads\\\/2021\\\/08\\\/ayuntamiento-pamplona2.jpg\",\"contentUrl\":\"https:\\\/\\\/www.laguiadepamplona.com\\\/actualidad\\\/wp-content\\\/uploads\\\/2021\\\/08\\\/ayuntamiento-pamplona2.jpg\",\"width\":1920,\"height\":1080,\"caption\":\"ayuntamiento pamplona\"},{\"@type\":\"BreadcrumbList\",\"@id\":\"https:\\\/\\\/www.laguiadepamplona.com\\\/actualidad\\\/convocadas-pruebas-selectivas-para-la-confeccion-de-dos-listas-de-cara-al-desempeno-del-puesto-de-trabajo-de-personal-tecnico-de-comercio\\\/#breadcrumb\",\"itemListElement\":[{\"@type\":\"ListItem\",\"position\":1,\"name\":\"Portada\",\"item\":\"https:\\\/\\\/www.laguiadepamplona.com\\\/actualidad\\\/\"},{\"@type\":\"ListItem\",\"position\":2,\"name\":\"Convocadas pruebas selectivas para la confecci\u00f3n de dos listas de cara al desempe\u00f1o del puesto de trabajo de personal t\u00e9cnico de Comercio\"}]},{\"@type\":\"WebSite\",\"@id\":\"https:\\\/\\\/www.laguiadepamplona.com\\\/actualidad\\\/#website\",\"url\":\"https:\\\/\\\/www.laguiadepamplona.com\\\/actualidad\\\/\",\"name\":\"La gu\u00eda de Pamplona\",\"description\":\"Noticias de Pamplona\",\"publisher\":{\"@id\":\"https:\\\/\\\/www.laguiadepamplona.com\\\/actualidad\\\/#organization\"},\"potentialAction\":[{\"@type\":\"SearchAction\",\"target\":{\"@type\":\"EntryPoint\",\"urlTemplate\":\"https:\\\/\\\/www.laguiadepamplona.com\\\/actualidad\\\/?s={search_term_string}\"},\"query-input\":{\"@type\":\"PropertyValueSpecification\",\"valueRequired\":true,\"valueName\":\"search_term_string\"}}],\"inLanguage\":\"es\"},{\"@type\":\"Organization\",\"@id\":\"https:\\\/\\\/www.laguiadepamplona.com\\\/actualidad\\\/#organization\",\"name\":\"La Gu\u00eda de Pamplona \\\/ Noticias\",\"url\":\"https:\\\/\\\/www.laguiadepamplona.com\\\/actualidad\\\/\",\"logo\":{\"@type\":\"ImageObject\",\"inLanguage\":\"es\",\"@id\":\"https:\\\/\\\/www.laguiadepamplona.com\\\/actualidad\\\/#\\\/schema\\\/logo\\\/image\\\/\",\"url\":\"https:\\\/\\\/www.laguiadepamplona.com\\\/actualidad\\\/wp-content\\\/uploads\\\/2018\\\/11\\\/logo-laguiadepamplona18-web1.png\",\"contentUrl\":\"https:\\\/\\\/www.laguiadepamplona.com\\\/actualidad\\\/wp-content\\\/uploads\\\/2018\\\/11\\\/logo-laguiadepamplona18-web1.png\",\"width\":600,\"height\":196,\"caption\":\"La Gu\u00eda de Pamplona \\\/ Noticias\"},\"image\":{\"@id\":\"https:\\\/\\\/www.laguiadepamplona.com\\\/actualidad\\\/#\\\/schema\\\/logo\\\/image\\\/\"},\"sameAs\":[\"https:\\\/\\\/www.facebook.com\\\/laguiadepamplonacom-133175176762273\\\/?ref=hl\",\"https:\\\/\\\/x.com\\\/LaGuiadPamplona\",\"https:\\\/\\\/www.instagram.com\\\/la_guia_de_pamplona\\\/\",\"https:\\\/\\\/www.youtube.com\\\/user\\\/laguiadepamplona\"]},{\"@type\":\"Person\",\"@id\":\"https:\\\/\\\/www.laguiadepamplona.com\\\/actualidad\\\/#\\\/schema\\\/person\\\/efe887376f0213d4657c93adc50b1fdb\",\"name\":\"La Gu\u00eda de Pamplona\",\"image\":{\"@type\":\"ImageObject\",\"inLanguage\":\"es\",\"@id\":\"https:\\\/\\\/secure.gravatar.com\\\/avatar\\\/b6992f131dc8d30ab0dff15446e9d346d9dbd95992de0fef795073f5ea83a81c?s=96&d=mm&r=g\",\"url\":\"https:\\\/\\\/secure.gravatar.com\\\/avatar\\\/b6992f131dc8d30ab0dff15446e9d346d9dbd95992de0fef795073f5ea83a81c?s=96&d=mm&r=g\",\"contentUrl\":\"https:\\\/\\\/secure.gravatar.com\\\/avatar\\\/b6992f131dc8d30ab0dff15446e9d346d9dbd95992de0fef795073f5ea83a81c?s=96&d=mm&r=g\",\"caption\":\"La Gu\u00eda de Pamplona\"}}]}<\/script>\n<!-- \/ Yoast SEO plugin. -->","yoast_head_json":{"title":"Convocadas pruebas selectivas para la confecci\u00f3n de dos listas de cara al desempe\u00f1o del puesto de trabajo de personal t\u00e9cnico de Comercio","description":"El 3 de abril concluye el plazo de presentaci\u00f3n de solicitudes tanto a la lista para la formaci\u00f3n como a la lista para la contrataci\u00f3n temporal","robots":{"index":"index","follow":"follow","max-snippet":"max-snippet:-1","max-image-preview":"max-image-preview:large","max-video-preview":"max-video-preview:-1"},"canonical":"https:\/\/www.laguiadepamplona.com\/actualidad\/convocadas-pruebas-selectivas-para-la-confeccion-de-dos-listas-de-cara-al-desempeno-del-puesto-de-trabajo-de-personal-tecnico-de-comercio\/","og_locale":"es_ES","og_type":"article","og_title":"Convocadas pruebas selectivas para la confecci\u00f3n de dos listas de cara al desempe\u00f1o del puesto de trabajo de personal t\u00e9cnico de Comercio","og_description":"El 3 de abril concluye el plazo de presentaci\u00f3n de solicitudes tanto a la lista para la formaci\u00f3n como a la lista para la contrataci\u00f3n temporal","og_url":"https:\/\/www.laguiadepamplona.com\/actualidad\/convocadas-pruebas-selectivas-para-la-confeccion-de-dos-listas-de-cara-al-desempeno-del-puesto-de-trabajo-de-personal-tecnico-de-comercio\/","og_site_name":"La Gu\u00eda de Pamplona","article_publisher":"https:\/\/www.facebook.com\/laguiadepamplonacom-133175176762273\/?ref=hl","article_published_time":"2022-03-30T10:55:52+00:00","article_modified_time":"2023-04-11T09:48:21+00:00","og_image":[{"width":1920,"height":1080,"url":"https:\/\/www.laguiadepamplona.com\/actualidad\/wp-content\/uploads\/2021\/08\/ayuntamiento-pamplona2.jpg","type":"image\/jpeg"}],"author":"La Gu\u00eda de Pamplona","twitter_card":"summary_large_image","twitter_creator":"@LaGuiadPamplona","twitter_site":"@LaGuiadPamplona","twitter_misc":{"Escrito por":"La Gu\u00eda de Pamplona","Tiempo de lectura":"3 minutos"},"schema":{"@context":"https:\/\/schema.org","@graph":[{"@type":"Article","@id":"https:\/\/www.laguiadepamplona.com\/actualidad\/convocadas-pruebas-selectivas-para-la-confeccion-de-dos-listas-de-cara-al-desempeno-del-puesto-de-trabajo-de-personal-tecnico-de-comercio\/#article","isPartOf":{"@id":"https:\/\/www.laguiadepamplona.com\/actualidad\/convocadas-pruebas-selectivas-para-la-confeccion-de-dos-listas-de-cara-al-desempeno-del-puesto-de-trabajo-de-personal-tecnico-de-comercio\/"},"author":{"name":"La Gu\u00eda de Pamplona","@id":"https:\/\/www.laguiadepamplona.com\/actualidad\/#\/schema\/person\/efe887376f0213d4657c93adc50b1fdb"},"headline":"Convocadas pruebas selectivas para la confecci\u00f3n de dos listas de cara al desempe\u00f1o del puesto de trabajo de personal t\u00e9cnico de Comercio","datePublished":"2022-03-30T10:55:52+00:00","dateModified":"2023-04-11T09:48:21+00:00","mainEntityOfPage":{"@id":"https:\/\/www.laguiadepamplona.com\/actualidad\/convocadas-pruebas-selectivas-para-la-confeccion-de-dos-listas-de-cara-al-desempeno-del-puesto-de-trabajo-de-personal-tecnico-de-comercio\/"},"wordCount":533,"commentCount":0,"publisher":{"@id":"https:\/\/www.laguiadepamplona.com\/actualidad\/#organization"},"image":{"@id":"https:\/\/www.laguiadepamplona.com\/actualidad\/convocadas-pruebas-selectivas-para-la-confeccion-de-dos-listas-de-cara-al-desempeno-del-puesto-de-trabajo-de-personal-tecnico-de-comercio\/#primaryimage"},"thumbnailUrl":"https:\/\/www.laguiadepamplona.com\/actualidad\/wp-content\/uploads\/2021\/08\/ayuntamiento-pamplona2.jpg","articleSection":["Ayto Pamplona"],"inLanguage":"es","potentialAction":[{"@type":"CommentAction","name":"Comment","target":["https:\/\/www.laguiadepamplona.com\/actualidad\/convocadas-pruebas-selectivas-para-la-confeccion-de-dos-listas-de-cara-al-desempeno-del-puesto-de-trabajo-de-personal-tecnico-de-comercio\/#respond"]}]},{"@type":"WebPage","@id":"https:\/\/www.laguiadepamplona.com\/actualidad\/convocadas-pruebas-selectivas-para-la-confeccion-de-dos-listas-de-cara-al-desempeno-del-puesto-de-trabajo-de-personal-tecnico-de-comercio\/","url":"https:\/\/www.laguiadepamplona.com\/actualidad\/convocadas-pruebas-selectivas-para-la-confeccion-de-dos-listas-de-cara-al-desempeno-del-puesto-de-trabajo-de-personal-tecnico-de-comercio\/","name":"Convocadas pruebas selectivas para la confecci\u00f3n de dos listas de cara al desempe\u00f1o del puesto de trabajo de personal t\u00e9cnico de Comercio","isPartOf":{"@id":"https:\/\/www.laguiadepamplona.com\/actualidad\/#website"},"primaryImageOfPage":{"@id":"https:\/\/www.laguiadepamplona.com\/actualidad\/convocadas-pruebas-selectivas-para-la-confeccion-de-dos-listas-de-cara-al-desempeno-del-puesto-de-trabajo-de-personal-tecnico-de-comercio\/#primaryimage"},"image":{"@id":"https:\/\/www.laguiadepamplona.com\/actualidad\/convocadas-pruebas-selectivas-para-la-confeccion-de-dos-listas-de-cara-al-desempeno-del-puesto-de-trabajo-de-personal-tecnico-de-comercio\/#primaryimage"},"thumbnailUrl":"https:\/\/www.laguiadepamplona.com\/actualidad\/wp-content\/uploads\/2021\/08\/ayuntamiento-pamplona2.jpg","datePublished":"2022-03-30T10:55:52+00:00","dateModified":"2023-04-11T09:48:21+00:00","description":"El 3 de abril concluye el plazo de presentaci\u00f3n de solicitudes tanto a la lista para la formaci\u00f3n como a la lista para la contrataci\u00f3n temporal","breadcrumb":{"@id":"https:\/\/www.laguiadepamplona.com\/actualidad\/convocadas-pruebas-selectivas-para-la-confeccion-de-dos-listas-de-cara-al-desempeno-del-puesto-de-trabajo-de-personal-tecnico-de-comercio\/#breadcrumb"},"inLanguage":"es","potentialAction":[{"@type":"ReadAction","target":["https:\/\/www.laguiadepamplona.com\/actualidad\/convocadas-pruebas-selectivas-para-la-confeccion-de-dos-listas-de-cara-al-desempeno-del-puesto-de-trabajo-de-personal-tecnico-de-comercio\/"]}]},{"@type":"ImageObject","inLanguage":"es","@id":"https:\/\/www.laguiadepamplona.com\/actualidad\/convocadas-pruebas-selectivas-para-la-confeccion-de-dos-listas-de-cara-al-desempeno-del-puesto-de-trabajo-de-personal-tecnico-de-comercio\/#primaryimage","url":"https:\/\/www.laguiadepamplona.com\/actualidad\/wp-content\/uploads\/2021\/08\/ayuntamiento-pamplona2.jpg","contentUrl":"https:\/\/www.laguiadepamplona.com\/actualidad\/wp-content\/uploads\/2021\/08\/ayuntamiento-pamplona2.jpg","width":1920,"height":1080,"caption":"ayuntamiento pamplona"},{"@type":"BreadcrumbList","@id":"https:\/\/www.laguiadepamplona.com\/actualidad\/convocadas-pruebas-selectivas-para-la-confeccion-de-dos-listas-de-cara-al-desempeno-del-puesto-de-trabajo-de-personal-tecnico-de-comercio\/#breadcrumb","itemListElement":[{"@type":"ListItem","position":1,"name":"Portada","item":"https:\/\/www.laguiadepamplona.com\/actualidad\/"},{"@type":"ListItem","position":2,"name":"Convocadas pruebas selectivas para la confecci\u00f3n de dos listas de cara al desempe\u00f1o del puesto de trabajo de personal t\u00e9cnico de Comercio"}]},{"@type":"WebSite","@id":"https:\/\/www.laguiadepamplona.com\/actualidad\/#website","url":"https:\/\/www.laguiadepamplona.com\/actualidad\/","name":"La gu\u00eda de Pamplona","description":"Noticias de Pamplona","publisher":{"@id":"https:\/\/www.laguiadepamplona.com\/actualidad\/#organization"},"potentialAction":[{"@type":"SearchAction","target":{"@type":"EntryPoint","urlTemplate":"https:\/\/www.laguiadepamplona.com\/actualidad\/?s={search_term_string}"},"query-input":{"@type":"PropertyValueSpecification","valueRequired":true,"valueName":"search_term_string"}}],"inLanguage":"es"},{"@type":"Organization","@id":"https:\/\/www.laguiadepamplona.com\/actualidad\/#organization","name":"La Gu\u00eda de Pamplona \/ Noticias","url":"https:\/\/www.laguiadepamplona.com\/actualidad\/","logo":{"@type":"ImageObject","inLanguage":"es","@id":"https:\/\/www.laguiadepamplona.com\/actualidad\/#\/schema\/logo\/image\/","url":"https:\/\/www.laguiadepamplona.com\/actualidad\/wp-content\/uploads\/2018\/11\/logo-laguiadepamplona18-web1.png","contentUrl":"https:\/\/www.laguiadepamplona.com\/actualidad\/wp-content\/uploads\/2018\/11\/logo-laguiadepamplona18-web1.png","width":600,"height":196,"caption":"La Gu\u00eda de Pamplona \/ Noticias"},"image":{"@id":"https:\/\/www.laguiadepamplona.com\/actualidad\/#\/schema\/logo\/image\/"},"sameAs":["https:\/\/www.facebook.com\/laguiadepamplonacom-133175176762273\/?ref=hl","https:\/\/x.com\/LaGuiadPamplona","https:\/\/www.instagram.com\/la_guia_de_pamplona\/","https:\/\/www.youtube.com\/user\/laguiadepamplona"]},{"@type":"Person","@id":"https:\/\/www.laguiadepamplona.com\/actualidad\/#\/schema\/person\/efe887376f0213d4657c93adc50b1fdb","name":"La Gu\u00eda de Pamplona","image":{"@type":"ImageObject","inLanguage":"es","@id":"https:\/\/secure.gravatar.com\/avatar\/b6992f131dc8d30ab0dff15446e9d346d9dbd95992de0fef795073f5ea83a81c?s=96&d=mm&r=g","url":"https:\/\/secure.gravatar.com\/avatar\/b6992f131dc8d30ab0dff15446e9d346d9dbd95992de0fef795073f5ea83a81c?s=96&d=mm&r=g","contentUrl":"https:\/\/secure.gravatar.com\/avatar\/b6992f131dc8d30ab0dff15446e9d346d9dbd95992de0fef795073f5ea83a81c?s=96&d=mm&r=g","caption":"La Gu\u00eda de Pamplona"}}]}},"post_mailing_queue_ids":[],"_links":{"self":[{"href":"https:\/\/www.laguiadepamplona.com\/actualidad\/wp-json\/wp\/v2\/posts\/39736","targetHints":{"allow":["GET"]}}],"collection":[{"href":"https:\/\/www.laguiadepamplona.com\/actualidad\/wp-json\/wp\/v2\/posts"}],"about":[{"href":"https:\/\/www.laguiadepamplona.com\/actualidad\/wp-json\/wp\/v2\/types\/post"}],"author":[{"embeddable":true,"href":"https:\/\/www.laguiadepamplona.com\/actualidad\/wp-json\/wp\/v2\/users\/1"}],"replies":[{"embeddable":true,"href":"https:\/\/www.laguiadepamplona.com\/actualidad\/wp-json\/wp\/v2\/comments?post=39736"}],"version-history":[{"count":0,"href":"https:\/\/www.laguiadepamplona.com\/actualidad\/wp-json\/wp\/v2\/posts\/39736\/revisions"}],"wp:featuredmedia":[{"embeddable":true,"href":"https:\/\/www.laguiadepamplona.com\/actualidad\/wp-json\/wp\/v2\/media\/36074"}],"wp:attachment":[{"href":"https:\/\/www.laguiadepamplona.com\/actualidad\/wp-json\/wp\/v2\/media?parent=39736"}],"wp:term":[{"taxonomy":"category","embeddable":true,"href":"https:\/\/www.laguiadepamplona.com\/actualidad\/wp-json\/wp\/v2\/categories?post=39736"},{"taxonomy":"post_tag","embeddable":true,"href":"https:\/\/www.laguiadepamplona.com\/actualidad\/wp-json\/wp\/v2\/tags?post=39736"}],"curies":[{"name":"wp","href":"https:\/\/api.w.org\/{rel}","templated":true}]}}