{"id":39733,"date":"2022-03-30T12:54:28","date_gmt":"2022-03-30T10:54:28","guid":{"rendered":"https:\/\/www.laguiadepamplona.com\/actualidad\/?p=39733"},"modified":"2023-04-11T11:48:21","modified_gmt":"2023-04-11T09:48:21","slug":"el-ayuntamiento-de-pamplona-y-la-asociacion-navarra-de-autismo-renuevan-mas-de-150-pictogramas-colocados-en-edificios-municipales-y-servicios-publicos-de-la-ciudad","status":"publish","type":"post","link":"https:\/\/www.laguiadepamplona.com\/actualidad\/el-ayuntamiento-de-pamplona-y-la-asociacion-navarra-de-autismo-renuevan-mas-de-150-pictogramas-colocados-en-edificios-municipales-y-servicios-publicos-de-la-ciudad\/","title":{"rendered":"El Ayuntamiento de Pamplona y la Asociaci\u00f3n Navarra de Autismo renuevan m\u00e1s de 150 pictogramas colocados en edificios municipales y servicios p\u00fablicos de la ciudad"},"content":{"rendered":"<h5>Un convenio firmado en 2013 favoreci\u00f3 la colocaci\u00f3n de pictogramas en la ciudad para facilitar la inclusi\u00f3n en la sociedad de las personas con autismo<\/h5>\n<p><!--more--><\/p>\n<p>Pamplona est\u00e1 renovando estos d\u00edas su se\u00f1al\u00e9tica de pictogramas en edificios municipales y en otros servicios p\u00fablicos de la ciudad. El Ayuntamiento de Pamplona y la Asociaci\u00f3n Navarra de Autismo (ANA) colaboran para seguir facilitando la inclusi\u00f3n de las personas con autismo en la sociedad. Se van a renovar 152 pictogramas, entre ellos los del propio Ayuntamiento de Pamplona, de los ascensores urbanos, de los aseos y aseos autolimpiables, de polideportivos, centros de salud y aparcamientos, o de la Ciudadela y el recorrido del Encierro.<br \/>\n<script async src=\"\/\/pagead2.googlesyndication.com\/pagead\/js\/adsbygoogle.js\"><\/script><br \/>\n<!-- Noticias La Guia de Pamplona --><br \/>\n<ins class=\"adsbygoogle\"\nstyle=\"display:block\"\ndata-ad-client=\"ca-pub-6943679897239327\"\ndata-ad-slot=\"7048180777\"\ndata-ad-format=\"auto\"><\/ins><br \/>\n<script>\n(adsbygoogle = window.adsbygoogle || []).push({});\n<\/script><\/p>\n<p>Casi diez a\u00f1os despu\u00e9s de que la Asociaci\u00f3n Navarra de Autismo pusiera en marcha en proyecto \u2018Entiende tu ciudad con pictogramas\u2019, ANA ha realizado un estudio para analizar la situaci\u00f3n de los pictogramas colocados en 2013 en edificios y\/o lugares que pertenecen al Ayuntamiento de Pamplona. Se han contabilizado 278 pictogramas, de los que en torno a la mitad han desaparecido o se encuentran en mal estado. ANA asume el cargo de la fabricaci\u00f3n y el Ayuntamiento de Pamplona est\u00e1 procediendo a la colocaci\u00f3n de los elementos en los diferentes edificios o lugares establecidos. Esta renovaci\u00f3n de pictogramas se est\u00e1 realizando en torno al 2 de abril, D\u00eda Mundial de la Concienciaci\u00f3n sobre el Autismo, fecha en la que la fachada de la Casa Consistorial se iluminar\u00e1 de azul.<\/p>\n<p>Los pictogramas son im\u00e1genes que representan esquem\u00e1ticamente un objeto real, signos ic\u00f3nicos cuya intenci\u00f3n principal se enfoca en la identificaci\u00f3n de acciones y lugares asociados a la accesibilidad universal. Sintetizan un mensaje sobrepasando la barrera del lenguaje oral para informar y\/o se\u00f1alizar. Los pictogramas son herramientas cada vez m\u00e1s utilizadas para facilitar la comunicaci\u00f3n con personas con autismo, especialmente entre los ni\u00f1os y las ni\u00f1as que todav\u00eda est\u00e1n desarrollando el lenguaje oral.<\/p>\n<p>Esas ilustraciones o im\u00e1genes crean un entorno m\u00e1s f\u00e1cil de comprender, m\u00e1s accesible, a la hora por ejemplo de identificar edificios oficiales o servicios p\u00fablicos. El dise\u00f1o de los pictogramas colocados en Pamplona lo ha realizado ARASAAC (Portal Aragon\u00e9s de la Comunicaci\u00f3n Aumentativa y Alternativa, que ofrece recursos gr\u00e1ficos y materiales para facilitar la comunicaci\u00f3n de aquellas personas con alg\u00fan tipo de dificultad en esta \u00e1rea.<br \/>\n<script async src=\"\/\/pagead2.googlesyndication.com\/pagead\/js\/adsbygoogle.js\"><\/script><br \/>\n<!-- Noticias La Guia de Pamplona --><br \/>\n<ins class=\"adsbygoogle\"\nstyle=\"display:block\"\ndata-ad-client=\"ca-pub-6943679897239327\"\ndata-ad-slot=\"7048180777\"\ndata-ad-format=\"auto\"><\/ins><br \/>\n<script>\n(adsbygoogle = window.adsbygoogle || []).push({});\n<\/script><\/p>\n<p><strong>Convenio con el Ayuntamiento en 2013<\/strong><\/p>\n<p>En 2013 el Ayuntamiento de Pamplona y ANA firmaron un convenio de colaboraci\u00f3n para desarrollar el proyecto \u2018Entiende tu ciudad con pictogramas\u2019, con el objetivo de se\u00f1alizar con m\u00e1s de 200 pictogramas los principales edificios y servicios, tanto p\u00fablicos como privados, para lograr una mejor y mayor inclusi\u00f3n de las personas con autismo en la ciudad. Este proyecto pionero naci\u00f3 con la intenci\u00f3n de sensibilizar a la sociedad sobre el autismo y para ayudar a las personas que lo tienen.<\/p>\n<p>Otras instituciones p\u00fablicas, como el Gobierno de Navarra o la Delegaci\u00f3n del Gobierno, establecieron posteriormente convenios similares con ANA. A esta iniciativa se unieron tambi\u00e9n establecimientos privados de todo tipo que se sumaron el proyecto de se\u00f1alizar sus actividades con pictogramas. Casi diez a\u00f1os despu\u00e9s de iniciar la campa\u00f1a \u2018Entiende tu ciudad con pictogramas\u2019, se han logrado se\u00f1alizar m\u00e1s de 12.200 lugares p\u00fablicos y privados, adem\u00e1s de todos los medios de transporte p\u00fablicos de Pamplona. Las expectativas se han superado, pues la previsi\u00f3n inicial era colocar unos mil pictogramas en toda la ciudad.<\/p>\n","protected":false},"excerpt":{"rendered":"<p>Un convenio firmado en 2013 favoreci\u00f3 la colocaci\u00f3n de pictogramas en la ciudad para facilitar la inclusi\u00f3n en la sociedad de las personas con autismo<\/p>\n","protected":false},"author":1,"featured_media":39734,"comment_status":"open","ping_status":"closed","sticky":false,"template":"","format":"standard","meta":{"footnotes":""},"categories":[2],"tags":[],"class_list":["post-39733","post","type-post","status-publish","format-standard","has-post-thumbnail","hentry","category-ayuntamiento-pamplona"],"yoast_head":"<!-- This site is optimized with the Yoast SEO plugin v27.3 - https:\/\/yoast.com\/product\/yoast-seo-wordpress\/ -->\n<title>El Ayuntamiento de Pamplona y la Asociaci\u00f3n Navarra de Autismo renuevan m\u00e1s de 150 pictogramas colocados en edificios municipales y servicios p\u00fablicos de la ciudad<\/title>\n<meta name=\"description\" content=\"Un convenio firmado en 2013 favoreci\u00f3 la colocaci\u00f3n de pictogramas en la ciudad para facilitar la inclusi\u00f3n en la sociedad de las personas con autismo\" \/>\n<meta name=\"robots\" content=\"index, follow, max-snippet:-1, max-image-preview:large, max-video-preview:-1\" \/>\n<link rel=\"canonical\" href=\"https:\/\/www.laguiadepamplona.com\/actualidad\/el-ayuntamiento-de-pamplona-y-la-asociacion-navarra-de-autismo-renuevan-mas-de-150-pictogramas-colocados-en-edificios-municipales-y-servicios-publicos-de-la-ciudad\/\" \/>\n<meta property=\"og:locale\" content=\"es_ES\" \/>\n<meta property=\"og:type\" content=\"article\" \/>\n<meta property=\"og:title\" content=\"El Ayuntamiento de Pamplona y la Asociaci\u00f3n Navarra de Autismo renuevan m\u00e1s de 150 pictogramas colocados en edificios municipales y servicios p\u00fablicos de la ciudad\" \/>\n<meta property=\"og:description\" content=\"Un convenio firmado en 2013 favoreci\u00f3 la colocaci\u00f3n de pictogramas en la ciudad para facilitar la inclusi\u00f3n en la sociedad de las personas con autismo\" \/>\n<meta property=\"og:url\" content=\"https:\/\/www.laguiadepamplona.com\/actualidad\/el-ayuntamiento-de-pamplona-y-la-asociacion-navarra-de-autismo-renuevan-mas-de-150-pictogramas-colocados-en-edificios-municipales-y-servicios-publicos-de-la-ciudad\/\" \/>\n<meta property=\"og:site_name\" content=\"La Gu\u00eda de Pamplona\" \/>\n<meta property=\"article:publisher\" content=\"https:\/\/www.facebook.com\/laguiadepamplonacom-133175176762273\/?ref=hl\" \/>\n<meta property=\"article:published_time\" content=\"2022-03-30T10:54:28+00:00\" \/>\n<meta property=\"article:modified_time\" content=\"2023-04-11T09:48:21+00:00\" \/>\n<meta property=\"og:image\" content=\"https:\/\/www.laguiadepamplona.com\/actualidad\/wp-content\/uploads\/2022\/03\/pictogramas-edificios-municipales.jpg\" \/>\n\t<meta property=\"og:image:width\" content=\"1920\" \/>\n\t<meta property=\"og:image:height\" content=\"1281\" \/>\n\t<meta property=\"og:image:type\" content=\"image\/jpeg\" \/>\n<meta name=\"author\" content=\"La Gu\u00eda de Pamplona\" \/>\n<meta name=\"twitter:card\" content=\"summary_large_image\" \/>\n<meta name=\"twitter:creator\" content=\"@LaGuiadPamplona\" \/>\n<meta name=\"twitter:site\" content=\"@LaGuiadPamplona\" \/>\n<meta name=\"twitter:label1\" content=\"Escrito por\" \/>\n\t<meta name=\"twitter:data1\" content=\"La Gu\u00eda de Pamplona\" \/>\n\t<meta name=\"twitter:label2\" content=\"Tiempo de lectura\" \/>\n\t<meta name=\"twitter:data2\" content=\"3 minutos\" \/>\n<script type=\"application\/ld+json\" class=\"yoast-schema-graph\">{\"@context\":\"https:\\\/\\\/schema.org\",\"@graph\":[{\"@type\":\"Article\",\"@id\":\"https:\\\/\\\/www.laguiadepamplona.com\\\/actualidad\\\/el-ayuntamiento-de-pamplona-y-la-asociacion-navarra-de-autismo-renuevan-mas-de-150-pictogramas-colocados-en-edificios-municipales-y-servicios-publicos-de-la-ciudad\\\/#article\",\"isPartOf\":{\"@id\":\"https:\\\/\\\/www.laguiadepamplona.com\\\/actualidad\\\/el-ayuntamiento-de-pamplona-y-la-asociacion-navarra-de-autismo-renuevan-mas-de-150-pictogramas-colocados-en-edificios-municipales-y-servicios-publicos-de-la-ciudad\\\/\"},\"author\":{\"name\":\"La Gu\u00eda de Pamplona\",\"@id\":\"https:\\\/\\\/www.laguiadepamplona.com\\\/actualidad\\\/#\\\/schema\\\/person\\\/efe887376f0213d4657c93adc50b1fdb\"},\"headline\":\"El Ayuntamiento de Pamplona y la Asociaci\u00f3n Navarra de Autismo renuevan m\u00e1s de 150 pictogramas colocados en edificios municipales y servicios p\u00fablicos de la ciudad\",\"datePublished\":\"2022-03-30T10:54:28+00:00\",\"dateModified\":\"2023-04-11T09:48:21+00:00\",\"mainEntityOfPage\":{\"@id\":\"https:\\\/\\\/www.laguiadepamplona.com\\\/actualidad\\\/el-ayuntamiento-de-pamplona-y-la-asociacion-navarra-de-autismo-renuevan-mas-de-150-pictogramas-colocados-en-edificios-municipales-y-servicios-publicos-de-la-ciudad\\\/\"},\"wordCount\":635,\"commentCount\":0,\"publisher\":{\"@id\":\"https:\\\/\\\/www.laguiadepamplona.com\\\/actualidad\\\/#organization\"},\"image\":{\"@id\":\"https:\\\/\\\/www.laguiadepamplona.com\\\/actualidad\\\/el-ayuntamiento-de-pamplona-y-la-asociacion-navarra-de-autismo-renuevan-mas-de-150-pictogramas-colocados-en-edificios-municipales-y-servicios-publicos-de-la-ciudad\\\/#primaryimage\"},\"thumbnailUrl\":\"https:\\\/\\\/www.laguiadepamplona.com\\\/actualidad\\\/wp-content\\\/uploads\\\/2022\\\/03\\\/pictogramas-edificios-municipales.jpg\",\"articleSection\":[\"Ayto Pamplona\"],\"inLanguage\":\"es\",\"potentialAction\":[{\"@type\":\"CommentAction\",\"name\":\"Comment\",\"target\":[\"https:\\\/\\\/www.laguiadepamplona.com\\\/actualidad\\\/el-ayuntamiento-de-pamplona-y-la-asociacion-navarra-de-autismo-renuevan-mas-de-150-pictogramas-colocados-en-edificios-municipales-y-servicios-publicos-de-la-ciudad\\\/#respond\"]}]},{\"@type\":\"WebPage\",\"@id\":\"https:\\\/\\\/www.laguiadepamplona.com\\\/actualidad\\\/el-ayuntamiento-de-pamplona-y-la-asociacion-navarra-de-autismo-renuevan-mas-de-150-pictogramas-colocados-en-edificios-municipales-y-servicios-publicos-de-la-ciudad\\\/\",\"url\":\"https:\\\/\\\/www.laguiadepamplona.com\\\/actualidad\\\/el-ayuntamiento-de-pamplona-y-la-asociacion-navarra-de-autismo-renuevan-mas-de-150-pictogramas-colocados-en-edificios-municipales-y-servicios-publicos-de-la-ciudad\\\/\",\"name\":\"El Ayuntamiento de Pamplona y la Asociaci\u00f3n Navarra de Autismo renuevan m\u00e1s de 150 pictogramas colocados en edificios municipales y servicios p\u00fablicos de la ciudad\",\"isPartOf\":{\"@id\":\"https:\\\/\\\/www.laguiadepamplona.com\\\/actualidad\\\/#website\"},\"primaryImageOfPage\":{\"@id\":\"https:\\\/\\\/www.laguiadepamplona.com\\\/actualidad\\\/el-ayuntamiento-de-pamplona-y-la-asociacion-navarra-de-autismo-renuevan-mas-de-150-pictogramas-colocados-en-edificios-municipales-y-servicios-publicos-de-la-ciudad\\\/#primaryimage\"},\"image\":{\"@id\":\"https:\\\/\\\/www.laguiadepamplona.com\\\/actualidad\\\/el-ayuntamiento-de-pamplona-y-la-asociacion-navarra-de-autismo-renuevan-mas-de-150-pictogramas-colocados-en-edificios-municipales-y-servicios-publicos-de-la-ciudad\\\/#primaryimage\"},\"thumbnailUrl\":\"https:\\\/\\\/www.laguiadepamplona.com\\\/actualidad\\\/wp-content\\\/uploads\\\/2022\\\/03\\\/pictogramas-edificios-municipales.jpg\",\"datePublished\":\"2022-03-30T10:54:28+00:00\",\"dateModified\":\"2023-04-11T09:48:21+00:00\",\"description\":\"Un convenio firmado en 2013 favoreci\u00f3 la colocaci\u00f3n de pictogramas en la ciudad para facilitar la inclusi\u00f3n en la sociedad de las personas con autismo\",\"breadcrumb\":{\"@id\":\"https:\\\/\\\/www.laguiadepamplona.com\\\/actualidad\\\/el-ayuntamiento-de-pamplona-y-la-asociacion-navarra-de-autismo-renuevan-mas-de-150-pictogramas-colocados-en-edificios-municipales-y-servicios-publicos-de-la-ciudad\\\/#breadcrumb\"},\"inLanguage\":\"es\",\"potentialAction\":[{\"@type\":\"ReadAction\",\"target\":[\"https:\\\/\\\/www.laguiadepamplona.com\\\/actualidad\\\/el-ayuntamiento-de-pamplona-y-la-asociacion-navarra-de-autismo-renuevan-mas-de-150-pictogramas-colocados-en-edificios-municipales-y-servicios-publicos-de-la-ciudad\\\/\"]}]},{\"@type\":\"ImageObject\",\"inLanguage\":\"es\",\"@id\":\"https:\\\/\\\/www.laguiadepamplona.com\\\/actualidad\\\/el-ayuntamiento-de-pamplona-y-la-asociacion-navarra-de-autismo-renuevan-mas-de-150-pictogramas-colocados-en-edificios-municipales-y-servicios-publicos-de-la-ciudad\\\/#primaryimage\",\"url\":\"https:\\\/\\\/www.laguiadepamplona.com\\\/actualidad\\\/wp-content\\\/uploads\\\/2022\\\/03\\\/pictogramas-edificios-municipales.jpg\",\"contentUrl\":\"https:\\\/\\\/www.laguiadepamplona.com\\\/actualidad\\\/wp-content\\\/uploads\\\/2022\\\/03\\\/pictogramas-edificios-municipales.jpg\",\"width\":1920,\"height\":1281},{\"@type\":\"BreadcrumbList\",\"@id\":\"https:\\\/\\\/www.laguiadepamplona.com\\\/actualidad\\\/el-ayuntamiento-de-pamplona-y-la-asociacion-navarra-de-autismo-renuevan-mas-de-150-pictogramas-colocados-en-edificios-municipales-y-servicios-publicos-de-la-ciudad\\\/#breadcrumb\",\"itemListElement\":[{\"@type\":\"ListItem\",\"position\":1,\"name\":\"Portada\",\"item\":\"https:\\\/\\\/www.laguiadepamplona.com\\\/actualidad\\\/\"},{\"@type\":\"ListItem\",\"position\":2,\"name\":\"El Ayuntamiento de Pamplona y la Asociaci\u00f3n Navarra de Autismo renuevan m\u00e1s de 150 pictogramas colocados en edificios municipales y servicios p\u00fablicos de la ciudad\"}]},{\"@type\":\"WebSite\",\"@id\":\"https:\\\/\\\/www.laguiadepamplona.com\\\/actualidad\\\/#website\",\"url\":\"https:\\\/\\\/www.laguiadepamplona.com\\\/actualidad\\\/\",\"name\":\"La gu\u00eda de Pamplona\",\"description\":\"Noticias de Pamplona\",\"publisher\":{\"@id\":\"https:\\\/\\\/www.laguiadepamplona.com\\\/actualidad\\\/#organization\"},\"potentialAction\":[{\"@type\":\"SearchAction\",\"target\":{\"@type\":\"EntryPoint\",\"urlTemplate\":\"https:\\\/\\\/www.laguiadepamplona.com\\\/actualidad\\\/?s={search_term_string}\"},\"query-input\":{\"@type\":\"PropertyValueSpecification\",\"valueRequired\":true,\"valueName\":\"search_term_string\"}}],\"inLanguage\":\"es\"},{\"@type\":\"Organization\",\"@id\":\"https:\\\/\\\/www.laguiadepamplona.com\\\/actualidad\\\/#organization\",\"name\":\"La Gu\u00eda de Pamplona \\\/ Noticias\",\"url\":\"https:\\\/\\\/www.laguiadepamplona.com\\\/actualidad\\\/\",\"logo\":{\"@type\":\"ImageObject\",\"inLanguage\":\"es\",\"@id\":\"https:\\\/\\\/www.laguiadepamplona.com\\\/actualidad\\\/#\\\/schema\\\/logo\\\/image\\\/\",\"url\":\"https:\\\/\\\/www.laguiadepamplona.com\\\/actualidad\\\/wp-content\\\/uploads\\\/2018\\\/11\\\/logo-laguiadepamplona18-web1.png\",\"contentUrl\":\"https:\\\/\\\/www.laguiadepamplona.com\\\/actualidad\\\/wp-content\\\/uploads\\\/2018\\\/11\\\/logo-laguiadepamplona18-web1.png\",\"width\":600,\"height\":196,\"caption\":\"La Gu\u00eda de Pamplona \\\/ Noticias\"},\"image\":{\"@id\":\"https:\\\/\\\/www.laguiadepamplona.com\\\/actualidad\\\/#\\\/schema\\\/logo\\\/image\\\/\"},\"sameAs\":[\"https:\\\/\\\/www.facebook.com\\\/laguiadepamplonacom-133175176762273\\\/?ref=hl\",\"https:\\\/\\\/x.com\\\/LaGuiadPamplona\",\"https:\\\/\\\/www.instagram.com\\\/la_guia_de_pamplona\\\/\",\"https:\\\/\\\/www.youtube.com\\\/user\\\/laguiadepamplona\"]},{\"@type\":\"Person\",\"@id\":\"https:\\\/\\\/www.laguiadepamplona.com\\\/actualidad\\\/#\\\/schema\\\/person\\\/efe887376f0213d4657c93adc50b1fdb\",\"name\":\"La Gu\u00eda de Pamplona\",\"image\":{\"@type\":\"ImageObject\",\"inLanguage\":\"es\",\"@id\":\"https:\\\/\\\/secure.gravatar.com\\\/avatar\\\/b6992f131dc8d30ab0dff15446e9d346d9dbd95992de0fef795073f5ea83a81c?s=96&d=mm&r=g\",\"url\":\"https:\\\/\\\/secure.gravatar.com\\\/avatar\\\/b6992f131dc8d30ab0dff15446e9d346d9dbd95992de0fef795073f5ea83a81c?s=96&d=mm&r=g\",\"contentUrl\":\"https:\\\/\\\/secure.gravatar.com\\\/avatar\\\/b6992f131dc8d30ab0dff15446e9d346d9dbd95992de0fef795073f5ea83a81c?s=96&d=mm&r=g\",\"caption\":\"La Gu\u00eda de Pamplona\"}}]}<\/script>\n<!-- \/ Yoast SEO plugin. -->","yoast_head_json":{"title":"El Ayuntamiento de Pamplona y la Asociaci\u00f3n Navarra de Autismo renuevan m\u00e1s de 150 pictogramas colocados en edificios municipales y servicios p\u00fablicos de la ciudad","description":"Un convenio firmado en 2013 favoreci\u00f3 la colocaci\u00f3n de pictogramas en la ciudad para facilitar la inclusi\u00f3n en la sociedad de las personas con autismo","robots":{"index":"index","follow":"follow","max-snippet":"max-snippet:-1","max-image-preview":"max-image-preview:large","max-video-preview":"max-video-preview:-1"},"canonical":"https:\/\/www.laguiadepamplona.com\/actualidad\/el-ayuntamiento-de-pamplona-y-la-asociacion-navarra-de-autismo-renuevan-mas-de-150-pictogramas-colocados-en-edificios-municipales-y-servicios-publicos-de-la-ciudad\/","og_locale":"es_ES","og_type":"article","og_title":"El Ayuntamiento de Pamplona y la Asociaci\u00f3n Navarra de Autismo renuevan m\u00e1s de 150 pictogramas colocados en edificios municipales y servicios p\u00fablicos de la ciudad","og_description":"Un convenio firmado en 2013 favoreci\u00f3 la colocaci\u00f3n de pictogramas en la ciudad para facilitar la inclusi\u00f3n en la sociedad de las personas con autismo","og_url":"https:\/\/www.laguiadepamplona.com\/actualidad\/el-ayuntamiento-de-pamplona-y-la-asociacion-navarra-de-autismo-renuevan-mas-de-150-pictogramas-colocados-en-edificios-municipales-y-servicios-publicos-de-la-ciudad\/","og_site_name":"La Gu\u00eda de Pamplona","article_publisher":"https:\/\/www.facebook.com\/laguiadepamplonacom-133175176762273\/?ref=hl","article_published_time":"2022-03-30T10:54:28+00:00","article_modified_time":"2023-04-11T09:48:21+00:00","og_image":[{"width":1920,"height":1281,"url":"https:\/\/www.laguiadepamplona.com\/actualidad\/wp-content\/uploads\/2022\/03\/pictogramas-edificios-municipales.jpg","type":"image\/jpeg"}],"author":"La Gu\u00eda de Pamplona","twitter_card":"summary_large_image","twitter_creator":"@LaGuiadPamplona","twitter_site":"@LaGuiadPamplona","twitter_misc":{"Escrito por":"La Gu\u00eda de Pamplona","Tiempo de lectura":"3 minutos"},"schema":{"@context":"https:\/\/schema.org","@graph":[{"@type":"Article","@id":"https:\/\/www.laguiadepamplona.com\/actualidad\/el-ayuntamiento-de-pamplona-y-la-asociacion-navarra-de-autismo-renuevan-mas-de-150-pictogramas-colocados-en-edificios-municipales-y-servicios-publicos-de-la-ciudad\/#article","isPartOf":{"@id":"https:\/\/www.laguiadepamplona.com\/actualidad\/el-ayuntamiento-de-pamplona-y-la-asociacion-navarra-de-autismo-renuevan-mas-de-150-pictogramas-colocados-en-edificios-municipales-y-servicios-publicos-de-la-ciudad\/"},"author":{"name":"La Gu\u00eda de Pamplona","@id":"https:\/\/www.laguiadepamplona.com\/actualidad\/#\/schema\/person\/efe887376f0213d4657c93adc50b1fdb"},"headline":"El Ayuntamiento de Pamplona y la Asociaci\u00f3n Navarra de Autismo renuevan m\u00e1s de 150 pictogramas colocados en edificios municipales y servicios p\u00fablicos de la ciudad","datePublished":"2022-03-30T10:54:28+00:00","dateModified":"2023-04-11T09:48:21+00:00","mainEntityOfPage":{"@id":"https:\/\/www.laguiadepamplona.com\/actualidad\/el-ayuntamiento-de-pamplona-y-la-asociacion-navarra-de-autismo-renuevan-mas-de-150-pictogramas-colocados-en-edificios-municipales-y-servicios-publicos-de-la-ciudad\/"},"wordCount":635,"commentCount":0,"publisher":{"@id":"https:\/\/www.laguiadepamplona.com\/actualidad\/#organization"},"image":{"@id":"https:\/\/www.laguiadepamplona.com\/actualidad\/el-ayuntamiento-de-pamplona-y-la-asociacion-navarra-de-autismo-renuevan-mas-de-150-pictogramas-colocados-en-edificios-municipales-y-servicios-publicos-de-la-ciudad\/#primaryimage"},"thumbnailUrl":"https:\/\/www.laguiadepamplona.com\/actualidad\/wp-content\/uploads\/2022\/03\/pictogramas-edificios-municipales.jpg","articleSection":["Ayto Pamplona"],"inLanguage":"es","potentialAction":[{"@type":"CommentAction","name":"Comment","target":["https:\/\/www.laguiadepamplona.com\/actualidad\/el-ayuntamiento-de-pamplona-y-la-asociacion-navarra-de-autismo-renuevan-mas-de-150-pictogramas-colocados-en-edificios-municipales-y-servicios-publicos-de-la-ciudad\/#respond"]}]},{"@type":"WebPage","@id":"https:\/\/www.laguiadepamplona.com\/actualidad\/el-ayuntamiento-de-pamplona-y-la-asociacion-navarra-de-autismo-renuevan-mas-de-150-pictogramas-colocados-en-edificios-municipales-y-servicios-publicos-de-la-ciudad\/","url":"https:\/\/www.laguiadepamplona.com\/actualidad\/el-ayuntamiento-de-pamplona-y-la-asociacion-navarra-de-autismo-renuevan-mas-de-150-pictogramas-colocados-en-edificios-municipales-y-servicios-publicos-de-la-ciudad\/","name":"El Ayuntamiento de Pamplona y la Asociaci\u00f3n Navarra de Autismo renuevan m\u00e1s de 150 pictogramas colocados en edificios municipales y servicios p\u00fablicos de la ciudad","isPartOf":{"@id":"https:\/\/www.laguiadepamplona.com\/actualidad\/#website"},"primaryImageOfPage":{"@id":"https:\/\/www.laguiadepamplona.com\/actualidad\/el-ayuntamiento-de-pamplona-y-la-asociacion-navarra-de-autismo-renuevan-mas-de-150-pictogramas-colocados-en-edificios-municipales-y-servicios-publicos-de-la-ciudad\/#primaryimage"},"image":{"@id":"https:\/\/www.laguiadepamplona.com\/actualidad\/el-ayuntamiento-de-pamplona-y-la-asociacion-navarra-de-autismo-renuevan-mas-de-150-pictogramas-colocados-en-edificios-municipales-y-servicios-publicos-de-la-ciudad\/#primaryimage"},"thumbnailUrl":"https:\/\/www.laguiadepamplona.com\/actualidad\/wp-content\/uploads\/2022\/03\/pictogramas-edificios-municipales.jpg","datePublished":"2022-03-30T10:54:28+00:00","dateModified":"2023-04-11T09:48:21+00:00","description":"Un convenio firmado en 2013 favoreci\u00f3 la colocaci\u00f3n de pictogramas en la ciudad para facilitar la inclusi\u00f3n en la sociedad de las personas con autismo","breadcrumb":{"@id":"https:\/\/www.laguiadepamplona.com\/actualidad\/el-ayuntamiento-de-pamplona-y-la-asociacion-navarra-de-autismo-renuevan-mas-de-150-pictogramas-colocados-en-edificios-municipales-y-servicios-publicos-de-la-ciudad\/#breadcrumb"},"inLanguage":"es","potentialAction":[{"@type":"ReadAction","target":["https:\/\/www.laguiadepamplona.com\/actualidad\/el-ayuntamiento-de-pamplona-y-la-asociacion-navarra-de-autismo-renuevan-mas-de-150-pictogramas-colocados-en-edificios-municipales-y-servicios-publicos-de-la-ciudad\/"]}]},{"@type":"ImageObject","inLanguage":"es","@id":"https:\/\/www.laguiadepamplona.com\/actualidad\/el-ayuntamiento-de-pamplona-y-la-asociacion-navarra-de-autismo-renuevan-mas-de-150-pictogramas-colocados-en-edificios-municipales-y-servicios-publicos-de-la-ciudad\/#primaryimage","url":"https:\/\/www.laguiadepamplona.com\/actualidad\/wp-content\/uploads\/2022\/03\/pictogramas-edificios-municipales.jpg","contentUrl":"https:\/\/www.laguiadepamplona.com\/actualidad\/wp-content\/uploads\/2022\/03\/pictogramas-edificios-municipales.jpg","width":1920,"height":1281},{"@type":"BreadcrumbList","@id":"https:\/\/www.laguiadepamplona.com\/actualidad\/el-ayuntamiento-de-pamplona-y-la-asociacion-navarra-de-autismo-renuevan-mas-de-150-pictogramas-colocados-en-edificios-municipales-y-servicios-publicos-de-la-ciudad\/#breadcrumb","itemListElement":[{"@type":"ListItem","position":1,"name":"Portada","item":"https:\/\/www.laguiadepamplona.com\/actualidad\/"},{"@type":"ListItem","position":2,"name":"El Ayuntamiento de Pamplona y la Asociaci\u00f3n Navarra de Autismo renuevan m\u00e1s de 150 pictogramas colocados en edificios municipales y servicios p\u00fablicos de la ciudad"}]},{"@type":"WebSite","@id":"https:\/\/www.laguiadepamplona.com\/actualidad\/#website","url":"https:\/\/www.laguiadepamplona.com\/actualidad\/","name":"La gu\u00eda de Pamplona","description":"Noticias de Pamplona","publisher":{"@id":"https:\/\/www.laguiadepamplona.com\/actualidad\/#organization"},"potentialAction":[{"@type":"SearchAction","target":{"@type":"EntryPoint","urlTemplate":"https:\/\/www.laguiadepamplona.com\/actualidad\/?s={search_term_string}"},"query-input":{"@type":"PropertyValueSpecification","valueRequired":true,"valueName":"search_term_string"}}],"inLanguage":"es"},{"@type":"Organization","@id":"https:\/\/www.laguiadepamplona.com\/actualidad\/#organization","name":"La Gu\u00eda de Pamplona \/ Noticias","url":"https:\/\/www.laguiadepamplona.com\/actualidad\/","logo":{"@type":"ImageObject","inLanguage":"es","@id":"https:\/\/www.laguiadepamplona.com\/actualidad\/#\/schema\/logo\/image\/","url":"https:\/\/www.laguiadepamplona.com\/actualidad\/wp-content\/uploads\/2018\/11\/logo-laguiadepamplona18-web1.png","contentUrl":"https:\/\/www.laguiadepamplona.com\/actualidad\/wp-content\/uploads\/2018\/11\/logo-laguiadepamplona18-web1.png","width":600,"height":196,"caption":"La Gu\u00eda de Pamplona \/ Noticias"},"image":{"@id":"https:\/\/www.laguiadepamplona.com\/actualidad\/#\/schema\/logo\/image\/"},"sameAs":["https:\/\/www.facebook.com\/laguiadepamplonacom-133175176762273\/?ref=hl","https:\/\/x.com\/LaGuiadPamplona","https:\/\/www.instagram.com\/la_guia_de_pamplona\/","https:\/\/www.youtube.com\/user\/laguiadepamplona"]},{"@type":"Person","@id":"https:\/\/www.laguiadepamplona.com\/actualidad\/#\/schema\/person\/efe887376f0213d4657c93adc50b1fdb","name":"La Gu\u00eda de Pamplona","image":{"@type":"ImageObject","inLanguage":"es","@id":"https:\/\/secure.gravatar.com\/avatar\/b6992f131dc8d30ab0dff15446e9d346d9dbd95992de0fef795073f5ea83a81c?s=96&d=mm&r=g","url":"https:\/\/secure.gravatar.com\/avatar\/b6992f131dc8d30ab0dff15446e9d346d9dbd95992de0fef795073f5ea83a81c?s=96&d=mm&r=g","contentUrl":"https:\/\/secure.gravatar.com\/avatar\/b6992f131dc8d30ab0dff15446e9d346d9dbd95992de0fef795073f5ea83a81c?s=96&d=mm&r=g","caption":"La Gu\u00eda de Pamplona"}}]}},"post_mailing_queue_ids":[],"_links":{"self":[{"href":"https:\/\/www.laguiadepamplona.com\/actualidad\/wp-json\/wp\/v2\/posts\/39733","targetHints":{"allow":["GET"]}}],"collection":[{"href":"https:\/\/www.laguiadepamplona.com\/actualidad\/wp-json\/wp\/v2\/posts"}],"about":[{"href":"https:\/\/www.laguiadepamplona.com\/actualidad\/wp-json\/wp\/v2\/types\/post"}],"author":[{"embeddable":true,"href":"https:\/\/www.laguiadepamplona.com\/actualidad\/wp-json\/wp\/v2\/users\/1"}],"replies":[{"embeddable":true,"href":"https:\/\/www.laguiadepamplona.com\/actualidad\/wp-json\/wp\/v2\/comments?post=39733"}],"version-history":[{"count":0,"href":"https:\/\/www.laguiadepamplona.com\/actualidad\/wp-json\/wp\/v2\/posts\/39733\/revisions"}],"wp:featuredmedia":[{"embeddable":true,"href":"https:\/\/www.laguiadepamplona.com\/actualidad\/wp-json\/wp\/v2\/media\/39734"}],"wp:attachment":[{"href":"https:\/\/www.laguiadepamplona.com\/actualidad\/wp-json\/wp\/v2\/media?parent=39733"}],"wp:term":[{"taxonomy":"category","embeddable":true,"href":"https:\/\/www.laguiadepamplona.com\/actualidad\/wp-json\/wp\/v2\/categories?post=39733"},{"taxonomy":"post_tag","embeddable":true,"href":"https:\/\/www.laguiadepamplona.com\/actualidad\/wp-json\/wp\/v2\/tags?post=39733"}],"curies":[{"name":"wp","href":"https:\/\/api.w.org\/{rel}","templated":true}]}}