{"id":39707,"date":"2022-03-29T16:20:24","date_gmt":"2022-03-29T14:20:24","guid":{"rendered":"https:\/\/www.laguiadepamplona.com\/actualidad\/?p=39707"},"modified":"2023-04-11T11:48:21","modified_gmt":"2023-04-11T09:48:21","slug":"manana-tendra-lugar-el-acto-de-vestido-de-la-dolorosa-y-la-preparacion-del-paso-que-presentaran-una-imagen-renovada-esta-semana-santa","status":"publish","type":"post","link":"https:\/\/www.laguiadepamplona.com\/actualidad\/manana-tendra-lugar-el-acto-de-vestido-de-la-dolorosa-y-la-preparacion-del-paso-que-presentaran-una-imagen-renovada-esta-semana-santa\/","title":{"rendered":"Ma\u00f1ana tendr\u00e1 lugar el acto de vestido de La Dolorosa y la preparaci\u00f3n del paso, que presentar\u00e1n una imagen renovada esta Semana Santa"},"content":{"rendered":"<h5>La talla ir\u00e1 tocada con un nuevo velo, y el paso procesional recupera las torres-candelabro y nueva iluminaci\u00f3n<\/h5>\n<p><!--more--><\/p>\n<p>Ma\u00f1ana mi\u00e9rcoles 30 por la tarde, en la iglesia de San Lorenzo, tendr\u00e1 lugar el tradicional vestido de La Dolorosa a cargo de \u2018Hermanas de la Soledad\u2019, acto que contar\u00e1 con participaci\u00f3n de personal municipal, que supervisar\u00e1 este proceso y efectuar\u00e1 su instalaci\u00f3n en las andas procesionales. Este acto es la preparaci\u00f3n de la talla para que participe en la Semana Santa pamplonesa. \u2018Nuestra Se\u00f1ora de la Soledad\u2019, es el \u00fanico paso de propiedad municipal y el m\u00e1s antiguo de la ciudad.<\/p>\n<p>Este a\u00f1o el paso presentar\u00e1 novedades: por un lado, se podr\u00e1n ver de nuevo con los grandes candelabros de las esquinas, retirados en 2016 porque presentaban problemas estructurales, y se estrenar\u00e1 la nueva iluminaci\u00f3n led; por otro se ha confeccionado un velo nuevo en seda natural para la imagen replicando, a partir de las fotograf\u00edas conservadas de esa \u00e9poca, el modelo que llev\u00f3 desde la creaci\u00f3n de la talla en 1883 hasta los a\u00f1os 60. Adem\u00e1s, este a\u00f1o el septenario se realizar\u00e1 en la parroquia de San Lorenzo.<br \/>\n<script async src=\"\/\/pagead2.googlesyndication.com\/pagead\/js\/adsbygoogle.js\"><\/script><br \/>\n<!-- Noticias La Guia de Pamplona --><br \/>\n<ins class=\"adsbygoogle\"\nstyle=\"display:block\"\ndata-ad-client=\"ca-pub-6943679897239327\"\ndata-ad-slot=\"7048180777\"\ndata-ad-format=\"auto\"><\/ins><br \/>\n<script>\n(adsbygoogle = window.adsbygoogle || []).push({});\n<\/script><\/p>\n<p>Lo previsto es que el 8 de abril, a las 20,45 horas, tenga lugar el traslado de La Dolorosa a la Catedral y su participaci\u00f3n el 15 de abril en la Procesi\u00f3n del Santo Entierro para protagonizar esa noche la procesi\u00f3n del Retorno hacia la iglesia de San Lorenzo, el templo en el que la imagen est\u00e1 todo el a\u00f1o. En caso de suspensi\u00f3n de la procesi\u00f3n del Santo Entierro se realiza un v\u00eda crucis en el interior de la catedral y se adelanta la hora del retorno. Los miembros de la Corporaci\u00f3n que asistan a estos actos de Semana Santa lo har\u00e1n a t\u00edtulo personal ya que ninguno de los tres traslados se consideran actos institucionales del Ayuntamiento de Pamplona.<\/p>\n<p>La talla mide 166 cm. de altura y es obra de Rosendo Nobas i Ballb\u00e9 (Barcelona,1838-1891), escultor catal\u00e1n especializado en im\u00e1genes religiosas, retratos y escultura funeraria. Ser\u00e1 la primera vez que la imagen desfile por las calles de la ciudad tras la restauraci\u00f3n integral llevada a cabo en 2020 por Artres Restauraci\u00f3n SL., proceso del que destaca la eliminaci\u00f3n del barniz brillante oscurecido y amarillento que cubr\u00eda el rostro y las manos, recuperando con ello la luminosidad y color de la policrom\u00eda. Seg\u00fan consta en los archivos, la imagen tambi\u00e9n fue restaurada en 1973 y 1990.<\/p>\n<p>El conjunto del paso es portado tradicionalmente por cofrades de la Hermandad de la Paz y la Caridad y pesa alrededor de 1.200 kilos, de los cuales 200 corresponden a las torres de velas. Estas \u00faltimas se colocaban en los extremos del paso desde que fueron dise\u00f1adas por V\u00edctor Eusa en los a\u00f1os 50 del siglo XX, aunque fueron retiradas pocos a\u00f1os despu\u00e9s y no volvieron al paso hasta la \u00faltima restauraci\u00f3n del conjunto, efectuada en el a\u00f1o 2000.<\/p>\n<p>Tanto la imagen de \u2018Nuestra Se\u00f1ora de la Soledad\u2019 y sus ropajes, como las andas procesionales, son bienes patrimoniales del Consistorio. En 2018 se firm\u00f3 un convenio de cesi\u00f3n con el arzobispado en el cual se estipulan los usos y el proceder de ambas partes respecto a la cesi\u00f3n.<br \/>\n<script async src=\"\/\/pagead2.googlesyndication.com\/pagead\/js\/adsbygoogle.js\"><\/script><br \/>\n<!-- Noticias La Guia de Pamplona --><br \/>\n<ins class=\"adsbygoogle\"\nstyle=\"display:block\"\ndata-ad-client=\"ca-pub-6943679897239327\"\ndata-ad-slot=\"7048180777\"\ndata-ad-format=\"auto\"><\/ins><br \/>\n<script>\n(adsbygoogle = window.adsbygoogle || []).push({});\n<\/script><\/p>\n<p><strong>Un nuevo lienzo para enmarcar el rostro<\/strong><\/p>\n<p>La Dolorosa es una figura humana tallada en cuerpo completo, con un especial \u00e9nfasis y policromado de la cabeza, manos y pies, cuyos antebrazos son desmontables para facilitar su vestido. Tanto el cuerpo, que presenta tallado un vestido corto, como las piernas y pies, no se suelen ver al encontrarse tapados con los ropajes. La cara de la imagen se ve enmarcada bajo el manto por una toca que este a\u00f1o ser\u00e1 sustituida por un nuevo velo en seda natural, replicando el modelo que llev\u00f3 hasta los a\u00f1os 60 del siglo XX y que se ha sido recreado a partir de las fotograf\u00edas conservadas de esa \u00e9poca. La pieza de tela, de en torno a metro y medio de largo, est\u00e1 siendo confeccionada por las Hermanas de la Soledad.<\/p>\n<p>El manto actual tambi\u00e9n data de aquellos a\u00f1os (1961). Sufragado por suscripci\u00f3n popular con aportaci\u00f3n municipal, fue confeccionado por la Madres Adoratrices de Pamplona para sustituir al original, que pertenec\u00eda a la Casa Roca y Casadevall y que en su momento cost\u00f3 9.600 reales. Para salvaguardar telas y bordados y evitar el deterioro del manto, en 2002 se fabric\u00f3 un impermeable de goretex que se encargan de mantener las Madres Recoletas y se utiliza cuando es preciso en caso de lluvia.<\/p>\n<p>El Ayuntamiento de Pamplona pag\u00f3 en su momento por la talla alrededor de 500 pesetas, una cantidad que inclu\u00eda sus piezas en dos entregas, ya que todas las partes de la talla fueron realizadas por separado y ensambladas en un momento posterior, y tambi\u00e9n inclu\u00eda el embalaje y transporte de los elementos desde el taller del escultor. Los gastos se sufragaron gracias a la herencia que leg\u00f3 al Consistorio por Sof\u00eda Villanueva Armend\u00e1riz, pamplonesa residente en Tolosa.<br \/>\n<script async src=\"\/\/pagead2.googlesyndication.com\/pagead\/js\/adsbygoogle.js\"><\/script><br \/>\n<!-- Noticias La Guia de Pamplona --><br \/>\n<ins class=\"adsbygoogle\"\nstyle=\"display:block\"\ndata-ad-client=\"ca-pub-6943679897239327\"\ndata-ad-slot=\"7048180777\"\ndata-ad-format=\"auto\"><\/ins><br \/>\n<script>\n(adsbygoogle = window.adsbygoogle || []).push({});\n<\/script><\/p>\n<p><strong>Las torres de velas, y la iluminaci\u00f3n led<\/strong><\/p>\n<p>Como segunda novedad, este a\u00f1o se podr\u00e1 ver de nuevo el paso con los grandes candelabros de las esquinas, retirados en 2016. Su reinstalaci\u00f3n con un correcto anclaje de esos elementos lo ha realizado el Ayuntamiento en 2020, pero entonces, en plena pandemia de la COVID-19, no pudo verse. Tambi\u00e9n en esta fecha la empresa Artres Restauraci\u00f3n SL se encarg\u00f3 de la intervenci\u00f3n en el paso, trabajando de forma pormenorizada en la recuperaci\u00f3n de los dorados.<\/p>\n<p>Para favorecer la visi\u00f3n de la imagen y su manto, as\u00ed como para aproximarse m\u00e1s a la concepci\u00f3n original de las andas, las luminarias se han colocado sobre unas nuevas peanas doradas, r\u00e9plica de las que llevaban las andas originales dise\u00f1adas por Eusa en 1927.<\/p>\n<p>Cada torreta-candelabro cuenta con 19 porta velas, lo que supone a\u00f1adir al conjunto de iluminaci\u00f3n 76 velas. Estos elementos ornamentales, instalados en 1951, ven\u00edan a sustituir otros anteriores de menor tama\u00f1o incorporados en 1928 y que pueden verse en las fotograf\u00edas antiguas. El cambio de tama\u00f1o se debi\u00f3 entonces a que el paso con el tiempo fue aumentando su longitud y, para armonizar la proporci\u00f3n de los elementos que lo configuraban, se increment\u00f3 el tambi\u00e9n el tama\u00f1o de los candelabros.<\/p>\n<p>Se ha renovado el sistema el\u00e9ctrico del paso y se han colocado nuevos focos led en las torretas para mejorar la apreciaci\u00f3n de la figura y el manto. Toda la iluminaci\u00f3n del paso es ya tecnolog\u00eda led, porque ya en 2016 se cambiaron a ese mismo sistema los focos que iluminan la imagen.<\/p>\n","protected":false},"excerpt":{"rendered":"<p>La talla ir\u00e1 tocada con un nuevo velo, y el paso procesional recupera las torres-candelabro y nueva iluminaci\u00f3n<\/p>\n","protected":false},"author":1,"featured_media":39708,"comment_status":"open","ping_status":"closed","sticky":false,"template":"","format":"standard","meta":{"footnotes":""},"categories":[2],"tags":[],"class_list":["post-39707","post","type-post","status-publish","format-standard","has-post-thumbnail","hentry","category-ayuntamiento-pamplona"],"yoast_head":"<!-- This site is optimized with the Yoast SEO plugin v27.3 - https:\/\/yoast.com\/product\/yoast-seo-wordpress\/ -->\n<title>Ma\u00f1ana tendr\u00e1 lugar el acto de vestido de La Dolorosa y la preparaci\u00f3n del paso, que presentar\u00e1n una imagen renovada esta Semana Santa<\/title>\n<meta name=\"description\" content=\"La talla ir\u00e1 tocada con un nuevo velo, y el paso procesional recupera las torres-candelabro y nueva iluminaci\u00f3n\" \/>\n<meta name=\"robots\" content=\"index, follow, max-snippet:-1, max-image-preview:large, max-video-preview:-1\" \/>\n<link rel=\"canonical\" href=\"https:\/\/www.laguiadepamplona.com\/actualidad\/manana-tendra-lugar-el-acto-de-vestido-de-la-dolorosa-y-la-preparacion-del-paso-que-presentaran-una-imagen-renovada-esta-semana-santa\/\" \/>\n<meta property=\"og:locale\" content=\"es_ES\" \/>\n<meta property=\"og:type\" content=\"article\" \/>\n<meta property=\"og:title\" content=\"Ma\u00f1ana tendr\u00e1 lugar el acto de vestido de La Dolorosa y la preparaci\u00f3n del paso, que presentar\u00e1n una imagen renovada esta Semana Santa\" \/>\n<meta property=\"og:description\" content=\"La talla ir\u00e1 tocada con un nuevo velo, y el paso procesional recupera las torres-candelabro y nueva iluminaci\u00f3n\" \/>\n<meta property=\"og:url\" content=\"https:\/\/www.laguiadepamplona.com\/actualidad\/manana-tendra-lugar-el-acto-de-vestido-de-la-dolorosa-y-la-preparacion-del-paso-que-presentaran-una-imagen-renovada-esta-semana-santa\/\" \/>\n<meta property=\"og:site_name\" content=\"La Gu\u00eda de Pamplona\" \/>\n<meta property=\"article:publisher\" content=\"https:\/\/www.facebook.com\/laguiadepamplonacom-133175176762273\/?ref=hl\" \/>\n<meta property=\"article:published_time\" content=\"2022-03-29T14:20:24+00:00\" \/>\n<meta property=\"article:modified_time\" content=\"2023-04-11T09:48:21+00:00\" \/>\n<meta property=\"og:image\" content=\"https:\/\/www.laguiadepamplona.com\/actualidad\/wp-content\/uploads\/2022\/03\/dolorosa.jpg\" \/>\n\t<meta property=\"og:image:width\" content=\"498\" \/>\n\t<meta property=\"og:image:height\" content=\"556\" \/>\n\t<meta property=\"og:image:type\" content=\"image\/jpeg\" \/>\n<meta name=\"author\" content=\"La Gu\u00eda de Pamplona\" \/>\n<meta name=\"twitter:card\" content=\"summary_large_image\" \/>\n<meta name=\"twitter:creator\" content=\"@LaGuiadPamplona\" \/>\n<meta name=\"twitter:site\" content=\"@LaGuiadPamplona\" \/>\n<meta name=\"twitter:label1\" content=\"Escrito por\" \/>\n\t<meta name=\"twitter:data1\" content=\"La Gu\u00eda de Pamplona\" \/>\n\t<meta name=\"twitter:label2\" content=\"Tiempo de lectura\" \/>\n\t<meta name=\"twitter:data2\" content=\"5 minutos\" \/>\n<script type=\"application\/ld+json\" class=\"yoast-schema-graph\">{\"@context\":\"https:\\\/\\\/schema.org\",\"@graph\":[{\"@type\":\"Article\",\"@id\":\"https:\\\/\\\/www.laguiadepamplona.com\\\/actualidad\\\/manana-tendra-lugar-el-acto-de-vestido-de-la-dolorosa-y-la-preparacion-del-paso-que-presentaran-una-imagen-renovada-esta-semana-santa\\\/#article\",\"isPartOf\":{\"@id\":\"https:\\\/\\\/www.laguiadepamplona.com\\\/actualidad\\\/manana-tendra-lugar-el-acto-de-vestido-de-la-dolorosa-y-la-preparacion-del-paso-que-presentaran-una-imagen-renovada-esta-semana-santa\\\/\"},\"author\":{\"name\":\"La Gu\u00eda de Pamplona\",\"@id\":\"https:\\\/\\\/www.laguiadepamplona.com\\\/actualidad\\\/#\\\/schema\\\/person\\\/efe887376f0213d4657c93adc50b1fdb\"},\"headline\":\"Ma\u00f1ana tendr\u00e1 lugar el acto de vestido de La Dolorosa y la preparaci\u00f3n del paso, que presentar\u00e1n una imagen renovada esta Semana Santa\",\"datePublished\":\"2022-03-29T14:20:24+00:00\",\"dateModified\":\"2023-04-11T09:48:21+00:00\",\"mainEntityOfPage\":{\"@id\":\"https:\\\/\\\/www.laguiadepamplona.com\\\/actualidad\\\/manana-tendra-lugar-el-acto-de-vestido-de-la-dolorosa-y-la-preparacion-del-paso-que-presentaran-una-imagen-renovada-esta-semana-santa\\\/\"},\"wordCount\":1170,\"commentCount\":0,\"publisher\":{\"@id\":\"https:\\\/\\\/www.laguiadepamplona.com\\\/actualidad\\\/#organization\"},\"image\":{\"@id\":\"https:\\\/\\\/www.laguiadepamplona.com\\\/actualidad\\\/manana-tendra-lugar-el-acto-de-vestido-de-la-dolorosa-y-la-preparacion-del-paso-que-presentaran-una-imagen-renovada-esta-semana-santa\\\/#primaryimage\"},\"thumbnailUrl\":\"https:\\\/\\\/www.laguiadepamplona.com\\\/actualidad\\\/wp-content\\\/uploads\\\/2022\\\/03\\\/dolorosa.jpg\",\"articleSection\":[\"Ayto Pamplona\"],\"inLanguage\":\"es\",\"potentialAction\":[{\"@type\":\"CommentAction\",\"name\":\"Comment\",\"target\":[\"https:\\\/\\\/www.laguiadepamplona.com\\\/actualidad\\\/manana-tendra-lugar-el-acto-de-vestido-de-la-dolorosa-y-la-preparacion-del-paso-que-presentaran-una-imagen-renovada-esta-semana-santa\\\/#respond\"]}]},{\"@type\":\"WebPage\",\"@id\":\"https:\\\/\\\/www.laguiadepamplona.com\\\/actualidad\\\/manana-tendra-lugar-el-acto-de-vestido-de-la-dolorosa-y-la-preparacion-del-paso-que-presentaran-una-imagen-renovada-esta-semana-santa\\\/\",\"url\":\"https:\\\/\\\/www.laguiadepamplona.com\\\/actualidad\\\/manana-tendra-lugar-el-acto-de-vestido-de-la-dolorosa-y-la-preparacion-del-paso-que-presentaran-una-imagen-renovada-esta-semana-santa\\\/\",\"name\":\"Ma\u00f1ana tendr\u00e1 lugar el acto de vestido de La Dolorosa y la preparaci\u00f3n del paso, que presentar\u00e1n una imagen renovada esta Semana Santa\",\"isPartOf\":{\"@id\":\"https:\\\/\\\/www.laguiadepamplona.com\\\/actualidad\\\/#website\"},\"primaryImageOfPage\":{\"@id\":\"https:\\\/\\\/www.laguiadepamplona.com\\\/actualidad\\\/manana-tendra-lugar-el-acto-de-vestido-de-la-dolorosa-y-la-preparacion-del-paso-que-presentaran-una-imagen-renovada-esta-semana-santa\\\/#primaryimage\"},\"image\":{\"@id\":\"https:\\\/\\\/www.laguiadepamplona.com\\\/actualidad\\\/manana-tendra-lugar-el-acto-de-vestido-de-la-dolorosa-y-la-preparacion-del-paso-que-presentaran-una-imagen-renovada-esta-semana-santa\\\/#primaryimage\"},\"thumbnailUrl\":\"https:\\\/\\\/www.laguiadepamplona.com\\\/actualidad\\\/wp-content\\\/uploads\\\/2022\\\/03\\\/dolorosa.jpg\",\"datePublished\":\"2022-03-29T14:20:24+00:00\",\"dateModified\":\"2023-04-11T09:48:21+00:00\",\"description\":\"La talla ir\u00e1 tocada con un nuevo velo, y el paso procesional recupera las torres-candelabro y nueva iluminaci\u00f3n\",\"breadcrumb\":{\"@id\":\"https:\\\/\\\/www.laguiadepamplona.com\\\/actualidad\\\/manana-tendra-lugar-el-acto-de-vestido-de-la-dolorosa-y-la-preparacion-del-paso-que-presentaran-una-imagen-renovada-esta-semana-santa\\\/#breadcrumb\"},\"inLanguage\":\"es\",\"potentialAction\":[{\"@type\":\"ReadAction\",\"target\":[\"https:\\\/\\\/www.laguiadepamplona.com\\\/actualidad\\\/manana-tendra-lugar-el-acto-de-vestido-de-la-dolorosa-y-la-preparacion-del-paso-que-presentaran-una-imagen-renovada-esta-semana-santa\\\/\"]}]},{\"@type\":\"ImageObject\",\"inLanguage\":\"es\",\"@id\":\"https:\\\/\\\/www.laguiadepamplona.com\\\/actualidad\\\/manana-tendra-lugar-el-acto-de-vestido-de-la-dolorosa-y-la-preparacion-del-paso-que-presentaran-una-imagen-renovada-esta-semana-santa\\\/#primaryimage\",\"url\":\"https:\\\/\\\/www.laguiadepamplona.com\\\/actualidad\\\/wp-content\\\/uploads\\\/2022\\\/03\\\/dolorosa.jpg\",\"contentUrl\":\"https:\\\/\\\/www.laguiadepamplona.com\\\/actualidad\\\/wp-content\\\/uploads\\\/2022\\\/03\\\/dolorosa.jpg\",\"width\":498,\"height\":556},{\"@type\":\"BreadcrumbList\",\"@id\":\"https:\\\/\\\/www.laguiadepamplona.com\\\/actualidad\\\/manana-tendra-lugar-el-acto-de-vestido-de-la-dolorosa-y-la-preparacion-del-paso-que-presentaran-una-imagen-renovada-esta-semana-santa\\\/#breadcrumb\",\"itemListElement\":[{\"@type\":\"ListItem\",\"position\":1,\"name\":\"Portada\",\"item\":\"https:\\\/\\\/www.laguiadepamplona.com\\\/actualidad\\\/\"},{\"@type\":\"ListItem\",\"position\":2,\"name\":\"Ma\u00f1ana tendr\u00e1 lugar el acto de vestido de La Dolorosa y la preparaci\u00f3n del paso, que presentar\u00e1n una imagen renovada esta Semana Santa\"}]},{\"@type\":\"WebSite\",\"@id\":\"https:\\\/\\\/www.laguiadepamplona.com\\\/actualidad\\\/#website\",\"url\":\"https:\\\/\\\/www.laguiadepamplona.com\\\/actualidad\\\/\",\"name\":\"La gu\u00eda de Pamplona\",\"description\":\"Noticias de Pamplona\",\"publisher\":{\"@id\":\"https:\\\/\\\/www.laguiadepamplona.com\\\/actualidad\\\/#organization\"},\"potentialAction\":[{\"@type\":\"SearchAction\",\"target\":{\"@type\":\"EntryPoint\",\"urlTemplate\":\"https:\\\/\\\/www.laguiadepamplona.com\\\/actualidad\\\/?s={search_term_string}\"},\"query-input\":{\"@type\":\"PropertyValueSpecification\",\"valueRequired\":true,\"valueName\":\"search_term_string\"}}],\"inLanguage\":\"es\"},{\"@type\":\"Organization\",\"@id\":\"https:\\\/\\\/www.laguiadepamplona.com\\\/actualidad\\\/#organization\",\"name\":\"La Gu\u00eda de Pamplona \\\/ Noticias\",\"url\":\"https:\\\/\\\/www.laguiadepamplona.com\\\/actualidad\\\/\",\"logo\":{\"@type\":\"ImageObject\",\"inLanguage\":\"es\",\"@id\":\"https:\\\/\\\/www.laguiadepamplona.com\\\/actualidad\\\/#\\\/schema\\\/logo\\\/image\\\/\",\"url\":\"https:\\\/\\\/www.laguiadepamplona.com\\\/actualidad\\\/wp-content\\\/uploads\\\/2018\\\/11\\\/logo-laguiadepamplona18-web1.png\",\"contentUrl\":\"https:\\\/\\\/www.laguiadepamplona.com\\\/actualidad\\\/wp-content\\\/uploads\\\/2018\\\/11\\\/logo-laguiadepamplona18-web1.png\",\"width\":600,\"height\":196,\"caption\":\"La Gu\u00eda de Pamplona \\\/ Noticias\"},\"image\":{\"@id\":\"https:\\\/\\\/www.laguiadepamplona.com\\\/actualidad\\\/#\\\/schema\\\/logo\\\/image\\\/\"},\"sameAs\":[\"https:\\\/\\\/www.facebook.com\\\/laguiadepamplonacom-133175176762273\\\/?ref=hl\",\"https:\\\/\\\/x.com\\\/LaGuiadPamplona\",\"https:\\\/\\\/www.instagram.com\\\/la_guia_de_pamplona\\\/\",\"https:\\\/\\\/www.youtube.com\\\/user\\\/laguiadepamplona\"]},{\"@type\":\"Person\",\"@id\":\"https:\\\/\\\/www.laguiadepamplona.com\\\/actualidad\\\/#\\\/schema\\\/person\\\/efe887376f0213d4657c93adc50b1fdb\",\"name\":\"La Gu\u00eda de Pamplona\",\"image\":{\"@type\":\"ImageObject\",\"inLanguage\":\"es\",\"@id\":\"https:\\\/\\\/secure.gravatar.com\\\/avatar\\\/b6992f131dc8d30ab0dff15446e9d346d9dbd95992de0fef795073f5ea83a81c?s=96&d=mm&r=g\",\"url\":\"https:\\\/\\\/secure.gravatar.com\\\/avatar\\\/b6992f131dc8d30ab0dff15446e9d346d9dbd95992de0fef795073f5ea83a81c?s=96&d=mm&r=g\",\"contentUrl\":\"https:\\\/\\\/secure.gravatar.com\\\/avatar\\\/b6992f131dc8d30ab0dff15446e9d346d9dbd95992de0fef795073f5ea83a81c?s=96&d=mm&r=g\",\"caption\":\"La Gu\u00eda de Pamplona\"}}]}<\/script>\n<!-- \/ Yoast SEO plugin. -->","yoast_head_json":{"title":"Ma\u00f1ana tendr\u00e1 lugar el acto de vestido de La Dolorosa y la preparaci\u00f3n del paso, que presentar\u00e1n una imagen renovada esta Semana Santa","description":"La talla ir\u00e1 tocada con un nuevo velo, y el paso procesional recupera las torres-candelabro y nueva iluminaci\u00f3n","robots":{"index":"index","follow":"follow","max-snippet":"max-snippet:-1","max-image-preview":"max-image-preview:large","max-video-preview":"max-video-preview:-1"},"canonical":"https:\/\/www.laguiadepamplona.com\/actualidad\/manana-tendra-lugar-el-acto-de-vestido-de-la-dolorosa-y-la-preparacion-del-paso-que-presentaran-una-imagen-renovada-esta-semana-santa\/","og_locale":"es_ES","og_type":"article","og_title":"Ma\u00f1ana tendr\u00e1 lugar el acto de vestido de La Dolorosa y la preparaci\u00f3n del paso, que presentar\u00e1n una imagen renovada esta Semana Santa","og_description":"La talla ir\u00e1 tocada con un nuevo velo, y el paso procesional recupera las torres-candelabro y nueva iluminaci\u00f3n","og_url":"https:\/\/www.laguiadepamplona.com\/actualidad\/manana-tendra-lugar-el-acto-de-vestido-de-la-dolorosa-y-la-preparacion-del-paso-que-presentaran-una-imagen-renovada-esta-semana-santa\/","og_site_name":"La Gu\u00eda de Pamplona","article_publisher":"https:\/\/www.facebook.com\/laguiadepamplonacom-133175176762273\/?ref=hl","article_published_time":"2022-03-29T14:20:24+00:00","article_modified_time":"2023-04-11T09:48:21+00:00","og_image":[{"width":498,"height":556,"url":"https:\/\/www.laguiadepamplona.com\/actualidad\/wp-content\/uploads\/2022\/03\/dolorosa.jpg","type":"image\/jpeg"}],"author":"La Gu\u00eda de Pamplona","twitter_card":"summary_large_image","twitter_creator":"@LaGuiadPamplona","twitter_site":"@LaGuiadPamplona","twitter_misc":{"Escrito por":"La Gu\u00eda de Pamplona","Tiempo de lectura":"5 minutos"},"schema":{"@context":"https:\/\/schema.org","@graph":[{"@type":"Article","@id":"https:\/\/www.laguiadepamplona.com\/actualidad\/manana-tendra-lugar-el-acto-de-vestido-de-la-dolorosa-y-la-preparacion-del-paso-que-presentaran-una-imagen-renovada-esta-semana-santa\/#article","isPartOf":{"@id":"https:\/\/www.laguiadepamplona.com\/actualidad\/manana-tendra-lugar-el-acto-de-vestido-de-la-dolorosa-y-la-preparacion-del-paso-que-presentaran-una-imagen-renovada-esta-semana-santa\/"},"author":{"name":"La Gu\u00eda de Pamplona","@id":"https:\/\/www.laguiadepamplona.com\/actualidad\/#\/schema\/person\/efe887376f0213d4657c93adc50b1fdb"},"headline":"Ma\u00f1ana tendr\u00e1 lugar el acto de vestido de La Dolorosa y la preparaci\u00f3n del paso, que presentar\u00e1n una imagen renovada esta Semana Santa","datePublished":"2022-03-29T14:20:24+00:00","dateModified":"2023-04-11T09:48:21+00:00","mainEntityOfPage":{"@id":"https:\/\/www.laguiadepamplona.com\/actualidad\/manana-tendra-lugar-el-acto-de-vestido-de-la-dolorosa-y-la-preparacion-del-paso-que-presentaran-una-imagen-renovada-esta-semana-santa\/"},"wordCount":1170,"commentCount":0,"publisher":{"@id":"https:\/\/www.laguiadepamplona.com\/actualidad\/#organization"},"image":{"@id":"https:\/\/www.laguiadepamplona.com\/actualidad\/manana-tendra-lugar-el-acto-de-vestido-de-la-dolorosa-y-la-preparacion-del-paso-que-presentaran-una-imagen-renovada-esta-semana-santa\/#primaryimage"},"thumbnailUrl":"https:\/\/www.laguiadepamplona.com\/actualidad\/wp-content\/uploads\/2022\/03\/dolorosa.jpg","articleSection":["Ayto Pamplona"],"inLanguage":"es","potentialAction":[{"@type":"CommentAction","name":"Comment","target":["https:\/\/www.laguiadepamplona.com\/actualidad\/manana-tendra-lugar-el-acto-de-vestido-de-la-dolorosa-y-la-preparacion-del-paso-que-presentaran-una-imagen-renovada-esta-semana-santa\/#respond"]}]},{"@type":"WebPage","@id":"https:\/\/www.laguiadepamplona.com\/actualidad\/manana-tendra-lugar-el-acto-de-vestido-de-la-dolorosa-y-la-preparacion-del-paso-que-presentaran-una-imagen-renovada-esta-semana-santa\/","url":"https:\/\/www.laguiadepamplona.com\/actualidad\/manana-tendra-lugar-el-acto-de-vestido-de-la-dolorosa-y-la-preparacion-del-paso-que-presentaran-una-imagen-renovada-esta-semana-santa\/","name":"Ma\u00f1ana tendr\u00e1 lugar el acto de vestido de La Dolorosa y la preparaci\u00f3n del paso, que presentar\u00e1n una imagen renovada esta Semana Santa","isPartOf":{"@id":"https:\/\/www.laguiadepamplona.com\/actualidad\/#website"},"primaryImageOfPage":{"@id":"https:\/\/www.laguiadepamplona.com\/actualidad\/manana-tendra-lugar-el-acto-de-vestido-de-la-dolorosa-y-la-preparacion-del-paso-que-presentaran-una-imagen-renovada-esta-semana-santa\/#primaryimage"},"image":{"@id":"https:\/\/www.laguiadepamplona.com\/actualidad\/manana-tendra-lugar-el-acto-de-vestido-de-la-dolorosa-y-la-preparacion-del-paso-que-presentaran-una-imagen-renovada-esta-semana-santa\/#primaryimage"},"thumbnailUrl":"https:\/\/www.laguiadepamplona.com\/actualidad\/wp-content\/uploads\/2022\/03\/dolorosa.jpg","datePublished":"2022-03-29T14:20:24+00:00","dateModified":"2023-04-11T09:48:21+00:00","description":"La talla ir\u00e1 tocada con un nuevo velo, y el paso procesional recupera las torres-candelabro y nueva iluminaci\u00f3n","breadcrumb":{"@id":"https:\/\/www.laguiadepamplona.com\/actualidad\/manana-tendra-lugar-el-acto-de-vestido-de-la-dolorosa-y-la-preparacion-del-paso-que-presentaran-una-imagen-renovada-esta-semana-santa\/#breadcrumb"},"inLanguage":"es","potentialAction":[{"@type":"ReadAction","target":["https:\/\/www.laguiadepamplona.com\/actualidad\/manana-tendra-lugar-el-acto-de-vestido-de-la-dolorosa-y-la-preparacion-del-paso-que-presentaran-una-imagen-renovada-esta-semana-santa\/"]}]},{"@type":"ImageObject","inLanguage":"es","@id":"https:\/\/www.laguiadepamplona.com\/actualidad\/manana-tendra-lugar-el-acto-de-vestido-de-la-dolorosa-y-la-preparacion-del-paso-que-presentaran-una-imagen-renovada-esta-semana-santa\/#primaryimage","url":"https:\/\/www.laguiadepamplona.com\/actualidad\/wp-content\/uploads\/2022\/03\/dolorosa.jpg","contentUrl":"https:\/\/www.laguiadepamplona.com\/actualidad\/wp-content\/uploads\/2022\/03\/dolorosa.jpg","width":498,"height":556},{"@type":"BreadcrumbList","@id":"https:\/\/www.laguiadepamplona.com\/actualidad\/manana-tendra-lugar-el-acto-de-vestido-de-la-dolorosa-y-la-preparacion-del-paso-que-presentaran-una-imagen-renovada-esta-semana-santa\/#breadcrumb","itemListElement":[{"@type":"ListItem","position":1,"name":"Portada","item":"https:\/\/www.laguiadepamplona.com\/actualidad\/"},{"@type":"ListItem","position":2,"name":"Ma\u00f1ana tendr\u00e1 lugar el acto de vestido de La Dolorosa y la preparaci\u00f3n del paso, que presentar\u00e1n una imagen renovada esta Semana Santa"}]},{"@type":"WebSite","@id":"https:\/\/www.laguiadepamplona.com\/actualidad\/#website","url":"https:\/\/www.laguiadepamplona.com\/actualidad\/","name":"La gu\u00eda de Pamplona","description":"Noticias de Pamplona","publisher":{"@id":"https:\/\/www.laguiadepamplona.com\/actualidad\/#organization"},"potentialAction":[{"@type":"SearchAction","target":{"@type":"EntryPoint","urlTemplate":"https:\/\/www.laguiadepamplona.com\/actualidad\/?s={search_term_string}"},"query-input":{"@type":"PropertyValueSpecification","valueRequired":true,"valueName":"search_term_string"}}],"inLanguage":"es"},{"@type":"Organization","@id":"https:\/\/www.laguiadepamplona.com\/actualidad\/#organization","name":"La Gu\u00eda de Pamplona \/ Noticias","url":"https:\/\/www.laguiadepamplona.com\/actualidad\/","logo":{"@type":"ImageObject","inLanguage":"es","@id":"https:\/\/www.laguiadepamplona.com\/actualidad\/#\/schema\/logo\/image\/","url":"https:\/\/www.laguiadepamplona.com\/actualidad\/wp-content\/uploads\/2018\/11\/logo-laguiadepamplona18-web1.png","contentUrl":"https:\/\/www.laguiadepamplona.com\/actualidad\/wp-content\/uploads\/2018\/11\/logo-laguiadepamplona18-web1.png","width":600,"height":196,"caption":"La Gu\u00eda de Pamplona \/ Noticias"},"image":{"@id":"https:\/\/www.laguiadepamplona.com\/actualidad\/#\/schema\/logo\/image\/"},"sameAs":["https:\/\/www.facebook.com\/laguiadepamplonacom-133175176762273\/?ref=hl","https:\/\/x.com\/LaGuiadPamplona","https:\/\/www.instagram.com\/la_guia_de_pamplona\/","https:\/\/www.youtube.com\/user\/laguiadepamplona"]},{"@type":"Person","@id":"https:\/\/www.laguiadepamplona.com\/actualidad\/#\/schema\/person\/efe887376f0213d4657c93adc50b1fdb","name":"La Gu\u00eda de Pamplona","image":{"@type":"ImageObject","inLanguage":"es","@id":"https:\/\/secure.gravatar.com\/avatar\/b6992f131dc8d30ab0dff15446e9d346d9dbd95992de0fef795073f5ea83a81c?s=96&d=mm&r=g","url":"https:\/\/secure.gravatar.com\/avatar\/b6992f131dc8d30ab0dff15446e9d346d9dbd95992de0fef795073f5ea83a81c?s=96&d=mm&r=g","contentUrl":"https:\/\/secure.gravatar.com\/avatar\/b6992f131dc8d30ab0dff15446e9d346d9dbd95992de0fef795073f5ea83a81c?s=96&d=mm&r=g","caption":"La Gu\u00eda de Pamplona"}}]}},"post_mailing_queue_ids":[],"_links":{"self":[{"href":"https:\/\/www.laguiadepamplona.com\/actualidad\/wp-json\/wp\/v2\/posts\/39707","targetHints":{"allow":["GET"]}}],"collection":[{"href":"https:\/\/www.laguiadepamplona.com\/actualidad\/wp-json\/wp\/v2\/posts"}],"about":[{"href":"https:\/\/www.laguiadepamplona.com\/actualidad\/wp-json\/wp\/v2\/types\/post"}],"author":[{"embeddable":true,"href":"https:\/\/www.laguiadepamplona.com\/actualidad\/wp-json\/wp\/v2\/users\/1"}],"replies":[{"embeddable":true,"href":"https:\/\/www.laguiadepamplona.com\/actualidad\/wp-json\/wp\/v2\/comments?post=39707"}],"version-history":[{"count":0,"href":"https:\/\/www.laguiadepamplona.com\/actualidad\/wp-json\/wp\/v2\/posts\/39707\/revisions"}],"wp:featuredmedia":[{"embeddable":true,"href":"https:\/\/www.laguiadepamplona.com\/actualidad\/wp-json\/wp\/v2\/media\/39708"}],"wp:attachment":[{"href":"https:\/\/www.laguiadepamplona.com\/actualidad\/wp-json\/wp\/v2\/media?parent=39707"}],"wp:term":[{"taxonomy":"category","embeddable":true,"href":"https:\/\/www.laguiadepamplona.com\/actualidad\/wp-json\/wp\/v2\/categories?post=39707"},{"taxonomy":"post_tag","embeddable":true,"href":"https:\/\/www.laguiadepamplona.com\/actualidad\/wp-json\/wp\/v2\/tags?post=39707"}],"curies":[{"name":"wp","href":"https:\/\/api.w.org\/{rel}","templated":true}]}}