{"id":39700,"date":"2022-03-29T16:14:55","date_gmt":"2022-03-29T14:14:55","guid":{"rendered":"https:\/\/www.laguiadepamplona.com\/actualidad\/?p=39700"},"modified":"2023-04-11T11:48:21","modified_gmt":"2023-04-11T09:48:21","slug":"la-gestion-de-una-zona-de-bajas-emisiones-el-ascensor-de-trinitarios-o-nuevos-carriles-bici-proyectos-incluidos-en-una-nueva-propuesta-de-modificacion-presupuestaria","status":"publish","type":"post","link":"https:\/\/www.laguiadepamplona.com\/actualidad\/la-gestion-de-una-zona-de-bajas-emisiones-el-ascensor-de-trinitarios-o-nuevos-carriles-bici-proyectos-incluidos-en-una-nueva-propuesta-de-modificacion-presupuestaria\/","title":{"rendered":"La gesti\u00f3n de una Zona de Bajas Emisiones, el ascensor de Trinitarios o nuevos carriles bici, proyectos incluidos en una nueva propuesta de modificaci\u00f3n presupuestaria"},"content":{"rendered":"<h5>Se debatir\u00e1 en Pleno el 7 de abril, asciende a 2,8 millones de euros y recoge proyectos con financiaci\u00f3n de los fondos europeos Next Generation EU<\/h5>\n<p><!--more--><\/p>\n<p>La Comisi\u00f3n de Presidencia ha conocido esta ma\u00f1ana una propuesta de modificaci\u00f3n presupuestaria por valor de 2.882.463,25 euros para gastos en proyectos que cuentan con financiaci\u00f3n de los fondos europeos Next Generation EU. Esta propuesta la deber\u00e1 aprobar el Pleno del Ayuntamiento de Pamplona el pr\u00f3ximo 7 de abril e incluye financiaci\u00f3n para los sistemas de gesti\u00f3n de una Zona de Bajas Emisiones, para el ascensor de Trinitarios, para aparcamientos disuasorios o para carriles bici en el sur de la ciudad.<\/p>\n<p>El Ayuntamiento de Pamplona ha recibido 6,3 millones del programa de ayudas a municipios para la implantaci\u00f3n de zonas de bajas emisiones y la transformaci\u00f3n digital y sostenible del transporte urbano, en el marco del Plan de Recuperaci\u00f3n, Transformaci\u00f3n y Resiliencia (PRTR) y financiado a trav\u00e9s de los fondos europeos Next Generation EU. Las ayudas se distribu\u00edan en 2.329.090,24 euros para movilidad vertical en Trinitarios, 1.319.727,27 euros para itinerarios que completen la red ciclable, 924.303,53 euros para aparcamientos disuasorios, 914.726,23 euros para los sistemas de gesti\u00f3n de una Zona de Bajas Emisiones, 535.537,19 euros para pasos peatonales seguros y 307.041,32 euros para entornos escolares seguros.<br \/>\n<script async src=\"\/\/pagead2.googlesyndication.com\/pagead\/js\/adsbygoogle.js\"><\/script><br \/>\n<!-- Noticias La Guia de Pamplona --><br \/>\n<ins class=\"adsbygoogle\"\nstyle=\"display:block\"\ndata-ad-client=\"ca-pub-6943679897239327\"\ndata-ad-slot=\"7048180777\"\ndata-ad-format=\"auto\"><\/ins><br \/>\n<script>\n(adsbygoogle = window.adsbygoogle || []).push({});\n<\/script><\/p>\n<p>Esta convocatoria de ayuda permit\u00eda la inclusi\u00f3n de gastos ejecutados en 2020 y 201, como las actuaciones en los entornos escolares y en pasos de peatones o algunos gastos relacionados con aparcamientos disuasorios. Otras actuaciones, como el carril bici de Labrit, ya cuentan con presupuesto aprobado en 2022. Pero buena parte de los proyectos para los que se ha obtenido financiaci\u00f3n no cuentan con cr\u00e9dito adecuado y suficiente en la actualidad para llevar a cabo esas inversiones.<\/p>\n<p>La urgencia en la aprobaci\u00f3n de estas modificaciones presupuestarias tiene que ver con los plazos de tramitaci\u00f3n de los proyectos. Los procesos de licitaci\u00f3n de las actuaciones previstas para este 2022 deben ser publicados antes del 30 de abril y, a finales del mes de noviembre, sebe estar adjudicado el 60% del importe total de las actuaciones financiables. El retraso en la licitaci\u00f3n o en la adjudicaci\u00f3n supondr\u00e1 una penalizaci\u00f3n que consistir\u00e1 en reducir en un 5% en el importe del pago anticipado.<br \/>\n<script async src=\"\/\/pagead2.googlesyndication.com\/pagead\/js\/adsbygoogle.js\"><\/script><br \/>\n<!-- Noticias La Guia de Pamplona --><br \/>\n<ins class=\"adsbygoogle\"\nstyle=\"display:block\"\ndata-ad-client=\"ca-pub-6943679897239327\"\ndata-ad-slot=\"7048180777\"\ndata-ad-format=\"auto\"><\/ins><br \/>\n<script>\n(adsbygoogle = window.adsbygoogle || []).push({});\n<\/script><\/p>\n<p><strong>Sobre la Zona de Bajas Emisiones<\/strong><\/p>\n<p>El expediente dado a conocer en Comisi\u00f3n de Presidencia cuenta con 6 modificaciones presupuestarias, 3 de ellas relativas a la gesti\u00f3n de una Zona de Bajas Emisiones en el centro de la ciudad. Esas tres modificaciones suman un presupuesto de 1.229.798,60 euros. Los sistemas de gesti\u00f3n de esa Zona de Bajas Emisiones requieren de inversiones en equipamiento para el control de la calidad del aire y del ruido o para el control de aforo e identificaci\u00f3n de matr\u00edculas de cara a su puesta en marcha antes de 2023. Y es que la Ley 7\/2021, de 20 de mayo, de Cambio Clim\u00e1tico y Transici\u00f3n Energ\u00e9tica, como medida para la promoci\u00f3n de una movilidad sin emisiones, obliga a los municipios de m\u00e1s de 50.000 habitantes a adoptar planes de movilidad urbana sostenible que introduzcan medidas de mitigaci\u00f3n que permitan reducir las emisiones derivadas de la movilidad.<\/p>\n<p>As\u00ed la cosas, para la ejecuci\u00f3n de esa Zona de Bajas Emisiones se debe incrementar el presupuesto en tres partidas concretas. Por una parte, se establecen 812.112,59 euros para equipos de proceso de informaci\u00f3n y 345.642,24 para aplicaciones inform\u00e1ticas. Ambas partidas se incluyen en la encomienda a la empresa municipal ANIMSA para la implantaci\u00f3n de los sistemas de gesti\u00f3n de esa Zona de Bajas Emisiones. Adem\u00e1s, se reservan 72.043,76 euros para la contrataci\u00f3n de una asistencia t\u00e9cnica para el dise\u00f1o de la Zona de Bajas Emisiones en Pamplona.<br \/>\n<script async src=\"\/\/pagead2.googlesyndication.com\/pagead\/js\/adsbygoogle.js\"><\/script><br \/>\n<!-- Noticias La Guia de Pamplona --><br \/>\n<ins class=\"adsbygoogle\"\nstyle=\"display:block\"\ndata-ad-client=\"ca-pub-6943679897239327\"\ndata-ad-slot=\"7048180777\"\ndata-ad-format=\"auto\"><\/ins><br \/>\n<script>\n(adsbygoogle = window.adsbygoogle || []).push({});\n<\/script><\/p>\n<p><strong>Ascensor de Trinitarios, aparcamientos disuasorios y carriles bici<\/strong><\/p>\n<p>La mayor partida, con 1.076.527,06 euros, se corresponde con las actuaciones previstas en aparcamientos disuasorios. Algunas de esas intervenciones ya se han ejecutado, como las de los aparcamientos de Rochapea (junto a Cardenal Ilund\u00e1in) y Arrosad\u00eda 1 y 2. Con parte de ese presupuesto se busca completar su financiaci\u00f3n. Como proyectos para este 2022 se recogen aparcamientos disuasorios en Tajonar, Trinitarios y San Jorge.<\/p>\n<p>La modificaci\u00f3n presupuestaria incluye una partida de 421.000 euros para nuevos itinerarios que completen la red ciclable de la ciudad. Se prev\u00e9n actuaciones para la creaci\u00f3n de carriles bici en las calles Sadar, Tajonar y Juli\u00e1n Gayarre. Por \u00faltimo, se genera cr\u00e9ditos por valor de 155.137,59 euros para una parte de la segunda fase de las obras del ascensor de Trinitarios y sus correspondientes conexiones urbanas. El grueso de la ejecuci\u00f3n (unos 724.000 euros) se prev\u00e9 para 2023. Esta modificaci\u00f3n afecta al presupuesto de la Gerencia de Urbanismo, que es quien ejecuta la inversi\u00f3n.<\/p>\n","protected":false},"excerpt":{"rendered":"<p>Se debatir\u00e1 en Pleno el 7 de abril, asciende a 2,8 millones de euros y recoge proyectos con financiaci\u00f3n de los fondos europeos Next Generation EU<\/p>\n","protected":false},"author":1,"featured_media":39490,"comment_status":"open","ping_status":"closed","sticky":false,"template":"","format":"standard","meta":{"footnotes":""},"categories":[2],"tags":[],"class_list":["post-39700","post","type-post","status-publish","format-standard","has-post-thumbnail","hentry","category-ayuntamiento-pamplona"],"yoast_head":"<!-- This site is optimized with the Yoast SEO plugin v27.3 - https:\/\/yoast.com\/product\/yoast-seo-wordpress\/ -->\n<title>La gesti\u00f3n de una Zona de Bajas Emisiones, el ascensor de Trinitarios o nuevos carriles bici, proyectos incluidos en una nueva propuesta de modificaci\u00f3n presupuestaria<\/title>\n<meta name=\"description\" content=\"Se debatir\u00e1 en Pleno el 7 de abril, asciende a 2,8 millones de euros y recoge proyectos con financiaci\u00f3n de los fondos europeos Next Generation EU\" \/>\n<meta name=\"robots\" content=\"index, follow, max-snippet:-1, max-image-preview:large, max-video-preview:-1\" \/>\n<link rel=\"canonical\" href=\"https:\/\/www.laguiadepamplona.com\/actualidad\/la-gestion-de-una-zona-de-bajas-emisiones-el-ascensor-de-trinitarios-o-nuevos-carriles-bici-proyectos-incluidos-en-una-nueva-propuesta-de-modificacion-presupuestaria\/\" \/>\n<meta property=\"og:locale\" content=\"es_ES\" \/>\n<meta property=\"og:type\" content=\"article\" \/>\n<meta property=\"og:title\" content=\"La gesti\u00f3n de una Zona de Bajas Emisiones, el ascensor de Trinitarios o nuevos carriles bici, proyectos incluidos en una nueva propuesta de modificaci\u00f3n presupuestaria\" \/>\n<meta property=\"og:description\" content=\"Se debatir\u00e1 en Pleno el 7 de abril, asciende a 2,8 millones de euros y recoge proyectos con financiaci\u00f3n de los fondos europeos Next Generation EU\" \/>\n<meta property=\"og:url\" content=\"https:\/\/www.laguiadepamplona.com\/actualidad\/la-gestion-de-una-zona-de-bajas-emisiones-el-ascensor-de-trinitarios-o-nuevos-carriles-bici-proyectos-incluidos-en-una-nueva-propuesta-de-modificacion-presupuestaria\/\" \/>\n<meta property=\"og:site_name\" content=\"La Gu\u00eda de Pamplona\" \/>\n<meta property=\"article:publisher\" content=\"https:\/\/www.facebook.com\/laguiadepamplonacom-133175176762273\/?ref=hl\" \/>\n<meta property=\"article:published_time\" content=\"2022-03-29T14:14:55+00:00\" \/>\n<meta property=\"article:modified_time\" content=\"2023-04-11T09:48:21+00:00\" \/>\n<meta property=\"og:image\" content=\"https:\/\/www.laguiadepamplona.com\/actualidad\/wp-content\/uploads\/2022\/03\/CARRIL-BICI_LABRIT_MAGDALENA_TXANTREA_17032022_EE5A2494.jpg\" \/>\n\t<meta property=\"og:image:width\" content=\"1920\" \/>\n\t<meta property=\"og:image:height\" content=\"1280\" \/>\n\t<meta property=\"og:image:type\" content=\"image\/jpeg\" \/>\n<meta name=\"author\" content=\"La Gu\u00eda de Pamplona\" \/>\n<meta name=\"twitter:card\" content=\"summary_large_image\" \/>\n<meta name=\"twitter:creator\" content=\"@LaGuiadPamplona\" \/>\n<meta name=\"twitter:site\" content=\"@LaGuiadPamplona\" \/>\n<meta name=\"twitter:label1\" content=\"Escrito por\" \/>\n\t<meta name=\"twitter:data1\" content=\"La Gu\u00eda de Pamplona\" \/>\n\t<meta name=\"twitter:label2\" content=\"Tiempo de lectura\" \/>\n\t<meta name=\"twitter:data2\" content=\"4 minutos\" \/>\n<script type=\"application\/ld+json\" class=\"yoast-schema-graph\">{\"@context\":\"https:\\\/\\\/schema.org\",\"@graph\":[{\"@type\":\"Article\",\"@id\":\"https:\\\/\\\/www.laguiadepamplona.com\\\/actualidad\\\/la-gestion-de-una-zona-de-bajas-emisiones-el-ascensor-de-trinitarios-o-nuevos-carriles-bici-proyectos-incluidos-en-una-nueva-propuesta-de-modificacion-presupuestaria\\\/#article\",\"isPartOf\":{\"@id\":\"https:\\\/\\\/www.laguiadepamplona.com\\\/actualidad\\\/la-gestion-de-una-zona-de-bajas-emisiones-el-ascensor-de-trinitarios-o-nuevos-carriles-bici-proyectos-incluidos-en-una-nueva-propuesta-de-modificacion-presupuestaria\\\/\"},\"author\":{\"name\":\"La Gu\u00eda de Pamplona\",\"@id\":\"https:\\\/\\\/www.laguiadepamplona.com\\\/actualidad\\\/#\\\/schema\\\/person\\\/efe887376f0213d4657c93adc50b1fdb\"},\"headline\":\"La gesti\u00f3n de una Zona de Bajas Emisiones, el ascensor de Trinitarios o nuevos carriles bici, proyectos incluidos en una nueva propuesta de modificaci\u00f3n presupuestaria\",\"datePublished\":\"2022-03-29T14:14:55+00:00\",\"dateModified\":\"2023-04-11T09:48:21+00:00\",\"mainEntityOfPage\":{\"@id\":\"https:\\\/\\\/www.laguiadepamplona.com\\\/actualidad\\\/la-gestion-de-una-zona-de-bajas-emisiones-el-ascensor-de-trinitarios-o-nuevos-carriles-bici-proyectos-incluidos-en-una-nueva-propuesta-de-modificacion-presupuestaria\\\/\"},\"wordCount\":823,\"commentCount\":0,\"publisher\":{\"@id\":\"https:\\\/\\\/www.laguiadepamplona.com\\\/actualidad\\\/#organization\"},\"image\":{\"@id\":\"https:\\\/\\\/www.laguiadepamplona.com\\\/actualidad\\\/la-gestion-de-una-zona-de-bajas-emisiones-el-ascensor-de-trinitarios-o-nuevos-carriles-bici-proyectos-incluidos-en-una-nueva-propuesta-de-modificacion-presupuestaria\\\/#primaryimage\"},\"thumbnailUrl\":\"https:\\\/\\\/www.laguiadepamplona.com\\\/actualidad\\\/wp-content\\\/uploads\\\/2022\\\/03\\\/CARRIL-BICI_LABRIT_MAGDALENA_TXANTREA_17032022_EE5A2494.jpg\",\"articleSection\":[\"Ayto Pamplona\"],\"inLanguage\":\"es\",\"potentialAction\":[{\"@type\":\"CommentAction\",\"name\":\"Comment\",\"target\":[\"https:\\\/\\\/www.laguiadepamplona.com\\\/actualidad\\\/la-gestion-de-una-zona-de-bajas-emisiones-el-ascensor-de-trinitarios-o-nuevos-carriles-bici-proyectos-incluidos-en-una-nueva-propuesta-de-modificacion-presupuestaria\\\/#respond\"]}]},{\"@type\":\"WebPage\",\"@id\":\"https:\\\/\\\/www.laguiadepamplona.com\\\/actualidad\\\/la-gestion-de-una-zona-de-bajas-emisiones-el-ascensor-de-trinitarios-o-nuevos-carriles-bici-proyectos-incluidos-en-una-nueva-propuesta-de-modificacion-presupuestaria\\\/\",\"url\":\"https:\\\/\\\/www.laguiadepamplona.com\\\/actualidad\\\/la-gestion-de-una-zona-de-bajas-emisiones-el-ascensor-de-trinitarios-o-nuevos-carriles-bici-proyectos-incluidos-en-una-nueva-propuesta-de-modificacion-presupuestaria\\\/\",\"name\":\"La gesti\u00f3n de una Zona de Bajas Emisiones, el ascensor de Trinitarios o nuevos carriles bici, proyectos incluidos en una nueva propuesta de modificaci\u00f3n presupuestaria\",\"isPartOf\":{\"@id\":\"https:\\\/\\\/www.laguiadepamplona.com\\\/actualidad\\\/#website\"},\"primaryImageOfPage\":{\"@id\":\"https:\\\/\\\/www.laguiadepamplona.com\\\/actualidad\\\/la-gestion-de-una-zona-de-bajas-emisiones-el-ascensor-de-trinitarios-o-nuevos-carriles-bici-proyectos-incluidos-en-una-nueva-propuesta-de-modificacion-presupuestaria\\\/#primaryimage\"},\"image\":{\"@id\":\"https:\\\/\\\/www.laguiadepamplona.com\\\/actualidad\\\/la-gestion-de-una-zona-de-bajas-emisiones-el-ascensor-de-trinitarios-o-nuevos-carriles-bici-proyectos-incluidos-en-una-nueva-propuesta-de-modificacion-presupuestaria\\\/#primaryimage\"},\"thumbnailUrl\":\"https:\\\/\\\/www.laguiadepamplona.com\\\/actualidad\\\/wp-content\\\/uploads\\\/2022\\\/03\\\/CARRIL-BICI_LABRIT_MAGDALENA_TXANTREA_17032022_EE5A2494.jpg\",\"datePublished\":\"2022-03-29T14:14:55+00:00\",\"dateModified\":\"2023-04-11T09:48:21+00:00\",\"description\":\"Se debatir\u00e1 en Pleno el 7 de abril, asciende a 2,8 millones de euros y recoge proyectos con financiaci\u00f3n de los fondos europeos Next Generation EU\",\"breadcrumb\":{\"@id\":\"https:\\\/\\\/www.laguiadepamplona.com\\\/actualidad\\\/la-gestion-de-una-zona-de-bajas-emisiones-el-ascensor-de-trinitarios-o-nuevos-carriles-bici-proyectos-incluidos-en-una-nueva-propuesta-de-modificacion-presupuestaria\\\/#breadcrumb\"},\"inLanguage\":\"es\",\"potentialAction\":[{\"@type\":\"ReadAction\",\"target\":[\"https:\\\/\\\/www.laguiadepamplona.com\\\/actualidad\\\/la-gestion-de-una-zona-de-bajas-emisiones-el-ascensor-de-trinitarios-o-nuevos-carriles-bici-proyectos-incluidos-en-una-nueva-propuesta-de-modificacion-presupuestaria\\\/\"]}]},{\"@type\":\"ImageObject\",\"inLanguage\":\"es\",\"@id\":\"https:\\\/\\\/www.laguiadepamplona.com\\\/actualidad\\\/la-gestion-de-una-zona-de-bajas-emisiones-el-ascensor-de-trinitarios-o-nuevos-carriles-bici-proyectos-incluidos-en-una-nueva-propuesta-de-modificacion-presupuestaria\\\/#primaryimage\",\"url\":\"https:\\\/\\\/www.laguiadepamplona.com\\\/actualidad\\\/wp-content\\\/uploads\\\/2022\\\/03\\\/CARRIL-BICI_LABRIT_MAGDALENA_TXANTREA_17032022_EE5A2494.jpg\",\"contentUrl\":\"https:\\\/\\\/www.laguiadepamplona.com\\\/actualidad\\\/wp-content\\\/uploads\\\/2022\\\/03\\\/CARRIL-BICI_LABRIT_MAGDALENA_TXANTREA_17032022_EE5A2494.jpg\",\"width\":1920,\"height\":1280},{\"@type\":\"BreadcrumbList\",\"@id\":\"https:\\\/\\\/www.laguiadepamplona.com\\\/actualidad\\\/la-gestion-de-una-zona-de-bajas-emisiones-el-ascensor-de-trinitarios-o-nuevos-carriles-bici-proyectos-incluidos-en-una-nueva-propuesta-de-modificacion-presupuestaria\\\/#breadcrumb\",\"itemListElement\":[{\"@type\":\"ListItem\",\"position\":1,\"name\":\"Portada\",\"item\":\"https:\\\/\\\/www.laguiadepamplona.com\\\/actualidad\\\/\"},{\"@type\":\"ListItem\",\"position\":2,\"name\":\"La gesti\u00f3n de una Zona de Bajas Emisiones, el ascensor de Trinitarios o nuevos carriles bici, proyectos incluidos en una nueva propuesta de modificaci\u00f3n presupuestaria\"}]},{\"@type\":\"WebSite\",\"@id\":\"https:\\\/\\\/www.laguiadepamplona.com\\\/actualidad\\\/#website\",\"url\":\"https:\\\/\\\/www.laguiadepamplona.com\\\/actualidad\\\/\",\"name\":\"La gu\u00eda de Pamplona\",\"description\":\"Noticias de Pamplona\",\"publisher\":{\"@id\":\"https:\\\/\\\/www.laguiadepamplona.com\\\/actualidad\\\/#organization\"},\"potentialAction\":[{\"@type\":\"SearchAction\",\"target\":{\"@type\":\"EntryPoint\",\"urlTemplate\":\"https:\\\/\\\/www.laguiadepamplona.com\\\/actualidad\\\/?s={search_term_string}\"},\"query-input\":{\"@type\":\"PropertyValueSpecification\",\"valueRequired\":true,\"valueName\":\"search_term_string\"}}],\"inLanguage\":\"es\"},{\"@type\":\"Organization\",\"@id\":\"https:\\\/\\\/www.laguiadepamplona.com\\\/actualidad\\\/#organization\",\"name\":\"La Gu\u00eda de Pamplona \\\/ Noticias\",\"url\":\"https:\\\/\\\/www.laguiadepamplona.com\\\/actualidad\\\/\",\"logo\":{\"@type\":\"ImageObject\",\"inLanguage\":\"es\",\"@id\":\"https:\\\/\\\/www.laguiadepamplona.com\\\/actualidad\\\/#\\\/schema\\\/logo\\\/image\\\/\",\"url\":\"https:\\\/\\\/www.laguiadepamplona.com\\\/actualidad\\\/wp-content\\\/uploads\\\/2018\\\/11\\\/logo-laguiadepamplona18-web1.png\",\"contentUrl\":\"https:\\\/\\\/www.laguiadepamplona.com\\\/actualidad\\\/wp-content\\\/uploads\\\/2018\\\/11\\\/logo-laguiadepamplona18-web1.png\",\"width\":600,\"height\":196,\"caption\":\"La Gu\u00eda de Pamplona \\\/ Noticias\"},\"image\":{\"@id\":\"https:\\\/\\\/www.laguiadepamplona.com\\\/actualidad\\\/#\\\/schema\\\/logo\\\/image\\\/\"},\"sameAs\":[\"https:\\\/\\\/www.facebook.com\\\/laguiadepamplonacom-133175176762273\\\/?ref=hl\",\"https:\\\/\\\/x.com\\\/LaGuiadPamplona\",\"https:\\\/\\\/www.instagram.com\\\/la_guia_de_pamplona\\\/\",\"https:\\\/\\\/www.youtube.com\\\/user\\\/laguiadepamplona\"]},{\"@type\":\"Person\",\"@id\":\"https:\\\/\\\/www.laguiadepamplona.com\\\/actualidad\\\/#\\\/schema\\\/person\\\/efe887376f0213d4657c93adc50b1fdb\",\"name\":\"La Gu\u00eda de Pamplona\",\"image\":{\"@type\":\"ImageObject\",\"inLanguage\":\"es\",\"@id\":\"https:\\\/\\\/secure.gravatar.com\\\/avatar\\\/b6992f131dc8d30ab0dff15446e9d346d9dbd95992de0fef795073f5ea83a81c?s=96&d=mm&r=g\",\"url\":\"https:\\\/\\\/secure.gravatar.com\\\/avatar\\\/b6992f131dc8d30ab0dff15446e9d346d9dbd95992de0fef795073f5ea83a81c?s=96&d=mm&r=g\",\"contentUrl\":\"https:\\\/\\\/secure.gravatar.com\\\/avatar\\\/b6992f131dc8d30ab0dff15446e9d346d9dbd95992de0fef795073f5ea83a81c?s=96&d=mm&r=g\",\"caption\":\"La Gu\u00eda de Pamplona\"}}]}<\/script>\n<!-- \/ Yoast SEO plugin. -->","yoast_head_json":{"title":"La gesti\u00f3n de una Zona de Bajas Emisiones, el ascensor de Trinitarios o nuevos carriles bici, proyectos incluidos en una nueva propuesta de modificaci\u00f3n presupuestaria","description":"Se debatir\u00e1 en Pleno el 7 de abril, asciende a 2,8 millones de euros y recoge proyectos con financiaci\u00f3n de los fondos europeos Next Generation EU","robots":{"index":"index","follow":"follow","max-snippet":"max-snippet:-1","max-image-preview":"max-image-preview:large","max-video-preview":"max-video-preview:-1"},"canonical":"https:\/\/www.laguiadepamplona.com\/actualidad\/la-gestion-de-una-zona-de-bajas-emisiones-el-ascensor-de-trinitarios-o-nuevos-carriles-bici-proyectos-incluidos-en-una-nueva-propuesta-de-modificacion-presupuestaria\/","og_locale":"es_ES","og_type":"article","og_title":"La gesti\u00f3n de una Zona de Bajas Emisiones, el ascensor de Trinitarios o nuevos carriles bici, proyectos incluidos en una nueva propuesta de modificaci\u00f3n presupuestaria","og_description":"Se debatir\u00e1 en Pleno el 7 de abril, asciende a 2,8 millones de euros y recoge proyectos con financiaci\u00f3n de los fondos europeos Next Generation EU","og_url":"https:\/\/www.laguiadepamplona.com\/actualidad\/la-gestion-de-una-zona-de-bajas-emisiones-el-ascensor-de-trinitarios-o-nuevos-carriles-bici-proyectos-incluidos-en-una-nueva-propuesta-de-modificacion-presupuestaria\/","og_site_name":"La Gu\u00eda de Pamplona","article_publisher":"https:\/\/www.facebook.com\/laguiadepamplonacom-133175176762273\/?ref=hl","article_published_time":"2022-03-29T14:14:55+00:00","article_modified_time":"2023-04-11T09:48:21+00:00","og_image":[{"width":1920,"height":1280,"url":"https:\/\/www.laguiadepamplona.com\/actualidad\/wp-content\/uploads\/2022\/03\/CARRIL-BICI_LABRIT_MAGDALENA_TXANTREA_17032022_EE5A2494.jpg","type":"image\/jpeg"}],"author":"La Gu\u00eda de Pamplona","twitter_card":"summary_large_image","twitter_creator":"@LaGuiadPamplona","twitter_site":"@LaGuiadPamplona","twitter_misc":{"Escrito por":"La Gu\u00eda de Pamplona","Tiempo de lectura":"4 minutos"},"schema":{"@context":"https:\/\/schema.org","@graph":[{"@type":"Article","@id":"https:\/\/www.laguiadepamplona.com\/actualidad\/la-gestion-de-una-zona-de-bajas-emisiones-el-ascensor-de-trinitarios-o-nuevos-carriles-bici-proyectos-incluidos-en-una-nueva-propuesta-de-modificacion-presupuestaria\/#article","isPartOf":{"@id":"https:\/\/www.laguiadepamplona.com\/actualidad\/la-gestion-de-una-zona-de-bajas-emisiones-el-ascensor-de-trinitarios-o-nuevos-carriles-bici-proyectos-incluidos-en-una-nueva-propuesta-de-modificacion-presupuestaria\/"},"author":{"name":"La Gu\u00eda de Pamplona","@id":"https:\/\/www.laguiadepamplona.com\/actualidad\/#\/schema\/person\/efe887376f0213d4657c93adc50b1fdb"},"headline":"La gesti\u00f3n de una Zona de Bajas Emisiones, el ascensor de Trinitarios o nuevos carriles bici, proyectos incluidos en una nueva propuesta de modificaci\u00f3n presupuestaria","datePublished":"2022-03-29T14:14:55+00:00","dateModified":"2023-04-11T09:48:21+00:00","mainEntityOfPage":{"@id":"https:\/\/www.laguiadepamplona.com\/actualidad\/la-gestion-de-una-zona-de-bajas-emisiones-el-ascensor-de-trinitarios-o-nuevos-carriles-bici-proyectos-incluidos-en-una-nueva-propuesta-de-modificacion-presupuestaria\/"},"wordCount":823,"commentCount":0,"publisher":{"@id":"https:\/\/www.laguiadepamplona.com\/actualidad\/#organization"},"image":{"@id":"https:\/\/www.laguiadepamplona.com\/actualidad\/la-gestion-de-una-zona-de-bajas-emisiones-el-ascensor-de-trinitarios-o-nuevos-carriles-bici-proyectos-incluidos-en-una-nueva-propuesta-de-modificacion-presupuestaria\/#primaryimage"},"thumbnailUrl":"https:\/\/www.laguiadepamplona.com\/actualidad\/wp-content\/uploads\/2022\/03\/CARRIL-BICI_LABRIT_MAGDALENA_TXANTREA_17032022_EE5A2494.jpg","articleSection":["Ayto Pamplona"],"inLanguage":"es","potentialAction":[{"@type":"CommentAction","name":"Comment","target":["https:\/\/www.laguiadepamplona.com\/actualidad\/la-gestion-de-una-zona-de-bajas-emisiones-el-ascensor-de-trinitarios-o-nuevos-carriles-bici-proyectos-incluidos-en-una-nueva-propuesta-de-modificacion-presupuestaria\/#respond"]}]},{"@type":"WebPage","@id":"https:\/\/www.laguiadepamplona.com\/actualidad\/la-gestion-de-una-zona-de-bajas-emisiones-el-ascensor-de-trinitarios-o-nuevos-carriles-bici-proyectos-incluidos-en-una-nueva-propuesta-de-modificacion-presupuestaria\/","url":"https:\/\/www.laguiadepamplona.com\/actualidad\/la-gestion-de-una-zona-de-bajas-emisiones-el-ascensor-de-trinitarios-o-nuevos-carriles-bici-proyectos-incluidos-en-una-nueva-propuesta-de-modificacion-presupuestaria\/","name":"La gesti\u00f3n de una Zona de Bajas Emisiones, el ascensor de Trinitarios o nuevos carriles bici, proyectos incluidos en una nueva propuesta de modificaci\u00f3n presupuestaria","isPartOf":{"@id":"https:\/\/www.laguiadepamplona.com\/actualidad\/#website"},"primaryImageOfPage":{"@id":"https:\/\/www.laguiadepamplona.com\/actualidad\/la-gestion-de-una-zona-de-bajas-emisiones-el-ascensor-de-trinitarios-o-nuevos-carriles-bici-proyectos-incluidos-en-una-nueva-propuesta-de-modificacion-presupuestaria\/#primaryimage"},"image":{"@id":"https:\/\/www.laguiadepamplona.com\/actualidad\/la-gestion-de-una-zona-de-bajas-emisiones-el-ascensor-de-trinitarios-o-nuevos-carriles-bici-proyectos-incluidos-en-una-nueva-propuesta-de-modificacion-presupuestaria\/#primaryimage"},"thumbnailUrl":"https:\/\/www.laguiadepamplona.com\/actualidad\/wp-content\/uploads\/2022\/03\/CARRIL-BICI_LABRIT_MAGDALENA_TXANTREA_17032022_EE5A2494.jpg","datePublished":"2022-03-29T14:14:55+00:00","dateModified":"2023-04-11T09:48:21+00:00","description":"Se debatir\u00e1 en Pleno el 7 de abril, asciende a 2,8 millones de euros y recoge proyectos con financiaci\u00f3n de los fondos europeos Next Generation EU","breadcrumb":{"@id":"https:\/\/www.laguiadepamplona.com\/actualidad\/la-gestion-de-una-zona-de-bajas-emisiones-el-ascensor-de-trinitarios-o-nuevos-carriles-bici-proyectos-incluidos-en-una-nueva-propuesta-de-modificacion-presupuestaria\/#breadcrumb"},"inLanguage":"es","potentialAction":[{"@type":"ReadAction","target":["https:\/\/www.laguiadepamplona.com\/actualidad\/la-gestion-de-una-zona-de-bajas-emisiones-el-ascensor-de-trinitarios-o-nuevos-carriles-bici-proyectos-incluidos-en-una-nueva-propuesta-de-modificacion-presupuestaria\/"]}]},{"@type":"ImageObject","inLanguage":"es","@id":"https:\/\/www.laguiadepamplona.com\/actualidad\/la-gestion-de-una-zona-de-bajas-emisiones-el-ascensor-de-trinitarios-o-nuevos-carriles-bici-proyectos-incluidos-en-una-nueva-propuesta-de-modificacion-presupuestaria\/#primaryimage","url":"https:\/\/www.laguiadepamplona.com\/actualidad\/wp-content\/uploads\/2022\/03\/CARRIL-BICI_LABRIT_MAGDALENA_TXANTREA_17032022_EE5A2494.jpg","contentUrl":"https:\/\/www.laguiadepamplona.com\/actualidad\/wp-content\/uploads\/2022\/03\/CARRIL-BICI_LABRIT_MAGDALENA_TXANTREA_17032022_EE5A2494.jpg","width":1920,"height":1280},{"@type":"BreadcrumbList","@id":"https:\/\/www.laguiadepamplona.com\/actualidad\/la-gestion-de-una-zona-de-bajas-emisiones-el-ascensor-de-trinitarios-o-nuevos-carriles-bici-proyectos-incluidos-en-una-nueva-propuesta-de-modificacion-presupuestaria\/#breadcrumb","itemListElement":[{"@type":"ListItem","position":1,"name":"Portada","item":"https:\/\/www.laguiadepamplona.com\/actualidad\/"},{"@type":"ListItem","position":2,"name":"La gesti\u00f3n de una Zona de Bajas Emisiones, el ascensor de Trinitarios o nuevos carriles bici, proyectos incluidos en una nueva propuesta de modificaci\u00f3n presupuestaria"}]},{"@type":"WebSite","@id":"https:\/\/www.laguiadepamplona.com\/actualidad\/#website","url":"https:\/\/www.laguiadepamplona.com\/actualidad\/","name":"La gu\u00eda de Pamplona","description":"Noticias de Pamplona","publisher":{"@id":"https:\/\/www.laguiadepamplona.com\/actualidad\/#organization"},"potentialAction":[{"@type":"SearchAction","target":{"@type":"EntryPoint","urlTemplate":"https:\/\/www.laguiadepamplona.com\/actualidad\/?s={search_term_string}"},"query-input":{"@type":"PropertyValueSpecification","valueRequired":true,"valueName":"search_term_string"}}],"inLanguage":"es"},{"@type":"Organization","@id":"https:\/\/www.laguiadepamplona.com\/actualidad\/#organization","name":"La Gu\u00eda de Pamplona \/ Noticias","url":"https:\/\/www.laguiadepamplona.com\/actualidad\/","logo":{"@type":"ImageObject","inLanguage":"es","@id":"https:\/\/www.laguiadepamplona.com\/actualidad\/#\/schema\/logo\/image\/","url":"https:\/\/www.laguiadepamplona.com\/actualidad\/wp-content\/uploads\/2018\/11\/logo-laguiadepamplona18-web1.png","contentUrl":"https:\/\/www.laguiadepamplona.com\/actualidad\/wp-content\/uploads\/2018\/11\/logo-laguiadepamplona18-web1.png","width":600,"height":196,"caption":"La Gu\u00eda de Pamplona \/ Noticias"},"image":{"@id":"https:\/\/www.laguiadepamplona.com\/actualidad\/#\/schema\/logo\/image\/"},"sameAs":["https:\/\/www.facebook.com\/laguiadepamplonacom-133175176762273\/?ref=hl","https:\/\/x.com\/LaGuiadPamplona","https:\/\/www.instagram.com\/la_guia_de_pamplona\/","https:\/\/www.youtube.com\/user\/laguiadepamplona"]},{"@type":"Person","@id":"https:\/\/www.laguiadepamplona.com\/actualidad\/#\/schema\/person\/efe887376f0213d4657c93adc50b1fdb","name":"La Gu\u00eda de Pamplona","image":{"@type":"ImageObject","inLanguage":"es","@id":"https:\/\/secure.gravatar.com\/avatar\/b6992f131dc8d30ab0dff15446e9d346d9dbd95992de0fef795073f5ea83a81c?s=96&d=mm&r=g","url":"https:\/\/secure.gravatar.com\/avatar\/b6992f131dc8d30ab0dff15446e9d346d9dbd95992de0fef795073f5ea83a81c?s=96&d=mm&r=g","contentUrl":"https:\/\/secure.gravatar.com\/avatar\/b6992f131dc8d30ab0dff15446e9d346d9dbd95992de0fef795073f5ea83a81c?s=96&d=mm&r=g","caption":"La Gu\u00eda de Pamplona"}}]}},"post_mailing_queue_ids":[],"_links":{"self":[{"href":"https:\/\/www.laguiadepamplona.com\/actualidad\/wp-json\/wp\/v2\/posts\/39700","targetHints":{"allow":["GET"]}}],"collection":[{"href":"https:\/\/www.laguiadepamplona.com\/actualidad\/wp-json\/wp\/v2\/posts"}],"about":[{"href":"https:\/\/www.laguiadepamplona.com\/actualidad\/wp-json\/wp\/v2\/types\/post"}],"author":[{"embeddable":true,"href":"https:\/\/www.laguiadepamplona.com\/actualidad\/wp-json\/wp\/v2\/users\/1"}],"replies":[{"embeddable":true,"href":"https:\/\/www.laguiadepamplona.com\/actualidad\/wp-json\/wp\/v2\/comments?post=39700"}],"version-history":[{"count":0,"href":"https:\/\/www.laguiadepamplona.com\/actualidad\/wp-json\/wp\/v2\/posts\/39700\/revisions"}],"wp:featuredmedia":[{"embeddable":true,"href":"https:\/\/www.laguiadepamplona.com\/actualidad\/wp-json\/wp\/v2\/media\/39490"}],"wp:attachment":[{"href":"https:\/\/www.laguiadepamplona.com\/actualidad\/wp-json\/wp\/v2\/media?parent=39700"}],"wp:term":[{"taxonomy":"category","embeddable":true,"href":"https:\/\/www.laguiadepamplona.com\/actualidad\/wp-json\/wp\/v2\/categories?post=39700"},{"taxonomy":"post_tag","embeddable":true,"href":"https:\/\/www.laguiadepamplona.com\/actualidad\/wp-json\/wp\/v2\/tags?post=39700"}],"curies":[{"name":"wp","href":"https:\/\/api.w.org\/{rel}","templated":true}]}}