{"id":39692,"date":"2022-03-28T17:43:37","date_gmt":"2022-03-28T15:43:37","guid":{"rendered":"https:\/\/www.laguiadepamplona.com\/actualidad\/?p=39692"},"modified":"2023-04-11T11:48:22","modified_gmt":"2023-04-11T09:48:22","slug":"aprobado-un-acuerdo-marco-con-las-nueve-empresas-y-profesionales-que-realizaran-este-ano-los-trabajos-de-diseno-y-estrategia-publicitaria-del-ayuntamiento","status":"publish","type":"post","link":"https:\/\/www.laguiadepamplona.com\/actualidad\/aprobado-un-acuerdo-marco-con-las-nueve-empresas-y-profesionales-que-realizaran-este-ano-los-trabajos-de-diseno-y-estrategia-publicitaria-del-ayuntamiento\/","title":{"rendered":"Aprobado un acuerdo marco con las nueve empresas y profesionales que realizar\u00e1n este a\u00f1o los trabajos de dise\u00f1o y estrategia publicitaria del Ayuntamiento"},"content":{"rendered":"<h5>Han sido seleccionadas en un proceso competitivo para un sistema de trabajo que distingue los encargos publicitarios en funci\u00f3n de su importe<\/h5>\n<p><!--more--><\/p>\n<p>La Junta de Gobierno Local ha aprobado esta ma\u00f1ana el acuerdo marco que selecciona las empresas que en 2022 prestar\u00e1n servicios de estrategia y creatividad para campa\u00f1as de acciones de comunicaci\u00f3n y publicidad institucional del Ayuntamiento de Pamplona. El acuerdo tiene previstas tres posibles pr\u00f3rrogas. En la misma sesi\u00f3n se ha aprobado la adecuaci\u00f3n de este acuerdo a las exigencias que establece el sistema de gesti\u00f3n del Plan de Recuperaci\u00f3n, Transformaci\u00f3n y Resiliencia de los proyectos financiados por el Uni\u00f3n Europea-Next Generation.<br \/>\n<script async src=\"\/\/pagead2.googlesyndication.com\/pagead\/js\/adsbygoogle.js\"><\/script><br \/>\n<!-- Noticias La Guia de Pamplona --><br \/>\n<ins class=\"adsbygoogle\"\nstyle=\"display:block\"\ndata-ad-client=\"ca-pub-6943679897239327\"\ndata-ad-slot=\"7048180777\"\ndata-ad-format=\"auto\"><\/ins><br \/>\n<script>\n(adsbygoogle = window.adsbygoogle || []).push({});\n<\/script><\/p>\n<p>Lo aprobado recoge, por un lado, la empresa adjudicataria de la estrategia y creatividad del Consistorio para campa\u00f1as y acciones de comunicaci\u00f3n y publicidad institucional por importes superiores a 4.000 euros. La empresa seleccionada ha sido La Llorona Comunicaci\u00f3n SL, que ha obtenido la mayor puntuaci\u00f3n de entre las dos que presentaron sus propuestas a esta parte del procedimiento (lote 1).<\/p>\n<p>Por otro, la Junta ha aprobado el listado de empresas que participar\u00e1n en el acuerdo sobre servicios de dise\u00f1o con creatividad y acciones de comunicaci\u00f3n por debajo de 4.000 euros (lote 2), as\u00ed como el orden en el que lo har\u00e1n. De las 23 empresas que participaban en la licitaci\u00f3n, la lista ha quedado finalmente configurada por 8: Hansel y Gretel, Artworks Comunicaci\u00f3n SL, Lady Moustache SL, Javier Errea Comunicaci\u00f3n SL, Eva Chorraut Aguirre, NC Encomunicaci\u00f3n SL, Welldone Estrategias de Comunicaci\u00f3n SL y Tantatic SL.<br \/>\n<script async src=\"\/\/pagead2.googlesyndication.com\/pagead\/js\/adsbygoogle.js\"><\/script><br \/>\n<!-- Noticias La Guia de Pamplona --><br \/>\n<ins class=\"adsbygoogle\"\nstyle=\"display:block\"\ndata-ad-client=\"ca-pub-6943679897239327\"\ndata-ad-slot=\"7048180777\"\ndata-ad-format=\"auto\"><\/ins><br \/>\n<script>\n(adsbygoogle = window.adsbygoogle || []).push({});\n<\/script><\/p>\n<p>El objetivo de las acciones de comunicaci\u00f3n institucional es informar a la ciudadan\u00eda sobre las actividades que desarrolla la instituci\u00f3n y los servicios que pone a su disposici\u00f3n. En ese sentido la creatividad publicitaria contribuye a mejorar la difusi\u00f3n de la informaci\u00f3n y la eficacia del mensaje.<\/p>\n","protected":false},"excerpt":{"rendered":"<p>Han sido seleccionadas en un proceso competitivo para un sistema de trabajo que distingue los encargos publicitarios en funci\u00f3n de su importe<\/p>\n","protected":false},"author":1,"featured_media":36074,"comment_status":"open","ping_status":"closed","sticky":false,"template":"","format":"standard","meta":{"footnotes":""},"categories":[2],"tags":[],"class_list":["post-39692","post","type-post","status-publish","format-standard","has-post-thumbnail","hentry","category-ayuntamiento-pamplona"],"yoast_head":"<!-- This site is optimized with the Yoast SEO plugin v27.3 - https:\/\/yoast.com\/product\/yoast-seo-wordpress\/ -->\n<title>Aprobado un acuerdo marco con las nueve empresas y profesionales que realizar\u00e1n este a\u00f1o los trabajos de dise\u00f1o y estrategia publicitaria del Ayuntamiento<\/title>\n<meta name=\"description\" content=\"Han sido seleccionadas en un proceso competitivo para un sistema de trabajo que distingue los encargos publicitarios en funci\u00f3n de su importe\" \/>\n<meta name=\"robots\" content=\"index, follow, max-snippet:-1, max-image-preview:large, max-video-preview:-1\" \/>\n<link rel=\"canonical\" href=\"https:\/\/www.laguiadepamplona.com\/actualidad\/aprobado-un-acuerdo-marco-con-las-nueve-empresas-y-profesionales-que-realizaran-este-ano-los-trabajos-de-diseno-y-estrategia-publicitaria-del-ayuntamiento\/\" \/>\n<meta property=\"og:locale\" content=\"es_ES\" \/>\n<meta property=\"og:type\" content=\"article\" \/>\n<meta property=\"og:title\" content=\"Aprobado un acuerdo marco con las nueve empresas y profesionales que realizar\u00e1n este a\u00f1o los trabajos de dise\u00f1o y estrategia publicitaria del Ayuntamiento\" \/>\n<meta property=\"og:description\" content=\"Han sido seleccionadas en un proceso competitivo para un sistema de trabajo que distingue los encargos publicitarios en funci\u00f3n de su importe\" \/>\n<meta property=\"og:url\" content=\"https:\/\/www.laguiadepamplona.com\/actualidad\/aprobado-un-acuerdo-marco-con-las-nueve-empresas-y-profesionales-que-realizaran-este-ano-los-trabajos-de-diseno-y-estrategia-publicitaria-del-ayuntamiento\/\" \/>\n<meta property=\"og:site_name\" content=\"La Gu\u00eda de Pamplona\" \/>\n<meta property=\"article:publisher\" content=\"https:\/\/www.facebook.com\/laguiadepamplonacom-133175176762273\/?ref=hl\" \/>\n<meta property=\"article:published_time\" content=\"2022-03-28T15:43:37+00:00\" \/>\n<meta property=\"article:modified_time\" content=\"2023-04-11T09:48:22+00:00\" \/>\n<meta property=\"og:image\" content=\"https:\/\/www.laguiadepamplona.com\/actualidad\/wp-content\/uploads\/2021\/08\/ayuntamiento-pamplona2.jpg\" \/>\n\t<meta property=\"og:image:width\" content=\"1920\" \/>\n\t<meta property=\"og:image:height\" content=\"1080\" \/>\n\t<meta property=\"og:image:type\" content=\"image\/jpeg\" \/>\n<meta name=\"author\" content=\"La Gu\u00eda de Pamplona\" \/>\n<meta name=\"twitter:card\" content=\"summary_large_image\" \/>\n<meta name=\"twitter:creator\" content=\"@LaGuiadPamplona\" \/>\n<meta name=\"twitter:site\" content=\"@LaGuiadPamplona\" \/>\n<meta name=\"twitter:label1\" content=\"Escrito por\" \/>\n\t<meta name=\"twitter:data1\" content=\"La Gu\u00eda de Pamplona\" \/>\n\t<meta name=\"twitter:label2\" content=\"Tiempo de lectura\" \/>\n\t<meta name=\"twitter:data2\" content=\"2 minutos\" \/>\n<script type=\"application\/ld+json\" class=\"yoast-schema-graph\">{\"@context\":\"https:\\\/\\\/schema.org\",\"@graph\":[{\"@type\":\"Article\",\"@id\":\"https:\\\/\\\/www.laguiadepamplona.com\\\/actualidad\\\/aprobado-un-acuerdo-marco-con-las-nueve-empresas-y-profesionales-que-realizaran-este-ano-los-trabajos-de-diseno-y-estrategia-publicitaria-del-ayuntamiento\\\/#article\",\"isPartOf\":{\"@id\":\"https:\\\/\\\/www.laguiadepamplona.com\\\/actualidad\\\/aprobado-un-acuerdo-marco-con-las-nueve-empresas-y-profesionales-que-realizaran-este-ano-los-trabajos-de-diseno-y-estrategia-publicitaria-del-ayuntamiento\\\/\"},\"author\":{\"name\":\"La Gu\u00eda de Pamplona\",\"@id\":\"https:\\\/\\\/www.laguiadepamplona.com\\\/actualidad\\\/#\\\/schema\\\/person\\\/efe887376f0213d4657c93adc50b1fdb\"},\"headline\":\"Aprobado un acuerdo marco con las nueve empresas y profesionales que realizar\u00e1n este a\u00f1o los trabajos de dise\u00f1o y estrategia publicitaria del Ayuntamiento\",\"datePublished\":\"2022-03-28T15:43:37+00:00\",\"dateModified\":\"2023-04-11T09:48:22+00:00\",\"mainEntityOfPage\":{\"@id\":\"https:\\\/\\\/www.laguiadepamplona.com\\\/actualidad\\\/aprobado-un-acuerdo-marco-con-las-nueve-empresas-y-profesionales-que-realizaran-este-ano-los-trabajos-de-diseno-y-estrategia-publicitaria-del-ayuntamiento\\\/\"},\"wordCount\":347,\"commentCount\":0,\"publisher\":{\"@id\":\"https:\\\/\\\/www.laguiadepamplona.com\\\/actualidad\\\/#organization\"},\"image\":{\"@id\":\"https:\\\/\\\/www.laguiadepamplona.com\\\/actualidad\\\/aprobado-un-acuerdo-marco-con-las-nueve-empresas-y-profesionales-que-realizaran-este-ano-los-trabajos-de-diseno-y-estrategia-publicitaria-del-ayuntamiento\\\/#primaryimage\"},\"thumbnailUrl\":\"https:\\\/\\\/www.laguiadepamplona.com\\\/actualidad\\\/wp-content\\\/uploads\\\/2021\\\/08\\\/ayuntamiento-pamplona2.jpg\",\"articleSection\":[\"Ayto Pamplona\"],\"inLanguage\":\"es\",\"potentialAction\":[{\"@type\":\"CommentAction\",\"name\":\"Comment\",\"target\":[\"https:\\\/\\\/www.laguiadepamplona.com\\\/actualidad\\\/aprobado-un-acuerdo-marco-con-las-nueve-empresas-y-profesionales-que-realizaran-este-ano-los-trabajos-de-diseno-y-estrategia-publicitaria-del-ayuntamiento\\\/#respond\"]}]},{\"@type\":\"WebPage\",\"@id\":\"https:\\\/\\\/www.laguiadepamplona.com\\\/actualidad\\\/aprobado-un-acuerdo-marco-con-las-nueve-empresas-y-profesionales-que-realizaran-este-ano-los-trabajos-de-diseno-y-estrategia-publicitaria-del-ayuntamiento\\\/\",\"url\":\"https:\\\/\\\/www.laguiadepamplona.com\\\/actualidad\\\/aprobado-un-acuerdo-marco-con-las-nueve-empresas-y-profesionales-que-realizaran-este-ano-los-trabajos-de-diseno-y-estrategia-publicitaria-del-ayuntamiento\\\/\",\"name\":\"Aprobado un acuerdo marco con las nueve empresas y profesionales que realizar\u00e1n este a\u00f1o los trabajos de dise\u00f1o y estrategia publicitaria del Ayuntamiento\",\"isPartOf\":{\"@id\":\"https:\\\/\\\/www.laguiadepamplona.com\\\/actualidad\\\/#website\"},\"primaryImageOfPage\":{\"@id\":\"https:\\\/\\\/www.laguiadepamplona.com\\\/actualidad\\\/aprobado-un-acuerdo-marco-con-las-nueve-empresas-y-profesionales-que-realizaran-este-ano-los-trabajos-de-diseno-y-estrategia-publicitaria-del-ayuntamiento\\\/#primaryimage\"},\"image\":{\"@id\":\"https:\\\/\\\/www.laguiadepamplona.com\\\/actualidad\\\/aprobado-un-acuerdo-marco-con-las-nueve-empresas-y-profesionales-que-realizaran-este-ano-los-trabajos-de-diseno-y-estrategia-publicitaria-del-ayuntamiento\\\/#primaryimage\"},\"thumbnailUrl\":\"https:\\\/\\\/www.laguiadepamplona.com\\\/actualidad\\\/wp-content\\\/uploads\\\/2021\\\/08\\\/ayuntamiento-pamplona2.jpg\",\"datePublished\":\"2022-03-28T15:43:37+00:00\",\"dateModified\":\"2023-04-11T09:48:22+00:00\",\"description\":\"Han sido seleccionadas en un proceso competitivo para un sistema de trabajo que distingue los encargos publicitarios en funci\u00f3n de su importe\",\"breadcrumb\":{\"@id\":\"https:\\\/\\\/www.laguiadepamplona.com\\\/actualidad\\\/aprobado-un-acuerdo-marco-con-las-nueve-empresas-y-profesionales-que-realizaran-este-ano-los-trabajos-de-diseno-y-estrategia-publicitaria-del-ayuntamiento\\\/#breadcrumb\"},\"inLanguage\":\"es\",\"potentialAction\":[{\"@type\":\"ReadAction\",\"target\":[\"https:\\\/\\\/www.laguiadepamplona.com\\\/actualidad\\\/aprobado-un-acuerdo-marco-con-las-nueve-empresas-y-profesionales-que-realizaran-este-ano-los-trabajos-de-diseno-y-estrategia-publicitaria-del-ayuntamiento\\\/\"]}]},{\"@type\":\"ImageObject\",\"inLanguage\":\"es\",\"@id\":\"https:\\\/\\\/www.laguiadepamplona.com\\\/actualidad\\\/aprobado-un-acuerdo-marco-con-las-nueve-empresas-y-profesionales-que-realizaran-este-ano-los-trabajos-de-diseno-y-estrategia-publicitaria-del-ayuntamiento\\\/#primaryimage\",\"url\":\"https:\\\/\\\/www.laguiadepamplona.com\\\/actualidad\\\/wp-content\\\/uploads\\\/2021\\\/08\\\/ayuntamiento-pamplona2.jpg\",\"contentUrl\":\"https:\\\/\\\/www.laguiadepamplona.com\\\/actualidad\\\/wp-content\\\/uploads\\\/2021\\\/08\\\/ayuntamiento-pamplona2.jpg\",\"width\":1920,\"height\":1080,\"caption\":\"ayuntamiento pamplona\"},{\"@type\":\"BreadcrumbList\",\"@id\":\"https:\\\/\\\/www.laguiadepamplona.com\\\/actualidad\\\/aprobado-un-acuerdo-marco-con-las-nueve-empresas-y-profesionales-que-realizaran-este-ano-los-trabajos-de-diseno-y-estrategia-publicitaria-del-ayuntamiento\\\/#breadcrumb\",\"itemListElement\":[{\"@type\":\"ListItem\",\"position\":1,\"name\":\"Portada\",\"item\":\"https:\\\/\\\/www.laguiadepamplona.com\\\/actualidad\\\/\"},{\"@type\":\"ListItem\",\"position\":2,\"name\":\"Aprobado un acuerdo marco con las nueve empresas y profesionales que realizar\u00e1n este a\u00f1o los trabajos de dise\u00f1o y estrategia publicitaria del Ayuntamiento\"}]},{\"@type\":\"WebSite\",\"@id\":\"https:\\\/\\\/www.laguiadepamplona.com\\\/actualidad\\\/#website\",\"url\":\"https:\\\/\\\/www.laguiadepamplona.com\\\/actualidad\\\/\",\"name\":\"La gu\u00eda de Pamplona\",\"description\":\"Noticias de Pamplona\",\"publisher\":{\"@id\":\"https:\\\/\\\/www.laguiadepamplona.com\\\/actualidad\\\/#organization\"},\"potentialAction\":[{\"@type\":\"SearchAction\",\"target\":{\"@type\":\"EntryPoint\",\"urlTemplate\":\"https:\\\/\\\/www.laguiadepamplona.com\\\/actualidad\\\/?s={search_term_string}\"},\"query-input\":{\"@type\":\"PropertyValueSpecification\",\"valueRequired\":true,\"valueName\":\"search_term_string\"}}],\"inLanguage\":\"es\"},{\"@type\":\"Organization\",\"@id\":\"https:\\\/\\\/www.laguiadepamplona.com\\\/actualidad\\\/#organization\",\"name\":\"La Gu\u00eda de Pamplona \\\/ Noticias\",\"url\":\"https:\\\/\\\/www.laguiadepamplona.com\\\/actualidad\\\/\",\"logo\":{\"@type\":\"ImageObject\",\"inLanguage\":\"es\",\"@id\":\"https:\\\/\\\/www.laguiadepamplona.com\\\/actualidad\\\/#\\\/schema\\\/logo\\\/image\\\/\",\"url\":\"https:\\\/\\\/www.laguiadepamplona.com\\\/actualidad\\\/wp-content\\\/uploads\\\/2018\\\/11\\\/logo-laguiadepamplona18-web1.png\",\"contentUrl\":\"https:\\\/\\\/www.laguiadepamplona.com\\\/actualidad\\\/wp-content\\\/uploads\\\/2018\\\/11\\\/logo-laguiadepamplona18-web1.png\",\"width\":600,\"height\":196,\"caption\":\"La Gu\u00eda de Pamplona \\\/ Noticias\"},\"image\":{\"@id\":\"https:\\\/\\\/www.laguiadepamplona.com\\\/actualidad\\\/#\\\/schema\\\/logo\\\/image\\\/\"},\"sameAs\":[\"https:\\\/\\\/www.facebook.com\\\/laguiadepamplonacom-133175176762273\\\/?ref=hl\",\"https:\\\/\\\/x.com\\\/LaGuiadPamplona\",\"https:\\\/\\\/www.instagram.com\\\/la_guia_de_pamplona\\\/\",\"https:\\\/\\\/www.youtube.com\\\/user\\\/laguiadepamplona\"]},{\"@type\":\"Person\",\"@id\":\"https:\\\/\\\/www.laguiadepamplona.com\\\/actualidad\\\/#\\\/schema\\\/person\\\/efe887376f0213d4657c93adc50b1fdb\",\"name\":\"La Gu\u00eda de Pamplona\",\"image\":{\"@type\":\"ImageObject\",\"inLanguage\":\"es\",\"@id\":\"https:\\\/\\\/secure.gravatar.com\\\/avatar\\\/b6992f131dc8d30ab0dff15446e9d346d9dbd95992de0fef795073f5ea83a81c?s=96&d=mm&r=g\",\"url\":\"https:\\\/\\\/secure.gravatar.com\\\/avatar\\\/b6992f131dc8d30ab0dff15446e9d346d9dbd95992de0fef795073f5ea83a81c?s=96&d=mm&r=g\",\"contentUrl\":\"https:\\\/\\\/secure.gravatar.com\\\/avatar\\\/b6992f131dc8d30ab0dff15446e9d346d9dbd95992de0fef795073f5ea83a81c?s=96&d=mm&r=g\",\"caption\":\"La Gu\u00eda de Pamplona\"}}]}<\/script>\n<!-- \/ Yoast SEO plugin. -->","yoast_head_json":{"title":"Aprobado un acuerdo marco con las nueve empresas y profesionales que realizar\u00e1n este a\u00f1o los trabajos de dise\u00f1o y estrategia publicitaria del Ayuntamiento","description":"Han sido seleccionadas en un proceso competitivo para un sistema de trabajo que distingue los encargos publicitarios en funci\u00f3n de su importe","robots":{"index":"index","follow":"follow","max-snippet":"max-snippet:-1","max-image-preview":"max-image-preview:large","max-video-preview":"max-video-preview:-1"},"canonical":"https:\/\/www.laguiadepamplona.com\/actualidad\/aprobado-un-acuerdo-marco-con-las-nueve-empresas-y-profesionales-que-realizaran-este-ano-los-trabajos-de-diseno-y-estrategia-publicitaria-del-ayuntamiento\/","og_locale":"es_ES","og_type":"article","og_title":"Aprobado un acuerdo marco con las nueve empresas y profesionales que realizar\u00e1n este a\u00f1o los trabajos de dise\u00f1o y estrategia publicitaria del Ayuntamiento","og_description":"Han sido seleccionadas en un proceso competitivo para un sistema de trabajo que distingue los encargos publicitarios en funci\u00f3n de su importe","og_url":"https:\/\/www.laguiadepamplona.com\/actualidad\/aprobado-un-acuerdo-marco-con-las-nueve-empresas-y-profesionales-que-realizaran-este-ano-los-trabajos-de-diseno-y-estrategia-publicitaria-del-ayuntamiento\/","og_site_name":"La Gu\u00eda de Pamplona","article_publisher":"https:\/\/www.facebook.com\/laguiadepamplonacom-133175176762273\/?ref=hl","article_published_time":"2022-03-28T15:43:37+00:00","article_modified_time":"2023-04-11T09:48:22+00:00","og_image":[{"width":1920,"height":1080,"url":"https:\/\/www.laguiadepamplona.com\/actualidad\/wp-content\/uploads\/2021\/08\/ayuntamiento-pamplona2.jpg","type":"image\/jpeg"}],"author":"La Gu\u00eda de Pamplona","twitter_card":"summary_large_image","twitter_creator":"@LaGuiadPamplona","twitter_site":"@LaGuiadPamplona","twitter_misc":{"Escrito por":"La Gu\u00eda de Pamplona","Tiempo de lectura":"2 minutos"},"schema":{"@context":"https:\/\/schema.org","@graph":[{"@type":"Article","@id":"https:\/\/www.laguiadepamplona.com\/actualidad\/aprobado-un-acuerdo-marco-con-las-nueve-empresas-y-profesionales-que-realizaran-este-ano-los-trabajos-de-diseno-y-estrategia-publicitaria-del-ayuntamiento\/#article","isPartOf":{"@id":"https:\/\/www.laguiadepamplona.com\/actualidad\/aprobado-un-acuerdo-marco-con-las-nueve-empresas-y-profesionales-que-realizaran-este-ano-los-trabajos-de-diseno-y-estrategia-publicitaria-del-ayuntamiento\/"},"author":{"name":"La Gu\u00eda de Pamplona","@id":"https:\/\/www.laguiadepamplona.com\/actualidad\/#\/schema\/person\/efe887376f0213d4657c93adc50b1fdb"},"headline":"Aprobado un acuerdo marco con las nueve empresas y profesionales que realizar\u00e1n este a\u00f1o los trabajos de dise\u00f1o y estrategia publicitaria del Ayuntamiento","datePublished":"2022-03-28T15:43:37+00:00","dateModified":"2023-04-11T09:48:22+00:00","mainEntityOfPage":{"@id":"https:\/\/www.laguiadepamplona.com\/actualidad\/aprobado-un-acuerdo-marco-con-las-nueve-empresas-y-profesionales-que-realizaran-este-ano-los-trabajos-de-diseno-y-estrategia-publicitaria-del-ayuntamiento\/"},"wordCount":347,"commentCount":0,"publisher":{"@id":"https:\/\/www.laguiadepamplona.com\/actualidad\/#organization"},"image":{"@id":"https:\/\/www.laguiadepamplona.com\/actualidad\/aprobado-un-acuerdo-marco-con-las-nueve-empresas-y-profesionales-que-realizaran-este-ano-los-trabajos-de-diseno-y-estrategia-publicitaria-del-ayuntamiento\/#primaryimage"},"thumbnailUrl":"https:\/\/www.laguiadepamplona.com\/actualidad\/wp-content\/uploads\/2021\/08\/ayuntamiento-pamplona2.jpg","articleSection":["Ayto Pamplona"],"inLanguage":"es","potentialAction":[{"@type":"CommentAction","name":"Comment","target":["https:\/\/www.laguiadepamplona.com\/actualidad\/aprobado-un-acuerdo-marco-con-las-nueve-empresas-y-profesionales-que-realizaran-este-ano-los-trabajos-de-diseno-y-estrategia-publicitaria-del-ayuntamiento\/#respond"]}]},{"@type":"WebPage","@id":"https:\/\/www.laguiadepamplona.com\/actualidad\/aprobado-un-acuerdo-marco-con-las-nueve-empresas-y-profesionales-que-realizaran-este-ano-los-trabajos-de-diseno-y-estrategia-publicitaria-del-ayuntamiento\/","url":"https:\/\/www.laguiadepamplona.com\/actualidad\/aprobado-un-acuerdo-marco-con-las-nueve-empresas-y-profesionales-que-realizaran-este-ano-los-trabajos-de-diseno-y-estrategia-publicitaria-del-ayuntamiento\/","name":"Aprobado un acuerdo marco con las nueve empresas y profesionales que realizar\u00e1n este a\u00f1o los trabajos de dise\u00f1o y estrategia publicitaria del Ayuntamiento","isPartOf":{"@id":"https:\/\/www.laguiadepamplona.com\/actualidad\/#website"},"primaryImageOfPage":{"@id":"https:\/\/www.laguiadepamplona.com\/actualidad\/aprobado-un-acuerdo-marco-con-las-nueve-empresas-y-profesionales-que-realizaran-este-ano-los-trabajos-de-diseno-y-estrategia-publicitaria-del-ayuntamiento\/#primaryimage"},"image":{"@id":"https:\/\/www.laguiadepamplona.com\/actualidad\/aprobado-un-acuerdo-marco-con-las-nueve-empresas-y-profesionales-que-realizaran-este-ano-los-trabajos-de-diseno-y-estrategia-publicitaria-del-ayuntamiento\/#primaryimage"},"thumbnailUrl":"https:\/\/www.laguiadepamplona.com\/actualidad\/wp-content\/uploads\/2021\/08\/ayuntamiento-pamplona2.jpg","datePublished":"2022-03-28T15:43:37+00:00","dateModified":"2023-04-11T09:48:22+00:00","description":"Han sido seleccionadas en un proceso competitivo para un sistema de trabajo que distingue los encargos publicitarios en funci\u00f3n de su importe","breadcrumb":{"@id":"https:\/\/www.laguiadepamplona.com\/actualidad\/aprobado-un-acuerdo-marco-con-las-nueve-empresas-y-profesionales-que-realizaran-este-ano-los-trabajos-de-diseno-y-estrategia-publicitaria-del-ayuntamiento\/#breadcrumb"},"inLanguage":"es","potentialAction":[{"@type":"ReadAction","target":["https:\/\/www.laguiadepamplona.com\/actualidad\/aprobado-un-acuerdo-marco-con-las-nueve-empresas-y-profesionales-que-realizaran-este-ano-los-trabajos-de-diseno-y-estrategia-publicitaria-del-ayuntamiento\/"]}]},{"@type":"ImageObject","inLanguage":"es","@id":"https:\/\/www.laguiadepamplona.com\/actualidad\/aprobado-un-acuerdo-marco-con-las-nueve-empresas-y-profesionales-que-realizaran-este-ano-los-trabajos-de-diseno-y-estrategia-publicitaria-del-ayuntamiento\/#primaryimage","url":"https:\/\/www.laguiadepamplona.com\/actualidad\/wp-content\/uploads\/2021\/08\/ayuntamiento-pamplona2.jpg","contentUrl":"https:\/\/www.laguiadepamplona.com\/actualidad\/wp-content\/uploads\/2021\/08\/ayuntamiento-pamplona2.jpg","width":1920,"height":1080,"caption":"ayuntamiento pamplona"},{"@type":"BreadcrumbList","@id":"https:\/\/www.laguiadepamplona.com\/actualidad\/aprobado-un-acuerdo-marco-con-las-nueve-empresas-y-profesionales-que-realizaran-este-ano-los-trabajos-de-diseno-y-estrategia-publicitaria-del-ayuntamiento\/#breadcrumb","itemListElement":[{"@type":"ListItem","position":1,"name":"Portada","item":"https:\/\/www.laguiadepamplona.com\/actualidad\/"},{"@type":"ListItem","position":2,"name":"Aprobado un acuerdo marco con las nueve empresas y profesionales que realizar\u00e1n este a\u00f1o los trabajos de dise\u00f1o y estrategia publicitaria del Ayuntamiento"}]},{"@type":"WebSite","@id":"https:\/\/www.laguiadepamplona.com\/actualidad\/#website","url":"https:\/\/www.laguiadepamplona.com\/actualidad\/","name":"La gu\u00eda de Pamplona","description":"Noticias de Pamplona","publisher":{"@id":"https:\/\/www.laguiadepamplona.com\/actualidad\/#organization"},"potentialAction":[{"@type":"SearchAction","target":{"@type":"EntryPoint","urlTemplate":"https:\/\/www.laguiadepamplona.com\/actualidad\/?s={search_term_string}"},"query-input":{"@type":"PropertyValueSpecification","valueRequired":true,"valueName":"search_term_string"}}],"inLanguage":"es"},{"@type":"Organization","@id":"https:\/\/www.laguiadepamplona.com\/actualidad\/#organization","name":"La Gu\u00eda de Pamplona \/ Noticias","url":"https:\/\/www.laguiadepamplona.com\/actualidad\/","logo":{"@type":"ImageObject","inLanguage":"es","@id":"https:\/\/www.laguiadepamplona.com\/actualidad\/#\/schema\/logo\/image\/","url":"https:\/\/www.laguiadepamplona.com\/actualidad\/wp-content\/uploads\/2018\/11\/logo-laguiadepamplona18-web1.png","contentUrl":"https:\/\/www.laguiadepamplona.com\/actualidad\/wp-content\/uploads\/2018\/11\/logo-laguiadepamplona18-web1.png","width":600,"height":196,"caption":"La Gu\u00eda de Pamplona \/ Noticias"},"image":{"@id":"https:\/\/www.laguiadepamplona.com\/actualidad\/#\/schema\/logo\/image\/"},"sameAs":["https:\/\/www.facebook.com\/laguiadepamplonacom-133175176762273\/?ref=hl","https:\/\/x.com\/LaGuiadPamplona","https:\/\/www.instagram.com\/la_guia_de_pamplona\/","https:\/\/www.youtube.com\/user\/laguiadepamplona"]},{"@type":"Person","@id":"https:\/\/www.laguiadepamplona.com\/actualidad\/#\/schema\/person\/efe887376f0213d4657c93adc50b1fdb","name":"La Gu\u00eda de Pamplona","image":{"@type":"ImageObject","inLanguage":"es","@id":"https:\/\/secure.gravatar.com\/avatar\/b6992f131dc8d30ab0dff15446e9d346d9dbd95992de0fef795073f5ea83a81c?s=96&d=mm&r=g","url":"https:\/\/secure.gravatar.com\/avatar\/b6992f131dc8d30ab0dff15446e9d346d9dbd95992de0fef795073f5ea83a81c?s=96&d=mm&r=g","contentUrl":"https:\/\/secure.gravatar.com\/avatar\/b6992f131dc8d30ab0dff15446e9d346d9dbd95992de0fef795073f5ea83a81c?s=96&d=mm&r=g","caption":"La Gu\u00eda de Pamplona"}}]}},"post_mailing_queue_ids":[],"_links":{"self":[{"href":"https:\/\/www.laguiadepamplona.com\/actualidad\/wp-json\/wp\/v2\/posts\/39692","targetHints":{"allow":["GET"]}}],"collection":[{"href":"https:\/\/www.laguiadepamplona.com\/actualidad\/wp-json\/wp\/v2\/posts"}],"about":[{"href":"https:\/\/www.laguiadepamplona.com\/actualidad\/wp-json\/wp\/v2\/types\/post"}],"author":[{"embeddable":true,"href":"https:\/\/www.laguiadepamplona.com\/actualidad\/wp-json\/wp\/v2\/users\/1"}],"replies":[{"embeddable":true,"href":"https:\/\/www.laguiadepamplona.com\/actualidad\/wp-json\/wp\/v2\/comments?post=39692"}],"version-history":[{"count":0,"href":"https:\/\/www.laguiadepamplona.com\/actualidad\/wp-json\/wp\/v2\/posts\/39692\/revisions"}],"wp:featuredmedia":[{"embeddable":true,"href":"https:\/\/www.laguiadepamplona.com\/actualidad\/wp-json\/wp\/v2\/media\/36074"}],"wp:attachment":[{"href":"https:\/\/www.laguiadepamplona.com\/actualidad\/wp-json\/wp\/v2\/media?parent=39692"}],"wp:term":[{"taxonomy":"category","embeddable":true,"href":"https:\/\/www.laguiadepamplona.com\/actualidad\/wp-json\/wp\/v2\/categories?post=39692"},{"taxonomy":"post_tag","embeddable":true,"href":"https:\/\/www.laguiadepamplona.com\/actualidad\/wp-json\/wp\/v2\/tags?post=39692"}],"curies":[{"name":"wp","href":"https:\/\/api.w.org\/{rel}","templated":true}]}}