{"id":39689,"date":"2022-03-28T17:42:37","date_gmt":"2022-03-28T15:42:37","guid":{"rendered":"https:\/\/www.laguiadepamplona.com\/actualidad\/?p=39689"},"modified":"2023-04-11T11:48:22","modified_gmt":"2023-04-11T09:48:22","slug":"procesionaria-polilla-del-boj-y-cameraria-el-ayuntamiento-refuerza-la-inspeccion-de-las-zonas-verdes-de-la-ciudad-para-controlar-las-plagas-mas-frecuentes-en-primavera","status":"publish","type":"post","link":"https:\/\/www.laguiadepamplona.com\/actualidad\/procesionaria-polilla-del-boj-y-cameraria-el-ayuntamiento-refuerza-la-inspeccion-de-las-zonas-verdes-de-la-ciudad-para-controlar-las-plagas-mas-frecuentes-en-primavera\/","title":{"rendered":"Procesionaria, polilla del boj y cameraria: el Ayuntamiento refuerza la inspecci\u00f3n de las zonas verdes de la ciudad para controlar las plagas m\u00e1s frecuentes en primavera"},"content":{"rendered":"<h5>El Servicio de Jardines aplica la estrategia \u2018Fito 0\u2019 en la gesti\u00f3n y control de las plagas que afectan al arbolado y arbustos de la ciudad<\/h5>\n<p><!--more--><\/p>\n<p>El Servicio de Jardines del Ayuntamiento, en este inicio de primavera, refuerza la inspecci\u00f3n exhaustiva de las zonas verdes de la ciudad de cara al control de las plagas m\u00e1s frecuentes en la vegetaci\u00f3n de Pamplona. Estos d\u00edas el personal t\u00e9cnico de jardines revisa manualmente las borduras de boj para ver la evoluci\u00f3n de la oruga de la <em>Cidalyma perspectalis<\/em>, m\u00e1s conocida como polilla del boj, que, en torno mayo o junio, se convierte en una polilla blanca que se presentan en grandes nubes. Asimismo, ya est\u00e1n colocados en los espacios en los que hay casta\u00f1os de Indias 87 trampas de muestreo de la <em>Cameraria ohridella<\/em> (una polilla que tienen de sobrenombre \u201cMinador del casta\u00f1o de indias\u201d) y tambi\u00e9n se han colocado en los parques hist\u00f3ricos las tradicionales trampas en forma de anillo que tratan de frenar la extensi\u00f3n de la <em>Thaumetopoea pityocampa<\/em> o procesionaria del pino.<\/p>\n<p>Desde 2008, el Consistorio no emplea insecticidas qu\u00edmicos de s\u00edntesis para el control de las plagas en la ciudad. Es lo que se llama pol\u00edtica \u201cFito 0\u201d, cuyo objetivo es no provocar da\u00f1os al medio ambiente ni a la ciudadan\u00eda en el proceso de gesti\u00f3n de las plagas de arbolado y arbustos urbanos. As\u00ed Las trampas que se colocan est\u00e1n vinculadas a facilitar el conteo de la incidencia de estos insectos, para controlar el nivel de infestaci\u00f3n y establecer el umbral de tratamiento necesario, m\u00e1s que a la captura de ejemplares.<\/p>\n<p>Desde el Consistorio se controla la presencia de plagas, para que no afecten a personas y mascotas, y se minimiza sus efectos en las zonas verdes. Si se supera el umbral de infestaci\u00f3n que requiera tratamiento se utilizan labores culturales, acciones que potencien la presencia de depredadores naturales de la plaga y en \u00faltima instancia, la utilizaci\u00f3n de extractos naturales para repeler la plaga. El cambio clim\u00e1tico y el calentamiento est\u00e1n provocando que el tiempo de permanencia de las plagas se prolongue durante varias estaciones.<br \/>\n<script async src=\"\/\/pagead2.googlesyndication.com\/pagead\/js\/adsbygoogle.js\"><\/script><br \/>\n<!-- Noticias La Guia de Pamplona --><br \/>\n<ins class=\"adsbygoogle\"\nstyle=\"display:block\"\ndata-ad-client=\"ca-pub-6943679897239327\"\ndata-ad-slot=\"7048180777\"\ndata-ad-format=\"auto\"><\/ins><br \/>\n<script>\n(adsbygoogle = window.adsbygoogle || []).push({});\n<\/script><\/p>\n<p><strong>Los setos de boj bajo observaci\u00f3n<\/strong><\/p>\n<p>La polilla del boj es de procedencia asi\u00e1tica y se detect\u00f3 en Europa en 2006, en el suroeste de Alemania. Desde entonces se ha extendido r\u00e1pidamente por la UE y en Pamplona est\u00e1 presente al menos desde 2013. Al parecer se propag\u00f3 a trav\u00e9s del cultivo en vivero y, al no tiene predador local y poder volar hasta 30 kil\u00f3metros, se extendi\u00f3 r\u00e1pidamente por la Comarca.<\/p>\n<p>En su ciclo de crecimiento, la oruga que luego da lugar a la polilla defolia los arbustos llegando a afectar incluso a sus partes le\u00f1osas, lo que pone en riesgo su supervivencia. S\u00f3lo en los parques hist\u00f3ricos de Pamplona hay alrededor de 5.600 metros lineales de boj, entre Taconera, Medialuna, Vuelta del Castillo, adem\u00e1s de en el Cementerio. La utilizaci\u00f3n del boj como seto y como elemento de decoraci\u00f3n vegetal (arbustos aislados con tratamiento escult\u00f3rico) hace que sea tambi\u00e9n muy frecuente en jardines particulares.<\/p>\n<p>El personal t\u00e9cnico municipal inspecciona de forma manual las hojas para calcular la aparici\u00f3n de la oruga y en los espacios donde se prev\u00e9 mayor infestaci\u00f3n, coloca \u2018trampas de feromonas\u2019 para monitorear la evoluci\u00f3n y determinar si se alcanza el umbral que marca la necesidad de realizar alg\u00fan tratamiento. En 2019 se produjo un episodio de especial incidencia que, adem\u00e1s, tuvo un impacto visual notorio, en el que se super\u00f3 claramente el umbral de necesidad de tratamiento. En ese caso se utilizaron extractos naturales de ajo o Q<em>uassia amara<\/em>, para intentar hacer menos apetitoso el boj a las orugas de <em>Cydalima<\/em>. En los dos \u00faltimos a\u00f1os su aparici\u00f3n ha sido mucho menor.<br \/>\n<script async src=\"\/\/pagead2.googlesyndication.com\/pagead\/js\/adsbygoogle.js\"><\/script><br \/>\n<!-- Noticias La Guia de Pamplona --><br \/>\n<ins class=\"adsbygoogle\"\nstyle=\"display:block\"\ndata-ad-client=\"ca-pub-6943679897239327\"\ndata-ad-slot=\"7048180777\"\ndata-ad-format=\"auto\"><\/ins><br \/>\n<script>\n(adsbygoogle = window.adsbygoogle || []).push({});\n<\/script><\/p>\n<p><strong>87 trampas para evitar un oto\u00f1o demasiado temprano<\/strong><\/p>\n<p>Quienes paseen esto d\u00edas por parques como Medialuna o Taconera-Vistabella pueden apreciar, colgando de las ramas de los casta\u00f1os a una altura media, unos cubos pl\u00e1sticos transparentes y amarillos, de aproximadamente 30 cms. de lado. Son las trampas-testigo basadas en la atracci\u00f3n por feromonas para el \u201cMinador del casta\u00f1o de Indias\u201d una polilla que en su estado de oruga defolia los \u00e1rboles. En total el Ayuntamiento de Pamplona entre los meses de enero y marzo ha colocado 87 trampas en diferentes ubicaciones.<\/p>\n<p>Las hembras de la <em>Cameraria ohridella, <\/em>una especie que hace tres d\u00e9cadas se extendi\u00f3 desde Centroeuropa, ponen huevos min\u00fasculos en las hojas en primavera, y de ellos salen larvas que van devorando y abri\u00e9ndose camino por las hojas de los casta\u00f1os de Indias, planteando que parques y jardines sufran una defoliaci\u00f3n oto\u00f1al en pleno verano. En un solo verano se suceden hasta cuatro generaciones, y las larvas de la \u00faltima generaci\u00f3n hibernan en las hojas. Por efecto de la acci\u00f3n de estos insectos, el follaje se seca y cae mucho antes de llegado el oto\u00f1o. Las trampas atraen a las larvas y se puede calcular.<br \/>\n<script async src=\"\/\/pagead2.googlesyndication.com\/pagead\/js\/adsbygoogle.js\"><\/script><br \/>\n<!-- Noticias La Guia de Pamplona --><br \/>\n<ins class=\"adsbygoogle\"\nstyle=\"display:block\"\ndata-ad-client=\"ca-pub-6943679897239327\"\ndata-ad-slot=\"7048180777\"\ndata-ad-format=\"auto\"><\/ins><br \/>\n<script>\n(adsbygoogle = window.adsbygoogle || []).push({});\n<\/script><\/p>\n<p><strong>Quema, anillos y p\u00e1jaros contra la procesionaria<\/strong><\/p>\n<p>Esta es una plaga forestal y urbana. En el t\u00e9rmino municipal de Pamplona hay gran cantidad de pinares como los de Medillorri, Mendebaldea y Beloso, al igual que abundan los cedros en los parques y jardines de la ciudad. Los dos primeros, como ejemplo, suman 76.000 m<sup>2<\/sup> de los que un 31% son de propiedad municipal.<\/p>\n<p>El momento \u00e1lgido de la procesionaria se produce entre noviembre y marzo. Los bolsones blancos que se ven en los extremos de las ramas son los nidos del insecto. Una vez que eclosionan y crecen, las orugas descienden por el tronco hasta el suelo, momento en que se entierran. Tras pasar por una fase de \u201cpupa\u201d, del capullo sale la mariposa que volver\u00e1 a colocar los huevos en los \u00e1rboles. La procesionaria defolia de forma paulatina al \u00e1rbol, empezando por la zona cercana al bols\u00f3n desplaz\u00e1ndose luego a los brotes tiernos de forma que pude llegar a acabar con las hojas (ac\u00edculas) lo que produce el secado del ejemplar<\/p>\n<p>Desde 2009 el Servicio de Jardines va revisando y cortando las puntas de las ramas con bolsones que son accesibles, para quemarlos. Este a\u00f1o se han retirado alrededor de 180 bolsones de 54 \u00e1rboles. Adem\u00e1s, desde 2016, el Servicio de Jardines realiza campa\u00f1as de colocaci\u00f3n de \u201canillos de procesionaria\u201d en los ejemplares a los que es dif\u00edcil acceder, por tener m\u00e1s de 15 metros de altura. El anillo es un dispositivo pl\u00e1stico que recoge a la oruga en su bajada por el tronco \u2013al que rodea- y que lleva incorporada una bolsa con sustrato en la que el insecto, se entierra pensando que ha llegado a la superficie. Este a\u00f1o hay colocados 8 anillos en el arbolado de Parques hist\u00f3ricos de Pamplona.<\/p>\n<p>Los bolsones y las orugas se retiran para evitar la extensi\u00f3n de la plaga y, estas \u00faltimas, adem\u00e1s, para evitar accidentes con mascotas y ciudadan\u00eda, dado su car\u00e1cter urticante. Adem\u00e1s, en alianza natural con los p\u00e1jaros, el Consistorio coloca cajas-nido en las zonas arboladas afectadas para atraer a p\u00e1jaros que son sus depredadores naturales: carboneros, herrerillos etc.<\/p>\n","protected":false},"excerpt":{"rendered":"<p>El Servicio de Jardines aplica la estrategia \u2018Fito 0\u2019 en la gesti\u00f3n y control de las plagas que afectan al arbolado y arbustos de la ciudad<\/p>\n","protected":false},"author":1,"featured_media":39690,"comment_status":"open","ping_status":"closed","sticky":false,"template":"","format":"standard","meta":{"footnotes":""},"categories":[2],"tags":[],"class_list":["post-39689","post","type-post","status-publish","format-standard","has-post-thumbnail","hentry","category-ayuntamiento-pamplona"],"yoast_head":"<!-- This site is optimized with the Yoast SEO plugin v27.3 - https:\/\/yoast.com\/product\/yoast-seo-wordpress\/ -->\n<title>Procesionaria, polilla del boj y cameraria: el Ayuntamiento refuerza la inspecci\u00f3n de las zonas verdes de la ciudad para controlar las plagas m\u00e1s frecuentes en primavera<\/title>\n<meta name=\"description\" content=\"El Servicio de Jardines aplica la estrategia \u2018Fito 0\u2019 en la gesti\u00f3n y control de las plagas que afectan al arbolado y arbustos de la ciudad\" \/>\n<meta name=\"robots\" content=\"index, follow, max-snippet:-1, max-image-preview:large, max-video-preview:-1\" \/>\n<link rel=\"canonical\" href=\"https:\/\/www.laguiadepamplona.com\/actualidad\/procesionaria-polilla-del-boj-y-cameraria-el-ayuntamiento-refuerza-la-inspeccion-de-las-zonas-verdes-de-la-ciudad-para-controlar-las-plagas-mas-frecuentes-en-primavera\/\" \/>\n<meta property=\"og:locale\" content=\"es_ES\" \/>\n<meta property=\"og:type\" content=\"article\" \/>\n<meta property=\"og:title\" content=\"Procesionaria, polilla del boj y cameraria: el Ayuntamiento refuerza la inspecci\u00f3n de las zonas verdes de la ciudad para controlar las plagas m\u00e1s frecuentes en primavera\" \/>\n<meta property=\"og:description\" content=\"El Servicio de Jardines aplica la estrategia \u2018Fito 0\u2019 en la gesti\u00f3n y control de las plagas que afectan al arbolado y arbustos de la ciudad\" \/>\n<meta property=\"og:url\" content=\"https:\/\/www.laguiadepamplona.com\/actualidad\/procesionaria-polilla-del-boj-y-cameraria-el-ayuntamiento-refuerza-la-inspeccion-de-las-zonas-verdes-de-la-ciudad-para-controlar-las-plagas-mas-frecuentes-en-primavera\/\" \/>\n<meta property=\"og:site_name\" content=\"La Gu\u00eda de Pamplona\" \/>\n<meta property=\"article:publisher\" content=\"https:\/\/www.facebook.com\/laguiadepamplonacom-133175176762273\/?ref=hl\" \/>\n<meta property=\"article:published_time\" content=\"2022-03-28T15:42:37+00:00\" \/>\n<meta property=\"article:modified_time\" content=\"2023-04-11T09:48:22+00:00\" \/>\n<meta property=\"og:image\" content=\"https:\/\/www.laguiadepamplona.com\/actualidad\/wp-content\/uploads\/2022\/03\/polilla-del-boj.jpg\" \/>\n\t<meta property=\"og:image:width\" content=\"1417\" \/>\n\t<meta property=\"og:image:height\" content=\"1063\" \/>\n\t<meta property=\"og:image:type\" content=\"image\/jpeg\" \/>\n<meta name=\"author\" content=\"La Gu\u00eda de Pamplona\" \/>\n<meta name=\"twitter:card\" content=\"summary_large_image\" \/>\n<meta name=\"twitter:creator\" content=\"@LaGuiadPamplona\" \/>\n<meta name=\"twitter:site\" content=\"@LaGuiadPamplona\" \/>\n<meta name=\"twitter:label1\" content=\"Escrito por\" \/>\n\t<meta name=\"twitter:data1\" content=\"La Gu\u00eda de Pamplona\" \/>\n\t<meta name=\"twitter:label2\" content=\"Tiempo de lectura\" \/>\n\t<meta name=\"twitter:data2\" content=\"6 minutos\" \/>\n<script type=\"application\/ld+json\" class=\"yoast-schema-graph\">{\"@context\":\"https:\\\/\\\/schema.org\",\"@graph\":[{\"@type\":\"Article\",\"@id\":\"https:\\\/\\\/www.laguiadepamplona.com\\\/actualidad\\\/procesionaria-polilla-del-boj-y-cameraria-el-ayuntamiento-refuerza-la-inspeccion-de-las-zonas-verdes-de-la-ciudad-para-controlar-las-plagas-mas-frecuentes-en-primavera\\\/#article\",\"isPartOf\":{\"@id\":\"https:\\\/\\\/www.laguiadepamplona.com\\\/actualidad\\\/procesionaria-polilla-del-boj-y-cameraria-el-ayuntamiento-refuerza-la-inspeccion-de-las-zonas-verdes-de-la-ciudad-para-controlar-las-plagas-mas-frecuentes-en-primavera\\\/\"},\"author\":{\"name\":\"La Gu\u00eda de Pamplona\",\"@id\":\"https:\\\/\\\/www.laguiadepamplona.com\\\/actualidad\\\/#\\\/schema\\\/person\\\/efe887376f0213d4657c93adc50b1fdb\"},\"headline\":\"Procesionaria, polilla del boj y cameraria: el Ayuntamiento refuerza la inspecci\u00f3n de las zonas verdes de la ciudad para controlar las plagas m\u00e1s frecuentes en primavera\",\"datePublished\":\"2022-03-28T15:42:37+00:00\",\"dateModified\":\"2023-04-11T09:48:22+00:00\",\"mainEntityOfPage\":{\"@id\":\"https:\\\/\\\/www.laguiadepamplona.com\\\/actualidad\\\/procesionaria-polilla-del-boj-y-cameraria-el-ayuntamiento-refuerza-la-inspeccion-de-las-zonas-verdes-de-la-ciudad-para-controlar-las-plagas-mas-frecuentes-en-primavera\\\/\"},\"wordCount\":1256,\"commentCount\":0,\"publisher\":{\"@id\":\"https:\\\/\\\/www.laguiadepamplona.com\\\/actualidad\\\/#organization\"},\"image\":{\"@id\":\"https:\\\/\\\/www.laguiadepamplona.com\\\/actualidad\\\/procesionaria-polilla-del-boj-y-cameraria-el-ayuntamiento-refuerza-la-inspeccion-de-las-zonas-verdes-de-la-ciudad-para-controlar-las-plagas-mas-frecuentes-en-primavera\\\/#primaryimage\"},\"thumbnailUrl\":\"https:\\\/\\\/www.laguiadepamplona.com\\\/actualidad\\\/wp-content\\\/uploads\\\/2022\\\/03\\\/polilla-del-boj.jpg\",\"articleSection\":[\"Ayto Pamplona\"],\"inLanguage\":\"es\",\"potentialAction\":[{\"@type\":\"CommentAction\",\"name\":\"Comment\",\"target\":[\"https:\\\/\\\/www.laguiadepamplona.com\\\/actualidad\\\/procesionaria-polilla-del-boj-y-cameraria-el-ayuntamiento-refuerza-la-inspeccion-de-las-zonas-verdes-de-la-ciudad-para-controlar-las-plagas-mas-frecuentes-en-primavera\\\/#respond\"]}]},{\"@type\":\"WebPage\",\"@id\":\"https:\\\/\\\/www.laguiadepamplona.com\\\/actualidad\\\/procesionaria-polilla-del-boj-y-cameraria-el-ayuntamiento-refuerza-la-inspeccion-de-las-zonas-verdes-de-la-ciudad-para-controlar-las-plagas-mas-frecuentes-en-primavera\\\/\",\"url\":\"https:\\\/\\\/www.laguiadepamplona.com\\\/actualidad\\\/procesionaria-polilla-del-boj-y-cameraria-el-ayuntamiento-refuerza-la-inspeccion-de-las-zonas-verdes-de-la-ciudad-para-controlar-las-plagas-mas-frecuentes-en-primavera\\\/\",\"name\":\"Procesionaria, polilla del boj y cameraria: el Ayuntamiento refuerza la inspecci\u00f3n de las zonas verdes de la ciudad para controlar las plagas m\u00e1s frecuentes en primavera\",\"isPartOf\":{\"@id\":\"https:\\\/\\\/www.laguiadepamplona.com\\\/actualidad\\\/#website\"},\"primaryImageOfPage\":{\"@id\":\"https:\\\/\\\/www.laguiadepamplona.com\\\/actualidad\\\/procesionaria-polilla-del-boj-y-cameraria-el-ayuntamiento-refuerza-la-inspeccion-de-las-zonas-verdes-de-la-ciudad-para-controlar-las-plagas-mas-frecuentes-en-primavera\\\/#primaryimage\"},\"image\":{\"@id\":\"https:\\\/\\\/www.laguiadepamplona.com\\\/actualidad\\\/procesionaria-polilla-del-boj-y-cameraria-el-ayuntamiento-refuerza-la-inspeccion-de-las-zonas-verdes-de-la-ciudad-para-controlar-las-plagas-mas-frecuentes-en-primavera\\\/#primaryimage\"},\"thumbnailUrl\":\"https:\\\/\\\/www.laguiadepamplona.com\\\/actualidad\\\/wp-content\\\/uploads\\\/2022\\\/03\\\/polilla-del-boj.jpg\",\"datePublished\":\"2022-03-28T15:42:37+00:00\",\"dateModified\":\"2023-04-11T09:48:22+00:00\",\"description\":\"El Servicio de Jardines aplica la estrategia \u2018Fito 0\u2019 en la gesti\u00f3n y control de las plagas que afectan al arbolado y arbustos de la ciudad\",\"breadcrumb\":{\"@id\":\"https:\\\/\\\/www.laguiadepamplona.com\\\/actualidad\\\/procesionaria-polilla-del-boj-y-cameraria-el-ayuntamiento-refuerza-la-inspeccion-de-las-zonas-verdes-de-la-ciudad-para-controlar-las-plagas-mas-frecuentes-en-primavera\\\/#breadcrumb\"},\"inLanguage\":\"es\",\"potentialAction\":[{\"@type\":\"ReadAction\",\"target\":[\"https:\\\/\\\/www.laguiadepamplona.com\\\/actualidad\\\/procesionaria-polilla-del-boj-y-cameraria-el-ayuntamiento-refuerza-la-inspeccion-de-las-zonas-verdes-de-la-ciudad-para-controlar-las-plagas-mas-frecuentes-en-primavera\\\/\"]}]},{\"@type\":\"ImageObject\",\"inLanguage\":\"es\",\"@id\":\"https:\\\/\\\/www.laguiadepamplona.com\\\/actualidad\\\/procesionaria-polilla-del-boj-y-cameraria-el-ayuntamiento-refuerza-la-inspeccion-de-las-zonas-verdes-de-la-ciudad-para-controlar-las-plagas-mas-frecuentes-en-primavera\\\/#primaryimage\",\"url\":\"https:\\\/\\\/www.laguiadepamplona.com\\\/actualidad\\\/wp-content\\\/uploads\\\/2022\\\/03\\\/polilla-del-boj.jpg\",\"contentUrl\":\"https:\\\/\\\/www.laguiadepamplona.com\\\/actualidad\\\/wp-content\\\/uploads\\\/2022\\\/03\\\/polilla-del-boj.jpg\",\"width\":1417,\"height\":1063},{\"@type\":\"BreadcrumbList\",\"@id\":\"https:\\\/\\\/www.laguiadepamplona.com\\\/actualidad\\\/procesionaria-polilla-del-boj-y-cameraria-el-ayuntamiento-refuerza-la-inspeccion-de-las-zonas-verdes-de-la-ciudad-para-controlar-las-plagas-mas-frecuentes-en-primavera\\\/#breadcrumb\",\"itemListElement\":[{\"@type\":\"ListItem\",\"position\":1,\"name\":\"Portada\",\"item\":\"https:\\\/\\\/www.laguiadepamplona.com\\\/actualidad\\\/\"},{\"@type\":\"ListItem\",\"position\":2,\"name\":\"Procesionaria, polilla del boj y cameraria: el Ayuntamiento refuerza la inspecci\u00f3n de las zonas verdes de la ciudad para controlar las plagas m\u00e1s frecuentes en primavera\"}]},{\"@type\":\"WebSite\",\"@id\":\"https:\\\/\\\/www.laguiadepamplona.com\\\/actualidad\\\/#website\",\"url\":\"https:\\\/\\\/www.laguiadepamplona.com\\\/actualidad\\\/\",\"name\":\"La gu\u00eda de Pamplona\",\"description\":\"Noticias de Pamplona\",\"publisher\":{\"@id\":\"https:\\\/\\\/www.laguiadepamplona.com\\\/actualidad\\\/#organization\"},\"potentialAction\":[{\"@type\":\"SearchAction\",\"target\":{\"@type\":\"EntryPoint\",\"urlTemplate\":\"https:\\\/\\\/www.laguiadepamplona.com\\\/actualidad\\\/?s={search_term_string}\"},\"query-input\":{\"@type\":\"PropertyValueSpecification\",\"valueRequired\":true,\"valueName\":\"search_term_string\"}}],\"inLanguage\":\"es\"},{\"@type\":\"Organization\",\"@id\":\"https:\\\/\\\/www.laguiadepamplona.com\\\/actualidad\\\/#organization\",\"name\":\"La Gu\u00eda de Pamplona \\\/ Noticias\",\"url\":\"https:\\\/\\\/www.laguiadepamplona.com\\\/actualidad\\\/\",\"logo\":{\"@type\":\"ImageObject\",\"inLanguage\":\"es\",\"@id\":\"https:\\\/\\\/www.laguiadepamplona.com\\\/actualidad\\\/#\\\/schema\\\/logo\\\/image\\\/\",\"url\":\"https:\\\/\\\/www.laguiadepamplona.com\\\/actualidad\\\/wp-content\\\/uploads\\\/2018\\\/11\\\/logo-laguiadepamplona18-web1.png\",\"contentUrl\":\"https:\\\/\\\/www.laguiadepamplona.com\\\/actualidad\\\/wp-content\\\/uploads\\\/2018\\\/11\\\/logo-laguiadepamplona18-web1.png\",\"width\":600,\"height\":196,\"caption\":\"La Gu\u00eda de Pamplona \\\/ Noticias\"},\"image\":{\"@id\":\"https:\\\/\\\/www.laguiadepamplona.com\\\/actualidad\\\/#\\\/schema\\\/logo\\\/image\\\/\"},\"sameAs\":[\"https:\\\/\\\/www.facebook.com\\\/laguiadepamplonacom-133175176762273\\\/?ref=hl\",\"https:\\\/\\\/x.com\\\/LaGuiadPamplona\",\"https:\\\/\\\/www.instagram.com\\\/la_guia_de_pamplona\\\/\",\"https:\\\/\\\/www.youtube.com\\\/user\\\/laguiadepamplona\"]},{\"@type\":\"Person\",\"@id\":\"https:\\\/\\\/www.laguiadepamplona.com\\\/actualidad\\\/#\\\/schema\\\/person\\\/efe887376f0213d4657c93adc50b1fdb\",\"name\":\"La Gu\u00eda de Pamplona\",\"image\":{\"@type\":\"ImageObject\",\"inLanguage\":\"es\",\"@id\":\"https:\\\/\\\/secure.gravatar.com\\\/avatar\\\/b6992f131dc8d30ab0dff15446e9d346d9dbd95992de0fef795073f5ea83a81c?s=96&d=mm&r=g\",\"url\":\"https:\\\/\\\/secure.gravatar.com\\\/avatar\\\/b6992f131dc8d30ab0dff15446e9d346d9dbd95992de0fef795073f5ea83a81c?s=96&d=mm&r=g\",\"contentUrl\":\"https:\\\/\\\/secure.gravatar.com\\\/avatar\\\/b6992f131dc8d30ab0dff15446e9d346d9dbd95992de0fef795073f5ea83a81c?s=96&d=mm&r=g\",\"caption\":\"La Gu\u00eda de Pamplona\"}}]}<\/script>\n<!-- \/ Yoast SEO plugin. -->","yoast_head_json":{"title":"Procesionaria, polilla del boj y cameraria: el Ayuntamiento refuerza la inspecci\u00f3n de las zonas verdes de la ciudad para controlar las plagas m\u00e1s frecuentes en primavera","description":"El Servicio de Jardines aplica la estrategia \u2018Fito 0\u2019 en la gesti\u00f3n y control de las plagas que afectan al arbolado y arbustos de la ciudad","robots":{"index":"index","follow":"follow","max-snippet":"max-snippet:-1","max-image-preview":"max-image-preview:large","max-video-preview":"max-video-preview:-1"},"canonical":"https:\/\/www.laguiadepamplona.com\/actualidad\/procesionaria-polilla-del-boj-y-cameraria-el-ayuntamiento-refuerza-la-inspeccion-de-las-zonas-verdes-de-la-ciudad-para-controlar-las-plagas-mas-frecuentes-en-primavera\/","og_locale":"es_ES","og_type":"article","og_title":"Procesionaria, polilla del boj y cameraria: el Ayuntamiento refuerza la inspecci\u00f3n de las zonas verdes de la ciudad para controlar las plagas m\u00e1s frecuentes en primavera","og_description":"El Servicio de Jardines aplica la estrategia \u2018Fito 0\u2019 en la gesti\u00f3n y control de las plagas que afectan al arbolado y arbustos de la ciudad","og_url":"https:\/\/www.laguiadepamplona.com\/actualidad\/procesionaria-polilla-del-boj-y-cameraria-el-ayuntamiento-refuerza-la-inspeccion-de-las-zonas-verdes-de-la-ciudad-para-controlar-las-plagas-mas-frecuentes-en-primavera\/","og_site_name":"La Gu\u00eda de Pamplona","article_publisher":"https:\/\/www.facebook.com\/laguiadepamplonacom-133175176762273\/?ref=hl","article_published_time":"2022-03-28T15:42:37+00:00","article_modified_time":"2023-04-11T09:48:22+00:00","og_image":[{"width":1417,"height":1063,"url":"https:\/\/www.laguiadepamplona.com\/actualidad\/wp-content\/uploads\/2022\/03\/polilla-del-boj.jpg","type":"image\/jpeg"}],"author":"La Gu\u00eda de Pamplona","twitter_card":"summary_large_image","twitter_creator":"@LaGuiadPamplona","twitter_site":"@LaGuiadPamplona","twitter_misc":{"Escrito por":"La Gu\u00eda de Pamplona","Tiempo de lectura":"6 minutos"},"schema":{"@context":"https:\/\/schema.org","@graph":[{"@type":"Article","@id":"https:\/\/www.laguiadepamplona.com\/actualidad\/procesionaria-polilla-del-boj-y-cameraria-el-ayuntamiento-refuerza-la-inspeccion-de-las-zonas-verdes-de-la-ciudad-para-controlar-las-plagas-mas-frecuentes-en-primavera\/#article","isPartOf":{"@id":"https:\/\/www.laguiadepamplona.com\/actualidad\/procesionaria-polilla-del-boj-y-cameraria-el-ayuntamiento-refuerza-la-inspeccion-de-las-zonas-verdes-de-la-ciudad-para-controlar-las-plagas-mas-frecuentes-en-primavera\/"},"author":{"name":"La Gu\u00eda de Pamplona","@id":"https:\/\/www.laguiadepamplona.com\/actualidad\/#\/schema\/person\/efe887376f0213d4657c93adc50b1fdb"},"headline":"Procesionaria, polilla del boj y cameraria: el Ayuntamiento refuerza la inspecci\u00f3n de las zonas verdes de la ciudad para controlar las plagas m\u00e1s frecuentes en primavera","datePublished":"2022-03-28T15:42:37+00:00","dateModified":"2023-04-11T09:48:22+00:00","mainEntityOfPage":{"@id":"https:\/\/www.laguiadepamplona.com\/actualidad\/procesionaria-polilla-del-boj-y-cameraria-el-ayuntamiento-refuerza-la-inspeccion-de-las-zonas-verdes-de-la-ciudad-para-controlar-las-plagas-mas-frecuentes-en-primavera\/"},"wordCount":1256,"commentCount":0,"publisher":{"@id":"https:\/\/www.laguiadepamplona.com\/actualidad\/#organization"},"image":{"@id":"https:\/\/www.laguiadepamplona.com\/actualidad\/procesionaria-polilla-del-boj-y-cameraria-el-ayuntamiento-refuerza-la-inspeccion-de-las-zonas-verdes-de-la-ciudad-para-controlar-las-plagas-mas-frecuentes-en-primavera\/#primaryimage"},"thumbnailUrl":"https:\/\/www.laguiadepamplona.com\/actualidad\/wp-content\/uploads\/2022\/03\/polilla-del-boj.jpg","articleSection":["Ayto Pamplona"],"inLanguage":"es","potentialAction":[{"@type":"CommentAction","name":"Comment","target":["https:\/\/www.laguiadepamplona.com\/actualidad\/procesionaria-polilla-del-boj-y-cameraria-el-ayuntamiento-refuerza-la-inspeccion-de-las-zonas-verdes-de-la-ciudad-para-controlar-las-plagas-mas-frecuentes-en-primavera\/#respond"]}]},{"@type":"WebPage","@id":"https:\/\/www.laguiadepamplona.com\/actualidad\/procesionaria-polilla-del-boj-y-cameraria-el-ayuntamiento-refuerza-la-inspeccion-de-las-zonas-verdes-de-la-ciudad-para-controlar-las-plagas-mas-frecuentes-en-primavera\/","url":"https:\/\/www.laguiadepamplona.com\/actualidad\/procesionaria-polilla-del-boj-y-cameraria-el-ayuntamiento-refuerza-la-inspeccion-de-las-zonas-verdes-de-la-ciudad-para-controlar-las-plagas-mas-frecuentes-en-primavera\/","name":"Procesionaria, polilla del boj y cameraria: el Ayuntamiento refuerza la inspecci\u00f3n de las zonas verdes de la ciudad para controlar las plagas m\u00e1s frecuentes en primavera","isPartOf":{"@id":"https:\/\/www.laguiadepamplona.com\/actualidad\/#website"},"primaryImageOfPage":{"@id":"https:\/\/www.laguiadepamplona.com\/actualidad\/procesionaria-polilla-del-boj-y-cameraria-el-ayuntamiento-refuerza-la-inspeccion-de-las-zonas-verdes-de-la-ciudad-para-controlar-las-plagas-mas-frecuentes-en-primavera\/#primaryimage"},"image":{"@id":"https:\/\/www.laguiadepamplona.com\/actualidad\/procesionaria-polilla-del-boj-y-cameraria-el-ayuntamiento-refuerza-la-inspeccion-de-las-zonas-verdes-de-la-ciudad-para-controlar-las-plagas-mas-frecuentes-en-primavera\/#primaryimage"},"thumbnailUrl":"https:\/\/www.laguiadepamplona.com\/actualidad\/wp-content\/uploads\/2022\/03\/polilla-del-boj.jpg","datePublished":"2022-03-28T15:42:37+00:00","dateModified":"2023-04-11T09:48:22+00:00","description":"El Servicio de Jardines aplica la estrategia \u2018Fito 0\u2019 en la gesti\u00f3n y control de las plagas que afectan al arbolado y arbustos de la ciudad","breadcrumb":{"@id":"https:\/\/www.laguiadepamplona.com\/actualidad\/procesionaria-polilla-del-boj-y-cameraria-el-ayuntamiento-refuerza-la-inspeccion-de-las-zonas-verdes-de-la-ciudad-para-controlar-las-plagas-mas-frecuentes-en-primavera\/#breadcrumb"},"inLanguage":"es","potentialAction":[{"@type":"ReadAction","target":["https:\/\/www.laguiadepamplona.com\/actualidad\/procesionaria-polilla-del-boj-y-cameraria-el-ayuntamiento-refuerza-la-inspeccion-de-las-zonas-verdes-de-la-ciudad-para-controlar-las-plagas-mas-frecuentes-en-primavera\/"]}]},{"@type":"ImageObject","inLanguage":"es","@id":"https:\/\/www.laguiadepamplona.com\/actualidad\/procesionaria-polilla-del-boj-y-cameraria-el-ayuntamiento-refuerza-la-inspeccion-de-las-zonas-verdes-de-la-ciudad-para-controlar-las-plagas-mas-frecuentes-en-primavera\/#primaryimage","url":"https:\/\/www.laguiadepamplona.com\/actualidad\/wp-content\/uploads\/2022\/03\/polilla-del-boj.jpg","contentUrl":"https:\/\/www.laguiadepamplona.com\/actualidad\/wp-content\/uploads\/2022\/03\/polilla-del-boj.jpg","width":1417,"height":1063},{"@type":"BreadcrumbList","@id":"https:\/\/www.laguiadepamplona.com\/actualidad\/procesionaria-polilla-del-boj-y-cameraria-el-ayuntamiento-refuerza-la-inspeccion-de-las-zonas-verdes-de-la-ciudad-para-controlar-las-plagas-mas-frecuentes-en-primavera\/#breadcrumb","itemListElement":[{"@type":"ListItem","position":1,"name":"Portada","item":"https:\/\/www.laguiadepamplona.com\/actualidad\/"},{"@type":"ListItem","position":2,"name":"Procesionaria, polilla del boj y cameraria: el Ayuntamiento refuerza la inspecci\u00f3n de las zonas verdes de la ciudad para controlar las plagas m\u00e1s frecuentes en primavera"}]},{"@type":"WebSite","@id":"https:\/\/www.laguiadepamplona.com\/actualidad\/#website","url":"https:\/\/www.laguiadepamplona.com\/actualidad\/","name":"La gu\u00eda de Pamplona","description":"Noticias de Pamplona","publisher":{"@id":"https:\/\/www.laguiadepamplona.com\/actualidad\/#organization"},"potentialAction":[{"@type":"SearchAction","target":{"@type":"EntryPoint","urlTemplate":"https:\/\/www.laguiadepamplona.com\/actualidad\/?s={search_term_string}"},"query-input":{"@type":"PropertyValueSpecification","valueRequired":true,"valueName":"search_term_string"}}],"inLanguage":"es"},{"@type":"Organization","@id":"https:\/\/www.laguiadepamplona.com\/actualidad\/#organization","name":"La Gu\u00eda de Pamplona \/ Noticias","url":"https:\/\/www.laguiadepamplona.com\/actualidad\/","logo":{"@type":"ImageObject","inLanguage":"es","@id":"https:\/\/www.laguiadepamplona.com\/actualidad\/#\/schema\/logo\/image\/","url":"https:\/\/www.laguiadepamplona.com\/actualidad\/wp-content\/uploads\/2018\/11\/logo-laguiadepamplona18-web1.png","contentUrl":"https:\/\/www.laguiadepamplona.com\/actualidad\/wp-content\/uploads\/2018\/11\/logo-laguiadepamplona18-web1.png","width":600,"height":196,"caption":"La Gu\u00eda de Pamplona \/ Noticias"},"image":{"@id":"https:\/\/www.laguiadepamplona.com\/actualidad\/#\/schema\/logo\/image\/"},"sameAs":["https:\/\/www.facebook.com\/laguiadepamplonacom-133175176762273\/?ref=hl","https:\/\/x.com\/LaGuiadPamplona","https:\/\/www.instagram.com\/la_guia_de_pamplona\/","https:\/\/www.youtube.com\/user\/laguiadepamplona"]},{"@type":"Person","@id":"https:\/\/www.laguiadepamplona.com\/actualidad\/#\/schema\/person\/efe887376f0213d4657c93adc50b1fdb","name":"La Gu\u00eda de Pamplona","image":{"@type":"ImageObject","inLanguage":"es","@id":"https:\/\/secure.gravatar.com\/avatar\/b6992f131dc8d30ab0dff15446e9d346d9dbd95992de0fef795073f5ea83a81c?s=96&d=mm&r=g","url":"https:\/\/secure.gravatar.com\/avatar\/b6992f131dc8d30ab0dff15446e9d346d9dbd95992de0fef795073f5ea83a81c?s=96&d=mm&r=g","contentUrl":"https:\/\/secure.gravatar.com\/avatar\/b6992f131dc8d30ab0dff15446e9d346d9dbd95992de0fef795073f5ea83a81c?s=96&d=mm&r=g","caption":"La Gu\u00eda de Pamplona"}}]}},"post_mailing_queue_ids":[],"_links":{"self":[{"href":"https:\/\/www.laguiadepamplona.com\/actualidad\/wp-json\/wp\/v2\/posts\/39689","targetHints":{"allow":["GET"]}}],"collection":[{"href":"https:\/\/www.laguiadepamplona.com\/actualidad\/wp-json\/wp\/v2\/posts"}],"about":[{"href":"https:\/\/www.laguiadepamplona.com\/actualidad\/wp-json\/wp\/v2\/types\/post"}],"author":[{"embeddable":true,"href":"https:\/\/www.laguiadepamplona.com\/actualidad\/wp-json\/wp\/v2\/users\/1"}],"replies":[{"embeddable":true,"href":"https:\/\/www.laguiadepamplona.com\/actualidad\/wp-json\/wp\/v2\/comments?post=39689"}],"version-history":[{"count":0,"href":"https:\/\/www.laguiadepamplona.com\/actualidad\/wp-json\/wp\/v2\/posts\/39689\/revisions"}],"wp:featuredmedia":[{"embeddable":true,"href":"https:\/\/www.laguiadepamplona.com\/actualidad\/wp-json\/wp\/v2\/media\/39690"}],"wp:attachment":[{"href":"https:\/\/www.laguiadepamplona.com\/actualidad\/wp-json\/wp\/v2\/media?parent=39689"}],"wp:term":[{"taxonomy":"category","embeddable":true,"href":"https:\/\/www.laguiadepamplona.com\/actualidad\/wp-json\/wp\/v2\/categories?post=39689"},{"taxonomy":"post_tag","embeddable":true,"href":"https:\/\/www.laguiadepamplona.com\/actualidad\/wp-json\/wp\/v2\/tags?post=39689"}],"curies":[{"name":"wp","href":"https:\/\/api.w.org\/{rel}","templated":true}]}}