{"id":39686,"date":"2022-03-28T17:38:41","date_gmt":"2022-03-28T15:38:41","guid":{"rendered":"https:\/\/www.laguiadepamplona.com\/actualidad\/?p=39686"},"modified":"2023-04-11T11:48:22","modified_gmt":"2023-04-11T09:48:22","slug":"la-policia-comunitaria-ofrecera-la-proxima-semana-atencion-personalizada-en-los-civivox-de-iturrama-mendillorri-y-san-jorge","status":"publish","type":"post","link":"https:\/\/www.laguiadepamplona.com\/actualidad\/la-policia-comunitaria-ofrecera-la-proxima-semana-atencion-personalizada-en-los-civivox-de-iturrama-mendillorri-y-san-jorge\/","title":{"rendered":"La Polic\u00eda Comunitaria ofrecer\u00e1 la pr\u00f3xima semana atenci\u00f3n personalizada en los Civivox de Iturrama, Mendillorri y San Jorge"},"content":{"rendered":"<h5>Las personas interesadas en plantear alguna consulta deber\u00e1n solicitar cita previa<\/h5>\n<p><!--more--><\/p>\n<p>Por segundo mes consecutivo, agentes de la Polic\u00eda Comunitaria acudir\u00e1n la pr\u00f3xima semana a los Civivox de Iturrama, Mendillorri y San Jorge para atender directamente las quejas y necesidades planteadas por la ciudadan\u00eda. La iniciativa permite a los vecinos y vecinas de cada barrio plantear en primera persona solicitudes y sugerencias, si bien es necesario solicitar cita previa para poder ser atendido.<\/p>\n<p>Cada civivox tiene asignado un d\u00eda. El lunes ser\u00e1 el turno de Iturrama, donde la Polic\u00eda Comunitaria atender\u00e1 en el aula 3. Las peticiones de citas podr\u00e1n realizarse en el propio centro o a trav\u00e9s de su tel\u00e9fono, el 948366655. Por su parte, el martes, los agentes acudir\u00e1n al Civivox Mendillorri, donde podr\u00e1n recibir las sugerencias y solicitudes de la poblaci\u00f3n de los barrios de Ripagaina y Santa Mar\u00eda la Real, adem\u00e1s del propio Mendillorri. En este caso, la cita previa habr\u00e1 que solicitarla en el propio centro o en el 948164114. Por \u00faltimo, el mi\u00e9rcoles tendr\u00e1 lugar el encuentro en el Civivox San Jorge, donde se atender\u00e1 a vecinos del barrio y del vecino Buztintxuri. Aquellas personas interesadas en plantear consultas o dudas a los agentes, deber\u00e1n solicitar cita previa en el mismo centro o en el tel\u00e9fono 948136400.<br \/>\n<script async src=\"\/\/pagead2.googlesyndication.com\/pagead\/js\/adsbygoogle.js\"><\/script><br \/>\n<!-- Noticias La Guia de Pamplona --><br \/>\n<ins class=\"adsbygoogle\"\nstyle=\"display:block\"\ndata-ad-client=\"ca-pub-6943679897239327\"\ndata-ad-slot=\"7048180777\"\ndata-ad-format=\"auto\"><\/ins><br \/>\n<script>\n(adsbygoogle = window.adsbygoogle || []).push({});\n<\/script><\/p>\n<p>Estos encuentros, al abrigo del proyecto \u2018Polic\u00eda Comunitaria en tu Civivox\u2019, se repetir\u00e1n los primeros lunes, martes y mi\u00e9rcoles de cada mes, en estos tres barrios de Pamplona. Se trata de una primera experiencia piloto, que podr\u00e1 extenderse al resto de la ciudad si la demanda lo hace necesario.<\/p>\n<p>A trav\u00e9s de esta iniciativa, el Ayuntamiento de Pamplona pretende generar un espacio de intercambio de informaci\u00f3n entre la Polic\u00eda Comunitaria de la ciudad y los barrios y sus gentes. La idea fundamental es mantener una entrevista con las personas que lo hayan solicitado para abordar problem\u00e1ticas relacionadas principalmente con la seguridad ciudadana. No obstante, tambi\u00e9n podr\u00e1n abordarse otros aspectos que preocupen a la ciudadan\u00eda. De hecho, la labor de la Polic\u00eda Comunitaria de Pamplona pasa por el apoyo a las Unidades de Barrio, la intermediaci\u00f3n con personas conflictivas o entre conflictos vecinales.<br \/>\n<script async src=\"\/\/pagead2.googlesyndication.com\/pagead\/js\/adsbygoogle.js\"><\/script><br \/>\n<!-- Noticias La Guia de Pamplona --><br \/>\n<ins class=\"adsbygoogle\"\nstyle=\"display:block\"\ndata-ad-client=\"ca-pub-6943679897239327\"\ndata-ad-slot=\"7048180777\"\ndata-ad-format=\"auto\"><\/ins><br \/>\n<script>\n(adsbygoogle = window.adsbygoogle || []).push({});\n<\/script><\/p>\n<p>Adem\u00e1s, la Polic\u00eda Comunitaria trabaja en red con los funcionarios y empleados del \u00e1mbito social, de la educaci\u00f3n y de las fuerzas de seguridad, y colabora en foros y proyectos que buscan la cercan\u00eda y participaci\u00f3n de la ciudadan\u00eda, como el Pacto del Mayor, Red de Infancia, o el Proyecto europeo CLARA contra el Racismo, la Xenofobia y los delitos e incidentes de odio.<\/p>\n<p>El desarrollo del proyecto \u2018Polic\u00eda comunitaria en tu Civivox\u2019 se realiza entre los agentes titulares de los barrios, apoyados por otros polic\u00edas comunitarios, para que la sinergia ayude a su posterior implantaci\u00f3n en el resto de los barrios de la ciudad.<\/p>\n","protected":false},"excerpt":{"rendered":"<p>Las personas interesadas en plantear alguna consulta deber\u00e1n solicitar cita previa<\/p>\n","protected":false},"author":1,"featured_media":39687,"comment_status":"open","ping_status":"closed","sticky":false,"template":"","format":"standard","meta":{"footnotes":""},"categories":[2],"tags":[],"class_list":["post-39686","post","type-post","status-publish","format-standard","has-post-thumbnail","hentry","category-ayuntamiento-pamplona"],"yoast_head":"<!-- This site is optimized with the Yoast SEO plugin v27.5 - https:\/\/yoast.com\/product\/yoast-seo-wordpress\/ -->\n<title>La Polic\u00eda Comunitaria ofrecer\u00e1 la pr\u00f3xima semana atenci\u00f3n personalizada en los Civivox de Iturrama, Mendillorri y San Jorge<\/title>\n<meta name=\"description\" content=\"Las personas interesadas en plantear alguna consulta deber\u00e1n solicitar cita previa\" \/>\n<meta name=\"robots\" content=\"index, follow, max-snippet:-1, max-image-preview:large, max-video-preview:-1\" \/>\n<link rel=\"canonical\" href=\"https:\/\/www.laguiadepamplona.com\/actualidad\/la-policia-comunitaria-ofrecera-la-proxima-semana-atencion-personalizada-en-los-civivox-de-iturrama-mendillorri-y-san-jorge\/\" \/>\n<meta property=\"og:locale\" content=\"es_ES\" \/>\n<meta property=\"og:type\" content=\"article\" \/>\n<meta property=\"og:title\" content=\"La Polic\u00eda Comunitaria ofrecer\u00e1 la pr\u00f3xima semana atenci\u00f3n personalizada en los Civivox de Iturrama, Mendillorri y San Jorge\" \/>\n<meta property=\"og:description\" content=\"Las personas interesadas en plantear alguna consulta deber\u00e1n solicitar cita previa\" \/>\n<meta property=\"og:url\" content=\"https:\/\/www.laguiadepamplona.com\/actualidad\/la-policia-comunitaria-ofrecera-la-proxima-semana-atencion-personalizada-en-los-civivox-de-iturrama-mendillorri-y-san-jorge\/\" \/>\n<meta property=\"og:site_name\" content=\"La Gu\u00eda de Pamplona\" \/>\n<meta property=\"article:publisher\" content=\"https:\/\/www.facebook.com\/laguiadepamplonacom-133175176762273\/?ref=hl\" \/>\n<meta property=\"article:published_time\" content=\"2022-03-28T15:38:41+00:00\" \/>\n<meta property=\"article:modified_time\" content=\"2023-04-11T09:48:22+00:00\" \/>\n<meta property=\"og:image\" content=\"https:\/\/www.laguiadepamplona.com\/actualidad\/wp-content\/uploads\/2022\/03\/policia-comunitaria.jpg\" \/>\n\t<meta property=\"og:image:width\" content=\"605\" \/>\n\t<meta property=\"og:image:height\" content=\"660\" \/>\n\t<meta property=\"og:image:type\" content=\"image\/jpeg\" \/>\n<meta name=\"author\" content=\"La Gu\u00eda de Pamplona\" \/>\n<meta name=\"twitter:card\" content=\"summary_large_image\" \/>\n<meta name=\"twitter:creator\" content=\"@LaGuiadPamplona\" \/>\n<meta name=\"twitter:site\" content=\"@LaGuiadPamplona\" \/>\n<meta name=\"twitter:label1\" content=\"Escrito por\" \/>\n\t<meta name=\"twitter:data1\" content=\"La Gu\u00eda de Pamplona\" \/>\n\t<meta name=\"twitter:label2\" content=\"Tiempo de lectura\" \/>\n\t<meta name=\"twitter:data2\" content=\"3 minutos\" \/>\n<script type=\"application\/ld+json\" class=\"yoast-schema-graph\">{\"@context\":\"https:\\\/\\\/schema.org\",\"@graph\":[{\"@type\":\"Article\",\"@id\":\"https:\\\/\\\/www.laguiadepamplona.com\\\/actualidad\\\/la-policia-comunitaria-ofrecera-la-proxima-semana-atencion-personalizada-en-los-civivox-de-iturrama-mendillorri-y-san-jorge\\\/#article\",\"isPartOf\":{\"@id\":\"https:\\\/\\\/www.laguiadepamplona.com\\\/actualidad\\\/la-policia-comunitaria-ofrecera-la-proxima-semana-atencion-personalizada-en-los-civivox-de-iturrama-mendillorri-y-san-jorge\\\/\"},\"author\":{\"name\":\"La Gu\u00eda de Pamplona\",\"@id\":\"https:\\\/\\\/www.laguiadepamplona.com\\\/actualidad\\\/#\\\/schema\\\/person\\\/efe887376f0213d4657c93adc50b1fdb\"},\"headline\":\"La Polic\u00eda Comunitaria ofrecer\u00e1 la pr\u00f3xima semana atenci\u00f3n personalizada en los Civivox de Iturrama, Mendillorri y San Jorge\",\"datePublished\":\"2022-03-28T15:38:41+00:00\",\"dateModified\":\"2023-04-11T09:48:22+00:00\",\"mainEntityOfPage\":{\"@id\":\"https:\\\/\\\/www.laguiadepamplona.com\\\/actualidad\\\/la-policia-comunitaria-ofrecera-la-proxima-semana-atencion-personalizada-en-los-civivox-de-iturrama-mendillorri-y-san-jorge\\\/\"},\"wordCount\":516,\"commentCount\":0,\"publisher\":{\"@id\":\"https:\\\/\\\/www.laguiadepamplona.com\\\/actualidad\\\/#organization\"},\"image\":{\"@id\":\"https:\\\/\\\/www.laguiadepamplona.com\\\/actualidad\\\/la-policia-comunitaria-ofrecera-la-proxima-semana-atencion-personalizada-en-los-civivox-de-iturrama-mendillorri-y-san-jorge\\\/#primaryimage\"},\"thumbnailUrl\":\"https:\\\/\\\/www.laguiadepamplona.com\\\/actualidad\\\/wp-content\\\/uploads\\\/2022\\\/03\\\/policia-comunitaria.jpg\",\"articleSection\":[\"Ayto Pamplona\"],\"inLanguage\":\"es\",\"potentialAction\":[{\"@type\":\"CommentAction\",\"name\":\"Comment\",\"target\":[\"https:\\\/\\\/www.laguiadepamplona.com\\\/actualidad\\\/la-policia-comunitaria-ofrecera-la-proxima-semana-atencion-personalizada-en-los-civivox-de-iturrama-mendillorri-y-san-jorge\\\/#respond\"]}]},{\"@type\":\"WebPage\",\"@id\":\"https:\\\/\\\/www.laguiadepamplona.com\\\/actualidad\\\/la-policia-comunitaria-ofrecera-la-proxima-semana-atencion-personalizada-en-los-civivox-de-iturrama-mendillorri-y-san-jorge\\\/\",\"url\":\"https:\\\/\\\/www.laguiadepamplona.com\\\/actualidad\\\/la-policia-comunitaria-ofrecera-la-proxima-semana-atencion-personalizada-en-los-civivox-de-iturrama-mendillorri-y-san-jorge\\\/\",\"name\":\"La Polic\u00eda Comunitaria ofrecer\u00e1 la pr\u00f3xima semana atenci\u00f3n personalizada en los Civivox de Iturrama, Mendillorri y San Jorge\",\"isPartOf\":{\"@id\":\"https:\\\/\\\/www.laguiadepamplona.com\\\/actualidad\\\/#website\"},\"primaryImageOfPage\":{\"@id\":\"https:\\\/\\\/www.laguiadepamplona.com\\\/actualidad\\\/la-policia-comunitaria-ofrecera-la-proxima-semana-atencion-personalizada-en-los-civivox-de-iturrama-mendillorri-y-san-jorge\\\/#primaryimage\"},\"image\":{\"@id\":\"https:\\\/\\\/www.laguiadepamplona.com\\\/actualidad\\\/la-policia-comunitaria-ofrecera-la-proxima-semana-atencion-personalizada-en-los-civivox-de-iturrama-mendillorri-y-san-jorge\\\/#primaryimage\"},\"thumbnailUrl\":\"https:\\\/\\\/www.laguiadepamplona.com\\\/actualidad\\\/wp-content\\\/uploads\\\/2022\\\/03\\\/policia-comunitaria.jpg\",\"datePublished\":\"2022-03-28T15:38:41+00:00\",\"dateModified\":\"2023-04-11T09:48:22+00:00\",\"description\":\"Las personas interesadas en plantear alguna consulta deber\u00e1n solicitar cita previa\",\"breadcrumb\":{\"@id\":\"https:\\\/\\\/www.laguiadepamplona.com\\\/actualidad\\\/la-policia-comunitaria-ofrecera-la-proxima-semana-atencion-personalizada-en-los-civivox-de-iturrama-mendillorri-y-san-jorge\\\/#breadcrumb\"},\"inLanguage\":\"es\",\"potentialAction\":[{\"@type\":\"ReadAction\",\"target\":[\"https:\\\/\\\/www.laguiadepamplona.com\\\/actualidad\\\/la-policia-comunitaria-ofrecera-la-proxima-semana-atencion-personalizada-en-los-civivox-de-iturrama-mendillorri-y-san-jorge\\\/\"]}]},{\"@type\":\"ImageObject\",\"inLanguage\":\"es\",\"@id\":\"https:\\\/\\\/www.laguiadepamplona.com\\\/actualidad\\\/la-policia-comunitaria-ofrecera-la-proxima-semana-atencion-personalizada-en-los-civivox-de-iturrama-mendillorri-y-san-jorge\\\/#primaryimage\",\"url\":\"https:\\\/\\\/www.laguiadepamplona.com\\\/actualidad\\\/wp-content\\\/uploads\\\/2022\\\/03\\\/policia-comunitaria.jpg\",\"contentUrl\":\"https:\\\/\\\/www.laguiadepamplona.com\\\/actualidad\\\/wp-content\\\/uploads\\\/2022\\\/03\\\/policia-comunitaria.jpg\",\"width\":605,\"height\":660},{\"@type\":\"BreadcrumbList\",\"@id\":\"https:\\\/\\\/www.laguiadepamplona.com\\\/actualidad\\\/la-policia-comunitaria-ofrecera-la-proxima-semana-atencion-personalizada-en-los-civivox-de-iturrama-mendillorri-y-san-jorge\\\/#breadcrumb\",\"itemListElement\":[{\"@type\":\"ListItem\",\"position\":1,\"name\":\"Portada\",\"item\":\"https:\\\/\\\/www.laguiadepamplona.com\\\/actualidad\\\/\"},{\"@type\":\"ListItem\",\"position\":2,\"name\":\"La Polic\u00eda Comunitaria ofrecer\u00e1 la pr\u00f3xima semana atenci\u00f3n personalizada en los Civivox de Iturrama, Mendillorri y San Jorge\"}]},{\"@type\":\"WebSite\",\"@id\":\"https:\\\/\\\/www.laguiadepamplona.com\\\/actualidad\\\/#website\",\"url\":\"https:\\\/\\\/www.laguiadepamplona.com\\\/actualidad\\\/\",\"name\":\"La gu\u00eda de Pamplona\",\"description\":\"Noticias de Pamplona\",\"publisher\":{\"@id\":\"https:\\\/\\\/www.laguiadepamplona.com\\\/actualidad\\\/#organization\"},\"potentialAction\":[{\"@type\":\"SearchAction\",\"target\":{\"@type\":\"EntryPoint\",\"urlTemplate\":\"https:\\\/\\\/www.laguiadepamplona.com\\\/actualidad\\\/?s={search_term_string}\"},\"query-input\":{\"@type\":\"PropertyValueSpecification\",\"valueRequired\":true,\"valueName\":\"search_term_string\"}}],\"inLanguage\":\"es\"},{\"@type\":\"Organization\",\"@id\":\"https:\\\/\\\/www.laguiadepamplona.com\\\/actualidad\\\/#organization\",\"name\":\"La Gu\u00eda de Pamplona \\\/ Noticias\",\"url\":\"https:\\\/\\\/www.laguiadepamplona.com\\\/actualidad\\\/\",\"logo\":{\"@type\":\"ImageObject\",\"inLanguage\":\"es\",\"@id\":\"https:\\\/\\\/www.laguiadepamplona.com\\\/actualidad\\\/#\\\/schema\\\/logo\\\/image\\\/\",\"url\":\"https:\\\/\\\/www.laguiadepamplona.com\\\/actualidad\\\/wp-content\\\/uploads\\\/2018\\\/11\\\/logo-laguiadepamplona18-web1.png\",\"contentUrl\":\"https:\\\/\\\/www.laguiadepamplona.com\\\/actualidad\\\/wp-content\\\/uploads\\\/2018\\\/11\\\/logo-laguiadepamplona18-web1.png\",\"width\":600,\"height\":196,\"caption\":\"La Gu\u00eda de Pamplona \\\/ Noticias\"},\"image\":{\"@id\":\"https:\\\/\\\/www.laguiadepamplona.com\\\/actualidad\\\/#\\\/schema\\\/logo\\\/image\\\/\"},\"sameAs\":[\"https:\\\/\\\/www.facebook.com\\\/laguiadepamplonacom-133175176762273\\\/?ref=hl\",\"https:\\\/\\\/x.com\\\/LaGuiadPamplona\",\"https:\\\/\\\/www.instagram.com\\\/la_guia_de_pamplona\\\/\",\"https:\\\/\\\/www.youtube.com\\\/user\\\/laguiadepamplona\"]},{\"@type\":\"Person\",\"@id\":\"https:\\\/\\\/www.laguiadepamplona.com\\\/actualidad\\\/#\\\/schema\\\/person\\\/efe887376f0213d4657c93adc50b1fdb\",\"name\":\"La Gu\u00eda de Pamplona\",\"image\":{\"@type\":\"ImageObject\",\"inLanguage\":\"es\",\"@id\":\"https:\\\/\\\/secure.gravatar.com\\\/avatar\\\/b6992f131dc8d30ab0dff15446e9d346d9dbd95992de0fef795073f5ea83a81c?s=96&d=mm&r=g\",\"url\":\"https:\\\/\\\/secure.gravatar.com\\\/avatar\\\/b6992f131dc8d30ab0dff15446e9d346d9dbd95992de0fef795073f5ea83a81c?s=96&d=mm&r=g\",\"contentUrl\":\"https:\\\/\\\/secure.gravatar.com\\\/avatar\\\/b6992f131dc8d30ab0dff15446e9d346d9dbd95992de0fef795073f5ea83a81c?s=96&d=mm&r=g\",\"caption\":\"La Gu\u00eda de Pamplona\"}}]}<\/script>\n<!-- \/ Yoast SEO plugin. -->","yoast_head_json":{"title":"La Polic\u00eda Comunitaria ofrecer\u00e1 la pr\u00f3xima semana atenci\u00f3n personalizada en los Civivox de Iturrama, Mendillorri y San Jorge","description":"Las personas interesadas en plantear alguna consulta deber\u00e1n solicitar cita previa","robots":{"index":"index","follow":"follow","max-snippet":"max-snippet:-1","max-image-preview":"max-image-preview:large","max-video-preview":"max-video-preview:-1"},"canonical":"https:\/\/www.laguiadepamplona.com\/actualidad\/la-policia-comunitaria-ofrecera-la-proxima-semana-atencion-personalizada-en-los-civivox-de-iturrama-mendillorri-y-san-jorge\/","og_locale":"es_ES","og_type":"article","og_title":"La Polic\u00eda Comunitaria ofrecer\u00e1 la pr\u00f3xima semana atenci\u00f3n personalizada en los Civivox de Iturrama, Mendillorri y San Jorge","og_description":"Las personas interesadas en plantear alguna consulta deber\u00e1n solicitar cita previa","og_url":"https:\/\/www.laguiadepamplona.com\/actualidad\/la-policia-comunitaria-ofrecera-la-proxima-semana-atencion-personalizada-en-los-civivox-de-iturrama-mendillorri-y-san-jorge\/","og_site_name":"La Gu\u00eda de Pamplona","article_publisher":"https:\/\/www.facebook.com\/laguiadepamplonacom-133175176762273\/?ref=hl","article_published_time":"2022-03-28T15:38:41+00:00","article_modified_time":"2023-04-11T09:48:22+00:00","og_image":[{"width":605,"height":660,"url":"https:\/\/www.laguiadepamplona.com\/actualidad\/wp-content\/uploads\/2022\/03\/policia-comunitaria.jpg","type":"image\/jpeg"}],"author":"La Gu\u00eda de Pamplona","twitter_card":"summary_large_image","twitter_creator":"@LaGuiadPamplona","twitter_site":"@LaGuiadPamplona","twitter_misc":{"Escrito por":"La Gu\u00eda de Pamplona","Tiempo de lectura":"3 minutos"},"schema":{"@context":"https:\/\/schema.org","@graph":[{"@type":"Article","@id":"https:\/\/www.laguiadepamplona.com\/actualidad\/la-policia-comunitaria-ofrecera-la-proxima-semana-atencion-personalizada-en-los-civivox-de-iturrama-mendillorri-y-san-jorge\/#article","isPartOf":{"@id":"https:\/\/www.laguiadepamplona.com\/actualidad\/la-policia-comunitaria-ofrecera-la-proxima-semana-atencion-personalizada-en-los-civivox-de-iturrama-mendillorri-y-san-jorge\/"},"author":{"name":"La Gu\u00eda de Pamplona","@id":"https:\/\/www.laguiadepamplona.com\/actualidad\/#\/schema\/person\/efe887376f0213d4657c93adc50b1fdb"},"headline":"La Polic\u00eda Comunitaria ofrecer\u00e1 la pr\u00f3xima semana atenci\u00f3n personalizada en los Civivox de Iturrama, Mendillorri y San Jorge","datePublished":"2022-03-28T15:38:41+00:00","dateModified":"2023-04-11T09:48:22+00:00","mainEntityOfPage":{"@id":"https:\/\/www.laguiadepamplona.com\/actualidad\/la-policia-comunitaria-ofrecera-la-proxima-semana-atencion-personalizada-en-los-civivox-de-iturrama-mendillorri-y-san-jorge\/"},"wordCount":516,"commentCount":0,"publisher":{"@id":"https:\/\/www.laguiadepamplona.com\/actualidad\/#organization"},"image":{"@id":"https:\/\/www.laguiadepamplona.com\/actualidad\/la-policia-comunitaria-ofrecera-la-proxima-semana-atencion-personalizada-en-los-civivox-de-iturrama-mendillorri-y-san-jorge\/#primaryimage"},"thumbnailUrl":"https:\/\/www.laguiadepamplona.com\/actualidad\/wp-content\/uploads\/2022\/03\/policia-comunitaria.jpg","articleSection":["Ayto Pamplona"],"inLanguage":"es","potentialAction":[{"@type":"CommentAction","name":"Comment","target":["https:\/\/www.laguiadepamplona.com\/actualidad\/la-policia-comunitaria-ofrecera-la-proxima-semana-atencion-personalizada-en-los-civivox-de-iturrama-mendillorri-y-san-jorge\/#respond"]}]},{"@type":"WebPage","@id":"https:\/\/www.laguiadepamplona.com\/actualidad\/la-policia-comunitaria-ofrecera-la-proxima-semana-atencion-personalizada-en-los-civivox-de-iturrama-mendillorri-y-san-jorge\/","url":"https:\/\/www.laguiadepamplona.com\/actualidad\/la-policia-comunitaria-ofrecera-la-proxima-semana-atencion-personalizada-en-los-civivox-de-iturrama-mendillorri-y-san-jorge\/","name":"La Polic\u00eda Comunitaria ofrecer\u00e1 la pr\u00f3xima semana atenci\u00f3n personalizada en los Civivox de Iturrama, Mendillorri y San Jorge","isPartOf":{"@id":"https:\/\/www.laguiadepamplona.com\/actualidad\/#website"},"primaryImageOfPage":{"@id":"https:\/\/www.laguiadepamplona.com\/actualidad\/la-policia-comunitaria-ofrecera-la-proxima-semana-atencion-personalizada-en-los-civivox-de-iturrama-mendillorri-y-san-jorge\/#primaryimage"},"image":{"@id":"https:\/\/www.laguiadepamplona.com\/actualidad\/la-policia-comunitaria-ofrecera-la-proxima-semana-atencion-personalizada-en-los-civivox-de-iturrama-mendillorri-y-san-jorge\/#primaryimage"},"thumbnailUrl":"https:\/\/www.laguiadepamplona.com\/actualidad\/wp-content\/uploads\/2022\/03\/policia-comunitaria.jpg","datePublished":"2022-03-28T15:38:41+00:00","dateModified":"2023-04-11T09:48:22+00:00","description":"Las personas interesadas en plantear alguna consulta deber\u00e1n solicitar cita previa","breadcrumb":{"@id":"https:\/\/www.laguiadepamplona.com\/actualidad\/la-policia-comunitaria-ofrecera-la-proxima-semana-atencion-personalizada-en-los-civivox-de-iturrama-mendillorri-y-san-jorge\/#breadcrumb"},"inLanguage":"es","potentialAction":[{"@type":"ReadAction","target":["https:\/\/www.laguiadepamplona.com\/actualidad\/la-policia-comunitaria-ofrecera-la-proxima-semana-atencion-personalizada-en-los-civivox-de-iturrama-mendillorri-y-san-jorge\/"]}]},{"@type":"ImageObject","inLanguage":"es","@id":"https:\/\/www.laguiadepamplona.com\/actualidad\/la-policia-comunitaria-ofrecera-la-proxima-semana-atencion-personalizada-en-los-civivox-de-iturrama-mendillorri-y-san-jorge\/#primaryimage","url":"https:\/\/www.laguiadepamplona.com\/actualidad\/wp-content\/uploads\/2022\/03\/policia-comunitaria.jpg","contentUrl":"https:\/\/www.laguiadepamplona.com\/actualidad\/wp-content\/uploads\/2022\/03\/policia-comunitaria.jpg","width":605,"height":660},{"@type":"BreadcrumbList","@id":"https:\/\/www.laguiadepamplona.com\/actualidad\/la-policia-comunitaria-ofrecera-la-proxima-semana-atencion-personalizada-en-los-civivox-de-iturrama-mendillorri-y-san-jorge\/#breadcrumb","itemListElement":[{"@type":"ListItem","position":1,"name":"Portada","item":"https:\/\/www.laguiadepamplona.com\/actualidad\/"},{"@type":"ListItem","position":2,"name":"La Polic\u00eda Comunitaria ofrecer\u00e1 la pr\u00f3xima semana atenci\u00f3n personalizada en los Civivox de Iturrama, Mendillorri y San Jorge"}]},{"@type":"WebSite","@id":"https:\/\/www.laguiadepamplona.com\/actualidad\/#website","url":"https:\/\/www.laguiadepamplona.com\/actualidad\/","name":"La gu\u00eda de Pamplona","description":"Noticias de Pamplona","publisher":{"@id":"https:\/\/www.laguiadepamplona.com\/actualidad\/#organization"},"potentialAction":[{"@type":"SearchAction","target":{"@type":"EntryPoint","urlTemplate":"https:\/\/www.laguiadepamplona.com\/actualidad\/?s={search_term_string}"},"query-input":{"@type":"PropertyValueSpecification","valueRequired":true,"valueName":"search_term_string"}}],"inLanguage":"es"},{"@type":"Organization","@id":"https:\/\/www.laguiadepamplona.com\/actualidad\/#organization","name":"La Gu\u00eda de Pamplona \/ Noticias","url":"https:\/\/www.laguiadepamplona.com\/actualidad\/","logo":{"@type":"ImageObject","inLanguage":"es","@id":"https:\/\/www.laguiadepamplona.com\/actualidad\/#\/schema\/logo\/image\/","url":"https:\/\/www.laguiadepamplona.com\/actualidad\/wp-content\/uploads\/2018\/11\/logo-laguiadepamplona18-web1.png","contentUrl":"https:\/\/www.laguiadepamplona.com\/actualidad\/wp-content\/uploads\/2018\/11\/logo-laguiadepamplona18-web1.png","width":600,"height":196,"caption":"La Gu\u00eda de Pamplona \/ Noticias"},"image":{"@id":"https:\/\/www.laguiadepamplona.com\/actualidad\/#\/schema\/logo\/image\/"},"sameAs":["https:\/\/www.facebook.com\/laguiadepamplonacom-133175176762273\/?ref=hl","https:\/\/x.com\/LaGuiadPamplona","https:\/\/www.instagram.com\/la_guia_de_pamplona\/","https:\/\/www.youtube.com\/user\/laguiadepamplona"]},{"@type":"Person","@id":"https:\/\/www.laguiadepamplona.com\/actualidad\/#\/schema\/person\/efe887376f0213d4657c93adc50b1fdb","name":"La Gu\u00eda de Pamplona","image":{"@type":"ImageObject","inLanguage":"es","@id":"https:\/\/secure.gravatar.com\/avatar\/b6992f131dc8d30ab0dff15446e9d346d9dbd95992de0fef795073f5ea83a81c?s=96&d=mm&r=g","url":"https:\/\/secure.gravatar.com\/avatar\/b6992f131dc8d30ab0dff15446e9d346d9dbd95992de0fef795073f5ea83a81c?s=96&d=mm&r=g","contentUrl":"https:\/\/secure.gravatar.com\/avatar\/b6992f131dc8d30ab0dff15446e9d346d9dbd95992de0fef795073f5ea83a81c?s=96&d=mm&r=g","caption":"La Gu\u00eda de Pamplona"}}]}},"post_mailing_queue_ids":[],"_links":{"self":[{"href":"https:\/\/www.laguiadepamplona.com\/actualidad\/wp-json\/wp\/v2\/posts\/39686","targetHints":{"allow":["GET"]}}],"collection":[{"href":"https:\/\/www.laguiadepamplona.com\/actualidad\/wp-json\/wp\/v2\/posts"}],"about":[{"href":"https:\/\/www.laguiadepamplona.com\/actualidad\/wp-json\/wp\/v2\/types\/post"}],"author":[{"embeddable":true,"href":"https:\/\/www.laguiadepamplona.com\/actualidad\/wp-json\/wp\/v2\/users\/1"}],"replies":[{"embeddable":true,"href":"https:\/\/www.laguiadepamplona.com\/actualidad\/wp-json\/wp\/v2\/comments?post=39686"}],"version-history":[{"count":0,"href":"https:\/\/www.laguiadepamplona.com\/actualidad\/wp-json\/wp\/v2\/posts\/39686\/revisions"}],"wp:featuredmedia":[{"embeddable":true,"href":"https:\/\/www.laguiadepamplona.com\/actualidad\/wp-json\/wp\/v2\/media\/39687"}],"wp:attachment":[{"href":"https:\/\/www.laguiadepamplona.com\/actualidad\/wp-json\/wp\/v2\/media?parent=39686"}],"wp:term":[{"taxonomy":"category","embeddable":true,"href":"https:\/\/www.laguiadepamplona.com\/actualidad\/wp-json\/wp\/v2\/categories?post=39686"},{"taxonomy":"post_tag","embeddable":true,"href":"https:\/\/www.laguiadepamplona.com\/actualidad\/wp-json\/wp\/v2\/tags?post=39686"}],"curies":[{"name":"wp","href":"https:\/\/api.w.org\/{rel}","templated":true}]}}