{"id":39683,"date":"2022-03-28T17:36:24","date_gmt":"2022-03-28T15:36:24","guid":{"rendered":"https:\/\/www.laguiadepamplona.com\/actualidad\/?p=39683"},"modified":"2023-04-11T11:48:22","modified_gmt":"2023-04-11T09:48:22","slug":"el-ayuntamiento-edita-un-libro-que-recopila-la-historia-del-grupo-de-teatro-el-lebrel-blanco-en-el-cincuenta-aniversario-de-su-nacimiento","status":"publish","type":"post","link":"https:\/\/www.laguiadepamplona.com\/actualidad\/el-ayuntamiento-edita-un-libro-que-recopila-la-historia-del-grupo-de-teatro-el-lebrel-blanco-en-el-cincuenta-aniversario-de-su-nacimiento\/","title":{"rendered":"El Ayuntamiento edita un libro que recopila la historia del grupo de teatro \u2018El Lebrel Blanco\u2019 en el cincuenta aniversario de su nacimiento"},"content":{"rendered":"<h5>Con 46 montajes representados en sus 18 a\u00f1os de trayectoria, se le considera una de las referencias hist\u00f3ricas del teatro pamplon\u00e9s<\/h5>\n<p><!--more--><\/p>\n<p>El alcalde Enrique Maya ha participado en la presentaci\u00f3n del libro \u2018La colopenda historia del grupo de teatro El Lebrel Blanco\u2019, editado por el Ayuntamiento de Pamplona y escrito por el cr\u00edtico teatral V\u00edctor Iriarte. La obra, que se podr\u00e1 adquirir en las librer\u00edas de la ciudad al precio de 12 euros, resume la trayectoria de un grupo al que se considera referencia hist\u00f3rica de este arte en la ciudad. Naci\u00f3 en 1972 con el apoyo del Ayuntamiento de Pamplona y en sus 18 a\u00f1os de andadura subi\u00f3 a los escenarios un total de 46 montajes.<\/p>\n<p>\u2018<em>La colopenda historia del grupo de teatro El Lebrel Blanco\u2019<\/em> resume los 18 a\u00f1os de trayectoria de un grupo que comenz\u00f3 sus actuaciones p\u00fablicas en febrero de 1972 bajo el liderazgo de tres personalidades de la escena navarra como fueron Valent\u00edn Red\u00edn, Eduardo Bayona y Mar\u00eda Sagrario Dome\u00f1o. Con su \u00faltimo estreno en 1988, El Lebrel Blanco acababa sumando una gran variedad de obras y representaciones: 26 para p\u00fablico adulto, 19 para p\u00fablico familiar y una m\u00e1s pensada para p\u00fablico joven. En total, ofreci\u00f3 a los espectadores 39 t\u00edtulos diferentes, porque tres obras se repusieron en varias ocasiones y dos m\u00e1s fueron remontajes con diferente concepto de puesta en escena.<\/p>\n<p>El libro recopilatorio que ahora edita el Ayuntamiento incluye en sus 400 p\u00e1ginas m\u00e1s de un millar de documentos gr\u00e1ficos. Adem\u00e1s, ofrece el listado completo de montajes con fecha y lugar de estreno y una relaci\u00f3n de nombres de las cerca de 300 personas que participaron en sus montajes a lo largo de su historia.<\/p>\n<p>Esta obra es el resultado de dos a\u00f1os de investigaci\u00f3n en diferentes archivos y hemerotecas y de una veintena de entrevistas que durante este tiempo ha realizado su autor, V\u00edctor Iriarte. Incluye, adem\u00e1s, m\u00e1s de un centenar de cr\u00edticas teatrales publicadas en diversos medios escritos con las opiniones que se vertieron sobre los montajes, lo que permite al lector hacerse una idea cabal del impacto que tuvo en su momento.<br \/>\n<script async src=\"\/\/pagead2.googlesyndication.com\/pagead\/js\/adsbygoogle.js\"><\/script><br \/>\n<!-- Noticias La Guia de Pamplona --><br \/>\n<ins class=\"adsbygoogle\"\nstyle=\"display:block\"\ndata-ad-client=\"ca-pub-6943679897239327\"\ndata-ad-slot=\"7048180777\"\ndata-ad-format=\"auto\"><\/ins><br \/>\n<script>\n(adsbygoogle = window.adsbygoogle || []).push({});\n<\/script><\/p>\n<p><strong>\u2018El Lebrel Blanco\u2019, referencia para el desarrollo del teatro en Pamplona<\/strong><\/p>\n<p>El v\u00ednculo de \u2018El Lebrel Blanco\u2019 con Pamplona le llev\u00f3 no solo a presentar sus obras en la ciudad, sino a fundar en 1979 una escuela de teatro. Adem\u00e1s, el grupo lleg\u00f3 a crear un premio de teatro dedicado a obras in\u00e9ditas y no representadas que cont\u00f3 con un jurado compuesto por destacados autores como Antonio Buero Vallejo, Adolfo Marsillach, Enrique Llovet, Ricardo Salvat y Eduardo Haro, entre otros.<\/p>\n<p>Hasta 1973 \u2018El Lebrel Blanco\u2019 se enfoc\u00f3 al p\u00fablico infantil, pero a partir de esa fecha apost\u00f3 por el teatro para adultos consiguiendo en 1976 el premio \u2018El Pa\u00eds\u2019 al mejor espect\u00e1culo nacional de teatro por \u20181789\u2019. Durante los a\u00f1os en los que estuvo en activo, cosecharon tambi\u00e9n otros galardones como el de Sitges de 1979 por la obra \u2018Utrimque r\u00f3ditur\u2019, el Ignasi Iglesias en 1978 o los de San Javier, Madrid, M\u00e9rida o Nancy. Entre las obras que representaron, se encontraban t\u00edtulos de autores consagrados, como Federico Garc\u00eda Lorca (\u2018Yerma\u2019 o \u2018El amor de Don Perlimpl\u00edn y Belisa en su jard\u00edn\u2019) o \u2018Salom\u00e9\u2019, de Oscar Wilde, as\u00ed como de autores de Navarra, como Patxi Larrainzar. Una de las figuras destacadas de El Lebrel Blanco fue Valent\u00edn Red\u00edn, que dirigi\u00f3 la compa\u00f1\u00eda durante varios a\u00f1os.<br \/>\n<script async src=\"\/\/pagead2.googlesyndication.com\/pagead\/js\/adsbygoogle.js\"><\/script><br \/>\n<!-- Noticias La Guia de Pamplona --><br \/>\n<ins class=\"adsbygoogle\"\nstyle=\"display:block\"\ndata-ad-client=\"ca-pub-6943679897239327\"\ndata-ad-slot=\"7048180777\"\ndata-ad-format=\"auto\"><\/ins><br \/>\n<script>\n(adsbygoogle = window.adsbygoogle || []).push({});\n<\/script><\/p>\n<p><strong>Un momento hist\u00f3rico para el teatro y la cultura guiado a trav\u00e9s de cinco \u2018Jornadas\u2019<\/strong><\/p>\n<p><em>\u2018La colopenda historia del grupo de teatro El Lebrel Blanco\u2019<\/em> est\u00e1 dividido en siete partes, que el autor ha denominado \u201cJornadas\u201d, utilizando la terminolog\u00eda usada por los autores del Siglo de Oro al fraccionar sus obras, para reforzar la idea de viaje por la trayectoria de la formaci\u00f3n. A su vez, estas incluyen 76 \u201cescenas\u201d o cap\u00edtulos. El pr\u00f3logo detalla la trayectoria y montajes de dos grupos teatrales que existieron en Pamplona con el nombre de El Lebrel Blanco (surgidos en 1934 y en 1943, el segundo integrado en el Orfe\u00f3n Pamplon\u00e9s), as\u00ed como el pujante movimiento teatral que a mediados del siglo XX existi\u00f3 en Pamplona y contribuy\u00f3 a formar a una gran cantidad de int\u00e9rpretes que despu\u00e9s integraron El Lebrel Blanco.<\/p>\n<p>El libro muestra como \u2018El Lebrel Blanco\u2019 supuso un momento cumbre y no igualado en la historia de las artes esc\u00e9nicas de Navarra, ya que todav\u00eda hoy mantiene los r\u00e9cords locales de funciones y espectadores y no se ha igualado el prestigio que alcanz\u00f3 en el \u00e1mbito nacional. A la vez, subraya su legado: se convirti\u00f3 en el gran generador de nuevos p\u00fablicos para las artes esc\u00e9nicas, form\u00f3 a gran cantidad de int\u00e9rpretes, ofreci\u00f3 un repertorio hasta entonces vedado a los pamploneses, fue capital en la creaci\u00f3n del gusto del p\u00fablico, contribuy\u00f3 a terminar con la aton\u00eda cultural que se vivi\u00f3 bajo el Franquismo y sus montajes enriquecieron el debate social, pol\u00edtico y art\u00edstico ciudadano en la compleja transici\u00f3n de la Dictadura a la Democracia.<br \/>\n<script async src=\"\/\/pagead2.googlesyndication.com\/pagead\/js\/adsbygoogle.js\"><\/script><br \/>\n<!-- Noticias La Guia de Pamplona --><br \/>\n<ins class=\"adsbygoogle\"\nstyle=\"display:block\"\ndata-ad-client=\"ca-pub-6943679897239327\"\ndata-ad-slot=\"7048180777\"\ndata-ad-format=\"auto\"><\/ins><br \/>\n<script>\n(adsbygoogle = window.adsbygoogle || []).push({});\n<\/script><\/p>\n<p><strong>V\u00edctor Iriarte, el \u2018gu\u00eda\u2019 en el recorrido por la historia de \u2018El Lebrel Blanco\u2019<\/strong><\/p>\n<p>El autor de esta obra que edita el Ayuntamiento, V\u00edctor Iriarte, ha realizado varias investigaciones sobre el pasado reciente del teatro en Pamplona y Navarra que han dado lugar a los libros \u2018Patxi Larrainzar. Teatro de agitaci\u00f3n\u2019 y \u2018Teatro Gayarre. 75 a\u00f1os\u2019, adem\u00e1s de distintos pr\u00f3logos a seis obras de teatro de autor. Es licenciado en Ciencias de la Informaci\u00f3n por la Universidad de Navarra. M\u00e1ster en Edici\u00f3n de Libros por la Universidad de Salamanca y M\u00e1ster en Gesti\u00f3n Cultural por la Universidad Complutense de Madrid.<\/p>\n<p>Trabaja como periodista en Diario de Navarra y es gestor cultural, adem\u00e1s, conduce desde 2004 el programa \u2018El apuntador\u2019 de Onda Cero Navarra, y es profesor de Historia del Teatro y de las Artes Esc\u00e9ncias en los cursos de extensi\u00f3n universitaria de la UPNA y en el programa UNED Senior. Como dramaturgo ha obtenido varios galardones como el Premio Lope de Vega 2019 del Ayuntamiento de Madrid por \u2018Budapest. Un silencio atronador\u2019 (2020) y el Premio Nacional de Teatro Calder\u00f3n de la barca del Ministerio de Cultura (2006) por \u2018La chica junto al flexo\u2019. Tambi\u00e9n ha sido premio al mejor director del Festival de Teatro de Rivas-Vaciamadrid por el estreno absoluto de \u2018Pater Matris\u2019, de Carmen Pombero.<\/p>\n","protected":false},"excerpt":{"rendered":"<p>Con 46 montajes representados en sus 18 a\u00f1os de trayectoria, se le considera una de las referencias hist\u00f3ricas del teatro pamplon\u00e9s<\/p>\n","protected":false},"author":1,"featured_media":39684,"comment_status":"open","ping_status":"closed","sticky":false,"template":"","format":"standard","meta":{"footnotes":""},"categories":[2],"tags":[],"class_list":["post-39683","post","type-post","status-publish","format-standard","has-post-thumbnail","hentry","category-ayuntamiento-pamplona"],"yoast_head":"<!-- This site is optimized with the Yoast SEO plugin v27.3 - https:\/\/yoast.com\/product\/yoast-seo-wordpress\/ -->\n<title>El Ayuntamiento edita un libro que recopila la historia del grupo de teatro \u2018El Lebrel Blanco\u2019 en el cincuenta aniversario de su nacimiento<\/title>\n<meta name=\"description\" content=\"Con 46 montajes representados en sus 18 a\u00f1os de trayectoria, se le considera una de las referencias hist\u00f3ricas del teatro pamplon\u00e9s\" \/>\n<meta name=\"robots\" content=\"index, follow, max-snippet:-1, max-image-preview:large, max-video-preview:-1\" \/>\n<link rel=\"canonical\" href=\"https:\/\/www.laguiadepamplona.com\/actualidad\/el-ayuntamiento-edita-un-libro-que-recopila-la-historia-del-grupo-de-teatro-el-lebrel-blanco-en-el-cincuenta-aniversario-de-su-nacimiento\/\" \/>\n<meta property=\"og:locale\" content=\"es_ES\" \/>\n<meta property=\"og:type\" content=\"article\" \/>\n<meta property=\"og:title\" content=\"El Ayuntamiento edita un libro que recopila la historia del grupo de teatro \u2018El Lebrel Blanco\u2019 en el cincuenta aniversario de su nacimiento\" \/>\n<meta property=\"og:description\" content=\"Con 46 montajes representados en sus 18 a\u00f1os de trayectoria, se le considera una de las referencias hist\u00f3ricas del teatro pamplon\u00e9s\" \/>\n<meta property=\"og:url\" content=\"https:\/\/www.laguiadepamplona.com\/actualidad\/el-ayuntamiento-edita-un-libro-que-recopila-la-historia-del-grupo-de-teatro-el-lebrel-blanco-en-el-cincuenta-aniversario-de-su-nacimiento\/\" \/>\n<meta property=\"og:site_name\" content=\"La Gu\u00eda de Pamplona\" \/>\n<meta property=\"article:publisher\" content=\"https:\/\/www.facebook.com\/laguiadepamplonacom-133175176762273\/?ref=hl\" \/>\n<meta property=\"article:published_time\" content=\"2022-03-28T15:36:24+00:00\" \/>\n<meta property=\"article:modified_time\" content=\"2023-04-11T09:48:22+00:00\" \/>\n<meta property=\"og:image\" content=\"https:\/\/www.laguiadepamplona.com\/actualidad\/wp-content\/uploads\/2022\/03\/libro-el-lebrel-blanco-ee5a3963.jpg\" \/>\n\t<meta property=\"og:image:width\" content=\"1920\" \/>\n\t<meta property=\"og:image:height\" content=\"1272\" \/>\n\t<meta property=\"og:image:type\" content=\"image\/jpeg\" \/>\n<meta name=\"author\" content=\"La Gu\u00eda de Pamplona\" \/>\n<meta name=\"twitter:card\" content=\"summary_large_image\" \/>\n<meta name=\"twitter:creator\" content=\"@LaGuiadPamplona\" \/>\n<meta name=\"twitter:site\" content=\"@LaGuiadPamplona\" \/>\n<meta name=\"twitter:label1\" content=\"Escrito por\" \/>\n\t<meta name=\"twitter:data1\" content=\"La Gu\u00eda de Pamplona\" \/>\n\t<meta name=\"twitter:label2\" content=\"Tiempo de lectura\" \/>\n\t<meta name=\"twitter:data2\" content=\"5 minutos\" \/>\n<script type=\"application\/ld+json\" class=\"yoast-schema-graph\">{\"@context\":\"https:\\\/\\\/schema.org\",\"@graph\":[{\"@type\":\"Article\",\"@id\":\"https:\\\/\\\/www.laguiadepamplona.com\\\/actualidad\\\/el-ayuntamiento-edita-un-libro-que-recopila-la-historia-del-grupo-de-teatro-el-lebrel-blanco-en-el-cincuenta-aniversario-de-su-nacimiento\\\/#article\",\"isPartOf\":{\"@id\":\"https:\\\/\\\/www.laguiadepamplona.com\\\/actualidad\\\/el-ayuntamiento-edita-un-libro-que-recopila-la-historia-del-grupo-de-teatro-el-lebrel-blanco-en-el-cincuenta-aniversario-de-su-nacimiento\\\/\"},\"author\":{\"name\":\"La Gu\u00eda de Pamplona\",\"@id\":\"https:\\\/\\\/www.laguiadepamplona.com\\\/actualidad\\\/#\\\/schema\\\/person\\\/efe887376f0213d4657c93adc50b1fdb\"},\"headline\":\"El Ayuntamiento edita un libro que recopila la historia del grupo de teatro \u2018El Lebrel Blanco\u2019 en el cincuenta aniversario de su nacimiento\",\"datePublished\":\"2022-03-28T15:36:24+00:00\",\"dateModified\":\"2023-04-11T09:48:22+00:00\",\"mainEntityOfPage\":{\"@id\":\"https:\\\/\\\/www.laguiadepamplona.com\\\/actualidad\\\/el-ayuntamiento-edita-un-libro-que-recopila-la-historia-del-grupo-de-teatro-el-lebrel-blanco-en-el-cincuenta-aniversario-de-su-nacimiento\\\/\"},\"wordCount\":1131,\"commentCount\":0,\"publisher\":{\"@id\":\"https:\\\/\\\/www.laguiadepamplona.com\\\/actualidad\\\/#organization\"},\"image\":{\"@id\":\"https:\\\/\\\/www.laguiadepamplona.com\\\/actualidad\\\/el-ayuntamiento-edita-un-libro-que-recopila-la-historia-del-grupo-de-teatro-el-lebrel-blanco-en-el-cincuenta-aniversario-de-su-nacimiento\\\/#primaryimage\"},\"thumbnailUrl\":\"https:\\\/\\\/www.laguiadepamplona.com\\\/actualidad\\\/wp-content\\\/uploads\\\/2022\\\/03\\\/libro-el-lebrel-blanco-ee5a3963.jpg\",\"articleSection\":[\"Ayto Pamplona\"],\"inLanguage\":\"es\",\"potentialAction\":[{\"@type\":\"CommentAction\",\"name\":\"Comment\",\"target\":[\"https:\\\/\\\/www.laguiadepamplona.com\\\/actualidad\\\/el-ayuntamiento-edita-un-libro-que-recopila-la-historia-del-grupo-de-teatro-el-lebrel-blanco-en-el-cincuenta-aniversario-de-su-nacimiento\\\/#respond\"]}]},{\"@type\":\"WebPage\",\"@id\":\"https:\\\/\\\/www.laguiadepamplona.com\\\/actualidad\\\/el-ayuntamiento-edita-un-libro-que-recopila-la-historia-del-grupo-de-teatro-el-lebrel-blanco-en-el-cincuenta-aniversario-de-su-nacimiento\\\/\",\"url\":\"https:\\\/\\\/www.laguiadepamplona.com\\\/actualidad\\\/el-ayuntamiento-edita-un-libro-que-recopila-la-historia-del-grupo-de-teatro-el-lebrel-blanco-en-el-cincuenta-aniversario-de-su-nacimiento\\\/\",\"name\":\"El Ayuntamiento edita un libro que recopila la historia del grupo de teatro \u2018El Lebrel Blanco\u2019 en el cincuenta aniversario de su nacimiento\",\"isPartOf\":{\"@id\":\"https:\\\/\\\/www.laguiadepamplona.com\\\/actualidad\\\/#website\"},\"primaryImageOfPage\":{\"@id\":\"https:\\\/\\\/www.laguiadepamplona.com\\\/actualidad\\\/el-ayuntamiento-edita-un-libro-que-recopila-la-historia-del-grupo-de-teatro-el-lebrel-blanco-en-el-cincuenta-aniversario-de-su-nacimiento\\\/#primaryimage\"},\"image\":{\"@id\":\"https:\\\/\\\/www.laguiadepamplona.com\\\/actualidad\\\/el-ayuntamiento-edita-un-libro-que-recopila-la-historia-del-grupo-de-teatro-el-lebrel-blanco-en-el-cincuenta-aniversario-de-su-nacimiento\\\/#primaryimage\"},\"thumbnailUrl\":\"https:\\\/\\\/www.laguiadepamplona.com\\\/actualidad\\\/wp-content\\\/uploads\\\/2022\\\/03\\\/libro-el-lebrel-blanco-ee5a3963.jpg\",\"datePublished\":\"2022-03-28T15:36:24+00:00\",\"dateModified\":\"2023-04-11T09:48:22+00:00\",\"description\":\"Con 46 montajes representados en sus 18 a\u00f1os de trayectoria, se le considera una de las referencias hist\u00f3ricas del teatro pamplon\u00e9s\",\"breadcrumb\":{\"@id\":\"https:\\\/\\\/www.laguiadepamplona.com\\\/actualidad\\\/el-ayuntamiento-edita-un-libro-que-recopila-la-historia-del-grupo-de-teatro-el-lebrel-blanco-en-el-cincuenta-aniversario-de-su-nacimiento\\\/#breadcrumb\"},\"inLanguage\":\"es\",\"potentialAction\":[{\"@type\":\"ReadAction\",\"target\":[\"https:\\\/\\\/www.laguiadepamplona.com\\\/actualidad\\\/el-ayuntamiento-edita-un-libro-que-recopila-la-historia-del-grupo-de-teatro-el-lebrel-blanco-en-el-cincuenta-aniversario-de-su-nacimiento\\\/\"]}]},{\"@type\":\"ImageObject\",\"inLanguage\":\"es\",\"@id\":\"https:\\\/\\\/www.laguiadepamplona.com\\\/actualidad\\\/el-ayuntamiento-edita-un-libro-que-recopila-la-historia-del-grupo-de-teatro-el-lebrel-blanco-en-el-cincuenta-aniversario-de-su-nacimiento\\\/#primaryimage\",\"url\":\"https:\\\/\\\/www.laguiadepamplona.com\\\/actualidad\\\/wp-content\\\/uploads\\\/2022\\\/03\\\/libro-el-lebrel-blanco-ee5a3963.jpg\",\"contentUrl\":\"https:\\\/\\\/www.laguiadepamplona.com\\\/actualidad\\\/wp-content\\\/uploads\\\/2022\\\/03\\\/libro-el-lebrel-blanco-ee5a3963.jpg\",\"width\":1920,\"height\":1272},{\"@type\":\"BreadcrumbList\",\"@id\":\"https:\\\/\\\/www.laguiadepamplona.com\\\/actualidad\\\/el-ayuntamiento-edita-un-libro-que-recopila-la-historia-del-grupo-de-teatro-el-lebrel-blanco-en-el-cincuenta-aniversario-de-su-nacimiento\\\/#breadcrumb\",\"itemListElement\":[{\"@type\":\"ListItem\",\"position\":1,\"name\":\"Portada\",\"item\":\"https:\\\/\\\/www.laguiadepamplona.com\\\/actualidad\\\/\"},{\"@type\":\"ListItem\",\"position\":2,\"name\":\"El Ayuntamiento edita un libro que recopila la historia del grupo de teatro \u2018El Lebrel Blanco\u2019 en el cincuenta aniversario de su nacimiento\"}]},{\"@type\":\"WebSite\",\"@id\":\"https:\\\/\\\/www.laguiadepamplona.com\\\/actualidad\\\/#website\",\"url\":\"https:\\\/\\\/www.laguiadepamplona.com\\\/actualidad\\\/\",\"name\":\"La gu\u00eda de Pamplona\",\"description\":\"Noticias de Pamplona\",\"publisher\":{\"@id\":\"https:\\\/\\\/www.laguiadepamplona.com\\\/actualidad\\\/#organization\"},\"potentialAction\":[{\"@type\":\"SearchAction\",\"target\":{\"@type\":\"EntryPoint\",\"urlTemplate\":\"https:\\\/\\\/www.laguiadepamplona.com\\\/actualidad\\\/?s={search_term_string}\"},\"query-input\":{\"@type\":\"PropertyValueSpecification\",\"valueRequired\":true,\"valueName\":\"search_term_string\"}}],\"inLanguage\":\"es\"},{\"@type\":\"Organization\",\"@id\":\"https:\\\/\\\/www.laguiadepamplona.com\\\/actualidad\\\/#organization\",\"name\":\"La Gu\u00eda de Pamplona \\\/ Noticias\",\"url\":\"https:\\\/\\\/www.laguiadepamplona.com\\\/actualidad\\\/\",\"logo\":{\"@type\":\"ImageObject\",\"inLanguage\":\"es\",\"@id\":\"https:\\\/\\\/www.laguiadepamplona.com\\\/actualidad\\\/#\\\/schema\\\/logo\\\/image\\\/\",\"url\":\"https:\\\/\\\/www.laguiadepamplona.com\\\/actualidad\\\/wp-content\\\/uploads\\\/2018\\\/11\\\/logo-laguiadepamplona18-web1.png\",\"contentUrl\":\"https:\\\/\\\/www.laguiadepamplona.com\\\/actualidad\\\/wp-content\\\/uploads\\\/2018\\\/11\\\/logo-laguiadepamplona18-web1.png\",\"width\":600,\"height\":196,\"caption\":\"La Gu\u00eda de Pamplona \\\/ Noticias\"},\"image\":{\"@id\":\"https:\\\/\\\/www.laguiadepamplona.com\\\/actualidad\\\/#\\\/schema\\\/logo\\\/image\\\/\"},\"sameAs\":[\"https:\\\/\\\/www.facebook.com\\\/laguiadepamplonacom-133175176762273\\\/?ref=hl\",\"https:\\\/\\\/x.com\\\/LaGuiadPamplona\",\"https:\\\/\\\/www.instagram.com\\\/la_guia_de_pamplona\\\/\",\"https:\\\/\\\/www.youtube.com\\\/user\\\/laguiadepamplona\"]},{\"@type\":\"Person\",\"@id\":\"https:\\\/\\\/www.laguiadepamplona.com\\\/actualidad\\\/#\\\/schema\\\/person\\\/efe887376f0213d4657c93adc50b1fdb\",\"name\":\"La Gu\u00eda de Pamplona\",\"image\":{\"@type\":\"ImageObject\",\"inLanguage\":\"es\",\"@id\":\"https:\\\/\\\/secure.gravatar.com\\\/avatar\\\/b6992f131dc8d30ab0dff15446e9d346d9dbd95992de0fef795073f5ea83a81c?s=96&d=mm&r=g\",\"url\":\"https:\\\/\\\/secure.gravatar.com\\\/avatar\\\/b6992f131dc8d30ab0dff15446e9d346d9dbd95992de0fef795073f5ea83a81c?s=96&d=mm&r=g\",\"contentUrl\":\"https:\\\/\\\/secure.gravatar.com\\\/avatar\\\/b6992f131dc8d30ab0dff15446e9d346d9dbd95992de0fef795073f5ea83a81c?s=96&d=mm&r=g\",\"caption\":\"La Gu\u00eda de Pamplona\"}}]}<\/script>\n<!-- \/ Yoast SEO plugin. -->","yoast_head_json":{"title":"El Ayuntamiento edita un libro que recopila la historia del grupo de teatro \u2018El Lebrel Blanco\u2019 en el cincuenta aniversario de su nacimiento","description":"Con 46 montajes representados en sus 18 a\u00f1os de trayectoria, se le considera una de las referencias hist\u00f3ricas del teatro pamplon\u00e9s","robots":{"index":"index","follow":"follow","max-snippet":"max-snippet:-1","max-image-preview":"max-image-preview:large","max-video-preview":"max-video-preview:-1"},"canonical":"https:\/\/www.laguiadepamplona.com\/actualidad\/el-ayuntamiento-edita-un-libro-que-recopila-la-historia-del-grupo-de-teatro-el-lebrel-blanco-en-el-cincuenta-aniversario-de-su-nacimiento\/","og_locale":"es_ES","og_type":"article","og_title":"El Ayuntamiento edita un libro que recopila la historia del grupo de teatro \u2018El Lebrel Blanco\u2019 en el cincuenta aniversario de su nacimiento","og_description":"Con 46 montajes representados en sus 18 a\u00f1os de trayectoria, se le considera una de las referencias hist\u00f3ricas del teatro pamplon\u00e9s","og_url":"https:\/\/www.laguiadepamplona.com\/actualidad\/el-ayuntamiento-edita-un-libro-que-recopila-la-historia-del-grupo-de-teatro-el-lebrel-blanco-en-el-cincuenta-aniversario-de-su-nacimiento\/","og_site_name":"La Gu\u00eda de Pamplona","article_publisher":"https:\/\/www.facebook.com\/laguiadepamplonacom-133175176762273\/?ref=hl","article_published_time":"2022-03-28T15:36:24+00:00","article_modified_time":"2023-04-11T09:48:22+00:00","og_image":[{"width":1920,"height":1272,"url":"https:\/\/www.laguiadepamplona.com\/actualidad\/wp-content\/uploads\/2022\/03\/libro-el-lebrel-blanco-ee5a3963.jpg","type":"image\/jpeg"}],"author":"La Gu\u00eda de Pamplona","twitter_card":"summary_large_image","twitter_creator":"@LaGuiadPamplona","twitter_site":"@LaGuiadPamplona","twitter_misc":{"Escrito por":"La Gu\u00eda de Pamplona","Tiempo de lectura":"5 minutos"},"schema":{"@context":"https:\/\/schema.org","@graph":[{"@type":"Article","@id":"https:\/\/www.laguiadepamplona.com\/actualidad\/el-ayuntamiento-edita-un-libro-que-recopila-la-historia-del-grupo-de-teatro-el-lebrel-blanco-en-el-cincuenta-aniversario-de-su-nacimiento\/#article","isPartOf":{"@id":"https:\/\/www.laguiadepamplona.com\/actualidad\/el-ayuntamiento-edita-un-libro-que-recopila-la-historia-del-grupo-de-teatro-el-lebrel-blanco-en-el-cincuenta-aniversario-de-su-nacimiento\/"},"author":{"name":"La Gu\u00eda de Pamplona","@id":"https:\/\/www.laguiadepamplona.com\/actualidad\/#\/schema\/person\/efe887376f0213d4657c93adc50b1fdb"},"headline":"El Ayuntamiento edita un libro que recopila la historia del grupo de teatro \u2018El Lebrel Blanco\u2019 en el cincuenta aniversario de su nacimiento","datePublished":"2022-03-28T15:36:24+00:00","dateModified":"2023-04-11T09:48:22+00:00","mainEntityOfPage":{"@id":"https:\/\/www.laguiadepamplona.com\/actualidad\/el-ayuntamiento-edita-un-libro-que-recopila-la-historia-del-grupo-de-teatro-el-lebrel-blanco-en-el-cincuenta-aniversario-de-su-nacimiento\/"},"wordCount":1131,"commentCount":0,"publisher":{"@id":"https:\/\/www.laguiadepamplona.com\/actualidad\/#organization"},"image":{"@id":"https:\/\/www.laguiadepamplona.com\/actualidad\/el-ayuntamiento-edita-un-libro-que-recopila-la-historia-del-grupo-de-teatro-el-lebrel-blanco-en-el-cincuenta-aniversario-de-su-nacimiento\/#primaryimage"},"thumbnailUrl":"https:\/\/www.laguiadepamplona.com\/actualidad\/wp-content\/uploads\/2022\/03\/libro-el-lebrel-blanco-ee5a3963.jpg","articleSection":["Ayto Pamplona"],"inLanguage":"es","potentialAction":[{"@type":"CommentAction","name":"Comment","target":["https:\/\/www.laguiadepamplona.com\/actualidad\/el-ayuntamiento-edita-un-libro-que-recopila-la-historia-del-grupo-de-teatro-el-lebrel-blanco-en-el-cincuenta-aniversario-de-su-nacimiento\/#respond"]}]},{"@type":"WebPage","@id":"https:\/\/www.laguiadepamplona.com\/actualidad\/el-ayuntamiento-edita-un-libro-que-recopila-la-historia-del-grupo-de-teatro-el-lebrel-blanco-en-el-cincuenta-aniversario-de-su-nacimiento\/","url":"https:\/\/www.laguiadepamplona.com\/actualidad\/el-ayuntamiento-edita-un-libro-que-recopila-la-historia-del-grupo-de-teatro-el-lebrel-blanco-en-el-cincuenta-aniversario-de-su-nacimiento\/","name":"El Ayuntamiento edita un libro que recopila la historia del grupo de teatro \u2018El Lebrel Blanco\u2019 en el cincuenta aniversario de su nacimiento","isPartOf":{"@id":"https:\/\/www.laguiadepamplona.com\/actualidad\/#website"},"primaryImageOfPage":{"@id":"https:\/\/www.laguiadepamplona.com\/actualidad\/el-ayuntamiento-edita-un-libro-que-recopila-la-historia-del-grupo-de-teatro-el-lebrel-blanco-en-el-cincuenta-aniversario-de-su-nacimiento\/#primaryimage"},"image":{"@id":"https:\/\/www.laguiadepamplona.com\/actualidad\/el-ayuntamiento-edita-un-libro-que-recopila-la-historia-del-grupo-de-teatro-el-lebrel-blanco-en-el-cincuenta-aniversario-de-su-nacimiento\/#primaryimage"},"thumbnailUrl":"https:\/\/www.laguiadepamplona.com\/actualidad\/wp-content\/uploads\/2022\/03\/libro-el-lebrel-blanco-ee5a3963.jpg","datePublished":"2022-03-28T15:36:24+00:00","dateModified":"2023-04-11T09:48:22+00:00","description":"Con 46 montajes representados en sus 18 a\u00f1os de trayectoria, se le considera una de las referencias hist\u00f3ricas del teatro pamplon\u00e9s","breadcrumb":{"@id":"https:\/\/www.laguiadepamplona.com\/actualidad\/el-ayuntamiento-edita-un-libro-que-recopila-la-historia-del-grupo-de-teatro-el-lebrel-blanco-en-el-cincuenta-aniversario-de-su-nacimiento\/#breadcrumb"},"inLanguage":"es","potentialAction":[{"@type":"ReadAction","target":["https:\/\/www.laguiadepamplona.com\/actualidad\/el-ayuntamiento-edita-un-libro-que-recopila-la-historia-del-grupo-de-teatro-el-lebrel-blanco-en-el-cincuenta-aniversario-de-su-nacimiento\/"]}]},{"@type":"ImageObject","inLanguage":"es","@id":"https:\/\/www.laguiadepamplona.com\/actualidad\/el-ayuntamiento-edita-un-libro-que-recopila-la-historia-del-grupo-de-teatro-el-lebrel-blanco-en-el-cincuenta-aniversario-de-su-nacimiento\/#primaryimage","url":"https:\/\/www.laguiadepamplona.com\/actualidad\/wp-content\/uploads\/2022\/03\/libro-el-lebrel-blanco-ee5a3963.jpg","contentUrl":"https:\/\/www.laguiadepamplona.com\/actualidad\/wp-content\/uploads\/2022\/03\/libro-el-lebrel-blanco-ee5a3963.jpg","width":1920,"height":1272},{"@type":"BreadcrumbList","@id":"https:\/\/www.laguiadepamplona.com\/actualidad\/el-ayuntamiento-edita-un-libro-que-recopila-la-historia-del-grupo-de-teatro-el-lebrel-blanco-en-el-cincuenta-aniversario-de-su-nacimiento\/#breadcrumb","itemListElement":[{"@type":"ListItem","position":1,"name":"Portada","item":"https:\/\/www.laguiadepamplona.com\/actualidad\/"},{"@type":"ListItem","position":2,"name":"El Ayuntamiento edita un libro que recopila la historia del grupo de teatro \u2018El Lebrel Blanco\u2019 en el cincuenta aniversario de su nacimiento"}]},{"@type":"WebSite","@id":"https:\/\/www.laguiadepamplona.com\/actualidad\/#website","url":"https:\/\/www.laguiadepamplona.com\/actualidad\/","name":"La gu\u00eda de Pamplona","description":"Noticias de Pamplona","publisher":{"@id":"https:\/\/www.laguiadepamplona.com\/actualidad\/#organization"},"potentialAction":[{"@type":"SearchAction","target":{"@type":"EntryPoint","urlTemplate":"https:\/\/www.laguiadepamplona.com\/actualidad\/?s={search_term_string}"},"query-input":{"@type":"PropertyValueSpecification","valueRequired":true,"valueName":"search_term_string"}}],"inLanguage":"es"},{"@type":"Organization","@id":"https:\/\/www.laguiadepamplona.com\/actualidad\/#organization","name":"La Gu\u00eda de Pamplona \/ Noticias","url":"https:\/\/www.laguiadepamplona.com\/actualidad\/","logo":{"@type":"ImageObject","inLanguage":"es","@id":"https:\/\/www.laguiadepamplona.com\/actualidad\/#\/schema\/logo\/image\/","url":"https:\/\/www.laguiadepamplona.com\/actualidad\/wp-content\/uploads\/2018\/11\/logo-laguiadepamplona18-web1.png","contentUrl":"https:\/\/www.laguiadepamplona.com\/actualidad\/wp-content\/uploads\/2018\/11\/logo-laguiadepamplona18-web1.png","width":600,"height":196,"caption":"La Gu\u00eda de Pamplona \/ Noticias"},"image":{"@id":"https:\/\/www.laguiadepamplona.com\/actualidad\/#\/schema\/logo\/image\/"},"sameAs":["https:\/\/www.facebook.com\/laguiadepamplonacom-133175176762273\/?ref=hl","https:\/\/x.com\/LaGuiadPamplona","https:\/\/www.instagram.com\/la_guia_de_pamplona\/","https:\/\/www.youtube.com\/user\/laguiadepamplona"]},{"@type":"Person","@id":"https:\/\/www.laguiadepamplona.com\/actualidad\/#\/schema\/person\/efe887376f0213d4657c93adc50b1fdb","name":"La Gu\u00eda de Pamplona","image":{"@type":"ImageObject","inLanguage":"es","@id":"https:\/\/secure.gravatar.com\/avatar\/b6992f131dc8d30ab0dff15446e9d346d9dbd95992de0fef795073f5ea83a81c?s=96&d=mm&r=g","url":"https:\/\/secure.gravatar.com\/avatar\/b6992f131dc8d30ab0dff15446e9d346d9dbd95992de0fef795073f5ea83a81c?s=96&d=mm&r=g","contentUrl":"https:\/\/secure.gravatar.com\/avatar\/b6992f131dc8d30ab0dff15446e9d346d9dbd95992de0fef795073f5ea83a81c?s=96&d=mm&r=g","caption":"La Gu\u00eda de Pamplona"}}]}},"post_mailing_queue_ids":[],"_links":{"self":[{"href":"https:\/\/www.laguiadepamplona.com\/actualidad\/wp-json\/wp\/v2\/posts\/39683","targetHints":{"allow":["GET"]}}],"collection":[{"href":"https:\/\/www.laguiadepamplona.com\/actualidad\/wp-json\/wp\/v2\/posts"}],"about":[{"href":"https:\/\/www.laguiadepamplona.com\/actualidad\/wp-json\/wp\/v2\/types\/post"}],"author":[{"embeddable":true,"href":"https:\/\/www.laguiadepamplona.com\/actualidad\/wp-json\/wp\/v2\/users\/1"}],"replies":[{"embeddable":true,"href":"https:\/\/www.laguiadepamplona.com\/actualidad\/wp-json\/wp\/v2\/comments?post=39683"}],"version-history":[{"count":0,"href":"https:\/\/www.laguiadepamplona.com\/actualidad\/wp-json\/wp\/v2\/posts\/39683\/revisions"}],"wp:featuredmedia":[{"embeddable":true,"href":"https:\/\/www.laguiadepamplona.com\/actualidad\/wp-json\/wp\/v2\/media\/39684"}],"wp:attachment":[{"href":"https:\/\/www.laguiadepamplona.com\/actualidad\/wp-json\/wp\/v2\/media?parent=39683"}],"wp:term":[{"taxonomy":"category","embeddable":true,"href":"https:\/\/www.laguiadepamplona.com\/actualidad\/wp-json\/wp\/v2\/categories?post=39683"},{"taxonomy":"post_tag","embeddable":true,"href":"https:\/\/www.laguiadepamplona.com\/actualidad\/wp-json\/wp\/v2\/tags?post=39683"}],"curies":[{"name":"wp","href":"https:\/\/api.w.org\/{rel}","templated":true}]}}