{"id":39680,"date":"2022-03-25T19:02:30","date_gmt":"2022-03-25T17:02:30","guid":{"rendered":"https:\/\/www.laguiadepamplona.com\/actualidad\/?p=39680"},"modified":"2023-04-11T11:48:22","modified_gmt":"2023-04-11T09:48:22","slug":"pamplona-se-suma-este-sabado-a-la-hora-del-planeta-apagando-durante-una-hora-la-iluminacion-de-la-fachada-de-la-casa-consistorial","status":"publish","type":"post","link":"https:\/\/www.laguiadepamplona.com\/actualidad\/pamplona-se-suma-este-sabado-a-la-hora-del-planeta-apagando-durante-una-hora-la-iluminacion-de-la-fachada-de-la-casa-consistorial\/","title":{"rendered":"Pamplona se suma este s\u00e1bado a la \u2018Hora del Planeta\u2019 apagando durante una hora la iluminaci\u00f3n de la fachada de la Casa Consistorial"},"content":{"rendered":"<h5>Entre las 20.30 y las 21.30 horas monumentos y espacios de toda Navarra \u201cse apagar\u00e1n\u201d como gesto simb\u00f3lico en la lucha contra el cambio clim\u00e1tico<\/h5>\n<p><!--more--><\/p>\n<p>La fachada de la Casa Consistorial de Pamplona se sumar\u00e1 al conjunto de monumentos y espacios de Navarra que apagar\u00e1n este s\u00e1bado su iluminaci\u00f3n entre las 20.30 y las 21.30 horas. Este gesto es un recordatorio de que, para evitar o retrasar el cambio clim\u00e1tico, es necesario hacer un buen uso de los recursos naturales, como la energ\u00eda. Es la campa\u00f1a mundial la \u2018Hora del Planeta\u2019, que en Espa\u00f1a se realiza desde 2009, y que impulsa la organizaci\u00f3n internacional conservacionista World Wild Fund for Nature (WWF). Miles de edificios y monumentos distribuidos en m\u00e1s de 200 pa\u00edses se suman cada a\u00f1o a este movimiento para simbolizar el movimiento global en defensa del medio ambiente, el sistema de soporte vital del planeta.<br \/>\n<script async src=\"\/\/pagead2.googlesyndication.com\/pagead\/js\/adsbygoogle.js\"><\/script><br \/>\n<!-- Noticias La Guia de Pamplona --><br \/>\n<ins class=\"adsbygoogle\"\nstyle=\"display:block\"\ndata-ad-client=\"ca-pub-6943679897239327\"\ndata-ad-slot=\"7048180777\"\ndata-ad-format=\"auto\"><\/ins><br \/>\n<script>\n(adsbygoogle = window.adsbygoogle || []).push({});\n<\/script><\/p>\n<p>La Hora del Planeta, a la que este s\u00e1bado de nuevo se suma el Ayuntamiento de Pamplona, es un s\u00edmbolo con el que desde la organizaci\u00f3n mundial WWF se quiere recordar la importancia que tiene la naturaleza para la vida y el mensaje que quiere lanzar con este gesto mundial es la necesidad de defender la naturaleza, luchar contra el cambio clim\u00e1tico y la p\u00e9rdida de biodiversidad para salvaguardar, tanto la salud del planeta, como la de todos los que la habitan. World Wild Fund for Nature, es la mayor organizaci\u00f3n internacional independiente dedicada a la defensa de la naturaleza y el medio ambiente. Fundada en 1961, hoy <a href=\"http:\/\/wwf.panda.org\/\" target=\"_blank\" rel=\"noopener\">trabaja en m\u00e1s de 100 pa\u00edses<\/a> y cuenta con el apoyo de cerca de cinco millones de miembros en todo el mundo.<\/p>\n<p>Entre otros monumentos, edificios y espacios que \u201cse apagar\u00e1n\u201d este s\u00e1bado en Navarra est\u00e1n el Parlamento de Navarra, la Casa del Reloj, Quiosco de la plaza de los Fueros y fachadas del Ayuntamiento, de la Casa del Almirante y de la Catedral de Tudela, as\u00ed como el monumento al Coraz\u00f3n de Jes\u00fas, el Palacio de los Condes de G\u00f3mara en Valtierra o el puente rom\u00e1nico e iglesia de Villatuerta. El Consistorio de Pamplona se sumar\u00e1 tambi\u00e9n a m\u00e1s de 260 municipios y m\u00e1s de medio centenar de instituciones de todo el pa\u00eds.<br \/>\n<script async src=\"\/\/pagead2.googlesyndication.com\/pagead\/js\/adsbygoogle.js\"><\/script><br \/>\n<!-- Noticias La Guia de Pamplona --><br \/>\n<ins class=\"adsbygoogle\"\nstyle=\"display:block\"\ndata-ad-client=\"ca-pub-6943679897239327\"\ndata-ad-slot=\"7048180777\"\ndata-ad-format=\"auto\"><\/ins><br \/>\n<script>\n(adsbygoogle = window.adsbygoogle || []).push({});\n<\/script><\/p>\n<p>La edici\u00f3n 2022 tiene lugar en un momento especialmente importante porque dentro de pocas semanas los l\u00edderes mundiales se reunir\u00e1n en la COP15 del Convenio de Naciones Unidas sobre Diversidad Biol\u00f3gica para decidir sobre un nuevo plan de acci\u00f3n global para la naturaleza para la pr\u00f3xima d\u00e9cada. Este a\u00f1o cobrar\u00e1 a\u00fan m\u00e1s relevancia el concepto One Health pues despu\u00e9s de la pandemia es cada vez es m\u00e1s evidente que solo se puede vivir como seres humanos sanos en un planeta que tambi\u00e9n lo est\u00e9.<\/p>\n","protected":false},"excerpt":{"rendered":"<p>Entre las 20.30 y las 21.30 horas monumentos y espacios de toda Navarra \u201cse apagar\u00e1n\u201d como gesto simb\u00f3lico en la lucha contra el cambio clim\u00e1tico<\/p>\n","protected":false},"author":1,"featured_media":39681,"comment_status":"open","ping_status":"closed","sticky":false,"template":"","format":"standard","meta":{"footnotes":""},"categories":[2],"tags":[],"class_list":["post-39680","post","type-post","status-publish","format-standard","has-post-thumbnail","hentry","category-ayuntamiento-pamplona"],"yoast_head":"<!-- This site is optimized with the Yoast SEO plugin v27.3 - https:\/\/yoast.com\/product\/yoast-seo-wordpress\/ -->\n<title>Pamplona se suma este s\u00e1bado a la \u2018Hora del Planeta\u2019 apagando durante una hora la iluminaci\u00f3n de la fachada de la Casa Consistorial<\/title>\n<meta name=\"description\" content=\"Entre las 20.30 y las 21.30 horas monumentos y espacios de toda Navarra \u201cse apagar\u00e1n\u201d como gesto simb\u00f3lico en la lucha contra el cambio clim\u00e1tico\" \/>\n<meta name=\"robots\" content=\"index, follow, max-snippet:-1, max-image-preview:large, max-video-preview:-1\" \/>\n<link rel=\"canonical\" href=\"https:\/\/www.laguiadepamplona.com\/actualidad\/pamplona-se-suma-este-sabado-a-la-hora-del-planeta-apagando-durante-una-hora-la-iluminacion-de-la-fachada-de-la-casa-consistorial\/\" \/>\n<meta property=\"og:locale\" content=\"es_ES\" \/>\n<meta property=\"og:type\" content=\"article\" \/>\n<meta property=\"og:title\" content=\"Pamplona se suma este s\u00e1bado a la \u2018Hora del Planeta\u2019 apagando durante una hora la iluminaci\u00f3n de la fachada de la Casa Consistorial\" \/>\n<meta property=\"og:description\" content=\"Entre las 20.30 y las 21.30 horas monumentos y espacios de toda Navarra \u201cse apagar\u00e1n\u201d como gesto simb\u00f3lico en la lucha contra el cambio clim\u00e1tico\" \/>\n<meta property=\"og:url\" content=\"https:\/\/www.laguiadepamplona.com\/actualidad\/pamplona-se-suma-este-sabado-a-la-hora-del-planeta-apagando-durante-una-hora-la-iluminacion-de-la-fachada-de-la-casa-consistorial\/\" \/>\n<meta property=\"og:site_name\" content=\"La Gu\u00eda de Pamplona\" \/>\n<meta property=\"article:publisher\" content=\"https:\/\/www.facebook.com\/laguiadepamplonacom-133175176762273\/?ref=hl\" \/>\n<meta property=\"article:published_time\" content=\"2022-03-25T17:02:30+00:00\" \/>\n<meta property=\"article:modified_time\" content=\"2023-04-11T09:48:22+00:00\" \/>\n<meta property=\"og:image\" content=\"https:\/\/www.laguiadepamplona.com\/actualidad\/wp-content\/uploads\/2022\/03\/hora-del-planeta-copia.jpg\" \/>\n\t<meta property=\"og:image:width\" content=\"694\" \/>\n\t<meta property=\"og:image:height\" content=\"586\" \/>\n\t<meta property=\"og:image:type\" content=\"image\/jpeg\" \/>\n<meta name=\"author\" content=\"La Gu\u00eda de Pamplona\" \/>\n<meta name=\"twitter:card\" content=\"summary_large_image\" \/>\n<meta name=\"twitter:creator\" content=\"@LaGuiadPamplona\" \/>\n<meta name=\"twitter:site\" content=\"@LaGuiadPamplona\" \/>\n<meta name=\"twitter:label1\" content=\"Escrito por\" \/>\n\t<meta name=\"twitter:data1\" content=\"La Gu\u00eda de Pamplona\" \/>\n\t<meta name=\"twitter:label2\" content=\"Tiempo de lectura\" \/>\n\t<meta name=\"twitter:data2\" content=\"3 minutos\" \/>\n<script type=\"application\/ld+json\" class=\"yoast-schema-graph\">{\"@context\":\"https:\\\/\\\/schema.org\",\"@graph\":[{\"@type\":\"Article\",\"@id\":\"https:\\\/\\\/www.laguiadepamplona.com\\\/actualidad\\\/pamplona-se-suma-este-sabado-a-la-hora-del-planeta-apagando-durante-una-hora-la-iluminacion-de-la-fachada-de-la-casa-consistorial\\\/#article\",\"isPartOf\":{\"@id\":\"https:\\\/\\\/www.laguiadepamplona.com\\\/actualidad\\\/pamplona-se-suma-este-sabado-a-la-hora-del-planeta-apagando-durante-una-hora-la-iluminacion-de-la-fachada-de-la-casa-consistorial\\\/\"},\"author\":{\"name\":\"La Gu\u00eda de Pamplona\",\"@id\":\"https:\\\/\\\/www.laguiadepamplona.com\\\/actualidad\\\/#\\\/schema\\\/person\\\/efe887376f0213d4657c93adc50b1fdb\"},\"headline\":\"Pamplona se suma este s\u00e1bado a la \u2018Hora del Planeta\u2019 apagando durante una hora la iluminaci\u00f3n de la fachada de la Casa Consistorial\",\"datePublished\":\"2022-03-25T17:02:30+00:00\",\"dateModified\":\"2023-04-11T09:48:22+00:00\",\"mainEntityOfPage\":{\"@id\":\"https:\\\/\\\/www.laguiadepamplona.com\\\/actualidad\\\/pamplona-se-suma-este-sabado-a-la-hora-del-planeta-apagando-durante-una-hora-la-iluminacion-de-la-fachada-de-la-casa-consistorial\\\/\"},\"wordCount\":513,\"commentCount\":0,\"publisher\":{\"@id\":\"https:\\\/\\\/www.laguiadepamplona.com\\\/actualidad\\\/#organization\"},\"image\":{\"@id\":\"https:\\\/\\\/www.laguiadepamplona.com\\\/actualidad\\\/pamplona-se-suma-este-sabado-a-la-hora-del-planeta-apagando-durante-una-hora-la-iluminacion-de-la-fachada-de-la-casa-consistorial\\\/#primaryimage\"},\"thumbnailUrl\":\"https:\\\/\\\/www.laguiadepamplona.com\\\/actualidad\\\/wp-content\\\/uploads\\\/2022\\\/03\\\/hora-del-planeta-copia.jpg\",\"articleSection\":[\"Ayto Pamplona\"],\"inLanguage\":\"es\",\"potentialAction\":[{\"@type\":\"CommentAction\",\"name\":\"Comment\",\"target\":[\"https:\\\/\\\/www.laguiadepamplona.com\\\/actualidad\\\/pamplona-se-suma-este-sabado-a-la-hora-del-planeta-apagando-durante-una-hora-la-iluminacion-de-la-fachada-de-la-casa-consistorial\\\/#respond\"]}]},{\"@type\":\"WebPage\",\"@id\":\"https:\\\/\\\/www.laguiadepamplona.com\\\/actualidad\\\/pamplona-se-suma-este-sabado-a-la-hora-del-planeta-apagando-durante-una-hora-la-iluminacion-de-la-fachada-de-la-casa-consistorial\\\/\",\"url\":\"https:\\\/\\\/www.laguiadepamplona.com\\\/actualidad\\\/pamplona-se-suma-este-sabado-a-la-hora-del-planeta-apagando-durante-una-hora-la-iluminacion-de-la-fachada-de-la-casa-consistorial\\\/\",\"name\":\"Pamplona se suma este s\u00e1bado a la \u2018Hora del Planeta\u2019 apagando durante una hora la iluminaci\u00f3n de la fachada de la Casa Consistorial\",\"isPartOf\":{\"@id\":\"https:\\\/\\\/www.laguiadepamplona.com\\\/actualidad\\\/#website\"},\"primaryImageOfPage\":{\"@id\":\"https:\\\/\\\/www.laguiadepamplona.com\\\/actualidad\\\/pamplona-se-suma-este-sabado-a-la-hora-del-planeta-apagando-durante-una-hora-la-iluminacion-de-la-fachada-de-la-casa-consistorial\\\/#primaryimage\"},\"image\":{\"@id\":\"https:\\\/\\\/www.laguiadepamplona.com\\\/actualidad\\\/pamplona-se-suma-este-sabado-a-la-hora-del-planeta-apagando-durante-una-hora-la-iluminacion-de-la-fachada-de-la-casa-consistorial\\\/#primaryimage\"},\"thumbnailUrl\":\"https:\\\/\\\/www.laguiadepamplona.com\\\/actualidad\\\/wp-content\\\/uploads\\\/2022\\\/03\\\/hora-del-planeta-copia.jpg\",\"datePublished\":\"2022-03-25T17:02:30+00:00\",\"dateModified\":\"2023-04-11T09:48:22+00:00\",\"description\":\"Entre las 20.30 y las 21.30 horas monumentos y espacios de toda Navarra \u201cse apagar\u00e1n\u201d como gesto simb\u00f3lico en la lucha contra el cambio clim\u00e1tico\",\"breadcrumb\":{\"@id\":\"https:\\\/\\\/www.laguiadepamplona.com\\\/actualidad\\\/pamplona-se-suma-este-sabado-a-la-hora-del-planeta-apagando-durante-una-hora-la-iluminacion-de-la-fachada-de-la-casa-consistorial\\\/#breadcrumb\"},\"inLanguage\":\"es\",\"potentialAction\":[{\"@type\":\"ReadAction\",\"target\":[\"https:\\\/\\\/www.laguiadepamplona.com\\\/actualidad\\\/pamplona-se-suma-este-sabado-a-la-hora-del-planeta-apagando-durante-una-hora-la-iluminacion-de-la-fachada-de-la-casa-consistorial\\\/\"]}]},{\"@type\":\"ImageObject\",\"inLanguage\":\"es\",\"@id\":\"https:\\\/\\\/www.laguiadepamplona.com\\\/actualidad\\\/pamplona-se-suma-este-sabado-a-la-hora-del-planeta-apagando-durante-una-hora-la-iluminacion-de-la-fachada-de-la-casa-consistorial\\\/#primaryimage\",\"url\":\"https:\\\/\\\/www.laguiadepamplona.com\\\/actualidad\\\/wp-content\\\/uploads\\\/2022\\\/03\\\/hora-del-planeta-copia.jpg\",\"contentUrl\":\"https:\\\/\\\/www.laguiadepamplona.com\\\/actualidad\\\/wp-content\\\/uploads\\\/2022\\\/03\\\/hora-del-planeta-copia.jpg\",\"width\":694,\"height\":586},{\"@type\":\"BreadcrumbList\",\"@id\":\"https:\\\/\\\/www.laguiadepamplona.com\\\/actualidad\\\/pamplona-se-suma-este-sabado-a-la-hora-del-planeta-apagando-durante-una-hora-la-iluminacion-de-la-fachada-de-la-casa-consistorial\\\/#breadcrumb\",\"itemListElement\":[{\"@type\":\"ListItem\",\"position\":1,\"name\":\"Portada\",\"item\":\"https:\\\/\\\/www.laguiadepamplona.com\\\/actualidad\\\/\"},{\"@type\":\"ListItem\",\"position\":2,\"name\":\"Pamplona se suma este s\u00e1bado a la \u2018Hora del Planeta\u2019 apagando durante una hora la iluminaci\u00f3n de la fachada de la Casa Consistorial\"}]},{\"@type\":\"WebSite\",\"@id\":\"https:\\\/\\\/www.laguiadepamplona.com\\\/actualidad\\\/#website\",\"url\":\"https:\\\/\\\/www.laguiadepamplona.com\\\/actualidad\\\/\",\"name\":\"La gu\u00eda de Pamplona\",\"description\":\"Noticias de Pamplona\",\"publisher\":{\"@id\":\"https:\\\/\\\/www.laguiadepamplona.com\\\/actualidad\\\/#organization\"},\"potentialAction\":[{\"@type\":\"SearchAction\",\"target\":{\"@type\":\"EntryPoint\",\"urlTemplate\":\"https:\\\/\\\/www.laguiadepamplona.com\\\/actualidad\\\/?s={search_term_string}\"},\"query-input\":{\"@type\":\"PropertyValueSpecification\",\"valueRequired\":true,\"valueName\":\"search_term_string\"}}],\"inLanguage\":\"es\"},{\"@type\":\"Organization\",\"@id\":\"https:\\\/\\\/www.laguiadepamplona.com\\\/actualidad\\\/#organization\",\"name\":\"La Gu\u00eda de Pamplona \\\/ Noticias\",\"url\":\"https:\\\/\\\/www.laguiadepamplona.com\\\/actualidad\\\/\",\"logo\":{\"@type\":\"ImageObject\",\"inLanguage\":\"es\",\"@id\":\"https:\\\/\\\/www.laguiadepamplona.com\\\/actualidad\\\/#\\\/schema\\\/logo\\\/image\\\/\",\"url\":\"https:\\\/\\\/www.laguiadepamplona.com\\\/actualidad\\\/wp-content\\\/uploads\\\/2018\\\/11\\\/logo-laguiadepamplona18-web1.png\",\"contentUrl\":\"https:\\\/\\\/www.laguiadepamplona.com\\\/actualidad\\\/wp-content\\\/uploads\\\/2018\\\/11\\\/logo-laguiadepamplona18-web1.png\",\"width\":600,\"height\":196,\"caption\":\"La Gu\u00eda de Pamplona \\\/ Noticias\"},\"image\":{\"@id\":\"https:\\\/\\\/www.laguiadepamplona.com\\\/actualidad\\\/#\\\/schema\\\/logo\\\/image\\\/\"},\"sameAs\":[\"https:\\\/\\\/www.facebook.com\\\/laguiadepamplonacom-133175176762273\\\/?ref=hl\",\"https:\\\/\\\/x.com\\\/LaGuiadPamplona\",\"https:\\\/\\\/www.instagram.com\\\/la_guia_de_pamplona\\\/\",\"https:\\\/\\\/www.youtube.com\\\/user\\\/laguiadepamplona\"]},{\"@type\":\"Person\",\"@id\":\"https:\\\/\\\/www.laguiadepamplona.com\\\/actualidad\\\/#\\\/schema\\\/person\\\/efe887376f0213d4657c93adc50b1fdb\",\"name\":\"La Gu\u00eda de Pamplona\",\"image\":{\"@type\":\"ImageObject\",\"inLanguage\":\"es\",\"@id\":\"https:\\\/\\\/secure.gravatar.com\\\/avatar\\\/b6992f131dc8d30ab0dff15446e9d346d9dbd95992de0fef795073f5ea83a81c?s=96&d=mm&r=g\",\"url\":\"https:\\\/\\\/secure.gravatar.com\\\/avatar\\\/b6992f131dc8d30ab0dff15446e9d346d9dbd95992de0fef795073f5ea83a81c?s=96&d=mm&r=g\",\"contentUrl\":\"https:\\\/\\\/secure.gravatar.com\\\/avatar\\\/b6992f131dc8d30ab0dff15446e9d346d9dbd95992de0fef795073f5ea83a81c?s=96&d=mm&r=g\",\"caption\":\"La Gu\u00eda de Pamplona\"}}]}<\/script>\n<!-- \/ Yoast SEO plugin. -->","yoast_head_json":{"title":"Pamplona se suma este s\u00e1bado a la \u2018Hora del Planeta\u2019 apagando durante una hora la iluminaci\u00f3n de la fachada de la Casa Consistorial","description":"Entre las 20.30 y las 21.30 horas monumentos y espacios de toda Navarra \u201cse apagar\u00e1n\u201d como gesto simb\u00f3lico en la lucha contra el cambio clim\u00e1tico","robots":{"index":"index","follow":"follow","max-snippet":"max-snippet:-1","max-image-preview":"max-image-preview:large","max-video-preview":"max-video-preview:-1"},"canonical":"https:\/\/www.laguiadepamplona.com\/actualidad\/pamplona-se-suma-este-sabado-a-la-hora-del-planeta-apagando-durante-una-hora-la-iluminacion-de-la-fachada-de-la-casa-consistorial\/","og_locale":"es_ES","og_type":"article","og_title":"Pamplona se suma este s\u00e1bado a la \u2018Hora del Planeta\u2019 apagando durante una hora la iluminaci\u00f3n de la fachada de la Casa Consistorial","og_description":"Entre las 20.30 y las 21.30 horas monumentos y espacios de toda Navarra \u201cse apagar\u00e1n\u201d como gesto simb\u00f3lico en la lucha contra el cambio clim\u00e1tico","og_url":"https:\/\/www.laguiadepamplona.com\/actualidad\/pamplona-se-suma-este-sabado-a-la-hora-del-planeta-apagando-durante-una-hora-la-iluminacion-de-la-fachada-de-la-casa-consistorial\/","og_site_name":"La Gu\u00eda de Pamplona","article_publisher":"https:\/\/www.facebook.com\/laguiadepamplonacom-133175176762273\/?ref=hl","article_published_time":"2022-03-25T17:02:30+00:00","article_modified_time":"2023-04-11T09:48:22+00:00","og_image":[{"width":694,"height":586,"url":"https:\/\/www.laguiadepamplona.com\/actualidad\/wp-content\/uploads\/2022\/03\/hora-del-planeta-copia.jpg","type":"image\/jpeg"}],"author":"La Gu\u00eda de Pamplona","twitter_card":"summary_large_image","twitter_creator":"@LaGuiadPamplona","twitter_site":"@LaGuiadPamplona","twitter_misc":{"Escrito por":"La Gu\u00eda de Pamplona","Tiempo de lectura":"3 minutos"},"schema":{"@context":"https:\/\/schema.org","@graph":[{"@type":"Article","@id":"https:\/\/www.laguiadepamplona.com\/actualidad\/pamplona-se-suma-este-sabado-a-la-hora-del-planeta-apagando-durante-una-hora-la-iluminacion-de-la-fachada-de-la-casa-consistorial\/#article","isPartOf":{"@id":"https:\/\/www.laguiadepamplona.com\/actualidad\/pamplona-se-suma-este-sabado-a-la-hora-del-planeta-apagando-durante-una-hora-la-iluminacion-de-la-fachada-de-la-casa-consistorial\/"},"author":{"name":"La Gu\u00eda de Pamplona","@id":"https:\/\/www.laguiadepamplona.com\/actualidad\/#\/schema\/person\/efe887376f0213d4657c93adc50b1fdb"},"headline":"Pamplona se suma este s\u00e1bado a la \u2018Hora del Planeta\u2019 apagando durante una hora la iluminaci\u00f3n de la fachada de la Casa Consistorial","datePublished":"2022-03-25T17:02:30+00:00","dateModified":"2023-04-11T09:48:22+00:00","mainEntityOfPage":{"@id":"https:\/\/www.laguiadepamplona.com\/actualidad\/pamplona-se-suma-este-sabado-a-la-hora-del-planeta-apagando-durante-una-hora-la-iluminacion-de-la-fachada-de-la-casa-consistorial\/"},"wordCount":513,"commentCount":0,"publisher":{"@id":"https:\/\/www.laguiadepamplona.com\/actualidad\/#organization"},"image":{"@id":"https:\/\/www.laguiadepamplona.com\/actualidad\/pamplona-se-suma-este-sabado-a-la-hora-del-planeta-apagando-durante-una-hora-la-iluminacion-de-la-fachada-de-la-casa-consistorial\/#primaryimage"},"thumbnailUrl":"https:\/\/www.laguiadepamplona.com\/actualidad\/wp-content\/uploads\/2022\/03\/hora-del-planeta-copia.jpg","articleSection":["Ayto Pamplona"],"inLanguage":"es","potentialAction":[{"@type":"CommentAction","name":"Comment","target":["https:\/\/www.laguiadepamplona.com\/actualidad\/pamplona-se-suma-este-sabado-a-la-hora-del-planeta-apagando-durante-una-hora-la-iluminacion-de-la-fachada-de-la-casa-consistorial\/#respond"]}]},{"@type":"WebPage","@id":"https:\/\/www.laguiadepamplona.com\/actualidad\/pamplona-se-suma-este-sabado-a-la-hora-del-planeta-apagando-durante-una-hora-la-iluminacion-de-la-fachada-de-la-casa-consistorial\/","url":"https:\/\/www.laguiadepamplona.com\/actualidad\/pamplona-se-suma-este-sabado-a-la-hora-del-planeta-apagando-durante-una-hora-la-iluminacion-de-la-fachada-de-la-casa-consistorial\/","name":"Pamplona se suma este s\u00e1bado a la \u2018Hora del Planeta\u2019 apagando durante una hora la iluminaci\u00f3n de la fachada de la Casa Consistorial","isPartOf":{"@id":"https:\/\/www.laguiadepamplona.com\/actualidad\/#website"},"primaryImageOfPage":{"@id":"https:\/\/www.laguiadepamplona.com\/actualidad\/pamplona-se-suma-este-sabado-a-la-hora-del-planeta-apagando-durante-una-hora-la-iluminacion-de-la-fachada-de-la-casa-consistorial\/#primaryimage"},"image":{"@id":"https:\/\/www.laguiadepamplona.com\/actualidad\/pamplona-se-suma-este-sabado-a-la-hora-del-planeta-apagando-durante-una-hora-la-iluminacion-de-la-fachada-de-la-casa-consistorial\/#primaryimage"},"thumbnailUrl":"https:\/\/www.laguiadepamplona.com\/actualidad\/wp-content\/uploads\/2022\/03\/hora-del-planeta-copia.jpg","datePublished":"2022-03-25T17:02:30+00:00","dateModified":"2023-04-11T09:48:22+00:00","description":"Entre las 20.30 y las 21.30 horas monumentos y espacios de toda Navarra \u201cse apagar\u00e1n\u201d como gesto simb\u00f3lico en la lucha contra el cambio clim\u00e1tico","breadcrumb":{"@id":"https:\/\/www.laguiadepamplona.com\/actualidad\/pamplona-se-suma-este-sabado-a-la-hora-del-planeta-apagando-durante-una-hora-la-iluminacion-de-la-fachada-de-la-casa-consistorial\/#breadcrumb"},"inLanguage":"es","potentialAction":[{"@type":"ReadAction","target":["https:\/\/www.laguiadepamplona.com\/actualidad\/pamplona-se-suma-este-sabado-a-la-hora-del-planeta-apagando-durante-una-hora-la-iluminacion-de-la-fachada-de-la-casa-consistorial\/"]}]},{"@type":"ImageObject","inLanguage":"es","@id":"https:\/\/www.laguiadepamplona.com\/actualidad\/pamplona-se-suma-este-sabado-a-la-hora-del-planeta-apagando-durante-una-hora-la-iluminacion-de-la-fachada-de-la-casa-consistorial\/#primaryimage","url":"https:\/\/www.laguiadepamplona.com\/actualidad\/wp-content\/uploads\/2022\/03\/hora-del-planeta-copia.jpg","contentUrl":"https:\/\/www.laguiadepamplona.com\/actualidad\/wp-content\/uploads\/2022\/03\/hora-del-planeta-copia.jpg","width":694,"height":586},{"@type":"BreadcrumbList","@id":"https:\/\/www.laguiadepamplona.com\/actualidad\/pamplona-se-suma-este-sabado-a-la-hora-del-planeta-apagando-durante-una-hora-la-iluminacion-de-la-fachada-de-la-casa-consistorial\/#breadcrumb","itemListElement":[{"@type":"ListItem","position":1,"name":"Portada","item":"https:\/\/www.laguiadepamplona.com\/actualidad\/"},{"@type":"ListItem","position":2,"name":"Pamplona se suma este s\u00e1bado a la \u2018Hora del Planeta\u2019 apagando durante una hora la iluminaci\u00f3n de la fachada de la Casa Consistorial"}]},{"@type":"WebSite","@id":"https:\/\/www.laguiadepamplona.com\/actualidad\/#website","url":"https:\/\/www.laguiadepamplona.com\/actualidad\/","name":"La gu\u00eda de Pamplona","description":"Noticias de Pamplona","publisher":{"@id":"https:\/\/www.laguiadepamplona.com\/actualidad\/#organization"},"potentialAction":[{"@type":"SearchAction","target":{"@type":"EntryPoint","urlTemplate":"https:\/\/www.laguiadepamplona.com\/actualidad\/?s={search_term_string}"},"query-input":{"@type":"PropertyValueSpecification","valueRequired":true,"valueName":"search_term_string"}}],"inLanguage":"es"},{"@type":"Organization","@id":"https:\/\/www.laguiadepamplona.com\/actualidad\/#organization","name":"La Gu\u00eda de Pamplona \/ Noticias","url":"https:\/\/www.laguiadepamplona.com\/actualidad\/","logo":{"@type":"ImageObject","inLanguage":"es","@id":"https:\/\/www.laguiadepamplona.com\/actualidad\/#\/schema\/logo\/image\/","url":"https:\/\/www.laguiadepamplona.com\/actualidad\/wp-content\/uploads\/2018\/11\/logo-laguiadepamplona18-web1.png","contentUrl":"https:\/\/www.laguiadepamplona.com\/actualidad\/wp-content\/uploads\/2018\/11\/logo-laguiadepamplona18-web1.png","width":600,"height":196,"caption":"La Gu\u00eda de Pamplona \/ Noticias"},"image":{"@id":"https:\/\/www.laguiadepamplona.com\/actualidad\/#\/schema\/logo\/image\/"},"sameAs":["https:\/\/www.facebook.com\/laguiadepamplonacom-133175176762273\/?ref=hl","https:\/\/x.com\/LaGuiadPamplona","https:\/\/www.instagram.com\/la_guia_de_pamplona\/","https:\/\/www.youtube.com\/user\/laguiadepamplona"]},{"@type":"Person","@id":"https:\/\/www.laguiadepamplona.com\/actualidad\/#\/schema\/person\/efe887376f0213d4657c93adc50b1fdb","name":"La Gu\u00eda de Pamplona","image":{"@type":"ImageObject","inLanguage":"es","@id":"https:\/\/secure.gravatar.com\/avatar\/b6992f131dc8d30ab0dff15446e9d346d9dbd95992de0fef795073f5ea83a81c?s=96&d=mm&r=g","url":"https:\/\/secure.gravatar.com\/avatar\/b6992f131dc8d30ab0dff15446e9d346d9dbd95992de0fef795073f5ea83a81c?s=96&d=mm&r=g","contentUrl":"https:\/\/secure.gravatar.com\/avatar\/b6992f131dc8d30ab0dff15446e9d346d9dbd95992de0fef795073f5ea83a81c?s=96&d=mm&r=g","caption":"La Gu\u00eda de Pamplona"}}]}},"post_mailing_queue_ids":[],"_links":{"self":[{"href":"https:\/\/www.laguiadepamplona.com\/actualidad\/wp-json\/wp\/v2\/posts\/39680","targetHints":{"allow":["GET"]}}],"collection":[{"href":"https:\/\/www.laguiadepamplona.com\/actualidad\/wp-json\/wp\/v2\/posts"}],"about":[{"href":"https:\/\/www.laguiadepamplona.com\/actualidad\/wp-json\/wp\/v2\/types\/post"}],"author":[{"embeddable":true,"href":"https:\/\/www.laguiadepamplona.com\/actualidad\/wp-json\/wp\/v2\/users\/1"}],"replies":[{"embeddable":true,"href":"https:\/\/www.laguiadepamplona.com\/actualidad\/wp-json\/wp\/v2\/comments?post=39680"}],"version-history":[{"count":0,"href":"https:\/\/www.laguiadepamplona.com\/actualidad\/wp-json\/wp\/v2\/posts\/39680\/revisions"}],"wp:featuredmedia":[{"embeddable":true,"href":"https:\/\/www.laguiadepamplona.com\/actualidad\/wp-json\/wp\/v2\/media\/39681"}],"wp:attachment":[{"href":"https:\/\/www.laguiadepamplona.com\/actualidad\/wp-json\/wp\/v2\/media?parent=39680"}],"wp:term":[{"taxonomy":"category","embeddable":true,"href":"https:\/\/www.laguiadepamplona.com\/actualidad\/wp-json\/wp\/v2\/categories?post=39680"},{"taxonomy":"post_tag","embeddable":true,"href":"https:\/\/www.laguiadepamplona.com\/actualidad\/wp-json\/wp\/v2\/tags?post=39680"}],"curies":[{"name":"wp","href":"https:\/\/api.w.org\/{rel}","templated":true}]}}