{"id":39676,"date":"2022-03-25T18:59:58","date_gmt":"2022-03-25T16:59:58","guid":{"rendered":"https:\/\/www.laguiadepamplona.com\/actualidad\/?p=39676"},"modified":"2023-04-11T11:48:22","modified_gmt":"2023-04-11T09:48:22","slug":"civivox-condestable-acoge-esta-proxima-semana-el-ciclo-musync-una-propuesta-de-tres-veladas-en-colaboracion-con-el-conservatorio-superior-de-musica-de-navarra","status":"publish","type":"post","link":"https:\/\/www.laguiadepamplona.com\/actualidad\/civivox-condestable-acoge-esta-proxima-semana-el-ciclo-musync-una-propuesta-de-tres-veladas-en-colaboracion-con-el-conservatorio-superior-de-musica-de-navarra\/","title":{"rendered":"Civivox Condestable acoge esta pr\u00f3xima semana el ciclo Musync!, una propuesta de tres veladas en colaboraci\u00f3n con el Conservatorio Superior de M\u00fasica de Navarra"},"content":{"rendered":"<h5>Las actividades comenzar\u00e1n a las 19.30 horas, con entrada libre, previa inscripci\u00f3n en el 010, la red Civivox o <a href=\"http:\/\/www.pamplonaescultura.es\" target=\"_blank\" rel=\"noopener\">www.pamplonaescultura.es<\/a><\/h5>\n<p><!--more--><\/p>\n<p>Este pr\u00f3ximo lunes comienza una nueva edici\u00f3n de Musync!, el ciclo cultural del Ayuntamiento de Pamplona en Civivox que se realiza en colaboraci\u00f3n con el \u00e1rea de Musicolog\u00eda del Conservatorio Superior de M\u00fasica de Navarra. Musync! en esta edici\u00f3n, propone tres sesiones consecutivas: un concierto de m\u00fasica antigua que ofrecen 25 j\u00f3venes int\u00e9rpretes vascos, la proyecci\u00f3n de una pel\u00edcula documental sobre la fusi\u00f3n de la m\u00fasica africana y la huella espa\u00f1ola en la cultura musical cubana y una conferencia-concierto en homenaje al compositor tudelano Joaqu\u00edn Gaztambide, en el bicentenario de su nacimiento.<\/p>\n<p>Todas las actividades del programa ser\u00e1n gratuitas, tendr\u00e1n lugar en Condestable a las 19.30 horas y se desarrollar\u00e1n entre el 28 al 30 de marzo. Las sesiones tendr\u00e1n la entrada libre, previa inscripci\u00f3n en el tel\u00e9fono 010, en la propia red Civivox o en la web municipal, <a href=\"http:\/\/www.pamplonaescultura.es\" target=\"_blank\" rel=\"noopener\">www.pamplonaescultura.es<\/a>.<\/p>\n<p>La primera propuesta tendr\u00e1 lugar el lunes 28 con el concierto \u2018La boda y el abismo\u2019, que ser\u00e1 interpretado por la formaci\u00f3n Novum Kantors Coro &amp; Ensemble, bajo la direcci\u00f3n de Pablo Morales, creador de la agrupaci\u00f3n. Centrada en composiciones de Bach, el concierto ofrecer\u00e1 la interpretaci\u00f3n de las cantatas BWV 140 y BWV 131. Como an\u00e1lisis del programa: la notaci\u00f3n de esas partituras recoge los sentimientos m\u00e1s extremos, de la desesperaci\u00f3n a la alegr\u00eda. Novum Kantors es una agrupaci\u00f3n que re\u00fane a 25 j\u00f3venes talentos del panorama musical vasco actual para hacer m\u00fasica antigua.<br \/>\n<script async src=\"\/\/pagead2.googlesyndication.com\/pagead\/js\/adsbygoogle.js\"><\/script><br \/>\n<!-- Noticias La Guia de Pamplona --><br \/>\n<ins class=\"adsbygoogle\"\nstyle=\"display:block\"\ndata-ad-client=\"ca-pub-6943679897239327\"\ndata-ad-slot=\"7048180777\"\ndata-ad-format=\"auto\"><\/ins><br \/>\n<script>\n(adsbygoogle = window.adsbygoogle || []).push({});\n<\/script><\/p>\n<p><strong>De Cuba a Tudela<\/strong><\/p>\n<p>El ciclo Musync! continuar\u00e1 el martes 29 de marzo con una actividad audiovisual. La oferta para esa tarde es la proyecci\u00f3n de la <a href=\"https:\/\/www.herenciadocumental.com\/\" target=\"_blank\" rel=\"noopener\">pel\u00edcula-documental \u2018Herencia\u2019<\/a> (Espa\u00f1a, 2020, 60\u2019), un mediometraje en el que su directora, Ana Hurtado, ha querido mostrar la gran influencia de \u00c1frica en la cultura cubana a trav\u00e9s de conversaciones con artistas de casi todas las disciplinas. Esa herencia se mezcla de forma arm\u00f3nica con la huella hispana presente en todos los aspectos de la sociedad de la isla, pero, sobre todo, en su m\u00fasica. Se encargar\u00e1 de introducir la sesi\u00f3n Sergio Barcelona.<\/p>\n<p>Precisamente en Cuba estuvo de gira, y tambi\u00e9n en M\u00e9xico, Joaqu\u00edn Gaztambide, el pianista y compositor tudelano al que se homenajea en la \u00faltima actividad. Con su propia compa\u00f1\u00eda en 1869 se traslada al otro lado del atl\u00e1ntico, de donde volvi\u00f3 arruinado para fallecer poco despu\u00e9s. Si en la pasada edici\u00f3n de Musync! se homenajeaba a Emilio Arrieta, en esta edici\u00f3n se aprovecha que se cumplen 200 a\u00f1os del nacimiento de Joaqu\u00edn Romualdo Gaztambide y Garbayo para cerrar el programa con un concierto-conferencia. El pianista y ponente Rinaldo Zhok y la soprano Raquel Fern\u00e1ndez, en colaboraci\u00f3n con la asociaci\u00f3n Nueva Babel, ofrecer\u00e1n una conferencia concierto para explorar su recorrido biogr\u00e1fico y creativo a trav\u00e9s de su m\u00fasica.<\/p>\n<p>Consagrado como compositor de zarzuelas, un g\u00e9nero l\u00edrico muy del gusto del siglo XIX, fue tambi\u00e9n uno de los principales impulsores del teatro musical espa\u00f1ol. Su esp\u00edritu empresarial lo llev\u00f3 a fundar, junto a Barbieri, el Teatro de la Zarzuela en Madrid y tambi\u00e9n fue director y presidente de la Sociedad de Conciertos de Madrid.<br \/>\n<script async src=\"\/\/pagead2.googlesyndication.com\/pagead\/js\/adsbygoogle.js\"><\/script><br \/>\n<!-- Noticias La Guia de Pamplona --><br \/>\n<ins class=\"adsbygoogle\"\nstyle=\"display:block\"\ndata-ad-client=\"ca-pub-6943679897239327\"\ndata-ad-slot=\"7048180777\"\ndata-ad-format=\"auto\"><\/ins><br \/>\n<script>\n(adsbygoogle = window.adsbygoogle || []).push({});\n<\/script><\/p>\n<p>&nbsp;<\/p>\n<h3>Musync!. palacio del Condestable. 19.30 horas<\/h3>\n<p><strong>28 de marzo<\/strong><\/p>\n<ul>\n<li><strong>Bach: la boda y el abismo <\/strong><\/li>\n<li><strong>CONCIERTO<\/strong><\/li>\n<li><strong>Novum kantors<\/strong><\/li>\n<\/ul>\n<p><strong>29 de marzo<\/strong><\/p>\n<ul>\n<li><strong>Herencia<\/strong><\/li>\n<li><strong>PEL\u00cdCULA-DOCUMENTAL, dirigido por Ana Hurtado<\/strong><\/li>\n<\/ul>\n<p><strong>30 de marzo<\/strong><\/p>\n<ul>\n<li><strong>Joaqu\u00edn Gaztambide: una vida para el teatro<\/strong><\/li>\n<li><strong>CONCIERTO-CONFERENCIA<\/strong><\/li>\n<li><strong>En el bicentenario del nacimiento de Joaqu\u00edn Gaztambide)<\/strong><\/li>\n<li><strong>Rinaldo Zhok (piano) y ponente, y Raquel Fern\u00e1ndez (soprano)<\/strong><\/li>\n<\/ul>\n","protected":false},"excerpt":{"rendered":"<p>Las actividades comenzar\u00e1n a las 19.30 horas, con entrada libre, previa inscripci\u00f3n en el 010, la red Civivox o www.pamplonaescultura.es<\/p>\n","protected":false},"author":1,"featured_media":39659,"comment_status":"open","ping_status":"closed","sticky":false,"template":"","format":"standard","meta":{"footnotes":""},"categories":[2],"tags":[],"class_list":["post-39676","post","type-post","status-publish","format-standard","has-post-thumbnail","hentry","category-ayuntamiento-pamplona"],"yoast_head":"<!-- This site is optimized with the Yoast SEO plugin v27.3 - https:\/\/yoast.com\/product\/yoast-seo-wordpress\/ -->\n<title>Civivox Condestable acoge esta pr\u00f3xima semana el ciclo Musync!, una propuesta de tres veladas en colaboraci\u00f3n con el Conservatorio Superior de M\u00fasica de Navarra<\/title>\n<meta name=\"description\" content=\"Las actividades comenzar\u00e1n a las 19.30 horas, con entrada libre, previa inscripci\u00f3n en el 010, la red Civivox o www.pamplonaescultura.es\" \/>\n<meta name=\"robots\" content=\"index, follow, max-snippet:-1, max-image-preview:large, max-video-preview:-1\" \/>\n<link rel=\"canonical\" href=\"https:\/\/www.laguiadepamplona.com\/actualidad\/civivox-condestable-acoge-esta-proxima-semana-el-ciclo-musync-una-propuesta-de-tres-veladas-en-colaboracion-con-el-conservatorio-superior-de-musica-de-navarra\/\" \/>\n<meta property=\"og:locale\" content=\"es_ES\" \/>\n<meta property=\"og:type\" content=\"article\" \/>\n<meta property=\"og:title\" content=\"Civivox Condestable acoge esta pr\u00f3xima semana el ciclo Musync!, una propuesta de tres veladas en colaboraci\u00f3n con el Conservatorio Superior de M\u00fasica de Navarra\" \/>\n<meta property=\"og:description\" content=\"Las actividades comenzar\u00e1n a las 19.30 horas, con entrada libre, previa inscripci\u00f3n en el 010, la red Civivox o www.pamplonaescultura.es\" \/>\n<meta property=\"og:url\" content=\"https:\/\/www.laguiadepamplona.com\/actualidad\/civivox-condestable-acoge-esta-proxima-semana-el-ciclo-musync-una-propuesta-de-tres-veladas-en-colaboracion-con-el-conservatorio-superior-de-musica-de-navarra\/\" \/>\n<meta property=\"og:site_name\" content=\"La Gu\u00eda de Pamplona\" \/>\n<meta property=\"article:publisher\" content=\"https:\/\/www.facebook.com\/laguiadepamplonacom-133175176762273\/?ref=hl\" \/>\n<meta property=\"article:published_time\" content=\"2022-03-25T16:59:58+00:00\" \/>\n<meta property=\"article:modified_time\" content=\"2023-04-11T09:48:22+00:00\" \/>\n<meta property=\"og:image\" content=\"https:\/\/www.laguiadepamplona.com\/actualidad\/wp-content\/uploads\/2022\/03\/novum-kantors.jpg\" \/>\n\t<meta property=\"og:image:width\" content=\"870\" \/>\n\t<meta property=\"og:image:height\" content=\"480\" \/>\n\t<meta property=\"og:image:type\" content=\"image\/jpeg\" \/>\n<meta name=\"author\" content=\"La Gu\u00eda de Pamplona\" \/>\n<meta name=\"twitter:card\" content=\"summary_large_image\" \/>\n<meta name=\"twitter:creator\" content=\"@LaGuiadPamplona\" \/>\n<meta name=\"twitter:site\" content=\"@LaGuiadPamplona\" \/>\n<meta name=\"twitter:label1\" content=\"Escrito por\" \/>\n\t<meta name=\"twitter:data1\" content=\"La Gu\u00eda de Pamplona\" \/>\n\t<meta name=\"twitter:label2\" content=\"Tiempo de lectura\" \/>\n\t<meta name=\"twitter:data2\" content=\"3 minutos\" \/>\n<script type=\"application\/ld+json\" class=\"yoast-schema-graph\">{\"@context\":\"https:\\\/\\\/schema.org\",\"@graph\":[{\"@type\":\"Article\",\"@id\":\"https:\\\/\\\/www.laguiadepamplona.com\\\/actualidad\\\/civivox-condestable-acoge-esta-proxima-semana-el-ciclo-musync-una-propuesta-de-tres-veladas-en-colaboracion-con-el-conservatorio-superior-de-musica-de-navarra\\\/#article\",\"isPartOf\":{\"@id\":\"https:\\\/\\\/www.laguiadepamplona.com\\\/actualidad\\\/civivox-condestable-acoge-esta-proxima-semana-el-ciclo-musync-una-propuesta-de-tres-veladas-en-colaboracion-con-el-conservatorio-superior-de-musica-de-navarra\\\/\"},\"author\":{\"name\":\"La Gu\u00eda de Pamplona\",\"@id\":\"https:\\\/\\\/www.laguiadepamplona.com\\\/actualidad\\\/#\\\/schema\\\/person\\\/efe887376f0213d4657c93adc50b1fdb\"},\"headline\":\"Civivox Condestable acoge esta pr\u00f3xima semana el ciclo Musync!, una propuesta de tres veladas en colaboraci\u00f3n con el Conservatorio Superior de M\u00fasica de Navarra\",\"datePublished\":\"2022-03-25T16:59:58+00:00\",\"dateModified\":\"2023-04-11T09:48:22+00:00\",\"mainEntityOfPage\":{\"@id\":\"https:\\\/\\\/www.laguiadepamplona.com\\\/actualidad\\\/civivox-condestable-acoge-esta-proxima-semana-el-ciclo-musync-una-propuesta-de-tres-veladas-en-colaboracion-con-el-conservatorio-superior-de-musica-de-navarra\\\/\"},\"wordCount\":664,\"commentCount\":0,\"publisher\":{\"@id\":\"https:\\\/\\\/www.laguiadepamplona.com\\\/actualidad\\\/#organization\"},\"image\":{\"@id\":\"https:\\\/\\\/www.laguiadepamplona.com\\\/actualidad\\\/civivox-condestable-acoge-esta-proxima-semana-el-ciclo-musync-una-propuesta-de-tres-veladas-en-colaboracion-con-el-conservatorio-superior-de-musica-de-navarra\\\/#primaryimage\"},\"thumbnailUrl\":\"https:\\\/\\\/www.laguiadepamplona.com\\\/actualidad\\\/wp-content\\\/uploads\\\/2022\\\/03\\\/novum-kantors.jpg\",\"articleSection\":[\"Ayto Pamplona\"],\"inLanguage\":\"es\",\"potentialAction\":[{\"@type\":\"CommentAction\",\"name\":\"Comment\",\"target\":[\"https:\\\/\\\/www.laguiadepamplona.com\\\/actualidad\\\/civivox-condestable-acoge-esta-proxima-semana-el-ciclo-musync-una-propuesta-de-tres-veladas-en-colaboracion-con-el-conservatorio-superior-de-musica-de-navarra\\\/#respond\"]}]},{\"@type\":\"WebPage\",\"@id\":\"https:\\\/\\\/www.laguiadepamplona.com\\\/actualidad\\\/civivox-condestable-acoge-esta-proxima-semana-el-ciclo-musync-una-propuesta-de-tres-veladas-en-colaboracion-con-el-conservatorio-superior-de-musica-de-navarra\\\/\",\"url\":\"https:\\\/\\\/www.laguiadepamplona.com\\\/actualidad\\\/civivox-condestable-acoge-esta-proxima-semana-el-ciclo-musync-una-propuesta-de-tres-veladas-en-colaboracion-con-el-conservatorio-superior-de-musica-de-navarra\\\/\",\"name\":\"Civivox Condestable acoge esta pr\u00f3xima semana el ciclo Musync!, una propuesta de tres veladas en colaboraci\u00f3n con el Conservatorio Superior de M\u00fasica de Navarra\",\"isPartOf\":{\"@id\":\"https:\\\/\\\/www.laguiadepamplona.com\\\/actualidad\\\/#website\"},\"primaryImageOfPage\":{\"@id\":\"https:\\\/\\\/www.laguiadepamplona.com\\\/actualidad\\\/civivox-condestable-acoge-esta-proxima-semana-el-ciclo-musync-una-propuesta-de-tres-veladas-en-colaboracion-con-el-conservatorio-superior-de-musica-de-navarra\\\/#primaryimage\"},\"image\":{\"@id\":\"https:\\\/\\\/www.laguiadepamplona.com\\\/actualidad\\\/civivox-condestable-acoge-esta-proxima-semana-el-ciclo-musync-una-propuesta-de-tres-veladas-en-colaboracion-con-el-conservatorio-superior-de-musica-de-navarra\\\/#primaryimage\"},\"thumbnailUrl\":\"https:\\\/\\\/www.laguiadepamplona.com\\\/actualidad\\\/wp-content\\\/uploads\\\/2022\\\/03\\\/novum-kantors.jpg\",\"datePublished\":\"2022-03-25T16:59:58+00:00\",\"dateModified\":\"2023-04-11T09:48:22+00:00\",\"description\":\"Las actividades comenzar\u00e1n a las 19.30 horas, con entrada libre, previa inscripci\u00f3n en el 010, la red Civivox o www.pamplonaescultura.es\",\"breadcrumb\":{\"@id\":\"https:\\\/\\\/www.laguiadepamplona.com\\\/actualidad\\\/civivox-condestable-acoge-esta-proxima-semana-el-ciclo-musync-una-propuesta-de-tres-veladas-en-colaboracion-con-el-conservatorio-superior-de-musica-de-navarra\\\/#breadcrumb\"},\"inLanguage\":\"es\",\"potentialAction\":[{\"@type\":\"ReadAction\",\"target\":[\"https:\\\/\\\/www.laguiadepamplona.com\\\/actualidad\\\/civivox-condestable-acoge-esta-proxima-semana-el-ciclo-musync-una-propuesta-de-tres-veladas-en-colaboracion-con-el-conservatorio-superior-de-musica-de-navarra\\\/\"]}]},{\"@type\":\"ImageObject\",\"inLanguage\":\"es\",\"@id\":\"https:\\\/\\\/www.laguiadepamplona.com\\\/actualidad\\\/civivox-condestable-acoge-esta-proxima-semana-el-ciclo-musync-una-propuesta-de-tres-veladas-en-colaboracion-con-el-conservatorio-superior-de-musica-de-navarra\\\/#primaryimage\",\"url\":\"https:\\\/\\\/www.laguiadepamplona.com\\\/actualidad\\\/wp-content\\\/uploads\\\/2022\\\/03\\\/novum-kantors.jpg\",\"contentUrl\":\"https:\\\/\\\/www.laguiadepamplona.com\\\/actualidad\\\/wp-content\\\/uploads\\\/2022\\\/03\\\/novum-kantors.jpg\",\"width\":870,\"height\":480},{\"@type\":\"BreadcrumbList\",\"@id\":\"https:\\\/\\\/www.laguiadepamplona.com\\\/actualidad\\\/civivox-condestable-acoge-esta-proxima-semana-el-ciclo-musync-una-propuesta-de-tres-veladas-en-colaboracion-con-el-conservatorio-superior-de-musica-de-navarra\\\/#breadcrumb\",\"itemListElement\":[{\"@type\":\"ListItem\",\"position\":1,\"name\":\"Portada\",\"item\":\"https:\\\/\\\/www.laguiadepamplona.com\\\/actualidad\\\/\"},{\"@type\":\"ListItem\",\"position\":2,\"name\":\"Civivox Condestable acoge esta pr\u00f3xima semana el ciclo Musync!, una propuesta de tres veladas en colaboraci\u00f3n con el Conservatorio Superior de M\u00fasica de Navarra\"}]},{\"@type\":\"WebSite\",\"@id\":\"https:\\\/\\\/www.laguiadepamplona.com\\\/actualidad\\\/#website\",\"url\":\"https:\\\/\\\/www.laguiadepamplona.com\\\/actualidad\\\/\",\"name\":\"La gu\u00eda de Pamplona\",\"description\":\"Noticias de Pamplona\",\"publisher\":{\"@id\":\"https:\\\/\\\/www.laguiadepamplona.com\\\/actualidad\\\/#organization\"},\"potentialAction\":[{\"@type\":\"SearchAction\",\"target\":{\"@type\":\"EntryPoint\",\"urlTemplate\":\"https:\\\/\\\/www.laguiadepamplona.com\\\/actualidad\\\/?s={search_term_string}\"},\"query-input\":{\"@type\":\"PropertyValueSpecification\",\"valueRequired\":true,\"valueName\":\"search_term_string\"}}],\"inLanguage\":\"es\"},{\"@type\":\"Organization\",\"@id\":\"https:\\\/\\\/www.laguiadepamplona.com\\\/actualidad\\\/#organization\",\"name\":\"La Gu\u00eda de Pamplona \\\/ Noticias\",\"url\":\"https:\\\/\\\/www.laguiadepamplona.com\\\/actualidad\\\/\",\"logo\":{\"@type\":\"ImageObject\",\"inLanguage\":\"es\",\"@id\":\"https:\\\/\\\/www.laguiadepamplona.com\\\/actualidad\\\/#\\\/schema\\\/logo\\\/image\\\/\",\"url\":\"https:\\\/\\\/www.laguiadepamplona.com\\\/actualidad\\\/wp-content\\\/uploads\\\/2018\\\/11\\\/logo-laguiadepamplona18-web1.png\",\"contentUrl\":\"https:\\\/\\\/www.laguiadepamplona.com\\\/actualidad\\\/wp-content\\\/uploads\\\/2018\\\/11\\\/logo-laguiadepamplona18-web1.png\",\"width\":600,\"height\":196,\"caption\":\"La Gu\u00eda de Pamplona \\\/ Noticias\"},\"image\":{\"@id\":\"https:\\\/\\\/www.laguiadepamplona.com\\\/actualidad\\\/#\\\/schema\\\/logo\\\/image\\\/\"},\"sameAs\":[\"https:\\\/\\\/www.facebook.com\\\/laguiadepamplonacom-133175176762273\\\/?ref=hl\",\"https:\\\/\\\/x.com\\\/LaGuiadPamplona\",\"https:\\\/\\\/www.instagram.com\\\/la_guia_de_pamplona\\\/\",\"https:\\\/\\\/www.youtube.com\\\/user\\\/laguiadepamplona\"]},{\"@type\":\"Person\",\"@id\":\"https:\\\/\\\/www.laguiadepamplona.com\\\/actualidad\\\/#\\\/schema\\\/person\\\/efe887376f0213d4657c93adc50b1fdb\",\"name\":\"La Gu\u00eda de Pamplona\",\"image\":{\"@type\":\"ImageObject\",\"inLanguage\":\"es\",\"@id\":\"https:\\\/\\\/secure.gravatar.com\\\/avatar\\\/b6992f131dc8d30ab0dff15446e9d346d9dbd95992de0fef795073f5ea83a81c?s=96&d=mm&r=g\",\"url\":\"https:\\\/\\\/secure.gravatar.com\\\/avatar\\\/b6992f131dc8d30ab0dff15446e9d346d9dbd95992de0fef795073f5ea83a81c?s=96&d=mm&r=g\",\"contentUrl\":\"https:\\\/\\\/secure.gravatar.com\\\/avatar\\\/b6992f131dc8d30ab0dff15446e9d346d9dbd95992de0fef795073f5ea83a81c?s=96&d=mm&r=g\",\"caption\":\"La Gu\u00eda de Pamplona\"}}]}<\/script>\n<!-- \/ Yoast SEO plugin. -->","yoast_head_json":{"title":"Civivox Condestable acoge esta pr\u00f3xima semana el ciclo Musync!, una propuesta de tres veladas en colaboraci\u00f3n con el Conservatorio Superior de M\u00fasica de Navarra","description":"Las actividades comenzar\u00e1n a las 19.30 horas, con entrada libre, previa inscripci\u00f3n en el 010, la red Civivox o www.pamplonaescultura.es","robots":{"index":"index","follow":"follow","max-snippet":"max-snippet:-1","max-image-preview":"max-image-preview:large","max-video-preview":"max-video-preview:-1"},"canonical":"https:\/\/www.laguiadepamplona.com\/actualidad\/civivox-condestable-acoge-esta-proxima-semana-el-ciclo-musync-una-propuesta-de-tres-veladas-en-colaboracion-con-el-conservatorio-superior-de-musica-de-navarra\/","og_locale":"es_ES","og_type":"article","og_title":"Civivox Condestable acoge esta pr\u00f3xima semana el ciclo Musync!, una propuesta de tres veladas en colaboraci\u00f3n con el Conservatorio Superior de M\u00fasica de Navarra","og_description":"Las actividades comenzar\u00e1n a las 19.30 horas, con entrada libre, previa inscripci\u00f3n en el 010, la red Civivox o www.pamplonaescultura.es","og_url":"https:\/\/www.laguiadepamplona.com\/actualidad\/civivox-condestable-acoge-esta-proxima-semana-el-ciclo-musync-una-propuesta-de-tres-veladas-en-colaboracion-con-el-conservatorio-superior-de-musica-de-navarra\/","og_site_name":"La Gu\u00eda de Pamplona","article_publisher":"https:\/\/www.facebook.com\/laguiadepamplonacom-133175176762273\/?ref=hl","article_published_time":"2022-03-25T16:59:58+00:00","article_modified_time":"2023-04-11T09:48:22+00:00","og_image":[{"width":870,"height":480,"url":"https:\/\/www.laguiadepamplona.com\/actualidad\/wp-content\/uploads\/2022\/03\/novum-kantors.jpg","type":"image\/jpeg"}],"author":"La Gu\u00eda de Pamplona","twitter_card":"summary_large_image","twitter_creator":"@LaGuiadPamplona","twitter_site":"@LaGuiadPamplona","twitter_misc":{"Escrito por":"La Gu\u00eda de Pamplona","Tiempo de lectura":"3 minutos"},"schema":{"@context":"https:\/\/schema.org","@graph":[{"@type":"Article","@id":"https:\/\/www.laguiadepamplona.com\/actualidad\/civivox-condestable-acoge-esta-proxima-semana-el-ciclo-musync-una-propuesta-de-tres-veladas-en-colaboracion-con-el-conservatorio-superior-de-musica-de-navarra\/#article","isPartOf":{"@id":"https:\/\/www.laguiadepamplona.com\/actualidad\/civivox-condestable-acoge-esta-proxima-semana-el-ciclo-musync-una-propuesta-de-tres-veladas-en-colaboracion-con-el-conservatorio-superior-de-musica-de-navarra\/"},"author":{"name":"La Gu\u00eda de Pamplona","@id":"https:\/\/www.laguiadepamplona.com\/actualidad\/#\/schema\/person\/efe887376f0213d4657c93adc50b1fdb"},"headline":"Civivox Condestable acoge esta pr\u00f3xima semana el ciclo Musync!, una propuesta de tres veladas en colaboraci\u00f3n con el Conservatorio Superior de M\u00fasica de Navarra","datePublished":"2022-03-25T16:59:58+00:00","dateModified":"2023-04-11T09:48:22+00:00","mainEntityOfPage":{"@id":"https:\/\/www.laguiadepamplona.com\/actualidad\/civivox-condestable-acoge-esta-proxima-semana-el-ciclo-musync-una-propuesta-de-tres-veladas-en-colaboracion-con-el-conservatorio-superior-de-musica-de-navarra\/"},"wordCount":664,"commentCount":0,"publisher":{"@id":"https:\/\/www.laguiadepamplona.com\/actualidad\/#organization"},"image":{"@id":"https:\/\/www.laguiadepamplona.com\/actualidad\/civivox-condestable-acoge-esta-proxima-semana-el-ciclo-musync-una-propuesta-de-tres-veladas-en-colaboracion-con-el-conservatorio-superior-de-musica-de-navarra\/#primaryimage"},"thumbnailUrl":"https:\/\/www.laguiadepamplona.com\/actualidad\/wp-content\/uploads\/2022\/03\/novum-kantors.jpg","articleSection":["Ayto Pamplona"],"inLanguage":"es","potentialAction":[{"@type":"CommentAction","name":"Comment","target":["https:\/\/www.laguiadepamplona.com\/actualidad\/civivox-condestable-acoge-esta-proxima-semana-el-ciclo-musync-una-propuesta-de-tres-veladas-en-colaboracion-con-el-conservatorio-superior-de-musica-de-navarra\/#respond"]}]},{"@type":"WebPage","@id":"https:\/\/www.laguiadepamplona.com\/actualidad\/civivox-condestable-acoge-esta-proxima-semana-el-ciclo-musync-una-propuesta-de-tres-veladas-en-colaboracion-con-el-conservatorio-superior-de-musica-de-navarra\/","url":"https:\/\/www.laguiadepamplona.com\/actualidad\/civivox-condestable-acoge-esta-proxima-semana-el-ciclo-musync-una-propuesta-de-tres-veladas-en-colaboracion-con-el-conservatorio-superior-de-musica-de-navarra\/","name":"Civivox Condestable acoge esta pr\u00f3xima semana el ciclo Musync!, una propuesta de tres veladas en colaboraci\u00f3n con el Conservatorio Superior de M\u00fasica de Navarra","isPartOf":{"@id":"https:\/\/www.laguiadepamplona.com\/actualidad\/#website"},"primaryImageOfPage":{"@id":"https:\/\/www.laguiadepamplona.com\/actualidad\/civivox-condestable-acoge-esta-proxima-semana-el-ciclo-musync-una-propuesta-de-tres-veladas-en-colaboracion-con-el-conservatorio-superior-de-musica-de-navarra\/#primaryimage"},"image":{"@id":"https:\/\/www.laguiadepamplona.com\/actualidad\/civivox-condestable-acoge-esta-proxima-semana-el-ciclo-musync-una-propuesta-de-tres-veladas-en-colaboracion-con-el-conservatorio-superior-de-musica-de-navarra\/#primaryimage"},"thumbnailUrl":"https:\/\/www.laguiadepamplona.com\/actualidad\/wp-content\/uploads\/2022\/03\/novum-kantors.jpg","datePublished":"2022-03-25T16:59:58+00:00","dateModified":"2023-04-11T09:48:22+00:00","description":"Las actividades comenzar\u00e1n a las 19.30 horas, con entrada libre, previa inscripci\u00f3n en el 010, la red Civivox o www.pamplonaescultura.es","breadcrumb":{"@id":"https:\/\/www.laguiadepamplona.com\/actualidad\/civivox-condestable-acoge-esta-proxima-semana-el-ciclo-musync-una-propuesta-de-tres-veladas-en-colaboracion-con-el-conservatorio-superior-de-musica-de-navarra\/#breadcrumb"},"inLanguage":"es","potentialAction":[{"@type":"ReadAction","target":["https:\/\/www.laguiadepamplona.com\/actualidad\/civivox-condestable-acoge-esta-proxima-semana-el-ciclo-musync-una-propuesta-de-tres-veladas-en-colaboracion-con-el-conservatorio-superior-de-musica-de-navarra\/"]}]},{"@type":"ImageObject","inLanguage":"es","@id":"https:\/\/www.laguiadepamplona.com\/actualidad\/civivox-condestable-acoge-esta-proxima-semana-el-ciclo-musync-una-propuesta-de-tres-veladas-en-colaboracion-con-el-conservatorio-superior-de-musica-de-navarra\/#primaryimage","url":"https:\/\/www.laguiadepamplona.com\/actualidad\/wp-content\/uploads\/2022\/03\/novum-kantors.jpg","contentUrl":"https:\/\/www.laguiadepamplona.com\/actualidad\/wp-content\/uploads\/2022\/03\/novum-kantors.jpg","width":870,"height":480},{"@type":"BreadcrumbList","@id":"https:\/\/www.laguiadepamplona.com\/actualidad\/civivox-condestable-acoge-esta-proxima-semana-el-ciclo-musync-una-propuesta-de-tres-veladas-en-colaboracion-con-el-conservatorio-superior-de-musica-de-navarra\/#breadcrumb","itemListElement":[{"@type":"ListItem","position":1,"name":"Portada","item":"https:\/\/www.laguiadepamplona.com\/actualidad\/"},{"@type":"ListItem","position":2,"name":"Civivox Condestable acoge esta pr\u00f3xima semana el ciclo Musync!, una propuesta de tres veladas en colaboraci\u00f3n con el Conservatorio Superior de M\u00fasica de Navarra"}]},{"@type":"WebSite","@id":"https:\/\/www.laguiadepamplona.com\/actualidad\/#website","url":"https:\/\/www.laguiadepamplona.com\/actualidad\/","name":"La gu\u00eda de Pamplona","description":"Noticias de Pamplona","publisher":{"@id":"https:\/\/www.laguiadepamplona.com\/actualidad\/#organization"},"potentialAction":[{"@type":"SearchAction","target":{"@type":"EntryPoint","urlTemplate":"https:\/\/www.laguiadepamplona.com\/actualidad\/?s={search_term_string}"},"query-input":{"@type":"PropertyValueSpecification","valueRequired":true,"valueName":"search_term_string"}}],"inLanguage":"es"},{"@type":"Organization","@id":"https:\/\/www.laguiadepamplona.com\/actualidad\/#organization","name":"La Gu\u00eda de Pamplona \/ Noticias","url":"https:\/\/www.laguiadepamplona.com\/actualidad\/","logo":{"@type":"ImageObject","inLanguage":"es","@id":"https:\/\/www.laguiadepamplona.com\/actualidad\/#\/schema\/logo\/image\/","url":"https:\/\/www.laguiadepamplona.com\/actualidad\/wp-content\/uploads\/2018\/11\/logo-laguiadepamplona18-web1.png","contentUrl":"https:\/\/www.laguiadepamplona.com\/actualidad\/wp-content\/uploads\/2018\/11\/logo-laguiadepamplona18-web1.png","width":600,"height":196,"caption":"La Gu\u00eda de Pamplona \/ Noticias"},"image":{"@id":"https:\/\/www.laguiadepamplona.com\/actualidad\/#\/schema\/logo\/image\/"},"sameAs":["https:\/\/www.facebook.com\/laguiadepamplonacom-133175176762273\/?ref=hl","https:\/\/x.com\/LaGuiadPamplona","https:\/\/www.instagram.com\/la_guia_de_pamplona\/","https:\/\/www.youtube.com\/user\/laguiadepamplona"]},{"@type":"Person","@id":"https:\/\/www.laguiadepamplona.com\/actualidad\/#\/schema\/person\/efe887376f0213d4657c93adc50b1fdb","name":"La Gu\u00eda de Pamplona","image":{"@type":"ImageObject","inLanguage":"es","@id":"https:\/\/secure.gravatar.com\/avatar\/b6992f131dc8d30ab0dff15446e9d346d9dbd95992de0fef795073f5ea83a81c?s=96&d=mm&r=g","url":"https:\/\/secure.gravatar.com\/avatar\/b6992f131dc8d30ab0dff15446e9d346d9dbd95992de0fef795073f5ea83a81c?s=96&d=mm&r=g","contentUrl":"https:\/\/secure.gravatar.com\/avatar\/b6992f131dc8d30ab0dff15446e9d346d9dbd95992de0fef795073f5ea83a81c?s=96&d=mm&r=g","caption":"La Gu\u00eda de Pamplona"}}]}},"post_mailing_queue_ids":[],"_links":{"self":[{"href":"https:\/\/www.laguiadepamplona.com\/actualidad\/wp-json\/wp\/v2\/posts\/39676","targetHints":{"allow":["GET"]}}],"collection":[{"href":"https:\/\/www.laguiadepamplona.com\/actualidad\/wp-json\/wp\/v2\/posts"}],"about":[{"href":"https:\/\/www.laguiadepamplona.com\/actualidad\/wp-json\/wp\/v2\/types\/post"}],"author":[{"embeddable":true,"href":"https:\/\/www.laguiadepamplona.com\/actualidad\/wp-json\/wp\/v2\/users\/1"}],"replies":[{"embeddable":true,"href":"https:\/\/www.laguiadepamplona.com\/actualidad\/wp-json\/wp\/v2\/comments?post=39676"}],"version-history":[{"count":0,"href":"https:\/\/www.laguiadepamplona.com\/actualidad\/wp-json\/wp\/v2\/posts\/39676\/revisions"}],"wp:featuredmedia":[{"embeddable":true,"href":"https:\/\/www.laguiadepamplona.com\/actualidad\/wp-json\/wp\/v2\/media\/39659"}],"wp:attachment":[{"href":"https:\/\/www.laguiadepamplona.com\/actualidad\/wp-json\/wp\/v2\/media?parent=39676"}],"wp:term":[{"taxonomy":"category","embeddable":true,"href":"https:\/\/www.laguiadepamplona.com\/actualidad\/wp-json\/wp\/v2\/categories?post=39676"},{"taxonomy":"post_tag","embeddable":true,"href":"https:\/\/www.laguiadepamplona.com\/actualidad\/wp-json\/wp\/v2\/tags?post=39676"}],"curies":[{"name":"wp","href":"https:\/\/api.w.org\/{rel}","templated":true}]}}