{"id":39663,"date":"2022-03-25T18:46:50","date_gmt":"2022-03-25T16:46:50","guid":{"rendered":"https:\/\/www.laguiadepamplona.com\/actualidad\/?p=39663"},"modified":"2023-04-11T11:48:22","modified_gmt":"2023-04-11T09:48:22","slug":"pamplona-es-la-quinta-ciudad-del-pais-en-numero-de-plazas-para-la-recarga-de-coches-electricos-solo-superada-por-madrid-barcelona-bilbao-y-valencia","status":"publish","type":"post","link":"https:\/\/www.laguiadepamplona.com\/actualidad\/pamplona-es-la-quinta-ciudad-del-pais-en-numero-de-plazas-para-la-recarga-de-coches-electricos-solo-superada-por-madrid-barcelona-bilbao-y-valencia\/","title":{"rendered":"Pamplona es la quinta ciudad del pa\u00eds en n\u00famero de plazas para la recarga de coches el\u00e9ctricos, solo superada por Madrid, Barcelona, Bilbao y Valencia"},"content":{"rendered":"<h5>El n\u00famero de recargas realizadas en Pamplona durante el \u00faltimo medio a\u00f1o ha supuesto un incremento del 250% respecto al periodo anterior<\/h5>\n<p><!--more--><\/p>\n<p>Pamplona cuenta con 46 plazas de recarga de veh\u00edculos el\u00e9ctricos distribuidas por toda la ciudad y colocadas siempre en puntos estrat\u00e9gicos para facilitar su uso. Este dato coloca a la capital navarra como la quinta ciudad espa\u00f1ola con mayor n\u00famero de puntos de recarga, solo superada por ciudades con poblaciones muy superiores como Madrid, Barcelona, Bilbao o Valencia. Su uso, adem\u00e1s, est\u00e1 experimentando un aumento exponencial en los \u00faltimos meses, prueba de ello es que en el \u00faltimo medio a\u00f1o se han registrado un 250% m\u00e1s de cargas que en el periodo anterior. La apuesta del Ayuntamiento de Pamplona por la movilidad sostenible, a trav\u00e9s de la estrategia \u2018Go Green Pamplona\u2019, se materializa tambi\u00e9n en este \u00e1mbito en medidas econ\u00f3micas para fomentar el uso de coches el\u00e9ctricos \u2018ECO\u2019 o de cero emisiones, cuyos propietarios tienen bonificaciones en los impuestos y no tienen que pagar la zona azul.<\/p>\n<p>Los datos relacionados con el uso de las infraestructuras de carga de veh\u00edculos el\u00e9ctricos en Pamplona dejan claro que la ciudadan\u00eda va a apostando progresivamente por este sistema. La tendencia ascendente se va notando mes a mes, con 342 usuarios con tarjeta de uso ya registrados, y un 142% m\u00e1s de altas en este periodo de tiempo respecto al anterior. Adem\u00e1s, durante el \u00faltimo medio a\u00f1o se han realizado casi 1.800 cargas.<br \/>\n<script async src=\"\/\/pagead2.googlesyndication.com\/pagead\/js\/adsbygoogle.js\"><\/script><br \/>\n<!-- Noticias La Guia de Pamplona --><br \/>\n<ins class=\"adsbygoogle\"\nstyle=\"display:block\"\ndata-ad-client=\"ca-pub-6943679897239327\"\ndata-ad-slot=\"7048180777\"\ndata-ad-format=\"auto\"><\/ins><br \/>\n<script>\n(adsbygoogle = window.adsbygoogle || []).push({});\n<\/script><\/p>\n<p>La infraestructura de puntos de recarga de veh\u00edculos el\u00e9ctricos de Pamplona ofrece tres tipos de posibilidades. Se trata de tomas semir\u00e1pidas, r\u00e1pidas o una uni\u00f3n entre ambas. El tiempo para completar la bater\u00eda var\u00eda desde un periodo inferior a una hora en las opciones m\u00e1s r\u00e1pidas hasta las casi seis horas en las opciones con menor velocidad de carga. Las plazas de recarga con las que cuenta Pamplona se ofrecen en puntos simples, con \u00fanico punto de recarga y al menos dos plazas, o dobles, en el que pueden encontrarse dos postes de recarga iguales (r\u00e1pidos o semir\u00e1pidos) o una combinaci\u00f3n de ambos con 4 plazas de recarga.<\/p>\n<p>La mayor parte de los postes de recarga que se distribuyen por la capital se han puesto en marcha durante los \u00faltimos a\u00f1os por parte de la empresa \u2018Vilalta\u2019 por medio de una concesi\u00f3n administrativa de dominio p\u00fablico. Tanto las altas en el sistema como las contrataciones de las recargas y los pagos se realizar\u00e1n a trav\u00e9s de una aplicaci\u00f3n que la empresa concesionaria pone a disposici\u00f3n de las personas usuarias, Pamplona EVCharge. Esta app permite tambi\u00e9n la consulta de la ocupaci\u00f3n de los puntos, reservas de recargas con antelaci\u00f3n, o avisos de incidencias y cuenta con un servicio de atenci\u00f3n 24 horas.<br \/>\n<script async src=\"\/\/pagead2.googlesyndication.com\/pagead\/js\/adsbygoogle.js\"><\/script><br \/>\n<!-- Noticias La Guia de Pamplona --><br \/>\n<ins class=\"adsbygoogle\"\nstyle=\"display:block\"\ndata-ad-client=\"ca-pub-6943679897239327\"\ndata-ad-slot=\"7048180777\"\ndata-ad-format=\"auto\"><\/ins><br \/>\n<script>\n(adsbygoogle = window.adsbygoogle || []).push({});\n<\/script><\/p>\n<p><strong>Beneficios econ\u00f3micos para fomentar los veh\u00edculos con bajas emisiones<\/strong><\/p>\n<p>El Ayuntamiento de Pamplona ofrece beneficios a los propietarios de coches el\u00e9ctricos calificados como \u2018ECO\u2019 o de cero emisiones. Los primeros tienen una bonificaci\u00f3n del 25% en el impuesto sobre veh\u00edculos de tracci\u00f3n mec\u00e1nica, y en los segundos este porcentaje asciende hasta el 50%. Adem\u00e1s, los veh\u00edculos el\u00e9ctricos cero emisiones est\u00e1n exentos del pago de las tasas de la zona azul de Pamplona. Para poder ser beneficiarios de esta ventaja, y no tener que realizar el pago ni en las Zonas de Estacionamiento Limitado ni en las Zonas de Estacionamiento Reservado, tienen que disponer del distintivo oficial que otorga la Direcci\u00f3n General de Tr\u00e1fico.<\/p>\n<p>La evoluci\u00f3n del n\u00famero de veh\u00edculos que cuenta con esta etiqueta deja muy claro el aumento del n\u00famero de coches el\u00e9ctricos en Pamplona. Si en 2011 eran \u00fanicamente cuatro los registrados, y seis a\u00f1os despu\u00e9s la cifra se hab\u00eda triplicado; desde 2018, con 30 coches con el distintivo, esta cifra ha crecido exponencialmente hasta llegar a los 284 del pasado a\u00f1o.<br \/>\n<script async src=\"\/\/pagead2.googlesyndication.com\/pagead\/js\/adsbygoogle.js\"><\/script><br \/>\n<!-- Noticias La Guia de Pamplona --><br \/>\n<ins class=\"adsbygoogle\"\nstyle=\"display:block\"\ndata-ad-client=\"ca-pub-6943679897239327\"\ndata-ad-slot=\"7048180777\"\ndata-ad-format=\"auto\"><\/ins><br \/>\n<script>\n(adsbygoogle = window.adsbygoogle || []).push({});\n<\/script><\/p>\n<p><strong>Pamplona, una ciudad que apuesta por la movilidad con cero emisiones<\/strong><\/p>\n<p>La apuesta por el coche el\u00e9ctrico y los veh\u00edculos de cero emisiones forma parte de la apuesta del Ayuntamiento de Pamplona por la movilidad sostenible, integrada en la estrategia \u2018Go Green Pamplona\u2019. El ejemplo de la ciudad ha sido puesto en valor en la jornada profesional de la Feria Ecomovers, celebrada este jueves en el Navarra Arena. Concretamente, el director del \u00e1rea de Proyectos y Obras, Movilidad y Sostenibilidad, Alejandro Astibia, ha presentado en el panel \u2018Impulso a la movilidad verde\u2019, conducido por Sodena, los pasos que desde el Consistorio se est\u00e1n llevando a cabo en esta materia.<\/p>\n<p>Desde la aparici\u00f3n en el mercado de los primeros veh\u00edculos el\u00e9ctricos con solvencia suficiente para garantizar un uso profesional, el Ayuntamiento de Pamplona ha apostado por incorporar unidades de este tipo de coches y furgonetas en su flota. Ya en 2010 se puso en marcha el Plan para la introducci\u00f3n del veh\u00edculo el\u00e9ctrico en Pamplona (PIVEP), con la puesta en marcha de los primeros cinco puntos de recarga en la ciudad. Actualmente el Consistorio cuenta con diez veh\u00edculos \u2018cero emisiones\u2019 que funcionan \u00fanicamente a trav\u00e9s de la electricidad, y en la pol\u00edtica de adquisiciones se valoran siempre este tipo de soluciones para cada compra o sustituci\u00f3n.<\/p>\n","protected":false},"excerpt":{"rendered":"<p>El n\u00famero de recargas realizadas en Pamplona durante el \u00faltimo medio a\u00f1o ha supuesto un incremento del 250% respecto al periodo anterior<\/p>\n","protected":false},"author":1,"featured_media":39664,"comment_status":"open","ping_status":"closed","sticky":false,"template":"","format":"standard","meta":{"footnotes":""},"categories":[2],"tags":[],"class_list":["post-39663","post","type-post","status-publish","format-standard","has-post-thumbnail","hentry","category-ayuntamiento-pamplona"],"yoast_head":"<!-- This site is optimized with the Yoast SEO plugin v27.3 - https:\/\/yoast.com\/product\/yoast-seo-wordpress\/ -->\n<title>Pamplona es la quinta ciudad del pa\u00eds en n\u00famero de plazas para la recarga de coches el\u00e9ctricos, solo superada por Madrid, Barcelona, Bilbao y Valencia<\/title>\n<meta name=\"description\" content=\"El n\u00famero de recargas realizadas en Pamplona durante el \u00faltimo medio a\u00f1o ha supuesto un incremento del 250% respecto al periodo anterior\" \/>\n<meta name=\"robots\" content=\"index, follow, max-snippet:-1, max-image-preview:large, max-video-preview:-1\" \/>\n<link rel=\"canonical\" href=\"https:\/\/www.laguiadepamplona.com\/actualidad\/pamplona-es-la-quinta-ciudad-del-pais-en-numero-de-plazas-para-la-recarga-de-coches-electricos-solo-superada-por-madrid-barcelona-bilbao-y-valencia\/\" \/>\n<meta property=\"og:locale\" content=\"es_ES\" \/>\n<meta property=\"og:type\" content=\"article\" \/>\n<meta property=\"og:title\" content=\"Pamplona es la quinta ciudad del pa\u00eds en n\u00famero de plazas para la recarga de coches el\u00e9ctricos, solo superada por Madrid, Barcelona, Bilbao y Valencia\" \/>\n<meta property=\"og:description\" content=\"El n\u00famero de recargas realizadas en Pamplona durante el \u00faltimo medio a\u00f1o ha supuesto un incremento del 250% respecto al periodo anterior\" \/>\n<meta property=\"og:url\" content=\"https:\/\/www.laguiadepamplona.com\/actualidad\/pamplona-es-la-quinta-ciudad-del-pais-en-numero-de-plazas-para-la-recarga-de-coches-electricos-solo-superada-por-madrid-barcelona-bilbao-y-valencia\/\" \/>\n<meta property=\"og:site_name\" content=\"La Gu\u00eda de Pamplona\" \/>\n<meta property=\"article:publisher\" content=\"https:\/\/www.facebook.com\/laguiadepamplonacom-133175176762273\/?ref=hl\" \/>\n<meta property=\"article:published_time\" content=\"2022-03-25T16:46:50+00:00\" \/>\n<meta property=\"article:modified_time\" content=\"2023-04-11T09:48:22+00:00\" \/>\n<meta property=\"og:image\" content=\"https:\/\/www.laguiadepamplona.com\/actualidad\/wp-content\/uploads\/2022\/03\/recarga-coches-electricos.jpg\" \/>\n\t<meta property=\"og:image:width\" content=\"756\" \/>\n\t<meta property=\"og:image:height\" content=\"422\" \/>\n\t<meta property=\"og:image:type\" content=\"image\/jpeg\" \/>\n<meta name=\"author\" content=\"La Gu\u00eda de Pamplona\" \/>\n<meta name=\"twitter:card\" content=\"summary_large_image\" \/>\n<meta name=\"twitter:creator\" content=\"@LaGuiadPamplona\" \/>\n<meta name=\"twitter:site\" content=\"@LaGuiadPamplona\" \/>\n<meta name=\"twitter:label1\" content=\"Escrito por\" \/>\n\t<meta name=\"twitter:data1\" content=\"La Gu\u00eda de Pamplona\" \/>\n\t<meta name=\"twitter:label2\" content=\"Tiempo de lectura\" \/>\n\t<meta name=\"twitter:data2\" content=\"4 minutos\" \/>\n<script type=\"application\/ld+json\" class=\"yoast-schema-graph\">{\"@context\":\"https:\\\/\\\/schema.org\",\"@graph\":[{\"@type\":\"Article\",\"@id\":\"https:\\\/\\\/www.laguiadepamplona.com\\\/actualidad\\\/pamplona-es-la-quinta-ciudad-del-pais-en-numero-de-plazas-para-la-recarga-de-coches-electricos-solo-superada-por-madrid-barcelona-bilbao-y-valencia\\\/#article\",\"isPartOf\":{\"@id\":\"https:\\\/\\\/www.laguiadepamplona.com\\\/actualidad\\\/pamplona-es-la-quinta-ciudad-del-pais-en-numero-de-plazas-para-la-recarga-de-coches-electricos-solo-superada-por-madrid-barcelona-bilbao-y-valencia\\\/\"},\"author\":{\"name\":\"La Gu\u00eda de Pamplona\",\"@id\":\"https:\\\/\\\/www.laguiadepamplona.com\\\/actualidad\\\/#\\\/schema\\\/person\\\/efe887376f0213d4657c93adc50b1fdb\"},\"headline\":\"Pamplona es la quinta ciudad del pa\u00eds en n\u00famero de plazas para la recarga de coches el\u00e9ctricos, solo superada por Madrid, Barcelona, Bilbao y Valencia\",\"datePublished\":\"2022-03-25T16:46:50+00:00\",\"dateModified\":\"2023-04-11T09:48:22+00:00\",\"mainEntityOfPage\":{\"@id\":\"https:\\\/\\\/www.laguiadepamplona.com\\\/actualidad\\\/pamplona-es-la-quinta-ciudad-del-pais-en-numero-de-plazas-para-la-recarga-de-coches-electricos-solo-superada-por-madrid-barcelona-bilbao-y-valencia\\\/\"},\"wordCount\":932,\"commentCount\":0,\"publisher\":{\"@id\":\"https:\\\/\\\/www.laguiadepamplona.com\\\/actualidad\\\/#organization\"},\"image\":{\"@id\":\"https:\\\/\\\/www.laguiadepamplona.com\\\/actualidad\\\/pamplona-es-la-quinta-ciudad-del-pais-en-numero-de-plazas-para-la-recarga-de-coches-electricos-solo-superada-por-madrid-barcelona-bilbao-y-valencia\\\/#primaryimage\"},\"thumbnailUrl\":\"https:\\\/\\\/www.laguiadepamplona.com\\\/actualidad\\\/wp-content\\\/uploads\\\/2022\\\/03\\\/recarga-coches-electricos.jpg\",\"articleSection\":[\"Ayto Pamplona\"],\"inLanguage\":\"es\",\"potentialAction\":[{\"@type\":\"CommentAction\",\"name\":\"Comment\",\"target\":[\"https:\\\/\\\/www.laguiadepamplona.com\\\/actualidad\\\/pamplona-es-la-quinta-ciudad-del-pais-en-numero-de-plazas-para-la-recarga-de-coches-electricos-solo-superada-por-madrid-barcelona-bilbao-y-valencia\\\/#respond\"]}]},{\"@type\":\"WebPage\",\"@id\":\"https:\\\/\\\/www.laguiadepamplona.com\\\/actualidad\\\/pamplona-es-la-quinta-ciudad-del-pais-en-numero-de-plazas-para-la-recarga-de-coches-electricos-solo-superada-por-madrid-barcelona-bilbao-y-valencia\\\/\",\"url\":\"https:\\\/\\\/www.laguiadepamplona.com\\\/actualidad\\\/pamplona-es-la-quinta-ciudad-del-pais-en-numero-de-plazas-para-la-recarga-de-coches-electricos-solo-superada-por-madrid-barcelona-bilbao-y-valencia\\\/\",\"name\":\"Pamplona es la quinta ciudad del pa\u00eds en n\u00famero de plazas para la recarga de coches el\u00e9ctricos, solo superada por Madrid, Barcelona, Bilbao y Valencia\",\"isPartOf\":{\"@id\":\"https:\\\/\\\/www.laguiadepamplona.com\\\/actualidad\\\/#website\"},\"primaryImageOfPage\":{\"@id\":\"https:\\\/\\\/www.laguiadepamplona.com\\\/actualidad\\\/pamplona-es-la-quinta-ciudad-del-pais-en-numero-de-plazas-para-la-recarga-de-coches-electricos-solo-superada-por-madrid-barcelona-bilbao-y-valencia\\\/#primaryimage\"},\"image\":{\"@id\":\"https:\\\/\\\/www.laguiadepamplona.com\\\/actualidad\\\/pamplona-es-la-quinta-ciudad-del-pais-en-numero-de-plazas-para-la-recarga-de-coches-electricos-solo-superada-por-madrid-barcelona-bilbao-y-valencia\\\/#primaryimage\"},\"thumbnailUrl\":\"https:\\\/\\\/www.laguiadepamplona.com\\\/actualidad\\\/wp-content\\\/uploads\\\/2022\\\/03\\\/recarga-coches-electricos.jpg\",\"datePublished\":\"2022-03-25T16:46:50+00:00\",\"dateModified\":\"2023-04-11T09:48:22+00:00\",\"description\":\"El n\u00famero de recargas realizadas en Pamplona durante el \u00faltimo medio a\u00f1o ha supuesto un incremento del 250% respecto al periodo anterior\",\"breadcrumb\":{\"@id\":\"https:\\\/\\\/www.laguiadepamplona.com\\\/actualidad\\\/pamplona-es-la-quinta-ciudad-del-pais-en-numero-de-plazas-para-la-recarga-de-coches-electricos-solo-superada-por-madrid-barcelona-bilbao-y-valencia\\\/#breadcrumb\"},\"inLanguage\":\"es\",\"potentialAction\":[{\"@type\":\"ReadAction\",\"target\":[\"https:\\\/\\\/www.laguiadepamplona.com\\\/actualidad\\\/pamplona-es-la-quinta-ciudad-del-pais-en-numero-de-plazas-para-la-recarga-de-coches-electricos-solo-superada-por-madrid-barcelona-bilbao-y-valencia\\\/\"]}]},{\"@type\":\"ImageObject\",\"inLanguage\":\"es\",\"@id\":\"https:\\\/\\\/www.laguiadepamplona.com\\\/actualidad\\\/pamplona-es-la-quinta-ciudad-del-pais-en-numero-de-plazas-para-la-recarga-de-coches-electricos-solo-superada-por-madrid-barcelona-bilbao-y-valencia\\\/#primaryimage\",\"url\":\"https:\\\/\\\/www.laguiadepamplona.com\\\/actualidad\\\/wp-content\\\/uploads\\\/2022\\\/03\\\/recarga-coches-electricos.jpg\",\"contentUrl\":\"https:\\\/\\\/www.laguiadepamplona.com\\\/actualidad\\\/wp-content\\\/uploads\\\/2022\\\/03\\\/recarga-coches-electricos.jpg\",\"width\":756,\"height\":422},{\"@type\":\"BreadcrumbList\",\"@id\":\"https:\\\/\\\/www.laguiadepamplona.com\\\/actualidad\\\/pamplona-es-la-quinta-ciudad-del-pais-en-numero-de-plazas-para-la-recarga-de-coches-electricos-solo-superada-por-madrid-barcelona-bilbao-y-valencia\\\/#breadcrumb\",\"itemListElement\":[{\"@type\":\"ListItem\",\"position\":1,\"name\":\"Portada\",\"item\":\"https:\\\/\\\/www.laguiadepamplona.com\\\/actualidad\\\/\"},{\"@type\":\"ListItem\",\"position\":2,\"name\":\"Pamplona es la quinta ciudad del pa\u00eds en n\u00famero de plazas para la recarga de coches el\u00e9ctricos, solo superada por Madrid, Barcelona, Bilbao y Valencia\"}]},{\"@type\":\"WebSite\",\"@id\":\"https:\\\/\\\/www.laguiadepamplona.com\\\/actualidad\\\/#website\",\"url\":\"https:\\\/\\\/www.laguiadepamplona.com\\\/actualidad\\\/\",\"name\":\"La gu\u00eda de Pamplona\",\"description\":\"Noticias de Pamplona\",\"publisher\":{\"@id\":\"https:\\\/\\\/www.laguiadepamplona.com\\\/actualidad\\\/#organization\"},\"potentialAction\":[{\"@type\":\"SearchAction\",\"target\":{\"@type\":\"EntryPoint\",\"urlTemplate\":\"https:\\\/\\\/www.laguiadepamplona.com\\\/actualidad\\\/?s={search_term_string}\"},\"query-input\":{\"@type\":\"PropertyValueSpecification\",\"valueRequired\":true,\"valueName\":\"search_term_string\"}}],\"inLanguage\":\"es\"},{\"@type\":\"Organization\",\"@id\":\"https:\\\/\\\/www.laguiadepamplona.com\\\/actualidad\\\/#organization\",\"name\":\"La Gu\u00eda de Pamplona \\\/ Noticias\",\"url\":\"https:\\\/\\\/www.laguiadepamplona.com\\\/actualidad\\\/\",\"logo\":{\"@type\":\"ImageObject\",\"inLanguage\":\"es\",\"@id\":\"https:\\\/\\\/www.laguiadepamplona.com\\\/actualidad\\\/#\\\/schema\\\/logo\\\/image\\\/\",\"url\":\"https:\\\/\\\/www.laguiadepamplona.com\\\/actualidad\\\/wp-content\\\/uploads\\\/2018\\\/11\\\/logo-laguiadepamplona18-web1.png\",\"contentUrl\":\"https:\\\/\\\/www.laguiadepamplona.com\\\/actualidad\\\/wp-content\\\/uploads\\\/2018\\\/11\\\/logo-laguiadepamplona18-web1.png\",\"width\":600,\"height\":196,\"caption\":\"La Gu\u00eda de Pamplona \\\/ Noticias\"},\"image\":{\"@id\":\"https:\\\/\\\/www.laguiadepamplona.com\\\/actualidad\\\/#\\\/schema\\\/logo\\\/image\\\/\"},\"sameAs\":[\"https:\\\/\\\/www.facebook.com\\\/laguiadepamplonacom-133175176762273\\\/?ref=hl\",\"https:\\\/\\\/x.com\\\/LaGuiadPamplona\",\"https:\\\/\\\/www.instagram.com\\\/la_guia_de_pamplona\\\/\",\"https:\\\/\\\/www.youtube.com\\\/user\\\/laguiadepamplona\"]},{\"@type\":\"Person\",\"@id\":\"https:\\\/\\\/www.laguiadepamplona.com\\\/actualidad\\\/#\\\/schema\\\/person\\\/efe887376f0213d4657c93adc50b1fdb\",\"name\":\"La Gu\u00eda de Pamplona\",\"image\":{\"@type\":\"ImageObject\",\"inLanguage\":\"es\",\"@id\":\"https:\\\/\\\/secure.gravatar.com\\\/avatar\\\/b6992f131dc8d30ab0dff15446e9d346d9dbd95992de0fef795073f5ea83a81c?s=96&d=mm&r=g\",\"url\":\"https:\\\/\\\/secure.gravatar.com\\\/avatar\\\/b6992f131dc8d30ab0dff15446e9d346d9dbd95992de0fef795073f5ea83a81c?s=96&d=mm&r=g\",\"contentUrl\":\"https:\\\/\\\/secure.gravatar.com\\\/avatar\\\/b6992f131dc8d30ab0dff15446e9d346d9dbd95992de0fef795073f5ea83a81c?s=96&d=mm&r=g\",\"caption\":\"La Gu\u00eda de Pamplona\"}}]}<\/script>\n<!-- \/ Yoast SEO plugin. -->","yoast_head_json":{"title":"Pamplona es la quinta ciudad del pa\u00eds en n\u00famero de plazas para la recarga de coches el\u00e9ctricos, solo superada por Madrid, Barcelona, Bilbao y Valencia","description":"El n\u00famero de recargas realizadas en Pamplona durante el \u00faltimo medio a\u00f1o ha supuesto un incremento del 250% respecto al periodo anterior","robots":{"index":"index","follow":"follow","max-snippet":"max-snippet:-1","max-image-preview":"max-image-preview:large","max-video-preview":"max-video-preview:-1"},"canonical":"https:\/\/www.laguiadepamplona.com\/actualidad\/pamplona-es-la-quinta-ciudad-del-pais-en-numero-de-plazas-para-la-recarga-de-coches-electricos-solo-superada-por-madrid-barcelona-bilbao-y-valencia\/","og_locale":"es_ES","og_type":"article","og_title":"Pamplona es la quinta ciudad del pa\u00eds en n\u00famero de plazas para la recarga de coches el\u00e9ctricos, solo superada por Madrid, Barcelona, Bilbao y Valencia","og_description":"El n\u00famero de recargas realizadas en Pamplona durante el \u00faltimo medio a\u00f1o ha supuesto un incremento del 250% respecto al periodo anterior","og_url":"https:\/\/www.laguiadepamplona.com\/actualidad\/pamplona-es-la-quinta-ciudad-del-pais-en-numero-de-plazas-para-la-recarga-de-coches-electricos-solo-superada-por-madrid-barcelona-bilbao-y-valencia\/","og_site_name":"La Gu\u00eda de Pamplona","article_publisher":"https:\/\/www.facebook.com\/laguiadepamplonacom-133175176762273\/?ref=hl","article_published_time":"2022-03-25T16:46:50+00:00","article_modified_time":"2023-04-11T09:48:22+00:00","og_image":[{"width":756,"height":422,"url":"https:\/\/www.laguiadepamplona.com\/actualidad\/wp-content\/uploads\/2022\/03\/recarga-coches-electricos.jpg","type":"image\/jpeg"}],"author":"La Gu\u00eda de Pamplona","twitter_card":"summary_large_image","twitter_creator":"@LaGuiadPamplona","twitter_site":"@LaGuiadPamplona","twitter_misc":{"Escrito por":"La Gu\u00eda de Pamplona","Tiempo de lectura":"4 minutos"},"schema":{"@context":"https:\/\/schema.org","@graph":[{"@type":"Article","@id":"https:\/\/www.laguiadepamplona.com\/actualidad\/pamplona-es-la-quinta-ciudad-del-pais-en-numero-de-plazas-para-la-recarga-de-coches-electricos-solo-superada-por-madrid-barcelona-bilbao-y-valencia\/#article","isPartOf":{"@id":"https:\/\/www.laguiadepamplona.com\/actualidad\/pamplona-es-la-quinta-ciudad-del-pais-en-numero-de-plazas-para-la-recarga-de-coches-electricos-solo-superada-por-madrid-barcelona-bilbao-y-valencia\/"},"author":{"name":"La Gu\u00eda de Pamplona","@id":"https:\/\/www.laguiadepamplona.com\/actualidad\/#\/schema\/person\/efe887376f0213d4657c93adc50b1fdb"},"headline":"Pamplona es la quinta ciudad del pa\u00eds en n\u00famero de plazas para la recarga de coches el\u00e9ctricos, solo superada por Madrid, Barcelona, Bilbao y Valencia","datePublished":"2022-03-25T16:46:50+00:00","dateModified":"2023-04-11T09:48:22+00:00","mainEntityOfPage":{"@id":"https:\/\/www.laguiadepamplona.com\/actualidad\/pamplona-es-la-quinta-ciudad-del-pais-en-numero-de-plazas-para-la-recarga-de-coches-electricos-solo-superada-por-madrid-barcelona-bilbao-y-valencia\/"},"wordCount":932,"commentCount":0,"publisher":{"@id":"https:\/\/www.laguiadepamplona.com\/actualidad\/#organization"},"image":{"@id":"https:\/\/www.laguiadepamplona.com\/actualidad\/pamplona-es-la-quinta-ciudad-del-pais-en-numero-de-plazas-para-la-recarga-de-coches-electricos-solo-superada-por-madrid-barcelona-bilbao-y-valencia\/#primaryimage"},"thumbnailUrl":"https:\/\/www.laguiadepamplona.com\/actualidad\/wp-content\/uploads\/2022\/03\/recarga-coches-electricos.jpg","articleSection":["Ayto Pamplona"],"inLanguage":"es","potentialAction":[{"@type":"CommentAction","name":"Comment","target":["https:\/\/www.laguiadepamplona.com\/actualidad\/pamplona-es-la-quinta-ciudad-del-pais-en-numero-de-plazas-para-la-recarga-de-coches-electricos-solo-superada-por-madrid-barcelona-bilbao-y-valencia\/#respond"]}]},{"@type":"WebPage","@id":"https:\/\/www.laguiadepamplona.com\/actualidad\/pamplona-es-la-quinta-ciudad-del-pais-en-numero-de-plazas-para-la-recarga-de-coches-electricos-solo-superada-por-madrid-barcelona-bilbao-y-valencia\/","url":"https:\/\/www.laguiadepamplona.com\/actualidad\/pamplona-es-la-quinta-ciudad-del-pais-en-numero-de-plazas-para-la-recarga-de-coches-electricos-solo-superada-por-madrid-barcelona-bilbao-y-valencia\/","name":"Pamplona es la quinta ciudad del pa\u00eds en n\u00famero de plazas para la recarga de coches el\u00e9ctricos, solo superada por Madrid, Barcelona, Bilbao y Valencia","isPartOf":{"@id":"https:\/\/www.laguiadepamplona.com\/actualidad\/#website"},"primaryImageOfPage":{"@id":"https:\/\/www.laguiadepamplona.com\/actualidad\/pamplona-es-la-quinta-ciudad-del-pais-en-numero-de-plazas-para-la-recarga-de-coches-electricos-solo-superada-por-madrid-barcelona-bilbao-y-valencia\/#primaryimage"},"image":{"@id":"https:\/\/www.laguiadepamplona.com\/actualidad\/pamplona-es-la-quinta-ciudad-del-pais-en-numero-de-plazas-para-la-recarga-de-coches-electricos-solo-superada-por-madrid-barcelona-bilbao-y-valencia\/#primaryimage"},"thumbnailUrl":"https:\/\/www.laguiadepamplona.com\/actualidad\/wp-content\/uploads\/2022\/03\/recarga-coches-electricos.jpg","datePublished":"2022-03-25T16:46:50+00:00","dateModified":"2023-04-11T09:48:22+00:00","description":"El n\u00famero de recargas realizadas en Pamplona durante el \u00faltimo medio a\u00f1o ha supuesto un incremento del 250% respecto al periodo anterior","breadcrumb":{"@id":"https:\/\/www.laguiadepamplona.com\/actualidad\/pamplona-es-la-quinta-ciudad-del-pais-en-numero-de-plazas-para-la-recarga-de-coches-electricos-solo-superada-por-madrid-barcelona-bilbao-y-valencia\/#breadcrumb"},"inLanguage":"es","potentialAction":[{"@type":"ReadAction","target":["https:\/\/www.laguiadepamplona.com\/actualidad\/pamplona-es-la-quinta-ciudad-del-pais-en-numero-de-plazas-para-la-recarga-de-coches-electricos-solo-superada-por-madrid-barcelona-bilbao-y-valencia\/"]}]},{"@type":"ImageObject","inLanguage":"es","@id":"https:\/\/www.laguiadepamplona.com\/actualidad\/pamplona-es-la-quinta-ciudad-del-pais-en-numero-de-plazas-para-la-recarga-de-coches-electricos-solo-superada-por-madrid-barcelona-bilbao-y-valencia\/#primaryimage","url":"https:\/\/www.laguiadepamplona.com\/actualidad\/wp-content\/uploads\/2022\/03\/recarga-coches-electricos.jpg","contentUrl":"https:\/\/www.laguiadepamplona.com\/actualidad\/wp-content\/uploads\/2022\/03\/recarga-coches-electricos.jpg","width":756,"height":422},{"@type":"BreadcrumbList","@id":"https:\/\/www.laguiadepamplona.com\/actualidad\/pamplona-es-la-quinta-ciudad-del-pais-en-numero-de-plazas-para-la-recarga-de-coches-electricos-solo-superada-por-madrid-barcelona-bilbao-y-valencia\/#breadcrumb","itemListElement":[{"@type":"ListItem","position":1,"name":"Portada","item":"https:\/\/www.laguiadepamplona.com\/actualidad\/"},{"@type":"ListItem","position":2,"name":"Pamplona es la quinta ciudad del pa\u00eds en n\u00famero de plazas para la recarga de coches el\u00e9ctricos, solo superada por Madrid, Barcelona, Bilbao y Valencia"}]},{"@type":"WebSite","@id":"https:\/\/www.laguiadepamplona.com\/actualidad\/#website","url":"https:\/\/www.laguiadepamplona.com\/actualidad\/","name":"La gu\u00eda de Pamplona","description":"Noticias de Pamplona","publisher":{"@id":"https:\/\/www.laguiadepamplona.com\/actualidad\/#organization"},"potentialAction":[{"@type":"SearchAction","target":{"@type":"EntryPoint","urlTemplate":"https:\/\/www.laguiadepamplona.com\/actualidad\/?s={search_term_string}"},"query-input":{"@type":"PropertyValueSpecification","valueRequired":true,"valueName":"search_term_string"}}],"inLanguage":"es"},{"@type":"Organization","@id":"https:\/\/www.laguiadepamplona.com\/actualidad\/#organization","name":"La Gu\u00eda de Pamplona \/ Noticias","url":"https:\/\/www.laguiadepamplona.com\/actualidad\/","logo":{"@type":"ImageObject","inLanguage":"es","@id":"https:\/\/www.laguiadepamplona.com\/actualidad\/#\/schema\/logo\/image\/","url":"https:\/\/www.laguiadepamplona.com\/actualidad\/wp-content\/uploads\/2018\/11\/logo-laguiadepamplona18-web1.png","contentUrl":"https:\/\/www.laguiadepamplona.com\/actualidad\/wp-content\/uploads\/2018\/11\/logo-laguiadepamplona18-web1.png","width":600,"height":196,"caption":"La Gu\u00eda de Pamplona \/ Noticias"},"image":{"@id":"https:\/\/www.laguiadepamplona.com\/actualidad\/#\/schema\/logo\/image\/"},"sameAs":["https:\/\/www.facebook.com\/laguiadepamplonacom-133175176762273\/?ref=hl","https:\/\/x.com\/LaGuiadPamplona","https:\/\/www.instagram.com\/la_guia_de_pamplona\/","https:\/\/www.youtube.com\/user\/laguiadepamplona"]},{"@type":"Person","@id":"https:\/\/www.laguiadepamplona.com\/actualidad\/#\/schema\/person\/efe887376f0213d4657c93adc50b1fdb","name":"La Gu\u00eda de Pamplona","image":{"@type":"ImageObject","inLanguage":"es","@id":"https:\/\/secure.gravatar.com\/avatar\/b6992f131dc8d30ab0dff15446e9d346d9dbd95992de0fef795073f5ea83a81c?s=96&d=mm&r=g","url":"https:\/\/secure.gravatar.com\/avatar\/b6992f131dc8d30ab0dff15446e9d346d9dbd95992de0fef795073f5ea83a81c?s=96&d=mm&r=g","contentUrl":"https:\/\/secure.gravatar.com\/avatar\/b6992f131dc8d30ab0dff15446e9d346d9dbd95992de0fef795073f5ea83a81c?s=96&d=mm&r=g","caption":"La Gu\u00eda de Pamplona"}}]}},"post_mailing_queue_ids":[],"_links":{"self":[{"href":"https:\/\/www.laguiadepamplona.com\/actualidad\/wp-json\/wp\/v2\/posts\/39663","targetHints":{"allow":["GET"]}}],"collection":[{"href":"https:\/\/www.laguiadepamplona.com\/actualidad\/wp-json\/wp\/v2\/posts"}],"about":[{"href":"https:\/\/www.laguiadepamplona.com\/actualidad\/wp-json\/wp\/v2\/types\/post"}],"author":[{"embeddable":true,"href":"https:\/\/www.laguiadepamplona.com\/actualidad\/wp-json\/wp\/v2\/users\/1"}],"replies":[{"embeddable":true,"href":"https:\/\/www.laguiadepamplona.com\/actualidad\/wp-json\/wp\/v2\/comments?post=39663"}],"version-history":[{"count":0,"href":"https:\/\/www.laguiadepamplona.com\/actualidad\/wp-json\/wp\/v2\/posts\/39663\/revisions"}],"wp:featuredmedia":[{"embeddable":true,"href":"https:\/\/www.laguiadepamplona.com\/actualidad\/wp-json\/wp\/v2\/media\/39664"}],"wp:attachment":[{"href":"https:\/\/www.laguiadepamplona.com\/actualidad\/wp-json\/wp\/v2\/media?parent=39663"}],"wp:term":[{"taxonomy":"category","embeddable":true,"href":"https:\/\/www.laguiadepamplona.com\/actualidad\/wp-json\/wp\/v2\/categories?post=39663"},{"taxonomy":"post_tag","embeddable":true,"href":"https:\/\/www.laguiadepamplona.com\/actualidad\/wp-json\/wp\/v2\/tags?post=39663"}],"curies":[{"name":"wp","href":"https:\/\/api.w.org\/{rel}","templated":true}]}}