{"id":39631,"date":"2022-03-24T12:38:58","date_gmt":"2022-03-24T10:38:58","guid":{"rendered":"https:\/\/www.laguiadepamplona.com\/actualidad\/?p=39631"},"modified":"2023-04-11T11:48:22","modified_gmt":"2023-04-11T09:48:22","slug":"el-ayuntamiento-sustituira-las-carpinterias-exteriores-de-las-plantas-baja-y-primera-del-cpeip-azpilagana","status":"publish","type":"post","link":"https:\/\/www.laguiadepamplona.com\/actualidad\/el-ayuntamiento-sustituira-las-carpinterias-exteriores-de-las-plantas-baja-y-primera-del-cpeip-azpilagana\/","title":{"rendered":"El Ayuntamiento sustituir\u00e1 las carpinter\u00edas exteriores de las plantas baja y primera del CPEIP Azpilaga\u00f1a"},"content":{"rendered":"<h5>El presupuesto de estos trabajos es de 199.820,42 euros y se engloba en las inversiones anuales municipales en colegios p\u00fablicos de la ciudad<\/h5>\n<p><!--more--><\/p>\n<p>La Junta de Gobierno Local ha aprobado la contrataci\u00f3n para las obras de sustituci\u00f3n de carpinter\u00edas exteriores de las plantas baja y primera del CPEIP Azpilaga\u00f1a. Esta actuaci\u00f3n se enmarca en las inversiones anuales que el Ayuntamiento lleva a cabo en centros escolares p\u00fablicos para la renovaci\u00f3n y adecuaci\u00f3n de diferentes espacios. El presupuesto asciende a 199.820,42 euros, con un plazo de ejecuci\u00f3n, a partir de junio, de cuatro meses.<\/p>\n<p>La intervenci\u00f3n consiste principalmente en la sustituci\u00f3n de la carpinter\u00eda met\u00e1lica exterior, incluidas persianas y cerrajer\u00eda, existentes en las plantas baja y primera del edificio, por una nueva carpinter\u00eda met\u00e1lica de aluminio que incluye doble acristalamiento y persianas. De esta forma se logra rehabilitar parte de los elementos de la envolvente del edificio y mejorar las condiciones de habitabilidad y utilizaci\u00f3n del inmueble.<br \/>\n<script async src=\"\/\/pagead2.googlesyndication.com\/pagead\/js\/adsbygoogle.js\"><\/script><br \/>\n<!-- Noticias La Guia de Pamplona --><br \/>\n<ins class=\"adsbygoogle\"\nstyle=\"display:block\"\ndata-ad-client=\"ca-pub-6943679897239327\"\ndata-ad-slot=\"7048180777\"\ndata-ad-format=\"auto\"><\/ins><br \/>\n<script>\n(adsbygoogle = window.adsbygoogle || []).push({});\n<\/script><\/p>\n<p>Se propone la colocaci\u00f3n de una nueva carpinter\u00eda exterior a base de hojas practicables y herrajes oscilobatientes con perfiles a aluminio, color blanco interior y exterior, y doble acristalamiento. Actualmente, son carpinter\u00edas de aluminio sin rotura de puente t\u00e9rmico y acristalamiento no adecuado. Quedan excluidas de este proyecto las carpinter\u00edas exteriores de las aulas y la terraza situadas en la planta primera del edificio.<\/p>\n<p>Se reparar\u00e1n las paredes interiores da\u00f1adas por la sustituci\u00f3n de las carpinter\u00edas mediante la aplicaci\u00f3n de un tendido y lucido de yeso. Una vez abiertos los nuevos huecos en el muro exterior se reparar\u00e1n las mochetas de los mismos. Se realizar\u00e1 un pintado general de cado todo el edificio, sobre todo en las zonas afectadas por las obras de sustituci\u00f3n y de carpinter\u00edas. Finalmente, se devolver\u00e1 a su ubicaci\u00f3n original el mobiliario de todas las estancias.<\/p>\n","protected":false},"excerpt":{"rendered":"<p>El presupuesto de estos trabajos es de 199.820,42 euros y se engloba en las inversiones anuales municipales en colegios p\u00fablicos de la ciudad<\/p>\n","protected":false},"author":1,"featured_media":39632,"comment_status":"open","ping_status":"closed","sticky":false,"template":"","format":"standard","meta":{"footnotes":""},"categories":[2],"tags":[],"class_list":["post-39631","post","type-post","status-publish","format-standard","has-post-thumbnail","hentry","category-ayuntamiento-pamplona"],"yoast_head":"<!-- This site is optimized with the Yoast SEO plugin v27.5 - https:\/\/yoast.com\/product\/yoast-seo-wordpress\/ -->\n<title>El Ayuntamiento sustituir\u00e1 las carpinter\u00edas exteriores de las plantas baja y primera del CPEIP Azpilaga\u00f1a<\/title>\n<meta name=\"description\" content=\"El presupuesto de estos trabajos es de 199.820,42 euros y se engloba en las inversiones anuales municipales en colegios p\u00fablicos de la ciudad\" \/>\n<meta name=\"robots\" content=\"index, follow, max-snippet:-1, max-image-preview:large, max-video-preview:-1\" \/>\n<link rel=\"canonical\" href=\"https:\/\/www.laguiadepamplona.com\/actualidad\/el-ayuntamiento-sustituira-las-carpinterias-exteriores-de-las-plantas-baja-y-primera-del-cpeip-azpilagana\/\" \/>\n<meta property=\"og:locale\" content=\"es_ES\" \/>\n<meta property=\"og:type\" content=\"article\" \/>\n<meta property=\"og:title\" content=\"El Ayuntamiento sustituir\u00e1 las carpinter\u00edas exteriores de las plantas baja y primera del CPEIP Azpilaga\u00f1a\" \/>\n<meta property=\"og:description\" content=\"El presupuesto de estos trabajos es de 199.820,42 euros y se engloba en las inversiones anuales municipales en colegios p\u00fablicos de la ciudad\" \/>\n<meta property=\"og:url\" content=\"https:\/\/www.laguiadepamplona.com\/actualidad\/el-ayuntamiento-sustituira-las-carpinterias-exteriores-de-las-plantas-baja-y-primera-del-cpeip-azpilagana\/\" \/>\n<meta property=\"og:site_name\" content=\"La Gu\u00eda de Pamplona\" \/>\n<meta property=\"article:publisher\" content=\"https:\/\/www.facebook.com\/laguiadepamplonacom-133175176762273\/?ref=hl\" \/>\n<meta property=\"article:published_time\" content=\"2022-03-24T10:38:58+00:00\" \/>\n<meta property=\"article:modified_time\" content=\"2023-04-11T09:48:22+00:00\" \/>\n<meta property=\"og:image\" content=\"https:\/\/www.laguiadepamplona.com\/actualidad\/wp-content\/uploads\/2022\/03\/VENTANAS-CPEIP-azpilagana.jpg\" \/>\n\t<meta property=\"og:image:width\" content=\"756\" \/>\n\t<meta property=\"og:image:height\" content=\"293\" \/>\n\t<meta property=\"og:image:type\" content=\"image\/jpeg\" \/>\n<meta name=\"author\" content=\"La Gu\u00eda de Pamplona\" \/>\n<meta name=\"twitter:card\" content=\"summary_large_image\" \/>\n<meta name=\"twitter:creator\" content=\"@LaGuiadPamplona\" \/>\n<meta name=\"twitter:site\" content=\"@LaGuiadPamplona\" \/>\n<meta name=\"twitter:label1\" content=\"Escrito por\" \/>\n\t<meta name=\"twitter:data1\" content=\"La Gu\u00eda de Pamplona\" \/>\n\t<meta name=\"twitter:label2\" content=\"Tiempo de lectura\" \/>\n\t<meta name=\"twitter:data2\" content=\"2 minutos\" \/>\n<script type=\"application\/ld+json\" class=\"yoast-schema-graph\">{\"@context\":\"https:\\\/\\\/schema.org\",\"@graph\":[{\"@type\":\"Article\",\"@id\":\"https:\\\/\\\/www.laguiadepamplona.com\\\/actualidad\\\/el-ayuntamiento-sustituira-las-carpinterias-exteriores-de-las-plantas-baja-y-primera-del-cpeip-azpilagana\\\/#article\",\"isPartOf\":{\"@id\":\"https:\\\/\\\/www.laguiadepamplona.com\\\/actualidad\\\/el-ayuntamiento-sustituira-las-carpinterias-exteriores-de-las-plantas-baja-y-primera-del-cpeip-azpilagana\\\/\"},\"author\":{\"name\":\"La Gu\u00eda de Pamplona\",\"@id\":\"https:\\\/\\\/www.laguiadepamplona.com\\\/actualidad\\\/#\\\/schema\\\/person\\\/efe887376f0213d4657c93adc50b1fdb\"},\"headline\":\"El Ayuntamiento sustituir\u00e1 las carpinter\u00edas exteriores de las plantas baja y primera del CPEIP Azpilaga\u00f1a\",\"datePublished\":\"2022-03-24T10:38:58+00:00\",\"dateModified\":\"2023-04-11T09:48:22+00:00\",\"mainEntityOfPage\":{\"@id\":\"https:\\\/\\\/www.laguiadepamplona.com\\\/actualidad\\\/el-ayuntamiento-sustituira-las-carpinterias-exteriores-de-las-plantas-baja-y-primera-del-cpeip-azpilagana\\\/\"},\"wordCount\":343,\"commentCount\":0,\"publisher\":{\"@id\":\"https:\\\/\\\/www.laguiadepamplona.com\\\/actualidad\\\/#organization\"},\"image\":{\"@id\":\"https:\\\/\\\/www.laguiadepamplona.com\\\/actualidad\\\/el-ayuntamiento-sustituira-las-carpinterias-exteriores-de-las-plantas-baja-y-primera-del-cpeip-azpilagana\\\/#primaryimage\"},\"thumbnailUrl\":\"https:\\\/\\\/www.laguiadepamplona.com\\\/actualidad\\\/wp-content\\\/uploads\\\/2022\\\/03\\\/VENTANAS-CPEIP-azpilagana.jpg\",\"articleSection\":[\"Ayto Pamplona\"],\"inLanguage\":\"es\",\"potentialAction\":[{\"@type\":\"CommentAction\",\"name\":\"Comment\",\"target\":[\"https:\\\/\\\/www.laguiadepamplona.com\\\/actualidad\\\/el-ayuntamiento-sustituira-las-carpinterias-exteriores-de-las-plantas-baja-y-primera-del-cpeip-azpilagana\\\/#respond\"]}]},{\"@type\":\"WebPage\",\"@id\":\"https:\\\/\\\/www.laguiadepamplona.com\\\/actualidad\\\/el-ayuntamiento-sustituira-las-carpinterias-exteriores-de-las-plantas-baja-y-primera-del-cpeip-azpilagana\\\/\",\"url\":\"https:\\\/\\\/www.laguiadepamplona.com\\\/actualidad\\\/el-ayuntamiento-sustituira-las-carpinterias-exteriores-de-las-plantas-baja-y-primera-del-cpeip-azpilagana\\\/\",\"name\":\"El Ayuntamiento sustituir\u00e1 las carpinter\u00edas exteriores de las plantas baja y primera del CPEIP Azpilaga\u00f1a\",\"isPartOf\":{\"@id\":\"https:\\\/\\\/www.laguiadepamplona.com\\\/actualidad\\\/#website\"},\"primaryImageOfPage\":{\"@id\":\"https:\\\/\\\/www.laguiadepamplona.com\\\/actualidad\\\/el-ayuntamiento-sustituira-las-carpinterias-exteriores-de-las-plantas-baja-y-primera-del-cpeip-azpilagana\\\/#primaryimage\"},\"image\":{\"@id\":\"https:\\\/\\\/www.laguiadepamplona.com\\\/actualidad\\\/el-ayuntamiento-sustituira-las-carpinterias-exteriores-de-las-plantas-baja-y-primera-del-cpeip-azpilagana\\\/#primaryimage\"},\"thumbnailUrl\":\"https:\\\/\\\/www.laguiadepamplona.com\\\/actualidad\\\/wp-content\\\/uploads\\\/2022\\\/03\\\/VENTANAS-CPEIP-azpilagana.jpg\",\"datePublished\":\"2022-03-24T10:38:58+00:00\",\"dateModified\":\"2023-04-11T09:48:22+00:00\",\"description\":\"El presupuesto de estos trabajos es de 199.820,42 euros y se engloba en las inversiones anuales municipales en colegios p\u00fablicos de la ciudad\",\"breadcrumb\":{\"@id\":\"https:\\\/\\\/www.laguiadepamplona.com\\\/actualidad\\\/el-ayuntamiento-sustituira-las-carpinterias-exteriores-de-las-plantas-baja-y-primera-del-cpeip-azpilagana\\\/#breadcrumb\"},\"inLanguage\":\"es\",\"potentialAction\":[{\"@type\":\"ReadAction\",\"target\":[\"https:\\\/\\\/www.laguiadepamplona.com\\\/actualidad\\\/el-ayuntamiento-sustituira-las-carpinterias-exteriores-de-las-plantas-baja-y-primera-del-cpeip-azpilagana\\\/\"]}]},{\"@type\":\"ImageObject\",\"inLanguage\":\"es\",\"@id\":\"https:\\\/\\\/www.laguiadepamplona.com\\\/actualidad\\\/el-ayuntamiento-sustituira-las-carpinterias-exteriores-de-las-plantas-baja-y-primera-del-cpeip-azpilagana\\\/#primaryimage\",\"url\":\"https:\\\/\\\/www.laguiadepamplona.com\\\/actualidad\\\/wp-content\\\/uploads\\\/2022\\\/03\\\/VENTANAS-CPEIP-azpilagana.jpg\",\"contentUrl\":\"https:\\\/\\\/www.laguiadepamplona.com\\\/actualidad\\\/wp-content\\\/uploads\\\/2022\\\/03\\\/VENTANAS-CPEIP-azpilagana.jpg\",\"width\":756,\"height\":293},{\"@type\":\"BreadcrumbList\",\"@id\":\"https:\\\/\\\/www.laguiadepamplona.com\\\/actualidad\\\/el-ayuntamiento-sustituira-las-carpinterias-exteriores-de-las-plantas-baja-y-primera-del-cpeip-azpilagana\\\/#breadcrumb\",\"itemListElement\":[{\"@type\":\"ListItem\",\"position\":1,\"name\":\"Portada\",\"item\":\"https:\\\/\\\/www.laguiadepamplona.com\\\/actualidad\\\/\"},{\"@type\":\"ListItem\",\"position\":2,\"name\":\"El Ayuntamiento sustituir\u00e1 las carpinter\u00edas exteriores de las plantas baja y primera del CPEIP Azpilaga\u00f1a\"}]},{\"@type\":\"WebSite\",\"@id\":\"https:\\\/\\\/www.laguiadepamplona.com\\\/actualidad\\\/#website\",\"url\":\"https:\\\/\\\/www.laguiadepamplona.com\\\/actualidad\\\/\",\"name\":\"La gu\u00eda de Pamplona\",\"description\":\"Noticias de Pamplona\",\"publisher\":{\"@id\":\"https:\\\/\\\/www.laguiadepamplona.com\\\/actualidad\\\/#organization\"},\"potentialAction\":[{\"@type\":\"SearchAction\",\"target\":{\"@type\":\"EntryPoint\",\"urlTemplate\":\"https:\\\/\\\/www.laguiadepamplona.com\\\/actualidad\\\/?s={search_term_string}\"},\"query-input\":{\"@type\":\"PropertyValueSpecification\",\"valueRequired\":true,\"valueName\":\"search_term_string\"}}],\"inLanguage\":\"es\"},{\"@type\":\"Organization\",\"@id\":\"https:\\\/\\\/www.laguiadepamplona.com\\\/actualidad\\\/#organization\",\"name\":\"La Gu\u00eda de Pamplona \\\/ Noticias\",\"url\":\"https:\\\/\\\/www.laguiadepamplona.com\\\/actualidad\\\/\",\"logo\":{\"@type\":\"ImageObject\",\"inLanguage\":\"es\",\"@id\":\"https:\\\/\\\/www.laguiadepamplona.com\\\/actualidad\\\/#\\\/schema\\\/logo\\\/image\\\/\",\"url\":\"https:\\\/\\\/www.laguiadepamplona.com\\\/actualidad\\\/wp-content\\\/uploads\\\/2018\\\/11\\\/logo-laguiadepamplona18-web1.png\",\"contentUrl\":\"https:\\\/\\\/www.laguiadepamplona.com\\\/actualidad\\\/wp-content\\\/uploads\\\/2018\\\/11\\\/logo-laguiadepamplona18-web1.png\",\"width\":600,\"height\":196,\"caption\":\"La Gu\u00eda de Pamplona \\\/ Noticias\"},\"image\":{\"@id\":\"https:\\\/\\\/www.laguiadepamplona.com\\\/actualidad\\\/#\\\/schema\\\/logo\\\/image\\\/\"},\"sameAs\":[\"https:\\\/\\\/www.facebook.com\\\/laguiadepamplonacom-133175176762273\\\/?ref=hl\",\"https:\\\/\\\/x.com\\\/LaGuiadPamplona\",\"https:\\\/\\\/www.instagram.com\\\/la_guia_de_pamplona\\\/\",\"https:\\\/\\\/www.youtube.com\\\/user\\\/laguiadepamplona\"]},{\"@type\":\"Person\",\"@id\":\"https:\\\/\\\/www.laguiadepamplona.com\\\/actualidad\\\/#\\\/schema\\\/person\\\/efe887376f0213d4657c93adc50b1fdb\",\"name\":\"La Gu\u00eda de Pamplona\",\"image\":{\"@type\":\"ImageObject\",\"inLanguage\":\"es\",\"@id\":\"https:\\\/\\\/secure.gravatar.com\\\/avatar\\\/b6992f131dc8d30ab0dff15446e9d346d9dbd95992de0fef795073f5ea83a81c?s=96&d=mm&r=g\",\"url\":\"https:\\\/\\\/secure.gravatar.com\\\/avatar\\\/b6992f131dc8d30ab0dff15446e9d346d9dbd95992de0fef795073f5ea83a81c?s=96&d=mm&r=g\",\"contentUrl\":\"https:\\\/\\\/secure.gravatar.com\\\/avatar\\\/b6992f131dc8d30ab0dff15446e9d346d9dbd95992de0fef795073f5ea83a81c?s=96&d=mm&r=g\",\"caption\":\"La Gu\u00eda de Pamplona\"}}]}<\/script>\n<!-- \/ Yoast SEO plugin. -->","yoast_head_json":{"title":"El Ayuntamiento sustituir\u00e1 las carpinter\u00edas exteriores de las plantas baja y primera del CPEIP Azpilaga\u00f1a","description":"El presupuesto de estos trabajos es de 199.820,42 euros y se engloba en las inversiones anuales municipales en colegios p\u00fablicos de la ciudad","robots":{"index":"index","follow":"follow","max-snippet":"max-snippet:-1","max-image-preview":"max-image-preview:large","max-video-preview":"max-video-preview:-1"},"canonical":"https:\/\/www.laguiadepamplona.com\/actualidad\/el-ayuntamiento-sustituira-las-carpinterias-exteriores-de-las-plantas-baja-y-primera-del-cpeip-azpilagana\/","og_locale":"es_ES","og_type":"article","og_title":"El Ayuntamiento sustituir\u00e1 las carpinter\u00edas exteriores de las plantas baja y primera del CPEIP Azpilaga\u00f1a","og_description":"El presupuesto de estos trabajos es de 199.820,42 euros y se engloba en las inversiones anuales municipales en colegios p\u00fablicos de la ciudad","og_url":"https:\/\/www.laguiadepamplona.com\/actualidad\/el-ayuntamiento-sustituira-las-carpinterias-exteriores-de-las-plantas-baja-y-primera-del-cpeip-azpilagana\/","og_site_name":"La Gu\u00eda de Pamplona","article_publisher":"https:\/\/www.facebook.com\/laguiadepamplonacom-133175176762273\/?ref=hl","article_published_time":"2022-03-24T10:38:58+00:00","article_modified_time":"2023-04-11T09:48:22+00:00","og_image":[{"width":756,"height":293,"url":"https:\/\/www.laguiadepamplona.com\/actualidad\/wp-content\/uploads\/2022\/03\/VENTANAS-CPEIP-azpilagana.jpg","type":"image\/jpeg"}],"author":"La Gu\u00eda de Pamplona","twitter_card":"summary_large_image","twitter_creator":"@LaGuiadPamplona","twitter_site":"@LaGuiadPamplona","twitter_misc":{"Escrito por":"La Gu\u00eda de Pamplona","Tiempo de lectura":"2 minutos"},"schema":{"@context":"https:\/\/schema.org","@graph":[{"@type":"Article","@id":"https:\/\/www.laguiadepamplona.com\/actualidad\/el-ayuntamiento-sustituira-las-carpinterias-exteriores-de-las-plantas-baja-y-primera-del-cpeip-azpilagana\/#article","isPartOf":{"@id":"https:\/\/www.laguiadepamplona.com\/actualidad\/el-ayuntamiento-sustituira-las-carpinterias-exteriores-de-las-plantas-baja-y-primera-del-cpeip-azpilagana\/"},"author":{"name":"La Gu\u00eda de Pamplona","@id":"https:\/\/www.laguiadepamplona.com\/actualidad\/#\/schema\/person\/efe887376f0213d4657c93adc50b1fdb"},"headline":"El Ayuntamiento sustituir\u00e1 las carpinter\u00edas exteriores de las plantas baja y primera del CPEIP Azpilaga\u00f1a","datePublished":"2022-03-24T10:38:58+00:00","dateModified":"2023-04-11T09:48:22+00:00","mainEntityOfPage":{"@id":"https:\/\/www.laguiadepamplona.com\/actualidad\/el-ayuntamiento-sustituira-las-carpinterias-exteriores-de-las-plantas-baja-y-primera-del-cpeip-azpilagana\/"},"wordCount":343,"commentCount":0,"publisher":{"@id":"https:\/\/www.laguiadepamplona.com\/actualidad\/#organization"},"image":{"@id":"https:\/\/www.laguiadepamplona.com\/actualidad\/el-ayuntamiento-sustituira-las-carpinterias-exteriores-de-las-plantas-baja-y-primera-del-cpeip-azpilagana\/#primaryimage"},"thumbnailUrl":"https:\/\/www.laguiadepamplona.com\/actualidad\/wp-content\/uploads\/2022\/03\/VENTANAS-CPEIP-azpilagana.jpg","articleSection":["Ayto Pamplona"],"inLanguage":"es","potentialAction":[{"@type":"CommentAction","name":"Comment","target":["https:\/\/www.laguiadepamplona.com\/actualidad\/el-ayuntamiento-sustituira-las-carpinterias-exteriores-de-las-plantas-baja-y-primera-del-cpeip-azpilagana\/#respond"]}]},{"@type":"WebPage","@id":"https:\/\/www.laguiadepamplona.com\/actualidad\/el-ayuntamiento-sustituira-las-carpinterias-exteriores-de-las-plantas-baja-y-primera-del-cpeip-azpilagana\/","url":"https:\/\/www.laguiadepamplona.com\/actualidad\/el-ayuntamiento-sustituira-las-carpinterias-exteriores-de-las-plantas-baja-y-primera-del-cpeip-azpilagana\/","name":"El Ayuntamiento sustituir\u00e1 las carpinter\u00edas exteriores de las plantas baja y primera del CPEIP Azpilaga\u00f1a","isPartOf":{"@id":"https:\/\/www.laguiadepamplona.com\/actualidad\/#website"},"primaryImageOfPage":{"@id":"https:\/\/www.laguiadepamplona.com\/actualidad\/el-ayuntamiento-sustituira-las-carpinterias-exteriores-de-las-plantas-baja-y-primera-del-cpeip-azpilagana\/#primaryimage"},"image":{"@id":"https:\/\/www.laguiadepamplona.com\/actualidad\/el-ayuntamiento-sustituira-las-carpinterias-exteriores-de-las-plantas-baja-y-primera-del-cpeip-azpilagana\/#primaryimage"},"thumbnailUrl":"https:\/\/www.laguiadepamplona.com\/actualidad\/wp-content\/uploads\/2022\/03\/VENTANAS-CPEIP-azpilagana.jpg","datePublished":"2022-03-24T10:38:58+00:00","dateModified":"2023-04-11T09:48:22+00:00","description":"El presupuesto de estos trabajos es de 199.820,42 euros y se engloba en las inversiones anuales municipales en colegios p\u00fablicos de la ciudad","breadcrumb":{"@id":"https:\/\/www.laguiadepamplona.com\/actualidad\/el-ayuntamiento-sustituira-las-carpinterias-exteriores-de-las-plantas-baja-y-primera-del-cpeip-azpilagana\/#breadcrumb"},"inLanguage":"es","potentialAction":[{"@type":"ReadAction","target":["https:\/\/www.laguiadepamplona.com\/actualidad\/el-ayuntamiento-sustituira-las-carpinterias-exteriores-de-las-plantas-baja-y-primera-del-cpeip-azpilagana\/"]}]},{"@type":"ImageObject","inLanguage":"es","@id":"https:\/\/www.laguiadepamplona.com\/actualidad\/el-ayuntamiento-sustituira-las-carpinterias-exteriores-de-las-plantas-baja-y-primera-del-cpeip-azpilagana\/#primaryimage","url":"https:\/\/www.laguiadepamplona.com\/actualidad\/wp-content\/uploads\/2022\/03\/VENTANAS-CPEIP-azpilagana.jpg","contentUrl":"https:\/\/www.laguiadepamplona.com\/actualidad\/wp-content\/uploads\/2022\/03\/VENTANAS-CPEIP-azpilagana.jpg","width":756,"height":293},{"@type":"BreadcrumbList","@id":"https:\/\/www.laguiadepamplona.com\/actualidad\/el-ayuntamiento-sustituira-las-carpinterias-exteriores-de-las-plantas-baja-y-primera-del-cpeip-azpilagana\/#breadcrumb","itemListElement":[{"@type":"ListItem","position":1,"name":"Portada","item":"https:\/\/www.laguiadepamplona.com\/actualidad\/"},{"@type":"ListItem","position":2,"name":"El Ayuntamiento sustituir\u00e1 las carpinter\u00edas exteriores de las plantas baja y primera del CPEIP Azpilaga\u00f1a"}]},{"@type":"WebSite","@id":"https:\/\/www.laguiadepamplona.com\/actualidad\/#website","url":"https:\/\/www.laguiadepamplona.com\/actualidad\/","name":"La gu\u00eda de Pamplona","description":"Noticias de Pamplona","publisher":{"@id":"https:\/\/www.laguiadepamplona.com\/actualidad\/#organization"},"potentialAction":[{"@type":"SearchAction","target":{"@type":"EntryPoint","urlTemplate":"https:\/\/www.laguiadepamplona.com\/actualidad\/?s={search_term_string}"},"query-input":{"@type":"PropertyValueSpecification","valueRequired":true,"valueName":"search_term_string"}}],"inLanguage":"es"},{"@type":"Organization","@id":"https:\/\/www.laguiadepamplona.com\/actualidad\/#organization","name":"La Gu\u00eda de Pamplona \/ Noticias","url":"https:\/\/www.laguiadepamplona.com\/actualidad\/","logo":{"@type":"ImageObject","inLanguage":"es","@id":"https:\/\/www.laguiadepamplona.com\/actualidad\/#\/schema\/logo\/image\/","url":"https:\/\/www.laguiadepamplona.com\/actualidad\/wp-content\/uploads\/2018\/11\/logo-laguiadepamplona18-web1.png","contentUrl":"https:\/\/www.laguiadepamplona.com\/actualidad\/wp-content\/uploads\/2018\/11\/logo-laguiadepamplona18-web1.png","width":600,"height":196,"caption":"La Gu\u00eda de Pamplona \/ Noticias"},"image":{"@id":"https:\/\/www.laguiadepamplona.com\/actualidad\/#\/schema\/logo\/image\/"},"sameAs":["https:\/\/www.facebook.com\/laguiadepamplonacom-133175176762273\/?ref=hl","https:\/\/x.com\/LaGuiadPamplona","https:\/\/www.instagram.com\/la_guia_de_pamplona\/","https:\/\/www.youtube.com\/user\/laguiadepamplona"]},{"@type":"Person","@id":"https:\/\/www.laguiadepamplona.com\/actualidad\/#\/schema\/person\/efe887376f0213d4657c93adc50b1fdb","name":"La Gu\u00eda de Pamplona","image":{"@type":"ImageObject","inLanguage":"es","@id":"https:\/\/secure.gravatar.com\/avatar\/b6992f131dc8d30ab0dff15446e9d346d9dbd95992de0fef795073f5ea83a81c?s=96&d=mm&r=g","url":"https:\/\/secure.gravatar.com\/avatar\/b6992f131dc8d30ab0dff15446e9d346d9dbd95992de0fef795073f5ea83a81c?s=96&d=mm&r=g","contentUrl":"https:\/\/secure.gravatar.com\/avatar\/b6992f131dc8d30ab0dff15446e9d346d9dbd95992de0fef795073f5ea83a81c?s=96&d=mm&r=g","caption":"La Gu\u00eda de Pamplona"}}]}},"post_mailing_queue_ids":[],"_links":{"self":[{"href":"https:\/\/www.laguiadepamplona.com\/actualidad\/wp-json\/wp\/v2\/posts\/39631","targetHints":{"allow":["GET"]}}],"collection":[{"href":"https:\/\/www.laguiadepamplona.com\/actualidad\/wp-json\/wp\/v2\/posts"}],"about":[{"href":"https:\/\/www.laguiadepamplona.com\/actualidad\/wp-json\/wp\/v2\/types\/post"}],"author":[{"embeddable":true,"href":"https:\/\/www.laguiadepamplona.com\/actualidad\/wp-json\/wp\/v2\/users\/1"}],"replies":[{"embeddable":true,"href":"https:\/\/www.laguiadepamplona.com\/actualidad\/wp-json\/wp\/v2\/comments?post=39631"}],"version-history":[{"count":0,"href":"https:\/\/www.laguiadepamplona.com\/actualidad\/wp-json\/wp\/v2\/posts\/39631\/revisions"}],"wp:featuredmedia":[{"embeddable":true,"href":"https:\/\/www.laguiadepamplona.com\/actualidad\/wp-json\/wp\/v2\/media\/39632"}],"wp:attachment":[{"href":"https:\/\/www.laguiadepamplona.com\/actualidad\/wp-json\/wp\/v2\/media?parent=39631"}],"wp:term":[{"taxonomy":"category","embeddable":true,"href":"https:\/\/www.laguiadepamplona.com\/actualidad\/wp-json\/wp\/v2\/categories?post=39631"},{"taxonomy":"post_tag","embeddable":true,"href":"https:\/\/www.laguiadepamplona.com\/actualidad\/wp-json\/wp\/v2\/tags?post=39631"}],"curies":[{"name":"wp","href":"https:\/\/api.w.org\/{rel}","templated":true}]}}