{"id":39621,"date":"2022-03-23T17:11:20","date_gmt":"2022-03-23T15:11:20","guid":{"rendered":"https:\/\/www.laguiadepamplona.com\/actualidad\/?p=39621"},"modified":"2023-04-11T11:48:23","modified_gmt":"2023-04-11T09:48:23","slug":"el-alcalde-de-pamplona-conoce-la-semana-santa-del-pueblo-vallisoletano-de-medina-de-rioseco","status":"publish","type":"post","link":"https:\/\/www.laguiadepamplona.com\/actualidad\/el-alcalde-de-pamplona-conoce-la-semana-santa-del-pueblo-vallisoletano-de-medina-de-rioseco\/","title":{"rendered":"El alcalde de Pamplona conoce la Semana Santa del pueblo vallisoletano de Medina de Rioseco"},"content":{"rendered":"<h5>Enrique Maya ha recibido al alcalde de esta localidad, David Esteban Rodr\u00edguez, que ha presentado en Pamplona esta fiesta de Inter\u00e9s Internacional<\/h5>\n<p><!--more--><\/p>\n<p>El alcalde de Pamplona, Enrique Maya, ha recibido hoy en la Casa Consistorial al primer edil del Ayuntamiento de Medina de Rioseco (Valladolid), David Esteban Rodr\u00edguez, quien le ha presentado la Semana Santa de la localidad, declarada Fiesta de Inter\u00e9s Tur\u00edstico Internacional por el Gobierno central en 2009.<br \/>\n<script async src=\"\/\/pagead2.googlesyndication.com\/pagead\/js\/adsbygoogle.js\"><\/script><br \/>\n<!-- Noticias La Guia de Pamplona --><br \/>\n<ins class=\"adsbygoogle\"\nstyle=\"display:block\"\ndata-ad-client=\"ca-pub-6943679897239327\"\ndata-ad-slot=\"7048180777\"\ndata-ad-format=\"auto\"><\/ins><br \/>\n<script>\n(adsbygoogle = window.adsbygoogle || []).push({});\n<\/script><\/p>\n<p>Una comitiva de este municipio vallisoletano ha viajado hoy a Pamplona para dar a conocer la celebraci\u00f3n de la Semana Santa a la poblaci\u00f3n navarra. La fiesta, adem\u00e1s de ser considerada de inter\u00e9s internacional, tambi\u00e9n ha sido declarada Bien de Inter\u00e9s Cultural de car\u00e1cter inmaterial por la Junta de Castilla y Le\u00f3n hace ahora tres a\u00f1os. Se trata de una tradici\u00f3n con un importarte valor etnogr\u00e1fico y cultural y m\u00e1s de quinientos a\u00f1os de antig\u00fcedad, en la que todo un pueblo se involucra en torno a las cofrad\u00edas penitenciales.<\/p>\n<p>Por su parte, el alcalde Enrique Maya tambi\u00e9n le ha trasladado al primer edil de Medina de Rioseco la larga tradici\u00f3n pamplonesa en torno a la Semana Santa. No en vano, la celebraci\u00f3n pamplonesa se remonta tambi\u00e9n al siglo XVI, con la procesi\u00f3n de Viernes Santo como m\u00e1ximo exponente. En todo este tiempo, \u00fanicamente ha dejado de celebrarse en cuatro periodos muy concretos, como fueron la ocupaci\u00f3n francesa (1808-14), la desamortizaci\u00f3n (1837-44) y la I Rep\u00fablica (1873-75). El m\u00e1s reciente ha sido estos dos \u00faltimos a\u00f1os, debido a la pandemia del COVID-19, que por razones sanitarias impidieron su celebraci\u00f3n durante 2020 y 2021.<br \/>\n<script async src=\"\/\/pagead2.googlesyndication.com\/pagead\/js\/adsbygoogle.js\"><\/script><br \/>\n<!-- Noticias La Guia de Pamplona --><br \/>\n<ins class=\"adsbygoogle\"\nstyle=\"display:block\"\ndata-ad-client=\"ca-pub-6943679897239327\"\ndata-ad-slot=\"7048180777\"\ndata-ad-format=\"auto\"><\/ins><br \/>\n<script>\n(adsbygoogle = window.adsbygoogle || []).push({});\n<\/script><\/p>\n<p>En la visita a Pamplona han participado, adem\u00e1s del alcalde de Medina de Rioseco, el director del Museo de San Francisco de la localidad, Miguel Garc\u00eda Marb\u00e1n, y el presidente de la Junta de la Semana Santa, Antonio Herrera, que han estado acompa\u00f1ados por el presidente de la Federaci\u00f3n de Casas Regionales de Navarra y de la Casa de Castilla y Le\u00f3n en Navarra, Jaime Valdeolmillos.<\/p>\n","protected":false},"excerpt":{"rendered":"<p>Enrique Maya ha recibido al alcalde de esta localidad, David Esteban Rodr\u00edguez, que ha presentado en Pamplona esta fiesta de Inter\u00e9s Internacional<\/p>\n","protected":false},"author":1,"featured_media":39622,"comment_status":"open","ping_status":"closed","sticky":false,"template":"","format":"standard","meta":{"footnotes":""},"categories":[2],"tags":[],"class_list":["post-39621","post","type-post","status-publish","format-standard","has-post-thumbnail","hentry","category-ayuntamiento-pamplona"],"yoast_head":"<!-- This site is optimized with the Yoast SEO plugin v27.3 - https:\/\/yoast.com\/product\/yoast-seo-wordpress\/ -->\n<title>El alcalde de Pamplona conoce la Semana Santa del pueblo vallisoletano de Medina de Rioseco<\/title>\n<meta name=\"description\" content=\"Enrique Maya ha recibido al alcalde, David Esteban Rodr\u00edguez, que ha presentado en Pamplona esta fiesta de Inter\u00e9s Internacional\" \/>\n<meta name=\"robots\" content=\"index, follow, max-snippet:-1, max-image-preview:large, max-video-preview:-1\" \/>\n<link rel=\"canonical\" href=\"https:\/\/www.laguiadepamplona.com\/actualidad\/el-alcalde-de-pamplona-conoce-la-semana-santa-del-pueblo-vallisoletano-de-medina-de-rioseco\/\" \/>\n<meta property=\"og:locale\" content=\"es_ES\" \/>\n<meta property=\"og:type\" content=\"article\" \/>\n<meta property=\"og:title\" content=\"El alcalde de Pamplona conoce la Semana Santa del pueblo vallisoletano de Medina de Rioseco\" \/>\n<meta property=\"og:description\" content=\"Enrique Maya ha recibido al alcalde, David Esteban Rodr\u00edguez, que ha presentado en Pamplona esta fiesta de Inter\u00e9s Internacional\" \/>\n<meta property=\"og:url\" content=\"https:\/\/www.laguiadepamplona.com\/actualidad\/el-alcalde-de-pamplona-conoce-la-semana-santa-del-pueblo-vallisoletano-de-medina-de-rioseco\/\" \/>\n<meta property=\"og:site_name\" content=\"La Gu\u00eda de Pamplona\" \/>\n<meta property=\"article:publisher\" content=\"https:\/\/www.facebook.com\/laguiadepamplonacom-133175176762273\/?ref=hl\" \/>\n<meta property=\"article:published_time\" content=\"2022-03-23T15:11:20+00:00\" \/>\n<meta property=\"article:modified_time\" content=\"2023-04-11T09:48:23+00:00\" \/>\n<meta property=\"og:image\" content=\"https:\/\/www.laguiadepamplona.com\/actualidad\/wp-content\/uploads\/2022\/03\/alcalde-de-medina-de-rioseco-ee5a3075.jpg\" \/>\n\t<meta property=\"og:image:width\" content=\"1575\" \/>\n\t<meta property=\"og:image:height\" content=\"1048\" \/>\n\t<meta property=\"og:image:type\" content=\"image\/jpeg\" \/>\n<meta name=\"author\" content=\"La Gu\u00eda de Pamplona\" \/>\n<meta name=\"twitter:card\" content=\"summary_large_image\" \/>\n<meta name=\"twitter:creator\" content=\"@LaGuiadPamplona\" \/>\n<meta name=\"twitter:site\" content=\"@LaGuiadPamplona\" \/>\n<meta name=\"twitter:label1\" content=\"Escrito por\" \/>\n\t<meta name=\"twitter:data1\" content=\"La Gu\u00eda de Pamplona\" \/>\n\t<meta name=\"twitter:label2\" content=\"Tiempo de lectura\" \/>\n\t<meta name=\"twitter:data2\" content=\"2 minutos\" \/>\n<script type=\"application\/ld+json\" class=\"yoast-schema-graph\">{\"@context\":\"https:\\\/\\\/schema.org\",\"@graph\":[{\"@type\":\"Article\",\"@id\":\"https:\\\/\\\/www.laguiadepamplona.com\\\/actualidad\\\/el-alcalde-de-pamplona-conoce-la-semana-santa-del-pueblo-vallisoletano-de-medina-de-rioseco\\\/#article\",\"isPartOf\":{\"@id\":\"https:\\\/\\\/www.laguiadepamplona.com\\\/actualidad\\\/el-alcalde-de-pamplona-conoce-la-semana-santa-del-pueblo-vallisoletano-de-medina-de-rioseco\\\/\"},\"author\":{\"name\":\"La Gu\u00eda de Pamplona\",\"@id\":\"https:\\\/\\\/www.laguiadepamplona.com\\\/actualidad\\\/#\\\/schema\\\/person\\\/efe887376f0213d4657c93adc50b1fdb\"},\"headline\":\"El alcalde de Pamplona conoce la Semana Santa del pueblo vallisoletano de Medina de Rioseco\",\"datePublished\":\"2022-03-23T15:11:20+00:00\",\"dateModified\":\"2023-04-11T09:48:23+00:00\",\"mainEntityOfPage\":{\"@id\":\"https:\\\/\\\/www.laguiadepamplona.com\\\/actualidad\\\/el-alcalde-de-pamplona-conoce-la-semana-santa-del-pueblo-vallisoletano-de-medina-de-rioseco\\\/\"},\"wordCount\":378,\"commentCount\":0,\"publisher\":{\"@id\":\"https:\\\/\\\/www.laguiadepamplona.com\\\/actualidad\\\/#organization\"},\"image\":{\"@id\":\"https:\\\/\\\/www.laguiadepamplona.com\\\/actualidad\\\/el-alcalde-de-pamplona-conoce-la-semana-santa-del-pueblo-vallisoletano-de-medina-de-rioseco\\\/#primaryimage\"},\"thumbnailUrl\":\"https:\\\/\\\/www.laguiadepamplona.com\\\/actualidad\\\/wp-content\\\/uploads\\\/2022\\\/03\\\/alcalde-de-medina-de-rioseco-ee5a3075.jpg\",\"articleSection\":[\"Ayto Pamplona\"],\"inLanguage\":\"es\",\"potentialAction\":[{\"@type\":\"CommentAction\",\"name\":\"Comment\",\"target\":[\"https:\\\/\\\/www.laguiadepamplona.com\\\/actualidad\\\/el-alcalde-de-pamplona-conoce-la-semana-santa-del-pueblo-vallisoletano-de-medina-de-rioseco\\\/#respond\"]}]},{\"@type\":\"WebPage\",\"@id\":\"https:\\\/\\\/www.laguiadepamplona.com\\\/actualidad\\\/el-alcalde-de-pamplona-conoce-la-semana-santa-del-pueblo-vallisoletano-de-medina-de-rioseco\\\/\",\"url\":\"https:\\\/\\\/www.laguiadepamplona.com\\\/actualidad\\\/el-alcalde-de-pamplona-conoce-la-semana-santa-del-pueblo-vallisoletano-de-medina-de-rioseco\\\/\",\"name\":\"El alcalde de Pamplona conoce la Semana Santa del pueblo vallisoletano de Medina de Rioseco\",\"isPartOf\":{\"@id\":\"https:\\\/\\\/www.laguiadepamplona.com\\\/actualidad\\\/#website\"},\"primaryImageOfPage\":{\"@id\":\"https:\\\/\\\/www.laguiadepamplona.com\\\/actualidad\\\/el-alcalde-de-pamplona-conoce-la-semana-santa-del-pueblo-vallisoletano-de-medina-de-rioseco\\\/#primaryimage\"},\"image\":{\"@id\":\"https:\\\/\\\/www.laguiadepamplona.com\\\/actualidad\\\/el-alcalde-de-pamplona-conoce-la-semana-santa-del-pueblo-vallisoletano-de-medina-de-rioseco\\\/#primaryimage\"},\"thumbnailUrl\":\"https:\\\/\\\/www.laguiadepamplona.com\\\/actualidad\\\/wp-content\\\/uploads\\\/2022\\\/03\\\/alcalde-de-medina-de-rioseco-ee5a3075.jpg\",\"datePublished\":\"2022-03-23T15:11:20+00:00\",\"dateModified\":\"2023-04-11T09:48:23+00:00\",\"description\":\"Enrique Maya ha recibido al alcalde, David Esteban Rodr\u00edguez, que ha presentado en Pamplona esta fiesta de Inter\u00e9s Internacional\",\"breadcrumb\":{\"@id\":\"https:\\\/\\\/www.laguiadepamplona.com\\\/actualidad\\\/el-alcalde-de-pamplona-conoce-la-semana-santa-del-pueblo-vallisoletano-de-medina-de-rioseco\\\/#breadcrumb\"},\"inLanguage\":\"es\",\"potentialAction\":[{\"@type\":\"ReadAction\",\"target\":[\"https:\\\/\\\/www.laguiadepamplona.com\\\/actualidad\\\/el-alcalde-de-pamplona-conoce-la-semana-santa-del-pueblo-vallisoletano-de-medina-de-rioseco\\\/\"]}]},{\"@type\":\"ImageObject\",\"inLanguage\":\"es\",\"@id\":\"https:\\\/\\\/www.laguiadepamplona.com\\\/actualidad\\\/el-alcalde-de-pamplona-conoce-la-semana-santa-del-pueblo-vallisoletano-de-medina-de-rioseco\\\/#primaryimage\",\"url\":\"https:\\\/\\\/www.laguiadepamplona.com\\\/actualidad\\\/wp-content\\\/uploads\\\/2022\\\/03\\\/alcalde-de-medina-de-rioseco-ee5a3075.jpg\",\"contentUrl\":\"https:\\\/\\\/www.laguiadepamplona.com\\\/actualidad\\\/wp-content\\\/uploads\\\/2022\\\/03\\\/alcalde-de-medina-de-rioseco-ee5a3075.jpg\",\"width\":1575,\"height\":1048},{\"@type\":\"BreadcrumbList\",\"@id\":\"https:\\\/\\\/www.laguiadepamplona.com\\\/actualidad\\\/el-alcalde-de-pamplona-conoce-la-semana-santa-del-pueblo-vallisoletano-de-medina-de-rioseco\\\/#breadcrumb\",\"itemListElement\":[{\"@type\":\"ListItem\",\"position\":1,\"name\":\"Portada\",\"item\":\"https:\\\/\\\/www.laguiadepamplona.com\\\/actualidad\\\/\"},{\"@type\":\"ListItem\",\"position\":2,\"name\":\"El alcalde de Pamplona conoce la Semana Santa del pueblo vallisoletano de Medina de Rioseco\"}]},{\"@type\":\"WebSite\",\"@id\":\"https:\\\/\\\/www.laguiadepamplona.com\\\/actualidad\\\/#website\",\"url\":\"https:\\\/\\\/www.laguiadepamplona.com\\\/actualidad\\\/\",\"name\":\"La gu\u00eda de Pamplona\",\"description\":\"Noticias de Pamplona\",\"publisher\":{\"@id\":\"https:\\\/\\\/www.laguiadepamplona.com\\\/actualidad\\\/#organization\"},\"potentialAction\":[{\"@type\":\"SearchAction\",\"target\":{\"@type\":\"EntryPoint\",\"urlTemplate\":\"https:\\\/\\\/www.laguiadepamplona.com\\\/actualidad\\\/?s={search_term_string}\"},\"query-input\":{\"@type\":\"PropertyValueSpecification\",\"valueRequired\":true,\"valueName\":\"search_term_string\"}}],\"inLanguage\":\"es\"},{\"@type\":\"Organization\",\"@id\":\"https:\\\/\\\/www.laguiadepamplona.com\\\/actualidad\\\/#organization\",\"name\":\"La Gu\u00eda de Pamplona \\\/ Noticias\",\"url\":\"https:\\\/\\\/www.laguiadepamplona.com\\\/actualidad\\\/\",\"logo\":{\"@type\":\"ImageObject\",\"inLanguage\":\"es\",\"@id\":\"https:\\\/\\\/www.laguiadepamplona.com\\\/actualidad\\\/#\\\/schema\\\/logo\\\/image\\\/\",\"url\":\"https:\\\/\\\/www.laguiadepamplona.com\\\/actualidad\\\/wp-content\\\/uploads\\\/2018\\\/11\\\/logo-laguiadepamplona18-web1.png\",\"contentUrl\":\"https:\\\/\\\/www.laguiadepamplona.com\\\/actualidad\\\/wp-content\\\/uploads\\\/2018\\\/11\\\/logo-laguiadepamplona18-web1.png\",\"width\":600,\"height\":196,\"caption\":\"La Gu\u00eda de Pamplona \\\/ Noticias\"},\"image\":{\"@id\":\"https:\\\/\\\/www.laguiadepamplona.com\\\/actualidad\\\/#\\\/schema\\\/logo\\\/image\\\/\"},\"sameAs\":[\"https:\\\/\\\/www.facebook.com\\\/laguiadepamplonacom-133175176762273\\\/?ref=hl\",\"https:\\\/\\\/x.com\\\/LaGuiadPamplona\",\"https:\\\/\\\/www.instagram.com\\\/la_guia_de_pamplona\\\/\",\"https:\\\/\\\/www.youtube.com\\\/user\\\/laguiadepamplona\"]},{\"@type\":\"Person\",\"@id\":\"https:\\\/\\\/www.laguiadepamplona.com\\\/actualidad\\\/#\\\/schema\\\/person\\\/efe887376f0213d4657c93adc50b1fdb\",\"name\":\"La Gu\u00eda de Pamplona\",\"image\":{\"@type\":\"ImageObject\",\"inLanguage\":\"es\",\"@id\":\"https:\\\/\\\/secure.gravatar.com\\\/avatar\\\/b6992f131dc8d30ab0dff15446e9d346d9dbd95992de0fef795073f5ea83a81c?s=96&d=mm&r=g\",\"url\":\"https:\\\/\\\/secure.gravatar.com\\\/avatar\\\/b6992f131dc8d30ab0dff15446e9d346d9dbd95992de0fef795073f5ea83a81c?s=96&d=mm&r=g\",\"contentUrl\":\"https:\\\/\\\/secure.gravatar.com\\\/avatar\\\/b6992f131dc8d30ab0dff15446e9d346d9dbd95992de0fef795073f5ea83a81c?s=96&d=mm&r=g\",\"caption\":\"La Gu\u00eda de Pamplona\"}}]}<\/script>\n<!-- \/ Yoast SEO plugin. -->","yoast_head_json":{"title":"El alcalde de Pamplona conoce la Semana Santa del pueblo vallisoletano de Medina de Rioseco","description":"Enrique Maya ha recibido al alcalde, David Esteban Rodr\u00edguez, que ha presentado en Pamplona esta fiesta de Inter\u00e9s Internacional","robots":{"index":"index","follow":"follow","max-snippet":"max-snippet:-1","max-image-preview":"max-image-preview:large","max-video-preview":"max-video-preview:-1"},"canonical":"https:\/\/www.laguiadepamplona.com\/actualidad\/el-alcalde-de-pamplona-conoce-la-semana-santa-del-pueblo-vallisoletano-de-medina-de-rioseco\/","og_locale":"es_ES","og_type":"article","og_title":"El alcalde de Pamplona conoce la Semana Santa del pueblo vallisoletano de Medina de Rioseco","og_description":"Enrique Maya ha recibido al alcalde, David Esteban Rodr\u00edguez, que ha presentado en Pamplona esta fiesta de Inter\u00e9s Internacional","og_url":"https:\/\/www.laguiadepamplona.com\/actualidad\/el-alcalde-de-pamplona-conoce-la-semana-santa-del-pueblo-vallisoletano-de-medina-de-rioseco\/","og_site_name":"La Gu\u00eda de Pamplona","article_publisher":"https:\/\/www.facebook.com\/laguiadepamplonacom-133175176762273\/?ref=hl","article_published_time":"2022-03-23T15:11:20+00:00","article_modified_time":"2023-04-11T09:48:23+00:00","og_image":[{"width":1575,"height":1048,"url":"https:\/\/www.laguiadepamplona.com\/actualidad\/wp-content\/uploads\/2022\/03\/alcalde-de-medina-de-rioseco-ee5a3075.jpg","type":"image\/jpeg"}],"author":"La Gu\u00eda de Pamplona","twitter_card":"summary_large_image","twitter_creator":"@LaGuiadPamplona","twitter_site":"@LaGuiadPamplona","twitter_misc":{"Escrito por":"La Gu\u00eda de Pamplona","Tiempo de lectura":"2 minutos"},"schema":{"@context":"https:\/\/schema.org","@graph":[{"@type":"Article","@id":"https:\/\/www.laguiadepamplona.com\/actualidad\/el-alcalde-de-pamplona-conoce-la-semana-santa-del-pueblo-vallisoletano-de-medina-de-rioseco\/#article","isPartOf":{"@id":"https:\/\/www.laguiadepamplona.com\/actualidad\/el-alcalde-de-pamplona-conoce-la-semana-santa-del-pueblo-vallisoletano-de-medina-de-rioseco\/"},"author":{"name":"La Gu\u00eda de Pamplona","@id":"https:\/\/www.laguiadepamplona.com\/actualidad\/#\/schema\/person\/efe887376f0213d4657c93adc50b1fdb"},"headline":"El alcalde de Pamplona conoce la Semana Santa del pueblo vallisoletano de Medina de Rioseco","datePublished":"2022-03-23T15:11:20+00:00","dateModified":"2023-04-11T09:48:23+00:00","mainEntityOfPage":{"@id":"https:\/\/www.laguiadepamplona.com\/actualidad\/el-alcalde-de-pamplona-conoce-la-semana-santa-del-pueblo-vallisoletano-de-medina-de-rioseco\/"},"wordCount":378,"commentCount":0,"publisher":{"@id":"https:\/\/www.laguiadepamplona.com\/actualidad\/#organization"},"image":{"@id":"https:\/\/www.laguiadepamplona.com\/actualidad\/el-alcalde-de-pamplona-conoce-la-semana-santa-del-pueblo-vallisoletano-de-medina-de-rioseco\/#primaryimage"},"thumbnailUrl":"https:\/\/www.laguiadepamplona.com\/actualidad\/wp-content\/uploads\/2022\/03\/alcalde-de-medina-de-rioseco-ee5a3075.jpg","articleSection":["Ayto Pamplona"],"inLanguage":"es","potentialAction":[{"@type":"CommentAction","name":"Comment","target":["https:\/\/www.laguiadepamplona.com\/actualidad\/el-alcalde-de-pamplona-conoce-la-semana-santa-del-pueblo-vallisoletano-de-medina-de-rioseco\/#respond"]}]},{"@type":"WebPage","@id":"https:\/\/www.laguiadepamplona.com\/actualidad\/el-alcalde-de-pamplona-conoce-la-semana-santa-del-pueblo-vallisoletano-de-medina-de-rioseco\/","url":"https:\/\/www.laguiadepamplona.com\/actualidad\/el-alcalde-de-pamplona-conoce-la-semana-santa-del-pueblo-vallisoletano-de-medina-de-rioseco\/","name":"El alcalde de Pamplona conoce la Semana Santa del pueblo vallisoletano de Medina de Rioseco","isPartOf":{"@id":"https:\/\/www.laguiadepamplona.com\/actualidad\/#website"},"primaryImageOfPage":{"@id":"https:\/\/www.laguiadepamplona.com\/actualidad\/el-alcalde-de-pamplona-conoce-la-semana-santa-del-pueblo-vallisoletano-de-medina-de-rioseco\/#primaryimage"},"image":{"@id":"https:\/\/www.laguiadepamplona.com\/actualidad\/el-alcalde-de-pamplona-conoce-la-semana-santa-del-pueblo-vallisoletano-de-medina-de-rioseco\/#primaryimage"},"thumbnailUrl":"https:\/\/www.laguiadepamplona.com\/actualidad\/wp-content\/uploads\/2022\/03\/alcalde-de-medina-de-rioseco-ee5a3075.jpg","datePublished":"2022-03-23T15:11:20+00:00","dateModified":"2023-04-11T09:48:23+00:00","description":"Enrique Maya ha recibido al alcalde, David Esteban Rodr\u00edguez, que ha presentado en Pamplona esta fiesta de Inter\u00e9s Internacional","breadcrumb":{"@id":"https:\/\/www.laguiadepamplona.com\/actualidad\/el-alcalde-de-pamplona-conoce-la-semana-santa-del-pueblo-vallisoletano-de-medina-de-rioseco\/#breadcrumb"},"inLanguage":"es","potentialAction":[{"@type":"ReadAction","target":["https:\/\/www.laguiadepamplona.com\/actualidad\/el-alcalde-de-pamplona-conoce-la-semana-santa-del-pueblo-vallisoletano-de-medina-de-rioseco\/"]}]},{"@type":"ImageObject","inLanguage":"es","@id":"https:\/\/www.laguiadepamplona.com\/actualidad\/el-alcalde-de-pamplona-conoce-la-semana-santa-del-pueblo-vallisoletano-de-medina-de-rioseco\/#primaryimage","url":"https:\/\/www.laguiadepamplona.com\/actualidad\/wp-content\/uploads\/2022\/03\/alcalde-de-medina-de-rioseco-ee5a3075.jpg","contentUrl":"https:\/\/www.laguiadepamplona.com\/actualidad\/wp-content\/uploads\/2022\/03\/alcalde-de-medina-de-rioseco-ee5a3075.jpg","width":1575,"height":1048},{"@type":"BreadcrumbList","@id":"https:\/\/www.laguiadepamplona.com\/actualidad\/el-alcalde-de-pamplona-conoce-la-semana-santa-del-pueblo-vallisoletano-de-medina-de-rioseco\/#breadcrumb","itemListElement":[{"@type":"ListItem","position":1,"name":"Portada","item":"https:\/\/www.laguiadepamplona.com\/actualidad\/"},{"@type":"ListItem","position":2,"name":"El alcalde de Pamplona conoce la Semana Santa del pueblo vallisoletano de Medina de Rioseco"}]},{"@type":"WebSite","@id":"https:\/\/www.laguiadepamplona.com\/actualidad\/#website","url":"https:\/\/www.laguiadepamplona.com\/actualidad\/","name":"La gu\u00eda de Pamplona","description":"Noticias de Pamplona","publisher":{"@id":"https:\/\/www.laguiadepamplona.com\/actualidad\/#organization"},"potentialAction":[{"@type":"SearchAction","target":{"@type":"EntryPoint","urlTemplate":"https:\/\/www.laguiadepamplona.com\/actualidad\/?s={search_term_string}"},"query-input":{"@type":"PropertyValueSpecification","valueRequired":true,"valueName":"search_term_string"}}],"inLanguage":"es"},{"@type":"Organization","@id":"https:\/\/www.laguiadepamplona.com\/actualidad\/#organization","name":"La Gu\u00eda de Pamplona \/ Noticias","url":"https:\/\/www.laguiadepamplona.com\/actualidad\/","logo":{"@type":"ImageObject","inLanguage":"es","@id":"https:\/\/www.laguiadepamplona.com\/actualidad\/#\/schema\/logo\/image\/","url":"https:\/\/www.laguiadepamplona.com\/actualidad\/wp-content\/uploads\/2018\/11\/logo-laguiadepamplona18-web1.png","contentUrl":"https:\/\/www.laguiadepamplona.com\/actualidad\/wp-content\/uploads\/2018\/11\/logo-laguiadepamplona18-web1.png","width":600,"height":196,"caption":"La Gu\u00eda de Pamplona \/ Noticias"},"image":{"@id":"https:\/\/www.laguiadepamplona.com\/actualidad\/#\/schema\/logo\/image\/"},"sameAs":["https:\/\/www.facebook.com\/laguiadepamplonacom-133175176762273\/?ref=hl","https:\/\/x.com\/LaGuiadPamplona","https:\/\/www.instagram.com\/la_guia_de_pamplona\/","https:\/\/www.youtube.com\/user\/laguiadepamplona"]},{"@type":"Person","@id":"https:\/\/www.laguiadepamplona.com\/actualidad\/#\/schema\/person\/efe887376f0213d4657c93adc50b1fdb","name":"La Gu\u00eda de Pamplona","image":{"@type":"ImageObject","inLanguage":"es","@id":"https:\/\/secure.gravatar.com\/avatar\/b6992f131dc8d30ab0dff15446e9d346d9dbd95992de0fef795073f5ea83a81c?s=96&d=mm&r=g","url":"https:\/\/secure.gravatar.com\/avatar\/b6992f131dc8d30ab0dff15446e9d346d9dbd95992de0fef795073f5ea83a81c?s=96&d=mm&r=g","contentUrl":"https:\/\/secure.gravatar.com\/avatar\/b6992f131dc8d30ab0dff15446e9d346d9dbd95992de0fef795073f5ea83a81c?s=96&d=mm&r=g","caption":"La Gu\u00eda de Pamplona"}}]}},"post_mailing_queue_ids":[],"_links":{"self":[{"href":"https:\/\/www.laguiadepamplona.com\/actualidad\/wp-json\/wp\/v2\/posts\/39621","targetHints":{"allow":["GET"]}}],"collection":[{"href":"https:\/\/www.laguiadepamplona.com\/actualidad\/wp-json\/wp\/v2\/posts"}],"about":[{"href":"https:\/\/www.laguiadepamplona.com\/actualidad\/wp-json\/wp\/v2\/types\/post"}],"author":[{"embeddable":true,"href":"https:\/\/www.laguiadepamplona.com\/actualidad\/wp-json\/wp\/v2\/users\/1"}],"replies":[{"embeddable":true,"href":"https:\/\/www.laguiadepamplona.com\/actualidad\/wp-json\/wp\/v2\/comments?post=39621"}],"version-history":[{"count":0,"href":"https:\/\/www.laguiadepamplona.com\/actualidad\/wp-json\/wp\/v2\/posts\/39621\/revisions"}],"wp:featuredmedia":[{"embeddable":true,"href":"https:\/\/www.laguiadepamplona.com\/actualidad\/wp-json\/wp\/v2\/media\/39622"}],"wp:attachment":[{"href":"https:\/\/www.laguiadepamplona.com\/actualidad\/wp-json\/wp\/v2\/media?parent=39621"}],"wp:term":[{"taxonomy":"category","embeddable":true,"href":"https:\/\/www.laguiadepamplona.com\/actualidad\/wp-json\/wp\/v2\/categories?post=39621"},{"taxonomy":"post_tag","embeddable":true,"href":"https:\/\/www.laguiadepamplona.com\/actualidad\/wp-json\/wp\/v2\/tags?post=39621"}],"curies":[{"name":"wp","href":"https:\/\/api.w.org\/{rel}","templated":true}]}}