{"id":39610,"date":"2022-03-23T13:31:54","date_gmt":"2022-03-23T11:31:54","guid":{"rendered":"https:\/\/www.laguiadepamplona.com\/actualidad\/?p=39610"},"modified":"2023-04-11T11:48:23","modified_gmt":"2023-04-11T09:48:23","slug":"el-proximo-viernes-1-de-abril-finaliza-el-plazo-para-presentar-las-candidaturas-al-cartel-de-san-fermin-2022","status":"publish","type":"post","link":"https:\/\/www.laguiadepamplona.com\/actualidad\/el-proximo-viernes-1-de-abril-finaliza-el-plazo-para-presentar-las-candidaturas-al-cartel-de-san-fermin-2022\/","title":{"rendered":"El pr\u00f3ximo viernes, 1 de abril, finaliza el plazo para presentar las candidaturas al cartel de San Ferm\u00edn 2022"},"content":{"rendered":"<h5>El cartel ganador se elegir\u00e1 por votaci\u00f3n popular entre una selecci\u00f3n de diez obras y recibir\u00e1 un premio de 6.000 euros<\/h5>\n<p><!--more--><\/p>\n<p>El pr\u00f3ximo viernes, 1 de abril, a las 14.00 horas finaliza el plazo para la recepci\u00f3n de candidaturas para el Concurso de Carteles de San Ferm\u00edn 2022 convocado por el Ayuntamiento de Pamplona. El cartel elegido ser\u00e1 la imagen de los Sanfermines, tras dos a\u00f1os de ausencia debido a la pandemia del COVID-19. Una vez recibidas todas las candidaturas, un jurado profesional har\u00e1 una selecci\u00f3n previa de diez finalistas, dos m\u00e1s que en ediciones anteriores. Entre ellos, un jurado popular elegir\u00e1 el cartel ganador, que recibir\u00e1 un premio de 6.000 euros, frente a los 3.600 asignados en 2019.<\/p>\n<p>Las personas interesadas podr\u00e1n presentar su cartel exclusivamente de forma telem\u00e1tica a trav\u00e9s de la p\u00e1gina web \u00a0<a href=\"http:\/\/www.pamplonaescultura.es\/\" target=\"_blank\" rel=\"noopener\">www.pamplonaescultura.es<\/a>, cumplimentando un formulario online disponible en la p\u00e1gina de inicio de la web bajo el t\u00edtulo \u2018Concurso Cartel de San Ferm\u00edn\u2019. Como en ocasiones anteriores, el cartel deber\u00e1 ser original e in\u00e9dito y se admite cualquier t\u00e9cnica. Como requisito, deber\u00e1 incluir el escudo de la ciudad y los textos: San Ferm\u00edn, 2022, Pamplona\/Iru\u00f1a, Del 6 al 14 de julio\/Uztailaren 6tik 14ra. El escudo oficial puede descargarse en <a href=\"http:\/\/www.pamplonaescultura.es\/escudos-de-pamplona\/\" target=\"_blank\" rel=\"noopener\">www.pamplonaescultura.es\/escudos-de-pamplona\/<\/a>. No obstante, tambi\u00e9n es posible que el autor del cartel lo represente con su propio dise\u00f1o, siempre que sea reconocible e identificable, y todos sus elementos est\u00e9n debidamente representados.<br \/>\n<script async src=\"\/\/pagead2.googlesyndication.com\/pagead\/js\/adsbygoogle.js\"><\/script><br \/>\n<!-- Noticias La Guia de Pamplona --><br \/>\n<ins class=\"adsbygoogle\"\nstyle=\"display:block\"\ndata-ad-client=\"ca-pub-6943679897239327\"\ndata-ad-slot=\"7048180777\"\ndata-ad-format=\"auto\"><\/ins><br \/>\n<script>\n(adsbygoogle = window.adsbygoogle || []).push({});\n<\/script><\/p>\n<p>Dado que la presentaci\u00f3n de candidaturas es online, ser\u00e1 necesario adjuntar en el formulario de inscripci\u00f3n un archivo digital con el cartel, que tendr\u00e1 la consideraci\u00f3n de obra final. La imagen deber\u00e1 mostrar el cartel en formato vertical de 70 cms de ancho x 100 cms de alto. El archivo, que deber\u00e1 ser en formato JPG, deber\u00e1 tener 820 x 1171 pixeles, y una resoluci\u00f3n de 72 pixeles\/pulgada. El tama\u00f1o de la imagen ser\u00e1, como m\u00e1ximo, de 2 MB. \u00danicamente podr\u00e1 presentarse un cartel por persona f\u00edsica o grupo de personas, nunca por personas jur\u00eddicas. Seg\u00fan establecen las normas del concurso, la autor\u00eda del cartel no podr\u00e1 hacerse p\u00fablica en ning\u00fan momento del proceso del concurso hasta su resoluci\u00f3n final.<\/p>\n<p>La presentaci\u00f3n de la candidatura no ser\u00e1 v\u00e1lida hasta que no se confirme la inscripci\u00f3n respondiendo a un correo electr\u00f3nico enviado a tal fin. Dicho correo contendr\u00e1 un resumen de los datos del formulario (nombre y apellidos, documento identificativo y lema del cartel). Una vez validado, se proceder\u00e1 al env\u00edo de un segundo correo, en el que se le facilitar\u00e1 el n\u00famero de plica vinculado al lema del cartel y al documento identificativo. Este correo constituir\u00e1 su justificante de participaci\u00f3n en el concurso.<br \/>\n<script async src=\"\/\/pagead2.googlesyndication.com\/pagead\/js\/adsbygoogle.js\"><\/script><br \/>\n<!-- Noticias La Guia de Pamplona --><br \/>\n<ins class=\"adsbygoogle\"\nstyle=\"display:block\"\ndata-ad-client=\"ca-pub-6943679897239327\"\ndata-ad-slot=\"7048180777\"\ndata-ad-format=\"auto\"><\/ins><br \/>\n<script>\n(adsbygoogle = window.adsbygoogle || []).push({});\n<\/script><\/p>\n<p>&nbsp;<\/p>\n<h3>Instrucciones<\/h3>\n<ul>\n<li>Inicio del procedimiento de inscripci\u00f3n\n<ul>\n<li>La inscripci\u00f3n debe hacerse rellenando el formulario en la web\u00a0<a href=\"http:\/\/www.pamplonaescultura.es\/\">pamplonaescultura.es<\/a>(pinchando el enlace con el t\u00edtulo \u00abConcurso Cartel de San Ferm\u00edn\u00bb). En ese mismo espacio se recoger\u00e1n las bases para su consulta.<\/li>\n<li>En el men\u00fa de idiomas de la cabecera, se podr\u00e1 elegir el idioma para cumplimentar la presentaci\u00f3n del cartel (castellano, euskera o ingl\u00e9s).<\/li>\n<li>En la siguiente casilla, se indicar\u00e1 si se presenta de forma individual o colectiva. Los campos a cumplimentar var\u00edan seg\u00fan esta elecci\u00f3n.<\/li>\n<\/ul>\n<\/li>\n<\/ul>\n<p>Datos de inscripci\u00f3n<\/p>\n<ul>\n<li><strong>Datos personales:<\/strong>\n<ul>\n<li>Individual: Nombre, Apellidos, DNI, NIE, CIF u otros, tel\u00e9fono y correo electr\u00f3nico que se repite en dos casillas (es necesario confirmar el correo electr\u00f3nico). Fecha y lugar de nacimiento, y domicilio.<\/li>\n<li>Colectiva: Nombre asociaci\u00f3n, persona responsable, DNI, NIE, CIF u otros, tel\u00e9fono y correo electr\u00f3nico que se repite en dos casillas (Es necesario confirmar el correo electr\u00f3nico).<\/li>\n<\/ul>\n<\/li>\n<li><strong>Datos del Cartel:<\/strong>\n<ul>\n<li>Lema del cartel<\/li>\n<li>Descripci\u00f3n del cartel: desarrollo te\u00f3rico del concepto y elementos del cartel, tales como: composici\u00f3n, colores, tipograf\u00eda o simbolog\u00eda (200 caracteres, m\u00e1ximo).<\/li>\n<li>Trayectoria: curr\u00edculum profesional (800 caracteres, m\u00e1ximo).<\/li>\n<li>Imagen del cartel: Se adjuntar\u00e1 un \u00fanico archivo formato JPG, con un peso m\u00e1ximo de 2 MB. El cartel deber\u00e1 tener como medidas 820 x 1171 pixeles en una resoluci\u00f3n de 72 pixeles\/pulgada. El cartel deber\u00e1 estar configurado en vertical y mostrarse en formato 70 cms de ancho x 100 cms de alto.<\/li>\n<li>TEXTO: Pamplona\/Iru\u00f1a; San Ferm\u00edn 2022; 6 al 14 de julio\/Uztailaren 6tik 14ra<\/li>\n<\/ul>\n<\/li>\n<li><strong>Declaraci\u00f3n responsable.<\/strong> Se deber\u00e1 clicar\u00a0la declaraci\u00f3n de ser el autor o la autora\u00a0del cartel presentado a este concurso, y que se trata de una obra original e in\u00e9dita.<\/li>\n<\/ul>\n<p>Confirmaci\u00f3n de la Participaci\u00f3n<\/p>\n<ul>\n<li>El creador enviar\u00e1 el formulario \u2018pinchando\u2019 el \u2018bot\u00f3n habilitado\u2019. Este tr\u00e1mite no finaliza la inscripci\u00f3n<\/li>\n<li>El interesado recibir\u00e1 un correo electr\u00f3nico en la direcci\u00f3n facilitada y a la que se le enviar\u00e1 un resumen de los datos del formulario (nombre y apellidos, documento identificativo y lema del cartel).<\/li>\n<li>Ese correo le requerir\u00e1 el siguiente paso: VALIDAR y FINALIZAR LA INSCRIPCI\u00d3N<\/li>\n<li>Como resultado, obtendr\u00e1 un segundo y \u00faltimo correo, en el que se CONFIRMAR\u00c1 su participaci\u00f3n en el concurso con el LEMA del cartel (aportado previamente), su DOCUMENTO IDENTIFICATIVO y el N\u00daMERO DE PLICA que servir\u00e1 de referencia a lo largo del concurso. Este correo constituir\u00e1 su justificante de participaci\u00f3n en el concurso.<\/li>\n<\/ul>\n","protected":false},"excerpt":{"rendered":"<p>El cartel ganador se elegir\u00e1 por votaci\u00f3n popular entre una selecci\u00f3n de diez obras y recibir\u00e1 un premio de 6.000 euros<\/p>\n","protected":false},"author":1,"featured_media":21787,"comment_status":"open","ping_status":"closed","sticky":false,"template":"","format":"standard","meta":{"footnotes":""},"categories":[2],"tags":[],"class_list":["post-39610","post","type-post","status-publish","format-standard","has-post-thumbnail","hentry","category-ayuntamiento-pamplona"],"yoast_head":"<!-- This site is optimized with the Yoast SEO plugin v27.3 - https:\/\/yoast.com\/product\/yoast-seo-wordpress\/ -->\n<title>El pr\u00f3ximo viernes, 1 de abril, finaliza el plazo para presentar las candidaturas al cartel de San Ferm\u00edn 2022<\/title>\n<meta name=\"description\" content=\"El cartel ganador se elegir\u00e1 por votaci\u00f3n popular entre una selecci\u00f3n de diez obras y recibir\u00e1 un premio de 6.000 euros\" \/>\n<meta name=\"robots\" content=\"index, follow, max-snippet:-1, max-image-preview:large, max-video-preview:-1\" \/>\n<link rel=\"canonical\" href=\"https:\/\/www.laguiadepamplona.com\/actualidad\/el-proximo-viernes-1-de-abril-finaliza-el-plazo-para-presentar-las-candidaturas-al-cartel-de-san-fermin-2022\/\" \/>\n<meta property=\"og:locale\" content=\"es_ES\" \/>\n<meta property=\"og:type\" content=\"article\" \/>\n<meta property=\"og:title\" content=\"El pr\u00f3ximo viernes, 1 de abril, finaliza el plazo para presentar las candidaturas al cartel de San Ferm\u00edn 2022\" \/>\n<meta property=\"og:description\" content=\"El cartel ganador se elegir\u00e1 por votaci\u00f3n popular entre una selecci\u00f3n de diez obras y recibir\u00e1 un premio de 6.000 euros\" \/>\n<meta property=\"og:url\" content=\"https:\/\/www.laguiadepamplona.com\/actualidad\/el-proximo-viernes-1-de-abril-finaliza-el-plazo-para-presentar-las-candidaturas-al-cartel-de-san-fermin-2022\/\" \/>\n<meta property=\"og:site_name\" content=\"La Gu\u00eda de Pamplona\" \/>\n<meta property=\"article:publisher\" content=\"https:\/\/www.facebook.com\/laguiadepamplonacom-133175176762273\/?ref=hl\" \/>\n<meta property=\"article:published_time\" content=\"2022-03-23T11:31:54+00:00\" \/>\n<meta property=\"article:modified_time\" content=\"2023-04-11T09:48:23+00:00\" \/>\n<meta property=\"og:image\" content=\"https:\/\/www.laguiadepamplona.com\/actualidad\/wp-content\/uploads\/2019\/04\/carteles-sanfermin-19.jpg\" \/>\n\t<meta property=\"og:image:width\" content=\"1920\" \/>\n\t<meta property=\"og:image:height\" content=\"1080\" \/>\n\t<meta property=\"og:image:type\" content=\"image\/jpeg\" \/>\n<meta name=\"author\" content=\"La Gu\u00eda de Pamplona\" \/>\n<meta name=\"twitter:card\" content=\"summary_large_image\" \/>\n<meta name=\"twitter:creator\" content=\"@LaGuiadPamplona\" \/>\n<meta name=\"twitter:site\" content=\"@LaGuiadPamplona\" \/>\n<meta name=\"twitter:label1\" content=\"Escrito por\" \/>\n\t<meta name=\"twitter:data1\" content=\"La Gu\u00eda de Pamplona\" \/>\n\t<meta name=\"twitter:label2\" content=\"Tiempo de lectura\" \/>\n\t<meta name=\"twitter:data2\" content=\"4 minutos\" \/>\n<script type=\"application\/ld+json\" class=\"yoast-schema-graph\">{\"@context\":\"https:\\\/\\\/schema.org\",\"@graph\":[{\"@type\":\"Article\",\"@id\":\"https:\\\/\\\/www.laguiadepamplona.com\\\/actualidad\\\/el-proximo-viernes-1-de-abril-finaliza-el-plazo-para-presentar-las-candidaturas-al-cartel-de-san-fermin-2022\\\/#article\",\"isPartOf\":{\"@id\":\"https:\\\/\\\/www.laguiadepamplona.com\\\/actualidad\\\/el-proximo-viernes-1-de-abril-finaliza-el-plazo-para-presentar-las-candidaturas-al-cartel-de-san-fermin-2022\\\/\"},\"author\":{\"name\":\"La Gu\u00eda de Pamplona\",\"@id\":\"https:\\\/\\\/www.laguiadepamplona.com\\\/actualidad\\\/#\\\/schema\\\/person\\\/efe887376f0213d4657c93adc50b1fdb\"},\"headline\":\"El pr\u00f3ximo viernes, 1 de abril, finaliza el plazo para presentar las candidaturas al cartel de San Ferm\u00edn 2022\",\"datePublished\":\"2022-03-23T11:31:54+00:00\",\"dateModified\":\"2023-04-11T09:48:23+00:00\",\"mainEntityOfPage\":{\"@id\":\"https:\\\/\\\/www.laguiadepamplona.com\\\/actualidad\\\/el-proximo-viernes-1-de-abril-finaliza-el-plazo-para-presentar-las-candidaturas-al-cartel-de-san-fermin-2022\\\/\"},\"wordCount\":918,\"commentCount\":0,\"publisher\":{\"@id\":\"https:\\\/\\\/www.laguiadepamplona.com\\\/actualidad\\\/#organization\"},\"image\":{\"@id\":\"https:\\\/\\\/www.laguiadepamplona.com\\\/actualidad\\\/el-proximo-viernes-1-de-abril-finaliza-el-plazo-para-presentar-las-candidaturas-al-cartel-de-san-fermin-2022\\\/#primaryimage\"},\"thumbnailUrl\":\"https:\\\/\\\/www.laguiadepamplona.com\\\/actualidad\\\/wp-content\\\/uploads\\\/2019\\\/04\\\/carteles-sanfermin-19.jpg\",\"articleSection\":[\"Ayto Pamplona\"],\"inLanguage\":\"es\",\"potentialAction\":[{\"@type\":\"CommentAction\",\"name\":\"Comment\",\"target\":[\"https:\\\/\\\/www.laguiadepamplona.com\\\/actualidad\\\/el-proximo-viernes-1-de-abril-finaliza-el-plazo-para-presentar-las-candidaturas-al-cartel-de-san-fermin-2022\\\/#respond\"]}]},{\"@type\":\"WebPage\",\"@id\":\"https:\\\/\\\/www.laguiadepamplona.com\\\/actualidad\\\/el-proximo-viernes-1-de-abril-finaliza-el-plazo-para-presentar-las-candidaturas-al-cartel-de-san-fermin-2022\\\/\",\"url\":\"https:\\\/\\\/www.laguiadepamplona.com\\\/actualidad\\\/el-proximo-viernes-1-de-abril-finaliza-el-plazo-para-presentar-las-candidaturas-al-cartel-de-san-fermin-2022\\\/\",\"name\":\"El pr\u00f3ximo viernes, 1 de abril, finaliza el plazo para presentar las candidaturas al cartel de San Ferm\u00edn 2022\",\"isPartOf\":{\"@id\":\"https:\\\/\\\/www.laguiadepamplona.com\\\/actualidad\\\/#website\"},\"primaryImageOfPage\":{\"@id\":\"https:\\\/\\\/www.laguiadepamplona.com\\\/actualidad\\\/el-proximo-viernes-1-de-abril-finaliza-el-plazo-para-presentar-las-candidaturas-al-cartel-de-san-fermin-2022\\\/#primaryimage\"},\"image\":{\"@id\":\"https:\\\/\\\/www.laguiadepamplona.com\\\/actualidad\\\/el-proximo-viernes-1-de-abril-finaliza-el-plazo-para-presentar-las-candidaturas-al-cartel-de-san-fermin-2022\\\/#primaryimage\"},\"thumbnailUrl\":\"https:\\\/\\\/www.laguiadepamplona.com\\\/actualidad\\\/wp-content\\\/uploads\\\/2019\\\/04\\\/carteles-sanfermin-19.jpg\",\"datePublished\":\"2022-03-23T11:31:54+00:00\",\"dateModified\":\"2023-04-11T09:48:23+00:00\",\"description\":\"El cartel ganador se elegir\u00e1 por votaci\u00f3n popular entre una selecci\u00f3n de diez obras y recibir\u00e1 un premio de 6.000 euros\",\"breadcrumb\":{\"@id\":\"https:\\\/\\\/www.laguiadepamplona.com\\\/actualidad\\\/el-proximo-viernes-1-de-abril-finaliza-el-plazo-para-presentar-las-candidaturas-al-cartel-de-san-fermin-2022\\\/#breadcrumb\"},\"inLanguage\":\"es\",\"potentialAction\":[{\"@type\":\"ReadAction\",\"target\":[\"https:\\\/\\\/www.laguiadepamplona.com\\\/actualidad\\\/el-proximo-viernes-1-de-abril-finaliza-el-plazo-para-presentar-las-candidaturas-al-cartel-de-san-fermin-2022\\\/\"]}]},{\"@type\":\"ImageObject\",\"inLanguage\":\"es\",\"@id\":\"https:\\\/\\\/www.laguiadepamplona.com\\\/actualidad\\\/el-proximo-viernes-1-de-abril-finaliza-el-plazo-para-presentar-las-candidaturas-al-cartel-de-san-fermin-2022\\\/#primaryimage\",\"url\":\"https:\\\/\\\/www.laguiadepamplona.com\\\/actualidad\\\/wp-content\\\/uploads\\\/2019\\\/04\\\/carteles-sanfermin-19.jpg\",\"contentUrl\":\"https:\\\/\\\/www.laguiadepamplona.com\\\/actualidad\\\/wp-content\\\/uploads\\\/2019\\\/04\\\/carteles-sanfermin-19.jpg\",\"width\":1920,\"height\":1080,\"caption\":\"carteles sanfermines\"},{\"@type\":\"BreadcrumbList\",\"@id\":\"https:\\\/\\\/www.laguiadepamplona.com\\\/actualidad\\\/el-proximo-viernes-1-de-abril-finaliza-el-plazo-para-presentar-las-candidaturas-al-cartel-de-san-fermin-2022\\\/#breadcrumb\",\"itemListElement\":[{\"@type\":\"ListItem\",\"position\":1,\"name\":\"Portada\",\"item\":\"https:\\\/\\\/www.laguiadepamplona.com\\\/actualidad\\\/\"},{\"@type\":\"ListItem\",\"position\":2,\"name\":\"El pr\u00f3ximo viernes, 1 de abril, finaliza el plazo para presentar las candidaturas al cartel de San Ferm\u00edn 2022\"}]},{\"@type\":\"WebSite\",\"@id\":\"https:\\\/\\\/www.laguiadepamplona.com\\\/actualidad\\\/#website\",\"url\":\"https:\\\/\\\/www.laguiadepamplona.com\\\/actualidad\\\/\",\"name\":\"La gu\u00eda de Pamplona\",\"description\":\"Noticias de Pamplona\",\"publisher\":{\"@id\":\"https:\\\/\\\/www.laguiadepamplona.com\\\/actualidad\\\/#organization\"},\"potentialAction\":[{\"@type\":\"SearchAction\",\"target\":{\"@type\":\"EntryPoint\",\"urlTemplate\":\"https:\\\/\\\/www.laguiadepamplona.com\\\/actualidad\\\/?s={search_term_string}\"},\"query-input\":{\"@type\":\"PropertyValueSpecification\",\"valueRequired\":true,\"valueName\":\"search_term_string\"}}],\"inLanguage\":\"es\"},{\"@type\":\"Organization\",\"@id\":\"https:\\\/\\\/www.laguiadepamplona.com\\\/actualidad\\\/#organization\",\"name\":\"La Gu\u00eda de Pamplona \\\/ Noticias\",\"url\":\"https:\\\/\\\/www.laguiadepamplona.com\\\/actualidad\\\/\",\"logo\":{\"@type\":\"ImageObject\",\"inLanguage\":\"es\",\"@id\":\"https:\\\/\\\/www.laguiadepamplona.com\\\/actualidad\\\/#\\\/schema\\\/logo\\\/image\\\/\",\"url\":\"https:\\\/\\\/www.laguiadepamplona.com\\\/actualidad\\\/wp-content\\\/uploads\\\/2018\\\/11\\\/logo-laguiadepamplona18-web1.png\",\"contentUrl\":\"https:\\\/\\\/www.laguiadepamplona.com\\\/actualidad\\\/wp-content\\\/uploads\\\/2018\\\/11\\\/logo-laguiadepamplona18-web1.png\",\"width\":600,\"height\":196,\"caption\":\"La Gu\u00eda de Pamplona \\\/ Noticias\"},\"image\":{\"@id\":\"https:\\\/\\\/www.laguiadepamplona.com\\\/actualidad\\\/#\\\/schema\\\/logo\\\/image\\\/\"},\"sameAs\":[\"https:\\\/\\\/www.facebook.com\\\/laguiadepamplonacom-133175176762273\\\/?ref=hl\",\"https:\\\/\\\/x.com\\\/LaGuiadPamplona\",\"https:\\\/\\\/www.instagram.com\\\/la_guia_de_pamplona\\\/\",\"https:\\\/\\\/www.youtube.com\\\/user\\\/laguiadepamplona\"]},{\"@type\":\"Person\",\"@id\":\"https:\\\/\\\/www.laguiadepamplona.com\\\/actualidad\\\/#\\\/schema\\\/person\\\/efe887376f0213d4657c93adc50b1fdb\",\"name\":\"La Gu\u00eda de Pamplona\",\"image\":{\"@type\":\"ImageObject\",\"inLanguage\":\"es\",\"@id\":\"https:\\\/\\\/secure.gravatar.com\\\/avatar\\\/b6992f131dc8d30ab0dff15446e9d346d9dbd95992de0fef795073f5ea83a81c?s=96&d=mm&r=g\",\"url\":\"https:\\\/\\\/secure.gravatar.com\\\/avatar\\\/b6992f131dc8d30ab0dff15446e9d346d9dbd95992de0fef795073f5ea83a81c?s=96&d=mm&r=g\",\"contentUrl\":\"https:\\\/\\\/secure.gravatar.com\\\/avatar\\\/b6992f131dc8d30ab0dff15446e9d346d9dbd95992de0fef795073f5ea83a81c?s=96&d=mm&r=g\",\"caption\":\"La Gu\u00eda de Pamplona\"}}]}<\/script>\n<!-- \/ Yoast SEO plugin. -->","yoast_head_json":{"title":"El pr\u00f3ximo viernes, 1 de abril, finaliza el plazo para presentar las candidaturas al cartel de San Ferm\u00edn 2022","description":"El cartel ganador se elegir\u00e1 por votaci\u00f3n popular entre una selecci\u00f3n de diez obras y recibir\u00e1 un premio de 6.000 euros","robots":{"index":"index","follow":"follow","max-snippet":"max-snippet:-1","max-image-preview":"max-image-preview:large","max-video-preview":"max-video-preview:-1"},"canonical":"https:\/\/www.laguiadepamplona.com\/actualidad\/el-proximo-viernes-1-de-abril-finaliza-el-plazo-para-presentar-las-candidaturas-al-cartel-de-san-fermin-2022\/","og_locale":"es_ES","og_type":"article","og_title":"El pr\u00f3ximo viernes, 1 de abril, finaliza el plazo para presentar las candidaturas al cartel de San Ferm\u00edn 2022","og_description":"El cartel ganador se elegir\u00e1 por votaci\u00f3n popular entre una selecci\u00f3n de diez obras y recibir\u00e1 un premio de 6.000 euros","og_url":"https:\/\/www.laguiadepamplona.com\/actualidad\/el-proximo-viernes-1-de-abril-finaliza-el-plazo-para-presentar-las-candidaturas-al-cartel-de-san-fermin-2022\/","og_site_name":"La Gu\u00eda de Pamplona","article_publisher":"https:\/\/www.facebook.com\/laguiadepamplonacom-133175176762273\/?ref=hl","article_published_time":"2022-03-23T11:31:54+00:00","article_modified_time":"2023-04-11T09:48:23+00:00","og_image":[{"width":1920,"height":1080,"url":"https:\/\/www.laguiadepamplona.com\/actualidad\/wp-content\/uploads\/2019\/04\/carteles-sanfermin-19.jpg","type":"image\/jpeg"}],"author":"La Gu\u00eda de Pamplona","twitter_card":"summary_large_image","twitter_creator":"@LaGuiadPamplona","twitter_site":"@LaGuiadPamplona","twitter_misc":{"Escrito por":"La Gu\u00eda de Pamplona","Tiempo de lectura":"4 minutos"},"schema":{"@context":"https:\/\/schema.org","@graph":[{"@type":"Article","@id":"https:\/\/www.laguiadepamplona.com\/actualidad\/el-proximo-viernes-1-de-abril-finaliza-el-plazo-para-presentar-las-candidaturas-al-cartel-de-san-fermin-2022\/#article","isPartOf":{"@id":"https:\/\/www.laguiadepamplona.com\/actualidad\/el-proximo-viernes-1-de-abril-finaliza-el-plazo-para-presentar-las-candidaturas-al-cartel-de-san-fermin-2022\/"},"author":{"name":"La Gu\u00eda de Pamplona","@id":"https:\/\/www.laguiadepamplona.com\/actualidad\/#\/schema\/person\/efe887376f0213d4657c93adc50b1fdb"},"headline":"El pr\u00f3ximo viernes, 1 de abril, finaliza el plazo para presentar las candidaturas al cartel de San Ferm\u00edn 2022","datePublished":"2022-03-23T11:31:54+00:00","dateModified":"2023-04-11T09:48:23+00:00","mainEntityOfPage":{"@id":"https:\/\/www.laguiadepamplona.com\/actualidad\/el-proximo-viernes-1-de-abril-finaliza-el-plazo-para-presentar-las-candidaturas-al-cartel-de-san-fermin-2022\/"},"wordCount":918,"commentCount":0,"publisher":{"@id":"https:\/\/www.laguiadepamplona.com\/actualidad\/#organization"},"image":{"@id":"https:\/\/www.laguiadepamplona.com\/actualidad\/el-proximo-viernes-1-de-abril-finaliza-el-plazo-para-presentar-las-candidaturas-al-cartel-de-san-fermin-2022\/#primaryimage"},"thumbnailUrl":"https:\/\/www.laguiadepamplona.com\/actualidad\/wp-content\/uploads\/2019\/04\/carteles-sanfermin-19.jpg","articleSection":["Ayto Pamplona"],"inLanguage":"es","potentialAction":[{"@type":"CommentAction","name":"Comment","target":["https:\/\/www.laguiadepamplona.com\/actualidad\/el-proximo-viernes-1-de-abril-finaliza-el-plazo-para-presentar-las-candidaturas-al-cartel-de-san-fermin-2022\/#respond"]}]},{"@type":"WebPage","@id":"https:\/\/www.laguiadepamplona.com\/actualidad\/el-proximo-viernes-1-de-abril-finaliza-el-plazo-para-presentar-las-candidaturas-al-cartel-de-san-fermin-2022\/","url":"https:\/\/www.laguiadepamplona.com\/actualidad\/el-proximo-viernes-1-de-abril-finaliza-el-plazo-para-presentar-las-candidaturas-al-cartel-de-san-fermin-2022\/","name":"El pr\u00f3ximo viernes, 1 de abril, finaliza el plazo para presentar las candidaturas al cartel de San Ferm\u00edn 2022","isPartOf":{"@id":"https:\/\/www.laguiadepamplona.com\/actualidad\/#website"},"primaryImageOfPage":{"@id":"https:\/\/www.laguiadepamplona.com\/actualidad\/el-proximo-viernes-1-de-abril-finaliza-el-plazo-para-presentar-las-candidaturas-al-cartel-de-san-fermin-2022\/#primaryimage"},"image":{"@id":"https:\/\/www.laguiadepamplona.com\/actualidad\/el-proximo-viernes-1-de-abril-finaliza-el-plazo-para-presentar-las-candidaturas-al-cartel-de-san-fermin-2022\/#primaryimage"},"thumbnailUrl":"https:\/\/www.laguiadepamplona.com\/actualidad\/wp-content\/uploads\/2019\/04\/carteles-sanfermin-19.jpg","datePublished":"2022-03-23T11:31:54+00:00","dateModified":"2023-04-11T09:48:23+00:00","description":"El cartel ganador se elegir\u00e1 por votaci\u00f3n popular entre una selecci\u00f3n de diez obras y recibir\u00e1 un premio de 6.000 euros","breadcrumb":{"@id":"https:\/\/www.laguiadepamplona.com\/actualidad\/el-proximo-viernes-1-de-abril-finaliza-el-plazo-para-presentar-las-candidaturas-al-cartel-de-san-fermin-2022\/#breadcrumb"},"inLanguage":"es","potentialAction":[{"@type":"ReadAction","target":["https:\/\/www.laguiadepamplona.com\/actualidad\/el-proximo-viernes-1-de-abril-finaliza-el-plazo-para-presentar-las-candidaturas-al-cartel-de-san-fermin-2022\/"]}]},{"@type":"ImageObject","inLanguage":"es","@id":"https:\/\/www.laguiadepamplona.com\/actualidad\/el-proximo-viernes-1-de-abril-finaliza-el-plazo-para-presentar-las-candidaturas-al-cartel-de-san-fermin-2022\/#primaryimage","url":"https:\/\/www.laguiadepamplona.com\/actualidad\/wp-content\/uploads\/2019\/04\/carteles-sanfermin-19.jpg","contentUrl":"https:\/\/www.laguiadepamplona.com\/actualidad\/wp-content\/uploads\/2019\/04\/carteles-sanfermin-19.jpg","width":1920,"height":1080,"caption":"carteles sanfermines"},{"@type":"BreadcrumbList","@id":"https:\/\/www.laguiadepamplona.com\/actualidad\/el-proximo-viernes-1-de-abril-finaliza-el-plazo-para-presentar-las-candidaturas-al-cartel-de-san-fermin-2022\/#breadcrumb","itemListElement":[{"@type":"ListItem","position":1,"name":"Portada","item":"https:\/\/www.laguiadepamplona.com\/actualidad\/"},{"@type":"ListItem","position":2,"name":"El pr\u00f3ximo viernes, 1 de abril, finaliza el plazo para presentar las candidaturas al cartel de San Ferm\u00edn 2022"}]},{"@type":"WebSite","@id":"https:\/\/www.laguiadepamplona.com\/actualidad\/#website","url":"https:\/\/www.laguiadepamplona.com\/actualidad\/","name":"La gu\u00eda de Pamplona","description":"Noticias de Pamplona","publisher":{"@id":"https:\/\/www.laguiadepamplona.com\/actualidad\/#organization"},"potentialAction":[{"@type":"SearchAction","target":{"@type":"EntryPoint","urlTemplate":"https:\/\/www.laguiadepamplona.com\/actualidad\/?s={search_term_string}"},"query-input":{"@type":"PropertyValueSpecification","valueRequired":true,"valueName":"search_term_string"}}],"inLanguage":"es"},{"@type":"Organization","@id":"https:\/\/www.laguiadepamplona.com\/actualidad\/#organization","name":"La Gu\u00eda de Pamplona \/ Noticias","url":"https:\/\/www.laguiadepamplona.com\/actualidad\/","logo":{"@type":"ImageObject","inLanguage":"es","@id":"https:\/\/www.laguiadepamplona.com\/actualidad\/#\/schema\/logo\/image\/","url":"https:\/\/www.laguiadepamplona.com\/actualidad\/wp-content\/uploads\/2018\/11\/logo-laguiadepamplona18-web1.png","contentUrl":"https:\/\/www.laguiadepamplona.com\/actualidad\/wp-content\/uploads\/2018\/11\/logo-laguiadepamplona18-web1.png","width":600,"height":196,"caption":"La Gu\u00eda de Pamplona \/ Noticias"},"image":{"@id":"https:\/\/www.laguiadepamplona.com\/actualidad\/#\/schema\/logo\/image\/"},"sameAs":["https:\/\/www.facebook.com\/laguiadepamplonacom-133175176762273\/?ref=hl","https:\/\/x.com\/LaGuiadPamplona","https:\/\/www.instagram.com\/la_guia_de_pamplona\/","https:\/\/www.youtube.com\/user\/laguiadepamplona"]},{"@type":"Person","@id":"https:\/\/www.laguiadepamplona.com\/actualidad\/#\/schema\/person\/efe887376f0213d4657c93adc50b1fdb","name":"La Gu\u00eda de Pamplona","image":{"@type":"ImageObject","inLanguage":"es","@id":"https:\/\/secure.gravatar.com\/avatar\/b6992f131dc8d30ab0dff15446e9d346d9dbd95992de0fef795073f5ea83a81c?s=96&d=mm&r=g","url":"https:\/\/secure.gravatar.com\/avatar\/b6992f131dc8d30ab0dff15446e9d346d9dbd95992de0fef795073f5ea83a81c?s=96&d=mm&r=g","contentUrl":"https:\/\/secure.gravatar.com\/avatar\/b6992f131dc8d30ab0dff15446e9d346d9dbd95992de0fef795073f5ea83a81c?s=96&d=mm&r=g","caption":"La Gu\u00eda de Pamplona"}}]}},"post_mailing_queue_ids":[],"_links":{"self":[{"href":"https:\/\/www.laguiadepamplona.com\/actualidad\/wp-json\/wp\/v2\/posts\/39610","targetHints":{"allow":["GET"]}}],"collection":[{"href":"https:\/\/www.laguiadepamplona.com\/actualidad\/wp-json\/wp\/v2\/posts"}],"about":[{"href":"https:\/\/www.laguiadepamplona.com\/actualidad\/wp-json\/wp\/v2\/types\/post"}],"author":[{"embeddable":true,"href":"https:\/\/www.laguiadepamplona.com\/actualidad\/wp-json\/wp\/v2\/users\/1"}],"replies":[{"embeddable":true,"href":"https:\/\/www.laguiadepamplona.com\/actualidad\/wp-json\/wp\/v2\/comments?post=39610"}],"version-history":[{"count":0,"href":"https:\/\/www.laguiadepamplona.com\/actualidad\/wp-json\/wp\/v2\/posts\/39610\/revisions"}],"wp:featuredmedia":[{"embeddable":true,"href":"https:\/\/www.laguiadepamplona.com\/actualidad\/wp-json\/wp\/v2\/media\/21787"}],"wp:attachment":[{"href":"https:\/\/www.laguiadepamplona.com\/actualidad\/wp-json\/wp\/v2\/media?parent=39610"}],"wp:term":[{"taxonomy":"category","embeddable":true,"href":"https:\/\/www.laguiadepamplona.com\/actualidad\/wp-json\/wp\/v2\/categories?post=39610"},{"taxonomy":"post_tag","embeddable":true,"href":"https:\/\/www.laguiadepamplona.com\/actualidad\/wp-json\/wp\/v2\/tags?post=39610"}],"curies":[{"name":"wp","href":"https:\/\/api.w.org\/{rel}","templated":true}]}}