{"id":39607,"date":"2022-03-23T13:29:21","date_gmt":"2022-03-23T11:29:21","guid":{"rendered":"https:\/\/www.laguiadepamplona.com\/actualidad\/?p=39607"},"modified":"2023-04-11T11:48:23","modified_gmt":"2023-04-11T09:48:23","slug":"el-ayuntamiento-de-pamplona-renovara-la-cubierta-de-la-pista-polideportiva-central-del-patio-que-comparten-los-colegios-publicos-mendigoiti-y-el-lago-en-mendillorri","status":"publish","type":"post","link":"https:\/\/www.laguiadepamplona.com\/actualidad\/el-ayuntamiento-de-pamplona-renovara-la-cubierta-de-la-pista-polideportiva-central-del-patio-que-comparten-los-colegios-publicos-mendigoiti-y-el-lago-en-mendillorri\/","title":{"rendered":"El Ayuntamiento de Pamplona renovar\u00e1 la cubierta de la pista polideportiva central del patio que comparten los colegios p\u00fablicos Mendigoiti y El Lago en Mendillorri"},"content":{"rendered":"<h5>Las obras se ejecutar\u00e1n durante los dos meses de verano y cuentan con un presupuesto de licitaci\u00f3n de 306.453,70 euros<\/h5>\n<p><!--more--><\/p>\n<p>El Ayuntamiento de Pamplona va a renovar la cubierta de una de las pistas polideportivas que comparten en su patio los centros escolares p\u00fablicos Mendigoiti y el Lago en el barrio de Mendillorri. La Junta de Gobierno Local aprob\u00f3 el lunes la licitaci\u00f3n de las obras, que contar\u00e1n con un presupuesto de 306.453,70 euros. El plazo de ejecuci\u00f3n es de 16 semanas y se prev\u00e9 que los trabajos comiencen en el mes de junio.<br \/>\n<script async src=\"\/\/pagead2.googlesyndication.com\/pagead\/js\/adsbygoogle.js\"><\/script><br \/>\n<!-- Noticias La Guia de Pamplona --><br \/>\n<ins class=\"adsbygoogle\"\nstyle=\"display:block\"\ndata-ad-client=\"ca-pub-6943679897239327\"\ndata-ad-slot=\"7048180777\"\ndata-ad-format=\"auto\"><\/ins><br \/>\n<script>\n(adsbygoogle = window.adsbygoogle || []).push({});\n<\/script><\/p>\n<p>El patio de los colegios p\u00fablicos Mendigoiti y El Lago cuenta con tres pistas de juego exteriores que ocupan el espacio existente entre la edificaci\u00f3n del propio colegio y el volumen del edificio de trinquete y polideportivo de Mendillorri. La pista que se cubri\u00f3 en la obra de 2005 y cuya cubierta se quiere renovar es la pista central (pista n\u00famero 2). Se trata de una construcci\u00f3n abierta, que genera un volumen cubierto, pero abierto en todas sus fachadas.<\/p>\n<p>El proyecto pretende renovar la totalidad de la cubierta de placas de policarbonato que presenta un alto grado de deterioro en cuanto a su grado de transparencia y estanqueidad. Se instalar\u00e1 una l\u00ednea de vida en el per\u00edmetro de la cubierta que permita realizar labores de mantenimiento o sustituci\u00f3n de elementos en condiciones adecuadas de seguridad, sin necesidad de otros elementos auxiliares.<br \/>\n<script async src=\"\/\/pagead2.googlesyndication.com\/pagead\/js\/adsbygoogle.js\"><\/script><br \/>\n<!-- Noticias La Guia de Pamplona --><br \/>\n<ins class=\"adsbygoogle\"\nstyle=\"display:block\"\ndata-ad-client=\"ca-pub-6943679897239327\"\ndata-ad-slot=\"7048180777\"\ndata-ad-format=\"auto\"><\/ins><br \/>\n<script>\n(adsbygoogle = window.adsbygoogle || []).push({});\n<\/script><\/p>\n<p>La obra incluye la mejora de la protecci\u00f3n del viento dominantes, noroeste, para evitar en la medida de lo posible la entrada de agua de lluvia en esa zona de la pista polideportiva, pues es una pista cubierta, pero no cerrada. Se aprovechar\u00e1 para renovar la superficie de juego que, con el deterioro y la filtraci\u00f3n de agua, se ha vuelto m\u00e1s resbaladiza. Asimismo, se ejecutar\u00e1n actuaciones complementarias como reparaciones puntuales de desconchados en la estructura de hormig\u00f3n principal, la revisi\u00f3n y renovaci\u00f3n del sistema de redes de protecci\u00f3n, la renovaci\u00f3n de los equipamientos deportivos (canastas y porter\u00edas) y la limpieza de muros y gradas de hormig\u00f3n.<\/p>\n<p>El desarrollo de este proyecto coincidir\u00e1 con la renaturalizaci\u00f3n del patio donde se ubican tambi\u00e9n las pistas polideportivas. Durante el verano, se acometer\u00e1n tambi\u00e9n las actuaciones para generar una pradera con arbolado, parterres circulares y setos creados con fines de ocio y divulgativos en el patio, as\u00ed como unas gradas a modo de bancales como transici\u00f3n entre los espacios verdes y la zona de las pistas polideportivas. El presupuesto asciende a 149.993,72 euros.<\/p>\n","protected":false},"excerpt":{"rendered":"<p>Las obras se ejecutar\u00e1n durante los dos meses de verano y cuentan con un presupuesto de licitaci\u00f3n de 306.453,70 euros<\/p>\n","protected":false},"author":1,"featured_media":39608,"comment_status":"open","ping_status":"closed","sticky":false,"template":"","format":"standard","meta":{"footnotes":""},"categories":[2],"tags":[],"class_list":["post-39607","post","type-post","status-publish","format-standard","has-post-thumbnail","hentry","category-ayuntamiento-pamplona"],"yoast_head":"<!-- This site is optimized with the Yoast SEO plugin v27.3 - https:\/\/yoast.com\/product\/yoast-seo-wordpress\/ -->\n<title>El Ayuntamiento de Pamplona renovar\u00e1 la cubierta de la pista polideportiva central del patio que comparten los colegios p\u00fablicos Mendigoiti y El Lago en Mendillorri<\/title>\n<meta name=\"description\" content=\"Las obras se ejecutar\u00e1n durante los dos meses de verano y cuentan con un presupuesto de licitaci\u00f3n de 306.453,70 euros\" \/>\n<meta name=\"robots\" content=\"index, follow, max-snippet:-1, max-image-preview:large, max-video-preview:-1\" \/>\n<link rel=\"canonical\" href=\"https:\/\/www.laguiadepamplona.com\/actualidad\/el-ayuntamiento-de-pamplona-renovara-la-cubierta-de-la-pista-polideportiva-central-del-patio-que-comparten-los-colegios-publicos-mendigoiti-y-el-lago-en-mendillorri\/\" \/>\n<meta property=\"og:locale\" content=\"es_ES\" \/>\n<meta property=\"og:type\" content=\"article\" \/>\n<meta property=\"og:title\" content=\"El Ayuntamiento de Pamplona renovar\u00e1 la cubierta de la pista polideportiva central del patio que comparten los colegios p\u00fablicos Mendigoiti y El Lago en Mendillorri\" \/>\n<meta property=\"og:description\" content=\"Las obras se ejecutar\u00e1n durante los dos meses de verano y cuentan con un presupuesto de licitaci\u00f3n de 306.453,70 euros\" \/>\n<meta property=\"og:url\" content=\"https:\/\/www.laguiadepamplona.com\/actualidad\/el-ayuntamiento-de-pamplona-renovara-la-cubierta-de-la-pista-polideportiva-central-del-patio-que-comparten-los-colegios-publicos-mendigoiti-y-el-lago-en-mendillorri\/\" \/>\n<meta property=\"og:site_name\" content=\"La Gu\u00eda de Pamplona\" \/>\n<meta property=\"article:publisher\" content=\"https:\/\/www.facebook.com\/laguiadepamplonacom-133175176762273\/?ref=hl\" \/>\n<meta property=\"article:published_time\" content=\"2022-03-23T11:29:21+00:00\" \/>\n<meta property=\"article:modified_time\" content=\"2023-04-11T09:48:23+00:00\" \/>\n<meta property=\"og:image\" content=\"https:\/\/www.laguiadepamplona.com\/actualidad\/wp-content\/uploads\/2022\/03\/22.03.21_pista_cubierta_mendigoiti.jpg\" \/>\n\t<meta property=\"og:image:width\" content=\"1232\" \/>\n\t<meta property=\"og:image:height\" content=\"794\" \/>\n\t<meta property=\"og:image:type\" content=\"image\/jpeg\" \/>\n<meta name=\"author\" content=\"La Gu\u00eda de Pamplona\" \/>\n<meta name=\"twitter:card\" content=\"summary_large_image\" \/>\n<meta name=\"twitter:creator\" content=\"@LaGuiadPamplona\" \/>\n<meta name=\"twitter:site\" content=\"@LaGuiadPamplona\" \/>\n<meta name=\"twitter:label1\" content=\"Escrito por\" \/>\n\t<meta name=\"twitter:data1\" content=\"La Gu\u00eda de Pamplona\" \/>\n\t<meta name=\"twitter:label2\" content=\"Tiempo de lectura\" \/>\n\t<meta name=\"twitter:data2\" content=\"2 minutos\" \/>\n<script type=\"application\/ld+json\" class=\"yoast-schema-graph\">{\"@context\":\"https:\\\/\\\/schema.org\",\"@graph\":[{\"@type\":\"Article\",\"@id\":\"https:\\\/\\\/www.laguiadepamplona.com\\\/actualidad\\\/el-ayuntamiento-de-pamplona-renovara-la-cubierta-de-la-pista-polideportiva-central-del-patio-que-comparten-los-colegios-publicos-mendigoiti-y-el-lago-en-mendillorri\\\/#article\",\"isPartOf\":{\"@id\":\"https:\\\/\\\/www.laguiadepamplona.com\\\/actualidad\\\/el-ayuntamiento-de-pamplona-renovara-la-cubierta-de-la-pista-polideportiva-central-del-patio-que-comparten-los-colegios-publicos-mendigoiti-y-el-lago-en-mendillorri\\\/\"},\"author\":{\"name\":\"La Gu\u00eda de Pamplona\",\"@id\":\"https:\\\/\\\/www.laguiadepamplona.com\\\/actualidad\\\/#\\\/schema\\\/person\\\/efe887376f0213d4657c93adc50b1fdb\"},\"headline\":\"El Ayuntamiento de Pamplona renovar\u00e1 la cubierta de la pista polideportiva central del patio que comparten los colegios p\u00fablicos Mendigoiti y El Lago en Mendillorri\",\"datePublished\":\"2022-03-23T11:29:21+00:00\",\"dateModified\":\"2023-04-11T09:48:23+00:00\",\"mainEntityOfPage\":{\"@id\":\"https:\\\/\\\/www.laguiadepamplona.com\\\/actualidad\\\/el-ayuntamiento-de-pamplona-renovara-la-cubierta-de-la-pista-polideportiva-central-del-patio-que-comparten-los-colegios-publicos-mendigoiti-y-el-lago-en-mendillorri\\\/\"},\"wordCount\":464,\"commentCount\":0,\"publisher\":{\"@id\":\"https:\\\/\\\/www.laguiadepamplona.com\\\/actualidad\\\/#organization\"},\"image\":{\"@id\":\"https:\\\/\\\/www.laguiadepamplona.com\\\/actualidad\\\/el-ayuntamiento-de-pamplona-renovara-la-cubierta-de-la-pista-polideportiva-central-del-patio-que-comparten-los-colegios-publicos-mendigoiti-y-el-lago-en-mendillorri\\\/#primaryimage\"},\"thumbnailUrl\":\"https:\\\/\\\/www.laguiadepamplona.com\\\/actualidad\\\/wp-content\\\/uploads\\\/2022\\\/03\\\/22.03.21_pista_cubierta_mendigoiti.jpg\",\"articleSection\":[\"Ayto Pamplona\"],\"inLanguage\":\"es\",\"potentialAction\":[{\"@type\":\"CommentAction\",\"name\":\"Comment\",\"target\":[\"https:\\\/\\\/www.laguiadepamplona.com\\\/actualidad\\\/el-ayuntamiento-de-pamplona-renovara-la-cubierta-de-la-pista-polideportiva-central-del-patio-que-comparten-los-colegios-publicos-mendigoiti-y-el-lago-en-mendillorri\\\/#respond\"]}]},{\"@type\":\"WebPage\",\"@id\":\"https:\\\/\\\/www.laguiadepamplona.com\\\/actualidad\\\/el-ayuntamiento-de-pamplona-renovara-la-cubierta-de-la-pista-polideportiva-central-del-patio-que-comparten-los-colegios-publicos-mendigoiti-y-el-lago-en-mendillorri\\\/\",\"url\":\"https:\\\/\\\/www.laguiadepamplona.com\\\/actualidad\\\/el-ayuntamiento-de-pamplona-renovara-la-cubierta-de-la-pista-polideportiva-central-del-patio-que-comparten-los-colegios-publicos-mendigoiti-y-el-lago-en-mendillorri\\\/\",\"name\":\"El Ayuntamiento de Pamplona renovar\u00e1 la cubierta de la pista polideportiva central del patio que comparten los colegios p\u00fablicos Mendigoiti y El Lago en Mendillorri\",\"isPartOf\":{\"@id\":\"https:\\\/\\\/www.laguiadepamplona.com\\\/actualidad\\\/#website\"},\"primaryImageOfPage\":{\"@id\":\"https:\\\/\\\/www.laguiadepamplona.com\\\/actualidad\\\/el-ayuntamiento-de-pamplona-renovara-la-cubierta-de-la-pista-polideportiva-central-del-patio-que-comparten-los-colegios-publicos-mendigoiti-y-el-lago-en-mendillorri\\\/#primaryimage\"},\"image\":{\"@id\":\"https:\\\/\\\/www.laguiadepamplona.com\\\/actualidad\\\/el-ayuntamiento-de-pamplona-renovara-la-cubierta-de-la-pista-polideportiva-central-del-patio-que-comparten-los-colegios-publicos-mendigoiti-y-el-lago-en-mendillorri\\\/#primaryimage\"},\"thumbnailUrl\":\"https:\\\/\\\/www.laguiadepamplona.com\\\/actualidad\\\/wp-content\\\/uploads\\\/2022\\\/03\\\/22.03.21_pista_cubierta_mendigoiti.jpg\",\"datePublished\":\"2022-03-23T11:29:21+00:00\",\"dateModified\":\"2023-04-11T09:48:23+00:00\",\"description\":\"Las obras se ejecutar\u00e1n durante los dos meses de verano y cuentan con un presupuesto de licitaci\u00f3n de 306.453,70 euros\",\"breadcrumb\":{\"@id\":\"https:\\\/\\\/www.laguiadepamplona.com\\\/actualidad\\\/el-ayuntamiento-de-pamplona-renovara-la-cubierta-de-la-pista-polideportiva-central-del-patio-que-comparten-los-colegios-publicos-mendigoiti-y-el-lago-en-mendillorri\\\/#breadcrumb\"},\"inLanguage\":\"es\",\"potentialAction\":[{\"@type\":\"ReadAction\",\"target\":[\"https:\\\/\\\/www.laguiadepamplona.com\\\/actualidad\\\/el-ayuntamiento-de-pamplona-renovara-la-cubierta-de-la-pista-polideportiva-central-del-patio-que-comparten-los-colegios-publicos-mendigoiti-y-el-lago-en-mendillorri\\\/\"]}]},{\"@type\":\"ImageObject\",\"inLanguage\":\"es\",\"@id\":\"https:\\\/\\\/www.laguiadepamplona.com\\\/actualidad\\\/el-ayuntamiento-de-pamplona-renovara-la-cubierta-de-la-pista-polideportiva-central-del-patio-que-comparten-los-colegios-publicos-mendigoiti-y-el-lago-en-mendillorri\\\/#primaryimage\",\"url\":\"https:\\\/\\\/www.laguiadepamplona.com\\\/actualidad\\\/wp-content\\\/uploads\\\/2022\\\/03\\\/22.03.21_pista_cubierta_mendigoiti.jpg\",\"contentUrl\":\"https:\\\/\\\/www.laguiadepamplona.com\\\/actualidad\\\/wp-content\\\/uploads\\\/2022\\\/03\\\/22.03.21_pista_cubierta_mendigoiti.jpg\",\"width\":1232,\"height\":794},{\"@type\":\"BreadcrumbList\",\"@id\":\"https:\\\/\\\/www.laguiadepamplona.com\\\/actualidad\\\/el-ayuntamiento-de-pamplona-renovara-la-cubierta-de-la-pista-polideportiva-central-del-patio-que-comparten-los-colegios-publicos-mendigoiti-y-el-lago-en-mendillorri\\\/#breadcrumb\",\"itemListElement\":[{\"@type\":\"ListItem\",\"position\":1,\"name\":\"Portada\",\"item\":\"https:\\\/\\\/www.laguiadepamplona.com\\\/actualidad\\\/\"},{\"@type\":\"ListItem\",\"position\":2,\"name\":\"El Ayuntamiento de Pamplona renovar\u00e1 la cubierta de la pista polideportiva central del patio que comparten los colegios p\u00fablicos Mendigoiti y El Lago en Mendillorri\"}]},{\"@type\":\"WebSite\",\"@id\":\"https:\\\/\\\/www.laguiadepamplona.com\\\/actualidad\\\/#website\",\"url\":\"https:\\\/\\\/www.laguiadepamplona.com\\\/actualidad\\\/\",\"name\":\"La gu\u00eda de Pamplona\",\"description\":\"Noticias de Pamplona\",\"publisher\":{\"@id\":\"https:\\\/\\\/www.laguiadepamplona.com\\\/actualidad\\\/#organization\"},\"potentialAction\":[{\"@type\":\"SearchAction\",\"target\":{\"@type\":\"EntryPoint\",\"urlTemplate\":\"https:\\\/\\\/www.laguiadepamplona.com\\\/actualidad\\\/?s={search_term_string}\"},\"query-input\":{\"@type\":\"PropertyValueSpecification\",\"valueRequired\":true,\"valueName\":\"search_term_string\"}}],\"inLanguage\":\"es\"},{\"@type\":\"Organization\",\"@id\":\"https:\\\/\\\/www.laguiadepamplona.com\\\/actualidad\\\/#organization\",\"name\":\"La Gu\u00eda de Pamplona \\\/ Noticias\",\"url\":\"https:\\\/\\\/www.laguiadepamplona.com\\\/actualidad\\\/\",\"logo\":{\"@type\":\"ImageObject\",\"inLanguage\":\"es\",\"@id\":\"https:\\\/\\\/www.laguiadepamplona.com\\\/actualidad\\\/#\\\/schema\\\/logo\\\/image\\\/\",\"url\":\"https:\\\/\\\/www.laguiadepamplona.com\\\/actualidad\\\/wp-content\\\/uploads\\\/2018\\\/11\\\/logo-laguiadepamplona18-web1.png\",\"contentUrl\":\"https:\\\/\\\/www.laguiadepamplona.com\\\/actualidad\\\/wp-content\\\/uploads\\\/2018\\\/11\\\/logo-laguiadepamplona18-web1.png\",\"width\":600,\"height\":196,\"caption\":\"La Gu\u00eda de Pamplona \\\/ Noticias\"},\"image\":{\"@id\":\"https:\\\/\\\/www.laguiadepamplona.com\\\/actualidad\\\/#\\\/schema\\\/logo\\\/image\\\/\"},\"sameAs\":[\"https:\\\/\\\/www.facebook.com\\\/laguiadepamplonacom-133175176762273\\\/?ref=hl\",\"https:\\\/\\\/x.com\\\/LaGuiadPamplona\",\"https:\\\/\\\/www.instagram.com\\\/la_guia_de_pamplona\\\/\",\"https:\\\/\\\/www.youtube.com\\\/user\\\/laguiadepamplona\"]},{\"@type\":\"Person\",\"@id\":\"https:\\\/\\\/www.laguiadepamplona.com\\\/actualidad\\\/#\\\/schema\\\/person\\\/efe887376f0213d4657c93adc50b1fdb\",\"name\":\"La Gu\u00eda de Pamplona\",\"image\":{\"@type\":\"ImageObject\",\"inLanguage\":\"es\",\"@id\":\"https:\\\/\\\/secure.gravatar.com\\\/avatar\\\/b6992f131dc8d30ab0dff15446e9d346d9dbd95992de0fef795073f5ea83a81c?s=96&d=mm&r=g\",\"url\":\"https:\\\/\\\/secure.gravatar.com\\\/avatar\\\/b6992f131dc8d30ab0dff15446e9d346d9dbd95992de0fef795073f5ea83a81c?s=96&d=mm&r=g\",\"contentUrl\":\"https:\\\/\\\/secure.gravatar.com\\\/avatar\\\/b6992f131dc8d30ab0dff15446e9d346d9dbd95992de0fef795073f5ea83a81c?s=96&d=mm&r=g\",\"caption\":\"La Gu\u00eda de Pamplona\"}}]}<\/script>\n<!-- \/ Yoast SEO plugin. -->","yoast_head_json":{"title":"El Ayuntamiento de Pamplona renovar\u00e1 la cubierta de la pista polideportiva central del patio que comparten los colegios p\u00fablicos Mendigoiti y El Lago en Mendillorri","description":"Las obras se ejecutar\u00e1n durante los dos meses de verano y cuentan con un presupuesto de licitaci\u00f3n de 306.453,70 euros","robots":{"index":"index","follow":"follow","max-snippet":"max-snippet:-1","max-image-preview":"max-image-preview:large","max-video-preview":"max-video-preview:-1"},"canonical":"https:\/\/www.laguiadepamplona.com\/actualidad\/el-ayuntamiento-de-pamplona-renovara-la-cubierta-de-la-pista-polideportiva-central-del-patio-que-comparten-los-colegios-publicos-mendigoiti-y-el-lago-en-mendillorri\/","og_locale":"es_ES","og_type":"article","og_title":"El Ayuntamiento de Pamplona renovar\u00e1 la cubierta de la pista polideportiva central del patio que comparten los colegios p\u00fablicos Mendigoiti y El Lago en Mendillorri","og_description":"Las obras se ejecutar\u00e1n durante los dos meses de verano y cuentan con un presupuesto de licitaci\u00f3n de 306.453,70 euros","og_url":"https:\/\/www.laguiadepamplona.com\/actualidad\/el-ayuntamiento-de-pamplona-renovara-la-cubierta-de-la-pista-polideportiva-central-del-patio-que-comparten-los-colegios-publicos-mendigoiti-y-el-lago-en-mendillorri\/","og_site_name":"La Gu\u00eda de Pamplona","article_publisher":"https:\/\/www.facebook.com\/laguiadepamplonacom-133175176762273\/?ref=hl","article_published_time":"2022-03-23T11:29:21+00:00","article_modified_time":"2023-04-11T09:48:23+00:00","og_image":[{"width":1232,"height":794,"url":"https:\/\/www.laguiadepamplona.com\/actualidad\/wp-content\/uploads\/2022\/03\/22.03.21_pista_cubierta_mendigoiti.jpg","type":"image\/jpeg"}],"author":"La Gu\u00eda de Pamplona","twitter_card":"summary_large_image","twitter_creator":"@LaGuiadPamplona","twitter_site":"@LaGuiadPamplona","twitter_misc":{"Escrito por":"La Gu\u00eda de Pamplona","Tiempo de lectura":"2 minutos"},"schema":{"@context":"https:\/\/schema.org","@graph":[{"@type":"Article","@id":"https:\/\/www.laguiadepamplona.com\/actualidad\/el-ayuntamiento-de-pamplona-renovara-la-cubierta-de-la-pista-polideportiva-central-del-patio-que-comparten-los-colegios-publicos-mendigoiti-y-el-lago-en-mendillorri\/#article","isPartOf":{"@id":"https:\/\/www.laguiadepamplona.com\/actualidad\/el-ayuntamiento-de-pamplona-renovara-la-cubierta-de-la-pista-polideportiva-central-del-patio-que-comparten-los-colegios-publicos-mendigoiti-y-el-lago-en-mendillorri\/"},"author":{"name":"La Gu\u00eda de Pamplona","@id":"https:\/\/www.laguiadepamplona.com\/actualidad\/#\/schema\/person\/efe887376f0213d4657c93adc50b1fdb"},"headline":"El Ayuntamiento de Pamplona renovar\u00e1 la cubierta de la pista polideportiva central del patio que comparten los colegios p\u00fablicos Mendigoiti y El Lago en Mendillorri","datePublished":"2022-03-23T11:29:21+00:00","dateModified":"2023-04-11T09:48:23+00:00","mainEntityOfPage":{"@id":"https:\/\/www.laguiadepamplona.com\/actualidad\/el-ayuntamiento-de-pamplona-renovara-la-cubierta-de-la-pista-polideportiva-central-del-patio-que-comparten-los-colegios-publicos-mendigoiti-y-el-lago-en-mendillorri\/"},"wordCount":464,"commentCount":0,"publisher":{"@id":"https:\/\/www.laguiadepamplona.com\/actualidad\/#organization"},"image":{"@id":"https:\/\/www.laguiadepamplona.com\/actualidad\/el-ayuntamiento-de-pamplona-renovara-la-cubierta-de-la-pista-polideportiva-central-del-patio-que-comparten-los-colegios-publicos-mendigoiti-y-el-lago-en-mendillorri\/#primaryimage"},"thumbnailUrl":"https:\/\/www.laguiadepamplona.com\/actualidad\/wp-content\/uploads\/2022\/03\/22.03.21_pista_cubierta_mendigoiti.jpg","articleSection":["Ayto Pamplona"],"inLanguage":"es","potentialAction":[{"@type":"CommentAction","name":"Comment","target":["https:\/\/www.laguiadepamplona.com\/actualidad\/el-ayuntamiento-de-pamplona-renovara-la-cubierta-de-la-pista-polideportiva-central-del-patio-que-comparten-los-colegios-publicos-mendigoiti-y-el-lago-en-mendillorri\/#respond"]}]},{"@type":"WebPage","@id":"https:\/\/www.laguiadepamplona.com\/actualidad\/el-ayuntamiento-de-pamplona-renovara-la-cubierta-de-la-pista-polideportiva-central-del-patio-que-comparten-los-colegios-publicos-mendigoiti-y-el-lago-en-mendillorri\/","url":"https:\/\/www.laguiadepamplona.com\/actualidad\/el-ayuntamiento-de-pamplona-renovara-la-cubierta-de-la-pista-polideportiva-central-del-patio-que-comparten-los-colegios-publicos-mendigoiti-y-el-lago-en-mendillorri\/","name":"El Ayuntamiento de Pamplona renovar\u00e1 la cubierta de la pista polideportiva central del patio que comparten los colegios p\u00fablicos Mendigoiti y El Lago en Mendillorri","isPartOf":{"@id":"https:\/\/www.laguiadepamplona.com\/actualidad\/#website"},"primaryImageOfPage":{"@id":"https:\/\/www.laguiadepamplona.com\/actualidad\/el-ayuntamiento-de-pamplona-renovara-la-cubierta-de-la-pista-polideportiva-central-del-patio-que-comparten-los-colegios-publicos-mendigoiti-y-el-lago-en-mendillorri\/#primaryimage"},"image":{"@id":"https:\/\/www.laguiadepamplona.com\/actualidad\/el-ayuntamiento-de-pamplona-renovara-la-cubierta-de-la-pista-polideportiva-central-del-patio-que-comparten-los-colegios-publicos-mendigoiti-y-el-lago-en-mendillorri\/#primaryimage"},"thumbnailUrl":"https:\/\/www.laguiadepamplona.com\/actualidad\/wp-content\/uploads\/2022\/03\/22.03.21_pista_cubierta_mendigoiti.jpg","datePublished":"2022-03-23T11:29:21+00:00","dateModified":"2023-04-11T09:48:23+00:00","description":"Las obras se ejecutar\u00e1n durante los dos meses de verano y cuentan con un presupuesto de licitaci\u00f3n de 306.453,70 euros","breadcrumb":{"@id":"https:\/\/www.laguiadepamplona.com\/actualidad\/el-ayuntamiento-de-pamplona-renovara-la-cubierta-de-la-pista-polideportiva-central-del-patio-que-comparten-los-colegios-publicos-mendigoiti-y-el-lago-en-mendillorri\/#breadcrumb"},"inLanguage":"es","potentialAction":[{"@type":"ReadAction","target":["https:\/\/www.laguiadepamplona.com\/actualidad\/el-ayuntamiento-de-pamplona-renovara-la-cubierta-de-la-pista-polideportiva-central-del-patio-que-comparten-los-colegios-publicos-mendigoiti-y-el-lago-en-mendillorri\/"]}]},{"@type":"ImageObject","inLanguage":"es","@id":"https:\/\/www.laguiadepamplona.com\/actualidad\/el-ayuntamiento-de-pamplona-renovara-la-cubierta-de-la-pista-polideportiva-central-del-patio-que-comparten-los-colegios-publicos-mendigoiti-y-el-lago-en-mendillorri\/#primaryimage","url":"https:\/\/www.laguiadepamplona.com\/actualidad\/wp-content\/uploads\/2022\/03\/22.03.21_pista_cubierta_mendigoiti.jpg","contentUrl":"https:\/\/www.laguiadepamplona.com\/actualidad\/wp-content\/uploads\/2022\/03\/22.03.21_pista_cubierta_mendigoiti.jpg","width":1232,"height":794},{"@type":"BreadcrumbList","@id":"https:\/\/www.laguiadepamplona.com\/actualidad\/el-ayuntamiento-de-pamplona-renovara-la-cubierta-de-la-pista-polideportiva-central-del-patio-que-comparten-los-colegios-publicos-mendigoiti-y-el-lago-en-mendillorri\/#breadcrumb","itemListElement":[{"@type":"ListItem","position":1,"name":"Portada","item":"https:\/\/www.laguiadepamplona.com\/actualidad\/"},{"@type":"ListItem","position":2,"name":"El Ayuntamiento de Pamplona renovar\u00e1 la cubierta de la pista polideportiva central del patio que comparten los colegios p\u00fablicos Mendigoiti y El Lago en Mendillorri"}]},{"@type":"WebSite","@id":"https:\/\/www.laguiadepamplona.com\/actualidad\/#website","url":"https:\/\/www.laguiadepamplona.com\/actualidad\/","name":"La gu\u00eda de Pamplona","description":"Noticias de Pamplona","publisher":{"@id":"https:\/\/www.laguiadepamplona.com\/actualidad\/#organization"},"potentialAction":[{"@type":"SearchAction","target":{"@type":"EntryPoint","urlTemplate":"https:\/\/www.laguiadepamplona.com\/actualidad\/?s={search_term_string}"},"query-input":{"@type":"PropertyValueSpecification","valueRequired":true,"valueName":"search_term_string"}}],"inLanguage":"es"},{"@type":"Organization","@id":"https:\/\/www.laguiadepamplona.com\/actualidad\/#organization","name":"La Gu\u00eda de Pamplona \/ Noticias","url":"https:\/\/www.laguiadepamplona.com\/actualidad\/","logo":{"@type":"ImageObject","inLanguage":"es","@id":"https:\/\/www.laguiadepamplona.com\/actualidad\/#\/schema\/logo\/image\/","url":"https:\/\/www.laguiadepamplona.com\/actualidad\/wp-content\/uploads\/2018\/11\/logo-laguiadepamplona18-web1.png","contentUrl":"https:\/\/www.laguiadepamplona.com\/actualidad\/wp-content\/uploads\/2018\/11\/logo-laguiadepamplona18-web1.png","width":600,"height":196,"caption":"La Gu\u00eda de Pamplona \/ Noticias"},"image":{"@id":"https:\/\/www.laguiadepamplona.com\/actualidad\/#\/schema\/logo\/image\/"},"sameAs":["https:\/\/www.facebook.com\/laguiadepamplonacom-133175176762273\/?ref=hl","https:\/\/x.com\/LaGuiadPamplona","https:\/\/www.instagram.com\/la_guia_de_pamplona\/","https:\/\/www.youtube.com\/user\/laguiadepamplona"]},{"@type":"Person","@id":"https:\/\/www.laguiadepamplona.com\/actualidad\/#\/schema\/person\/efe887376f0213d4657c93adc50b1fdb","name":"La Gu\u00eda de Pamplona","image":{"@type":"ImageObject","inLanguage":"es","@id":"https:\/\/secure.gravatar.com\/avatar\/b6992f131dc8d30ab0dff15446e9d346d9dbd95992de0fef795073f5ea83a81c?s=96&d=mm&r=g","url":"https:\/\/secure.gravatar.com\/avatar\/b6992f131dc8d30ab0dff15446e9d346d9dbd95992de0fef795073f5ea83a81c?s=96&d=mm&r=g","contentUrl":"https:\/\/secure.gravatar.com\/avatar\/b6992f131dc8d30ab0dff15446e9d346d9dbd95992de0fef795073f5ea83a81c?s=96&d=mm&r=g","caption":"La Gu\u00eda de Pamplona"}}]}},"post_mailing_queue_ids":[],"_links":{"self":[{"href":"https:\/\/www.laguiadepamplona.com\/actualidad\/wp-json\/wp\/v2\/posts\/39607","targetHints":{"allow":["GET"]}}],"collection":[{"href":"https:\/\/www.laguiadepamplona.com\/actualidad\/wp-json\/wp\/v2\/posts"}],"about":[{"href":"https:\/\/www.laguiadepamplona.com\/actualidad\/wp-json\/wp\/v2\/types\/post"}],"author":[{"embeddable":true,"href":"https:\/\/www.laguiadepamplona.com\/actualidad\/wp-json\/wp\/v2\/users\/1"}],"replies":[{"embeddable":true,"href":"https:\/\/www.laguiadepamplona.com\/actualidad\/wp-json\/wp\/v2\/comments?post=39607"}],"version-history":[{"count":0,"href":"https:\/\/www.laguiadepamplona.com\/actualidad\/wp-json\/wp\/v2\/posts\/39607\/revisions"}],"wp:featuredmedia":[{"embeddable":true,"href":"https:\/\/www.laguiadepamplona.com\/actualidad\/wp-json\/wp\/v2\/media\/39608"}],"wp:attachment":[{"href":"https:\/\/www.laguiadepamplona.com\/actualidad\/wp-json\/wp\/v2\/media?parent=39607"}],"wp:term":[{"taxonomy":"category","embeddable":true,"href":"https:\/\/www.laguiadepamplona.com\/actualidad\/wp-json\/wp\/v2\/categories?post=39607"},{"taxonomy":"post_tag","embeddable":true,"href":"https:\/\/www.laguiadepamplona.com\/actualidad\/wp-json\/wp\/v2\/tags?post=39607"}],"curies":[{"name":"wp","href":"https:\/\/api.w.org\/{rel}","templated":true}]}}